{"id":995,"date":"2018-02-05T11:50:57","date_gmt":"2018-02-05T10:50:57","guid":{"rendered":"https:\/\/biblioteca.blanes.cat\/salajove\/?p=995"},"modified":"2018-11-09T18:54:17","modified_gmt":"2018-11-09T17:54:17","slug":"hachiko","status":"publish","type":"post","link":"https:\/\/biblioteca.blanes.cat\/salajove\/2018\/02\/05\/hachiko\/","title":{"rendered":"CLJ: Gener 2018"},"content":{"rendered":"<h2 style=\"text-align: center;\">Es un llibre interessant, trist i diferent.<\/h2>\n<p style=\"text-align: justify;\">El passat mes de gener vam haver de posposar la trobada del club de lectura per raons alienes a la biblioteca. Per\u00f2 ens vam poder trobar la setmana passada per comentar el llibre<a href=\"https:\/\/biblioteca.blanes.cat\/salajove\/2018\/01\/12\/clj-hachiko-gos-que-esperava\/\" target=\"_blank\" rel=\"noopener\"><strong> Hachiko. El gos que esperava<\/strong> de <em>Lluis Prats<\/em><\/a>.<\/p>\n<p style=\"text-align: justify;\">Aquest llibre va agradar molt a tots els participants del club essent el primer cop que, per unanimitat, estan d&#8217;acord. Els ha agradat el llibre perqu\u00e8 l&#8217;han trobat interessant, trist, diferent i a l&#8217;hora de la lectura se&#8217;ls ha fet curt.<\/p>\n<p style=\"text-align: justify;\">El comentari va donar molt de si.\u00a0 Vam poder parlar d&#8217;altres temes derivats de la lectura com ara la mort, Jap\u00f3 i les seves peculiaritats. No em pregunteu com, per\u00f2 vam acabar parlant de <em>Lobezno<\/em>, <em>Aironman<\/em> i altres superherois. Tamb\u00e9 vam veure el trailer de l&#8217;adaptaci\u00f3 de la pel\u00b7l\u00edcula del 2009 sobre la vida de Hachiko, la qual est\u00e0 basada en fets reals al igual que el llibre. Per qui no ho s\u00e0piga, Hachiko va ser un gos de ra\u00e7a Akita que va viure al Jap\u00f3 del 1923 al 1935, i que avui en dia hi t\u00e9 una est\u00e0tua dedicada a la porta de l&#8217;estaci\u00f3 Shibuya, de Tokio. Tamb\u00e9 hi ha un monument junt a la tomba del seu amo al cementiri de Aoyama.<\/p>\n<h1 class=\"header-post-title-class\"><img fetchpriority=\"high\" decoding=\"async\" class=\"aligncenter\" src=\"https:\/\/3.bp.blogspot.com\/-ksZC_4ywW7Y\/VbE4_-jotYI\/AAAAAAABdKU\/zy9cfbSLlMA\/s1600\/Hachiko%2BEl%2Bperro%2Bm%25C3%25A1s%2Bleal%2Bde%2Bla%2Bhistoria%2B%25286%2529.jpg\" alt=\"Hachiko\" width=\"406\" height=\"406\" \/>\u00a0<\/h1>\n<h3>Els nois i noies del club, que es van quedar sense paraules, han dit:<\/h3>\n<blockquote style=\"background-color: #ecf9ec;\">\n<p>&nbsp;<\/p>\n<p style=\"text-align: center;\">&#8211; Emocionante<\/p>\n<p style=\"text-align: center;\">-Good. Me ha gustado<\/p>\n<p style=\"text-align: center;\">-Molt curt<\/p>\n<p style=\"text-align: center;\">&#8211; La pel\u00edcula de amor en la vida<\/p>\n<p>&nbsp;<\/p>\n<\/blockquote>\n<h2><a href=\"https:\/\/biblioteca.blanes.cat\/salajove\/club-lectura-jove\/\" target=\"_blank\" rel=\"noopener\"><img decoding=\"async\" class=\"aligncenter wp-image-560 size-large\" src=\"https:\/\/biblioteca.blanes.cat\/salajove\/wp-content\/uploads\/sites\/3\/2017\/12\/Slide-Club-de-Lectura-1024x124.png\" alt=\"Club de Lectura Jove\" width=\"750\" height=\"91\" srcset=\"https:\/\/biblioteca.blanes.cat\/salajove\/wp-content\/uploads\/sites\/3\/2017\/12\/Slide-Club-de-Lectura-1024x124.png 1024w, https:\/\/biblioteca.blanes.cat\/salajove\/wp-content\/uploads\/sites\/3\/2017\/12\/Slide-Club-de-Lectura-300x36.png 300w, https:\/\/biblioteca.blanes.cat\/salajove\/wp-content\/uploads\/sites\/3\/2017\/12\/Slide-Club-de-Lectura-768x93.png 768w\" sizes=\"(max-width: 750px) 100vw, 750px\" \/><\/a><\/h2>\n","protected":false},"excerpt":{"rendered":"<p>Es un llibre interessant, trist i diferent. El passat mes de gener vam haver de posposar la trobada del club de lectura per raons alienes a la biblioteca. Per\u00f2 ens vam poder trobar la setmana passada per comentar el llibre<\/p>\n","protected":false},"author":4,"featured_media":291,"comment_status":"open","ping_status":"open","sticky":false,"template":"","format":"standard","meta":{"sfsi_plus_gutenberg_text_before_share":"","sfsi_plus_gutenberg_show_text_before_share":"","sfsi_plus_gutenberg_icon_type":"","sfsi_plus_gutenberg_icon_alignemt":"","sfsi_plus_gutenburg_max_per_row":"","footnotes":""},"categories":[5],"tags":[24,34,29,19,22],"class_list":["post-995","post","type-post","status-publish","format-standard","has-post-thumbnail","hentry","category-club-de-lectura","tag-activitats","tag-blog-de-lectura","tag-club-de-lectura","tag-literatura","tag-ressenya"],"yoast_head":"<!-- This site is optimized with the Yoast SEO plugin v27.5 - https:\/\/yoast.com\/product\/yoast-seo-wordpress\/ -->\n<title>Aquest mes al CLJ: Hachiko. El gos que esperava, de Lluis Prats<\/title>\n<meta name=\"description\" content=\"Aquest llibre va agradar molt a tots els participants del club perqu\u00e8 l&#039;han trobat interessant, trist, diferent i a l&#039;hora de la lectura se&#039;ls ha fet curt.\" \/>\n<meta name=\"robots\" content=\"index, follow, max-snippet:-1, max-image-preview:large, max-video-preview:-1\" \/>\n<link rel=\"canonical\" href=\"https:\/\/biblioteca.blanes.cat\/salajove\/2018\/02\/05\/hachiko\/\" \/>\n<meta property=\"og:locale\" content=\"ca_ES\" \/>\n<meta property=\"og:type\" content=\"article\" \/>\n<meta property=\"og:title\" content=\"Aquest mes al CLJ: Hachiko. El gos que esperava, de Lluis Prats\" \/>\n<meta property=\"og:description\" content=\"Aquest llibre va agradar molt a tots els participants del club perqu\u00e8 l&#039;han trobat interessant, trist, diferent i a l&#039;hora de la lectura se&#039;ls ha fet curt.\" \/>\n<meta property=\"og:url\" content=\"https:\/\/biblioteca.blanes.cat\/salajove\/2018\/02\/05\/hachiko\/\" \/>\n<meta property=\"og:site_name\" content=\"Sala Jove\" \/>\n<meta property=\"article:publisher\" content=\"https:\/\/www.facebook.com\/BilbiotecaComarcaldeBlanes\/\" \/>\n<meta property=\"article:published_time\" content=\"2018-02-05T10:50:57+00:00\" \/>\n<meta property=\"article:modified_time\" content=\"2018-11-09T17:54:17+00:00\" \/>\n<meta property=\"og:image\" content=\"https:\/\/biblioteca.blanes.cat\/salajove\/wp-content\/uploads\/sites\/3\/2017\/10\/CLJ.png\" \/>\n\t<meta property=\"og:image:width\" content=\"1487\" \/>\n\t<meta property=\"og:image:height\" content=\"906\" \/>\n\t<meta property=\"og:image:type\" content=\"image\/png\" \/>\n<meta name=\"author\" content=\"biblioblanes\" \/>\n<meta name=\"twitter:card\" content=\"summary_large_image\" \/>\n<meta name=\"twitter:creator\" content=\"@biblioblanes\" \/>\n<meta name=\"twitter:site\" content=\"@BiblioBlanes\" \/>\n<meta name=\"twitter:label1\" content=\"Escrit per\" \/>\n\t<meta name=\"twitter:data1\" content=\"biblioblanes\" \/>\n\t<meta name=\"twitter:label2\" content=\"Temps estimat de lectura\" \/>\n\t<meta name=\"twitter:data2\" content=\"1 minut\" \/>\n<script type=\"application\/ld+json\" class=\"yoast-schema-graph\">{\"@context\":\"https:\\\/\\\/schema.org\",\"@graph\":[{\"@type\":\"Article\",\"@id\":\"https:\\\/\\\/biblioteca.blanes.cat\\\/salajove\\\/2018\\\/02\\\/05\\\/hachiko\\\/#article\",\"isPartOf\":{\"@id\":\"https:\\\/\\\/biblioteca.blanes.cat\\\/salajove\\\/2018\\\/02\\\/05\\\/hachiko\\\/\"},\"author\":{\"name\":\"biblioblanes\",\"@id\":\"https:\\\/\\\/biblioteca.blanes.cat\\\/salajove\\\/#\\\/schema\\\/person\\\/5a7b46760d9dd611d098bbf571a341dc\"},\"headline\":\"CLJ: Gener 2018\",\"datePublished\":\"2018-02-05T10:50:57+00:00\",\"dateModified\":\"2018-11-09T17:54:17+00:00\",\"mainEntityOfPage\":{\"@id\":\"https:\\\/\\\/biblioteca.blanes.cat\\\/salajove\\\/2018\\\/02\\\/05\\\/hachiko\\\/\"},\"wordCount\":257,\"commentCount\":0,\"publisher\":{\"@id\":\"https:\\\/\\\/biblioteca.blanes.cat\\\/salajove\\\/#organization\"},\"image\":{\"@id\":\"https:\\\/\\\/biblioteca.blanes.cat\\\/salajove\\\/2018\\\/02\\\/05\\\/hachiko\\\/#primaryimage\"},\"thumbnailUrl\":\"https:\\\/\\\/biblioteca.blanes.cat\\\/salajove\\\/wp-content\\\/uploads\\\/sites\\\/3\\\/2017\\\/10\\\/CLJ.png\",\"keywords\":[\"#Activitats\",\"#BlogdeLectura\",\"#ClubdeLectura\",\"#Literatura\",\"#Ressenya\"],\"articleSection\":[\"Club de Lectura\"],\"inLanguage\":\"ca\",\"potentialAction\":[{\"@type\":\"CommentAction\",\"name\":\"Comment\",\"target\":[\"https:\\\/\\\/biblioteca.blanes.cat\\\/salajove\\\/2018\\\/02\\\/05\\\/hachiko\\\/#respond\"]}]},{\"@type\":\"WebPage\",\"@id\":\"https:\\\/\\\/biblioteca.blanes.cat\\\/salajove\\\/2018\\\/02\\\/05\\\/hachiko\\\/\",\"url\":\"https:\\\/\\\/biblioteca.blanes.cat\\\/salajove\\\/2018\\\/02\\\/05\\\/hachiko\\\/\",\"name\":\"Aquest mes al CLJ: Hachiko. El gos que esperava, de Lluis Prats\",\"isPartOf\":{\"@id\":\"https:\\\/\\\/biblioteca.blanes.cat\\\/salajove\\\/#website\"},\"primaryImageOfPage\":{\"@id\":\"https:\\\/\\\/biblioteca.blanes.cat\\\/salajove\\\/2018\\\/02\\\/05\\\/hachiko\\\/#primaryimage\"},\"image\":{\"@id\":\"https:\\\/\\\/biblioteca.blanes.cat\\\/salajove\\\/2018\\\/02\\\/05\\\/hachiko\\\/#primaryimage\"},\"thumbnailUrl\":\"https:\\\/\\\/biblioteca.blanes.cat\\\/salajove\\\/wp-content\\\/uploads\\\/sites\\\/3\\\/2017\\\/10\\\/CLJ.png\",\"datePublished\":\"2018-02-05T10:50:57+00:00\",\"dateModified\":\"2018-11-09T17:54:17+00:00\",\"description\":\"Aquest llibre va agradar molt a tots els participants del club perqu\u00e8 l'han trobat interessant, trist, diferent i a l'hora de la lectura se'ls ha fet curt.\",\"breadcrumb\":{\"@id\":\"https:\\\/\\\/biblioteca.blanes.cat\\\/salajove\\\/2018\\\/02\\\/05\\\/hachiko\\\/#breadcrumb\"},\"inLanguage\":\"ca\",\"potentialAction\":[{\"@type\":\"ReadAction\",\"target\":[\"https:\\\/\\\/biblioteca.blanes.cat\\\/salajove\\\/2018\\\/02\\\/05\\\/hachiko\\\/\"]}]},{\"@type\":\"ImageObject\",\"inLanguage\":\"ca\",\"@id\":\"https:\\\/\\\/biblioteca.blanes.cat\\\/salajove\\\/2018\\\/02\\\/05\\\/hachiko\\\/#primaryimage\",\"url\":\"https:\\\/\\\/biblioteca.blanes.cat\\\/salajove\\\/wp-content\\\/uploads\\\/sites\\\/3\\\/2017\\\/10\\\/CLJ.png\",\"contentUrl\":\"https:\\\/\\\/biblioteca.blanes.cat\\\/salajove\\\/wp-content\\\/uploads\\\/sites\\\/3\\\/2017\\\/10\\\/CLJ.png\",\"width\":1487,\"height\":906},{\"@type\":\"BreadcrumbList\",\"@id\":\"https:\\\/\\\/biblioteca.blanes.cat\\\/salajove\\\/2018\\\/02\\\/05\\\/hachiko\\\/#breadcrumb\",\"itemListElement\":[{\"@type\":\"ListItem\",\"position\":1,\"name\":\"Inici\",\"item\":\"https:\\\/\\\/biblioteca.blanes.cat\\\/salajove\\\/\"},{\"@type\":\"ListItem\",\"position\":2,\"name\":\"CLJ: Gener 2018\"}]},{\"@type\":\"WebSite\",\"@id\":\"https:\\\/\\\/biblioteca.blanes.cat\\\/salajove\\\/#website\",\"url\":\"https:\\\/\\\/biblioteca.blanes.cat\\\/salajove\\\/\",\"name\":\"Sala Jove\",\"description\":\"Biblioteca Comarcal de Blanes\",\"publisher\":{\"@id\":\"https:\\\/\\\/biblioteca.blanes.cat\\\/salajove\\\/#organization\"},\"potentialAction\":[{\"@type\":\"SearchAction\",\"target\":{\"@type\":\"EntryPoint\",\"urlTemplate\":\"https:\\\/\\\/biblioteca.blanes.cat\\\/salajove\\\/?s={search_term_string}\"},\"query-input\":{\"@type\":\"PropertyValueSpecification\",\"valueRequired\":true,\"valueName\":\"search_term_string\"}}],\"inLanguage\":\"ca\"},{\"@type\":\"Organization\",\"@id\":\"https:\\\/\\\/biblioteca.blanes.cat\\\/salajove\\\/#organization\",\"name\":\"Biblioteca Comarcal de Blanes\",\"url\":\"https:\\\/\\\/biblioteca.blanes.cat\\\/salajove\\\/\",\"logo\":{\"@type\":\"ImageObject\",\"inLanguage\":\"ca\",\"@id\":\"https:\\\/\\\/biblioteca.blanes.cat\\\/salajove\\\/#\\\/schema\\\/logo\\\/image\\\/\",\"url\":\"https:\\\/\\\/biblioteca.blanes.cat\\\/salajove\\\/wp-content\\\/uploads\\\/sites\\\/3\\\/2017\\\/09\\\/cropped-Bib-blau-e1518869380535.png\",\"contentUrl\":\"https:\\\/\\\/biblioteca.blanes.cat\\\/salajove\\\/wp-content\\\/uploads\\\/sites\\\/3\\\/2017\\\/09\\\/cropped-Bib-blau-e1518869380535.png\",\"width\":166,\"height\":166,\"caption\":\"Biblioteca Comarcal de Blanes\"},\"image\":{\"@id\":\"https:\\\/\\\/biblioteca.blanes.cat\\\/salajove\\\/#\\\/schema\\\/logo\\\/image\\\/\"},\"sameAs\":[\"https:\\\/\\\/www.facebook.com\\\/BilbiotecaComarcaldeBlanes\\\/\",\"https:\\\/\\\/x.com\\\/BiblioBlanes\",\"https:\\\/\\\/www.instagram.com\\\/biblioblanes\\\/\",\"https:\\\/\\\/www.pinterest.es\\\/bblanes\\\/\",\"https:\\\/\\\/www.youtube.com\\\/c\\\/BibliotecaComarcalBlanes\"]},{\"@type\":\"Person\",\"@id\":\"https:\\\/\\\/biblioteca.blanes.cat\\\/salajove\\\/#\\\/schema\\\/person\\\/5a7b46760d9dd611d098bbf571a341dc\",\"name\":\"biblioblanes\",\"image\":{\"@type\":\"ImageObject\",\"inLanguage\":\"ca\",\"@id\":\"https:\\\/\\\/secure.gravatar.com\\\/avatar\\\/6593ca6cc90e5a70939f51c95e8315483b9c281bafba597292bee47992030f99?s=96&d=mm&r=g\",\"url\":\"https:\\\/\\\/secure.gravatar.com\\\/avatar\\\/6593ca6cc90e5a70939f51c95e8315483b9c281bafba597292bee47992030f99?s=96&d=mm&r=g\",\"contentUrl\":\"https:\\\/\\\/secure.gravatar.com\\\/avatar\\\/6593ca6cc90e5a70939f51c95e8315483b9c281bafba597292bee47992030f99?s=96&d=mm&r=g\",\"caption\":\"biblioblanes\"},\"sameAs\":[\"http:\\\/\\\/www.bibgirona.cat\\\/biblioteca\\\/blanes\",\"https:\\\/\\\/x.com\\\/biblioblanes\"],\"url\":\"https:\\\/\\\/biblioteca.blanes.cat\\\/salajove\\\/author\\\/biblioblanes\\\/\"}]}<\/script>\n<!-- \/ Yoast SEO plugin. -->","yoast_head_json":{"title":"Aquest mes al CLJ: Hachiko. El gos que esperava, de Lluis Prats","description":"Aquest llibre va agradar molt a tots els participants del club perqu\u00e8 l'han trobat interessant, trist, diferent i a l'hora de la lectura se'ls ha fet curt.","robots":{"index":"index","follow":"follow","max-snippet":"max-snippet:-1","max-image-preview":"max-image-preview:large","max-video-preview":"max-video-preview:-1"},"canonical":"https:\/\/biblioteca.blanes.cat\/salajove\/2018\/02\/05\/hachiko\/","og_locale":"ca_ES","og_type":"article","og_title":"Aquest mes al CLJ: Hachiko. El gos que esperava, de Lluis Prats","og_description":"Aquest llibre va agradar molt a tots els participants del club perqu\u00e8 l'han trobat interessant, trist, diferent i a l'hora de la lectura se'ls ha fet curt.","og_url":"https:\/\/biblioteca.blanes.cat\/salajove\/2018\/02\/05\/hachiko\/","og_site_name":"Sala Jove","article_publisher":"https:\/\/www.facebook.com\/BilbiotecaComarcaldeBlanes\/","article_published_time":"2018-02-05T10:50:57+00:00","article_modified_time":"2018-11-09T17:54:17+00:00","og_image":[{"width":1487,"height":906,"url":"https:\/\/biblioteca.blanes.cat\/salajove\/wp-content\/uploads\/sites\/3\/2017\/10\/CLJ.png","type":"image\/png"}],"author":"biblioblanes","twitter_card":"summary_large_image","twitter_creator":"@biblioblanes","twitter_site":"@BiblioBlanes","twitter_misc":{"Escrit per":"biblioblanes","Temps estimat de lectura":"1 minut"},"schema":{"@context":"https:\/\/schema.org","@graph":[{"@type":"Article","@id":"https:\/\/biblioteca.blanes.cat\/salajove\/2018\/02\/05\/hachiko\/#article","isPartOf":{"@id":"https:\/\/biblioteca.blanes.cat\/salajove\/2018\/02\/05\/hachiko\/"},"author":{"name":"biblioblanes","@id":"https:\/\/biblioteca.blanes.cat\/salajove\/#\/schema\/person\/5a7b46760d9dd611d098bbf571a341dc"},"headline":"CLJ: Gener 2018","datePublished":"2018-02-05T10:50:57+00:00","dateModified":"2018-11-09T17:54:17+00:00","mainEntityOfPage":{"@id":"https:\/\/biblioteca.blanes.cat\/salajove\/2018\/02\/05\/hachiko\/"},"wordCount":257,"commentCount":0,"publisher":{"@id":"https:\/\/biblioteca.blanes.cat\/salajove\/#organization"},"image":{"@id":"https:\/\/biblioteca.blanes.cat\/salajove\/2018\/02\/05\/hachiko\/#primaryimage"},"thumbnailUrl":"https:\/\/biblioteca.blanes.cat\/salajove\/wp-content\/uploads\/sites\/3\/2017\/10\/CLJ.png","keywords":["#Activitats","#BlogdeLectura","#ClubdeLectura","#Literatura","#Ressenya"],"articleSection":["Club de Lectura"],"inLanguage":"ca","potentialAction":[{"@type":"CommentAction","name":"Comment","target":["https:\/\/biblioteca.blanes.cat\/salajove\/2018\/02\/05\/hachiko\/#respond"]}]},{"@type":"WebPage","@id":"https:\/\/biblioteca.blanes.cat\/salajove\/2018\/02\/05\/hachiko\/","url":"https:\/\/biblioteca.blanes.cat\/salajove\/2018\/02\/05\/hachiko\/","name":"Aquest mes al CLJ: Hachiko. El gos que esperava, de Lluis Prats","isPartOf":{"@id":"https:\/\/biblioteca.blanes.cat\/salajove\/#website"},"primaryImageOfPage":{"@id":"https:\/\/biblioteca.blanes.cat\/salajove\/2018\/02\/05\/hachiko\/#primaryimage"},"image":{"@id":"https:\/\/biblioteca.blanes.cat\/salajove\/2018\/02\/05\/hachiko\/#primaryimage"},"thumbnailUrl":"https:\/\/biblioteca.blanes.cat\/salajove\/wp-content\/uploads\/sites\/3\/2017\/10\/CLJ.png","datePublished":"2018-02-05T10:50:57+00:00","dateModified":"2018-11-09T17:54:17+00:00","description":"Aquest llibre va agradar molt a tots els participants del club perqu\u00e8 l'han trobat interessant, trist, diferent i a l'hora de la lectura se'ls ha fet curt.","breadcrumb":{"@id":"https:\/\/biblioteca.blanes.cat\/salajove\/2018\/02\/05\/hachiko\/#breadcrumb"},"inLanguage":"ca","potentialAction":[{"@type":"ReadAction","target":["https:\/\/biblioteca.blanes.cat\/salajove\/2018\/02\/05\/hachiko\/"]}]},{"@type":"ImageObject","inLanguage":"ca","@id":"https:\/\/biblioteca.blanes.cat\/salajove\/2018\/02\/05\/hachiko\/#primaryimage","url":"https:\/\/biblioteca.blanes.cat\/salajove\/wp-content\/uploads\/sites\/3\/2017\/10\/CLJ.png","contentUrl":"https:\/\/biblioteca.blanes.cat\/salajove\/wp-content\/uploads\/sites\/3\/2017\/10\/CLJ.png","width":1487,"height":906},{"@type":"BreadcrumbList","@id":"https:\/\/biblioteca.blanes.cat\/salajove\/2018\/02\/05\/hachiko\/#breadcrumb","itemListElement":[{"@type":"ListItem","position":1,"name":"Inici","item":"https:\/\/biblioteca.blanes.cat\/salajove\/"},{"@type":"ListItem","position":2,"name":"CLJ: Gener 2018"}]},{"@type":"WebSite","@id":"https:\/\/biblioteca.blanes.cat\/salajove\/#website","url":"https:\/\/biblioteca.blanes.cat\/salajove\/","name":"Sala Jove","description":"Biblioteca Comarcal de Blanes","publisher":{"@id":"https:\/\/biblioteca.blanes.cat\/salajove\/#organization"},"potentialAction":[{"@type":"SearchAction","target":{"@type":"EntryPoint","urlTemplate":"https:\/\/biblioteca.blanes.cat\/salajove\/?s={search_term_string}"},"query-input":{"@type":"PropertyValueSpecification","valueRequired":true,"valueName":"search_term_string"}}],"inLanguage":"ca"},{"@type":"Organization","@id":"https:\/\/biblioteca.blanes.cat\/salajove\/#organization","name":"Biblioteca Comarcal de Blanes","url":"https:\/\/biblioteca.blanes.cat\/salajove\/","logo":{"@type":"ImageObject","inLanguage":"ca","@id":"https:\/\/biblioteca.blanes.cat\/salajove\/#\/schema\/logo\/image\/","url":"https:\/\/biblioteca.blanes.cat\/salajove\/wp-content\/uploads\/sites\/3\/2017\/09\/cropped-Bib-blau-e1518869380535.png","contentUrl":"https:\/\/biblioteca.blanes.cat\/salajove\/wp-content\/uploads\/sites\/3\/2017\/09\/cropped-Bib-blau-e1518869380535.png","width":166,"height":166,"caption":"Biblioteca Comarcal de Blanes"},"image":{"@id":"https:\/\/biblioteca.blanes.cat\/salajove\/#\/schema\/logo\/image\/"},"sameAs":["https:\/\/www.facebook.com\/BilbiotecaComarcaldeBlanes\/","https:\/\/x.com\/BiblioBlanes","https:\/\/www.instagram.com\/biblioblanes\/","https:\/\/www.pinterest.es\/bblanes\/","https:\/\/www.youtube.com\/c\/BibliotecaComarcalBlanes"]},{"@type":"Person","@id":"https:\/\/biblioteca.blanes.cat\/salajove\/#\/schema\/person\/5a7b46760d9dd611d098bbf571a341dc","name":"biblioblanes","image":{"@type":"ImageObject","inLanguage":"ca","@id":"https:\/\/secure.gravatar.com\/avatar\/6593ca6cc90e5a70939f51c95e8315483b9c281bafba597292bee47992030f99?s=96&d=mm&r=g","url":"https:\/\/secure.gravatar.com\/avatar\/6593ca6cc90e5a70939f51c95e8315483b9c281bafba597292bee47992030f99?s=96&d=mm&r=g","contentUrl":"https:\/\/secure.gravatar.com\/avatar\/6593ca6cc90e5a70939f51c95e8315483b9c281bafba597292bee47992030f99?s=96&d=mm&r=g","caption":"biblioblanes"},"sameAs":["http:\/\/www.bibgirona.cat\/biblioteca\/blanes","https:\/\/x.com\/biblioblanes"],"url":"https:\/\/biblioteca.blanes.cat\/salajove\/author\/biblioblanes\/"}]}},"_links":{"self":[{"href":"https:\/\/biblioteca.blanes.cat\/salajove\/wp-json\/wp\/v2\/posts\/995","targetHints":{"allow":["GET"]}}],"collection":[{"href":"https:\/\/biblioteca.blanes.cat\/salajove\/wp-json\/wp\/v2\/posts"}],"about":[{"href":"https:\/\/biblioteca.blanes.cat\/salajove\/wp-json\/wp\/v2\/types\/post"}],"author":[{"embeddable":true,"href":"https:\/\/biblioteca.blanes.cat\/salajove\/wp-json\/wp\/v2\/users\/4"}],"replies":[{"embeddable":true,"href":"https:\/\/biblioteca.blanes.cat\/salajove\/wp-json\/wp\/v2\/comments?post=995"}],"version-history":[{"count":7,"href":"https:\/\/biblioteca.blanes.cat\/salajove\/wp-json\/wp\/v2\/posts\/995\/revisions"}],"predecessor-version":[{"id":1002,"href":"https:\/\/biblioteca.blanes.cat\/salajove\/wp-json\/wp\/v2\/posts\/995\/revisions\/1002"}],"wp:featuredmedia":[{"embeddable":true,"href":"https:\/\/biblioteca.blanes.cat\/salajove\/wp-json\/wp\/v2\/media\/291"}],"wp:attachment":[{"href":"https:\/\/biblioteca.blanes.cat\/salajove\/wp-json\/wp\/v2\/media?parent=995"}],"wp:term":[{"taxonomy":"category","embeddable":true,"href":"https:\/\/biblioteca.blanes.cat\/salajove\/wp-json\/wp\/v2\/categories?post=995"},{"taxonomy":"post_tag","embeddable":true,"href":"https:\/\/biblioteca.blanes.cat\/salajove\/wp-json\/wp\/v2\/tags?post=995"}],"curies":[{"name":"wp","href":"https:\/\/api.w.org\/{rel}","templated":true}]}}