{"id":9932,"date":"2025-07-09T17:51:54","date_gmt":"2025-07-09T16:51:54","guid":{"rendered":"https:\/\/biblioteca.blanes.cat\/salajove\/?p=9932"},"modified":"2025-09-03T18:12:28","modified_gmt":"2025-09-03T17:12:28","slug":"biblioglacons-lectures-refrescants-2","status":"publish","type":"post","link":"https:\/\/biblioteca.blanes.cat\/salajove\/2025\/07\/09\/biblioglacons-lectures-refrescants-2\/","title":{"rendered":"Bibliogla\u00e7ons, lectures refrescants!"},"content":{"rendered":"\n<p>Aquest juliol hem inaugurat el <strong>BIBLIOVACANCES 2025!<\/strong><\/p>\n<p>Enguany \u00e9s l&#8217;<span style=\"color: #33cccc;\"><strong>AnY Internacional de la conservaci\u00f3 de les glaceres<\/strong><\/span>, \u00e9s per aix\u00f2 la tem\u00e0tica gira a l&#8217;entorn del canvi clim\u00e0tic i les glaceres. L&#8217;anomenem <span style=\"color: #33cccc;\"><strong>Bibliogla\u00e7ons, lectures refrescants!<\/strong><\/span><\/p>\n<p><a href=\"https:\/\/biblioteca.blanes.cat\/salajove\/2025\/07\/09\/biblioglacons-lectures-refrescants-2\/bibliovacances-2025_decoracio-5\/\" rel=\"attachment wp-att-9936\"><img fetchpriority=\"high\" decoding=\"async\" class=\"aligncenter size-medium wp-image-9936\" src=\"https:\/\/biblioteca.blanes.cat\/salajove\/wp-content\/uploads\/sites\/3\/2025\/07\/Bibliovacances-2025_decoracio-5-300x225.jpg\" alt=\"\" width=\"300\" height=\"225\" srcset=\"https:\/\/biblioteca.blanes.cat\/salajove\/wp-content\/uploads\/sites\/3\/2025\/07\/Bibliovacances-2025_decoracio-5-300x225.jpg 300w, https:\/\/biblioteca.blanes.cat\/salajove\/wp-content\/uploads\/sites\/3\/2025\/07\/Bibliovacances-2025_decoracio-5-1024x768.jpg 1024w, https:\/\/biblioteca.blanes.cat\/salajove\/wp-content\/uploads\/sites\/3\/2025\/07\/Bibliovacances-2025_decoracio-5-768x576.jpg 768w, https:\/\/biblioteca.blanes.cat\/salajove\/wp-content\/uploads\/sites\/3\/2025\/07\/Bibliovacances-2025_decoracio-5-1536x1152.jpg 1536w, https:\/\/biblioteca.blanes.cat\/salajove\/wp-content\/uploads\/sites\/3\/2025\/07\/Bibliovacances-2025_decoracio-5-2048x1536.jpg 2048w\" sizes=\"(max-width: 300px) 100vw, 300px\" \/><\/a><\/p>\n<p><a href=\"https:\/\/biblioteca.blanes.cat\/salajove\/2025\/07\/09\/biblioglacons-lectures-refrescants-2\/20250630_133645\/\" rel=\"attachment wp-att-9933\"><img decoding=\"async\" class=\"aligncenter size-medium wp-image-9933\" src=\"https:\/\/biblioteca.blanes.cat\/salajove\/wp-content\/uploads\/sites\/3\/2025\/07\/20250630_133645-225x300.jpg\" alt=\"\" width=\"225\" height=\"300\" srcset=\"https:\/\/biblioteca.blanes.cat\/salajove\/wp-content\/uploads\/sites\/3\/2025\/07\/20250630_133645-225x300.jpg 225w, https:\/\/biblioteca.blanes.cat\/salajove\/wp-content\/uploads\/sites\/3\/2025\/07\/20250630_133645-768x1024.jpg 768w, https:\/\/biblioteca.blanes.cat\/salajove\/wp-content\/uploads\/sites\/3\/2025\/07\/20250630_133645-1152x1536.jpg 1152w, https:\/\/biblioteca.blanes.cat\/salajove\/wp-content\/uploads\/sites\/3\/2025\/07\/20250630_133645-1536x2048.jpg 1536w, https:\/\/biblioteca.blanes.cat\/salajove\/wp-content\/uploads\/sites\/3\/2025\/07\/20250630_133645-rotated.jpg 1734w\" sizes=\"(max-width: 225px) 100vw, 225px\" \/><\/a><\/p>\n<p>El Bibliovacances d\u2019aquest any t\u00e9 fins a quatre etapes, que corresponen a quatre estadis per contribuir a la conservaci\u00f3 de les glaceres: com m\u00e9s etapes superis, m\u00e9s far\u00e0s baixar la temperatura del <span style=\"color: #33cccc;\"><strong>gla\u00e7\u00f2metre<\/strong><\/span>! A m\u00e9s, per a cada etapa lectora finalitzada hi ha un obsequi, que no us podem desvetllar fins que hagueu abaixat uns quants graus del term\u00f2metre. Un cop completada la primera etapa amb el respectiu dossier, passarem a la segona fase, despr\u00e9s a la tercera i, finalment, al superpremi. Aix\u00ed doncs, com l&#8217;any passat, donem l\u2019opci\u00f3 de repetir el Bibliovacances amb les lectures que tenim preparades per a cada edat. Els <strong>lots de llibres<\/strong>\u00a0els trobareu a l\u2019aparador de la\u00a0<strong>Sala Infantil<\/strong>. Per a <strong>I1 (blau)<\/strong>\u00a0i\u00a0<strong>I2 (vermell)<\/strong>\u00a0tenim a punt tres lectures i per a\u00a0<strong>I3 (verd)<\/strong>\u00a0i\u00a0<strong>Joves (lila)<\/strong>, dues.\u00a0<\/p>\n<p>Per ambientar la biblioteca, hem decorat la Sala Infantil i la Sala Jove amb material relacionat amb la conservaci\u00f3 de les glaceres: animals, un iceberg, una exposici\u00f3 sobre les glaceres que podem trobar al planeta Terra, un term\u00f2metre gegant, un igl\u00fa amb un ping\u00fc\u00ed molt simp\u00e0tic&#8230;<\/p>\n<p><a href=\"https:\/\/biblioteca.blanes.cat\/salajove\/2025\/07\/09\/biblioglacons-lectures-refrescants-2\/bibliovacances-2025_decoracio-11\/\" rel=\"attachment wp-att-9934\"><img decoding=\"async\" class=\"size-medium wp-image-9934 alignleft\" src=\"https:\/\/biblioteca.blanes.cat\/salajove\/wp-content\/uploads\/sites\/3\/2025\/07\/Bibliovacances-2025_decoracio-11-225x300.jpg\" alt=\"\" width=\"225\" height=\"300\" srcset=\"https:\/\/biblioteca.blanes.cat\/salajove\/wp-content\/uploads\/sites\/3\/2025\/07\/Bibliovacances-2025_decoracio-11-225x300.jpg 225w, https:\/\/biblioteca.blanes.cat\/salajove\/wp-content\/uploads\/sites\/3\/2025\/07\/Bibliovacances-2025_decoracio-11-768x1024.jpg 768w, https:\/\/biblioteca.blanes.cat\/salajove\/wp-content\/uploads\/sites\/3\/2025\/07\/Bibliovacances-2025_decoracio-11-1152x1536.jpg 1152w, https:\/\/biblioteca.blanes.cat\/salajove\/wp-content\/uploads\/sites\/3\/2025\/07\/Bibliovacances-2025_decoracio-11-1536x2048.jpg 1536w, https:\/\/biblioteca.blanes.cat\/salajove\/wp-content\/uploads\/sites\/3\/2025\/07\/Bibliovacances-2025_decoracio-11-scaled.jpg 1920w\" sizes=\"(max-width: 225px) 100vw, 225px\" \/><\/a><a href=\"https:\/\/biblioteca.blanes.cat\/salajove\/2025\/07\/09\/biblioglacons-lectures-refrescants-2\/bibliovacances-2025_decoracio-13\/\" rel=\"attachment wp-att-9935\"><img loading=\"lazy\" decoding=\"async\" class=\"size-medium wp-image-9935 alignleft\" src=\"https:\/\/biblioteca.blanes.cat\/salajove\/wp-content\/uploads\/sites\/3\/2025\/07\/Bibliovacances-2025_decoracio-13-225x300.jpg\" alt=\"\" width=\"225\" height=\"300\" srcset=\"https:\/\/biblioteca.blanes.cat\/salajove\/wp-content\/uploads\/sites\/3\/2025\/07\/Bibliovacances-2025_decoracio-13-225x300.jpg 225w, https:\/\/biblioteca.blanes.cat\/salajove\/wp-content\/uploads\/sites\/3\/2025\/07\/Bibliovacances-2025_decoracio-13-768x1024.jpg 768w, https:\/\/biblioteca.blanes.cat\/salajove\/wp-content\/uploads\/sites\/3\/2025\/07\/Bibliovacances-2025_decoracio-13-1152x1536.jpg 1152w, https:\/\/biblioteca.blanes.cat\/salajove\/wp-content\/uploads\/sites\/3\/2025\/07\/Bibliovacances-2025_decoracio-13-1536x2048.jpg 1536w, https:\/\/biblioteca.blanes.cat\/salajove\/wp-content\/uploads\/sites\/3\/2025\/07\/Bibliovacances-2025_decoracio-13-scaled.jpg 1920w\" sizes=\"(max-width: 225px) 100vw, 225px\" \/><\/a><\/p>\n<p>\u00a0<\/p>\n<p>\u00a0<\/p>\n<p>\u00a0<\/p>\n<p>\u00a0<\/p>\n<p>\u00a0<\/p>\n<p>\u00a0<\/p>\n<p>\u00a0<\/p>\n<p>\u00a0<\/p>\n<p>\u00a0<\/p>\n<p><strong><span style=\"color: #33cccc;\">Us animeu a participar-hi?<\/span><\/strong><\/p>\n","protected":false},"excerpt":{"rendered":"<p>Aquest juliol hem inaugurat el BIBLIOVACANCES 2025! Enguany \u00e9s l&#8217;AnY Internacional de la conservaci\u00f3 de les glaceres, \u00e9s per aix\u00f2 la tem\u00e0tica gira a l&#8217;entorn del canvi clim\u00e0tic i les glaceres. L&#8217;anomenem Bibliogla\u00e7ons, lectures refrescants! El Bibliovacances d\u2019aquest any t\u00e9<\/p>\n","protected":false},"author":4,"featured_media":9927,"comment_status":"open","ping_status":"open","sticky":false,"template":"","format":"standard","meta":{"sfsi_plus_gutenberg_text_before_share":"","sfsi_plus_gutenberg_show_text_before_share":"","sfsi_plus_gutenberg_icon_type":"","sfsi_plus_gutenberg_icon_alignemt":"","sfsi_plus_gutenburg_max_per_row":"","footnotes":""},"categories":[1],"tags":[24,97,52,26,19,21],"class_list":["post-9932","post","type-post","status-publish","format-standard","has-post-thumbnail","hentry","category-general","tag-activitats","tag-activitats-actualitat-joves","tag-joves","tag-lectura","tag-literatura","tag-llibres"],"yoast_head":"<!-- This site is optimized with the Yoast SEO plugin v27.5 - https:\/\/yoast.com\/product\/yoast-seo-wordpress\/ -->\n<title>Bibliogla\u00e7ons, lectures refrescants! - Sala Jove<\/title>\n<meta name=\"robots\" content=\"index, follow, max-snippet:-1, max-image-preview:large, max-video-preview:-1\" \/>\n<link rel=\"canonical\" href=\"https:\/\/biblioteca.blanes.cat\/salajove\/2025\/07\/09\/biblioglacons-lectures-refrescants-2\/\" \/>\n<meta property=\"og:locale\" content=\"ca_ES\" \/>\n<meta property=\"og:type\" content=\"article\" \/>\n<meta property=\"og:title\" content=\"Bibliogla\u00e7ons, lectures refrescants! - Sala Jove\" \/>\n<meta property=\"og:description\" content=\"Aquest juliol hem inaugurat el BIBLIOVACANCES 2025! Enguany \u00e9s l&#8217;AnY Internacional de la conservaci\u00f3 de les glaceres, \u00e9s per aix\u00f2 la tem\u00e0tica gira a l&#8217;entorn del canvi clim\u00e0tic i les glaceres. L&#8217;anomenem Bibliogla\u00e7ons, lectures refrescants! El Bibliovacances d\u2019aquest any t\u00e9\" \/>\n<meta property=\"og:url\" content=\"https:\/\/biblioteca.blanes.cat\/salajove\/2025\/07\/09\/biblioglacons-lectures-refrescants-2\/\" \/>\n<meta property=\"og:site_name\" content=\"Sala Jove\" \/>\n<meta property=\"article:publisher\" content=\"https:\/\/www.facebook.com\/BilbiotecaComarcaldeBlanes\/\" \/>\n<meta property=\"article:published_time\" content=\"2025-07-09T16:51:54+00:00\" \/>\n<meta property=\"article:modified_time\" content=\"2025-09-03T17:12:28+00:00\" \/>\n<meta property=\"og:image\" content=\"https:\/\/biblioteca.blanes.cat\/salajove\/wp-content\/uploads\/sites\/3\/2025\/07\/logo-BV-glaceres-joves-1.png\" \/>\n\t<meta property=\"og:image:width\" content=\"1109\" \/>\n\t<meta property=\"og:image:height\" content=\"1450\" \/>\n\t<meta property=\"og:image:type\" content=\"image\/png\" \/>\n<meta name=\"author\" content=\"biblioblanes\" \/>\n<meta name=\"twitter:card\" content=\"summary_large_image\" \/>\n<meta name=\"twitter:creator\" content=\"@biblioblanes\" \/>\n<meta name=\"twitter:site\" content=\"@BiblioBlanes\" \/>\n<meta name=\"twitter:label1\" content=\"Escrit per\" \/>\n\t<meta name=\"twitter:data1\" content=\"biblioblanes\" \/>\n\t<meta name=\"twitter:label2\" content=\"Temps estimat de lectura\" \/>\n\t<meta name=\"twitter:data2\" content=\"3 minuts\" \/>\n<script type=\"application\/ld+json\" class=\"yoast-schema-graph\">{\"@context\":\"https:\\\/\\\/schema.org\",\"@graph\":[{\"@type\":\"Article\",\"@id\":\"https:\\\/\\\/biblioteca.blanes.cat\\\/salajove\\\/2025\\\/07\\\/09\\\/biblioglacons-lectures-refrescants-2\\\/#article\",\"isPartOf\":{\"@id\":\"https:\\\/\\\/biblioteca.blanes.cat\\\/salajove\\\/2025\\\/07\\\/09\\\/biblioglacons-lectures-refrescants-2\\\/\"},\"author\":{\"name\":\"biblioblanes\",\"@id\":\"https:\\\/\\\/biblioteca.blanes.cat\\\/salajove\\\/#\\\/schema\\\/person\\\/5a7b46760d9dd611d098bbf571a341dc\"},\"headline\":\"Bibliogla\u00e7ons, lectures refrescants!\",\"datePublished\":\"2025-07-09T16:51:54+00:00\",\"dateModified\":\"2025-09-03T17:12:28+00:00\",\"mainEntityOfPage\":{\"@id\":\"https:\\\/\\\/biblioteca.blanes.cat\\\/salajove\\\/2025\\\/07\\\/09\\\/biblioglacons-lectures-refrescants-2\\\/\"},\"wordCount\":243,\"commentCount\":0,\"publisher\":{\"@id\":\"https:\\\/\\\/biblioteca.blanes.cat\\\/salajove\\\/#organization\"},\"image\":{\"@id\":\"https:\\\/\\\/biblioteca.blanes.cat\\\/salajove\\\/2025\\\/07\\\/09\\\/biblioglacons-lectures-refrescants-2\\\/#primaryimage\"},\"thumbnailUrl\":\"https:\\\/\\\/biblioteca.blanes.cat\\\/salajove\\\/wp-content\\\/uploads\\\/sites\\\/3\\\/2025\\\/07\\\/logo-BV-glaceres-joves-1.png\",\"keywords\":[\"#Activitats\",\"#Activitats #Actualitat #Joves\",\"#Joves\",\"#Lectura\",\"#Literatura\",\"#Llibres\"],\"articleSection\":[\"Not\u00edcies\"],\"inLanguage\":\"ca\",\"potentialAction\":[{\"@type\":\"CommentAction\",\"name\":\"Comment\",\"target\":[\"https:\\\/\\\/biblioteca.blanes.cat\\\/salajove\\\/2025\\\/07\\\/09\\\/biblioglacons-lectures-refrescants-2\\\/#respond\"]}]},{\"@type\":\"WebPage\",\"@id\":\"https:\\\/\\\/biblioteca.blanes.cat\\\/salajove\\\/2025\\\/07\\\/09\\\/biblioglacons-lectures-refrescants-2\\\/\",\"url\":\"https:\\\/\\\/biblioteca.blanes.cat\\\/salajove\\\/2025\\\/07\\\/09\\\/biblioglacons-lectures-refrescants-2\\\/\",\"name\":\"Bibliogla\u00e7ons, lectures refrescants! - Sala Jove\",\"isPartOf\":{\"@id\":\"https:\\\/\\\/biblioteca.blanes.cat\\\/salajove\\\/#website\"},\"primaryImageOfPage\":{\"@id\":\"https:\\\/\\\/biblioteca.blanes.cat\\\/salajove\\\/2025\\\/07\\\/09\\\/biblioglacons-lectures-refrescants-2\\\/#primaryimage\"},\"image\":{\"@id\":\"https:\\\/\\\/biblioteca.blanes.cat\\\/salajove\\\/2025\\\/07\\\/09\\\/biblioglacons-lectures-refrescants-2\\\/#primaryimage\"},\"thumbnailUrl\":\"https:\\\/\\\/biblioteca.blanes.cat\\\/salajove\\\/wp-content\\\/uploads\\\/sites\\\/3\\\/2025\\\/07\\\/logo-BV-glaceres-joves-1.png\",\"datePublished\":\"2025-07-09T16:51:54+00:00\",\"dateModified\":\"2025-09-03T17:12:28+00:00\",\"breadcrumb\":{\"@id\":\"https:\\\/\\\/biblioteca.blanes.cat\\\/salajove\\\/2025\\\/07\\\/09\\\/biblioglacons-lectures-refrescants-2\\\/#breadcrumb\"},\"inLanguage\":\"ca\",\"potentialAction\":[{\"@type\":\"ReadAction\",\"target\":[\"https:\\\/\\\/biblioteca.blanes.cat\\\/salajove\\\/2025\\\/07\\\/09\\\/biblioglacons-lectures-refrescants-2\\\/\"]}]},{\"@type\":\"ImageObject\",\"inLanguage\":\"ca\",\"@id\":\"https:\\\/\\\/biblioteca.blanes.cat\\\/salajove\\\/2025\\\/07\\\/09\\\/biblioglacons-lectures-refrescants-2\\\/#primaryimage\",\"url\":\"https:\\\/\\\/biblioteca.blanes.cat\\\/salajove\\\/wp-content\\\/uploads\\\/sites\\\/3\\\/2025\\\/07\\\/logo-BV-glaceres-joves-1.png\",\"contentUrl\":\"https:\\\/\\\/biblioteca.blanes.cat\\\/salajove\\\/wp-content\\\/uploads\\\/sites\\\/3\\\/2025\\\/07\\\/logo-BV-glaceres-joves-1.png\",\"width\":1109,\"height\":1450},{\"@type\":\"BreadcrumbList\",\"@id\":\"https:\\\/\\\/biblioteca.blanes.cat\\\/salajove\\\/2025\\\/07\\\/09\\\/biblioglacons-lectures-refrescants-2\\\/#breadcrumb\",\"itemListElement\":[{\"@type\":\"ListItem\",\"position\":1,\"name\":\"Inici\",\"item\":\"https:\\\/\\\/biblioteca.blanes.cat\\\/salajove\\\/\"},{\"@type\":\"ListItem\",\"position\":2,\"name\":\"Bibliogla\u00e7ons, lectures refrescants!\"}]},{\"@type\":\"WebSite\",\"@id\":\"https:\\\/\\\/biblioteca.blanes.cat\\\/salajove\\\/#website\",\"url\":\"https:\\\/\\\/biblioteca.blanes.cat\\\/salajove\\\/\",\"name\":\"Sala Jove\",\"description\":\"Biblioteca Comarcal de Blanes\",\"publisher\":{\"@id\":\"https:\\\/\\\/biblioteca.blanes.cat\\\/salajove\\\/#organization\"},\"potentialAction\":[{\"@type\":\"SearchAction\",\"target\":{\"@type\":\"EntryPoint\",\"urlTemplate\":\"https:\\\/\\\/biblioteca.blanes.cat\\\/salajove\\\/?s={search_term_string}\"},\"query-input\":{\"@type\":\"PropertyValueSpecification\",\"valueRequired\":true,\"valueName\":\"search_term_string\"}}],\"inLanguage\":\"ca\"},{\"@type\":\"Organization\",\"@id\":\"https:\\\/\\\/biblioteca.blanes.cat\\\/salajove\\\/#organization\",\"name\":\"Biblioteca Comarcal de Blanes\",\"url\":\"https:\\\/\\\/biblioteca.blanes.cat\\\/salajove\\\/\",\"logo\":{\"@type\":\"ImageObject\",\"inLanguage\":\"ca\",\"@id\":\"https:\\\/\\\/biblioteca.blanes.cat\\\/salajove\\\/#\\\/schema\\\/logo\\\/image\\\/\",\"url\":\"https:\\\/\\\/biblioteca.blanes.cat\\\/salajove\\\/wp-content\\\/uploads\\\/sites\\\/3\\\/2017\\\/09\\\/cropped-Bib-blau-e1518869380535.png\",\"contentUrl\":\"https:\\\/\\\/biblioteca.blanes.cat\\\/salajove\\\/wp-content\\\/uploads\\\/sites\\\/3\\\/2017\\\/09\\\/cropped-Bib-blau-e1518869380535.png\",\"width\":166,\"height\":166,\"caption\":\"Biblioteca Comarcal de Blanes\"},\"image\":{\"@id\":\"https:\\\/\\\/biblioteca.blanes.cat\\\/salajove\\\/#\\\/schema\\\/logo\\\/image\\\/\"},\"sameAs\":[\"https:\\\/\\\/www.facebook.com\\\/BilbiotecaComarcaldeBlanes\\\/\",\"https:\\\/\\\/x.com\\\/BiblioBlanes\",\"https:\\\/\\\/www.instagram.com\\\/biblioblanes\\\/\",\"https:\\\/\\\/www.pinterest.es\\\/bblanes\\\/\",\"https:\\\/\\\/www.youtube.com\\\/c\\\/BibliotecaComarcalBlanes\"]},{\"@type\":\"Person\",\"@id\":\"https:\\\/\\\/biblioteca.blanes.cat\\\/salajove\\\/#\\\/schema\\\/person\\\/5a7b46760d9dd611d098bbf571a341dc\",\"name\":\"biblioblanes\",\"image\":{\"@type\":\"ImageObject\",\"inLanguage\":\"ca\",\"@id\":\"https:\\\/\\\/secure.gravatar.com\\\/avatar\\\/6593ca6cc90e5a70939f51c95e8315483b9c281bafba597292bee47992030f99?s=96&d=mm&r=g\",\"url\":\"https:\\\/\\\/secure.gravatar.com\\\/avatar\\\/6593ca6cc90e5a70939f51c95e8315483b9c281bafba597292bee47992030f99?s=96&d=mm&r=g\",\"contentUrl\":\"https:\\\/\\\/secure.gravatar.com\\\/avatar\\\/6593ca6cc90e5a70939f51c95e8315483b9c281bafba597292bee47992030f99?s=96&d=mm&r=g\",\"caption\":\"biblioblanes\"},\"sameAs\":[\"http:\\\/\\\/www.bibgirona.cat\\\/biblioteca\\\/blanes\",\"https:\\\/\\\/x.com\\\/biblioblanes\"],\"url\":\"https:\\\/\\\/biblioteca.blanes.cat\\\/salajove\\\/author\\\/biblioblanes\\\/\"}]}<\/script>\n<!-- \/ Yoast SEO plugin. -->","yoast_head_json":{"title":"Bibliogla\u00e7ons, lectures refrescants! - Sala Jove","robots":{"index":"index","follow":"follow","max-snippet":"max-snippet:-1","max-image-preview":"max-image-preview:large","max-video-preview":"max-video-preview:-1"},"canonical":"https:\/\/biblioteca.blanes.cat\/salajove\/2025\/07\/09\/biblioglacons-lectures-refrescants-2\/","og_locale":"ca_ES","og_type":"article","og_title":"Bibliogla\u00e7ons, lectures refrescants! - Sala Jove","og_description":"Aquest juliol hem inaugurat el BIBLIOVACANCES 2025! Enguany \u00e9s l&#8217;AnY Internacional de la conservaci\u00f3 de les glaceres, \u00e9s per aix\u00f2 la tem\u00e0tica gira a l&#8217;entorn del canvi clim\u00e0tic i les glaceres. L&#8217;anomenem Bibliogla\u00e7ons, lectures refrescants! El Bibliovacances d\u2019aquest any t\u00e9","og_url":"https:\/\/biblioteca.blanes.cat\/salajove\/2025\/07\/09\/biblioglacons-lectures-refrescants-2\/","og_site_name":"Sala Jove","article_publisher":"https:\/\/www.facebook.com\/BilbiotecaComarcaldeBlanes\/","article_published_time":"2025-07-09T16:51:54+00:00","article_modified_time":"2025-09-03T17:12:28+00:00","og_image":[{"width":1109,"height":1450,"url":"https:\/\/biblioteca.blanes.cat\/salajove\/wp-content\/uploads\/sites\/3\/2025\/07\/logo-BV-glaceres-joves-1.png","type":"image\/png"}],"author":"biblioblanes","twitter_card":"summary_large_image","twitter_creator":"@biblioblanes","twitter_site":"@BiblioBlanes","twitter_misc":{"Escrit per":"biblioblanes","Temps estimat de lectura":"3 minuts"},"schema":{"@context":"https:\/\/schema.org","@graph":[{"@type":"Article","@id":"https:\/\/biblioteca.blanes.cat\/salajove\/2025\/07\/09\/biblioglacons-lectures-refrescants-2\/#article","isPartOf":{"@id":"https:\/\/biblioteca.blanes.cat\/salajove\/2025\/07\/09\/biblioglacons-lectures-refrescants-2\/"},"author":{"name":"biblioblanes","@id":"https:\/\/biblioteca.blanes.cat\/salajove\/#\/schema\/person\/5a7b46760d9dd611d098bbf571a341dc"},"headline":"Bibliogla\u00e7ons, lectures refrescants!","datePublished":"2025-07-09T16:51:54+00:00","dateModified":"2025-09-03T17:12:28+00:00","mainEntityOfPage":{"@id":"https:\/\/biblioteca.blanes.cat\/salajove\/2025\/07\/09\/biblioglacons-lectures-refrescants-2\/"},"wordCount":243,"commentCount":0,"publisher":{"@id":"https:\/\/biblioteca.blanes.cat\/salajove\/#organization"},"image":{"@id":"https:\/\/biblioteca.blanes.cat\/salajove\/2025\/07\/09\/biblioglacons-lectures-refrescants-2\/#primaryimage"},"thumbnailUrl":"https:\/\/biblioteca.blanes.cat\/salajove\/wp-content\/uploads\/sites\/3\/2025\/07\/logo-BV-glaceres-joves-1.png","keywords":["#Activitats","#Activitats #Actualitat #Joves","#Joves","#Lectura","#Literatura","#Llibres"],"articleSection":["Not\u00edcies"],"inLanguage":"ca","potentialAction":[{"@type":"CommentAction","name":"Comment","target":["https:\/\/biblioteca.blanes.cat\/salajove\/2025\/07\/09\/biblioglacons-lectures-refrescants-2\/#respond"]}]},{"@type":"WebPage","@id":"https:\/\/biblioteca.blanes.cat\/salajove\/2025\/07\/09\/biblioglacons-lectures-refrescants-2\/","url":"https:\/\/biblioteca.blanes.cat\/salajove\/2025\/07\/09\/biblioglacons-lectures-refrescants-2\/","name":"Bibliogla\u00e7ons, lectures refrescants! - Sala Jove","isPartOf":{"@id":"https:\/\/biblioteca.blanes.cat\/salajove\/#website"},"primaryImageOfPage":{"@id":"https:\/\/biblioteca.blanes.cat\/salajove\/2025\/07\/09\/biblioglacons-lectures-refrescants-2\/#primaryimage"},"image":{"@id":"https:\/\/biblioteca.blanes.cat\/salajove\/2025\/07\/09\/biblioglacons-lectures-refrescants-2\/#primaryimage"},"thumbnailUrl":"https:\/\/biblioteca.blanes.cat\/salajove\/wp-content\/uploads\/sites\/3\/2025\/07\/logo-BV-glaceres-joves-1.png","datePublished":"2025-07-09T16:51:54+00:00","dateModified":"2025-09-03T17:12:28+00:00","breadcrumb":{"@id":"https:\/\/biblioteca.blanes.cat\/salajove\/2025\/07\/09\/biblioglacons-lectures-refrescants-2\/#breadcrumb"},"inLanguage":"ca","potentialAction":[{"@type":"ReadAction","target":["https:\/\/biblioteca.blanes.cat\/salajove\/2025\/07\/09\/biblioglacons-lectures-refrescants-2\/"]}]},{"@type":"ImageObject","inLanguage":"ca","@id":"https:\/\/biblioteca.blanes.cat\/salajove\/2025\/07\/09\/biblioglacons-lectures-refrescants-2\/#primaryimage","url":"https:\/\/biblioteca.blanes.cat\/salajove\/wp-content\/uploads\/sites\/3\/2025\/07\/logo-BV-glaceres-joves-1.png","contentUrl":"https:\/\/biblioteca.blanes.cat\/salajove\/wp-content\/uploads\/sites\/3\/2025\/07\/logo-BV-glaceres-joves-1.png","width":1109,"height":1450},{"@type":"BreadcrumbList","@id":"https:\/\/biblioteca.blanes.cat\/salajove\/2025\/07\/09\/biblioglacons-lectures-refrescants-2\/#breadcrumb","itemListElement":[{"@type":"ListItem","position":1,"name":"Inici","item":"https:\/\/biblioteca.blanes.cat\/salajove\/"},{"@type":"ListItem","position":2,"name":"Bibliogla\u00e7ons, lectures refrescants!"}]},{"@type":"WebSite","@id":"https:\/\/biblioteca.blanes.cat\/salajove\/#website","url":"https:\/\/biblioteca.blanes.cat\/salajove\/","name":"Sala Jove","description":"Biblioteca Comarcal de Blanes","publisher":{"@id":"https:\/\/biblioteca.blanes.cat\/salajove\/#organization"},"potentialAction":[{"@type":"SearchAction","target":{"@type":"EntryPoint","urlTemplate":"https:\/\/biblioteca.blanes.cat\/salajove\/?s={search_term_string}"},"query-input":{"@type":"PropertyValueSpecification","valueRequired":true,"valueName":"search_term_string"}}],"inLanguage":"ca"},{"@type":"Organization","@id":"https:\/\/biblioteca.blanes.cat\/salajove\/#organization","name":"Biblioteca Comarcal de Blanes","url":"https:\/\/biblioteca.blanes.cat\/salajove\/","logo":{"@type":"ImageObject","inLanguage":"ca","@id":"https:\/\/biblioteca.blanes.cat\/salajove\/#\/schema\/logo\/image\/","url":"https:\/\/biblioteca.blanes.cat\/salajove\/wp-content\/uploads\/sites\/3\/2017\/09\/cropped-Bib-blau-e1518869380535.png","contentUrl":"https:\/\/biblioteca.blanes.cat\/salajove\/wp-content\/uploads\/sites\/3\/2017\/09\/cropped-Bib-blau-e1518869380535.png","width":166,"height":166,"caption":"Biblioteca Comarcal de Blanes"},"image":{"@id":"https:\/\/biblioteca.blanes.cat\/salajove\/#\/schema\/logo\/image\/"},"sameAs":["https:\/\/www.facebook.com\/BilbiotecaComarcaldeBlanes\/","https:\/\/x.com\/BiblioBlanes","https:\/\/www.instagram.com\/biblioblanes\/","https:\/\/www.pinterest.es\/bblanes\/","https:\/\/www.youtube.com\/c\/BibliotecaComarcalBlanes"]},{"@type":"Person","@id":"https:\/\/biblioteca.blanes.cat\/salajove\/#\/schema\/person\/5a7b46760d9dd611d098bbf571a341dc","name":"biblioblanes","image":{"@type":"ImageObject","inLanguage":"ca","@id":"https:\/\/secure.gravatar.com\/avatar\/6593ca6cc90e5a70939f51c95e8315483b9c281bafba597292bee47992030f99?s=96&d=mm&r=g","url":"https:\/\/secure.gravatar.com\/avatar\/6593ca6cc90e5a70939f51c95e8315483b9c281bafba597292bee47992030f99?s=96&d=mm&r=g","contentUrl":"https:\/\/secure.gravatar.com\/avatar\/6593ca6cc90e5a70939f51c95e8315483b9c281bafba597292bee47992030f99?s=96&d=mm&r=g","caption":"biblioblanes"},"sameAs":["http:\/\/www.bibgirona.cat\/biblioteca\/blanes","https:\/\/x.com\/biblioblanes"],"url":"https:\/\/biblioteca.blanes.cat\/salajove\/author\/biblioblanes\/"}]}},"_links":{"self":[{"href":"https:\/\/biblioteca.blanes.cat\/salajove\/wp-json\/wp\/v2\/posts\/9932","targetHints":{"allow":["GET"]}}],"collection":[{"href":"https:\/\/biblioteca.blanes.cat\/salajove\/wp-json\/wp\/v2\/posts"}],"about":[{"href":"https:\/\/biblioteca.blanes.cat\/salajove\/wp-json\/wp\/v2\/types\/post"}],"author":[{"embeddable":true,"href":"https:\/\/biblioteca.blanes.cat\/salajove\/wp-json\/wp\/v2\/users\/4"}],"replies":[{"embeddable":true,"href":"https:\/\/biblioteca.blanes.cat\/salajove\/wp-json\/wp\/v2\/comments?post=9932"}],"version-history":[{"count":6,"href":"https:\/\/biblioteca.blanes.cat\/salajove\/wp-json\/wp\/v2\/posts\/9932\/revisions"}],"predecessor-version":[{"id":9945,"href":"https:\/\/biblioteca.blanes.cat\/salajove\/wp-json\/wp\/v2\/posts\/9932\/revisions\/9945"}],"wp:featuredmedia":[{"embeddable":true,"href":"https:\/\/biblioteca.blanes.cat\/salajove\/wp-json\/wp\/v2\/media\/9927"}],"wp:attachment":[{"href":"https:\/\/biblioteca.blanes.cat\/salajove\/wp-json\/wp\/v2\/media?parent=9932"}],"wp:term":[{"taxonomy":"category","embeddable":true,"href":"https:\/\/biblioteca.blanes.cat\/salajove\/wp-json\/wp\/v2\/categories?post=9932"},{"taxonomy":"post_tag","embeddable":true,"href":"https:\/\/biblioteca.blanes.cat\/salajove\/wp-json\/wp\/v2\/tags?post=9932"}],"curies":[{"name":"wp","href":"https:\/\/api.w.org\/{rel}","templated":true}]}}