{"id":9850,"date":"2025-06-27T18:19:00","date_gmt":"2025-06-27T17:19:00","guid":{"rendered":"https:\/\/biblioteca.blanes.cat\/salajove\/?p=9850"},"modified":"2025-09-03T18:14:37","modified_gmt":"2025-09-03T17:14:37","slug":"club-de-lectura-juvenil-emblanats-tauo-blanc-comiat","status":"publish","type":"post","link":"https:\/\/biblioteca.blanes.cat\/salajove\/2025\/06\/27\/club-de-lectura-juvenil-emblanats-tauo-blanc-comiat\/","title":{"rendered":"Club de Lectura Juvenil #emblanats: Taur\u00f3 Blanc (COMIAT)"},"content":{"rendered":"\n\n\n<p>El primer divendres de juny vam acomiadar el <span style=\"color: #339966;\"><strong>Club de Lectura Juvenil #emblanats<\/strong><\/span>! Per celebrar la Setmana del Mar vam llegir el c\u00f2mic <span style=\"color: #3366ff;\"><a style=\"color: #3366ff;\" href=\"https:\/\/editorialfinestres.com\/cataleg\/tauro-blanc\/\"><strong><em>Taur\u00f3 Blanc<\/em>, de Genie Espinosa<\/strong><\/a><\/span>, un c\u00f2mic que s\u2019ambienta a l\u2019illa de Jesmond i ens explica una hist\u00f2ria molt especial.<\/p>\n<p><a href=\"https:\/\/biblioteca.blanes.cat\/salajove\/2025\/06\/27\/club-de-lectura-juvenil-emblanats-tauo-blanc-comiat\/fotos-clj-comprimides-3\/\" rel=\"attachment wp-att-9852\"><img fetchpriority=\"high\" decoding=\"async\" class=\"wp-image-9852  alignright\" src=\"https:\/\/biblioteca.blanes.cat\/salajove\/wp-content\/uploads\/sites\/3\/2025\/06\/FOTOS-CLJ-COMPRIMIDES-3-225x300.jpg\" alt=\"\" width=\"256\" height=\"341\" srcset=\"https:\/\/biblioteca.blanes.cat\/salajove\/wp-content\/uploads\/sites\/3\/2025\/06\/FOTOS-CLJ-COMPRIMIDES-3-225x300.jpg 225w, https:\/\/biblioteca.blanes.cat\/salajove\/wp-content\/uploads\/sites\/3\/2025\/06\/FOTOS-CLJ-COMPRIMIDES-3-768x1024.jpg 768w, https:\/\/biblioteca.blanes.cat\/salajove\/wp-content\/uploads\/sites\/3\/2025\/06\/FOTOS-CLJ-COMPRIMIDES-3-1152x1536.jpg 1152w, https:\/\/biblioteca.blanes.cat\/salajove\/wp-content\/uploads\/sites\/3\/2025\/06\/FOTOS-CLJ-COMPRIMIDES-3-1536x2048.jpg 1536w, https:\/\/biblioteca.blanes.cat\/salajove\/wp-content\/uploads\/sites\/3\/2025\/06\/FOTOS-CLJ-COMPRIMIDES-3-scaled.jpg 1920w\" sizes=\"(max-width: 256px) 100vw, 256px\" \/><\/a><\/p>\n<p>Vam aprofitar l\u2019ocasi\u00f3 per parlar sobre els <strong><span style=\"color: #3366ff;\">elements del c\u00f2mic: les vinyetes i la bafarades i la import\u00e0ncia de la imatge<\/span> <\/strong>com a recurs narratiu. I tamb\u00e9 vam debatre sobre alguns elements simb\u00f2lics. Despr\u00e9s d\u2019uns quants llibres llegits, ara ja dominem prou b\u00e9 aix\u00f2 de la <span style=\"color: #3366ff;\"><strong>simbologia<\/strong><\/span> i a la sessi\u00f3 ens vam adonar que <em>Taur\u00f3 Blanc<\/em> est\u00e0 ple d\u2019elements que tenen una simbologia especial: una <span style=\"color: #3366ff;\"><strong>casa<\/strong><\/span>, que entenem com a llar i refugi); l\u2019<span style=\"color: #3366ff;\"><strong>aigua<\/strong><\/span>, que vam descobrir que en aquest c\u00f2mic simbolitza l\u2019ansietat i l\u2019angoixa; i els <span style=\"color: #3366ff;\"><strong>colors<\/strong><\/span>? Qu\u00e8 ens diuen els colors sobre la trama? Els freds, per exemple, els suggereixen moments tristos i melanc\u00f2lics, que s\u00f3n els que abunden a la hist\u00f2ria de la Maude, per\u00f2 de tant en tant els combina amb alguns colors c\u00e0lids (groc, taronja o vermell), que simbolitzen moments d\u2019alegria. El verd, en canvi, que \u00e9s el color de l\u2019esperan\u00e7a no apareix en cap moment del llibre. Potser \u00e9s perqu\u00e8 la Maude no \u00e9s una nena especialment optimista.<\/p>\n<p><a href=\"https:\/\/biblioteca.blanes.cat\/salajove\/2025\/06\/27\/club-de-lectura-juvenil-emblanats-tauo-blanc-comiat\/fotos-clj-comprimides-1\/\" rel=\"attachment wp-att-9855\"><img decoding=\"async\" class=\"aligncenter size-medium wp-image-9855\" src=\"https:\/\/biblioteca.blanes.cat\/salajove\/wp-content\/uploads\/sites\/3\/2025\/06\/FOTOS-CLJ-COMPRIMIDES-1-225x300.jpg\" alt=\"\" width=\"225\" height=\"300\" srcset=\"https:\/\/biblioteca.blanes.cat\/salajove\/wp-content\/uploads\/sites\/3\/2025\/06\/FOTOS-CLJ-COMPRIMIDES-1-225x300.jpg 225w, https:\/\/biblioteca.blanes.cat\/salajove\/wp-content\/uploads\/sites\/3\/2025\/06\/FOTOS-CLJ-COMPRIMIDES-1-768x1024.jpg 768w, https:\/\/biblioteca.blanes.cat\/salajove\/wp-content\/uploads\/sites\/3\/2025\/06\/FOTOS-CLJ-COMPRIMIDES-1-1152x1536.jpg 1152w, https:\/\/biblioteca.blanes.cat\/salajove\/wp-content\/uploads\/sites\/3\/2025\/06\/FOTOS-CLJ-COMPRIMIDES-1-1536x2048.jpg 1536w, https:\/\/biblioteca.blanes.cat\/salajove\/wp-content\/uploads\/sites\/3\/2025\/06\/FOTOS-CLJ-COMPRIMIDES-1-scaled.jpg 1920w\" sizes=\"(max-width: 225px) 100vw, 225px\" \/><\/a><\/p>\n<p>Realment, <em>Taur\u00f3 Blanc<\/em> no destaca per ser un llibre alegre i optimista, per\u00f2 s\u00ed que ens va servir per <span style=\"color: #3366ff;\"><strong>reflexionar sobre temes com el dol, la soledat o l\u2019amistat<\/strong><\/span>.<\/p>\n<p>Per tancar aquest any tan profit\u00f3s de bones lectures, vam fer un bon berenar i ens vam endur <span style=\"color: #3366ff;\"><strong>una xapa de record<\/strong><\/span>!<\/p>\n<p>Si voleu saber tots els llibres que tenim al Centre d\u2019Inter\u00e8s de Mar, podeu consultar la <a href=\"https:\/\/biblioteca.blanes.cat\/salajove\/2025\/06\/27\/club-de-lectura-juvenil-emblanats-tauo-blanc-comiat\/gl_mar-joves\/\" target=\"_blank\" rel=\"attachment noopener wp-att-9854\">guia de lectura aqu\u00ed<\/a>.<\/p>\n<p><span style=\"color: #3366ff;\"><strong>Ens veiem el curs que ve, joves lectors! Que tingueu un bon estiu!<\/strong><\/span><\/p>\n<p><a href=\"https:\/\/biblioteca.blanes.cat\/salajove\/2025\/06\/27\/club-de-lectura-juvenil-emblanats-tauo-blanc-comiat\/fotos-clj-comprimides-2\/\" rel=\"attachment wp-att-9853\"><img decoding=\"async\" class=\"aligncenter size-medium wp-image-9853\" src=\"https:\/\/biblioteca.blanes.cat\/salajove\/wp-content\/uploads\/sites\/3\/2025\/06\/FOTOS-CLJ-COMPRIMIDES-2-225x300.jpg\" alt=\"\" width=\"225\" height=\"300\" srcset=\"https:\/\/biblioteca.blanes.cat\/salajove\/wp-content\/uploads\/sites\/3\/2025\/06\/FOTOS-CLJ-COMPRIMIDES-2-225x300.jpg 225w, https:\/\/biblioteca.blanes.cat\/salajove\/wp-content\/uploads\/sites\/3\/2025\/06\/FOTOS-CLJ-COMPRIMIDES-2-768x1024.jpg 768w, https:\/\/biblioteca.blanes.cat\/salajove\/wp-content\/uploads\/sites\/3\/2025\/06\/FOTOS-CLJ-COMPRIMIDES-2-1152x1536.jpg 1152w, https:\/\/biblioteca.blanes.cat\/salajove\/wp-content\/uploads\/sites\/3\/2025\/06\/FOTOS-CLJ-COMPRIMIDES-2-1536x2048.jpg 1536w, https:\/\/biblioteca.blanes.cat\/salajove\/wp-content\/uploads\/sites\/3\/2025\/06\/FOTOS-CLJ-COMPRIMIDES-2-scaled.jpg 1920w\" sizes=\"(max-width: 225px) 100vw, 225px\" \/><\/a><\/p>\n\n\n","protected":false},"excerpt":{"rendered":"<p>El primer divendres de juny vam acomiadar el Club de Lectura Juvenil #emblanats! Per celebrar la Setmana del Mar vam llegir el c\u00f2mic Taur\u00f3 Blanc, de Genie Espinosa, un c\u00f2mic que s\u2019ambienta a l\u2019illa de Jesmond i ens explica una<\/p>\n","protected":false},"author":4,"featured_media":9852,"comment_status":"open","ping_status":"open","sticky":false,"template":"","format":"standard","meta":{"sfsi_plus_gutenberg_text_before_share":"","sfsi_plus_gutenberg_show_text_before_share":"","sfsi_plus_gutenberg_icon_type":"","sfsi_plus_gutenberg_icon_alignemt":"","sfsi_plus_gutenburg_max_per_row":"","footnotes":""},"categories":[5],"tags":[24,97,49,29,52,26,19,21],"class_list":["post-9850","post","type-post","status-publish","format-standard","has-post-thumbnail","hentry","category-club-de-lectura","tag-activitats","tag-activitats-actualitat-joves","tag-actualitat","tag-club-de-lectura","tag-joves","tag-lectura","tag-literatura","tag-llibres"],"yoast_head":"<!-- This site is optimized with the Yoast SEO plugin v27.5 - https:\/\/yoast.com\/product\/yoast-seo-wordpress\/ -->\n<title>Club de Lectura Juvenil #emblanats: Taur\u00f3 Blanc (COMIAT) - Sala Jove<\/title>\n<meta name=\"robots\" content=\"index, follow, max-snippet:-1, max-image-preview:large, max-video-preview:-1\" \/>\n<link rel=\"canonical\" href=\"https:\/\/biblioteca.blanes.cat\/salajove\/2025\/06\/27\/club-de-lectura-juvenil-emblanats-tauo-blanc-comiat\/\" \/>\n<meta property=\"og:locale\" content=\"ca_ES\" \/>\n<meta property=\"og:type\" content=\"article\" \/>\n<meta property=\"og:title\" content=\"Club de Lectura Juvenil #emblanats: Taur\u00f3 Blanc (COMIAT) - Sala Jove\" \/>\n<meta property=\"og:description\" content=\"El primer divendres de juny vam acomiadar el Club de Lectura Juvenil #emblanats! Per celebrar la Setmana del Mar vam llegir el c\u00f2mic Taur\u00f3 Blanc, de Genie Espinosa, un c\u00f2mic que s\u2019ambienta a l\u2019illa de Jesmond i ens explica una\" \/>\n<meta property=\"og:url\" content=\"https:\/\/biblioteca.blanes.cat\/salajove\/2025\/06\/27\/club-de-lectura-juvenil-emblanats-tauo-blanc-comiat\/\" \/>\n<meta property=\"og:site_name\" content=\"Sala Jove\" \/>\n<meta property=\"article:publisher\" content=\"https:\/\/www.facebook.com\/BilbiotecaComarcaldeBlanes\/\" \/>\n<meta property=\"article:published_time\" content=\"2025-06-27T17:19:00+00:00\" \/>\n<meta property=\"article:modified_time\" content=\"2025-09-03T17:14:37+00:00\" \/>\n<meta property=\"og:image\" content=\"https:\/\/biblioteca.blanes.cat\/salajove\/wp-content\/uploads\/sites\/3\/2025\/06\/FOTOS-CLJ-COMPRIMIDES-3-scaled.jpg\" \/>\n\t<meta property=\"og:image:width\" content=\"1920\" \/>\n\t<meta property=\"og:image:height\" content=\"2560\" \/>\n\t<meta property=\"og:image:type\" content=\"image\/jpeg\" \/>\n<meta name=\"author\" content=\"biblioblanes\" \/>\n<meta name=\"twitter:card\" content=\"summary_large_image\" \/>\n<meta name=\"twitter:creator\" content=\"@biblioblanes\" \/>\n<meta name=\"twitter:site\" content=\"@BiblioBlanes\" \/>\n<meta name=\"twitter:label1\" content=\"Escrit per\" \/>\n\t<meta name=\"twitter:data1\" content=\"biblioblanes\" \/>\n\t<meta name=\"twitter:label2\" content=\"Temps estimat de lectura\" \/>\n\t<meta name=\"twitter:data2\" content=\"3 minuts\" \/>\n<script type=\"application\/ld+json\" class=\"yoast-schema-graph\">{\"@context\":\"https:\\\/\\\/schema.org\",\"@graph\":[{\"@type\":\"Article\",\"@id\":\"https:\\\/\\\/biblioteca.blanes.cat\\\/salajove\\\/2025\\\/06\\\/27\\\/club-de-lectura-juvenil-emblanats-tauo-blanc-comiat\\\/#article\",\"isPartOf\":{\"@id\":\"https:\\\/\\\/biblioteca.blanes.cat\\\/salajove\\\/2025\\\/06\\\/27\\\/club-de-lectura-juvenil-emblanats-tauo-blanc-comiat\\\/\"},\"author\":{\"name\":\"biblioblanes\",\"@id\":\"https:\\\/\\\/biblioteca.blanes.cat\\\/salajove\\\/#\\\/schema\\\/person\\\/5a7b46760d9dd611d098bbf571a341dc\"},\"headline\":\"Club de Lectura Juvenil #emblanats: Taur\u00f3 Blanc (COMIAT)\",\"datePublished\":\"2025-06-27T17:19:00+00:00\",\"dateModified\":\"2025-09-03T17:14:37+00:00\",\"mainEntityOfPage\":{\"@id\":\"https:\\\/\\\/biblioteca.blanes.cat\\\/salajove\\\/2025\\\/06\\\/27\\\/club-de-lectura-juvenil-emblanats-tauo-blanc-comiat\\\/\"},\"wordCount\":327,\"commentCount\":0,\"publisher\":{\"@id\":\"https:\\\/\\\/biblioteca.blanes.cat\\\/salajove\\\/#organization\"},\"image\":{\"@id\":\"https:\\\/\\\/biblioteca.blanes.cat\\\/salajove\\\/2025\\\/06\\\/27\\\/club-de-lectura-juvenil-emblanats-tauo-blanc-comiat\\\/#primaryimage\"},\"thumbnailUrl\":\"https:\\\/\\\/biblioteca.blanes.cat\\\/salajove\\\/wp-content\\\/uploads\\\/sites\\\/3\\\/2025\\\/06\\\/FOTOS-CLJ-COMPRIMIDES-3-scaled.jpg\",\"keywords\":[\"#Activitats\",\"#Activitats #Actualitat #Joves\",\"#Actualitat\",\"#ClubdeLectura\",\"#Joves\",\"#Lectura\",\"#Literatura\",\"#Llibres\"],\"articleSection\":[\"Club de Lectura\"],\"inLanguage\":\"ca\",\"potentialAction\":[{\"@type\":\"CommentAction\",\"name\":\"Comment\",\"target\":[\"https:\\\/\\\/biblioteca.blanes.cat\\\/salajove\\\/2025\\\/06\\\/27\\\/club-de-lectura-juvenil-emblanats-tauo-blanc-comiat\\\/#respond\"]}]},{\"@type\":\"WebPage\",\"@id\":\"https:\\\/\\\/biblioteca.blanes.cat\\\/salajove\\\/2025\\\/06\\\/27\\\/club-de-lectura-juvenil-emblanats-tauo-blanc-comiat\\\/\",\"url\":\"https:\\\/\\\/biblioteca.blanes.cat\\\/salajove\\\/2025\\\/06\\\/27\\\/club-de-lectura-juvenil-emblanats-tauo-blanc-comiat\\\/\",\"name\":\"Club de Lectura Juvenil #emblanats: Taur\u00f3 Blanc (COMIAT) - Sala Jove\",\"isPartOf\":{\"@id\":\"https:\\\/\\\/biblioteca.blanes.cat\\\/salajove\\\/#website\"},\"primaryImageOfPage\":{\"@id\":\"https:\\\/\\\/biblioteca.blanes.cat\\\/salajove\\\/2025\\\/06\\\/27\\\/club-de-lectura-juvenil-emblanats-tauo-blanc-comiat\\\/#primaryimage\"},\"image\":{\"@id\":\"https:\\\/\\\/biblioteca.blanes.cat\\\/salajove\\\/2025\\\/06\\\/27\\\/club-de-lectura-juvenil-emblanats-tauo-blanc-comiat\\\/#primaryimage\"},\"thumbnailUrl\":\"https:\\\/\\\/biblioteca.blanes.cat\\\/salajove\\\/wp-content\\\/uploads\\\/sites\\\/3\\\/2025\\\/06\\\/FOTOS-CLJ-COMPRIMIDES-3-scaled.jpg\",\"datePublished\":\"2025-06-27T17:19:00+00:00\",\"dateModified\":\"2025-09-03T17:14:37+00:00\",\"breadcrumb\":{\"@id\":\"https:\\\/\\\/biblioteca.blanes.cat\\\/salajove\\\/2025\\\/06\\\/27\\\/club-de-lectura-juvenil-emblanats-tauo-blanc-comiat\\\/#breadcrumb\"},\"inLanguage\":\"ca\",\"potentialAction\":[{\"@type\":\"ReadAction\",\"target\":[\"https:\\\/\\\/biblioteca.blanes.cat\\\/salajove\\\/2025\\\/06\\\/27\\\/club-de-lectura-juvenil-emblanats-tauo-blanc-comiat\\\/\"]}]},{\"@type\":\"ImageObject\",\"inLanguage\":\"ca\",\"@id\":\"https:\\\/\\\/biblioteca.blanes.cat\\\/salajove\\\/2025\\\/06\\\/27\\\/club-de-lectura-juvenil-emblanats-tauo-blanc-comiat\\\/#primaryimage\",\"url\":\"https:\\\/\\\/biblioteca.blanes.cat\\\/salajove\\\/wp-content\\\/uploads\\\/sites\\\/3\\\/2025\\\/06\\\/FOTOS-CLJ-COMPRIMIDES-3-scaled.jpg\",\"contentUrl\":\"https:\\\/\\\/biblioteca.blanes.cat\\\/salajove\\\/wp-content\\\/uploads\\\/sites\\\/3\\\/2025\\\/06\\\/FOTOS-CLJ-COMPRIMIDES-3-scaled.jpg\",\"width\":1920,\"height\":2560},{\"@type\":\"BreadcrumbList\",\"@id\":\"https:\\\/\\\/biblioteca.blanes.cat\\\/salajove\\\/2025\\\/06\\\/27\\\/club-de-lectura-juvenil-emblanats-tauo-blanc-comiat\\\/#breadcrumb\",\"itemListElement\":[{\"@type\":\"ListItem\",\"position\":1,\"name\":\"Inici\",\"item\":\"https:\\\/\\\/biblioteca.blanes.cat\\\/salajove\\\/\"},{\"@type\":\"ListItem\",\"position\":2,\"name\":\"Club de Lectura Juvenil #emblanats: Taur\u00f3 Blanc (COMIAT)\"}]},{\"@type\":\"WebSite\",\"@id\":\"https:\\\/\\\/biblioteca.blanes.cat\\\/salajove\\\/#website\",\"url\":\"https:\\\/\\\/biblioteca.blanes.cat\\\/salajove\\\/\",\"name\":\"Sala Jove\",\"description\":\"Biblioteca Comarcal de Blanes\",\"publisher\":{\"@id\":\"https:\\\/\\\/biblioteca.blanes.cat\\\/salajove\\\/#organization\"},\"potentialAction\":[{\"@type\":\"SearchAction\",\"target\":{\"@type\":\"EntryPoint\",\"urlTemplate\":\"https:\\\/\\\/biblioteca.blanes.cat\\\/salajove\\\/?s={search_term_string}\"},\"query-input\":{\"@type\":\"PropertyValueSpecification\",\"valueRequired\":true,\"valueName\":\"search_term_string\"}}],\"inLanguage\":\"ca\"},{\"@type\":\"Organization\",\"@id\":\"https:\\\/\\\/biblioteca.blanes.cat\\\/salajove\\\/#organization\",\"name\":\"Biblioteca Comarcal de Blanes\",\"url\":\"https:\\\/\\\/biblioteca.blanes.cat\\\/salajove\\\/\",\"logo\":{\"@type\":\"ImageObject\",\"inLanguage\":\"ca\",\"@id\":\"https:\\\/\\\/biblioteca.blanes.cat\\\/salajove\\\/#\\\/schema\\\/logo\\\/image\\\/\",\"url\":\"https:\\\/\\\/biblioteca.blanes.cat\\\/salajove\\\/wp-content\\\/uploads\\\/sites\\\/3\\\/2017\\\/09\\\/cropped-Bib-blau-e1518869380535.png\",\"contentUrl\":\"https:\\\/\\\/biblioteca.blanes.cat\\\/salajove\\\/wp-content\\\/uploads\\\/sites\\\/3\\\/2017\\\/09\\\/cropped-Bib-blau-e1518869380535.png\",\"width\":166,\"height\":166,\"caption\":\"Biblioteca Comarcal de Blanes\"},\"image\":{\"@id\":\"https:\\\/\\\/biblioteca.blanes.cat\\\/salajove\\\/#\\\/schema\\\/logo\\\/image\\\/\"},\"sameAs\":[\"https:\\\/\\\/www.facebook.com\\\/BilbiotecaComarcaldeBlanes\\\/\",\"https:\\\/\\\/x.com\\\/BiblioBlanes\",\"https:\\\/\\\/www.instagram.com\\\/biblioblanes\\\/\",\"https:\\\/\\\/www.pinterest.es\\\/bblanes\\\/\",\"https:\\\/\\\/www.youtube.com\\\/c\\\/BibliotecaComarcalBlanes\"]},{\"@type\":\"Person\",\"@id\":\"https:\\\/\\\/biblioteca.blanes.cat\\\/salajove\\\/#\\\/schema\\\/person\\\/5a7b46760d9dd611d098bbf571a341dc\",\"name\":\"biblioblanes\",\"image\":{\"@type\":\"ImageObject\",\"inLanguage\":\"ca\",\"@id\":\"https:\\\/\\\/secure.gravatar.com\\\/avatar\\\/6593ca6cc90e5a70939f51c95e8315483b9c281bafba597292bee47992030f99?s=96&d=mm&r=g\",\"url\":\"https:\\\/\\\/secure.gravatar.com\\\/avatar\\\/6593ca6cc90e5a70939f51c95e8315483b9c281bafba597292bee47992030f99?s=96&d=mm&r=g\",\"contentUrl\":\"https:\\\/\\\/secure.gravatar.com\\\/avatar\\\/6593ca6cc90e5a70939f51c95e8315483b9c281bafba597292bee47992030f99?s=96&d=mm&r=g\",\"caption\":\"biblioblanes\"},\"sameAs\":[\"http:\\\/\\\/www.bibgirona.cat\\\/biblioteca\\\/blanes\",\"https:\\\/\\\/x.com\\\/biblioblanes\"],\"url\":\"https:\\\/\\\/biblioteca.blanes.cat\\\/salajove\\\/author\\\/biblioblanes\\\/\"}]}<\/script>\n<!-- \/ Yoast SEO plugin. -->","yoast_head_json":{"title":"Club de Lectura Juvenil #emblanats: Taur\u00f3 Blanc (COMIAT) - Sala Jove","robots":{"index":"index","follow":"follow","max-snippet":"max-snippet:-1","max-image-preview":"max-image-preview:large","max-video-preview":"max-video-preview:-1"},"canonical":"https:\/\/biblioteca.blanes.cat\/salajove\/2025\/06\/27\/club-de-lectura-juvenil-emblanats-tauo-blanc-comiat\/","og_locale":"ca_ES","og_type":"article","og_title":"Club de Lectura Juvenil #emblanats: Taur\u00f3 Blanc (COMIAT) - Sala Jove","og_description":"El primer divendres de juny vam acomiadar el Club de Lectura Juvenil #emblanats! Per celebrar la Setmana del Mar vam llegir el c\u00f2mic Taur\u00f3 Blanc, de Genie Espinosa, un c\u00f2mic que s\u2019ambienta a l\u2019illa de Jesmond i ens explica una","og_url":"https:\/\/biblioteca.blanes.cat\/salajove\/2025\/06\/27\/club-de-lectura-juvenil-emblanats-tauo-blanc-comiat\/","og_site_name":"Sala Jove","article_publisher":"https:\/\/www.facebook.com\/BilbiotecaComarcaldeBlanes\/","article_published_time":"2025-06-27T17:19:00+00:00","article_modified_time":"2025-09-03T17:14:37+00:00","og_image":[{"width":1920,"height":2560,"url":"https:\/\/biblioteca.blanes.cat\/salajove\/wp-content\/uploads\/sites\/3\/2025\/06\/FOTOS-CLJ-COMPRIMIDES-3-scaled.jpg","type":"image\/jpeg"}],"author":"biblioblanes","twitter_card":"summary_large_image","twitter_creator":"@biblioblanes","twitter_site":"@BiblioBlanes","twitter_misc":{"Escrit per":"biblioblanes","Temps estimat de lectura":"3 minuts"},"schema":{"@context":"https:\/\/schema.org","@graph":[{"@type":"Article","@id":"https:\/\/biblioteca.blanes.cat\/salajove\/2025\/06\/27\/club-de-lectura-juvenil-emblanats-tauo-blanc-comiat\/#article","isPartOf":{"@id":"https:\/\/biblioteca.blanes.cat\/salajove\/2025\/06\/27\/club-de-lectura-juvenil-emblanats-tauo-blanc-comiat\/"},"author":{"name":"biblioblanes","@id":"https:\/\/biblioteca.blanes.cat\/salajove\/#\/schema\/person\/5a7b46760d9dd611d098bbf571a341dc"},"headline":"Club de Lectura Juvenil #emblanats: Taur\u00f3 Blanc (COMIAT)","datePublished":"2025-06-27T17:19:00+00:00","dateModified":"2025-09-03T17:14:37+00:00","mainEntityOfPage":{"@id":"https:\/\/biblioteca.blanes.cat\/salajove\/2025\/06\/27\/club-de-lectura-juvenil-emblanats-tauo-blanc-comiat\/"},"wordCount":327,"commentCount":0,"publisher":{"@id":"https:\/\/biblioteca.blanes.cat\/salajove\/#organization"},"image":{"@id":"https:\/\/biblioteca.blanes.cat\/salajove\/2025\/06\/27\/club-de-lectura-juvenil-emblanats-tauo-blanc-comiat\/#primaryimage"},"thumbnailUrl":"https:\/\/biblioteca.blanes.cat\/salajove\/wp-content\/uploads\/sites\/3\/2025\/06\/FOTOS-CLJ-COMPRIMIDES-3-scaled.jpg","keywords":["#Activitats","#Activitats #Actualitat #Joves","#Actualitat","#ClubdeLectura","#Joves","#Lectura","#Literatura","#Llibres"],"articleSection":["Club de Lectura"],"inLanguage":"ca","potentialAction":[{"@type":"CommentAction","name":"Comment","target":["https:\/\/biblioteca.blanes.cat\/salajove\/2025\/06\/27\/club-de-lectura-juvenil-emblanats-tauo-blanc-comiat\/#respond"]}]},{"@type":"WebPage","@id":"https:\/\/biblioteca.blanes.cat\/salajove\/2025\/06\/27\/club-de-lectura-juvenil-emblanats-tauo-blanc-comiat\/","url":"https:\/\/biblioteca.blanes.cat\/salajove\/2025\/06\/27\/club-de-lectura-juvenil-emblanats-tauo-blanc-comiat\/","name":"Club de Lectura Juvenil #emblanats: Taur\u00f3 Blanc (COMIAT) - Sala Jove","isPartOf":{"@id":"https:\/\/biblioteca.blanes.cat\/salajove\/#website"},"primaryImageOfPage":{"@id":"https:\/\/biblioteca.blanes.cat\/salajove\/2025\/06\/27\/club-de-lectura-juvenil-emblanats-tauo-blanc-comiat\/#primaryimage"},"image":{"@id":"https:\/\/biblioteca.blanes.cat\/salajove\/2025\/06\/27\/club-de-lectura-juvenil-emblanats-tauo-blanc-comiat\/#primaryimage"},"thumbnailUrl":"https:\/\/biblioteca.blanes.cat\/salajove\/wp-content\/uploads\/sites\/3\/2025\/06\/FOTOS-CLJ-COMPRIMIDES-3-scaled.jpg","datePublished":"2025-06-27T17:19:00+00:00","dateModified":"2025-09-03T17:14:37+00:00","breadcrumb":{"@id":"https:\/\/biblioteca.blanes.cat\/salajove\/2025\/06\/27\/club-de-lectura-juvenil-emblanats-tauo-blanc-comiat\/#breadcrumb"},"inLanguage":"ca","potentialAction":[{"@type":"ReadAction","target":["https:\/\/biblioteca.blanes.cat\/salajove\/2025\/06\/27\/club-de-lectura-juvenil-emblanats-tauo-blanc-comiat\/"]}]},{"@type":"ImageObject","inLanguage":"ca","@id":"https:\/\/biblioteca.blanes.cat\/salajove\/2025\/06\/27\/club-de-lectura-juvenil-emblanats-tauo-blanc-comiat\/#primaryimage","url":"https:\/\/biblioteca.blanes.cat\/salajove\/wp-content\/uploads\/sites\/3\/2025\/06\/FOTOS-CLJ-COMPRIMIDES-3-scaled.jpg","contentUrl":"https:\/\/biblioteca.blanes.cat\/salajove\/wp-content\/uploads\/sites\/3\/2025\/06\/FOTOS-CLJ-COMPRIMIDES-3-scaled.jpg","width":1920,"height":2560},{"@type":"BreadcrumbList","@id":"https:\/\/biblioteca.blanes.cat\/salajove\/2025\/06\/27\/club-de-lectura-juvenil-emblanats-tauo-blanc-comiat\/#breadcrumb","itemListElement":[{"@type":"ListItem","position":1,"name":"Inici","item":"https:\/\/biblioteca.blanes.cat\/salajove\/"},{"@type":"ListItem","position":2,"name":"Club de Lectura Juvenil #emblanats: Taur\u00f3 Blanc (COMIAT)"}]},{"@type":"WebSite","@id":"https:\/\/biblioteca.blanes.cat\/salajove\/#website","url":"https:\/\/biblioteca.blanes.cat\/salajove\/","name":"Sala Jove","description":"Biblioteca Comarcal de Blanes","publisher":{"@id":"https:\/\/biblioteca.blanes.cat\/salajove\/#organization"},"potentialAction":[{"@type":"SearchAction","target":{"@type":"EntryPoint","urlTemplate":"https:\/\/biblioteca.blanes.cat\/salajove\/?s={search_term_string}"},"query-input":{"@type":"PropertyValueSpecification","valueRequired":true,"valueName":"search_term_string"}}],"inLanguage":"ca"},{"@type":"Organization","@id":"https:\/\/biblioteca.blanes.cat\/salajove\/#organization","name":"Biblioteca Comarcal de Blanes","url":"https:\/\/biblioteca.blanes.cat\/salajove\/","logo":{"@type":"ImageObject","inLanguage":"ca","@id":"https:\/\/biblioteca.blanes.cat\/salajove\/#\/schema\/logo\/image\/","url":"https:\/\/biblioteca.blanes.cat\/salajove\/wp-content\/uploads\/sites\/3\/2017\/09\/cropped-Bib-blau-e1518869380535.png","contentUrl":"https:\/\/biblioteca.blanes.cat\/salajove\/wp-content\/uploads\/sites\/3\/2017\/09\/cropped-Bib-blau-e1518869380535.png","width":166,"height":166,"caption":"Biblioteca Comarcal de Blanes"},"image":{"@id":"https:\/\/biblioteca.blanes.cat\/salajove\/#\/schema\/logo\/image\/"},"sameAs":["https:\/\/www.facebook.com\/BilbiotecaComarcaldeBlanes\/","https:\/\/x.com\/BiblioBlanes","https:\/\/www.instagram.com\/biblioblanes\/","https:\/\/www.pinterest.es\/bblanes\/","https:\/\/www.youtube.com\/c\/BibliotecaComarcalBlanes"]},{"@type":"Person","@id":"https:\/\/biblioteca.blanes.cat\/salajove\/#\/schema\/person\/5a7b46760d9dd611d098bbf571a341dc","name":"biblioblanes","image":{"@type":"ImageObject","inLanguage":"ca","@id":"https:\/\/secure.gravatar.com\/avatar\/6593ca6cc90e5a70939f51c95e8315483b9c281bafba597292bee47992030f99?s=96&d=mm&r=g","url":"https:\/\/secure.gravatar.com\/avatar\/6593ca6cc90e5a70939f51c95e8315483b9c281bafba597292bee47992030f99?s=96&d=mm&r=g","contentUrl":"https:\/\/secure.gravatar.com\/avatar\/6593ca6cc90e5a70939f51c95e8315483b9c281bafba597292bee47992030f99?s=96&d=mm&r=g","caption":"biblioblanes"},"sameAs":["http:\/\/www.bibgirona.cat\/biblioteca\/blanes","https:\/\/x.com\/biblioblanes"],"url":"https:\/\/biblioteca.blanes.cat\/salajove\/author\/biblioblanes\/"}]}},"_links":{"self":[{"href":"https:\/\/biblioteca.blanes.cat\/salajove\/wp-json\/wp\/v2\/posts\/9850","targetHints":{"allow":["GET"]}}],"collection":[{"href":"https:\/\/biblioteca.blanes.cat\/salajove\/wp-json\/wp\/v2\/posts"}],"about":[{"href":"https:\/\/biblioteca.blanes.cat\/salajove\/wp-json\/wp\/v2\/types\/post"}],"author":[{"embeddable":true,"href":"https:\/\/biblioteca.blanes.cat\/salajove\/wp-json\/wp\/v2\/users\/4"}],"replies":[{"embeddable":true,"href":"https:\/\/biblioteca.blanes.cat\/salajove\/wp-json\/wp\/v2\/comments?post=9850"}],"version-history":[{"count":5,"href":"https:\/\/biblioteca.blanes.cat\/salajove\/wp-json\/wp\/v2\/posts\/9850\/revisions"}],"predecessor-version":[{"id":9864,"href":"https:\/\/biblioteca.blanes.cat\/salajove\/wp-json\/wp\/v2\/posts\/9850\/revisions\/9864"}],"wp:featuredmedia":[{"embeddable":true,"href":"https:\/\/biblioteca.blanes.cat\/salajove\/wp-json\/wp\/v2\/media\/9852"}],"wp:attachment":[{"href":"https:\/\/biblioteca.blanes.cat\/salajove\/wp-json\/wp\/v2\/media?parent=9850"}],"wp:term":[{"taxonomy":"category","embeddable":true,"href":"https:\/\/biblioteca.blanes.cat\/salajove\/wp-json\/wp\/v2\/categories?post=9850"},{"taxonomy":"post_tag","embeddable":true,"href":"https:\/\/biblioteca.blanes.cat\/salajove\/wp-json\/wp\/v2\/tags?post=9850"}],"curies":[{"name":"wp","href":"https:\/\/api.w.org\/{rel}","templated":true}]}}