{"id":9821,"date":"2025-01-28T18:47:00","date_gmt":"2025-01-28T17:47:00","guid":{"rendered":"https:\/\/biblioteca.blanes.cat\/salajove\/?p=9821"},"modified":"2025-06-06T18:56:47","modified_gmt":"2025-06-06T17:56:47","slug":"onze-anys-2025","status":"publish","type":"post","link":"https:\/\/biblioteca.blanes.cat\/salajove\/2025\/01\/28\/onze-anys-2025\/","title":{"rendered":"Onze anys (2025)"},"content":{"rendered":"\n<p><strong>El 24 de gener la Biblioteca Jove va celebrar 11 anys<\/strong> i per celebrar-ho vam programar tres activitats per als m\u00e9s joves per\u00f2 tamb\u00e9 per a tot el p\u00fablic.<\/p>\n<p>Al mat\u00ed, al primer pis, vam acollir la presentaci\u00f3 d\u2019una nova edici\u00f3 del <strong>Fes-me pensar, el concurs de fotografia filos\u00f2fica per a joves<\/strong>. Hi van assistir un total de 250 alumnes dels diferents instituts de Blanes. Esperem que hi hagi una bona participaci\u00f3. L\u201911 d\u2019abril farem l\u2019entrega de premis.<\/p>\n<p><a href=\"https:\/\/biblioteca.blanes.cat\/salajove\/2025\/01\/28\/onze-anys-2025\/biblioblanes_3rfesmepensar_tretdesortida_24012025-1\/\" rel=\"attachment wp-att-9822\"><img fetchpriority=\"high\" decoding=\"async\" class=\"size-medium wp-image-9822 alignleft\" src=\"https:\/\/biblioteca.blanes.cat\/salajove\/wp-content\/uploads\/sites\/3\/2025\/06\/BiblioBlanes_3rFesMePensar_Tretdesortida_24012025-1-300x225.jpeg\" alt=\"\" width=\"300\" height=\"225\" srcset=\"https:\/\/biblioteca.blanes.cat\/salajove\/wp-content\/uploads\/sites\/3\/2025\/06\/BiblioBlanes_3rFesMePensar_Tretdesortida_24012025-1-300x225.jpeg 300w, https:\/\/biblioteca.blanes.cat\/salajove\/wp-content\/uploads\/sites\/3\/2025\/06\/BiblioBlanes_3rFesMePensar_Tretdesortida_24012025-1-1024x768.jpeg 1024w, https:\/\/biblioteca.blanes.cat\/salajove\/wp-content\/uploads\/sites\/3\/2025\/06\/BiblioBlanes_3rFesMePensar_Tretdesortida_24012025-1-768x576.jpeg 768w, https:\/\/biblioteca.blanes.cat\/salajove\/wp-content\/uploads\/sites\/3\/2025\/06\/BiblioBlanes_3rFesMePensar_Tretdesortida_24012025-1-1536x1152.jpeg 1536w, https:\/\/biblioteca.blanes.cat\/salajove\/wp-content\/uploads\/sites\/3\/2025\/06\/BiblioBlanes_3rFesMePensar_Tretdesortida_24012025-1.jpeg 2048w\" sizes=\"(max-width: 300px) 100vw, 300px\" \/><\/a> <a href=\"https:\/\/biblioteca.blanes.cat\/salajove\/2025\/01\/28\/onze-anys-2025\/biblioblanes_3rfesmepensar_tretdesortida_24012025-10\/\" rel=\"attachment wp-att-9823\"><img decoding=\"async\" class=\"size-medium wp-image-9823 alignleft\" src=\"https:\/\/biblioteca.blanes.cat\/salajove\/wp-content\/uploads\/sites\/3\/2025\/06\/BiblioBlanes_3rFesMePensar_Tretdesortida_24012025-10-300x225.jpeg\" alt=\"\" width=\"300\" height=\"225\" srcset=\"https:\/\/biblioteca.blanes.cat\/salajove\/wp-content\/uploads\/sites\/3\/2025\/06\/BiblioBlanes_3rFesMePensar_Tretdesortida_24012025-10-300x225.jpeg 300w, https:\/\/biblioteca.blanes.cat\/salajove\/wp-content\/uploads\/sites\/3\/2025\/06\/BiblioBlanes_3rFesMePensar_Tretdesortida_24012025-10-1024x768.jpeg 1024w, https:\/\/biblioteca.blanes.cat\/salajove\/wp-content\/uploads\/sites\/3\/2025\/06\/BiblioBlanes_3rFesMePensar_Tretdesortida_24012025-10-768x576.jpeg 768w, https:\/\/biblioteca.blanes.cat\/salajove\/wp-content\/uploads\/sites\/3\/2025\/06\/BiblioBlanes_3rFesMePensar_Tretdesortida_24012025-10-1536x1152.jpeg 1536w, https:\/\/biblioteca.blanes.cat\/salajove\/wp-content\/uploads\/sites\/3\/2025\/06\/BiblioBlanes_3rFesMePensar_Tretdesortida_24012025-10.jpeg 2048w\" sizes=\"(max-width: 300px) 100vw, 300px\" \/><\/a> <a href=\"https:\/\/biblioteca.blanes.cat\/salajove\/2025\/01\/28\/onze-anys-2025\/biblioblanes_3rfesmepensar_tretdesortida_24012025-17\/\" rel=\"attachment wp-att-9824\"><img decoding=\"async\" class=\"size-medium wp-image-9824 alignleft\" src=\"https:\/\/biblioteca.blanes.cat\/salajove\/wp-content\/uploads\/sites\/3\/2025\/06\/BiblioBlanes_3rFesMePensar_Tretdesortida_24012025-17-300x225.jpeg\" alt=\"\" width=\"300\" height=\"225\" srcset=\"https:\/\/biblioteca.blanes.cat\/salajove\/wp-content\/uploads\/sites\/3\/2025\/06\/BiblioBlanes_3rFesMePensar_Tretdesortida_24012025-17-300x225.jpeg 300w, https:\/\/biblioteca.blanes.cat\/salajove\/wp-content\/uploads\/sites\/3\/2025\/06\/BiblioBlanes_3rFesMePensar_Tretdesortida_24012025-17-1024x768.jpeg 1024w, https:\/\/biblioteca.blanes.cat\/salajove\/wp-content\/uploads\/sites\/3\/2025\/06\/BiblioBlanes_3rFesMePensar_Tretdesortida_24012025-17-768x576.jpeg 768w, https:\/\/biblioteca.blanes.cat\/salajove\/wp-content\/uploads\/sites\/3\/2025\/06\/BiblioBlanes_3rFesMePensar_Tretdesortida_24012025-17-1536x1152.jpeg 1536w, https:\/\/biblioteca.blanes.cat\/salajove\/wp-content\/uploads\/sites\/3\/2025\/06\/BiblioBlanes_3rFesMePensar_Tretdesortida_24012025-17.jpeg 2048w\" sizes=\"(max-width: 300px) 100vw, 300px\" \/><\/a><\/p>\n<p>\u00a0<\/p>\n<p>\u00a0<\/p>\n<p>\u00a0<\/p>\n<p>\u00a0<\/p>\n<p>\u00a0<\/p>\n<p>\u00a0<\/p>\n<p>\u00a0<\/p>\n<p>\u00a0<\/p>\n<p>\u00a0<\/p>\n<p>\u00a0<\/p>\n<p>\u00a0<\/p>\n<p>\u00a0<\/p>\n<p>\u00a0<\/p>\n<p>A la tarda, a la Sala Jove, l\u2019<strong>espai jove Nau4<\/strong> va fer una mostra art\u00edstica molt xula en la qual hi van participar diferents joves amb les seves <strong>propostes teatrals (improshows) i musicals<\/strong>. Tot un \u00e8xit!<\/p>\n<p><a href=\"https:\/\/biblioteca.blanes.cat\/salajove\/2025\/01\/28\/onze-anys-2025\/biblioblanes_nau4_mostratallers_21012025-14\/\" rel=\"attachment wp-att-9827\"><img loading=\"lazy\" decoding=\"async\" class=\"size-medium wp-image-9827 alignleft\" src=\"https:\/\/biblioteca.blanes.cat\/salajove\/wp-content\/uploads\/sites\/3\/2025\/06\/BiblioBlanes_Nau4_MostraTallers_21012025-14-300x225.jpeg\" alt=\"\" width=\"300\" height=\"225\" srcset=\"https:\/\/biblioteca.blanes.cat\/salajove\/wp-content\/uploads\/sites\/3\/2025\/06\/BiblioBlanes_Nau4_MostraTallers_21012025-14-300x225.jpeg 300w, https:\/\/biblioteca.blanes.cat\/salajove\/wp-content\/uploads\/sites\/3\/2025\/06\/BiblioBlanes_Nau4_MostraTallers_21012025-14-1024x768.jpeg 1024w, https:\/\/biblioteca.blanes.cat\/salajove\/wp-content\/uploads\/sites\/3\/2025\/06\/BiblioBlanes_Nau4_MostraTallers_21012025-14-768x576.jpeg 768w, https:\/\/biblioteca.blanes.cat\/salajove\/wp-content\/uploads\/sites\/3\/2025\/06\/BiblioBlanes_Nau4_MostraTallers_21012025-14-1536x1152.jpeg 1536w, https:\/\/biblioteca.blanes.cat\/salajove\/wp-content\/uploads\/sites\/3\/2025\/06\/BiblioBlanes_Nau4_MostraTallers_21012025-14.jpeg 2048w\" sizes=\"(max-width: 300px) 100vw, 300px\" \/><\/a> <a href=\"https:\/\/biblioteca.blanes.cat\/salajove\/2025\/01\/28\/onze-anys-2025\/biblioblanes_nau4_mostratallers_21012025-7\/\" rel=\"attachment wp-att-9826\"><img loading=\"lazy\" decoding=\"async\" class=\"size-medium wp-image-9826 alignleft\" src=\"https:\/\/biblioteca.blanes.cat\/salajove\/wp-content\/uploads\/sites\/3\/2025\/06\/BiblioBlanes_Nau4_MostraTallers_21012025-7-300x225.jpeg\" alt=\"\" width=\"300\" height=\"225\" srcset=\"https:\/\/biblioteca.blanes.cat\/salajove\/wp-content\/uploads\/sites\/3\/2025\/06\/BiblioBlanes_Nau4_MostraTallers_21012025-7-300x225.jpeg 300w, https:\/\/biblioteca.blanes.cat\/salajove\/wp-content\/uploads\/sites\/3\/2025\/06\/BiblioBlanes_Nau4_MostraTallers_21012025-7-1024x768.jpeg 1024w, https:\/\/biblioteca.blanes.cat\/salajove\/wp-content\/uploads\/sites\/3\/2025\/06\/BiblioBlanes_Nau4_MostraTallers_21012025-7-768x576.jpeg 768w, https:\/\/biblioteca.blanes.cat\/salajove\/wp-content\/uploads\/sites\/3\/2025\/06\/BiblioBlanes_Nau4_MostraTallers_21012025-7-1536x1152.jpeg 1536w, https:\/\/biblioteca.blanes.cat\/salajove\/wp-content\/uploads\/sites\/3\/2025\/06\/BiblioBlanes_Nau4_MostraTallers_21012025-7.jpeg 2048w\" sizes=\"(max-width: 300px) 100vw, 300px\" \/><\/a> <a href=\"https:\/\/biblioteca.blanes.cat\/salajove\/2025\/01\/28\/onze-anys-2025\/biblioblanes_aniversari_bibliotecajove_24012025\/\" rel=\"attachment wp-att-9825\"><img loading=\"lazy\" decoding=\"async\" class=\"size-medium wp-image-9825 alignleft\" src=\"https:\/\/biblioteca.blanes.cat\/salajove\/wp-content\/uploads\/sites\/3\/2025\/06\/BiblioBlanes_aniversari_BibliotecaJove_24012025-300x225.jpeg\" alt=\"\" width=\"300\" height=\"225\" srcset=\"https:\/\/biblioteca.blanes.cat\/salajove\/wp-content\/uploads\/sites\/3\/2025\/06\/BiblioBlanes_aniversari_BibliotecaJove_24012025-300x225.jpeg 300w, https:\/\/biblioteca.blanes.cat\/salajove\/wp-content\/uploads\/sites\/3\/2025\/06\/BiblioBlanes_aniversari_BibliotecaJove_24012025-1024x768.jpeg 1024w, https:\/\/biblioteca.blanes.cat\/salajove\/wp-content\/uploads\/sites\/3\/2025\/06\/BiblioBlanes_aniversari_BibliotecaJove_24012025-768x576.jpeg 768w, https:\/\/biblioteca.blanes.cat\/salajove\/wp-content\/uploads\/sites\/3\/2025\/06\/BiblioBlanes_aniversari_BibliotecaJove_24012025-1536x1152.jpeg 1536w, https:\/\/biblioteca.blanes.cat\/salajove\/wp-content\/uploads\/sites\/3\/2025\/06\/BiblioBlanes_aniversari_BibliotecaJove_24012025.jpeg 2048w\" sizes=\"(max-width: 300px) 100vw, 300px\" \/><\/a><\/p>\n<p>\u00a0<\/p>\n<p>\u00a0<\/p>\n<p>\u00a0<\/p>\n<p>\u00a0<\/p>\n<p>\u00a0<\/p>\n<p>\u00a0<\/p>\n<p>\u00a0<\/p>\n<p>\u00a0<\/p>\n<p>\u00a0<\/p>\n<p>\u00a0<\/p>\n<p>\u00a0<\/p>\n<p>\u00a0<\/p>\n<p>\u00a0<\/p>\n<p>Finalment, despr\u00e9s d\u2019aquesta mostra per part de Nau4, a qui agra\u00efm la col\u00b7laboraci\u00f3, vam presentar <strong><em>De cenyida<\/em><\/strong>, un llibre escrit per <strong>quatre participants del Taller d\u2019Escriptura Jove condu\u00eft per Montserrat Medalla<\/strong> i que podeu trobar a la biblioteca.<\/p>\n<p><a href=\"https:\/\/biblioteca.blanes.cat\/salajove\/2025\/01\/28\/onze-anys-2025\/biblioblanes_presentaciodecenyida_tallerescripturajove_24012025-2\/\" rel=\"attachment wp-att-9829\"><img loading=\"lazy\" decoding=\"async\" class=\"size-medium wp-image-9829 alignleft\" src=\"https:\/\/biblioteca.blanes.cat\/salajove\/wp-content\/uploads\/sites\/3\/2025\/06\/BiblioBlanes_presentacioDeCenyida_TallerEscripturaJove_24012025-2-300x225.jpeg\" alt=\"\" width=\"300\" height=\"225\" srcset=\"https:\/\/biblioteca.blanes.cat\/salajove\/wp-content\/uploads\/sites\/3\/2025\/06\/BiblioBlanes_presentacioDeCenyida_TallerEscripturaJove_24012025-2-300x225.jpeg 300w, https:\/\/biblioteca.blanes.cat\/salajove\/wp-content\/uploads\/sites\/3\/2025\/06\/BiblioBlanes_presentacioDeCenyida_TallerEscripturaJove_24012025-2-1024x768.jpeg 1024w, https:\/\/biblioteca.blanes.cat\/salajove\/wp-content\/uploads\/sites\/3\/2025\/06\/BiblioBlanes_presentacioDeCenyida_TallerEscripturaJove_24012025-2-768x576.jpeg 768w, https:\/\/biblioteca.blanes.cat\/salajove\/wp-content\/uploads\/sites\/3\/2025\/06\/BiblioBlanes_presentacioDeCenyida_TallerEscripturaJove_24012025-2-1536x1152.jpeg 1536w, https:\/\/biblioteca.blanes.cat\/salajove\/wp-content\/uploads\/sites\/3\/2025\/06\/BiblioBlanes_presentacioDeCenyida_TallerEscripturaJove_24012025-2.jpeg 2048w\" sizes=\"(max-width: 300px) 100vw, 300px\" \/><\/a><a href=\"https:\/\/biblioteca.blanes.cat\/salajove\/2025\/01\/28\/onze-anys-2025\/biblioblanes_presentaciodecenyida_tallerescripturajove_24012025-1\/\" rel=\"attachment wp-att-9828\"><img loading=\"lazy\" decoding=\"async\" class=\"size-medium wp-image-9828 alignleft\" src=\"https:\/\/biblioteca.blanes.cat\/salajove\/wp-content\/uploads\/sites\/3\/2025\/06\/BiblioBlanes_presentacioDeCenyida_TallerEscripturaJove_24012025-1-300x225.jpeg\" alt=\"\" width=\"300\" height=\"225\" srcset=\"https:\/\/biblioteca.blanes.cat\/salajove\/wp-content\/uploads\/sites\/3\/2025\/06\/BiblioBlanes_presentacioDeCenyida_TallerEscripturaJove_24012025-1-300x225.jpeg 300w, https:\/\/biblioteca.blanes.cat\/salajove\/wp-content\/uploads\/sites\/3\/2025\/06\/BiblioBlanes_presentacioDeCenyida_TallerEscripturaJove_24012025-1-1024x768.jpeg 1024w, https:\/\/biblioteca.blanes.cat\/salajove\/wp-content\/uploads\/sites\/3\/2025\/06\/BiblioBlanes_presentacioDeCenyida_TallerEscripturaJove_24012025-1-768x576.jpeg 768w, https:\/\/biblioteca.blanes.cat\/salajove\/wp-content\/uploads\/sites\/3\/2025\/06\/BiblioBlanes_presentacioDeCenyida_TallerEscripturaJove_24012025-1-1536x1152.jpeg 1536w, https:\/\/biblioteca.blanes.cat\/salajove\/wp-content\/uploads\/sites\/3\/2025\/06\/BiblioBlanes_presentacioDeCenyida_TallerEscripturaJove_24012025-1.jpeg 2048w\" sizes=\"(max-width: 300px) 100vw, 300px\" \/><\/a><a href=\"https:\/\/biblioteca.blanes.cat\/salajove\/2025\/01\/28\/onze-anys-2025\/biblioblanes_presentaciodecenyida_tallerescripturajove_24012025-1\/\" rel=\"attachment wp-att-9828\"><img loading=\"lazy\" decoding=\"async\" class=\"size-medium wp-image-9828 alignleft\" src=\"https:\/\/biblioteca.blanes.cat\/salajove\/wp-content\/uploads\/sites\/3\/2025\/06\/BiblioBlanes_presentacioDeCenyida_TallerEscripturaJove_24012025-1-300x225.jpeg\" alt=\"\" width=\"300\" height=\"225\" srcset=\"https:\/\/biblioteca.blanes.cat\/salajove\/wp-content\/uploads\/sites\/3\/2025\/06\/BiblioBlanes_presentacioDeCenyida_TallerEscripturaJove_24012025-1-300x225.jpeg 300w, https:\/\/biblioteca.blanes.cat\/salajove\/wp-content\/uploads\/sites\/3\/2025\/06\/BiblioBlanes_presentacioDeCenyida_TallerEscripturaJove_24012025-1-1024x768.jpeg 1024w, https:\/\/biblioteca.blanes.cat\/salajove\/wp-content\/uploads\/sites\/3\/2025\/06\/BiblioBlanes_presentacioDeCenyida_TallerEscripturaJove_24012025-1-768x576.jpeg 768w, https:\/\/biblioteca.blanes.cat\/salajove\/wp-content\/uploads\/sites\/3\/2025\/06\/BiblioBlanes_presentacioDeCenyida_TallerEscripturaJove_24012025-1-1536x1152.jpeg 1536w, https:\/\/biblioteca.blanes.cat\/salajove\/wp-content\/uploads\/sites\/3\/2025\/06\/BiblioBlanes_presentacioDeCenyida_TallerEscripturaJove_24012025-1.jpeg 2048w\" sizes=\"(max-width: 300px) 100vw, 300px\" \/><\/a><\/p>\n<p>\u00a0<\/p>\n<p>\u00a0<\/p>\n<p>\u00a0<\/p>\n<p>\u00a0<\/p>\n<p>\u00a0<\/p>\n<p>\u00a0<\/p>\n<p>\u00a0<\/p>\n<p>\u00a0<\/p>\n<p>\u00a0<\/p>\n<p>\u00a0<\/p>\n<p>\u00a0<\/p>\n<p>\u00a0<\/p>\n<p>\u00a0<\/p>\n<p>\u00a0<\/p>\n<p>Gr\u00e0cies a tots per la implicaci\u00f3 i participaci\u00f3! Ja estem pensant en el 12\u00e8 aniversari!<\/p>\n","protected":false},"excerpt":{"rendered":"<p>El 24 de gener la Biblioteca Jove va celebrar 11 anys i per celebrar-ho vam programar tres activitats per als m\u00e9s joves per\u00f2 tamb\u00e9 per a tot el p\u00fablic. Al mat\u00ed, al primer pis, vam acollir la presentaci\u00f3 d\u2019una nova<\/p>\n","protected":false},"author":4,"featured_media":9823,"comment_status":"open","ping_status":"open","sticky":false,"template":"","format":"standard","meta":{"sfsi_plus_gutenberg_text_before_share":"","sfsi_plus_gutenberg_show_text_before_share":"","sfsi_plus_gutenberg_icon_type":"","sfsi_plus_gutenberg_icon_alignemt":"","sfsi_plus_gutenburg_max_per_row":"","footnotes":""},"categories":[1],"tags":[24,97,49,52,26,19,21],"class_list":["post-9821","post","type-post","status-publish","format-standard","has-post-thumbnail","hentry","category-general","tag-activitats","tag-activitats-actualitat-joves","tag-actualitat","tag-joves","tag-lectura","tag-literatura","tag-llibres"],"yoast_head":"<!-- This site is optimized with the Yoast SEO plugin v27.5 - https:\/\/yoast.com\/product\/yoast-seo-wordpress\/ -->\n<title>Onze anys (2025) - Sala Jove<\/title>\n<meta name=\"robots\" content=\"index, follow, max-snippet:-1, max-image-preview:large, max-video-preview:-1\" \/>\n<link rel=\"canonical\" href=\"https:\/\/biblioteca.blanes.cat\/salajove\/2025\/01\/28\/onze-anys-2025\/\" \/>\n<meta property=\"og:locale\" content=\"ca_ES\" \/>\n<meta property=\"og:type\" content=\"article\" \/>\n<meta property=\"og:title\" content=\"Onze anys (2025) - Sala Jove\" \/>\n<meta property=\"og:description\" content=\"El 24 de gener la Biblioteca Jove va celebrar 11 anys i per celebrar-ho vam programar tres activitats per als m\u00e9s joves per\u00f2 tamb\u00e9 per a tot el p\u00fablic. Al mat\u00ed, al primer pis, vam acollir la presentaci\u00f3 d\u2019una nova\" \/>\n<meta property=\"og:url\" content=\"https:\/\/biblioteca.blanes.cat\/salajove\/2025\/01\/28\/onze-anys-2025\/\" \/>\n<meta property=\"og:site_name\" content=\"Sala Jove\" \/>\n<meta property=\"article:publisher\" content=\"https:\/\/www.facebook.com\/BilbiotecaComarcaldeBlanes\/\" \/>\n<meta property=\"article:published_time\" content=\"2025-01-28T17:47:00+00:00\" \/>\n<meta property=\"article:modified_time\" content=\"2025-06-06T17:56:47+00:00\" \/>\n<meta property=\"og:image\" content=\"https:\/\/biblioteca.blanes.cat\/salajove\/wp-content\/uploads\/sites\/3\/2025\/06\/BiblioBlanes_3rFesMePensar_Tretdesortida_24012025-10.jpeg\" \/>\n\t<meta property=\"og:image:width\" content=\"2048\" \/>\n\t<meta property=\"og:image:height\" content=\"1536\" \/>\n\t<meta property=\"og:image:type\" content=\"image\/jpeg\" \/>\n<meta name=\"author\" content=\"biblioblanes\" \/>\n<meta name=\"twitter:card\" content=\"summary_large_image\" \/>\n<meta name=\"twitter:creator\" content=\"@biblioblanes\" \/>\n<meta name=\"twitter:site\" content=\"@BiblioBlanes\" \/>\n<meta name=\"twitter:label1\" content=\"Escrit per\" \/>\n\t<meta name=\"twitter:data1\" content=\"biblioblanes\" \/>\n\t<meta name=\"twitter:label2\" content=\"Temps estimat de lectura\" \/>\n\t<meta name=\"twitter:data2\" content=\"3 minuts\" \/>\n<script type=\"application\/ld+json\" class=\"yoast-schema-graph\">{\"@context\":\"https:\\\/\\\/schema.org\",\"@graph\":[{\"@type\":\"Article\",\"@id\":\"https:\\\/\\\/biblioteca.blanes.cat\\\/salajove\\\/2025\\\/01\\\/28\\\/onze-anys-2025\\\/#article\",\"isPartOf\":{\"@id\":\"https:\\\/\\\/biblioteca.blanes.cat\\\/salajove\\\/2025\\\/01\\\/28\\\/onze-anys-2025\\\/\"},\"author\":{\"name\":\"biblioblanes\",\"@id\":\"https:\\\/\\\/biblioteca.blanes.cat\\\/salajove\\\/#\\\/schema\\\/person\\\/5a7b46760d9dd611d098bbf571a341dc\"},\"headline\":\"Onze anys (2025)\",\"datePublished\":\"2025-01-28T17:47:00+00:00\",\"dateModified\":\"2025-06-06T17:56:47+00:00\",\"mainEntityOfPage\":{\"@id\":\"https:\\\/\\\/biblioteca.blanes.cat\\\/salajove\\\/2025\\\/01\\\/28\\\/onze-anys-2025\\\/\"},\"wordCount\":180,\"commentCount\":0,\"publisher\":{\"@id\":\"https:\\\/\\\/biblioteca.blanes.cat\\\/salajove\\\/#organization\"},\"image\":{\"@id\":\"https:\\\/\\\/biblioteca.blanes.cat\\\/salajove\\\/2025\\\/01\\\/28\\\/onze-anys-2025\\\/#primaryimage\"},\"thumbnailUrl\":\"https:\\\/\\\/biblioteca.blanes.cat\\\/salajove\\\/wp-content\\\/uploads\\\/sites\\\/3\\\/2025\\\/06\\\/BiblioBlanes_3rFesMePensar_Tretdesortida_24012025-10.jpeg\",\"keywords\":[\"#Activitats\",\"#Activitats #Actualitat #Joves\",\"#Actualitat\",\"#Joves\",\"#Lectura\",\"#Literatura\",\"#Llibres\"],\"articleSection\":[\"Not\u00edcies\"],\"inLanguage\":\"ca\",\"potentialAction\":[{\"@type\":\"CommentAction\",\"name\":\"Comment\",\"target\":[\"https:\\\/\\\/biblioteca.blanes.cat\\\/salajove\\\/2025\\\/01\\\/28\\\/onze-anys-2025\\\/#respond\"]}]},{\"@type\":\"WebPage\",\"@id\":\"https:\\\/\\\/biblioteca.blanes.cat\\\/salajove\\\/2025\\\/01\\\/28\\\/onze-anys-2025\\\/\",\"url\":\"https:\\\/\\\/biblioteca.blanes.cat\\\/salajove\\\/2025\\\/01\\\/28\\\/onze-anys-2025\\\/\",\"name\":\"Onze anys (2025) - Sala Jove\",\"isPartOf\":{\"@id\":\"https:\\\/\\\/biblioteca.blanes.cat\\\/salajove\\\/#website\"},\"primaryImageOfPage\":{\"@id\":\"https:\\\/\\\/biblioteca.blanes.cat\\\/salajove\\\/2025\\\/01\\\/28\\\/onze-anys-2025\\\/#primaryimage\"},\"image\":{\"@id\":\"https:\\\/\\\/biblioteca.blanes.cat\\\/salajove\\\/2025\\\/01\\\/28\\\/onze-anys-2025\\\/#primaryimage\"},\"thumbnailUrl\":\"https:\\\/\\\/biblioteca.blanes.cat\\\/salajove\\\/wp-content\\\/uploads\\\/sites\\\/3\\\/2025\\\/06\\\/BiblioBlanes_3rFesMePensar_Tretdesortida_24012025-10.jpeg\",\"datePublished\":\"2025-01-28T17:47:00+00:00\",\"dateModified\":\"2025-06-06T17:56:47+00:00\",\"breadcrumb\":{\"@id\":\"https:\\\/\\\/biblioteca.blanes.cat\\\/salajove\\\/2025\\\/01\\\/28\\\/onze-anys-2025\\\/#breadcrumb\"},\"inLanguage\":\"ca\",\"potentialAction\":[{\"@type\":\"ReadAction\",\"target\":[\"https:\\\/\\\/biblioteca.blanes.cat\\\/salajove\\\/2025\\\/01\\\/28\\\/onze-anys-2025\\\/\"]}]},{\"@type\":\"ImageObject\",\"inLanguage\":\"ca\",\"@id\":\"https:\\\/\\\/biblioteca.blanes.cat\\\/salajove\\\/2025\\\/01\\\/28\\\/onze-anys-2025\\\/#primaryimage\",\"url\":\"https:\\\/\\\/biblioteca.blanes.cat\\\/salajove\\\/wp-content\\\/uploads\\\/sites\\\/3\\\/2025\\\/06\\\/BiblioBlanes_3rFesMePensar_Tretdesortida_24012025-10.jpeg\",\"contentUrl\":\"https:\\\/\\\/biblioteca.blanes.cat\\\/salajove\\\/wp-content\\\/uploads\\\/sites\\\/3\\\/2025\\\/06\\\/BiblioBlanes_3rFesMePensar_Tretdesortida_24012025-10.jpeg\",\"width\":2048,\"height\":1536},{\"@type\":\"BreadcrumbList\",\"@id\":\"https:\\\/\\\/biblioteca.blanes.cat\\\/salajove\\\/2025\\\/01\\\/28\\\/onze-anys-2025\\\/#breadcrumb\",\"itemListElement\":[{\"@type\":\"ListItem\",\"position\":1,\"name\":\"Inici\",\"item\":\"https:\\\/\\\/biblioteca.blanes.cat\\\/salajove\\\/\"},{\"@type\":\"ListItem\",\"position\":2,\"name\":\"Onze anys (2025)\"}]},{\"@type\":\"WebSite\",\"@id\":\"https:\\\/\\\/biblioteca.blanes.cat\\\/salajove\\\/#website\",\"url\":\"https:\\\/\\\/biblioteca.blanes.cat\\\/salajove\\\/\",\"name\":\"Sala Jove\",\"description\":\"Biblioteca Comarcal de Blanes\",\"publisher\":{\"@id\":\"https:\\\/\\\/biblioteca.blanes.cat\\\/salajove\\\/#organization\"},\"potentialAction\":[{\"@type\":\"SearchAction\",\"target\":{\"@type\":\"EntryPoint\",\"urlTemplate\":\"https:\\\/\\\/biblioteca.blanes.cat\\\/salajove\\\/?s={search_term_string}\"},\"query-input\":{\"@type\":\"PropertyValueSpecification\",\"valueRequired\":true,\"valueName\":\"search_term_string\"}}],\"inLanguage\":\"ca\"},{\"@type\":\"Organization\",\"@id\":\"https:\\\/\\\/biblioteca.blanes.cat\\\/salajove\\\/#organization\",\"name\":\"Biblioteca Comarcal de Blanes\",\"url\":\"https:\\\/\\\/biblioteca.blanes.cat\\\/salajove\\\/\",\"logo\":{\"@type\":\"ImageObject\",\"inLanguage\":\"ca\",\"@id\":\"https:\\\/\\\/biblioteca.blanes.cat\\\/salajove\\\/#\\\/schema\\\/logo\\\/image\\\/\",\"url\":\"https:\\\/\\\/biblioteca.blanes.cat\\\/salajove\\\/wp-content\\\/uploads\\\/sites\\\/3\\\/2017\\\/09\\\/cropped-Bib-blau-e1518869380535.png\",\"contentUrl\":\"https:\\\/\\\/biblioteca.blanes.cat\\\/salajove\\\/wp-content\\\/uploads\\\/sites\\\/3\\\/2017\\\/09\\\/cropped-Bib-blau-e1518869380535.png\",\"width\":166,\"height\":166,\"caption\":\"Biblioteca Comarcal de Blanes\"},\"image\":{\"@id\":\"https:\\\/\\\/biblioteca.blanes.cat\\\/salajove\\\/#\\\/schema\\\/logo\\\/image\\\/\"},\"sameAs\":[\"https:\\\/\\\/www.facebook.com\\\/BilbiotecaComarcaldeBlanes\\\/\",\"https:\\\/\\\/x.com\\\/BiblioBlanes\",\"https:\\\/\\\/www.instagram.com\\\/biblioblanes\\\/\",\"https:\\\/\\\/www.pinterest.es\\\/bblanes\\\/\",\"https:\\\/\\\/www.youtube.com\\\/c\\\/BibliotecaComarcalBlanes\"]},{\"@type\":\"Person\",\"@id\":\"https:\\\/\\\/biblioteca.blanes.cat\\\/salajove\\\/#\\\/schema\\\/person\\\/5a7b46760d9dd611d098bbf571a341dc\",\"name\":\"biblioblanes\",\"image\":{\"@type\":\"ImageObject\",\"inLanguage\":\"ca\",\"@id\":\"https:\\\/\\\/secure.gravatar.com\\\/avatar\\\/6593ca6cc90e5a70939f51c95e8315483b9c281bafba597292bee47992030f99?s=96&d=mm&r=g\",\"url\":\"https:\\\/\\\/secure.gravatar.com\\\/avatar\\\/6593ca6cc90e5a70939f51c95e8315483b9c281bafba597292bee47992030f99?s=96&d=mm&r=g\",\"contentUrl\":\"https:\\\/\\\/secure.gravatar.com\\\/avatar\\\/6593ca6cc90e5a70939f51c95e8315483b9c281bafba597292bee47992030f99?s=96&d=mm&r=g\",\"caption\":\"biblioblanes\"},\"sameAs\":[\"http:\\\/\\\/www.bibgirona.cat\\\/biblioteca\\\/blanes\",\"https:\\\/\\\/x.com\\\/biblioblanes\"],\"url\":\"https:\\\/\\\/biblioteca.blanes.cat\\\/salajove\\\/author\\\/biblioblanes\\\/\"}]}<\/script>\n<!-- \/ Yoast SEO plugin. -->","yoast_head_json":{"title":"Onze anys (2025) - Sala Jove","robots":{"index":"index","follow":"follow","max-snippet":"max-snippet:-1","max-image-preview":"max-image-preview:large","max-video-preview":"max-video-preview:-1"},"canonical":"https:\/\/biblioteca.blanes.cat\/salajove\/2025\/01\/28\/onze-anys-2025\/","og_locale":"ca_ES","og_type":"article","og_title":"Onze anys (2025) - Sala Jove","og_description":"El 24 de gener la Biblioteca Jove va celebrar 11 anys i per celebrar-ho vam programar tres activitats per als m\u00e9s joves per\u00f2 tamb\u00e9 per a tot el p\u00fablic. Al mat\u00ed, al primer pis, vam acollir la presentaci\u00f3 d\u2019una nova","og_url":"https:\/\/biblioteca.blanes.cat\/salajove\/2025\/01\/28\/onze-anys-2025\/","og_site_name":"Sala Jove","article_publisher":"https:\/\/www.facebook.com\/BilbiotecaComarcaldeBlanes\/","article_published_time":"2025-01-28T17:47:00+00:00","article_modified_time":"2025-06-06T17:56:47+00:00","og_image":[{"width":2048,"height":1536,"url":"https:\/\/biblioteca.blanes.cat\/salajove\/wp-content\/uploads\/sites\/3\/2025\/06\/BiblioBlanes_3rFesMePensar_Tretdesortida_24012025-10.jpeg","type":"image\/jpeg"}],"author":"biblioblanes","twitter_card":"summary_large_image","twitter_creator":"@biblioblanes","twitter_site":"@BiblioBlanes","twitter_misc":{"Escrit per":"biblioblanes","Temps estimat de lectura":"3 minuts"},"schema":{"@context":"https:\/\/schema.org","@graph":[{"@type":"Article","@id":"https:\/\/biblioteca.blanes.cat\/salajove\/2025\/01\/28\/onze-anys-2025\/#article","isPartOf":{"@id":"https:\/\/biblioteca.blanes.cat\/salajove\/2025\/01\/28\/onze-anys-2025\/"},"author":{"name":"biblioblanes","@id":"https:\/\/biblioteca.blanes.cat\/salajove\/#\/schema\/person\/5a7b46760d9dd611d098bbf571a341dc"},"headline":"Onze anys (2025)","datePublished":"2025-01-28T17:47:00+00:00","dateModified":"2025-06-06T17:56:47+00:00","mainEntityOfPage":{"@id":"https:\/\/biblioteca.blanes.cat\/salajove\/2025\/01\/28\/onze-anys-2025\/"},"wordCount":180,"commentCount":0,"publisher":{"@id":"https:\/\/biblioteca.blanes.cat\/salajove\/#organization"},"image":{"@id":"https:\/\/biblioteca.blanes.cat\/salajove\/2025\/01\/28\/onze-anys-2025\/#primaryimage"},"thumbnailUrl":"https:\/\/biblioteca.blanes.cat\/salajove\/wp-content\/uploads\/sites\/3\/2025\/06\/BiblioBlanes_3rFesMePensar_Tretdesortida_24012025-10.jpeg","keywords":["#Activitats","#Activitats #Actualitat #Joves","#Actualitat","#Joves","#Lectura","#Literatura","#Llibres"],"articleSection":["Not\u00edcies"],"inLanguage":"ca","potentialAction":[{"@type":"CommentAction","name":"Comment","target":["https:\/\/biblioteca.blanes.cat\/salajove\/2025\/01\/28\/onze-anys-2025\/#respond"]}]},{"@type":"WebPage","@id":"https:\/\/biblioteca.blanes.cat\/salajove\/2025\/01\/28\/onze-anys-2025\/","url":"https:\/\/biblioteca.blanes.cat\/salajove\/2025\/01\/28\/onze-anys-2025\/","name":"Onze anys (2025) - Sala Jove","isPartOf":{"@id":"https:\/\/biblioteca.blanes.cat\/salajove\/#website"},"primaryImageOfPage":{"@id":"https:\/\/biblioteca.blanes.cat\/salajove\/2025\/01\/28\/onze-anys-2025\/#primaryimage"},"image":{"@id":"https:\/\/biblioteca.blanes.cat\/salajove\/2025\/01\/28\/onze-anys-2025\/#primaryimage"},"thumbnailUrl":"https:\/\/biblioteca.blanes.cat\/salajove\/wp-content\/uploads\/sites\/3\/2025\/06\/BiblioBlanes_3rFesMePensar_Tretdesortida_24012025-10.jpeg","datePublished":"2025-01-28T17:47:00+00:00","dateModified":"2025-06-06T17:56:47+00:00","breadcrumb":{"@id":"https:\/\/biblioteca.blanes.cat\/salajove\/2025\/01\/28\/onze-anys-2025\/#breadcrumb"},"inLanguage":"ca","potentialAction":[{"@type":"ReadAction","target":["https:\/\/biblioteca.blanes.cat\/salajove\/2025\/01\/28\/onze-anys-2025\/"]}]},{"@type":"ImageObject","inLanguage":"ca","@id":"https:\/\/biblioteca.blanes.cat\/salajove\/2025\/01\/28\/onze-anys-2025\/#primaryimage","url":"https:\/\/biblioteca.blanes.cat\/salajove\/wp-content\/uploads\/sites\/3\/2025\/06\/BiblioBlanes_3rFesMePensar_Tretdesortida_24012025-10.jpeg","contentUrl":"https:\/\/biblioteca.blanes.cat\/salajove\/wp-content\/uploads\/sites\/3\/2025\/06\/BiblioBlanes_3rFesMePensar_Tretdesortida_24012025-10.jpeg","width":2048,"height":1536},{"@type":"BreadcrumbList","@id":"https:\/\/biblioteca.blanes.cat\/salajove\/2025\/01\/28\/onze-anys-2025\/#breadcrumb","itemListElement":[{"@type":"ListItem","position":1,"name":"Inici","item":"https:\/\/biblioteca.blanes.cat\/salajove\/"},{"@type":"ListItem","position":2,"name":"Onze anys (2025)"}]},{"@type":"WebSite","@id":"https:\/\/biblioteca.blanes.cat\/salajove\/#website","url":"https:\/\/biblioteca.blanes.cat\/salajove\/","name":"Sala Jove","description":"Biblioteca Comarcal de Blanes","publisher":{"@id":"https:\/\/biblioteca.blanes.cat\/salajove\/#organization"},"potentialAction":[{"@type":"SearchAction","target":{"@type":"EntryPoint","urlTemplate":"https:\/\/biblioteca.blanes.cat\/salajove\/?s={search_term_string}"},"query-input":{"@type":"PropertyValueSpecification","valueRequired":true,"valueName":"search_term_string"}}],"inLanguage":"ca"},{"@type":"Organization","@id":"https:\/\/biblioteca.blanes.cat\/salajove\/#organization","name":"Biblioteca Comarcal de Blanes","url":"https:\/\/biblioteca.blanes.cat\/salajove\/","logo":{"@type":"ImageObject","inLanguage":"ca","@id":"https:\/\/biblioteca.blanes.cat\/salajove\/#\/schema\/logo\/image\/","url":"https:\/\/biblioteca.blanes.cat\/salajove\/wp-content\/uploads\/sites\/3\/2017\/09\/cropped-Bib-blau-e1518869380535.png","contentUrl":"https:\/\/biblioteca.blanes.cat\/salajove\/wp-content\/uploads\/sites\/3\/2017\/09\/cropped-Bib-blau-e1518869380535.png","width":166,"height":166,"caption":"Biblioteca Comarcal de Blanes"},"image":{"@id":"https:\/\/biblioteca.blanes.cat\/salajove\/#\/schema\/logo\/image\/"},"sameAs":["https:\/\/www.facebook.com\/BilbiotecaComarcaldeBlanes\/","https:\/\/x.com\/BiblioBlanes","https:\/\/www.instagram.com\/biblioblanes\/","https:\/\/www.pinterest.es\/bblanes\/","https:\/\/www.youtube.com\/c\/BibliotecaComarcalBlanes"]},{"@type":"Person","@id":"https:\/\/biblioteca.blanes.cat\/salajove\/#\/schema\/person\/5a7b46760d9dd611d098bbf571a341dc","name":"biblioblanes","image":{"@type":"ImageObject","inLanguage":"ca","@id":"https:\/\/secure.gravatar.com\/avatar\/6593ca6cc90e5a70939f51c95e8315483b9c281bafba597292bee47992030f99?s=96&d=mm&r=g","url":"https:\/\/secure.gravatar.com\/avatar\/6593ca6cc90e5a70939f51c95e8315483b9c281bafba597292bee47992030f99?s=96&d=mm&r=g","contentUrl":"https:\/\/secure.gravatar.com\/avatar\/6593ca6cc90e5a70939f51c95e8315483b9c281bafba597292bee47992030f99?s=96&d=mm&r=g","caption":"biblioblanes"},"sameAs":["http:\/\/www.bibgirona.cat\/biblioteca\/blanes","https:\/\/x.com\/biblioblanes"],"url":"https:\/\/biblioteca.blanes.cat\/salajove\/author\/biblioblanes\/"}]}},"_links":{"self":[{"href":"https:\/\/biblioteca.blanes.cat\/salajove\/wp-json\/wp\/v2\/posts\/9821","targetHints":{"allow":["GET"]}}],"collection":[{"href":"https:\/\/biblioteca.blanes.cat\/salajove\/wp-json\/wp\/v2\/posts"}],"about":[{"href":"https:\/\/biblioteca.blanes.cat\/salajove\/wp-json\/wp\/v2\/types\/post"}],"author":[{"embeddable":true,"href":"https:\/\/biblioteca.blanes.cat\/salajove\/wp-json\/wp\/v2\/users\/4"}],"replies":[{"embeddable":true,"href":"https:\/\/biblioteca.blanes.cat\/salajove\/wp-json\/wp\/v2\/comments?post=9821"}],"version-history":[{"count":14,"href":"https:\/\/biblioteca.blanes.cat\/salajove\/wp-json\/wp\/v2\/posts\/9821\/revisions"}],"predecessor-version":[{"id":9845,"href":"https:\/\/biblioteca.blanes.cat\/salajove\/wp-json\/wp\/v2\/posts\/9821\/revisions\/9845"}],"wp:featuredmedia":[{"embeddable":true,"href":"https:\/\/biblioteca.blanes.cat\/salajove\/wp-json\/wp\/v2\/media\/9823"}],"wp:attachment":[{"href":"https:\/\/biblioteca.blanes.cat\/salajove\/wp-json\/wp\/v2\/media?parent=9821"}],"wp:term":[{"taxonomy":"category","embeddable":true,"href":"https:\/\/biblioteca.blanes.cat\/salajove\/wp-json\/wp\/v2\/categories?post=9821"},{"taxonomy":"post_tag","embeddable":true,"href":"https:\/\/biblioteca.blanes.cat\/salajove\/wp-json\/wp\/v2\/tags?post=9821"}],"curies":[{"name":"wp","href":"https:\/\/api.w.org\/{rel}","templated":true}]}}