{"id":9721,"date":"2025-05-10T11:03:06","date_gmt":"2025-05-10T10:03:06","guid":{"rendered":"https:\/\/biblioteca.blanes.cat\/salajove\/?p=9721"},"modified":"2025-09-03T18:15:33","modified_gmt":"2025-09-03T17:15:33","slug":"club-de-lectura-juvenil-emblanats-la-porta-dels-tres-panys","status":"publish","type":"post","link":"https:\/\/biblioteca.blanes.cat\/salajove\/2025\/05\/10\/club-de-lectura-juvenil-emblanats-la-porta-dels-tres-panys\/","title":{"rendered":"Club de Lectura Juvenil #emblanats: La porta dels tres panys"},"content":{"rendered":"\n<p>A la sessi\u00f3 del <span style=\"color: #99cc00;\"><strong>Club de Lectura Juvenil #emblanats<\/strong><\/span> del mes de maig (la pen\u00faltima del curs!) hem comentat<a href=\"https:\/\/www.grup62.cat\/llibre-la-porta-dels-tres-panys\/265682\" target=\"_blank\" rel=\"noopener\"> <span style=\"color: #99cc00;\"><strong><em>La porta dels tres panys<\/em><\/strong><\/span>, <span style=\"color: #99cc00;\">de<strong> S\u00f2nia Fern\u00e1ndez-Vidal<\/strong><\/span><\/a>. Ja \u00e9s el segon llibre de ci\u00e8ncia-ficci\u00f3 que llegim aquest any, per\u00f2 aquest, a m\u00e9s a m\u00e9s, ens ha introdu\u00eft de ple a la<span style=\"color: #99cc00;\"><strong> f\u00edsica qu\u00e0ntica<\/strong><\/span>!<\/p>\n<p><a href=\"https:\/\/biblioteca.blanes.cat\/salajove\/2025\/05\/10\/club-de-lectura-juvenil-emblanats-la-porta-dels-tres-panys\/attachment\/1746814083977\/\" rel=\"attachment wp-att-9723\"><img fetchpriority=\"high\" decoding=\"async\" class=\"aligncenter size-medium wp-image-9723\" src=\"https:\/\/biblioteca.blanes.cat\/salajove\/wp-content\/uploads\/sites\/3\/2025\/05\/1746814083977-225x300.jpg\" alt=\"\" width=\"225\" height=\"300\" srcset=\"https:\/\/biblioteca.blanes.cat\/salajove\/wp-content\/uploads\/sites\/3\/2025\/05\/1746814083977-225x300.jpg 225w, https:\/\/biblioteca.blanes.cat\/salajove\/wp-content\/uploads\/sites\/3\/2025\/05\/1746814083977-768x1024.jpg 768w, https:\/\/biblioteca.blanes.cat\/salajove\/wp-content\/uploads\/sites\/3\/2025\/05\/1746814083977-1152x1536.jpg 1152w, https:\/\/biblioteca.blanes.cat\/salajove\/wp-content\/uploads\/sites\/3\/2025\/05\/1746814083977-1536x2048.jpg 1536w, https:\/\/biblioteca.blanes.cat\/salajove\/wp-content\/uploads\/sites\/3\/2025\/05\/1746814083977-scaled.jpg 1920w\" sizes=\"(max-width: 225px) 100vw, 225px\" \/><\/a><\/p>\n<p>Abans de comen\u00e7ar a parlar del llibre, un dels participants ens ha comentat que ha llegit una altra edici\u00f3 d&#8217;aquesta novel\u00b7la, amb una altra coberta. I \u00e9s ben veritat! <em>La porta dels tres panys<\/em> t\u00e9 dues edicions diferents, tot i que la hist\u00f2ria \u00e9s la mateixa. Hem aprofitat l&#8217;observaci\u00f3 per explicar qu\u00e8 \u00e9s l&#8217;edici\u00f3 d&#8217;un llibre i en qu\u00e8 consisteix tot el proc\u00e9s editorial: enviament del manuscrit, <em>editing<\/em>, correcci\u00f3, maquetaci\u00f3, impressi\u00f3 i, finalment, venda. \u00c9s interessant con\u00e8ixer tot aix\u00f2 per entendre molt millor tot el cam\u00ed que segueix un llibre abans de tenir-lo a les mans (tota una feinada!) i aix\u00ed valorar-lo encara m\u00e9s!<\/p>\n<p><a href=\"https:\/\/biblioteca.blanes.cat\/salajove\/2025\/05\/10\/club-de-lectura-juvenil-emblanats-la-porta-dels-tres-panys\/attachment\/1746814084000\/\" rel=\"attachment wp-att-9725\"><img decoding=\"async\" class=\"size-medium wp-image-9725 alignright\" src=\"https:\/\/biblioteca.blanes.cat\/salajove\/wp-content\/uploads\/sites\/3\/2025\/05\/1746814084000-225x300.jpg\" alt=\"\" width=\"225\" height=\"300\" srcset=\"https:\/\/biblioteca.blanes.cat\/salajove\/wp-content\/uploads\/sites\/3\/2025\/05\/1746814084000-225x300.jpg 225w, https:\/\/biblioteca.blanes.cat\/salajove\/wp-content\/uploads\/sites\/3\/2025\/05\/1746814084000-768x1024.jpg 768w, https:\/\/biblioteca.blanes.cat\/salajove\/wp-content\/uploads\/sites\/3\/2025\/05\/1746814084000-1152x1536.jpg 1152w, https:\/\/biblioteca.blanes.cat\/salajove\/wp-content\/uploads\/sites\/3\/2025\/05\/1746814084000-1536x2048.jpg 1536w, https:\/\/biblioteca.blanes.cat\/salajove\/wp-content\/uploads\/sites\/3\/2025\/05\/1746814084000-scaled.jpg 1920w\" sizes=\"(max-width: 225px) 100vw, 225px\" \/><\/a>Tot seguit, ens hem centrat en la hist\u00f2ria d&#8217;en Niko. Entre tots hem acompanyat aquest adolescent a la seva aventura al <span style=\"color: #99cc00;\"><strong>M\u00f3n Qu\u00e0ntic<\/strong><\/span> i <span style=\"color: #99cc00;\"><strong>hem apr\u00e8s un munt de coses sobre f\u00edsica qu\u00e0ntica que desconeix\u00edem<\/strong><\/span>! Sabeu qu\u00e8 \u00e9s un \u00e0tom? I el gat de Schr\u00f6dinger? Sabeu qu\u00e8 s\u00f3n els forats de cuc? Qui va fa la teoria de la relativitat? S\u00f3n algunes de les preguntes que ens hem fet al llarg dels comentaris que han anat sorgint.<\/p>\n<p>Les impressions que n\u2019hem tret \u00e9s que \u00e9s una <span style=\"color: #99cc00;\"><strong>bona hist\u00f2ria, molt ben pensada i molt enginyosa<\/strong><\/span>, que t\u00e9 una certa intriga i aventures, a part de tota la fantasia i ci\u00e8ncia-ficci\u00f3 que s\u2019hi desenvolupa, per\u00f2 que tamb\u00e9 \u00e9s una <span style=\"color: #99cc00;\"><strong>lectura exigent<\/strong><\/span>, ja que no tothom est\u00e0 avesat a la f\u00edsica qu\u00e0ntica i entendre tants conceptes, bastant complexos, pot ser una mica feixuc. De tota manera, hem estat d\u2019acord que ha sigut un llibre que ens ha ensenyat moltes coses sobre ci\u00e8ncia que no coneix\u00edem i que, com a m\u00ednim, a partir d\u2019ara ens sonaran: la superposici\u00f3, la teleportaci\u00f3, el gat de Schr\u00f6dinger&#8230; I d\u2019altres que ja sab\u00edem i que la novel\u00b7la ens ha ajudat a refrescar la mem\u00f2ria, com ara la <span style=\"color: #99cc00;\"><strong>teoria de la relativitat d\u2019Einstein<\/strong><\/span> o la creaci\u00f3 de l\u2019univers a partir del <span style=\"color: #99cc00;\"><strong>Bing Bang<\/strong><\/span>.<\/p>\n<p><a href=\"https:\/\/biblioteca.blanes.cat\/salajove\/2025\/05\/10\/club-de-lectura-juvenil-emblanats-la-porta-dels-tres-panys\/attachment\/1746814083927\/\" rel=\"attachment wp-att-9724\"><img decoding=\"async\" class=\"wp-image-9724 alignleft\" src=\"https:\/\/biblioteca.blanes.cat\/salajove\/wp-content\/uploads\/sites\/3\/2025\/05\/1746814083927-225x300.jpg\" alt=\"\" width=\"231\" height=\"308\" srcset=\"https:\/\/biblioteca.blanes.cat\/salajove\/wp-content\/uploads\/sites\/3\/2025\/05\/1746814083927-225x300.jpg 225w, https:\/\/biblioteca.blanes.cat\/salajove\/wp-content\/uploads\/sites\/3\/2025\/05\/1746814083927-768x1024.jpg 768w, https:\/\/biblioteca.blanes.cat\/salajove\/wp-content\/uploads\/sites\/3\/2025\/05\/1746814083927-1152x1536.jpg 1152w, https:\/\/biblioteca.blanes.cat\/salajove\/wp-content\/uploads\/sites\/3\/2025\/05\/1746814083927-1536x2048.jpg 1536w, https:\/\/biblioteca.blanes.cat\/salajove\/wp-content\/uploads\/sites\/3\/2025\/05\/1746814083927-scaled.jpg 1920w\" sizes=\"(max-width: 231px) 100vw, 231px\" \/><\/a><\/p>\n<p><a href=\"https:\/\/biblioteca.blanes.cat\/salajove\/2025\/05\/10\/club-de-lectura-juvenil-emblanats-la-porta-dels-tres-panys\/attachment\/1746814084030\/\" rel=\"attachment wp-att-9726\"><img loading=\"lazy\" decoding=\"async\" class=\" wp-image-9726 alignleft\" src=\"https:\/\/biblioteca.blanes.cat\/salajove\/wp-content\/uploads\/sites\/3\/2025\/05\/1746814084030-225x300.jpg\" alt=\"\" width=\"230\" height=\"307\" srcset=\"https:\/\/biblioteca.blanes.cat\/salajove\/wp-content\/uploads\/sites\/3\/2025\/05\/1746814084030-225x300.jpg 225w, https:\/\/biblioteca.blanes.cat\/salajove\/wp-content\/uploads\/sites\/3\/2025\/05\/1746814084030-768x1024.jpg 768w, https:\/\/biblioteca.blanes.cat\/salajove\/wp-content\/uploads\/sites\/3\/2025\/05\/1746814084030-1152x1536.jpg 1152w, https:\/\/biblioteca.blanes.cat\/salajove\/wp-content\/uploads\/sites\/3\/2025\/05\/1746814084030-1536x2048.jpg 1536w, https:\/\/biblioteca.blanes.cat\/salajove\/wp-content\/uploads\/sites\/3\/2025\/05\/1746814084030-scaled.jpg 1920w\" sizes=\"(max-width: 230px) 100vw, 230px\" \/><\/a><\/p>\n<p>\u00a0<\/p>\n<p>\u00a0<\/p>\n<p>\u00a0<\/p>\n<p>\u00a0<\/p>\n<p>\u00a0<\/p>\n<p>\u00a0<\/p>\n<p>\u00a0<\/p>\n<p>\u00a0<\/p>\n<p>\u00a0<\/p>\n<p>Per refor\u00e7ar tots aquests coneixements hem fet un <span style=\"color: #99cc00;\"><strong>Challenge Qu\u00e0ntic<\/strong><\/span>: els lectors havien de respondre unes quantes preguntes amb tres possibles respostes i encertar la correcta. Hem hagut d\u2019exprimir bastant el cervell perqu\u00e8, definitivament, no som un grup gaire amant de la f\u00edsica qu\u00e0ntica&#8230; per\u00f2 sens dubte estem molt contents de tot el que hem apr\u00e8s! I, per acabar i relaxar una mica la ment, ens hem divertit buscant curiositats cient\u00edfiques en alguns dels llibres proposats a la guia de lectura de llibres sobre ci\u00e8ncia (<a href=\"https:\/\/biblioteca.blanes.cat\/salajove\/2025\/05\/10\/club-de-lectura-juvenil-emblanats-la-porta-dels-tres-panys\/gl_llibres-ciencia\/\" target=\"_blank\" rel=\"attachment noopener wp-att-9722\">descarrega-te-la!<\/a>). Han sortit observacions ben interessants!<\/p>\n<p><a href=\"https:\/\/biblioteca.blanes.cat\/salajove\/2025\/05\/10\/club-de-lectura-juvenil-emblanats-la-porta-dels-tres-panys\/img20250509184306\/\" rel=\"attachment wp-att-9727\"><img loading=\"lazy\" decoding=\"async\" class=\"aligncenter size-medium wp-image-9727\" src=\"https:\/\/biblioteca.blanes.cat\/salajove\/wp-content\/uploads\/sites\/3\/2025\/05\/IMG20250509184306-300x169.jpg\" alt=\"\" width=\"300\" height=\"169\" srcset=\"https:\/\/biblioteca.blanes.cat\/salajove\/wp-content\/uploads\/sites\/3\/2025\/05\/IMG20250509184306-300x169.jpg 300w, https:\/\/biblioteca.blanes.cat\/salajove\/wp-content\/uploads\/sites\/3\/2025\/05\/IMG20250509184306-1024x576.jpg 1024w, https:\/\/biblioteca.blanes.cat\/salajove\/wp-content\/uploads\/sites\/3\/2025\/05\/IMG20250509184306-768x432.jpg 768w, https:\/\/biblioteca.blanes.cat\/salajove\/wp-content\/uploads\/sites\/3\/2025\/05\/IMG20250509184306-1536x864.jpg 1536w, https:\/\/biblioteca.blanes.cat\/salajove\/wp-content\/uploads\/sites\/3\/2025\/05\/IMG20250509184306-2048x1153.jpg 2048w\" sizes=\"(max-width: 300px) 100vw, 300px\" \/><\/a><\/p>\n<p>Ens veiem al juny per acomiadar aquest curs durant la<strong><span style=\"color: #00ccff;\"> Setmana del Mar<\/span><\/strong> amb el c\u00f2mic <a href=\"https:\/\/editorialfinestres.com\/cataleg\/tauro-blanc\/\" target=\"_blank\" rel=\"noopener\"><span style=\"color: #00ccff;\"><strong><em>Taur\u00f3 blanc<\/em><\/strong><\/span><\/a>, de <strong><span style=\"color: #00ccff;\">Genie Espinosa!<\/span><\/strong><\/p>\n","protected":false},"excerpt":{"rendered":"<p>A la sessi\u00f3 del Club de Lectura Juvenil #emblanats del mes de maig (la pen\u00faltima del curs!) hem comentat La porta dels tres panys, de S\u00f2nia Fern\u00e1ndez-Vidal. Ja \u00e9s el segon llibre de ci\u00e8ncia-ficci\u00f3 que llegim aquest any, per\u00f2 aquest,<\/p>\n","protected":false},"author":4,"featured_media":9723,"comment_status":"open","ping_status":"open","sticky":false,"template":"","format":"standard","meta":{"sfsi_plus_gutenberg_text_before_share":"","sfsi_plus_gutenberg_show_text_before_share":"","sfsi_plus_gutenberg_icon_type":"","sfsi_plus_gutenberg_icon_alignemt":"","sfsi_plus_gutenburg_max_per_row":"","footnotes":""},"categories":[5],"tags":[24,49,29,52,26,19,21],"class_list":["post-9721","post","type-post","status-publish","format-standard","has-post-thumbnail","hentry","category-club-de-lectura","tag-activitats","tag-actualitat","tag-club-de-lectura","tag-joves","tag-lectura","tag-literatura","tag-llibres"],"yoast_head":"<!-- This site is optimized with the Yoast SEO plugin v27.5 - https:\/\/yoast.com\/product\/yoast-seo-wordpress\/ -->\n<title>Club de Lectura Juvenil #emblanats: La porta dels tres panys - Sala Jove<\/title>\n<meta name=\"robots\" content=\"index, follow, max-snippet:-1, max-image-preview:large, max-video-preview:-1\" \/>\n<link rel=\"canonical\" href=\"https:\/\/biblioteca.blanes.cat\/salajove\/2025\/05\/10\/club-de-lectura-juvenil-emblanats-la-porta-dels-tres-panys\/\" \/>\n<meta property=\"og:locale\" content=\"ca_ES\" \/>\n<meta property=\"og:type\" content=\"article\" \/>\n<meta property=\"og:title\" content=\"Club de Lectura Juvenil #emblanats: La porta dels tres panys - Sala Jove\" \/>\n<meta property=\"og:description\" content=\"A la sessi\u00f3 del Club de Lectura Juvenil #emblanats del mes de maig (la pen\u00faltima del curs!) hem comentat La porta dels tres panys, de S\u00f2nia Fern\u00e1ndez-Vidal. Ja \u00e9s el segon llibre de ci\u00e8ncia-ficci\u00f3 que llegim aquest any, per\u00f2 aquest,\" \/>\n<meta property=\"og:url\" content=\"https:\/\/biblioteca.blanes.cat\/salajove\/2025\/05\/10\/club-de-lectura-juvenil-emblanats-la-porta-dels-tres-panys\/\" \/>\n<meta property=\"og:site_name\" content=\"Sala Jove\" \/>\n<meta property=\"article:publisher\" content=\"https:\/\/www.facebook.com\/BilbiotecaComarcaldeBlanes\/\" \/>\n<meta property=\"article:published_time\" content=\"2025-05-10T10:03:06+00:00\" \/>\n<meta property=\"article:modified_time\" content=\"2025-09-03T17:15:33+00:00\" \/>\n<meta property=\"og:image\" content=\"https:\/\/biblioteca.blanes.cat\/salajove\/wp-content\/uploads\/sites\/3\/2025\/05\/1746814083977-scaled.jpg\" \/>\n\t<meta property=\"og:image:width\" content=\"1920\" \/>\n\t<meta property=\"og:image:height\" content=\"2560\" \/>\n\t<meta property=\"og:image:type\" content=\"image\/jpeg\" \/>\n<meta name=\"author\" content=\"biblioblanes\" \/>\n<meta name=\"twitter:card\" content=\"summary_large_image\" \/>\n<meta name=\"twitter:creator\" content=\"@biblioblanes\" \/>\n<meta name=\"twitter:site\" content=\"@BiblioBlanes\" \/>\n<meta name=\"twitter:label1\" content=\"Escrit per\" \/>\n\t<meta name=\"twitter:data1\" content=\"biblioblanes\" \/>\n\t<meta name=\"twitter:label2\" content=\"Temps estimat de lectura\" \/>\n\t<meta name=\"twitter:data2\" content=\"4 minuts\" \/>\n<script type=\"application\/ld+json\" class=\"yoast-schema-graph\">{\"@context\":\"https:\\\/\\\/schema.org\",\"@graph\":[{\"@type\":\"Article\",\"@id\":\"https:\\\/\\\/biblioteca.blanes.cat\\\/salajove\\\/2025\\\/05\\\/10\\\/club-de-lectura-juvenil-emblanats-la-porta-dels-tres-panys\\\/#article\",\"isPartOf\":{\"@id\":\"https:\\\/\\\/biblioteca.blanes.cat\\\/salajove\\\/2025\\\/05\\\/10\\\/club-de-lectura-juvenil-emblanats-la-porta-dels-tres-panys\\\/\"},\"author\":{\"name\":\"biblioblanes\",\"@id\":\"https:\\\/\\\/biblioteca.blanes.cat\\\/salajove\\\/#\\\/schema\\\/person\\\/5a7b46760d9dd611d098bbf571a341dc\"},\"headline\":\"Club de Lectura Juvenil #emblanats: La porta dels tres panys\",\"datePublished\":\"2025-05-10T10:03:06+00:00\",\"dateModified\":\"2025-09-03T17:15:33+00:00\",\"mainEntityOfPage\":{\"@id\":\"https:\\\/\\\/biblioteca.blanes.cat\\\/salajove\\\/2025\\\/05\\\/10\\\/club-de-lectura-juvenil-emblanats-la-porta-dels-tres-panys\\\/\"},\"wordCount\":550,\"commentCount\":0,\"publisher\":{\"@id\":\"https:\\\/\\\/biblioteca.blanes.cat\\\/salajove\\\/#organization\"},\"image\":{\"@id\":\"https:\\\/\\\/biblioteca.blanes.cat\\\/salajove\\\/2025\\\/05\\\/10\\\/club-de-lectura-juvenil-emblanats-la-porta-dels-tres-panys\\\/#primaryimage\"},\"thumbnailUrl\":\"https:\\\/\\\/biblioteca.blanes.cat\\\/salajove\\\/wp-content\\\/uploads\\\/sites\\\/3\\\/2025\\\/05\\\/1746814083977-scaled.jpg\",\"keywords\":[\"#Activitats\",\"#Actualitat\",\"#ClubdeLectura\",\"#Joves\",\"#Lectura\",\"#Literatura\",\"#Llibres\"],\"articleSection\":[\"Club de Lectura\"],\"inLanguage\":\"ca\",\"potentialAction\":[{\"@type\":\"CommentAction\",\"name\":\"Comment\",\"target\":[\"https:\\\/\\\/biblioteca.blanes.cat\\\/salajove\\\/2025\\\/05\\\/10\\\/club-de-lectura-juvenil-emblanats-la-porta-dels-tres-panys\\\/#respond\"]}]},{\"@type\":\"WebPage\",\"@id\":\"https:\\\/\\\/biblioteca.blanes.cat\\\/salajove\\\/2025\\\/05\\\/10\\\/club-de-lectura-juvenil-emblanats-la-porta-dels-tres-panys\\\/\",\"url\":\"https:\\\/\\\/biblioteca.blanes.cat\\\/salajove\\\/2025\\\/05\\\/10\\\/club-de-lectura-juvenil-emblanats-la-porta-dels-tres-panys\\\/\",\"name\":\"Club de Lectura Juvenil #emblanats: La porta dels tres panys - Sala Jove\",\"isPartOf\":{\"@id\":\"https:\\\/\\\/biblioteca.blanes.cat\\\/salajove\\\/#website\"},\"primaryImageOfPage\":{\"@id\":\"https:\\\/\\\/biblioteca.blanes.cat\\\/salajove\\\/2025\\\/05\\\/10\\\/club-de-lectura-juvenil-emblanats-la-porta-dels-tres-panys\\\/#primaryimage\"},\"image\":{\"@id\":\"https:\\\/\\\/biblioteca.blanes.cat\\\/salajove\\\/2025\\\/05\\\/10\\\/club-de-lectura-juvenil-emblanats-la-porta-dels-tres-panys\\\/#primaryimage\"},\"thumbnailUrl\":\"https:\\\/\\\/biblioteca.blanes.cat\\\/salajove\\\/wp-content\\\/uploads\\\/sites\\\/3\\\/2025\\\/05\\\/1746814083977-scaled.jpg\",\"datePublished\":\"2025-05-10T10:03:06+00:00\",\"dateModified\":\"2025-09-03T17:15:33+00:00\",\"breadcrumb\":{\"@id\":\"https:\\\/\\\/biblioteca.blanes.cat\\\/salajove\\\/2025\\\/05\\\/10\\\/club-de-lectura-juvenil-emblanats-la-porta-dels-tres-panys\\\/#breadcrumb\"},\"inLanguage\":\"ca\",\"potentialAction\":[{\"@type\":\"ReadAction\",\"target\":[\"https:\\\/\\\/biblioteca.blanes.cat\\\/salajove\\\/2025\\\/05\\\/10\\\/club-de-lectura-juvenil-emblanats-la-porta-dels-tres-panys\\\/\"]}]},{\"@type\":\"ImageObject\",\"inLanguage\":\"ca\",\"@id\":\"https:\\\/\\\/biblioteca.blanes.cat\\\/salajove\\\/2025\\\/05\\\/10\\\/club-de-lectura-juvenil-emblanats-la-porta-dels-tres-panys\\\/#primaryimage\",\"url\":\"https:\\\/\\\/biblioteca.blanes.cat\\\/salajove\\\/wp-content\\\/uploads\\\/sites\\\/3\\\/2025\\\/05\\\/1746814083977-scaled.jpg\",\"contentUrl\":\"https:\\\/\\\/biblioteca.blanes.cat\\\/salajove\\\/wp-content\\\/uploads\\\/sites\\\/3\\\/2025\\\/05\\\/1746814083977-scaled.jpg\",\"width\":1920,\"height\":2560},{\"@type\":\"BreadcrumbList\",\"@id\":\"https:\\\/\\\/biblioteca.blanes.cat\\\/salajove\\\/2025\\\/05\\\/10\\\/club-de-lectura-juvenil-emblanats-la-porta-dels-tres-panys\\\/#breadcrumb\",\"itemListElement\":[{\"@type\":\"ListItem\",\"position\":1,\"name\":\"Inici\",\"item\":\"https:\\\/\\\/biblioteca.blanes.cat\\\/salajove\\\/\"},{\"@type\":\"ListItem\",\"position\":2,\"name\":\"Club de Lectura Juvenil #emblanats: La porta dels tres panys\"}]},{\"@type\":\"WebSite\",\"@id\":\"https:\\\/\\\/biblioteca.blanes.cat\\\/salajove\\\/#website\",\"url\":\"https:\\\/\\\/biblioteca.blanes.cat\\\/salajove\\\/\",\"name\":\"Sala Jove\",\"description\":\"Biblioteca Comarcal de Blanes\",\"publisher\":{\"@id\":\"https:\\\/\\\/biblioteca.blanes.cat\\\/salajove\\\/#organization\"},\"potentialAction\":[{\"@type\":\"SearchAction\",\"target\":{\"@type\":\"EntryPoint\",\"urlTemplate\":\"https:\\\/\\\/biblioteca.blanes.cat\\\/salajove\\\/?s={search_term_string}\"},\"query-input\":{\"@type\":\"PropertyValueSpecification\",\"valueRequired\":true,\"valueName\":\"search_term_string\"}}],\"inLanguage\":\"ca\"},{\"@type\":\"Organization\",\"@id\":\"https:\\\/\\\/biblioteca.blanes.cat\\\/salajove\\\/#organization\",\"name\":\"Biblioteca Comarcal de Blanes\",\"url\":\"https:\\\/\\\/biblioteca.blanes.cat\\\/salajove\\\/\",\"logo\":{\"@type\":\"ImageObject\",\"inLanguage\":\"ca\",\"@id\":\"https:\\\/\\\/biblioteca.blanes.cat\\\/salajove\\\/#\\\/schema\\\/logo\\\/image\\\/\",\"url\":\"https:\\\/\\\/biblioteca.blanes.cat\\\/salajove\\\/wp-content\\\/uploads\\\/sites\\\/3\\\/2017\\\/09\\\/cropped-Bib-blau-e1518869380535.png\",\"contentUrl\":\"https:\\\/\\\/biblioteca.blanes.cat\\\/salajove\\\/wp-content\\\/uploads\\\/sites\\\/3\\\/2017\\\/09\\\/cropped-Bib-blau-e1518869380535.png\",\"width\":166,\"height\":166,\"caption\":\"Biblioteca Comarcal de Blanes\"},\"image\":{\"@id\":\"https:\\\/\\\/biblioteca.blanes.cat\\\/salajove\\\/#\\\/schema\\\/logo\\\/image\\\/\"},\"sameAs\":[\"https:\\\/\\\/www.facebook.com\\\/BilbiotecaComarcaldeBlanes\\\/\",\"https:\\\/\\\/x.com\\\/BiblioBlanes\",\"https:\\\/\\\/www.instagram.com\\\/biblioblanes\\\/\",\"https:\\\/\\\/www.pinterest.es\\\/bblanes\\\/\",\"https:\\\/\\\/www.youtube.com\\\/c\\\/BibliotecaComarcalBlanes\"]},{\"@type\":\"Person\",\"@id\":\"https:\\\/\\\/biblioteca.blanes.cat\\\/salajove\\\/#\\\/schema\\\/person\\\/5a7b46760d9dd611d098bbf571a341dc\",\"name\":\"biblioblanes\",\"image\":{\"@type\":\"ImageObject\",\"inLanguage\":\"ca\",\"@id\":\"https:\\\/\\\/secure.gravatar.com\\\/avatar\\\/6593ca6cc90e5a70939f51c95e8315483b9c281bafba597292bee47992030f99?s=96&d=mm&r=g\",\"url\":\"https:\\\/\\\/secure.gravatar.com\\\/avatar\\\/6593ca6cc90e5a70939f51c95e8315483b9c281bafba597292bee47992030f99?s=96&d=mm&r=g\",\"contentUrl\":\"https:\\\/\\\/secure.gravatar.com\\\/avatar\\\/6593ca6cc90e5a70939f51c95e8315483b9c281bafba597292bee47992030f99?s=96&d=mm&r=g\",\"caption\":\"biblioblanes\"},\"sameAs\":[\"http:\\\/\\\/www.bibgirona.cat\\\/biblioteca\\\/blanes\",\"https:\\\/\\\/x.com\\\/biblioblanes\"],\"url\":\"https:\\\/\\\/biblioteca.blanes.cat\\\/salajove\\\/author\\\/biblioblanes\\\/\"}]}<\/script>\n<!-- \/ Yoast SEO plugin. -->","yoast_head_json":{"title":"Club de Lectura Juvenil #emblanats: La porta dels tres panys - Sala Jove","robots":{"index":"index","follow":"follow","max-snippet":"max-snippet:-1","max-image-preview":"max-image-preview:large","max-video-preview":"max-video-preview:-1"},"canonical":"https:\/\/biblioteca.blanes.cat\/salajove\/2025\/05\/10\/club-de-lectura-juvenil-emblanats-la-porta-dels-tres-panys\/","og_locale":"ca_ES","og_type":"article","og_title":"Club de Lectura Juvenil #emblanats: La porta dels tres panys - Sala Jove","og_description":"A la sessi\u00f3 del Club de Lectura Juvenil #emblanats del mes de maig (la pen\u00faltima del curs!) hem comentat La porta dels tres panys, de S\u00f2nia Fern\u00e1ndez-Vidal. Ja \u00e9s el segon llibre de ci\u00e8ncia-ficci\u00f3 que llegim aquest any, per\u00f2 aquest,","og_url":"https:\/\/biblioteca.blanes.cat\/salajove\/2025\/05\/10\/club-de-lectura-juvenil-emblanats-la-porta-dels-tres-panys\/","og_site_name":"Sala Jove","article_publisher":"https:\/\/www.facebook.com\/BilbiotecaComarcaldeBlanes\/","article_published_time":"2025-05-10T10:03:06+00:00","article_modified_time":"2025-09-03T17:15:33+00:00","og_image":[{"width":1920,"height":2560,"url":"https:\/\/biblioteca.blanes.cat\/salajove\/wp-content\/uploads\/sites\/3\/2025\/05\/1746814083977-scaled.jpg","type":"image\/jpeg"}],"author":"biblioblanes","twitter_card":"summary_large_image","twitter_creator":"@biblioblanes","twitter_site":"@BiblioBlanes","twitter_misc":{"Escrit per":"biblioblanes","Temps estimat de lectura":"4 minuts"},"schema":{"@context":"https:\/\/schema.org","@graph":[{"@type":"Article","@id":"https:\/\/biblioteca.blanes.cat\/salajove\/2025\/05\/10\/club-de-lectura-juvenil-emblanats-la-porta-dels-tres-panys\/#article","isPartOf":{"@id":"https:\/\/biblioteca.blanes.cat\/salajove\/2025\/05\/10\/club-de-lectura-juvenil-emblanats-la-porta-dels-tres-panys\/"},"author":{"name":"biblioblanes","@id":"https:\/\/biblioteca.blanes.cat\/salajove\/#\/schema\/person\/5a7b46760d9dd611d098bbf571a341dc"},"headline":"Club de Lectura Juvenil #emblanats: La porta dels tres panys","datePublished":"2025-05-10T10:03:06+00:00","dateModified":"2025-09-03T17:15:33+00:00","mainEntityOfPage":{"@id":"https:\/\/biblioteca.blanes.cat\/salajove\/2025\/05\/10\/club-de-lectura-juvenil-emblanats-la-porta-dels-tres-panys\/"},"wordCount":550,"commentCount":0,"publisher":{"@id":"https:\/\/biblioteca.blanes.cat\/salajove\/#organization"},"image":{"@id":"https:\/\/biblioteca.blanes.cat\/salajove\/2025\/05\/10\/club-de-lectura-juvenil-emblanats-la-porta-dels-tres-panys\/#primaryimage"},"thumbnailUrl":"https:\/\/biblioteca.blanes.cat\/salajove\/wp-content\/uploads\/sites\/3\/2025\/05\/1746814083977-scaled.jpg","keywords":["#Activitats","#Actualitat","#ClubdeLectura","#Joves","#Lectura","#Literatura","#Llibres"],"articleSection":["Club de Lectura"],"inLanguage":"ca","potentialAction":[{"@type":"CommentAction","name":"Comment","target":["https:\/\/biblioteca.blanes.cat\/salajove\/2025\/05\/10\/club-de-lectura-juvenil-emblanats-la-porta-dels-tres-panys\/#respond"]}]},{"@type":"WebPage","@id":"https:\/\/biblioteca.blanes.cat\/salajove\/2025\/05\/10\/club-de-lectura-juvenil-emblanats-la-porta-dels-tres-panys\/","url":"https:\/\/biblioteca.blanes.cat\/salajove\/2025\/05\/10\/club-de-lectura-juvenil-emblanats-la-porta-dels-tres-panys\/","name":"Club de Lectura Juvenil #emblanats: La porta dels tres panys - Sala Jove","isPartOf":{"@id":"https:\/\/biblioteca.blanes.cat\/salajove\/#website"},"primaryImageOfPage":{"@id":"https:\/\/biblioteca.blanes.cat\/salajove\/2025\/05\/10\/club-de-lectura-juvenil-emblanats-la-porta-dels-tres-panys\/#primaryimage"},"image":{"@id":"https:\/\/biblioteca.blanes.cat\/salajove\/2025\/05\/10\/club-de-lectura-juvenil-emblanats-la-porta-dels-tres-panys\/#primaryimage"},"thumbnailUrl":"https:\/\/biblioteca.blanes.cat\/salajove\/wp-content\/uploads\/sites\/3\/2025\/05\/1746814083977-scaled.jpg","datePublished":"2025-05-10T10:03:06+00:00","dateModified":"2025-09-03T17:15:33+00:00","breadcrumb":{"@id":"https:\/\/biblioteca.blanes.cat\/salajove\/2025\/05\/10\/club-de-lectura-juvenil-emblanats-la-porta-dels-tres-panys\/#breadcrumb"},"inLanguage":"ca","potentialAction":[{"@type":"ReadAction","target":["https:\/\/biblioteca.blanes.cat\/salajove\/2025\/05\/10\/club-de-lectura-juvenil-emblanats-la-porta-dels-tres-panys\/"]}]},{"@type":"ImageObject","inLanguage":"ca","@id":"https:\/\/biblioteca.blanes.cat\/salajove\/2025\/05\/10\/club-de-lectura-juvenil-emblanats-la-porta-dels-tres-panys\/#primaryimage","url":"https:\/\/biblioteca.blanes.cat\/salajove\/wp-content\/uploads\/sites\/3\/2025\/05\/1746814083977-scaled.jpg","contentUrl":"https:\/\/biblioteca.blanes.cat\/salajove\/wp-content\/uploads\/sites\/3\/2025\/05\/1746814083977-scaled.jpg","width":1920,"height":2560},{"@type":"BreadcrumbList","@id":"https:\/\/biblioteca.blanes.cat\/salajove\/2025\/05\/10\/club-de-lectura-juvenil-emblanats-la-porta-dels-tres-panys\/#breadcrumb","itemListElement":[{"@type":"ListItem","position":1,"name":"Inici","item":"https:\/\/biblioteca.blanes.cat\/salajove\/"},{"@type":"ListItem","position":2,"name":"Club de Lectura Juvenil #emblanats: La porta dels tres panys"}]},{"@type":"WebSite","@id":"https:\/\/biblioteca.blanes.cat\/salajove\/#website","url":"https:\/\/biblioteca.blanes.cat\/salajove\/","name":"Sala Jove","description":"Biblioteca Comarcal de Blanes","publisher":{"@id":"https:\/\/biblioteca.blanes.cat\/salajove\/#organization"},"potentialAction":[{"@type":"SearchAction","target":{"@type":"EntryPoint","urlTemplate":"https:\/\/biblioteca.blanes.cat\/salajove\/?s={search_term_string}"},"query-input":{"@type":"PropertyValueSpecification","valueRequired":true,"valueName":"search_term_string"}}],"inLanguage":"ca"},{"@type":"Organization","@id":"https:\/\/biblioteca.blanes.cat\/salajove\/#organization","name":"Biblioteca Comarcal de Blanes","url":"https:\/\/biblioteca.blanes.cat\/salajove\/","logo":{"@type":"ImageObject","inLanguage":"ca","@id":"https:\/\/biblioteca.blanes.cat\/salajove\/#\/schema\/logo\/image\/","url":"https:\/\/biblioteca.blanes.cat\/salajove\/wp-content\/uploads\/sites\/3\/2017\/09\/cropped-Bib-blau-e1518869380535.png","contentUrl":"https:\/\/biblioteca.blanes.cat\/salajove\/wp-content\/uploads\/sites\/3\/2017\/09\/cropped-Bib-blau-e1518869380535.png","width":166,"height":166,"caption":"Biblioteca Comarcal de Blanes"},"image":{"@id":"https:\/\/biblioteca.blanes.cat\/salajove\/#\/schema\/logo\/image\/"},"sameAs":["https:\/\/www.facebook.com\/BilbiotecaComarcaldeBlanes\/","https:\/\/x.com\/BiblioBlanes","https:\/\/www.instagram.com\/biblioblanes\/","https:\/\/www.pinterest.es\/bblanes\/","https:\/\/www.youtube.com\/c\/BibliotecaComarcalBlanes"]},{"@type":"Person","@id":"https:\/\/biblioteca.blanes.cat\/salajove\/#\/schema\/person\/5a7b46760d9dd611d098bbf571a341dc","name":"biblioblanes","image":{"@type":"ImageObject","inLanguage":"ca","@id":"https:\/\/secure.gravatar.com\/avatar\/6593ca6cc90e5a70939f51c95e8315483b9c281bafba597292bee47992030f99?s=96&d=mm&r=g","url":"https:\/\/secure.gravatar.com\/avatar\/6593ca6cc90e5a70939f51c95e8315483b9c281bafba597292bee47992030f99?s=96&d=mm&r=g","contentUrl":"https:\/\/secure.gravatar.com\/avatar\/6593ca6cc90e5a70939f51c95e8315483b9c281bafba597292bee47992030f99?s=96&d=mm&r=g","caption":"biblioblanes"},"sameAs":["http:\/\/www.bibgirona.cat\/biblioteca\/blanes","https:\/\/x.com\/biblioblanes"],"url":"https:\/\/biblioteca.blanes.cat\/salajove\/author\/biblioblanes\/"}]}},"_links":{"self":[{"href":"https:\/\/biblioteca.blanes.cat\/salajove\/wp-json\/wp\/v2\/posts\/9721","targetHints":{"allow":["GET"]}}],"collection":[{"href":"https:\/\/biblioteca.blanes.cat\/salajove\/wp-json\/wp\/v2\/posts"}],"about":[{"href":"https:\/\/biblioteca.blanes.cat\/salajove\/wp-json\/wp\/v2\/types\/post"}],"author":[{"embeddable":true,"href":"https:\/\/biblioteca.blanes.cat\/salajove\/wp-json\/wp\/v2\/users\/4"}],"replies":[{"embeddable":true,"href":"https:\/\/biblioteca.blanes.cat\/salajove\/wp-json\/wp\/v2\/comments?post=9721"}],"version-history":[{"count":12,"href":"https:\/\/biblioteca.blanes.cat\/salajove\/wp-json\/wp\/v2\/posts\/9721\/revisions"}],"predecessor-version":[{"id":9740,"href":"https:\/\/biblioteca.blanes.cat\/salajove\/wp-json\/wp\/v2\/posts\/9721\/revisions\/9740"}],"wp:featuredmedia":[{"embeddable":true,"href":"https:\/\/biblioteca.blanes.cat\/salajove\/wp-json\/wp\/v2\/media\/9723"}],"wp:attachment":[{"href":"https:\/\/biblioteca.blanes.cat\/salajove\/wp-json\/wp\/v2\/media?parent=9721"}],"wp:term":[{"taxonomy":"category","embeddable":true,"href":"https:\/\/biblioteca.blanes.cat\/salajove\/wp-json\/wp\/v2\/categories?post=9721"},{"taxonomy":"post_tag","embeddable":true,"href":"https:\/\/biblioteca.blanes.cat\/salajove\/wp-json\/wp\/v2\/tags?post=9721"}],"curies":[{"name":"wp","href":"https:\/\/api.w.org\/{rel}","templated":true}]}}