{"id":9626,"date":"2025-04-14T18:42:12","date_gmt":"2025-04-14T17:42:12","guid":{"rendered":"https:\/\/biblioteca.blanes.cat\/salajove\/?p=9626"},"modified":"2025-09-03T18:19:26","modified_gmt":"2025-09-03T17:19:26","slug":"club-de-lectura-juvenil-emblanats-el-magic-doz","status":"publish","type":"post","link":"https:\/\/biblioteca.blanes.cat\/salajove\/2025\/04\/14\/club-de-lectura-juvenil-emblanats-el-magic-doz\/","title":{"rendered":"Club de Lectura Juvenil #emblanats: El m\u00e0gic d&#8217;Oz"},"content":{"rendered":"\n<p>Cada curs al Club de Lectura Juvenil #emblanats llegim un cl\u00e0ssic. Creiem que \u00e9s important con\u00e8ixer les refer\u00e8ncies liter\u00e0ries anteriors als nostres temps per entendre millor la literatura contempor\u00e0nia.<\/p>\n<p><a href=\"https:\/\/biblioteca.blanes.cat\/salajove\/2025\/04\/14\/club-de-lectura-juvenil-emblanats-el-magic-doz\/img_20250411_192800\/\" rel=\"attachment wp-att-9633\"><img fetchpriority=\"high\" decoding=\"async\" class=\" wp-image-9633 alignleft\" src=\"https:\/\/biblioteca.blanes.cat\/salajove\/wp-content\/uploads\/sites\/3\/2025\/04\/IMG_20250411_192800-225x300.jpg\" alt=\"\" width=\"257\" height=\"343\" srcset=\"https:\/\/biblioteca.blanes.cat\/salajove\/wp-content\/uploads\/sites\/3\/2025\/04\/IMG_20250411_192800-225x300.jpg 225w, https:\/\/biblioteca.blanes.cat\/salajove\/wp-content\/uploads\/sites\/3\/2025\/04\/IMG_20250411_192800-768x1024.jpg 768w, https:\/\/biblioteca.blanes.cat\/salajove\/wp-content\/uploads\/sites\/3\/2025\/04\/IMG_20250411_192800-1152x1536.jpg 1152w, https:\/\/biblioteca.blanes.cat\/salajove\/wp-content\/uploads\/sites\/3\/2025\/04\/IMG_20250411_192800-1536x2048.jpg 1536w, https:\/\/biblioteca.blanes.cat\/salajove\/wp-content\/uploads\/sites\/3\/2025\/04\/IMG_20250411_192800-scaled.jpg 1920w\" sizes=\"(max-width: 257px) 100vw, 257px\" \/><\/a> <a href=\"https:\/\/biblioteca.blanes.cat\/salajove\/2025\/04\/14\/club-de-lectura-juvenil-emblanats-el-magic-doz\/img_20250411_171923\/\" rel=\"attachment wp-att-9627\"><img decoding=\"async\" class=\" wp-image-9627 alignleft\" src=\"https:\/\/biblioteca.blanes.cat\/salajove\/wp-content\/uploads\/sites\/3\/2025\/04\/IMG_20250411_171923-225x300.jpg\" alt=\"\" width=\"256\" height=\"341\" srcset=\"https:\/\/biblioteca.blanes.cat\/salajove\/wp-content\/uploads\/sites\/3\/2025\/04\/IMG_20250411_171923-225x300.jpg 225w, https:\/\/biblioteca.blanes.cat\/salajove\/wp-content\/uploads\/sites\/3\/2025\/04\/IMG_20250411_171923-768x1024.jpg 768w, https:\/\/biblioteca.blanes.cat\/salajove\/wp-content\/uploads\/sites\/3\/2025\/04\/IMG_20250411_171923-1152x1536.jpg 1152w, https:\/\/biblioteca.blanes.cat\/salajove\/wp-content\/uploads\/sites\/3\/2025\/04\/IMG_20250411_171923-1536x2048.jpg 1536w, https:\/\/biblioteca.blanes.cat\/salajove\/wp-content\/uploads\/sites\/3\/2025\/04\/IMG_20250411_171923-scaled.jpg 1920w\" sizes=\"(max-width: 256px) 100vw, 256px\" \/><\/a><\/p>\n<p>\u00a0<\/p>\n<p>\u00a0<\/p>\n<p>\u00a0<\/p>\n<p>\u00a0<\/p>\n<p>\u00a0<\/p>\n<p>\u00a0<\/p>\n<p>\u00a0<\/p>\n<p>\u00a0<\/p>\n<p>\u00a0<\/p>\n<p>\u00a0<\/p>\n<p>Aquest any ha tocat endinsar-nos en la hist\u00f2ria d\u2019<em><span style=\"color: #33cccc;\"><strong>El m\u00e0gic d\u2019Oz<\/strong><\/span><\/em>, de<strong><span style=\"color: #33cccc;\"> Lyman Frank Baum<\/span><\/strong>, el qual t\u00e9 com a protagonista la <span style=\"color: #33cccc;\"><strong>Dorothy<\/strong><\/span>, un jove que de cop i volta \u00e9s transportada per un cicl\u00f3 al <strong><span style=\"color: #33cccc;\">Pa\u00eds d\u2019Oz, un m\u00f3n m\u00e0gic i fant\u00e0stic<\/span><\/strong> on far\u00e0 tres nous amics: el <span style=\"color: #33cccc;\"><strong>Lle\u00f3 poruc<\/strong><\/span>, l\u2019<span style=\"color: #33cccc;\"><strong>Espantaocells<\/strong><\/span> i el <strong><span style=\"color: #33cccc;\">Llenyataire de Llauna<\/span><\/strong>. Junts viuran tota mena d\u2019aventures per trobar-se amb el gran Bruixot d\u2019Oz perqu\u00e8 els ajudi a aconseguir els seus objectius: la Dorothy desitja <span style=\"color: #33cccc;\"><strong>tornar a casa<\/strong><\/span> al m\u00e9s aviat possible; l\u2019Espantaocells li vol demanar un <span style=\"color: #33cccc;\"><strong>cervell<\/strong><\/span>; al Lle\u00f3 li agradaria tenir m\u00e9s valentia i <strong><span style=\"color: #33cccc;\">coratge<\/span><\/strong>, i el Llenyataire de Llauna vol tenir <span style=\"color: #33cccc;\"><strong>cor<\/strong><\/span>.<\/p>\n<p><img decoding=\"async\" class=\" wp-image-9631 alignright\" src=\"https:\/\/biblioteca.blanes.cat\/salajove\/wp-content\/uploads\/sites\/3\/2025\/04\/IMG_20250411_184705-225x300.jpg\" alt=\"\" width=\"251\" height=\"335\" srcset=\"https:\/\/biblioteca.blanes.cat\/salajove\/wp-content\/uploads\/sites\/3\/2025\/04\/IMG_20250411_184705-225x300.jpg 225w, https:\/\/biblioteca.blanes.cat\/salajove\/wp-content\/uploads\/sites\/3\/2025\/04\/IMG_20250411_184705-768x1024.jpg 768w, https:\/\/biblioteca.blanes.cat\/salajove\/wp-content\/uploads\/sites\/3\/2025\/04\/IMG_20250411_184705-1152x1536.jpg 1152w, https:\/\/biblioteca.blanes.cat\/salajove\/wp-content\/uploads\/sites\/3\/2025\/04\/IMG_20250411_184705-1536x2048.jpg 1536w, https:\/\/biblioteca.blanes.cat\/salajove\/wp-content\/uploads\/sites\/3\/2025\/04\/IMG_20250411_184705-scaled.jpg 1920w\" sizes=\"(max-width: 251px) 100vw, 251px\" \/>El debat que hem tingut entre tots ha sigut molt profit\u00f3s, ja que \u00e9s un llibre que posa sobre la taula tot tipus de valors: l\u2019<span style=\"color: #33cccc;\"><strong>amistat<\/strong><\/span> i l\u2019amor incondicional entre amics, la import\u00e0ncia de les <span style=\"color: #33cccc;\"><strong>arrels familiars<\/strong><\/span>, l\u2019<strong><span style=\"color: #33cccc;\">autoestima<\/span><\/strong>, <span style=\"color: #33cccc;\"><strong>viure cada dia com si fos l\u2019\u00faltim<\/strong><\/span>, com <span style=\"color: #33cccc;\"><strong>enganyen les aparences<\/strong><\/span>\u2026 Tothom hi ha pogut dir la seva, per\u00f2 sobretot hem coincidit que donem m\u00e9s import\u00e0ncia a l\u2019amor que podem donar i rebre que a la intel\u00b7lig\u00e8ncia o la for\u00e7a f\u00edsica.<\/p>\n<p>Hem estat d\u2019acord, tamb\u00e9, que es tracta d\u2019un llibre molt ben estructurat narrativament, tot i que hi ha qui ha detectat algun petit error de gui\u00f3 i precisi\u00f3&#8230; I tamb\u00e9 hem comentat que tot i tractar-se d\u2019una hist\u00f2ria una mica previsible perqu\u00e8 podem intuir que tindr\u00e0 un final feli\u00e7, cap de nosaltres havia sospitat de la identitat real del bruixot&#8230; No ho desvetllarem perqu\u00e8 no ens agraden els esp\u00f2ilers!<\/p>\n<p>El final de la sessi\u00f3 l\u2019hem dedicat a parlar sobre els <span style=\"color: #33cccc;\"><strong>cl\u00e0ssics<\/strong><\/span>. Un cl\u00e0ssic \u00e9s <strong><span style=\"color: #33cccc;\">aquella obra que perdura en el temps i en el gust dels lectors<\/span><\/strong>, passa a la hist\u00f2ria pels valors que aporta o pel seu valor literari. Hem aprofitat l\u2019ocasi\u00f3 per con\u00e8ixer el <span style=\"color: #33cccc;\"><strong>Rac\u00f3 dels Cl\u00e0ssics de la Sala Jove<\/strong><\/span> i per jugar a un <span style=\"color: #33cccc;\"><strong>Memory de Cl\u00e0ssics<\/strong><\/span> en qu\u00e8 hav\u00edem de relacionar la coberta amb la sinopsi del llibre.<\/p>\n<p><img loading=\"lazy\" decoding=\"async\" class=\" wp-image-9628 alignleft\" src=\"https:\/\/biblioteca.blanes.cat\/salajove\/wp-content\/uploads\/sites\/3\/2025\/04\/IMG_20250411_181755-225x300.jpg\" alt=\"\" width=\"249\" height=\"332\" srcset=\"https:\/\/biblioteca.blanes.cat\/salajove\/wp-content\/uploads\/sites\/3\/2025\/04\/IMG_20250411_181755-225x300.jpg 225w, https:\/\/biblioteca.blanes.cat\/salajove\/wp-content\/uploads\/sites\/3\/2025\/04\/IMG_20250411_181755-768x1024.jpg 768w, https:\/\/biblioteca.blanes.cat\/salajove\/wp-content\/uploads\/sites\/3\/2025\/04\/IMG_20250411_181755-1152x1536.jpg 1152w, https:\/\/biblioteca.blanes.cat\/salajove\/wp-content\/uploads\/sites\/3\/2025\/04\/IMG_20250411_181755-1536x2048.jpg 1536w, https:\/\/biblioteca.blanes.cat\/salajove\/wp-content\/uploads\/sites\/3\/2025\/04\/IMG_20250411_181755-scaled.jpg 1920w\" sizes=\"(max-width: 249px) 100vw, 249px\" \/><\/p>\n<p><img loading=\"lazy\" decoding=\"async\" class=\" wp-image-9629 alignleft\" src=\"https:\/\/biblioteca.blanes.cat\/salajove\/wp-content\/uploads\/sites\/3\/2025\/04\/IMG_20250411_193153-225x300.jpg\" alt=\"\" width=\"249\" height=\"332\" srcset=\"https:\/\/biblioteca.blanes.cat\/salajove\/wp-content\/uploads\/sites\/3\/2025\/04\/IMG_20250411_193153-225x300.jpg 225w, https:\/\/biblioteca.blanes.cat\/salajove\/wp-content\/uploads\/sites\/3\/2025\/04\/IMG_20250411_193153-768x1024.jpg 768w, https:\/\/biblioteca.blanes.cat\/salajove\/wp-content\/uploads\/sites\/3\/2025\/04\/IMG_20250411_193153-1152x1536.jpg 1152w, https:\/\/biblioteca.blanes.cat\/salajove\/wp-content\/uploads\/sites\/3\/2025\/04\/IMG_20250411_193153-1536x2048.jpg 1536w, https:\/\/biblioteca.blanes.cat\/salajove\/wp-content\/uploads\/sites\/3\/2025\/04\/IMG_20250411_193153-scaled.jpg 1920w\" sizes=\"(max-width: 249px) 100vw, 249px\" \/><\/p>\n<p>\u00a0<\/p>\n<p>\u00a0<\/p>\n<p>\u00a0<\/p>\n<p>\u00a0<\/p>\n<p>\u00a0<\/p>\n<p>\u00a0<\/p>\n<p>\u00a0<\/p>\n<p>\u00a0<\/p>\n<p>\u00a0<\/p>\n<p>\u00a0<\/p>\n<p>Podeu descarregar-vos la guia de lectura sobre cl\u00e0ssics <span style=\"color: #33cccc;\"><strong><a style=\"color: #33cccc;\" href=\"https:\/\/biblioteca.blanes.cat\/salajove\/2025\/04\/14\/club-de-lectura-juvenil-emblanats-el-magic-doz\/gl_classics\/\" target=\"_blank\" rel=\"attachment noopener wp-att-9632\">aqu\u00ed<\/a><\/strong><\/span>.<\/p>\n<p>Quina superbona estona que hem passat! Ja frisem per comentar <span style=\"color: #99cc00;\"><em><strong>La porta dels tres panys<\/strong><\/em><\/span>, de <span style=\"color: #99cc00;\"><strong>S\u00f2nia Fern\u00e1ndez-Vidal<\/strong><\/span>, el mes vinent!<\/p>\n<p><img loading=\"lazy\" decoding=\"async\" class=\"aligncenter  wp-image-9630\" src=\"https:\/\/biblioteca.blanes.cat\/salajove\/wp-content\/uploads\/sites\/3\/2025\/04\/IMG_20250411_184832-225x300.jpg\" alt=\"\" width=\"286\" height=\"381\" srcset=\"https:\/\/biblioteca.blanes.cat\/salajove\/wp-content\/uploads\/sites\/3\/2025\/04\/IMG_20250411_184832-225x300.jpg 225w, https:\/\/biblioteca.blanes.cat\/salajove\/wp-content\/uploads\/sites\/3\/2025\/04\/IMG_20250411_184832-768x1024.jpg 768w, https:\/\/biblioteca.blanes.cat\/salajove\/wp-content\/uploads\/sites\/3\/2025\/04\/IMG_20250411_184832-1152x1536.jpg 1152w, https:\/\/biblioteca.blanes.cat\/salajove\/wp-content\/uploads\/sites\/3\/2025\/04\/IMG_20250411_184832-1536x2048.jpg 1536w, https:\/\/biblioteca.blanes.cat\/salajove\/wp-content\/uploads\/sites\/3\/2025\/04\/IMG_20250411_184832-scaled.jpg 1920w\" sizes=\"(max-width: 286px) 100vw, 286px\" \/><\/p>\n\n\n","protected":false},"excerpt":{"rendered":"<p>Cada curs al Club de Lectura Juvenil #emblanats llegim un cl\u00e0ssic. Creiem que \u00e9s important con\u00e8ixer les refer\u00e8ncies liter\u00e0ries anteriors als nostres temps per entendre millor la literatura contempor\u00e0nia. \u00a0 \u00a0 \u00a0 \u00a0 \u00a0 \u00a0 \u00a0 \u00a0 \u00a0 \u00a0 Aquest<\/p>\n","protected":false},"author":4,"featured_media":9627,"comment_status":"open","ping_status":"open","sticky":false,"template":"","format":"standard","meta":{"sfsi_plus_gutenberg_text_before_share":"","sfsi_plus_gutenberg_show_text_before_share":"","sfsi_plus_gutenberg_icon_type":"","sfsi_plus_gutenberg_icon_alignemt":"","sfsi_plus_gutenburg_max_per_row":"","footnotes":""},"categories":[5],"tags":[24,97,29,52,26,19,21],"class_list":["post-9626","post","type-post","status-publish","format-standard","has-post-thumbnail","hentry","category-club-de-lectura","tag-activitats","tag-activitats-actualitat-joves","tag-club-de-lectura","tag-joves","tag-lectura","tag-literatura","tag-llibres"],"yoast_head":"<!-- This site is optimized with the Yoast SEO plugin v27.5 - https:\/\/yoast.com\/product\/yoast-seo-wordpress\/ -->\n<title>Club de Lectura Juvenil #emblanats: El m\u00e0gic d&#039;Oz - Sala Jove<\/title>\n<meta name=\"robots\" content=\"index, follow, max-snippet:-1, max-image-preview:large, max-video-preview:-1\" \/>\n<link rel=\"canonical\" href=\"https:\/\/biblioteca.blanes.cat\/salajove\/2025\/04\/14\/club-de-lectura-juvenil-emblanats-el-magic-doz\/\" \/>\n<meta property=\"og:locale\" content=\"ca_ES\" \/>\n<meta property=\"og:type\" content=\"article\" \/>\n<meta property=\"og:title\" content=\"Club de Lectura Juvenil #emblanats: El m\u00e0gic d&#039;Oz - Sala Jove\" \/>\n<meta property=\"og:description\" content=\"Cada curs al Club de Lectura Juvenil #emblanats llegim un cl\u00e0ssic. Creiem que \u00e9s important con\u00e8ixer les refer\u00e8ncies liter\u00e0ries anteriors als nostres temps per entendre millor la literatura contempor\u00e0nia. \u00a0 \u00a0 \u00a0 \u00a0 \u00a0 \u00a0 \u00a0 \u00a0 \u00a0 \u00a0 Aquest\" \/>\n<meta property=\"og:url\" content=\"https:\/\/biblioteca.blanes.cat\/salajove\/2025\/04\/14\/club-de-lectura-juvenil-emblanats-el-magic-doz\/\" \/>\n<meta property=\"og:site_name\" content=\"Sala Jove\" \/>\n<meta property=\"article:publisher\" content=\"https:\/\/www.facebook.com\/BilbiotecaComarcaldeBlanes\/\" \/>\n<meta property=\"article:published_time\" content=\"2025-04-14T17:42:12+00:00\" \/>\n<meta property=\"article:modified_time\" content=\"2025-09-03T17:19:26+00:00\" \/>\n<meta property=\"og:image\" content=\"https:\/\/biblioteca.blanes.cat\/salajove\/wp-content\/uploads\/sites\/3\/2025\/04\/IMG_20250411_171923-scaled.jpg\" \/>\n\t<meta property=\"og:image:width\" content=\"1920\" \/>\n\t<meta property=\"og:image:height\" content=\"2560\" \/>\n\t<meta property=\"og:image:type\" content=\"image\/jpeg\" \/>\n<meta name=\"author\" content=\"biblioblanes\" \/>\n<meta name=\"twitter:card\" content=\"summary_large_image\" \/>\n<meta name=\"twitter:creator\" content=\"@biblioblanes\" \/>\n<meta name=\"twitter:site\" content=\"@BiblioBlanes\" \/>\n<meta name=\"twitter:label1\" content=\"Escrit per\" \/>\n\t<meta name=\"twitter:data1\" content=\"biblioblanes\" \/>\n\t<meta name=\"twitter:label2\" content=\"Temps estimat de lectura\" \/>\n\t<meta name=\"twitter:data2\" content=\"4 minuts\" \/>\n<script type=\"application\/ld+json\" class=\"yoast-schema-graph\">{\"@context\":\"https:\\\/\\\/schema.org\",\"@graph\":[{\"@type\":\"Article\",\"@id\":\"https:\\\/\\\/biblioteca.blanes.cat\\\/salajove\\\/2025\\\/04\\\/14\\\/club-de-lectura-juvenil-emblanats-el-magic-doz\\\/#article\",\"isPartOf\":{\"@id\":\"https:\\\/\\\/biblioteca.blanes.cat\\\/salajove\\\/2025\\\/04\\\/14\\\/club-de-lectura-juvenil-emblanats-el-magic-doz\\\/\"},\"author\":{\"name\":\"biblioblanes\",\"@id\":\"https:\\\/\\\/biblioteca.blanes.cat\\\/salajove\\\/#\\\/schema\\\/person\\\/5a7b46760d9dd611d098bbf571a341dc\"},\"headline\":\"Club de Lectura Juvenil #emblanats: El m\u00e0gic d&#8217;Oz\",\"datePublished\":\"2025-04-14T17:42:12+00:00\",\"dateModified\":\"2025-09-03T17:19:26+00:00\",\"mainEntityOfPage\":{\"@id\":\"https:\\\/\\\/biblioteca.blanes.cat\\\/salajove\\\/2025\\\/04\\\/14\\\/club-de-lectura-juvenil-emblanats-el-magic-doz\\\/\"},\"wordCount\":451,\"commentCount\":0,\"publisher\":{\"@id\":\"https:\\\/\\\/biblioteca.blanes.cat\\\/salajove\\\/#organization\"},\"image\":{\"@id\":\"https:\\\/\\\/biblioteca.blanes.cat\\\/salajove\\\/2025\\\/04\\\/14\\\/club-de-lectura-juvenil-emblanats-el-magic-doz\\\/#primaryimage\"},\"thumbnailUrl\":\"https:\\\/\\\/biblioteca.blanes.cat\\\/salajove\\\/wp-content\\\/uploads\\\/sites\\\/3\\\/2025\\\/04\\\/IMG_20250411_171923-scaled.jpg\",\"keywords\":[\"#Activitats\",\"#Activitats #Actualitat #Joves\",\"#ClubdeLectura\",\"#Joves\",\"#Lectura\",\"#Literatura\",\"#Llibres\"],\"articleSection\":[\"Club de Lectura\"],\"inLanguage\":\"ca\",\"potentialAction\":[{\"@type\":\"CommentAction\",\"name\":\"Comment\",\"target\":[\"https:\\\/\\\/biblioteca.blanes.cat\\\/salajove\\\/2025\\\/04\\\/14\\\/club-de-lectura-juvenil-emblanats-el-magic-doz\\\/#respond\"]}]},{\"@type\":\"WebPage\",\"@id\":\"https:\\\/\\\/biblioteca.blanes.cat\\\/salajove\\\/2025\\\/04\\\/14\\\/club-de-lectura-juvenil-emblanats-el-magic-doz\\\/\",\"url\":\"https:\\\/\\\/biblioteca.blanes.cat\\\/salajove\\\/2025\\\/04\\\/14\\\/club-de-lectura-juvenil-emblanats-el-magic-doz\\\/\",\"name\":\"Club de Lectura Juvenil #emblanats: El m\u00e0gic d'Oz - Sala Jove\",\"isPartOf\":{\"@id\":\"https:\\\/\\\/biblioteca.blanes.cat\\\/salajove\\\/#website\"},\"primaryImageOfPage\":{\"@id\":\"https:\\\/\\\/biblioteca.blanes.cat\\\/salajove\\\/2025\\\/04\\\/14\\\/club-de-lectura-juvenil-emblanats-el-magic-doz\\\/#primaryimage\"},\"image\":{\"@id\":\"https:\\\/\\\/biblioteca.blanes.cat\\\/salajove\\\/2025\\\/04\\\/14\\\/club-de-lectura-juvenil-emblanats-el-magic-doz\\\/#primaryimage\"},\"thumbnailUrl\":\"https:\\\/\\\/biblioteca.blanes.cat\\\/salajove\\\/wp-content\\\/uploads\\\/sites\\\/3\\\/2025\\\/04\\\/IMG_20250411_171923-scaled.jpg\",\"datePublished\":\"2025-04-14T17:42:12+00:00\",\"dateModified\":\"2025-09-03T17:19:26+00:00\",\"breadcrumb\":{\"@id\":\"https:\\\/\\\/biblioteca.blanes.cat\\\/salajove\\\/2025\\\/04\\\/14\\\/club-de-lectura-juvenil-emblanats-el-magic-doz\\\/#breadcrumb\"},\"inLanguage\":\"ca\",\"potentialAction\":[{\"@type\":\"ReadAction\",\"target\":[\"https:\\\/\\\/biblioteca.blanes.cat\\\/salajove\\\/2025\\\/04\\\/14\\\/club-de-lectura-juvenil-emblanats-el-magic-doz\\\/\"]}]},{\"@type\":\"ImageObject\",\"inLanguage\":\"ca\",\"@id\":\"https:\\\/\\\/biblioteca.blanes.cat\\\/salajove\\\/2025\\\/04\\\/14\\\/club-de-lectura-juvenil-emblanats-el-magic-doz\\\/#primaryimage\",\"url\":\"https:\\\/\\\/biblioteca.blanes.cat\\\/salajove\\\/wp-content\\\/uploads\\\/sites\\\/3\\\/2025\\\/04\\\/IMG_20250411_171923-scaled.jpg\",\"contentUrl\":\"https:\\\/\\\/biblioteca.blanes.cat\\\/salajove\\\/wp-content\\\/uploads\\\/sites\\\/3\\\/2025\\\/04\\\/IMG_20250411_171923-scaled.jpg\",\"width\":1920,\"height\":2560},{\"@type\":\"BreadcrumbList\",\"@id\":\"https:\\\/\\\/biblioteca.blanes.cat\\\/salajove\\\/2025\\\/04\\\/14\\\/club-de-lectura-juvenil-emblanats-el-magic-doz\\\/#breadcrumb\",\"itemListElement\":[{\"@type\":\"ListItem\",\"position\":1,\"name\":\"Inici\",\"item\":\"https:\\\/\\\/biblioteca.blanes.cat\\\/salajove\\\/\"},{\"@type\":\"ListItem\",\"position\":2,\"name\":\"Club de Lectura Juvenil #emblanats: El m\u00e0gic d&#8217;Oz\"}]},{\"@type\":\"WebSite\",\"@id\":\"https:\\\/\\\/biblioteca.blanes.cat\\\/salajove\\\/#website\",\"url\":\"https:\\\/\\\/biblioteca.blanes.cat\\\/salajove\\\/\",\"name\":\"Sala Jove\",\"description\":\"Biblioteca Comarcal de Blanes\",\"publisher\":{\"@id\":\"https:\\\/\\\/biblioteca.blanes.cat\\\/salajove\\\/#organization\"},\"potentialAction\":[{\"@type\":\"SearchAction\",\"target\":{\"@type\":\"EntryPoint\",\"urlTemplate\":\"https:\\\/\\\/biblioteca.blanes.cat\\\/salajove\\\/?s={search_term_string}\"},\"query-input\":{\"@type\":\"PropertyValueSpecification\",\"valueRequired\":true,\"valueName\":\"search_term_string\"}}],\"inLanguage\":\"ca\"},{\"@type\":\"Organization\",\"@id\":\"https:\\\/\\\/biblioteca.blanes.cat\\\/salajove\\\/#organization\",\"name\":\"Biblioteca Comarcal de Blanes\",\"url\":\"https:\\\/\\\/biblioteca.blanes.cat\\\/salajove\\\/\",\"logo\":{\"@type\":\"ImageObject\",\"inLanguage\":\"ca\",\"@id\":\"https:\\\/\\\/biblioteca.blanes.cat\\\/salajove\\\/#\\\/schema\\\/logo\\\/image\\\/\",\"url\":\"https:\\\/\\\/biblioteca.blanes.cat\\\/salajove\\\/wp-content\\\/uploads\\\/sites\\\/3\\\/2017\\\/09\\\/cropped-Bib-blau-e1518869380535.png\",\"contentUrl\":\"https:\\\/\\\/biblioteca.blanes.cat\\\/salajove\\\/wp-content\\\/uploads\\\/sites\\\/3\\\/2017\\\/09\\\/cropped-Bib-blau-e1518869380535.png\",\"width\":166,\"height\":166,\"caption\":\"Biblioteca Comarcal de Blanes\"},\"image\":{\"@id\":\"https:\\\/\\\/biblioteca.blanes.cat\\\/salajove\\\/#\\\/schema\\\/logo\\\/image\\\/\"},\"sameAs\":[\"https:\\\/\\\/www.facebook.com\\\/BilbiotecaComarcaldeBlanes\\\/\",\"https:\\\/\\\/x.com\\\/BiblioBlanes\",\"https:\\\/\\\/www.instagram.com\\\/biblioblanes\\\/\",\"https:\\\/\\\/www.pinterest.es\\\/bblanes\\\/\",\"https:\\\/\\\/www.youtube.com\\\/c\\\/BibliotecaComarcalBlanes\"]},{\"@type\":\"Person\",\"@id\":\"https:\\\/\\\/biblioteca.blanes.cat\\\/salajove\\\/#\\\/schema\\\/person\\\/5a7b46760d9dd611d098bbf571a341dc\",\"name\":\"biblioblanes\",\"image\":{\"@type\":\"ImageObject\",\"inLanguage\":\"ca\",\"@id\":\"https:\\\/\\\/secure.gravatar.com\\\/avatar\\\/6593ca6cc90e5a70939f51c95e8315483b9c281bafba597292bee47992030f99?s=96&d=mm&r=g\",\"url\":\"https:\\\/\\\/secure.gravatar.com\\\/avatar\\\/6593ca6cc90e5a70939f51c95e8315483b9c281bafba597292bee47992030f99?s=96&d=mm&r=g\",\"contentUrl\":\"https:\\\/\\\/secure.gravatar.com\\\/avatar\\\/6593ca6cc90e5a70939f51c95e8315483b9c281bafba597292bee47992030f99?s=96&d=mm&r=g\",\"caption\":\"biblioblanes\"},\"sameAs\":[\"http:\\\/\\\/www.bibgirona.cat\\\/biblioteca\\\/blanes\",\"https:\\\/\\\/x.com\\\/biblioblanes\"],\"url\":\"https:\\\/\\\/biblioteca.blanes.cat\\\/salajove\\\/author\\\/biblioblanes\\\/\"}]}<\/script>\n<!-- \/ Yoast SEO plugin. -->","yoast_head_json":{"title":"Club de Lectura Juvenil #emblanats: El m\u00e0gic d'Oz - Sala Jove","robots":{"index":"index","follow":"follow","max-snippet":"max-snippet:-1","max-image-preview":"max-image-preview:large","max-video-preview":"max-video-preview:-1"},"canonical":"https:\/\/biblioteca.blanes.cat\/salajove\/2025\/04\/14\/club-de-lectura-juvenil-emblanats-el-magic-doz\/","og_locale":"ca_ES","og_type":"article","og_title":"Club de Lectura Juvenil #emblanats: El m\u00e0gic d'Oz - Sala Jove","og_description":"Cada curs al Club de Lectura Juvenil #emblanats llegim un cl\u00e0ssic. Creiem que \u00e9s important con\u00e8ixer les refer\u00e8ncies liter\u00e0ries anteriors als nostres temps per entendre millor la literatura contempor\u00e0nia. \u00a0 \u00a0 \u00a0 \u00a0 \u00a0 \u00a0 \u00a0 \u00a0 \u00a0 \u00a0 Aquest","og_url":"https:\/\/biblioteca.blanes.cat\/salajove\/2025\/04\/14\/club-de-lectura-juvenil-emblanats-el-magic-doz\/","og_site_name":"Sala Jove","article_publisher":"https:\/\/www.facebook.com\/BilbiotecaComarcaldeBlanes\/","article_published_time":"2025-04-14T17:42:12+00:00","article_modified_time":"2025-09-03T17:19:26+00:00","og_image":[{"width":1920,"height":2560,"url":"https:\/\/biblioteca.blanes.cat\/salajove\/wp-content\/uploads\/sites\/3\/2025\/04\/IMG_20250411_171923-scaled.jpg","type":"image\/jpeg"}],"author":"biblioblanes","twitter_card":"summary_large_image","twitter_creator":"@biblioblanes","twitter_site":"@BiblioBlanes","twitter_misc":{"Escrit per":"biblioblanes","Temps estimat de lectura":"4 minuts"},"schema":{"@context":"https:\/\/schema.org","@graph":[{"@type":"Article","@id":"https:\/\/biblioteca.blanes.cat\/salajove\/2025\/04\/14\/club-de-lectura-juvenil-emblanats-el-magic-doz\/#article","isPartOf":{"@id":"https:\/\/biblioteca.blanes.cat\/salajove\/2025\/04\/14\/club-de-lectura-juvenil-emblanats-el-magic-doz\/"},"author":{"name":"biblioblanes","@id":"https:\/\/biblioteca.blanes.cat\/salajove\/#\/schema\/person\/5a7b46760d9dd611d098bbf571a341dc"},"headline":"Club de Lectura Juvenil #emblanats: El m\u00e0gic d&#8217;Oz","datePublished":"2025-04-14T17:42:12+00:00","dateModified":"2025-09-03T17:19:26+00:00","mainEntityOfPage":{"@id":"https:\/\/biblioteca.blanes.cat\/salajove\/2025\/04\/14\/club-de-lectura-juvenil-emblanats-el-magic-doz\/"},"wordCount":451,"commentCount":0,"publisher":{"@id":"https:\/\/biblioteca.blanes.cat\/salajove\/#organization"},"image":{"@id":"https:\/\/biblioteca.blanes.cat\/salajove\/2025\/04\/14\/club-de-lectura-juvenil-emblanats-el-magic-doz\/#primaryimage"},"thumbnailUrl":"https:\/\/biblioteca.blanes.cat\/salajove\/wp-content\/uploads\/sites\/3\/2025\/04\/IMG_20250411_171923-scaled.jpg","keywords":["#Activitats","#Activitats #Actualitat #Joves","#ClubdeLectura","#Joves","#Lectura","#Literatura","#Llibres"],"articleSection":["Club de Lectura"],"inLanguage":"ca","potentialAction":[{"@type":"CommentAction","name":"Comment","target":["https:\/\/biblioteca.blanes.cat\/salajove\/2025\/04\/14\/club-de-lectura-juvenil-emblanats-el-magic-doz\/#respond"]}]},{"@type":"WebPage","@id":"https:\/\/biblioteca.blanes.cat\/salajove\/2025\/04\/14\/club-de-lectura-juvenil-emblanats-el-magic-doz\/","url":"https:\/\/biblioteca.blanes.cat\/salajove\/2025\/04\/14\/club-de-lectura-juvenil-emblanats-el-magic-doz\/","name":"Club de Lectura Juvenil #emblanats: El m\u00e0gic d'Oz - Sala Jove","isPartOf":{"@id":"https:\/\/biblioteca.blanes.cat\/salajove\/#website"},"primaryImageOfPage":{"@id":"https:\/\/biblioteca.blanes.cat\/salajove\/2025\/04\/14\/club-de-lectura-juvenil-emblanats-el-magic-doz\/#primaryimage"},"image":{"@id":"https:\/\/biblioteca.blanes.cat\/salajove\/2025\/04\/14\/club-de-lectura-juvenil-emblanats-el-magic-doz\/#primaryimage"},"thumbnailUrl":"https:\/\/biblioteca.blanes.cat\/salajove\/wp-content\/uploads\/sites\/3\/2025\/04\/IMG_20250411_171923-scaled.jpg","datePublished":"2025-04-14T17:42:12+00:00","dateModified":"2025-09-03T17:19:26+00:00","breadcrumb":{"@id":"https:\/\/biblioteca.blanes.cat\/salajove\/2025\/04\/14\/club-de-lectura-juvenil-emblanats-el-magic-doz\/#breadcrumb"},"inLanguage":"ca","potentialAction":[{"@type":"ReadAction","target":["https:\/\/biblioteca.blanes.cat\/salajove\/2025\/04\/14\/club-de-lectura-juvenil-emblanats-el-magic-doz\/"]}]},{"@type":"ImageObject","inLanguage":"ca","@id":"https:\/\/biblioteca.blanes.cat\/salajove\/2025\/04\/14\/club-de-lectura-juvenil-emblanats-el-magic-doz\/#primaryimage","url":"https:\/\/biblioteca.blanes.cat\/salajove\/wp-content\/uploads\/sites\/3\/2025\/04\/IMG_20250411_171923-scaled.jpg","contentUrl":"https:\/\/biblioteca.blanes.cat\/salajove\/wp-content\/uploads\/sites\/3\/2025\/04\/IMG_20250411_171923-scaled.jpg","width":1920,"height":2560},{"@type":"BreadcrumbList","@id":"https:\/\/biblioteca.blanes.cat\/salajove\/2025\/04\/14\/club-de-lectura-juvenil-emblanats-el-magic-doz\/#breadcrumb","itemListElement":[{"@type":"ListItem","position":1,"name":"Inici","item":"https:\/\/biblioteca.blanes.cat\/salajove\/"},{"@type":"ListItem","position":2,"name":"Club de Lectura Juvenil #emblanats: El m\u00e0gic d&#8217;Oz"}]},{"@type":"WebSite","@id":"https:\/\/biblioteca.blanes.cat\/salajove\/#website","url":"https:\/\/biblioteca.blanes.cat\/salajove\/","name":"Sala Jove","description":"Biblioteca Comarcal de Blanes","publisher":{"@id":"https:\/\/biblioteca.blanes.cat\/salajove\/#organization"},"potentialAction":[{"@type":"SearchAction","target":{"@type":"EntryPoint","urlTemplate":"https:\/\/biblioteca.blanes.cat\/salajove\/?s={search_term_string}"},"query-input":{"@type":"PropertyValueSpecification","valueRequired":true,"valueName":"search_term_string"}}],"inLanguage":"ca"},{"@type":"Organization","@id":"https:\/\/biblioteca.blanes.cat\/salajove\/#organization","name":"Biblioteca Comarcal de Blanes","url":"https:\/\/biblioteca.blanes.cat\/salajove\/","logo":{"@type":"ImageObject","inLanguage":"ca","@id":"https:\/\/biblioteca.blanes.cat\/salajove\/#\/schema\/logo\/image\/","url":"https:\/\/biblioteca.blanes.cat\/salajove\/wp-content\/uploads\/sites\/3\/2017\/09\/cropped-Bib-blau-e1518869380535.png","contentUrl":"https:\/\/biblioteca.blanes.cat\/salajove\/wp-content\/uploads\/sites\/3\/2017\/09\/cropped-Bib-blau-e1518869380535.png","width":166,"height":166,"caption":"Biblioteca Comarcal de Blanes"},"image":{"@id":"https:\/\/biblioteca.blanes.cat\/salajove\/#\/schema\/logo\/image\/"},"sameAs":["https:\/\/www.facebook.com\/BilbiotecaComarcaldeBlanes\/","https:\/\/x.com\/BiblioBlanes","https:\/\/www.instagram.com\/biblioblanes\/","https:\/\/www.pinterest.es\/bblanes\/","https:\/\/www.youtube.com\/c\/BibliotecaComarcalBlanes"]},{"@type":"Person","@id":"https:\/\/biblioteca.blanes.cat\/salajove\/#\/schema\/person\/5a7b46760d9dd611d098bbf571a341dc","name":"biblioblanes","image":{"@type":"ImageObject","inLanguage":"ca","@id":"https:\/\/secure.gravatar.com\/avatar\/6593ca6cc90e5a70939f51c95e8315483b9c281bafba597292bee47992030f99?s=96&d=mm&r=g","url":"https:\/\/secure.gravatar.com\/avatar\/6593ca6cc90e5a70939f51c95e8315483b9c281bafba597292bee47992030f99?s=96&d=mm&r=g","contentUrl":"https:\/\/secure.gravatar.com\/avatar\/6593ca6cc90e5a70939f51c95e8315483b9c281bafba597292bee47992030f99?s=96&d=mm&r=g","caption":"biblioblanes"},"sameAs":["http:\/\/www.bibgirona.cat\/biblioteca\/blanes","https:\/\/x.com\/biblioblanes"],"url":"https:\/\/biblioteca.blanes.cat\/salajove\/author\/biblioblanes\/"}]}},"_links":{"self":[{"href":"https:\/\/biblioteca.blanes.cat\/salajove\/wp-json\/wp\/v2\/posts\/9626","targetHints":{"allow":["GET"]}}],"collection":[{"href":"https:\/\/biblioteca.blanes.cat\/salajove\/wp-json\/wp\/v2\/posts"}],"about":[{"href":"https:\/\/biblioteca.blanes.cat\/salajove\/wp-json\/wp\/v2\/types\/post"}],"author":[{"embeddable":true,"href":"https:\/\/biblioteca.blanes.cat\/salajove\/wp-json\/wp\/v2\/users\/4"}],"replies":[{"embeddable":true,"href":"https:\/\/biblioteca.blanes.cat\/salajove\/wp-json\/wp\/v2\/comments?post=9626"}],"version-history":[{"count":12,"href":"https:\/\/biblioteca.blanes.cat\/salajove\/wp-json\/wp\/v2\/posts\/9626\/revisions"}],"predecessor-version":[{"id":9646,"href":"https:\/\/biblioteca.blanes.cat\/salajove\/wp-json\/wp\/v2\/posts\/9626\/revisions\/9646"}],"wp:featuredmedia":[{"embeddable":true,"href":"https:\/\/biblioteca.blanes.cat\/salajove\/wp-json\/wp\/v2\/media\/9627"}],"wp:attachment":[{"href":"https:\/\/biblioteca.blanes.cat\/salajove\/wp-json\/wp\/v2\/media?parent=9626"}],"wp:term":[{"taxonomy":"category","embeddable":true,"href":"https:\/\/biblioteca.blanes.cat\/salajove\/wp-json\/wp\/v2\/categories?post=9626"},{"taxonomy":"post_tag","embeddable":true,"href":"https:\/\/biblioteca.blanes.cat\/salajove\/wp-json\/wp\/v2\/tags?post=9626"}],"curies":[{"name":"wp","href":"https:\/\/api.w.org\/{rel}","templated":true}]}}