{"id":9561,"date":"2025-04-02T19:17:49","date_gmt":"2025-04-02T18:17:49","guid":{"rendered":"https:\/\/biblioteca.blanes.cat\/salajove\/?p=9561"},"modified":"2026-04-25T11:27:32","modified_gmt":"2026-04-25T10:27:32","slug":"premis-bollere-2024-2025","status":"publish","type":"post","link":"https:\/\/biblioteca.blanes.cat\/salajove\/2025\/04\/02\/premis-bollere-2024-2025\/","title":{"rendered":"Premis Boller\u00e9 2024-2025"},"content":{"rendered":"\n<p>Aquest dimecres, 2 d&#8217;abril, hem fet l&#8217;acte de celebraci\u00f3 de la setzena edici\u00f3 dels Boller\u00e9, el concurs literari de relats breus per a joves d&#8217;entre 12 i 25 anys, dividit en dues categories.\u00a0<\/p>\n<p><span style=\"color: #993300;\"><strong>PREMI CATEGORIA A (de 17 a 25 anys):<\/strong><\/span><\/p>\n<p>S&#8217;hi han presentat vint-i-tres relats.<\/p>\n<ul>\n<li><strong>1r premi<\/strong>: <strong>Ares Sol\u00e0 Mauri<\/strong>\u00a0amb <em><strong>Hi ha roba estesa<\/strong><\/em>.<\/li>\n<li><strong>Finalista: Marina Andreu Gonz\u00e1lez<\/strong> amb <strong><em>La noia i el mar<\/em><\/strong>.<\/li>\n<\/ul>\n<p><span style=\"color: #993300;\"><strong>PREMI CATEGORIA B (de 12 a 16 anys):<\/strong><\/span><\/p>\n<p>S&#8217;hi han presentat quaranta-sis relats.<\/p>\n<ul>\n<li><strong>1r premi<\/strong>: <strong>Laia Llobet Faus<\/strong>\u00a0amb <em><strong>Palau de fang<\/strong><\/em>.<\/li>\n<li><strong>Finalista: Lia de Clasc\u00e0 Bay\u00e9s<\/strong> amb <strong><em>L&#8217;home que va perdre l&#8217;ombra<\/em><\/strong>.<\/li>\n<\/ul>\n<p>*Menci\u00f3 especial a <strong>Roc\u00edo Guijarro<\/strong> amb el relat <em>El renacer de la magia<\/em>.<\/p>\n<p><a href=\"https:\/\/biblioteca.blanes.cat\/salajove\/2025\/04\/02\/premis-bollere-2024-2025\/bollere-20242025-5\/\" rel=\"attachment wp-att-9565\"><img fetchpriority=\"high\" decoding=\"async\" class=\"aligncenter  wp-image-9565\" src=\"https:\/\/biblioteca.blanes.cat\/salajove\/wp-content\/uploads\/sites\/3\/2025\/04\/Bollere-20242025-5-300x225.jpg\" alt=\"\" width=\"464\" height=\"348\" srcset=\"https:\/\/biblioteca.blanes.cat\/salajove\/wp-content\/uploads\/sites\/3\/2025\/04\/Bollere-20242025-5-300x225.jpg 300w, https:\/\/biblioteca.blanes.cat\/salajove\/wp-content\/uploads\/sites\/3\/2025\/04\/Bollere-20242025-5-1024x768.jpg 1024w, https:\/\/biblioteca.blanes.cat\/salajove\/wp-content\/uploads\/sites\/3\/2025\/04\/Bollere-20242025-5-768x576.jpg 768w, https:\/\/biblioteca.blanes.cat\/salajove\/wp-content\/uploads\/sites\/3\/2025\/04\/Bollere-20242025-5-1536x1152.jpg 1536w, https:\/\/biblioteca.blanes.cat\/salajove\/wp-content\/uploads\/sites\/3\/2025\/04\/Bollere-20242025-5.jpg 1600w\" sizes=\"(max-width: 464px) 100vw, 464px\" \/><\/a><\/p>\n<p><span style=\"color: #993300;\"><strong>Membres del JURAT:\u00a0<\/strong><\/span><\/p>\n<ul>\n<li><strong>Sr.<\/strong> <strong>Mario Ros Vidal<\/strong>, cinqu\u00e8 tinent d&#8217;alcalde: Biblioteca, Igualtat, Nova Ciutadania i solidaritat i Gent Gran.<\/li>\n<li><strong>Sr. Carles Llorach Freixes<\/strong>, mestre i traductor.<\/li>\n<li><strong>Sra. Elisabet Moreno Boada<\/strong>, escriptora.<\/li>\n<li><strong>Sra. Alba Lupi\u00e1nez Mateu<\/strong>, guanyadora de la 4a edici\u00f3, 2010.<\/li>\n<li><strong>Sr<\/strong>. <strong>Enric Rodr\u00edguez Mas<\/strong>, T\u00e8cnic del Departament d\u2019Educaci\u00f3.<\/li>\n<li><strong>Sra. Anna Rosa Bou Bruguera<\/strong>, secret\u00e0ria de jurat<\/li>\n<\/ul>\n<p><a href=\"https:\/\/biblioteca.blanes.cat\/salajove\/2025\/04\/02\/premis-bollere-2024-2025\/bollere-20242025-3\/\" rel=\"attachment wp-att-9563\"><img decoding=\"async\" class=\"aligncenter  wp-image-9563\" src=\"https:\/\/biblioteca.blanes.cat\/salajove\/wp-content\/uploads\/sites\/3\/2025\/04\/Bollere-20242025-3-300x225.jpg\" alt=\"\" width=\"438\" height=\"329\" srcset=\"https:\/\/biblioteca.blanes.cat\/salajove\/wp-content\/uploads\/sites\/3\/2025\/04\/Bollere-20242025-3-300x225.jpg 300w, https:\/\/biblioteca.blanes.cat\/salajove\/wp-content\/uploads\/sites\/3\/2025\/04\/Bollere-20242025-3-1024x768.jpg 1024w, https:\/\/biblioteca.blanes.cat\/salajove\/wp-content\/uploads\/sites\/3\/2025\/04\/Bollere-20242025-3-768x576.jpg 768w, https:\/\/biblioteca.blanes.cat\/salajove\/wp-content\/uploads\/sites\/3\/2025\/04\/Bollere-20242025-3-1536x1152.jpg 1536w, https:\/\/biblioteca.blanes.cat\/salajove\/wp-content\/uploads\/sites\/3\/2025\/04\/Bollere-20242025-3.jpg 1600w\" sizes=\"(max-width: 438px) 100vw, 438px\" \/><\/a><\/p>\n<p>Podeu llegir els relats guanyadors <a href=\"https:\/\/online.fliphtml5.com\/ojzto\/BOLLERE_20242025_SENCER\/#p=1\" target=\"_blank\" rel=\"noopener\"><strong>aqu\u00ed<\/strong><\/a>.<\/p>\n<p><strong>Enhorabona a totes!<\/strong><\/p>\n<p><strong>\u00a0<\/strong><\/p>\n<p>\u00a0<\/p>\n<p>\u00a0<\/p>\n","protected":false},"excerpt":{"rendered":"<p>Aquest dimecres, 2 d&#8217;abril, hem fet l&#8217;acte de celebraci\u00f3 de la setzena edici\u00f3 dels Boller\u00e9, el concurs literari de relats breus per a joves d&#8217;entre 12 i 25 anys, dividit en dues categories.\u00a0 PREMI CATEGORIA A (de 17 a 25<\/p>\n","protected":false},"author":4,"featured_media":9565,"comment_status":"open","ping_status":"open","sticky":false,"template":"","format":"standard","meta":{"sfsi_plus_gutenberg_text_before_share":"","sfsi_plus_gutenberg_show_text_before_share":"","sfsi_plus_gutenberg_icon_type":"","sfsi_plus_gutenberg_icon_alignemt":"","sfsi_plus_gutenburg_max_per_row":"","footnotes":""},"categories":[15,1],"tags":[97,49,52,19,21],"class_list":["post-9561","post","type-post","status-publish","format-standard","has-post-thumbnail","hentry","category-bollere","category-general","tag-activitats-actualitat-joves","tag-actualitat","tag-joves","tag-literatura","tag-llibres"],"yoast_head":"<!-- This site is optimized with the Yoast SEO plugin v27.5 - https:\/\/yoast.com\/product\/yoast-seo-wordpress\/ -->\n<title>Premis Boller\u00e9 2024-2025 - Sala Jove<\/title>\n<meta name=\"robots\" content=\"index, follow, max-snippet:-1, max-image-preview:large, max-video-preview:-1\" \/>\n<link rel=\"canonical\" href=\"https:\/\/biblioteca.blanes.cat\/salajove\/2025\/04\/02\/premis-bollere-2024-2025\/\" \/>\n<meta property=\"og:locale\" content=\"ca_ES\" \/>\n<meta property=\"og:type\" content=\"article\" \/>\n<meta property=\"og:title\" content=\"Premis Boller\u00e9 2024-2025 - Sala Jove\" \/>\n<meta property=\"og:description\" content=\"Aquest dimecres, 2 d&#8217;abril, hem fet l&#8217;acte de celebraci\u00f3 de la setzena edici\u00f3 dels Boller\u00e9, el concurs literari de relats breus per a joves d&#8217;entre 12 i 25 anys, dividit en dues categories.\u00a0 PREMI CATEGORIA A (de 17 a 25\" \/>\n<meta property=\"og:url\" content=\"https:\/\/biblioteca.blanes.cat\/salajove\/2025\/04\/02\/premis-bollere-2024-2025\/\" \/>\n<meta property=\"og:site_name\" content=\"Sala Jove\" \/>\n<meta property=\"article:publisher\" content=\"https:\/\/www.facebook.com\/BilbiotecaComarcaldeBlanes\/\" \/>\n<meta property=\"article:published_time\" content=\"2025-04-02T18:17:49+00:00\" \/>\n<meta property=\"article:modified_time\" content=\"2026-04-25T10:27:32+00:00\" \/>\n<meta property=\"og:image\" content=\"https:\/\/biblioteca.blanes.cat\/salajove\/wp-content\/uploads\/sites\/3\/2025\/04\/Bollere-20242025-5.jpg\" \/>\n\t<meta property=\"og:image:width\" content=\"1600\" \/>\n\t<meta property=\"og:image:height\" content=\"1200\" \/>\n\t<meta property=\"og:image:type\" content=\"image\/jpeg\" \/>\n<meta name=\"author\" content=\"biblioblanes\" \/>\n<meta name=\"twitter:card\" content=\"summary_large_image\" \/>\n<meta name=\"twitter:creator\" content=\"@biblioblanes\" \/>\n<meta name=\"twitter:site\" content=\"@BiblioBlanes\" \/>\n<meta name=\"twitter:label1\" content=\"Escrit per\" \/>\n\t<meta name=\"twitter:data1\" content=\"biblioblanes\" \/>\n\t<meta name=\"twitter:label2\" content=\"Temps estimat de lectura\" \/>\n\t<meta name=\"twitter:data2\" content=\"2 minuts\" \/>\n<script type=\"application\/ld+json\" class=\"yoast-schema-graph\">{\"@context\":\"https:\\\/\\\/schema.org\",\"@graph\":[{\"@type\":\"Article\",\"@id\":\"https:\\\/\\\/biblioteca.blanes.cat\\\/salajove\\\/2025\\\/04\\\/02\\\/premis-bollere-2024-2025\\\/#article\",\"isPartOf\":{\"@id\":\"https:\\\/\\\/biblioteca.blanes.cat\\\/salajove\\\/2025\\\/04\\\/02\\\/premis-bollere-2024-2025\\\/\"},\"author\":{\"name\":\"biblioblanes\",\"@id\":\"https:\\\/\\\/biblioteca.blanes.cat\\\/salajove\\\/#\\\/schema\\\/person\\\/5a7b46760d9dd611d098bbf571a341dc\"},\"headline\":\"Premis Boller\u00e9 2024-2025\",\"datePublished\":\"2025-04-02T18:17:49+00:00\",\"dateModified\":\"2026-04-25T10:27:32+00:00\",\"mainEntityOfPage\":{\"@id\":\"https:\\\/\\\/biblioteca.blanes.cat\\\/salajove\\\/2025\\\/04\\\/02\\\/premis-bollere-2024-2025\\\/\"},\"wordCount\":189,\"commentCount\":0,\"publisher\":{\"@id\":\"https:\\\/\\\/biblioteca.blanes.cat\\\/salajove\\\/#organization\"},\"image\":{\"@id\":\"https:\\\/\\\/biblioteca.blanes.cat\\\/salajove\\\/2025\\\/04\\\/02\\\/premis-bollere-2024-2025\\\/#primaryimage\"},\"thumbnailUrl\":\"https:\\\/\\\/biblioteca.blanes.cat\\\/salajove\\\/wp-content\\\/uploads\\\/sites\\\/3\\\/2025\\\/04\\\/Bollere-20242025-5.jpg\",\"keywords\":[\"#Activitats #Actualitat #Joves\",\"#Actualitat\",\"#Joves\",\"#Literatura\",\"#Llibres\"],\"articleSection\":[\"Boller\u00e9\",\"Not\u00edcies\"],\"inLanguage\":\"ca\",\"potentialAction\":[{\"@type\":\"CommentAction\",\"name\":\"Comment\",\"target\":[\"https:\\\/\\\/biblioteca.blanes.cat\\\/salajove\\\/2025\\\/04\\\/02\\\/premis-bollere-2024-2025\\\/#respond\"]}]},{\"@type\":\"WebPage\",\"@id\":\"https:\\\/\\\/biblioteca.blanes.cat\\\/salajove\\\/2025\\\/04\\\/02\\\/premis-bollere-2024-2025\\\/\",\"url\":\"https:\\\/\\\/biblioteca.blanes.cat\\\/salajove\\\/2025\\\/04\\\/02\\\/premis-bollere-2024-2025\\\/\",\"name\":\"Premis Boller\u00e9 2024-2025 - Sala Jove\",\"isPartOf\":{\"@id\":\"https:\\\/\\\/biblioteca.blanes.cat\\\/salajove\\\/#website\"},\"primaryImageOfPage\":{\"@id\":\"https:\\\/\\\/biblioteca.blanes.cat\\\/salajove\\\/2025\\\/04\\\/02\\\/premis-bollere-2024-2025\\\/#primaryimage\"},\"image\":{\"@id\":\"https:\\\/\\\/biblioteca.blanes.cat\\\/salajove\\\/2025\\\/04\\\/02\\\/premis-bollere-2024-2025\\\/#primaryimage\"},\"thumbnailUrl\":\"https:\\\/\\\/biblioteca.blanes.cat\\\/salajove\\\/wp-content\\\/uploads\\\/sites\\\/3\\\/2025\\\/04\\\/Bollere-20242025-5.jpg\",\"datePublished\":\"2025-04-02T18:17:49+00:00\",\"dateModified\":\"2026-04-25T10:27:32+00:00\",\"breadcrumb\":{\"@id\":\"https:\\\/\\\/biblioteca.blanes.cat\\\/salajove\\\/2025\\\/04\\\/02\\\/premis-bollere-2024-2025\\\/#breadcrumb\"},\"inLanguage\":\"ca\",\"potentialAction\":[{\"@type\":\"ReadAction\",\"target\":[\"https:\\\/\\\/biblioteca.blanes.cat\\\/salajove\\\/2025\\\/04\\\/02\\\/premis-bollere-2024-2025\\\/\"]}]},{\"@type\":\"ImageObject\",\"inLanguage\":\"ca\",\"@id\":\"https:\\\/\\\/biblioteca.blanes.cat\\\/salajove\\\/2025\\\/04\\\/02\\\/premis-bollere-2024-2025\\\/#primaryimage\",\"url\":\"https:\\\/\\\/biblioteca.blanes.cat\\\/salajove\\\/wp-content\\\/uploads\\\/sites\\\/3\\\/2025\\\/04\\\/Bollere-20242025-5.jpg\",\"contentUrl\":\"https:\\\/\\\/biblioteca.blanes.cat\\\/salajove\\\/wp-content\\\/uploads\\\/sites\\\/3\\\/2025\\\/04\\\/Bollere-20242025-5.jpg\",\"width\":1600,\"height\":1200},{\"@type\":\"BreadcrumbList\",\"@id\":\"https:\\\/\\\/biblioteca.blanes.cat\\\/salajove\\\/2025\\\/04\\\/02\\\/premis-bollere-2024-2025\\\/#breadcrumb\",\"itemListElement\":[{\"@type\":\"ListItem\",\"position\":1,\"name\":\"Inici\",\"item\":\"https:\\\/\\\/biblioteca.blanes.cat\\\/salajove\\\/\"},{\"@type\":\"ListItem\",\"position\":2,\"name\":\"Premis Boller\u00e9 2024-2025\"}]},{\"@type\":\"WebSite\",\"@id\":\"https:\\\/\\\/biblioteca.blanes.cat\\\/salajove\\\/#website\",\"url\":\"https:\\\/\\\/biblioteca.blanes.cat\\\/salajove\\\/\",\"name\":\"Sala Jove\",\"description\":\"Biblioteca Comarcal de Blanes\",\"publisher\":{\"@id\":\"https:\\\/\\\/biblioteca.blanes.cat\\\/salajove\\\/#organization\"},\"potentialAction\":[{\"@type\":\"SearchAction\",\"target\":{\"@type\":\"EntryPoint\",\"urlTemplate\":\"https:\\\/\\\/biblioteca.blanes.cat\\\/salajove\\\/?s={search_term_string}\"},\"query-input\":{\"@type\":\"PropertyValueSpecification\",\"valueRequired\":true,\"valueName\":\"search_term_string\"}}],\"inLanguage\":\"ca\"},{\"@type\":\"Organization\",\"@id\":\"https:\\\/\\\/biblioteca.blanes.cat\\\/salajove\\\/#organization\",\"name\":\"Biblioteca Comarcal de Blanes\",\"url\":\"https:\\\/\\\/biblioteca.blanes.cat\\\/salajove\\\/\",\"logo\":{\"@type\":\"ImageObject\",\"inLanguage\":\"ca\",\"@id\":\"https:\\\/\\\/biblioteca.blanes.cat\\\/salajove\\\/#\\\/schema\\\/logo\\\/image\\\/\",\"url\":\"https:\\\/\\\/biblioteca.blanes.cat\\\/salajove\\\/wp-content\\\/uploads\\\/sites\\\/3\\\/2017\\\/09\\\/cropped-Bib-blau-e1518869380535.png\",\"contentUrl\":\"https:\\\/\\\/biblioteca.blanes.cat\\\/salajove\\\/wp-content\\\/uploads\\\/sites\\\/3\\\/2017\\\/09\\\/cropped-Bib-blau-e1518869380535.png\",\"width\":166,\"height\":166,\"caption\":\"Biblioteca Comarcal de Blanes\"},\"image\":{\"@id\":\"https:\\\/\\\/biblioteca.blanes.cat\\\/salajove\\\/#\\\/schema\\\/logo\\\/image\\\/\"},\"sameAs\":[\"https:\\\/\\\/www.facebook.com\\\/BilbiotecaComarcaldeBlanes\\\/\",\"https:\\\/\\\/x.com\\\/BiblioBlanes\",\"https:\\\/\\\/www.instagram.com\\\/biblioblanes\\\/\",\"https:\\\/\\\/www.pinterest.es\\\/bblanes\\\/\",\"https:\\\/\\\/www.youtube.com\\\/c\\\/BibliotecaComarcalBlanes\"]},{\"@type\":\"Person\",\"@id\":\"https:\\\/\\\/biblioteca.blanes.cat\\\/salajove\\\/#\\\/schema\\\/person\\\/5a7b46760d9dd611d098bbf571a341dc\",\"name\":\"biblioblanes\",\"image\":{\"@type\":\"ImageObject\",\"inLanguage\":\"ca\",\"@id\":\"https:\\\/\\\/secure.gravatar.com\\\/avatar\\\/6593ca6cc90e5a70939f51c95e8315483b9c281bafba597292bee47992030f99?s=96&d=mm&r=g\",\"url\":\"https:\\\/\\\/secure.gravatar.com\\\/avatar\\\/6593ca6cc90e5a70939f51c95e8315483b9c281bafba597292bee47992030f99?s=96&d=mm&r=g\",\"contentUrl\":\"https:\\\/\\\/secure.gravatar.com\\\/avatar\\\/6593ca6cc90e5a70939f51c95e8315483b9c281bafba597292bee47992030f99?s=96&d=mm&r=g\",\"caption\":\"biblioblanes\"},\"sameAs\":[\"http:\\\/\\\/www.bibgirona.cat\\\/biblioteca\\\/blanes\",\"https:\\\/\\\/x.com\\\/biblioblanes\"],\"url\":\"https:\\\/\\\/biblioteca.blanes.cat\\\/salajove\\\/author\\\/biblioblanes\\\/\"}]}<\/script>\n<!-- \/ Yoast SEO plugin. -->","yoast_head_json":{"title":"Premis Boller\u00e9 2024-2025 - Sala Jove","robots":{"index":"index","follow":"follow","max-snippet":"max-snippet:-1","max-image-preview":"max-image-preview:large","max-video-preview":"max-video-preview:-1"},"canonical":"https:\/\/biblioteca.blanes.cat\/salajove\/2025\/04\/02\/premis-bollere-2024-2025\/","og_locale":"ca_ES","og_type":"article","og_title":"Premis Boller\u00e9 2024-2025 - Sala Jove","og_description":"Aquest dimecres, 2 d&#8217;abril, hem fet l&#8217;acte de celebraci\u00f3 de la setzena edici\u00f3 dels Boller\u00e9, el concurs literari de relats breus per a joves d&#8217;entre 12 i 25 anys, dividit en dues categories.\u00a0 PREMI CATEGORIA A (de 17 a 25","og_url":"https:\/\/biblioteca.blanes.cat\/salajove\/2025\/04\/02\/premis-bollere-2024-2025\/","og_site_name":"Sala Jove","article_publisher":"https:\/\/www.facebook.com\/BilbiotecaComarcaldeBlanes\/","article_published_time":"2025-04-02T18:17:49+00:00","article_modified_time":"2026-04-25T10:27:32+00:00","og_image":[{"width":1600,"height":1200,"url":"https:\/\/biblioteca.blanes.cat\/salajove\/wp-content\/uploads\/sites\/3\/2025\/04\/Bollere-20242025-5.jpg","type":"image\/jpeg"}],"author":"biblioblanes","twitter_card":"summary_large_image","twitter_creator":"@biblioblanes","twitter_site":"@BiblioBlanes","twitter_misc":{"Escrit per":"biblioblanes","Temps estimat de lectura":"2 minuts"},"schema":{"@context":"https:\/\/schema.org","@graph":[{"@type":"Article","@id":"https:\/\/biblioteca.blanes.cat\/salajove\/2025\/04\/02\/premis-bollere-2024-2025\/#article","isPartOf":{"@id":"https:\/\/biblioteca.blanes.cat\/salajove\/2025\/04\/02\/premis-bollere-2024-2025\/"},"author":{"name":"biblioblanes","@id":"https:\/\/biblioteca.blanes.cat\/salajove\/#\/schema\/person\/5a7b46760d9dd611d098bbf571a341dc"},"headline":"Premis Boller\u00e9 2024-2025","datePublished":"2025-04-02T18:17:49+00:00","dateModified":"2026-04-25T10:27:32+00:00","mainEntityOfPage":{"@id":"https:\/\/biblioteca.blanes.cat\/salajove\/2025\/04\/02\/premis-bollere-2024-2025\/"},"wordCount":189,"commentCount":0,"publisher":{"@id":"https:\/\/biblioteca.blanes.cat\/salajove\/#organization"},"image":{"@id":"https:\/\/biblioteca.blanes.cat\/salajove\/2025\/04\/02\/premis-bollere-2024-2025\/#primaryimage"},"thumbnailUrl":"https:\/\/biblioteca.blanes.cat\/salajove\/wp-content\/uploads\/sites\/3\/2025\/04\/Bollere-20242025-5.jpg","keywords":["#Activitats #Actualitat #Joves","#Actualitat","#Joves","#Literatura","#Llibres"],"articleSection":["Boller\u00e9","Not\u00edcies"],"inLanguage":"ca","potentialAction":[{"@type":"CommentAction","name":"Comment","target":["https:\/\/biblioteca.blanes.cat\/salajove\/2025\/04\/02\/premis-bollere-2024-2025\/#respond"]}]},{"@type":"WebPage","@id":"https:\/\/biblioteca.blanes.cat\/salajove\/2025\/04\/02\/premis-bollere-2024-2025\/","url":"https:\/\/biblioteca.blanes.cat\/salajove\/2025\/04\/02\/premis-bollere-2024-2025\/","name":"Premis Boller\u00e9 2024-2025 - Sala Jove","isPartOf":{"@id":"https:\/\/biblioteca.blanes.cat\/salajove\/#website"},"primaryImageOfPage":{"@id":"https:\/\/biblioteca.blanes.cat\/salajove\/2025\/04\/02\/premis-bollere-2024-2025\/#primaryimage"},"image":{"@id":"https:\/\/biblioteca.blanes.cat\/salajove\/2025\/04\/02\/premis-bollere-2024-2025\/#primaryimage"},"thumbnailUrl":"https:\/\/biblioteca.blanes.cat\/salajove\/wp-content\/uploads\/sites\/3\/2025\/04\/Bollere-20242025-5.jpg","datePublished":"2025-04-02T18:17:49+00:00","dateModified":"2026-04-25T10:27:32+00:00","breadcrumb":{"@id":"https:\/\/biblioteca.blanes.cat\/salajove\/2025\/04\/02\/premis-bollere-2024-2025\/#breadcrumb"},"inLanguage":"ca","potentialAction":[{"@type":"ReadAction","target":["https:\/\/biblioteca.blanes.cat\/salajove\/2025\/04\/02\/premis-bollere-2024-2025\/"]}]},{"@type":"ImageObject","inLanguage":"ca","@id":"https:\/\/biblioteca.blanes.cat\/salajove\/2025\/04\/02\/premis-bollere-2024-2025\/#primaryimage","url":"https:\/\/biblioteca.blanes.cat\/salajove\/wp-content\/uploads\/sites\/3\/2025\/04\/Bollere-20242025-5.jpg","contentUrl":"https:\/\/biblioteca.blanes.cat\/salajove\/wp-content\/uploads\/sites\/3\/2025\/04\/Bollere-20242025-5.jpg","width":1600,"height":1200},{"@type":"BreadcrumbList","@id":"https:\/\/biblioteca.blanes.cat\/salajove\/2025\/04\/02\/premis-bollere-2024-2025\/#breadcrumb","itemListElement":[{"@type":"ListItem","position":1,"name":"Inici","item":"https:\/\/biblioteca.blanes.cat\/salajove\/"},{"@type":"ListItem","position":2,"name":"Premis Boller\u00e9 2024-2025"}]},{"@type":"WebSite","@id":"https:\/\/biblioteca.blanes.cat\/salajove\/#website","url":"https:\/\/biblioteca.blanes.cat\/salajove\/","name":"Sala Jove","description":"Biblioteca Comarcal de Blanes","publisher":{"@id":"https:\/\/biblioteca.blanes.cat\/salajove\/#organization"},"potentialAction":[{"@type":"SearchAction","target":{"@type":"EntryPoint","urlTemplate":"https:\/\/biblioteca.blanes.cat\/salajove\/?s={search_term_string}"},"query-input":{"@type":"PropertyValueSpecification","valueRequired":true,"valueName":"search_term_string"}}],"inLanguage":"ca"},{"@type":"Organization","@id":"https:\/\/biblioteca.blanes.cat\/salajove\/#organization","name":"Biblioteca Comarcal de Blanes","url":"https:\/\/biblioteca.blanes.cat\/salajove\/","logo":{"@type":"ImageObject","inLanguage":"ca","@id":"https:\/\/biblioteca.blanes.cat\/salajove\/#\/schema\/logo\/image\/","url":"https:\/\/biblioteca.blanes.cat\/salajove\/wp-content\/uploads\/sites\/3\/2017\/09\/cropped-Bib-blau-e1518869380535.png","contentUrl":"https:\/\/biblioteca.blanes.cat\/salajove\/wp-content\/uploads\/sites\/3\/2017\/09\/cropped-Bib-blau-e1518869380535.png","width":166,"height":166,"caption":"Biblioteca Comarcal de Blanes"},"image":{"@id":"https:\/\/biblioteca.blanes.cat\/salajove\/#\/schema\/logo\/image\/"},"sameAs":["https:\/\/www.facebook.com\/BilbiotecaComarcaldeBlanes\/","https:\/\/x.com\/BiblioBlanes","https:\/\/www.instagram.com\/biblioblanes\/","https:\/\/www.pinterest.es\/bblanes\/","https:\/\/www.youtube.com\/c\/BibliotecaComarcalBlanes"]},{"@type":"Person","@id":"https:\/\/biblioteca.blanes.cat\/salajove\/#\/schema\/person\/5a7b46760d9dd611d098bbf571a341dc","name":"biblioblanes","image":{"@type":"ImageObject","inLanguage":"ca","@id":"https:\/\/secure.gravatar.com\/avatar\/6593ca6cc90e5a70939f51c95e8315483b9c281bafba597292bee47992030f99?s=96&d=mm&r=g","url":"https:\/\/secure.gravatar.com\/avatar\/6593ca6cc90e5a70939f51c95e8315483b9c281bafba597292bee47992030f99?s=96&d=mm&r=g","contentUrl":"https:\/\/secure.gravatar.com\/avatar\/6593ca6cc90e5a70939f51c95e8315483b9c281bafba597292bee47992030f99?s=96&d=mm&r=g","caption":"biblioblanes"},"sameAs":["http:\/\/www.bibgirona.cat\/biblioteca\/blanes","https:\/\/x.com\/biblioblanes"],"url":"https:\/\/biblioteca.blanes.cat\/salajove\/author\/biblioblanes\/"}]}},"_links":{"self":[{"href":"https:\/\/biblioteca.blanes.cat\/salajove\/wp-json\/wp\/v2\/posts\/9561","targetHints":{"allow":["GET"]}}],"collection":[{"href":"https:\/\/biblioteca.blanes.cat\/salajove\/wp-json\/wp\/v2\/posts"}],"about":[{"href":"https:\/\/biblioteca.blanes.cat\/salajove\/wp-json\/wp\/v2\/types\/post"}],"author":[{"embeddable":true,"href":"https:\/\/biblioteca.blanes.cat\/salajove\/wp-json\/wp\/v2\/users\/4"}],"replies":[{"embeddable":true,"href":"https:\/\/biblioteca.blanes.cat\/salajove\/wp-json\/wp\/v2\/comments?post=9561"}],"version-history":[{"count":8,"href":"https:\/\/biblioteca.blanes.cat\/salajove\/wp-json\/wp\/v2\/posts\/9561\/revisions"}],"predecessor-version":[{"id":10585,"href":"https:\/\/biblioteca.blanes.cat\/salajove\/wp-json\/wp\/v2\/posts\/9561\/revisions\/10585"}],"wp:featuredmedia":[{"embeddable":true,"href":"https:\/\/biblioteca.blanes.cat\/salajove\/wp-json\/wp\/v2\/media\/9565"}],"wp:attachment":[{"href":"https:\/\/biblioteca.blanes.cat\/salajove\/wp-json\/wp\/v2\/media?parent=9561"}],"wp:term":[{"taxonomy":"category","embeddable":true,"href":"https:\/\/biblioteca.blanes.cat\/salajove\/wp-json\/wp\/v2\/categories?post=9561"},{"taxonomy":"post_tag","embeddable":true,"href":"https:\/\/biblioteca.blanes.cat\/salajove\/wp-json\/wp\/v2\/tags?post=9561"}],"curies":[{"name":"wp","href":"https:\/\/api.w.org\/{rel}","templated":true}]}}