{"id":9540,"date":"2025-03-17T17:13:07","date_gmt":"2025-03-17T16:13:07","guid":{"rendered":"https:\/\/biblioteca.blanes.cat\/salajove\/?p=9540"},"modified":"2025-03-26T17:22:47","modified_gmt":"2025-03-26T16:22:47","slug":"1r-concurs-de-dibuix-canvia-la-historia","status":"publish","type":"post","link":"https:\/\/biblioteca.blanes.cat\/salajove\/2025\/03\/17\/1r-concurs-de-dibuix-canvia-la-historia\/","title":{"rendered":"1r CONCURS DE DIBUIX: CANVIA LA HIST\u00d2RIA"},"content":{"rendered":"\n<p>Us convidem a participar en el concurs de dibuix CANVIA LA HIST\u00d2RIA, un repte creatiu on podreu transformar les llegendes o els contes tradicions amb el vostre propi toc personal. Cada any, al voltant de la data de St. Jordi, presentarem un nou conte o llegenda a canviar. Esteu preparats per reinventar una de les hist\u00f2ries m\u00e9s emblem\u00e0tiques? Aquesta \u00e9s la vostra oportunitat!<\/p>\n\n\n\n<p><strong>Qui hi pot participar?<\/strong> El concurs est\u00e0 obert a joves d\u2019entre 12 i 29 anys, dividits en dues categories: A (12-19 anys) i B (20-29 anys).<\/p>\n\n\n\n<p><strong>Qu\u00e8 busquem?<\/strong> L\u2019objectiu d\u2019aquest concurs \u00e9s promoure la creativitat i els valors socials entre el jovent. Us animem a modificar el final de la hist\u00f2ria tradicional, incorporant tem\u00e0tiques que reflecteixin valors com el feminisme, la igualtat, l\u2019equitat, l\u2019antiracisme, la solidaritat, la just\u00edcia social, l\u2019amistat, la cooperaci\u00f3, l\u2019empatia, la pau, la inclusi\u00f3, la conviv\u00e8ncia, la naturalesa i l\u2019afecte.<\/p>\n\n\n\n<p>Aquesta \u00e9s una excel\u00b7lent oportunitat per actualitzar i donar una nova dimensi\u00f3 a les llegendes i les hist\u00f2ries que hem sentit sempre com a infants, fent-la m\u00e9s inclusiva i m\u00e9s alineada amb els valors socials del segle XXI.<\/p>\n\n\n\n<p><strong>Per qu\u00e8 aquest concurs?<\/strong><\/p>\n\n\n\n<p>Blanes ja compta amb una tradici\u00f3 consolidada en el concurs de murals de Sant Jordi per a infants, que enguany celebra la seva 37a edici\u00f3. Ara, amb aquest nou concurs, volem obrir les portes als artistes joves perqu\u00e8 tamb\u00e9 puguin mostrar la seva creativitat i implicar-se en la nostra rica cultura. A trav\u00e9s d\u2019aquesta proposta, volem potenciar la vostra imaginaci\u00f3 i el vostre comprom\u00eds amb els valors socials.<\/p>\n<p>Enlla\u00e7 a les <strong><a href=\"https:\/\/biblioteca.blanes.cat\/salajove\/2025\/03\/17\/1r-concurs-de-dibuix-canvia-la-historia\/bases-del-concurs-de-dibuix-_canvia-la-historia_\/\" target=\"_blank\" rel=\"attachment noopener wp-att-9541\">BASES DEL CONCURS<\/a><\/strong>.<\/p>\n<p><a href=\"https:\/\/biblioteca.blanes.cat\/salajove\/2025\/03\/17\/1r-concurs-de-dibuix-canvia-la-historia\/concurs-dibuix\/\" rel=\"attachment wp-att-9542\"><img fetchpriority=\"high\" decoding=\"async\" class=\"aligncenter  wp-image-9542\" src=\"https:\/\/biblioteca.blanes.cat\/salajove\/wp-content\/uploads\/sites\/3\/2025\/03\/CONCURS-DIBUIX-212x300.jpg\" alt=\"\" width=\"432\" height=\"611\" srcset=\"https:\/\/biblioteca.blanes.cat\/salajove\/wp-content\/uploads\/sites\/3\/2025\/03\/CONCURS-DIBUIX-212x300.jpg 212w, https:\/\/biblioteca.blanes.cat\/salajove\/wp-content\/uploads\/sites\/3\/2025\/03\/CONCURS-DIBUIX-725x1024.jpg 725w, https:\/\/biblioteca.blanes.cat\/salajove\/wp-content\/uploads\/sites\/3\/2025\/03\/CONCURS-DIBUIX-768x1085.jpg 768w, https:\/\/biblioteca.blanes.cat\/salajove\/wp-content\/uploads\/sites\/3\/2025\/03\/CONCURS-DIBUIX-1087x1536.jpg 1087w, https:\/\/biblioteca.blanes.cat\/salajove\/wp-content\/uploads\/sites\/3\/2025\/03\/CONCURS-DIBUIX-1449x2048.jpg 1449w, https:\/\/biblioteca.blanes.cat\/salajove\/wp-content\/uploads\/sites\/3\/2025\/03\/CONCURS-DIBUIX.jpg 1755w\" sizes=\"(max-width: 432px) 100vw, 432px\" \/><\/a><\/p>\n<p>\u00a0<\/p>\n<p>\u00a0<\/p>\n\n\n\n\n\n<p><br \/><br \/><br \/><\/p>\n\n\n","protected":false},"excerpt":{"rendered":"<p>Us convidem a participar en el concurs de dibuix CANVIA LA HIST\u00d2RIA, un repte creatiu on podreu transformar les llegendes o els contes tradicions amb el vostre propi toc personal. Cada any, al voltant de la data de St. Jordi,<\/p>\n","protected":false},"author":4,"featured_media":9542,"comment_status":"open","ping_status":"open","sticky":false,"template":"","format":"standard","meta":{"sfsi_plus_gutenberg_text_before_share":"","sfsi_plus_gutenberg_show_text_before_share":"","sfsi_plus_gutenberg_icon_type":"","sfsi_plus_gutenberg_icon_alignemt":"","sfsi_plus_gutenburg_max_per_row":"","footnotes":""},"categories":[3,1],"tags":[],"class_list":["post-9540","post","type-post","status-publish","format-standard","has-post-thumbnail","hentry","category-activitats","category-general"],"yoast_head":"<!-- This site is optimized with the Yoast SEO plugin v27.5 - https:\/\/yoast.com\/product\/yoast-seo-wordpress\/ -->\n<title>1r CONCURS DE DIBUIX: CANVIA LA HIST\u00d2RIA - Sala Jove<\/title>\n<meta name=\"robots\" content=\"index, follow, max-snippet:-1, max-image-preview:large, max-video-preview:-1\" \/>\n<link rel=\"canonical\" href=\"https:\/\/biblioteca.blanes.cat\/salajove\/2025\/03\/17\/1r-concurs-de-dibuix-canvia-la-historia\/\" \/>\n<meta property=\"og:locale\" content=\"ca_ES\" \/>\n<meta property=\"og:type\" content=\"article\" \/>\n<meta property=\"og:title\" content=\"1r CONCURS DE DIBUIX: CANVIA LA HIST\u00d2RIA - Sala Jove\" \/>\n<meta property=\"og:description\" content=\"Us convidem a participar en el concurs de dibuix CANVIA LA HIST\u00d2RIA, un repte creatiu on podreu transformar les llegendes o els contes tradicions amb el vostre propi toc personal. Cada any, al voltant de la data de St. Jordi,\" \/>\n<meta property=\"og:url\" content=\"https:\/\/biblioteca.blanes.cat\/salajove\/2025\/03\/17\/1r-concurs-de-dibuix-canvia-la-historia\/\" \/>\n<meta property=\"og:site_name\" content=\"Sala Jove\" \/>\n<meta property=\"article:publisher\" content=\"https:\/\/www.facebook.com\/BilbiotecaComarcaldeBlanes\/\" \/>\n<meta property=\"article:published_time\" content=\"2025-03-17T16:13:07+00:00\" \/>\n<meta property=\"article:modified_time\" content=\"2025-03-26T16:22:47+00:00\" \/>\n<meta property=\"og:image\" content=\"https:\/\/biblioteca.blanes.cat\/salajove\/wp-content\/uploads\/sites\/3\/2025\/03\/CONCURS-DIBUIX.jpg\" \/>\n\t<meta property=\"og:image:width\" content=\"1755\" \/>\n\t<meta property=\"og:image:height\" content=\"2480\" \/>\n\t<meta property=\"og:image:type\" content=\"image\/jpeg\" \/>\n<meta name=\"author\" content=\"biblioblanes\" \/>\n<meta name=\"twitter:card\" content=\"summary_large_image\" \/>\n<meta name=\"twitter:creator\" content=\"@biblioblanes\" \/>\n<meta name=\"twitter:site\" content=\"@BiblioBlanes\" \/>\n<meta name=\"twitter:label1\" content=\"Escrit per\" \/>\n\t<meta name=\"twitter:data1\" content=\"biblioblanes\" \/>\n\t<meta name=\"twitter:label2\" content=\"Temps estimat de lectura\" \/>\n\t<meta name=\"twitter:data2\" content=\"2 minuts\" \/>\n<script type=\"application\/ld+json\" class=\"yoast-schema-graph\">{\"@context\":\"https:\\\/\\\/schema.org\",\"@graph\":[{\"@type\":\"Article\",\"@id\":\"https:\\\/\\\/biblioteca.blanes.cat\\\/salajove\\\/2025\\\/03\\\/17\\\/1r-concurs-de-dibuix-canvia-la-historia\\\/#article\",\"isPartOf\":{\"@id\":\"https:\\\/\\\/biblioteca.blanes.cat\\\/salajove\\\/2025\\\/03\\\/17\\\/1r-concurs-de-dibuix-canvia-la-historia\\\/\"},\"author\":{\"name\":\"biblioblanes\",\"@id\":\"https:\\\/\\\/biblioteca.blanes.cat\\\/salajove\\\/#\\\/schema\\\/person\\\/5a7b46760d9dd611d098bbf571a341dc\"},\"headline\":\"1r CONCURS DE DIBUIX: CANVIA LA HIST\u00d2RIA\",\"datePublished\":\"2025-03-17T16:13:07+00:00\",\"dateModified\":\"2025-03-26T16:22:47+00:00\",\"mainEntityOfPage\":{\"@id\":\"https:\\\/\\\/biblioteca.blanes.cat\\\/salajove\\\/2025\\\/03\\\/17\\\/1r-concurs-de-dibuix-canvia-la-historia\\\/\"},\"wordCount\":291,\"commentCount\":0,\"publisher\":{\"@id\":\"https:\\\/\\\/biblioteca.blanes.cat\\\/salajove\\\/#organization\"},\"image\":{\"@id\":\"https:\\\/\\\/biblioteca.blanes.cat\\\/salajove\\\/2025\\\/03\\\/17\\\/1r-concurs-de-dibuix-canvia-la-historia\\\/#primaryimage\"},\"thumbnailUrl\":\"https:\\\/\\\/biblioteca.blanes.cat\\\/salajove\\\/wp-content\\\/uploads\\\/sites\\\/3\\\/2025\\\/03\\\/CONCURS-DIBUIX.jpg\",\"articleSection\":[\"AGENDA\",\"Not\u00edcies\"],\"inLanguage\":\"ca\",\"potentialAction\":[{\"@type\":\"CommentAction\",\"name\":\"Comment\",\"target\":[\"https:\\\/\\\/biblioteca.blanes.cat\\\/salajove\\\/2025\\\/03\\\/17\\\/1r-concurs-de-dibuix-canvia-la-historia\\\/#respond\"]}]},{\"@type\":\"WebPage\",\"@id\":\"https:\\\/\\\/biblioteca.blanes.cat\\\/salajove\\\/2025\\\/03\\\/17\\\/1r-concurs-de-dibuix-canvia-la-historia\\\/\",\"url\":\"https:\\\/\\\/biblioteca.blanes.cat\\\/salajove\\\/2025\\\/03\\\/17\\\/1r-concurs-de-dibuix-canvia-la-historia\\\/\",\"name\":\"1r CONCURS DE DIBUIX: CANVIA LA HIST\u00d2RIA - Sala Jove\",\"isPartOf\":{\"@id\":\"https:\\\/\\\/biblioteca.blanes.cat\\\/salajove\\\/#website\"},\"primaryImageOfPage\":{\"@id\":\"https:\\\/\\\/biblioteca.blanes.cat\\\/salajove\\\/2025\\\/03\\\/17\\\/1r-concurs-de-dibuix-canvia-la-historia\\\/#primaryimage\"},\"image\":{\"@id\":\"https:\\\/\\\/biblioteca.blanes.cat\\\/salajove\\\/2025\\\/03\\\/17\\\/1r-concurs-de-dibuix-canvia-la-historia\\\/#primaryimage\"},\"thumbnailUrl\":\"https:\\\/\\\/biblioteca.blanes.cat\\\/salajove\\\/wp-content\\\/uploads\\\/sites\\\/3\\\/2025\\\/03\\\/CONCURS-DIBUIX.jpg\",\"datePublished\":\"2025-03-17T16:13:07+00:00\",\"dateModified\":\"2025-03-26T16:22:47+00:00\",\"breadcrumb\":{\"@id\":\"https:\\\/\\\/biblioteca.blanes.cat\\\/salajove\\\/2025\\\/03\\\/17\\\/1r-concurs-de-dibuix-canvia-la-historia\\\/#breadcrumb\"},\"inLanguage\":\"ca\",\"potentialAction\":[{\"@type\":\"ReadAction\",\"target\":[\"https:\\\/\\\/biblioteca.blanes.cat\\\/salajove\\\/2025\\\/03\\\/17\\\/1r-concurs-de-dibuix-canvia-la-historia\\\/\"]}]},{\"@type\":\"ImageObject\",\"inLanguage\":\"ca\",\"@id\":\"https:\\\/\\\/biblioteca.blanes.cat\\\/salajove\\\/2025\\\/03\\\/17\\\/1r-concurs-de-dibuix-canvia-la-historia\\\/#primaryimage\",\"url\":\"https:\\\/\\\/biblioteca.blanes.cat\\\/salajove\\\/wp-content\\\/uploads\\\/sites\\\/3\\\/2025\\\/03\\\/CONCURS-DIBUIX.jpg\",\"contentUrl\":\"https:\\\/\\\/biblioteca.blanes.cat\\\/salajove\\\/wp-content\\\/uploads\\\/sites\\\/3\\\/2025\\\/03\\\/CONCURS-DIBUIX.jpg\",\"width\":1755,\"height\":2480},{\"@type\":\"BreadcrumbList\",\"@id\":\"https:\\\/\\\/biblioteca.blanes.cat\\\/salajove\\\/2025\\\/03\\\/17\\\/1r-concurs-de-dibuix-canvia-la-historia\\\/#breadcrumb\",\"itemListElement\":[{\"@type\":\"ListItem\",\"position\":1,\"name\":\"Inici\",\"item\":\"https:\\\/\\\/biblioteca.blanes.cat\\\/salajove\\\/\"},{\"@type\":\"ListItem\",\"position\":2,\"name\":\"1r CONCURS DE DIBUIX: CANVIA LA HIST\u00d2RIA\"}]},{\"@type\":\"WebSite\",\"@id\":\"https:\\\/\\\/biblioteca.blanes.cat\\\/salajove\\\/#website\",\"url\":\"https:\\\/\\\/biblioteca.blanes.cat\\\/salajove\\\/\",\"name\":\"Sala Jove\",\"description\":\"Biblioteca Comarcal de Blanes\",\"publisher\":{\"@id\":\"https:\\\/\\\/biblioteca.blanes.cat\\\/salajove\\\/#organization\"},\"potentialAction\":[{\"@type\":\"SearchAction\",\"target\":{\"@type\":\"EntryPoint\",\"urlTemplate\":\"https:\\\/\\\/biblioteca.blanes.cat\\\/salajove\\\/?s={search_term_string}\"},\"query-input\":{\"@type\":\"PropertyValueSpecification\",\"valueRequired\":true,\"valueName\":\"search_term_string\"}}],\"inLanguage\":\"ca\"},{\"@type\":\"Organization\",\"@id\":\"https:\\\/\\\/biblioteca.blanes.cat\\\/salajove\\\/#organization\",\"name\":\"Biblioteca Comarcal de Blanes\",\"url\":\"https:\\\/\\\/biblioteca.blanes.cat\\\/salajove\\\/\",\"logo\":{\"@type\":\"ImageObject\",\"inLanguage\":\"ca\",\"@id\":\"https:\\\/\\\/biblioteca.blanes.cat\\\/salajove\\\/#\\\/schema\\\/logo\\\/image\\\/\",\"url\":\"https:\\\/\\\/biblioteca.blanes.cat\\\/salajove\\\/wp-content\\\/uploads\\\/sites\\\/3\\\/2017\\\/09\\\/cropped-Bib-blau-e1518869380535.png\",\"contentUrl\":\"https:\\\/\\\/biblioteca.blanes.cat\\\/salajove\\\/wp-content\\\/uploads\\\/sites\\\/3\\\/2017\\\/09\\\/cropped-Bib-blau-e1518869380535.png\",\"width\":166,\"height\":166,\"caption\":\"Biblioteca Comarcal de Blanes\"},\"image\":{\"@id\":\"https:\\\/\\\/biblioteca.blanes.cat\\\/salajove\\\/#\\\/schema\\\/logo\\\/image\\\/\"},\"sameAs\":[\"https:\\\/\\\/www.facebook.com\\\/BilbiotecaComarcaldeBlanes\\\/\",\"https:\\\/\\\/x.com\\\/BiblioBlanes\",\"https:\\\/\\\/www.instagram.com\\\/biblioblanes\\\/\",\"https:\\\/\\\/www.pinterest.es\\\/bblanes\\\/\",\"https:\\\/\\\/www.youtube.com\\\/c\\\/BibliotecaComarcalBlanes\"]},{\"@type\":\"Person\",\"@id\":\"https:\\\/\\\/biblioteca.blanes.cat\\\/salajove\\\/#\\\/schema\\\/person\\\/5a7b46760d9dd611d098bbf571a341dc\",\"name\":\"biblioblanes\",\"image\":{\"@type\":\"ImageObject\",\"inLanguage\":\"ca\",\"@id\":\"https:\\\/\\\/secure.gravatar.com\\\/avatar\\\/6593ca6cc90e5a70939f51c95e8315483b9c281bafba597292bee47992030f99?s=96&d=mm&r=g\",\"url\":\"https:\\\/\\\/secure.gravatar.com\\\/avatar\\\/6593ca6cc90e5a70939f51c95e8315483b9c281bafba597292bee47992030f99?s=96&d=mm&r=g\",\"contentUrl\":\"https:\\\/\\\/secure.gravatar.com\\\/avatar\\\/6593ca6cc90e5a70939f51c95e8315483b9c281bafba597292bee47992030f99?s=96&d=mm&r=g\",\"caption\":\"biblioblanes\"},\"sameAs\":[\"http:\\\/\\\/www.bibgirona.cat\\\/biblioteca\\\/blanes\",\"https:\\\/\\\/x.com\\\/biblioblanes\"],\"url\":\"https:\\\/\\\/biblioteca.blanes.cat\\\/salajove\\\/author\\\/biblioblanes\\\/\"}]}<\/script>\n<!-- \/ Yoast SEO plugin. -->","yoast_head_json":{"title":"1r CONCURS DE DIBUIX: CANVIA LA HIST\u00d2RIA - Sala Jove","robots":{"index":"index","follow":"follow","max-snippet":"max-snippet:-1","max-image-preview":"max-image-preview:large","max-video-preview":"max-video-preview:-1"},"canonical":"https:\/\/biblioteca.blanes.cat\/salajove\/2025\/03\/17\/1r-concurs-de-dibuix-canvia-la-historia\/","og_locale":"ca_ES","og_type":"article","og_title":"1r CONCURS DE DIBUIX: CANVIA LA HIST\u00d2RIA - Sala Jove","og_description":"Us convidem a participar en el concurs de dibuix CANVIA LA HIST\u00d2RIA, un repte creatiu on podreu transformar les llegendes o els contes tradicions amb el vostre propi toc personal. Cada any, al voltant de la data de St. Jordi,","og_url":"https:\/\/biblioteca.blanes.cat\/salajove\/2025\/03\/17\/1r-concurs-de-dibuix-canvia-la-historia\/","og_site_name":"Sala Jove","article_publisher":"https:\/\/www.facebook.com\/BilbiotecaComarcaldeBlanes\/","article_published_time":"2025-03-17T16:13:07+00:00","article_modified_time":"2025-03-26T16:22:47+00:00","og_image":[{"width":1755,"height":2480,"url":"https:\/\/biblioteca.blanes.cat\/salajove\/wp-content\/uploads\/sites\/3\/2025\/03\/CONCURS-DIBUIX.jpg","type":"image\/jpeg"}],"author":"biblioblanes","twitter_card":"summary_large_image","twitter_creator":"@biblioblanes","twitter_site":"@BiblioBlanes","twitter_misc":{"Escrit per":"biblioblanes","Temps estimat de lectura":"2 minuts"},"schema":{"@context":"https:\/\/schema.org","@graph":[{"@type":"Article","@id":"https:\/\/biblioteca.blanes.cat\/salajove\/2025\/03\/17\/1r-concurs-de-dibuix-canvia-la-historia\/#article","isPartOf":{"@id":"https:\/\/biblioteca.blanes.cat\/salajove\/2025\/03\/17\/1r-concurs-de-dibuix-canvia-la-historia\/"},"author":{"name":"biblioblanes","@id":"https:\/\/biblioteca.blanes.cat\/salajove\/#\/schema\/person\/5a7b46760d9dd611d098bbf571a341dc"},"headline":"1r CONCURS DE DIBUIX: CANVIA LA HIST\u00d2RIA","datePublished":"2025-03-17T16:13:07+00:00","dateModified":"2025-03-26T16:22:47+00:00","mainEntityOfPage":{"@id":"https:\/\/biblioteca.blanes.cat\/salajove\/2025\/03\/17\/1r-concurs-de-dibuix-canvia-la-historia\/"},"wordCount":291,"commentCount":0,"publisher":{"@id":"https:\/\/biblioteca.blanes.cat\/salajove\/#organization"},"image":{"@id":"https:\/\/biblioteca.blanes.cat\/salajove\/2025\/03\/17\/1r-concurs-de-dibuix-canvia-la-historia\/#primaryimage"},"thumbnailUrl":"https:\/\/biblioteca.blanes.cat\/salajove\/wp-content\/uploads\/sites\/3\/2025\/03\/CONCURS-DIBUIX.jpg","articleSection":["AGENDA","Not\u00edcies"],"inLanguage":"ca","potentialAction":[{"@type":"CommentAction","name":"Comment","target":["https:\/\/biblioteca.blanes.cat\/salajove\/2025\/03\/17\/1r-concurs-de-dibuix-canvia-la-historia\/#respond"]}]},{"@type":"WebPage","@id":"https:\/\/biblioteca.blanes.cat\/salajove\/2025\/03\/17\/1r-concurs-de-dibuix-canvia-la-historia\/","url":"https:\/\/biblioteca.blanes.cat\/salajove\/2025\/03\/17\/1r-concurs-de-dibuix-canvia-la-historia\/","name":"1r CONCURS DE DIBUIX: CANVIA LA HIST\u00d2RIA - Sala Jove","isPartOf":{"@id":"https:\/\/biblioteca.blanes.cat\/salajove\/#website"},"primaryImageOfPage":{"@id":"https:\/\/biblioteca.blanes.cat\/salajove\/2025\/03\/17\/1r-concurs-de-dibuix-canvia-la-historia\/#primaryimage"},"image":{"@id":"https:\/\/biblioteca.blanes.cat\/salajove\/2025\/03\/17\/1r-concurs-de-dibuix-canvia-la-historia\/#primaryimage"},"thumbnailUrl":"https:\/\/biblioteca.blanes.cat\/salajove\/wp-content\/uploads\/sites\/3\/2025\/03\/CONCURS-DIBUIX.jpg","datePublished":"2025-03-17T16:13:07+00:00","dateModified":"2025-03-26T16:22:47+00:00","breadcrumb":{"@id":"https:\/\/biblioteca.blanes.cat\/salajove\/2025\/03\/17\/1r-concurs-de-dibuix-canvia-la-historia\/#breadcrumb"},"inLanguage":"ca","potentialAction":[{"@type":"ReadAction","target":["https:\/\/biblioteca.blanes.cat\/salajove\/2025\/03\/17\/1r-concurs-de-dibuix-canvia-la-historia\/"]}]},{"@type":"ImageObject","inLanguage":"ca","@id":"https:\/\/biblioteca.blanes.cat\/salajove\/2025\/03\/17\/1r-concurs-de-dibuix-canvia-la-historia\/#primaryimage","url":"https:\/\/biblioteca.blanes.cat\/salajove\/wp-content\/uploads\/sites\/3\/2025\/03\/CONCURS-DIBUIX.jpg","contentUrl":"https:\/\/biblioteca.blanes.cat\/salajove\/wp-content\/uploads\/sites\/3\/2025\/03\/CONCURS-DIBUIX.jpg","width":1755,"height":2480},{"@type":"BreadcrumbList","@id":"https:\/\/biblioteca.blanes.cat\/salajove\/2025\/03\/17\/1r-concurs-de-dibuix-canvia-la-historia\/#breadcrumb","itemListElement":[{"@type":"ListItem","position":1,"name":"Inici","item":"https:\/\/biblioteca.blanes.cat\/salajove\/"},{"@type":"ListItem","position":2,"name":"1r CONCURS DE DIBUIX: CANVIA LA HIST\u00d2RIA"}]},{"@type":"WebSite","@id":"https:\/\/biblioteca.blanes.cat\/salajove\/#website","url":"https:\/\/biblioteca.blanes.cat\/salajove\/","name":"Sala Jove","description":"Biblioteca Comarcal de Blanes","publisher":{"@id":"https:\/\/biblioteca.blanes.cat\/salajove\/#organization"},"potentialAction":[{"@type":"SearchAction","target":{"@type":"EntryPoint","urlTemplate":"https:\/\/biblioteca.blanes.cat\/salajove\/?s={search_term_string}"},"query-input":{"@type":"PropertyValueSpecification","valueRequired":true,"valueName":"search_term_string"}}],"inLanguage":"ca"},{"@type":"Organization","@id":"https:\/\/biblioteca.blanes.cat\/salajove\/#organization","name":"Biblioteca Comarcal de Blanes","url":"https:\/\/biblioteca.blanes.cat\/salajove\/","logo":{"@type":"ImageObject","inLanguage":"ca","@id":"https:\/\/biblioteca.blanes.cat\/salajove\/#\/schema\/logo\/image\/","url":"https:\/\/biblioteca.blanes.cat\/salajove\/wp-content\/uploads\/sites\/3\/2017\/09\/cropped-Bib-blau-e1518869380535.png","contentUrl":"https:\/\/biblioteca.blanes.cat\/salajove\/wp-content\/uploads\/sites\/3\/2017\/09\/cropped-Bib-blau-e1518869380535.png","width":166,"height":166,"caption":"Biblioteca Comarcal de Blanes"},"image":{"@id":"https:\/\/biblioteca.blanes.cat\/salajove\/#\/schema\/logo\/image\/"},"sameAs":["https:\/\/www.facebook.com\/BilbiotecaComarcaldeBlanes\/","https:\/\/x.com\/BiblioBlanes","https:\/\/www.instagram.com\/biblioblanes\/","https:\/\/www.pinterest.es\/bblanes\/","https:\/\/www.youtube.com\/c\/BibliotecaComarcalBlanes"]},{"@type":"Person","@id":"https:\/\/biblioteca.blanes.cat\/salajove\/#\/schema\/person\/5a7b46760d9dd611d098bbf571a341dc","name":"biblioblanes","image":{"@type":"ImageObject","inLanguage":"ca","@id":"https:\/\/secure.gravatar.com\/avatar\/6593ca6cc90e5a70939f51c95e8315483b9c281bafba597292bee47992030f99?s=96&d=mm&r=g","url":"https:\/\/secure.gravatar.com\/avatar\/6593ca6cc90e5a70939f51c95e8315483b9c281bafba597292bee47992030f99?s=96&d=mm&r=g","contentUrl":"https:\/\/secure.gravatar.com\/avatar\/6593ca6cc90e5a70939f51c95e8315483b9c281bafba597292bee47992030f99?s=96&d=mm&r=g","caption":"biblioblanes"},"sameAs":["http:\/\/www.bibgirona.cat\/biblioteca\/blanes","https:\/\/x.com\/biblioblanes"],"url":"https:\/\/biblioteca.blanes.cat\/salajove\/author\/biblioblanes\/"}]}},"_links":{"self":[{"href":"https:\/\/biblioteca.blanes.cat\/salajove\/wp-json\/wp\/v2\/posts\/9540","targetHints":{"allow":["GET"]}}],"collection":[{"href":"https:\/\/biblioteca.blanes.cat\/salajove\/wp-json\/wp\/v2\/posts"}],"about":[{"href":"https:\/\/biblioteca.blanes.cat\/salajove\/wp-json\/wp\/v2\/types\/post"}],"author":[{"embeddable":true,"href":"https:\/\/biblioteca.blanes.cat\/salajove\/wp-json\/wp\/v2\/users\/4"}],"replies":[{"embeddable":true,"href":"https:\/\/biblioteca.blanes.cat\/salajove\/wp-json\/wp\/v2\/comments?post=9540"}],"version-history":[{"count":4,"href":"https:\/\/biblioteca.blanes.cat\/salajove\/wp-json\/wp\/v2\/posts\/9540\/revisions"}],"predecessor-version":[{"id":9547,"href":"https:\/\/biblioteca.blanes.cat\/salajove\/wp-json\/wp\/v2\/posts\/9540\/revisions\/9547"}],"wp:featuredmedia":[{"embeddable":true,"href":"https:\/\/biblioteca.blanes.cat\/salajove\/wp-json\/wp\/v2\/media\/9542"}],"wp:attachment":[{"href":"https:\/\/biblioteca.blanes.cat\/salajove\/wp-json\/wp\/v2\/media?parent=9540"}],"wp:term":[{"taxonomy":"category","embeddable":true,"href":"https:\/\/biblioteca.blanes.cat\/salajove\/wp-json\/wp\/v2\/categories?post=9540"},{"taxonomy":"post_tag","embeddable":true,"href":"https:\/\/biblioteca.blanes.cat\/salajove\/wp-json\/wp\/v2\/tags?post=9540"}],"curies":[{"name":"wp","href":"https:\/\/api.w.org\/{rel}","templated":true}]}}