{"id":9526,"date":"2025-03-24T19:51:37","date_gmt":"2025-03-24T18:51:37","guid":{"rendered":"https:\/\/biblioteca.blanes.cat\/salajove\/?p=9526"},"modified":"2025-09-03T18:19:53","modified_gmt":"2025-09-03T17:19:53","slug":"club-de-lectura-juvenil-emblanats-dia-mundial-de-la-poesia","status":"publish","type":"post","link":"https:\/\/biblioteca.blanes.cat\/salajove\/2025\/03\/24\/club-de-lectura-juvenil-emblanats-dia-mundial-de-la-poesia\/","title":{"rendered":"Club de Lectura Juvenil #emblanats: Dia Mundial de la Poesia"},"content":{"rendered":"\n<p>El <strong><span style=\"color: #ff9900;\">21 de mar\u00e7<\/span><\/strong>, ens vam ajuntar els <strong><span style=\"color: #ff9900;\">tres clubs de lectura de la biblioteca (Juvenil, Alev\u00ed i Benjam\u00ed)<\/span><\/strong> per celebrar el <span style=\"color: #ff9900;\"><strong>Dia Mundial de la Poesia<\/strong><\/span>. Vam rebre la visita de <span style=\"color: #ff9900;\"><strong>D\u00e0lia Mora<\/strong><\/span> i <span style=\"color: #ff9900;\"><strong>Montse Maestre<\/strong><\/span>, poetes i autores de dos poemaris que formen part de la col\u00b7lecci\u00f3 \u201cmimosa\u201d, de l\u2019Editorial Tr\u00edpode.<a href=\"https:\/\/biblioteca.blanes.cat\/salajove\/2025\/03\/24\/club-de-lectura-juvenil-emblanats-dia-mundial-de-la-poesia\/penjar-blog-6-2\/\" rel=\"attachment wp-att-9533\"><img fetchpriority=\"high\" decoding=\"async\" class=\"aligncenter  wp-image-9533\" src=\"https:\/\/biblioteca.blanes.cat\/salajove\/wp-content\/uploads\/sites\/3\/2025\/03\/penjar-blog-6-1-225x300.jpg\" alt=\"\" width=\"271\" height=\"361\" srcset=\"https:\/\/biblioteca.blanes.cat\/salajove\/wp-content\/uploads\/sites\/3\/2025\/03\/penjar-blog-6-1-225x300.jpg 225w, https:\/\/biblioteca.blanes.cat\/salajove\/wp-content\/uploads\/sites\/3\/2025\/03\/penjar-blog-6-1-768x1024.jpg 768w, https:\/\/biblioteca.blanes.cat\/salajove\/wp-content\/uploads\/sites\/3\/2025\/03\/penjar-blog-6-1-1152x1536.jpg 1152w, https:\/\/biblioteca.blanes.cat\/salajove\/wp-content\/uploads\/sites\/3\/2025\/03\/penjar-blog-6-1.jpg 1536w\" sizes=\"(max-width: 271px) 100vw, 271px\" \/><\/a><a href=\"https:\/\/biblioteca.blanes.cat\/salajove\/2025\/03\/24\/club-de-lectura-juvenil-emblanats-dia-mundial-de-la-poesia\/penjar-blog-3\/\" rel=\"attachment wp-att-9529\"><img decoding=\"async\" class=\"aligncenter  wp-image-9529\" src=\"https:\/\/biblioteca.blanes.cat\/salajove\/wp-content\/uploads\/sites\/3\/2025\/03\/penjar-blog-3-225x300.jpg\" alt=\"\" width=\"270\" height=\"360\" srcset=\"https:\/\/biblioteca.blanes.cat\/salajove\/wp-content\/uploads\/sites\/3\/2025\/03\/penjar-blog-3-225x300.jpg 225w, https:\/\/biblioteca.blanes.cat\/salajove\/wp-content\/uploads\/sites\/3\/2025\/03\/penjar-blog-3-768x1024.jpg 768w, https:\/\/biblioteca.blanes.cat\/salajove\/wp-content\/uploads\/sites\/3\/2025\/03\/penjar-blog-3-1152x1536.jpg 1152w, https:\/\/biblioteca.blanes.cat\/salajove\/wp-content\/uploads\/sites\/3\/2025\/03\/penjar-blog-3-1536x2048.jpg 1536w, https:\/\/biblioteca.blanes.cat\/salajove\/wp-content\/uploads\/sites\/3\/2025\/03\/penjar-blog-3-scaled.jpg 1920w\" sizes=\"(max-width: 270px) 100vw, 270px\" \/><\/a><\/p>\n<p>Ens vam reunir tots en rotllana per debatre amb elles sobre els seus respectius llibres de poemes, <a href=\"https:\/\/www.tripode.cat\/botiga\/poesia\/simfonia-dhaikus-de-dalia-mora-i-delphine-labedan\/\" target=\"_blank\" rel=\"noopener\"><span style=\"color: #ff9900;\"><strong><em>Simfonia d\u2019haik\u00fas<\/em><\/strong><\/span><\/a> i <a href=\"https:\/\/www.tripode.cat\/botiga\/poesia\/en-un-tancar-i-obrir-dulls\/\" target=\"_blank\" rel=\"noopener\"><span style=\"color: #ff9900;\"><strong><em>En un tancar i obrir d\u2019ulls<\/em><\/strong><\/span><\/a>, tots dos il\u00b7lustrats meravellosament b\u00e9 per <span style=\"color: #ff9900;\"><strong>Delphine Labedan<\/strong><\/span>. Encara que es tracti de dos llibres diferents tenen punts en com\u00fa i va ser un goig poder escoltar les aportacions de l\u2019una i de l\u2019altra sobre el proc\u00e9s creatiu dels versos i la seva vinculaci\u00f3 amb la poesia. I tamb\u00e9 sobre els <span style=\"color: #ff9900;\"><strong>instants ef\u00edmers<\/strong><\/span>, aquells moments que duren pocs segons per\u00f2 que ens desperten sensacions inoblidables. Montse Maestre va posar \u00e8mfasi en la import\u00e0ncia de la mirada i observar atentament el que tenim al voltant i D\u00e0lia Mora, que tan sols t\u00e9 deu anys, ens va explicar que ella s\u2019inspira, sobretot, en la natura, i aix\u00ed ho reflecteixen els seus poemes.<\/p>\n<p><a href=\"https:\/\/biblioteca.blanes.cat\/salajove\/2025\/03\/24\/club-de-lectura-juvenil-emblanats-dia-mundial-de-la-poesia\/penjar-blog-6\/\" rel=\"attachment wp-att-9530\"><img decoding=\"async\" class=\"wp-image-9530 alignleft\" src=\"https:\/\/biblioteca.blanes.cat\/salajove\/wp-content\/uploads\/sites\/3\/2025\/03\/penjar-blog-6-225x300.jpg\" alt=\"\" width=\"254\" height=\"338\" srcset=\"https:\/\/biblioteca.blanes.cat\/salajove\/wp-content\/uploads\/sites\/3\/2025\/03\/penjar-blog-6-225x300.jpg 225w, https:\/\/biblioteca.blanes.cat\/salajove\/wp-content\/uploads\/sites\/3\/2025\/03\/penjar-blog-6-768x1024.jpg 768w, https:\/\/biblioteca.blanes.cat\/salajove\/wp-content\/uploads\/sites\/3\/2025\/03\/penjar-blog-6-1152x1536.jpg 1152w, https:\/\/biblioteca.blanes.cat\/salajove\/wp-content\/uploads\/sites\/3\/2025\/03\/penjar-blog-6.jpg 1536w\" sizes=\"(max-width: 254px) 100vw, 254px\" \/><\/a><a href=\"https:\/\/biblioteca.blanes.cat\/salajove\/2025\/03\/24\/club-de-lectura-juvenil-emblanats-dia-mundial-de-la-poesia\/penjar-blog-4\/\" rel=\"attachment wp-att-9531\"><img loading=\"lazy\" decoding=\"async\" class=\" wp-image-9531 alignleft\" src=\"https:\/\/biblioteca.blanes.cat\/salajove\/wp-content\/uploads\/sites\/3\/2025\/03\/penjar-blog-4-225x300.jpg\" alt=\"\" width=\"255\" height=\"340\" srcset=\"https:\/\/biblioteca.blanes.cat\/salajove\/wp-content\/uploads\/sites\/3\/2025\/03\/penjar-blog-4-225x300.jpg 225w, https:\/\/biblioteca.blanes.cat\/salajove\/wp-content\/uploads\/sites\/3\/2025\/03\/penjar-blog-4-768x1024.jpg 768w, https:\/\/biblioteca.blanes.cat\/salajove\/wp-content\/uploads\/sites\/3\/2025\/03\/penjar-blog-4-1152x1536.jpg 1152w, https:\/\/biblioteca.blanes.cat\/salajove\/wp-content\/uploads\/sites\/3\/2025\/03\/penjar-blog-4-1536x2048.jpg 1536w, https:\/\/biblioteca.blanes.cat\/salajove\/wp-content\/uploads\/sites\/3\/2025\/03\/penjar-blog-4-scaled.jpg 1920w\" sizes=\"(max-width: 255px) 100vw, 255px\" \/><\/a><\/p>\n<p>Vam con\u00e8ixer quin tipus de vers \u00e9s un <span style=\"color: #ff9900;\"><strong>haik\u00fa<\/strong><\/span> i una <span style=\"color: #ff9900;\"><strong>tanka<\/strong><\/span>, tots dos procedents de la tradici\u00f3 liter\u00e0ria japonesa. En el cas del llibre de Montse Maestre, <em>En un tancar i obrir d\u2019ulls<\/em>, t\u00e9 la particularitat que va comptar amb l\u2019assessorament i l\u2019ajuda de les observacions i suggeriments d\u2019un grup de nens i nenes que d\u2019alguna manera van determinar cada un dels poemes. La<span style=\"color: #ff9900;\"><strong> il\u00b7lustraci\u00f3<\/strong><\/span> tamb\u00e9 va tenir un pes important en la conversa i tots vam estar d\u2019acord que en aquests poemaris tenen un poder indiscutible, ja que posen imatge a sentiments i sensacions dels poemes.<\/p>\n<p>A la segona part de la sessi\u00f3, Montse Maestre ens va presentar <span style=\"color: #ff9900;\"><strong>una capsa amb objectes que simbolitzen parts<\/strong> <strong>i elements importants per crear poesia<\/strong><\/span>: una llibreta i un bol\u00edgraf (per escriure quan ens ve la inspiraci\u00f3), un colador (per filtrar les idees), objectes que fan refer\u00e8ncia als cinc sentits (tan importants en el proc\u00e9s d\u2019escriptura), una bombeta (perqu\u00e8 ens vingui la inspiraci\u00f3)\u2026 I tot plegat ho vam relacionar amb moments ef\u00edmers que ens fan feli\u00e7os i ens agraden: el piular d\u2019un ocell, les onades del mar, acariciar un animal, anar en bicicleta, el soroll de les crispetes al microones&#8230; Van sortir idees i propostes ben interessants!<\/p>\n<p><a href=\"https:\/\/biblioteca.blanes.cat\/salajove\/2025\/03\/24\/club-de-lectura-juvenil-emblanats-dia-mundial-de-la-poesia\/penjar-blog-1\/\" rel=\"attachment wp-att-9532\"><img loading=\"lazy\" decoding=\"async\" class=\"aligncenter  wp-image-9532\" src=\"https:\/\/biblioteca.blanes.cat\/salajove\/wp-content\/uploads\/sites\/3\/2025\/03\/penjar-blog-1-225x300.jpg\" alt=\"\" width=\"273\" height=\"364\" srcset=\"https:\/\/biblioteca.blanes.cat\/salajove\/wp-content\/uploads\/sites\/3\/2025\/03\/penjar-blog-1-225x300.jpg 225w, https:\/\/biblioteca.blanes.cat\/salajove\/wp-content\/uploads\/sites\/3\/2025\/03\/penjar-blog-1-768x1024.jpg 768w, https:\/\/biblioteca.blanes.cat\/salajove\/wp-content\/uploads\/sites\/3\/2025\/03\/penjar-blog-1-1152x1536.jpg 1152w, https:\/\/biblioteca.blanes.cat\/salajove\/wp-content\/uploads\/sites\/3\/2025\/03\/penjar-blog-1-1536x2048.jpg 1536w, https:\/\/biblioteca.blanes.cat\/salajove\/wp-content\/uploads\/sites\/3\/2025\/03\/penjar-blog-1-scaled.jpg 1920w\" sizes=\"(max-width: 273px) 100vw, 273px\" \/><\/a><a href=\"https:\/\/biblioteca.blanes.cat\/salajove\/2025\/03\/24\/club-de-lectura-juvenil-emblanats-dia-mundial-de-la-poesia\/penjar-blog-2\/\" rel=\"attachment wp-att-9534\"><img loading=\"lazy\" decoding=\"async\" class=\"aligncenter  wp-image-9534\" src=\"https:\/\/biblioteca.blanes.cat\/salajove\/wp-content\/uploads\/sites\/3\/2025\/03\/penjar-blog-2-225x300.jpg\" alt=\"\" width=\"276\" height=\"368\" srcset=\"https:\/\/biblioteca.blanes.cat\/salajove\/wp-content\/uploads\/sites\/3\/2025\/03\/penjar-blog-2-225x300.jpg 225w, https:\/\/biblioteca.blanes.cat\/salajove\/wp-content\/uploads\/sites\/3\/2025\/03\/penjar-blog-2-768x1024.jpg 768w, https:\/\/biblioteca.blanes.cat\/salajove\/wp-content\/uploads\/sites\/3\/2025\/03\/penjar-blog-2-1152x1536.jpg 1152w, https:\/\/biblioteca.blanes.cat\/salajove\/wp-content\/uploads\/sites\/3\/2025\/03\/penjar-blog-2-1536x2048.jpg 1536w, https:\/\/biblioteca.blanes.cat\/salajove\/wp-content\/uploads\/sites\/3\/2025\/03\/penjar-blog-2-scaled.jpg 1920w\" sizes=\"(max-width: 276px) 100vw, 276px\" \/><\/a><\/p>\n<p>Ah, i no ens oblidem de mencionar els grans rapsodes de la tarda! Una bona colla es van atrevir a recitar alguns dels poemes i va ser preci\u00f3s. Sens dubte, va ser una tarda fant\u00e0stica i molt profitosa!\u00a0<\/p>\n<p>I <a href=\"https:\/\/biblioteca.blanes.cat\/salajove\/2025\/03\/24\/club-de-lectura-juvenil-emblanats-dia-mundial-de-la-poesia\/gl_poesia\/\" target=\"_blank\" rel=\"attachment noopener wp-att-9527\">aqu\u00ed us podeu descarregar<\/a> la <span style=\"color: #ff9900;\"><strong>guia de lectura de llibres de poesia<\/strong><\/span> per a joves que us poden interessar.<\/p>\n<p>\u00a0<\/p>\n<p><a href=\"https:\/\/biblioteca.blanes.cat\/salajove\/2025\/03\/24\/club-de-lectura-juvenil-emblanats-dia-mundial-de-la-poesia\/gl_poesia-2\/\" rel=\"attachment wp-att-9528\"><img loading=\"lazy\" decoding=\"async\" class=\"aligncenter  wp-image-9528\" src=\"https:\/\/biblioteca.blanes.cat\/salajove\/wp-content\/uploads\/sites\/3\/2025\/03\/GL_Poesia-120x300.jpg\" alt=\"\" width=\"250\" height=\"625\" srcset=\"https:\/\/biblioteca.blanes.cat\/salajove\/wp-content\/uploads\/sites\/3\/2025\/03\/GL_Poesia-120x300.jpg 120w, https:\/\/biblioteca.blanes.cat\/salajove\/wp-content\/uploads\/sites\/3\/2025\/03\/GL_Poesia-410x1024.jpg 410w, https:\/\/biblioteca.blanes.cat\/salajove\/wp-content\/uploads\/sites\/3\/2025\/03\/GL_Poesia-768x1920.jpg 768w, https:\/\/biblioteca.blanes.cat\/salajove\/wp-content\/uploads\/sites\/3\/2025\/03\/GL_Poesia-614x1536.jpg 614w, https:\/\/biblioteca.blanes.cat\/salajove\/wp-content\/uploads\/sites\/3\/2025\/03\/GL_Poesia-819x2048.jpg 819w, https:\/\/biblioteca.blanes.cat\/salajove\/wp-content\/uploads\/sites\/3\/2025\/03\/GL_Poesia-scaled.jpg 1024w\" sizes=\"(max-width: 250px) 100vw, 250px\" \/><\/a><\/p>\n\n\n","protected":false},"excerpt":{"rendered":"<p>El 21 de mar\u00e7, ens vam ajuntar els tres clubs de lectura de la biblioteca (Juvenil, Alev\u00ed i Benjam\u00ed) per celebrar el Dia Mundial de la Poesia. Vam rebre la visita de D\u00e0lia Mora i Montse Maestre, poetes i autores<\/p>\n","protected":false},"author":4,"featured_media":9529,"comment_status":"open","ping_status":"open","sticky":false,"template":"","format":"standard","meta":{"sfsi_plus_gutenberg_text_before_share":"","sfsi_plus_gutenberg_show_text_before_share":"","sfsi_plus_gutenberg_icon_type":"","sfsi_plus_gutenberg_icon_alignemt":"","sfsi_plus_gutenburg_max_per_row":"","footnotes":""},"categories":[5],"tags":[24,97,29,98,52,26,19,21,39],"class_list":["post-9526","post","type-post","status-publish","format-standard","has-post-thumbnail","hentry","category-club-de-lectura","tag-activitats","tag-activitats-actualitat-joves","tag-club-de-lectura","tag-guia-lectura-literatura-llibres","tag-joves","tag-lectura","tag-literatura","tag-llibres","tag-poesia"],"yoast_head":"<!-- This site is optimized with the Yoast SEO plugin v27.5 - https:\/\/yoast.com\/product\/yoast-seo-wordpress\/ -->\n<title>Club de Lectura Juvenil #emblanats: Dia Mundial de la Poesia - Sala Jove<\/title>\n<meta name=\"robots\" content=\"index, follow, max-snippet:-1, max-image-preview:large, max-video-preview:-1\" \/>\n<link rel=\"canonical\" href=\"https:\/\/biblioteca.blanes.cat\/salajove\/2025\/03\/24\/club-de-lectura-juvenil-emblanats-dia-mundial-de-la-poesia\/\" \/>\n<meta property=\"og:locale\" content=\"ca_ES\" \/>\n<meta property=\"og:type\" content=\"article\" \/>\n<meta property=\"og:title\" content=\"Club de Lectura Juvenil #emblanats: Dia Mundial de la Poesia - Sala Jove\" \/>\n<meta property=\"og:description\" content=\"El 21 de mar\u00e7, ens vam ajuntar els tres clubs de lectura de la biblioteca (Juvenil, Alev\u00ed i Benjam\u00ed) per celebrar el Dia Mundial de la Poesia. Vam rebre la visita de D\u00e0lia Mora i Montse Maestre, poetes i autores\" \/>\n<meta property=\"og:url\" content=\"https:\/\/biblioteca.blanes.cat\/salajove\/2025\/03\/24\/club-de-lectura-juvenil-emblanats-dia-mundial-de-la-poesia\/\" \/>\n<meta property=\"og:site_name\" content=\"Sala Jove\" \/>\n<meta property=\"article:publisher\" content=\"https:\/\/www.facebook.com\/BilbiotecaComarcaldeBlanes\/\" \/>\n<meta property=\"article:published_time\" content=\"2025-03-24T18:51:37+00:00\" \/>\n<meta property=\"article:modified_time\" content=\"2025-09-03T17:19:53+00:00\" \/>\n<meta property=\"og:image\" content=\"https:\/\/biblioteca.blanes.cat\/salajove\/wp-content\/uploads\/sites\/3\/2025\/03\/penjar-blog-3-scaled.jpg\" \/>\n\t<meta property=\"og:image:width\" content=\"1920\" \/>\n\t<meta property=\"og:image:height\" content=\"2560\" \/>\n\t<meta property=\"og:image:type\" content=\"image\/jpeg\" \/>\n<meta name=\"author\" content=\"biblioblanes\" \/>\n<meta name=\"twitter:card\" content=\"summary_large_image\" \/>\n<meta name=\"twitter:creator\" content=\"@biblioblanes\" \/>\n<meta name=\"twitter:site\" content=\"@BiblioBlanes\" \/>\n<meta name=\"twitter:label1\" content=\"Escrit per\" \/>\n\t<meta name=\"twitter:data1\" content=\"biblioblanes\" \/>\n\t<meta name=\"twitter:label2\" content=\"Temps estimat de lectura\" \/>\n\t<meta name=\"twitter:data2\" content=\"5 minuts\" \/>\n<script type=\"application\/ld+json\" class=\"yoast-schema-graph\">{\"@context\":\"https:\\\/\\\/schema.org\",\"@graph\":[{\"@type\":\"Article\",\"@id\":\"https:\\\/\\\/biblioteca.blanes.cat\\\/salajove\\\/2025\\\/03\\\/24\\\/club-de-lectura-juvenil-emblanats-dia-mundial-de-la-poesia\\\/#article\",\"isPartOf\":{\"@id\":\"https:\\\/\\\/biblioteca.blanes.cat\\\/salajove\\\/2025\\\/03\\\/24\\\/club-de-lectura-juvenil-emblanats-dia-mundial-de-la-poesia\\\/\"},\"author\":{\"name\":\"biblioblanes\",\"@id\":\"https:\\\/\\\/biblioteca.blanes.cat\\\/salajove\\\/#\\\/schema\\\/person\\\/5a7b46760d9dd611d098bbf571a341dc\"},\"headline\":\"Club de Lectura Juvenil #emblanats: Dia Mundial de la Poesia\",\"datePublished\":\"2025-03-24T18:51:37+00:00\",\"dateModified\":\"2025-09-03T17:19:53+00:00\",\"mainEntityOfPage\":{\"@id\":\"https:\\\/\\\/biblioteca.blanes.cat\\\/salajove\\\/2025\\\/03\\\/24\\\/club-de-lectura-juvenil-emblanats-dia-mundial-de-la-poesia\\\/\"},\"wordCount\":494,\"commentCount\":0,\"publisher\":{\"@id\":\"https:\\\/\\\/biblioteca.blanes.cat\\\/salajove\\\/#organization\"},\"image\":{\"@id\":\"https:\\\/\\\/biblioteca.blanes.cat\\\/salajove\\\/2025\\\/03\\\/24\\\/club-de-lectura-juvenil-emblanats-dia-mundial-de-la-poesia\\\/#primaryimage\"},\"thumbnailUrl\":\"https:\\\/\\\/biblioteca.blanes.cat\\\/salajove\\\/wp-content\\\/uploads\\\/sites\\\/3\\\/2025\\\/03\\\/penjar-blog-3-scaled.jpg\",\"keywords\":[\"#Activitats\",\"#Activitats #Actualitat #Joves\",\"#ClubdeLectura\",\"#Guia #Lectura #Literatura #Llibres\",\"#Joves\",\"#Lectura\",\"#Literatura\",\"#Llibres\",\"#Poesia\"],\"articleSection\":[\"Club de Lectura\"],\"inLanguage\":\"ca\",\"potentialAction\":[{\"@type\":\"CommentAction\",\"name\":\"Comment\",\"target\":[\"https:\\\/\\\/biblioteca.blanes.cat\\\/salajove\\\/2025\\\/03\\\/24\\\/club-de-lectura-juvenil-emblanats-dia-mundial-de-la-poesia\\\/#respond\"]}]},{\"@type\":\"WebPage\",\"@id\":\"https:\\\/\\\/biblioteca.blanes.cat\\\/salajove\\\/2025\\\/03\\\/24\\\/club-de-lectura-juvenil-emblanats-dia-mundial-de-la-poesia\\\/\",\"url\":\"https:\\\/\\\/biblioteca.blanes.cat\\\/salajove\\\/2025\\\/03\\\/24\\\/club-de-lectura-juvenil-emblanats-dia-mundial-de-la-poesia\\\/\",\"name\":\"Club de Lectura Juvenil #emblanats: Dia Mundial de la Poesia - Sala Jove\",\"isPartOf\":{\"@id\":\"https:\\\/\\\/biblioteca.blanes.cat\\\/salajove\\\/#website\"},\"primaryImageOfPage\":{\"@id\":\"https:\\\/\\\/biblioteca.blanes.cat\\\/salajove\\\/2025\\\/03\\\/24\\\/club-de-lectura-juvenil-emblanats-dia-mundial-de-la-poesia\\\/#primaryimage\"},\"image\":{\"@id\":\"https:\\\/\\\/biblioteca.blanes.cat\\\/salajove\\\/2025\\\/03\\\/24\\\/club-de-lectura-juvenil-emblanats-dia-mundial-de-la-poesia\\\/#primaryimage\"},\"thumbnailUrl\":\"https:\\\/\\\/biblioteca.blanes.cat\\\/salajove\\\/wp-content\\\/uploads\\\/sites\\\/3\\\/2025\\\/03\\\/penjar-blog-3-scaled.jpg\",\"datePublished\":\"2025-03-24T18:51:37+00:00\",\"dateModified\":\"2025-09-03T17:19:53+00:00\",\"breadcrumb\":{\"@id\":\"https:\\\/\\\/biblioteca.blanes.cat\\\/salajove\\\/2025\\\/03\\\/24\\\/club-de-lectura-juvenil-emblanats-dia-mundial-de-la-poesia\\\/#breadcrumb\"},\"inLanguage\":\"ca\",\"potentialAction\":[{\"@type\":\"ReadAction\",\"target\":[\"https:\\\/\\\/biblioteca.blanes.cat\\\/salajove\\\/2025\\\/03\\\/24\\\/club-de-lectura-juvenil-emblanats-dia-mundial-de-la-poesia\\\/\"]}]},{\"@type\":\"ImageObject\",\"inLanguage\":\"ca\",\"@id\":\"https:\\\/\\\/biblioteca.blanes.cat\\\/salajove\\\/2025\\\/03\\\/24\\\/club-de-lectura-juvenil-emblanats-dia-mundial-de-la-poesia\\\/#primaryimage\",\"url\":\"https:\\\/\\\/biblioteca.blanes.cat\\\/salajove\\\/wp-content\\\/uploads\\\/sites\\\/3\\\/2025\\\/03\\\/penjar-blog-3-scaled.jpg\",\"contentUrl\":\"https:\\\/\\\/biblioteca.blanes.cat\\\/salajove\\\/wp-content\\\/uploads\\\/sites\\\/3\\\/2025\\\/03\\\/penjar-blog-3-scaled.jpg\",\"width\":1920,\"height\":2560},{\"@type\":\"BreadcrumbList\",\"@id\":\"https:\\\/\\\/biblioteca.blanes.cat\\\/salajove\\\/2025\\\/03\\\/24\\\/club-de-lectura-juvenil-emblanats-dia-mundial-de-la-poesia\\\/#breadcrumb\",\"itemListElement\":[{\"@type\":\"ListItem\",\"position\":1,\"name\":\"Inici\",\"item\":\"https:\\\/\\\/biblioteca.blanes.cat\\\/salajove\\\/\"},{\"@type\":\"ListItem\",\"position\":2,\"name\":\"Club de Lectura Juvenil #emblanats: Dia Mundial de la Poesia\"}]},{\"@type\":\"WebSite\",\"@id\":\"https:\\\/\\\/biblioteca.blanes.cat\\\/salajove\\\/#website\",\"url\":\"https:\\\/\\\/biblioteca.blanes.cat\\\/salajove\\\/\",\"name\":\"Sala Jove\",\"description\":\"Biblioteca Comarcal de Blanes\",\"publisher\":{\"@id\":\"https:\\\/\\\/biblioteca.blanes.cat\\\/salajove\\\/#organization\"},\"potentialAction\":[{\"@type\":\"SearchAction\",\"target\":{\"@type\":\"EntryPoint\",\"urlTemplate\":\"https:\\\/\\\/biblioteca.blanes.cat\\\/salajove\\\/?s={search_term_string}\"},\"query-input\":{\"@type\":\"PropertyValueSpecification\",\"valueRequired\":true,\"valueName\":\"search_term_string\"}}],\"inLanguage\":\"ca\"},{\"@type\":\"Organization\",\"@id\":\"https:\\\/\\\/biblioteca.blanes.cat\\\/salajove\\\/#organization\",\"name\":\"Biblioteca Comarcal de Blanes\",\"url\":\"https:\\\/\\\/biblioteca.blanes.cat\\\/salajove\\\/\",\"logo\":{\"@type\":\"ImageObject\",\"inLanguage\":\"ca\",\"@id\":\"https:\\\/\\\/biblioteca.blanes.cat\\\/salajove\\\/#\\\/schema\\\/logo\\\/image\\\/\",\"url\":\"https:\\\/\\\/biblioteca.blanes.cat\\\/salajove\\\/wp-content\\\/uploads\\\/sites\\\/3\\\/2017\\\/09\\\/cropped-Bib-blau-e1518869380535.png\",\"contentUrl\":\"https:\\\/\\\/biblioteca.blanes.cat\\\/salajove\\\/wp-content\\\/uploads\\\/sites\\\/3\\\/2017\\\/09\\\/cropped-Bib-blau-e1518869380535.png\",\"width\":166,\"height\":166,\"caption\":\"Biblioteca Comarcal de Blanes\"},\"image\":{\"@id\":\"https:\\\/\\\/biblioteca.blanes.cat\\\/salajove\\\/#\\\/schema\\\/logo\\\/image\\\/\"},\"sameAs\":[\"https:\\\/\\\/www.facebook.com\\\/BilbiotecaComarcaldeBlanes\\\/\",\"https:\\\/\\\/x.com\\\/BiblioBlanes\",\"https:\\\/\\\/www.instagram.com\\\/biblioblanes\\\/\",\"https:\\\/\\\/www.pinterest.es\\\/bblanes\\\/\",\"https:\\\/\\\/www.youtube.com\\\/c\\\/BibliotecaComarcalBlanes\"]},{\"@type\":\"Person\",\"@id\":\"https:\\\/\\\/biblioteca.blanes.cat\\\/salajove\\\/#\\\/schema\\\/person\\\/5a7b46760d9dd611d098bbf571a341dc\",\"name\":\"biblioblanes\",\"image\":{\"@type\":\"ImageObject\",\"inLanguage\":\"ca\",\"@id\":\"https:\\\/\\\/secure.gravatar.com\\\/avatar\\\/6593ca6cc90e5a70939f51c95e8315483b9c281bafba597292bee47992030f99?s=96&d=mm&r=g\",\"url\":\"https:\\\/\\\/secure.gravatar.com\\\/avatar\\\/6593ca6cc90e5a70939f51c95e8315483b9c281bafba597292bee47992030f99?s=96&d=mm&r=g\",\"contentUrl\":\"https:\\\/\\\/secure.gravatar.com\\\/avatar\\\/6593ca6cc90e5a70939f51c95e8315483b9c281bafba597292bee47992030f99?s=96&d=mm&r=g\",\"caption\":\"biblioblanes\"},\"sameAs\":[\"http:\\\/\\\/www.bibgirona.cat\\\/biblioteca\\\/blanes\",\"https:\\\/\\\/x.com\\\/biblioblanes\"],\"url\":\"https:\\\/\\\/biblioteca.blanes.cat\\\/salajove\\\/author\\\/biblioblanes\\\/\"}]}<\/script>\n<!-- \/ Yoast SEO plugin. -->","yoast_head_json":{"title":"Club de Lectura Juvenil #emblanats: Dia Mundial de la Poesia - Sala Jove","robots":{"index":"index","follow":"follow","max-snippet":"max-snippet:-1","max-image-preview":"max-image-preview:large","max-video-preview":"max-video-preview:-1"},"canonical":"https:\/\/biblioteca.blanes.cat\/salajove\/2025\/03\/24\/club-de-lectura-juvenil-emblanats-dia-mundial-de-la-poesia\/","og_locale":"ca_ES","og_type":"article","og_title":"Club de Lectura Juvenil #emblanats: Dia Mundial de la Poesia - Sala Jove","og_description":"El 21 de mar\u00e7, ens vam ajuntar els tres clubs de lectura de la biblioteca (Juvenil, Alev\u00ed i Benjam\u00ed) per celebrar el Dia Mundial de la Poesia. Vam rebre la visita de D\u00e0lia Mora i Montse Maestre, poetes i autores","og_url":"https:\/\/biblioteca.blanes.cat\/salajove\/2025\/03\/24\/club-de-lectura-juvenil-emblanats-dia-mundial-de-la-poesia\/","og_site_name":"Sala Jove","article_publisher":"https:\/\/www.facebook.com\/BilbiotecaComarcaldeBlanes\/","article_published_time":"2025-03-24T18:51:37+00:00","article_modified_time":"2025-09-03T17:19:53+00:00","og_image":[{"width":1920,"height":2560,"url":"https:\/\/biblioteca.blanes.cat\/salajove\/wp-content\/uploads\/sites\/3\/2025\/03\/penjar-blog-3-scaled.jpg","type":"image\/jpeg"}],"author":"biblioblanes","twitter_card":"summary_large_image","twitter_creator":"@biblioblanes","twitter_site":"@BiblioBlanes","twitter_misc":{"Escrit per":"biblioblanes","Temps estimat de lectura":"5 minuts"},"schema":{"@context":"https:\/\/schema.org","@graph":[{"@type":"Article","@id":"https:\/\/biblioteca.blanes.cat\/salajove\/2025\/03\/24\/club-de-lectura-juvenil-emblanats-dia-mundial-de-la-poesia\/#article","isPartOf":{"@id":"https:\/\/biblioteca.blanes.cat\/salajove\/2025\/03\/24\/club-de-lectura-juvenil-emblanats-dia-mundial-de-la-poesia\/"},"author":{"name":"biblioblanes","@id":"https:\/\/biblioteca.blanes.cat\/salajove\/#\/schema\/person\/5a7b46760d9dd611d098bbf571a341dc"},"headline":"Club de Lectura Juvenil #emblanats: Dia Mundial de la Poesia","datePublished":"2025-03-24T18:51:37+00:00","dateModified":"2025-09-03T17:19:53+00:00","mainEntityOfPage":{"@id":"https:\/\/biblioteca.blanes.cat\/salajove\/2025\/03\/24\/club-de-lectura-juvenil-emblanats-dia-mundial-de-la-poesia\/"},"wordCount":494,"commentCount":0,"publisher":{"@id":"https:\/\/biblioteca.blanes.cat\/salajove\/#organization"},"image":{"@id":"https:\/\/biblioteca.blanes.cat\/salajove\/2025\/03\/24\/club-de-lectura-juvenil-emblanats-dia-mundial-de-la-poesia\/#primaryimage"},"thumbnailUrl":"https:\/\/biblioteca.blanes.cat\/salajove\/wp-content\/uploads\/sites\/3\/2025\/03\/penjar-blog-3-scaled.jpg","keywords":["#Activitats","#Activitats #Actualitat #Joves","#ClubdeLectura","#Guia #Lectura #Literatura #Llibres","#Joves","#Lectura","#Literatura","#Llibres","#Poesia"],"articleSection":["Club de Lectura"],"inLanguage":"ca","potentialAction":[{"@type":"CommentAction","name":"Comment","target":["https:\/\/biblioteca.blanes.cat\/salajove\/2025\/03\/24\/club-de-lectura-juvenil-emblanats-dia-mundial-de-la-poesia\/#respond"]}]},{"@type":"WebPage","@id":"https:\/\/biblioteca.blanes.cat\/salajove\/2025\/03\/24\/club-de-lectura-juvenil-emblanats-dia-mundial-de-la-poesia\/","url":"https:\/\/biblioteca.blanes.cat\/salajove\/2025\/03\/24\/club-de-lectura-juvenil-emblanats-dia-mundial-de-la-poesia\/","name":"Club de Lectura Juvenil #emblanats: Dia Mundial de la Poesia - Sala Jove","isPartOf":{"@id":"https:\/\/biblioteca.blanes.cat\/salajove\/#website"},"primaryImageOfPage":{"@id":"https:\/\/biblioteca.blanes.cat\/salajove\/2025\/03\/24\/club-de-lectura-juvenil-emblanats-dia-mundial-de-la-poesia\/#primaryimage"},"image":{"@id":"https:\/\/biblioteca.blanes.cat\/salajove\/2025\/03\/24\/club-de-lectura-juvenil-emblanats-dia-mundial-de-la-poesia\/#primaryimage"},"thumbnailUrl":"https:\/\/biblioteca.blanes.cat\/salajove\/wp-content\/uploads\/sites\/3\/2025\/03\/penjar-blog-3-scaled.jpg","datePublished":"2025-03-24T18:51:37+00:00","dateModified":"2025-09-03T17:19:53+00:00","breadcrumb":{"@id":"https:\/\/biblioteca.blanes.cat\/salajove\/2025\/03\/24\/club-de-lectura-juvenil-emblanats-dia-mundial-de-la-poesia\/#breadcrumb"},"inLanguage":"ca","potentialAction":[{"@type":"ReadAction","target":["https:\/\/biblioteca.blanes.cat\/salajove\/2025\/03\/24\/club-de-lectura-juvenil-emblanats-dia-mundial-de-la-poesia\/"]}]},{"@type":"ImageObject","inLanguage":"ca","@id":"https:\/\/biblioteca.blanes.cat\/salajove\/2025\/03\/24\/club-de-lectura-juvenil-emblanats-dia-mundial-de-la-poesia\/#primaryimage","url":"https:\/\/biblioteca.blanes.cat\/salajove\/wp-content\/uploads\/sites\/3\/2025\/03\/penjar-blog-3-scaled.jpg","contentUrl":"https:\/\/biblioteca.blanes.cat\/salajove\/wp-content\/uploads\/sites\/3\/2025\/03\/penjar-blog-3-scaled.jpg","width":1920,"height":2560},{"@type":"BreadcrumbList","@id":"https:\/\/biblioteca.blanes.cat\/salajove\/2025\/03\/24\/club-de-lectura-juvenil-emblanats-dia-mundial-de-la-poesia\/#breadcrumb","itemListElement":[{"@type":"ListItem","position":1,"name":"Inici","item":"https:\/\/biblioteca.blanes.cat\/salajove\/"},{"@type":"ListItem","position":2,"name":"Club de Lectura Juvenil #emblanats: Dia Mundial de la Poesia"}]},{"@type":"WebSite","@id":"https:\/\/biblioteca.blanes.cat\/salajove\/#website","url":"https:\/\/biblioteca.blanes.cat\/salajove\/","name":"Sala Jove","description":"Biblioteca Comarcal de Blanes","publisher":{"@id":"https:\/\/biblioteca.blanes.cat\/salajove\/#organization"},"potentialAction":[{"@type":"SearchAction","target":{"@type":"EntryPoint","urlTemplate":"https:\/\/biblioteca.blanes.cat\/salajove\/?s={search_term_string}"},"query-input":{"@type":"PropertyValueSpecification","valueRequired":true,"valueName":"search_term_string"}}],"inLanguage":"ca"},{"@type":"Organization","@id":"https:\/\/biblioteca.blanes.cat\/salajove\/#organization","name":"Biblioteca Comarcal de Blanes","url":"https:\/\/biblioteca.blanes.cat\/salajove\/","logo":{"@type":"ImageObject","inLanguage":"ca","@id":"https:\/\/biblioteca.blanes.cat\/salajove\/#\/schema\/logo\/image\/","url":"https:\/\/biblioteca.blanes.cat\/salajove\/wp-content\/uploads\/sites\/3\/2017\/09\/cropped-Bib-blau-e1518869380535.png","contentUrl":"https:\/\/biblioteca.blanes.cat\/salajove\/wp-content\/uploads\/sites\/3\/2017\/09\/cropped-Bib-blau-e1518869380535.png","width":166,"height":166,"caption":"Biblioteca Comarcal de Blanes"},"image":{"@id":"https:\/\/biblioteca.blanes.cat\/salajove\/#\/schema\/logo\/image\/"},"sameAs":["https:\/\/www.facebook.com\/BilbiotecaComarcaldeBlanes\/","https:\/\/x.com\/BiblioBlanes","https:\/\/www.instagram.com\/biblioblanes\/","https:\/\/www.pinterest.es\/bblanes\/","https:\/\/www.youtube.com\/c\/BibliotecaComarcalBlanes"]},{"@type":"Person","@id":"https:\/\/biblioteca.blanes.cat\/salajove\/#\/schema\/person\/5a7b46760d9dd611d098bbf571a341dc","name":"biblioblanes","image":{"@type":"ImageObject","inLanguage":"ca","@id":"https:\/\/secure.gravatar.com\/avatar\/6593ca6cc90e5a70939f51c95e8315483b9c281bafba597292bee47992030f99?s=96&d=mm&r=g","url":"https:\/\/secure.gravatar.com\/avatar\/6593ca6cc90e5a70939f51c95e8315483b9c281bafba597292bee47992030f99?s=96&d=mm&r=g","contentUrl":"https:\/\/secure.gravatar.com\/avatar\/6593ca6cc90e5a70939f51c95e8315483b9c281bafba597292bee47992030f99?s=96&d=mm&r=g","caption":"biblioblanes"},"sameAs":["http:\/\/www.bibgirona.cat\/biblioteca\/blanes","https:\/\/x.com\/biblioblanes"],"url":"https:\/\/biblioteca.blanes.cat\/salajove\/author\/biblioblanes\/"}]}},"_links":{"self":[{"href":"https:\/\/biblioteca.blanes.cat\/salajove\/wp-json\/wp\/v2\/posts\/9526","targetHints":{"allow":["GET"]}}],"collection":[{"href":"https:\/\/biblioteca.blanes.cat\/salajove\/wp-json\/wp\/v2\/posts"}],"about":[{"href":"https:\/\/biblioteca.blanes.cat\/salajove\/wp-json\/wp\/v2\/types\/post"}],"author":[{"embeddable":true,"href":"https:\/\/biblioteca.blanes.cat\/salajove\/wp-json\/wp\/v2\/users\/4"}],"replies":[{"embeddable":true,"href":"https:\/\/biblioteca.blanes.cat\/salajove\/wp-json\/wp\/v2\/comments?post=9526"}],"version-history":[{"count":4,"href":"https:\/\/biblioteca.blanes.cat\/salajove\/wp-json\/wp\/v2\/posts\/9526\/revisions"}],"predecessor-version":[{"id":9539,"href":"https:\/\/biblioteca.blanes.cat\/salajove\/wp-json\/wp\/v2\/posts\/9526\/revisions\/9539"}],"wp:featuredmedia":[{"embeddable":true,"href":"https:\/\/biblioteca.blanes.cat\/salajove\/wp-json\/wp\/v2\/media\/9529"}],"wp:attachment":[{"href":"https:\/\/biblioteca.blanes.cat\/salajove\/wp-json\/wp\/v2\/media?parent=9526"}],"wp:term":[{"taxonomy":"category","embeddable":true,"href":"https:\/\/biblioteca.blanes.cat\/salajove\/wp-json\/wp\/v2\/categories?post=9526"},{"taxonomy":"post_tag","embeddable":true,"href":"https:\/\/biblioteca.blanes.cat\/salajove\/wp-json\/wp\/v2\/tags?post=9526"}],"curies":[{"name":"wp","href":"https:\/\/api.w.org\/{rel}","templated":true}]}}