{"id":9421,"date":"2025-02-17T20:40:52","date_gmt":"2025-02-17T19:40:52","guid":{"rendered":"https:\/\/biblioteca.blanes.cat\/salajove\/?p=9421"},"modified":"2025-09-03T18:21:12","modified_gmt":"2025-09-03T17:21:12","slug":"club-de-lectura-juvenil-emblanats-patina","status":"publish","type":"post","link":"https:\/\/biblioteca.blanes.cat\/salajove\/2025\/02\/17\/club-de-lectura-juvenil-emblanats-patina\/","title":{"rendered":"Club de Lectura Juvenil #emblanats: Patina"},"content":{"rendered":"\n<p>Ja som a l\u2019equador del <span style=\"color: #339966;\"><strong>Club de Lectura Juvenil #emblanats<\/strong><\/span>! Cada sessi\u00f3 \u00e9s una nova experi\u00e8ncia, no nom\u00e9s lectora, tamb\u00e9 de coneixen\u00e7a, de jocs i de xerrades sobre temes molt interessants que ens presenta cada lectura.<\/p>\n<p><a href=\"https:\/\/biblioteca.blanes.cat\/salajove\/2025\/02\/17\/club-de-lectura-juvenil-emblanats-patina\/img_20250214_184351\/\" rel=\"attachment wp-att-9429\"><img fetchpriority=\"high\" decoding=\"async\" class=\"aligncenter  wp-image-9429\" src=\"https:\/\/biblioteca.blanes.cat\/salajove\/wp-content\/uploads\/sites\/3\/2025\/02\/IMG_20250214_184351-225x300.jpg\" alt=\"\" width=\"290\" height=\"387\" srcset=\"https:\/\/biblioteca.blanes.cat\/salajove\/wp-content\/uploads\/sites\/3\/2025\/02\/IMG_20250214_184351-225x300.jpg 225w, https:\/\/biblioteca.blanes.cat\/salajove\/wp-content\/uploads\/sites\/3\/2025\/02\/IMG_20250214_184351-768x1024.jpg 768w, https:\/\/biblioteca.blanes.cat\/salajove\/wp-content\/uploads\/sites\/3\/2025\/02\/IMG_20250214_184351-1152x1536.jpg 1152w, https:\/\/biblioteca.blanes.cat\/salajove\/wp-content\/uploads\/sites\/3\/2025\/02\/IMG_20250214_184351-1536x2048.jpg 1536w, https:\/\/biblioteca.blanes.cat\/salajove\/wp-content\/uploads\/sites\/3\/2025\/02\/IMG_20250214_184351-scaled.jpg 1920w\" sizes=\"(max-width: 290px) 100vw, 290px\" \/><\/a><\/p>\n<p>Divendres vam comentar <span style=\"color: #00ffff;\"><a style=\"color: #00ffff;\" href=\"https:\/\/sembrallibres.com\/llibres\/patina\/\" target=\"_blank\" rel=\"noopener\"><strong><em><span style=\"color: #339966;\"><span style=\"color: #00ccff;\">Patina<\/span><\/span><\/em><\/strong><\/a><\/span>, de <strong><span style=\"color: #00ccff;\">Jason Reynolds<\/span><\/strong>, la segona novel\u00b7la de la <span style=\"color: #00ccff;\"><strong>s\u00e8rie &#8220;Track&#8221;<\/strong><\/span>, que ens captiva amb la vida d\u2019uns joves atletes que superen tot tipus de dificultats i circumst\u00e0ncies vitals.<a href=\"https:\/\/biblioteca.blanes.cat\/salajove\/2025\/02\/17\/club-de-lectura-juvenil-emblanats-patina\/patina01\/\" rel=\"attachment wp-att-9425\"><img decoding=\"async\" class=\" wp-image-9425 alignright\" src=\"https:\/\/biblioteca.blanes.cat\/salajove\/wp-content\/uploads\/sites\/3\/2025\/02\/Patina01-225x300.jpg\" alt=\"\" width=\"261\" height=\"348\" srcset=\"https:\/\/biblioteca.blanes.cat\/salajove\/wp-content\/uploads\/sites\/3\/2025\/02\/Patina01-225x300.jpg 225w, https:\/\/biblioteca.blanes.cat\/salajove\/wp-content\/uploads\/sites\/3\/2025\/02\/Patina01-768x1024.jpg 768w, https:\/\/biblioteca.blanes.cat\/salajove\/wp-content\/uploads\/sites\/3\/2025\/02\/Patina01-1152x1536.jpg 1152w, https:\/\/biblioteca.blanes.cat\/salajove\/wp-content\/uploads\/sites\/3\/2025\/02\/Patina01-1536x2048.jpg 1536w, https:\/\/biblioteca.blanes.cat\/salajove\/wp-content\/uploads\/sites\/3\/2025\/02\/Patina01-scaled.jpg 1920w\" sizes=\"(max-width: 261px) 100vw, 261px\" \/><\/a><\/p>\n<p>En el cas d\u2019aquest segon volum, coneixerem la Patty, una jove atleta a qui no li agrada perdre perqu\u00e8 a la vida ja ha tingut prou p\u00e8rdues: el seu pare va morir i la seva mare, degut a la diabetis, va perdre les cames. Els seus tiets l\u2019adopten a ella i a la seva germana, la Maddy, amb qui estableixen noves rutines i una nova conviv\u00e8ncia. La Patina es veu obligada a canviar d\u2019institut, ara va a Chester Academy, una escola privada de nom\u00e9s noies on li costa encaixar i fer amigues. <span style=\"color: #00ccff;\"><strong>L\u2019atletisme \u00e9s, de fet, la seva \u00fanica vida d\u2019escapat\u00f2ria<\/strong><\/span>, l\u2019\u00fanica cosa que li permet evadir-se dels seus problemes i circumst\u00e0ncies familiars.<\/p>\n<p>Malgrat que la majoria dels participants no van acabar de connectar amb el llibre, sembla que la sessi\u00f3 s\u00ed que va ser prou profitosa i del seu inter\u00e8s. Gr\u00e0cies a la Patina i la seva hist\u00f2ria, vam poder parlar sobre temes com l\u2019<span style=\"color: #00ccff;\"><strong>autoexig\u00e8ncia<\/strong><\/span> (qu\u00e8 \u00e9s i per qu\u00e8 ens imposem tanta exig\u00e8ncia a nosaltres mateixos?), el <span style=\"color: #00ccff;\"><strong>valor de la fam\u00edlia<\/strong><\/span>, la <span style=\"color: #00ccff;\"><strong>import\u00e0ncia de sentir-nos estimats<\/strong><\/span>,<span style=\"color: #00ccff;\"> <strong>les responsabilitats<\/strong> <\/span>i els <span style=\"color: #00ccff;\"><strong>rols dels germans grans i petits<\/strong><\/span>, les <span style=\"color: #00ccff;\"><strong>amistats<\/strong><\/span>, les <span style=\"color: #00ccff;\"><strong>aparences<\/strong><\/span>&#8230; Un munt de temes que estan a l\u2019ordre del dia dels adolescents i el seu entorn. Vam aprofitar l\u2019ocasi\u00f3 per presentar la resta de llibres de la s\u00e8rie, <span style=\"color: #ff9900;\"><strong><em>Ghost<\/em><\/strong><\/span>, <span style=\"color: #ff99cc;\"><em><strong>Sunny<\/strong><\/em> <\/span>i <span style=\"color: #33cccc;\"><em><strong>Lu<\/strong><\/em><\/span>, i per mostrar altres <span style=\"color: #00ccff;\"><strong>novel\u00b7les realistes<\/strong><\/span> que tenen protagonistes adolescents (<span style=\"color: #00ccff;\"><strong><a style=\"color: #00ccff;\" href=\"https:\/\/biblioteca.blanes.cat\/salajove\/2025\/02\/17\/club-de-lectura-juvenil-emblanats-patina\/gl_novella-realista\/\" target=\"_blank\" rel=\"attachment noopener wp-att-9423\">descarrega&#8217;t la guia de lectura<\/a><\/strong><\/span>).<\/p>\n<p><img decoding=\"async\" class=\"aligncenter  wp-image-9422\" src=\"https:\/\/biblioteca.blanes.cat\/salajove\/wp-content\/uploads\/sites\/3\/2025\/02\/Novella-realista--120x300.jpg\" alt=\"\" width=\"228\" height=\"570\" srcset=\"https:\/\/biblioteca.blanes.cat\/salajove\/wp-content\/uploads\/sites\/3\/2025\/02\/Novella-realista--120x300.jpg 120w, https:\/\/biblioteca.blanes.cat\/salajove\/wp-content\/uploads\/sites\/3\/2025\/02\/Novella-realista--410x1024.jpg 410w, https:\/\/biblioteca.blanes.cat\/salajove\/wp-content\/uploads\/sites\/3\/2025\/02\/Novella-realista--768x1920.jpg 768w, https:\/\/biblioteca.blanes.cat\/salajove\/wp-content\/uploads\/sites\/3\/2025\/02\/Novella-realista--614x1536.jpg 614w, https:\/\/biblioteca.blanes.cat\/salajove\/wp-content\/uploads\/sites\/3\/2025\/02\/Novella-realista-.jpg 800w\" sizes=\"(max-width: 228px) 100vw, 228px\" \/><\/p>\n<p>Per fer la sessi\u00f3 m\u00e9s entretinguda, vam posar-nos al lloc de la Patina com a atleta de relleus i <span style=\"color: #00ccff;\"><strong>vam jugar als nostres relleus particulars<\/strong><\/span>: ens vam dividir en dos equips i vam fer una cursa de relleus que consistia a <span style=\"color: #00ccff;\"><strong>posar solucions a alguns dels conflictes emocionals i interns que t\u00e9 la nostra protagonista<\/strong><\/span>. El testimoni contenia quatre preguntes i cada un havia de respondre la del seu torn plantejant una soluci\u00f3. La resposta s\u2019havia d\u2019escriure en un p\u00f2stit i penjar-la al taulell compartit. Un cop acabada la ronda, vam debatre sobre les propostes dels companys.<\/p>\n<p><a href=\"https:\/\/biblioteca.blanes.cat\/salajove\/2025\/02\/17\/club-de-lectura-juvenil-emblanats-patina\/patina02\/\" rel=\"attachment wp-att-9426\"><img loading=\"lazy\" decoding=\"async\" class=\"size-medium wp-image-9426 alignleft\" src=\"https:\/\/biblioteca.blanes.cat\/salajove\/wp-content\/uploads\/sites\/3\/2025\/02\/Patina02-225x300.jpg\" alt=\"\" width=\"225\" height=\"300\" srcset=\"https:\/\/biblioteca.blanes.cat\/salajove\/wp-content\/uploads\/sites\/3\/2025\/02\/Patina02-225x300.jpg 225w, https:\/\/biblioteca.blanes.cat\/salajove\/wp-content\/uploads\/sites\/3\/2025\/02\/Patina02-768x1024.jpg 768w, https:\/\/biblioteca.blanes.cat\/salajove\/wp-content\/uploads\/sites\/3\/2025\/02\/Patina02-1152x1536.jpg 1152w, https:\/\/biblioteca.blanes.cat\/salajove\/wp-content\/uploads\/sites\/3\/2025\/02\/Patina02-1536x2048.jpg 1536w, https:\/\/biblioteca.blanes.cat\/salajove\/wp-content\/uploads\/sites\/3\/2025\/02\/Patina02-scaled.jpg 1920w\" sizes=\"(max-width: 225px) 100vw, 225px\" \/><\/a><\/p>\n<p>\u00a0<\/p>\n<ul style=\"list-style-type: circle;\">\n<li>1a parada: Qu\u00e8 podem fer per ajudar la Patina a integrar-se al grup d\u2019amigues de l\u2019escola?<\/li>\n<li>2a parada: Com podem fer front a la r\u00e0bia i a l\u2019angoixa quan perdem o les coses no surten com voldr\u00edem?<\/li>\n<li>3a parada: Com podem ajudar un amic o amiga que ha perdut un familiar?<\/li>\n<li>4a parada: Les companyes de la Patina fan comentaris despectius cap a la parella de Frida Kahlo. Qu\u00e8 els dir\u00edeu en una situaci\u00f3 aix\u00ed?<\/li>\n<\/ul>\n<p>\u00a0<\/p>\n<p>\u00a0<\/p>\n<p>Despr\u00e9s d\u2019aquesta estona de ter\u00e0pia conjunta, vam hem jugat a l\u2019<span style=\"color: #00ccff;\"><strong>anella cooperativa<\/strong><\/span> per aprendre la <span style=\"color: #00ccff;\"><strong>import\u00e0ncia de treballar en equip<\/strong><\/span>. Quanta estona creieu que van necessitar els #emblanats per fer la volta sense trencar la rotllana? Ni m\u00e9s ni menys que 40 segons! Uns cracks!<\/p>\n<p><a href=\"https:\/\/biblioteca.blanes.cat\/salajove\/2025\/02\/17\/club-de-lectura-juvenil-emblanats-patina\/img_20250214_183528\/\" rel=\"attachment wp-att-9428\"><img loading=\"lazy\" decoding=\"async\" class=\"size-medium wp-image-9428 alignleft\" src=\"https:\/\/biblioteca.blanes.cat\/salajove\/wp-content\/uploads\/sites\/3\/2025\/02\/IMG_20250214_183528-225x300.jpg\" alt=\"\" width=\"225\" height=\"300\" srcset=\"https:\/\/biblioteca.blanes.cat\/salajove\/wp-content\/uploads\/sites\/3\/2025\/02\/IMG_20250214_183528-225x300.jpg 225w, https:\/\/biblioteca.blanes.cat\/salajove\/wp-content\/uploads\/sites\/3\/2025\/02\/IMG_20250214_183528-768x1024.jpg 768w, https:\/\/biblioteca.blanes.cat\/salajove\/wp-content\/uploads\/sites\/3\/2025\/02\/IMG_20250214_183528-1152x1536.jpg 1152w, https:\/\/biblioteca.blanes.cat\/salajove\/wp-content\/uploads\/sites\/3\/2025\/02\/IMG_20250214_183528-1536x2048.jpg 1536w, https:\/\/biblioteca.blanes.cat\/salajove\/wp-content\/uploads\/sites\/3\/2025\/02\/IMG_20250214_183528-scaled.jpg 1920w\" sizes=\"(max-width: 225px) 100vw, 225px\" \/><\/a><\/p>\n<p><a href=\"https:\/\/biblioteca.blanes.cat\/salajove\/2025\/02\/17\/club-de-lectura-juvenil-emblanats-patina\/1739814844856-1\/\" rel=\"attachment wp-att-9438\"><img loading=\"lazy\" decoding=\"async\" class=\"size-medium wp-image-9438 alignleft\" src=\"https:\/\/biblioteca.blanes.cat\/salajove\/wp-content\/uploads\/sites\/3\/2025\/02\/1739814844856-1-300x225.jpg\" alt=\"\" width=\"300\" height=\"225\" srcset=\"https:\/\/biblioteca.blanes.cat\/salajove\/wp-content\/uploads\/sites\/3\/2025\/02\/1739814844856-1-300x225.jpg 300w, https:\/\/biblioteca.blanes.cat\/salajove\/wp-content\/uploads\/sites\/3\/2025\/02\/1739814844856-1-1024x768.jpg 1024w, https:\/\/biblioteca.blanes.cat\/salajove\/wp-content\/uploads\/sites\/3\/2025\/02\/1739814844856-1-768x576.jpg 768w, https:\/\/biblioteca.blanes.cat\/salajove\/wp-content\/uploads\/sites\/3\/2025\/02\/1739814844856-1-1536x1152.jpg 1536w, https:\/\/biblioteca.blanes.cat\/salajove\/wp-content\/uploads\/sites\/3\/2025\/02\/1739814844856-1.jpg 2048w\" sizes=\"(max-width: 300px) 100vw, 300px\" \/><\/a><\/p>\n<p>\u00a0<\/p>\n<p>\u00a0<\/p>\n<p>\u00a0<\/p>\n<p>\u00a0<\/p>\n<p>\u00a0<\/p>\n<p>\u00a0<\/p>\n<p>\u00a0<\/p>\n<p>\u00a0<\/p>\n<p>\u00a0<\/p>\n<p>I final de la sessi\u00f3! Estem contents de l\u2019equip que estem formant i de les converses que ens surten. Ens veiem el mes que ve per celebrar el Dia de la Poesia com cal amb el poemari de <strong><span style=\"color: #808080;\">Montse Maestre i Delphine Labedan,<\/span> <a href=\"https:\/\/www.tripode.cat\/botiga\/poesia\/en-un-tancar-i-obrir-dulls\/\" target=\"_blank\" rel=\"noopener\"><span style=\"color: #ff9900;\"><em><span style=\"color: #ffff00;\"><span style=\"color: #808080;\">En un tancar i obrir d\u2019ulls<\/span><\/span><\/em><\/span><\/a><\/strong>. No hi falteu, que l\u2019autora ens vindr\u00e0 a veure!<\/p>\n\n\n","protected":false},"excerpt":{"rendered":"<p>Ja som a l\u2019equador del Club de Lectura Juvenil #emblanats! Cada sessi\u00f3 \u00e9s una nova experi\u00e8ncia, no nom\u00e9s lectora, tamb\u00e9 de coneixen\u00e7a, de jocs i de xerrades sobre temes molt interessants que ens presenta cada lectura. Divendres vam comentar Patina,<\/p>\n","protected":false},"author":4,"featured_media":9425,"comment_status":"open","ping_status":"open","sticky":false,"template":"","format":"standard","meta":{"sfsi_plus_gutenberg_text_before_share":"","sfsi_plus_gutenberg_show_text_before_share":"","sfsi_plus_gutenberg_icon_type":"","sfsi_plus_gutenberg_icon_alignemt":"","sfsi_plus_gutenburg_max_per_row":"","footnotes":""},"categories":[5],"tags":[24,97,29,98,52,26,19,21],"class_list":["post-9421","post","type-post","status-publish","format-standard","has-post-thumbnail","hentry","category-club-de-lectura","tag-activitats","tag-activitats-actualitat-joves","tag-club-de-lectura","tag-guia-lectura-literatura-llibres","tag-joves","tag-lectura","tag-literatura","tag-llibres"],"yoast_head":"<!-- This site is optimized with the Yoast SEO plugin v27.5 - https:\/\/yoast.com\/product\/yoast-seo-wordpress\/ -->\n<title>Club de Lectura Juvenil #emblanats: Patina - Sala Jove<\/title>\n<meta name=\"robots\" content=\"index, follow, max-snippet:-1, max-image-preview:large, max-video-preview:-1\" \/>\n<link rel=\"canonical\" href=\"https:\/\/biblioteca.blanes.cat\/salajove\/2025\/02\/17\/club-de-lectura-juvenil-emblanats-patina\/\" \/>\n<meta property=\"og:locale\" content=\"ca_ES\" \/>\n<meta property=\"og:type\" content=\"article\" \/>\n<meta property=\"og:title\" content=\"Club de Lectura Juvenil #emblanats: Patina - Sala Jove\" \/>\n<meta property=\"og:description\" content=\"Ja som a l\u2019equador del Club de Lectura Juvenil #emblanats! Cada sessi\u00f3 \u00e9s una nova experi\u00e8ncia, no nom\u00e9s lectora, tamb\u00e9 de coneixen\u00e7a, de jocs i de xerrades sobre temes molt interessants que ens presenta cada lectura. Divendres vam comentar Patina,\" \/>\n<meta property=\"og:url\" content=\"https:\/\/biblioteca.blanes.cat\/salajove\/2025\/02\/17\/club-de-lectura-juvenil-emblanats-patina\/\" \/>\n<meta property=\"og:site_name\" content=\"Sala Jove\" \/>\n<meta property=\"article:publisher\" content=\"https:\/\/www.facebook.com\/BilbiotecaComarcaldeBlanes\/\" \/>\n<meta property=\"article:published_time\" content=\"2025-02-17T19:40:52+00:00\" \/>\n<meta property=\"article:modified_time\" content=\"2025-09-03T17:21:12+00:00\" \/>\n<meta property=\"og:image\" content=\"https:\/\/biblioteca.blanes.cat\/salajove\/wp-content\/uploads\/sites\/3\/2025\/02\/Patina01-scaled.jpg\" \/>\n\t<meta property=\"og:image:width\" content=\"1920\" \/>\n\t<meta property=\"og:image:height\" content=\"2560\" \/>\n\t<meta property=\"og:image:type\" content=\"image\/jpeg\" \/>\n<meta name=\"author\" content=\"biblioblanes\" \/>\n<meta name=\"twitter:card\" content=\"summary_large_image\" \/>\n<meta name=\"twitter:creator\" content=\"@biblioblanes\" \/>\n<meta name=\"twitter:site\" content=\"@BiblioBlanes\" \/>\n<meta name=\"twitter:label1\" content=\"Escrit per\" \/>\n\t<meta name=\"twitter:data1\" content=\"biblioblanes\" \/>\n\t<meta name=\"twitter:label2\" content=\"Temps estimat de lectura\" \/>\n\t<meta name=\"twitter:data2\" content=\"5 minuts\" \/>\n<script type=\"application\/ld+json\" class=\"yoast-schema-graph\">{\"@context\":\"https:\\\/\\\/schema.org\",\"@graph\":[{\"@type\":\"Article\",\"@id\":\"https:\\\/\\\/biblioteca.blanes.cat\\\/salajove\\\/2025\\\/02\\\/17\\\/club-de-lectura-juvenil-emblanats-patina\\\/#article\",\"isPartOf\":{\"@id\":\"https:\\\/\\\/biblioteca.blanes.cat\\\/salajove\\\/2025\\\/02\\\/17\\\/club-de-lectura-juvenil-emblanats-patina\\\/\"},\"author\":{\"name\":\"biblioblanes\",\"@id\":\"https:\\\/\\\/biblioteca.blanes.cat\\\/salajove\\\/#\\\/schema\\\/person\\\/5a7b46760d9dd611d098bbf571a341dc\"},\"headline\":\"Club de Lectura Juvenil #emblanats: Patina\",\"datePublished\":\"2025-02-17T19:40:52+00:00\",\"dateModified\":\"2025-09-03T17:21:12+00:00\",\"mainEntityOfPage\":{\"@id\":\"https:\\\/\\\/biblioteca.blanes.cat\\\/salajove\\\/2025\\\/02\\\/17\\\/club-de-lectura-juvenil-emblanats-patina\\\/\"},\"wordCount\":638,\"commentCount\":0,\"publisher\":{\"@id\":\"https:\\\/\\\/biblioteca.blanes.cat\\\/salajove\\\/#organization\"},\"image\":{\"@id\":\"https:\\\/\\\/biblioteca.blanes.cat\\\/salajove\\\/2025\\\/02\\\/17\\\/club-de-lectura-juvenil-emblanats-patina\\\/#primaryimage\"},\"thumbnailUrl\":\"https:\\\/\\\/biblioteca.blanes.cat\\\/salajove\\\/wp-content\\\/uploads\\\/sites\\\/3\\\/2025\\\/02\\\/Patina01-scaled.jpg\",\"keywords\":[\"#Activitats\",\"#Activitats #Actualitat #Joves\",\"#ClubdeLectura\",\"#Guia #Lectura #Literatura #Llibres\",\"#Joves\",\"#Lectura\",\"#Literatura\",\"#Llibres\"],\"articleSection\":[\"Club de Lectura\"],\"inLanguage\":\"ca\",\"potentialAction\":[{\"@type\":\"CommentAction\",\"name\":\"Comment\",\"target\":[\"https:\\\/\\\/biblioteca.blanes.cat\\\/salajove\\\/2025\\\/02\\\/17\\\/club-de-lectura-juvenil-emblanats-patina\\\/#respond\"]}]},{\"@type\":\"WebPage\",\"@id\":\"https:\\\/\\\/biblioteca.blanes.cat\\\/salajove\\\/2025\\\/02\\\/17\\\/club-de-lectura-juvenil-emblanats-patina\\\/\",\"url\":\"https:\\\/\\\/biblioteca.blanes.cat\\\/salajove\\\/2025\\\/02\\\/17\\\/club-de-lectura-juvenil-emblanats-patina\\\/\",\"name\":\"Club de Lectura Juvenil #emblanats: Patina - Sala Jove\",\"isPartOf\":{\"@id\":\"https:\\\/\\\/biblioteca.blanes.cat\\\/salajove\\\/#website\"},\"primaryImageOfPage\":{\"@id\":\"https:\\\/\\\/biblioteca.blanes.cat\\\/salajove\\\/2025\\\/02\\\/17\\\/club-de-lectura-juvenil-emblanats-patina\\\/#primaryimage\"},\"image\":{\"@id\":\"https:\\\/\\\/biblioteca.blanes.cat\\\/salajove\\\/2025\\\/02\\\/17\\\/club-de-lectura-juvenil-emblanats-patina\\\/#primaryimage\"},\"thumbnailUrl\":\"https:\\\/\\\/biblioteca.blanes.cat\\\/salajove\\\/wp-content\\\/uploads\\\/sites\\\/3\\\/2025\\\/02\\\/Patina01-scaled.jpg\",\"datePublished\":\"2025-02-17T19:40:52+00:00\",\"dateModified\":\"2025-09-03T17:21:12+00:00\",\"breadcrumb\":{\"@id\":\"https:\\\/\\\/biblioteca.blanes.cat\\\/salajove\\\/2025\\\/02\\\/17\\\/club-de-lectura-juvenil-emblanats-patina\\\/#breadcrumb\"},\"inLanguage\":\"ca\",\"potentialAction\":[{\"@type\":\"ReadAction\",\"target\":[\"https:\\\/\\\/biblioteca.blanes.cat\\\/salajove\\\/2025\\\/02\\\/17\\\/club-de-lectura-juvenil-emblanats-patina\\\/\"]}]},{\"@type\":\"ImageObject\",\"inLanguage\":\"ca\",\"@id\":\"https:\\\/\\\/biblioteca.blanes.cat\\\/salajove\\\/2025\\\/02\\\/17\\\/club-de-lectura-juvenil-emblanats-patina\\\/#primaryimage\",\"url\":\"https:\\\/\\\/biblioteca.blanes.cat\\\/salajove\\\/wp-content\\\/uploads\\\/sites\\\/3\\\/2025\\\/02\\\/Patina01-scaled.jpg\",\"contentUrl\":\"https:\\\/\\\/biblioteca.blanes.cat\\\/salajove\\\/wp-content\\\/uploads\\\/sites\\\/3\\\/2025\\\/02\\\/Patina01-scaled.jpg\",\"width\":1920,\"height\":2560},{\"@type\":\"BreadcrumbList\",\"@id\":\"https:\\\/\\\/biblioteca.blanes.cat\\\/salajove\\\/2025\\\/02\\\/17\\\/club-de-lectura-juvenil-emblanats-patina\\\/#breadcrumb\",\"itemListElement\":[{\"@type\":\"ListItem\",\"position\":1,\"name\":\"Inici\",\"item\":\"https:\\\/\\\/biblioteca.blanes.cat\\\/salajove\\\/\"},{\"@type\":\"ListItem\",\"position\":2,\"name\":\"Club de Lectura Juvenil #emblanats: Patina\"}]},{\"@type\":\"WebSite\",\"@id\":\"https:\\\/\\\/biblioteca.blanes.cat\\\/salajove\\\/#website\",\"url\":\"https:\\\/\\\/biblioteca.blanes.cat\\\/salajove\\\/\",\"name\":\"Sala Jove\",\"description\":\"Biblioteca Comarcal de Blanes\",\"publisher\":{\"@id\":\"https:\\\/\\\/biblioteca.blanes.cat\\\/salajove\\\/#organization\"},\"potentialAction\":[{\"@type\":\"SearchAction\",\"target\":{\"@type\":\"EntryPoint\",\"urlTemplate\":\"https:\\\/\\\/biblioteca.blanes.cat\\\/salajove\\\/?s={search_term_string}\"},\"query-input\":{\"@type\":\"PropertyValueSpecification\",\"valueRequired\":true,\"valueName\":\"search_term_string\"}}],\"inLanguage\":\"ca\"},{\"@type\":\"Organization\",\"@id\":\"https:\\\/\\\/biblioteca.blanes.cat\\\/salajove\\\/#organization\",\"name\":\"Biblioteca Comarcal de Blanes\",\"url\":\"https:\\\/\\\/biblioteca.blanes.cat\\\/salajove\\\/\",\"logo\":{\"@type\":\"ImageObject\",\"inLanguage\":\"ca\",\"@id\":\"https:\\\/\\\/biblioteca.blanes.cat\\\/salajove\\\/#\\\/schema\\\/logo\\\/image\\\/\",\"url\":\"https:\\\/\\\/biblioteca.blanes.cat\\\/salajove\\\/wp-content\\\/uploads\\\/sites\\\/3\\\/2017\\\/09\\\/cropped-Bib-blau-e1518869380535.png\",\"contentUrl\":\"https:\\\/\\\/biblioteca.blanes.cat\\\/salajove\\\/wp-content\\\/uploads\\\/sites\\\/3\\\/2017\\\/09\\\/cropped-Bib-blau-e1518869380535.png\",\"width\":166,\"height\":166,\"caption\":\"Biblioteca Comarcal de Blanes\"},\"image\":{\"@id\":\"https:\\\/\\\/biblioteca.blanes.cat\\\/salajove\\\/#\\\/schema\\\/logo\\\/image\\\/\"},\"sameAs\":[\"https:\\\/\\\/www.facebook.com\\\/BilbiotecaComarcaldeBlanes\\\/\",\"https:\\\/\\\/x.com\\\/BiblioBlanes\",\"https:\\\/\\\/www.instagram.com\\\/biblioblanes\\\/\",\"https:\\\/\\\/www.pinterest.es\\\/bblanes\\\/\",\"https:\\\/\\\/www.youtube.com\\\/c\\\/BibliotecaComarcalBlanes\"]},{\"@type\":\"Person\",\"@id\":\"https:\\\/\\\/biblioteca.blanes.cat\\\/salajove\\\/#\\\/schema\\\/person\\\/5a7b46760d9dd611d098bbf571a341dc\",\"name\":\"biblioblanes\",\"image\":{\"@type\":\"ImageObject\",\"inLanguage\":\"ca\",\"@id\":\"https:\\\/\\\/secure.gravatar.com\\\/avatar\\\/6593ca6cc90e5a70939f51c95e8315483b9c281bafba597292bee47992030f99?s=96&d=mm&r=g\",\"url\":\"https:\\\/\\\/secure.gravatar.com\\\/avatar\\\/6593ca6cc90e5a70939f51c95e8315483b9c281bafba597292bee47992030f99?s=96&d=mm&r=g\",\"contentUrl\":\"https:\\\/\\\/secure.gravatar.com\\\/avatar\\\/6593ca6cc90e5a70939f51c95e8315483b9c281bafba597292bee47992030f99?s=96&d=mm&r=g\",\"caption\":\"biblioblanes\"},\"sameAs\":[\"http:\\\/\\\/www.bibgirona.cat\\\/biblioteca\\\/blanes\",\"https:\\\/\\\/x.com\\\/biblioblanes\"],\"url\":\"https:\\\/\\\/biblioteca.blanes.cat\\\/salajove\\\/author\\\/biblioblanes\\\/\"}]}<\/script>\n<!-- \/ Yoast SEO plugin. -->","yoast_head_json":{"title":"Club de Lectura Juvenil #emblanats: Patina - Sala Jove","robots":{"index":"index","follow":"follow","max-snippet":"max-snippet:-1","max-image-preview":"max-image-preview:large","max-video-preview":"max-video-preview:-1"},"canonical":"https:\/\/biblioteca.blanes.cat\/salajove\/2025\/02\/17\/club-de-lectura-juvenil-emblanats-patina\/","og_locale":"ca_ES","og_type":"article","og_title":"Club de Lectura Juvenil #emblanats: Patina - Sala Jove","og_description":"Ja som a l\u2019equador del Club de Lectura Juvenil #emblanats! Cada sessi\u00f3 \u00e9s una nova experi\u00e8ncia, no nom\u00e9s lectora, tamb\u00e9 de coneixen\u00e7a, de jocs i de xerrades sobre temes molt interessants que ens presenta cada lectura. Divendres vam comentar Patina,","og_url":"https:\/\/biblioteca.blanes.cat\/salajove\/2025\/02\/17\/club-de-lectura-juvenil-emblanats-patina\/","og_site_name":"Sala Jove","article_publisher":"https:\/\/www.facebook.com\/BilbiotecaComarcaldeBlanes\/","article_published_time":"2025-02-17T19:40:52+00:00","article_modified_time":"2025-09-03T17:21:12+00:00","og_image":[{"width":1920,"height":2560,"url":"https:\/\/biblioteca.blanes.cat\/salajove\/wp-content\/uploads\/sites\/3\/2025\/02\/Patina01-scaled.jpg","type":"image\/jpeg"}],"author":"biblioblanes","twitter_card":"summary_large_image","twitter_creator":"@biblioblanes","twitter_site":"@BiblioBlanes","twitter_misc":{"Escrit per":"biblioblanes","Temps estimat de lectura":"5 minuts"},"schema":{"@context":"https:\/\/schema.org","@graph":[{"@type":"Article","@id":"https:\/\/biblioteca.blanes.cat\/salajove\/2025\/02\/17\/club-de-lectura-juvenil-emblanats-patina\/#article","isPartOf":{"@id":"https:\/\/biblioteca.blanes.cat\/salajove\/2025\/02\/17\/club-de-lectura-juvenil-emblanats-patina\/"},"author":{"name":"biblioblanes","@id":"https:\/\/biblioteca.blanes.cat\/salajove\/#\/schema\/person\/5a7b46760d9dd611d098bbf571a341dc"},"headline":"Club de Lectura Juvenil #emblanats: Patina","datePublished":"2025-02-17T19:40:52+00:00","dateModified":"2025-09-03T17:21:12+00:00","mainEntityOfPage":{"@id":"https:\/\/biblioteca.blanes.cat\/salajove\/2025\/02\/17\/club-de-lectura-juvenil-emblanats-patina\/"},"wordCount":638,"commentCount":0,"publisher":{"@id":"https:\/\/biblioteca.blanes.cat\/salajove\/#organization"},"image":{"@id":"https:\/\/biblioteca.blanes.cat\/salajove\/2025\/02\/17\/club-de-lectura-juvenil-emblanats-patina\/#primaryimage"},"thumbnailUrl":"https:\/\/biblioteca.blanes.cat\/salajove\/wp-content\/uploads\/sites\/3\/2025\/02\/Patina01-scaled.jpg","keywords":["#Activitats","#Activitats #Actualitat #Joves","#ClubdeLectura","#Guia #Lectura #Literatura #Llibres","#Joves","#Lectura","#Literatura","#Llibres"],"articleSection":["Club de Lectura"],"inLanguage":"ca","potentialAction":[{"@type":"CommentAction","name":"Comment","target":["https:\/\/biblioteca.blanes.cat\/salajove\/2025\/02\/17\/club-de-lectura-juvenil-emblanats-patina\/#respond"]}]},{"@type":"WebPage","@id":"https:\/\/biblioteca.blanes.cat\/salajove\/2025\/02\/17\/club-de-lectura-juvenil-emblanats-patina\/","url":"https:\/\/biblioteca.blanes.cat\/salajove\/2025\/02\/17\/club-de-lectura-juvenil-emblanats-patina\/","name":"Club de Lectura Juvenil #emblanats: Patina - Sala Jove","isPartOf":{"@id":"https:\/\/biblioteca.blanes.cat\/salajove\/#website"},"primaryImageOfPage":{"@id":"https:\/\/biblioteca.blanes.cat\/salajove\/2025\/02\/17\/club-de-lectura-juvenil-emblanats-patina\/#primaryimage"},"image":{"@id":"https:\/\/biblioteca.blanes.cat\/salajove\/2025\/02\/17\/club-de-lectura-juvenil-emblanats-patina\/#primaryimage"},"thumbnailUrl":"https:\/\/biblioteca.blanes.cat\/salajove\/wp-content\/uploads\/sites\/3\/2025\/02\/Patina01-scaled.jpg","datePublished":"2025-02-17T19:40:52+00:00","dateModified":"2025-09-03T17:21:12+00:00","breadcrumb":{"@id":"https:\/\/biblioteca.blanes.cat\/salajove\/2025\/02\/17\/club-de-lectura-juvenil-emblanats-patina\/#breadcrumb"},"inLanguage":"ca","potentialAction":[{"@type":"ReadAction","target":["https:\/\/biblioteca.blanes.cat\/salajove\/2025\/02\/17\/club-de-lectura-juvenil-emblanats-patina\/"]}]},{"@type":"ImageObject","inLanguage":"ca","@id":"https:\/\/biblioteca.blanes.cat\/salajove\/2025\/02\/17\/club-de-lectura-juvenil-emblanats-patina\/#primaryimage","url":"https:\/\/biblioteca.blanes.cat\/salajove\/wp-content\/uploads\/sites\/3\/2025\/02\/Patina01-scaled.jpg","contentUrl":"https:\/\/biblioteca.blanes.cat\/salajove\/wp-content\/uploads\/sites\/3\/2025\/02\/Patina01-scaled.jpg","width":1920,"height":2560},{"@type":"BreadcrumbList","@id":"https:\/\/biblioteca.blanes.cat\/salajove\/2025\/02\/17\/club-de-lectura-juvenil-emblanats-patina\/#breadcrumb","itemListElement":[{"@type":"ListItem","position":1,"name":"Inici","item":"https:\/\/biblioteca.blanes.cat\/salajove\/"},{"@type":"ListItem","position":2,"name":"Club de Lectura Juvenil #emblanats: Patina"}]},{"@type":"WebSite","@id":"https:\/\/biblioteca.blanes.cat\/salajove\/#website","url":"https:\/\/biblioteca.blanes.cat\/salajove\/","name":"Sala Jove","description":"Biblioteca Comarcal de Blanes","publisher":{"@id":"https:\/\/biblioteca.blanes.cat\/salajove\/#organization"},"potentialAction":[{"@type":"SearchAction","target":{"@type":"EntryPoint","urlTemplate":"https:\/\/biblioteca.blanes.cat\/salajove\/?s={search_term_string}"},"query-input":{"@type":"PropertyValueSpecification","valueRequired":true,"valueName":"search_term_string"}}],"inLanguage":"ca"},{"@type":"Organization","@id":"https:\/\/biblioteca.blanes.cat\/salajove\/#organization","name":"Biblioteca Comarcal de Blanes","url":"https:\/\/biblioteca.blanes.cat\/salajove\/","logo":{"@type":"ImageObject","inLanguage":"ca","@id":"https:\/\/biblioteca.blanes.cat\/salajove\/#\/schema\/logo\/image\/","url":"https:\/\/biblioteca.blanes.cat\/salajove\/wp-content\/uploads\/sites\/3\/2017\/09\/cropped-Bib-blau-e1518869380535.png","contentUrl":"https:\/\/biblioteca.blanes.cat\/salajove\/wp-content\/uploads\/sites\/3\/2017\/09\/cropped-Bib-blau-e1518869380535.png","width":166,"height":166,"caption":"Biblioteca Comarcal de Blanes"},"image":{"@id":"https:\/\/biblioteca.blanes.cat\/salajove\/#\/schema\/logo\/image\/"},"sameAs":["https:\/\/www.facebook.com\/BilbiotecaComarcaldeBlanes\/","https:\/\/x.com\/BiblioBlanes","https:\/\/www.instagram.com\/biblioblanes\/","https:\/\/www.pinterest.es\/bblanes\/","https:\/\/www.youtube.com\/c\/BibliotecaComarcalBlanes"]},{"@type":"Person","@id":"https:\/\/biblioteca.blanes.cat\/salajove\/#\/schema\/person\/5a7b46760d9dd611d098bbf571a341dc","name":"biblioblanes","image":{"@type":"ImageObject","inLanguage":"ca","@id":"https:\/\/secure.gravatar.com\/avatar\/6593ca6cc90e5a70939f51c95e8315483b9c281bafba597292bee47992030f99?s=96&d=mm&r=g","url":"https:\/\/secure.gravatar.com\/avatar\/6593ca6cc90e5a70939f51c95e8315483b9c281bafba597292bee47992030f99?s=96&d=mm&r=g","contentUrl":"https:\/\/secure.gravatar.com\/avatar\/6593ca6cc90e5a70939f51c95e8315483b9c281bafba597292bee47992030f99?s=96&d=mm&r=g","caption":"biblioblanes"},"sameAs":["http:\/\/www.bibgirona.cat\/biblioteca\/blanes","https:\/\/x.com\/biblioblanes"],"url":"https:\/\/biblioteca.blanes.cat\/salajove\/author\/biblioblanes\/"}]}},"_links":{"self":[{"href":"https:\/\/biblioteca.blanes.cat\/salajove\/wp-json\/wp\/v2\/posts\/9421","targetHints":{"allow":["GET"]}}],"collection":[{"href":"https:\/\/biblioteca.blanes.cat\/salajove\/wp-json\/wp\/v2\/posts"}],"about":[{"href":"https:\/\/biblioteca.blanes.cat\/salajove\/wp-json\/wp\/v2\/types\/post"}],"author":[{"embeddable":true,"href":"https:\/\/biblioteca.blanes.cat\/salajove\/wp-json\/wp\/v2\/users\/4"}],"replies":[{"embeddable":true,"href":"https:\/\/biblioteca.blanes.cat\/salajove\/wp-json\/wp\/v2\/comments?post=9421"}],"version-history":[{"count":33,"href":"https:\/\/biblioteca.blanes.cat\/salajove\/wp-json\/wp\/v2\/posts\/9421\/revisions"}],"predecessor-version":[{"id":9465,"href":"https:\/\/biblioteca.blanes.cat\/salajove\/wp-json\/wp\/v2\/posts\/9421\/revisions\/9465"}],"wp:featuredmedia":[{"embeddable":true,"href":"https:\/\/biblioteca.blanes.cat\/salajove\/wp-json\/wp\/v2\/media\/9425"}],"wp:attachment":[{"href":"https:\/\/biblioteca.blanes.cat\/salajove\/wp-json\/wp\/v2\/media?parent=9421"}],"wp:term":[{"taxonomy":"category","embeddable":true,"href":"https:\/\/biblioteca.blanes.cat\/salajove\/wp-json\/wp\/v2\/categories?post=9421"},{"taxonomy":"post_tag","embeddable":true,"href":"https:\/\/biblioteca.blanes.cat\/salajove\/wp-json\/wp\/v2\/tags?post=9421"}],"curies":[{"name":"wp","href":"https:\/\/api.w.org\/{rel}","templated":true}]}}