{"id":9391,"date":"2025-01-30T09:19:11","date_gmt":"2025-01-30T08:19:11","guid":{"rendered":"https:\/\/biblioteca.blanes.cat\/salajove\/?p=9391"},"modified":"2025-01-30T15:31:53","modified_gmt":"2025-01-30T14:31:53","slug":"eiichiro-oda-50-anys","status":"publish","type":"post","link":"https:\/\/biblioteca.blanes.cat\/salajove\/2025\/01\/30\/eiichiro-oda-50-anys\/","title":{"rendered":"Eiichir\u014d Oda, 50 anys!"},"content":{"rendered":"\n<p>Aquest any, <strong>Eiichir\u014d Oda<\/strong>\u00a0compleix <strong>cinquanta anys<\/strong>. Per celebrar-ho l\u2019homenatgem a la Sala Jove de la Biblioteca amb una mostra d\u2019alguns dels llibres de <em>One Piece<\/em> que ha publicat fins a dia d\u2019avui i que tenim al nostre fons.<\/p>\n<p><a href=\"https:\/\/biblioteca.blanes.cat\/salajove\/2025\/01\/30\/eiichiro-oda-50-anys\/aparador-one-piece-1\/\" rel=\"attachment wp-att-9397\"><img fetchpriority=\"high\" decoding=\"async\" class=\"wp-image-9397 alignleft\" src=\"https:\/\/biblioteca.blanes.cat\/salajove\/wp-content\/uploads\/sites\/3\/2025\/01\/aparador-one-piece-1-225x300.jpg\" alt=\"\" width=\"300\" height=\"400\" srcset=\"https:\/\/biblioteca.blanes.cat\/salajove\/wp-content\/uploads\/sites\/3\/2025\/01\/aparador-one-piece-1-225x300.jpg 225w, https:\/\/biblioteca.blanes.cat\/salajove\/wp-content\/uploads\/sites\/3\/2025\/01\/aparador-one-piece-1-768x1024.jpg 768w, https:\/\/biblioteca.blanes.cat\/salajove\/wp-content\/uploads\/sites\/3\/2025\/01\/aparador-one-piece-1-1152x1536.jpg 1152w, https:\/\/biblioteca.blanes.cat\/salajove\/wp-content\/uploads\/sites\/3\/2025\/01\/aparador-one-piece-1-1536x2048.jpg 1536w, https:\/\/biblioteca.blanes.cat\/salajove\/wp-content\/uploads\/sites\/3\/2025\/01\/aparador-one-piece-1-scaled.jpg 1920w\" sizes=\"(max-width: 300px) 100vw, 300px\" \/><\/a><\/p>\n<p><a href=\"https:\/\/biblioteca.blanes.cat\/salajove\/2025\/01\/30\/eiichiro-oda-50-anys\/1738247318125-1\/\" rel=\"attachment wp-att-9400\"><img decoding=\"async\" class=\"wp-image-9400 alignleft\" src=\"https:\/\/biblioteca.blanes.cat\/salajove\/wp-content\/uploads\/sites\/3\/2025\/01\/1738247318125-1-225x300.jpg\" alt=\"\" width=\"301\" height=\"401\" srcset=\"https:\/\/biblioteca.blanes.cat\/salajove\/wp-content\/uploads\/sites\/3\/2025\/01\/1738247318125-1-225x300.jpg 225w, https:\/\/biblioteca.blanes.cat\/salajove\/wp-content\/uploads\/sites\/3\/2025\/01\/1738247318125-1-768x1024.jpg 768w, https:\/\/biblioteca.blanes.cat\/salajove\/wp-content\/uploads\/sites\/3\/2025\/01\/1738247318125-1-1152x1536.jpg 1152w, https:\/\/biblioteca.blanes.cat\/salajove\/wp-content\/uploads\/sites\/3\/2025\/01\/1738247318125-1-1536x2048.jpg 1536w, https:\/\/biblioteca.blanes.cat\/salajove\/wp-content\/uploads\/sites\/3\/2025\/01\/1738247318125-1-scaled.jpg 1920w\" sizes=\"(max-width: 301px) 100vw, 301px\" \/><\/a><\/p>\n<p>\u00a0<\/p>\n<p>\u00a0<\/p>\n<p>\u00a0<\/p>\n<p>\u00a0<\/p>\n<p>\u00a0<\/p>\n<p>\u00a0<\/p>\n<p>\u00a0<\/p>\n<p>\u00a0<\/p>\n<p>\u00a0<\/p>\n<p>\u00a0<\/p>\n<p>\u00a0<\/p>\n<p>Eiichir\u014d Oda va n\u00e9ixer l\u20191 de gener de 1975 a Kumamoto, una ciutat del sud de Jap\u00f3. \u00c9s dibuixant de manga i escriptor i un dels autors de ficci\u00f3 m\u00e9s venuts mundialment. Gr\u00e0cies a <strong><em>ONE PIECE<\/em><\/strong>, la seva creaci\u00f3 m\u00e9s popular, Oda es considera un dels<strong> mangakes<\/strong> que van canviar la hist\u00f2ria del manga.<\/p>\n<p><em>One Piece<\/em> no \u00e9s nom\u00e9s una s\u00e8rie d\u2019aventures i viatges sobre pirates. \u00c9s una hist\u00f2ria amb moments intensos de riure, plorar i passar-ho b\u00e9 que explora les relacions humanes, la llibertat, l\u2019amistat i com fer realitat els nostres somnis.<\/p>\n<p><a href=\"https:\/\/biblioteca.blanes.cat\/salajove\/2025\/01\/30\/eiichiro-oda-50-anys\/one-piece\/\" rel=\"attachment wp-att-9392\"><img decoding=\"async\" class=\"aligncenter  wp-image-9392\" src=\"https:\/\/biblioteca.blanes.cat\/salajove\/wp-content\/uploads\/sites\/3\/2025\/01\/One-Piece--300x169.jpg\" alt=\"\" width=\"492\" height=\"277\" srcset=\"https:\/\/biblioteca.blanes.cat\/salajove\/wp-content\/uploads\/sites\/3\/2025\/01\/One-Piece--300x169.jpg 300w, https:\/\/biblioteca.blanes.cat\/salajove\/wp-content\/uploads\/sites\/3\/2025\/01\/One-Piece--1024x576.jpg 1024w, https:\/\/biblioteca.blanes.cat\/salajove\/wp-content\/uploads\/sites\/3\/2025\/01\/One-Piece--768x432.jpg 768w, https:\/\/biblioteca.blanes.cat\/salajove\/wp-content\/uploads\/sites\/3\/2025\/01\/One-Piece--1536x864.jpg 1536w, https:\/\/biblioteca.blanes.cat\/salajove\/wp-content\/uploads\/sites\/3\/2025\/01\/One-Piece--2048x1152.jpg 2048w\" sizes=\"(max-width: 492px) 100vw, 492px\" \/><\/a><\/p>\n<p><strong>Coses que no sabies (o potser s\u00ed) sobre <em>One Piece<\/em>:<\/strong><\/p>\n<ul style=\"list-style-type: disc;\">\n<li>\u00c9s la s\u00e8rie m\u00e9s longeva de la hist\u00f2ria. Tot i que estava previst que nom\u00e9s dur\u00e9s cinc anys, a dia d&#8217;avui es continua publicant. Aquesta s\u00e8rie manga primer es va comen\u00e7ar a publicar a la revista <em>Shonen Jump<\/em> a finals del 1997. Toei Animation en va fer la versi\u00f3 anime i es va estrenar a la televisi\u00f3 del Jap\u00f3 l\u2019octubre de 1999.<\/li>\n<li>A Catalunya la s\u00e8rie es va estrenar al K3 el 2 de mar\u00e7 de 2006 i posteriorment al 3XL i al SX3.<\/li>\n<li>En Luffy, el personatge principal, no sap nedar. \u00c9s curi\u00f3s tenint en compte que es tracta d\u2019una aventura marina, oi?<\/li>\n<li>El nom de Luffy prov\u00e9 de l\u2019angl\u00e8s, <em>luffy<\/em>, que fa refer\u00e8ncia a alguna cosa suau, estovada o flexible (en algunes versions, <em>luff<\/em> s\u2019associa a una vela suau que permet a un vaixell avan\u00e7ar en el vent). De fet, en Luffy, que \u00e9s flexible, adaptable i capa\u00e7 de superar qualsevol obstacle amb la seva gran voluntat i determinaci\u00f3.<\/li>\n<li><em>One Piece<\/em> \u00e9s una s\u00e8rie de pirates per\u00f2 cap personatge porta el pegat a l\u2019ull tan caracter\u00edstic dels pirates.<\/li>\n<li>Inicialment, el personatge de la Nami estava pensada amb una altra est\u00e8tica, havia de ser una mena de c\u00edborg amb una destral gegant com a arma.<\/li>\n<li>Eiichir\u014d Oda s\u2019inspira en celebritats o personatges reals per crear els de <em>One Piece<\/em>. Enel, l\u2019enemic de la s\u00e8rie, est\u00e0 inspirat en Eminem, i el pirata Gol D. Roger, en el pirata brit\u00e0nic\u00a0John Jack Rackham.<\/li>\n<li>Sanji, el cuiner del Mugiwara, s\u2019havia de dir Naruto, per\u00f2 va coincidir amb l\u2019\u00e8xit del manga <em>Naruto <\/em>i per aix\u00f2 l\u2019autor li va canviar el nom.<\/li>\n<li>Shanks \u00e9s el personatge que m\u00e9s s\u2019assembla a Eiichir\u014d Oda pel que fa a la personalitat.<\/li>\n<li><em>One Piece<\/em> s\u2019ha em\u00e8s a m\u00e9s de trenta pa\u00efsos i s\u2019ha tradu\u00eft a m\u00e9s de trenta idiomes.<\/li>\n<li>La import\u00e0ncia del somriure: Oda considera el somriure com una de les caracter\u00edstiques m\u00e9s rellevants dels personatges. Li agrada que siguin entranyables i la gent hi connecti emocionalment.<\/li>\n<li>Bola de Drac \u00e9s una de les principals fonts d\u2019inspiraci\u00f3 d\u2019Oda per crear <em>One Piece<\/em>, per aix\u00f2 no \u00e9s d\u2019estranyar que en un dels crossovers hi aparegui en Goku.<\/li>\n<\/ul>\n<p>Esperem que gaudiu d&#8217;aquest rac\u00f3 Oda\/One Piece que us hem preparat!\u00a0<\/p>\n<p><a href=\"https:\/\/biblioteca.blanes.cat\/salajove\/2025\/01\/30\/eiichiro-oda-50-anys\/aparador-op-comprimir-2\/\" rel=\"attachment wp-att-9401\"><img loading=\"lazy\" decoding=\"async\" class=\"aligncenter  wp-image-9401\" src=\"https:\/\/biblioteca.blanes.cat\/salajove\/wp-content\/uploads\/sites\/3\/2025\/01\/aparador-OP-comprimir-2-225x300.jpg\" alt=\"\" width=\"339\" height=\"452\" srcset=\"https:\/\/biblioteca.blanes.cat\/salajove\/wp-content\/uploads\/sites\/3\/2025\/01\/aparador-OP-comprimir-2-225x300.jpg 225w, https:\/\/biblioteca.blanes.cat\/salajove\/wp-content\/uploads\/sites\/3\/2025\/01\/aparador-OP-comprimir-2-768x1024.jpg 768w, https:\/\/biblioteca.blanes.cat\/salajove\/wp-content\/uploads\/sites\/3\/2025\/01\/aparador-OP-comprimir-2-1152x1536.jpg 1152w, https:\/\/biblioteca.blanes.cat\/salajove\/wp-content\/uploads\/sites\/3\/2025\/01\/aparador-OP-comprimir-2-1536x2048.jpg 1536w, https:\/\/biblioteca.blanes.cat\/salajove\/wp-content\/uploads\/sites\/3\/2025\/01\/aparador-OP-comprimir-2-scaled.jpg 1920w\" sizes=\"(max-width: 339px) 100vw, 339px\" \/><\/a><\/p>\n","protected":false},"excerpt":{"rendered":"<p>Aquest any, Eiichir\u014d Oda\u00a0compleix cinquanta anys. Per celebrar-ho l\u2019homenatgem a la Sala Jove de la Biblioteca amb una mostra d\u2019alguns dels llibres de One Piece que ha publicat fins a dia d\u2019avui i que tenim al nostre fons. \u00a0 \u00a0<\/p>\n","protected":false},"author":4,"featured_media":9392,"comment_status":"open","ping_status":"open","sticky":false,"template":"","format":"standard","meta":{"sfsi_plus_gutenberg_text_before_share":"","sfsi_plus_gutenberg_show_text_before_share":"","sfsi_plus_gutenberg_icon_type":"","sfsi_plus_gutenberg_icon_alignemt":"","sfsi_plus_gutenburg_max_per_row":"","footnotes":""},"categories":[1],"tags":[],"class_list":["post-9391","post","type-post","status-publish","format-standard","has-post-thumbnail","hentry","category-general"],"yoast_head":"<!-- This site is optimized with the Yoast SEO plugin v27.5 - https:\/\/yoast.com\/product\/yoast-seo-wordpress\/ -->\n<title>Eiichir\u014d Oda, 50 anys! - Sala Jove<\/title>\n<meta name=\"robots\" content=\"index, follow, max-snippet:-1, max-image-preview:large, max-video-preview:-1\" \/>\n<link rel=\"canonical\" href=\"https:\/\/biblioteca.blanes.cat\/salajove\/2025\/01\/30\/eiichiro-oda-50-anys\/\" \/>\n<meta property=\"og:locale\" content=\"ca_ES\" \/>\n<meta property=\"og:type\" content=\"article\" \/>\n<meta property=\"og:title\" content=\"Eiichir\u014d Oda, 50 anys! - Sala Jove\" \/>\n<meta property=\"og:description\" content=\"Aquest any, Eiichir\u014d Oda\u00a0compleix cinquanta anys. Per celebrar-ho l\u2019homenatgem a la Sala Jove de la Biblioteca amb una mostra d\u2019alguns dels llibres de One Piece que ha publicat fins a dia d\u2019avui i que tenim al nostre fons. \u00a0 \u00a0\" \/>\n<meta property=\"og:url\" content=\"https:\/\/biblioteca.blanes.cat\/salajove\/2025\/01\/30\/eiichiro-oda-50-anys\/\" \/>\n<meta property=\"og:site_name\" content=\"Sala Jove\" \/>\n<meta property=\"article:publisher\" content=\"https:\/\/www.facebook.com\/BilbiotecaComarcaldeBlanes\/\" \/>\n<meta property=\"article:published_time\" content=\"2025-01-30T08:19:11+00:00\" \/>\n<meta property=\"article:modified_time\" content=\"2025-01-30T14:31:53+00:00\" \/>\n<meta property=\"og:image\" content=\"https:\/\/biblioteca.blanes.cat\/salajove\/wp-content\/uploads\/sites\/3\/2025\/01\/One-Piece-.jpg\" \/>\n\t<meta property=\"og:image:width\" content=\"2560\" \/>\n\t<meta property=\"og:image:height\" content=\"1440\" \/>\n\t<meta property=\"og:image:type\" content=\"image\/jpeg\" \/>\n<meta name=\"author\" content=\"biblioblanes\" \/>\n<meta name=\"twitter:card\" content=\"summary_large_image\" \/>\n<meta name=\"twitter:creator\" content=\"@biblioblanes\" \/>\n<meta name=\"twitter:site\" content=\"@BiblioBlanes\" \/>\n<meta name=\"twitter:label1\" content=\"Escrit per\" \/>\n\t<meta name=\"twitter:data1\" content=\"biblioblanes\" \/>\n\t<meta name=\"twitter:label2\" content=\"Temps estimat de lectura\" \/>\n\t<meta name=\"twitter:data2\" content=\"4 minuts\" \/>\n<script type=\"application\/ld+json\" class=\"yoast-schema-graph\">{\"@context\":\"https:\\\/\\\/schema.org\",\"@graph\":[{\"@type\":\"Article\",\"@id\":\"https:\\\/\\\/biblioteca.blanes.cat\\\/salajove\\\/2025\\\/01\\\/30\\\/eiichiro-oda-50-anys\\\/#article\",\"isPartOf\":{\"@id\":\"https:\\\/\\\/biblioteca.blanes.cat\\\/salajove\\\/2025\\\/01\\\/30\\\/eiichiro-oda-50-anys\\\/\"},\"author\":{\"name\":\"biblioblanes\",\"@id\":\"https:\\\/\\\/biblioteca.blanes.cat\\\/salajove\\\/#\\\/schema\\\/person\\\/5a7b46760d9dd611d098bbf571a341dc\"},\"headline\":\"Eiichir\u014d Oda, 50 anys!\",\"datePublished\":\"2025-01-30T08:19:11+00:00\",\"dateModified\":\"2025-01-30T14:31:53+00:00\",\"mainEntityOfPage\":{\"@id\":\"https:\\\/\\\/biblioteca.blanes.cat\\\/salajove\\\/2025\\\/01\\\/30\\\/eiichiro-oda-50-anys\\\/\"},\"wordCount\":568,\"commentCount\":0,\"publisher\":{\"@id\":\"https:\\\/\\\/biblioteca.blanes.cat\\\/salajove\\\/#organization\"},\"image\":{\"@id\":\"https:\\\/\\\/biblioteca.blanes.cat\\\/salajove\\\/2025\\\/01\\\/30\\\/eiichiro-oda-50-anys\\\/#primaryimage\"},\"thumbnailUrl\":\"https:\\\/\\\/biblioteca.blanes.cat\\\/salajove\\\/wp-content\\\/uploads\\\/sites\\\/3\\\/2025\\\/01\\\/One-Piece-.jpg\",\"articleSection\":[\"Not\u00edcies\"],\"inLanguage\":\"ca\",\"potentialAction\":[{\"@type\":\"CommentAction\",\"name\":\"Comment\",\"target\":[\"https:\\\/\\\/biblioteca.blanes.cat\\\/salajove\\\/2025\\\/01\\\/30\\\/eiichiro-oda-50-anys\\\/#respond\"]}]},{\"@type\":\"WebPage\",\"@id\":\"https:\\\/\\\/biblioteca.blanes.cat\\\/salajove\\\/2025\\\/01\\\/30\\\/eiichiro-oda-50-anys\\\/\",\"url\":\"https:\\\/\\\/biblioteca.blanes.cat\\\/salajove\\\/2025\\\/01\\\/30\\\/eiichiro-oda-50-anys\\\/\",\"name\":\"Eiichir\u014d Oda, 50 anys! - Sala Jove\",\"isPartOf\":{\"@id\":\"https:\\\/\\\/biblioteca.blanes.cat\\\/salajove\\\/#website\"},\"primaryImageOfPage\":{\"@id\":\"https:\\\/\\\/biblioteca.blanes.cat\\\/salajove\\\/2025\\\/01\\\/30\\\/eiichiro-oda-50-anys\\\/#primaryimage\"},\"image\":{\"@id\":\"https:\\\/\\\/biblioteca.blanes.cat\\\/salajove\\\/2025\\\/01\\\/30\\\/eiichiro-oda-50-anys\\\/#primaryimage\"},\"thumbnailUrl\":\"https:\\\/\\\/biblioteca.blanes.cat\\\/salajove\\\/wp-content\\\/uploads\\\/sites\\\/3\\\/2025\\\/01\\\/One-Piece-.jpg\",\"datePublished\":\"2025-01-30T08:19:11+00:00\",\"dateModified\":\"2025-01-30T14:31:53+00:00\",\"breadcrumb\":{\"@id\":\"https:\\\/\\\/biblioteca.blanes.cat\\\/salajove\\\/2025\\\/01\\\/30\\\/eiichiro-oda-50-anys\\\/#breadcrumb\"},\"inLanguage\":\"ca\",\"potentialAction\":[{\"@type\":\"ReadAction\",\"target\":[\"https:\\\/\\\/biblioteca.blanes.cat\\\/salajove\\\/2025\\\/01\\\/30\\\/eiichiro-oda-50-anys\\\/\"]}]},{\"@type\":\"ImageObject\",\"inLanguage\":\"ca\",\"@id\":\"https:\\\/\\\/biblioteca.blanes.cat\\\/salajove\\\/2025\\\/01\\\/30\\\/eiichiro-oda-50-anys\\\/#primaryimage\",\"url\":\"https:\\\/\\\/biblioteca.blanes.cat\\\/salajove\\\/wp-content\\\/uploads\\\/sites\\\/3\\\/2025\\\/01\\\/One-Piece-.jpg\",\"contentUrl\":\"https:\\\/\\\/biblioteca.blanes.cat\\\/salajove\\\/wp-content\\\/uploads\\\/sites\\\/3\\\/2025\\\/01\\\/One-Piece-.jpg\",\"width\":2560,\"height\":1440},{\"@type\":\"BreadcrumbList\",\"@id\":\"https:\\\/\\\/biblioteca.blanes.cat\\\/salajove\\\/2025\\\/01\\\/30\\\/eiichiro-oda-50-anys\\\/#breadcrumb\",\"itemListElement\":[{\"@type\":\"ListItem\",\"position\":1,\"name\":\"Inici\",\"item\":\"https:\\\/\\\/biblioteca.blanes.cat\\\/salajove\\\/\"},{\"@type\":\"ListItem\",\"position\":2,\"name\":\"Eiichir\u014d Oda, 50 anys!\"}]},{\"@type\":\"WebSite\",\"@id\":\"https:\\\/\\\/biblioteca.blanes.cat\\\/salajove\\\/#website\",\"url\":\"https:\\\/\\\/biblioteca.blanes.cat\\\/salajove\\\/\",\"name\":\"Sala Jove\",\"description\":\"Biblioteca Comarcal de Blanes\",\"publisher\":{\"@id\":\"https:\\\/\\\/biblioteca.blanes.cat\\\/salajove\\\/#organization\"},\"potentialAction\":[{\"@type\":\"SearchAction\",\"target\":{\"@type\":\"EntryPoint\",\"urlTemplate\":\"https:\\\/\\\/biblioteca.blanes.cat\\\/salajove\\\/?s={search_term_string}\"},\"query-input\":{\"@type\":\"PropertyValueSpecification\",\"valueRequired\":true,\"valueName\":\"search_term_string\"}}],\"inLanguage\":\"ca\"},{\"@type\":\"Organization\",\"@id\":\"https:\\\/\\\/biblioteca.blanes.cat\\\/salajove\\\/#organization\",\"name\":\"Biblioteca Comarcal de Blanes\",\"url\":\"https:\\\/\\\/biblioteca.blanes.cat\\\/salajove\\\/\",\"logo\":{\"@type\":\"ImageObject\",\"inLanguage\":\"ca\",\"@id\":\"https:\\\/\\\/biblioteca.blanes.cat\\\/salajove\\\/#\\\/schema\\\/logo\\\/image\\\/\",\"url\":\"https:\\\/\\\/biblioteca.blanes.cat\\\/salajove\\\/wp-content\\\/uploads\\\/sites\\\/3\\\/2017\\\/09\\\/cropped-Bib-blau-e1518869380535.png\",\"contentUrl\":\"https:\\\/\\\/biblioteca.blanes.cat\\\/salajove\\\/wp-content\\\/uploads\\\/sites\\\/3\\\/2017\\\/09\\\/cropped-Bib-blau-e1518869380535.png\",\"width\":166,\"height\":166,\"caption\":\"Biblioteca Comarcal de Blanes\"},\"image\":{\"@id\":\"https:\\\/\\\/biblioteca.blanes.cat\\\/salajove\\\/#\\\/schema\\\/logo\\\/image\\\/\"},\"sameAs\":[\"https:\\\/\\\/www.facebook.com\\\/BilbiotecaComarcaldeBlanes\\\/\",\"https:\\\/\\\/x.com\\\/BiblioBlanes\",\"https:\\\/\\\/www.instagram.com\\\/biblioblanes\\\/\",\"https:\\\/\\\/www.pinterest.es\\\/bblanes\\\/\",\"https:\\\/\\\/www.youtube.com\\\/c\\\/BibliotecaComarcalBlanes\"]},{\"@type\":\"Person\",\"@id\":\"https:\\\/\\\/biblioteca.blanes.cat\\\/salajove\\\/#\\\/schema\\\/person\\\/5a7b46760d9dd611d098bbf571a341dc\",\"name\":\"biblioblanes\",\"image\":{\"@type\":\"ImageObject\",\"inLanguage\":\"ca\",\"@id\":\"https:\\\/\\\/secure.gravatar.com\\\/avatar\\\/6593ca6cc90e5a70939f51c95e8315483b9c281bafba597292bee47992030f99?s=96&d=mm&r=g\",\"url\":\"https:\\\/\\\/secure.gravatar.com\\\/avatar\\\/6593ca6cc90e5a70939f51c95e8315483b9c281bafba597292bee47992030f99?s=96&d=mm&r=g\",\"contentUrl\":\"https:\\\/\\\/secure.gravatar.com\\\/avatar\\\/6593ca6cc90e5a70939f51c95e8315483b9c281bafba597292bee47992030f99?s=96&d=mm&r=g\",\"caption\":\"biblioblanes\"},\"sameAs\":[\"http:\\\/\\\/www.bibgirona.cat\\\/biblioteca\\\/blanes\",\"https:\\\/\\\/x.com\\\/biblioblanes\"],\"url\":\"https:\\\/\\\/biblioteca.blanes.cat\\\/salajove\\\/author\\\/biblioblanes\\\/\"}]}<\/script>\n<!-- \/ Yoast SEO plugin. -->","yoast_head_json":{"title":"Eiichir\u014d Oda, 50 anys! - Sala Jove","robots":{"index":"index","follow":"follow","max-snippet":"max-snippet:-1","max-image-preview":"max-image-preview:large","max-video-preview":"max-video-preview:-1"},"canonical":"https:\/\/biblioteca.blanes.cat\/salajove\/2025\/01\/30\/eiichiro-oda-50-anys\/","og_locale":"ca_ES","og_type":"article","og_title":"Eiichir\u014d Oda, 50 anys! - Sala Jove","og_description":"Aquest any, Eiichir\u014d Oda\u00a0compleix cinquanta anys. Per celebrar-ho l\u2019homenatgem a la Sala Jove de la Biblioteca amb una mostra d\u2019alguns dels llibres de One Piece que ha publicat fins a dia d\u2019avui i que tenim al nostre fons. \u00a0 \u00a0","og_url":"https:\/\/biblioteca.blanes.cat\/salajove\/2025\/01\/30\/eiichiro-oda-50-anys\/","og_site_name":"Sala Jove","article_publisher":"https:\/\/www.facebook.com\/BilbiotecaComarcaldeBlanes\/","article_published_time":"2025-01-30T08:19:11+00:00","article_modified_time":"2025-01-30T14:31:53+00:00","og_image":[{"width":2560,"height":1440,"url":"https:\/\/biblioteca.blanes.cat\/salajove\/wp-content\/uploads\/sites\/3\/2025\/01\/One-Piece-.jpg","type":"image\/jpeg"}],"author":"biblioblanes","twitter_card":"summary_large_image","twitter_creator":"@biblioblanes","twitter_site":"@BiblioBlanes","twitter_misc":{"Escrit per":"biblioblanes","Temps estimat de lectura":"4 minuts"},"schema":{"@context":"https:\/\/schema.org","@graph":[{"@type":"Article","@id":"https:\/\/biblioteca.blanes.cat\/salajove\/2025\/01\/30\/eiichiro-oda-50-anys\/#article","isPartOf":{"@id":"https:\/\/biblioteca.blanes.cat\/salajove\/2025\/01\/30\/eiichiro-oda-50-anys\/"},"author":{"name":"biblioblanes","@id":"https:\/\/biblioteca.blanes.cat\/salajove\/#\/schema\/person\/5a7b46760d9dd611d098bbf571a341dc"},"headline":"Eiichir\u014d Oda, 50 anys!","datePublished":"2025-01-30T08:19:11+00:00","dateModified":"2025-01-30T14:31:53+00:00","mainEntityOfPage":{"@id":"https:\/\/biblioteca.blanes.cat\/salajove\/2025\/01\/30\/eiichiro-oda-50-anys\/"},"wordCount":568,"commentCount":0,"publisher":{"@id":"https:\/\/biblioteca.blanes.cat\/salajove\/#organization"},"image":{"@id":"https:\/\/biblioteca.blanes.cat\/salajove\/2025\/01\/30\/eiichiro-oda-50-anys\/#primaryimage"},"thumbnailUrl":"https:\/\/biblioteca.blanes.cat\/salajove\/wp-content\/uploads\/sites\/3\/2025\/01\/One-Piece-.jpg","articleSection":["Not\u00edcies"],"inLanguage":"ca","potentialAction":[{"@type":"CommentAction","name":"Comment","target":["https:\/\/biblioteca.blanes.cat\/salajove\/2025\/01\/30\/eiichiro-oda-50-anys\/#respond"]}]},{"@type":"WebPage","@id":"https:\/\/biblioteca.blanes.cat\/salajove\/2025\/01\/30\/eiichiro-oda-50-anys\/","url":"https:\/\/biblioteca.blanes.cat\/salajove\/2025\/01\/30\/eiichiro-oda-50-anys\/","name":"Eiichir\u014d Oda, 50 anys! - Sala Jove","isPartOf":{"@id":"https:\/\/biblioteca.blanes.cat\/salajove\/#website"},"primaryImageOfPage":{"@id":"https:\/\/biblioteca.blanes.cat\/salajove\/2025\/01\/30\/eiichiro-oda-50-anys\/#primaryimage"},"image":{"@id":"https:\/\/biblioteca.blanes.cat\/salajove\/2025\/01\/30\/eiichiro-oda-50-anys\/#primaryimage"},"thumbnailUrl":"https:\/\/biblioteca.blanes.cat\/salajove\/wp-content\/uploads\/sites\/3\/2025\/01\/One-Piece-.jpg","datePublished":"2025-01-30T08:19:11+00:00","dateModified":"2025-01-30T14:31:53+00:00","breadcrumb":{"@id":"https:\/\/biblioteca.blanes.cat\/salajove\/2025\/01\/30\/eiichiro-oda-50-anys\/#breadcrumb"},"inLanguage":"ca","potentialAction":[{"@type":"ReadAction","target":["https:\/\/biblioteca.blanes.cat\/salajove\/2025\/01\/30\/eiichiro-oda-50-anys\/"]}]},{"@type":"ImageObject","inLanguage":"ca","@id":"https:\/\/biblioteca.blanes.cat\/salajove\/2025\/01\/30\/eiichiro-oda-50-anys\/#primaryimage","url":"https:\/\/biblioteca.blanes.cat\/salajove\/wp-content\/uploads\/sites\/3\/2025\/01\/One-Piece-.jpg","contentUrl":"https:\/\/biblioteca.blanes.cat\/salajove\/wp-content\/uploads\/sites\/3\/2025\/01\/One-Piece-.jpg","width":2560,"height":1440},{"@type":"BreadcrumbList","@id":"https:\/\/biblioteca.blanes.cat\/salajove\/2025\/01\/30\/eiichiro-oda-50-anys\/#breadcrumb","itemListElement":[{"@type":"ListItem","position":1,"name":"Inici","item":"https:\/\/biblioteca.blanes.cat\/salajove\/"},{"@type":"ListItem","position":2,"name":"Eiichir\u014d Oda, 50 anys!"}]},{"@type":"WebSite","@id":"https:\/\/biblioteca.blanes.cat\/salajove\/#website","url":"https:\/\/biblioteca.blanes.cat\/salajove\/","name":"Sala Jove","description":"Biblioteca Comarcal de Blanes","publisher":{"@id":"https:\/\/biblioteca.blanes.cat\/salajove\/#organization"},"potentialAction":[{"@type":"SearchAction","target":{"@type":"EntryPoint","urlTemplate":"https:\/\/biblioteca.blanes.cat\/salajove\/?s={search_term_string}"},"query-input":{"@type":"PropertyValueSpecification","valueRequired":true,"valueName":"search_term_string"}}],"inLanguage":"ca"},{"@type":"Organization","@id":"https:\/\/biblioteca.blanes.cat\/salajove\/#organization","name":"Biblioteca Comarcal de Blanes","url":"https:\/\/biblioteca.blanes.cat\/salajove\/","logo":{"@type":"ImageObject","inLanguage":"ca","@id":"https:\/\/biblioteca.blanes.cat\/salajove\/#\/schema\/logo\/image\/","url":"https:\/\/biblioteca.blanes.cat\/salajove\/wp-content\/uploads\/sites\/3\/2017\/09\/cropped-Bib-blau-e1518869380535.png","contentUrl":"https:\/\/biblioteca.blanes.cat\/salajove\/wp-content\/uploads\/sites\/3\/2017\/09\/cropped-Bib-blau-e1518869380535.png","width":166,"height":166,"caption":"Biblioteca Comarcal de Blanes"},"image":{"@id":"https:\/\/biblioteca.blanes.cat\/salajove\/#\/schema\/logo\/image\/"},"sameAs":["https:\/\/www.facebook.com\/BilbiotecaComarcaldeBlanes\/","https:\/\/x.com\/BiblioBlanes","https:\/\/www.instagram.com\/biblioblanes\/","https:\/\/www.pinterest.es\/bblanes\/","https:\/\/www.youtube.com\/c\/BibliotecaComarcalBlanes"]},{"@type":"Person","@id":"https:\/\/biblioteca.blanes.cat\/salajove\/#\/schema\/person\/5a7b46760d9dd611d098bbf571a341dc","name":"biblioblanes","image":{"@type":"ImageObject","inLanguage":"ca","@id":"https:\/\/secure.gravatar.com\/avatar\/6593ca6cc90e5a70939f51c95e8315483b9c281bafba597292bee47992030f99?s=96&d=mm&r=g","url":"https:\/\/secure.gravatar.com\/avatar\/6593ca6cc90e5a70939f51c95e8315483b9c281bafba597292bee47992030f99?s=96&d=mm&r=g","contentUrl":"https:\/\/secure.gravatar.com\/avatar\/6593ca6cc90e5a70939f51c95e8315483b9c281bafba597292bee47992030f99?s=96&d=mm&r=g","caption":"biblioblanes"},"sameAs":["http:\/\/www.bibgirona.cat\/biblioteca\/blanes","https:\/\/x.com\/biblioblanes"],"url":"https:\/\/biblioteca.blanes.cat\/salajove\/author\/biblioblanes\/"}]}},"_links":{"self":[{"href":"https:\/\/biblioteca.blanes.cat\/salajove\/wp-json\/wp\/v2\/posts\/9391","targetHints":{"allow":["GET"]}}],"collection":[{"href":"https:\/\/biblioteca.blanes.cat\/salajove\/wp-json\/wp\/v2\/posts"}],"about":[{"href":"https:\/\/biblioteca.blanes.cat\/salajove\/wp-json\/wp\/v2\/types\/post"}],"author":[{"embeddable":true,"href":"https:\/\/biblioteca.blanes.cat\/salajove\/wp-json\/wp\/v2\/users\/4"}],"replies":[{"embeddable":true,"href":"https:\/\/biblioteca.blanes.cat\/salajove\/wp-json\/wp\/v2\/comments?post=9391"}],"version-history":[{"count":8,"href":"https:\/\/biblioteca.blanes.cat\/salajove\/wp-json\/wp\/v2\/posts\/9391\/revisions"}],"predecessor-version":[{"id":9405,"href":"https:\/\/biblioteca.blanes.cat\/salajove\/wp-json\/wp\/v2\/posts\/9391\/revisions\/9405"}],"wp:featuredmedia":[{"embeddable":true,"href":"https:\/\/biblioteca.blanes.cat\/salajove\/wp-json\/wp\/v2\/media\/9392"}],"wp:attachment":[{"href":"https:\/\/biblioteca.blanes.cat\/salajove\/wp-json\/wp\/v2\/media?parent=9391"}],"wp:term":[{"taxonomy":"category","embeddable":true,"href":"https:\/\/biblioteca.blanes.cat\/salajove\/wp-json\/wp\/v2\/categories?post=9391"},{"taxonomy":"post_tag","embeddable":true,"href":"https:\/\/biblioteca.blanes.cat\/salajove\/wp-json\/wp\/v2\/tags?post=9391"}],"curies":[{"name":"wp","href":"https:\/\/api.w.org\/{rel}","templated":true}]}}