{"id":9335,"date":"2025-02-01T10:07:53","date_gmt":"2025-02-01T09:07:53","guid":{"rendered":"https:\/\/biblioteca.blanes.cat\/salajove\/?p=9335"},"modified":"2025-09-03T18:17:57","modified_gmt":"2025-09-03T17:17:57","slug":"novetats-febrer-2025","status":"publish","type":"post","link":"https:\/\/biblioteca.blanes.cat\/salajove\/2025\/02\/01\/novetats-febrer-2025\/","title":{"rendered":"Novetats: febrer 2025"},"content":{"rendered":"\n<h1><strong data-rich-text-format-boundary=\"true\">Biblioteca Jove Blanes \u2013 Novetats febrer<\/strong><\/h1>\n<p>Us presentem les novetats de la Sala Jove del mes de febrer: novel\u00b7les, mar, diversos centres d&#8217;inter\u00e8s i mat\u00e8ries i pel\u00b7l\u00edcules. A m\u00e9s, a c\u00f2mic tenim nous llibres de<em> One Piece<\/em> per celebrar els cinquanta anys del naixement del seu autor, Eiichir\u014d Oda.<\/p>\n<h1 style=\"text-align: center;\"><strong>NOVEL\u00b7LES<\/strong><\/h1>\n<div id='gallery-1' class='gallery galleryid-9335 gallery-columns-3 gallery-size-medium'><figure class='gallery-item'>\n\t\t\t<div class='gallery-icon portrait'>\n\t\t\t\t<a href='https:\/\/biblioteca.blanes.cat\/salajove\/2025\/02\/01\/novetats-febrer-2025\/almond-david-skellig\/'><img fetchpriority=\"high\" decoding=\"async\" width=\"208\" height=\"300\" src=\"https:\/\/biblioteca.blanes.cat\/salajove\/wp-content\/uploads\/sites\/3\/2025\/01\/ALMOND-David.-Skellig-208x300.jpg\" class=\"attachment-medium size-medium\" alt=\"\" srcset=\"https:\/\/biblioteca.blanes.cat\/salajove\/wp-content\/uploads\/sites\/3\/2025\/01\/ALMOND-David.-Skellig-208x300.jpg 208w, https:\/\/biblioteca.blanes.cat\/salajove\/wp-content\/uploads\/sites\/3\/2025\/01\/ALMOND-David.-Skellig.jpg 229w\" sizes=\"(max-width: 208px) 100vw, 208px\" \/><\/a>\n\t\t\t<\/div><\/figure><figure class='gallery-item'>\n\t\t\t<div class='gallery-icon portrait'>\n\t\t\t\t<a href='https:\/\/biblioteca.blanes.cat\/salajove\/2025\/02\/01\/novetats-febrer-2025\/bailez-begona-f-secreto-en-las-pistas\/'><img decoding=\"async\" width=\"182\" height=\"277\" src=\"https:\/\/biblioteca.blanes.cat\/salajove\/wp-content\/uploads\/sites\/3\/2025\/01\/BAILEZ-Begona-F.-Secreto-en-las-pistas.jpg\" class=\"attachment-medium size-medium\" alt=\"\" \/><\/a>\n\t\t\t<\/div><\/figure><figure class='gallery-item'>\n\t\t\t<div class='gallery-icon portrait'>\n\t\t\t\t<a href='https:\/\/biblioteca.blanes.cat\/salajove\/2025\/02\/01\/novetats-febrer-2025\/barhill-kelly-la-ogresa-y-el-dragon\/'><img decoding=\"async\" width=\"213\" height=\"300\" src=\"https:\/\/biblioteca.blanes.cat\/salajove\/wp-content\/uploads\/sites\/3\/2025\/01\/BARHILL-Kelly.-La-Ogresa-y-el-dragon-213x300.jpg\" class=\"attachment-medium size-medium\" alt=\"\" srcset=\"https:\/\/biblioteca.blanes.cat\/salajove\/wp-content\/uploads\/sites\/3\/2025\/01\/BARHILL-Kelly.-La-Ogresa-y-el-dragon-213x300.jpg 213w, https:\/\/biblioteca.blanes.cat\/salajove\/wp-content\/uploads\/sites\/3\/2025\/01\/BARHILL-Kelly.-La-Ogresa-y-el-dragon-726x1024.jpg 726w, https:\/\/biblioteca.blanes.cat\/salajove\/wp-content\/uploads\/sites\/3\/2025\/01\/BARHILL-Kelly.-La-Ogresa-y-el-dragon-768x1083.jpg 768w, https:\/\/biblioteca.blanes.cat\/salajove\/wp-content\/uploads\/sites\/3\/2025\/01\/BARHILL-Kelly.-La-Ogresa-y-el-dragon-1089x1536.jpg 1089w, https:\/\/biblioteca.blanes.cat\/salajove\/wp-content\/uploads\/sites\/3\/2025\/01\/BARHILL-Kelly.-La-Ogresa-y-el-dragon-1452x2048.jpg 1452w, https:\/\/biblioteca.blanes.cat\/salajove\/wp-content\/uploads\/sites\/3\/2025\/01\/BARHILL-Kelly.-La-Ogresa-y-el-dragon-scaled.jpg 1815w\" sizes=\"(max-width: 213px) 100vw, 213px\" \/><\/a>\n\t\t\t<\/div><\/figure><figure class='gallery-item'>\n\t\t\t<div class='gallery-icon portrait'>\n\t\t\t\t<a href='https:\/\/biblioteca.blanes.cat\/salajove\/2025\/02\/01\/novetats-febrer-2025\/baro-santi-aitana-te-100k\/'><img loading=\"lazy\" decoding=\"async\" width=\"218\" height=\"300\" src=\"https:\/\/biblioteca.blanes.cat\/salajove\/wp-content\/uploads\/sites\/3\/2025\/01\/BARO-santi.-Aitana-te-100k-218x300.jpg\" class=\"attachment-medium size-medium\" alt=\"\" srcset=\"https:\/\/biblioteca.blanes.cat\/salajove\/wp-content\/uploads\/sites\/3\/2025\/01\/BARO-santi.-Aitana-te-100k-218x300.jpg 218w, https:\/\/biblioteca.blanes.cat\/salajove\/wp-content\/uploads\/sites\/3\/2025\/01\/BARO-santi.-Aitana-te-100k-745x1024.jpg 745w, https:\/\/biblioteca.blanes.cat\/salajove\/wp-content\/uploads\/sites\/3\/2025\/01\/BARO-santi.-Aitana-te-100k-768x1056.jpg 768w, https:\/\/biblioteca.blanes.cat\/salajove\/wp-content\/uploads\/sites\/3\/2025\/01\/BARO-santi.-Aitana-te-100k.jpg 1091w\" sizes=\"(max-width: 218px) 100vw, 218px\" \/><\/a>\n\t\t\t<\/div><\/figure><figure class='gallery-item'>\n\t\t\t<div class='gallery-icon portrait'>\n\t\t\t\t<a href='https:\/\/biblioteca.blanes.cat\/salajove\/2025\/02\/01\/novetats-febrer-2025\/broadbent-carisssa-la-serpiente-y-las-alas-de-la-noche\/'><img loading=\"lazy\" decoding=\"async\" width=\"196\" height=\"300\" src=\"https:\/\/biblioteca.blanes.cat\/salajove\/wp-content\/uploads\/sites\/3\/2025\/01\/BROADBENT-Carisssa.-La-serpiente-y-las-alas-de-la-noche-196x300.jpg\" class=\"attachment-medium size-medium\" alt=\"\" srcset=\"https:\/\/biblioteca.blanes.cat\/salajove\/wp-content\/uploads\/sites\/3\/2025\/01\/BROADBENT-Carisssa.-La-serpiente-y-las-alas-de-la-noche-196x300.jpg 196w, https:\/\/biblioteca.blanes.cat\/salajove\/wp-content\/uploads\/sites\/3\/2025\/01\/BROADBENT-Carisssa.-La-serpiente-y-las-alas-de-la-noche-670x1024.jpg 670w, https:\/\/biblioteca.blanes.cat\/salajove\/wp-content\/uploads\/sites\/3\/2025\/01\/BROADBENT-Carisssa.-La-serpiente-y-las-alas-de-la-noche-768x1174.jpg 768w, https:\/\/biblioteca.blanes.cat\/salajove\/wp-content\/uploads\/sites\/3\/2025\/01\/BROADBENT-Carisssa.-La-serpiente-y-las-alas-de-la-noche-1005x1536.jpg 1005w, https:\/\/biblioteca.blanes.cat\/salajove\/wp-content\/uploads\/sites\/3\/2025\/01\/BROADBENT-Carisssa.-La-serpiente-y-las-alas-de-la-noche-1339x2048.jpg 1339w, https:\/\/biblioteca.blanes.cat\/salajove\/wp-content\/uploads\/sites\/3\/2025\/01\/BROADBENT-Carisssa.-La-serpiente-y-las-alas-de-la-noche-scaled.jpg 1674w\" sizes=\"(max-width: 196px) 100vw, 196px\" \/><\/a>\n\t\t\t<\/div><\/figure><figure class='gallery-item'>\n\t\t\t<div class='gallery-icon portrait'>\n\t\t\t\t<a href='https:\/\/biblioteca.blanes.cat\/salajove\/2025\/02\/01\/novetats-febrer-2025\/casanovas-borrell-laura-les-estrelles-de-lilith\/'><img loading=\"lazy\" decoding=\"async\" width=\"207\" height=\"300\" src=\"https:\/\/biblioteca.blanes.cat\/salajove\/wp-content\/uploads\/sites\/3\/2025\/01\/CASANOVAS-BORRELL-Laura.-Les-Estrelles-de-Lilith-207x300.jpg\" class=\"attachment-medium size-medium\" alt=\"\" srcset=\"https:\/\/biblioteca.blanes.cat\/salajove\/wp-content\/uploads\/sites\/3\/2025\/01\/CASANOVAS-BORRELL-Laura.-Les-Estrelles-de-Lilith-207x300.jpg 207w, https:\/\/biblioteca.blanes.cat\/salajove\/wp-content\/uploads\/sites\/3\/2025\/01\/CASANOVAS-BORRELL-Laura.-Les-Estrelles-de-Lilith.jpg 250w\" sizes=\"(max-width: 207px) 100vw, 207px\" \/><\/a>\n\t\t\t<\/div><\/figure><figure class='gallery-item'>\n\t\t\t<div class='gallery-icon portrait'>\n\t\t\t\t<a href='https:\/\/biblioteca.blanes.cat\/salajove\/2025\/02\/01\/novetats-febrer-2025\/cirici-david-estimat-avatar\/'><img loading=\"lazy\" decoding=\"async\" width=\"195\" height=\"300\" src=\"https:\/\/biblioteca.blanes.cat\/salajove\/wp-content\/uploads\/sites\/3\/2025\/01\/CIRICI-David.-Estimat-avatar-195x300.jpg\" class=\"attachment-medium size-medium\" alt=\"\" srcset=\"https:\/\/biblioteca.blanes.cat\/salajove\/wp-content\/uploads\/sites\/3\/2025\/01\/CIRICI-David.-Estimat-avatar-195x300.jpg 195w, https:\/\/biblioteca.blanes.cat\/salajove\/wp-content\/uploads\/sites\/3\/2025\/01\/CIRICI-David.-Estimat-avatar.jpg 250w\" sizes=\"(max-width: 195px) 100vw, 195px\" \/><\/a>\n\t\t\t<\/div><\/figure><figure class='gallery-item'>\n\t\t\t<div class='gallery-icon portrait'>\n\t\t\t\t<a href='https:\/\/biblioteca.blanes.cat\/salajove\/2025\/02\/01\/novetats-febrer-2025\/cole-penn-el-despertar-del-fuegoeterno\/'><img loading=\"lazy\" decoding=\"async\" width=\"199\" height=\"300\" src=\"https:\/\/biblioteca.blanes.cat\/salajove\/wp-content\/uploads\/sites\/3\/2025\/01\/COLE-Penn.-El-Despertar-del-fuegoeterno-199x300.jpg\" class=\"attachment-medium size-medium\" alt=\"\" srcset=\"https:\/\/biblioteca.blanes.cat\/salajove\/wp-content\/uploads\/sites\/3\/2025\/01\/COLE-Penn.-El-Despertar-del-fuegoeterno-199x300.jpg 199w, https:\/\/biblioteca.blanes.cat\/salajove\/wp-content\/uploads\/sites\/3\/2025\/01\/COLE-Penn.-El-Despertar-del-fuegoeterno.jpg 663w\" sizes=\"(max-width: 199px) 100vw, 199px\" \/><\/a>\n\t\t\t<\/div><\/figure><figure class='gallery-item'>\n\t\t\t<div class='gallery-icon portrait'>\n\t\t\t\t<a href='https:\/\/biblioteca.blanes.cat\/salajove\/2025\/02\/01\/novetats-febrer-2025\/diez-de-palma-jesus-el-festin-de-la-muerte\/'><img loading=\"lazy\" decoding=\"async\" width=\"182\" height=\"276\" src=\"https:\/\/biblioteca.blanes.cat\/salajove\/wp-content\/uploads\/sites\/3\/2025\/01\/DIEZ-DE-PALMA-Jesus.-El-festin-de-la-muerte.jpg\" class=\"attachment-medium size-medium\" alt=\"\" \/><\/a>\n\t\t\t<\/div><\/figure><figure class='gallery-item'>\n\t\t\t<div class='gallery-icon portrait'>\n\t\t\t\t<a href='https:\/\/biblioteca.blanes.cat\/salajove\/2025\/02\/01\/novetats-febrer-2025\/gold-hannah-el-ultimo-oso\/'><img loading=\"lazy\" decoding=\"async\" width=\"206\" height=\"300\" src=\"https:\/\/biblioteca.blanes.cat\/salajove\/wp-content\/uploads\/sites\/3\/2025\/01\/GOLD-Hannah.-El-ultimo-oso-206x300.jpg\" class=\"attachment-medium size-medium\" alt=\"\" srcset=\"https:\/\/biblioteca.blanes.cat\/salajove\/wp-content\/uploads\/sites\/3\/2025\/01\/GOLD-Hannah.-El-ultimo-oso-206x300.jpg 206w, https:\/\/biblioteca.blanes.cat\/salajove\/wp-content\/uploads\/sites\/3\/2025\/01\/GOLD-Hannah.-El-ultimo-oso.jpg 687w\" sizes=\"(max-width: 206px) 100vw, 206px\" \/><\/a>\n\t\t\t<\/div><\/figure><figure class='gallery-item'>\n\t\t\t<div class='gallery-icon portrait'>\n\t\t\t\t<a href='https:\/\/biblioteca.blanes.cat\/salajove\/2025\/02\/01\/novetats-febrer-2025\/hernandez-chambers-daniel-reis-de-la-muntanya\/'><img loading=\"lazy\" decoding=\"async\" width=\"192\" height=\"300\" src=\"https:\/\/biblioteca.blanes.cat\/salajove\/wp-content\/uploads\/sites\/3\/2025\/01\/HERNANDEZ-CHAMBERS-Daniel.-Reis-de-la-muntanya-192x300.jpg\" class=\"attachment-medium size-medium\" alt=\"\" srcset=\"https:\/\/biblioteca.blanes.cat\/salajove\/wp-content\/uploads\/sites\/3\/2025\/01\/HERNANDEZ-CHAMBERS-Daniel.-Reis-de-la-muntanya-192x300.jpg 192w, https:\/\/biblioteca.blanes.cat\/salajove\/wp-content\/uploads\/sites\/3\/2025\/01\/HERNANDEZ-CHAMBERS-Daniel.-Reis-de-la-muntanya.jpg 481w\" sizes=\"(max-width: 192px) 100vw, 192px\" \/><\/a>\n\t\t\t<\/div><\/figure><figure class='gallery-item'>\n\t\t\t<div class='gallery-icon portrait'>\n\t\t\t\t<a href='https:\/\/biblioteca.blanes.cat\/salajove\/2025\/02\/01\/novetats-febrer-2025\/version-1-0-0-6\/'><img loading=\"lazy\" decoding=\"async\" width=\"190\" height=\"300\" src=\"https:\/\/biblioteca.blanes.cat\/salajove\/wp-content\/uploads\/sites\/3\/2025\/01\/KINGFISHER-T.-Ortiga-y-hueso-190x300.jpg\" class=\"attachment-medium size-medium\" alt=\"\" aria-describedby=\"gallery-1-9347\" srcset=\"https:\/\/biblioteca.blanes.cat\/salajove\/wp-content\/uploads\/sites\/3\/2025\/01\/KINGFISHER-T.-Ortiga-y-hueso-190x300.jpg 190w, https:\/\/biblioteca.blanes.cat\/salajove\/wp-content\/uploads\/sites\/3\/2025\/01\/KINGFISHER-T.-Ortiga-y-hueso-650x1024.jpg 650w, https:\/\/biblioteca.blanes.cat\/salajove\/wp-content\/uploads\/sites\/3\/2025\/01\/KINGFISHER-T.-Ortiga-y-hueso-768x1210.jpg 768w, https:\/\/biblioteca.blanes.cat\/salajove\/wp-content\/uploads\/sites\/3\/2025\/01\/KINGFISHER-T.-Ortiga-y-hueso-975x1536.jpg 975w, https:\/\/biblioteca.blanes.cat\/salajove\/wp-content\/uploads\/sites\/3\/2025\/01\/KINGFISHER-T.-Ortiga-y-hueso.jpg 1000w\" sizes=\"(max-width: 190px) 100vw, 190px\" \/><\/a>\n\t\t\t<\/div>\n\t\t\t\t<figcaption class='wp-caption-text gallery-caption' id='gallery-1-9347'>\n\t\t\t\tVersion 1.0.0\n\t\t\t\t<\/figcaption><\/figure><figure class='gallery-item'>\n\t\t\t<div class='gallery-icon portrait'>\n\t\t\t\t<a href='https:\/\/biblioteca.blanes.cat\/salajove\/2025\/02\/01\/novetats-febrer-2025\/pages-claudia-mes-de-dues-aigues\/'><img loading=\"lazy\" decoding=\"async\" width=\"189\" height=\"300\" src=\"https:\/\/biblioteca.blanes.cat\/salajove\/wp-content\/uploads\/sites\/3\/2025\/01\/PAGES-Claudia.-Mes-de-dues-aigues-189x300.jpg\" class=\"attachment-medium size-medium\" alt=\"\" srcset=\"https:\/\/biblioteca.blanes.cat\/salajove\/wp-content\/uploads\/sites\/3\/2025\/01\/PAGES-Claudia.-Mes-de-dues-aigues-189x300.jpg 189w, https:\/\/biblioteca.blanes.cat\/salajove\/wp-content\/uploads\/sites\/3\/2025\/01\/PAGES-Claudia.-Mes-de-dues-aigues.jpg 250w\" sizes=\"(max-width: 189px) 100vw, 189px\" \/><\/a>\n\t\t\t<\/div><\/figure><figure class='gallery-item'>\n\t\t\t<div class='gallery-icon portrait'>\n\t\t\t\t<a href='https:\/\/biblioteca.blanes.cat\/salajove\/2025\/02\/01\/novetats-febrer-2025\/stanisic-sasa-el-llop\/'><img loading=\"lazy\" decoding=\"async\" width=\"198\" height=\"300\" src=\"https:\/\/biblioteca.blanes.cat\/salajove\/wp-content\/uploads\/sites\/3\/2025\/01\/STANISIC-Sasa.-El-Llop-198x300.jpg\" class=\"attachment-medium size-medium\" alt=\"\" srcset=\"https:\/\/biblioteca.blanes.cat\/salajove\/wp-content\/uploads\/sites\/3\/2025\/01\/STANISIC-Sasa.-El-Llop-198x300.jpg 198w, https:\/\/biblioteca.blanes.cat\/salajove\/wp-content\/uploads\/sites\/3\/2025\/01\/STANISIC-Sasa.-El-Llop.jpg 661w\" sizes=\"(max-width: 198px) 100vw, 198px\" \/><\/a>\n\t\t\t<\/div><\/figure><figure class='gallery-item'>\n\t\t\t<div class='gallery-icon portrait'>\n\t\t\t\t<a href='https:\/\/biblioteca.blanes.cat\/salajove\/2025\/02\/01\/novetats-febrer-2025\/wagenen-maya-van-dolores-de-amor-cronicos\/'><img loading=\"lazy\" decoding=\"async\" width=\"191\" height=\"300\" src=\"https:\/\/biblioteca.blanes.cat\/salajove\/wp-content\/uploads\/sites\/3\/2025\/01\/WAGENEN-Maya-van.-Dolores-de-amor-cronicos-191x300.jpg\" class=\"attachment-medium size-medium\" alt=\"\" srcset=\"https:\/\/biblioteca.blanes.cat\/salajove\/wp-content\/uploads\/sites\/3\/2025\/01\/WAGENEN-Maya-van.-Dolores-de-amor-cronicos-191x300.jpg 191w, https:\/\/biblioteca.blanes.cat\/salajove\/wp-content\/uploads\/sites\/3\/2025\/01\/WAGENEN-Maya-van.-Dolores-de-amor-cronicos.jpg 637w\" sizes=\"(max-width: 191px) 100vw, 191px\" \/><\/a>\n\t\t\t<\/div><\/figure><figure class='gallery-item'>\n\t\t\t<div class='gallery-icon portrait'>\n\t\t\t\t<a href='https:\/\/biblioteca.blanes.cat\/salajove\/2025\/02\/01\/novetats-febrer-2025\/whitten-hannah-para-el-trono\/'><img loading=\"lazy\" decoding=\"async\" width=\"199\" height=\"300\" src=\"https:\/\/biblioteca.blanes.cat\/salajove\/wp-content\/uploads\/sites\/3\/2025\/01\/WHITTEN-Hannah.-Para-el-trono-199x300.jpg\" class=\"attachment-medium size-medium\" alt=\"\" srcset=\"https:\/\/biblioteca.blanes.cat\/salajove\/wp-content\/uploads\/sites\/3\/2025\/01\/WHITTEN-Hannah.-Para-el-trono-199x300.jpg 199w, https:\/\/biblioteca.blanes.cat\/salajove\/wp-content\/uploads\/sites\/3\/2025\/01\/WHITTEN-Hannah.-Para-el-trono.jpg 663w\" sizes=\"(max-width: 199px) 100vw, 199px\" \/><\/a>\n\t\t\t<\/div><\/figure>\n\t\t<\/div>\n\n<h1 style=\"text-align: center;\"><strong>C\u00d2MICS<\/strong><\/h1>\n<div id='gallery-2' class='gallery galleryid-9335 gallery-columns-3 gallery-size-medium'><figure class='gallery-item'>\n\t\t\t<div class='gallery-icon portrait'>\n\t\t\t\t<a href='https:\/\/biblioteca.blanes.cat\/salajove\/2025\/02\/01\/novetats-febrer-2025\/aidalro-hanako-kun-despues-de-clase\/'><img loading=\"lazy\" decoding=\"async\" width=\"213\" height=\"300\" src=\"https:\/\/biblioteca.blanes.cat\/salajove\/wp-content\/uploads\/sites\/3\/2025\/01\/AIDALRO.-Hanako-Kun-despues-de-clase-213x300.jpg\" class=\"attachment-medium size-medium\" alt=\"\" srcset=\"https:\/\/biblioteca.blanes.cat\/salajove\/wp-content\/uploads\/sites\/3\/2025\/01\/AIDALRO.-Hanako-Kun-despues-de-clase-213x300.jpg 213w, https:\/\/biblioteca.blanes.cat\/salajove\/wp-content\/uploads\/sites\/3\/2025\/01\/AIDALRO.-Hanako-Kun-despues-de-clase.jpg 711w\" sizes=\"(max-width: 213px) 100vw, 213px\" \/><\/a>\n\t\t\t<\/div><\/figure><figure class='gallery-item'>\n\t\t\t<div class='gallery-icon portrait'>\n\t\t\t\t<a href='https:\/\/biblioteca.blanes.cat\/salajove\/2025\/02\/01\/novetats-febrer-2025\/aidalro-hanako-kun-el-fantasma-del-lavabo\/'><img loading=\"lazy\" decoding=\"async\" width=\"214\" height=\"300\" src=\"https:\/\/biblioteca.blanes.cat\/salajove\/wp-content\/uploads\/sites\/3\/2025\/01\/AIDALRO.-Hanako-Kun-el-fantasma-del-lavabo-214x300.jpg\" class=\"attachment-medium size-medium\" alt=\"\" srcset=\"https:\/\/biblioteca.blanes.cat\/salajove\/wp-content\/uploads\/sites\/3\/2025\/01\/AIDALRO.-Hanako-Kun-el-fantasma-del-lavabo-214x300.jpg 214w, https:\/\/biblioteca.blanes.cat\/salajove\/wp-content\/uploads\/sites\/3\/2025\/01\/AIDALRO.-Hanako-Kun-el-fantasma-del-lavabo.jpg 713w\" sizes=\"(max-width: 214px) 100vw, 214px\" \/><\/a>\n\t\t\t<\/div><\/figure><figure class='gallery-item'>\n\t\t\t<div class='gallery-icon landscape'>\n\t\t\t\t<a href='https:\/\/biblioteca.blanes.cat\/salajove\/2025\/02\/01\/novetats-febrer-2025\/gotouge-koyoharu-guardians-de-la-nit-vol-3\/'><img loading=\"lazy\" decoding=\"async\" width=\"300\" height=\"300\" src=\"https:\/\/biblioteca.blanes.cat\/salajove\/wp-content\/uploads\/sites\/3\/2025\/01\/GOTOUGE-Koyoharu.-Guardians-de-la-nit-vol.-3-300x300.jpg\" class=\"attachment-medium size-medium\" alt=\"\" srcset=\"https:\/\/biblioteca.blanes.cat\/salajove\/wp-content\/uploads\/sites\/3\/2025\/01\/GOTOUGE-Koyoharu.-Guardians-de-la-nit-vol.-3-300x300.jpg 300w, https:\/\/biblioteca.blanes.cat\/salajove\/wp-content\/uploads\/sites\/3\/2025\/01\/GOTOUGE-Koyoharu.-Guardians-de-la-nit-vol.-3-150x150.jpg 150w, https:\/\/biblioteca.blanes.cat\/salajove\/wp-content\/uploads\/sites\/3\/2025\/01\/GOTOUGE-Koyoharu.-Guardians-de-la-nit-vol.-3-270x270.jpg 270w, https:\/\/biblioteca.blanes.cat\/salajove\/wp-content\/uploads\/sites\/3\/2025\/01\/GOTOUGE-Koyoharu.-Guardians-de-la-nit-vol.-3-230x230.jpg 230w, https:\/\/biblioteca.blanes.cat\/salajove\/wp-content\/uploads\/sites\/3\/2025\/01\/GOTOUGE-Koyoharu.-Guardians-de-la-nit-vol.-3.jpg 340w\" sizes=\"(max-width: 300px) 100vw, 300px\" \/><\/a>\n\t\t\t<\/div><\/figure><figure class='gallery-item'>\n\t\t\t<div class='gallery-icon portrait'>\n\t\t\t\t<a href='https:\/\/biblioteca.blanes.cat\/salajove\/2025\/02\/01\/novetats-febrer-2025\/gravel-elise-la-invasio-de-les-noticies-falses-com-detectar-noticies-falses-desinformacio-i-teories-de-la-conspiracio\/'><img loading=\"lazy\" decoding=\"async\" width=\"233\" height=\"300\" src=\"https:\/\/biblioteca.blanes.cat\/salajove\/wp-content\/uploads\/sites\/3\/2025\/01\/GRAVEL-Elise.-La-Invasio-de-les-noticies-falses-com-detectar-noticies-falses-desinformacio-i-teories-de-la-conspiracio-233x300.jpg\" class=\"attachment-medium size-medium\" alt=\"\" srcset=\"https:\/\/biblioteca.blanes.cat\/salajove\/wp-content\/uploads\/sites\/3\/2025\/01\/GRAVEL-Elise.-La-Invasio-de-les-noticies-falses-com-detectar-noticies-falses-desinformacio-i-teories-de-la-conspiracio-233x300.jpg 233w, https:\/\/biblioteca.blanes.cat\/salajove\/wp-content\/uploads\/sites\/3\/2025\/01\/GRAVEL-Elise.-La-Invasio-de-les-noticies-falses-com-detectar-noticies-falses-desinformacio-i-teories-de-la-conspiracio.jpg 621w\" sizes=\"(max-width: 233px) 100vw, 233px\" \/><\/a>\n\t\t\t<\/div><\/figure><figure class='gallery-item'>\n\t\t\t<div class='gallery-icon portrait'>\n\t\t\t\t<a href='https:\/\/biblioteca.blanes.cat\/salajove\/2025\/02\/01\/novetats-febrer-2025\/horikoshi-kohei-my-hero-academia-vol-3\/'><img loading=\"lazy\" decoding=\"async\" width=\"194\" height=\"300\" src=\"https:\/\/biblioteca.blanes.cat\/salajove\/wp-content\/uploads\/sites\/3\/2025\/01\/HORIKOSHI-Kohei.-My-hero-academia-vol.3-194x300.jpg\" class=\"attachment-medium size-medium\" alt=\"\" srcset=\"https:\/\/biblioteca.blanes.cat\/salajove\/wp-content\/uploads\/sites\/3\/2025\/01\/HORIKOSHI-Kohei.-My-hero-academia-vol.3-194x300.jpg 194w, https:\/\/biblioteca.blanes.cat\/salajove\/wp-content\/uploads\/sites\/3\/2025\/01\/HORIKOSHI-Kohei.-My-hero-academia-vol.3-664x1024.jpg 664w, https:\/\/biblioteca.blanes.cat\/salajove\/wp-content\/uploads\/sites\/3\/2025\/01\/HORIKOSHI-Kohei.-My-hero-academia-vol.3-768x1185.jpg 768w, https:\/\/biblioteca.blanes.cat\/salajove\/wp-content\/uploads\/sites\/3\/2025\/01\/HORIKOSHI-Kohei.-My-hero-academia-vol.3-995x1536.jpg 995w, https:\/\/biblioteca.blanes.cat\/salajove\/wp-content\/uploads\/sites\/3\/2025\/01\/HORIKOSHI-Kohei.-My-hero-academia-vol.3-1327x2048.jpg 1327w, https:\/\/biblioteca.blanes.cat\/salajove\/wp-content\/uploads\/sites\/3\/2025\/01\/HORIKOSHI-Kohei.-My-hero-academia-vol.3-scaled.jpg 1659w\" sizes=\"(max-width: 194px) 100vw, 194px\" \/><\/a>\n\t\t\t<\/div><\/figure><figure class='gallery-item'>\n\t\t\t<div class='gallery-icon portrait'>\n\t\t\t\t<a href='https:\/\/biblioteca.blanes.cat\/salajove\/2025\/02\/01\/novetats-febrer-2025\/version-1-0-0-7\/'><img loading=\"lazy\" decoding=\"async\" width=\"200\" height=\"300\" src=\"https:\/\/biblioteca.blanes.cat\/salajove\/wp-content\/uploads\/sites\/3\/2025\/01\/MATSUMOTO-Naoya.-Kaiju-8-vol.-11-200x300.jpg\" class=\"attachment-medium size-medium\" alt=\"\" aria-describedby=\"gallery-2-9357\" srcset=\"https:\/\/biblioteca.blanes.cat\/salajove\/wp-content\/uploads\/sites\/3\/2025\/01\/MATSUMOTO-Naoya.-Kaiju-8-vol.-11-200x300.jpg 200w, https:\/\/biblioteca.blanes.cat\/salajove\/wp-content\/uploads\/sites\/3\/2025\/01\/MATSUMOTO-Naoya.-Kaiju-8-vol.-11-683x1024.jpg 683w, https:\/\/biblioteca.blanes.cat\/salajove\/wp-content\/uploads\/sites\/3\/2025\/01\/MATSUMOTO-Naoya.-Kaiju-8-vol.-11-768x1152.jpg 768w, https:\/\/biblioteca.blanes.cat\/salajove\/wp-content\/uploads\/sites\/3\/2025\/01\/MATSUMOTO-Naoya.-Kaiju-8-vol.-11-1024x1536.jpg 1024w, https:\/\/biblioteca.blanes.cat\/salajove\/wp-content\/uploads\/sites\/3\/2025\/01\/MATSUMOTO-Naoya.-Kaiju-8-vol.-11-1365x2048.jpg 1365w, https:\/\/biblioteca.blanes.cat\/salajove\/wp-content\/uploads\/sites\/3\/2025\/01\/MATSUMOTO-Naoya.-Kaiju-8-vol.-11.jpg 1400w\" sizes=\"(max-width: 200px) 100vw, 200px\" \/><\/a>\n\t\t\t<\/div>\n\t\t\t\t<figcaption class='wp-caption-text gallery-caption' id='gallery-2-9357'>\n\t\t\t\tVersion 1.0.0\n\t\t\t\t<\/figcaption><\/figure><figure class='gallery-item'>\n\t\t\t<div class='gallery-icon portrait'>\n\t\t\t\t<a href='https:\/\/biblioteca.blanes.cat\/salajove\/2025\/02\/01\/novetats-febrer-2025\/ibanez-f-olimpiadas-del-humor\/'><img loading=\"lazy\" decoding=\"async\" width=\"214\" height=\"300\" src=\"https:\/\/biblioteca.blanes.cat\/salajove\/wp-content\/uploads\/sites\/3\/2025\/01\/IBANEZ-F.-Olimpiadas-del-humor-214x300.jpg\" class=\"attachment-medium size-medium\" alt=\"\" srcset=\"https:\/\/biblioteca.blanes.cat\/salajove\/wp-content\/uploads\/sites\/3\/2025\/01\/IBANEZ-F.-Olimpiadas-del-humor-214x300.jpg 214w, https:\/\/biblioteca.blanes.cat\/salajove\/wp-content\/uploads\/sites\/3\/2025\/01\/IBANEZ-F.-Olimpiadas-del-humor.jpg 360w\" sizes=\"(max-width: 214px) 100vw, 214px\" \/><\/a>\n\t\t\t<\/div><\/figure>\n\t\t<\/div>\n\n<h1 style=\"text-align: center;\"><strong>CONEIXEMENTS<\/strong><\/h1>\n<div id='gallery-3' class='gallery galleryid-9335 gallery-columns-3 gallery-size-medium'><figure class='gallery-item'>\n\t\t\t<div class='gallery-icon portrait'>\n\t\t\t\t<a href='https:\/\/biblioteca.blanes.cat\/salajove\/2025\/02\/01\/novetats-febrer-2025\/calvo-goria-a-viure-la-pubertat\/'><img loading=\"lazy\" decoding=\"async\" width=\"209\" height=\"300\" src=\"https:\/\/biblioteca.blanes.cat\/salajove\/wp-content\/uploads\/sites\/3\/2025\/01\/CALVO-Goria-A.-Viure-la-pubertat-209x300.jpg\" class=\"attachment-medium size-medium\" alt=\"\" srcset=\"https:\/\/biblioteca.blanes.cat\/salajove\/wp-content\/uploads\/sites\/3\/2025\/01\/CALVO-Goria-A.-Viure-la-pubertat-209x300.jpg 209w, https:\/\/biblioteca.blanes.cat\/salajove\/wp-content\/uploads\/sites\/3\/2025\/01\/CALVO-Goria-A.-Viure-la-pubertat.jpg 698w\" sizes=\"(max-width: 209px) 100vw, 209px\" \/><\/a>\n\t\t\t<\/div><\/figure><figure class='gallery-item'>\n\t\t\t<div class='gallery-icon portrait'>\n\t\t\t\t<a href='https:\/\/biblioteca.blanes.cat\/salajove\/2025\/02\/01\/novetats-febrer-2025\/castellanos-pol-la-cara-fosca-de-les-llegendes-veritats-i-misteris-rere-les-histories-de-sempre\/'><img loading=\"lazy\" decoding=\"async\" width=\"227\" height=\"300\" src=\"https:\/\/biblioteca.blanes.cat\/salajove\/wp-content\/uploads\/sites\/3\/2025\/01\/CASTELLANOS-Pol.-La-Cara-fosca-de-les-llegendes-veritats-i-misteris-rere-les-histories-de-sempre-227x300.jpg\" class=\"attachment-medium size-medium\" alt=\"\" srcset=\"https:\/\/biblioteca.blanes.cat\/salajove\/wp-content\/uploads\/sites\/3\/2025\/01\/CASTELLANOS-Pol.-La-Cara-fosca-de-les-llegendes-veritats-i-misteris-rere-les-histories-de-sempre-227x300.jpg 227w, https:\/\/biblioteca.blanes.cat\/salajove\/wp-content\/uploads\/sites\/3\/2025\/01\/CASTELLANOS-Pol.-La-Cara-fosca-de-les-llegendes-veritats-i-misteris-rere-les-histories-de-sempre.jpg 250w\" sizes=\"(max-width: 227px) 100vw, 227px\" \/><\/a>\n\t\t\t<\/div><\/figure><figure class='gallery-item'>\n\t\t\t<div class='gallery-icon landscape'>\n\t\t\t\t<a href='https:\/\/biblioteca.blanes.cat\/salajove\/2025\/02\/01\/novetats-febrer-2025\/espido-freire-millor-diversos-creixer-en-un-mon-plural\/'><img loading=\"lazy\" decoding=\"async\" width=\"300\" height=\"300\" src=\"https:\/\/biblioteca.blanes.cat\/salajove\/wp-content\/uploads\/sites\/3\/2025\/01\/ESPIDO-Freire.-Millor-diversos-creixer-en-un-mon-plural-300x300.jpg\" class=\"attachment-medium size-medium\" alt=\"\" srcset=\"https:\/\/biblioteca.blanes.cat\/salajove\/wp-content\/uploads\/sites\/3\/2025\/01\/ESPIDO-Freire.-Millor-diversos-creixer-en-un-mon-plural-300x300.jpg 300w, https:\/\/biblioteca.blanes.cat\/salajove\/wp-content\/uploads\/sites\/3\/2025\/01\/ESPIDO-Freire.-Millor-diversos-creixer-en-un-mon-plural-150x150.jpg 150w, https:\/\/biblioteca.blanes.cat\/salajove\/wp-content\/uploads\/sites\/3\/2025\/01\/ESPIDO-Freire.-Millor-diversos-creixer-en-un-mon-plural-270x270.jpg 270w, https:\/\/biblioteca.blanes.cat\/salajove\/wp-content\/uploads\/sites\/3\/2025\/01\/ESPIDO-Freire.-Millor-diversos-creixer-en-un-mon-plural-230x230.jpg 230w, https:\/\/biblioteca.blanes.cat\/salajove\/wp-content\/uploads\/sites\/3\/2025\/01\/ESPIDO-Freire.-Millor-diversos-creixer-en-un-mon-plural.jpg 567w\" sizes=\"(max-width: 300px) 100vw, 300px\" \/><\/a>\n\t\t\t<\/div><\/figure><figure class='gallery-item'>\n\t\t\t<div class='gallery-icon portrait'>\n\t\t\t\t<a href='https:\/\/biblioteca.blanes.cat\/salajove\/2025\/02\/01\/novetats-febrer-2025\/garcia-ulldemolins-raquel-la-taula-periodica\/'><img loading=\"lazy\" decoding=\"async\" width=\"234\" height=\"300\" src=\"https:\/\/biblioteca.blanes.cat\/salajove\/wp-content\/uploads\/sites\/3\/2025\/01\/GARCIA-ULLDEMOLINS-raquel.-La-Taula-periodica-234x300.jpg\" class=\"attachment-medium size-medium\" alt=\"\" srcset=\"https:\/\/biblioteca.blanes.cat\/salajove\/wp-content\/uploads\/sites\/3\/2025\/01\/GARCIA-ULLDEMOLINS-raquel.-La-Taula-periodica-234x300.jpg 234w, https:\/\/biblioteca.blanes.cat\/salajove\/wp-content\/uploads\/sites\/3\/2025\/01\/GARCIA-ULLDEMOLINS-raquel.-La-Taula-periodica-798x1024.jpg 798w, https:\/\/biblioteca.blanes.cat\/salajove\/wp-content\/uploads\/sites\/3\/2025\/01\/GARCIA-ULLDEMOLINS-raquel.-La-Taula-periodica-768x985.jpg 768w, https:\/\/biblioteca.blanes.cat\/salajove\/wp-content\/uploads\/sites\/3\/2025\/01\/GARCIA-ULLDEMOLINS-raquel.-La-Taula-periodica.jpg 1169w\" sizes=\"(max-width: 234px) 100vw, 234px\" \/><\/a>\n\t\t\t<\/div><\/figure><figure class='gallery-item'>\n\t\t\t<div class='gallery-icon portrait'>\n\t\t\t\t<a href='https:\/\/biblioteca.blanes.cat\/salajove\/2025\/02\/01\/novetats-febrer-2025\/konstantinov-vitali-esta-escrito-de-la-escritura-cuneiforme-al-emoji\/'><img loading=\"lazy\" decoding=\"async\" width=\"222\" height=\"300\" src=\"https:\/\/biblioteca.blanes.cat\/salajove\/wp-content\/uploads\/sites\/3\/2025\/01\/KONSTANTINOV-Vitali.-Esta-escrito-de-la-escritura-cuneiforme-al-emoji-222x300.jpg\" class=\"attachment-medium size-medium\" alt=\"\" srcset=\"https:\/\/biblioteca.blanes.cat\/salajove\/wp-content\/uploads\/sites\/3\/2025\/01\/KONSTANTINOV-Vitali.-Esta-escrito-de-la-escritura-cuneiforme-al-emoji-222x300.jpg 222w, https:\/\/biblioteca.blanes.cat\/salajove\/wp-content\/uploads\/sites\/3\/2025\/01\/KONSTANTINOV-Vitali.-Esta-escrito-de-la-escritura-cuneiforme-al-emoji-758x1024.jpg 758w, https:\/\/biblioteca.blanes.cat\/salajove\/wp-content\/uploads\/sites\/3\/2025\/01\/KONSTANTINOV-Vitali.-Esta-escrito-de-la-escritura-cuneiforme-al-emoji-768x1038.jpg 768w, https:\/\/biblioteca.blanes.cat\/salajove\/wp-content\/uploads\/sites\/3\/2025\/01\/KONSTANTINOV-Vitali.-Esta-escrito-de-la-escritura-cuneiforme-al-emoji.jpg 850w\" sizes=\"(max-width: 222px) 100vw, 222px\" \/><\/a>\n\t\t\t<\/div><\/figure><figure class='gallery-item'>\n\t\t\t<div class='gallery-icon portrait'>\n\t\t\t\t<a href='https:\/\/biblioteca.blanes.cat\/salajove\/2025\/02\/01\/novetats-febrer-2025\/richards-jon-enciclopedia-del-cos-huma-guia-visual-per-saber-com-funciona-el-cos\/'><img loading=\"lazy\" decoding=\"async\" width=\"250\" height=\"300\" src=\"https:\/\/biblioteca.blanes.cat\/salajove\/wp-content\/uploads\/sites\/3\/2025\/01\/RICHARDS-Jon.-Enciclopedia-del-cos-huma-guia-visual-per-saber-com-funciona-el-cos-250x300.jpg\" class=\"attachment-medium size-medium\" alt=\"\" srcset=\"https:\/\/biblioteca.blanes.cat\/salajove\/wp-content\/uploads\/sites\/3\/2025\/01\/RICHARDS-Jon.-Enciclopedia-del-cos-huma-guia-visual-per-saber-com-funciona-el-cos-250x300.jpg 250w, https:\/\/biblioteca.blanes.cat\/salajove\/wp-content\/uploads\/sites\/3\/2025\/01\/RICHARDS-Jon.-Enciclopedia-del-cos-huma-guia-visual-per-saber-com-funciona-el-cos-768x923.jpg 768w, https:\/\/biblioteca.blanes.cat\/salajove\/wp-content\/uploads\/sites\/3\/2025\/01\/RICHARDS-Jon.-Enciclopedia-del-cos-huma-guia-visual-per-saber-com-funciona-el-cos.jpg 832w\" sizes=\"(max-width: 250px) 100vw, 250px\" \/><\/a>\n\t\t\t<\/div><\/figure>\n\t\t<\/div>\n\n<h1 style=\"text-align: center;\"><strong>MAR<\/strong><\/h1>\n<div id='gallery-4' class='gallery galleryid-9335 gallery-columns-3 gallery-size-medium'><figure class='gallery-item'>\n\t\t\t<div class='gallery-icon portrait'>\n\t\t\t\t<a href='https:\/\/biblioteca.blanes.cat\/salajove\/2025\/02\/01\/novetats-febrer-2025\/version-1-0-0-8\/'><img loading=\"lazy\" decoding=\"async\" width=\"199\" height=\"300\" src=\"https:\/\/biblioteca.blanes.cat\/salajove\/wp-content\/uploads\/sites\/3\/2025\/01\/FUNJE-Cornelia.-La-Maldicion-de-la-medusa-gigante-una-nueva-aventura-de-El-jinete-del-dragon-199x300.jpg\" class=\"attachment-medium size-medium\" alt=\"\" aria-describedby=\"gallery-4-9364\" srcset=\"https:\/\/biblioteca.blanes.cat\/salajove\/wp-content\/uploads\/sites\/3\/2025\/01\/FUNJE-Cornelia.-La-Maldicion-de-la-medusa-gigante-una-nueva-aventura-de-El-jinete-del-dragon-199x300.jpg 199w, https:\/\/biblioteca.blanes.cat\/salajove\/wp-content\/uploads\/sites\/3\/2025\/01\/FUNJE-Cornelia.-La-Maldicion-de-la-medusa-gigante-una-nueva-aventura-de-El-jinete-del-dragon.jpg 678w\" sizes=\"(max-width: 199px) 100vw, 199px\" \/><\/a>\n\t\t\t<\/div>\n\t\t\t\t<figcaption class='wp-caption-text gallery-caption' id='gallery-4-9364'>\n\t\t\t\tVersion 1.0.0\n\t\t\t\t<\/figcaption><\/figure><figure class='gallery-item'>\n\t\t\t<div class='gallery-icon portrait'>\n\t\t\t\t<a href='https:\/\/biblioteca.blanes.cat\/salajove\/2025\/02\/01\/novetats-febrer-2025\/oda-eiichiro-one-piece-east-blue-saga-vol-5\/'><img loading=\"lazy\" decoding=\"async\" width=\"213\" height=\"300\" src=\"https:\/\/biblioteca.blanes.cat\/salajove\/wp-content\/uploads\/sites\/3\/2025\/01\/ODA-EIICHIRO.-One-Piece-East-blue-saga-vol.-5-213x300.jpg\" class=\"attachment-medium size-medium\" alt=\"\" srcset=\"https:\/\/biblioteca.blanes.cat\/salajove\/wp-content\/uploads\/sites\/3\/2025\/01\/ODA-EIICHIRO.-One-Piece-East-blue-saga-vol.-5-213x300.jpg 213w, https:\/\/biblioteca.blanes.cat\/salajove\/wp-content\/uploads\/sites\/3\/2025\/01\/ODA-EIICHIRO.-One-Piece-East-blue-saga-vol.-5.jpg 480w\" sizes=\"(max-width: 213px) 100vw, 213px\" \/><\/a>\n\t\t\t<\/div><\/figure><figure class='gallery-item'>\n\t\t\t<div class='gallery-icon portrait'>\n\t\t\t\t<a href='https:\/\/biblioteca.blanes.cat\/salajove\/2025\/02\/01\/novetats-febrer-2025\/oda-eiichiro-one-piece-east-blue-saga-vol-6\/'><img loading=\"lazy\" decoding=\"async\" width=\"213\" height=\"300\" src=\"https:\/\/biblioteca.blanes.cat\/salajove\/wp-content\/uploads\/sites\/3\/2025\/01\/ODA-EIICHIRO.-One-Piece-East-blue-saga-vol.-6-213x300.jpg\" class=\"attachment-medium size-medium\" alt=\"\" srcset=\"https:\/\/biblioteca.blanes.cat\/salajove\/wp-content\/uploads\/sites\/3\/2025\/01\/ODA-EIICHIRO.-One-Piece-East-blue-saga-vol.-6-213x300.jpg 213w, https:\/\/biblioteca.blanes.cat\/salajove\/wp-content\/uploads\/sites\/3\/2025\/01\/ODA-EIICHIRO.-One-Piece-East-blue-saga-vol.-6.jpg 520w\" sizes=\"(max-width: 213px) 100vw, 213px\" \/><\/a>\n\t\t\t<\/div><\/figure><figure class='gallery-item'>\n\t\t\t<div class='gallery-icon landscape'>\n\t\t\t\t<a href='https:\/\/biblioteca.blanes.cat\/salajove\/2025\/02\/01\/novetats-febrer-2025\/oda-eiichiro-one-piece-east-blue-saga-vol-7\/'><img loading=\"lazy\" decoding=\"async\" width=\"300\" height=\"300\" src=\"https:\/\/biblioteca.blanes.cat\/salajove\/wp-content\/uploads\/sites\/3\/2025\/01\/ODA-EIICHIRO.-One-Piece-East-blue-saga-vol.-7-300x300.png\" class=\"attachment-medium size-medium\" alt=\"\" srcset=\"https:\/\/biblioteca.blanes.cat\/salajove\/wp-content\/uploads\/sites\/3\/2025\/01\/ODA-EIICHIRO.-One-Piece-East-blue-saga-vol.-7-300x300.png 300w, https:\/\/biblioteca.blanes.cat\/salajove\/wp-content\/uploads\/sites\/3\/2025\/01\/ODA-EIICHIRO.-One-Piece-East-blue-saga-vol.-7-150x150.png 150w, https:\/\/biblioteca.blanes.cat\/salajove\/wp-content\/uploads\/sites\/3\/2025\/01\/ODA-EIICHIRO.-One-Piece-East-blue-saga-vol.-7-768x768.png 768w, https:\/\/biblioteca.blanes.cat\/salajove\/wp-content\/uploads\/sites\/3\/2025\/01\/ODA-EIICHIRO.-One-Piece-East-blue-saga-vol.-7-270x270.png 270w, https:\/\/biblioteca.blanes.cat\/salajove\/wp-content\/uploads\/sites\/3\/2025\/01\/ODA-EIICHIRO.-One-Piece-East-blue-saga-vol.-7-230x230.png 230w, https:\/\/biblioteca.blanes.cat\/salajove\/wp-content\/uploads\/sites\/3\/2025\/01\/ODA-EIICHIRO.-One-Piece-East-blue-saga-vol.-7.png 800w\" sizes=\"(max-width: 300px) 100vw, 300px\" \/><\/a>\n\t\t\t<\/div><\/figure><figure class='gallery-item'>\n\t\t\t<div class='gallery-icon portrait'>\n\t\t\t\t<a href='https:\/\/biblioteca.blanes.cat\/salajove\/2025\/02\/01\/novetats-febrer-2025\/oda-eiichiro-one-piece-east-blue-saga-vol-8\/'><img loading=\"lazy\" decoding=\"async\" width=\"213\" height=\"300\" src=\"https:\/\/biblioteca.blanes.cat\/salajove\/wp-content\/uploads\/sites\/3\/2025\/01\/ODA-EIICHIRO.-One-Piece-East-blue-saga-vol.-8-213x300.jpg\" class=\"attachment-medium size-medium\" alt=\"\" srcset=\"https:\/\/biblioteca.blanes.cat\/salajove\/wp-content\/uploads\/sites\/3\/2025\/01\/ODA-EIICHIRO.-One-Piece-East-blue-saga-vol.-8-213x300.jpg 213w, https:\/\/biblioteca.blanes.cat\/salajove\/wp-content\/uploads\/sites\/3\/2025\/01\/ODA-EIICHIRO.-One-Piece-East-blue-saga-vol.-8-728x1024.jpg 728w, https:\/\/biblioteca.blanes.cat\/salajove\/wp-content\/uploads\/sites\/3\/2025\/01\/ODA-EIICHIRO.-One-Piece-East-blue-saga-vol.-8-768x1080.jpg 768w, https:\/\/biblioteca.blanes.cat\/salajove\/wp-content\/uploads\/sites\/3\/2025\/01\/ODA-EIICHIRO.-One-Piece-East-blue-saga-vol.-8-1092x1536.jpg 1092w, https:\/\/biblioteca.blanes.cat\/salajove\/wp-content\/uploads\/sites\/3\/2025\/01\/ODA-EIICHIRO.-One-Piece-East-blue-saga-vol.-8-1457x2048.jpg 1457w, https:\/\/biblioteca.blanes.cat\/salajove\/wp-content\/uploads\/sites\/3\/2025\/01\/ODA-EIICHIRO.-One-Piece-East-blue-saga-vol.-8-scaled.jpg 1821w\" sizes=\"(max-width: 213px) 100vw, 213px\" \/><\/a>\n\t\t\t<\/div><\/figure>\n\t\t<\/div>\n\n<h1 style=\"text-align: center;\"><strong>CENTRES D&#8217;INTER\u00c8S<\/strong><\/h1>\n<div id='gallery-5' class='gallery galleryid-9335 gallery-columns-3 gallery-size-medium'><figure class='gallery-item'>\n\t\t\t<div class='gallery-icon portrait'>\n\t\t\t\t<a href='https:\/\/biblioteca.blanes.cat\/salajove\/2025\/02\/01\/novetats-febrer-2025\/bompa-tudor-entrenamiento-y-acondicionamiento-de-deportistas-jovenes-2\/'><img loading=\"lazy\" decoding=\"async\" width=\"230\" height=\"300\" src=\"https:\/\/biblioteca.blanes.cat\/salajove\/wp-content\/uploads\/sites\/3\/2025\/01\/BOMPA-Tudor.-Entrenamiento-y-acondicionamiento-de-deportistas-jovenes-1-230x300.jpg\" class=\"attachment-medium size-medium\" alt=\"\" srcset=\"https:\/\/biblioteca.blanes.cat\/salajove\/wp-content\/uploads\/sites\/3\/2025\/01\/BOMPA-Tudor.-Entrenamiento-y-acondicionamiento-de-deportistas-jovenes-1-230x300.jpg 230w, https:\/\/biblioteca.blanes.cat\/salajove\/wp-content\/uploads\/sites\/3\/2025\/01\/BOMPA-Tudor.-Entrenamiento-y-acondicionamiento-de-deportistas-jovenes-1.jpg 766w\" sizes=\"(max-width: 230px) 100vw, 230px\" \/><\/a>\n\t\t\t<\/div><\/figure><figure class='gallery-item'>\n\t\t\t<div class='gallery-icon portrait'>\n\t\t\t\t<a href='https:\/\/biblioteca.blanes.cat\/salajove\/2025\/02\/01\/novetats-febrer-2025\/chen-animo-carta-de-amor-2\/'><img loading=\"lazy\" decoding=\"async\" width=\"212\" height=\"300\" src=\"https:\/\/biblioteca.blanes.cat\/salajove\/wp-content\/uploads\/sites\/3\/2025\/01\/CHEN-Animo.-Carta-de-amor-1-212x300.jpg\" class=\"attachment-medium size-medium\" alt=\"\" srcset=\"https:\/\/biblioteca.blanes.cat\/salajove\/wp-content\/uploads\/sites\/3\/2025\/01\/CHEN-Animo.-Carta-de-amor-1-212x300.jpg 212w, https:\/\/biblioteca.blanes.cat\/salajove\/wp-content\/uploads\/sites\/3\/2025\/01\/CHEN-Animo.-Carta-de-amor-1.jpg 708w\" sizes=\"(max-width: 212px) 100vw, 212px\" \/><\/a>\n\t\t\t<\/div><\/figure><figure class='gallery-item'>\n\t\t\t<div class='gallery-icon portrait'>\n\t\t\t\t<a href='https:\/\/biblioteca.blanes.cat\/salajove\/2025\/02\/01\/novetats-febrer-2025\/version-1-0-0-10\/'><img loading=\"lazy\" decoding=\"async\" width=\"198\" height=\"300\" src=\"https:\/\/biblioteca.blanes.cat\/salajove\/wp-content\/uploads\/sites\/3\/2025\/01\/PEREZ-Ana.-Cuidate-para-crecer-100-herramientas-psicologicas-para-desarrollar-la-autoestima-que-mereces-1-198x300.jpg\" class=\"attachment-medium size-medium\" alt=\"\" aria-describedby=\"gallery-5-9383\" srcset=\"https:\/\/biblioteca.blanes.cat\/salajove\/wp-content\/uploads\/sites\/3\/2025\/01\/PEREZ-Ana.-Cuidate-para-crecer-100-herramientas-psicologicas-para-desarrollar-la-autoestima-que-mereces-1-198x300.jpg 198w, https:\/\/biblioteca.blanes.cat\/salajove\/wp-content\/uploads\/sites\/3\/2025\/01\/PEREZ-Ana.-Cuidate-para-crecer-100-herramientas-psicologicas-para-desarrollar-la-autoestima-que-mereces-1-674x1024.jpg 674w, https:\/\/biblioteca.blanes.cat\/salajove\/wp-content\/uploads\/sites\/3\/2025\/01\/PEREZ-Ana.-Cuidate-para-crecer-100-herramientas-psicologicas-para-desarrollar-la-autoestima-que-mereces-1-768x1166.jpg 768w, https:\/\/biblioteca.blanes.cat\/salajove\/wp-content\/uploads\/sites\/3\/2025\/01\/PEREZ-Ana.-Cuidate-para-crecer-100-herramientas-psicologicas-para-desarrollar-la-autoestima-que-mereces-1-1012x1536.jpg 1012w, https:\/\/biblioteca.blanes.cat\/salajove\/wp-content\/uploads\/sites\/3\/2025\/01\/PEREZ-Ana.-Cuidate-para-crecer-100-herramientas-psicologicas-para-desarrollar-la-autoestima-que-mereces-1-1349x2048.jpg 1349w, https:\/\/biblioteca.blanes.cat\/salajove\/wp-content\/uploads\/sites\/3\/2025\/01\/PEREZ-Ana.-Cuidate-para-crecer-100-herramientas-psicologicas-para-desarrollar-la-autoestima-que-mereces-1.jpg 1686w\" sizes=\"(max-width: 198px) 100vw, 198px\" \/><\/a>\n\t\t\t<\/div>\n\t\t\t\t<figcaption class='wp-caption-text gallery-caption' id='gallery-5-9383'>\n\t\t\t\tVersion 1.0.0\n\t\t\t\t<\/figcaption><\/figure><figure class='gallery-item'>\n\t\t\t<div class='gallery-icon portrait'>\n\t\t\t\t<a href='https:\/\/biblioteca.blanes.cat\/salajove\/2025\/02\/01\/novetats-febrer-2025\/perret-delphine-una-gran-historia-de-vaqueros-2\/'><img loading=\"lazy\" decoding=\"async\" width=\"216\" height=\"300\" src=\"https:\/\/biblioteca.blanes.cat\/salajove\/wp-content\/uploads\/sites\/3\/2025\/01\/PERRET-Delphine.-Una-Gran-historia-de-vaqueros-1-216x300.jpg\" class=\"attachment-medium size-medium\" alt=\"\" srcset=\"https:\/\/biblioteca.blanes.cat\/salajove\/wp-content\/uploads\/sites\/3\/2025\/01\/PERRET-Delphine.-Una-Gran-historia-de-vaqueros-1-216x300.jpg 216w, https:\/\/biblioteca.blanes.cat\/salajove\/wp-content\/uploads\/sites\/3\/2025\/01\/PERRET-Delphine.-Una-Gran-historia-de-vaqueros-1.jpg 442w\" sizes=\"(max-width: 216px) 100vw, 216px\" \/><\/a>\n\t\t\t<\/div><\/figure><figure class='gallery-item'>\n\t\t\t<div class='gallery-icon portrait'>\n\t\t\t\t<a href='https:\/\/biblioteca.blanes.cat\/salajove\/2025\/02\/01\/novetats-febrer-2025\/bassa-david-pantalles\/'><img loading=\"lazy\" decoding=\"async\" width=\"196\" height=\"300\" src=\"https:\/\/biblioteca.blanes.cat\/salajove\/wp-content\/uploads\/sites\/3\/2025\/01\/BASSA-David.-Pantalles--196x300.jpg\" class=\"attachment-medium size-medium\" alt=\"\" srcset=\"https:\/\/biblioteca.blanes.cat\/salajove\/wp-content\/uploads\/sites\/3\/2025\/01\/BASSA-David.-Pantalles--196x300.jpg 196w, https:\/\/biblioteca.blanes.cat\/salajove\/wp-content\/uploads\/sites\/3\/2025\/01\/BASSA-David.-Pantalles-.jpg 600w\" sizes=\"(max-width: 196px) 100vw, 196px\" \/><\/a>\n\t\t\t<\/div><\/figure>\n\t\t<\/div>\n\n<h1 style=\"text-align: center;\"><strong>AUDIOVISUALS<\/strong><\/h1>\n<div id='gallery-6' class='gallery galleryid-9335 gallery-columns-3 gallery-size-medium'><figure class='gallery-item'>\n\t\t\t<div class='gallery-icon portrait'>\n\t\t\t\t<a href='https:\/\/biblioteca.blanes.cat\/salajove\/2025\/02\/01\/novetats-febrer-2025\/black-adam-jaume-collet-serra\/'><img loading=\"lazy\" decoding=\"async\" width=\"219\" height=\"300\" src=\"https:\/\/biblioteca.blanes.cat\/salajove\/wp-content\/uploads\/sites\/3\/2025\/01\/Black-Adam-Jaume-Collet-Serra-219x300.jpg\" class=\"attachment-medium size-medium\" alt=\"\" srcset=\"https:\/\/biblioteca.blanes.cat\/salajove\/wp-content\/uploads\/sites\/3\/2025\/01\/Black-Adam-Jaume-Collet-Serra-219x300.jpg 219w, https:\/\/biblioteca.blanes.cat\/salajove\/wp-content\/uploads\/sites\/3\/2025\/01\/Black-Adam-Jaume-Collet-Serra.jpg 400w\" sizes=\"(max-width: 219px) 100vw, 219px\" \/><\/a>\n\t\t\t<\/div><\/figure><figure class='gallery-item'>\n\t\t\t<div class='gallery-icon landscape'>\n\t\t\t\t<a href='https:\/\/biblioteca.blanes.cat\/salajove\/2025\/02\/01\/novetats-febrer-2025\/cuenta-conmigo-rob-reiner\/'><img loading=\"lazy\" decoding=\"async\" width=\"300\" height=\"300\" src=\"https:\/\/biblioteca.blanes.cat\/salajove\/wp-content\/uploads\/sites\/3\/2025\/01\/Cuenta-conmigo-Rob-Reiner-300x300.avif\" class=\"attachment-medium size-medium\" alt=\"\" srcset=\"https:\/\/biblioteca.blanes.cat\/salajove\/wp-content\/uploads\/sites\/3\/2025\/01\/Cuenta-conmigo-Rob-Reiner-300x300.avif 300w, https:\/\/biblioteca.blanes.cat\/salajove\/wp-content\/uploads\/sites\/3\/2025\/01\/Cuenta-conmigo-Rob-Reiner-1024x1024.avif 1024w, https:\/\/biblioteca.blanes.cat\/salajove\/wp-content\/uploads\/sites\/3\/2025\/01\/Cuenta-conmigo-Rob-Reiner-150x150.avif 150w, https:\/\/biblioteca.blanes.cat\/salajove\/wp-content\/uploads\/sites\/3\/2025\/01\/Cuenta-conmigo-Rob-Reiner-768x768.avif 768w, https:\/\/biblioteca.blanes.cat\/salajove\/wp-content\/uploads\/sites\/3\/2025\/01\/Cuenta-conmigo-Rob-Reiner-270x270.avif 270w, https:\/\/biblioteca.blanes.cat\/salajove\/wp-content\/uploads\/sites\/3\/2025\/01\/Cuenta-conmigo-Rob-Reiner-230x230.avif 230w, https:\/\/biblioteca.blanes.cat\/salajove\/wp-content\/uploads\/sites\/3\/2025\/01\/Cuenta-conmigo-Rob-Reiner.avif 1200w\" sizes=\"(max-width: 300px) 100vw, 300px\" \/><\/a>\n\t\t\t<\/div><\/figure><figure class='gallery-item'>\n\t\t\t<div class='gallery-icon portrait'>\n\t\t\t\t<a href='https:\/\/biblioteca.blanes.cat\/salajove\/2025\/02\/01\/novetats-febrer-2025\/el-senor-de-los-anillos-ralph-bakshi\/'><img loading=\"lazy\" decoding=\"async\" width=\"219\" height=\"300\" src=\"https:\/\/biblioteca.blanes.cat\/salajove\/wp-content\/uploads\/sites\/3\/2025\/01\/El-Senor-de-los-anillos-Ralph-Bakshi-219x300.jpg\" class=\"attachment-medium size-medium\" alt=\"\" srcset=\"https:\/\/biblioteca.blanes.cat\/salajove\/wp-content\/uploads\/sites\/3\/2025\/01\/El-Senor-de-los-anillos-Ralph-Bakshi-219x300.jpg 219w, https:\/\/biblioteca.blanes.cat\/salajove\/wp-content\/uploads\/sites\/3\/2025\/01\/El-Senor-de-los-anillos-Ralph-Bakshi.jpg 468w\" sizes=\"(max-width: 219px) 100vw, 219px\" \/><\/a>\n\t\t\t<\/div><\/figure><figure class='gallery-item'>\n\t\t\t<div class='gallery-icon portrait'>\n\t\t\t\t<a href='https:\/\/biblioteca.blanes.cat\/salajove\/2025\/02\/01\/novetats-febrer-2025\/el-universo-de-oliver-alexis-morante\/'><img loading=\"lazy\" decoding=\"async\" width=\"188\" height=\"300\" src=\"https:\/\/biblioteca.blanes.cat\/salajove\/wp-content\/uploads\/sites\/3\/2025\/01\/El-Universo-de-Oliver-Alexis-Morante-188x300.jpg\" class=\"attachment-medium size-medium\" alt=\"\" srcset=\"https:\/\/biblioteca.blanes.cat\/salajove\/wp-content\/uploads\/sites\/3\/2025\/01\/El-Universo-de-Oliver-Alexis-Morante-188x300.jpg 188w, https:\/\/biblioteca.blanes.cat\/salajove\/wp-content\/uploads\/sites\/3\/2025\/01\/El-Universo-de-Oliver-Alexis-Morante.jpg 400w\" sizes=\"(max-width: 188px) 100vw, 188px\" \/><\/a>\n\t\t\t<\/div><\/figure><figure class='gallery-item'>\n\t\t\t<div class='gallery-icon portrait'>\n\t\t\t\t<a href='https:\/\/biblioteca.blanes.cat\/salajove\/2025\/02\/01\/novetats-febrer-2025\/flash-andy-muschietti\/'><img loading=\"lazy\" decoding=\"async\" width=\"219\" height=\"300\" src=\"https:\/\/biblioteca.blanes.cat\/salajove\/wp-content\/uploads\/sites\/3\/2025\/01\/Flash-Andy-Muschietti-219x300.jpg\" class=\"attachment-medium size-medium\" alt=\"\" srcset=\"https:\/\/biblioteca.blanes.cat\/salajove\/wp-content\/uploads\/sites\/3\/2025\/01\/Flash-Andy-Muschietti-219x300.jpg 219w, https:\/\/biblioteca.blanes.cat\/salajove\/wp-content\/uploads\/sites\/3\/2025\/01\/Flash-Andy-Muschietti.jpg 400w\" sizes=\"(max-width: 219px) 100vw, 219px\" \/><\/a>\n\t\t\t<\/div><\/figure><figure class='gallery-item'>\n\t\t\t<div class='gallery-icon landscape'>\n\t\t\t\t<a href='https:\/\/biblioteca.blanes.cat\/salajove\/2025\/02\/01\/novetats-febrer-2025\/thor-love-and-thunder-taika-waititi\/'><img loading=\"lazy\" decoding=\"async\" width=\"300\" height=\"300\" src=\"https:\/\/biblioteca.blanes.cat\/salajove\/wp-content\/uploads\/sites\/3\/2025\/01\/Thor-love-and-thunder-Taika-Waititi-300x300.jpg\" class=\"attachment-medium size-medium\" alt=\"\" srcset=\"https:\/\/biblioteca.blanes.cat\/salajove\/wp-content\/uploads\/sites\/3\/2025\/01\/Thor-love-and-thunder-Taika-Waititi-300x300.jpg 300w, https:\/\/biblioteca.blanes.cat\/salajove\/wp-content\/uploads\/sites\/3\/2025\/01\/Thor-love-and-thunder-Taika-Waititi-150x150.jpg 150w, https:\/\/biblioteca.blanes.cat\/salajove\/wp-content\/uploads\/sites\/3\/2025\/01\/Thor-love-and-thunder-Taika-Waititi-270x270.jpg 270w, https:\/\/biblioteca.blanes.cat\/salajove\/wp-content\/uploads\/sites\/3\/2025\/01\/Thor-love-and-thunder-Taika-Waititi-230x230.jpg 230w, https:\/\/biblioteca.blanes.cat\/salajove\/wp-content\/uploads\/sites\/3\/2025\/01\/Thor-love-and-thunder-Taika-Waititi.jpg 340w\" sizes=\"(max-width: 300px) 100vw, 300px\" \/><\/a>\n\t\t\t<\/div><\/figure><figure class='gallery-item'>\n\t\t\t<div class='gallery-icon portrait'>\n\t\t\t\t<a href='https:\/\/biblioteca.blanes.cat\/salajove\/2025\/02\/01\/novetats-febrer-2025\/willow-ron-howard\/'><img loading=\"lazy\" decoding=\"async\" width=\"208\" height=\"300\" src=\"https:\/\/biblioteca.blanes.cat\/salajove\/wp-content\/uploads\/sites\/3\/2025\/01\/Willow-Ron-Howard-208x300.jpg\" class=\"attachment-medium size-medium\" alt=\"\" srcset=\"https:\/\/biblioteca.blanes.cat\/salajove\/wp-content\/uploads\/sites\/3\/2025\/01\/Willow-Ron-Howard-208x300.jpg 208w, https:\/\/biblioteca.blanes.cat\/salajove\/wp-content\/uploads\/sites\/3\/2025\/01\/Willow-Ron-Howard.jpg 692w\" sizes=\"(max-width: 208px) 100vw, 208px\" \/><\/a>\n\t\t\t<\/div><\/figure><figure class='gallery-item'>\n\t\t\t<div class='gallery-icon landscape'>\n\t\t\t\t<a href='https:\/\/biblioteca.blanes.cat\/salajove\/2025\/02\/01\/novetats-febrer-2025\/los-cazafantasmas-coleccion-de-3-peliculas\/'><img loading=\"lazy\" decoding=\"async\" width=\"300\" height=\"224\" src=\"https:\/\/biblioteca.blanes.cat\/salajove\/wp-content\/uploads\/sites\/3\/2025\/01\/Los-Cazafantasmas-coleccion-de-3-peliculas-300x224.jpg\" class=\"attachment-medium size-medium\" alt=\"\" srcset=\"https:\/\/biblioteca.blanes.cat\/salajove\/wp-content\/uploads\/sites\/3\/2025\/01\/Los-Cazafantasmas-coleccion-de-3-peliculas-300x224.jpg 300w, https:\/\/biblioteca.blanes.cat\/salajove\/wp-content\/uploads\/sites\/3\/2025\/01\/Los-Cazafantasmas-coleccion-de-3-peliculas-768x574.jpg 768w, https:\/\/biblioteca.blanes.cat\/salajove\/wp-content\/uploads\/sites\/3\/2025\/01\/Los-Cazafantasmas-coleccion-de-3-peliculas.jpg 786w\" sizes=\"(max-width: 300px) 100vw, 300px\" \/><\/a>\n\t\t\t<\/div><\/figure>\n\t\t<\/div>\n\n\n\n","protected":false},"excerpt":{"rendered":"<p>Biblioteca Jove Blanes \u2013 Novetats febrer Us presentem les novetats de la Sala Jove del mes de febrer: novel\u00b7les, mar, diversos centres d&#8217;inter\u00e8s i mat\u00e8ries i pel\u00b7l\u00edcules. A m\u00e9s, a c\u00f2mic tenim nous llibres de One Piece per celebrar els<\/p>\n","protected":false},"author":4,"featured_media":9272,"comment_status":"open","ping_status":"open","sticky":false,"template":"","format":"standard","meta":{"sfsi_plus_gutenberg_text_before_share":"","sfsi_plus_gutenberg_show_text_before_share":"","sfsi_plus_gutenberg_icon_type":"","sfsi_plus_gutenberg_icon_alignemt":"","sfsi_plus_gutenburg_max_per_row":"","footnotes":""},"categories":[104,7],"tags":[49,98,52,26,19],"class_list":["post-9335","post","type-post","status-publish","format-standard","has-post-thumbnail","hentry","category-fons-juvenil","category-novetats","tag-actualitat","tag-guia-lectura-literatura-llibres","tag-joves","tag-lectura","tag-literatura"],"yoast_head":"<!-- This site is optimized with the Yoast SEO plugin v27.5 - https:\/\/yoast.com\/product\/yoast-seo-wordpress\/ -->\n<title>Novetats: febrer 2025 - Sala Jove<\/title>\n<meta name=\"robots\" content=\"index, follow, max-snippet:-1, max-image-preview:large, max-video-preview:-1\" \/>\n<link rel=\"canonical\" href=\"https:\/\/biblioteca.blanes.cat\/salajove\/2025\/02\/01\/novetats-febrer-2025\/\" \/>\n<meta property=\"og:locale\" content=\"ca_ES\" \/>\n<meta property=\"og:type\" content=\"article\" \/>\n<meta property=\"og:title\" content=\"Novetats: febrer 2025 - Sala Jove\" \/>\n<meta property=\"og:description\" content=\"Biblioteca Jove Blanes \u2013 Novetats febrer Us presentem les novetats de la Sala Jove del mes de febrer: novel\u00b7les, mar, diversos centres d&#8217;inter\u00e8s i mat\u00e8ries i pel\u00b7l\u00edcules. A m\u00e9s, a c\u00f2mic tenim nous llibres de One Piece per celebrar els\" \/>\n<meta property=\"og:url\" content=\"https:\/\/biblioteca.blanes.cat\/salajove\/2025\/02\/01\/novetats-febrer-2025\/\" \/>\n<meta property=\"og:site_name\" content=\"Sala Jove\" \/>\n<meta property=\"article:publisher\" content=\"https:\/\/www.facebook.com\/BilbiotecaComarcaldeBlanes\/\" \/>\n<meta property=\"article:published_time\" content=\"2025-02-01T09:07:53+00:00\" \/>\n<meta property=\"article:modified_time\" content=\"2025-09-03T17:17:57+00:00\" \/>\n<meta property=\"og:image\" content=\"https:\/\/biblioteca.blanes.cat\/salajove\/wp-content\/uploads\/sites\/3\/2025\/01\/novetats-hivern-1.jpg\" \/>\n\t<meta property=\"og:image:width\" content=\"1748\" \/>\n\t<meta property=\"og:image:height\" content=\"1240\" \/>\n\t<meta property=\"og:image:type\" content=\"image\/jpeg\" \/>\n<meta name=\"author\" content=\"biblioblanes\" \/>\n<meta name=\"twitter:card\" content=\"summary_large_image\" \/>\n<meta name=\"twitter:creator\" content=\"@biblioblanes\" \/>\n<meta name=\"twitter:site\" content=\"@BiblioBlanes\" \/>\n<meta name=\"twitter:label1\" content=\"Escrit per\" \/>\n\t<meta name=\"twitter:data1\" content=\"biblioblanes\" \/>\n\t<meta name=\"twitter:label2\" content=\"Temps estimat de lectura\" \/>\n\t<meta name=\"twitter:data2\" content=\"1 minut\" \/>\n<script type=\"application\/ld+json\" class=\"yoast-schema-graph\">{\"@context\":\"https:\\\/\\\/schema.org\",\"@graph\":[{\"@type\":\"Article\",\"@id\":\"https:\\\/\\\/biblioteca.blanes.cat\\\/salajove\\\/2025\\\/02\\\/01\\\/novetats-febrer-2025\\\/#article\",\"isPartOf\":{\"@id\":\"https:\\\/\\\/biblioteca.blanes.cat\\\/salajove\\\/2025\\\/02\\\/01\\\/novetats-febrer-2025\\\/\"},\"author\":{\"name\":\"biblioblanes\",\"@id\":\"https:\\\/\\\/biblioteca.blanes.cat\\\/salajove\\\/#\\\/schema\\\/person\\\/5a7b46760d9dd611d098bbf571a341dc\"},\"headline\":\"Novetats: febrer 2025\",\"datePublished\":\"2025-02-01T09:07:53+00:00\",\"dateModified\":\"2025-09-03T17:17:57+00:00\",\"mainEntityOfPage\":{\"@id\":\"https:\\\/\\\/biblioteca.blanes.cat\\\/salajove\\\/2025\\\/02\\\/01\\\/novetats-febrer-2025\\\/\"},\"wordCount\":81,\"commentCount\":0,\"publisher\":{\"@id\":\"https:\\\/\\\/biblioteca.blanes.cat\\\/salajove\\\/#organization\"},\"image\":{\"@id\":\"https:\\\/\\\/biblioteca.blanes.cat\\\/salajove\\\/2025\\\/02\\\/01\\\/novetats-febrer-2025\\\/#primaryimage\"},\"thumbnailUrl\":\"https:\\\/\\\/biblioteca.blanes.cat\\\/salajove\\\/wp-content\\\/uploads\\\/sites\\\/3\\\/2025\\\/01\\\/novetats-hivern-1.jpg\",\"keywords\":[\"#Actualitat\",\"#Guia #Lectura #Literatura #Llibres\",\"#Joves\",\"#Lectura\",\"#Literatura\"],\"articleSection\":[\"Fons juvenil\",\"Novetats\"],\"inLanguage\":\"ca\",\"potentialAction\":[{\"@type\":\"CommentAction\",\"name\":\"Comment\",\"target\":[\"https:\\\/\\\/biblioteca.blanes.cat\\\/salajove\\\/2025\\\/02\\\/01\\\/novetats-febrer-2025\\\/#respond\"]}]},{\"@type\":\"WebPage\",\"@id\":\"https:\\\/\\\/biblioteca.blanes.cat\\\/salajove\\\/2025\\\/02\\\/01\\\/novetats-febrer-2025\\\/\",\"url\":\"https:\\\/\\\/biblioteca.blanes.cat\\\/salajove\\\/2025\\\/02\\\/01\\\/novetats-febrer-2025\\\/\",\"name\":\"Novetats: febrer 2025 - Sala Jove\",\"isPartOf\":{\"@id\":\"https:\\\/\\\/biblioteca.blanes.cat\\\/salajove\\\/#website\"},\"primaryImageOfPage\":{\"@id\":\"https:\\\/\\\/biblioteca.blanes.cat\\\/salajove\\\/2025\\\/02\\\/01\\\/novetats-febrer-2025\\\/#primaryimage\"},\"image\":{\"@id\":\"https:\\\/\\\/biblioteca.blanes.cat\\\/salajove\\\/2025\\\/02\\\/01\\\/novetats-febrer-2025\\\/#primaryimage\"},\"thumbnailUrl\":\"https:\\\/\\\/biblioteca.blanes.cat\\\/salajove\\\/wp-content\\\/uploads\\\/sites\\\/3\\\/2025\\\/01\\\/novetats-hivern-1.jpg\",\"datePublished\":\"2025-02-01T09:07:53+00:00\",\"dateModified\":\"2025-09-03T17:17:57+00:00\",\"breadcrumb\":{\"@id\":\"https:\\\/\\\/biblioteca.blanes.cat\\\/salajove\\\/2025\\\/02\\\/01\\\/novetats-febrer-2025\\\/#breadcrumb\"},\"inLanguage\":\"ca\",\"potentialAction\":[{\"@type\":\"ReadAction\",\"target\":[\"https:\\\/\\\/biblioteca.blanes.cat\\\/salajove\\\/2025\\\/02\\\/01\\\/novetats-febrer-2025\\\/\"]}]},{\"@type\":\"ImageObject\",\"inLanguage\":\"ca\",\"@id\":\"https:\\\/\\\/biblioteca.blanes.cat\\\/salajove\\\/2025\\\/02\\\/01\\\/novetats-febrer-2025\\\/#primaryimage\",\"url\":\"https:\\\/\\\/biblioteca.blanes.cat\\\/salajove\\\/wp-content\\\/uploads\\\/sites\\\/3\\\/2025\\\/01\\\/novetats-hivern-1.jpg\",\"contentUrl\":\"https:\\\/\\\/biblioteca.blanes.cat\\\/salajove\\\/wp-content\\\/uploads\\\/sites\\\/3\\\/2025\\\/01\\\/novetats-hivern-1.jpg\",\"width\":1748,\"height\":1240},{\"@type\":\"BreadcrumbList\",\"@id\":\"https:\\\/\\\/biblioteca.blanes.cat\\\/salajove\\\/2025\\\/02\\\/01\\\/novetats-febrer-2025\\\/#breadcrumb\",\"itemListElement\":[{\"@type\":\"ListItem\",\"position\":1,\"name\":\"Inici\",\"item\":\"https:\\\/\\\/biblioteca.blanes.cat\\\/salajove\\\/\"},{\"@type\":\"ListItem\",\"position\":2,\"name\":\"Novetats: febrer 2025\"}]},{\"@type\":\"WebSite\",\"@id\":\"https:\\\/\\\/biblioteca.blanes.cat\\\/salajove\\\/#website\",\"url\":\"https:\\\/\\\/biblioteca.blanes.cat\\\/salajove\\\/\",\"name\":\"Sala Jove\",\"description\":\"Biblioteca Comarcal de Blanes\",\"publisher\":{\"@id\":\"https:\\\/\\\/biblioteca.blanes.cat\\\/salajove\\\/#organization\"},\"potentialAction\":[{\"@type\":\"SearchAction\",\"target\":{\"@type\":\"EntryPoint\",\"urlTemplate\":\"https:\\\/\\\/biblioteca.blanes.cat\\\/salajove\\\/?s={search_term_string}\"},\"query-input\":{\"@type\":\"PropertyValueSpecification\",\"valueRequired\":true,\"valueName\":\"search_term_string\"}}],\"inLanguage\":\"ca\"},{\"@type\":\"Organization\",\"@id\":\"https:\\\/\\\/biblioteca.blanes.cat\\\/salajove\\\/#organization\",\"name\":\"Biblioteca Comarcal de Blanes\",\"url\":\"https:\\\/\\\/biblioteca.blanes.cat\\\/salajove\\\/\",\"logo\":{\"@type\":\"ImageObject\",\"inLanguage\":\"ca\",\"@id\":\"https:\\\/\\\/biblioteca.blanes.cat\\\/salajove\\\/#\\\/schema\\\/logo\\\/image\\\/\",\"url\":\"https:\\\/\\\/biblioteca.blanes.cat\\\/salajove\\\/wp-content\\\/uploads\\\/sites\\\/3\\\/2017\\\/09\\\/cropped-Bib-blau-e1518869380535.png\",\"contentUrl\":\"https:\\\/\\\/biblioteca.blanes.cat\\\/salajove\\\/wp-content\\\/uploads\\\/sites\\\/3\\\/2017\\\/09\\\/cropped-Bib-blau-e1518869380535.png\",\"width\":166,\"height\":166,\"caption\":\"Biblioteca Comarcal de Blanes\"},\"image\":{\"@id\":\"https:\\\/\\\/biblioteca.blanes.cat\\\/salajove\\\/#\\\/schema\\\/logo\\\/image\\\/\"},\"sameAs\":[\"https:\\\/\\\/www.facebook.com\\\/BilbiotecaComarcaldeBlanes\\\/\",\"https:\\\/\\\/x.com\\\/BiblioBlanes\",\"https:\\\/\\\/www.instagram.com\\\/biblioblanes\\\/\",\"https:\\\/\\\/www.pinterest.es\\\/bblanes\\\/\",\"https:\\\/\\\/www.youtube.com\\\/c\\\/BibliotecaComarcalBlanes\"]},{\"@type\":\"Person\",\"@id\":\"https:\\\/\\\/biblioteca.blanes.cat\\\/salajove\\\/#\\\/schema\\\/person\\\/5a7b46760d9dd611d098bbf571a341dc\",\"name\":\"biblioblanes\",\"image\":{\"@type\":\"ImageObject\",\"inLanguage\":\"ca\",\"@id\":\"https:\\\/\\\/secure.gravatar.com\\\/avatar\\\/6593ca6cc90e5a70939f51c95e8315483b9c281bafba597292bee47992030f99?s=96&d=mm&r=g\",\"url\":\"https:\\\/\\\/secure.gravatar.com\\\/avatar\\\/6593ca6cc90e5a70939f51c95e8315483b9c281bafba597292bee47992030f99?s=96&d=mm&r=g\",\"contentUrl\":\"https:\\\/\\\/secure.gravatar.com\\\/avatar\\\/6593ca6cc90e5a70939f51c95e8315483b9c281bafba597292bee47992030f99?s=96&d=mm&r=g\",\"caption\":\"biblioblanes\"},\"sameAs\":[\"http:\\\/\\\/www.bibgirona.cat\\\/biblioteca\\\/blanes\",\"https:\\\/\\\/x.com\\\/biblioblanes\"],\"url\":\"https:\\\/\\\/biblioteca.blanes.cat\\\/salajove\\\/author\\\/biblioblanes\\\/\"}]}<\/script>\n<!-- \/ Yoast SEO plugin. -->","yoast_head_json":{"title":"Novetats: febrer 2025 - Sala Jove","robots":{"index":"index","follow":"follow","max-snippet":"max-snippet:-1","max-image-preview":"max-image-preview:large","max-video-preview":"max-video-preview:-1"},"canonical":"https:\/\/biblioteca.blanes.cat\/salajove\/2025\/02\/01\/novetats-febrer-2025\/","og_locale":"ca_ES","og_type":"article","og_title":"Novetats: febrer 2025 - Sala Jove","og_description":"Biblioteca Jove Blanes \u2013 Novetats febrer Us presentem les novetats de la Sala Jove del mes de febrer: novel\u00b7les, mar, diversos centres d&#8217;inter\u00e8s i mat\u00e8ries i pel\u00b7l\u00edcules. A m\u00e9s, a c\u00f2mic tenim nous llibres de One Piece per celebrar els","og_url":"https:\/\/biblioteca.blanes.cat\/salajove\/2025\/02\/01\/novetats-febrer-2025\/","og_site_name":"Sala Jove","article_publisher":"https:\/\/www.facebook.com\/BilbiotecaComarcaldeBlanes\/","article_published_time":"2025-02-01T09:07:53+00:00","article_modified_time":"2025-09-03T17:17:57+00:00","og_image":[{"width":1748,"height":1240,"url":"https:\/\/biblioteca.blanes.cat\/salajove\/wp-content\/uploads\/sites\/3\/2025\/01\/novetats-hivern-1.jpg","type":"image\/jpeg"}],"author":"biblioblanes","twitter_card":"summary_large_image","twitter_creator":"@biblioblanes","twitter_site":"@BiblioBlanes","twitter_misc":{"Escrit per":"biblioblanes","Temps estimat de lectura":"1 minut"},"schema":{"@context":"https:\/\/schema.org","@graph":[{"@type":"Article","@id":"https:\/\/biblioteca.blanes.cat\/salajove\/2025\/02\/01\/novetats-febrer-2025\/#article","isPartOf":{"@id":"https:\/\/biblioteca.blanes.cat\/salajove\/2025\/02\/01\/novetats-febrer-2025\/"},"author":{"name":"biblioblanes","@id":"https:\/\/biblioteca.blanes.cat\/salajove\/#\/schema\/person\/5a7b46760d9dd611d098bbf571a341dc"},"headline":"Novetats: febrer 2025","datePublished":"2025-02-01T09:07:53+00:00","dateModified":"2025-09-03T17:17:57+00:00","mainEntityOfPage":{"@id":"https:\/\/biblioteca.blanes.cat\/salajove\/2025\/02\/01\/novetats-febrer-2025\/"},"wordCount":81,"commentCount":0,"publisher":{"@id":"https:\/\/biblioteca.blanes.cat\/salajove\/#organization"},"image":{"@id":"https:\/\/biblioteca.blanes.cat\/salajove\/2025\/02\/01\/novetats-febrer-2025\/#primaryimage"},"thumbnailUrl":"https:\/\/biblioteca.blanes.cat\/salajove\/wp-content\/uploads\/sites\/3\/2025\/01\/novetats-hivern-1.jpg","keywords":["#Actualitat","#Guia #Lectura #Literatura #Llibres","#Joves","#Lectura","#Literatura"],"articleSection":["Fons juvenil","Novetats"],"inLanguage":"ca","potentialAction":[{"@type":"CommentAction","name":"Comment","target":["https:\/\/biblioteca.blanes.cat\/salajove\/2025\/02\/01\/novetats-febrer-2025\/#respond"]}]},{"@type":"WebPage","@id":"https:\/\/biblioteca.blanes.cat\/salajove\/2025\/02\/01\/novetats-febrer-2025\/","url":"https:\/\/biblioteca.blanes.cat\/salajove\/2025\/02\/01\/novetats-febrer-2025\/","name":"Novetats: febrer 2025 - Sala Jove","isPartOf":{"@id":"https:\/\/biblioteca.blanes.cat\/salajove\/#website"},"primaryImageOfPage":{"@id":"https:\/\/biblioteca.blanes.cat\/salajove\/2025\/02\/01\/novetats-febrer-2025\/#primaryimage"},"image":{"@id":"https:\/\/biblioteca.blanes.cat\/salajove\/2025\/02\/01\/novetats-febrer-2025\/#primaryimage"},"thumbnailUrl":"https:\/\/biblioteca.blanes.cat\/salajove\/wp-content\/uploads\/sites\/3\/2025\/01\/novetats-hivern-1.jpg","datePublished":"2025-02-01T09:07:53+00:00","dateModified":"2025-09-03T17:17:57+00:00","breadcrumb":{"@id":"https:\/\/biblioteca.blanes.cat\/salajove\/2025\/02\/01\/novetats-febrer-2025\/#breadcrumb"},"inLanguage":"ca","potentialAction":[{"@type":"ReadAction","target":["https:\/\/biblioteca.blanes.cat\/salajove\/2025\/02\/01\/novetats-febrer-2025\/"]}]},{"@type":"ImageObject","inLanguage":"ca","@id":"https:\/\/biblioteca.blanes.cat\/salajove\/2025\/02\/01\/novetats-febrer-2025\/#primaryimage","url":"https:\/\/biblioteca.blanes.cat\/salajove\/wp-content\/uploads\/sites\/3\/2025\/01\/novetats-hivern-1.jpg","contentUrl":"https:\/\/biblioteca.blanes.cat\/salajove\/wp-content\/uploads\/sites\/3\/2025\/01\/novetats-hivern-1.jpg","width":1748,"height":1240},{"@type":"BreadcrumbList","@id":"https:\/\/biblioteca.blanes.cat\/salajove\/2025\/02\/01\/novetats-febrer-2025\/#breadcrumb","itemListElement":[{"@type":"ListItem","position":1,"name":"Inici","item":"https:\/\/biblioteca.blanes.cat\/salajove\/"},{"@type":"ListItem","position":2,"name":"Novetats: febrer 2025"}]},{"@type":"WebSite","@id":"https:\/\/biblioteca.blanes.cat\/salajove\/#website","url":"https:\/\/biblioteca.blanes.cat\/salajove\/","name":"Sala Jove","description":"Biblioteca Comarcal de Blanes","publisher":{"@id":"https:\/\/biblioteca.blanes.cat\/salajove\/#organization"},"potentialAction":[{"@type":"SearchAction","target":{"@type":"EntryPoint","urlTemplate":"https:\/\/biblioteca.blanes.cat\/salajove\/?s={search_term_string}"},"query-input":{"@type":"PropertyValueSpecification","valueRequired":true,"valueName":"search_term_string"}}],"inLanguage":"ca"},{"@type":"Organization","@id":"https:\/\/biblioteca.blanes.cat\/salajove\/#organization","name":"Biblioteca Comarcal de Blanes","url":"https:\/\/biblioteca.blanes.cat\/salajove\/","logo":{"@type":"ImageObject","inLanguage":"ca","@id":"https:\/\/biblioteca.blanes.cat\/salajove\/#\/schema\/logo\/image\/","url":"https:\/\/biblioteca.blanes.cat\/salajove\/wp-content\/uploads\/sites\/3\/2017\/09\/cropped-Bib-blau-e1518869380535.png","contentUrl":"https:\/\/biblioteca.blanes.cat\/salajove\/wp-content\/uploads\/sites\/3\/2017\/09\/cropped-Bib-blau-e1518869380535.png","width":166,"height":166,"caption":"Biblioteca Comarcal de Blanes"},"image":{"@id":"https:\/\/biblioteca.blanes.cat\/salajove\/#\/schema\/logo\/image\/"},"sameAs":["https:\/\/www.facebook.com\/BilbiotecaComarcaldeBlanes\/","https:\/\/x.com\/BiblioBlanes","https:\/\/www.instagram.com\/biblioblanes\/","https:\/\/www.pinterest.es\/bblanes\/","https:\/\/www.youtube.com\/c\/BibliotecaComarcalBlanes"]},{"@type":"Person","@id":"https:\/\/biblioteca.blanes.cat\/salajove\/#\/schema\/person\/5a7b46760d9dd611d098bbf571a341dc","name":"biblioblanes","image":{"@type":"ImageObject","inLanguage":"ca","@id":"https:\/\/secure.gravatar.com\/avatar\/6593ca6cc90e5a70939f51c95e8315483b9c281bafba597292bee47992030f99?s=96&d=mm&r=g","url":"https:\/\/secure.gravatar.com\/avatar\/6593ca6cc90e5a70939f51c95e8315483b9c281bafba597292bee47992030f99?s=96&d=mm&r=g","contentUrl":"https:\/\/secure.gravatar.com\/avatar\/6593ca6cc90e5a70939f51c95e8315483b9c281bafba597292bee47992030f99?s=96&d=mm&r=g","caption":"biblioblanes"},"sameAs":["http:\/\/www.bibgirona.cat\/biblioteca\/blanes","https:\/\/x.com\/biblioblanes"],"url":"https:\/\/biblioteca.blanes.cat\/salajove\/author\/biblioblanes\/"}]}},"_links":{"self":[{"href":"https:\/\/biblioteca.blanes.cat\/salajove\/wp-json\/wp\/v2\/posts\/9335","targetHints":{"allow":["GET"]}}],"collection":[{"href":"https:\/\/biblioteca.blanes.cat\/salajove\/wp-json\/wp\/v2\/posts"}],"about":[{"href":"https:\/\/biblioteca.blanes.cat\/salajove\/wp-json\/wp\/v2\/types\/post"}],"author":[{"embeddable":true,"href":"https:\/\/biblioteca.blanes.cat\/salajove\/wp-json\/wp\/v2\/users\/4"}],"replies":[{"embeddable":true,"href":"https:\/\/biblioteca.blanes.cat\/salajove\/wp-json\/wp\/v2\/comments?post=9335"}],"version-history":[{"count":1,"href":"https:\/\/biblioteca.blanes.cat\/salajove\/wp-json\/wp\/v2\/posts\/9335\/revisions"}],"predecessor-version":[{"id":9387,"href":"https:\/\/biblioteca.blanes.cat\/salajove\/wp-json\/wp\/v2\/posts\/9335\/revisions\/9387"}],"wp:featuredmedia":[{"embeddable":true,"href":"https:\/\/biblioteca.blanes.cat\/salajove\/wp-json\/wp\/v2\/media\/9272"}],"wp:attachment":[{"href":"https:\/\/biblioteca.blanes.cat\/salajove\/wp-json\/wp\/v2\/media?parent=9335"}],"wp:term":[{"taxonomy":"category","embeddable":true,"href":"https:\/\/biblioteca.blanes.cat\/salajove\/wp-json\/wp\/v2\/categories?post=9335"},{"taxonomy":"post_tag","embeddable":true,"href":"https:\/\/biblioteca.blanes.cat\/salajove\/wp-json\/wp\/v2\/tags?post=9335"}],"curies":[{"name":"wp","href":"https:\/\/api.w.org\/{rel}","templated":true}]}}