{"id":9254,"date":"2025-01-20T17:29:24","date_gmt":"2025-01-20T16:29:24","guid":{"rendered":"https:\/\/biblioteca.blanes.cat\/salajove\/?p=9254"},"modified":"2025-09-03T18:17:22","modified_gmt":"2025-09-03T17:17:22","slug":"club-de-lectura-juvenil-emblanats-el-noi-del-diari","status":"publish","type":"post","link":"https:\/\/biblioteca.blanes.cat\/salajove\/2025\/01\/20\/club-de-lectura-juvenil-emblanats-el-noi-del-diari\/","title":{"rendered":"Club de Lectura Juvenil #emblanats: El noi del diari"},"content":{"rendered":"\n<p>Al <span style=\"color: #339966;\"><strong>Club de Lectura Juvenil #emblanats<\/strong><\/span> hem comen\u00e7at l\u2019any amb una tarda divertid\u00edssima amb el comentari del llibre<span style=\"color: #339966;\"><strong><span style=\"color: #339966;\"><a style=\"color: #339966;\" href=\"https:\/\/www.editorialbambu.com\/ca\/llibre\/el-noi-del-diari_80270619\/\"><em> El noi del diari<\/em><\/a><\/span>, de Vince Vawter<\/strong>.<\/span><\/p>\n<p><a href=\"https:\/\/biblioteca.blanes.cat\/salajove\/2025\/01\/20\/club-de-lectura-juvenil-emblanats-el-noi-del-diari\/attachment\/1737142645710\/\" rel=\"attachment wp-att-9261\"><img fetchpriority=\"high\" decoding=\"async\" class=\"aligncenter  wp-image-9261\" src=\"https:\/\/biblioteca.blanes.cat\/salajove\/wp-content\/uploads\/sites\/3\/2025\/01\/1737142645710-225x300.jpg\" alt=\"\" width=\"323\" height=\"431\" srcset=\"https:\/\/biblioteca.blanes.cat\/salajove\/wp-content\/uploads\/sites\/3\/2025\/01\/1737142645710-225x300.jpg 225w, https:\/\/biblioteca.blanes.cat\/salajove\/wp-content\/uploads\/sites\/3\/2025\/01\/1737142645710-768x1024.jpg 768w, https:\/\/biblioteca.blanes.cat\/salajove\/wp-content\/uploads\/sites\/3\/2025\/01\/1737142645710-1152x1536.jpg 1152w, https:\/\/biblioteca.blanes.cat\/salajove\/wp-content\/uploads\/sites\/3\/2025\/01\/1737142645710-1536x2048.jpg 1536w, https:\/\/biblioteca.blanes.cat\/salajove\/wp-content\/uploads\/sites\/3\/2025\/01\/1737142645710-scaled.jpg 1920w\" sizes=\"(max-width: 323px) 100vw, 323px\" \/><\/a><\/p>\n<p>En aquesta novel\u00b7la coneixerem un noi de Memphis que t\u00e9 onze anys (el nom del qual no descobrim fins al final) i que \u00e9s <span style=\"color: #339966;\"><strong>tartamut<\/strong><\/span>. Li costa parlar, per\u00f2, en canvi, li encanta jugar a beisbol i \u00e9s un crack com a llan\u00e7ador. Un bon dia comen\u00e7a a substituir el seu millor amic, en Rata, com a <span style=\"color: #339966;\"><strong>repartidor de diaris al seu barri i aix\u00f2 l\u2019obligar\u00e0 a relacionar-se i a parlar amb els ve\u00efns<\/strong><\/span>. Far\u00e0 bons amics, per\u00f2 tamb\u00e9 enemics, i aix\u00f2 li portar\u00e0 alguns problemes.<\/p>\n<p><em>El noi del diari<\/em> ens ha servit per <span style=\"color: #339966;\">parlar<\/span> <span style=\"color: #339966;\">sobre la import\u00e0ncia de la comunicaci\u00f3 quan tens algun problema de la parla<\/span> i hem reflexionat sobre com els adults s\u2019enfronten a aquestes condicions. Hem arribat a la conclusi\u00f3 que precisament la gent adulta \u00e9s la que m\u00e9s prejudicis t\u00e9 davant de la diversitat en els \u00e9ssers humans, ja que en el cas del noi del diari, sempre l\u2019avien r\u00e0pid per evitar tenir-hi una conversa. El llibre ha sigut interessant per a alguns lectors, en canvi, d\u2019altres l\u2019han trobat feixuc i no hi han acabat de connectar. Per\u00f2 aix\u00f2 als #emblanats ens encanta perqu\u00e8 la diversitat d\u2019opinions i maneres de ser i entendre la literatura ens permet crear debats molt interessants sobre temes com el d\u2019aquesta sessi\u00f3, la <span style=\"color: #339966;\"><strong>inclusi\u00f3 social<\/strong><\/span>. Com sempre, hem repartit una <span style=\"color: #339966;\"><strong>guia de lectura de llibres inclusius<\/strong><\/span> <a href=\"https:\/\/biblioteca.blanes.cat\/salajove\/2025\/01\/20\/club-de-lectura-juvenil-emblanats-el-noi-del-diari\/guia_llibres-inclusius\/\" target=\"_blank\" rel=\"attachment noopener wp-att-9255\">(descarrega-te-la)<\/a>\u00a0per treballar la toler\u00e0ncia i respecte.<\/p>\n<p><a href=\"https:\/\/biblioteca.blanes.cat\/salajove\/2025\/01\/20\/club-de-lectura-juvenil-emblanats-el-noi-del-diari\/guia_llibres-inclusius-2\/\" rel=\"attachment wp-att-9256\"><img decoding=\"async\" class=\"aligncenter  wp-image-9256\" src=\"https:\/\/biblioteca.blanes.cat\/salajove\/wp-content\/uploads\/sites\/3\/2025\/01\/Guia_Llibres-inclusius-120x300.jpg\" alt=\"\" width=\"222\" height=\"555\" srcset=\"https:\/\/biblioteca.blanes.cat\/salajove\/wp-content\/uploads\/sites\/3\/2025\/01\/Guia_Llibres-inclusius-120x300.jpg 120w, https:\/\/biblioteca.blanes.cat\/salajove\/wp-content\/uploads\/sites\/3\/2025\/01\/Guia_Llibres-inclusius-410x1024.jpg 410w, https:\/\/biblioteca.blanes.cat\/salajove\/wp-content\/uploads\/sites\/3\/2025\/01\/Guia_Llibres-inclusius-768x1920.jpg 768w, https:\/\/biblioteca.blanes.cat\/salajove\/wp-content\/uploads\/sites\/3\/2025\/01\/Guia_Llibres-inclusius-614x1536.jpg 614w, https:\/\/biblioteca.blanes.cat\/salajove\/wp-content\/uploads\/sites\/3\/2025\/01\/Guia_Llibres-inclusius.jpg 800w\" sizes=\"(max-width: 222px) 100vw, 222px\" \/><\/a><\/p>\n<p>\u00a0<\/p>\n<p>Gr\u00e0cies a nota de l\u2019autor del final de la novel\u00b7la hem descobert que <span style=\"color: #339966;\"><strong>Vince Vawter \u00e9s tartamut<\/strong> <\/span>i que, per tant, es tracta d\u2019una <span style=\"color: #339966;\"><strong>hist\u00f2ria amb elements autobiogr\u00e0fics<\/strong><\/span>. Aquest detall ens ha portat a debatre sobre el <span style=\"color: #339966;\"><strong>g\u00e8nere de la biografia i l\u2019autobiografia<\/strong><\/span> i hem pogut remenar alguns llibres de la Sala Jove que parlen d\u2019hist\u00f2ries de personatges reals que han tingut vides transcendentals, com Anna Frank, Rosa Parks o Trevor Noah. Hem aprofitat l\u2019ocasi\u00f3 per fullejar alguns diaris i aturar-nos a not\u00edcies i hist\u00f2ries interessants que ens permetrien escriure\u2019n una novel\u00b7la.<a href=\"https:\/\/biblioteca.blanes.cat\/salajove\/2025\/01\/20\/club-de-lectura-juvenil-emblanats-el-noi-del-diari\/attachment\/1737142645789\/\" rel=\"attachment wp-att-9257\"><br \/><img decoding=\"async\" class=\"size-medium wp-image-9257 alignleft\" src=\"https:\/\/biblioteca.blanes.cat\/salajove\/wp-content\/uploads\/sites\/3\/2025\/01\/1737142645789-225x300.jpg\" alt=\"\" width=\"225\" height=\"300\" srcset=\"https:\/\/biblioteca.blanes.cat\/salajove\/wp-content\/uploads\/sites\/3\/2025\/01\/1737142645789-225x300.jpg 225w, https:\/\/biblioteca.blanes.cat\/salajove\/wp-content\/uploads\/sites\/3\/2025\/01\/1737142645789-768x1024.jpg 768w, https:\/\/biblioteca.blanes.cat\/salajove\/wp-content\/uploads\/sites\/3\/2025\/01\/1737142645789-1152x1536.jpg 1152w, https:\/\/biblioteca.blanes.cat\/salajove\/wp-content\/uploads\/sites\/3\/2025\/01\/1737142645789-1536x2048.jpg 1536w, https:\/\/biblioteca.blanes.cat\/salajove\/wp-content\/uploads\/sites\/3\/2025\/01\/1737142645789-scaled.jpg 1920w\" sizes=\"(max-width: 225px) 100vw, 225px\" \/><\/a><a href=\"https:\/\/biblioteca.blanes.cat\/salajove\/2025\/01\/20\/club-de-lectura-juvenil-emblanats-el-noi-del-diari\/attachment\/1737142645808\/\" rel=\"attachment wp-att-9258\"><img loading=\"lazy\" decoding=\"async\" class=\"size-medium wp-image-9258 alignleft\" src=\"https:\/\/biblioteca.blanes.cat\/salajove\/wp-content\/uploads\/sites\/3\/2025\/01\/1737142645808-225x300.jpg\" alt=\"\" width=\"225\" height=\"300\" srcset=\"https:\/\/biblioteca.blanes.cat\/salajove\/wp-content\/uploads\/sites\/3\/2025\/01\/1737142645808-225x300.jpg 225w, https:\/\/biblioteca.blanes.cat\/salajove\/wp-content\/uploads\/sites\/3\/2025\/01\/1737142645808-768x1024.jpg 768w, https:\/\/biblioteca.blanes.cat\/salajove\/wp-content\/uploads\/sites\/3\/2025\/01\/1737142645808-1152x1536.jpg 1152w, https:\/\/biblioteca.blanes.cat\/salajove\/wp-content\/uploads\/sites\/3\/2025\/01\/1737142645808-1536x2048.jpg 1536w, https:\/\/biblioteca.blanes.cat\/salajove\/wp-content\/uploads\/sites\/3\/2025\/01\/1737142645808-scaled.jpg 1920w\" sizes=\"(max-width: 225px) 100vw, 225px\" \/><\/a><\/p>\n<p>\u00a0<\/p>\n<p>\u00a0<\/p>\n<p>\u00a0<\/p>\n<p>\u00a0<\/p>\n<p>\u00a0<\/p>\n<p>\u00a0<\/p>\n<p>\u00a0<\/p>\n<p>\u00a0<\/p>\n<p>Finalment, per acabar d\u2019arrodonir el debat i acabar la sessi\u00f3 hem jugat a un <span style=\"color: #339966;\"><strong>joc que ha posat a prova les nostres habilitats com a comunicadors<\/strong><\/span>. El joc ha consistit a agafar paperets ja pr\u00e8viament preparats dins una capsa amb paraules que tenien a veure amb la trama (navalla, onze, diari&#8230;) i <span style=\"color: #339966;\"><strong>descriure l\u2019objecte o personatge amb una sola paraula.<\/strong><\/span> La resta de l\u2019equip tenia quaranta segons per endevinar el major nombre de paraules possibles. Quan acabaven els quaranta segons, continuava el joc l\u2019altre equip i s\u2019anaven tornant fins a esgotar els paperets. Un cop acabada la primera ronda, n\u2019hem fet una segona amb<span style=\"color: #339966;\"><strong> m\u00edmica<\/strong> <\/span>amb les mateixes paraules. L\u2019objectiu era que els lectors i lectores es posessin al paper d&#8217;una persona tartamuda o amb problemes de parla i <span style=\"color: #339966;\"><strong>valorar com de dif\u00edcil \u00e9s comunicar-se o com de f\u00e0cil pot ser malgrat tenir dificultat per parlar<\/strong><\/span>. Se n\u2019han sortit la mar de b\u00e9 i s\u2019ho han passat pipa!<\/p>\n<p><a href=\"https:\/\/biblioteca.blanes.cat\/salajove\/2025\/01\/20\/club-de-lectura-juvenil-emblanats-el-noi-del-diari\/attachment\/1737142645767\/\" rel=\"attachment wp-att-9259\"><img loading=\"lazy\" decoding=\"async\" class=\"size-medium wp-image-9259 alignnone\" src=\"https:\/\/biblioteca.blanes.cat\/salajove\/wp-content\/uploads\/sites\/3\/2025\/01\/1737142645767-225x300.jpg\" alt=\"\" width=\"225\" height=\"300\" srcset=\"https:\/\/biblioteca.blanes.cat\/salajove\/wp-content\/uploads\/sites\/3\/2025\/01\/1737142645767-225x300.jpg 225w, https:\/\/biblioteca.blanes.cat\/salajove\/wp-content\/uploads\/sites\/3\/2025\/01\/1737142645767-768x1024.jpg 768w, https:\/\/biblioteca.blanes.cat\/salajove\/wp-content\/uploads\/sites\/3\/2025\/01\/1737142645767-1152x1536.jpg 1152w, https:\/\/biblioteca.blanes.cat\/salajove\/wp-content\/uploads\/sites\/3\/2025\/01\/1737142645767-1536x2048.jpg 1536w, https:\/\/biblioteca.blanes.cat\/salajove\/wp-content\/uploads\/sites\/3\/2025\/01\/1737142645767-scaled.jpg 1920w\" sizes=\"(max-width: 225px) 100vw, 225px\" \/>\u00a0 <\/a><a href=\"https:\/\/biblioteca.blanes.cat\/salajove\/2025\/01\/20\/club-de-lectura-juvenil-emblanats-el-noi-del-diari\/attachment\/1737142645749\/\" rel=\"attachment wp-att-9260\"><img loading=\"lazy\" decoding=\"async\" class=\"size-medium wp-image-9260 alignnone\" src=\"https:\/\/biblioteca.blanes.cat\/salajove\/wp-content\/uploads\/sites\/3\/2025\/01\/1737142645749-225x300.jpg\" alt=\"\" width=\"225\" height=\"300\" srcset=\"https:\/\/biblioteca.blanes.cat\/salajove\/wp-content\/uploads\/sites\/3\/2025\/01\/1737142645749-225x300.jpg 225w, https:\/\/biblioteca.blanes.cat\/salajove\/wp-content\/uploads\/sites\/3\/2025\/01\/1737142645749-768x1024.jpg 768w, https:\/\/biblioteca.blanes.cat\/salajove\/wp-content\/uploads\/sites\/3\/2025\/01\/1737142645749-1152x1536.jpg 1152w, https:\/\/biblioteca.blanes.cat\/salajove\/wp-content\/uploads\/sites\/3\/2025\/01\/1737142645749-1536x2048.jpg 1536w, https:\/\/biblioteca.blanes.cat\/salajove\/wp-content\/uploads\/sites\/3\/2025\/01\/1737142645749-scaled.jpg 1920w\" sizes=\"(max-width: 225px) 100vw, 225px\" \/><\/a><\/p>\n<p>Entre tots han valorat el llibre i la sessi\u00f3 d\u2019avui amb quatre dels <span style=\"color: #339966;\"><strong>cinc diaris del bar\u00f2metre de puntuaci\u00f3<\/strong><\/span>. El vidre dels #emblanats de la Sala Jove cada vegada est\u00e0 m\u00e9s ple!<\/p>\n<p>Al febrer parlarem de<a href=\"https:\/\/sembrallibres.com\/llibres\/patina\/\"><span style=\"color: #00ccff;\"> <em><strong>Patina<\/strong><\/em><\/span><\/a>, el segon llibre de la s\u00e8rie Track, de <span style=\"color: #00ccff;\"><strong>Jason Reynolds<\/strong><\/span>!<\/p>\n<p>Fins ben aviat, #emblanats!<\/p>\n","protected":false},"excerpt":{"rendered":"<p>Al Club de Lectura Juvenil #emblanats hem comen\u00e7at l\u2019any amb una tarda divertid\u00edssima amb el comentari del llibre El noi del diari, de Vince Vawter. En aquesta novel\u00b7la coneixerem un noi de Memphis que t\u00e9 onze anys (el nom del<\/p>\n","protected":false},"author":4,"featured_media":9261,"comment_status":"open","ping_status":"open","sticky":false,"template":"","format":"standard","meta":{"sfsi_plus_gutenberg_text_before_share":"","sfsi_plus_gutenberg_show_text_before_share":"","sfsi_plus_gutenberg_icon_type":"","sfsi_plus_gutenberg_icon_alignemt":"","sfsi_plus_gutenburg_max_per_row":"","footnotes":""},"categories":[5],"tags":[24,97,29,98,52,26,19,21],"class_list":["post-9254","post","type-post","status-publish","format-standard","has-post-thumbnail","hentry","category-club-de-lectura","tag-activitats","tag-activitats-actualitat-joves","tag-club-de-lectura","tag-guia-lectura-literatura-llibres","tag-joves","tag-lectura","tag-literatura","tag-llibres"],"yoast_head":"<!-- This site is optimized with the Yoast SEO plugin v27.5 - https:\/\/yoast.com\/product\/yoast-seo-wordpress\/ -->\n<title>Club de Lectura Juvenil #emblanats: El noi del diari - Sala Jove<\/title>\n<meta name=\"robots\" content=\"index, follow, max-snippet:-1, max-image-preview:large, max-video-preview:-1\" \/>\n<link rel=\"canonical\" href=\"https:\/\/biblioteca.blanes.cat\/salajove\/2025\/01\/20\/club-de-lectura-juvenil-emblanats-el-noi-del-diari\/\" \/>\n<meta property=\"og:locale\" content=\"ca_ES\" \/>\n<meta property=\"og:type\" content=\"article\" \/>\n<meta property=\"og:title\" content=\"Club de Lectura Juvenil #emblanats: El noi del diari - Sala Jove\" \/>\n<meta property=\"og:description\" content=\"Al Club de Lectura Juvenil #emblanats hem comen\u00e7at l\u2019any amb una tarda divertid\u00edssima amb el comentari del llibre El noi del diari, de Vince Vawter. En aquesta novel\u00b7la coneixerem un noi de Memphis que t\u00e9 onze anys (el nom del\" \/>\n<meta property=\"og:url\" content=\"https:\/\/biblioteca.blanes.cat\/salajove\/2025\/01\/20\/club-de-lectura-juvenil-emblanats-el-noi-del-diari\/\" \/>\n<meta property=\"og:site_name\" content=\"Sala Jove\" \/>\n<meta property=\"article:publisher\" content=\"https:\/\/www.facebook.com\/BilbiotecaComarcaldeBlanes\/\" \/>\n<meta property=\"article:published_time\" content=\"2025-01-20T16:29:24+00:00\" \/>\n<meta property=\"article:modified_time\" content=\"2025-09-03T17:17:22+00:00\" \/>\n<meta property=\"og:image\" content=\"https:\/\/biblioteca.blanes.cat\/salajove\/wp-content\/uploads\/sites\/3\/2025\/01\/1737142645710-scaled.jpg\" \/>\n\t<meta property=\"og:image:width\" content=\"1920\" \/>\n\t<meta property=\"og:image:height\" content=\"2560\" \/>\n\t<meta property=\"og:image:type\" content=\"image\/jpeg\" \/>\n<meta name=\"author\" content=\"biblioblanes\" \/>\n<meta name=\"twitter:card\" content=\"summary_large_image\" \/>\n<meta name=\"twitter:creator\" content=\"@biblioblanes\" \/>\n<meta name=\"twitter:site\" content=\"@BiblioBlanes\" \/>\n<meta name=\"twitter:label1\" content=\"Escrit per\" \/>\n\t<meta name=\"twitter:data1\" content=\"biblioblanes\" \/>\n\t<meta name=\"twitter:label2\" content=\"Temps estimat de lectura\" \/>\n\t<meta name=\"twitter:data2\" content=\"5 minuts\" \/>\n<script type=\"application\/ld+json\" class=\"yoast-schema-graph\">{\"@context\":\"https:\\\/\\\/schema.org\",\"@graph\":[{\"@type\":\"Article\",\"@id\":\"https:\\\/\\\/biblioteca.blanes.cat\\\/salajove\\\/2025\\\/01\\\/20\\\/club-de-lectura-juvenil-emblanats-el-noi-del-diari\\\/#article\",\"isPartOf\":{\"@id\":\"https:\\\/\\\/biblioteca.blanes.cat\\\/salajove\\\/2025\\\/01\\\/20\\\/club-de-lectura-juvenil-emblanats-el-noi-del-diari\\\/\"},\"author\":{\"name\":\"biblioblanes\",\"@id\":\"https:\\\/\\\/biblioteca.blanes.cat\\\/salajove\\\/#\\\/schema\\\/person\\\/5a7b46760d9dd611d098bbf571a341dc\"},\"headline\":\"Club de Lectura Juvenil #emblanats: El noi del diari\",\"datePublished\":\"2025-01-20T16:29:24+00:00\",\"dateModified\":\"2025-09-03T17:17:22+00:00\",\"mainEntityOfPage\":{\"@id\":\"https:\\\/\\\/biblioteca.blanes.cat\\\/salajove\\\/2025\\\/01\\\/20\\\/club-de-lectura-juvenil-emblanats-el-noi-del-diari\\\/\"},\"wordCount\":619,\"commentCount\":0,\"publisher\":{\"@id\":\"https:\\\/\\\/biblioteca.blanes.cat\\\/salajove\\\/#organization\"},\"image\":{\"@id\":\"https:\\\/\\\/biblioteca.blanes.cat\\\/salajove\\\/2025\\\/01\\\/20\\\/club-de-lectura-juvenil-emblanats-el-noi-del-diari\\\/#primaryimage\"},\"thumbnailUrl\":\"https:\\\/\\\/biblioteca.blanes.cat\\\/salajove\\\/wp-content\\\/uploads\\\/sites\\\/3\\\/2025\\\/01\\\/1737142645710-scaled.jpg\",\"keywords\":[\"#Activitats\",\"#Activitats #Actualitat #Joves\",\"#ClubdeLectura\",\"#Guia #Lectura #Literatura #Llibres\",\"#Joves\",\"#Lectura\",\"#Literatura\",\"#Llibres\"],\"articleSection\":[\"Club de Lectura\"],\"inLanguage\":\"ca\",\"potentialAction\":[{\"@type\":\"CommentAction\",\"name\":\"Comment\",\"target\":[\"https:\\\/\\\/biblioteca.blanes.cat\\\/salajove\\\/2025\\\/01\\\/20\\\/club-de-lectura-juvenil-emblanats-el-noi-del-diari\\\/#respond\"]}]},{\"@type\":\"WebPage\",\"@id\":\"https:\\\/\\\/biblioteca.blanes.cat\\\/salajove\\\/2025\\\/01\\\/20\\\/club-de-lectura-juvenil-emblanats-el-noi-del-diari\\\/\",\"url\":\"https:\\\/\\\/biblioteca.blanes.cat\\\/salajove\\\/2025\\\/01\\\/20\\\/club-de-lectura-juvenil-emblanats-el-noi-del-diari\\\/\",\"name\":\"Club de Lectura Juvenil #emblanats: El noi del diari - Sala Jove\",\"isPartOf\":{\"@id\":\"https:\\\/\\\/biblioteca.blanes.cat\\\/salajove\\\/#website\"},\"primaryImageOfPage\":{\"@id\":\"https:\\\/\\\/biblioteca.blanes.cat\\\/salajove\\\/2025\\\/01\\\/20\\\/club-de-lectura-juvenil-emblanats-el-noi-del-diari\\\/#primaryimage\"},\"image\":{\"@id\":\"https:\\\/\\\/biblioteca.blanes.cat\\\/salajove\\\/2025\\\/01\\\/20\\\/club-de-lectura-juvenil-emblanats-el-noi-del-diari\\\/#primaryimage\"},\"thumbnailUrl\":\"https:\\\/\\\/biblioteca.blanes.cat\\\/salajove\\\/wp-content\\\/uploads\\\/sites\\\/3\\\/2025\\\/01\\\/1737142645710-scaled.jpg\",\"datePublished\":\"2025-01-20T16:29:24+00:00\",\"dateModified\":\"2025-09-03T17:17:22+00:00\",\"breadcrumb\":{\"@id\":\"https:\\\/\\\/biblioteca.blanes.cat\\\/salajove\\\/2025\\\/01\\\/20\\\/club-de-lectura-juvenil-emblanats-el-noi-del-diari\\\/#breadcrumb\"},\"inLanguage\":\"ca\",\"potentialAction\":[{\"@type\":\"ReadAction\",\"target\":[\"https:\\\/\\\/biblioteca.blanes.cat\\\/salajove\\\/2025\\\/01\\\/20\\\/club-de-lectura-juvenil-emblanats-el-noi-del-diari\\\/\"]}]},{\"@type\":\"ImageObject\",\"inLanguage\":\"ca\",\"@id\":\"https:\\\/\\\/biblioteca.blanes.cat\\\/salajove\\\/2025\\\/01\\\/20\\\/club-de-lectura-juvenil-emblanats-el-noi-del-diari\\\/#primaryimage\",\"url\":\"https:\\\/\\\/biblioteca.blanes.cat\\\/salajove\\\/wp-content\\\/uploads\\\/sites\\\/3\\\/2025\\\/01\\\/1737142645710-scaled.jpg\",\"contentUrl\":\"https:\\\/\\\/biblioteca.blanes.cat\\\/salajove\\\/wp-content\\\/uploads\\\/sites\\\/3\\\/2025\\\/01\\\/1737142645710-scaled.jpg\",\"width\":1920,\"height\":2560},{\"@type\":\"BreadcrumbList\",\"@id\":\"https:\\\/\\\/biblioteca.blanes.cat\\\/salajove\\\/2025\\\/01\\\/20\\\/club-de-lectura-juvenil-emblanats-el-noi-del-diari\\\/#breadcrumb\",\"itemListElement\":[{\"@type\":\"ListItem\",\"position\":1,\"name\":\"Inici\",\"item\":\"https:\\\/\\\/biblioteca.blanes.cat\\\/salajove\\\/\"},{\"@type\":\"ListItem\",\"position\":2,\"name\":\"Club de Lectura Juvenil #emblanats: El noi del diari\"}]},{\"@type\":\"WebSite\",\"@id\":\"https:\\\/\\\/biblioteca.blanes.cat\\\/salajove\\\/#website\",\"url\":\"https:\\\/\\\/biblioteca.blanes.cat\\\/salajove\\\/\",\"name\":\"Sala Jove\",\"description\":\"Biblioteca Comarcal de Blanes\",\"publisher\":{\"@id\":\"https:\\\/\\\/biblioteca.blanes.cat\\\/salajove\\\/#organization\"},\"potentialAction\":[{\"@type\":\"SearchAction\",\"target\":{\"@type\":\"EntryPoint\",\"urlTemplate\":\"https:\\\/\\\/biblioteca.blanes.cat\\\/salajove\\\/?s={search_term_string}\"},\"query-input\":{\"@type\":\"PropertyValueSpecification\",\"valueRequired\":true,\"valueName\":\"search_term_string\"}}],\"inLanguage\":\"ca\"},{\"@type\":\"Organization\",\"@id\":\"https:\\\/\\\/biblioteca.blanes.cat\\\/salajove\\\/#organization\",\"name\":\"Biblioteca Comarcal de Blanes\",\"url\":\"https:\\\/\\\/biblioteca.blanes.cat\\\/salajove\\\/\",\"logo\":{\"@type\":\"ImageObject\",\"inLanguage\":\"ca\",\"@id\":\"https:\\\/\\\/biblioteca.blanes.cat\\\/salajove\\\/#\\\/schema\\\/logo\\\/image\\\/\",\"url\":\"https:\\\/\\\/biblioteca.blanes.cat\\\/salajove\\\/wp-content\\\/uploads\\\/sites\\\/3\\\/2017\\\/09\\\/cropped-Bib-blau-e1518869380535.png\",\"contentUrl\":\"https:\\\/\\\/biblioteca.blanes.cat\\\/salajove\\\/wp-content\\\/uploads\\\/sites\\\/3\\\/2017\\\/09\\\/cropped-Bib-blau-e1518869380535.png\",\"width\":166,\"height\":166,\"caption\":\"Biblioteca Comarcal de Blanes\"},\"image\":{\"@id\":\"https:\\\/\\\/biblioteca.blanes.cat\\\/salajove\\\/#\\\/schema\\\/logo\\\/image\\\/\"},\"sameAs\":[\"https:\\\/\\\/www.facebook.com\\\/BilbiotecaComarcaldeBlanes\\\/\",\"https:\\\/\\\/x.com\\\/BiblioBlanes\",\"https:\\\/\\\/www.instagram.com\\\/biblioblanes\\\/\",\"https:\\\/\\\/www.pinterest.es\\\/bblanes\\\/\",\"https:\\\/\\\/www.youtube.com\\\/c\\\/BibliotecaComarcalBlanes\"]},{\"@type\":\"Person\",\"@id\":\"https:\\\/\\\/biblioteca.blanes.cat\\\/salajove\\\/#\\\/schema\\\/person\\\/5a7b46760d9dd611d098bbf571a341dc\",\"name\":\"biblioblanes\",\"image\":{\"@type\":\"ImageObject\",\"inLanguage\":\"ca\",\"@id\":\"https:\\\/\\\/secure.gravatar.com\\\/avatar\\\/6593ca6cc90e5a70939f51c95e8315483b9c281bafba597292bee47992030f99?s=96&d=mm&r=g\",\"url\":\"https:\\\/\\\/secure.gravatar.com\\\/avatar\\\/6593ca6cc90e5a70939f51c95e8315483b9c281bafba597292bee47992030f99?s=96&d=mm&r=g\",\"contentUrl\":\"https:\\\/\\\/secure.gravatar.com\\\/avatar\\\/6593ca6cc90e5a70939f51c95e8315483b9c281bafba597292bee47992030f99?s=96&d=mm&r=g\",\"caption\":\"biblioblanes\"},\"sameAs\":[\"http:\\\/\\\/www.bibgirona.cat\\\/biblioteca\\\/blanes\",\"https:\\\/\\\/x.com\\\/biblioblanes\"],\"url\":\"https:\\\/\\\/biblioteca.blanes.cat\\\/salajove\\\/author\\\/biblioblanes\\\/\"}]}<\/script>\n<!-- \/ Yoast SEO plugin. -->","yoast_head_json":{"title":"Club de Lectura Juvenil #emblanats: El noi del diari - Sala Jove","robots":{"index":"index","follow":"follow","max-snippet":"max-snippet:-1","max-image-preview":"max-image-preview:large","max-video-preview":"max-video-preview:-1"},"canonical":"https:\/\/biblioteca.blanes.cat\/salajove\/2025\/01\/20\/club-de-lectura-juvenil-emblanats-el-noi-del-diari\/","og_locale":"ca_ES","og_type":"article","og_title":"Club de Lectura Juvenil #emblanats: El noi del diari - Sala Jove","og_description":"Al Club de Lectura Juvenil #emblanats hem comen\u00e7at l\u2019any amb una tarda divertid\u00edssima amb el comentari del llibre El noi del diari, de Vince Vawter. En aquesta novel\u00b7la coneixerem un noi de Memphis que t\u00e9 onze anys (el nom del","og_url":"https:\/\/biblioteca.blanes.cat\/salajove\/2025\/01\/20\/club-de-lectura-juvenil-emblanats-el-noi-del-diari\/","og_site_name":"Sala Jove","article_publisher":"https:\/\/www.facebook.com\/BilbiotecaComarcaldeBlanes\/","article_published_time":"2025-01-20T16:29:24+00:00","article_modified_time":"2025-09-03T17:17:22+00:00","og_image":[{"width":1920,"height":2560,"url":"https:\/\/biblioteca.blanes.cat\/salajove\/wp-content\/uploads\/sites\/3\/2025\/01\/1737142645710-scaled.jpg","type":"image\/jpeg"}],"author":"biblioblanes","twitter_card":"summary_large_image","twitter_creator":"@biblioblanes","twitter_site":"@BiblioBlanes","twitter_misc":{"Escrit per":"biblioblanes","Temps estimat de lectura":"5 minuts"},"schema":{"@context":"https:\/\/schema.org","@graph":[{"@type":"Article","@id":"https:\/\/biblioteca.blanes.cat\/salajove\/2025\/01\/20\/club-de-lectura-juvenil-emblanats-el-noi-del-diari\/#article","isPartOf":{"@id":"https:\/\/biblioteca.blanes.cat\/salajove\/2025\/01\/20\/club-de-lectura-juvenil-emblanats-el-noi-del-diari\/"},"author":{"name":"biblioblanes","@id":"https:\/\/biblioteca.blanes.cat\/salajove\/#\/schema\/person\/5a7b46760d9dd611d098bbf571a341dc"},"headline":"Club de Lectura Juvenil #emblanats: El noi del diari","datePublished":"2025-01-20T16:29:24+00:00","dateModified":"2025-09-03T17:17:22+00:00","mainEntityOfPage":{"@id":"https:\/\/biblioteca.blanes.cat\/salajove\/2025\/01\/20\/club-de-lectura-juvenil-emblanats-el-noi-del-diari\/"},"wordCount":619,"commentCount":0,"publisher":{"@id":"https:\/\/biblioteca.blanes.cat\/salajove\/#organization"},"image":{"@id":"https:\/\/biblioteca.blanes.cat\/salajove\/2025\/01\/20\/club-de-lectura-juvenil-emblanats-el-noi-del-diari\/#primaryimage"},"thumbnailUrl":"https:\/\/biblioteca.blanes.cat\/salajove\/wp-content\/uploads\/sites\/3\/2025\/01\/1737142645710-scaled.jpg","keywords":["#Activitats","#Activitats #Actualitat #Joves","#ClubdeLectura","#Guia #Lectura #Literatura #Llibres","#Joves","#Lectura","#Literatura","#Llibres"],"articleSection":["Club de Lectura"],"inLanguage":"ca","potentialAction":[{"@type":"CommentAction","name":"Comment","target":["https:\/\/biblioteca.blanes.cat\/salajove\/2025\/01\/20\/club-de-lectura-juvenil-emblanats-el-noi-del-diari\/#respond"]}]},{"@type":"WebPage","@id":"https:\/\/biblioteca.blanes.cat\/salajove\/2025\/01\/20\/club-de-lectura-juvenil-emblanats-el-noi-del-diari\/","url":"https:\/\/biblioteca.blanes.cat\/salajove\/2025\/01\/20\/club-de-lectura-juvenil-emblanats-el-noi-del-diari\/","name":"Club de Lectura Juvenil #emblanats: El noi del diari - Sala Jove","isPartOf":{"@id":"https:\/\/biblioteca.blanes.cat\/salajove\/#website"},"primaryImageOfPage":{"@id":"https:\/\/biblioteca.blanes.cat\/salajove\/2025\/01\/20\/club-de-lectura-juvenil-emblanats-el-noi-del-diari\/#primaryimage"},"image":{"@id":"https:\/\/biblioteca.blanes.cat\/salajove\/2025\/01\/20\/club-de-lectura-juvenil-emblanats-el-noi-del-diari\/#primaryimage"},"thumbnailUrl":"https:\/\/biblioteca.blanes.cat\/salajove\/wp-content\/uploads\/sites\/3\/2025\/01\/1737142645710-scaled.jpg","datePublished":"2025-01-20T16:29:24+00:00","dateModified":"2025-09-03T17:17:22+00:00","breadcrumb":{"@id":"https:\/\/biblioteca.blanes.cat\/salajove\/2025\/01\/20\/club-de-lectura-juvenil-emblanats-el-noi-del-diari\/#breadcrumb"},"inLanguage":"ca","potentialAction":[{"@type":"ReadAction","target":["https:\/\/biblioteca.blanes.cat\/salajove\/2025\/01\/20\/club-de-lectura-juvenil-emblanats-el-noi-del-diari\/"]}]},{"@type":"ImageObject","inLanguage":"ca","@id":"https:\/\/biblioteca.blanes.cat\/salajove\/2025\/01\/20\/club-de-lectura-juvenil-emblanats-el-noi-del-diari\/#primaryimage","url":"https:\/\/biblioteca.blanes.cat\/salajove\/wp-content\/uploads\/sites\/3\/2025\/01\/1737142645710-scaled.jpg","contentUrl":"https:\/\/biblioteca.blanes.cat\/salajove\/wp-content\/uploads\/sites\/3\/2025\/01\/1737142645710-scaled.jpg","width":1920,"height":2560},{"@type":"BreadcrumbList","@id":"https:\/\/biblioteca.blanes.cat\/salajove\/2025\/01\/20\/club-de-lectura-juvenil-emblanats-el-noi-del-diari\/#breadcrumb","itemListElement":[{"@type":"ListItem","position":1,"name":"Inici","item":"https:\/\/biblioteca.blanes.cat\/salajove\/"},{"@type":"ListItem","position":2,"name":"Club de Lectura Juvenil #emblanats: El noi del diari"}]},{"@type":"WebSite","@id":"https:\/\/biblioteca.blanes.cat\/salajove\/#website","url":"https:\/\/biblioteca.blanes.cat\/salajove\/","name":"Sala Jove","description":"Biblioteca Comarcal de Blanes","publisher":{"@id":"https:\/\/biblioteca.blanes.cat\/salajove\/#organization"},"potentialAction":[{"@type":"SearchAction","target":{"@type":"EntryPoint","urlTemplate":"https:\/\/biblioteca.blanes.cat\/salajove\/?s={search_term_string}"},"query-input":{"@type":"PropertyValueSpecification","valueRequired":true,"valueName":"search_term_string"}}],"inLanguage":"ca"},{"@type":"Organization","@id":"https:\/\/biblioteca.blanes.cat\/salajove\/#organization","name":"Biblioteca Comarcal de Blanes","url":"https:\/\/biblioteca.blanes.cat\/salajove\/","logo":{"@type":"ImageObject","inLanguage":"ca","@id":"https:\/\/biblioteca.blanes.cat\/salajove\/#\/schema\/logo\/image\/","url":"https:\/\/biblioteca.blanes.cat\/salajove\/wp-content\/uploads\/sites\/3\/2017\/09\/cropped-Bib-blau-e1518869380535.png","contentUrl":"https:\/\/biblioteca.blanes.cat\/salajove\/wp-content\/uploads\/sites\/3\/2017\/09\/cropped-Bib-blau-e1518869380535.png","width":166,"height":166,"caption":"Biblioteca Comarcal de Blanes"},"image":{"@id":"https:\/\/biblioteca.blanes.cat\/salajove\/#\/schema\/logo\/image\/"},"sameAs":["https:\/\/www.facebook.com\/BilbiotecaComarcaldeBlanes\/","https:\/\/x.com\/BiblioBlanes","https:\/\/www.instagram.com\/biblioblanes\/","https:\/\/www.pinterest.es\/bblanes\/","https:\/\/www.youtube.com\/c\/BibliotecaComarcalBlanes"]},{"@type":"Person","@id":"https:\/\/biblioteca.blanes.cat\/salajove\/#\/schema\/person\/5a7b46760d9dd611d098bbf571a341dc","name":"biblioblanes","image":{"@type":"ImageObject","inLanguage":"ca","@id":"https:\/\/secure.gravatar.com\/avatar\/6593ca6cc90e5a70939f51c95e8315483b9c281bafba597292bee47992030f99?s=96&d=mm&r=g","url":"https:\/\/secure.gravatar.com\/avatar\/6593ca6cc90e5a70939f51c95e8315483b9c281bafba597292bee47992030f99?s=96&d=mm&r=g","contentUrl":"https:\/\/secure.gravatar.com\/avatar\/6593ca6cc90e5a70939f51c95e8315483b9c281bafba597292bee47992030f99?s=96&d=mm&r=g","caption":"biblioblanes"},"sameAs":["http:\/\/www.bibgirona.cat\/biblioteca\/blanes","https:\/\/x.com\/biblioblanes"],"url":"https:\/\/biblioteca.blanes.cat\/salajove\/author\/biblioblanes\/"}]}},"_links":{"self":[{"href":"https:\/\/biblioteca.blanes.cat\/salajove\/wp-json\/wp\/v2\/posts\/9254","targetHints":{"allow":["GET"]}}],"collection":[{"href":"https:\/\/biblioteca.blanes.cat\/salajove\/wp-json\/wp\/v2\/posts"}],"about":[{"href":"https:\/\/biblioteca.blanes.cat\/salajove\/wp-json\/wp\/v2\/types\/post"}],"author":[{"embeddable":true,"href":"https:\/\/biblioteca.blanes.cat\/salajove\/wp-json\/wp\/v2\/users\/4"}],"replies":[{"embeddable":true,"href":"https:\/\/biblioteca.blanes.cat\/salajove\/wp-json\/wp\/v2\/comments?post=9254"}],"version-history":[{"count":8,"href":"https:\/\/biblioteca.blanes.cat\/salajove\/wp-json\/wp\/v2\/posts\/9254\/revisions"}],"predecessor-version":[{"id":9270,"href":"https:\/\/biblioteca.blanes.cat\/salajove\/wp-json\/wp\/v2\/posts\/9254\/revisions\/9270"}],"wp:featuredmedia":[{"embeddable":true,"href":"https:\/\/biblioteca.blanes.cat\/salajove\/wp-json\/wp\/v2\/media\/9261"}],"wp:attachment":[{"href":"https:\/\/biblioteca.blanes.cat\/salajove\/wp-json\/wp\/v2\/media?parent=9254"}],"wp:term":[{"taxonomy":"category","embeddable":true,"href":"https:\/\/biblioteca.blanes.cat\/salajove\/wp-json\/wp\/v2\/categories?post=9254"},{"taxonomy":"post_tag","embeddable":true,"href":"https:\/\/biblioteca.blanes.cat\/salajove\/wp-json\/wp\/v2\/tags?post=9254"}],"curies":[{"name":"wp","href":"https:\/\/api.w.org\/{rel}","templated":true}]}}