{"id":9195,"date":"2024-12-16T20:06:46","date_gmt":"2024-12-16T19:06:46","guid":{"rendered":"https:\/\/biblioteca.blanes.cat\/salajove\/?p=9195"},"modified":"2025-09-03T18:18:28","modified_gmt":"2025-09-03T17:18:28","slug":"club-de-lectura-juvenil-emblanats-la-princesa-totem","status":"publish","type":"post","link":"https:\/\/biblioteca.blanes.cat\/salajove\/2024\/12\/16\/club-de-lectura-juvenil-emblanats-la-princesa-totem\/","title":{"rendered":"Club de Lectura Juvenil #emblanats: La princesa T\u00f2tem"},"content":{"rendered":"\n\n\n<p><span style=\"color: #ff00ff;\"><strong><em>La princesa T\u00f2tem<\/em><\/strong><\/span>, de <span style=\"color: #ff00ff;\"><strong>S\u00e9bastien Perez i Justine Brax<\/strong><\/span>, \u00e9s l\u2019\u00e0lbum il\u00b7lustrat que hem treballat aquest mes al Club de Lectura Juvenil. La idea d\u2019aquesta sessi\u00f3 ha sigut fer una lectura diferent en qu\u00e8 <span style=\"color: #ff00ff;\"><strong>la imatge t\u00e9 un protagonisme destacat en la hist\u00f2ria.<\/strong><\/span><\/p>\n<p><img fetchpriority=\"high\" decoding=\"async\" class=\"size-medium wp-image-9196 alignleft\" src=\"https:\/\/biblioteca.blanes.cat\/salajove\/wp-content\/uploads\/sites\/3\/2024\/12\/totem-5-225x300.jpg\" alt=\"\" width=\"225\" height=\"300\" \/><\/p>\n<p><img decoding=\"async\" class=\"size-medium wp-image-9198 alignnone\" src=\"https:\/\/biblioteca.blanes.cat\/salajove\/wp-content\/uploads\/sites\/3\/2024\/12\/totem-4-225x300.webp\" alt=\"\" width=\"225\" height=\"300\" srcset=\"https:\/\/biblioteca.blanes.cat\/salajove\/wp-content\/uploads\/sites\/3\/2024\/12\/totem-4-225x300.webp 225w, https:\/\/biblioteca.blanes.cat\/salajove\/wp-content\/uploads\/sites\/3\/2024\/12\/totem-4-768x1024.webp 768w, https:\/\/biblioteca.blanes.cat\/salajove\/wp-content\/uploads\/sites\/3\/2024\/12\/totem-4-1152x1536.webp 1152w, https:\/\/biblioteca.blanes.cat\/salajove\/wp-content\/uploads\/sites\/3\/2024\/12\/totem-4-scaled.webp 1440w\" sizes=\"(max-width: 225px) 100vw, 225px\" \/><\/p>\n<p>Els <span style=\"color: #ff00ff;\"><strong>\u00e0lbums il\u00b7lustrats<\/strong><\/span> es caracteritzen per donar un valor fonamental a les il\u00b7lustracions, que no nom\u00e9s serveixen de complement a la narraci\u00f3, tamb\u00e9 li donen un toc especial i <span style=\"color: #ff00ff;\"><strong>hi aporten qualitat, informaci\u00f3 i bellesa<\/strong><\/span>. Abans de res, hem comentat les difer\u00e8ncies entre un \u00e0lbum il\u00b7lustrat i un c\u00f2mic, en qu\u00e8 la imatge tamb\u00e9 hi t\u00e9 un paper fonamental per\u00f2 des d\u2019un punt de vista m\u00e9s aviat narratiu, ja que es tracta d\u2019una seq\u00fc\u00e8ncia d\u2019imatges i text. En l\u2019\u00e0lbum il\u00b7lustrat, en canvi, el dibuix retrata un element o escena concrets i agafa molta for\u00e7a. Hem aprofitat l&#8217;ocasi\u00f3 per fullejar uns quants \u00e0lbums de la biblioteca i veure aquest poder de la imatge.<\/p>\n<p>Amb aquesta lectura hem conegut la June, una nena que des del seu naixement s\u2019ha preparat per ser la princesa T\u00f2tem a trav\u00e9s d\u2019un seguit de normes i sacrificis que la porten a q\u00fcestionar-se el seu model de vida. Aquest tema ens ha perm\u00e8s debatre sobre conceptes com <span style=\"color: #ff00ff;\"><strong>la llibertat, la rebel\u00b7li\u00f3, el comprom\u00eds, el poder de decisi\u00f3 i les responsabilitats<\/strong><\/span>, unes q\u00fcestions que ens han portat a valorar el nostre dia a dia i a posar-nos en situacions que ens acompanyen constantment i ens fan sentir atrapats, lliures o fins i tot una mica rebels. Sense cap mena de dubte, hem arribat a la conclusi\u00f3 que no ens agradaria ser pr\u00ednceps i princeses i que preferim una vida com la que tenim.<\/p>\n<p><img decoding=\"async\" class=\"size-medium wp-image-9200 alignleft\" src=\"https:\/\/biblioteca.blanes.cat\/salajove\/wp-content\/uploads\/sites\/3\/2024\/12\/totem-1-300x300.jpg\" alt=\"\" width=\"300\" height=\"300\" srcset=\"https:\/\/biblioteca.blanes.cat\/salajove\/wp-content\/uploads\/sites\/3\/2024\/12\/totem-1-300x300.jpg 300w, https:\/\/biblioteca.blanes.cat\/salajove\/wp-content\/uploads\/sites\/3\/2024\/12\/totem-1-1024x1024.jpg 1024w, https:\/\/biblioteca.blanes.cat\/salajove\/wp-content\/uploads\/sites\/3\/2024\/12\/totem-1-150x150.jpg 150w, https:\/\/biblioteca.blanes.cat\/salajove\/wp-content\/uploads\/sites\/3\/2024\/12\/totem-1-768x768.jpg 768w, https:\/\/biblioteca.blanes.cat\/salajove\/wp-content\/uploads\/sites\/3\/2024\/12\/totem-1-1536x1536.jpg 1536w, https:\/\/biblioteca.blanes.cat\/salajove\/wp-content\/uploads\/sites\/3\/2024\/12\/totem-1-2048x2048.jpg 2048w, https:\/\/biblioteca.blanes.cat\/salajove\/wp-content\/uploads\/sites\/3\/2024\/12\/totem-1-270x270.jpg 270w, https:\/\/biblioteca.blanes.cat\/salajove\/wp-content\/uploads\/sites\/3\/2024\/12\/totem-1-230x230.jpg 230w\" sizes=\"(max-width: 300px) 100vw, 300px\" \/><\/p>\n<p><img loading=\"lazy\" decoding=\"async\" class=\"size-medium wp-image-9199 alignnone\" src=\"https:\/\/biblioteca.blanes.cat\/salajove\/wp-content\/uploads\/sites\/3\/2024\/12\/totem-6-225x300.webp\" alt=\"\" width=\"225\" height=\"300\" srcset=\"https:\/\/biblioteca.blanes.cat\/salajove\/wp-content\/uploads\/sites\/3\/2024\/12\/totem-6-225x300.webp 225w, https:\/\/biblioteca.blanes.cat\/salajove\/wp-content\/uploads\/sites\/3\/2024\/12\/totem-6-768x1024.webp 768w, https:\/\/biblioteca.blanes.cat\/salajove\/wp-content\/uploads\/sites\/3\/2024\/12\/totem-6-1152x1536.webp 1152w, https:\/\/biblioteca.blanes.cat\/salajove\/wp-content\/uploads\/sites\/3\/2024\/12\/totem-6-scaled.webp 1440w\" sizes=\"(max-width: 225px) 100vw, 225px\" \/><\/p>\n<p>Un cop hem conversat sobre els valors de l\u2019obra, hem passat a la primera din\u00e0mica proposada, que ens ha servit per veure si realment les il\u00b7lustracions de Justine Brax s\u2019adiuen o no al text de S\u00e9bastien P\u00e9rez. Hem fet una estesa de les il\u00b7lustracions a la taula i cada un de nosaltres ha llegit un fragment del llibre i entre tots <span style=\"color: #ff00ff;\"><strong>hem hagut de relacionar aquest fragment amb la imatge<\/strong><\/span>. Com que som uns cracks, hem superat el repte amb nota i ens hem adonat que \u00e9s un llibre molt ben il\u00b7lustrat. Tot seguit, per donar m\u00e9s joc a les imatges, hem passejat per la Sala Jove i cadascun de nosaltres ha escollit el t\u00edtol d\u2019un llibre que li sugger\u00eds la imatge escollida. Normalment, els dibuixos es creen a partir del text, doncs nosaltres hem fet l\u2019exercici al rev\u00e9s: a partir d\u2019una imatge hem hagut de pensar quin llibre hi escauria perqu\u00e8 aquesta en fos la coberta. Han sortit propostes ben interessants!<\/p>\n<p><img loading=\"lazy\" decoding=\"async\" class=\"aligncenter size-medium wp-image-9197\" src=\"https:\/\/biblioteca.blanes.cat\/salajove\/wp-content\/uploads\/sites\/3\/2024\/12\/totem-2-225x300.webp\" alt=\"\" width=\"225\" height=\"300\" srcset=\"https:\/\/biblioteca.blanes.cat\/salajove\/wp-content\/uploads\/sites\/3\/2024\/12\/totem-2-225x300.webp 225w, https:\/\/biblioteca.blanes.cat\/salajove\/wp-content\/uploads\/sites\/3\/2024\/12\/totem-2-768x1024.webp 768w, https:\/\/biblioteca.blanes.cat\/salajove\/wp-content\/uploads\/sites\/3\/2024\/12\/totem-2-1152x1536.webp 1152w, https:\/\/biblioteca.blanes.cat\/salajove\/wp-content\/uploads\/sites\/3\/2024\/12\/totem-2-scaled.webp 1440w\" sizes=\"(max-width: 225px) 100vw, 225px\" \/><\/p>\n<p>Finalment, hem aprofitat les il\u00b7lustracions de l\u2019\u00e0lbum per fer una banderetes i <span style=\"color: #ff00ff;\"><strong>decorar l\u2019aparador de la Sala Jove<\/strong><\/span>. Cada una de les imatge cont\u00e9 els nostres desitjos per a l\u2019any nou a darrere&#8230; Per\u00f2 aix\u00f2 ho mantindrem en secret \ud83d\ude09<\/p>\n<p>I en un tancar i obrir d\u2019ulls ja som a finals d\u2019any i a punt per encarar les sessions del 2025! Comen\u00e7arem forts i llegirem una novel\u00b7la de Vince Vawter sobre un nen tartamut que es titula <span style=\"color: #008080;\"><a style=\"color: #008080;\" href=\"https:\/\/www.editorialbambu.com\/ca\/llibre\/el-noi-del-diari_80270619\/\" target=\"_blank\" rel=\"noopener\"><em><strong>El noi del diari<\/strong><\/em><\/a><\/span>. De tant en tant va b\u00e9 llegir sobre tem\u00e0tica inclusiva, oi?<\/p>\n<p><img loading=\"lazy\" decoding=\"async\" class=\"aligncenter  wp-image-9204\" src=\"https:\/\/biblioteca.blanes.cat\/salajove\/wp-content\/uploads\/sites\/3\/2024\/12\/logo-club-de-lectura-300x300.webp\" alt=\"\" width=\"213\" height=\"213\" srcset=\"https:\/\/biblioteca.blanes.cat\/salajove\/wp-content\/uploads\/sites\/3\/2024\/12\/logo-club-de-lectura-300x300.webp 300w, https:\/\/biblioteca.blanes.cat\/salajove\/wp-content\/uploads\/sites\/3\/2024\/12\/logo-club-de-lectura-1024x1021.webp 1024w, https:\/\/biblioteca.blanes.cat\/salajove\/wp-content\/uploads\/sites\/3\/2024\/12\/logo-club-de-lectura-150x150.webp 150w, https:\/\/biblioteca.blanes.cat\/salajove\/wp-content\/uploads\/sites\/3\/2024\/12\/logo-club-de-lectura-768x766.webp 768w, https:\/\/biblioteca.blanes.cat\/salajove\/wp-content\/uploads\/sites\/3\/2024\/12\/logo-club-de-lectura-270x270.webp 270w, https:\/\/biblioteca.blanes.cat\/salajove\/wp-content\/uploads\/sites\/3\/2024\/12\/logo-club-de-lectura-230x230.webp 230w, https:\/\/biblioteca.blanes.cat\/salajove\/wp-content\/uploads\/sites\/3\/2024\/12\/logo-club-de-lectura.webp 1122w\" sizes=\"(max-width: 213px) 100vw, 213px\" \/><\/p>\n<p><span style=\"color: #339966;\"><strong>FINS L\u2019ANY QUE VE, #EMBLANATS!<\/strong><\/span><\/p>\n","protected":false},"excerpt":{"rendered":"<p>La princesa T\u00f2tem, de S\u00e9bastien Perez i Justine Brax, \u00e9s l\u2019\u00e0lbum il\u00b7lustrat que hem treballat aquest mes al Club de Lectura Juvenil. La idea d\u2019aquesta sessi\u00f3 ha sigut fer una lectura diferent en qu\u00e8 la imatge t\u00e9 un protagonisme destacat<\/p>\n","protected":false},"author":4,"featured_media":9196,"comment_status":"open","ping_status":"open","sticky":false,"template":"","format":"standard","meta":{"sfsi_plus_gutenberg_text_before_share":"","sfsi_plus_gutenberg_show_text_before_share":"","sfsi_plus_gutenberg_icon_type":"","sfsi_plus_gutenberg_icon_alignemt":"","sfsi_plus_gutenburg_max_per_row":"","footnotes":""},"categories":[5],"tags":[24,97,29,52,26,19,21],"class_list":["post-9195","post","type-post","status-publish","format-standard","has-post-thumbnail","hentry","category-club-de-lectura","tag-activitats","tag-activitats-actualitat-joves","tag-club-de-lectura","tag-joves","tag-lectura","tag-literatura","tag-llibres"],"yoast_head":"<!-- This site is optimized with the Yoast SEO plugin v27.5 - https:\/\/yoast.com\/product\/yoast-seo-wordpress\/ -->\n<title>Club de Lectura Juvenil #emblanats: La princesa T\u00f2tem - Sala Jove<\/title>\n<meta name=\"robots\" content=\"index, follow, max-snippet:-1, max-image-preview:large, max-video-preview:-1\" \/>\n<link rel=\"canonical\" href=\"https:\/\/biblioteca.blanes.cat\/salajove\/2024\/12\/16\/club-de-lectura-juvenil-emblanats-la-princesa-totem\/\" \/>\n<meta property=\"og:locale\" content=\"ca_ES\" \/>\n<meta property=\"og:type\" content=\"article\" \/>\n<meta property=\"og:title\" content=\"Club de Lectura Juvenil #emblanats: La princesa T\u00f2tem - Sala Jove\" \/>\n<meta property=\"og:description\" content=\"La princesa T\u00f2tem, de S\u00e9bastien Perez i Justine Brax, \u00e9s l\u2019\u00e0lbum il\u00b7lustrat que hem treballat aquest mes al Club de Lectura Juvenil. La idea d\u2019aquesta sessi\u00f3 ha sigut fer una lectura diferent en qu\u00e8 la imatge t\u00e9 un protagonisme destacat\" \/>\n<meta property=\"og:url\" content=\"https:\/\/biblioteca.blanes.cat\/salajove\/2024\/12\/16\/club-de-lectura-juvenil-emblanats-la-princesa-totem\/\" \/>\n<meta property=\"og:site_name\" content=\"Sala Jove\" \/>\n<meta property=\"article:publisher\" content=\"https:\/\/www.facebook.com\/BilbiotecaComarcaldeBlanes\/\" \/>\n<meta property=\"article:published_time\" content=\"2024-12-16T19:06:46+00:00\" \/>\n<meta property=\"article:modified_time\" content=\"2025-09-03T17:18:28+00:00\" \/>\n<meta property=\"og:image\" content=\"https:\/\/biblioteca.blanes.cat\/salajove\/wp-content\/uploads\/sites\/3\/2024\/12\/totem-5-scaled.webp\" \/>\n\t<meta property=\"og:image:width\" content=\"1440\" \/>\n\t<meta property=\"og:image:height\" content=\"1920\" \/>\n\t<meta property=\"og:image:type\" content=\"image\/webp\" \/>\n<meta name=\"author\" content=\"biblioblanes\" \/>\n<meta name=\"twitter:card\" content=\"summary_large_image\" \/>\n<meta name=\"twitter:creator\" content=\"@biblioblanes\" \/>\n<meta name=\"twitter:site\" content=\"@BiblioBlanes\" \/>\n<meta name=\"twitter:label1\" content=\"Escrit per\" \/>\n\t<meta name=\"twitter:data1\" content=\"biblioblanes\" \/>\n\t<meta name=\"twitter:label2\" content=\"Temps estimat de lectura\" \/>\n\t<meta name=\"twitter:data2\" content=\"5 minuts\" \/>\n<script type=\"application\/ld+json\" class=\"yoast-schema-graph\">{\"@context\":\"https:\\\/\\\/schema.org\",\"@graph\":[{\"@type\":\"Article\",\"@id\":\"https:\\\/\\\/biblioteca.blanes.cat\\\/salajove\\\/2024\\\/12\\\/16\\\/club-de-lectura-juvenil-emblanats-la-princesa-totem\\\/#article\",\"isPartOf\":{\"@id\":\"https:\\\/\\\/biblioteca.blanes.cat\\\/salajove\\\/2024\\\/12\\\/16\\\/club-de-lectura-juvenil-emblanats-la-princesa-totem\\\/\"},\"author\":{\"name\":\"biblioblanes\",\"@id\":\"https:\\\/\\\/biblioteca.blanes.cat\\\/salajove\\\/#\\\/schema\\\/person\\\/5a7b46760d9dd611d098bbf571a341dc\"},\"headline\":\"Club de Lectura Juvenil #emblanats: La princesa T\u00f2tem\",\"datePublished\":\"2024-12-16T19:06:46+00:00\",\"dateModified\":\"2025-09-03T17:18:28+00:00\",\"mainEntityOfPage\":{\"@id\":\"https:\\\/\\\/biblioteca.blanes.cat\\\/salajove\\\/2024\\\/12\\\/16\\\/club-de-lectura-juvenil-emblanats-la-princesa-totem\\\/\"},\"wordCount\":600,\"commentCount\":0,\"publisher\":{\"@id\":\"https:\\\/\\\/biblioteca.blanes.cat\\\/salajove\\\/#organization\"},\"image\":{\"@id\":\"https:\\\/\\\/biblioteca.blanes.cat\\\/salajove\\\/2024\\\/12\\\/16\\\/club-de-lectura-juvenil-emblanats-la-princesa-totem\\\/#primaryimage\"},\"thumbnailUrl\":\"https:\\\/\\\/biblioteca.blanes.cat\\\/salajove\\\/wp-content\\\/uploads\\\/sites\\\/3\\\/2024\\\/12\\\/totem-5-scaled.webp\",\"keywords\":[\"#Activitats\",\"#Activitats #Actualitat #Joves\",\"#ClubdeLectura\",\"#Joves\",\"#Lectura\",\"#Literatura\",\"#Llibres\"],\"articleSection\":[\"Club de Lectura\"],\"inLanguage\":\"ca\",\"potentialAction\":[{\"@type\":\"CommentAction\",\"name\":\"Comment\",\"target\":[\"https:\\\/\\\/biblioteca.blanes.cat\\\/salajove\\\/2024\\\/12\\\/16\\\/club-de-lectura-juvenil-emblanats-la-princesa-totem\\\/#respond\"]}]},{\"@type\":\"WebPage\",\"@id\":\"https:\\\/\\\/biblioteca.blanes.cat\\\/salajove\\\/2024\\\/12\\\/16\\\/club-de-lectura-juvenil-emblanats-la-princesa-totem\\\/\",\"url\":\"https:\\\/\\\/biblioteca.blanes.cat\\\/salajove\\\/2024\\\/12\\\/16\\\/club-de-lectura-juvenil-emblanats-la-princesa-totem\\\/\",\"name\":\"Club de Lectura Juvenil #emblanats: La princesa T\u00f2tem - Sala Jove\",\"isPartOf\":{\"@id\":\"https:\\\/\\\/biblioteca.blanes.cat\\\/salajove\\\/#website\"},\"primaryImageOfPage\":{\"@id\":\"https:\\\/\\\/biblioteca.blanes.cat\\\/salajove\\\/2024\\\/12\\\/16\\\/club-de-lectura-juvenil-emblanats-la-princesa-totem\\\/#primaryimage\"},\"image\":{\"@id\":\"https:\\\/\\\/biblioteca.blanes.cat\\\/salajove\\\/2024\\\/12\\\/16\\\/club-de-lectura-juvenil-emblanats-la-princesa-totem\\\/#primaryimage\"},\"thumbnailUrl\":\"https:\\\/\\\/biblioteca.blanes.cat\\\/salajove\\\/wp-content\\\/uploads\\\/sites\\\/3\\\/2024\\\/12\\\/totem-5-scaled.webp\",\"datePublished\":\"2024-12-16T19:06:46+00:00\",\"dateModified\":\"2025-09-03T17:18:28+00:00\",\"breadcrumb\":{\"@id\":\"https:\\\/\\\/biblioteca.blanes.cat\\\/salajove\\\/2024\\\/12\\\/16\\\/club-de-lectura-juvenil-emblanats-la-princesa-totem\\\/#breadcrumb\"},\"inLanguage\":\"ca\",\"potentialAction\":[{\"@type\":\"ReadAction\",\"target\":[\"https:\\\/\\\/biblioteca.blanes.cat\\\/salajove\\\/2024\\\/12\\\/16\\\/club-de-lectura-juvenil-emblanats-la-princesa-totem\\\/\"]}]},{\"@type\":\"ImageObject\",\"inLanguage\":\"ca\",\"@id\":\"https:\\\/\\\/biblioteca.blanes.cat\\\/salajove\\\/2024\\\/12\\\/16\\\/club-de-lectura-juvenil-emblanats-la-princesa-totem\\\/#primaryimage\",\"url\":\"https:\\\/\\\/biblioteca.blanes.cat\\\/salajove\\\/wp-content\\\/uploads\\\/sites\\\/3\\\/2024\\\/12\\\/totem-5-scaled.webp\",\"contentUrl\":\"https:\\\/\\\/biblioteca.blanes.cat\\\/salajove\\\/wp-content\\\/uploads\\\/sites\\\/3\\\/2024\\\/12\\\/totem-5-scaled.webp\",\"width\":1440,\"height\":1920},{\"@type\":\"BreadcrumbList\",\"@id\":\"https:\\\/\\\/biblioteca.blanes.cat\\\/salajove\\\/2024\\\/12\\\/16\\\/club-de-lectura-juvenil-emblanats-la-princesa-totem\\\/#breadcrumb\",\"itemListElement\":[{\"@type\":\"ListItem\",\"position\":1,\"name\":\"Inici\",\"item\":\"https:\\\/\\\/biblioteca.blanes.cat\\\/salajove\\\/\"},{\"@type\":\"ListItem\",\"position\":2,\"name\":\"Club de Lectura Juvenil #emblanats: La princesa T\u00f2tem\"}]},{\"@type\":\"WebSite\",\"@id\":\"https:\\\/\\\/biblioteca.blanes.cat\\\/salajove\\\/#website\",\"url\":\"https:\\\/\\\/biblioteca.blanes.cat\\\/salajove\\\/\",\"name\":\"Sala Jove\",\"description\":\"Biblioteca Comarcal de Blanes\",\"publisher\":{\"@id\":\"https:\\\/\\\/biblioteca.blanes.cat\\\/salajove\\\/#organization\"},\"potentialAction\":[{\"@type\":\"SearchAction\",\"target\":{\"@type\":\"EntryPoint\",\"urlTemplate\":\"https:\\\/\\\/biblioteca.blanes.cat\\\/salajove\\\/?s={search_term_string}\"},\"query-input\":{\"@type\":\"PropertyValueSpecification\",\"valueRequired\":true,\"valueName\":\"search_term_string\"}}],\"inLanguage\":\"ca\"},{\"@type\":\"Organization\",\"@id\":\"https:\\\/\\\/biblioteca.blanes.cat\\\/salajove\\\/#organization\",\"name\":\"Biblioteca Comarcal de Blanes\",\"url\":\"https:\\\/\\\/biblioteca.blanes.cat\\\/salajove\\\/\",\"logo\":{\"@type\":\"ImageObject\",\"inLanguage\":\"ca\",\"@id\":\"https:\\\/\\\/biblioteca.blanes.cat\\\/salajove\\\/#\\\/schema\\\/logo\\\/image\\\/\",\"url\":\"https:\\\/\\\/biblioteca.blanes.cat\\\/salajove\\\/wp-content\\\/uploads\\\/sites\\\/3\\\/2017\\\/09\\\/cropped-Bib-blau-e1518869380535.png\",\"contentUrl\":\"https:\\\/\\\/biblioteca.blanes.cat\\\/salajove\\\/wp-content\\\/uploads\\\/sites\\\/3\\\/2017\\\/09\\\/cropped-Bib-blau-e1518869380535.png\",\"width\":166,\"height\":166,\"caption\":\"Biblioteca Comarcal de Blanes\"},\"image\":{\"@id\":\"https:\\\/\\\/biblioteca.blanes.cat\\\/salajove\\\/#\\\/schema\\\/logo\\\/image\\\/\"},\"sameAs\":[\"https:\\\/\\\/www.facebook.com\\\/BilbiotecaComarcaldeBlanes\\\/\",\"https:\\\/\\\/x.com\\\/BiblioBlanes\",\"https:\\\/\\\/www.instagram.com\\\/biblioblanes\\\/\",\"https:\\\/\\\/www.pinterest.es\\\/bblanes\\\/\",\"https:\\\/\\\/www.youtube.com\\\/c\\\/BibliotecaComarcalBlanes\"]},{\"@type\":\"Person\",\"@id\":\"https:\\\/\\\/biblioteca.blanes.cat\\\/salajove\\\/#\\\/schema\\\/person\\\/5a7b46760d9dd611d098bbf571a341dc\",\"name\":\"biblioblanes\",\"image\":{\"@type\":\"ImageObject\",\"inLanguage\":\"ca\",\"@id\":\"https:\\\/\\\/secure.gravatar.com\\\/avatar\\\/6593ca6cc90e5a70939f51c95e8315483b9c281bafba597292bee47992030f99?s=96&d=mm&r=g\",\"url\":\"https:\\\/\\\/secure.gravatar.com\\\/avatar\\\/6593ca6cc90e5a70939f51c95e8315483b9c281bafba597292bee47992030f99?s=96&d=mm&r=g\",\"contentUrl\":\"https:\\\/\\\/secure.gravatar.com\\\/avatar\\\/6593ca6cc90e5a70939f51c95e8315483b9c281bafba597292bee47992030f99?s=96&d=mm&r=g\",\"caption\":\"biblioblanes\"},\"sameAs\":[\"http:\\\/\\\/www.bibgirona.cat\\\/biblioteca\\\/blanes\",\"https:\\\/\\\/x.com\\\/biblioblanes\"],\"url\":\"https:\\\/\\\/biblioteca.blanes.cat\\\/salajove\\\/author\\\/biblioblanes\\\/\"}]}<\/script>\n<!-- \/ Yoast SEO plugin. -->","yoast_head_json":{"title":"Club de Lectura Juvenil #emblanats: La princesa T\u00f2tem - Sala Jove","robots":{"index":"index","follow":"follow","max-snippet":"max-snippet:-1","max-image-preview":"max-image-preview:large","max-video-preview":"max-video-preview:-1"},"canonical":"https:\/\/biblioteca.blanes.cat\/salajove\/2024\/12\/16\/club-de-lectura-juvenil-emblanats-la-princesa-totem\/","og_locale":"ca_ES","og_type":"article","og_title":"Club de Lectura Juvenil #emblanats: La princesa T\u00f2tem - Sala Jove","og_description":"La princesa T\u00f2tem, de S\u00e9bastien Perez i Justine Brax, \u00e9s l\u2019\u00e0lbum il\u00b7lustrat que hem treballat aquest mes al Club de Lectura Juvenil. La idea d\u2019aquesta sessi\u00f3 ha sigut fer una lectura diferent en qu\u00e8 la imatge t\u00e9 un protagonisme destacat","og_url":"https:\/\/biblioteca.blanes.cat\/salajove\/2024\/12\/16\/club-de-lectura-juvenil-emblanats-la-princesa-totem\/","og_site_name":"Sala Jove","article_publisher":"https:\/\/www.facebook.com\/BilbiotecaComarcaldeBlanes\/","article_published_time":"2024-12-16T19:06:46+00:00","article_modified_time":"2025-09-03T17:18:28+00:00","og_image":[{"width":1440,"height":1920,"url":"https:\/\/biblioteca.blanes.cat\/salajove\/wp-content\/uploads\/sites\/3\/2024\/12\/totem-5-scaled.webp","type":"image\/webp"}],"author":"biblioblanes","twitter_card":"summary_large_image","twitter_creator":"@biblioblanes","twitter_site":"@BiblioBlanes","twitter_misc":{"Escrit per":"biblioblanes","Temps estimat de lectura":"5 minuts"},"schema":{"@context":"https:\/\/schema.org","@graph":[{"@type":"Article","@id":"https:\/\/biblioteca.blanes.cat\/salajove\/2024\/12\/16\/club-de-lectura-juvenil-emblanats-la-princesa-totem\/#article","isPartOf":{"@id":"https:\/\/biblioteca.blanes.cat\/salajove\/2024\/12\/16\/club-de-lectura-juvenil-emblanats-la-princesa-totem\/"},"author":{"name":"biblioblanes","@id":"https:\/\/biblioteca.blanes.cat\/salajove\/#\/schema\/person\/5a7b46760d9dd611d098bbf571a341dc"},"headline":"Club de Lectura Juvenil #emblanats: La princesa T\u00f2tem","datePublished":"2024-12-16T19:06:46+00:00","dateModified":"2025-09-03T17:18:28+00:00","mainEntityOfPage":{"@id":"https:\/\/biblioteca.blanes.cat\/salajove\/2024\/12\/16\/club-de-lectura-juvenil-emblanats-la-princesa-totem\/"},"wordCount":600,"commentCount":0,"publisher":{"@id":"https:\/\/biblioteca.blanes.cat\/salajove\/#organization"},"image":{"@id":"https:\/\/biblioteca.blanes.cat\/salajove\/2024\/12\/16\/club-de-lectura-juvenil-emblanats-la-princesa-totem\/#primaryimage"},"thumbnailUrl":"https:\/\/biblioteca.blanes.cat\/salajove\/wp-content\/uploads\/sites\/3\/2024\/12\/totem-5-scaled.webp","keywords":["#Activitats","#Activitats #Actualitat #Joves","#ClubdeLectura","#Joves","#Lectura","#Literatura","#Llibres"],"articleSection":["Club de Lectura"],"inLanguage":"ca","potentialAction":[{"@type":"CommentAction","name":"Comment","target":["https:\/\/biblioteca.blanes.cat\/salajove\/2024\/12\/16\/club-de-lectura-juvenil-emblanats-la-princesa-totem\/#respond"]}]},{"@type":"WebPage","@id":"https:\/\/biblioteca.blanes.cat\/salajove\/2024\/12\/16\/club-de-lectura-juvenil-emblanats-la-princesa-totem\/","url":"https:\/\/biblioteca.blanes.cat\/salajove\/2024\/12\/16\/club-de-lectura-juvenil-emblanats-la-princesa-totem\/","name":"Club de Lectura Juvenil #emblanats: La princesa T\u00f2tem - Sala Jove","isPartOf":{"@id":"https:\/\/biblioteca.blanes.cat\/salajove\/#website"},"primaryImageOfPage":{"@id":"https:\/\/biblioteca.blanes.cat\/salajove\/2024\/12\/16\/club-de-lectura-juvenil-emblanats-la-princesa-totem\/#primaryimage"},"image":{"@id":"https:\/\/biblioteca.blanes.cat\/salajove\/2024\/12\/16\/club-de-lectura-juvenil-emblanats-la-princesa-totem\/#primaryimage"},"thumbnailUrl":"https:\/\/biblioteca.blanes.cat\/salajove\/wp-content\/uploads\/sites\/3\/2024\/12\/totem-5-scaled.webp","datePublished":"2024-12-16T19:06:46+00:00","dateModified":"2025-09-03T17:18:28+00:00","breadcrumb":{"@id":"https:\/\/biblioteca.blanes.cat\/salajove\/2024\/12\/16\/club-de-lectura-juvenil-emblanats-la-princesa-totem\/#breadcrumb"},"inLanguage":"ca","potentialAction":[{"@type":"ReadAction","target":["https:\/\/biblioteca.blanes.cat\/salajove\/2024\/12\/16\/club-de-lectura-juvenil-emblanats-la-princesa-totem\/"]}]},{"@type":"ImageObject","inLanguage":"ca","@id":"https:\/\/biblioteca.blanes.cat\/salajove\/2024\/12\/16\/club-de-lectura-juvenil-emblanats-la-princesa-totem\/#primaryimage","url":"https:\/\/biblioteca.blanes.cat\/salajove\/wp-content\/uploads\/sites\/3\/2024\/12\/totem-5-scaled.webp","contentUrl":"https:\/\/biblioteca.blanes.cat\/salajove\/wp-content\/uploads\/sites\/3\/2024\/12\/totem-5-scaled.webp","width":1440,"height":1920},{"@type":"BreadcrumbList","@id":"https:\/\/biblioteca.blanes.cat\/salajove\/2024\/12\/16\/club-de-lectura-juvenil-emblanats-la-princesa-totem\/#breadcrumb","itemListElement":[{"@type":"ListItem","position":1,"name":"Inici","item":"https:\/\/biblioteca.blanes.cat\/salajove\/"},{"@type":"ListItem","position":2,"name":"Club de Lectura Juvenil #emblanats: La princesa T\u00f2tem"}]},{"@type":"WebSite","@id":"https:\/\/biblioteca.blanes.cat\/salajove\/#website","url":"https:\/\/biblioteca.blanes.cat\/salajove\/","name":"Sala Jove","description":"Biblioteca Comarcal de Blanes","publisher":{"@id":"https:\/\/biblioteca.blanes.cat\/salajove\/#organization"},"potentialAction":[{"@type":"SearchAction","target":{"@type":"EntryPoint","urlTemplate":"https:\/\/biblioteca.blanes.cat\/salajove\/?s={search_term_string}"},"query-input":{"@type":"PropertyValueSpecification","valueRequired":true,"valueName":"search_term_string"}}],"inLanguage":"ca"},{"@type":"Organization","@id":"https:\/\/biblioteca.blanes.cat\/salajove\/#organization","name":"Biblioteca Comarcal de Blanes","url":"https:\/\/biblioteca.blanes.cat\/salajove\/","logo":{"@type":"ImageObject","inLanguage":"ca","@id":"https:\/\/biblioteca.blanes.cat\/salajove\/#\/schema\/logo\/image\/","url":"https:\/\/biblioteca.blanes.cat\/salajove\/wp-content\/uploads\/sites\/3\/2017\/09\/cropped-Bib-blau-e1518869380535.png","contentUrl":"https:\/\/biblioteca.blanes.cat\/salajove\/wp-content\/uploads\/sites\/3\/2017\/09\/cropped-Bib-blau-e1518869380535.png","width":166,"height":166,"caption":"Biblioteca Comarcal de Blanes"},"image":{"@id":"https:\/\/biblioteca.blanes.cat\/salajove\/#\/schema\/logo\/image\/"},"sameAs":["https:\/\/www.facebook.com\/BilbiotecaComarcaldeBlanes\/","https:\/\/x.com\/BiblioBlanes","https:\/\/www.instagram.com\/biblioblanes\/","https:\/\/www.pinterest.es\/bblanes\/","https:\/\/www.youtube.com\/c\/BibliotecaComarcalBlanes"]},{"@type":"Person","@id":"https:\/\/biblioteca.blanes.cat\/salajove\/#\/schema\/person\/5a7b46760d9dd611d098bbf571a341dc","name":"biblioblanes","image":{"@type":"ImageObject","inLanguage":"ca","@id":"https:\/\/secure.gravatar.com\/avatar\/6593ca6cc90e5a70939f51c95e8315483b9c281bafba597292bee47992030f99?s=96&d=mm&r=g","url":"https:\/\/secure.gravatar.com\/avatar\/6593ca6cc90e5a70939f51c95e8315483b9c281bafba597292bee47992030f99?s=96&d=mm&r=g","contentUrl":"https:\/\/secure.gravatar.com\/avatar\/6593ca6cc90e5a70939f51c95e8315483b9c281bafba597292bee47992030f99?s=96&d=mm&r=g","caption":"biblioblanes"},"sameAs":["http:\/\/www.bibgirona.cat\/biblioteca\/blanes","https:\/\/x.com\/biblioblanes"],"url":"https:\/\/biblioteca.blanes.cat\/salajove\/author\/biblioblanes\/"}]}},"_links":{"self":[{"href":"https:\/\/biblioteca.blanes.cat\/salajove\/wp-json\/wp\/v2\/posts\/9195","targetHints":{"allow":["GET"]}}],"collection":[{"href":"https:\/\/biblioteca.blanes.cat\/salajove\/wp-json\/wp\/v2\/posts"}],"about":[{"href":"https:\/\/biblioteca.blanes.cat\/salajove\/wp-json\/wp\/v2\/types\/post"}],"author":[{"embeddable":true,"href":"https:\/\/biblioteca.blanes.cat\/salajove\/wp-json\/wp\/v2\/users\/4"}],"replies":[{"embeddable":true,"href":"https:\/\/biblioteca.blanes.cat\/salajove\/wp-json\/wp\/v2\/comments?post=9195"}],"version-history":[{"count":6,"href":"https:\/\/biblioteca.blanes.cat\/salajove\/wp-json\/wp\/v2\/posts\/9195\/revisions"}],"predecessor-version":[{"id":9214,"href":"https:\/\/biblioteca.blanes.cat\/salajove\/wp-json\/wp\/v2\/posts\/9195\/revisions\/9214"}],"wp:featuredmedia":[{"embeddable":true,"href":"https:\/\/biblioteca.blanes.cat\/salajove\/wp-json\/wp\/v2\/media\/9196"}],"wp:attachment":[{"href":"https:\/\/biblioteca.blanes.cat\/salajove\/wp-json\/wp\/v2\/media?parent=9195"}],"wp:term":[{"taxonomy":"category","embeddable":true,"href":"https:\/\/biblioteca.blanes.cat\/salajove\/wp-json\/wp\/v2\/categories?post=9195"},{"taxonomy":"post_tag","embeddable":true,"href":"https:\/\/biblioteca.blanes.cat\/salajove\/wp-json\/wp\/v2\/tags?post=9195"}],"curies":[{"name":"wp","href":"https:\/\/api.w.org\/{rel}","templated":true}]}}