{"id":913,"date":"2018-01-28T22:52:30","date_gmt":"2018-01-28T21:52:30","guid":{"rendered":"https:\/\/biblioteca.blanes.cat\/salajove\/?p=913"},"modified":"2018-01-28T22:52:30","modified_gmt":"2018-01-28T21:52:30","slug":"913","status":"publish","type":"post","link":"https:\/\/biblioteca.blanes.cat\/salajove\/2018\/01\/28\/913\/","title":{"rendered":"V\u00c9S ON ET PORTI EL COR  de Susanna Tamaro"},"content":{"rendered":"<h3 style=\"text-align: center\">Diu la llegenda que quan arriba Nadal i els llums s\u2019apaguen, d\u2019all\u00e0 on els vells arbres ballen al comp\u00e0s dels forts vents del nord, venen unes belles i brillants fades que volen pels foscos camins de tot el m\u00f3n. Il\u00b7luminen cada rac\u00f3 de cada paret fosca. Canvien la tristesa per alegria i la foscor per l\u2019esperan\u00e7a. Elles s\u00f3n aquella espurna brillant en els teus ulls, aquell somriure de felicitat que s&#8217;et dibuixa els llavis, s\u00f3n les mil papallones que ballen i canten dins teu, s\u00f3n l\u2019infant que sempre portes dins, s\u00f3n els teus records, els teus desitjos. Elles s\u00f3n la m\u00e0gia, la que per sempre m\u00e9s viur\u00e0 en el teu cor.<\/h3>\n<p>La Susanna Tamaro m&#8217;ha fet reflexionar sobre una cosa. Quan ets petit sempre quan arriba Nadal creus que el m\u00e9s especial s\u00f3n els regals. No ens parem a pensar que seria del Nadal sense els retrobaments, les rialles, les abra\u00e7ades, els desitjos, la fam\u00edlia, els amics. Que seria del Nadal sense l\u2019arbre i les seves llumetes que s\u2019encenen i s\u2019apaguen. Sense el pessebre, sense nadales, sense la cara il\u00b7luminada d\u2019un infant la nit de reis, sense la m\u00e0gia. Jo dono gr\u00e0cies per tenir-ho tot per\u00f2 a vegades penso en la gent que no ho t\u00e9.<\/p>\n<p>&nbsp;<\/p>\n<p>Gent sola , sola perqu\u00e8 no t\u00e9 a ning\u00fa, els seus \u00e9ssers estimats ja no hi s\u00f3n o estan molt lluny amb els cors separats per infinits laberints. Els seus ulls ja no brillen, les belles fades, que venen d\u2019all\u00e0 on els vells arbres ballen al comp\u00e0s dels vents del Nords, no il\u00b7luminen el seu cam\u00ed. Vides que han perdut la m\u00e0gia. El llibre d\u2019avui va una mica d\u2019aix\u00f2. D\u2019ulls que ja no brillen, de ferides que no han cicatritzat, de records que fan mal, de soledat, de vides trencades. Per\u00f2 tamb\u00e9 \u00e9s un llibre d\u2019emocions reals, d\u2019\u00faltimes oportunitats, d\u2019esperances. Per a mi \u00e9s un llibre <img fetchpriority=\"high\" decoding=\"async\" class=\"alignright\" src=\"https:\/\/cloud10.todocoleccion.online\/libros-segunda-mano-literatura\/tc\/2014\/12\/18\/13\/46783068.jpg\" width=\"294\" height=\"448\" \/>d\u2019amor entre tres dones; una \u00e0via, una filla, una n\u00e9ta.<\/p>\n<h1 style=\"text-align: center\">L\u2019Olga, la Il\u00b7laria, la Marta.<\/h1>\n<p>&nbsp;<\/p>\n<p>&nbsp;<\/p>\n<p>&nbsp;<\/p>\n<p>Susanna Tamaro \u00e9s l\u2019autora d\u2019aquest llibre. Una escriptora italiana molt coneguda a tota Europa gr\u00e0cies al seu best-seller \u201cVes on et porti el cor\u201d que va escriure a l\u2019any 1994. \u00c9s la tercera novel\u00b7la d\u2019aquesta escriptora. Va n\u00e9ixer a Trieste (It\u00e0lia) el 1957. Va comen\u00e7ar l\u2019activitat com a novel\u00b7lista amb \u201cPer una veu sola\u201d i \u201cEl cap als n\u00favols\u201d. Altres llibres tamb\u00e9 coneguts s\u00f3n \u201cTobies i l\u2019\u00e0ngel\u201d, \u201cCap a casa\u201d i \u201cEstimada Mathilda\u201d.<\/p>\n<h4>\u201cVes on et porti el cor\u201d s\u00f3n cartes de l\u2019\u00e0via Olga per a la seva n\u00e9ta. L\u2019Olga \u00e9s una \u00e0via que despr\u00e9s de passar per una vida amb moltes dificultats i obstacles veu que esta arribant la fi dels seus dies. I decideix escriure cartes explicant a la seva n\u00e9ta tot all\u00f2 que ha sentit al llarg dels anys , coses que mai li ha dit, coses que la n\u00e9ta hauria d\u2019haver escoltat i mai ho va fer.<\/h4>\n<p>En aquest llibre m\u2019ha estat impossible escollir frases curtes, t\u00e9 par\u00e0grafs amb tanta reflexi\u00f3 i tendresa que n\u2019he escollit tres:<\/p>\n<p>&nbsp;<\/p>\n<p style=\"text-align: center\"><em>\u201cAbans de jutjar a una persona, camina durant tres llunes amb els seus mocassins\u201d Em va agradar tant que el vaig escriure en el bloc de notes del costat del tel\u00e8fon per no oblidar-lo. Vistes des de fora, moltes vides semblen un error, irracionals, esbojarrades! Des de fora, \u00e9s ben f\u00e0cil mal interpretar les persones, llurs relacions. Nom\u00e9s des de dintre, nom\u00e9s si caminem durant tres llunes amb llurs mocassins, podem comprendre llurs motivacions, llurs sentiments, all\u00f2 que fa actuar a una persona d\u2019una manera i no d\u2019una altra. La comprensi\u00f3 neix de la humilitat i no pas de l<\/em><em>\u2019orgull del saber.&#8221;<\/em><\/p>\n<p style=\"text-align: center\"><em>\u201cCada vegada que et sentis perduda, confusa, pensa en els arbres, recorda de quina manera creixen. Recorda que un arbre amb una gran copa i poques arrels \u00e9s arrencat al primer cop de vent, mentre que, un arbre amb moltes arrels i poca copa, la saba amb prou feines corre. Les arrels i la copa han de cr\u00e9ixer en la mateixa mesura, han d\u2019estar dins les coses i estar-ne per sobre, nom\u00e9s d\u2019aquesta manera podr\u00e0s oferir ombra i sopluig, nom\u00e9s d\u2019aquesta manera a l\u2019estaci\u00f3 adequada, podr\u00e0s cobrir-te de flors i de fruits.\u201d<\/em><\/p>\n<h2 style=\"text-align: center\"><em>\u201cI despr\u00e9s, quan davant teu s\u2019obriran tants camins i no sabr\u00e0s quin triar, no agafis un perqu\u00e8 s\u00ed, sin\u00f3 asseu-te i espera. Respira amb la profunditat confiada amb la qual vas respirar el dia que vas venir aquest m\u00f3n, sense que res et distragu\u00e9s; espera i espera m\u00e9s encara. Queda\u2019t quieta, en silenci, i escolta el teu cor. Quan et parli, aleshores aixeca\u2019t i v\u00e9s on ell et porti.\u201d<\/em><\/h2>\n<p>I ara unes an\u00e8cdotes:<\/p>\n<p>*Portada al cinema aquesta llarga carta en forma de diari ha estat tradu\u00efda a m\u00e9s de vint idiomes.<\/p>\n<p>*L\u2019autora ha escrit la segona part d\u2019aquest llibre, es diu \u201cEscolta la meva veu\u201d<\/p>\n<p>*Al 2014 Susana Tamaro va treure el llibre de \u201cTot \u00e0ngel \u00e9s terrible\u201d. \u00c9s una petita autobiografia de la seva vida.<\/p>\n<p>T\u2019animo a llegir-lo. \u00c9s un llibre que no et deixar\u00e0 indiferent i quan arribes al final et porta a fer reflexions. Desitjo que la m\u00e0gia de Nadal m\u2019acompanyi tota la meva vida. Vull que sempre tingui gent estimada al meu voltant, i que les belles fades il\u00b7luminin sempre el meu cam\u00ed. I que quan el cam\u00ed \u00e9s bifurqui i hagi d\u2019escollir, s\u00e0piga triar i vagi on el cor em porti. Aix\u00ed \u00e9s m\u00e9s probable que no m\u2019equivoqui.<\/p>\n","protected":false},"excerpt":{"rendered":"<p>Diu la llegenda que quan arriba Nadal i els llums s\u2019apaguen, d\u2019all\u00e0 on els vells arbres ballen al comp\u00e0s dels forts vents del nord, venen unes belles i brillants fades que volen pels foscos camins de tot el m\u00f3n. Il\u00b7luminen<\/p>\n","protected":false},"author":6,"featured_media":154,"comment_status":"open","ping_status":"open","sticky":false,"template":"","format":"standard","meta":{"sfsi_plus_gutenberg_text_before_share":"","sfsi_plus_gutenberg_show_text_before_share":"","sfsi_plus_gutenberg_icon_type":"","sfsi_plus_gutenberg_icon_alignemt":"","sfsi_plus_gutenburg_max_per_row":"","footnotes":""},"categories":[9,11],"tags":[34,26,21,23],"class_list":["post-913","post","type-post","status-publish","format-standard","has-post-thumbnail","hentry","category-raco-de-la-paula","category-classic","tag-blog-de-lectura","tag-lectura","tag-llibres","tag-sinopsi"],"yoast_head":"<!-- This site is optimized with the Yoast SEO plugin v27.5 - https:\/\/yoast.com\/product\/yoast-seo-wordpress\/ -->\n<title>V\u00c9S ON ET PORTI EL COR de Susanna Tamaro - Sala Jove<\/title>\n<meta name=\"description\" content=\"Susanna Tamaro \u00e9s l\u2019autora d\u2019aquest llibre, una escriptora italiana molt coneguda a tota Europa gr\u00e0cies al seu best-seller \u201cVes on et porti el cor\u201d\" \/>\n<meta name=\"robots\" content=\"index, follow, max-snippet:-1, max-image-preview:large, max-video-preview:-1\" \/>\n<link rel=\"canonical\" href=\"https:\/\/biblioteca.blanes.cat\/salajove\/2018\/01\/28\/913\/\" \/>\n<meta property=\"og:locale\" content=\"ca_ES\" \/>\n<meta property=\"og:type\" content=\"article\" \/>\n<meta property=\"og:title\" content=\"V\u00c9S ON ET PORTI EL COR de Susanna Tamaro - Sala Jove\" \/>\n<meta property=\"og:description\" content=\"Susanna Tamaro \u00e9s l\u2019autora d\u2019aquest llibre, una escriptora italiana molt coneguda a tota Europa gr\u00e0cies al seu best-seller \u201cVes on et porti el cor\u201d\" \/>\n<meta property=\"og:url\" content=\"https:\/\/biblioteca.blanes.cat\/salajove\/2018\/01\/28\/913\/\" \/>\n<meta property=\"og:site_name\" content=\"Sala Jove\" \/>\n<meta property=\"article:publisher\" content=\"https:\/\/www.facebook.com\/BilbiotecaComarcaldeBlanes\/\" \/>\n<meta property=\"article:published_time\" content=\"2018-01-28T21:52:30+00:00\" \/>\n<meta property=\"og:image\" content=\"https:\/\/biblioteca.blanes.cat\/salajove\/wp-content\/uploads\/sites\/3\/2017\/10\/Destacat_rac\u00f3_Paula.png\" \/>\n\t<meta property=\"og:image:width\" content=\"3719\" \/>\n\t<meta property=\"og:image:height\" content=\"2265\" \/>\n\t<meta property=\"og:image:type\" content=\"image\/png\" \/>\n<meta name=\"author\" content=\"paula\" \/>\n<meta name=\"twitter:card\" content=\"summary_large_image\" \/>\n<meta name=\"twitter:creator\" content=\"@BiblioBlanes\" \/>\n<meta name=\"twitter:site\" content=\"@BiblioBlanes\" \/>\n<meta name=\"twitter:label1\" content=\"Escrit per\" \/>\n\t<meta name=\"twitter:data1\" content=\"paula\" \/>\n\t<meta name=\"twitter:label2\" content=\"Temps estimat de lectura\" \/>\n\t<meta name=\"twitter:data2\" content=\"5 minuts\" \/>\n<script type=\"application\/ld+json\" class=\"yoast-schema-graph\">{\"@context\":\"https:\\\/\\\/schema.org\",\"@graph\":[{\"@type\":\"Article\",\"@id\":\"https:\\\/\\\/biblioteca.blanes.cat\\\/salajove\\\/2018\\\/01\\\/28\\\/913\\\/#article\",\"isPartOf\":{\"@id\":\"https:\\\/\\\/biblioteca.blanes.cat\\\/salajove\\\/2018\\\/01\\\/28\\\/913\\\/\"},\"author\":{\"name\":\"paula\",\"@id\":\"https:\\\/\\\/biblioteca.blanes.cat\\\/salajove\\\/#\\\/schema\\\/person\\\/8dbc45cdf5d1c7e2d100d147517ba7f3\"},\"headline\":\"V\u00c9S ON ET PORTI EL COR de Susanna Tamaro\",\"datePublished\":\"2018-01-28T21:52:30+00:00\",\"mainEntityOfPage\":{\"@id\":\"https:\\\/\\\/biblioteca.blanes.cat\\\/salajove\\\/2018\\\/01\\\/28\\\/913\\\/\"},\"wordCount\":1011,\"commentCount\":0,\"publisher\":{\"@id\":\"https:\\\/\\\/biblioteca.blanes.cat\\\/salajove\\\/#organization\"},\"image\":{\"@id\":\"https:\\\/\\\/biblioteca.blanes.cat\\\/salajove\\\/2018\\\/01\\\/28\\\/913\\\/#primaryimage\"},\"thumbnailUrl\":\"https:\\\/\\\/biblioteca.blanes.cat\\\/salajove\\\/wp-content\\\/uploads\\\/sites\\\/3\\\/2017\\\/10\\\/Destacat_rac\u00f3_Paula.png\",\"keywords\":[\"#BlogdeLectura\",\"#Lectura\",\"#Llibres\",\"#Sinopsi\"],\"articleSection\":[\"Rac\u00f3 de la Paula\",\"RP_Cl\u00e0ssic\"],\"inLanguage\":\"ca\",\"potentialAction\":[{\"@type\":\"CommentAction\",\"name\":\"Comment\",\"target\":[\"https:\\\/\\\/biblioteca.blanes.cat\\\/salajove\\\/2018\\\/01\\\/28\\\/913\\\/#respond\"]}]},{\"@type\":\"WebPage\",\"@id\":\"https:\\\/\\\/biblioteca.blanes.cat\\\/salajove\\\/2018\\\/01\\\/28\\\/913\\\/\",\"url\":\"https:\\\/\\\/biblioteca.blanes.cat\\\/salajove\\\/2018\\\/01\\\/28\\\/913\\\/\",\"name\":\"V\u00c9S ON ET PORTI EL COR de Susanna Tamaro - Sala Jove\",\"isPartOf\":{\"@id\":\"https:\\\/\\\/biblioteca.blanes.cat\\\/salajove\\\/#website\"},\"primaryImageOfPage\":{\"@id\":\"https:\\\/\\\/biblioteca.blanes.cat\\\/salajove\\\/2018\\\/01\\\/28\\\/913\\\/#primaryimage\"},\"image\":{\"@id\":\"https:\\\/\\\/biblioteca.blanes.cat\\\/salajove\\\/2018\\\/01\\\/28\\\/913\\\/#primaryimage\"},\"thumbnailUrl\":\"https:\\\/\\\/biblioteca.blanes.cat\\\/salajove\\\/wp-content\\\/uploads\\\/sites\\\/3\\\/2017\\\/10\\\/Destacat_rac\u00f3_Paula.png\",\"datePublished\":\"2018-01-28T21:52:30+00:00\",\"description\":\"Susanna Tamaro \u00e9s l\u2019autora d\u2019aquest llibre, una escriptora italiana molt coneguda a tota Europa gr\u00e0cies al seu best-seller \u201cVes on et porti el cor\u201d\",\"breadcrumb\":{\"@id\":\"https:\\\/\\\/biblioteca.blanes.cat\\\/salajove\\\/2018\\\/01\\\/28\\\/913\\\/#breadcrumb\"},\"inLanguage\":\"ca\",\"potentialAction\":[{\"@type\":\"ReadAction\",\"target\":[\"https:\\\/\\\/biblioteca.blanes.cat\\\/salajove\\\/2018\\\/01\\\/28\\\/913\\\/\"]}]},{\"@type\":\"ImageObject\",\"inLanguage\":\"ca\",\"@id\":\"https:\\\/\\\/biblioteca.blanes.cat\\\/salajove\\\/2018\\\/01\\\/28\\\/913\\\/#primaryimage\",\"url\":\"https:\\\/\\\/biblioteca.blanes.cat\\\/salajove\\\/wp-content\\\/uploads\\\/sites\\\/3\\\/2017\\\/10\\\/Destacat_rac\u00f3_Paula.png\",\"contentUrl\":\"https:\\\/\\\/biblioteca.blanes.cat\\\/salajove\\\/wp-content\\\/uploads\\\/sites\\\/3\\\/2017\\\/10\\\/Destacat_rac\u00f3_Paula.png\",\"width\":3719,\"height\":2265,\"caption\":\"Rac\u00f3 de la Paula\"},{\"@type\":\"BreadcrumbList\",\"@id\":\"https:\\\/\\\/biblioteca.blanes.cat\\\/salajove\\\/2018\\\/01\\\/28\\\/913\\\/#breadcrumb\",\"itemListElement\":[{\"@type\":\"ListItem\",\"position\":1,\"name\":\"Inici\",\"item\":\"https:\\\/\\\/biblioteca.blanes.cat\\\/salajove\\\/\"},{\"@type\":\"ListItem\",\"position\":2,\"name\":\"V\u00c9S ON ET PORTI EL COR de Susanna Tamaro\"}]},{\"@type\":\"WebSite\",\"@id\":\"https:\\\/\\\/biblioteca.blanes.cat\\\/salajove\\\/#website\",\"url\":\"https:\\\/\\\/biblioteca.blanes.cat\\\/salajove\\\/\",\"name\":\"Sala Jove\",\"description\":\"Biblioteca Comarcal de Blanes\",\"publisher\":{\"@id\":\"https:\\\/\\\/biblioteca.blanes.cat\\\/salajove\\\/#organization\"},\"potentialAction\":[{\"@type\":\"SearchAction\",\"target\":{\"@type\":\"EntryPoint\",\"urlTemplate\":\"https:\\\/\\\/biblioteca.blanes.cat\\\/salajove\\\/?s={search_term_string}\"},\"query-input\":{\"@type\":\"PropertyValueSpecification\",\"valueRequired\":true,\"valueName\":\"search_term_string\"}}],\"inLanguage\":\"ca\"},{\"@type\":\"Organization\",\"@id\":\"https:\\\/\\\/biblioteca.blanes.cat\\\/salajove\\\/#organization\",\"name\":\"Biblioteca Comarcal de Blanes\",\"url\":\"https:\\\/\\\/biblioteca.blanes.cat\\\/salajove\\\/\",\"logo\":{\"@type\":\"ImageObject\",\"inLanguage\":\"ca\",\"@id\":\"https:\\\/\\\/biblioteca.blanes.cat\\\/salajove\\\/#\\\/schema\\\/logo\\\/image\\\/\",\"url\":\"https:\\\/\\\/biblioteca.blanes.cat\\\/salajove\\\/wp-content\\\/uploads\\\/sites\\\/3\\\/2017\\\/09\\\/cropped-Bib-blau-e1518869380535.png\",\"contentUrl\":\"https:\\\/\\\/biblioteca.blanes.cat\\\/salajove\\\/wp-content\\\/uploads\\\/sites\\\/3\\\/2017\\\/09\\\/cropped-Bib-blau-e1518869380535.png\",\"width\":166,\"height\":166,\"caption\":\"Biblioteca Comarcal de Blanes\"},\"image\":{\"@id\":\"https:\\\/\\\/biblioteca.blanes.cat\\\/salajove\\\/#\\\/schema\\\/logo\\\/image\\\/\"},\"sameAs\":[\"https:\\\/\\\/www.facebook.com\\\/BilbiotecaComarcaldeBlanes\\\/\",\"https:\\\/\\\/x.com\\\/BiblioBlanes\",\"https:\\\/\\\/www.instagram.com\\\/biblioblanes\\\/\",\"https:\\\/\\\/www.pinterest.es\\\/bblanes\\\/\",\"https:\\\/\\\/www.youtube.com\\\/c\\\/BibliotecaComarcalBlanes\"]},{\"@type\":\"Person\",\"@id\":\"https:\\\/\\\/biblioteca.blanes.cat\\\/salajove\\\/#\\\/schema\\\/person\\\/8dbc45cdf5d1c7e2d100d147517ba7f3\",\"name\":\"paula\",\"image\":{\"@type\":\"ImageObject\",\"inLanguage\":\"ca\",\"@id\":\"https:\\\/\\\/secure.gravatar.com\\\/avatar\\\/7dc0a9399589f36ddc6864e8335b73854871aa22921ee390cb50776e7ddfc136?s=96&d=mm&r=g\",\"url\":\"https:\\\/\\\/secure.gravatar.com\\\/avatar\\\/7dc0a9399589f36ddc6864e8335b73854871aa22921ee390cb50776e7ddfc136?s=96&d=mm&r=g\",\"contentUrl\":\"https:\\\/\\\/secure.gravatar.com\\\/avatar\\\/7dc0a9399589f36ddc6864e8335b73854871aa22921ee390cb50776e7ddfc136?s=96&d=mm&r=g\",\"caption\":\"paula\"},\"url\":\"https:\\\/\\\/biblioteca.blanes.cat\\\/salajove\\\/author\\\/paula\\\/\"}]}<\/script>\n<!-- \/ Yoast SEO plugin. -->","yoast_head_json":{"title":"V\u00c9S ON ET PORTI EL COR de Susanna Tamaro - Sala Jove","description":"Susanna Tamaro \u00e9s l\u2019autora d\u2019aquest llibre, una escriptora italiana molt coneguda a tota Europa gr\u00e0cies al seu best-seller \u201cVes on et porti el cor\u201d","robots":{"index":"index","follow":"follow","max-snippet":"max-snippet:-1","max-image-preview":"max-image-preview:large","max-video-preview":"max-video-preview:-1"},"canonical":"https:\/\/biblioteca.blanes.cat\/salajove\/2018\/01\/28\/913\/","og_locale":"ca_ES","og_type":"article","og_title":"V\u00c9S ON ET PORTI EL COR de Susanna Tamaro - Sala Jove","og_description":"Susanna Tamaro \u00e9s l\u2019autora d\u2019aquest llibre, una escriptora italiana molt coneguda a tota Europa gr\u00e0cies al seu best-seller \u201cVes on et porti el cor\u201d","og_url":"https:\/\/biblioteca.blanes.cat\/salajove\/2018\/01\/28\/913\/","og_site_name":"Sala Jove","article_publisher":"https:\/\/www.facebook.com\/BilbiotecaComarcaldeBlanes\/","article_published_time":"2018-01-28T21:52:30+00:00","og_image":[{"width":3719,"height":2265,"url":"https:\/\/biblioteca.blanes.cat\/salajove\/wp-content\/uploads\/sites\/3\/2017\/10\/Destacat_rac\u00f3_Paula.png","type":"image\/png"}],"author":"paula","twitter_card":"summary_large_image","twitter_creator":"@BiblioBlanes","twitter_site":"@BiblioBlanes","twitter_misc":{"Escrit per":"paula","Temps estimat de lectura":"5 minuts"},"schema":{"@context":"https:\/\/schema.org","@graph":[{"@type":"Article","@id":"https:\/\/biblioteca.blanes.cat\/salajove\/2018\/01\/28\/913\/#article","isPartOf":{"@id":"https:\/\/biblioteca.blanes.cat\/salajove\/2018\/01\/28\/913\/"},"author":{"name":"paula","@id":"https:\/\/biblioteca.blanes.cat\/salajove\/#\/schema\/person\/8dbc45cdf5d1c7e2d100d147517ba7f3"},"headline":"V\u00c9S ON ET PORTI EL COR de Susanna Tamaro","datePublished":"2018-01-28T21:52:30+00:00","mainEntityOfPage":{"@id":"https:\/\/biblioteca.blanes.cat\/salajove\/2018\/01\/28\/913\/"},"wordCount":1011,"commentCount":0,"publisher":{"@id":"https:\/\/biblioteca.blanes.cat\/salajove\/#organization"},"image":{"@id":"https:\/\/biblioteca.blanes.cat\/salajove\/2018\/01\/28\/913\/#primaryimage"},"thumbnailUrl":"https:\/\/biblioteca.blanes.cat\/salajove\/wp-content\/uploads\/sites\/3\/2017\/10\/Destacat_rac\u00f3_Paula.png","keywords":["#BlogdeLectura","#Lectura","#Llibres","#Sinopsi"],"articleSection":["Rac\u00f3 de la Paula","RP_Cl\u00e0ssic"],"inLanguage":"ca","potentialAction":[{"@type":"CommentAction","name":"Comment","target":["https:\/\/biblioteca.blanes.cat\/salajove\/2018\/01\/28\/913\/#respond"]}]},{"@type":"WebPage","@id":"https:\/\/biblioteca.blanes.cat\/salajove\/2018\/01\/28\/913\/","url":"https:\/\/biblioteca.blanes.cat\/salajove\/2018\/01\/28\/913\/","name":"V\u00c9S ON ET PORTI EL COR de Susanna Tamaro - Sala Jove","isPartOf":{"@id":"https:\/\/biblioteca.blanes.cat\/salajove\/#website"},"primaryImageOfPage":{"@id":"https:\/\/biblioteca.blanes.cat\/salajove\/2018\/01\/28\/913\/#primaryimage"},"image":{"@id":"https:\/\/biblioteca.blanes.cat\/salajove\/2018\/01\/28\/913\/#primaryimage"},"thumbnailUrl":"https:\/\/biblioteca.blanes.cat\/salajove\/wp-content\/uploads\/sites\/3\/2017\/10\/Destacat_rac\u00f3_Paula.png","datePublished":"2018-01-28T21:52:30+00:00","description":"Susanna Tamaro \u00e9s l\u2019autora d\u2019aquest llibre, una escriptora italiana molt coneguda a tota Europa gr\u00e0cies al seu best-seller \u201cVes on et porti el cor\u201d","breadcrumb":{"@id":"https:\/\/biblioteca.blanes.cat\/salajove\/2018\/01\/28\/913\/#breadcrumb"},"inLanguage":"ca","potentialAction":[{"@type":"ReadAction","target":["https:\/\/biblioteca.blanes.cat\/salajove\/2018\/01\/28\/913\/"]}]},{"@type":"ImageObject","inLanguage":"ca","@id":"https:\/\/biblioteca.blanes.cat\/salajove\/2018\/01\/28\/913\/#primaryimage","url":"https:\/\/biblioteca.blanes.cat\/salajove\/wp-content\/uploads\/sites\/3\/2017\/10\/Destacat_rac\u00f3_Paula.png","contentUrl":"https:\/\/biblioteca.blanes.cat\/salajove\/wp-content\/uploads\/sites\/3\/2017\/10\/Destacat_rac\u00f3_Paula.png","width":3719,"height":2265,"caption":"Rac\u00f3 de la Paula"},{"@type":"BreadcrumbList","@id":"https:\/\/biblioteca.blanes.cat\/salajove\/2018\/01\/28\/913\/#breadcrumb","itemListElement":[{"@type":"ListItem","position":1,"name":"Inici","item":"https:\/\/biblioteca.blanes.cat\/salajove\/"},{"@type":"ListItem","position":2,"name":"V\u00c9S ON ET PORTI EL COR de Susanna Tamaro"}]},{"@type":"WebSite","@id":"https:\/\/biblioteca.blanes.cat\/salajove\/#website","url":"https:\/\/biblioteca.blanes.cat\/salajove\/","name":"Sala Jove","description":"Biblioteca Comarcal de Blanes","publisher":{"@id":"https:\/\/biblioteca.blanes.cat\/salajove\/#organization"},"potentialAction":[{"@type":"SearchAction","target":{"@type":"EntryPoint","urlTemplate":"https:\/\/biblioteca.blanes.cat\/salajove\/?s={search_term_string}"},"query-input":{"@type":"PropertyValueSpecification","valueRequired":true,"valueName":"search_term_string"}}],"inLanguage":"ca"},{"@type":"Organization","@id":"https:\/\/biblioteca.blanes.cat\/salajove\/#organization","name":"Biblioteca Comarcal de Blanes","url":"https:\/\/biblioteca.blanes.cat\/salajove\/","logo":{"@type":"ImageObject","inLanguage":"ca","@id":"https:\/\/biblioteca.blanes.cat\/salajove\/#\/schema\/logo\/image\/","url":"https:\/\/biblioteca.blanes.cat\/salajove\/wp-content\/uploads\/sites\/3\/2017\/09\/cropped-Bib-blau-e1518869380535.png","contentUrl":"https:\/\/biblioteca.blanes.cat\/salajove\/wp-content\/uploads\/sites\/3\/2017\/09\/cropped-Bib-blau-e1518869380535.png","width":166,"height":166,"caption":"Biblioteca Comarcal de Blanes"},"image":{"@id":"https:\/\/biblioteca.blanes.cat\/salajove\/#\/schema\/logo\/image\/"},"sameAs":["https:\/\/www.facebook.com\/BilbiotecaComarcaldeBlanes\/","https:\/\/x.com\/BiblioBlanes","https:\/\/www.instagram.com\/biblioblanes\/","https:\/\/www.pinterest.es\/bblanes\/","https:\/\/www.youtube.com\/c\/BibliotecaComarcalBlanes"]},{"@type":"Person","@id":"https:\/\/biblioteca.blanes.cat\/salajove\/#\/schema\/person\/8dbc45cdf5d1c7e2d100d147517ba7f3","name":"paula","image":{"@type":"ImageObject","inLanguage":"ca","@id":"https:\/\/secure.gravatar.com\/avatar\/7dc0a9399589f36ddc6864e8335b73854871aa22921ee390cb50776e7ddfc136?s=96&d=mm&r=g","url":"https:\/\/secure.gravatar.com\/avatar\/7dc0a9399589f36ddc6864e8335b73854871aa22921ee390cb50776e7ddfc136?s=96&d=mm&r=g","contentUrl":"https:\/\/secure.gravatar.com\/avatar\/7dc0a9399589f36ddc6864e8335b73854871aa22921ee390cb50776e7ddfc136?s=96&d=mm&r=g","caption":"paula"},"url":"https:\/\/biblioteca.blanes.cat\/salajove\/author\/paula\/"}]}},"_links":{"self":[{"href":"https:\/\/biblioteca.blanes.cat\/salajove\/wp-json\/wp\/v2\/posts\/913","targetHints":{"allow":["GET"]}}],"collection":[{"href":"https:\/\/biblioteca.blanes.cat\/salajove\/wp-json\/wp\/v2\/posts"}],"about":[{"href":"https:\/\/biblioteca.blanes.cat\/salajove\/wp-json\/wp\/v2\/types\/post"}],"author":[{"embeddable":true,"href":"https:\/\/biblioteca.blanes.cat\/salajove\/wp-json\/wp\/v2\/users\/6"}],"replies":[{"embeddable":true,"href":"https:\/\/biblioteca.blanes.cat\/salajove\/wp-json\/wp\/v2\/comments?post=913"}],"version-history":[{"count":2,"href":"https:\/\/biblioteca.blanes.cat\/salajove\/wp-json\/wp\/v2\/posts\/913\/revisions"}],"predecessor-version":[{"id":915,"href":"https:\/\/biblioteca.blanes.cat\/salajove\/wp-json\/wp\/v2\/posts\/913\/revisions\/915"}],"wp:featuredmedia":[{"embeddable":true,"href":"https:\/\/biblioteca.blanes.cat\/salajove\/wp-json\/wp\/v2\/media\/154"}],"wp:attachment":[{"href":"https:\/\/biblioteca.blanes.cat\/salajove\/wp-json\/wp\/v2\/media?parent=913"}],"wp:term":[{"taxonomy":"category","embeddable":true,"href":"https:\/\/biblioteca.blanes.cat\/salajove\/wp-json\/wp\/v2\/categories?post=913"},{"taxonomy":"post_tag","embeddable":true,"href":"https:\/\/biblioteca.blanes.cat\/salajove\/wp-json\/wp\/v2\/tags?post=913"}],"curies":[{"name":"wp","href":"https:\/\/api.w.org\/{rel}","templated":true}]}}