{"id":909,"date":"2017-10-28T22:41:10","date_gmt":"2017-10-28T21:41:10","guid":{"rendered":"https:\/\/biblioteca.blanes.cat\/salajove\/?p=909"},"modified":"2018-01-30T16:36:00","modified_gmt":"2018-01-30T15:36:00","slug":"emma-de-jane-austen","status":"publish","type":"post","link":"https:\/\/biblioteca.blanes.cat\/salajove\/2017\/10\/28\/emma-de-jane-austen\/","title":{"rendered":"EMMA de Jane Austen"},"content":{"rendered":"<h4 style=\"text-align: center\">Estic estirada a la sorra, a la meva platja, escurant les \u00faltimes gotetes de la meva llauna de Coca-Cola. I esgarrapant els \u00faltims raigs de Sol del dia. He acabat aquesta novel\u00b7la. Deixo perdre la mirada per l\u2019horitz\u00f3. Recordant les \u00faltimes l\u00ednies que acabo de llegir i sense poder evitar-ho un t\u00edmid somriure s&#8217;em dibuixa als llavis. Agafo la meva estimada llibreteta de notes\u00a0 i us comen\u00e7o a fer la ressenya d\u2019avui.<\/h4>\n<p>Una altre novel\u00b7la anglesa!!!<\/p>\n<p><img fetchpriority=\"high\" decoding=\"async\" class=\"alignright\" src=\"https:\/\/vignette4.wikia.nocookie.net\/janeausten\/images\/b\/b7\/Emma2009DVDCover.jpg\/revision\/latest?cb=20141224025300\" width=\"305\" height=\"428\" \/>Jane Austen \u00e9s l\u2019autora d\u2019aquest llibre. Gran escriptora anglesa de novel\u00b7les del segle XIX igual que les germanes Bront\u00eb.<\/p>\n<p>Les obres m\u00e9s conegudes de la Jane Austen, s\u00f3n: Orgull i Prejudici, Seny i sentiment, Amor i amistat i el llibre d\u2019avui Emma.<\/p>\n<p>M\u2019he enamorat de tots els personatges, de totes les paraules, de totes les l\u00ednies, de tots els moments, tan si eren tristos, com feli\u00e7os. Fins a tenir tot el m\u00f3n de l\u2019Emma dins del meu cap.<\/p>\n<h4>L\u2019Emma \u00e9s una jove de vint-i-un anys, feli\u00e7, guapa, intel\u00b7ligent, rica i sobretot molt decidida i segura de si mateixa. I aix\u00f2 la diferencia molt de totes les n<\/h4>\n<p>&nbsp;<\/p>\n<h4>oies de l\u2019\u00e8poca. Aix\u00ed, en contraposici\u00f3 a l\u2019Emma trobarem a la Harriet, feble, insegura, t\u00edmida i pobre.<\/h4>\n<p>L\u2019Emma ho t\u00e9 tot, diu que mai es casar\u00e0 perqu\u00e8 la finalitat de la seva vida es ajudar als altres a trobar l\u2019amor. Tot i la bona voluntat de l\u2019Emma, aquest prop\u00f2sit li donar\u00e0 molts maldecaps i la portaran a situacions de confusi\u00f3, malentesos. I al final s\u2019acabar\u00e0 adonant, que l\u2019\u00fanica realitat \u00e9s que, l\u2019amor no es pot dirigir, cada persona sent el que sent. \u00c9s una m\u00e0gia que apareix no se<br \/>\n sap com, ni quan, ni on, a vegades lent, a vegades r\u00e0pid, t\u00edmidament, discretament, o de sobte com un terratr\u00e8mol de magnitud 10!!!<\/p>\n<p>A trav\u00e9s dels ulls de l\u2019Emma veureu com era la societat de l\u2019\u00e8poca. Una visi\u00f3 des de les classes riques (molt diferent de l\u2019altre llibre que us vaig recomanar fa uns dies, Jane Eyre de la Chalotte Br\u00f6nte)<\/p>\n<p>La nostra Emma s\u2019emportar\u00e0 una gran sorpresa al final.<\/p>\n<p>Us deixo amb una frase que l\u2019ha trobareu pel llibre, que m\u2019ha encantat perqu\u00e8 era tant senzilla i tant curta i a la vegada defineix totes les p\u00e0gines del llibre:<\/p>\n<h2 style=\"text-align: center\"><em>\u201cEl cam\u00ed de l\u2019amor veritable mai no ha estat recte&#8230;\u201d<\/em><\/h2>\n<p>I ara unes an\u00e8cdotes:<\/p>\n<p>*El pare de la Jane Austen era un capell\u00e0 protestant amb 8 fills. La Jane i la seva germana Cassandra, eren les \u00faniques noies, per tant van mantenir una relaci\u00f3 molt lligada, plena d\u2019amor.<\/p>\n<p>* La Jane Austen i la Charlotte Bront\u00eb tenien moltes coses en com\u00fa: les dues eren filles d\u2019un capell\u00e0 protestant, van ser escriptores molt famoses, no van tenir fills i van morir de tuberculosis als 40 anys. L\u2019\u00fanica difer\u00e8ncia \u00e9s que la Jane va morir quan la Charlotte tenia 1 any. Ll\u00e0stima, estic segura que si haguessin coincidit en el temps la vida les hauria fet amigues.<\/p>\n<p>*S\u2019han fet diverses pel\u00b7l\u00edcules i una s\u00e8rie d\u2019aquest llibre. Quan vaig haver acabat el llibre, vaig buscar la pel\u00b7l\u00edcula i despr\u00e9s la s\u00e8rie, i no em va decebre gens ni mica.<\/p>\n<p>Us animo a llegiu-vos-el. Com ja us vaig dir en el llibre de Jane Eyre, els llibres cl\u00e0ssics s\u00f3n excepcionals perqu\u00e8 els podeu comentar amb els vostres pares, avis i si teniu besavis tamb\u00e9!!<\/p>\n<p>B\u00e9, per avui ja n\u2019hi ha prou. M\u2019he quedat sola a la platja. Ja no hi ha Sol i la Lluna discretament m\u2019invita a acompanyar-la pel seu caminet de plata. Per\u00f2 no, ja \u00e9s hora de marxar. \u00c9s hora d\u2019anar cap a una altre hist\u00f2ria&#8230;<\/p>\n","protected":false},"excerpt":{"rendered":"<p>Estic estirada a la sorra, a la meva platja, escurant les \u00faltimes gotetes de la meva llauna de Coca-Cola. I esgarrapant els \u00faltims raigs de Sol del dia. He acabat aquesta novel\u00b7la. Deixo perdre la mirada per l\u2019horitz\u00f3. Recordant les<\/p>\n","protected":false},"author":6,"featured_media":154,"comment_status":"open","ping_status":"open","sticky":false,"template":"","format":"standard","meta":{"sfsi_plus_gutenberg_text_before_share":"","sfsi_plus_gutenberg_show_text_before_share":"","sfsi_plus_gutenberg_icon_type":"","sfsi_plus_gutenberg_icon_alignemt":"","sfsi_plus_gutenburg_max_per_row":"","footnotes":""},"categories":[9,11],"tags":[34,19,21,22],"class_list":["post-909","post","type-post","status-publish","format-standard","has-post-thumbnail","hentry","category-raco-de-la-paula","category-classic","tag-blog-de-lectura","tag-literatura","tag-llibres","tag-ressenya"],"yoast_head":"<!-- This site is optimized with the Yoast SEO plugin v27.5 - https:\/\/yoast.com\/product\/yoast-seo-wordpress\/ -->\n<title>El Rac\u00f3 de la Paula: EMMA de Jane Austen - Sala Jove<\/title>\n<meta name=\"description\" content=\"Jane Austen \u00e9s l\u2019autora d\u2019aquest llibre, gran escriptora anglesa de novel\u00b7les del segle XIX igual que les germanes Bront\u00eb.\" \/>\n<meta name=\"robots\" content=\"index, follow, max-snippet:-1, max-image-preview:large, max-video-preview:-1\" \/>\n<link rel=\"canonical\" href=\"https:\/\/biblioteca.blanes.cat\/salajove\/2017\/10\/28\/emma-de-jane-austen\/\" \/>\n<meta property=\"og:locale\" content=\"ca_ES\" \/>\n<meta property=\"og:type\" content=\"article\" \/>\n<meta property=\"og:title\" content=\"El Rac\u00f3 de la Paula: EMMA de Jane Austen - Sala Jove\" \/>\n<meta property=\"og:description\" content=\"Jane Austen \u00e9s l\u2019autora d\u2019aquest llibre, gran escriptora anglesa de novel\u00b7les del segle XIX igual que les germanes Bront\u00eb.\" \/>\n<meta property=\"og:url\" content=\"https:\/\/biblioteca.blanes.cat\/salajove\/2017\/10\/28\/emma-de-jane-austen\/\" \/>\n<meta property=\"og:site_name\" content=\"Sala Jove\" \/>\n<meta property=\"article:publisher\" content=\"https:\/\/www.facebook.com\/BilbiotecaComarcaldeBlanes\/\" \/>\n<meta property=\"article:published_time\" content=\"2017-10-28T21:41:10+00:00\" \/>\n<meta property=\"article:modified_time\" content=\"2018-01-30T15:36:00+00:00\" \/>\n<meta property=\"og:image\" content=\"https:\/\/biblioteca.blanes.cat\/salajove\/wp-content\/uploads\/sites\/3\/2017\/10\/Destacat_rac\u00f3_Paula.png\" \/>\n\t<meta property=\"og:image:width\" content=\"3719\" \/>\n\t<meta property=\"og:image:height\" content=\"2265\" \/>\n\t<meta property=\"og:image:type\" content=\"image\/png\" \/>\n<meta name=\"author\" content=\"paula\" \/>\n<meta name=\"twitter:card\" content=\"summary_large_image\" \/>\n<meta name=\"twitter:creator\" content=\"@BiblioBlanes\" \/>\n<meta name=\"twitter:site\" content=\"@BiblioBlanes\" \/>\n<meta name=\"twitter:label1\" content=\"Escrit per\" \/>\n\t<meta name=\"twitter:data1\" content=\"paula\" \/>\n\t<meta name=\"twitter:label2\" content=\"Temps estimat de lectura\" \/>\n\t<meta name=\"twitter:data2\" content=\"3 minuts\" \/>\n<script type=\"application\/ld+json\" class=\"yoast-schema-graph\">{\"@context\":\"https:\\\/\\\/schema.org\",\"@graph\":[{\"@type\":\"Article\",\"@id\":\"https:\\\/\\\/biblioteca.blanes.cat\\\/salajove\\\/2017\\\/10\\\/28\\\/emma-de-jane-austen\\\/#article\",\"isPartOf\":{\"@id\":\"https:\\\/\\\/biblioteca.blanes.cat\\\/salajove\\\/2017\\\/10\\\/28\\\/emma-de-jane-austen\\\/\"},\"author\":{\"name\":\"paula\",\"@id\":\"https:\\\/\\\/biblioteca.blanes.cat\\\/salajove\\\/#\\\/schema\\\/person\\\/8dbc45cdf5d1c7e2d100d147517ba7f3\"},\"headline\":\"EMMA de Jane Austen\",\"datePublished\":\"2017-10-28T21:41:10+00:00\",\"dateModified\":\"2018-01-30T15:36:00+00:00\",\"mainEntityOfPage\":{\"@id\":\"https:\\\/\\\/biblioteca.blanes.cat\\\/salajove\\\/2017\\\/10\\\/28\\\/emma-de-jane-austen\\\/\"},\"wordCount\":664,\"commentCount\":0,\"publisher\":{\"@id\":\"https:\\\/\\\/biblioteca.blanes.cat\\\/salajove\\\/#organization\"},\"image\":{\"@id\":\"https:\\\/\\\/biblioteca.blanes.cat\\\/salajove\\\/2017\\\/10\\\/28\\\/emma-de-jane-austen\\\/#primaryimage\"},\"thumbnailUrl\":\"https:\\\/\\\/biblioteca.blanes.cat\\\/salajove\\\/wp-content\\\/uploads\\\/sites\\\/3\\\/2017\\\/10\\\/Destacat_rac\u00f3_Paula.png\",\"keywords\":[\"#BlogdeLectura\",\"#Literatura\",\"#Llibres\",\"#Ressenya\"],\"articleSection\":[\"Rac\u00f3 de la Paula\",\"RP_Cl\u00e0ssic\"],\"inLanguage\":\"ca\",\"potentialAction\":[{\"@type\":\"CommentAction\",\"name\":\"Comment\",\"target\":[\"https:\\\/\\\/biblioteca.blanes.cat\\\/salajove\\\/2017\\\/10\\\/28\\\/emma-de-jane-austen\\\/#respond\"]}]},{\"@type\":\"WebPage\",\"@id\":\"https:\\\/\\\/biblioteca.blanes.cat\\\/salajove\\\/2017\\\/10\\\/28\\\/emma-de-jane-austen\\\/\",\"url\":\"https:\\\/\\\/biblioteca.blanes.cat\\\/salajove\\\/2017\\\/10\\\/28\\\/emma-de-jane-austen\\\/\",\"name\":\"El Rac\u00f3 de la Paula: EMMA de Jane Austen - Sala Jove\",\"isPartOf\":{\"@id\":\"https:\\\/\\\/biblioteca.blanes.cat\\\/salajove\\\/#website\"},\"primaryImageOfPage\":{\"@id\":\"https:\\\/\\\/biblioteca.blanes.cat\\\/salajove\\\/2017\\\/10\\\/28\\\/emma-de-jane-austen\\\/#primaryimage\"},\"image\":{\"@id\":\"https:\\\/\\\/biblioteca.blanes.cat\\\/salajove\\\/2017\\\/10\\\/28\\\/emma-de-jane-austen\\\/#primaryimage\"},\"thumbnailUrl\":\"https:\\\/\\\/biblioteca.blanes.cat\\\/salajove\\\/wp-content\\\/uploads\\\/sites\\\/3\\\/2017\\\/10\\\/Destacat_rac\u00f3_Paula.png\",\"datePublished\":\"2017-10-28T21:41:10+00:00\",\"dateModified\":\"2018-01-30T15:36:00+00:00\",\"description\":\"Jane Austen \u00e9s l\u2019autora d\u2019aquest llibre, gran escriptora anglesa de novel\u00b7les del segle XIX igual que les germanes Bront\u00eb.\",\"breadcrumb\":{\"@id\":\"https:\\\/\\\/biblioteca.blanes.cat\\\/salajove\\\/2017\\\/10\\\/28\\\/emma-de-jane-austen\\\/#breadcrumb\"},\"inLanguage\":\"ca\",\"potentialAction\":[{\"@type\":\"ReadAction\",\"target\":[\"https:\\\/\\\/biblioteca.blanes.cat\\\/salajove\\\/2017\\\/10\\\/28\\\/emma-de-jane-austen\\\/\"]}]},{\"@type\":\"ImageObject\",\"inLanguage\":\"ca\",\"@id\":\"https:\\\/\\\/biblioteca.blanes.cat\\\/salajove\\\/2017\\\/10\\\/28\\\/emma-de-jane-austen\\\/#primaryimage\",\"url\":\"https:\\\/\\\/biblioteca.blanes.cat\\\/salajove\\\/wp-content\\\/uploads\\\/sites\\\/3\\\/2017\\\/10\\\/Destacat_rac\u00f3_Paula.png\",\"contentUrl\":\"https:\\\/\\\/biblioteca.blanes.cat\\\/salajove\\\/wp-content\\\/uploads\\\/sites\\\/3\\\/2017\\\/10\\\/Destacat_rac\u00f3_Paula.png\",\"width\":3719,\"height\":2265,\"caption\":\"Rac\u00f3 de la Paula\"},{\"@type\":\"BreadcrumbList\",\"@id\":\"https:\\\/\\\/biblioteca.blanes.cat\\\/salajove\\\/2017\\\/10\\\/28\\\/emma-de-jane-austen\\\/#breadcrumb\",\"itemListElement\":[{\"@type\":\"ListItem\",\"position\":1,\"name\":\"Inici\",\"item\":\"https:\\\/\\\/biblioteca.blanes.cat\\\/salajove\\\/\"},{\"@type\":\"ListItem\",\"position\":2,\"name\":\"EMMA de Jane Austen\"}]},{\"@type\":\"WebSite\",\"@id\":\"https:\\\/\\\/biblioteca.blanes.cat\\\/salajove\\\/#website\",\"url\":\"https:\\\/\\\/biblioteca.blanes.cat\\\/salajove\\\/\",\"name\":\"Sala Jove\",\"description\":\"Biblioteca Comarcal de Blanes\",\"publisher\":{\"@id\":\"https:\\\/\\\/biblioteca.blanes.cat\\\/salajove\\\/#organization\"},\"potentialAction\":[{\"@type\":\"SearchAction\",\"target\":{\"@type\":\"EntryPoint\",\"urlTemplate\":\"https:\\\/\\\/biblioteca.blanes.cat\\\/salajove\\\/?s={search_term_string}\"},\"query-input\":{\"@type\":\"PropertyValueSpecification\",\"valueRequired\":true,\"valueName\":\"search_term_string\"}}],\"inLanguage\":\"ca\"},{\"@type\":\"Organization\",\"@id\":\"https:\\\/\\\/biblioteca.blanes.cat\\\/salajove\\\/#organization\",\"name\":\"Biblioteca Comarcal de Blanes\",\"url\":\"https:\\\/\\\/biblioteca.blanes.cat\\\/salajove\\\/\",\"logo\":{\"@type\":\"ImageObject\",\"inLanguage\":\"ca\",\"@id\":\"https:\\\/\\\/biblioteca.blanes.cat\\\/salajove\\\/#\\\/schema\\\/logo\\\/image\\\/\",\"url\":\"https:\\\/\\\/biblioteca.blanes.cat\\\/salajove\\\/wp-content\\\/uploads\\\/sites\\\/3\\\/2017\\\/09\\\/cropped-Bib-blau-e1518869380535.png\",\"contentUrl\":\"https:\\\/\\\/biblioteca.blanes.cat\\\/salajove\\\/wp-content\\\/uploads\\\/sites\\\/3\\\/2017\\\/09\\\/cropped-Bib-blau-e1518869380535.png\",\"width\":166,\"height\":166,\"caption\":\"Biblioteca Comarcal de Blanes\"},\"image\":{\"@id\":\"https:\\\/\\\/biblioteca.blanes.cat\\\/salajove\\\/#\\\/schema\\\/logo\\\/image\\\/\"},\"sameAs\":[\"https:\\\/\\\/www.facebook.com\\\/BilbiotecaComarcaldeBlanes\\\/\",\"https:\\\/\\\/x.com\\\/BiblioBlanes\",\"https:\\\/\\\/www.instagram.com\\\/biblioblanes\\\/\",\"https:\\\/\\\/www.pinterest.es\\\/bblanes\\\/\",\"https:\\\/\\\/www.youtube.com\\\/c\\\/BibliotecaComarcalBlanes\"]},{\"@type\":\"Person\",\"@id\":\"https:\\\/\\\/biblioteca.blanes.cat\\\/salajove\\\/#\\\/schema\\\/person\\\/8dbc45cdf5d1c7e2d100d147517ba7f3\",\"name\":\"paula\",\"image\":{\"@type\":\"ImageObject\",\"inLanguage\":\"ca\",\"@id\":\"https:\\\/\\\/secure.gravatar.com\\\/avatar\\\/7dc0a9399589f36ddc6864e8335b73854871aa22921ee390cb50776e7ddfc136?s=96&d=mm&r=g\",\"url\":\"https:\\\/\\\/secure.gravatar.com\\\/avatar\\\/7dc0a9399589f36ddc6864e8335b73854871aa22921ee390cb50776e7ddfc136?s=96&d=mm&r=g\",\"contentUrl\":\"https:\\\/\\\/secure.gravatar.com\\\/avatar\\\/7dc0a9399589f36ddc6864e8335b73854871aa22921ee390cb50776e7ddfc136?s=96&d=mm&r=g\",\"caption\":\"paula\"},\"url\":\"https:\\\/\\\/biblioteca.blanes.cat\\\/salajove\\\/author\\\/paula\\\/\"}]}<\/script>\n<!-- \/ Yoast SEO plugin. -->","yoast_head_json":{"title":"El Rac\u00f3 de la Paula: EMMA de Jane Austen - Sala Jove","description":"Jane Austen \u00e9s l\u2019autora d\u2019aquest llibre, gran escriptora anglesa de novel\u00b7les del segle XIX igual que les germanes Bront\u00eb.","robots":{"index":"index","follow":"follow","max-snippet":"max-snippet:-1","max-image-preview":"max-image-preview:large","max-video-preview":"max-video-preview:-1"},"canonical":"https:\/\/biblioteca.blanes.cat\/salajove\/2017\/10\/28\/emma-de-jane-austen\/","og_locale":"ca_ES","og_type":"article","og_title":"El Rac\u00f3 de la Paula: EMMA de Jane Austen - Sala Jove","og_description":"Jane Austen \u00e9s l\u2019autora d\u2019aquest llibre, gran escriptora anglesa de novel\u00b7les del segle XIX igual que les germanes Bront\u00eb.","og_url":"https:\/\/biblioteca.blanes.cat\/salajove\/2017\/10\/28\/emma-de-jane-austen\/","og_site_name":"Sala Jove","article_publisher":"https:\/\/www.facebook.com\/BilbiotecaComarcaldeBlanes\/","article_published_time":"2017-10-28T21:41:10+00:00","article_modified_time":"2018-01-30T15:36:00+00:00","og_image":[{"width":3719,"height":2265,"url":"https:\/\/biblioteca.blanes.cat\/salajove\/wp-content\/uploads\/sites\/3\/2017\/10\/Destacat_rac\u00f3_Paula.png","type":"image\/png"}],"author":"paula","twitter_card":"summary_large_image","twitter_creator":"@BiblioBlanes","twitter_site":"@BiblioBlanes","twitter_misc":{"Escrit per":"paula","Temps estimat de lectura":"3 minuts"},"schema":{"@context":"https:\/\/schema.org","@graph":[{"@type":"Article","@id":"https:\/\/biblioteca.blanes.cat\/salajove\/2017\/10\/28\/emma-de-jane-austen\/#article","isPartOf":{"@id":"https:\/\/biblioteca.blanes.cat\/salajove\/2017\/10\/28\/emma-de-jane-austen\/"},"author":{"name":"paula","@id":"https:\/\/biblioteca.blanes.cat\/salajove\/#\/schema\/person\/8dbc45cdf5d1c7e2d100d147517ba7f3"},"headline":"EMMA de Jane Austen","datePublished":"2017-10-28T21:41:10+00:00","dateModified":"2018-01-30T15:36:00+00:00","mainEntityOfPage":{"@id":"https:\/\/biblioteca.blanes.cat\/salajove\/2017\/10\/28\/emma-de-jane-austen\/"},"wordCount":664,"commentCount":0,"publisher":{"@id":"https:\/\/biblioteca.blanes.cat\/salajove\/#organization"},"image":{"@id":"https:\/\/biblioteca.blanes.cat\/salajove\/2017\/10\/28\/emma-de-jane-austen\/#primaryimage"},"thumbnailUrl":"https:\/\/biblioteca.blanes.cat\/salajove\/wp-content\/uploads\/sites\/3\/2017\/10\/Destacat_rac\u00f3_Paula.png","keywords":["#BlogdeLectura","#Literatura","#Llibres","#Ressenya"],"articleSection":["Rac\u00f3 de la Paula","RP_Cl\u00e0ssic"],"inLanguage":"ca","potentialAction":[{"@type":"CommentAction","name":"Comment","target":["https:\/\/biblioteca.blanes.cat\/salajove\/2017\/10\/28\/emma-de-jane-austen\/#respond"]}]},{"@type":"WebPage","@id":"https:\/\/biblioteca.blanes.cat\/salajove\/2017\/10\/28\/emma-de-jane-austen\/","url":"https:\/\/biblioteca.blanes.cat\/salajove\/2017\/10\/28\/emma-de-jane-austen\/","name":"El Rac\u00f3 de la Paula: EMMA de Jane Austen - Sala Jove","isPartOf":{"@id":"https:\/\/biblioteca.blanes.cat\/salajove\/#website"},"primaryImageOfPage":{"@id":"https:\/\/biblioteca.blanes.cat\/salajove\/2017\/10\/28\/emma-de-jane-austen\/#primaryimage"},"image":{"@id":"https:\/\/biblioteca.blanes.cat\/salajove\/2017\/10\/28\/emma-de-jane-austen\/#primaryimage"},"thumbnailUrl":"https:\/\/biblioteca.blanes.cat\/salajove\/wp-content\/uploads\/sites\/3\/2017\/10\/Destacat_rac\u00f3_Paula.png","datePublished":"2017-10-28T21:41:10+00:00","dateModified":"2018-01-30T15:36:00+00:00","description":"Jane Austen \u00e9s l\u2019autora d\u2019aquest llibre, gran escriptora anglesa de novel\u00b7les del segle XIX igual que les germanes Bront\u00eb.","breadcrumb":{"@id":"https:\/\/biblioteca.blanes.cat\/salajove\/2017\/10\/28\/emma-de-jane-austen\/#breadcrumb"},"inLanguage":"ca","potentialAction":[{"@type":"ReadAction","target":["https:\/\/biblioteca.blanes.cat\/salajove\/2017\/10\/28\/emma-de-jane-austen\/"]}]},{"@type":"ImageObject","inLanguage":"ca","@id":"https:\/\/biblioteca.blanes.cat\/salajove\/2017\/10\/28\/emma-de-jane-austen\/#primaryimage","url":"https:\/\/biblioteca.blanes.cat\/salajove\/wp-content\/uploads\/sites\/3\/2017\/10\/Destacat_rac\u00f3_Paula.png","contentUrl":"https:\/\/biblioteca.blanes.cat\/salajove\/wp-content\/uploads\/sites\/3\/2017\/10\/Destacat_rac\u00f3_Paula.png","width":3719,"height":2265,"caption":"Rac\u00f3 de la Paula"},{"@type":"BreadcrumbList","@id":"https:\/\/biblioteca.blanes.cat\/salajove\/2017\/10\/28\/emma-de-jane-austen\/#breadcrumb","itemListElement":[{"@type":"ListItem","position":1,"name":"Inici","item":"https:\/\/biblioteca.blanes.cat\/salajove\/"},{"@type":"ListItem","position":2,"name":"EMMA de Jane Austen"}]},{"@type":"WebSite","@id":"https:\/\/biblioteca.blanes.cat\/salajove\/#website","url":"https:\/\/biblioteca.blanes.cat\/salajove\/","name":"Sala Jove","description":"Biblioteca Comarcal de Blanes","publisher":{"@id":"https:\/\/biblioteca.blanes.cat\/salajove\/#organization"},"potentialAction":[{"@type":"SearchAction","target":{"@type":"EntryPoint","urlTemplate":"https:\/\/biblioteca.blanes.cat\/salajove\/?s={search_term_string}"},"query-input":{"@type":"PropertyValueSpecification","valueRequired":true,"valueName":"search_term_string"}}],"inLanguage":"ca"},{"@type":"Organization","@id":"https:\/\/biblioteca.blanes.cat\/salajove\/#organization","name":"Biblioteca Comarcal de Blanes","url":"https:\/\/biblioteca.blanes.cat\/salajove\/","logo":{"@type":"ImageObject","inLanguage":"ca","@id":"https:\/\/biblioteca.blanes.cat\/salajove\/#\/schema\/logo\/image\/","url":"https:\/\/biblioteca.blanes.cat\/salajove\/wp-content\/uploads\/sites\/3\/2017\/09\/cropped-Bib-blau-e1518869380535.png","contentUrl":"https:\/\/biblioteca.blanes.cat\/salajove\/wp-content\/uploads\/sites\/3\/2017\/09\/cropped-Bib-blau-e1518869380535.png","width":166,"height":166,"caption":"Biblioteca Comarcal de Blanes"},"image":{"@id":"https:\/\/biblioteca.blanes.cat\/salajove\/#\/schema\/logo\/image\/"},"sameAs":["https:\/\/www.facebook.com\/BilbiotecaComarcaldeBlanes\/","https:\/\/x.com\/BiblioBlanes","https:\/\/www.instagram.com\/biblioblanes\/","https:\/\/www.pinterest.es\/bblanes\/","https:\/\/www.youtube.com\/c\/BibliotecaComarcalBlanes"]},{"@type":"Person","@id":"https:\/\/biblioteca.blanes.cat\/salajove\/#\/schema\/person\/8dbc45cdf5d1c7e2d100d147517ba7f3","name":"paula","image":{"@type":"ImageObject","inLanguage":"ca","@id":"https:\/\/secure.gravatar.com\/avatar\/7dc0a9399589f36ddc6864e8335b73854871aa22921ee390cb50776e7ddfc136?s=96&d=mm&r=g","url":"https:\/\/secure.gravatar.com\/avatar\/7dc0a9399589f36ddc6864e8335b73854871aa22921ee390cb50776e7ddfc136?s=96&d=mm&r=g","contentUrl":"https:\/\/secure.gravatar.com\/avatar\/7dc0a9399589f36ddc6864e8335b73854871aa22921ee390cb50776e7ddfc136?s=96&d=mm&r=g","caption":"paula"},"url":"https:\/\/biblioteca.blanes.cat\/salajove\/author\/paula\/"}]}},"_links":{"self":[{"href":"https:\/\/biblioteca.blanes.cat\/salajove\/wp-json\/wp\/v2\/posts\/909","targetHints":{"allow":["GET"]}}],"collection":[{"href":"https:\/\/biblioteca.blanes.cat\/salajove\/wp-json\/wp\/v2\/posts"}],"about":[{"href":"https:\/\/biblioteca.blanes.cat\/salajove\/wp-json\/wp\/v2\/types\/post"}],"author":[{"embeddable":true,"href":"https:\/\/biblioteca.blanes.cat\/salajove\/wp-json\/wp\/v2\/users\/6"}],"replies":[{"embeddable":true,"href":"https:\/\/biblioteca.blanes.cat\/salajove\/wp-json\/wp\/v2\/comments?post=909"}],"version-history":[{"count":3,"href":"https:\/\/biblioteca.blanes.cat\/salajove\/wp-json\/wp\/v2\/posts\/909\/revisions"}],"predecessor-version":[{"id":912,"href":"https:\/\/biblioteca.blanes.cat\/salajove\/wp-json\/wp\/v2\/posts\/909\/revisions\/912"}],"wp:featuredmedia":[{"embeddable":true,"href":"https:\/\/biblioteca.blanes.cat\/salajove\/wp-json\/wp\/v2\/media\/154"}],"wp:attachment":[{"href":"https:\/\/biblioteca.blanes.cat\/salajove\/wp-json\/wp\/v2\/media?parent=909"}],"wp:term":[{"taxonomy":"category","embeddable":true,"href":"https:\/\/biblioteca.blanes.cat\/salajove\/wp-json\/wp\/v2\/categories?post=909"},{"taxonomy":"post_tag","embeddable":true,"href":"https:\/\/biblioteca.blanes.cat\/salajove\/wp-json\/wp\/v2\/tags?post=909"}],"curies":[{"name":"wp","href":"https:\/\/api.w.org\/{rel}","templated":true}]}}