{"id":9068,"date":"2024-11-13T18:31:32","date_gmt":"2024-11-13T17:31:32","guid":{"rendered":"https:\/\/biblioteca.blanes.cat\/salajove\/?p=9068"},"modified":"2025-09-03T18:32:59","modified_gmt":"2025-09-03T17:32:59","slug":"club-de-lectura-juvenil-emblanats-la-taca","status":"publish","type":"post","link":"https:\/\/biblioteca.blanes.cat\/salajove\/2024\/11\/13\/club-de-lectura-juvenil-emblanats-la-taca\/","title":{"rendered":"Club de Lectura Juvenil #emblanats: La taca"},"content":{"rendered":"\n<p>Aquest mes al Club de Lectura Juvenil #emblanats hem volgut commemorar el <span style=\"color: #a742cf;\"><strong style=\"color: #a742cf;\">Dia Internacional de l\u2019Eliminaci\u00f3 de la Viol\u00e8ncia contra la Dona<\/strong> (<\/span><span style=\"color: #a742cf;\"><strong>25 N)<\/strong><\/span>, i per aix\u00f2 hem llegit un llibre relacionat amb aquesta tem\u00e0tica: <a href=\"https:\/\/sembrallibres.com\/llibres\/la-taca\/\"><span style=\"color: #a742cf;\"><strong><em>La taca<\/em>, de Laia Asso<\/strong><\/span><\/a>.<\/p>\n<p><img fetchpriority=\"high\" decoding=\"async\" class=\"aligncenter  wp-image-9072\" src=\"https:\/\/biblioteca.blanes.cat\/salajove\/wp-content\/uploads\/sites\/3\/2024\/11\/IMG_20241111_162516-225x300.jpg\" alt=\"\" width=\"253\" height=\"337\" srcset=\"https:\/\/biblioteca.blanes.cat\/salajove\/wp-content\/uploads\/sites\/3\/2024\/11\/IMG_20241111_162516-225x300.jpg 225w, https:\/\/biblioteca.blanes.cat\/salajove\/wp-content\/uploads\/sites\/3\/2024\/11\/IMG_20241111_162516-768x1024.jpg 768w, https:\/\/biblioteca.blanes.cat\/salajove\/wp-content\/uploads\/sites\/3\/2024\/11\/IMG_20241111_162516-1152x1536.jpg 1152w, https:\/\/biblioteca.blanes.cat\/salajove\/wp-content\/uploads\/sites\/3\/2024\/11\/IMG_20241111_162516-1536x2048.jpg 1536w, https:\/\/biblioteca.blanes.cat\/salajove\/wp-content\/uploads\/sites\/3\/2024\/11\/IMG_20241111_162516-scaled.jpg 1920w\" sizes=\"(max-width: 253px) 100vw, 253px\" \/><\/p>\n<p>Laia Asso ens ofereix una novel\u00b7la coral de dones lligades a les circumst\u00e0ncies dels seus temps. Una hist\u00f2ria que transcorre entre generacions i classes socials per parlar-nos de maduresa i dol, per\u00f2 tamb\u00e9 de les ganes de viure i sobreviure a les adversitats. Laia Asso ens toca el cor amb el llegat ocult que hereten mares i filles sense saber-ho, com la petjada en forma de flor de murtra que duen, totes, gravada a la pell.<\/p>\n<p><a href=\"https:\/\/biblioteca.blanes.cat\/salajove\/2024\/11\/13\/club-de-lectura-juvenil-emblanats-la-taca\/img_20241111_161327\/\" rel=\"attachment wp-att-9079\"><img decoding=\"async\" class=\"size-medium wp-image-9079 alignleft\" src=\"https:\/\/biblioteca.blanes.cat\/salajove\/wp-content\/uploads\/sites\/3\/2024\/11\/IMG_20241111_161327-225x300.jpg\" alt=\"\" width=\"225\" height=\"300\" srcset=\"https:\/\/biblioteca.blanes.cat\/salajove\/wp-content\/uploads\/sites\/3\/2024\/11\/IMG_20241111_161327-225x300.jpg 225w, https:\/\/biblioteca.blanes.cat\/salajove\/wp-content\/uploads\/sites\/3\/2024\/11\/IMG_20241111_161327-768x1024.jpg 768w, https:\/\/biblioteca.blanes.cat\/salajove\/wp-content\/uploads\/sites\/3\/2024\/11\/IMG_20241111_161327-1152x1536.jpg 1152w, https:\/\/biblioteca.blanes.cat\/salajove\/wp-content\/uploads\/sites\/3\/2024\/11\/IMG_20241111_161327-1536x2048.jpg 1536w, https:\/\/biblioteca.blanes.cat\/salajove\/wp-content\/uploads\/sites\/3\/2024\/11\/IMG_20241111_161327-scaled.jpg 1920w\" sizes=\"(max-width: 225px) 100vw, 225px\" \/><\/a>I ha sigut ben b\u00e9 aix\u00ed: la novel\u00b7la, que gira a l\u2019entorn de la tem\u00e0tica del 25 N, ens ha tocat el cor. Si b\u00e9 hem estat d\u2019acord que t\u00e9 algunes escenes molt dures que fan refer\u00e8ncia a la viol\u00e8ncia masclista i que per l\u2019edat dels nostres lectors s\u00f3n dif\u00edcils de digerir, la lectura d\u2019aquest llibre ens ha servit per <span style=\"color: #a742cf;\"><strong>reflexionar sobre la viol\u00e8ncia que pateixen les dones<\/strong><\/span> des de les seves m\u00faltiples vessants (psicol\u00f2gica, f\u00edsica, sexual\u2026) i en diferents entorns.<\/p>\n<p>Per dur a terme aquesta reflexi\u00f3, entre tots hem preparat el <strong><span style=\"color: #a742cf;\">PUNT LILA LITERARI <\/span><\/strong>a la Sala Jove, \u00e9s a dir, <span style=\"color: #a742cf;\"><strong>un espai literari de suport i atenci\u00f3 a les v\u00edctimes<\/strong><\/span> en el qual podreu trobar <span style=\"color: #a742cf;\"><strong>informaci\u00f3 i bibliografia<\/strong><\/span> sobre aquesta q\u00fcesti\u00f3.<\/p>\n<p>\u00a0<\/p>\n<p>La idea \u00e9s treballar i debatre sobre la viol\u00e8ncia masclista des del punt de vista de les v\u00edctimes . Per fer-ho, hem repassat diferents llibres del fons de la sala i els hem exposat en un rac\u00f3 de la biblioteca. En alguns fins i tot hi hem posat una petita frase suggeridora en una cartolina lila per atrapar l\u2019atenci\u00f3 dels lectors. A m\u00e9s, hem tingut l\u2019oportunitat de treballar amb diferent material per decorar l\u2019espai i hi hem posat la<span style=\"color: #a742cf;\"><strong> <a style=\"color: #a742cf;\" href=\"https:\/\/biblioteca.blanes.cat\/salajove\/2024\/11\/13\/club-de-lectura-juvenil-emblanats-la-taca\/guia-lectura_25n\/\" target=\"_blank\" rel=\"attachment noopener wp-att-9069\">guia de lectura del 25N (descarrega-te-la)<\/a><\/strong>\u00a0<\/span>i <strong><span style=\"color: #a742cf;\">material de difusi\u00f3 que ens ha proporcionat el Servei d\u2019Igualtat<\/span><\/strong> de l\u2019Ajuntament de Blanes, a qui agra\u00efm el gest i el suport.<\/p>\n<p><img decoding=\"async\" class=\" wp-image-9074 alignleft\" src=\"https:\/\/biblioteca.blanes.cat\/salajove\/wp-content\/uploads\/sites\/3\/2024\/11\/IMG_20241108_181618-225x300.jpg\" alt=\"\" width=\"170\" height=\"227\" srcset=\"https:\/\/biblioteca.blanes.cat\/salajove\/wp-content\/uploads\/sites\/3\/2024\/11\/IMG_20241108_181618-225x300.jpg 225w, https:\/\/biblioteca.blanes.cat\/salajove\/wp-content\/uploads\/sites\/3\/2024\/11\/IMG_20241108_181618-768x1024.jpg 768w, https:\/\/biblioteca.blanes.cat\/salajove\/wp-content\/uploads\/sites\/3\/2024\/11\/IMG_20241108_181618-1152x1536.jpg 1152w, https:\/\/biblioteca.blanes.cat\/salajove\/wp-content\/uploads\/sites\/3\/2024\/11\/IMG_20241108_181618-1536x2048.jpg 1536w, https:\/\/biblioteca.blanes.cat\/salajove\/wp-content\/uploads\/sites\/3\/2024\/11\/IMG_20241108_181618-scaled.jpg 1920w\" sizes=\"(max-width: 170px) 100vw, 170px\" \/><\/p>\n<p><img loading=\"lazy\" decoding=\"async\" class=\" wp-image-9075 alignleft\" src=\"https:\/\/biblioteca.blanes.cat\/salajove\/wp-content\/uploads\/sites\/3\/2024\/11\/IMG_20241108_181623-225x300.jpg\" alt=\"\" width=\"169\" height=\"225\" srcset=\"https:\/\/biblioteca.blanes.cat\/salajove\/wp-content\/uploads\/sites\/3\/2024\/11\/IMG_20241108_181623-225x300.jpg 225w, https:\/\/biblioteca.blanes.cat\/salajove\/wp-content\/uploads\/sites\/3\/2024\/11\/IMG_20241108_181623-768x1024.jpg 768w, https:\/\/biblioteca.blanes.cat\/salajove\/wp-content\/uploads\/sites\/3\/2024\/11\/IMG_20241108_181623-1152x1536.jpg 1152w, https:\/\/biblioteca.blanes.cat\/salajove\/wp-content\/uploads\/sites\/3\/2024\/11\/IMG_20241108_181623-1536x2048.jpg 1536w, https:\/\/biblioteca.blanes.cat\/salajove\/wp-content\/uploads\/sites\/3\/2024\/11\/IMG_20241108_181623-scaled.jpg 1920w\" sizes=\"(max-width: 169px) 100vw, 169px\" \/><\/p>\n<p><img loading=\"lazy\" decoding=\"async\" class=\" wp-image-9076 alignleft\" src=\"https:\/\/biblioteca.blanes.cat\/salajove\/wp-content\/uploads\/sites\/3\/2024\/11\/IMG_20241108_181232-225x300.jpg\" alt=\"\" width=\"171\" height=\"228\" srcset=\"https:\/\/biblioteca.blanes.cat\/salajove\/wp-content\/uploads\/sites\/3\/2024\/11\/IMG_20241108_181232-225x300.jpg 225w, https:\/\/biblioteca.blanes.cat\/salajove\/wp-content\/uploads\/sites\/3\/2024\/11\/IMG_20241108_181232-768x1024.jpg 768w, https:\/\/biblioteca.blanes.cat\/salajove\/wp-content\/uploads\/sites\/3\/2024\/11\/IMG_20241108_181232-1152x1536.jpg 1152w, https:\/\/biblioteca.blanes.cat\/salajove\/wp-content\/uploads\/sites\/3\/2024\/11\/IMG_20241108_181232-1536x2048.jpg 1536w, https:\/\/biblioteca.blanes.cat\/salajove\/wp-content\/uploads\/sites\/3\/2024\/11\/IMG_20241108_181232-scaled.jpg 1920w\" sizes=\"(max-width: 171px) 100vw, 171px\" \/><\/p>\n<p>\u00a0<\/p>\n<p>\u00a0<\/p>\n<p>\u00a0<\/p>\n<p>\u00a0<\/p>\n<p>\u00a0<\/p>\n<p>\u00a0<\/p>\n<p>\u00a0<\/p>\n<p>El Punt Lila Literari de la Biblioteca compta, tamb\u00e9, amb <span style=\"color: #a742cf;\"><strong>dos espai interactius<\/strong><\/span>: per una banda, un plaf\u00f3 que ens permet con\u00e8ixer conceptes vinculats amb aquest tema gr\u00e0cies a un joc de relacions. Hem perm\u00e8s aprendre paraules com <em>sororitat<\/em>, <em>empoderament <\/em>o <em>mansplaining<\/em>. I tamb\u00e9 hi ha una capseta per dipositar-hi <span style=\"color: #ff0000;\"><strong><em>red flags<\/em><\/strong><\/span>, \u00e9s a dir, petites alarmes micromasclistes que ens trobem al dia a dia i que ens grinyolen.\u00a0<\/p>\n<p><img loading=\"lazy\" decoding=\"async\" class=\"size-medium wp-image-9077 alignleft\" src=\"https:\/\/biblioteca.blanes.cat\/salajove\/wp-content\/uploads\/sites\/3\/2024\/11\/IMG_20241111_161441-225x300.jpg\" alt=\"\" width=\"225\" height=\"300\" srcset=\"https:\/\/biblioteca.blanes.cat\/salajove\/wp-content\/uploads\/sites\/3\/2024\/11\/IMG_20241111_161441-225x300.jpg 225w, https:\/\/biblioteca.blanes.cat\/salajove\/wp-content\/uploads\/sites\/3\/2024\/11\/IMG_20241111_161441-768x1024.jpg 768w, https:\/\/biblioteca.blanes.cat\/salajove\/wp-content\/uploads\/sites\/3\/2024\/11\/IMG_20241111_161441-1152x1536.jpg 1152w, https:\/\/biblioteca.blanes.cat\/salajove\/wp-content\/uploads\/sites\/3\/2024\/11\/IMG_20241111_161441-1536x2048.jpg 1536w, https:\/\/biblioteca.blanes.cat\/salajove\/wp-content\/uploads\/sites\/3\/2024\/11\/IMG_20241111_161441-scaled.jpg 1920w\" sizes=\"(max-width: 225px) 100vw, 225px\" \/><\/p>\n<p><a href=\"https:\/\/biblioteca.blanes.cat\/salajove\/2024\/11\/13\/club-de-lectura-juvenil-emblanats-la-taca\/img_20241111_161807\/\" rel=\"attachment wp-att-9078\"><img loading=\"lazy\" decoding=\"async\" class=\"size-medium wp-image-9078 alignleft\" src=\"https:\/\/biblioteca.blanes.cat\/salajove\/wp-content\/uploads\/sites\/3\/2024\/11\/IMG_20241111_161807-225x300.jpg\" alt=\"\" width=\"225\" height=\"300\" srcset=\"https:\/\/biblioteca.blanes.cat\/salajove\/wp-content\/uploads\/sites\/3\/2024\/11\/IMG_20241111_161807-225x300.jpg 225w, https:\/\/biblioteca.blanes.cat\/salajove\/wp-content\/uploads\/sites\/3\/2024\/11\/IMG_20241111_161807-768x1024.jpg 768w, https:\/\/biblioteca.blanes.cat\/salajove\/wp-content\/uploads\/sites\/3\/2024\/11\/IMG_20241111_161807-1152x1536.jpg 1152w, https:\/\/biblioteca.blanes.cat\/salajove\/wp-content\/uploads\/sites\/3\/2024\/11\/IMG_20241111_161807-1536x2048.jpg 1536w, https:\/\/biblioteca.blanes.cat\/salajove\/wp-content\/uploads\/sites\/3\/2024\/11\/IMG_20241111_161807-scaled.jpg 1920w\" sizes=\"(max-width: 225px) 100vw, 225px\" \/><\/a><\/p>\n<p>I tot aix\u00f2 ha estat gr\u00e0cies a la lectura de <em>La taca<\/em>! Ja veieu que el llibre, tot i ser molt breu, ha donat molt de si. Hem estat d\u2019acord que ha sigut interessant treballar un tema tan dur per\u00f2 que est\u00e0 a l\u2019ordre del dia a trav\u00e9s de la literatura i, sobretot, ens ha agradat aquest enfocament de suport i atenci\u00f3 a les v\u00edctimes, m\u00e9s enll\u00e0 de l\u2019acte violent.<\/p>\n<p>Per\u00f2, ep!, no tot ha sigut reflexionar sobre el 25N! Aquesta novel\u00b7la tamb\u00e9 ens ha perm\u00e8s parlar de <span style=\"color: #a742cf;\"><strong>recursos literaris<\/strong><\/span> com el flashblack o el flashforward, i hem apr\u00e8s qu\u00e8 \u00e9s la <span style=\"color: #a742cf;\"><strong>simbologia liter\u00e0ria<\/strong><\/span>. Ara ja sabem per qu\u00e8 el lila \u00e9s el color que representa les dones, per qu\u00e8 un ocellet \u00e9s tan important a la novel\u00b7la o per qu\u00e8 una taca amb forma de murtra \u00e9s un element recurrent i tan repetit a la hist\u00f2ria.<\/p>\n<p>Tot plegat ha sigut mereixedor de quatre flors de murtra (de cinc) en el bar\u00f2metre de puntuaci\u00f3 dels llibres que llegim. Est\u00e0 molt b\u00e9, oi?<\/p>\n<p><img loading=\"lazy\" decoding=\"async\" class=\"aligncenter  wp-image-9073\" src=\"https:\/\/biblioteca.blanes.cat\/salajove\/wp-content\/uploads\/sites\/3\/2024\/11\/IMG_20241108_184159-225x300.jpg\" alt=\"\" width=\"295\" height=\"393\" srcset=\"https:\/\/biblioteca.blanes.cat\/salajove\/wp-content\/uploads\/sites\/3\/2024\/11\/IMG_20241108_184159-225x300.jpg 225w, https:\/\/biblioteca.blanes.cat\/salajove\/wp-content\/uploads\/sites\/3\/2024\/11\/IMG_20241108_184159-768x1024.jpg 768w, https:\/\/biblioteca.blanes.cat\/salajove\/wp-content\/uploads\/sites\/3\/2024\/11\/IMG_20241108_184159-1152x1536.jpg 1152w, https:\/\/biblioteca.blanes.cat\/salajove\/wp-content\/uploads\/sites\/3\/2024\/11\/IMG_20241108_184159-1536x2048.jpg 1536w, https:\/\/biblioteca.blanes.cat\/salajove\/wp-content\/uploads\/sites\/3\/2024\/11\/IMG_20241108_184159-scaled.jpg 1920w\" sizes=\"(max-width: 295px) 100vw, 295px\" \/><\/p>\n<p>Al desembre tocar\u00e0 comentar un \u00e0lbum il\u00b7lustrat: <span style=\"color: #ff00ff;\"><em><strong>La princesa T\u00f2tem<\/strong><\/em><\/span>, de <strong><span style=\"color: #ff00ff;\">Sebastien P\u00e9rez i Justine Brax<\/span><\/strong>. Som-hi, emblanats!<\/p>\n","protected":false},"excerpt":{"rendered":"<p>Aquest mes al Club de Lectura Juvenil #emblanats hem volgut commemorar el Dia Internacional de l\u2019Eliminaci\u00f3 de la Viol\u00e8ncia contra la Dona (25 N), i per aix\u00f2 hem llegit un llibre relacionat amb aquesta tem\u00e0tica: La taca, de Laia Asso.<\/p>\n","protected":false},"author":4,"featured_media":9079,"comment_status":"open","ping_status":"open","sticky":false,"template":"","format":"standard","meta":{"sfsi_plus_gutenberg_text_before_share":"","sfsi_plus_gutenberg_show_text_before_share":"","sfsi_plus_gutenberg_icon_type":"","sfsi_plus_gutenberg_icon_alignemt":"","sfsi_plus_gutenburg_max_per_row":"","footnotes":""},"categories":[5],"tags":[],"class_list":["post-9068","post","type-post","status-publish","format-standard","has-post-thumbnail","hentry","category-club-de-lectura"],"yoast_head":"<!-- This site is optimized with the Yoast SEO plugin v27.5 - https:\/\/yoast.com\/product\/yoast-seo-wordpress\/ -->\n<title>Club de Lectura Juvenil #emblanats: La taca - Sala Jove<\/title>\n<meta name=\"robots\" content=\"index, follow, max-snippet:-1, max-image-preview:large, max-video-preview:-1\" \/>\n<link rel=\"canonical\" href=\"https:\/\/biblioteca.blanes.cat\/salajove\/2024\/11\/13\/club-de-lectura-juvenil-emblanats-la-taca\/\" \/>\n<meta property=\"og:locale\" content=\"ca_ES\" \/>\n<meta property=\"og:type\" content=\"article\" \/>\n<meta property=\"og:title\" content=\"Club de Lectura Juvenil #emblanats: La taca - Sala Jove\" \/>\n<meta property=\"og:description\" content=\"Aquest mes al Club de Lectura Juvenil #emblanats hem volgut commemorar el Dia Internacional de l\u2019Eliminaci\u00f3 de la Viol\u00e8ncia contra la Dona (25 N), i per aix\u00f2 hem llegit un llibre relacionat amb aquesta tem\u00e0tica: La taca, de Laia Asso.\" \/>\n<meta property=\"og:url\" content=\"https:\/\/biblioteca.blanes.cat\/salajove\/2024\/11\/13\/club-de-lectura-juvenil-emblanats-la-taca\/\" \/>\n<meta property=\"og:site_name\" content=\"Sala Jove\" \/>\n<meta property=\"article:publisher\" content=\"https:\/\/www.facebook.com\/BilbiotecaComarcaldeBlanes\/\" \/>\n<meta property=\"article:published_time\" content=\"2024-11-13T17:31:32+00:00\" \/>\n<meta property=\"article:modified_time\" content=\"2025-09-03T17:32:59+00:00\" \/>\n<meta property=\"og:image\" content=\"https:\/\/biblioteca.blanes.cat\/salajove\/wp-content\/uploads\/sites\/3\/2024\/11\/IMG_20241111_161327-scaled.jpg\" \/>\n\t<meta property=\"og:image:width\" content=\"1920\" \/>\n\t<meta property=\"og:image:height\" content=\"2560\" \/>\n\t<meta property=\"og:image:type\" content=\"image\/jpeg\" \/>\n<meta name=\"author\" content=\"biblioblanes\" \/>\n<meta name=\"twitter:card\" content=\"summary_large_image\" \/>\n<meta name=\"twitter:creator\" content=\"@biblioblanes\" \/>\n<meta name=\"twitter:site\" content=\"@BiblioBlanes\" \/>\n<meta name=\"twitter:label1\" content=\"Escrit per\" \/>\n\t<meta name=\"twitter:data1\" content=\"biblioblanes\" \/>\n\t<meta name=\"twitter:label2\" content=\"Temps estimat de lectura\" \/>\n\t<meta name=\"twitter:data2\" content=\"6 minuts\" \/>\n<script type=\"application\/ld+json\" class=\"yoast-schema-graph\">{\"@context\":\"https:\\\/\\\/schema.org\",\"@graph\":[{\"@type\":\"Article\",\"@id\":\"https:\\\/\\\/biblioteca.blanes.cat\\\/salajove\\\/2024\\\/11\\\/13\\\/club-de-lectura-juvenil-emblanats-la-taca\\\/#article\",\"isPartOf\":{\"@id\":\"https:\\\/\\\/biblioteca.blanes.cat\\\/salajove\\\/2024\\\/11\\\/13\\\/club-de-lectura-juvenil-emblanats-la-taca\\\/\"},\"author\":{\"name\":\"biblioblanes\",\"@id\":\"https:\\\/\\\/biblioteca.blanes.cat\\\/salajove\\\/#\\\/schema\\\/person\\\/5a7b46760d9dd611d098bbf571a341dc\"},\"headline\":\"Club de Lectura Juvenil #emblanats: La taca\",\"datePublished\":\"2024-11-13T17:31:32+00:00\",\"dateModified\":\"2025-09-03T17:32:59+00:00\",\"mainEntityOfPage\":{\"@id\":\"https:\\\/\\\/biblioteca.blanes.cat\\\/salajove\\\/2024\\\/11\\\/13\\\/club-de-lectura-juvenil-emblanats-la-taca\\\/\"},\"wordCount\":661,\"commentCount\":0,\"publisher\":{\"@id\":\"https:\\\/\\\/biblioteca.blanes.cat\\\/salajove\\\/#organization\"},\"image\":{\"@id\":\"https:\\\/\\\/biblioteca.blanes.cat\\\/salajove\\\/2024\\\/11\\\/13\\\/club-de-lectura-juvenil-emblanats-la-taca\\\/#primaryimage\"},\"thumbnailUrl\":\"https:\\\/\\\/biblioteca.blanes.cat\\\/salajove\\\/wp-content\\\/uploads\\\/sites\\\/3\\\/2024\\\/11\\\/IMG_20241111_161327-scaled.jpg\",\"articleSection\":[\"Club de Lectura\"],\"inLanguage\":\"ca\",\"potentialAction\":[{\"@type\":\"CommentAction\",\"name\":\"Comment\",\"target\":[\"https:\\\/\\\/biblioteca.blanes.cat\\\/salajove\\\/2024\\\/11\\\/13\\\/club-de-lectura-juvenil-emblanats-la-taca\\\/#respond\"]}]},{\"@type\":\"WebPage\",\"@id\":\"https:\\\/\\\/biblioteca.blanes.cat\\\/salajove\\\/2024\\\/11\\\/13\\\/club-de-lectura-juvenil-emblanats-la-taca\\\/\",\"url\":\"https:\\\/\\\/biblioteca.blanes.cat\\\/salajove\\\/2024\\\/11\\\/13\\\/club-de-lectura-juvenil-emblanats-la-taca\\\/\",\"name\":\"Club de Lectura Juvenil #emblanats: La taca - Sala Jove\",\"isPartOf\":{\"@id\":\"https:\\\/\\\/biblioteca.blanes.cat\\\/salajove\\\/#website\"},\"primaryImageOfPage\":{\"@id\":\"https:\\\/\\\/biblioteca.blanes.cat\\\/salajove\\\/2024\\\/11\\\/13\\\/club-de-lectura-juvenil-emblanats-la-taca\\\/#primaryimage\"},\"image\":{\"@id\":\"https:\\\/\\\/biblioteca.blanes.cat\\\/salajove\\\/2024\\\/11\\\/13\\\/club-de-lectura-juvenil-emblanats-la-taca\\\/#primaryimage\"},\"thumbnailUrl\":\"https:\\\/\\\/biblioteca.blanes.cat\\\/salajove\\\/wp-content\\\/uploads\\\/sites\\\/3\\\/2024\\\/11\\\/IMG_20241111_161327-scaled.jpg\",\"datePublished\":\"2024-11-13T17:31:32+00:00\",\"dateModified\":\"2025-09-03T17:32:59+00:00\",\"breadcrumb\":{\"@id\":\"https:\\\/\\\/biblioteca.blanes.cat\\\/salajove\\\/2024\\\/11\\\/13\\\/club-de-lectura-juvenil-emblanats-la-taca\\\/#breadcrumb\"},\"inLanguage\":\"ca\",\"potentialAction\":[{\"@type\":\"ReadAction\",\"target\":[\"https:\\\/\\\/biblioteca.blanes.cat\\\/salajove\\\/2024\\\/11\\\/13\\\/club-de-lectura-juvenil-emblanats-la-taca\\\/\"]}]},{\"@type\":\"ImageObject\",\"inLanguage\":\"ca\",\"@id\":\"https:\\\/\\\/biblioteca.blanes.cat\\\/salajove\\\/2024\\\/11\\\/13\\\/club-de-lectura-juvenil-emblanats-la-taca\\\/#primaryimage\",\"url\":\"https:\\\/\\\/biblioteca.blanes.cat\\\/salajove\\\/wp-content\\\/uploads\\\/sites\\\/3\\\/2024\\\/11\\\/IMG_20241111_161327-scaled.jpg\",\"contentUrl\":\"https:\\\/\\\/biblioteca.blanes.cat\\\/salajove\\\/wp-content\\\/uploads\\\/sites\\\/3\\\/2024\\\/11\\\/IMG_20241111_161327-scaled.jpg\",\"width\":1920,\"height\":2560},{\"@type\":\"BreadcrumbList\",\"@id\":\"https:\\\/\\\/biblioteca.blanes.cat\\\/salajove\\\/2024\\\/11\\\/13\\\/club-de-lectura-juvenil-emblanats-la-taca\\\/#breadcrumb\",\"itemListElement\":[{\"@type\":\"ListItem\",\"position\":1,\"name\":\"Inici\",\"item\":\"https:\\\/\\\/biblioteca.blanes.cat\\\/salajove\\\/\"},{\"@type\":\"ListItem\",\"position\":2,\"name\":\"Club de Lectura Juvenil #emblanats: La taca\"}]},{\"@type\":\"WebSite\",\"@id\":\"https:\\\/\\\/biblioteca.blanes.cat\\\/salajove\\\/#website\",\"url\":\"https:\\\/\\\/biblioteca.blanes.cat\\\/salajove\\\/\",\"name\":\"Sala Jove\",\"description\":\"Biblioteca Comarcal de Blanes\",\"publisher\":{\"@id\":\"https:\\\/\\\/biblioteca.blanes.cat\\\/salajove\\\/#organization\"},\"potentialAction\":[{\"@type\":\"SearchAction\",\"target\":{\"@type\":\"EntryPoint\",\"urlTemplate\":\"https:\\\/\\\/biblioteca.blanes.cat\\\/salajove\\\/?s={search_term_string}\"},\"query-input\":{\"@type\":\"PropertyValueSpecification\",\"valueRequired\":true,\"valueName\":\"search_term_string\"}}],\"inLanguage\":\"ca\"},{\"@type\":\"Organization\",\"@id\":\"https:\\\/\\\/biblioteca.blanes.cat\\\/salajove\\\/#organization\",\"name\":\"Biblioteca Comarcal de Blanes\",\"url\":\"https:\\\/\\\/biblioteca.blanes.cat\\\/salajove\\\/\",\"logo\":{\"@type\":\"ImageObject\",\"inLanguage\":\"ca\",\"@id\":\"https:\\\/\\\/biblioteca.blanes.cat\\\/salajove\\\/#\\\/schema\\\/logo\\\/image\\\/\",\"url\":\"https:\\\/\\\/biblioteca.blanes.cat\\\/salajove\\\/wp-content\\\/uploads\\\/sites\\\/3\\\/2017\\\/09\\\/cropped-Bib-blau-e1518869380535.png\",\"contentUrl\":\"https:\\\/\\\/biblioteca.blanes.cat\\\/salajove\\\/wp-content\\\/uploads\\\/sites\\\/3\\\/2017\\\/09\\\/cropped-Bib-blau-e1518869380535.png\",\"width\":166,\"height\":166,\"caption\":\"Biblioteca Comarcal de Blanes\"},\"image\":{\"@id\":\"https:\\\/\\\/biblioteca.blanes.cat\\\/salajove\\\/#\\\/schema\\\/logo\\\/image\\\/\"},\"sameAs\":[\"https:\\\/\\\/www.facebook.com\\\/BilbiotecaComarcaldeBlanes\\\/\",\"https:\\\/\\\/x.com\\\/BiblioBlanes\",\"https:\\\/\\\/www.instagram.com\\\/biblioblanes\\\/\",\"https:\\\/\\\/www.pinterest.es\\\/bblanes\\\/\",\"https:\\\/\\\/www.youtube.com\\\/c\\\/BibliotecaComarcalBlanes\"]},{\"@type\":\"Person\",\"@id\":\"https:\\\/\\\/biblioteca.blanes.cat\\\/salajove\\\/#\\\/schema\\\/person\\\/5a7b46760d9dd611d098bbf571a341dc\",\"name\":\"biblioblanes\",\"image\":{\"@type\":\"ImageObject\",\"inLanguage\":\"ca\",\"@id\":\"https:\\\/\\\/secure.gravatar.com\\\/avatar\\\/6593ca6cc90e5a70939f51c95e8315483b9c281bafba597292bee47992030f99?s=96&d=mm&r=g\",\"url\":\"https:\\\/\\\/secure.gravatar.com\\\/avatar\\\/6593ca6cc90e5a70939f51c95e8315483b9c281bafba597292bee47992030f99?s=96&d=mm&r=g\",\"contentUrl\":\"https:\\\/\\\/secure.gravatar.com\\\/avatar\\\/6593ca6cc90e5a70939f51c95e8315483b9c281bafba597292bee47992030f99?s=96&d=mm&r=g\",\"caption\":\"biblioblanes\"},\"sameAs\":[\"http:\\\/\\\/www.bibgirona.cat\\\/biblioteca\\\/blanes\",\"https:\\\/\\\/x.com\\\/biblioblanes\"],\"url\":\"https:\\\/\\\/biblioteca.blanes.cat\\\/salajove\\\/author\\\/biblioblanes\\\/\"}]}<\/script>\n<!-- \/ Yoast SEO plugin. -->","yoast_head_json":{"title":"Club de Lectura Juvenil #emblanats: La taca - Sala Jove","robots":{"index":"index","follow":"follow","max-snippet":"max-snippet:-1","max-image-preview":"max-image-preview:large","max-video-preview":"max-video-preview:-1"},"canonical":"https:\/\/biblioteca.blanes.cat\/salajove\/2024\/11\/13\/club-de-lectura-juvenil-emblanats-la-taca\/","og_locale":"ca_ES","og_type":"article","og_title":"Club de Lectura Juvenil #emblanats: La taca - Sala Jove","og_description":"Aquest mes al Club de Lectura Juvenil #emblanats hem volgut commemorar el Dia Internacional de l\u2019Eliminaci\u00f3 de la Viol\u00e8ncia contra la Dona (25 N), i per aix\u00f2 hem llegit un llibre relacionat amb aquesta tem\u00e0tica: La taca, de Laia Asso.","og_url":"https:\/\/biblioteca.blanes.cat\/salajove\/2024\/11\/13\/club-de-lectura-juvenil-emblanats-la-taca\/","og_site_name":"Sala Jove","article_publisher":"https:\/\/www.facebook.com\/BilbiotecaComarcaldeBlanes\/","article_published_time":"2024-11-13T17:31:32+00:00","article_modified_time":"2025-09-03T17:32:59+00:00","og_image":[{"width":1920,"height":2560,"url":"https:\/\/biblioteca.blanes.cat\/salajove\/wp-content\/uploads\/sites\/3\/2024\/11\/IMG_20241111_161327-scaled.jpg","type":"image\/jpeg"}],"author":"biblioblanes","twitter_card":"summary_large_image","twitter_creator":"@biblioblanes","twitter_site":"@BiblioBlanes","twitter_misc":{"Escrit per":"biblioblanes","Temps estimat de lectura":"6 minuts"},"schema":{"@context":"https:\/\/schema.org","@graph":[{"@type":"Article","@id":"https:\/\/biblioteca.blanes.cat\/salajove\/2024\/11\/13\/club-de-lectura-juvenil-emblanats-la-taca\/#article","isPartOf":{"@id":"https:\/\/biblioteca.blanes.cat\/salajove\/2024\/11\/13\/club-de-lectura-juvenil-emblanats-la-taca\/"},"author":{"name":"biblioblanes","@id":"https:\/\/biblioteca.blanes.cat\/salajove\/#\/schema\/person\/5a7b46760d9dd611d098bbf571a341dc"},"headline":"Club de Lectura Juvenil #emblanats: La taca","datePublished":"2024-11-13T17:31:32+00:00","dateModified":"2025-09-03T17:32:59+00:00","mainEntityOfPage":{"@id":"https:\/\/biblioteca.blanes.cat\/salajove\/2024\/11\/13\/club-de-lectura-juvenil-emblanats-la-taca\/"},"wordCount":661,"commentCount":0,"publisher":{"@id":"https:\/\/biblioteca.blanes.cat\/salajove\/#organization"},"image":{"@id":"https:\/\/biblioteca.blanes.cat\/salajove\/2024\/11\/13\/club-de-lectura-juvenil-emblanats-la-taca\/#primaryimage"},"thumbnailUrl":"https:\/\/biblioteca.blanes.cat\/salajove\/wp-content\/uploads\/sites\/3\/2024\/11\/IMG_20241111_161327-scaled.jpg","articleSection":["Club de Lectura"],"inLanguage":"ca","potentialAction":[{"@type":"CommentAction","name":"Comment","target":["https:\/\/biblioteca.blanes.cat\/salajove\/2024\/11\/13\/club-de-lectura-juvenil-emblanats-la-taca\/#respond"]}]},{"@type":"WebPage","@id":"https:\/\/biblioteca.blanes.cat\/salajove\/2024\/11\/13\/club-de-lectura-juvenil-emblanats-la-taca\/","url":"https:\/\/biblioteca.blanes.cat\/salajove\/2024\/11\/13\/club-de-lectura-juvenil-emblanats-la-taca\/","name":"Club de Lectura Juvenil #emblanats: La taca - Sala Jove","isPartOf":{"@id":"https:\/\/biblioteca.blanes.cat\/salajove\/#website"},"primaryImageOfPage":{"@id":"https:\/\/biblioteca.blanes.cat\/salajove\/2024\/11\/13\/club-de-lectura-juvenil-emblanats-la-taca\/#primaryimage"},"image":{"@id":"https:\/\/biblioteca.blanes.cat\/salajove\/2024\/11\/13\/club-de-lectura-juvenil-emblanats-la-taca\/#primaryimage"},"thumbnailUrl":"https:\/\/biblioteca.blanes.cat\/salajove\/wp-content\/uploads\/sites\/3\/2024\/11\/IMG_20241111_161327-scaled.jpg","datePublished":"2024-11-13T17:31:32+00:00","dateModified":"2025-09-03T17:32:59+00:00","breadcrumb":{"@id":"https:\/\/biblioteca.blanes.cat\/salajove\/2024\/11\/13\/club-de-lectura-juvenil-emblanats-la-taca\/#breadcrumb"},"inLanguage":"ca","potentialAction":[{"@type":"ReadAction","target":["https:\/\/biblioteca.blanes.cat\/salajove\/2024\/11\/13\/club-de-lectura-juvenil-emblanats-la-taca\/"]}]},{"@type":"ImageObject","inLanguage":"ca","@id":"https:\/\/biblioteca.blanes.cat\/salajove\/2024\/11\/13\/club-de-lectura-juvenil-emblanats-la-taca\/#primaryimage","url":"https:\/\/biblioteca.blanes.cat\/salajove\/wp-content\/uploads\/sites\/3\/2024\/11\/IMG_20241111_161327-scaled.jpg","contentUrl":"https:\/\/biblioteca.blanes.cat\/salajove\/wp-content\/uploads\/sites\/3\/2024\/11\/IMG_20241111_161327-scaled.jpg","width":1920,"height":2560},{"@type":"BreadcrumbList","@id":"https:\/\/biblioteca.blanes.cat\/salajove\/2024\/11\/13\/club-de-lectura-juvenil-emblanats-la-taca\/#breadcrumb","itemListElement":[{"@type":"ListItem","position":1,"name":"Inici","item":"https:\/\/biblioteca.blanes.cat\/salajove\/"},{"@type":"ListItem","position":2,"name":"Club de Lectura Juvenil #emblanats: La taca"}]},{"@type":"WebSite","@id":"https:\/\/biblioteca.blanes.cat\/salajove\/#website","url":"https:\/\/biblioteca.blanes.cat\/salajove\/","name":"Sala Jove","description":"Biblioteca Comarcal de Blanes","publisher":{"@id":"https:\/\/biblioteca.blanes.cat\/salajove\/#organization"},"potentialAction":[{"@type":"SearchAction","target":{"@type":"EntryPoint","urlTemplate":"https:\/\/biblioteca.blanes.cat\/salajove\/?s={search_term_string}"},"query-input":{"@type":"PropertyValueSpecification","valueRequired":true,"valueName":"search_term_string"}}],"inLanguage":"ca"},{"@type":"Organization","@id":"https:\/\/biblioteca.blanes.cat\/salajove\/#organization","name":"Biblioteca Comarcal de Blanes","url":"https:\/\/biblioteca.blanes.cat\/salajove\/","logo":{"@type":"ImageObject","inLanguage":"ca","@id":"https:\/\/biblioteca.blanes.cat\/salajove\/#\/schema\/logo\/image\/","url":"https:\/\/biblioteca.blanes.cat\/salajove\/wp-content\/uploads\/sites\/3\/2017\/09\/cropped-Bib-blau-e1518869380535.png","contentUrl":"https:\/\/biblioteca.blanes.cat\/salajove\/wp-content\/uploads\/sites\/3\/2017\/09\/cropped-Bib-blau-e1518869380535.png","width":166,"height":166,"caption":"Biblioteca Comarcal de Blanes"},"image":{"@id":"https:\/\/biblioteca.blanes.cat\/salajove\/#\/schema\/logo\/image\/"},"sameAs":["https:\/\/www.facebook.com\/BilbiotecaComarcaldeBlanes\/","https:\/\/x.com\/BiblioBlanes","https:\/\/www.instagram.com\/biblioblanes\/","https:\/\/www.pinterest.es\/bblanes\/","https:\/\/www.youtube.com\/c\/BibliotecaComarcalBlanes"]},{"@type":"Person","@id":"https:\/\/biblioteca.blanes.cat\/salajove\/#\/schema\/person\/5a7b46760d9dd611d098bbf571a341dc","name":"biblioblanes","image":{"@type":"ImageObject","inLanguage":"ca","@id":"https:\/\/secure.gravatar.com\/avatar\/6593ca6cc90e5a70939f51c95e8315483b9c281bafba597292bee47992030f99?s=96&d=mm&r=g","url":"https:\/\/secure.gravatar.com\/avatar\/6593ca6cc90e5a70939f51c95e8315483b9c281bafba597292bee47992030f99?s=96&d=mm&r=g","contentUrl":"https:\/\/secure.gravatar.com\/avatar\/6593ca6cc90e5a70939f51c95e8315483b9c281bafba597292bee47992030f99?s=96&d=mm&r=g","caption":"biblioblanes"},"sameAs":["http:\/\/www.bibgirona.cat\/biblioteca\/blanes","https:\/\/x.com\/biblioblanes"],"url":"https:\/\/biblioteca.blanes.cat\/salajove\/author\/biblioblanes\/"}]}},"_links":{"self":[{"href":"https:\/\/biblioteca.blanes.cat\/salajove\/wp-json\/wp\/v2\/posts\/9068","targetHints":{"allow":["GET"]}}],"collection":[{"href":"https:\/\/biblioteca.blanes.cat\/salajove\/wp-json\/wp\/v2\/posts"}],"about":[{"href":"https:\/\/biblioteca.blanes.cat\/salajove\/wp-json\/wp\/v2\/types\/post"}],"author":[{"embeddable":true,"href":"https:\/\/biblioteca.blanes.cat\/salajove\/wp-json\/wp\/v2\/users\/4"}],"replies":[{"embeddable":true,"href":"https:\/\/biblioteca.blanes.cat\/salajove\/wp-json\/wp\/v2\/comments?post=9068"}],"version-history":[{"count":22,"href":"https:\/\/biblioteca.blanes.cat\/salajove\/wp-json\/wp\/v2\/posts\/9068\/revisions"}],"predecessor-version":[{"id":9108,"href":"https:\/\/biblioteca.blanes.cat\/salajove\/wp-json\/wp\/v2\/posts\/9068\/revisions\/9108"}],"wp:featuredmedia":[{"embeddable":true,"href":"https:\/\/biblioteca.blanes.cat\/salajove\/wp-json\/wp\/v2\/media\/9079"}],"wp:attachment":[{"href":"https:\/\/biblioteca.blanes.cat\/salajove\/wp-json\/wp\/v2\/media?parent=9068"}],"wp:term":[{"taxonomy":"category","embeddable":true,"href":"https:\/\/biblioteca.blanes.cat\/salajove\/wp-json\/wp\/v2\/categories?post=9068"},{"taxonomy":"post_tag","embeddable":true,"href":"https:\/\/biblioteca.blanes.cat\/salajove\/wp-json\/wp\/v2\/tags?post=9068"}],"curies":[{"name":"wp","href":"https:\/\/api.w.org\/{rel}","templated":true}]}}