{"id":904,"date":"2018-02-11T14:32:14","date_gmt":"2018-02-11T13:32:14","guid":{"rendered":"https:\/\/biblioteca.blanes.cat\/salajove\/?p=904"},"modified":"2018-02-14T15:52:44","modified_gmt":"2018-02-14T14:52:44","slug":"904agatha-christie","status":"publish","type":"post","link":"https:\/\/biblioteca.blanes.cat\/salajove\/2018\/02\/11\/904agatha-christie\/","title":{"rendered":"ASESINATO EN EL ORIENT EXPRESS de Agatha Christie"},"content":{"rendered":"<h2 style=\"text-align: center\"><img fetchpriority=\"high\" decoding=\"async\" class=\"alignright\" src=\"http:\/\/es.web.img3.acsta.net\/pictures\/17\/09\/11\/17\/47\/3086917.jpg\" width=\"341\" height=\"505\" \/>SINOPSIS<\/h2>\n<h2 style=\"text-align: center\">Estambul, pleno invierno. Poirot decide tomar el Orient Express que en esta \u00e9poca suele hacer su recorrido practicamente vac\u00edo. Pero aquel d\u00eda, el tren va lleno y s\u00f3lo gracias a un buen amigo consigue una litera en el coche-cama. A la ma\u00f1ana siguiente se despierta, descubre que una tormenta de nieve ha obligado a detener el tren y que un americano, llamado Ratchet, ha sido apu\u00f1alado salvajemente. Aparentemente, nadie ha entrado ni ha salido del coche-cama. El asesino, sin duda, es alguno de los ocupantes del Orient Express.<\/h2>\n<h2 style=\"text-align: center\">OPINI\u00d3 PERSONAL<\/h2>\n<p>Ens tornem a trobar amb el millor detectiu Hercule Poirtot i amb la millor escriptora de misteri Agatha Christie. Un cop m\u00e9s com diu el protagonista indiscutible de moltes novel\u00b7les de l\u2019Agatha Christie, el detectiu Hercule Poirot, \u201c\u2026Las peque\u00f1as c\u00e9lulas grises resolvieron una vez m\u00e1s lo que aparentemente era irresoluble\u2026\u201d<\/p>\n<p>Aquesta \u00e9s una altra de les grans i conegudes novel\u00b7les de la escriptora brit\u00e0nica Agatha Christie. Despr\u00e9s de resoldre un cas a Palestina el fam\u00f2s detectiu Hercule Poirot torna a Anglaterra amb l\u2019Orient Express des d\u2019Estambul, en una \u00e8poca en la que el tren tindr\u00eda que viatjar buit per\u00f2 que sorprenentment va ple de passatgers.<\/p>\n<p>Durant la segona nit del recorregut Poirot es desperta amb un soroll del compartiment del costat, ocupat per un millonari anomenat Ratche,. Surt al passad\u00eds i veu a l\u2019encarregat del vag\u00f3 trucar a la porta del costat per saber qu\u00e8 ha passat. Del seu interior li contesta en franc\u00e9s: \u201cCe n\u2019est rien. Je me suis tromp\u00e9\u201d (no \u00e9s res, m\u2019he equivocat). Poirot es tornar a ficar al llit per\u00f2 al cap de poca estona sent el timbre d\u2019un compartiment proper, on dorm una dona nord-americana anomenada Mrs. Hubbard. Nervi\u00f3s perqu\u00e8 no pot dormir, crida a l\u2019encarregat per demanar-li una ampolla d\u2019aigua. Quan li porta s\u2019assabenta de que Mrs. Hubbard creu que alg\u00fa ha entrat al seu compartiment. Poirot intenta dormir per\u00f2 un cop a la seva porta el desperta. S\u2019aixeca, surt al passad\u00eds, est\u00e0 en silenci, pero al fons veu una dona de esquenes vestida amb un quimono escarlata.<\/p>\n<p>Al dia seg\u00fcent descobreix que Mr. Ratchet ha estat assasinat despr\u00e9s de rebre dotze ganivetades. A m\u00e9s el tren est\u00e0 parat i bloquejat per la neu.<\/p>\n<p>Un passatger ha mort, l\u2019han matat. Si l\u2019han assesinat \u00e9s que hi ha un assasi i est\u00e0 entre els ocupants de l\u2019Orient Express. Tots s\u00f3n sospitosos. L\u2019Hercule Poirot torna a tenir feina\u2026<\/p>\n<p>I ara unes quantes frases robades i amagades entre les p\u00e0gines:<\/p>\n<h3 style=\"text-align: center\"><em>\u201cMe gusta ver un ingl\u00e9s enfadado. Son muy divertidos. Cuanto m\u00e1s emocionados estan, menos dominan la lengua.\u201d<\/em><\/h3>\n<h3 style=\"text-align: center\"><em>\u201cMe fij\u00e9 m\u00e1s en su traje que en su cara. \u00a1Somos as\u00ed las mujeres!\u201d<\/em><\/h3>\n<h3 style=\"text-align: center\"><em>\u201c-Esta usted poniendo palabras en mi boca, se\u00f1orita.\u201d -\u00bfY tambi\u00e9n ideas en su cabeza? No lo creo. Las ideas estan ah\u00ed. \u00bfNo es cierto?\u201d<\/em><\/h3>\n<h3 style=\"text-align: center\"><em>\u201cEs quiz\u00e1s una falta peculiar de los detectives. Nosotros queremos que la conducta sea siempre consecuente. No consentimos los canvios de humor.\u201d<\/em><\/h3>\n<h3 style=\"text-align: center\"><em>\u201cLo imposible no puede haber sucedido; por tanto, lo imposible tiene que ser posible, a pesar de las apariencias.\u201d<\/em><\/h3>\n<p>I ara unes an\u00e8cdotes:<\/p>\n<p>*El novembre s\u2019estrenar\u00e0 en els cines la pel\u00b7l\u00edcula d\u2019aquesta novel\u00b7la. Ja podeu veure el tr\u00e0iler al youtube us deixo aqu\u00ed l\u2019enlla\u00e7:\u00a0 https:\/\/www.youtube.com\/watch?v=uAk39coySj8<br \/>\n Ah! I l\u2019actor que fa del personatge de Ratchet es en Johnny Deep!!<\/p>\n<h3><em>-Entonces &#8211; anunci\u00f3 Poirot -, como ya he expuesto mi soluci\u00f3n ante todos ustedes, tengo el honor de retirarme completamente del caso.<\/em><\/h3>\n","protected":false},"excerpt":{"rendered":"<p>SINOPSIS Estambul, pleno invierno. Poirot decide tomar el Orient Express que en esta \u00e9poca suele hacer su recorrido practicamente vac\u00edo. Pero aquel d\u00eda, el tren va lleno y s\u00f3lo gracias a un buen amigo consigue una litera en el coche-cama.<\/p>\n","protected":false},"author":6,"featured_media":154,"comment_status":"open","ping_status":"open","sticky":false,"template":"","format":"standard","meta":{"sfsi_plus_gutenberg_text_before_share":"","sfsi_plus_gutenberg_show_text_before_share":"","sfsi_plus_gutenberg_icon_type":"","sfsi_plus_gutenberg_icon_alignemt":"","sfsi_plus_gutenburg_max_per_row":"","footnotes":""},"categories":[9,11],"tags":[33,21,23],"class_list":["post-904","post","type-post","status-publish","format-standard","has-post-thumbnail","hentry","category-raco-de-la-paula","category-classic","tag-el-raco-de-la-paula","tag-llibres","tag-sinopsi"],"yoast_head":"<!-- This site is optimized with the Yoast SEO plugin v27.5 - https:\/\/yoast.com\/product\/yoast-seo-wordpress\/ -->\n<title>ASESINATO EN EL ORIENT EXPRESS de Agatha Christie - Sala Jove<\/title>\n<meta name=\"description\" content=\"Ens tornem a trobar amb el millor detectiu Hercule Poirtot i amb la millor escriptora brit\u00e0nica de misteri Agatha Christie.\" \/>\n<meta name=\"robots\" content=\"index, follow, max-snippet:-1, max-image-preview:large, max-video-preview:-1\" \/>\n<link rel=\"canonical\" href=\"https:\/\/biblioteca.blanes.cat\/salajove\/2018\/02\/11\/904agatha-christie\/\" \/>\n<meta property=\"og:locale\" content=\"ca_ES\" \/>\n<meta property=\"og:type\" content=\"article\" \/>\n<meta property=\"og:title\" content=\"ASESINATO EN EL ORIENT EXPRESS de Agatha Christie - Sala Jove\" \/>\n<meta property=\"og:description\" content=\"Ens tornem a trobar amb el millor detectiu Hercule Poirtot i amb la millor escriptora brit\u00e0nica de misteri Agatha Christie.\" \/>\n<meta property=\"og:url\" content=\"https:\/\/biblioteca.blanes.cat\/salajove\/2018\/02\/11\/904agatha-christie\/\" \/>\n<meta property=\"og:site_name\" content=\"Sala Jove\" \/>\n<meta property=\"article:publisher\" content=\"https:\/\/www.facebook.com\/BilbiotecaComarcaldeBlanes\/\" \/>\n<meta property=\"article:published_time\" content=\"2018-02-11T13:32:14+00:00\" \/>\n<meta property=\"article:modified_time\" content=\"2018-02-14T14:52:44+00:00\" \/>\n<meta property=\"og:image\" content=\"https:\/\/biblioteca.blanes.cat\/salajove\/wp-content\/uploads\/sites\/3\/2017\/10\/Destacat_rac\u00f3_Paula.png\" \/>\n\t<meta property=\"og:image:width\" content=\"3719\" \/>\n\t<meta property=\"og:image:height\" content=\"2265\" \/>\n\t<meta property=\"og:image:type\" content=\"image\/png\" \/>\n<meta name=\"author\" content=\"paula\" \/>\n<meta name=\"twitter:card\" content=\"summary_large_image\" \/>\n<meta name=\"twitter:creator\" content=\"@BiblioBlanes\" \/>\n<meta name=\"twitter:site\" content=\"@BiblioBlanes\" \/>\n<meta name=\"twitter:label1\" content=\"Escrit per\" \/>\n\t<meta name=\"twitter:data1\" content=\"paula\" \/>\n\t<meta name=\"twitter:label2\" content=\"Temps estimat de lectura\" \/>\n\t<meta name=\"twitter:data2\" content=\"3 minuts\" \/>\n<script type=\"application\/ld+json\" class=\"yoast-schema-graph\">{\"@context\":\"https:\\\/\\\/schema.org\",\"@graph\":[{\"@type\":\"Article\",\"@id\":\"https:\\\/\\\/biblioteca.blanes.cat\\\/salajove\\\/2018\\\/02\\\/11\\\/904agatha-christie\\\/#article\",\"isPartOf\":{\"@id\":\"https:\\\/\\\/biblioteca.blanes.cat\\\/salajove\\\/2018\\\/02\\\/11\\\/904agatha-christie\\\/\"},\"author\":{\"name\":\"paula\",\"@id\":\"https:\\\/\\\/biblioteca.blanes.cat\\\/salajove\\\/#\\\/schema\\\/person\\\/8dbc45cdf5d1c7e2d100d147517ba7f3\"},\"headline\":\"ASESINATO EN EL ORIENT EXPRESS de Agatha Christie\",\"datePublished\":\"2018-02-11T13:32:14+00:00\",\"dateModified\":\"2018-02-14T14:52:44+00:00\",\"mainEntityOfPage\":{\"@id\":\"https:\\\/\\\/biblioteca.blanes.cat\\\/salajove\\\/2018\\\/02\\\/11\\\/904agatha-christie\\\/\"},\"wordCount\":642,\"commentCount\":0,\"publisher\":{\"@id\":\"https:\\\/\\\/biblioteca.blanes.cat\\\/salajove\\\/#organization\"},\"image\":{\"@id\":\"https:\\\/\\\/biblioteca.blanes.cat\\\/salajove\\\/2018\\\/02\\\/11\\\/904agatha-christie\\\/#primaryimage\"},\"thumbnailUrl\":\"https:\\\/\\\/biblioteca.blanes.cat\\\/salajove\\\/wp-content\\\/uploads\\\/sites\\\/3\\\/2017\\\/10\\\/Destacat_rac\u00f3_Paula.png\",\"keywords\":[\"#ElRac\u00f3delaPaula\",\"#Llibres\",\"#Sinopsi\"],\"articleSection\":[\"Rac\u00f3 de la Paula\",\"RP_Cl\u00e0ssic\"],\"inLanguage\":\"ca\",\"potentialAction\":[{\"@type\":\"CommentAction\",\"name\":\"Comment\",\"target\":[\"https:\\\/\\\/biblioteca.blanes.cat\\\/salajove\\\/2018\\\/02\\\/11\\\/904agatha-christie\\\/#respond\"]}]},{\"@type\":\"WebPage\",\"@id\":\"https:\\\/\\\/biblioteca.blanes.cat\\\/salajove\\\/2018\\\/02\\\/11\\\/904agatha-christie\\\/\",\"url\":\"https:\\\/\\\/biblioteca.blanes.cat\\\/salajove\\\/2018\\\/02\\\/11\\\/904agatha-christie\\\/\",\"name\":\"ASESINATO EN EL ORIENT EXPRESS de Agatha Christie - Sala Jove\",\"isPartOf\":{\"@id\":\"https:\\\/\\\/biblioteca.blanes.cat\\\/salajove\\\/#website\"},\"primaryImageOfPage\":{\"@id\":\"https:\\\/\\\/biblioteca.blanes.cat\\\/salajove\\\/2018\\\/02\\\/11\\\/904agatha-christie\\\/#primaryimage\"},\"image\":{\"@id\":\"https:\\\/\\\/biblioteca.blanes.cat\\\/salajove\\\/2018\\\/02\\\/11\\\/904agatha-christie\\\/#primaryimage\"},\"thumbnailUrl\":\"https:\\\/\\\/biblioteca.blanes.cat\\\/salajove\\\/wp-content\\\/uploads\\\/sites\\\/3\\\/2017\\\/10\\\/Destacat_rac\u00f3_Paula.png\",\"datePublished\":\"2018-02-11T13:32:14+00:00\",\"dateModified\":\"2018-02-14T14:52:44+00:00\",\"description\":\"Ens tornem a trobar amb el millor detectiu Hercule Poirtot i amb la millor escriptora brit\u00e0nica de misteri Agatha Christie.\",\"breadcrumb\":{\"@id\":\"https:\\\/\\\/biblioteca.blanes.cat\\\/salajove\\\/2018\\\/02\\\/11\\\/904agatha-christie\\\/#breadcrumb\"},\"inLanguage\":\"ca\",\"potentialAction\":[{\"@type\":\"ReadAction\",\"target\":[\"https:\\\/\\\/biblioteca.blanes.cat\\\/salajove\\\/2018\\\/02\\\/11\\\/904agatha-christie\\\/\"]}]},{\"@type\":\"ImageObject\",\"inLanguage\":\"ca\",\"@id\":\"https:\\\/\\\/biblioteca.blanes.cat\\\/salajove\\\/2018\\\/02\\\/11\\\/904agatha-christie\\\/#primaryimage\",\"url\":\"https:\\\/\\\/biblioteca.blanes.cat\\\/salajove\\\/wp-content\\\/uploads\\\/sites\\\/3\\\/2017\\\/10\\\/Destacat_rac\u00f3_Paula.png\",\"contentUrl\":\"https:\\\/\\\/biblioteca.blanes.cat\\\/salajove\\\/wp-content\\\/uploads\\\/sites\\\/3\\\/2017\\\/10\\\/Destacat_rac\u00f3_Paula.png\",\"width\":3719,\"height\":2265,\"caption\":\"Rac\u00f3 de la Paula\"},{\"@type\":\"BreadcrumbList\",\"@id\":\"https:\\\/\\\/biblioteca.blanes.cat\\\/salajove\\\/2018\\\/02\\\/11\\\/904agatha-christie\\\/#breadcrumb\",\"itemListElement\":[{\"@type\":\"ListItem\",\"position\":1,\"name\":\"Inici\",\"item\":\"https:\\\/\\\/biblioteca.blanes.cat\\\/salajove\\\/\"},{\"@type\":\"ListItem\",\"position\":2,\"name\":\"ASESINATO EN EL ORIENT EXPRESS de Agatha Christie\"}]},{\"@type\":\"WebSite\",\"@id\":\"https:\\\/\\\/biblioteca.blanes.cat\\\/salajove\\\/#website\",\"url\":\"https:\\\/\\\/biblioteca.blanes.cat\\\/salajove\\\/\",\"name\":\"Sala Jove\",\"description\":\"Biblioteca Comarcal de Blanes\",\"publisher\":{\"@id\":\"https:\\\/\\\/biblioteca.blanes.cat\\\/salajove\\\/#organization\"},\"potentialAction\":[{\"@type\":\"SearchAction\",\"target\":{\"@type\":\"EntryPoint\",\"urlTemplate\":\"https:\\\/\\\/biblioteca.blanes.cat\\\/salajove\\\/?s={search_term_string}\"},\"query-input\":{\"@type\":\"PropertyValueSpecification\",\"valueRequired\":true,\"valueName\":\"search_term_string\"}}],\"inLanguage\":\"ca\"},{\"@type\":\"Organization\",\"@id\":\"https:\\\/\\\/biblioteca.blanes.cat\\\/salajove\\\/#organization\",\"name\":\"Biblioteca Comarcal de Blanes\",\"url\":\"https:\\\/\\\/biblioteca.blanes.cat\\\/salajove\\\/\",\"logo\":{\"@type\":\"ImageObject\",\"inLanguage\":\"ca\",\"@id\":\"https:\\\/\\\/biblioteca.blanes.cat\\\/salajove\\\/#\\\/schema\\\/logo\\\/image\\\/\",\"url\":\"https:\\\/\\\/biblioteca.blanes.cat\\\/salajove\\\/wp-content\\\/uploads\\\/sites\\\/3\\\/2017\\\/09\\\/cropped-Bib-blau-e1518869380535.png\",\"contentUrl\":\"https:\\\/\\\/biblioteca.blanes.cat\\\/salajove\\\/wp-content\\\/uploads\\\/sites\\\/3\\\/2017\\\/09\\\/cropped-Bib-blau-e1518869380535.png\",\"width\":166,\"height\":166,\"caption\":\"Biblioteca Comarcal de Blanes\"},\"image\":{\"@id\":\"https:\\\/\\\/biblioteca.blanes.cat\\\/salajove\\\/#\\\/schema\\\/logo\\\/image\\\/\"},\"sameAs\":[\"https:\\\/\\\/www.facebook.com\\\/BilbiotecaComarcaldeBlanes\\\/\",\"https:\\\/\\\/x.com\\\/BiblioBlanes\",\"https:\\\/\\\/www.instagram.com\\\/biblioblanes\\\/\",\"https:\\\/\\\/www.pinterest.es\\\/bblanes\\\/\",\"https:\\\/\\\/www.youtube.com\\\/c\\\/BibliotecaComarcalBlanes\"]},{\"@type\":\"Person\",\"@id\":\"https:\\\/\\\/biblioteca.blanes.cat\\\/salajove\\\/#\\\/schema\\\/person\\\/8dbc45cdf5d1c7e2d100d147517ba7f3\",\"name\":\"paula\",\"image\":{\"@type\":\"ImageObject\",\"inLanguage\":\"ca\",\"@id\":\"https:\\\/\\\/secure.gravatar.com\\\/avatar\\\/7dc0a9399589f36ddc6864e8335b73854871aa22921ee390cb50776e7ddfc136?s=96&d=mm&r=g\",\"url\":\"https:\\\/\\\/secure.gravatar.com\\\/avatar\\\/7dc0a9399589f36ddc6864e8335b73854871aa22921ee390cb50776e7ddfc136?s=96&d=mm&r=g\",\"contentUrl\":\"https:\\\/\\\/secure.gravatar.com\\\/avatar\\\/7dc0a9399589f36ddc6864e8335b73854871aa22921ee390cb50776e7ddfc136?s=96&d=mm&r=g\",\"caption\":\"paula\"},\"url\":\"https:\\\/\\\/biblioteca.blanes.cat\\\/salajove\\\/author\\\/paula\\\/\"}]}<\/script>\n<!-- \/ Yoast SEO plugin. -->","yoast_head_json":{"title":"ASESINATO EN EL ORIENT EXPRESS de Agatha Christie - Sala Jove","description":"Ens tornem a trobar amb el millor detectiu Hercule Poirtot i amb la millor escriptora brit\u00e0nica de misteri Agatha Christie.","robots":{"index":"index","follow":"follow","max-snippet":"max-snippet:-1","max-image-preview":"max-image-preview:large","max-video-preview":"max-video-preview:-1"},"canonical":"https:\/\/biblioteca.blanes.cat\/salajove\/2018\/02\/11\/904agatha-christie\/","og_locale":"ca_ES","og_type":"article","og_title":"ASESINATO EN EL ORIENT EXPRESS de Agatha Christie - Sala Jove","og_description":"Ens tornem a trobar amb el millor detectiu Hercule Poirtot i amb la millor escriptora brit\u00e0nica de misteri Agatha Christie.","og_url":"https:\/\/biblioteca.blanes.cat\/salajove\/2018\/02\/11\/904agatha-christie\/","og_site_name":"Sala Jove","article_publisher":"https:\/\/www.facebook.com\/BilbiotecaComarcaldeBlanes\/","article_published_time":"2018-02-11T13:32:14+00:00","article_modified_time":"2018-02-14T14:52:44+00:00","og_image":[{"width":3719,"height":2265,"url":"https:\/\/biblioteca.blanes.cat\/salajove\/wp-content\/uploads\/sites\/3\/2017\/10\/Destacat_rac\u00f3_Paula.png","type":"image\/png"}],"author":"paula","twitter_card":"summary_large_image","twitter_creator":"@BiblioBlanes","twitter_site":"@BiblioBlanes","twitter_misc":{"Escrit per":"paula","Temps estimat de lectura":"3 minuts"},"schema":{"@context":"https:\/\/schema.org","@graph":[{"@type":"Article","@id":"https:\/\/biblioteca.blanes.cat\/salajove\/2018\/02\/11\/904agatha-christie\/#article","isPartOf":{"@id":"https:\/\/biblioteca.blanes.cat\/salajove\/2018\/02\/11\/904agatha-christie\/"},"author":{"name":"paula","@id":"https:\/\/biblioteca.blanes.cat\/salajove\/#\/schema\/person\/8dbc45cdf5d1c7e2d100d147517ba7f3"},"headline":"ASESINATO EN EL ORIENT EXPRESS de Agatha Christie","datePublished":"2018-02-11T13:32:14+00:00","dateModified":"2018-02-14T14:52:44+00:00","mainEntityOfPage":{"@id":"https:\/\/biblioteca.blanes.cat\/salajove\/2018\/02\/11\/904agatha-christie\/"},"wordCount":642,"commentCount":0,"publisher":{"@id":"https:\/\/biblioteca.blanes.cat\/salajove\/#organization"},"image":{"@id":"https:\/\/biblioteca.blanes.cat\/salajove\/2018\/02\/11\/904agatha-christie\/#primaryimage"},"thumbnailUrl":"https:\/\/biblioteca.blanes.cat\/salajove\/wp-content\/uploads\/sites\/3\/2017\/10\/Destacat_rac\u00f3_Paula.png","keywords":["#ElRac\u00f3delaPaula","#Llibres","#Sinopsi"],"articleSection":["Rac\u00f3 de la Paula","RP_Cl\u00e0ssic"],"inLanguage":"ca","potentialAction":[{"@type":"CommentAction","name":"Comment","target":["https:\/\/biblioteca.blanes.cat\/salajove\/2018\/02\/11\/904agatha-christie\/#respond"]}]},{"@type":"WebPage","@id":"https:\/\/biblioteca.blanes.cat\/salajove\/2018\/02\/11\/904agatha-christie\/","url":"https:\/\/biblioteca.blanes.cat\/salajove\/2018\/02\/11\/904agatha-christie\/","name":"ASESINATO EN EL ORIENT EXPRESS de Agatha Christie - Sala Jove","isPartOf":{"@id":"https:\/\/biblioteca.blanes.cat\/salajove\/#website"},"primaryImageOfPage":{"@id":"https:\/\/biblioteca.blanes.cat\/salajove\/2018\/02\/11\/904agatha-christie\/#primaryimage"},"image":{"@id":"https:\/\/biblioteca.blanes.cat\/salajove\/2018\/02\/11\/904agatha-christie\/#primaryimage"},"thumbnailUrl":"https:\/\/biblioteca.blanes.cat\/salajove\/wp-content\/uploads\/sites\/3\/2017\/10\/Destacat_rac\u00f3_Paula.png","datePublished":"2018-02-11T13:32:14+00:00","dateModified":"2018-02-14T14:52:44+00:00","description":"Ens tornem a trobar amb el millor detectiu Hercule Poirtot i amb la millor escriptora brit\u00e0nica de misteri Agatha Christie.","breadcrumb":{"@id":"https:\/\/biblioteca.blanes.cat\/salajove\/2018\/02\/11\/904agatha-christie\/#breadcrumb"},"inLanguage":"ca","potentialAction":[{"@type":"ReadAction","target":["https:\/\/biblioteca.blanes.cat\/salajove\/2018\/02\/11\/904agatha-christie\/"]}]},{"@type":"ImageObject","inLanguage":"ca","@id":"https:\/\/biblioteca.blanes.cat\/salajove\/2018\/02\/11\/904agatha-christie\/#primaryimage","url":"https:\/\/biblioteca.blanes.cat\/salajove\/wp-content\/uploads\/sites\/3\/2017\/10\/Destacat_rac\u00f3_Paula.png","contentUrl":"https:\/\/biblioteca.blanes.cat\/salajove\/wp-content\/uploads\/sites\/3\/2017\/10\/Destacat_rac\u00f3_Paula.png","width":3719,"height":2265,"caption":"Rac\u00f3 de la Paula"},{"@type":"BreadcrumbList","@id":"https:\/\/biblioteca.blanes.cat\/salajove\/2018\/02\/11\/904agatha-christie\/#breadcrumb","itemListElement":[{"@type":"ListItem","position":1,"name":"Inici","item":"https:\/\/biblioteca.blanes.cat\/salajove\/"},{"@type":"ListItem","position":2,"name":"ASESINATO EN EL ORIENT EXPRESS de Agatha Christie"}]},{"@type":"WebSite","@id":"https:\/\/biblioteca.blanes.cat\/salajove\/#website","url":"https:\/\/biblioteca.blanes.cat\/salajove\/","name":"Sala Jove","description":"Biblioteca Comarcal de Blanes","publisher":{"@id":"https:\/\/biblioteca.blanes.cat\/salajove\/#organization"},"potentialAction":[{"@type":"SearchAction","target":{"@type":"EntryPoint","urlTemplate":"https:\/\/biblioteca.blanes.cat\/salajove\/?s={search_term_string}"},"query-input":{"@type":"PropertyValueSpecification","valueRequired":true,"valueName":"search_term_string"}}],"inLanguage":"ca"},{"@type":"Organization","@id":"https:\/\/biblioteca.blanes.cat\/salajove\/#organization","name":"Biblioteca Comarcal de Blanes","url":"https:\/\/biblioteca.blanes.cat\/salajove\/","logo":{"@type":"ImageObject","inLanguage":"ca","@id":"https:\/\/biblioteca.blanes.cat\/salajove\/#\/schema\/logo\/image\/","url":"https:\/\/biblioteca.blanes.cat\/salajove\/wp-content\/uploads\/sites\/3\/2017\/09\/cropped-Bib-blau-e1518869380535.png","contentUrl":"https:\/\/biblioteca.blanes.cat\/salajove\/wp-content\/uploads\/sites\/3\/2017\/09\/cropped-Bib-blau-e1518869380535.png","width":166,"height":166,"caption":"Biblioteca Comarcal de Blanes"},"image":{"@id":"https:\/\/biblioteca.blanes.cat\/salajove\/#\/schema\/logo\/image\/"},"sameAs":["https:\/\/www.facebook.com\/BilbiotecaComarcaldeBlanes\/","https:\/\/x.com\/BiblioBlanes","https:\/\/www.instagram.com\/biblioblanes\/","https:\/\/www.pinterest.es\/bblanes\/","https:\/\/www.youtube.com\/c\/BibliotecaComarcalBlanes"]},{"@type":"Person","@id":"https:\/\/biblioteca.blanes.cat\/salajove\/#\/schema\/person\/8dbc45cdf5d1c7e2d100d147517ba7f3","name":"paula","image":{"@type":"ImageObject","inLanguage":"ca","@id":"https:\/\/secure.gravatar.com\/avatar\/7dc0a9399589f36ddc6864e8335b73854871aa22921ee390cb50776e7ddfc136?s=96&d=mm&r=g","url":"https:\/\/secure.gravatar.com\/avatar\/7dc0a9399589f36ddc6864e8335b73854871aa22921ee390cb50776e7ddfc136?s=96&d=mm&r=g","contentUrl":"https:\/\/secure.gravatar.com\/avatar\/7dc0a9399589f36ddc6864e8335b73854871aa22921ee390cb50776e7ddfc136?s=96&d=mm&r=g","caption":"paula"},"url":"https:\/\/biblioteca.blanes.cat\/salajove\/author\/paula\/"}]}},"_links":{"self":[{"href":"https:\/\/biblioteca.blanes.cat\/salajove\/wp-json\/wp\/v2\/posts\/904","targetHints":{"allow":["GET"]}}],"collection":[{"href":"https:\/\/biblioteca.blanes.cat\/salajove\/wp-json\/wp\/v2\/posts"}],"about":[{"href":"https:\/\/biblioteca.blanes.cat\/salajove\/wp-json\/wp\/v2\/types\/post"}],"author":[{"embeddable":true,"href":"https:\/\/biblioteca.blanes.cat\/salajove\/wp-json\/wp\/v2\/users\/6"}],"replies":[{"embeddable":true,"href":"https:\/\/biblioteca.blanes.cat\/salajove\/wp-json\/wp\/v2\/comments?post=904"}],"version-history":[{"count":3,"href":"https:\/\/biblioteca.blanes.cat\/salajove\/wp-json\/wp\/v2\/posts\/904\/revisions"}],"predecessor-version":[{"id":907,"href":"https:\/\/biblioteca.blanes.cat\/salajove\/wp-json\/wp\/v2\/posts\/904\/revisions\/907"}],"wp:featuredmedia":[{"embeddable":true,"href":"https:\/\/biblioteca.blanes.cat\/salajove\/wp-json\/wp\/v2\/media\/154"}],"wp:attachment":[{"href":"https:\/\/biblioteca.blanes.cat\/salajove\/wp-json\/wp\/v2\/media?parent=904"}],"wp:term":[{"taxonomy":"category","embeddable":true,"href":"https:\/\/biblioteca.blanes.cat\/salajove\/wp-json\/wp\/v2\/categories?post=904"},{"taxonomy":"post_tag","embeddable":true,"href":"https:\/\/biblioteca.blanes.cat\/salajove\/wp-json\/wp\/v2\/tags?post=904"}],"curies":[{"name":"wp","href":"https:\/\/api.w.org\/{rel}","templated":true}]}}