{"id":900,"date":"2017-05-27T13:43:00","date_gmt":"2017-05-27T12:43:00","guid":{"rendered":"https:\/\/biblioteca.blanes.cat\/salajove\/?p=900"},"modified":"2018-01-30T16:36:26","modified_gmt":"2018-01-30T15:36:26","slug":"900","status":"publish","type":"post","link":"https:\/\/biblioteca.blanes.cat\/salajove\/2017\/05\/27\/900\/","title":{"rendered":"ANNA DE LES TEULES VERDES de Lucy Maud Montgomery"},"content":{"rendered":"<h4 style=\"text-align: center\"><img fetchpriority=\"high\" decoding=\"async\" class=\"alignright\" src=\"https:\/\/imagessl7.casadellibro.com\/a\/l\/t0\/67\/9788427211667.jpg\" width=\"266\" height=\"394\" \/>Mig adormida amb les \u00faltimes clarors de la tarda, penso en els \u00faltims dies d&#8217;estiu i el cos se m&#8217;omple de tristesa i nost\u00e0lgia, intento foragitar aquests pensaments, i em concentro amb els bells colors del capvespre&#8230;\u00daltimament estic descobrint que la ultima llum del dia m&#8217;ajuda a escriure. Estirada en el meu raconet privilegiat de la terrassa la t\u00e8nue claror de l\u2019 horabaixa m&#8217;invita a reprendre el que havia deixat fa uns minuts&#8230;<\/h4>\n<p>Les dones escriptores, com la Lucy Maud Montgomery, tenen alguna cosa que m\u2019atrapa. Llegint sobre la Lucy Maud Montgomery he descobert que \u00e9s un escriptora canadenca nascuda l&#8217;any 1898 . \u00c9s coneguda arreu del m\u00f3n per la s\u00e8rie de novel\u00b7les que narren la vida de Anna Shirley. Va escriure una saga de 8 llibres i aquest n&#8217;\u00e9s el primer amb l\u2019Anna nena i adolescent, i l\u2019\u00faltim acaba amb l\u2019Anna ja madura. La Maud \u00e9s una de les escriptores m\u00e9s conegudes de Canad\u00e0.<\/p>\n<p>El concurs Biblioestiu que organitzen totes les biblioteques de Catalunya per les vacances d&#8217;estiu m\u2019ha fet descobrir aquesta saga de llibres. Us parlar\u00e9 d\u2019aquest fant\u00e0stic concurs en un altre moment, que ara no vull perdre el fil&#8230;<\/p>\n<h3 style=\"text-align: center\">Si us agrada les descripcions i sentir-vos rodejats del paisatge aquest llibre us agradar\u00e0.<\/h3>\n<p>El moment en que l\u2019Anna arriba a l&#8217;illa del Pr\u00edncep Eduard per primer cop, tot el que els ulls de l&#8217;Anna veuen est\u00e0 escrit amb tant detall i tanta particularitat, que ens fa experimentar milions de sensacions. Per a mi el moment m\u00e9s especial \u00e9s quan veu per primer cop Teules Verdes&#8230;<\/p>\n<p>El primer llibre ens endinsa en les entremaliades aventures de la nostre xerraire i encantadora protagonista pel-roja Anna Shirley . Orfe de pares, per casualitat del dest\u00ed, l&#8217;Anna va a parar a la Casa de les Teules Verdes i entra a la vida de Marilla i Matthew. Amb els seus riures i els seus plors tot el que els envolta canviar\u00e0 de color. Per arribar al seu dest\u00ed Anna viatja de l\u2019orfenat a l&#8217;Illa del Pr\u00edncep Eduard, \u00e9s una prov\u00edncia canadenca, a prop de la ciutat Moncton, situada a l&#8217;oce\u00e0 Atl\u00e0ntic.<br \/>\n All\u00e0 es fa amiga \u00edntima de la seva ve\u00efna, Diana, amb qui juga i estima fins al final de la saga i comen\u00e7a la contradict\u00f2ria relaci\u00f3 amb en Gilbert. El que ning\u00fa s&#8217;espera \u00e9s que tot aquell petit poble solitari i apartat far\u00e0 un gir de 360 graus, amb la immensa imaginaci\u00f3 i la gran vivacitat que fa que l&#8217;Anna ens enamori nom\u00e9s sentir-la.<\/p>\n<p>Com ja sabeu, els que em seguiu, m&#8217;agrada quedar-me amb petits bocinets del llibre que he llegit, en forma de frases es clar. I aqu\u00ed en teniu algunes:<\/p>\n<h4 style=\"text-align: center\"><em>&#8220;En el futur, el teu record brillar\u00e0 com una estrella en la meva solit\u00e0ria vida.&#8221;<\/em><\/h4>\n<h4 style=\"text-align: center\"><em>&#8220;La meva vida \u00e9s un cementiri de esperances enterrades&#8221;<\/em><\/h4>\n<h4 style=\"text-align: center\"><em>&#8220;Qui fa coses belles \u00e9s bell.&#8221;<\/em><\/h4>\n<h4 style=\"text-align: center\"><em>&#8220;Si vost\u00e8 fos p\u00e8l-roja veuria que \u00e9s m\u00e9s f\u00e0cil ser dolenta que bona.&#8221;<\/em><\/h4>\n<p>I a continuaci\u00f3 un exemple de la fant\u00e0stica personalitat de l\u2019Anna que m\u2019ha enamorat:<\/p>\n<h4 style=\"text-align: center\"><em>\u201c\u00bfC\u00f3mo se llama el geranio del alfeizar de la ventana? &#8211; Es un geranio de olor a manzana &#8211; Oh, no me refiero a esa clase de nombre, quiero decir el nombre que le ha puesto usted \u00bfno le ha puesto un nombre? \u00bfpuedo pon\u00e9rselo yo entonces? Puedo llamarle\u2026veamos\u2026Bonny estar\u00eda bien. \u00bfPuedo llamarle Bonny mientras est\u00e9 aqu\u00ed?\u00bfPuedo? &#8211; Por Dios, no me importa \u00bfPero qu\u00e9 sentido tiene ponerle nombre a un geranio? &#8211; Oh, me gustan las cosas que tienen nombres propios, aunque sean s\u00f3lo geranios. Les hace parecer m\u00e1s como personas .\u00bfComo sabe usted que no hiere los sentimientos de un geranio el que lo llamen geranio y nada m\u00e1s? A usted no le agradar\u00eda que le llamar\u00e1n nada m\u00e1s que mujer todo el tiempo\u2026 &#8211; En mi vida he visto u o\u00eddo a nadie como ella-murmur\u00f3 Marilla\u201d * <\/em><\/h4>\n<p style=\"text-align: left\">\nI ara unes an\u00e8cdotes:<\/p>\n<p style=\"text-align: left\">*El conegut escriptor Nord-Am\u00e8rica, Mark Twain, autor de les Aventures de Tom Swayer, va dir: &lt;&gt;<\/p>\n<p>*Quan la Lucy Maud Montgomery tenia el primer llibre acabat, no trobava cap editorial que li volgu\u00e9s publicar. Fet molt ir\u00f2nic sobretot si tenim en compte que despr\u00e9s els seus llibres sobre l&#8217;Anna Shirley han estat tradu\u00efts a m\u00e9s de 20 idiomes i ha venut m\u00e9s de 50 milions de llibres arreu del m\u00f3n<\/p>\n<p>*Segons el que he llegit de la biografia de l&#8217;autora la seva vida es va semblar a la vida de la protagonista dels seus llibres, Anna Shirley.<\/p>\n<p>*L&#8217;autora passava llargues hores escrivint acompanyada del seu gat Duffy, al qui llegia els seus manuscrits i amb el qui compartia els seus deliris. Fins i tot sovint signava els seus textos amb el seu nom i hi dibuixava un petit gatet al costat.<\/p>\n<p>*L\u2019hist\u00f2ria de l\u2019Anna Shirley ha inspirat un munt de pel\u00b7l\u00edcules, series d\u2019animaci\u00f3 i series reals, i fins i tot obres de teatre i musicals. En el proper 2017 s\u2019estrenar\u00e0 una nova s\u00e8rie de TV basada en els llibres de la Maud.<\/p>\n<p>B\u00e9, lentament m\u2019allunyo de Teules Verdes, de Avonlea, de l\u2019illa del Princep Eduard i torno a la terrassa, per\u00f2 no estic sola em rodeja l\u2019aroma de la inf\u00e0ncia, jocs d\u2019infantesa, innocents entremaliadures que mai, mai haur\u00edem d\u2019oblidar.<\/p>\n","protected":false},"excerpt":{"rendered":"<p>Mig adormida amb les \u00faltimes clarors de la tarda, penso en els \u00faltims dies d&#8217;estiu i el cos se m&#8217;omple de tristesa i nost\u00e0lgia, intento foragitar aquests pensaments, i em concentro amb els bells colors del capvespre&#8230;\u00daltimament estic descobrint que<\/p>\n","protected":false},"author":6,"featured_media":154,"comment_status":"open","ping_status":"open","sticky":false,"template":"","format":"standard","meta":{"sfsi_plus_gutenberg_text_before_share":"","sfsi_plus_gutenberg_show_text_before_share":"","sfsi_plus_gutenberg_icon_type":"","sfsi_plus_gutenberg_icon_alignemt":"","sfsi_plus_gutenburg_max_per_row":"","footnotes":""},"categories":[9,11],"tags":[33,19,21,22],"class_list":["post-900","post","type-post","status-publish","format-standard","has-post-thumbnail","hentry","category-raco-de-la-paula","category-classic","tag-el-raco-de-la-paula","tag-literatura","tag-llibres","tag-ressenya"],"yoast_head":"<!-- This site is optimized with the Yoast SEO plugin v27.5 - https:\/\/yoast.com\/product\/yoast-seo-wordpress\/ -->\n<title>ANNA DE LES TEULES VERDES de Lucy Maud Montgomery - Sala Jove<\/title>\n<meta name=\"description\" content=\"Llegint sobre la Lucy Maud Montgomery he descobert que \u00e9s un escriptora canadenca nascuda l&#039;any 1898 . \u00c9s una de les escriptores m\u00e9s conegudes de Canad\u00e0.\" \/>\n<meta name=\"robots\" content=\"index, follow, max-snippet:-1, max-image-preview:large, max-video-preview:-1\" \/>\n<link rel=\"canonical\" href=\"https:\/\/biblioteca.blanes.cat\/salajove\/2017\/05\/27\/900\/\" \/>\n<meta property=\"og:locale\" content=\"ca_ES\" \/>\n<meta property=\"og:type\" content=\"article\" \/>\n<meta property=\"og:title\" content=\"ANNA DE LES TEULES VERDES de Lucy Maud Montgomery - Sala Jove\" \/>\n<meta property=\"og:description\" content=\"Llegint sobre la Lucy Maud Montgomery he descobert que \u00e9s un escriptora canadenca nascuda l&#039;any 1898 . \u00c9s una de les escriptores m\u00e9s conegudes de Canad\u00e0.\" \/>\n<meta property=\"og:url\" content=\"https:\/\/biblioteca.blanes.cat\/salajove\/2017\/05\/27\/900\/\" \/>\n<meta property=\"og:site_name\" content=\"Sala Jove\" \/>\n<meta property=\"article:publisher\" content=\"https:\/\/www.facebook.com\/BilbiotecaComarcaldeBlanes\/\" \/>\n<meta property=\"article:published_time\" content=\"2017-05-27T12:43:00+00:00\" \/>\n<meta property=\"article:modified_time\" content=\"2018-01-30T15:36:26+00:00\" \/>\n<meta property=\"og:image\" content=\"https:\/\/biblioteca.blanes.cat\/salajove\/wp-content\/uploads\/sites\/3\/2017\/10\/Destacat_rac\u00f3_Paula.png\" \/>\n\t<meta property=\"og:image:width\" content=\"3719\" \/>\n\t<meta property=\"og:image:height\" content=\"2265\" \/>\n\t<meta property=\"og:image:type\" content=\"image\/png\" \/>\n<meta name=\"author\" content=\"paula\" \/>\n<meta name=\"twitter:card\" content=\"summary_large_image\" \/>\n<meta name=\"twitter:creator\" content=\"@BiblioBlanes\" \/>\n<meta name=\"twitter:site\" content=\"@BiblioBlanes\" \/>\n<meta name=\"twitter:label1\" content=\"Escrit per\" \/>\n\t<meta name=\"twitter:data1\" content=\"paula\" \/>\n\t<meta name=\"twitter:label2\" content=\"Temps estimat de lectura\" \/>\n\t<meta name=\"twitter:data2\" content=\"5 minuts\" \/>\n<script type=\"application\/ld+json\" class=\"yoast-schema-graph\">{\"@context\":\"https:\\\/\\\/schema.org\",\"@graph\":[{\"@type\":\"Article\",\"@id\":\"https:\\\/\\\/biblioteca.blanes.cat\\\/salajove\\\/2017\\\/05\\\/27\\\/900\\\/#article\",\"isPartOf\":{\"@id\":\"https:\\\/\\\/biblioteca.blanes.cat\\\/salajove\\\/2017\\\/05\\\/27\\\/900\\\/\"},\"author\":{\"name\":\"paula\",\"@id\":\"https:\\\/\\\/biblioteca.blanes.cat\\\/salajove\\\/#\\\/schema\\\/person\\\/8dbc45cdf5d1c7e2d100d147517ba7f3\"},\"headline\":\"ANNA DE LES TEULES VERDES de Lucy Maud Montgomery\",\"datePublished\":\"2017-05-27T12:43:00+00:00\",\"dateModified\":\"2018-01-30T15:36:26+00:00\",\"mainEntityOfPage\":{\"@id\":\"https:\\\/\\\/biblioteca.blanes.cat\\\/salajove\\\/2017\\\/05\\\/27\\\/900\\\/\"},\"wordCount\":949,\"commentCount\":0,\"publisher\":{\"@id\":\"https:\\\/\\\/biblioteca.blanes.cat\\\/salajove\\\/#organization\"},\"image\":{\"@id\":\"https:\\\/\\\/biblioteca.blanes.cat\\\/salajove\\\/2017\\\/05\\\/27\\\/900\\\/#primaryimage\"},\"thumbnailUrl\":\"https:\\\/\\\/biblioteca.blanes.cat\\\/salajove\\\/wp-content\\\/uploads\\\/sites\\\/3\\\/2017\\\/10\\\/Destacat_rac\u00f3_Paula.png\",\"keywords\":[\"#ElRac\u00f3delaPaula\",\"#Literatura\",\"#Llibres\",\"#Ressenya\"],\"articleSection\":[\"Rac\u00f3 de la Paula\",\"RP_Cl\u00e0ssic\"],\"inLanguage\":\"ca\",\"potentialAction\":[{\"@type\":\"CommentAction\",\"name\":\"Comment\",\"target\":[\"https:\\\/\\\/biblioteca.blanes.cat\\\/salajove\\\/2017\\\/05\\\/27\\\/900\\\/#respond\"]}]},{\"@type\":\"WebPage\",\"@id\":\"https:\\\/\\\/biblioteca.blanes.cat\\\/salajove\\\/2017\\\/05\\\/27\\\/900\\\/\",\"url\":\"https:\\\/\\\/biblioteca.blanes.cat\\\/salajove\\\/2017\\\/05\\\/27\\\/900\\\/\",\"name\":\"ANNA DE LES TEULES VERDES de Lucy Maud Montgomery - Sala Jove\",\"isPartOf\":{\"@id\":\"https:\\\/\\\/biblioteca.blanes.cat\\\/salajove\\\/#website\"},\"primaryImageOfPage\":{\"@id\":\"https:\\\/\\\/biblioteca.blanes.cat\\\/salajove\\\/2017\\\/05\\\/27\\\/900\\\/#primaryimage\"},\"image\":{\"@id\":\"https:\\\/\\\/biblioteca.blanes.cat\\\/salajove\\\/2017\\\/05\\\/27\\\/900\\\/#primaryimage\"},\"thumbnailUrl\":\"https:\\\/\\\/biblioteca.blanes.cat\\\/salajove\\\/wp-content\\\/uploads\\\/sites\\\/3\\\/2017\\\/10\\\/Destacat_rac\u00f3_Paula.png\",\"datePublished\":\"2017-05-27T12:43:00+00:00\",\"dateModified\":\"2018-01-30T15:36:26+00:00\",\"description\":\"Llegint sobre la Lucy Maud Montgomery he descobert que \u00e9s un escriptora canadenca nascuda l'any 1898 . \u00c9s una de les escriptores m\u00e9s conegudes de Canad\u00e0.\",\"breadcrumb\":{\"@id\":\"https:\\\/\\\/biblioteca.blanes.cat\\\/salajove\\\/2017\\\/05\\\/27\\\/900\\\/#breadcrumb\"},\"inLanguage\":\"ca\",\"potentialAction\":[{\"@type\":\"ReadAction\",\"target\":[\"https:\\\/\\\/biblioteca.blanes.cat\\\/salajove\\\/2017\\\/05\\\/27\\\/900\\\/\"]}]},{\"@type\":\"ImageObject\",\"inLanguage\":\"ca\",\"@id\":\"https:\\\/\\\/biblioteca.blanes.cat\\\/salajove\\\/2017\\\/05\\\/27\\\/900\\\/#primaryimage\",\"url\":\"https:\\\/\\\/biblioteca.blanes.cat\\\/salajove\\\/wp-content\\\/uploads\\\/sites\\\/3\\\/2017\\\/10\\\/Destacat_rac\u00f3_Paula.png\",\"contentUrl\":\"https:\\\/\\\/biblioteca.blanes.cat\\\/salajove\\\/wp-content\\\/uploads\\\/sites\\\/3\\\/2017\\\/10\\\/Destacat_rac\u00f3_Paula.png\",\"width\":3719,\"height\":2265,\"caption\":\"Rac\u00f3 de la Paula\"},{\"@type\":\"BreadcrumbList\",\"@id\":\"https:\\\/\\\/biblioteca.blanes.cat\\\/salajove\\\/2017\\\/05\\\/27\\\/900\\\/#breadcrumb\",\"itemListElement\":[{\"@type\":\"ListItem\",\"position\":1,\"name\":\"Inici\",\"item\":\"https:\\\/\\\/biblioteca.blanes.cat\\\/salajove\\\/\"},{\"@type\":\"ListItem\",\"position\":2,\"name\":\"ANNA DE LES TEULES VERDES de Lucy Maud Montgomery\"}]},{\"@type\":\"WebSite\",\"@id\":\"https:\\\/\\\/biblioteca.blanes.cat\\\/salajove\\\/#website\",\"url\":\"https:\\\/\\\/biblioteca.blanes.cat\\\/salajove\\\/\",\"name\":\"Sala Jove\",\"description\":\"Biblioteca Comarcal de Blanes\",\"publisher\":{\"@id\":\"https:\\\/\\\/biblioteca.blanes.cat\\\/salajove\\\/#organization\"},\"potentialAction\":[{\"@type\":\"SearchAction\",\"target\":{\"@type\":\"EntryPoint\",\"urlTemplate\":\"https:\\\/\\\/biblioteca.blanes.cat\\\/salajove\\\/?s={search_term_string}\"},\"query-input\":{\"@type\":\"PropertyValueSpecification\",\"valueRequired\":true,\"valueName\":\"search_term_string\"}}],\"inLanguage\":\"ca\"},{\"@type\":\"Organization\",\"@id\":\"https:\\\/\\\/biblioteca.blanes.cat\\\/salajove\\\/#organization\",\"name\":\"Biblioteca Comarcal de Blanes\",\"url\":\"https:\\\/\\\/biblioteca.blanes.cat\\\/salajove\\\/\",\"logo\":{\"@type\":\"ImageObject\",\"inLanguage\":\"ca\",\"@id\":\"https:\\\/\\\/biblioteca.blanes.cat\\\/salajove\\\/#\\\/schema\\\/logo\\\/image\\\/\",\"url\":\"https:\\\/\\\/biblioteca.blanes.cat\\\/salajove\\\/wp-content\\\/uploads\\\/sites\\\/3\\\/2017\\\/09\\\/cropped-Bib-blau-e1518869380535.png\",\"contentUrl\":\"https:\\\/\\\/biblioteca.blanes.cat\\\/salajove\\\/wp-content\\\/uploads\\\/sites\\\/3\\\/2017\\\/09\\\/cropped-Bib-blau-e1518869380535.png\",\"width\":166,\"height\":166,\"caption\":\"Biblioteca Comarcal de Blanes\"},\"image\":{\"@id\":\"https:\\\/\\\/biblioteca.blanes.cat\\\/salajove\\\/#\\\/schema\\\/logo\\\/image\\\/\"},\"sameAs\":[\"https:\\\/\\\/www.facebook.com\\\/BilbiotecaComarcaldeBlanes\\\/\",\"https:\\\/\\\/x.com\\\/BiblioBlanes\",\"https:\\\/\\\/www.instagram.com\\\/biblioblanes\\\/\",\"https:\\\/\\\/www.pinterest.es\\\/bblanes\\\/\",\"https:\\\/\\\/www.youtube.com\\\/c\\\/BibliotecaComarcalBlanes\"]},{\"@type\":\"Person\",\"@id\":\"https:\\\/\\\/biblioteca.blanes.cat\\\/salajove\\\/#\\\/schema\\\/person\\\/8dbc45cdf5d1c7e2d100d147517ba7f3\",\"name\":\"paula\",\"image\":{\"@type\":\"ImageObject\",\"inLanguage\":\"ca\",\"@id\":\"https:\\\/\\\/secure.gravatar.com\\\/avatar\\\/7dc0a9399589f36ddc6864e8335b73854871aa22921ee390cb50776e7ddfc136?s=96&d=mm&r=g\",\"url\":\"https:\\\/\\\/secure.gravatar.com\\\/avatar\\\/7dc0a9399589f36ddc6864e8335b73854871aa22921ee390cb50776e7ddfc136?s=96&d=mm&r=g\",\"contentUrl\":\"https:\\\/\\\/secure.gravatar.com\\\/avatar\\\/7dc0a9399589f36ddc6864e8335b73854871aa22921ee390cb50776e7ddfc136?s=96&d=mm&r=g\",\"caption\":\"paula\"},\"url\":\"https:\\\/\\\/biblioteca.blanes.cat\\\/salajove\\\/author\\\/paula\\\/\"}]}<\/script>\n<!-- \/ Yoast SEO plugin. -->","yoast_head_json":{"title":"ANNA DE LES TEULES VERDES de Lucy Maud Montgomery - Sala Jove","description":"Llegint sobre la Lucy Maud Montgomery he descobert que \u00e9s un escriptora canadenca nascuda l'any 1898 . \u00c9s una de les escriptores m\u00e9s conegudes de Canad\u00e0.","robots":{"index":"index","follow":"follow","max-snippet":"max-snippet:-1","max-image-preview":"max-image-preview:large","max-video-preview":"max-video-preview:-1"},"canonical":"https:\/\/biblioteca.blanes.cat\/salajove\/2017\/05\/27\/900\/","og_locale":"ca_ES","og_type":"article","og_title":"ANNA DE LES TEULES VERDES de Lucy Maud Montgomery - Sala Jove","og_description":"Llegint sobre la Lucy Maud Montgomery he descobert que \u00e9s un escriptora canadenca nascuda l'any 1898 . \u00c9s una de les escriptores m\u00e9s conegudes de Canad\u00e0.","og_url":"https:\/\/biblioteca.blanes.cat\/salajove\/2017\/05\/27\/900\/","og_site_name":"Sala Jove","article_publisher":"https:\/\/www.facebook.com\/BilbiotecaComarcaldeBlanes\/","article_published_time":"2017-05-27T12:43:00+00:00","article_modified_time":"2018-01-30T15:36:26+00:00","og_image":[{"width":3719,"height":2265,"url":"https:\/\/biblioteca.blanes.cat\/salajove\/wp-content\/uploads\/sites\/3\/2017\/10\/Destacat_rac\u00f3_Paula.png","type":"image\/png"}],"author":"paula","twitter_card":"summary_large_image","twitter_creator":"@BiblioBlanes","twitter_site":"@BiblioBlanes","twitter_misc":{"Escrit per":"paula","Temps estimat de lectura":"5 minuts"},"schema":{"@context":"https:\/\/schema.org","@graph":[{"@type":"Article","@id":"https:\/\/biblioteca.blanes.cat\/salajove\/2017\/05\/27\/900\/#article","isPartOf":{"@id":"https:\/\/biblioteca.blanes.cat\/salajove\/2017\/05\/27\/900\/"},"author":{"name":"paula","@id":"https:\/\/biblioteca.blanes.cat\/salajove\/#\/schema\/person\/8dbc45cdf5d1c7e2d100d147517ba7f3"},"headline":"ANNA DE LES TEULES VERDES de Lucy Maud Montgomery","datePublished":"2017-05-27T12:43:00+00:00","dateModified":"2018-01-30T15:36:26+00:00","mainEntityOfPage":{"@id":"https:\/\/biblioteca.blanes.cat\/salajove\/2017\/05\/27\/900\/"},"wordCount":949,"commentCount":0,"publisher":{"@id":"https:\/\/biblioteca.blanes.cat\/salajove\/#organization"},"image":{"@id":"https:\/\/biblioteca.blanes.cat\/salajove\/2017\/05\/27\/900\/#primaryimage"},"thumbnailUrl":"https:\/\/biblioteca.blanes.cat\/salajove\/wp-content\/uploads\/sites\/3\/2017\/10\/Destacat_rac\u00f3_Paula.png","keywords":["#ElRac\u00f3delaPaula","#Literatura","#Llibres","#Ressenya"],"articleSection":["Rac\u00f3 de la Paula","RP_Cl\u00e0ssic"],"inLanguage":"ca","potentialAction":[{"@type":"CommentAction","name":"Comment","target":["https:\/\/biblioteca.blanes.cat\/salajove\/2017\/05\/27\/900\/#respond"]}]},{"@type":"WebPage","@id":"https:\/\/biblioteca.blanes.cat\/salajove\/2017\/05\/27\/900\/","url":"https:\/\/biblioteca.blanes.cat\/salajove\/2017\/05\/27\/900\/","name":"ANNA DE LES TEULES VERDES de Lucy Maud Montgomery - Sala Jove","isPartOf":{"@id":"https:\/\/biblioteca.blanes.cat\/salajove\/#website"},"primaryImageOfPage":{"@id":"https:\/\/biblioteca.blanes.cat\/salajove\/2017\/05\/27\/900\/#primaryimage"},"image":{"@id":"https:\/\/biblioteca.blanes.cat\/salajove\/2017\/05\/27\/900\/#primaryimage"},"thumbnailUrl":"https:\/\/biblioteca.blanes.cat\/salajove\/wp-content\/uploads\/sites\/3\/2017\/10\/Destacat_rac\u00f3_Paula.png","datePublished":"2017-05-27T12:43:00+00:00","dateModified":"2018-01-30T15:36:26+00:00","description":"Llegint sobre la Lucy Maud Montgomery he descobert que \u00e9s un escriptora canadenca nascuda l'any 1898 . \u00c9s una de les escriptores m\u00e9s conegudes de Canad\u00e0.","breadcrumb":{"@id":"https:\/\/biblioteca.blanes.cat\/salajove\/2017\/05\/27\/900\/#breadcrumb"},"inLanguage":"ca","potentialAction":[{"@type":"ReadAction","target":["https:\/\/biblioteca.blanes.cat\/salajove\/2017\/05\/27\/900\/"]}]},{"@type":"ImageObject","inLanguage":"ca","@id":"https:\/\/biblioteca.blanes.cat\/salajove\/2017\/05\/27\/900\/#primaryimage","url":"https:\/\/biblioteca.blanes.cat\/salajove\/wp-content\/uploads\/sites\/3\/2017\/10\/Destacat_rac\u00f3_Paula.png","contentUrl":"https:\/\/biblioteca.blanes.cat\/salajove\/wp-content\/uploads\/sites\/3\/2017\/10\/Destacat_rac\u00f3_Paula.png","width":3719,"height":2265,"caption":"Rac\u00f3 de la Paula"},{"@type":"BreadcrumbList","@id":"https:\/\/biblioteca.blanes.cat\/salajove\/2017\/05\/27\/900\/#breadcrumb","itemListElement":[{"@type":"ListItem","position":1,"name":"Inici","item":"https:\/\/biblioteca.blanes.cat\/salajove\/"},{"@type":"ListItem","position":2,"name":"ANNA DE LES TEULES VERDES de Lucy Maud Montgomery"}]},{"@type":"WebSite","@id":"https:\/\/biblioteca.blanes.cat\/salajove\/#website","url":"https:\/\/biblioteca.blanes.cat\/salajove\/","name":"Sala Jove","description":"Biblioteca Comarcal de Blanes","publisher":{"@id":"https:\/\/biblioteca.blanes.cat\/salajove\/#organization"},"potentialAction":[{"@type":"SearchAction","target":{"@type":"EntryPoint","urlTemplate":"https:\/\/biblioteca.blanes.cat\/salajove\/?s={search_term_string}"},"query-input":{"@type":"PropertyValueSpecification","valueRequired":true,"valueName":"search_term_string"}}],"inLanguage":"ca"},{"@type":"Organization","@id":"https:\/\/biblioteca.blanes.cat\/salajove\/#organization","name":"Biblioteca Comarcal de Blanes","url":"https:\/\/biblioteca.blanes.cat\/salajove\/","logo":{"@type":"ImageObject","inLanguage":"ca","@id":"https:\/\/biblioteca.blanes.cat\/salajove\/#\/schema\/logo\/image\/","url":"https:\/\/biblioteca.blanes.cat\/salajove\/wp-content\/uploads\/sites\/3\/2017\/09\/cropped-Bib-blau-e1518869380535.png","contentUrl":"https:\/\/biblioteca.blanes.cat\/salajove\/wp-content\/uploads\/sites\/3\/2017\/09\/cropped-Bib-blau-e1518869380535.png","width":166,"height":166,"caption":"Biblioteca Comarcal de Blanes"},"image":{"@id":"https:\/\/biblioteca.blanes.cat\/salajove\/#\/schema\/logo\/image\/"},"sameAs":["https:\/\/www.facebook.com\/BilbiotecaComarcaldeBlanes\/","https:\/\/x.com\/BiblioBlanes","https:\/\/www.instagram.com\/biblioblanes\/","https:\/\/www.pinterest.es\/bblanes\/","https:\/\/www.youtube.com\/c\/BibliotecaComarcalBlanes"]},{"@type":"Person","@id":"https:\/\/biblioteca.blanes.cat\/salajove\/#\/schema\/person\/8dbc45cdf5d1c7e2d100d147517ba7f3","name":"paula","image":{"@type":"ImageObject","inLanguage":"ca","@id":"https:\/\/secure.gravatar.com\/avatar\/7dc0a9399589f36ddc6864e8335b73854871aa22921ee390cb50776e7ddfc136?s=96&d=mm&r=g","url":"https:\/\/secure.gravatar.com\/avatar\/7dc0a9399589f36ddc6864e8335b73854871aa22921ee390cb50776e7ddfc136?s=96&d=mm&r=g","contentUrl":"https:\/\/secure.gravatar.com\/avatar\/7dc0a9399589f36ddc6864e8335b73854871aa22921ee390cb50776e7ddfc136?s=96&d=mm&r=g","caption":"paula"},"url":"https:\/\/biblioteca.blanes.cat\/salajove\/author\/paula\/"}]}},"_links":{"self":[{"href":"https:\/\/biblioteca.blanes.cat\/salajove\/wp-json\/wp\/v2\/posts\/900","targetHints":{"allow":["GET"]}}],"collection":[{"href":"https:\/\/biblioteca.blanes.cat\/salajove\/wp-json\/wp\/v2\/posts"}],"about":[{"href":"https:\/\/biblioteca.blanes.cat\/salajove\/wp-json\/wp\/v2\/types\/post"}],"author":[{"embeddable":true,"href":"https:\/\/biblioteca.blanes.cat\/salajove\/wp-json\/wp\/v2\/users\/6"}],"replies":[{"embeddable":true,"href":"https:\/\/biblioteca.blanes.cat\/salajove\/wp-json\/wp\/v2\/comments?post=900"}],"version-history":[{"count":3,"href":"https:\/\/biblioteca.blanes.cat\/salajove\/wp-json\/wp\/v2\/posts\/900\/revisions"}],"predecessor-version":[{"id":903,"href":"https:\/\/biblioteca.blanes.cat\/salajove\/wp-json\/wp\/v2\/posts\/900\/revisions\/903"}],"wp:featuredmedia":[{"embeddable":true,"href":"https:\/\/biblioteca.blanes.cat\/salajove\/wp-json\/wp\/v2\/media\/154"}],"wp:attachment":[{"href":"https:\/\/biblioteca.blanes.cat\/salajove\/wp-json\/wp\/v2\/media?parent=900"}],"wp:term":[{"taxonomy":"category","embeddable":true,"href":"https:\/\/biblioteca.blanes.cat\/salajove\/wp-json\/wp\/v2\/categories?post=900"},{"taxonomy":"post_tag","embeddable":true,"href":"https:\/\/biblioteca.blanes.cat\/salajove\/wp-json\/wp\/v2\/tags?post=900"}],"curies":[{"name":"wp","href":"https:\/\/api.w.org\/{rel}","templated":true}]}}