{"id":90,"date":"2017-10-02T13:03:56","date_gmt":"2017-10-02T12:03:56","guid":{"rendered":"https:\/\/biblioteca.blanes.cat\/salajove\/?p=90"},"modified":"2018-11-09T18:54:47","modified_gmt":"2018-11-09T17:54:47","slug":"besties-fantastiques","status":"publish","type":"post","link":"https:\/\/biblioteca.blanes.cat\/salajove\/2017\/10\/02\/besties-fantastiques\/","title":{"rendered":"B\u00c8STIES FANT\u00c0STIQUES I ON TROBAR-LES (El gui\u00f3 original) de J.K. ROWLING"},"content":{"rendered":"<h2 style=\"text-align: center;\">Encetem el curs amb la primera trobada del Club de Lectura<\/h2>\n<p dir=\"ltr\" style=\"text-align: justify;\"><span style=\"font-family: Montserrat; font-size: 16px;\"><span style=\"line-height: 150%; text-align: justify;\"> El proper <\/span><span style=\"text-align: center;\">Divendres 29 de Setembre a les 5h. de la tarda.\u00a0<\/span><span style=\"line-height: 23px;\">Comentarem el llibre\u00a0<\/span><span style=\"text-align: justify;\">B\u00e8sties fant\u00e0stiques i on trobar-les (El gui\u00f3 original) de J.K. Rowling.<\/span><\/span><\/p>\n<p>&nbsp;<\/p>\n<div dir=\"ltr\" style=\"text-align: justify;\">\n<div class=\"separator\" style=\"clear: both; text-align: center;\"><span style=\"font-family: Montserrat; font-size: 16px;\">\u00a0<\/span><\/div>\n<p style=\"text-align: center;\"><span style=\"font-family: Montserrat; font-size: 16px;\"><a href=\"https:\/\/4.bp.blogspot.com\/-nOUJ2Yz39Do\/Wal36RKHPfI\/AAAAAAAALs8\/rAhcraXUVSIWQFYJqoJp2xGCZepEOmH_wCLcBGAs\/s1600\/Punt%2BSetembre.png\"><img fetchpriority=\"high\" decoding=\"async\" class=\"alignnone\" src=\"https:\/\/4.bp.blogspot.com\/-nOUJ2Yz39Do\/Wal36RKHPfI\/AAAAAAAALs8\/rAhcraXUVSIWQFYJqoJp2xGCZepEOmH_wCLcBGAs\/s400\/Punt%2BSetembre.png\" alt=\"B\u00e8sties fant\u00e0stiques\" width=\"130\" height=\"400\" border=\"0\" data-original-height=\"1161\" data-original-width=\"377\" \/><\/a>\u00a0\u00a0 <a href=\"https:\/\/2.bp.blogspot.com\/-T3Q3VsmgHqk\/WYwgggnG-_I\/AAAAAAAALis\/V8uPTyLYHWo8YAkw-7qUwUVD125NhvknQCPcBGAYYCw\/s1600\/B%25C3%25A8sties%2BFant%25C3%25A0stiques%2Bi%2Bon%2BTrobar-les.jpg\"><img decoding=\"async\" class=\"alignnone\" src=\"https:\/\/2.bp.blogspot.com\/-T3Q3VsmgHqk\/WYwgggnG-_I\/AAAAAAAALis\/V8uPTyLYHWo8YAkw-7qUwUVD125NhvknQCPcBGAYYCw\/s400\/B%25C3%25A8sties%2BFant%25C3%25A0stiques%2Bi%2Bon%2BTrobar-les.jpg\" alt=\"B\u00e8sties fant\u00e0stiques\" width=\"262\" height=\"400\" border=\"0\" data-original-height=\"1600\" data-original-width=\"1050\" \/><\/a><\/span><\/p>\n<div class=\"MsoNormal\" style=\"text-align: left;\">\n<div><span style=\"font-family: Montserrat; font-size: 16px;\">\u00a0<\/span><\/div>\n<h2 style=\"text-align: left;\"><span style=\"color: #ff6600;\">Sinopsi:<\/span><\/h2>\n<div class=\"MsoNormal\" style=\"text-align: justify;\"><span style=\"font-family: Montserrat; font-size: 16px; line-height: 150%; text-align: justify;\">L\u2019explorador i magizo\u00f2leg Newt Scamander tot just ha acabat de fer la volta al m\u00f3n cercant les criatures m\u00e0giques m\u00e9s rares i extraordin\u00e0ries. Quan arriba a Nova York, pret\u00e9n fer una breu parada en el cam\u00ed, per\u00f2 quan la seva maleta m\u00e0gica desapareix i algunes de les b\u00e8sties fant\u00e0stiques que hi duia s\u2019escapen per la ciutat, comencen els problemes\u2026 J.K. Rowling, autora de la s\u00e8rie supervendes de Harry Potter, aclamada internacionalment, s\u2019estrena com a guionista amb B\u00e8sties fant\u00e0stiques i on trobar-les, que arriba a les nostres pantalles protagonitzada per Eddie<br \/>\n Redmayne \u2013guanyador d\u2019un premi de l\u2019Acad\u00e8mia\u2013 en el paper de Newt Scamander.<br \/>\n Ambientada cinquanta anys abans que comenci la hist\u00f2ria d\u2019en Harry, i amb un repartiment de personatges excepcional, aquesta hist\u00f2ria d\u2019amistat, m\u00e0gia i caos \u00e9s una espl\u00e8ndida narraci\u00f3 \u00e8pica plena d\u2019aventures.<\/span><\/div>\n<p>&nbsp;<\/p>\n<div class=\"MsoNormal\">\u00a0<\/div>\n<div class=\"separator\" style=\"clear: both; text-align: center;\">\u00a0<\/div>\n<div class=\"separator\" style=\"clear: both; text-align: center;\">\u00a0<\/div>\n<div style=\"text-align: center;\"><iframe src=\"https:\/\/www.youtube.com\/embed\/VYZ3U1inHA4\" width=\"560\" height=\"315\" frameborder=\"0\" allowfullscreen=\"allowfullscreen\"><\/iframe><\/div>\n<\/div>\n<\/div>\n","protected":false},"excerpt":{"rendered":"<p>Encetem el curs amb la primera trobada del Club de Lectura El proper Divendres 29 de Setembre a les 5h. de la tarda.\u00a0Comentarem el llibre\u00a0B\u00e8sties fant\u00e0stiques i on trobar-les (El gui\u00f3 original) de J.K. Rowling. &nbsp; \u00a0 \u00a0\u00a0 \u00a0 Sinopsi:<\/p>\n","protected":false},"author":4,"featured_media":96,"comment_status":"open","ping_status":"open","sticky":false,"template":"","format":"standard","meta":{"sfsi_plus_gutenberg_text_before_share":"","sfsi_plus_gutenberg_show_text_before_share":"","sfsi_plus_gutenberg_icon_type":"","sfsi_plus_gutenberg_icon_alignemt":"","sfsi_plus_gutenburg_max_per_row":"","footnotes":""},"categories":[5],"tags":[19,21,23],"class_list":["post-90","post","type-post","status-publish","format-standard","has-post-thumbnail","hentry","category-club-de-lectura","tag-literatura","tag-llibres","tag-sinopsi"],"yoast_head":"<!-- This site is optimized with the Yoast SEO plugin v27.5 - https:\/\/yoast.com\/product\/yoast-seo-wordpress\/ -->\n<title>La primera trobada del Club de Lectura Jove el proper divendres 29 de set.<\/title>\n<meta name=\"description\" content=\"La primera trobada del Club de Lectura Jove el proper divendres 29 de set. Comentarem el llibre B\u00e8sties fant\u00e0stiques i on trobar-les ...\" \/>\n<meta name=\"robots\" content=\"index, follow, max-snippet:-1, max-image-preview:large, max-video-preview:-1\" \/>\n<link rel=\"canonical\" href=\"https:\/\/biblioteca.blanes.cat\/salajove\/2017\/10\/02\/besties-fantastiques\/\" \/>\n<meta property=\"og:locale\" content=\"ca_ES\" \/>\n<meta property=\"og:type\" content=\"article\" \/>\n<meta property=\"og:title\" content=\"La primera trobada del Club de Lectura Jove el proper divendres 29 de set.\" \/>\n<meta property=\"og:description\" content=\"La primera trobada del Club de Lectura Jove el proper divendres 29 de set. Comentarem el llibre B\u00e8sties fant\u00e0stiques i on trobar-les ...\" \/>\n<meta property=\"og:url\" content=\"https:\/\/biblioteca.blanes.cat\/salajove\/2017\/10\/02\/besties-fantastiques\/\" \/>\n<meta property=\"og:site_name\" content=\"Sala Jove\" \/>\n<meta property=\"article:publisher\" content=\"https:\/\/www.facebook.com\/BilbiotecaComarcaldeBlanes\/\" \/>\n<meta property=\"article:published_time\" content=\"2017-10-02T12:03:56+00:00\" \/>\n<meta property=\"article:modified_time\" content=\"2018-11-09T17:54:47+00:00\" \/>\n<meta property=\"og:image\" content=\"https:\/\/biblioteca.blanes.cat\/salajove\/wp-content\/uploads\/sites\/3\/2017\/09\/besties-fant\u00e0stiques.jpg\" \/>\n\t<meta property=\"og:image:width\" content=\"2000\" \/>\n\t<meta property=\"og:image:height\" content=\"3048\" \/>\n\t<meta property=\"og:image:type\" content=\"image\/jpeg\" \/>\n<meta name=\"author\" content=\"biblioblanes\" \/>\n<meta name=\"twitter:card\" content=\"summary_large_image\" \/>\n<meta name=\"twitter:creator\" content=\"@biblioblanes\" \/>\n<meta name=\"twitter:site\" content=\"@BiblioBlanes\" \/>\n<meta name=\"twitter:label1\" content=\"Escrit per\" \/>\n\t<meta name=\"twitter:data1\" content=\"biblioblanes\" \/>\n\t<meta name=\"twitter:label2\" content=\"Temps estimat de lectura\" \/>\n\t<meta name=\"twitter:data2\" content=\"1 minut\" \/>\n<script type=\"application\/ld+json\" class=\"yoast-schema-graph\">{\"@context\":\"https:\\\/\\\/schema.org\",\"@graph\":[{\"@type\":\"Article\",\"@id\":\"https:\\\/\\\/biblioteca.blanes.cat\\\/salajove\\\/2017\\\/10\\\/02\\\/besties-fantastiques\\\/#article\",\"isPartOf\":{\"@id\":\"https:\\\/\\\/biblioteca.blanes.cat\\\/salajove\\\/2017\\\/10\\\/02\\\/besties-fantastiques\\\/\"},\"author\":{\"name\":\"biblioblanes\",\"@id\":\"https:\\\/\\\/biblioteca.blanes.cat\\\/salajove\\\/#\\\/schema\\\/person\\\/5a7b46760d9dd611d098bbf571a341dc\"},\"headline\":\"B\u00c8STIES FANT\u00c0STIQUES I ON TROBAR-LES (El gui\u00f3 original) de J.K. ROWLING\",\"datePublished\":\"2017-10-02T12:03:56+00:00\",\"dateModified\":\"2018-11-09T17:54:47+00:00\",\"mainEntityOfPage\":{\"@id\":\"https:\\\/\\\/biblioteca.blanes.cat\\\/salajove\\\/2017\\\/10\\\/02\\\/besties-fantastiques\\\/\"},\"wordCount\":214,\"commentCount\":0,\"publisher\":{\"@id\":\"https:\\\/\\\/biblioteca.blanes.cat\\\/salajove\\\/#organization\"},\"image\":{\"@id\":\"https:\\\/\\\/biblioteca.blanes.cat\\\/salajove\\\/2017\\\/10\\\/02\\\/besties-fantastiques\\\/#primaryimage\"},\"thumbnailUrl\":\"https:\\\/\\\/biblioteca.blanes.cat\\\/salajove\\\/wp-content\\\/uploads\\\/sites\\\/3\\\/2017\\\/09\\\/besties-fant\u00e0stiques.jpg\",\"keywords\":[\"#Literatura\",\"#Llibres\",\"#Sinopsi\"],\"articleSection\":[\"Club de Lectura\"],\"inLanguage\":\"ca\",\"potentialAction\":[{\"@type\":\"CommentAction\",\"name\":\"Comment\",\"target\":[\"https:\\\/\\\/biblioteca.blanes.cat\\\/salajove\\\/2017\\\/10\\\/02\\\/besties-fantastiques\\\/#respond\"]}]},{\"@type\":\"WebPage\",\"@id\":\"https:\\\/\\\/biblioteca.blanes.cat\\\/salajove\\\/2017\\\/10\\\/02\\\/besties-fantastiques\\\/\",\"url\":\"https:\\\/\\\/biblioteca.blanes.cat\\\/salajove\\\/2017\\\/10\\\/02\\\/besties-fantastiques\\\/\",\"name\":\"La primera trobada del Club de Lectura Jove el proper divendres 29 de set.\",\"isPartOf\":{\"@id\":\"https:\\\/\\\/biblioteca.blanes.cat\\\/salajove\\\/#website\"},\"primaryImageOfPage\":{\"@id\":\"https:\\\/\\\/biblioteca.blanes.cat\\\/salajove\\\/2017\\\/10\\\/02\\\/besties-fantastiques\\\/#primaryimage\"},\"image\":{\"@id\":\"https:\\\/\\\/biblioteca.blanes.cat\\\/salajove\\\/2017\\\/10\\\/02\\\/besties-fantastiques\\\/#primaryimage\"},\"thumbnailUrl\":\"https:\\\/\\\/biblioteca.blanes.cat\\\/salajove\\\/wp-content\\\/uploads\\\/sites\\\/3\\\/2017\\\/09\\\/besties-fant\u00e0stiques.jpg\",\"datePublished\":\"2017-10-02T12:03:56+00:00\",\"dateModified\":\"2018-11-09T17:54:47+00:00\",\"description\":\"La primera trobada del Club de Lectura Jove el proper divendres 29 de set. Comentarem el llibre B\u00e8sties fant\u00e0stiques i on trobar-les ...\",\"breadcrumb\":{\"@id\":\"https:\\\/\\\/biblioteca.blanes.cat\\\/salajove\\\/2017\\\/10\\\/02\\\/besties-fantastiques\\\/#breadcrumb\"},\"inLanguage\":\"ca\",\"potentialAction\":[{\"@type\":\"ReadAction\",\"target\":[\"https:\\\/\\\/biblioteca.blanes.cat\\\/salajove\\\/2017\\\/10\\\/02\\\/besties-fantastiques\\\/\"]}]},{\"@type\":\"ImageObject\",\"inLanguage\":\"ca\",\"@id\":\"https:\\\/\\\/biblioteca.blanes.cat\\\/salajove\\\/2017\\\/10\\\/02\\\/besties-fantastiques\\\/#primaryimage\",\"url\":\"https:\\\/\\\/biblioteca.blanes.cat\\\/salajove\\\/wp-content\\\/uploads\\\/sites\\\/3\\\/2017\\\/09\\\/besties-fant\u00e0stiques.jpg\",\"contentUrl\":\"https:\\\/\\\/biblioteca.blanes.cat\\\/salajove\\\/wp-content\\\/uploads\\\/sites\\\/3\\\/2017\\\/09\\\/besties-fant\u00e0stiques.jpg\",\"width\":2000,\"height\":3048},{\"@type\":\"BreadcrumbList\",\"@id\":\"https:\\\/\\\/biblioteca.blanes.cat\\\/salajove\\\/2017\\\/10\\\/02\\\/besties-fantastiques\\\/#breadcrumb\",\"itemListElement\":[{\"@type\":\"ListItem\",\"position\":1,\"name\":\"Inici\",\"item\":\"https:\\\/\\\/biblioteca.blanes.cat\\\/salajove\\\/\"},{\"@type\":\"ListItem\",\"position\":2,\"name\":\"B\u00c8STIES FANT\u00c0STIQUES I ON TROBAR-LES (El gui\u00f3 original) de J.K. ROWLING\"}]},{\"@type\":\"WebSite\",\"@id\":\"https:\\\/\\\/biblioteca.blanes.cat\\\/salajove\\\/#website\",\"url\":\"https:\\\/\\\/biblioteca.blanes.cat\\\/salajove\\\/\",\"name\":\"Sala Jove\",\"description\":\"Biblioteca Comarcal de Blanes\",\"publisher\":{\"@id\":\"https:\\\/\\\/biblioteca.blanes.cat\\\/salajove\\\/#organization\"},\"potentialAction\":[{\"@type\":\"SearchAction\",\"target\":{\"@type\":\"EntryPoint\",\"urlTemplate\":\"https:\\\/\\\/biblioteca.blanes.cat\\\/salajove\\\/?s={search_term_string}\"},\"query-input\":{\"@type\":\"PropertyValueSpecification\",\"valueRequired\":true,\"valueName\":\"search_term_string\"}}],\"inLanguage\":\"ca\"},{\"@type\":\"Organization\",\"@id\":\"https:\\\/\\\/biblioteca.blanes.cat\\\/salajove\\\/#organization\",\"name\":\"Biblioteca Comarcal de Blanes\",\"url\":\"https:\\\/\\\/biblioteca.blanes.cat\\\/salajove\\\/\",\"logo\":{\"@type\":\"ImageObject\",\"inLanguage\":\"ca\",\"@id\":\"https:\\\/\\\/biblioteca.blanes.cat\\\/salajove\\\/#\\\/schema\\\/logo\\\/image\\\/\",\"url\":\"https:\\\/\\\/biblioteca.blanes.cat\\\/salajove\\\/wp-content\\\/uploads\\\/sites\\\/3\\\/2017\\\/09\\\/cropped-Bib-blau-e1518869380535.png\",\"contentUrl\":\"https:\\\/\\\/biblioteca.blanes.cat\\\/salajove\\\/wp-content\\\/uploads\\\/sites\\\/3\\\/2017\\\/09\\\/cropped-Bib-blau-e1518869380535.png\",\"width\":166,\"height\":166,\"caption\":\"Biblioteca Comarcal de Blanes\"},\"image\":{\"@id\":\"https:\\\/\\\/biblioteca.blanes.cat\\\/salajove\\\/#\\\/schema\\\/logo\\\/image\\\/\"},\"sameAs\":[\"https:\\\/\\\/www.facebook.com\\\/BilbiotecaComarcaldeBlanes\\\/\",\"https:\\\/\\\/x.com\\\/BiblioBlanes\",\"https:\\\/\\\/www.instagram.com\\\/biblioblanes\\\/\",\"https:\\\/\\\/www.pinterest.es\\\/bblanes\\\/\",\"https:\\\/\\\/www.youtube.com\\\/c\\\/BibliotecaComarcalBlanes\"]},{\"@type\":\"Person\",\"@id\":\"https:\\\/\\\/biblioteca.blanes.cat\\\/salajove\\\/#\\\/schema\\\/person\\\/5a7b46760d9dd611d098bbf571a341dc\",\"name\":\"biblioblanes\",\"image\":{\"@type\":\"ImageObject\",\"inLanguage\":\"ca\",\"@id\":\"https:\\\/\\\/secure.gravatar.com\\\/avatar\\\/6593ca6cc90e5a70939f51c95e8315483b9c281bafba597292bee47992030f99?s=96&d=mm&r=g\",\"url\":\"https:\\\/\\\/secure.gravatar.com\\\/avatar\\\/6593ca6cc90e5a70939f51c95e8315483b9c281bafba597292bee47992030f99?s=96&d=mm&r=g\",\"contentUrl\":\"https:\\\/\\\/secure.gravatar.com\\\/avatar\\\/6593ca6cc90e5a70939f51c95e8315483b9c281bafba597292bee47992030f99?s=96&d=mm&r=g\",\"caption\":\"biblioblanes\"},\"sameAs\":[\"http:\\\/\\\/www.bibgirona.cat\\\/biblioteca\\\/blanes\",\"https:\\\/\\\/x.com\\\/biblioblanes\"],\"url\":\"https:\\\/\\\/biblioteca.blanes.cat\\\/salajove\\\/author\\\/biblioblanes\\\/\"}]}<\/script>\n<!-- \/ Yoast SEO plugin. -->","yoast_head_json":{"title":"La primera trobada del Club de Lectura Jove el proper divendres 29 de set.","description":"La primera trobada del Club de Lectura Jove el proper divendres 29 de set. Comentarem el llibre B\u00e8sties fant\u00e0stiques i on trobar-les ...","robots":{"index":"index","follow":"follow","max-snippet":"max-snippet:-1","max-image-preview":"max-image-preview:large","max-video-preview":"max-video-preview:-1"},"canonical":"https:\/\/biblioteca.blanes.cat\/salajove\/2017\/10\/02\/besties-fantastiques\/","og_locale":"ca_ES","og_type":"article","og_title":"La primera trobada del Club de Lectura Jove el proper divendres 29 de set.","og_description":"La primera trobada del Club de Lectura Jove el proper divendres 29 de set. Comentarem el llibre B\u00e8sties fant\u00e0stiques i on trobar-les ...","og_url":"https:\/\/biblioteca.blanes.cat\/salajove\/2017\/10\/02\/besties-fantastiques\/","og_site_name":"Sala Jove","article_publisher":"https:\/\/www.facebook.com\/BilbiotecaComarcaldeBlanes\/","article_published_time":"2017-10-02T12:03:56+00:00","article_modified_time":"2018-11-09T17:54:47+00:00","og_image":[{"width":2000,"height":3048,"url":"https:\/\/biblioteca.blanes.cat\/salajove\/wp-content\/uploads\/sites\/3\/2017\/09\/besties-fant\u00e0stiques.jpg","type":"image\/jpeg"}],"author":"biblioblanes","twitter_card":"summary_large_image","twitter_creator":"@biblioblanes","twitter_site":"@BiblioBlanes","twitter_misc":{"Escrit per":"biblioblanes","Temps estimat de lectura":"1 minut"},"schema":{"@context":"https:\/\/schema.org","@graph":[{"@type":"Article","@id":"https:\/\/biblioteca.blanes.cat\/salajove\/2017\/10\/02\/besties-fantastiques\/#article","isPartOf":{"@id":"https:\/\/biblioteca.blanes.cat\/salajove\/2017\/10\/02\/besties-fantastiques\/"},"author":{"name":"biblioblanes","@id":"https:\/\/biblioteca.blanes.cat\/salajove\/#\/schema\/person\/5a7b46760d9dd611d098bbf571a341dc"},"headline":"B\u00c8STIES FANT\u00c0STIQUES I ON TROBAR-LES (El gui\u00f3 original) de J.K. ROWLING","datePublished":"2017-10-02T12:03:56+00:00","dateModified":"2018-11-09T17:54:47+00:00","mainEntityOfPage":{"@id":"https:\/\/biblioteca.blanes.cat\/salajove\/2017\/10\/02\/besties-fantastiques\/"},"wordCount":214,"commentCount":0,"publisher":{"@id":"https:\/\/biblioteca.blanes.cat\/salajove\/#organization"},"image":{"@id":"https:\/\/biblioteca.blanes.cat\/salajove\/2017\/10\/02\/besties-fantastiques\/#primaryimage"},"thumbnailUrl":"https:\/\/biblioteca.blanes.cat\/salajove\/wp-content\/uploads\/sites\/3\/2017\/09\/besties-fant\u00e0stiques.jpg","keywords":["#Literatura","#Llibres","#Sinopsi"],"articleSection":["Club de Lectura"],"inLanguage":"ca","potentialAction":[{"@type":"CommentAction","name":"Comment","target":["https:\/\/biblioteca.blanes.cat\/salajove\/2017\/10\/02\/besties-fantastiques\/#respond"]}]},{"@type":"WebPage","@id":"https:\/\/biblioteca.blanes.cat\/salajove\/2017\/10\/02\/besties-fantastiques\/","url":"https:\/\/biblioteca.blanes.cat\/salajove\/2017\/10\/02\/besties-fantastiques\/","name":"La primera trobada del Club de Lectura Jove el proper divendres 29 de set.","isPartOf":{"@id":"https:\/\/biblioteca.blanes.cat\/salajove\/#website"},"primaryImageOfPage":{"@id":"https:\/\/biblioteca.blanes.cat\/salajove\/2017\/10\/02\/besties-fantastiques\/#primaryimage"},"image":{"@id":"https:\/\/biblioteca.blanes.cat\/salajove\/2017\/10\/02\/besties-fantastiques\/#primaryimage"},"thumbnailUrl":"https:\/\/biblioteca.blanes.cat\/salajove\/wp-content\/uploads\/sites\/3\/2017\/09\/besties-fant\u00e0stiques.jpg","datePublished":"2017-10-02T12:03:56+00:00","dateModified":"2018-11-09T17:54:47+00:00","description":"La primera trobada del Club de Lectura Jove el proper divendres 29 de set. Comentarem el llibre B\u00e8sties fant\u00e0stiques i on trobar-les ...","breadcrumb":{"@id":"https:\/\/biblioteca.blanes.cat\/salajove\/2017\/10\/02\/besties-fantastiques\/#breadcrumb"},"inLanguage":"ca","potentialAction":[{"@type":"ReadAction","target":["https:\/\/biblioteca.blanes.cat\/salajove\/2017\/10\/02\/besties-fantastiques\/"]}]},{"@type":"ImageObject","inLanguage":"ca","@id":"https:\/\/biblioteca.blanes.cat\/salajove\/2017\/10\/02\/besties-fantastiques\/#primaryimage","url":"https:\/\/biblioteca.blanes.cat\/salajove\/wp-content\/uploads\/sites\/3\/2017\/09\/besties-fant\u00e0stiques.jpg","contentUrl":"https:\/\/biblioteca.blanes.cat\/salajove\/wp-content\/uploads\/sites\/3\/2017\/09\/besties-fant\u00e0stiques.jpg","width":2000,"height":3048},{"@type":"BreadcrumbList","@id":"https:\/\/biblioteca.blanes.cat\/salajove\/2017\/10\/02\/besties-fantastiques\/#breadcrumb","itemListElement":[{"@type":"ListItem","position":1,"name":"Inici","item":"https:\/\/biblioteca.blanes.cat\/salajove\/"},{"@type":"ListItem","position":2,"name":"B\u00c8STIES FANT\u00c0STIQUES I ON TROBAR-LES (El gui\u00f3 original) de J.K. ROWLING"}]},{"@type":"WebSite","@id":"https:\/\/biblioteca.blanes.cat\/salajove\/#website","url":"https:\/\/biblioteca.blanes.cat\/salajove\/","name":"Sala Jove","description":"Biblioteca Comarcal de Blanes","publisher":{"@id":"https:\/\/biblioteca.blanes.cat\/salajove\/#organization"},"potentialAction":[{"@type":"SearchAction","target":{"@type":"EntryPoint","urlTemplate":"https:\/\/biblioteca.blanes.cat\/salajove\/?s={search_term_string}"},"query-input":{"@type":"PropertyValueSpecification","valueRequired":true,"valueName":"search_term_string"}}],"inLanguage":"ca"},{"@type":"Organization","@id":"https:\/\/biblioteca.blanes.cat\/salajove\/#organization","name":"Biblioteca Comarcal de Blanes","url":"https:\/\/biblioteca.blanes.cat\/salajove\/","logo":{"@type":"ImageObject","inLanguage":"ca","@id":"https:\/\/biblioteca.blanes.cat\/salajove\/#\/schema\/logo\/image\/","url":"https:\/\/biblioteca.blanes.cat\/salajove\/wp-content\/uploads\/sites\/3\/2017\/09\/cropped-Bib-blau-e1518869380535.png","contentUrl":"https:\/\/biblioteca.blanes.cat\/salajove\/wp-content\/uploads\/sites\/3\/2017\/09\/cropped-Bib-blau-e1518869380535.png","width":166,"height":166,"caption":"Biblioteca Comarcal de Blanes"},"image":{"@id":"https:\/\/biblioteca.blanes.cat\/salajove\/#\/schema\/logo\/image\/"},"sameAs":["https:\/\/www.facebook.com\/BilbiotecaComarcaldeBlanes\/","https:\/\/x.com\/BiblioBlanes","https:\/\/www.instagram.com\/biblioblanes\/","https:\/\/www.pinterest.es\/bblanes\/","https:\/\/www.youtube.com\/c\/BibliotecaComarcalBlanes"]},{"@type":"Person","@id":"https:\/\/biblioteca.blanes.cat\/salajove\/#\/schema\/person\/5a7b46760d9dd611d098bbf571a341dc","name":"biblioblanes","image":{"@type":"ImageObject","inLanguage":"ca","@id":"https:\/\/secure.gravatar.com\/avatar\/6593ca6cc90e5a70939f51c95e8315483b9c281bafba597292bee47992030f99?s=96&d=mm&r=g","url":"https:\/\/secure.gravatar.com\/avatar\/6593ca6cc90e5a70939f51c95e8315483b9c281bafba597292bee47992030f99?s=96&d=mm&r=g","contentUrl":"https:\/\/secure.gravatar.com\/avatar\/6593ca6cc90e5a70939f51c95e8315483b9c281bafba597292bee47992030f99?s=96&d=mm&r=g","caption":"biblioblanes"},"sameAs":["http:\/\/www.bibgirona.cat\/biblioteca\/blanes","https:\/\/x.com\/biblioblanes"],"url":"https:\/\/biblioteca.blanes.cat\/salajove\/author\/biblioblanes\/"}]}},"_links":{"self":[{"href":"https:\/\/biblioteca.blanes.cat\/salajove\/wp-json\/wp\/v2\/posts\/90","targetHints":{"allow":["GET"]}}],"collection":[{"href":"https:\/\/biblioteca.blanes.cat\/salajove\/wp-json\/wp\/v2\/posts"}],"about":[{"href":"https:\/\/biblioteca.blanes.cat\/salajove\/wp-json\/wp\/v2\/types\/post"}],"author":[{"embeddable":true,"href":"https:\/\/biblioteca.blanes.cat\/salajove\/wp-json\/wp\/v2\/users\/4"}],"replies":[{"embeddable":true,"href":"https:\/\/biblioteca.blanes.cat\/salajove\/wp-json\/wp\/v2\/comments?post=90"}],"version-history":[{"count":10,"href":"https:\/\/biblioteca.blanes.cat\/salajove\/wp-json\/wp\/v2\/posts\/90\/revisions"}],"predecessor-version":[{"id":1730,"href":"https:\/\/biblioteca.blanes.cat\/salajove\/wp-json\/wp\/v2\/posts\/90\/revisions\/1730"}],"wp:featuredmedia":[{"embeddable":true,"href":"https:\/\/biblioteca.blanes.cat\/salajove\/wp-json\/wp\/v2\/media\/96"}],"wp:attachment":[{"href":"https:\/\/biblioteca.blanes.cat\/salajove\/wp-json\/wp\/v2\/media?parent=90"}],"wp:term":[{"taxonomy":"category","embeddable":true,"href":"https:\/\/biblioteca.blanes.cat\/salajove\/wp-json\/wp\/v2\/categories?post=90"},{"taxonomy":"post_tag","embeddable":true,"href":"https:\/\/biblioteca.blanes.cat\/salajove\/wp-json\/wp\/v2\/tags?post=90"}],"curies":[{"name":"wp","href":"https:\/\/api.w.org\/{rel}","templated":true}]}}