{"id":8932,"date":"2024-10-23T18:25:28","date_gmt":"2024-10-23T17:25:28","guid":{"rendered":"https:\/\/biblioteca.blanes.cat\/salajove\/?p=8932"},"modified":"2025-09-03T18:30:00","modified_gmt":"2025-09-03T17:30:00","slug":"club-de-lectura-juvenil-emblanats-i-diumenge-meteorit","status":"publish","type":"post","link":"https:\/\/biblioteca.blanes.cat\/salajove\/2024\/10\/23\/club-de-lectura-juvenil-emblanats-i-diumenge-meteorit\/","title":{"rendered":"Club de Lectura Juvenil #emblanats: I diumenge, meteorit"},"content":{"rendered":"\n\n\n<p>La primera sessi\u00f3 del Club de Lectura Juvenil #emblanats la vam dedicar a\u00a0<a href=\"https:\/\/animallibres.cat\/lisard\/9126-i-diumenge-meteorit-9788419659415.html\" target=\"_blank\" rel=\"noopener\"><strong><span style=\"color: #9b72d4;\"><em>I diumenge, meteorit<\/em><\/span><\/strong><\/a>, d\u2019<span style=\"color: #9b72d4;\"><strong>Albert Pijuan<\/strong><\/span>, l\u2019obra guanyadora del <span style=\"color: #9b72d4;\"><strong>Premi Llibreter Infantil i Juvenil d\u2019aquest any<\/strong><\/span>.<\/p>\n<p><img fetchpriority=\"high\" decoding=\"async\" class=\"aligncenter  wp-image-8938\" src=\"https:\/\/biblioteca.blanes.cat\/salajove\/wp-content\/uploads\/sites\/3\/2024\/10\/meteorit-19-300x225.jpg\" alt=\"\" width=\"407\" height=\"305\" srcset=\"https:\/\/biblioteca.blanes.cat\/salajove\/wp-content\/uploads\/sites\/3\/2024\/10\/meteorit-19-300x225.jpg 300w, https:\/\/biblioteca.blanes.cat\/salajove\/wp-content\/uploads\/sites\/3\/2024\/10\/meteorit-19-1024x768.jpg 1024w, https:\/\/biblioteca.blanes.cat\/salajove\/wp-content\/uploads\/sites\/3\/2024\/10\/meteorit-19-768x576.jpg 768w, https:\/\/biblioteca.blanes.cat\/salajove\/wp-content\/uploads\/sites\/3\/2024\/10\/meteorit-19-1536x1152.jpg 1536w, https:\/\/biblioteca.blanes.cat\/salajove\/wp-content\/uploads\/sites\/3\/2024\/10\/meteorit-19-2048x1536.jpg 2048w\" sizes=\"(max-width: 407px) 100vw, 407px\" \/><\/p>\n<p><a href=\"https:\/\/biblioteca.blanes.cat\/salajove\/2024\/10\/23\/club-de-lectura-juvenil-emblanats-i-diumenge-meteorit\/meteorit-14\/\" rel=\"attachment wp-att-8939\"><img decoding=\"async\" class=\"aligncenter  wp-image-8939\" src=\"https:\/\/biblioteca.blanes.cat\/salajove\/wp-content\/uploads\/sites\/3\/2024\/10\/meteorit-14-300x225.jpg\" alt=\"\" width=\"379\" height=\"284\" srcset=\"https:\/\/biblioteca.blanes.cat\/salajove\/wp-content\/uploads\/sites\/3\/2024\/10\/meteorit-14-300x225.jpg 300w, https:\/\/biblioteca.blanes.cat\/salajove\/wp-content\/uploads\/sites\/3\/2024\/10\/meteorit-14-1024x768.jpg 1024w, https:\/\/biblioteca.blanes.cat\/salajove\/wp-content\/uploads\/sites\/3\/2024\/10\/meteorit-14-768x576.jpg 768w, https:\/\/biblioteca.blanes.cat\/salajove\/wp-content\/uploads\/sites\/3\/2024\/10\/meteorit-14-1536x1152.jpg 1536w, https:\/\/biblioteca.blanes.cat\/salajove\/wp-content\/uploads\/sites\/3\/2024\/10\/meteorit-14-2048x1536.jpg 2048w\" sizes=\"(max-width: 379px) 100vw, 379px\" \/><\/a><\/p>\n<p>Vam comen\u00e7ar el debat sobre la lectura amb un plantejament de l\u2019argument, els personatges i la trama. Tamb\u00e9 vam con\u00e8ixer alguns detalls de la biografia de l\u2019autor, cosa que ens va permetre familiaritzar-nos amb els <span style=\"color: #9b72d4;\">elements autobiogr\u00e0fics<\/span>, pinzellades de la vida dels autors que ens trobem a les hist\u00f2ries que llegim. Tot seguit, vam posar sobre la taula el <span style=\"color: #9b72d4;\">g\u00e8nere del llibre<\/span>: tothom va estar d\u2019acord que es tracta d\u2019una novel\u00b7la de<span style=\"color: #9b72d4;\"><strong>\u00a0ci\u00e8ncia-ficci\u00f3<\/strong><\/span>, per l\u2019exploraci\u00f3 de les possibilitats imaginades de la ci\u00e8ncia, la tecnologia, la societat i la vida del futur. Tot i que tamb\u00e9 hi detectem alguns elements propis del g\u00e8nere d\u2019aventures \u2014 successi\u00f3 de perip\u00e8cies, perills i reptes als quals s\u2019enfronten els personatges\u2014 i algun toc de fantasia (en menor mesura). Vam aprofitar el moment per repartir la <span style=\"color: #9b72d4;\"><strong><a style=\"color: #9b72d4;\" href=\"https:\/\/biblioteca.blanes.cat\/salajove\/2024\/10\/23\/club-de-lectura-juvenil-emblanats-i-diumenge-meteorit\/gl_ciencia-ficcio\/\" target=\"_blank\" rel=\"attachment noopener wp-att-8933\">guia de lectura de ci\u00e8ncia-ficci\u00f3 (descarrega-te-la)<\/a><\/strong><\/span>\u00a0i con\u00e8ixer llibres del fons de la biblioteca.<\/p>\n<p><a href=\"https:\/\/biblioteca.blanes.cat\/salajove\/2024\/10\/23\/club-de-lectura-juvenil-emblanats-i-diumenge-meteorit\/gl_ciencia-ficcio-2\/\" rel=\"attachment wp-att-8946\"><img decoding=\"async\" class=\"aligncenter wp-image-8946\" src=\"https:\/\/biblioteca.blanes.cat\/salajove\/wp-content\/uploads\/sites\/3\/2024\/10\/GL_Ciencia-ficcio-120x300.jpg\" alt=\"\" width=\"257\" height=\"643\" srcset=\"https:\/\/biblioteca.blanes.cat\/salajove\/wp-content\/uploads\/sites\/3\/2024\/10\/GL_Ciencia-ficcio-120x300.jpg 120w, https:\/\/biblioteca.blanes.cat\/salajove\/wp-content\/uploads\/sites\/3\/2024\/10\/GL_Ciencia-ficcio-410x1024.jpg 410w, https:\/\/biblioteca.blanes.cat\/salajove\/wp-content\/uploads\/sites\/3\/2024\/10\/GL_Ciencia-ficcio-768x1920.jpg 768w, https:\/\/biblioteca.blanes.cat\/salajove\/wp-content\/uploads\/sites\/3\/2024\/10\/GL_Ciencia-ficcio-614x1536.jpg 614w, https:\/\/biblioteca.blanes.cat\/salajove\/wp-content\/uploads\/sites\/3\/2024\/10\/GL_Ciencia-ficcio.jpg 800w\" sizes=\"(max-width: 257px) 100vw, 257px\" \/><\/a><\/p>\n<p>I de seguida vam passar a l\u2019acci\u00f3 i ens vam enfrontar a dues din\u00e0miques de reflexi\u00f3 sobre temes que tracta el llibre!<\/p>\n<p>Primer de tot, vam conversar sobre el <span style=\"color: #9b72d4;\"><strong>coneixement d\u2019un mateix<\/strong><\/span>. Quan el protagonista s\u2019assabenta que el m\u00f3n s\u2019acaba, comen\u00e7a a replantejar-se moltes coses. Cal caigui un meteorit per parar-nos a pensar qu\u00e8 volem fer abans de morir? Aquesta q\u00fcesti\u00f3 ens va fer obrir un debat sobre la import\u00e0ncia del <span style=\"color: #9b72d4;\"><strong><em>carpe diem<\/em><\/strong><\/span>, un concepte llat\u00ed (nou per als nostres lectors) que significa &#8220;viure al m\u00e0xim i exprimir cada moment&#8221;. Per reflexionar-hi, vam idear l\u2019<span style=\"color: #9b72d4;\"><strong>Operaci\u00f3 Carpe Diem<\/strong><\/span> \u2014una picada d\u2019ullet a l\u2019Operaci\u00f3 Petanca Calafulenca de la novel\u00b7la\u2014 i vam escriure una carta an\u00f2nima al nostre jo del futur sobre quins somnis voldr\u00edem complir abans no acabi el curs per l\u2019impacte d\u2019un meteorit. Vam desar les cartes amb l\u2019objectiu de llegir-les a l\u2019\u00faltima sessi\u00f3 del club de lectura i comprovar si hem fet realitat els nostres desitjos.<\/p>\n<p><img loading=\"lazy\" decoding=\"async\" class=\"size-medium wp-image-8934 alignleft\" src=\"https:\/\/biblioteca.blanes.cat\/salajove\/wp-content\/uploads\/sites\/3\/2024\/10\/meteorit-29-225x300.jpg\" alt=\"\" width=\"225\" height=\"300\" srcset=\"https:\/\/biblioteca.blanes.cat\/salajove\/wp-content\/uploads\/sites\/3\/2024\/10\/meteorit-29-225x300.jpg 225w, https:\/\/biblioteca.blanes.cat\/salajove\/wp-content\/uploads\/sites\/3\/2024\/10\/meteorit-29-768x1024.jpg 768w, https:\/\/biblioteca.blanes.cat\/salajove\/wp-content\/uploads\/sites\/3\/2024\/10\/meteorit-29-1152x1536.jpg 1152w, https:\/\/biblioteca.blanes.cat\/salajove\/wp-content\/uploads\/sites\/3\/2024\/10\/meteorit-29-1536x2048.jpg 1536w, https:\/\/biblioteca.blanes.cat\/salajove\/wp-content\/uploads\/sites\/3\/2024\/10\/meteorit-29-scaled.jpg 1920w\" sizes=\"(max-width: 225px) 100vw, 225px\" \/><\/p>\n<p><img loading=\"lazy\" decoding=\"async\" class=\"size-medium wp-image-8935 alignleft\" src=\"https:\/\/biblioteca.blanes.cat\/salajove\/wp-content\/uploads\/sites\/3\/2024\/10\/meteorit-1-225x300.jpg\" alt=\"\" width=\"225\" height=\"300\" srcset=\"https:\/\/biblioteca.blanes.cat\/salajove\/wp-content\/uploads\/sites\/3\/2024\/10\/meteorit-1-225x300.jpg 225w, https:\/\/biblioteca.blanes.cat\/salajove\/wp-content\/uploads\/sites\/3\/2024\/10\/meteorit-1-768x1024.jpg 768w, https:\/\/biblioteca.blanes.cat\/salajove\/wp-content\/uploads\/sites\/3\/2024\/10\/meteorit-1-1152x1536.jpg 1152w, https:\/\/biblioteca.blanes.cat\/salajove\/wp-content\/uploads\/sites\/3\/2024\/10\/meteorit-1-1536x2048.jpg 1536w, https:\/\/biblioteca.blanes.cat\/salajove\/wp-content\/uploads\/sites\/3\/2024\/10\/meteorit-1-scaled.jpg 1920w\" sizes=\"(max-width: 225px) 100vw, 225px\" \/><\/p>\n<p>\u00a0<\/p>\n<p>\u00a0<\/p>\n<p>\u00a0<\/p>\n<p>\u00a0<\/p>\n<p>\u00a0<\/p>\n<p>\u00a0<\/p>\n<p>\u00a0<\/p>\n<p>\u00a0<\/p>\n<p>\u00a0<\/p>\n<p>Per acabar, vam parlar sobre l\u2019<span style=\"color: #9b72d4;\"><strong>impacte de l\u2019\u00e9sser hum\u00e0 a la Terra<\/strong><\/span>. Ten\u00edem clar que l\u2019arribada del meteorit suposaria l\u2019extinci\u00f3 de la vida sobre la Terra, per\u00f2&#8230; i si l\u2019\u00e9sser hum\u00e0 mateix tamb\u00e9 suposa un perill semblant? Ens va dividir en dos grups: per una banda, un equip va defensar l\u2019\u00e9sser hum\u00e0 i va donar <span style=\"color: #9b72d4;\"><strong>cinc motius per mantenir la Terra viva<\/strong><\/span> i evitar l\u2019impacte del meteorit. I, per l\u2019altra, l\u2019equip dels retrurkians \u2014els extraterrestres de la novel\u00b7la\u2014 va pensar <span style=\"color: #9b72d4;\"><strong>cinc motius pels quals no salvarien el m\u00f3n de l\u2019impacte d\u2019un meteorit<\/strong><\/span>. La idea era crear un debat sobre l\u2019impacte ambiental i social de les persones al planeta Terra i valorar qu\u00e8 fem b\u00e9 i malament per mantenir-lo o no en vida. Al final de la reflexi\u00f3, un grup va valorar l\u2019altre sobre els motius de la destrucci\u00f3 o el salvament del planeta amb un bar\u00f2metre de cinc meteorits o violins de colors de menys a m\u00e9s convincent (vermell, taronja, groc, verd clar i verd fosc).<\/p>\n<p><img loading=\"lazy\" decoding=\"async\" class=\" wp-image-8936 alignleft\" src=\"https:\/\/biblioteca.blanes.cat\/salajove\/wp-content\/uploads\/sites\/3\/2024\/10\/meteorit-20-225x300.jpg\" alt=\"\" width=\"284\" height=\"379\" srcset=\"https:\/\/biblioteca.blanes.cat\/salajove\/wp-content\/uploads\/sites\/3\/2024\/10\/meteorit-20-225x300.jpg 225w, https:\/\/biblioteca.blanes.cat\/salajove\/wp-content\/uploads\/sites\/3\/2024\/10\/meteorit-20-768x1024.jpg 768w, https:\/\/biblioteca.blanes.cat\/salajove\/wp-content\/uploads\/sites\/3\/2024\/10\/meteorit-20-1152x1536.jpg 1152w, https:\/\/biblioteca.blanes.cat\/salajove\/wp-content\/uploads\/sites\/3\/2024\/10\/meteorit-20-1536x2048.jpg 1536w, https:\/\/biblioteca.blanes.cat\/salajove\/wp-content\/uploads\/sites\/3\/2024\/10\/meteorit-20-scaled.jpg 1920w\" sizes=\"(max-width: 284px) 100vw, 284px\" \/><\/p>\n<p><img loading=\"lazy\" decoding=\"async\" class=\" wp-image-8937 alignleft\" src=\"https:\/\/biblioteca.blanes.cat\/salajove\/wp-content\/uploads\/sites\/3\/2024\/10\/meteorit-21-225x300.jpg\" alt=\"\" width=\"284\" height=\"379\" srcset=\"https:\/\/biblioteca.blanes.cat\/salajove\/wp-content\/uploads\/sites\/3\/2024\/10\/meteorit-21-225x300.jpg 225w, https:\/\/biblioteca.blanes.cat\/salajove\/wp-content\/uploads\/sites\/3\/2024\/10\/meteorit-21-768x1024.jpg 768w, https:\/\/biblioteca.blanes.cat\/salajove\/wp-content\/uploads\/sites\/3\/2024\/10\/meteorit-21-1152x1536.jpg 1152w, https:\/\/biblioteca.blanes.cat\/salajove\/wp-content\/uploads\/sites\/3\/2024\/10\/meteorit-21-1536x2048.jpg 1536w, https:\/\/biblioteca.blanes.cat\/salajove\/wp-content\/uploads\/sites\/3\/2024\/10\/meteorit-21-scaled.jpg 1920w\" sizes=\"(max-width: 284px) 100vw, 284px\" \/><\/p>\n<p>\u00a0<\/p>\n<p>\u00a0<\/p>\n<p>\u00a0<\/p>\n<p>\u00a0<\/p>\n<p>\u00a0<\/p>\n<p>\u00a0<\/p>\n<p>\u00a0<\/p>\n<p>\u00a0<\/p>\n<p>\u00a0<\/p>\n<p>\u00a0<\/p>\n<p>\u00a0<\/p>\n<p>Per completar l&#8217;activitat, vam puntuar la novel\u00b7la: a cada sessi\u00f3 penjarem la coberta de la lectura al vidre de la Sala Jove i li posarem una puntuaci\u00f3 <span style=\"color: #000000;\">de l&#8217;1 <\/span>(no ens ha agradat gens) al 5 (ens ha encantat). En aquest cas, hi va haver opinions de tot i ens va costar una mica arribar a un consens sobre la valoraci\u00f3 final, ja que o havia agradat for\u00e7a o gens. Finalment, vam decidir donar-li<span style=\"color: #9b72d4;\"><strong> tres<\/strong><\/span> dels cinc <span style=\"color: #9b72d4;\"><strong>meteorits<\/strong><\/span> del bar\u00f2metre.<\/p>\n<p>Abans de marxar, vam repartir la propera novel\u00b7la que comentarem: <a href=\"https:\/\/sembrallibres.com\/llibres\/la-taca\/\" target=\"_blank\" rel=\"noopener\"><span style=\"color: #800080;\"><strong><em>La taca<\/em><\/strong><\/span><\/a>, de <span style=\"color: #800080;\"><strong>Laia Asso<\/strong><\/span>, una novel\u00b7la escrita amb perspectiva de g\u00e8nere amb l\u2019objectiu de debatre i reflexionar sobre la situaci\u00f3 de vulnerabilitat de les dones al llarg de la hist\u00f2ria. D\u2019aquesta manera <span style=\"color: #800080;\"><strong>commemorarem el 25 N, Dia de l\u2019Eliminaci\u00f3 de la Viol\u00e8ncia contra les Dones.<\/strong><\/span><\/p>\n<p>\u00a0<\/p>\n<p>\u00a0<\/p>\n","protected":false},"excerpt":{"rendered":"<p>La primera sessi\u00f3 del Club de Lectura Juvenil #emblanats la vam dedicar a\u00a0I diumenge, meteorit, d\u2019Albert Pijuan, l\u2019obra guanyadora del Premi Llibreter Infantil i Juvenil d\u2019aquest any. Vam comen\u00e7ar el debat sobre la lectura amb un plantejament de l\u2019argument, els<\/p>\n","protected":false},"author":4,"featured_media":8943,"comment_status":"open","ping_status":"open","sticky":false,"template":"","format":"standard","meta":{"sfsi_plus_gutenberg_text_before_share":"","sfsi_plus_gutenberg_show_text_before_share":"","sfsi_plus_gutenberg_icon_type":"","sfsi_plus_gutenberg_icon_alignemt":"","sfsi_plus_gutenburg_max_per_row":"","footnotes":""},"categories":[5],"tags":[],"class_list":["post-8932","post","type-post","status-publish","format-standard","has-post-thumbnail","hentry","category-club-de-lectura"],"yoast_head":"<!-- This site is optimized with the Yoast SEO plugin v27.5 - https:\/\/yoast.com\/product\/yoast-seo-wordpress\/ -->\n<title>Club de Lectura Juvenil #emblanats: I diumenge, meteorit - Sala Jove<\/title>\n<meta name=\"robots\" content=\"index, follow, max-snippet:-1, max-image-preview:large, max-video-preview:-1\" \/>\n<link rel=\"canonical\" href=\"https:\/\/biblioteca.blanes.cat\/salajove\/2024\/10\/23\/club-de-lectura-juvenil-emblanats-i-diumenge-meteorit\/\" \/>\n<meta property=\"og:locale\" content=\"ca_ES\" \/>\n<meta property=\"og:type\" content=\"article\" \/>\n<meta property=\"og:title\" content=\"Club de Lectura Juvenil #emblanats: I diumenge, meteorit - Sala Jove\" \/>\n<meta property=\"og:description\" content=\"La primera sessi\u00f3 del Club de Lectura Juvenil #emblanats la vam dedicar a\u00a0I diumenge, meteorit, d\u2019Albert Pijuan, l\u2019obra guanyadora del Premi Llibreter Infantil i Juvenil d\u2019aquest any. Vam comen\u00e7ar el debat sobre la lectura amb un plantejament de l\u2019argument, els\" \/>\n<meta property=\"og:url\" content=\"https:\/\/biblioteca.blanes.cat\/salajove\/2024\/10\/23\/club-de-lectura-juvenil-emblanats-i-diumenge-meteorit\/\" \/>\n<meta property=\"og:site_name\" content=\"Sala Jove\" \/>\n<meta property=\"article:publisher\" content=\"https:\/\/www.facebook.com\/BilbiotecaComarcaldeBlanes\/\" \/>\n<meta property=\"article:published_time\" content=\"2024-10-23T17:25:28+00:00\" \/>\n<meta property=\"article:modified_time\" content=\"2025-09-03T17:30:00+00:00\" \/>\n<meta property=\"og:image\" content=\"https:\/\/biblioteca.blanes.cat\/salajove\/wp-content\/uploads\/sites\/3\/2024\/10\/meteorit-18-scaled.jpg\" \/>\n\t<meta property=\"og:image:width\" content=\"1920\" \/>\n\t<meta property=\"og:image:height\" content=\"2560\" \/>\n\t<meta property=\"og:image:type\" content=\"image\/jpeg\" \/>\n<meta name=\"author\" content=\"biblioblanes\" \/>\n<meta name=\"twitter:card\" content=\"summary_large_image\" \/>\n<meta name=\"twitter:creator\" content=\"@biblioblanes\" \/>\n<meta name=\"twitter:site\" content=\"@BiblioBlanes\" \/>\n<meta name=\"twitter:label1\" content=\"Escrit per\" \/>\n\t<meta name=\"twitter:data1\" content=\"biblioblanes\" \/>\n\t<meta name=\"twitter:label2\" content=\"Temps estimat de lectura\" \/>\n\t<meta name=\"twitter:data2\" content=\"6 minuts\" \/>\n<script type=\"application\/ld+json\" class=\"yoast-schema-graph\">{\"@context\":\"https:\\\/\\\/schema.org\",\"@graph\":[{\"@type\":\"Article\",\"@id\":\"https:\\\/\\\/biblioteca.blanes.cat\\\/salajove\\\/2024\\\/10\\\/23\\\/club-de-lectura-juvenil-emblanats-i-diumenge-meteorit\\\/#article\",\"isPartOf\":{\"@id\":\"https:\\\/\\\/biblioteca.blanes.cat\\\/salajove\\\/2024\\\/10\\\/23\\\/club-de-lectura-juvenil-emblanats-i-diumenge-meteorit\\\/\"},\"author\":{\"name\":\"biblioblanes\",\"@id\":\"https:\\\/\\\/biblioteca.blanes.cat\\\/salajove\\\/#\\\/schema\\\/person\\\/5a7b46760d9dd611d098bbf571a341dc\"},\"headline\":\"Club de Lectura Juvenil #emblanats: I diumenge, meteorit\",\"datePublished\":\"2024-10-23T17:25:28+00:00\",\"dateModified\":\"2025-09-03T17:30:00+00:00\",\"mainEntityOfPage\":{\"@id\":\"https:\\\/\\\/biblioteca.blanes.cat\\\/salajove\\\/2024\\\/10\\\/23\\\/club-de-lectura-juvenil-emblanats-i-diumenge-meteorit\\\/\"},\"wordCount\":707,\"commentCount\":0,\"publisher\":{\"@id\":\"https:\\\/\\\/biblioteca.blanes.cat\\\/salajove\\\/#organization\"},\"image\":{\"@id\":\"https:\\\/\\\/biblioteca.blanes.cat\\\/salajove\\\/2024\\\/10\\\/23\\\/club-de-lectura-juvenil-emblanats-i-diumenge-meteorit\\\/#primaryimage\"},\"thumbnailUrl\":\"https:\\\/\\\/biblioteca.blanes.cat\\\/salajove\\\/wp-content\\\/uploads\\\/sites\\\/3\\\/2024\\\/10\\\/meteorit-18-scaled.jpg\",\"articleSection\":[\"Club de Lectura\"],\"inLanguage\":\"ca\",\"potentialAction\":[{\"@type\":\"CommentAction\",\"name\":\"Comment\",\"target\":[\"https:\\\/\\\/biblioteca.blanes.cat\\\/salajove\\\/2024\\\/10\\\/23\\\/club-de-lectura-juvenil-emblanats-i-diumenge-meteorit\\\/#respond\"]}]},{\"@type\":\"WebPage\",\"@id\":\"https:\\\/\\\/biblioteca.blanes.cat\\\/salajove\\\/2024\\\/10\\\/23\\\/club-de-lectura-juvenil-emblanats-i-diumenge-meteorit\\\/\",\"url\":\"https:\\\/\\\/biblioteca.blanes.cat\\\/salajove\\\/2024\\\/10\\\/23\\\/club-de-lectura-juvenil-emblanats-i-diumenge-meteorit\\\/\",\"name\":\"Club de Lectura Juvenil #emblanats: I diumenge, meteorit - Sala Jove\",\"isPartOf\":{\"@id\":\"https:\\\/\\\/biblioteca.blanes.cat\\\/salajove\\\/#website\"},\"primaryImageOfPage\":{\"@id\":\"https:\\\/\\\/biblioteca.blanes.cat\\\/salajove\\\/2024\\\/10\\\/23\\\/club-de-lectura-juvenil-emblanats-i-diumenge-meteorit\\\/#primaryimage\"},\"image\":{\"@id\":\"https:\\\/\\\/biblioteca.blanes.cat\\\/salajove\\\/2024\\\/10\\\/23\\\/club-de-lectura-juvenil-emblanats-i-diumenge-meteorit\\\/#primaryimage\"},\"thumbnailUrl\":\"https:\\\/\\\/biblioteca.blanes.cat\\\/salajove\\\/wp-content\\\/uploads\\\/sites\\\/3\\\/2024\\\/10\\\/meteorit-18-scaled.jpg\",\"datePublished\":\"2024-10-23T17:25:28+00:00\",\"dateModified\":\"2025-09-03T17:30:00+00:00\",\"breadcrumb\":{\"@id\":\"https:\\\/\\\/biblioteca.blanes.cat\\\/salajove\\\/2024\\\/10\\\/23\\\/club-de-lectura-juvenil-emblanats-i-diumenge-meteorit\\\/#breadcrumb\"},\"inLanguage\":\"ca\",\"potentialAction\":[{\"@type\":\"ReadAction\",\"target\":[\"https:\\\/\\\/biblioteca.blanes.cat\\\/salajove\\\/2024\\\/10\\\/23\\\/club-de-lectura-juvenil-emblanats-i-diumenge-meteorit\\\/\"]}]},{\"@type\":\"ImageObject\",\"inLanguage\":\"ca\",\"@id\":\"https:\\\/\\\/biblioteca.blanes.cat\\\/salajove\\\/2024\\\/10\\\/23\\\/club-de-lectura-juvenil-emblanats-i-diumenge-meteorit\\\/#primaryimage\",\"url\":\"https:\\\/\\\/biblioteca.blanes.cat\\\/salajove\\\/wp-content\\\/uploads\\\/sites\\\/3\\\/2024\\\/10\\\/meteorit-18-scaled.jpg\",\"contentUrl\":\"https:\\\/\\\/biblioteca.blanes.cat\\\/salajove\\\/wp-content\\\/uploads\\\/sites\\\/3\\\/2024\\\/10\\\/meteorit-18-scaled.jpg\",\"width\":1920,\"height\":2560},{\"@type\":\"BreadcrumbList\",\"@id\":\"https:\\\/\\\/biblioteca.blanes.cat\\\/salajove\\\/2024\\\/10\\\/23\\\/club-de-lectura-juvenil-emblanats-i-diumenge-meteorit\\\/#breadcrumb\",\"itemListElement\":[{\"@type\":\"ListItem\",\"position\":1,\"name\":\"Inici\",\"item\":\"https:\\\/\\\/biblioteca.blanes.cat\\\/salajove\\\/\"},{\"@type\":\"ListItem\",\"position\":2,\"name\":\"Club de Lectura Juvenil #emblanats: I diumenge, meteorit\"}]},{\"@type\":\"WebSite\",\"@id\":\"https:\\\/\\\/biblioteca.blanes.cat\\\/salajove\\\/#website\",\"url\":\"https:\\\/\\\/biblioteca.blanes.cat\\\/salajove\\\/\",\"name\":\"Sala Jove\",\"description\":\"Biblioteca Comarcal de Blanes\",\"publisher\":{\"@id\":\"https:\\\/\\\/biblioteca.blanes.cat\\\/salajove\\\/#organization\"},\"potentialAction\":[{\"@type\":\"SearchAction\",\"target\":{\"@type\":\"EntryPoint\",\"urlTemplate\":\"https:\\\/\\\/biblioteca.blanes.cat\\\/salajove\\\/?s={search_term_string}\"},\"query-input\":{\"@type\":\"PropertyValueSpecification\",\"valueRequired\":true,\"valueName\":\"search_term_string\"}}],\"inLanguage\":\"ca\"},{\"@type\":\"Organization\",\"@id\":\"https:\\\/\\\/biblioteca.blanes.cat\\\/salajove\\\/#organization\",\"name\":\"Biblioteca Comarcal de Blanes\",\"url\":\"https:\\\/\\\/biblioteca.blanes.cat\\\/salajove\\\/\",\"logo\":{\"@type\":\"ImageObject\",\"inLanguage\":\"ca\",\"@id\":\"https:\\\/\\\/biblioteca.blanes.cat\\\/salajove\\\/#\\\/schema\\\/logo\\\/image\\\/\",\"url\":\"https:\\\/\\\/biblioteca.blanes.cat\\\/salajove\\\/wp-content\\\/uploads\\\/sites\\\/3\\\/2017\\\/09\\\/cropped-Bib-blau-e1518869380535.png\",\"contentUrl\":\"https:\\\/\\\/biblioteca.blanes.cat\\\/salajove\\\/wp-content\\\/uploads\\\/sites\\\/3\\\/2017\\\/09\\\/cropped-Bib-blau-e1518869380535.png\",\"width\":166,\"height\":166,\"caption\":\"Biblioteca Comarcal de Blanes\"},\"image\":{\"@id\":\"https:\\\/\\\/biblioteca.blanes.cat\\\/salajove\\\/#\\\/schema\\\/logo\\\/image\\\/\"},\"sameAs\":[\"https:\\\/\\\/www.facebook.com\\\/BilbiotecaComarcaldeBlanes\\\/\",\"https:\\\/\\\/x.com\\\/BiblioBlanes\",\"https:\\\/\\\/www.instagram.com\\\/biblioblanes\\\/\",\"https:\\\/\\\/www.pinterest.es\\\/bblanes\\\/\",\"https:\\\/\\\/www.youtube.com\\\/c\\\/BibliotecaComarcalBlanes\"]},{\"@type\":\"Person\",\"@id\":\"https:\\\/\\\/biblioteca.blanes.cat\\\/salajove\\\/#\\\/schema\\\/person\\\/5a7b46760d9dd611d098bbf571a341dc\",\"name\":\"biblioblanes\",\"image\":{\"@type\":\"ImageObject\",\"inLanguage\":\"ca\",\"@id\":\"https:\\\/\\\/secure.gravatar.com\\\/avatar\\\/6593ca6cc90e5a70939f51c95e8315483b9c281bafba597292bee47992030f99?s=96&d=mm&r=g\",\"url\":\"https:\\\/\\\/secure.gravatar.com\\\/avatar\\\/6593ca6cc90e5a70939f51c95e8315483b9c281bafba597292bee47992030f99?s=96&d=mm&r=g\",\"contentUrl\":\"https:\\\/\\\/secure.gravatar.com\\\/avatar\\\/6593ca6cc90e5a70939f51c95e8315483b9c281bafba597292bee47992030f99?s=96&d=mm&r=g\",\"caption\":\"biblioblanes\"},\"sameAs\":[\"http:\\\/\\\/www.bibgirona.cat\\\/biblioteca\\\/blanes\",\"https:\\\/\\\/x.com\\\/biblioblanes\"],\"url\":\"https:\\\/\\\/biblioteca.blanes.cat\\\/salajove\\\/author\\\/biblioblanes\\\/\"}]}<\/script>\n<!-- \/ Yoast SEO plugin. -->","yoast_head_json":{"title":"Club de Lectura Juvenil #emblanats: I diumenge, meteorit - Sala Jove","robots":{"index":"index","follow":"follow","max-snippet":"max-snippet:-1","max-image-preview":"max-image-preview:large","max-video-preview":"max-video-preview:-1"},"canonical":"https:\/\/biblioteca.blanes.cat\/salajove\/2024\/10\/23\/club-de-lectura-juvenil-emblanats-i-diumenge-meteorit\/","og_locale":"ca_ES","og_type":"article","og_title":"Club de Lectura Juvenil #emblanats: I diumenge, meteorit - Sala Jove","og_description":"La primera sessi\u00f3 del Club de Lectura Juvenil #emblanats la vam dedicar a\u00a0I diumenge, meteorit, d\u2019Albert Pijuan, l\u2019obra guanyadora del Premi Llibreter Infantil i Juvenil d\u2019aquest any. Vam comen\u00e7ar el debat sobre la lectura amb un plantejament de l\u2019argument, els","og_url":"https:\/\/biblioteca.blanes.cat\/salajove\/2024\/10\/23\/club-de-lectura-juvenil-emblanats-i-diumenge-meteorit\/","og_site_name":"Sala Jove","article_publisher":"https:\/\/www.facebook.com\/BilbiotecaComarcaldeBlanes\/","article_published_time":"2024-10-23T17:25:28+00:00","article_modified_time":"2025-09-03T17:30:00+00:00","og_image":[{"width":1920,"height":2560,"url":"https:\/\/biblioteca.blanes.cat\/salajove\/wp-content\/uploads\/sites\/3\/2024\/10\/meteorit-18-scaled.jpg","type":"image\/jpeg"}],"author":"biblioblanes","twitter_card":"summary_large_image","twitter_creator":"@biblioblanes","twitter_site":"@BiblioBlanes","twitter_misc":{"Escrit per":"biblioblanes","Temps estimat de lectura":"6 minuts"},"schema":{"@context":"https:\/\/schema.org","@graph":[{"@type":"Article","@id":"https:\/\/biblioteca.blanes.cat\/salajove\/2024\/10\/23\/club-de-lectura-juvenil-emblanats-i-diumenge-meteorit\/#article","isPartOf":{"@id":"https:\/\/biblioteca.blanes.cat\/salajove\/2024\/10\/23\/club-de-lectura-juvenil-emblanats-i-diumenge-meteorit\/"},"author":{"name":"biblioblanes","@id":"https:\/\/biblioteca.blanes.cat\/salajove\/#\/schema\/person\/5a7b46760d9dd611d098bbf571a341dc"},"headline":"Club de Lectura Juvenil #emblanats: I diumenge, meteorit","datePublished":"2024-10-23T17:25:28+00:00","dateModified":"2025-09-03T17:30:00+00:00","mainEntityOfPage":{"@id":"https:\/\/biblioteca.blanes.cat\/salajove\/2024\/10\/23\/club-de-lectura-juvenil-emblanats-i-diumenge-meteorit\/"},"wordCount":707,"commentCount":0,"publisher":{"@id":"https:\/\/biblioteca.blanes.cat\/salajove\/#organization"},"image":{"@id":"https:\/\/biblioteca.blanes.cat\/salajove\/2024\/10\/23\/club-de-lectura-juvenil-emblanats-i-diumenge-meteorit\/#primaryimage"},"thumbnailUrl":"https:\/\/biblioteca.blanes.cat\/salajove\/wp-content\/uploads\/sites\/3\/2024\/10\/meteorit-18-scaled.jpg","articleSection":["Club de Lectura"],"inLanguage":"ca","potentialAction":[{"@type":"CommentAction","name":"Comment","target":["https:\/\/biblioteca.blanes.cat\/salajove\/2024\/10\/23\/club-de-lectura-juvenil-emblanats-i-diumenge-meteorit\/#respond"]}]},{"@type":"WebPage","@id":"https:\/\/biblioteca.blanes.cat\/salajove\/2024\/10\/23\/club-de-lectura-juvenil-emblanats-i-diumenge-meteorit\/","url":"https:\/\/biblioteca.blanes.cat\/salajove\/2024\/10\/23\/club-de-lectura-juvenil-emblanats-i-diumenge-meteorit\/","name":"Club de Lectura Juvenil #emblanats: I diumenge, meteorit - Sala Jove","isPartOf":{"@id":"https:\/\/biblioteca.blanes.cat\/salajove\/#website"},"primaryImageOfPage":{"@id":"https:\/\/biblioteca.blanes.cat\/salajove\/2024\/10\/23\/club-de-lectura-juvenil-emblanats-i-diumenge-meteorit\/#primaryimage"},"image":{"@id":"https:\/\/biblioteca.blanes.cat\/salajove\/2024\/10\/23\/club-de-lectura-juvenil-emblanats-i-diumenge-meteorit\/#primaryimage"},"thumbnailUrl":"https:\/\/biblioteca.blanes.cat\/salajove\/wp-content\/uploads\/sites\/3\/2024\/10\/meteorit-18-scaled.jpg","datePublished":"2024-10-23T17:25:28+00:00","dateModified":"2025-09-03T17:30:00+00:00","breadcrumb":{"@id":"https:\/\/biblioteca.blanes.cat\/salajove\/2024\/10\/23\/club-de-lectura-juvenil-emblanats-i-diumenge-meteorit\/#breadcrumb"},"inLanguage":"ca","potentialAction":[{"@type":"ReadAction","target":["https:\/\/biblioteca.blanes.cat\/salajove\/2024\/10\/23\/club-de-lectura-juvenil-emblanats-i-diumenge-meteorit\/"]}]},{"@type":"ImageObject","inLanguage":"ca","@id":"https:\/\/biblioteca.blanes.cat\/salajove\/2024\/10\/23\/club-de-lectura-juvenil-emblanats-i-diumenge-meteorit\/#primaryimage","url":"https:\/\/biblioteca.blanes.cat\/salajove\/wp-content\/uploads\/sites\/3\/2024\/10\/meteorit-18-scaled.jpg","contentUrl":"https:\/\/biblioteca.blanes.cat\/salajove\/wp-content\/uploads\/sites\/3\/2024\/10\/meteorit-18-scaled.jpg","width":1920,"height":2560},{"@type":"BreadcrumbList","@id":"https:\/\/biblioteca.blanes.cat\/salajove\/2024\/10\/23\/club-de-lectura-juvenil-emblanats-i-diumenge-meteorit\/#breadcrumb","itemListElement":[{"@type":"ListItem","position":1,"name":"Inici","item":"https:\/\/biblioteca.blanes.cat\/salajove\/"},{"@type":"ListItem","position":2,"name":"Club de Lectura Juvenil #emblanats: I diumenge, meteorit"}]},{"@type":"WebSite","@id":"https:\/\/biblioteca.blanes.cat\/salajove\/#website","url":"https:\/\/biblioteca.blanes.cat\/salajove\/","name":"Sala Jove","description":"Biblioteca Comarcal de Blanes","publisher":{"@id":"https:\/\/biblioteca.blanes.cat\/salajove\/#organization"},"potentialAction":[{"@type":"SearchAction","target":{"@type":"EntryPoint","urlTemplate":"https:\/\/biblioteca.blanes.cat\/salajove\/?s={search_term_string}"},"query-input":{"@type":"PropertyValueSpecification","valueRequired":true,"valueName":"search_term_string"}}],"inLanguage":"ca"},{"@type":"Organization","@id":"https:\/\/biblioteca.blanes.cat\/salajove\/#organization","name":"Biblioteca Comarcal de Blanes","url":"https:\/\/biblioteca.blanes.cat\/salajove\/","logo":{"@type":"ImageObject","inLanguage":"ca","@id":"https:\/\/biblioteca.blanes.cat\/salajove\/#\/schema\/logo\/image\/","url":"https:\/\/biblioteca.blanes.cat\/salajove\/wp-content\/uploads\/sites\/3\/2017\/09\/cropped-Bib-blau-e1518869380535.png","contentUrl":"https:\/\/biblioteca.blanes.cat\/salajove\/wp-content\/uploads\/sites\/3\/2017\/09\/cropped-Bib-blau-e1518869380535.png","width":166,"height":166,"caption":"Biblioteca Comarcal de Blanes"},"image":{"@id":"https:\/\/biblioteca.blanes.cat\/salajove\/#\/schema\/logo\/image\/"},"sameAs":["https:\/\/www.facebook.com\/BilbiotecaComarcaldeBlanes\/","https:\/\/x.com\/BiblioBlanes","https:\/\/www.instagram.com\/biblioblanes\/","https:\/\/www.pinterest.es\/bblanes\/","https:\/\/www.youtube.com\/c\/BibliotecaComarcalBlanes"]},{"@type":"Person","@id":"https:\/\/biblioteca.blanes.cat\/salajove\/#\/schema\/person\/5a7b46760d9dd611d098bbf571a341dc","name":"biblioblanes","image":{"@type":"ImageObject","inLanguage":"ca","@id":"https:\/\/secure.gravatar.com\/avatar\/6593ca6cc90e5a70939f51c95e8315483b9c281bafba597292bee47992030f99?s=96&d=mm&r=g","url":"https:\/\/secure.gravatar.com\/avatar\/6593ca6cc90e5a70939f51c95e8315483b9c281bafba597292bee47992030f99?s=96&d=mm&r=g","contentUrl":"https:\/\/secure.gravatar.com\/avatar\/6593ca6cc90e5a70939f51c95e8315483b9c281bafba597292bee47992030f99?s=96&d=mm&r=g","caption":"biblioblanes"},"sameAs":["http:\/\/www.bibgirona.cat\/biblioteca\/blanes","https:\/\/x.com\/biblioblanes"],"url":"https:\/\/biblioteca.blanes.cat\/salajove\/author\/biblioblanes\/"}]}},"_links":{"self":[{"href":"https:\/\/biblioteca.blanes.cat\/salajove\/wp-json\/wp\/v2\/posts\/8932","targetHints":{"allow":["GET"]}}],"collection":[{"href":"https:\/\/biblioteca.blanes.cat\/salajove\/wp-json\/wp\/v2\/posts"}],"about":[{"href":"https:\/\/biblioteca.blanes.cat\/salajove\/wp-json\/wp\/v2\/types\/post"}],"author":[{"embeddable":true,"href":"https:\/\/biblioteca.blanes.cat\/salajove\/wp-json\/wp\/v2\/users\/4"}],"replies":[{"embeddable":true,"href":"https:\/\/biblioteca.blanes.cat\/salajove\/wp-json\/wp\/v2\/comments?post=8932"}],"version-history":[{"count":42,"href":"https:\/\/biblioteca.blanes.cat\/salajove\/wp-json\/wp\/v2\/posts\/8932\/revisions"}],"predecessor-version":[{"id":8993,"href":"https:\/\/biblioteca.blanes.cat\/salajove\/wp-json\/wp\/v2\/posts\/8932\/revisions\/8993"}],"wp:featuredmedia":[{"embeddable":true,"href":"https:\/\/biblioteca.blanes.cat\/salajove\/wp-json\/wp\/v2\/media\/8943"}],"wp:attachment":[{"href":"https:\/\/biblioteca.blanes.cat\/salajove\/wp-json\/wp\/v2\/media?parent=8932"}],"wp:term":[{"taxonomy":"category","embeddable":true,"href":"https:\/\/biblioteca.blanes.cat\/salajove\/wp-json\/wp\/v2\/categories?post=8932"},{"taxonomy":"post_tag","embeddable":true,"href":"https:\/\/biblioteca.blanes.cat\/salajove\/wp-json\/wp\/v2\/tags?post=8932"}],"curies":[{"name":"wp","href":"https:\/\/api.w.org\/{rel}","templated":true}]}}