{"id":8895,"date":"2024-10-01T09:46:15","date_gmt":"2024-10-01T08:46:15","guid":{"rendered":"https:\/\/biblioteca.blanes.cat\/salajove\/?p=8895"},"modified":"2024-10-31T10:23:50","modified_gmt":"2024-10-31T09:23:50","slug":"novetats-setembre-2024-2","status":"publish","type":"post","link":"https:\/\/biblioteca.blanes.cat\/salajove\/2024\/10\/01\/novetats-setembre-2024-2\/","title":{"rendered":"NOVETATS: octubre 2024"},"content":{"rendered":"\n\n\n<h1 style=\"text-align: center;\"><strong data-rich-text-format-boundary=\"true\">Biblioteca Jove Blanes \u2013 Novetats octubre<\/strong><\/h1>\n<p style=\"text-align: center;\">Ja tenim aqu\u00ed les novetats juvenils de l&#8217;octubre de 2024! Aquest mes hi trobareu una mica de tot: novel\u00b7les, c\u00f2mics, centres d&#8217;inter\u00e8s, mat\u00e8ries i audiovisuals.<\/p>\n<h1 style=\"text-align: center;\"><strong>NOVEL\u00b7LES<\/strong><\/h1>\n<div id='gallery-1' class='gallery galleryid-8895 gallery-columns-3 gallery-size-medium'><figure class='gallery-item'>\n\t\t\t<div class='gallery-icon portrait'>\n\t\t\t\t<a href='https:\/\/biblioteca.blanes.cat\/salajove\/2024\/10\/01\/novetats-setembre-2024-2\/alexie-sherman-el-diario-completamente-veridico-de-un-indio-a-tiempo-parcial\/'><img fetchpriority=\"high\" decoding=\"async\" width=\"200\" height=\"300\" src=\"https:\/\/biblioteca.blanes.cat\/salajove\/wp-content\/uploads\/sites\/3\/2024\/09\/ALEXIE-Sherman.-El-diario-completamente-veridico-de-un-indio-a-tiempo-parcial-200x300.jpg\" class=\"attachment-medium size-medium\" alt=\"\" srcset=\"https:\/\/biblioteca.blanes.cat\/salajove\/wp-content\/uploads\/sites\/3\/2024\/09\/ALEXIE-Sherman.-El-diario-completamente-veridico-de-un-indio-a-tiempo-parcial-200x300.jpg 200w, https:\/\/biblioteca.blanes.cat\/salajove\/wp-content\/uploads\/sites\/3\/2024\/09\/ALEXIE-Sherman.-El-diario-completamente-veridico-de-un-indio-a-tiempo-parcial.jpg 666w\" sizes=\"(max-width: 200px) 100vw, 200px\" \/><\/a>\n\t\t\t<\/div><\/figure><figure class='gallery-item'>\n\t\t\t<div class='gallery-icon landscape'>\n\t\t\t\t<a href='https:\/\/biblioteca.blanes.cat\/salajove\/2024\/10\/01\/novetats-setembre-2024-2\/carranza-maite-el-clan-dela-lloba-llibre-1\/'><img decoding=\"async\" width=\"300\" height=\"300\" src=\"https:\/\/biblioteca.blanes.cat\/salajove\/wp-content\/uploads\/sites\/3\/2024\/09\/CARRANZA-Maite.-El-clan-dela-lloba-llibre-1-300x300.jpg\" class=\"attachment-medium size-medium\" alt=\"\" srcset=\"https:\/\/biblioteca.blanes.cat\/salajove\/wp-content\/uploads\/sites\/3\/2024\/09\/CARRANZA-Maite.-El-clan-dela-lloba-llibre-1-300x300.jpg 300w, https:\/\/biblioteca.blanes.cat\/salajove\/wp-content\/uploads\/sites\/3\/2024\/09\/CARRANZA-Maite.-El-clan-dela-lloba-llibre-1-150x150.jpg 150w, https:\/\/biblioteca.blanes.cat\/salajove\/wp-content\/uploads\/sites\/3\/2024\/09\/CARRANZA-Maite.-El-clan-dela-lloba-llibre-1-270x270.jpg 270w, https:\/\/biblioteca.blanes.cat\/salajove\/wp-content\/uploads\/sites\/3\/2024\/09\/CARRANZA-Maite.-El-clan-dela-lloba-llibre-1-230x230.jpg 230w, https:\/\/biblioteca.blanes.cat\/salajove\/wp-content\/uploads\/sites\/3\/2024\/09\/CARRANZA-Maite.-El-clan-dela-lloba-llibre-1.jpg 340w\" sizes=\"(max-width: 300px) 100vw, 300px\" \/><\/a>\n\t\t\t<\/div><\/figure><figure class='gallery-item'>\n\t\t\t<div class='gallery-icon portrait'>\n\t\t\t\t<a href='https:\/\/biblioteca.blanes.cat\/salajove\/2024\/10\/01\/novetats-setembre-2024-2\/carranza-maite-el-desierto-de-hielo-libro-2\/'><img decoding=\"async\" width=\"196\" height=\"300\" src=\"https:\/\/biblioteca.blanes.cat\/salajove\/wp-content\/uploads\/sites\/3\/2024\/09\/CARRANZA-Maite.-El-desierto-de-hielo-libro-2-196x300.jpg\" class=\"attachment-medium size-medium\" alt=\"\" srcset=\"https:\/\/biblioteca.blanes.cat\/salajove\/wp-content\/uploads\/sites\/3\/2024\/09\/CARRANZA-Maite.-El-desierto-de-hielo-libro-2-196x300.jpg 196w, https:\/\/biblioteca.blanes.cat\/salajove\/wp-content\/uploads\/sites\/3\/2024\/09\/CARRANZA-Maite.-El-desierto-de-hielo-libro-2.jpg 457w\" sizes=\"(max-width: 196px) 100vw, 196px\" \/><\/a>\n\t\t\t<\/div><\/figure><figure class='gallery-item'>\n\t\t\t<div class='gallery-icon portrait'>\n\t\t\t\t<a href='https:\/\/biblioteca.blanes.cat\/salajove\/2024\/10\/01\/novetats-setembre-2024-2\/carranza-maite-la-malediccio-dodi-lllibre-3\/'><img loading=\"lazy\" decoding=\"async\" width=\"196\" height=\"300\" src=\"https:\/\/biblioteca.blanes.cat\/salajove\/wp-content\/uploads\/sites\/3\/2024\/09\/CARRANZA-Maite.-La-malediccio-dOdi-lllibre-3-196x300.jpg\" class=\"attachment-medium size-medium\" alt=\"\" srcset=\"https:\/\/biblioteca.blanes.cat\/salajove\/wp-content\/uploads\/sites\/3\/2024\/09\/CARRANZA-Maite.-La-malediccio-dOdi-lllibre-3-196x300.jpg 196w, https:\/\/biblioteca.blanes.cat\/salajove\/wp-content\/uploads\/sites\/3\/2024\/09\/CARRANZA-Maite.-La-malediccio-dOdi-lllibre-3.jpg 229w\" sizes=\"(max-width: 196px) 100vw, 196px\" \/><\/a>\n\t\t\t<\/div><\/figure><figure class='gallery-item'>\n\t\t\t<div class='gallery-icon portrait'>\n\t\t\t\t<a href='https:\/\/biblioteca.blanes.cat\/salajove\/2024\/10\/01\/novetats-setembre-2024-2\/longarela-andrea-hija-de-la-tierra-historias-de-cathalian\/'><img loading=\"lazy\" decoding=\"async\" width=\"209\" height=\"300\" src=\"https:\/\/biblioteca.blanes.cat\/salajove\/wp-content\/uploads\/sites\/3\/2024\/09\/LONGARELA-Andrea.-Hija-de-la-tierra-historias-de-Cathalian-209x300.jpg\" class=\"attachment-medium size-medium\" alt=\"\" srcset=\"https:\/\/biblioteca.blanes.cat\/salajove\/wp-content\/uploads\/sites\/3\/2024\/09\/LONGARELA-Andrea.-Hija-de-la-tierra-historias-de-Cathalian-209x300.jpg 209w, https:\/\/biblioteca.blanes.cat\/salajove\/wp-content\/uploads\/sites\/3\/2024\/09\/LONGARELA-Andrea.-Hija-de-la-tierra-historias-de-Cathalian.jpg 698w\" sizes=\"(max-width: 209px) 100vw, 209px\" \/><\/a>\n\t\t\t<\/div><\/figure><figure class='gallery-item'>\n\t\t\t<div class='gallery-icon portrait'>\n\t\t\t\t<a href='https:\/\/biblioteca.blanes.cat\/salajove\/2024\/10\/01\/novetats-setembre-2024-2\/longarela-andrea-juliette-y-las-canciones-perdidas\/'><img loading=\"lazy\" decoding=\"async\" width=\"197\" height=\"300\" src=\"https:\/\/biblioteca.blanes.cat\/salajove\/wp-content\/uploads\/sites\/3\/2024\/09\/LONGARELA-Andrea.-Juliette-y-las-canciones-perdidas-197x300.jpg\" class=\"attachment-medium size-medium\" alt=\"\" srcset=\"https:\/\/biblioteca.blanes.cat\/salajove\/wp-content\/uploads\/sites\/3\/2024\/09\/LONGARELA-Andrea.-Juliette-y-las-canciones-perdidas-197x300.jpg 197w, https:\/\/biblioteca.blanes.cat\/salajove\/wp-content\/uploads\/sites\/3\/2024\/09\/LONGARELA-Andrea.-Juliette-y-las-canciones-perdidas.jpg 656w\" sizes=\"(max-width: 197px) 100vw, 197px\" \/><\/a>\n\t\t\t<\/div><\/figure><figure class='gallery-item'>\n\t\t\t<div class='gallery-icon portrait'>\n\t\t\t\t<a href='https:\/\/biblioteca.blanes.cat\/salajove\/2024\/10\/01\/novetats-setembre-2024-2\/manas-pedro-un-llop-a-dins\/'><img loading=\"lazy\" decoding=\"async\" width=\"197\" height=\"300\" src=\"https:\/\/biblioteca.blanes.cat\/salajove\/wp-content\/uploads\/sites\/3\/2024\/09\/MANAS-Pedro.-Un-llop-a-dins-197x300.jpg\" class=\"attachment-medium size-medium\" alt=\"\" srcset=\"https:\/\/biblioteca.blanes.cat\/salajove\/wp-content\/uploads\/sites\/3\/2024\/09\/MANAS-Pedro.-Un-llop-a-dins-197x300.jpg 197w, https:\/\/biblioteca.blanes.cat\/salajove\/wp-content\/uploads\/sites\/3\/2024\/09\/MANAS-Pedro.-Un-llop-a-dins.jpg 657w\" sizes=\"(max-width: 197px) 100vw, 197px\" \/><\/a>\n\t\t\t<\/div><\/figure><figure class='gallery-item'>\n\t\t\t<div class='gallery-icon portrait'>\n\t\t\t\t<a href='https:\/\/biblioteca.blanes.cat\/salajove\/2024\/10\/01\/novetats-setembre-2024-2\/rodriguez-i-ferrer-josep-mentre-durin-les-espelmes\/'><img loading=\"lazy\" decoding=\"async\" width=\"203\" height=\"300\" src=\"https:\/\/biblioteca.blanes.cat\/salajove\/wp-content\/uploads\/sites\/3\/2024\/09\/RODRIGUEZ-i-FERRER-Josep.-Mentre-durin-les-espelmes-203x300.jpg\" class=\"attachment-medium size-medium\" alt=\"\" srcset=\"https:\/\/biblioteca.blanes.cat\/salajove\/wp-content\/uploads\/sites\/3\/2024\/09\/RODRIGUEZ-i-FERRER-Josep.-Mentre-durin-les-espelmes-203x300.jpg 203w, https:\/\/biblioteca.blanes.cat\/salajove\/wp-content\/uploads\/sites\/3\/2024\/09\/RODRIGUEZ-i-FERRER-Josep.-Mentre-durin-les-espelmes-693x1024.jpg 693w, https:\/\/biblioteca.blanes.cat\/salajove\/wp-content\/uploads\/sites\/3\/2024\/09\/RODRIGUEZ-i-FERRER-Josep.-Mentre-durin-les-espelmes-768x1136.jpg 768w, https:\/\/biblioteca.blanes.cat\/salajove\/wp-content\/uploads\/sites\/3\/2024\/09\/RODRIGUEZ-i-FERRER-Josep.-Mentre-durin-les-espelmes-1039x1536.jpg 1039w, https:\/\/biblioteca.blanes.cat\/salajove\/wp-content\/uploads\/sites\/3\/2024\/09\/RODRIGUEZ-i-FERRER-Josep.-Mentre-durin-les-espelmes-1385x2048.jpg 1385w, https:\/\/biblioteca.blanes.cat\/salajove\/wp-content\/uploads\/sites\/3\/2024\/09\/RODRIGUEZ-i-FERRER-Josep.-Mentre-durin-les-espelmes.jpg 1678w\" sizes=\"(max-width: 203px) 100vw, 203px\" \/><\/a>\n\t\t\t<\/div><\/figure><figure class='gallery-item'>\n\t\t\t<div class='gallery-icon portrait'>\n\t\t\t\t<a href='https:\/\/biblioteca.blanes.cat\/salajove\/2024\/10\/01\/novetats-setembre-2024-2\/suarez-i-g-natal\/'><img loading=\"lazy\" decoding=\"async\" width=\"197\" height=\"300\" src=\"https:\/\/biblioteca.blanes.cat\/salajove\/wp-content\/uploads\/sites\/3\/2024\/09\/SUAREZ-I.G.-Natal-197x300.jpg\" class=\"attachment-medium size-medium\" alt=\"\" srcset=\"https:\/\/biblioteca.blanes.cat\/salajove\/wp-content\/uploads\/sites\/3\/2024\/09\/SUAREZ-I.G.-Natal-197x300.jpg 197w, https:\/\/biblioteca.blanes.cat\/salajove\/wp-content\/uploads\/sites\/3\/2024\/09\/SUAREZ-I.G.-Natal.jpg 296w\" sizes=\"(max-width: 197px) 100vw, 197px\" \/><\/a>\n\t\t\t<\/div><\/figure>\n\t\t<\/div>\n\n<p>\u00a0<\/p>\n<h1 style=\"text-align: center;\"><strong>C\u00d2MIC<\/strong><\/h1>\n<div id='gallery-2' class='gallery galleryid-8895 gallery-columns-3 gallery-size-medium'><figure class='gallery-item'>\n\t\t\t<div class='gallery-icon portrait'>\n\t\t\t\t<a href='https:\/\/biblioteca.blanes.cat\/salajove\/2024\/10\/01\/novetats-setembre-2024-2\/abe-jun-alicia-en-el-pais-de-las-maravillas\/'><img loading=\"lazy\" decoding=\"async\" width=\"214\" height=\"300\" src=\"https:\/\/biblioteca.blanes.cat\/salajove\/wp-content\/uploads\/sites\/3\/2024\/09\/ABE-Jun.-Alicia-en-el-pais-de-las-maravillas-214x300.jpg\" class=\"attachment-medium size-medium\" alt=\"\" srcset=\"https:\/\/biblioteca.blanes.cat\/salajove\/wp-content\/uploads\/sites\/3\/2024\/09\/ABE-Jun.-Alicia-en-el-pais-de-las-maravillas-214x300.jpg 214w, https:\/\/biblioteca.blanes.cat\/salajove\/wp-content\/uploads\/sites\/3\/2024\/09\/ABE-Jun.-Alicia-en-el-pais-de-las-maravillas-729x1024.jpg 729w, https:\/\/biblioteca.blanes.cat\/salajove\/wp-content\/uploads\/sites\/3\/2024\/09\/ABE-Jun.-Alicia-en-el-pais-de-las-maravillas-768x1078.jpg 768w, https:\/\/biblioteca.blanes.cat\/salajove\/wp-content\/uploads\/sites\/3\/2024\/09\/ABE-Jun.-Alicia-en-el-pais-de-las-maravillas-1094x1536.jpg 1094w, https:\/\/biblioteca.blanes.cat\/salajove\/wp-content\/uploads\/sites\/3\/2024\/09\/ABE-Jun.-Alicia-en-el-pais-de-las-maravillas-1459x2048.jpg 1459w, https:\/\/biblioteca.blanes.cat\/salajove\/wp-content\/uploads\/sites\/3\/2024\/09\/ABE-Jun.-Alicia-en-el-pais-de-las-maravillas-scaled.jpg 1823w\" sizes=\"(max-width: 214px) 100vw, 214px\" \/><\/a>\n\t\t\t<\/div><\/figure><figure class='gallery-item'>\n\t\t\t<div class='gallery-icon portrait'>\n\t\t\t\t<a href='https:\/\/biblioteca.blanes.cat\/salajove\/2024\/10\/01\/novetats-setembre-2024-2\/ibanez-francisco-mortadelo-especial-olimpiadas-2024\/'><img loading=\"lazy\" decoding=\"async\" width=\"219\" height=\"300\" src=\"https:\/\/biblioteca.blanes.cat\/salajove\/wp-content\/uploads\/sites\/3\/2024\/09\/IBANEZ-Francisco.-Mortadelo-especial-olimpiadas-2024-219x300.jpg\" class=\"attachment-medium size-medium\" alt=\"\" srcset=\"https:\/\/biblioteca.blanes.cat\/salajove\/wp-content\/uploads\/sites\/3\/2024\/09\/IBANEZ-Francisco.-Mortadelo-especial-olimpiadas-2024-219x300.jpg 219w, https:\/\/biblioteca.blanes.cat\/salajove\/wp-content\/uploads\/sites\/3\/2024\/09\/IBANEZ-Francisco.-Mortadelo-especial-olimpiadas-2024.jpg 365w\" sizes=\"(max-width: 219px) 100vw, 219px\" \/><\/a>\n\t\t\t<\/div><\/figure>\n\t\t<\/div>\n\n\n\n\n<h1 style=\"text-align: center;\"><strong>MAT\u00c8RIES<\/strong><\/h1>\n<div id='gallery-3' class='gallery galleryid-8895 gallery-columns-3 gallery-size-medium'><figure class='gallery-item'>\n\t\t\t<div class='gallery-icon portrait'>\n\t\t\t\t<a href='https:\/\/biblioteca.blanes.cat\/salajove\/2024\/10\/01\/novetats-setembre-2024-2\/pujol-marta-el-llibre-de-canvis-un-viagte-per-la-pubertat\/'><img loading=\"lazy\" decoding=\"async\" width=\"232\" height=\"300\" src=\"https:\/\/biblioteca.blanes.cat\/salajove\/wp-content\/uploads\/sites\/3\/2024\/09\/PUJOL-Marta.-El-llibre-de-canvis-un-viagte-per-la-pubertat-232x300.jpg\" class=\"attachment-medium size-medium\" alt=\"\" srcset=\"https:\/\/biblioteca.blanes.cat\/salajove\/wp-content\/uploads\/sites\/3\/2024\/09\/PUJOL-Marta.-El-llibre-de-canvis-un-viagte-per-la-pubertat-232x300.jpg 232w, https:\/\/biblioteca.blanes.cat\/salajove\/wp-content\/uploads\/sites\/3\/2024\/09\/PUJOL-Marta.-El-llibre-de-canvis-un-viagte-per-la-pubertat-768x992.jpg 768w, https:\/\/biblioteca.blanes.cat\/salajove\/wp-content\/uploads\/sites\/3\/2024\/09\/PUJOL-Marta.-El-llibre-de-canvis-un-viagte-per-la-pubertat.jpg 774w\" sizes=\"(max-width: 232px) 100vw, 232px\" \/><\/a>\n\t\t\t<\/div><\/figure>\n\t\t<\/div>\n\n<p>&nbsp;<\/p>\n<h1 style=\"text-align: center;\"><strong>CENTRES D&#8217;INTER\u00c8S<\/strong><\/h1>\n<div id='gallery-4' class='gallery galleryid-8895 gallery-columns-3 gallery-size-medium'><figure class='gallery-item'>\n\t\t\t<div class='gallery-icon portrait'>\n\t\t\t\t<a href='https:\/\/biblioteca.blanes.cat\/salajove\/2024\/10\/01\/novetats-setembre-2024-2\/kovacs-karen-e-little-women\/'><img loading=\"lazy\" decoding=\"async\" width=\"196\" height=\"300\" src=\"https:\/\/biblioteca.blanes.cat\/salajove\/wp-content\/uploads\/sites\/3\/2024\/09\/KOVACS-Karen-E.-Little-women-196x300.jpg\" class=\"attachment-medium size-medium\" alt=\"\" srcset=\"https:\/\/biblioteca.blanes.cat\/salajove\/wp-content\/uploads\/sites\/3\/2024\/09\/KOVACS-Karen-E.-Little-women-196x300.jpg 196w, https:\/\/biblioteca.blanes.cat\/salajove\/wp-content\/uploads\/sites\/3\/2024\/09\/KOVACS-Karen-E.-Little-women.jpg 261w\" sizes=\"(max-width: 196px) 100vw, 196px\" \/><\/a>\n\t\t\t<\/div><\/figure><figure class='gallery-item'>\n\t\t\t<div class='gallery-icon portrait'>\n\t\t\t\t<a href='https:\/\/biblioteca.blanes.cat\/salajove\/2024\/10\/01\/novetats-setembre-2024-2\/villar-francisco-ense-pantalles-sento-i-penso-millor-no-deixis-que-le-spantalles-et-dominin-el-cervell-desconecta-ja\/'><img loading=\"lazy\" decoding=\"async\" width=\"233\" height=\"300\" src=\"https:\/\/biblioteca.blanes.cat\/salajove\/wp-content\/uploads\/sites\/3\/2024\/09\/VILLAR-Francisco.-Ense-pantalles-sento-i-penso-millor-no-deixis-que-le-spantalles-et-dominin-el-cervell.-Desconecta-ja-233x300.jpg\" class=\"attachment-medium size-medium\" alt=\"\" srcset=\"https:\/\/biblioteca.blanes.cat\/salajove\/wp-content\/uploads\/sites\/3\/2024\/09\/VILLAR-Francisco.-Ense-pantalles-sento-i-penso-millor-no-deixis-que-le-spantalles-et-dominin-el-cervell.-Desconecta-ja-233x300.jpg 233w, https:\/\/biblioteca.blanes.cat\/salajove\/wp-content\/uploads\/sites\/3\/2024\/09\/VILLAR-Francisco.-Ense-pantalles-sento-i-penso-millor-no-deixis-que-le-spantalles-et-dominin-el-cervell.-Desconecta-ja-768x988.jpg 768w, https:\/\/biblioteca.blanes.cat\/salajove\/wp-content\/uploads\/sites\/3\/2024\/09\/VILLAR-Francisco.-Ense-pantalles-sento-i-penso-millor-no-deixis-que-le-spantalles-et-dominin-el-cervell.-Desconecta-ja.jpg 777w\" sizes=\"(max-width: 233px) 100vw, 233px\" \/><\/a>\n\t\t\t<\/div><\/figure>\n\t\t<\/div>\n\n\n\n\n<h1 style=\"text-align: center;\"><strong>AUDIOVISUALS<\/strong><\/h1>\n<div id='gallery-5' class='gallery galleryid-8895 gallery-columns-3 gallery-size-medium'><figure class='gallery-item'>\n\t\t\t<div class='gallery-icon portrait'>\n\t\t\t\t<a href='https:\/\/biblioteca.blanes.cat\/salajove\/2024\/10\/01\/novetats-setembre-2024-2\/belle-y-sebastian-la-nueva-geneacion\/'><img loading=\"lazy\" decoding=\"async\" width=\"221\" height=\"300\" src=\"https:\/\/biblioteca.blanes.cat\/salajove\/wp-content\/uploads\/sites\/3\/2024\/09\/Belle-y-Sebastian-la-nueva-geneacion-221x300.jpg\" class=\"attachment-medium size-medium\" alt=\"\" srcset=\"https:\/\/biblioteca.blanes.cat\/salajove\/wp-content\/uploads\/sites\/3\/2024\/09\/Belle-y-Sebastian-la-nueva-geneacion-221x300.jpg 221w, https:\/\/biblioteca.blanes.cat\/salajove\/wp-content\/uploads\/sites\/3\/2024\/09\/Belle-y-Sebastian-la-nueva-geneacion.jpg 300w\" sizes=\"(max-width: 221px) 100vw, 221px\" \/><\/a>\n\t\t\t<\/div><\/figure><figure class='gallery-item'>\n\t\t\t<div class='gallery-icon portrait'>\n\t\t\t\t<a href='https:\/\/biblioteca.blanes.cat\/salajove\/2024\/10\/01\/novetats-setembre-2024-2\/cazafantasmas-imperio-helado-3\/'><img loading=\"lazy\" decoding=\"async\" width=\"233\" height=\"300\" src=\"https:\/\/biblioteca.blanes.cat\/salajove\/wp-content\/uploads\/sites\/3\/2024\/09\/Cazafantasmas-imperio-helado-2-233x300.jpg\" class=\"attachment-medium size-medium\" alt=\"\" srcset=\"https:\/\/biblioteca.blanes.cat\/salajove\/wp-content\/uploads\/sites\/3\/2024\/09\/Cazafantasmas-imperio-helado-2-233x300.jpg 233w, https:\/\/biblioteca.blanes.cat\/salajove\/wp-content\/uploads\/sites\/3\/2024\/09\/Cazafantasmas-imperio-helado-2.jpg 400w\" sizes=\"(max-width: 233px) 100vw, 233px\" \/><\/a>\n\t\t\t<\/div><\/figure><figure class='gallery-item'>\n\t\t\t<div class='gallery-icon portrait'>\n\t\t\t\t<a href='https:\/\/biblioteca.blanes.cat\/salajove\/2024\/10\/01\/novetats-setembre-2024-2\/heroes-de-barrio-3\/'><img loading=\"lazy\" decoding=\"async\" width=\"212\" height=\"300\" src=\"https:\/\/biblioteca.blanes.cat\/salajove\/wp-content\/uploads\/sites\/3\/2024\/09\/Heroes-de-barrio-2-212x300.jpg\" class=\"attachment-medium size-medium\" alt=\"\" srcset=\"https:\/\/biblioteca.blanes.cat\/salajove\/wp-content\/uploads\/sites\/3\/2024\/09\/Heroes-de-barrio-2-212x300.jpg 212w, https:\/\/biblioteca.blanes.cat\/salajove\/wp-content\/uploads\/sites\/3\/2024\/09\/Heroes-de-barrio-2.jpg 400w\" sizes=\"(max-width: 212px) 100vw, 212px\" \/><\/a>\n\t\t\t<\/div><\/figure><figure class='gallery-item'>\n\t\t\t<div class='gallery-icon portrait'>\n\t\t\t\t<a href='https:\/\/biblioteca.blanes.cat\/salajove\/2024\/10\/01\/novetats-setembre-2024-2\/la-mascara-3\/'><img loading=\"lazy\" decoding=\"async\" width=\"211\" height=\"300\" src=\"https:\/\/biblioteca.blanes.cat\/salajove\/wp-content\/uploads\/sites\/3\/2024\/09\/La-mascara-211x300.jpeg\" class=\"attachment-medium size-medium\" alt=\"\" srcset=\"https:\/\/biblioteca.blanes.cat\/salajove\/wp-content\/uploads\/sites\/3\/2024\/09\/La-mascara-211x300.jpeg 211w, https:\/\/biblioteca.blanes.cat\/salajove\/wp-content\/uploads\/sites\/3\/2024\/09\/La-mascara.jpeg 704w\" sizes=\"(max-width: 211px) 100vw, 211px\" \/><\/a>\n\t\t\t<\/div><\/figure>\n\t\t<\/div>\n\n","protected":false},"excerpt":{"rendered":"<p>Biblioteca Jove Blanes \u2013 Novetats octubre Ja tenim aqu\u00ed les novetats juvenils de l&#8217;octubre de 2024! Aquest mes hi trobareu una mica de tot: novel\u00b7les, c\u00f2mics, centres d&#8217;inter\u00e8s, mat\u00e8ries i audiovisuals. NOVEL\u00b7LES \u00a0 C\u00d2MIC MAT\u00c8RIES &nbsp; CENTRES D&#8217;INTER\u00c8S AUDIOVISUALS<\/p>\n","protected":false},"author":4,"featured_media":0,"comment_status":"open","ping_status":"open","sticky":false,"template":"","format":"standard","meta":{"sfsi_plus_gutenberg_text_before_share":"","sfsi_plus_gutenberg_show_text_before_share":"","sfsi_plus_gutenberg_icon_type":"","sfsi_plus_gutenberg_icon_alignemt":"","sfsi_plus_gutenburg_max_per_row":"","footnotes":""},"categories":[1,7],"tags":[],"class_list":["post-8895","post","type-post","status-publish","format-standard","hentry","category-general","category-novetats"],"yoast_head":"<!-- This site is optimized with the Yoast SEO plugin v27.5 - https:\/\/yoast.com\/product\/yoast-seo-wordpress\/ -->\n<title>NOVETATS: octubre 2024 - Sala Jove<\/title>\n<meta name=\"robots\" content=\"index, follow, max-snippet:-1, max-image-preview:large, max-video-preview:-1\" \/>\n<link rel=\"canonical\" href=\"https:\/\/biblioteca.blanes.cat\/salajove\/2024\/10\/01\/novetats-setembre-2024-2\/\" \/>\n<meta property=\"og:locale\" content=\"ca_ES\" \/>\n<meta property=\"og:type\" content=\"article\" \/>\n<meta property=\"og:title\" content=\"NOVETATS: octubre 2024 - Sala Jove\" \/>\n<meta property=\"og:description\" content=\"Biblioteca Jove Blanes \u2013 Novetats octubre Ja tenim aqu\u00ed les novetats juvenils de l&#8217;octubre de 2024! Aquest mes hi trobareu una mica de tot: novel\u00b7les, c\u00f2mics, centres d&#8217;inter\u00e8s, mat\u00e8ries i audiovisuals. NOVEL\u00b7LES \u00a0 C\u00d2MIC MAT\u00c8RIES &nbsp; CENTRES D&#8217;INTER\u00c8S AUDIOVISUALS\" \/>\n<meta property=\"og:url\" content=\"https:\/\/biblioteca.blanes.cat\/salajove\/2024\/10\/01\/novetats-setembre-2024-2\/\" \/>\n<meta property=\"og:site_name\" content=\"Sala Jove\" \/>\n<meta property=\"article:publisher\" content=\"https:\/\/www.facebook.com\/BilbiotecaComarcaldeBlanes\/\" \/>\n<meta property=\"article:published_time\" content=\"2024-10-01T08:46:15+00:00\" \/>\n<meta property=\"article:modified_time\" content=\"2024-10-31T09:23:50+00:00\" \/>\n<meta property=\"og:image\" content=\"https:\/\/biblioteca.blanes.cat\/salajove\/wp-content\/uploads\/sites\/3\/2024\/09\/ALEXIE-Sherman.-El-diario-completamente-veridico-de-un-indio-a-tiempo-parcial-200x300.jpg\" \/>\n<meta name=\"author\" content=\"biblioblanes\" \/>\n<meta name=\"twitter:card\" content=\"summary_large_image\" \/>\n<meta name=\"twitter:creator\" content=\"@biblioblanes\" \/>\n<meta name=\"twitter:site\" content=\"@BiblioBlanes\" \/>\n<meta name=\"twitter:label1\" content=\"Escrit per\" \/>\n\t<meta name=\"twitter:data1\" content=\"biblioblanes\" \/>\n\t<meta name=\"twitter:label2\" content=\"Temps estimat de lectura\" \/>\n\t<meta name=\"twitter:data2\" content=\"1 minut\" \/>\n<script type=\"application\/ld+json\" class=\"yoast-schema-graph\">{\"@context\":\"https:\\\/\\\/schema.org\",\"@graph\":[{\"@type\":\"Article\",\"@id\":\"https:\\\/\\\/biblioteca.blanes.cat\\\/salajove\\\/2024\\\/10\\\/01\\\/novetats-setembre-2024-2\\\/#article\",\"isPartOf\":{\"@id\":\"https:\\\/\\\/biblioteca.blanes.cat\\\/salajove\\\/2024\\\/10\\\/01\\\/novetats-setembre-2024-2\\\/\"},\"author\":{\"name\":\"biblioblanes\",\"@id\":\"https:\\\/\\\/biblioteca.blanes.cat\\\/salajove\\\/#\\\/schema\\\/person\\\/5a7b46760d9dd611d098bbf571a341dc\"},\"headline\":\"NOVETATS: octubre 2024\",\"datePublished\":\"2024-10-01T08:46:15+00:00\",\"dateModified\":\"2024-10-31T09:23:50+00:00\",\"mainEntityOfPage\":{\"@id\":\"https:\\\/\\\/biblioteca.blanes.cat\\\/salajove\\\/2024\\\/10\\\/01\\\/novetats-setembre-2024-2\\\/\"},\"wordCount\":59,\"commentCount\":0,\"publisher\":{\"@id\":\"https:\\\/\\\/biblioteca.blanes.cat\\\/salajove\\\/#organization\"},\"articleSection\":[\"Not\u00edcies\",\"Novetats\"],\"inLanguage\":\"ca\",\"potentialAction\":[{\"@type\":\"CommentAction\",\"name\":\"Comment\",\"target\":[\"https:\\\/\\\/biblioteca.blanes.cat\\\/salajove\\\/2024\\\/10\\\/01\\\/novetats-setembre-2024-2\\\/#respond\"]}]},{\"@type\":\"WebPage\",\"@id\":\"https:\\\/\\\/biblioteca.blanes.cat\\\/salajove\\\/2024\\\/10\\\/01\\\/novetats-setembre-2024-2\\\/\",\"url\":\"https:\\\/\\\/biblioteca.blanes.cat\\\/salajove\\\/2024\\\/10\\\/01\\\/novetats-setembre-2024-2\\\/\",\"name\":\"NOVETATS: octubre 2024 - Sala Jove\",\"isPartOf\":{\"@id\":\"https:\\\/\\\/biblioteca.blanes.cat\\\/salajove\\\/#website\"},\"datePublished\":\"2024-10-01T08:46:15+00:00\",\"dateModified\":\"2024-10-31T09:23:50+00:00\",\"breadcrumb\":{\"@id\":\"https:\\\/\\\/biblioteca.blanes.cat\\\/salajove\\\/2024\\\/10\\\/01\\\/novetats-setembre-2024-2\\\/#breadcrumb\"},\"inLanguage\":\"ca\",\"potentialAction\":[{\"@type\":\"ReadAction\",\"target\":[\"https:\\\/\\\/biblioteca.blanes.cat\\\/salajove\\\/2024\\\/10\\\/01\\\/novetats-setembre-2024-2\\\/\"]}]},{\"@type\":\"BreadcrumbList\",\"@id\":\"https:\\\/\\\/biblioteca.blanes.cat\\\/salajove\\\/2024\\\/10\\\/01\\\/novetats-setembre-2024-2\\\/#breadcrumb\",\"itemListElement\":[{\"@type\":\"ListItem\",\"position\":1,\"name\":\"Inici\",\"item\":\"https:\\\/\\\/biblioteca.blanes.cat\\\/salajove\\\/\"},{\"@type\":\"ListItem\",\"position\":2,\"name\":\"NOVETATS: octubre 2024\"}]},{\"@type\":\"WebSite\",\"@id\":\"https:\\\/\\\/biblioteca.blanes.cat\\\/salajove\\\/#website\",\"url\":\"https:\\\/\\\/biblioteca.blanes.cat\\\/salajove\\\/\",\"name\":\"Sala Jove\",\"description\":\"Biblioteca Comarcal de Blanes\",\"publisher\":{\"@id\":\"https:\\\/\\\/biblioteca.blanes.cat\\\/salajove\\\/#organization\"},\"potentialAction\":[{\"@type\":\"SearchAction\",\"target\":{\"@type\":\"EntryPoint\",\"urlTemplate\":\"https:\\\/\\\/biblioteca.blanes.cat\\\/salajove\\\/?s={search_term_string}\"},\"query-input\":{\"@type\":\"PropertyValueSpecification\",\"valueRequired\":true,\"valueName\":\"search_term_string\"}}],\"inLanguage\":\"ca\"},{\"@type\":\"Organization\",\"@id\":\"https:\\\/\\\/biblioteca.blanes.cat\\\/salajove\\\/#organization\",\"name\":\"Biblioteca Comarcal de Blanes\",\"url\":\"https:\\\/\\\/biblioteca.blanes.cat\\\/salajove\\\/\",\"logo\":{\"@type\":\"ImageObject\",\"inLanguage\":\"ca\",\"@id\":\"https:\\\/\\\/biblioteca.blanes.cat\\\/salajove\\\/#\\\/schema\\\/logo\\\/image\\\/\",\"url\":\"https:\\\/\\\/biblioteca.blanes.cat\\\/salajove\\\/wp-content\\\/uploads\\\/sites\\\/3\\\/2017\\\/09\\\/cropped-Bib-blau-e1518869380535.png\",\"contentUrl\":\"https:\\\/\\\/biblioteca.blanes.cat\\\/salajove\\\/wp-content\\\/uploads\\\/sites\\\/3\\\/2017\\\/09\\\/cropped-Bib-blau-e1518869380535.png\",\"width\":166,\"height\":166,\"caption\":\"Biblioteca Comarcal de Blanes\"},\"image\":{\"@id\":\"https:\\\/\\\/biblioteca.blanes.cat\\\/salajove\\\/#\\\/schema\\\/logo\\\/image\\\/\"},\"sameAs\":[\"https:\\\/\\\/www.facebook.com\\\/BilbiotecaComarcaldeBlanes\\\/\",\"https:\\\/\\\/x.com\\\/BiblioBlanes\",\"https:\\\/\\\/www.instagram.com\\\/biblioblanes\\\/\",\"https:\\\/\\\/www.pinterest.es\\\/bblanes\\\/\",\"https:\\\/\\\/www.youtube.com\\\/c\\\/BibliotecaComarcalBlanes\"]},{\"@type\":\"Person\",\"@id\":\"https:\\\/\\\/biblioteca.blanes.cat\\\/salajove\\\/#\\\/schema\\\/person\\\/5a7b46760d9dd611d098bbf571a341dc\",\"name\":\"biblioblanes\",\"image\":{\"@type\":\"ImageObject\",\"inLanguage\":\"ca\",\"@id\":\"https:\\\/\\\/secure.gravatar.com\\\/avatar\\\/6593ca6cc90e5a70939f51c95e8315483b9c281bafba597292bee47992030f99?s=96&d=mm&r=g\",\"url\":\"https:\\\/\\\/secure.gravatar.com\\\/avatar\\\/6593ca6cc90e5a70939f51c95e8315483b9c281bafba597292bee47992030f99?s=96&d=mm&r=g\",\"contentUrl\":\"https:\\\/\\\/secure.gravatar.com\\\/avatar\\\/6593ca6cc90e5a70939f51c95e8315483b9c281bafba597292bee47992030f99?s=96&d=mm&r=g\",\"caption\":\"biblioblanes\"},\"sameAs\":[\"http:\\\/\\\/www.bibgirona.cat\\\/biblioteca\\\/blanes\",\"https:\\\/\\\/x.com\\\/biblioblanes\"],\"url\":\"https:\\\/\\\/biblioteca.blanes.cat\\\/salajove\\\/author\\\/biblioblanes\\\/\"}]}<\/script>\n<!-- \/ Yoast SEO plugin. -->","yoast_head_json":{"title":"NOVETATS: octubre 2024 - Sala Jove","robots":{"index":"index","follow":"follow","max-snippet":"max-snippet:-1","max-image-preview":"max-image-preview:large","max-video-preview":"max-video-preview:-1"},"canonical":"https:\/\/biblioteca.blanes.cat\/salajove\/2024\/10\/01\/novetats-setembre-2024-2\/","og_locale":"ca_ES","og_type":"article","og_title":"NOVETATS: octubre 2024 - Sala Jove","og_description":"Biblioteca Jove Blanes \u2013 Novetats octubre Ja tenim aqu\u00ed les novetats juvenils de l&#8217;octubre de 2024! Aquest mes hi trobareu una mica de tot: novel\u00b7les, c\u00f2mics, centres d&#8217;inter\u00e8s, mat\u00e8ries i audiovisuals. NOVEL\u00b7LES \u00a0 C\u00d2MIC MAT\u00c8RIES &nbsp; CENTRES D&#8217;INTER\u00c8S AUDIOVISUALS","og_url":"https:\/\/biblioteca.blanes.cat\/salajove\/2024\/10\/01\/novetats-setembre-2024-2\/","og_site_name":"Sala Jove","article_publisher":"https:\/\/www.facebook.com\/BilbiotecaComarcaldeBlanes\/","article_published_time":"2024-10-01T08:46:15+00:00","article_modified_time":"2024-10-31T09:23:50+00:00","og_image":[{"url":"https:\/\/biblioteca.blanes.cat\/salajove\/wp-content\/uploads\/sites\/3\/2024\/09\/ALEXIE-Sherman.-El-diario-completamente-veridico-de-un-indio-a-tiempo-parcial-200x300.jpg","type":"","width":"","height":""}],"author":"biblioblanes","twitter_card":"summary_large_image","twitter_creator":"@biblioblanes","twitter_site":"@BiblioBlanes","twitter_misc":{"Escrit per":"biblioblanes","Temps estimat de lectura":"1 minut"},"schema":{"@context":"https:\/\/schema.org","@graph":[{"@type":"Article","@id":"https:\/\/biblioteca.blanes.cat\/salajove\/2024\/10\/01\/novetats-setembre-2024-2\/#article","isPartOf":{"@id":"https:\/\/biblioteca.blanes.cat\/salajove\/2024\/10\/01\/novetats-setembre-2024-2\/"},"author":{"name":"biblioblanes","@id":"https:\/\/biblioteca.blanes.cat\/salajove\/#\/schema\/person\/5a7b46760d9dd611d098bbf571a341dc"},"headline":"NOVETATS: octubre 2024","datePublished":"2024-10-01T08:46:15+00:00","dateModified":"2024-10-31T09:23:50+00:00","mainEntityOfPage":{"@id":"https:\/\/biblioteca.blanes.cat\/salajove\/2024\/10\/01\/novetats-setembre-2024-2\/"},"wordCount":59,"commentCount":0,"publisher":{"@id":"https:\/\/biblioteca.blanes.cat\/salajove\/#organization"},"articleSection":["Not\u00edcies","Novetats"],"inLanguage":"ca","potentialAction":[{"@type":"CommentAction","name":"Comment","target":["https:\/\/biblioteca.blanes.cat\/salajove\/2024\/10\/01\/novetats-setembre-2024-2\/#respond"]}]},{"@type":"WebPage","@id":"https:\/\/biblioteca.blanes.cat\/salajove\/2024\/10\/01\/novetats-setembre-2024-2\/","url":"https:\/\/biblioteca.blanes.cat\/salajove\/2024\/10\/01\/novetats-setembre-2024-2\/","name":"NOVETATS: octubre 2024 - Sala Jove","isPartOf":{"@id":"https:\/\/biblioteca.blanes.cat\/salajove\/#website"},"datePublished":"2024-10-01T08:46:15+00:00","dateModified":"2024-10-31T09:23:50+00:00","breadcrumb":{"@id":"https:\/\/biblioteca.blanes.cat\/salajove\/2024\/10\/01\/novetats-setembre-2024-2\/#breadcrumb"},"inLanguage":"ca","potentialAction":[{"@type":"ReadAction","target":["https:\/\/biblioteca.blanes.cat\/salajove\/2024\/10\/01\/novetats-setembre-2024-2\/"]}]},{"@type":"BreadcrumbList","@id":"https:\/\/biblioteca.blanes.cat\/salajove\/2024\/10\/01\/novetats-setembre-2024-2\/#breadcrumb","itemListElement":[{"@type":"ListItem","position":1,"name":"Inici","item":"https:\/\/biblioteca.blanes.cat\/salajove\/"},{"@type":"ListItem","position":2,"name":"NOVETATS: octubre 2024"}]},{"@type":"WebSite","@id":"https:\/\/biblioteca.blanes.cat\/salajove\/#website","url":"https:\/\/biblioteca.blanes.cat\/salajove\/","name":"Sala Jove","description":"Biblioteca Comarcal de Blanes","publisher":{"@id":"https:\/\/biblioteca.blanes.cat\/salajove\/#organization"},"potentialAction":[{"@type":"SearchAction","target":{"@type":"EntryPoint","urlTemplate":"https:\/\/biblioteca.blanes.cat\/salajove\/?s={search_term_string}"},"query-input":{"@type":"PropertyValueSpecification","valueRequired":true,"valueName":"search_term_string"}}],"inLanguage":"ca"},{"@type":"Organization","@id":"https:\/\/biblioteca.blanes.cat\/salajove\/#organization","name":"Biblioteca Comarcal de Blanes","url":"https:\/\/biblioteca.blanes.cat\/salajove\/","logo":{"@type":"ImageObject","inLanguage":"ca","@id":"https:\/\/biblioteca.blanes.cat\/salajove\/#\/schema\/logo\/image\/","url":"https:\/\/biblioteca.blanes.cat\/salajove\/wp-content\/uploads\/sites\/3\/2017\/09\/cropped-Bib-blau-e1518869380535.png","contentUrl":"https:\/\/biblioteca.blanes.cat\/salajove\/wp-content\/uploads\/sites\/3\/2017\/09\/cropped-Bib-blau-e1518869380535.png","width":166,"height":166,"caption":"Biblioteca Comarcal de Blanes"},"image":{"@id":"https:\/\/biblioteca.blanes.cat\/salajove\/#\/schema\/logo\/image\/"},"sameAs":["https:\/\/www.facebook.com\/BilbiotecaComarcaldeBlanes\/","https:\/\/x.com\/BiblioBlanes","https:\/\/www.instagram.com\/biblioblanes\/","https:\/\/www.pinterest.es\/bblanes\/","https:\/\/www.youtube.com\/c\/BibliotecaComarcalBlanes"]},{"@type":"Person","@id":"https:\/\/biblioteca.blanes.cat\/salajove\/#\/schema\/person\/5a7b46760d9dd611d098bbf571a341dc","name":"biblioblanes","image":{"@type":"ImageObject","inLanguage":"ca","@id":"https:\/\/secure.gravatar.com\/avatar\/6593ca6cc90e5a70939f51c95e8315483b9c281bafba597292bee47992030f99?s=96&d=mm&r=g","url":"https:\/\/secure.gravatar.com\/avatar\/6593ca6cc90e5a70939f51c95e8315483b9c281bafba597292bee47992030f99?s=96&d=mm&r=g","contentUrl":"https:\/\/secure.gravatar.com\/avatar\/6593ca6cc90e5a70939f51c95e8315483b9c281bafba597292bee47992030f99?s=96&d=mm&r=g","caption":"biblioblanes"},"sameAs":["http:\/\/www.bibgirona.cat\/biblioteca\/blanes","https:\/\/x.com\/biblioblanes"],"url":"https:\/\/biblioteca.blanes.cat\/salajove\/author\/biblioblanes\/"}]}},"_links":{"self":[{"href":"https:\/\/biblioteca.blanes.cat\/salajove\/wp-json\/wp\/v2\/posts\/8895","targetHints":{"allow":["GET"]}}],"collection":[{"href":"https:\/\/biblioteca.blanes.cat\/salajove\/wp-json\/wp\/v2\/posts"}],"about":[{"href":"https:\/\/biblioteca.blanes.cat\/salajove\/wp-json\/wp\/v2\/types\/post"}],"author":[{"embeddable":true,"href":"https:\/\/biblioteca.blanes.cat\/salajove\/wp-json\/wp\/v2\/users\/4"}],"replies":[{"embeddable":true,"href":"https:\/\/biblioteca.blanes.cat\/salajove\/wp-json\/wp\/v2\/comments?post=8895"}],"version-history":[{"count":5,"href":"https:\/\/biblioteca.blanes.cat\/salajove\/wp-json\/wp\/v2\/posts\/8895\/revisions"}],"predecessor-version":[{"id":9111,"href":"https:\/\/biblioteca.blanes.cat\/salajove\/wp-json\/wp\/v2\/posts\/8895\/revisions\/9111"}],"wp:attachment":[{"href":"https:\/\/biblioteca.blanes.cat\/salajove\/wp-json\/wp\/v2\/media?parent=8895"}],"wp:term":[{"taxonomy":"category","embeddable":true,"href":"https:\/\/biblioteca.blanes.cat\/salajove\/wp-json\/wp\/v2\/categories?post=8895"},{"taxonomy":"post_tag","embeddable":true,"href":"https:\/\/biblioteca.blanes.cat\/salajove\/wp-json\/wp\/v2\/tags?post=8895"}],"curies":[{"name":"wp","href":"https:\/\/api.w.org\/{rel}","templated":true}]}}