{"id":8802,"date":"2024-08-01T11:25:40","date_gmt":"2024-08-01T10:25:40","guid":{"rendered":"https:\/\/biblioteca.blanes.cat\/salajove\/?p=8802"},"modified":"2024-08-28T11:18:14","modified_gmt":"2024-08-28T10:18:14","slug":"novetats-agost-2024","status":"publish","type":"post","link":"https:\/\/biblioteca.blanes.cat\/salajove\/2024\/08\/01\/novetats-agost-2024\/","title":{"rendered":"NOVETATS: agost 2024"},"content":{"rendered":"\n<p><\/p>\n<h1><strong data-rich-text-format-boundary=\"true\">Biblioteca Jove Blanes \u2013 Novetats agost<\/strong><\/h1>\n<p><\/p>\n<p><\/p>\n<p>Ja tenim aqu\u00ed les novetats juvenils de l&#8217;agost de 2024! Aquest mes hi trobareu especialment novel\u00b7les i c\u00f2mics, per\u00f2 tamb\u00e9 un parell de centres d\u2019inter\u00e8s i dues pel\u00b7l\u00edcules.<\/p>\n<h1><strong>NOVEL\u00b7LES<\/strong><\/h1>\n<div id='gallery-1' class='gallery galleryid-8802 gallery-columns-3 gallery-size-medium'><figure class='gallery-item'>\n\t\t\t<div class='gallery-icon portrait'>\n\t\t\t\t<a href='https:\/\/biblioteca.blanes.cat\/salajove\/2024\/08\/01\/novetats-agost-2024\/barnes-jennifer-lynn-the-naturals-para-cazar-a-un-asesino-tienes-que-ser-su-tipo\/'><img fetchpriority=\"high\" decoding=\"async\" width=\"200\" height=\"300\" src=\"https:\/\/biblioteca.blanes.cat\/salajove\/wp-content\/uploads\/sites\/3\/2024\/08\/BARNES-Jennifer-Lynn.-The-Naturals-para-cazar-a-un-asesino-tienes-que-ser-su-tipo-200x300.jpg\" class=\"attachment-medium size-medium\" alt=\"\" srcset=\"https:\/\/biblioteca.blanes.cat\/salajove\/wp-content\/uploads\/sites\/3\/2024\/08\/BARNES-Jennifer-Lynn.-The-Naturals-para-cazar-a-un-asesino-tienes-que-ser-su-tipo-200x300.jpg 200w, https:\/\/biblioteca.blanes.cat\/salajove\/wp-content\/uploads\/sites\/3\/2024\/08\/BARNES-Jennifer-Lynn.-The-Naturals-para-cazar-a-un-asesino-tienes-que-ser-su-tipo.jpg 667w\" sizes=\"(max-width: 200px) 100vw, 200px\" \/><\/a>\n\t\t\t<\/div><\/figure><figure class='gallery-item'>\n\t\t\t<div class='gallery-icon portrait'>\n\t\t\t\t<a href='https:\/\/biblioteca.blanes.cat\/salajove\/2024\/08\/01\/novetats-agost-2024\/blanco-daniel-el-tiempo-de-la-verdad\/'><img decoding=\"async\" width=\"196\" height=\"300\" src=\"https:\/\/biblioteca.blanes.cat\/salajove\/wp-content\/uploads\/sites\/3\/2024\/08\/BLANCO-Daniel.-El-tiempo-de-la-verdad-196x300.jpg\" class=\"attachment-medium size-medium\" alt=\"\" srcset=\"https:\/\/biblioteca.blanes.cat\/salajove\/wp-content\/uploads\/sites\/3\/2024\/08\/BLANCO-Daniel.-El-tiempo-de-la-verdad-196x300.jpg 196w, https:\/\/biblioteca.blanes.cat\/salajove\/wp-content\/uploads\/sites\/3\/2024\/08\/BLANCO-Daniel.-El-tiempo-de-la-verdad.jpg 654w\" sizes=\"(max-width: 196px) 100vw, 196px\" \/><\/a>\n\t\t\t<\/div><\/figure><figure class='gallery-item'>\n\t\t\t<div class='gallery-icon portrait'>\n\t\t\t\t<a href='https:\/\/biblioteca.blanes.cat\/salajove\/2024\/08\/01\/novetats-agost-2024\/bosch-oliveras-mar-sibilla-i-lespasa-de-la-fi-del-mon\/'><img decoding=\"async\" width=\"270\" height=\"300\" src=\"https:\/\/biblioteca.blanes.cat\/salajove\/wp-content\/uploads\/sites\/3\/2024\/08\/BOSCH-OLIVERAS-Mar.-Sibilla-i-lespasa-de-la-fi-del-mon-270x300.jpg\" class=\"attachment-medium size-medium\" alt=\"\" srcset=\"https:\/\/biblioteca.blanes.cat\/salajove\/wp-content\/uploads\/sites\/3\/2024\/08\/BOSCH-OLIVERAS-Mar.-Sibilla-i-lespasa-de-la-fi-del-mon-270x300.jpg 270w, https:\/\/biblioteca.blanes.cat\/salajove\/wp-content\/uploads\/sites\/3\/2024\/08\/BOSCH-OLIVERAS-Mar.-Sibilla-i-lespasa-de-la-fi-del-mon.jpg 550w\" sizes=\"(max-width: 270px) 100vw, 270px\" \/><\/a>\n\t\t\t<\/div><\/figure><figure class='gallery-item'>\n\t\t\t<div class='gallery-icon portrait'>\n\t\t\t\t<a href='https:\/\/biblioteca.blanes.cat\/salajove\/2024\/08\/01\/novetats-agost-2024\/castillon-motta-jesus-predestinats\/'><img loading=\"lazy\" decoding=\"async\" width=\"197\" height=\"300\" src=\"https:\/\/biblioteca.blanes.cat\/salajove\/wp-content\/uploads\/sites\/3\/2024\/08\/CASTILLON-MOTTA-Jesus.-Predestinats-197x300.jpg\" class=\"attachment-medium size-medium\" alt=\"\" srcset=\"https:\/\/biblioteca.blanes.cat\/salajove\/wp-content\/uploads\/sites\/3\/2024\/08\/CASTILLON-MOTTA-Jesus.-Predestinats-197x300.jpg 197w, https:\/\/biblioteca.blanes.cat\/salajove\/wp-content\/uploads\/sites\/3\/2024\/08\/CASTILLON-MOTTA-Jesus.-Predestinats.jpg 400w\" sizes=\"(max-width: 197px) 100vw, 197px\" \/><\/a>\n\t\t\t<\/div><\/figure><figure class='gallery-item'>\n\t\t\t<div class='gallery-icon portrait'>\n\t\t\t\t<a href='https:\/\/biblioteca.blanes.cat\/salajove\/2024\/08\/01\/novetats-agost-2024\/doom-erin-fabricante-de-llagrimes\/'><img loading=\"lazy\" decoding=\"async\" width=\"197\" height=\"300\" src=\"https:\/\/biblioteca.blanes.cat\/salajove\/wp-content\/uploads\/sites\/3\/2024\/08\/DOOM-Erin.-Fabricante-de-llagrimes-197x300.jpg\" class=\"attachment-medium size-medium\" alt=\"\" srcset=\"https:\/\/biblioteca.blanes.cat\/salajove\/wp-content\/uploads\/sites\/3\/2024\/08\/DOOM-Erin.-Fabricante-de-llagrimes-197x300.jpg 197w, https:\/\/biblioteca.blanes.cat\/salajove\/wp-content\/uploads\/sites\/3\/2024\/08\/DOOM-Erin.-Fabricante-de-llagrimes.jpg 658w\" sizes=\"(max-width: 197px) 100vw, 197px\" \/><\/a>\n\t\t\t<\/div><\/figure><figure class='gallery-item'>\n\t\t\t<div class='gallery-icon portrait'>\n\t\t\t\t<a href='https:\/\/biblioteca.blanes.cat\/salajove\/2024\/08\/01\/novetats-agost-2024\/fombelle-timothee-de-alma-la-fetillera\/'><img loading=\"lazy\" decoding=\"async\" width=\"193\" height=\"300\" src=\"https:\/\/biblioteca.blanes.cat\/salajove\/wp-content\/uploads\/sites\/3\/2024\/08\/FOMBELLE-Timothee-de.-Alma-la-fetillera-193x300.jpg\" class=\"attachment-medium size-medium\" alt=\"\" srcset=\"https:\/\/biblioteca.blanes.cat\/salajove\/wp-content\/uploads\/sites\/3\/2024\/08\/FOMBELLE-Timothee-de.-Alma-la-fetillera-193x300.jpg 193w, https:\/\/biblioteca.blanes.cat\/salajove\/wp-content\/uploads\/sites\/3\/2024\/08\/FOMBELLE-Timothee-de.-Alma-la-fetillera.jpg 514w\" sizes=\"(max-width: 193px) 100vw, 193px\" \/><\/a>\n\t\t\t<\/div><\/figure><figure class='gallery-item'>\n\t\t\t<div class='gallery-icon portrait'>\n\t\t\t\t<a href='https:\/\/biblioteca.blanes.cat\/salajove\/2024\/08\/01\/novetats-agost-2024\/garcia-monica-destin-escucha-mi-voz\/'><img loading=\"lazy\" decoding=\"async\" width=\"211\" height=\"300\" src=\"https:\/\/biblioteca.blanes.cat\/salajove\/wp-content\/uploads\/sites\/3\/2024\/08\/GARCIA-Monica.-Destin-escucha-mi-voz-211x300.jpg\" class=\"attachment-medium size-medium\" alt=\"\" srcset=\"https:\/\/biblioteca.blanes.cat\/salajove\/wp-content\/uploads\/sites\/3\/2024\/08\/GARCIA-Monica.-Destin-escucha-mi-voz-211x300.jpg 211w, https:\/\/biblioteca.blanes.cat\/salajove\/wp-content\/uploads\/sites\/3\/2024\/08\/GARCIA-Monica.-Destin-escucha-mi-voz.jpg 352w\" sizes=\"(max-width: 211px) 100vw, 211px\" \/><\/a>\n\t\t\t<\/div><\/figure><figure class='gallery-item'>\n\t\t\t<div class='gallery-icon portrait'>\n\t\t\t\t<a href='https:\/\/biblioteca.blanes.cat\/salajove\/2024\/08\/01\/novetats-agost-2024\/guillen-colomer-sonia-cicatrius-el-temps-no-ho-cura-tot-pero-passa\/'><img loading=\"lazy\" decoding=\"async\" width=\"195\" height=\"300\" src=\"https:\/\/biblioteca.blanes.cat\/salajove\/wp-content\/uploads\/sites\/3\/2024\/08\/GUILLEN-COLOMER-Sonia.-Cicatrius-el-temps-no-ho-cura-tot-pero-passa-195x300.jpg\" class=\"attachment-medium size-medium\" alt=\"\" srcset=\"https:\/\/biblioteca.blanes.cat\/salajove\/wp-content\/uploads\/sites\/3\/2024\/08\/GUILLEN-COLOMER-Sonia.-Cicatrius-el-temps-no-ho-cura-tot-pero-passa-195x300.jpg 195w, https:\/\/biblioteca.blanes.cat\/salajove\/wp-content\/uploads\/sites\/3\/2024\/08\/GUILLEN-COLOMER-Sonia.-Cicatrius-el-temps-no-ho-cura-tot-pero-passa.jpg 300w\" sizes=\"(max-width: 195px) 100vw, 195px\" \/><\/a>\n\t\t\t<\/div><\/figure><figure class='gallery-item'>\n\t\t\t<div class='gallery-icon portrait'>\n\t\t\t\t<a href='https:\/\/biblioteca.blanes.cat\/salajove\/2024\/08\/01\/novetats-agost-2024\/jacobs-jaco-nunca-es-tarde-para-subirse-a-un-arbol\/'><img loading=\"lazy\" decoding=\"async\" width=\"199\" height=\"300\" src=\"https:\/\/biblioteca.blanes.cat\/salajove\/wp-content\/uploads\/sites\/3\/2024\/08\/JACOBS-Jaco.-Nunca-es-tarde-para-subirse-a-un-arbol-199x300.jpg\" class=\"attachment-medium size-medium\" alt=\"\" srcset=\"https:\/\/biblioteca.blanes.cat\/salajove\/wp-content\/uploads\/sites\/3\/2024\/08\/JACOBS-Jaco.-Nunca-es-tarde-para-subirse-a-un-arbol-199x300.jpg 199w, https:\/\/biblioteca.blanes.cat\/salajove\/wp-content\/uploads\/sites\/3\/2024\/08\/JACOBS-Jaco.-Nunca-es-tarde-para-subirse-a-un-arbol.jpg 663w\" sizes=\"(max-width: 199px) 100vw, 199px\" \/><\/a>\n\t\t\t<\/div><\/figure><figure class='gallery-item'>\n\t\t\t<div class='gallery-icon portrait'>\n\t\t\t\t<a href='https:\/\/biblioteca.blanes.cat\/salajove\/2024\/08\/01\/novetats-agost-2024\/jarrell-randall-la-familia-animal-jn-jar\/'><img loading=\"lazy\" decoding=\"async\" width=\"236\" height=\"300\" src=\"https:\/\/biblioteca.blanes.cat\/salajove\/wp-content\/uploads\/sites\/3\/2024\/08\/JARRELL-Randall.-La-familia-animal-JN-JAR-236x300.jpg\" class=\"attachment-medium size-medium\" alt=\"\" srcset=\"https:\/\/biblioteca.blanes.cat\/salajove\/wp-content\/uploads\/sites\/3\/2024\/08\/JARRELL-Randall.-La-familia-animal-JN-JAR-236x300.jpg 236w, https:\/\/biblioteca.blanes.cat\/salajove\/wp-content\/uploads\/sites\/3\/2024\/08\/JARRELL-Randall.-La-familia-animal-JN-JAR.jpg 700w\" sizes=\"(max-width: 236px) 100vw, 236px\" \/><\/a>\n\t\t\t<\/div><\/figure><figure class='gallery-item'>\n\t\t\t<div class='gallery-icon portrait'>\n\t\t\t\t<a href='https:\/\/biblioteca.blanes.cat\/salajove\/2024\/08\/01\/novetats-agost-2024\/macdonald-george-la-princesa-y-los-trasgos-la-princesa-y-curdie\/'><img loading=\"lazy\" decoding=\"async\" width=\"194\" height=\"300\" src=\"https:\/\/biblioteca.blanes.cat\/salajove\/wp-content\/uploads\/sites\/3\/2024\/08\/MaCDONALD-George.-La-princesa-y-los-trasgos-La-princesa-y-Curdie-194x300.jpg\" class=\"attachment-medium size-medium\" alt=\"\" srcset=\"https:\/\/biblioteca.blanes.cat\/salajove\/wp-content\/uploads\/sites\/3\/2024\/08\/MaCDONALD-George.-La-princesa-y-los-trasgos-La-princesa-y-Curdie-194x300.jpg 194w, https:\/\/biblioteca.blanes.cat\/salajove\/wp-content\/uploads\/sites\/3\/2024\/08\/MaCDONALD-George.-La-princesa-y-los-trasgos-La-princesa-y-Curdie.jpg 645w\" sizes=\"(max-width: 194px) 100vw, 194px\" \/><\/a>\n\t\t\t<\/div><\/figure><figure class='gallery-item'>\n\t\t\t<div class='gallery-icon portrait'>\n\t\t\t\t<a href='https:\/\/biblioteca.blanes.cat\/salajove\/2024\/08\/01\/novetats-agost-2024\/padilla-arturo-extranos-en-un-aeropuerto\/'><img loading=\"lazy\" decoding=\"async\" width=\"199\" height=\"300\" src=\"https:\/\/biblioteca.blanes.cat\/salajove\/wp-content\/uploads\/sites\/3\/2024\/08\/PADILLA-Arturo.-Extranos-en-un-aeropuerto-199x300.jpg\" class=\"attachment-medium size-medium\" alt=\"\" srcset=\"https:\/\/biblioteca.blanes.cat\/salajove\/wp-content\/uploads\/sites\/3\/2024\/08\/PADILLA-Arturo.-Extranos-en-un-aeropuerto-199x300.jpg 199w, https:\/\/biblioteca.blanes.cat\/salajove\/wp-content\/uploads\/sites\/3\/2024\/08\/PADILLA-Arturo.-Extranos-en-un-aeropuerto.jpg 662w\" sizes=\"(max-width: 199px) 100vw, 199px\" \/><\/a>\n\t\t\t<\/div><\/figure><figure class='gallery-item'>\n\t\t\t<div class='gallery-icon portrait'>\n\t\t\t\t<a href='https:\/\/biblioteca.blanes.cat\/salajove\/2024\/08\/01\/novetats-agost-2024\/whitten-hannah-para-el-lobo-jn-whi\/'><img loading=\"lazy\" decoding=\"async\" width=\"199\" height=\"300\" src=\"https:\/\/biblioteca.blanes.cat\/salajove\/wp-content\/uploads\/sites\/3\/2024\/08\/WHITTEN-Hannah.-Para-el-lobo-JN-WHI-199x300.jpg\" class=\"attachment-medium size-medium\" alt=\"\" srcset=\"https:\/\/biblioteca.blanes.cat\/salajove\/wp-content\/uploads\/sites\/3\/2024\/08\/WHITTEN-Hannah.-Para-el-lobo-JN-WHI-199x300.jpg 199w, https:\/\/biblioteca.blanes.cat\/salajove\/wp-content\/uploads\/sites\/3\/2024\/08\/WHITTEN-Hannah.-Para-el-lobo-JN-WHI.jpg 663w\" sizes=\"(max-width: 199px) 100vw, 199px\" \/><\/a>\n\t\t\t<\/div><\/figure><figure class='gallery-item'>\n\t\t\t<div class='gallery-icon portrait'>\n\t\t\t\t<a href='https:\/\/biblioteca.blanes.cat\/salajove\/2024\/08\/01\/novetats-agost-2024\/zappia-francesca-los-monstruos-de-eliza\/'><img loading=\"lazy\" decoding=\"async\" width=\"207\" height=\"300\" src=\"https:\/\/biblioteca.blanes.cat\/salajove\/wp-content\/uploads\/sites\/3\/2024\/08\/ZAPPIA-Francesca.-Los-monstruos-de-Eliza-207x300.jpg\" class=\"attachment-medium size-medium\" alt=\"\" srcset=\"https:\/\/biblioteca.blanes.cat\/salajove\/wp-content\/uploads\/sites\/3\/2024\/08\/ZAPPIA-Francesca.-Los-monstruos-de-Eliza-207x300.jpg 207w, https:\/\/biblioteca.blanes.cat\/salajove\/wp-content\/uploads\/sites\/3\/2024\/08\/ZAPPIA-Francesca.-Los-monstruos-de-Eliza.jpg 691w\" sizes=\"(max-width: 207px) 100vw, 207px\" \/><\/a>\n\t\t\t<\/div><\/figure>\n\t\t<\/div>\n\n<h1><strong>C\u00d2MICS<\/strong><\/h1>\n<div id='gallery-2' class='gallery galleryid-8802 gallery-columns-3 gallery-size-medium'><figure class='gallery-item'>\n\t\t\t<div class='gallery-icon portrait'>\n\t\t\t\t<a href='https:\/\/biblioteca.blanes.cat\/salajove\/2024\/08\/01\/novetats-agost-2024\/bryon-lucie-ladrona\/'><img loading=\"lazy\" decoding=\"async\" width=\"241\" height=\"300\" src=\"https:\/\/biblioteca.blanes.cat\/salajove\/wp-content\/uploads\/sites\/3\/2024\/08\/BRYON-Lucie.-Ladrona-241x300.jpg\" class=\"attachment-medium size-medium\" alt=\"\" srcset=\"https:\/\/biblioteca.blanes.cat\/salajove\/wp-content\/uploads\/sites\/3\/2024\/08\/BRYON-Lucie.-Ladrona-241x300.jpg 241w, https:\/\/biblioteca.blanes.cat\/salajove\/wp-content\/uploads\/sites\/3\/2024\/08\/BRYON-Lucie.-Ladrona-768x956.jpg 768w, https:\/\/biblioteca.blanes.cat\/salajove\/wp-content\/uploads\/sites\/3\/2024\/08\/BRYON-Lucie.-Ladrona.jpg 803w\" sizes=\"(max-width: 241px) 100vw, 241px\" \/><\/a>\n\t\t\t<\/div><\/figure><figure class='gallery-item'>\n\t\t\t<div class='gallery-icon portrait'>\n\t\t\t\t<a href='https:\/\/biblioteca.blanes.cat\/salajove\/2024\/08\/01\/novetats-agost-2024\/shiina-karuho-llegando-a-ti-jc-japones-shi-vol-12\/'><img loading=\"lazy\" decoding=\"async\" width=\"184\" height=\"300\" src=\"https:\/\/biblioteca.blanes.cat\/salajove\/wp-content\/uploads\/sites\/3\/2024\/08\/SHIINA-Karuho.-Llegando-a-ti-JC-JAPONES-SHI-vol.12-184x300.jpg\" class=\"attachment-medium size-medium\" alt=\"\" srcset=\"https:\/\/biblioteca.blanes.cat\/salajove\/wp-content\/uploads\/sites\/3\/2024\/08\/SHIINA-Karuho.-Llegando-a-ti-JC-JAPONES-SHI-vol.12-184x300.jpg 184w, https:\/\/biblioteca.blanes.cat\/salajove\/wp-content\/uploads\/sites\/3\/2024\/08\/SHIINA-Karuho.-Llegando-a-ti-JC-JAPONES-SHI-vol.12-630x1024.jpg 630w, https:\/\/biblioteca.blanes.cat\/salajove\/wp-content\/uploads\/sites\/3\/2024\/08\/SHIINA-Karuho.-Llegando-a-ti-JC-JAPONES-SHI-vol.12-768x1249.jpg 768w, https:\/\/biblioteca.blanes.cat\/salajove\/wp-content\/uploads\/sites\/3\/2024\/08\/SHIINA-Karuho.-Llegando-a-ti-JC-JAPONES-SHI-vol.12-944x1536.jpg 944w, https:\/\/biblioteca.blanes.cat\/salajove\/wp-content\/uploads\/sites\/3\/2024\/08\/SHIINA-Karuho.-Llegando-a-ti-JC-JAPONES-SHI-vol.12-1259x2048.jpg 1259w, https:\/\/biblioteca.blanes.cat\/salajove\/wp-content\/uploads\/sites\/3\/2024\/08\/SHIINA-Karuho.-Llegando-a-ti-JC-JAPONES-SHI-vol.12-scaled.jpg 1574w\" sizes=\"(max-width: 184px) 100vw, 184px\" \/><\/a>\n\t\t\t<\/div><\/figure><figure class='gallery-item'>\n\t\t\t<div class='gallery-icon portrait'>\n\t\t\t\t<a href='https:\/\/biblioteca.blanes.cat\/salajove\/2024\/08\/01\/novetats-agost-2024\/shiina-karuho-llegando-a-ti-jc-japones-shi-vol-13\/'><img loading=\"lazy\" decoding=\"async\" width=\"187\" height=\"300\" src=\"https:\/\/biblioteca.blanes.cat\/salajove\/wp-content\/uploads\/sites\/3\/2024\/08\/SHIINA-Karuho.-Llegando-a-ti-JC-JAPONES-SHI-vol.13-187x300.jpg\" class=\"attachment-medium size-medium\" alt=\"\" srcset=\"https:\/\/biblioteca.blanes.cat\/salajove\/wp-content\/uploads\/sites\/3\/2024\/08\/SHIINA-Karuho.-Llegando-a-ti-JC-JAPONES-SHI-vol.13-187x300.jpg 187w, https:\/\/biblioteca.blanes.cat\/salajove\/wp-content\/uploads\/sites\/3\/2024\/08\/SHIINA-Karuho.-Llegando-a-ti-JC-JAPONES-SHI-vol.13-640x1024.jpg 640w, https:\/\/biblioteca.blanes.cat\/salajove\/wp-content\/uploads\/sites\/3\/2024\/08\/SHIINA-Karuho.-Llegando-a-ti-JC-JAPONES-SHI-vol.13-768x1230.jpg 768w, https:\/\/biblioteca.blanes.cat\/salajove\/wp-content\/uploads\/sites\/3\/2024\/08\/SHIINA-Karuho.-Llegando-a-ti-JC-JAPONES-SHI-vol.13-959x1536.jpg 959w, https:\/\/biblioteca.blanes.cat\/salajove\/wp-content\/uploads\/sites\/3\/2024\/08\/SHIINA-Karuho.-Llegando-a-ti-JC-JAPONES-SHI-vol.13-1279x2048.jpg 1279w, https:\/\/biblioteca.blanes.cat\/salajove\/wp-content\/uploads\/sites\/3\/2024\/08\/SHIINA-Karuho.-Llegando-a-ti-JC-JAPONES-SHI-vol.13-scaled.jpg 1599w\" sizes=\"(max-width: 187px) 100vw, 187px\" \/><\/a>\n\t\t\t<\/div><\/figure><figure class='gallery-item'>\n\t\t\t<div class='gallery-icon portrait'>\n\t\t\t\t<a href='https:\/\/biblioteca.blanes.cat\/salajove\/2024\/08\/01\/novetats-agost-2024\/shiina-karuho-llegando-a-ti-jc-japones-shi-vol-14\/'><img loading=\"lazy\" decoding=\"async\" width=\"232\" height=\"300\" src=\"https:\/\/biblioteca.blanes.cat\/salajove\/wp-content\/uploads\/sites\/3\/2024\/08\/SHIINA-Karuho.-Llegando-a-ti-JC-JAPONES-SHI-vol.14-232x300.jpg\" class=\"attachment-medium size-medium\" alt=\"\" srcset=\"https:\/\/biblioteca.blanes.cat\/salajove\/wp-content\/uploads\/sites\/3\/2024\/08\/SHIINA-Karuho.-Llegando-a-ti-JC-JAPONES-SHI-vol.14-232x300.jpg 232w, https:\/\/biblioteca.blanes.cat\/salajove\/wp-content\/uploads\/sites\/3\/2024\/08\/SHIINA-Karuho.-Llegando-a-ti-JC-JAPONES-SHI-vol.14-792x1024.jpg 792w, https:\/\/biblioteca.blanes.cat\/salajove\/wp-content\/uploads\/sites\/3\/2024\/08\/SHIINA-Karuho.-Llegando-a-ti-JC-JAPONES-SHI-vol.14-768x993.jpg 768w, https:\/\/biblioteca.blanes.cat\/salajove\/wp-content\/uploads\/sites\/3\/2024\/08\/SHIINA-Karuho.-Llegando-a-ti-JC-JAPONES-SHI-vol.14.jpg 1100w\" sizes=\"(max-width: 232px) 100vw, 232px\" \/><\/a>\n\t\t\t<\/div><\/figure><figure class='gallery-item'>\n\t\t\t<div class='gallery-icon portrait'>\n\t\t\t\t<a href='https:\/\/biblioteca.blanes.cat\/salajove\/2024\/08\/01\/novetats-agost-2024\/yamada-kanehito-frieren-jc-japones-fri-vol-5\/'><img loading=\"lazy\" decoding=\"async\" width=\"197\" height=\"300\" src=\"https:\/\/biblioteca.blanes.cat\/salajove\/wp-content\/uploads\/sites\/3\/2024\/08\/YAMADA-Kanehito.-Frieren-JC-JAPONES-FRI-vol.-5-197x300.jpg\" class=\"attachment-medium size-medium\" alt=\"\" srcset=\"https:\/\/biblioteca.blanes.cat\/salajove\/wp-content\/uploads\/sites\/3\/2024\/08\/YAMADA-Kanehito.-Frieren-JC-JAPONES-FRI-vol.-5-197x300.jpg 197w, https:\/\/biblioteca.blanes.cat\/salajove\/wp-content\/uploads\/sites\/3\/2024\/08\/YAMADA-Kanehito.-Frieren-JC-JAPONES-FRI-vol.-5.jpg 657w\" sizes=\"(max-width: 197px) 100vw, 197px\" \/><\/a>\n\t\t\t<\/div><\/figure><figure class='gallery-item'>\n\t\t\t<div class='gallery-icon portrait'>\n\t\t\t\t<a href='https:\/\/biblioteca.blanes.cat\/salajove\/2024\/08\/01\/novetats-agost-2024\/yamada-kanehito-frieren-jc-japones-fri-vol-6\/'><img loading=\"lazy\" decoding=\"async\" width=\"197\" height=\"300\" src=\"https:\/\/biblioteca.blanes.cat\/salajove\/wp-content\/uploads\/sites\/3\/2024\/08\/YAMADA-Kanehito.-Frieren-JC-JAPONES-FRI-vol.-6-197x300.jpg\" class=\"attachment-medium size-medium\" alt=\"\" srcset=\"https:\/\/biblioteca.blanes.cat\/salajove\/wp-content\/uploads\/sites\/3\/2024\/08\/YAMADA-Kanehito.-Frieren-JC-JAPONES-FRI-vol.-6-197x300.jpg 197w, https:\/\/biblioteca.blanes.cat\/salajove\/wp-content\/uploads\/sites\/3\/2024\/08\/YAMADA-Kanehito.-Frieren-JC-JAPONES-FRI-vol.-6.jpg 657w\" sizes=\"(max-width: 197px) 100vw, 197px\" \/><\/a>\n\t\t\t<\/div><\/figure><figure class='gallery-item'>\n\t\t\t<div class='gallery-icon portrait'>\n\t\t\t\t<a href='https:\/\/biblioteca.blanes.cat\/salajove\/2024\/08\/01\/novetats-agost-2024\/llegando-a-ti\/'><img loading=\"lazy\" decoding=\"async\" width=\"190\" height=\"300\" src=\"https:\/\/biblioteca.blanes.cat\/salajove\/wp-content\/uploads\/sites\/3\/2024\/08\/llegando-a-ti-190x300.jpg\" class=\"attachment-medium size-medium\" alt=\"\" srcset=\"https:\/\/biblioteca.blanes.cat\/salajove\/wp-content\/uploads\/sites\/3\/2024\/08\/llegando-a-ti-190x300.jpg 190w, https:\/\/biblioteca.blanes.cat\/salajove\/wp-content\/uploads\/sites\/3\/2024\/08\/llegando-a-ti.jpg 360w\" sizes=\"(max-width: 190px) 100vw, 190px\" \/><\/a>\n\t\t\t<\/div><\/figure>\n\t\t<\/div>\n\n<h1><strong>CENTRES D&#8217;INTER\u00c8S<\/strong><\/h1>\n<div id='gallery-3' class='gallery galleryid-8802 gallery-columns-3 gallery-size-medium'><figure class='gallery-item'>\n\t\t\t<div class='gallery-icon portrait'>\n\t\t\t\t<a href='https:\/\/biblioteca.blanes.cat\/salajove\/2024\/08\/01\/novetats-agost-2024\/hammonds-jas-we-deserve-monuments\/'><img loading=\"lazy\" decoding=\"async\" width=\"200\" height=\"300\" src=\"https:\/\/biblioteca.blanes.cat\/salajove\/wp-content\/uploads\/sites\/3\/2024\/08\/HAMMONDS-Jas.-We-deserve-monuments-200x300.jpg\" class=\"attachment-medium size-medium\" alt=\"\" srcset=\"https:\/\/biblioteca.blanes.cat\/salajove\/wp-content\/uploads\/sites\/3\/2024\/08\/HAMMONDS-Jas.-We-deserve-monuments-200x300.jpg 200w, https:\/\/biblioteca.blanes.cat\/salajove\/wp-content\/uploads\/sites\/3\/2024\/08\/HAMMONDS-Jas.-We-deserve-monuments.jpg 667w\" sizes=\"(max-width: 200px) 100vw, 200px\" \/><\/a>\n\t\t\t<\/div><\/figure><figure class='gallery-item'>\n\t\t\t<div class='gallery-icon portrait'>\n\t\t\t\t<a href='https:\/\/biblioteca.blanes.cat\/salajove\/2024\/08\/01\/novetats-agost-2024\/lopez-nando-por-que-tiene-que-ser-todo-tan-dificil\/'><img loading=\"lazy\" decoding=\"async\" width=\"184\" height=\"273\" src=\"https:\/\/biblioteca.blanes.cat\/salajove\/wp-content\/uploads\/sites\/3\/2024\/08\/LOPEZ-Nando.-Por-que-tiene-que-ser-todo-tan-dificil.jpg\" class=\"attachment-medium size-medium\" alt=\"\" \/><\/a>\n\t\t\t<\/div><\/figure>\n\t\t<\/div>\n\n<h1><strong>AUDIOVISUALS<\/strong><\/h1>\n<div id='gallery-4' class='gallery galleryid-8802 gallery-columns-3 gallery-size-medium'><figure class='gallery-item'>\n\t\t\t<div class='gallery-icon portrait'>\n\t\t\t\t<a href='https:\/\/biblioteca.blanes.cat\/salajove\/2024\/08\/01\/novetats-agost-2024\/aquaman-y-el-reino-perdido-james-wan\/'><img loading=\"lazy\" decoding=\"async\" width=\"180\" height=\"267\" src=\"https:\/\/biblioteca.blanes.cat\/salajove\/wp-content\/uploads\/sites\/3\/2024\/08\/Aquaman-y-el-reino-perdido-James-Wan.jpg\" class=\"attachment-medium size-medium\" alt=\"\" \/><\/a>\n\t\t\t<\/div><\/figure><figure class='gallery-item'>\n\t\t\t<div class='gallery-icon portrait'>\n\t\t\t\t<a href='https:\/\/biblioteca.blanes.cat\/salajove\/2024\/08\/01\/novetats-agost-2024\/los-juegos-del-hambre-balada-de-pajaros-cantores-y-serpientes-francis-lawrence\/'><img loading=\"lazy\" decoding=\"async\" width=\"239\" height=\"300\" src=\"https:\/\/biblioteca.blanes.cat\/salajove\/wp-content\/uploads\/sites\/3\/2024\/08\/Los-juegos-del-hambre-balada-de-pajaros-cantores-y-serpientes-Francis-Lawrence-239x300.jpg\" class=\"attachment-medium size-medium\" alt=\"\" srcset=\"https:\/\/biblioteca.blanes.cat\/salajove\/wp-content\/uploads\/sites\/3\/2024\/08\/Los-juegos-del-hambre-balada-de-pajaros-cantores-y-serpientes-Francis-Lawrence-239x300.jpg 239w, https:\/\/biblioteca.blanes.cat\/salajove\/wp-content\/uploads\/sites\/3\/2024\/08\/Los-juegos-del-hambre-balada-de-pajaros-cantores-y-serpientes-Francis-Lawrence.jpg 372w\" sizes=\"(max-width: 239px) 100vw, 239px\" \/><\/a>\n\t\t\t<\/div><\/figure>\n\t\t<\/div>\n\n<h1>\u00a0<\/h1>\n<h1>\u00a0<\/h1>\n\n<!-- \/wp:tadv\/classic-paragraph -->\n\n<p>\n\n<!-- wp:tadv\/classic-paragraph -->\n<\/p>\n<h1><strong data-rich-text-format-boundary=\"true\">Biblioteca Jove Blanes \u2013 Novetats agost<\/strong><\/h1>\n<p><!-- wp:tadv\/classic-paragraph --><\/p>\n<p><!-- wp:tadv\/classic-paragraph --><\/p>\n<p>Ja tenim aqu\u00ed les novetats juvenils del juliol de 2024! Aquest mes hi trobareu especialment novel\u00b7les i c\u00f2mics, per\u00f2 tamb\u00e9 un parell de centres d\u2019inter\u00e8s i dues pel\u00b7l\u00edcules.<\/p>\n<h1><strong>NOVEL\u00b7LES<\/strong><\/h1>\n<div id='gallery-5' class='gallery galleryid-8802 gallery-columns-3 gallery-size-medium'><figure class='gallery-item'>\n\t\t\t<div class='gallery-icon portrait'>\n\t\t\t\t<a href='https:\/\/biblioteca.blanes.cat\/salajove\/2024\/08\/01\/novetats-agost-2024\/barnes-jennifer-lynn-the-naturals-para-cazar-a-un-asesino-tienes-que-ser-su-tipo\/'><img fetchpriority=\"high\" decoding=\"async\" width=\"200\" height=\"300\" src=\"https:\/\/biblioteca.blanes.cat\/salajove\/wp-content\/uploads\/sites\/3\/2024\/08\/BARNES-Jennifer-Lynn.-The-Naturals-para-cazar-a-un-asesino-tienes-que-ser-su-tipo-200x300.jpg\" class=\"attachment-medium size-medium\" alt=\"\" srcset=\"https:\/\/biblioteca.blanes.cat\/salajove\/wp-content\/uploads\/sites\/3\/2024\/08\/BARNES-Jennifer-Lynn.-The-Naturals-para-cazar-a-un-asesino-tienes-que-ser-su-tipo-200x300.jpg 200w, https:\/\/biblioteca.blanes.cat\/salajove\/wp-content\/uploads\/sites\/3\/2024\/08\/BARNES-Jennifer-Lynn.-The-Naturals-para-cazar-a-un-asesino-tienes-que-ser-su-tipo.jpg 667w\" sizes=\"(max-width: 200px) 100vw, 200px\" \/><\/a>\n\t\t\t<\/div><\/figure><figure class='gallery-item'>\n\t\t\t<div class='gallery-icon portrait'>\n\t\t\t\t<a href='https:\/\/biblioteca.blanes.cat\/salajove\/2024\/08\/01\/novetats-agost-2024\/blanco-daniel-el-tiempo-de-la-verdad\/'><img decoding=\"async\" width=\"196\" height=\"300\" src=\"https:\/\/biblioteca.blanes.cat\/salajove\/wp-content\/uploads\/sites\/3\/2024\/08\/BLANCO-Daniel.-El-tiempo-de-la-verdad-196x300.jpg\" class=\"attachment-medium size-medium\" alt=\"\" srcset=\"https:\/\/biblioteca.blanes.cat\/salajove\/wp-content\/uploads\/sites\/3\/2024\/08\/BLANCO-Daniel.-El-tiempo-de-la-verdad-196x300.jpg 196w, https:\/\/biblioteca.blanes.cat\/salajove\/wp-content\/uploads\/sites\/3\/2024\/08\/BLANCO-Daniel.-El-tiempo-de-la-verdad.jpg 654w\" sizes=\"(max-width: 196px) 100vw, 196px\" \/><\/a>\n\t\t\t<\/div><\/figure><figure class='gallery-item'>\n\t\t\t<div class='gallery-icon portrait'>\n\t\t\t\t<a href='https:\/\/biblioteca.blanes.cat\/salajove\/2024\/08\/01\/novetats-agost-2024\/bosch-oliveras-mar-sibilla-i-lespasa-de-la-fi-del-mon\/'><img decoding=\"async\" width=\"270\" height=\"300\" src=\"https:\/\/biblioteca.blanes.cat\/salajove\/wp-content\/uploads\/sites\/3\/2024\/08\/BOSCH-OLIVERAS-Mar.-Sibilla-i-lespasa-de-la-fi-del-mon-270x300.jpg\" class=\"attachment-medium size-medium\" alt=\"\" srcset=\"https:\/\/biblioteca.blanes.cat\/salajove\/wp-content\/uploads\/sites\/3\/2024\/08\/BOSCH-OLIVERAS-Mar.-Sibilla-i-lespasa-de-la-fi-del-mon-270x300.jpg 270w, https:\/\/biblioteca.blanes.cat\/salajove\/wp-content\/uploads\/sites\/3\/2024\/08\/BOSCH-OLIVERAS-Mar.-Sibilla-i-lespasa-de-la-fi-del-mon.jpg 550w\" sizes=\"(max-width: 270px) 100vw, 270px\" \/><\/a>\n\t\t\t<\/div><\/figure><figure class='gallery-item'>\n\t\t\t<div class='gallery-icon portrait'>\n\t\t\t\t<a href='https:\/\/biblioteca.blanes.cat\/salajove\/2024\/08\/01\/novetats-agost-2024\/castillon-motta-jesus-predestinats\/'><img loading=\"lazy\" decoding=\"async\" width=\"197\" height=\"300\" src=\"https:\/\/biblioteca.blanes.cat\/salajove\/wp-content\/uploads\/sites\/3\/2024\/08\/CASTILLON-MOTTA-Jesus.-Predestinats-197x300.jpg\" class=\"attachment-medium size-medium\" alt=\"\" srcset=\"https:\/\/biblioteca.blanes.cat\/salajove\/wp-content\/uploads\/sites\/3\/2024\/08\/CASTILLON-MOTTA-Jesus.-Predestinats-197x300.jpg 197w, https:\/\/biblioteca.blanes.cat\/salajove\/wp-content\/uploads\/sites\/3\/2024\/08\/CASTILLON-MOTTA-Jesus.-Predestinats.jpg 400w\" sizes=\"(max-width: 197px) 100vw, 197px\" \/><\/a>\n\t\t\t<\/div><\/figure><figure class='gallery-item'>\n\t\t\t<div class='gallery-icon portrait'>\n\t\t\t\t<a href='https:\/\/biblioteca.blanes.cat\/salajove\/2024\/08\/01\/novetats-agost-2024\/doom-erin-fabricante-de-llagrimes\/'><img loading=\"lazy\" decoding=\"async\" width=\"197\" height=\"300\" src=\"https:\/\/biblioteca.blanes.cat\/salajove\/wp-content\/uploads\/sites\/3\/2024\/08\/DOOM-Erin.-Fabricante-de-llagrimes-197x300.jpg\" class=\"attachment-medium size-medium\" alt=\"\" srcset=\"https:\/\/biblioteca.blanes.cat\/salajove\/wp-content\/uploads\/sites\/3\/2024\/08\/DOOM-Erin.-Fabricante-de-llagrimes-197x300.jpg 197w, https:\/\/biblioteca.blanes.cat\/salajove\/wp-content\/uploads\/sites\/3\/2024\/08\/DOOM-Erin.-Fabricante-de-llagrimes.jpg 658w\" sizes=\"(max-width: 197px) 100vw, 197px\" \/><\/a>\n\t\t\t<\/div><\/figure><figure class='gallery-item'>\n\t\t\t<div class='gallery-icon portrait'>\n\t\t\t\t<a href='https:\/\/biblioteca.blanes.cat\/salajove\/2024\/08\/01\/novetats-agost-2024\/fombelle-timothee-de-alma-la-fetillera\/'><img loading=\"lazy\" decoding=\"async\" width=\"193\" height=\"300\" src=\"https:\/\/biblioteca.blanes.cat\/salajove\/wp-content\/uploads\/sites\/3\/2024\/08\/FOMBELLE-Timothee-de.-Alma-la-fetillera-193x300.jpg\" class=\"attachment-medium size-medium\" alt=\"\" srcset=\"https:\/\/biblioteca.blanes.cat\/salajove\/wp-content\/uploads\/sites\/3\/2024\/08\/FOMBELLE-Timothee-de.-Alma-la-fetillera-193x300.jpg 193w, https:\/\/biblioteca.blanes.cat\/salajove\/wp-content\/uploads\/sites\/3\/2024\/08\/FOMBELLE-Timothee-de.-Alma-la-fetillera.jpg 514w\" sizes=\"(max-width: 193px) 100vw, 193px\" \/><\/a>\n\t\t\t<\/div><\/figure><figure class='gallery-item'>\n\t\t\t<div class='gallery-icon portrait'>\n\t\t\t\t<a href='https:\/\/biblioteca.blanes.cat\/salajove\/2024\/08\/01\/novetats-agost-2024\/garcia-monica-destin-escucha-mi-voz\/'><img loading=\"lazy\" decoding=\"async\" width=\"211\" height=\"300\" src=\"https:\/\/biblioteca.blanes.cat\/salajove\/wp-content\/uploads\/sites\/3\/2024\/08\/GARCIA-Monica.-Destin-escucha-mi-voz-211x300.jpg\" class=\"attachment-medium size-medium\" alt=\"\" srcset=\"https:\/\/biblioteca.blanes.cat\/salajove\/wp-content\/uploads\/sites\/3\/2024\/08\/GARCIA-Monica.-Destin-escucha-mi-voz-211x300.jpg 211w, https:\/\/biblioteca.blanes.cat\/salajove\/wp-content\/uploads\/sites\/3\/2024\/08\/GARCIA-Monica.-Destin-escucha-mi-voz.jpg 352w\" sizes=\"(max-width: 211px) 100vw, 211px\" \/><\/a>\n\t\t\t<\/div><\/figure><figure class='gallery-item'>\n\t\t\t<div class='gallery-icon portrait'>\n\t\t\t\t<a href='https:\/\/biblioteca.blanes.cat\/salajove\/2024\/08\/01\/novetats-agost-2024\/guillen-colomer-sonia-cicatrius-el-temps-no-ho-cura-tot-pero-passa\/'><img loading=\"lazy\" decoding=\"async\" width=\"195\" height=\"300\" src=\"https:\/\/biblioteca.blanes.cat\/salajove\/wp-content\/uploads\/sites\/3\/2024\/08\/GUILLEN-COLOMER-Sonia.-Cicatrius-el-temps-no-ho-cura-tot-pero-passa-195x300.jpg\" class=\"attachment-medium size-medium\" alt=\"\" srcset=\"https:\/\/biblioteca.blanes.cat\/salajove\/wp-content\/uploads\/sites\/3\/2024\/08\/GUILLEN-COLOMER-Sonia.-Cicatrius-el-temps-no-ho-cura-tot-pero-passa-195x300.jpg 195w, https:\/\/biblioteca.blanes.cat\/salajove\/wp-content\/uploads\/sites\/3\/2024\/08\/GUILLEN-COLOMER-Sonia.-Cicatrius-el-temps-no-ho-cura-tot-pero-passa.jpg 300w\" sizes=\"(max-width: 195px) 100vw, 195px\" \/><\/a>\n\t\t\t<\/div><\/figure><figure class='gallery-item'>\n\t\t\t<div class='gallery-icon portrait'>\n\t\t\t\t<a href='https:\/\/biblioteca.blanes.cat\/salajove\/2024\/08\/01\/novetats-agost-2024\/jacobs-jaco-nunca-es-tarde-para-subirse-a-un-arbol\/'><img loading=\"lazy\" decoding=\"async\" width=\"199\" height=\"300\" src=\"https:\/\/biblioteca.blanes.cat\/salajove\/wp-content\/uploads\/sites\/3\/2024\/08\/JACOBS-Jaco.-Nunca-es-tarde-para-subirse-a-un-arbol-199x300.jpg\" class=\"attachment-medium size-medium\" alt=\"\" srcset=\"https:\/\/biblioteca.blanes.cat\/salajove\/wp-content\/uploads\/sites\/3\/2024\/08\/JACOBS-Jaco.-Nunca-es-tarde-para-subirse-a-un-arbol-199x300.jpg 199w, https:\/\/biblioteca.blanes.cat\/salajove\/wp-content\/uploads\/sites\/3\/2024\/08\/JACOBS-Jaco.-Nunca-es-tarde-para-subirse-a-un-arbol.jpg 663w\" sizes=\"(max-width: 199px) 100vw, 199px\" \/><\/a>\n\t\t\t<\/div><\/figure><figure class='gallery-item'>\n\t\t\t<div class='gallery-icon portrait'>\n\t\t\t\t<a href='https:\/\/biblioteca.blanes.cat\/salajove\/2024\/08\/01\/novetats-agost-2024\/jarrell-randall-la-familia-animal-jn-jar\/'><img loading=\"lazy\" decoding=\"async\" width=\"236\" height=\"300\" src=\"https:\/\/biblioteca.blanes.cat\/salajove\/wp-content\/uploads\/sites\/3\/2024\/08\/JARRELL-Randall.-La-familia-animal-JN-JAR-236x300.jpg\" class=\"attachment-medium size-medium\" alt=\"\" srcset=\"https:\/\/biblioteca.blanes.cat\/salajove\/wp-content\/uploads\/sites\/3\/2024\/08\/JARRELL-Randall.-La-familia-animal-JN-JAR-236x300.jpg 236w, https:\/\/biblioteca.blanes.cat\/salajove\/wp-content\/uploads\/sites\/3\/2024\/08\/JARRELL-Randall.-La-familia-animal-JN-JAR.jpg 700w\" sizes=\"(max-width: 236px) 100vw, 236px\" \/><\/a>\n\t\t\t<\/div><\/figure><figure class='gallery-item'>\n\t\t\t<div class='gallery-icon portrait'>\n\t\t\t\t<a href='https:\/\/biblioteca.blanes.cat\/salajove\/2024\/08\/01\/novetats-agost-2024\/macdonald-george-la-princesa-y-los-trasgos-la-princesa-y-curdie\/'><img loading=\"lazy\" decoding=\"async\" width=\"194\" height=\"300\" src=\"https:\/\/biblioteca.blanes.cat\/salajove\/wp-content\/uploads\/sites\/3\/2024\/08\/MaCDONALD-George.-La-princesa-y-los-trasgos-La-princesa-y-Curdie-194x300.jpg\" class=\"attachment-medium size-medium\" alt=\"\" srcset=\"https:\/\/biblioteca.blanes.cat\/salajove\/wp-content\/uploads\/sites\/3\/2024\/08\/MaCDONALD-George.-La-princesa-y-los-trasgos-La-princesa-y-Curdie-194x300.jpg 194w, https:\/\/biblioteca.blanes.cat\/salajove\/wp-content\/uploads\/sites\/3\/2024\/08\/MaCDONALD-George.-La-princesa-y-los-trasgos-La-princesa-y-Curdie.jpg 645w\" sizes=\"(max-width: 194px) 100vw, 194px\" \/><\/a>\n\t\t\t<\/div><\/figure><figure class='gallery-item'>\n\t\t\t<div class='gallery-icon portrait'>\n\t\t\t\t<a href='https:\/\/biblioteca.blanes.cat\/salajove\/2024\/08\/01\/novetats-agost-2024\/padilla-arturo-extranos-en-un-aeropuerto\/'><img loading=\"lazy\" decoding=\"async\" width=\"199\" height=\"300\" src=\"https:\/\/biblioteca.blanes.cat\/salajove\/wp-content\/uploads\/sites\/3\/2024\/08\/PADILLA-Arturo.-Extranos-en-un-aeropuerto-199x300.jpg\" class=\"attachment-medium size-medium\" alt=\"\" srcset=\"https:\/\/biblioteca.blanes.cat\/salajove\/wp-content\/uploads\/sites\/3\/2024\/08\/PADILLA-Arturo.-Extranos-en-un-aeropuerto-199x300.jpg 199w, https:\/\/biblioteca.blanes.cat\/salajove\/wp-content\/uploads\/sites\/3\/2024\/08\/PADILLA-Arturo.-Extranos-en-un-aeropuerto.jpg 662w\" sizes=\"(max-width: 199px) 100vw, 199px\" \/><\/a>\n\t\t\t<\/div><\/figure><figure class='gallery-item'>\n\t\t\t<div class='gallery-icon portrait'>\n\t\t\t\t<a href='https:\/\/biblioteca.blanes.cat\/salajove\/2024\/08\/01\/novetats-agost-2024\/whitten-hannah-para-el-lobo-jn-whi\/'><img loading=\"lazy\" decoding=\"async\" width=\"199\" height=\"300\" src=\"https:\/\/biblioteca.blanes.cat\/salajove\/wp-content\/uploads\/sites\/3\/2024\/08\/WHITTEN-Hannah.-Para-el-lobo-JN-WHI-199x300.jpg\" class=\"attachment-medium size-medium\" alt=\"\" srcset=\"https:\/\/biblioteca.blanes.cat\/salajove\/wp-content\/uploads\/sites\/3\/2024\/08\/WHITTEN-Hannah.-Para-el-lobo-JN-WHI-199x300.jpg 199w, https:\/\/biblioteca.blanes.cat\/salajove\/wp-content\/uploads\/sites\/3\/2024\/08\/WHITTEN-Hannah.-Para-el-lobo-JN-WHI.jpg 663w\" sizes=\"(max-width: 199px) 100vw, 199px\" \/><\/a>\n\t\t\t<\/div><\/figure><figure class='gallery-item'>\n\t\t\t<div class='gallery-icon portrait'>\n\t\t\t\t<a href='https:\/\/biblioteca.blanes.cat\/salajove\/2024\/08\/01\/novetats-agost-2024\/zappia-francesca-los-monstruos-de-eliza\/'><img loading=\"lazy\" decoding=\"async\" width=\"207\" height=\"300\" src=\"https:\/\/biblioteca.blanes.cat\/salajove\/wp-content\/uploads\/sites\/3\/2024\/08\/ZAPPIA-Francesca.-Los-monstruos-de-Eliza-207x300.jpg\" class=\"attachment-medium size-medium\" alt=\"\" srcset=\"https:\/\/biblioteca.blanes.cat\/salajove\/wp-content\/uploads\/sites\/3\/2024\/08\/ZAPPIA-Francesca.-Los-monstruos-de-Eliza-207x300.jpg 207w, https:\/\/biblioteca.blanes.cat\/salajove\/wp-content\/uploads\/sites\/3\/2024\/08\/ZAPPIA-Francesca.-Los-monstruos-de-Eliza.jpg 691w\" sizes=\"(max-width: 207px) 100vw, 207px\" \/><\/a>\n\t\t\t<\/div><\/figure>\n\t\t<\/div>\n\n<h1><strong>C\u00d2MICS<\/strong><\/h1>\n<div id='gallery-6' class='gallery galleryid-8802 gallery-columns-3 gallery-size-medium'><figure class='gallery-item'>\n\t\t\t<div class='gallery-icon portrait'>\n\t\t\t\t<a href='https:\/\/biblioteca.blanes.cat\/salajove\/2024\/08\/01\/novetats-agost-2024\/bryon-lucie-ladrona\/'><img loading=\"lazy\" decoding=\"async\" width=\"241\" height=\"300\" src=\"https:\/\/biblioteca.blanes.cat\/salajove\/wp-content\/uploads\/sites\/3\/2024\/08\/BRYON-Lucie.-Ladrona-241x300.jpg\" class=\"attachment-medium size-medium\" alt=\"\" srcset=\"https:\/\/biblioteca.blanes.cat\/salajove\/wp-content\/uploads\/sites\/3\/2024\/08\/BRYON-Lucie.-Ladrona-241x300.jpg 241w, https:\/\/biblioteca.blanes.cat\/salajove\/wp-content\/uploads\/sites\/3\/2024\/08\/BRYON-Lucie.-Ladrona-768x956.jpg 768w, https:\/\/biblioteca.blanes.cat\/salajove\/wp-content\/uploads\/sites\/3\/2024\/08\/BRYON-Lucie.-Ladrona.jpg 803w\" sizes=\"(max-width: 241px) 100vw, 241px\" \/><\/a>\n\t\t\t<\/div><\/figure><figure class='gallery-item'>\n\t\t\t<div class='gallery-icon portrait'>\n\t\t\t\t<a href='https:\/\/biblioteca.blanes.cat\/salajove\/2024\/08\/01\/novetats-agost-2024\/shiina-karuho-llegando-a-ti-jc-japones-shi-vol-12\/'><img loading=\"lazy\" decoding=\"async\" width=\"184\" height=\"300\" src=\"https:\/\/biblioteca.blanes.cat\/salajove\/wp-content\/uploads\/sites\/3\/2024\/08\/SHIINA-Karuho.-Llegando-a-ti-JC-JAPONES-SHI-vol.12-184x300.jpg\" class=\"attachment-medium size-medium\" alt=\"\" srcset=\"https:\/\/biblioteca.blanes.cat\/salajove\/wp-content\/uploads\/sites\/3\/2024\/08\/SHIINA-Karuho.-Llegando-a-ti-JC-JAPONES-SHI-vol.12-184x300.jpg 184w, https:\/\/biblioteca.blanes.cat\/salajove\/wp-content\/uploads\/sites\/3\/2024\/08\/SHIINA-Karuho.-Llegando-a-ti-JC-JAPONES-SHI-vol.12-630x1024.jpg 630w, https:\/\/biblioteca.blanes.cat\/salajove\/wp-content\/uploads\/sites\/3\/2024\/08\/SHIINA-Karuho.-Llegando-a-ti-JC-JAPONES-SHI-vol.12-768x1249.jpg 768w, https:\/\/biblioteca.blanes.cat\/salajove\/wp-content\/uploads\/sites\/3\/2024\/08\/SHIINA-Karuho.-Llegando-a-ti-JC-JAPONES-SHI-vol.12-944x1536.jpg 944w, https:\/\/biblioteca.blanes.cat\/salajove\/wp-content\/uploads\/sites\/3\/2024\/08\/SHIINA-Karuho.-Llegando-a-ti-JC-JAPONES-SHI-vol.12-1259x2048.jpg 1259w, https:\/\/biblioteca.blanes.cat\/salajove\/wp-content\/uploads\/sites\/3\/2024\/08\/SHIINA-Karuho.-Llegando-a-ti-JC-JAPONES-SHI-vol.12-scaled.jpg 1574w\" sizes=\"(max-width: 184px) 100vw, 184px\" \/><\/a>\n\t\t\t<\/div><\/figure><figure class='gallery-item'>\n\t\t\t<div class='gallery-icon portrait'>\n\t\t\t\t<a href='https:\/\/biblioteca.blanes.cat\/salajove\/2024\/08\/01\/novetats-agost-2024\/shiina-karuho-llegando-a-ti-jc-japones-shi-vol-13\/'><img loading=\"lazy\" decoding=\"async\" width=\"187\" height=\"300\" src=\"https:\/\/biblioteca.blanes.cat\/salajove\/wp-content\/uploads\/sites\/3\/2024\/08\/SHIINA-Karuho.-Llegando-a-ti-JC-JAPONES-SHI-vol.13-187x300.jpg\" class=\"attachment-medium size-medium\" alt=\"\" srcset=\"https:\/\/biblioteca.blanes.cat\/salajove\/wp-content\/uploads\/sites\/3\/2024\/08\/SHIINA-Karuho.-Llegando-a-ti-JC-JAPONES-SHI-vol.13-187x300.jpg 187w, https:\/\/biblioteca.blanes.cat\/salajove\/wp-content\/uploads\/sites\/3\/2024\/08\/SHIINA-Karuho.-Llegando-a-ti-JC-JAPONES-SHI-vol.13-640x1024.jpg 640w, https:\/\/biblioteca.blanes.cat\/salajove\/wp-content\/uploads\/sites\/3\/2024\/08\/SHIINA-Karuho.-Llegando-a-ti-JC-JAPONES-SHI-vol.13-768x1230.jpg 768w, https:\/\/biblioteca.blanes.cat\/salajove\/wp-content\/uploads\/sites\/3\/2024\/08\/SHIINA-Karuho.-Llegando-a-ti-JC-JAPONES-SHI-vol.13-959x1536.jpg 959w, https:\/\/biblioteca.blanes.cat\/salajove\/wp-content\/uploads\/sites\/3\/2024\/08\/SHIINA-Karuho.-Llegando-a-ti-JC-JAPONES-SHI-vol.13-1279x2048.jpg 1279w, https:\/\/biblioteca.blanes.cat\/salajove\/wp-content\/uploads\/sites\/3\/2024\/08\/SHIINA-Karuho.-Llegando-a-ti-JC-JAPONES-SHI-vol.13-scaled.jpg 1599w\" sizes=\"(max-width: 187px) 100vw, 187px\" \/><\/a>\n\t\t\t<\/div><\/figure><figure class='gallery-item'>\n\t\t\t<div class='gallery-icon portrait'>\n\t\t\t\t<a href='https:\/\/biblioteca.blanes.cat\/salajove\/2024\/08\/01\/novetats-agost-2024\/shiina-karuho-llegando-a-ti-jc-japones-shi-vol-14\/'><img loading=\"lazy\" decoding=\"async\" width=\"232\" height=\"300\" src=\"https:\/\/biblioteca.blanes.cat\/salajove\/wp-content\/uploads\/sites\/3\/2024\/08\/SHIINA-Karuho.-Llegando-a-ti-JC-JAPONES-SHI-vol.14-232x300.jpg\" class=\"attachment-medium size-medium\" alt=\"\" srcset=\"https:\/\/biblioteca.blanes.cat\/salajove\/wp-content\/uploads\/sites\/3\/2024\/08\/SHIINA-Karuho.-Llegando-a-ti-JC-JAPONES-SHI-vol.14-232x300.jpg 232w, https:\/\/biblioteca.blanes.cat\/salajove\/wp-content\/uploads\/sites\/3\/2024\/08\/SHIINA-Karuho.-Llegando-a-ti-JC-JAPONES-SHI-vol.14-792x1024.jpg 792w, https:\/\/biblioteca.blanes.cat\/salajove\/wp-content\/uploads\/sites\/3\/2024\/08\/SHIINA-Karuho.-Llegando-a-ti-JC-JAPONES-SHI-vol.14-768x993.jpg 768w, https:\/\/biblioteca.blanes.cat\/salajove\/wp-content\/uploads\/sites\/3\/2024\/08\/SHIINA-Karuho.-Llegando-a-ti-JC-JAPONES-SHI-vol.14.jpg 1100w\" sizes=\"(max-width: 232px) 100vw, 232px\" \/><\/a>\n\t\t\t<\/div><\/figure><figure class='gallery-item'>\n\t\t\t<div class='gallery-icon portrait'>\n\t\t\t\t<a href='https:\/\/biblioteca.blanes.cat\/salajove\/2024\/08\/01\/novetats-agost-2024\/yamada-kanehito-frieren-jc-japones-fri-vol-5\/'><img loading=\"lazy\" decoding=\"async\" width=\"197\" height=\"300\" src=\"https:\/\/biblioteca.blanes.cat\/salajove\/wp-content\/uploads\/sites\/3\/2024\/08\/YAMADA-Kanehito.-Frieren-JC-JAPONES-FRI-vol.-5-197x300.jpg\" class=\"attachment-medium size-medium\" alt=\"\" srcset=\"https:\/\/biblioteca.blanes.cat\/salajove\/wp-content\/uploads\/sites\/3\/2024\/08\/YAMADA-Kanehito.-Frieren-JC-JAPONES-FRI-vol.-5-197x300.jpg 197w, https:\/\/biblioteca.blanes.cat\/salajove\/wp-content\/uploads\/sites\/3\/2024\/08\/YAMADA-Kanehito.-Frieren-JC-JAPONES-FRI-vol.-5.jpg 657w\" sizes=\"(max-width: 197px) 100vw, 197px\" \/><\/a>\n\t\t\t<\/div><\/figure><figure class='gallery-item'>\n\t\t\t<div class='gallery-icon portrait'>\n\t\t\t\t<a href='https:\/\/biblioteca.blanes.cat\/salajove\/2024\/08\/01\/novetats-agost-2024\/yamada-kanehito-frieren-jc-japones-fri-vol-6\/'><img loading=\"lazy\" decoding=\"async\" width=\"197\" height=\"300\" src=\"https:\/\/biblioteca.blanes.cat\/salajove\/wp-content\/uploads\/sites\/3\/2024\/08\/YAMADA-Kanehito.-Frieren-JC-JAPONES-FRI-vol.-6-197x300.jpg\" class=\"attachment-medium size-medium\" alt=\"\" srcset=\"https:\/\/biblioteca.blanes.cat\/salajove\/wp-content\/uploads\/sites\/3\/2024\/08\/YAMADA-Kanehito.-Frieren-JC-JAPONES-FRI-vol.-6-197x300.jpg 197w, https:\/\/biblioteca.blanes.cat\/salajove\/wp-content\/uploads\/sites\/3\/2024\/08\/YAMADA-Kanehito.-Frieren-JC-JAPONES-FRI-vol.-6.jpg 657w\" sizes=\"(max-width: 197px) 100vw, 197px\" \/><\/a>\n\t\t\t<\/div><\/figure><figure class='gallery-item'>\n\t\t\t<div class='gallery-icon portrait'>\n\t\t\t\t<a href='https:\/\/biblioteca.blanes.cat\/salajove\/2024\/08\/01\/novetats-agost-2024\/llegando-a-ti\/'><img loading=\"lazy\" decoding=\"async\" width=\"190\" height=\"300\" src=\"https:\/\/biblioteca.blanes.cat\/salajove\/wp-content\/uploads\/sites\/3\/2024\/08\/llegando-a-ti-190x300.jpg\" class=\"attachment-medium size-medium\" alt=\"\" srcset=\"https:\/\/biblioteca.blanes.cat\/salajove\/wp-content\/uploads\/sites\/3\/2024\/08\/llegando-a-ti-190x300.jpg 190w, https:\/\/biblioteca.blanes.cat\/salajove\/wp-content\/uploads\/sites\/3\/2024\/08\/llegando-a-ti.jpg 360w\" sizes=\"(max-width: 190px) 100vw, 190px\" \/><\/a>\n\t\t\t<\/div><\/figure>\n\t\t<\/div>\n\n<h1><strong>CENTRES D&#8217;INTER\u00c8S<\/strong><\/h1>\n<div id='gallery-7' class='gallery galleryid-8802 gallery-columns-3 gallery-size-medium'><figure class='gallery-item'>\n\t\t\t<div class='gallery-icon portrait'>\n\t\t\t\t<a href='https:\/\/biblioteca.blanes.cat\/salajove\/2024\/08\/01\/novetats-agost-2024\/hammonds-jas-we-deserve-monuments\/'><img loading=\"lazy\" decoding=\"async\" width=\"200\" height=\"300\" src=\"https:\/\/biblioteca.blanes.cat\/salajove\/wp-content\/uploads\/sites\/3\/2024\/08\/HAMMONDS-Jas.-We-deserve-monuments-200x300.jpg\" class=\"attachment-medium size-medium\" alt=\"\" srcset=\"https:\/\/biblioteca.blanes.cat\/salajove\/wp-content\/uploads\/sites\/3\/2024\/08\/HAMMONDS-Jas.-We-deserve-monuments-200x300.jpg 200w, https:\/\/biblioteca.blanes.cat\/salajove\/wp-content\/uploads\/sites\/3\/2024\/08\/HAMMONDS-Jas.-We-deserve-monuments.jpg 667w\" sizes=\"(max-width: 200px) 100vw, 200px\" \/><\/a>\n\t\t\t<\/div><\/figure><figure class='gallery-item'>\n\t\t\t<div class='gallery-icon portrait'>\n\t\t\t\t<a href='https:\/\/biblioteca.blanes.cat\/salajove\/2024\/08\/01\/novetats-agost-2024\/lopez-nando-por-que-tiene-que-ser-todo-tan-dificil\/'><img loading=\"lazy\" decoding=\"async\" width=\"184\" height=\"273\" src=\"https:\/\/biblioteca.blanes.cat\/salajove\/wp-content\/uploads\/sites\/3\/2024\/08\/LOPEZ-Nando.-Por-que-tiene-que-ser-todo-tan-dificil.jpg\" class=\"attachment-medium size-medium\" alt=\"\" \/><\/a>\n\t\t\t<\/div><\/figure>\n\t\t<\/div>\n\n<h1><strong>AUDIOVISUALS<\/strong><\/h1>\n<div id='gallery-8' class='gallery galleryid-8802 gallery-columns-3 gallery-size-medium'><figure class='gallery-item'>\n\t\t\t<div class='gallery-icon portrait'>\n\t\t\t\t<a href='https:\/\/biblioteca.blanes.cat\/salajove\/2024\/08\/01\/novetats-agost-2024\/aquaman-y-el-reino-perdido-james-wan\/'><img loading=\"lazy\" decoding=\"async\" width=\"180\" height=\"267\" src=\"https:\/\/biblioteca.blanes.cat\/salajove\/wp-content\/uploads\/sites\/3\/2024\/08\/Aquaman-y-el-reino-perdido-James-Wan.jpg\" class=\"attachment-medium size-medium\" alt=\"\" \/><\/a>\n\t\t\t<\/div><\/figure><figure class='gallery-item'>\n\t\t\t<div class='gallery-icon portrait'>\n\t\t\t\t<a href='https:\/\/biblioteca.blanes.cat\/salajove\/2024\/08\/01\/novetats-agost-2024\/los-juegos-del-hambre-balada-de-pajaros-cantores-y-serpientes-francis-lawrence\/'><img loading=\"lazy\" decoding=\"async\" width=\"239\" height=\"300\" src=\"https:\/\/biblioteca.blanes.cat\/salajove\/wp-content\/uploads\/sites\/3\/2024\/08\/Los-juegos-del-hambre-balada-de-pajaros-cantores-y-serpientes-Francis-Lawrence-239x300.jpg\" class=\"attachment-medium size-medium\" alt=\"\" srcset=\"https:\/\/biblioteca.blanes.cat\/salajove\/wp-content\/uploads\/sites\/3\/2024\/08\/Los-juegos-del-hambre-balada-de-pajaros-cantores-y-serpientes-Francis-Lawrence-239x300.jpg 239w, https:\/\/biblioteca.blanes.cat\/salajove\/wp-content\/uploads\/sites\/3\/2024\/08\/Los-juegos-del-hambre-balada-de-pajaros-cantores-y-serpientes-Francis-Lawrence.jpg 372w\" sizes=\"(max-width: 239px) 100vw, 239px\" \/><\/a>\n\t\t\t<\/div><\/figure>\n\t\t<\/div>\n\n<h1>\u00a0<\/h1>\n<h1>\u00a0<\/h1>\n<!-- \/wp:tadv\/classic-paragraph -->\n<!-- \/wp:tadv\/classic-paragraph -->\n\n<!-- wp:tadv\/classic-paragraph -->\n<p><!-- wp:tadv\/classic-paragraph --><\/p>\n<h1><strong data-rich-text-format-boundary=\"true\">Biblioteca Jove Blanes \u2013 Novetats agost<\/strong><\/h1>\n<p><!-- wp:tadv\/classic-paragraph --><\/p>\n<p><!-- wp:tadv\/classic-paragraph --><\/p>\n<p>Ja tenim aqu\u00ed les novetats juvenils de l&#8217;agost de 2024! Aquest mes hi trobareu especialment novel\u00b7les i c\u00f2mics, per\u00f2 tamb\u00e9 un parell de centres d\u2019inter\u00e8s i dues pel\u00b7l\u00edcules.<\/p>\n<h1><strong>NOVEL\u00b7LES<\/strong><\/h1>\n<div id='gallery-9' class='gallery galleryid-8802 gallery-columns-3 gallery-size-medium'><figure class='gallery-item'>\n\t\t\t<div class='gallery-icon portrait'>\n\t\t\t\t<a href='https:\/\/biblioteca.blanes.cat\/salajove\/2024\/08\/01\/novetats-agost-2024\/barnes-jennifer-lynn-the-naturals-para-cazar-a-un-asesino-tienes-que-ser-su-tipo\/'><img fetchpriority=\"high\" decoding=\"async\" width=\"200\" height=\"300\" src=\"https:\/\/biblioteca.blanes.cat\/salajove\/wp-content\/uploads\/sites\/3\/2024\/08\/BARNES-Jennifer-Lynn.-The-Naturals-para-cazar-a-un-asesino-tienes-que-ser-su-tipo-200x300.jpg\" class=\"attachment-medium size-medium\" alt=\"\" srcset=\"https:\/\/biblioteca.blanes.cat\/salajove\/wp-content\/uploads\/sites\/3\/2024\/08\/BARNES-Jennifer-Lynn.-The-Naturals-para-cazar-a-un-asesino-tienes-que-ser-su-tipo-200x300.jpg 200w, https:\/\/biblioteca.blanes.cat\/salajove\/wp-content\/uploads\/sites\/3\/2024\/08\/BARNES-Jennifer-Lynn.-The-Naturals-para-cazar-a-un-asesino-tienes-que-ser-su-tipo.jpg 667w\" sizes=\"(max-width: 200px) 100vw, 200px\" \/><\/a>\n\t\t\t<\/div><\/figure><figure class='gallery-item'>\n\t\t\t<div class='gallery-icon portrait'>\n\t\t\t\t<a href='https:\/\/biblioteca.blanes.cat\/salajove\/2024\/08\/01\/novetats-agost-2024\/blanco-daniel-el-tiempo-de-la-verdad\/'><img decoding=\"async\" width=\"196\" height=\"300\" src=\"https:\/\/biblioteca.blanes.cat\/salajove\/wp-content\/uploads\/sites\/3\/2024\/08\/BLANCO-Daniel.-El-tiempo-de-la-verdad-196x300.jpg\" class=\"attachment-medium size-medium\" alt=\"\" srcset=\"https:\/\/biblioteca.blanes.cat\/salajove\/wp-content\/uploads\/sites\/3\/2024\/08\/BLANCO-Daniel.-El-tiempo-de-la-verdad-196x300.jpg 196w, https:\/\/biblioteca.blanes.cat\/salajove\/wp-content\/uploads\/sites\/3\/2024\/08\/BLANCO-Daniel.-El-tiempo-de-la-verdad.jpg 654w\" sizes=\"(max-width: 196px) 100vw, 196px\" \/><\/a>\n\t\t\t<\/div><\/figure><figure class='gallery-item'>\n\t\t\t<div class='gallery-icon portrait'>\n\t\t\t\t<a href='https:\/\/biblioteca.blanes.cat\/salajove\/2024\/08\/01\/novetats-agost-2024\/bosch-oliveras-mar-sibilla-i-lespasa-de-la-fi-del-mon\/'><img decoding=\"async\" width=\"270\" height=\"300\" src=\"https:\/\/biblioteca.blanes.cat\/salajove\/wp-content\/uploads\/sites\/3\/2024\/08\/BOSCH-OLIVERAS-Mar.-Sibilla-i-lespasa-de-la-fi-del-mon-270x300.jpg\" class=\"attachment-medium size-medium\" alt=\"\" srcset=\"https:\/\/biblioteca.blanes.cat\/salajove\/wp-content\/uploads\/sites\/3\/2024\/08\/BOSCH-OLIVERAS-Mar.-Sibilla-i-lespasa-de-la-fi-del-mon-270x300.jpg 270w, https:\/\/biblioteca.blanes.cat\/salajove\/wp-content\/uploads\/sites\/3\/2024\/08\/BOSCH-OLIVERAS-Mar.-Sibilla-i-lespasa-de-la-fi-del-mon.jpg 550w\" sizes=\"(max-width: 270px) 100vw, 270px\" \/><\/a>\n\t\t\t<\/div><\/figure><figure class='gallery-item'>\n\t\t\t<div class='gallery-icon portrait'>\n\t\t\t\t<a href='https:\/\/biblioteca.blanes.cat\/salajove\/2024\/08\/01\/novetats-agost-2024\/castillon-motta-jesus-predestinats\/'><img loading=\"lazy\" decoding=\"async\" width=\"197\" height=\"300\" src=\"https:\/\/biblioteca.blanes.cat\/salajove\/wp-content\/uploads\/sites\/3\/2024\/08\/CASTILLON-MOTTA-Jesus.-Predestinats-197x300.jpg\" class=\"attachment-medium size-medium\" alt=\"\" srcset=\"https:\/\/biblioteca.blanes.cat\/salajove\/wp-content\/uploads\/sites\/3\/2024\/08\/CASTILLON-MOTTA-Jesus.-Predestinats-197x300.jpg 197w, https:\/\/biblioteca.blanes.cat\/salajove\/wp-content\/uploads\/sites\/3\/2024\/08\/CASTILLON-MOTTA-Jesus.-Predestinats.jpg 400w\" sizes=\"(max-width: 197px) 100vw, 197px\" \/><\/a>\n\t\t\t<\/div><\/figure><figure class='gallery-item'>\n\t\t\t<div class='gallery-icon portrait'>\n\t\t\t\t<a href='https:\/\/biblioteca.blanes.cat\/salajove\/2024\/08\/01\/novetats-agost-2024\/doom-erin-fabricante-de-llagrimes\/'><img loading=\"lazy\" decoding=\"async\" width=\"197\" height=\"300\" src=\"https:\/\/biblioteca.blanes.cat\/salajove\/wp-content\/uploads\/sites\/3\/2024\/08\/DOOM-Erin.-Fabricante-de-llagrimes-197x300.jpg\" class=\"attachment-medium size-medium\" alt=\"\" srcset=\"https:\/\/biblioteca.blanes.cat\/salajove\/wp-content\/uploads\/sites\/3\/2024\/08\/DOOM-Erin.-Fabricante-de-llagrimes-197x300.jpg 197w, https:\/\/biblioteca.blanes.cat\/salajove\/wp-content\/uploads\/sites\/3\/2024\/08\/DOOM-Erin.-Fabricante-de-llagrimes.jpg 658w\" sizes=\"(max-width: 197px) 100vw, 197px\" \/><\/a>\n\t\t\t<\/div><\/figure><figure class='gallery-item'>\n\t\t\t<div class='gallery-icon portrait'>\n\t\t\t\t<a href='https:\/\/biblioteca.blanes.cat\/salajove\/2024\/08\/01\/novetats-agost-2024\/fombelle-timothee-de-alma-la-fetillera\/'><img loading=\"lazy\" decoding=\"async\" width=\"193\" height=\"300\" src=\"https:\/\/biblioteca.blanes.cat\/salajove\/wp-content\/uploads\/sites\/3\/2024\/08\/FOMBELLE-Timothee-de.-Alma-la-fetillera-193x300.jpg\" class=\"attachment-medium size-medium\" alt=\"\" srcset=\"https:\/\/biblioteca.blanes.cat\/salajove\/wp-content\/uploads\/sites\/3\/2024\/08\/FOMBELLE-Timothee-de.-Alma-la-fetillera-193x300.jpg 193w, https:\/\/biblioteca.blanes.cat\/salajove\/wp-content\/uploads\/sites\/3\/2024\/08\/FOMBELLE-Timothee-de.-Alma-la-fetillera.jpg 514w\" sizes=\"(max-width: 193px) 100vw, 193px\" \/><\/a>\n\t\t\t<\/div><\/figure><figure class='gallery-item'>\n\t\t\t<div class='gallery-icon portrait'>\n\t\t\t\t<a href='https:\/\/biblioteca.blanes.cat\/salajove\/2024\/08\/01\/novetats-agost-2024\/garcia-monica-destin-escucha-mi-voz\/'><img loading=\"lazy\" decoding=\"async\" width=\"211\" height=\"300\" src=\"https:\/\/biblioteca.blanes.cat\/salajove\/wp-content\/uploads\/sites\/3\/2024\/08\/GARCIA-Monica.-Destin-escucha-mi-voz-211x300.jpg\" class=\"attachment-medium size-medium\" alt=\"\" srcset=\"https:\/\/biblioteca.blanes.cat\/salajove\/wp-content\/uploads\/sites\/3\/2024\/08\/GARCIA-Monica.-Destin-escucha-mi-voz-211x300.jpg 211w, https:\/\/biblioteca.blanes.cat\/salajove\/wp-content\/uploads\/sites\/3\/2024\/08\/GARCIA-Monica.-Destin-escucha-mi-voz.jpg 352w\" sizes=\"(max-width: 211px) 100vw, 211px\" \/><\/a>\n\t\t\t<\/div><\/figure><figure class='gallery-item'>\n\t\t\t<div class='gallery-icon portrait'>\n\t\t\t\t<a href='https:\/\/biblioteca.blanes.cat\/salajove\/2024\/08\/01\/novetats-agost-2024\/guillen-colomer-sonia-cicatrius-el-temps-no-ho-cura-tot-pero-passa\/'><img loading=\"lazy\" decoding=\"async\" width=\"195\" height=\"300\" src=\"https:\/\/biblioteca.blanes.cat\/salajove\/wp-content\/uploads\/sites\/3\/2024\/08\/GUILLEN-COLOMER-Sonia.-Cicatrius-el-temps-no-ho-cura-tot-pero-passa-195x300.jpg\" class=\"attachment-medium size-medium\" alt=\"\" srcset=\"https:\/\/biblioteca.blanes.cat\/salajove\/wp-content\/uploads\/sites\/3\/2024\/08\/GUILLEN-COLOMER-Sonia.-Cicatrius-el-temps-no-ho-cura-tot-pero-passa-195x300.jpg 195w, https:\/\/biblioteca.blanes.cat\/salajove\/wp-content\/uploads\/sites\/3\/2024\/08\/GUILLEN-COLOMER-Sonia.-Cicatrius-el-temps-no-ho-cura-tot-pero-passa.jpg 300w\" sizes=\"(max-width: 195px) 100vw, 195px\" \/><\/a>\n\t\t\t<\/div><\/figure><figure class='gallery-item'>\n\t\t\t<div class='gallery-icon portrait'>\n\t\t\t\t<a href='https:\/\/biblioteca.blanes.cat\/salajove\/2024\/08\/01\/novetats-agost-2024\/jacobs-jaco-nunca-es-tarde-para-subirse-a-un-arbol\/'><img loading=\"lazy\" decoding=\"async\" width=\"199\" height=\"300\" src=\"https:\/\/biblioteca.blanes.cat\/salajove\/wp-content\/uploads\/sites\/3\/2024\/08\/JACOBS-Jaco.-Nunca-es-tarde-para-subirse-a-un-arbol-199x300.jpg\" class=\"attachment-medium size-medium\" alt=\"\" srcset=\"https:\/\/biblioteca.blanes.cat\/salajove\/wp-content\/uploads\/sites\/3\/2024\/08\/JACOBS-Jaco.-Nunca-es-tarde-para-subirse-a-un-arbol-199x300.jpg 199w, https:\/\/biblioteca.blanes.cat\/salajove\/wp-content\/uploads\/sites\/3\/2024\/08\/JACOBS-Jaco.-Nunca-es-tarde-para-subirse-a-un-arbol.jpg 663w\" sizes=\"(max-width: 199px) 100vw, 199px\" \/><\/a>\n\t\t\t<\/div><\/figure><figure class='gallery-item'>\n\t\t\t<div class='gallery-icon portrait'>\n\t\t\t\t<a href='https:\/\/biblioteca.blanes.cat\/salajove\/2024\/08\/01\/novetats-agost-2024\/jarrell-randall-la-familia-animal-jn-jar\/'><img loading=\"lazy\" decoding=\"async\" width=\"236\" height=\"300\" src=\"https:\/\/biblioteca.blanes.cat\/salajove\/wp-content\/uploads\/sites\/3\/2024\/08\/JARRELL-Randall.-La-familia-animal-JN-JAR-236x300.jpg\" class=\"attachment-medium size-medium\" alt=\"\" srcset=\"https:\/\/biblioteca.blanes.cat\/salajove\/wp-content\/uploads\/sites\/3\/2024\/08\/JARRELL-Randall.-La-familia-animal-JN-JAR-236x300.jpg 236w, https:\/\/biblioteca.blanes.cat\/salajove\/wp-content\/uploads\/sites\/3\/2024\/08\/JARRELL-Randall.-La-familia-animal-JN-JAR.jpg 700w\" sizes=\"(max-width: 236px) 100vw, 236px\" \/><\/a>\n\t\t\t<\/div><\/figure><figure class='gallery-item'>\n\t\t\t<div class='gallery-icon portrait'>\n\t\t\t\t<a href='https:\/\/biblioteca.blanes.cat\/salajove\/2024\/08\/01\/novetats-agost-2024\/macdonald-george-la-princesa-y-los-trasgos-la-princesa-y-curdie\/'><img loading=\"lazy\" decoding=\"async\" width=\"194\" height=\"300\" src=\"https:\/\/biblioteca.blanes.cat\/salajove\/wp-content\/uploads\/sites\/3\/2024\/08\/MaCDONALD-George.-La-princesa-y-los-trasgos-La-princesa-y-Curdie-194x300.jpg\" class=\"attachment-medium size-medium\" alt=\"\" srcset=\"https:\/\/biblioteca.blanes.cat\/salajove\/wp-content\/uploads\/sites\/3\/2024\/08\/MaCDONALD-George.-La-princesa-y-los-trasgos-La-princesa-y-Curdie-194x300.jpg 194w, https:\/\/biblioteca.blanes.cat\/salajove\/wp-content\/uploads\/sites\/3\/2024\/08\/MaCDONALD-George.-La-princesa-y-los-trasgos-La-princesa-y-Curdie.jpg 645w\" sizes=\"(max-width: 194px) 100vw, 194px\" \/><\/a>\n\t\t\t<\/div><\/figure><figure class='gallery-item'>\n\t\t\t<div class='gallery-icon portrait'>\n\t\t\t\t<a href='https:\/\/biblioteca.blanes.cat\/salajove\/2024\/08\/01\/novetats-agost-2024\/padilla-arturo-extranos-en-un-aeropuerto\/'><img loading=\"lazy\" decoding=\"async\" width=\"199\" height=\"300\" src=\"https:\/\/biblioteca.blanes.cat\/salajove\/wp-content\/uploads\/sites\/3\/2024\/08\/PADILLA-Arturo.-Extranos-en-un-aeropuerto-199x300.jpg\" class=\"attachment-medium size-medium\" alt=\"\" srcset=\"https:\/\/biblioteca.blanes.cat\/salajove\/wp-content\/uploads\/sites\/3\/2024\/08\/PADILLA-Arturo.-Extranos-en-un-aeropuerto-199x300.jpg 199w, https:\/\/biblioteca.blanes.cat\/salajove\/wp-content\/uploads\/sites\/3\/2024\/08\/PADILLA-Arturo.-Extranos-en-un-aeropuerto.jpg 662w\" sizes=\"(max-width: 199px) 100vw, 199px\" \/><\/a>\n\t\t\t<\/div><\/figure><figure class='gallery-item'>\n\t\t\t<div class='gallery-icon portrait'>\n\t\t\t\t<a href='https:\/\/biblioteca.blanes.cat\/salajove\/2024\/08\/01\/novetats-agost-2024\/whitten-hannah-para-el-lobo-jn-whi\/'><img loading=\"lazy\" decoding=\"async\" width=\"199\" height=\"300\" src=\"https:\/\/biblioteca.blanes.cat\/salajove\/wp-content\/uploads\/sites\/3\/2024\/08\/WHITTEN-Hannah.-Para-el-lobo-JN-WHI-199x300.jpg\" class=\"attachment-medium size-medium\" alt=\"\" srcset=\"https:\/\/biblioteca.blanes.cat\/salajove\/wp-content\/uploads\/sites\/3\/2024\/08\/WHITTEN-Hannah.-Para-el-lobo-JN-WHI-199x300.jpg 199w, https:\/\/biblioteca.blanes.cat\/salajove\/wp-content\/uploads\/sites\/3\/2024\/08\/WHITTEN-Hannah.-Para-el-lobo-JN-WHI.jpg 663w\" sizes=\"(max-width: 199px) 100vw, 199px\" \/><\/a>\n\t\t\t<\/div><\/figure><figure class='gallery-item'>\n\t\t\t<div class='gallery-icon portrait'>\n\t\t\t\t<a href='https:\/\/biblioteca.blanes.cat\/salajove\/2024\/08\/01\/novetats-agost-2024\/zappia-francesca-los-monstruos-de-eliza\/'><img loading=\"lazy\" decoding=\"async\" width=\"207\" height=\"300\" src=\"https:\/\/biblioteca.blanes.cat\/salajove\/wp-content\/uploads\/sites\/3\/2024\/08\/ZAPPIA-Francesca.-Los-monstruos-de-Eliza-207x300.jpg\" class=\"attachment-medium size-medium\" alt=\"\" srcset=\"https:\/\/biblioteca.blanes.cat\/salajove\/wp-content\/uploads\/sites\/3\/2024\/08\/ZAPPIA-Francesca.-Los-monstruos-de-Eliza-207x300.jpg 207w, https:\/\/biblioteca.blanes.cat\/salajove\/wp-content\/uploads\/sites\/3\/2024\/08\/ZAPPIA-Francesca.-Los-monstruos-de-Eliza.jpg 691w\" sizes=\"(max-width: 207px) 100vw, 207px\" \/><\/a>\n\t\t\t<\/div><\/figure>\n\t\t<\/div>\n\n<h1><strong>C\u00d2MICS<\/strong><\/h1>\n<div id='gallery-10' class='gallery galleryid-8802 gallery-columns-3 gallery-size-medium'><figure class='gallery-item'>\n\t\t\t<div class='gallery-icon portrait'>\n\t\t\t\t<a href='https:\/\/biblioteca.blanes.cat\/salajove\/2024\/08\/01\/novetats-agost-2024\/bryon-lucie-ladrona\/'><img loading=\"lazy\" decoding=\"async\" width=\"241\" height=\"300\" src=\"https:\/\/biblioteca.blanes.cat\/salajove\/wp-content\/uploads\/sites\/3\/2024\/08\/BRYON-Lucie.-Ladrona-241x300.jpg\" class=\"attachment-medium size-medium\" alt=\"\" srcset=\"https:\/\/biblioteca.blanes.cat\/salajove\/wp-content\/uploads\/sites\/3\/2024\/08\/BRYON-Lucie.-Ladrona-241x300.jpg 241w, https:\/\/biblioteca.blanes.cat\/salajove\/wp-content\/uploads\/sites\/3\/2024\/08\/BRYON-Lucie.-Ladrona-768x956.jpg 768w, https:\/\/biblioteca.blanes.cat\/salajove\/wp-content\/uploads\/sites\/3\/2024\/08\/BRYON-Lucie.-Ladrona.jpg 803w\" sizes=\"(max-width: 241px) 100vw, 241px\" \/><\/a>\n\t\t\t<\/div><\/figure><figure class='gallery-item'>\n\t\t\t<div class='gallery-icon portrait'>\n\t\t\t\t<a href='https:\/\/biblioteca.blanes.cat\/salajove\/2024\/08\/01\/novetats-agost-2024\/shiina-karuho-llegando-a-ti-jc-japones-shi-vol-12\/'><img loading=\"lazy\" decoding=\"async\" width=\"184\" height=\"300\" src=\"https:\/\/biblioteca.blanes.cat\/salajove\/wp-content\/uploads\/sites\/3\/2024\/08\/SHIINA-Karuho.-Llegando-a-ti-JC-JAPONES-SHI-vol.12-184x300.jpg\" class=\"attachment-medium size-medium\" alt=\"\" srcset=\"https:\/\/biblioteca.blanes.cat\/salajove\/wp-content\/uploads\/sites\/3\/2024\/08\/SHIINA-Karuho.-Llegando-a-ti-JC-JAPONES-SHI-vol.12-184x300.jpg 184w, https:\/\/biblioteca.blanes.cat\/salajove\/wp-content\/uploads\/sites\/3\/2024\/08\/SHIINA-Karuho.-Llegando-a-ti-JC-JAPONES-SHI-vol.12-630x1024.jpg 630w, https:\/\/biblioteca.blanes.cat\/salajove\/wp-content\/uploads\/sites\/3\/2024\/08\/SHIINA-Karuho.-Llegando-a-ti-JC-JAPONES-SHI-vol.12-768x1249.jpg 768w, https:\/\/biblioteca.blanes.cat\/salajove\/wp-content\/uploads\/sites\/3\/2024\/08\/SHIINA-Karuho.-Llegando-a-ti-JC-JAPONES-SHI-vol.12-944x1536.jpg 944w, https:\/\/biblioteca.blanes.cat\/salajove\/wp-content\/uploads\/sites\/3\/2024\/08\/SHIINA-Karuho.-Llegando-a-ti-JC-JAPONES-SHI-vol.12-1259x2048.jpg 1259w, https:\/\/biblioteca.blanes.cat\/salajove\/wp-content\/uploads\/sites\/3\/2024\/08\/SHIINA-Karuho.-Llegando-a-ti-JC-JAPONES-SHI-vol.12-scaled.jpg 1574w\" sizes=\"(max-width: 184px) 100vw, 184px\" \/><\/a>\n\t\t\t<\/div><\/figure><figure class='gallery-item'>\n\t\t\t<div class='gallery-icon portrait'>\n\t\t\t\t<a href='https:\/\/biblioteca.blanes.cat\/salajove\/2024\/08\/01\/novetats-agost-2024\/shiina-karuho-llegando-a-ti-jc-japones-shi-vol-13\/'><img loading=\"lazy\" decoding=\"async\" width=\"187\" height=\"300\" src=\"https:\/\/biblioteca.blanes.cat\/salajove\/wp-content\/uploads\/sites\/3\/2024\/08\/SHIINA-Karuho.-Llegando-a-ti-JC-JAPONES-SHI-vol.13-187x300.jpg\" class=\"attachment-medium size-medium\" alt=\"\" srcset=\"https:\/\/biblioteca.blanes.cat\/salajove\/wp-content\/uploads\/sites\/3\/2024\/08\/SHIINA-Karuho.-Llegando-a-ti-JC-JAPONES-SHI-vol.13-187x300.jpg 187w, https:\/\/biblioteca.blanes.cat\/salajove\/wp-content\/uploads\/sites\/3\/2024\/08\/SHIINA-Karuho.-Llegando-a-ti-JC-JAPONES-SHI-vol.13-640x1024.jpg 640w, https:\/\/biblioteca.blanes.cat\/salajove\/wp-content\/uploads\/sites\/3\/2024\/08\/SHIINA-Karuho.-Llegando-a-ti-JC-JAPONES-SHI-vol.13-768x1230.jpg 768w, https:\/\/biblioteca.blanes.cat\/salajove\/wp-content\/uploads\/sites\/3\/2024\/08\/SHIINA-Karuho.-Llegando-a-ti-JC-JAPONES-SHI-vol.13-959x1536.jpg 959w, https:\/\/biblioteca.blanes.cat\/salajove\/wp-content\/uploads\/sites\/3\/2024\/08\/SHIINA-Karuho.-Llegando-a-ti-JC-JAPONES-SHI-vol.13-1279x2048.jpg 1279w, https:\/\/biblioteca.blanes.cat\/salajove\/wp-content\/uploads\/sites\/3\/2024\/08\/SHIINA-Karuho.-Llegando-a-ti-JC-JAPONES-SHI-vol.13-scaled.jpg 1599w\" sizes=\"(max-width: 187px) 100vw, 187px\" \/><\/a>\n\t\t\t<\/div><\/figure><figure class='gallery-item'>\n\t\t\t<div class='gallery-icon portrait'>\n\t\t\t\t<a href='https:\/\/biblioteca.blanes.cat\/salajove\/2024\/08\/01\/novetats-agost-2024\/shiina-karuho-llegando-a-ti-jc-japones-shi-vol-14\/'><img loading=\"lazy\" decoding=\"async\" width=\"232\" height=\"300\" src=\"https:\/\/biblioteca.blanes.cat\/salajove\/wp-content\/uploads\/sites\/3\/2024\/08\/SHIINA-Karuho.-Llegando-a-ti-JC-JAPONES-SHI-vol.14-232x300.jpg\" class=\"attachment-medium size-medium\" alt=\"\" srcset=\"https:\/\/biblioteca.blanes.cat\/salajove\/wp-content\/uploads\/sites\/3\/2024\/08\/SHIINA-Karuho.-Llegando-a-ti-JC-JAPONES-SHI-vol.14-232x300.jpg 232w, https:\/\/biblioteca.blanes.cat\/salajove\/wp-content\/uploads\/sites\/3\/2024\/08\/SHIINA-Karuho.-Llegando-a-ti-JC-JAPONES-SHI-vol.14-792x1024.jpg 792w, https:\/\/biblioteca.blanes.cat\/salajove\/wp-content\/uploads\/sites\/3\/2024\/08\/SHIINA-Karuho.-Llegando-a-ti-JC-JAPONES-SHI-vol.14-768x993.jpg 768w, https:\/\/biblioteca.blanes.cat\/salajove\/wp-content\/uploads\/sites\/3\/2024\/08\/SHIINA-Karuho.-Llegando-a-ti-JC-JAPONES-SHI-vol.14.jpg 1100w\" sizes=\"(max-width: 232px) 100vw, 232px\" \/><\/a>\n\t\t\t<\/div><\/figure><figure class='gallery-item'>\n\t\t\t<div class='gallery-icon portrait'>\n\t\t\t\t<a href='https:\/\/biblioteca.blanes.cat\/salajove\/2024\/08\/01\/novetats-agost-2024\/yamada-kanehito-frieren-jc-japones-fri-vol-5\/'><img loading=\"lazy\" decoding=\"async\" width=\"197\" height=\"300\" src=\"https:\/\/biblioteca.blanes.cat\/salajove\/wp-content\/uploads\/sites\/3\/2024\/08\/YAMADA-Kanehito.-Frieren-JC-JAPONES-FRI-vol.-5-197x300.jpg\" class=\"attachment-medium size-medium\" alt=\"\" srcset=\"https:\/\/biblioteca.blanes.cat\/salajove\/wp-content\/uploads\/sites\/3\/2024\/08\/YAMADA-Kanehito.-Frieren-JC-JAPONES-FRI-vol.-5-197x300.jpg 197w, https:\/\/biblioteca.blanes.cat\/salajove\/wp-content\/uploads\/sites\/3\/2024\/08\/YAMADA-Kanehito.-Frieren-JC-JAPONES-FRI-vol.-5.jpg 657w\" sizes=\"(max-width: 197px) 100vw, 197px\" \/><\/a>\n\t\t\t<\/div><\/figure><figure class='gallery-item'>\n\t\t\t<div class='gallery-icon portrait'>\n\t\t\t\t<a href='https:\/\/biblioteca.blanes.cat\/salajove\/2024\/08\/01\/novetats-agost-2024\/yamada-kanehito-frieren-jc-japones-fri-vol-6\/'><img loading=\"lazy\" decoding=\"async\" width=\"197\" height=\"300\" src=\"https:\/\/biblioteca.blanes.cat\/salajove\/wp-content\/uploads\/sites\/3\/2024\/08\/YAMADA-Kanehito.-Frieren-JC-JAPONES-FRI-vol.-6-197x300.jpg\" class=\"attachment-medium size-medium\" alt=\"\" srcset=\"https:\/\/biblioteca.blanes.cat\/salajove\/wp-content\/uploads\/sites\/3\/2024\/08\/YAMADA-Kanehito.-Frieren-JC-JAPONES-FRI-vol.-6-197x300.jpg 197w, https:\/\/biblioteca.blanes.cat\/salajove\/wp-content\/uploads\/sites\/3\/2024\/08\/YAMADA-Kanehito.-Frieren-JC-JAPONES-FRI-vol.-6.jpg 657w\" sizes=\"(max-width: 197px) 100vw, 197px\" \/><\/a>\n\t\t\t<\/div><\/figure><figure class='gallery-item'>\n\t\t\t<div class='gallery-icon portrait'>\n\t\t\t\t<a href='https:\/\/biblioteca.blanes.cat\/salajove\/2024\/08\/01\/novetats-agost-2024\/llegando-a-ti\/'><img loading=\"lazy\" decoding=\"async\" width=\"190\" height=\"300\" src=\"https:\/\/biblioteca.blanes.cat\/salajove\/wp-content\/uploads\/sites\/3\/2024\/08\/llegando-a-ti-190x300.jpg\" class=\"attachment-medium size-medium\" alt=\"\" srcset=\"https:\/\/biblioteca.blanes.cat\/salajove\/wp-content\/uploads\/sites\/3\/2024\/08\/llegando-a-ti-190x300.jpg 190w, https:\/\/biblioteca.blanes.cat\/salajove\/wp-content\/uploads\/sites\/3\/2024\/08\/llegando-a-ti.jpg 360w\" sizes=\"(max-width: 190px) 100vw, 190px\" \/><\/a>\n\t\t\t<\/div><\/figure>\n\t\t<\/div>\n\n<h1><strong>CENTRES D&#8217;INTER\u00c8S<\/strong><\/h1>\n<div id='gallery-11' class='gallery galleryid-8802 gallery-columns-3 gallery-size-medium'><figure class='gallery-item'>\n\t\t\t<div class='gallery-icon portrait'>\n\t\t\t\t<a href='https:\/\/biblioteca.blanes.cat\/salajove\/2024\/08\/01\/novetats-agost-2024\/hammonds-jas-we-deserve-monuments\/'><img loading=\"lazy\" decoding=\"async\" width=\"200\" height=\"300\" src=\"https:\/\/biblioteca.blanes.cat\/salajove\/wp-content\/uploads\/sites\/3\/2024\/08\/HAMMONDS-Jas.-We-deserve-monuments-200x300.jpg\" class=\"attachment-medium size-medium\" alt=\"\" srcset=\"https:\/\/biblioteca.blanes.cat\/salajove\/wp-content\/uploads\/sites\/3\/2024\/08\/HAMMONDS-Jas.-We-deserve-monuments-200x300.jpg 200w, https:\/\/biblioteca.blanes.cat\/salajove\/wp-content\/uploads\/sites\/3\/2024\/08\/HAMMONDS-Jas.-We-deserve-monuments.jpg 667w\" sizes=\"(max-width: 200px) 100vw, 200px\" \/><\/a>\n\t\t\t<\/div><\/figure><figure class='gallery-item'>\n\t\t\t<div class='gallery-icon portrait'>\n\t\t\t\t<a href='https:\/\/biblioteca.blanes.cat\/salajove\/2024\/08\/01\/novetats-agost-2024\/lopez-nando-por-que-tiene-que-ser-todo-tan-dificil\/'><img loading=\"lazy\" decoding=\"async\" width=\"184\" height=\"273\" src=\"https:\/\/biblioteca.blanes.cat\/salajove\/wp-content\/uploads\/sites\/3\/2024\/08\/LOPEZ-Nando.-Por-que-tiene-que-ser-todo-tan-dificil.jpg\" class=\"attachment-medium size-medium\" alt=\"\" \/><\/a>\n\t\t\t<\/div><\/figure>\n\t\t<\/div>\n\n<h1><strong>AUDIOVISUALS<\/strong><\/h1>\n<div id='gallery-12' class='gallery galleryid-8802 gallery-columns-3 gallery-size-medium'><figure class='gallery-item'>\n\t\t\t<div class='gallery-icon portrait'>\n\t\t\t\t<a href='https:\/\/biblioteca.blanes.cat\/salajove\/2024\/08\/01\/novetats-agost-2024\/aquaman-y-el-reino-perdido-james-wan\/'><img loading=\"lazy\" decoding=\"async\" width=\"180\" height=\"267\" src=\"https:\/\/biblioteca.blanes.cat\/salajove\/wp-content\/uploads\/sites\/3\/2024\/08\/Aquaman-y-el-reino-perdido-James-Wan.jpg\" class=\"attachment-medium size-medium\" alt=\"\" \/><\/a>\n\t\t\t<\/div><\/figure><figure class='gallery-item'>\n\t\t\t<div class='gallery-icon portrait'>\n\t\t\t\t<a href='https:\/\/biblioteca.blanes.cat\/salajove\/2024\/08\/01\/novetats-agost-2024\/los-juegos-del-hambre-balada-de-pajaros-cantores-y-serpientes-francis-lawrence\/'><img loading=\"lazy\" decoding=\"async\" width=\"239\" height=\"300\" src=\"https:\/\/biblioteca.blanes.cat\/salajove\/wp-content\/uploads\/sites\/3\/2024\/08\/Los-juegos-del-hambre-balada-de-pajaros-cantores-y-serpientes-Francis-Lawrence-239x300.jpg\" class=\"attachment-medium size-medium\" alt=\"\" srcset=\"https:\/\/biblioteca.blanes.cat\/salajove\/wp-content\/uploads\/sites\/3\/2024\/08\/Los-juegos-del-hambre-balada-de-pajaros-cantores-y-serpientes-Francis-Lawrence-239x300.jpg 239w, https:\/\/biblioteca.blanes.cat\/salajove\/wp-content\/uploads\/sites\/3\/2024\/08\/Los-juegos-del-hambre-balada-de-pajaros-cantores-y-serpientes-Francis-Lawrence.jpg 372w\" sizes=\"(max-width: 239px) 100vw, 239px\" \/><\/a>\n\t\t\t<\/div><\/figure>\n\t\t<\/div>\n\n<h1>\u00a0<\/h1>\n<h1>\u00a0<\/h1>\n<!-- \/wp:tadv\/classic-paragraph -->\n<!-- \/wp:tadv\/classic-paragraph --><!-- \/wp:post-content --><!-- \/wp:tadv\/classic-paragraph --><!-- wp:post-content --><!-- wp:tadv\/classic-paragraph \/-->\n\n<\/p>\n<h1><strong data-rich-text-format-boundary=\"true\">Biblioteca Jove Blanes \u2013 Novetats agost<\/strong><\/h1>\n<p>\n\n<!-- wp:tadv\/classic-paragraph -->\n<\/p>\n<p>\n<!-- wp:tadv\/classic-paragraph -->\n<\/p>\n<p>Ja tenim aqu\u00ed les novetats juvenils del juliol de 2024! Aquest mes hi trobareu especialment novel\u00b7les i c\u00f2mics, per\u00f2 tamb\u00e9 un parell de centres d\u2019inter\u00e8s i dues pel\u00b7l\u00edcules.<\/p>\n<h1><strong>NOVEL\u00b7LES<\/strong><\/h1>\n<div id='gallery-13' class='gallery galleryid-8802 gallery-columns-3 gallery-size-medium'><figure class='gallery-item'>\n\t\t\t<div class='gallery-icon portrait'>\n\t\t\t\t<a href='https:\/\/biblioteca.blanes.cat\/salajove\/2024\/08\/01\/novetats-agost-2024\/barnes-jennifer-lynn-the-naturals-para-cazar-a-un-asesino-tienes-que-ser-su-tipo\/'><img fetchpriority=\"high\" decoding=\"async\" width=\"200\" height=\"300\" src=\"https:\/\/biblioteca.blanes.cat\/salajove\/wp-content\/uploads\/sites\/3\/2024\/08\/BARNES-Jennifer-Lynn.-The-Naturals-para-cazar-a-un-asesino-tienes-que-ser-su-tipo-200x300.jpg\" class=\"attachment-medium size-medium\" alt=\"\" srcset=\"https:\/\/biblioteca.blanes.cat\/salajove\/wp-content\/uploads\/sites\/3\/2024\/08\/BARNES-Jennifer-Lynn.-The-Naturals-para-cazar-a-un-asesino-tienes-que-ser-su-tipo-200x300.jpg 200w, https:\/\/biblioteca.blanes.cat\/salajove\/wp-content\/uploads\/sites\/3\/2024\/08\/BARNES-Jennifer-Lynn.-The-Naturals-para-cazar-a-un-asesino-tienes-que-ser-su-tipo.jpg 667w\" sizes=\"(max-width: 200px) 100vw, 200px\" \/><\/a>\n\t\t\t<\/div><\/figure><figure class='gallery-item'>\n\t\t\t<div class='gallery-icon portrait'>\n\t\t\t\t<a href='https:\/\/biblioteca.blanes.cat\/salajove\/2024\/08\/01\/novetats-agost-2024\/blanco-daniel-el-tiempo-de-la-verdad\/'><img decoding=\"async\" width=\"196\" height=\"300\" src=\"https:\/\/biblioteca.blanes.cat\/salajove\/wp-content\/uploads\/sites\/3\/2024\/08\/BLANCO-Daniel.-El-tiempo-de-la-verdad-196x300.jpg\" class=\"attachment-medium size-medium\" alt=\"\" srcset=\"https:\/\/biblioteca.blanes.cat\/salajove\/wp-content\/uploads\/sites\/3\/2024\/08\/BLANCO-Daniel.-El-tiempo-de-la-verdad-196x300.jpg 196w, https:\/\/biblioteca.blanes.cat\/salajove\/wp-content\/uploads\/sites\/3\/2024\/08\/BLANCO-Daniel.-El-tiempo-de-la-verdad.jpg 654w\" sizes=\"(max-width: 196px) 100vw, 196px\" \/><\/a>\n\t\t\t<\/div><\/figure><figure class='gallery-item'>\n\t\t\t<div class='gallery-icon portrait'>\n\t\t\t\t<a href='https:\/\/biblioteca.blanes.cat\/salajove\/2024\/08\/01\/novetats-agost-2024\/bosch-oliveras-mar-sibilla-i-lespasa-de-la-fi-del-mon\/'><img decoding=\"async\" width=\"270\" height=\"300\" src=\"https:\/\/biblioteca.blanes.cat\/salajove\/wp-content\/uploads\/sites\/3\/2024\/08\/BOSCH-OLIVERAS-Mar.-Sibilla-i-lespasa-de-la-fi-del-mon-270x300.jpg\" class=\"attachment-medium size-medium\" alt=\"\" srcset=\"https:\/\/biblioteca.blanes.cat\/salajove\/wp-content\/uploads\/sites\/3\/2024\/08\/BOSCH-OLIVERAS-Mar.-Sibilla-i-lespasa-de-la-fi-del-mon-270x300.jpg 270w, https:\/\/biblioteca.blanes.cat\/salajove\/wp-content\/uploads\/sites\/3\/2024\/08\/BOSCH-OLIVERAS-Mar.-Sibilla-i-lespasa-de-la-fi-del-mon.jpg 550w\" sizes=\"(max-width: 270px) 100vw, 270px\" \/><\/a>\n\t\t\t<\/div><\/figure><figure class='gallery-item'>\n\t\t\t<div class='gallery-icon portrait'>\n\t\t\t\t<a href='https:\/\/biblioteca.blanes.cat\/salajove\/2024\/08\/01\/novetats-agost-2024\/castillon-motta-jesus-predestinats\/'><img loading=\"lazy\" decoding=\"async\" width=\"197\" height=\"300\" src=\"https:\/\/biblioteca.blanes.cat\/salajove\/wp-content\/uploads\/sites\/3\/2024\/08\/CASTILLON-MOTTA-Jesus.-Predestinats-197x300.jpg\" class=\"attachment-medium size-medium\" alt=\"\" srcset=\"https:\/\/biblioteca.blanes.cat\/salajove\/wp-content\/uploads\/sites\/3\/2024\/08\/CASTILLON-MOTTA-Jesus.-Predestinats-197x300.jpg 197w, https:\/\/biblioteca.blanes.cat\/salajove\/wp-content\/uploads\/sites\/3\/2024\/08\/CASTILLON-MOTTA-Jesus.-Predestinats.jpg 400w\" sizes=\"(max-width: 197px) 100vw, 197px\" \/><\/a>\n\t\t\t<\/div><\/figure><figure class='gallery-item'>\n\t\t\t<div class='gallery-icon portrait'>\n\t\t\t\t<a href='https:\/\/biblioteca.blanes.cat\/salajove\/2024\/08\/01\/novetats-agost-2024\/doom-erin-fabricante-de-llagrimes\/'><img loading=\"lazy\" decoding=\"async\" width=\"197\" height=\"300\" src=\"https:\/\/biblioteca.blanes.cat\/salajove\/wp-content\/uploads\/sites\/3\/2024\/08\/DOOM-Erin.-Fabricante-de-llagrimes-197x300.jpg\" class=\"attachment-medium size-medium\" alt=\"\" srcset=\"https:\/\/biblioteca.blanes.cat\/salajove\/wp-content\/uploads\/sites\/3\/2024\/08\/DOOM-Erin.-Fabricante-de-llagrimes-197x300.jpg 197w, https:\/\/biblioteca.blanes.cat\/salajove\/wp-content\/uploads\/sites\/3\/2024\/08\/DOOM-Erin.-Fabricante-de-llagrimes.jpg 658w\" sizes=\"(max-width: 197px) 100vw, 197px\" \/><\/a>\n\t\t\t<\/div><\/figure><figure class='gallery-item'>\n\t\t\t<div class='gallery-icon portrait'>\n\t\t\t\t<a href='https:\/\/biblioteca.blanes.cat\/salajove\/2024\/08\/01\/novetats-agost-2024\/fombelle-timothee-de-alma-la-fetillera\/'><img loading=\"lazy\" decoding=\"async\" width=\"193\" height=\"300\" src=\"https:\/\/biblioteca.blanes.cat\/salajove\/wp-content\/uploads\/sites\/3\/2024\/08\/FOMBELLE-Timothee-de.-Alma-la-fetillera-193x300.jpg\" class=\"attachment-medium size-medium\" alt=\"\" srcset=\"https:\/\/biblioteca.blanes.cat\/salajove\/wp-content\/uploads\/sites\/3\/2024\/08\/FOMBELLE-Timothee-de.-Alma-la-fetillera-193x300.jpg 193w, https:\/\/biblioteca.blanes.cat\/salajove\/wp-content\/uploads\/sites\/3\/2024\/08\/FOMBELLE-Timothee-de.-Alma-la-fetillera.jpg 514w\" sizes=\"(max-width: 193px) 100vw, 193px\" \/><\/a>\n\t\t\t<\/div><\/figure><figure class='gallery-item'>\n\t\t\t<div class='gallery-icon portrait'>\n\t\t\t\t<a href='https:\/\/biblioteca.blanes.cat\/salajove\/2024\/08\/01\/novetats-agost-2024\/garcia-monica-destin-escucha-mi-voz\/'><img loading=\"lazy\" decoding=\"async\" width=\"211\" height=\"300\" src=\"https:\/\/biblioteca.blanes.cat\/salajove\/wp-content\/uploads\/sites\/3\/2024\/08\/GARCIA-Monica.-Destin-escucha-mi-voz-211x300.jpg\" class=\"attachment-medium size-medium\" alt=\"\" srcset=\"https:\/\/biblioteca.blanes.cat\/salajove\/wp-content\/uploads\/sites\/3\/2024\/08\/GARCIA-Monica.-Destin-escucha-mi-voz-211x300.jpg 211w, https:\/\/biblioteca.blanes.cat\/salajove\/wp-content\/uploads\/sites\/3\/2024\/08\/GARCIA-Monica.-Destin-escucha-mi-voz.jpg 352w\" sizes=\"(max-width: 211px) 100vw, 211px\" \/><\/a>\n\t\t\t<\/div><\/figure><figure class='gallery-item'>\n\t\t\t<div class='gallery-icon portrait'>\n\t\t\t\t<a href='https:\/\/biblioteca.blanes.cat\/salajove\/2024\/08\/01\/novetats-agost-2024\/guillen-colomer-sonia-cicatrius-el-temps-no-ho-cura-tot-pero-passa\/'><img loading=\"lazy\" decoding=\"async\" width=\"195\" height=\"300\" src=\"https:\/\/biblioteca.blanes.cat\/salajove\/wp-content\/uploads\/sites\/3\/2024\/08\/GUILLEN-COLOMER-Sonia.-Cicatrius-el-temps-no-ho-cura-tot-pero-passa-195x300.jpg\" class=\"attachment-medium size-medium\" alt=\"\" srcset=\"https:\/\/biblioteca.blanes.cat\/salajove\/wp-content\/uploads\/sites\/3\/2024\/08\/GUILLEN-COLOMER-Sonia.-Cicatrius-el-temps-no-ho-cura-tot-pero-passa-195x300.jpg 195w, https:\/\/biblioteca.blanes.cat\/salajove\/wp-content\/uploads\/sites\/3\/2024\/08\/GUILLEN-COLOMER-Sonia.-Cicatrius-el-temps-no-ho-cura-tot-pero-passa.jpg 300w\" sizes=\"(max-width: 195px) 100vw, 195px\" \/><\/a>\n\t\t\t<\/div><\/figure><figure class='gallery-item'>\n\t\t\t<div class='gallery-icon portrait'>\n\t\t\t\t<a href='https:\/\/biblioteca.blanes.cat\/salajove\/2024\/08\/01\/novetats-agost-2024\/jacobs-jaco-nunca-es-tarde-para-subirse-a-un-arbol\/'><img loading=\"lazy\" decoding=\"async\" width=\"199\" height=\"300\" src=\"https:\/\/biblioteca.blanes.cat\/salajove\/wp-content\/uploads\/sites\/3\/2024\/08\/JACOBS-Jaco.-Nunca-es-tarde-para-subirse-a-un-arbol-199x300.jpg\" class=\"attachment-medium size-medium\" alt=\"\" srcset=\"https:\/\/biblioteca.blanes.cat\/salajove\/wp-content\/uploads\/sites\/3\/2024\/08\/JACOBS-Jaco.-Nunca-es-tarde-para-subirse-a-un-arbol-199x300.jpg 199w, https:\/\/biblioteca.blanes.cat\/salajove\/wp-content\/uploads\/sites\/3\/2024\/08\/JACOBS-Jaco.-Nunca-es-tarde-para-subirse-a-un-arbol.jpg 663w\" sizes=\"(max-width: 199px) 100vw, 199px\" \/><\/a>\n\t\t\t<\/div><\/figure><figure class='gallery-item'>\n\t\t\t<div class='gallery-icon portrait'>\n\t\t\t\t<a href='https:\/\/biblioteca.blanes.cat\/salajove\/2024\/08\/01\/novetats-agost-2024\/jarrell-randall-la-familia-animal-jn-jar\/'><img loading=\"lazy\" decoding=\"async\" width=\"236\" height=\"300\" src=\"https:\/\/biblioteca.blanes.cat\/salajove\/wp-content\/uploads\/sites\/3\/2024\/08\/JARRELL-Randall.-La-familia-animal-JN-JAR-236x300.jpg\" class=\"attachment-medium size-medium\" alt=\"\" srcset=\"https:\/\/biblioteca.blanes.cat\/salajove\/wp-content\/uploads\/sites\/3\/2024\/08\/JARRELL-Randall.-La-familia-animal-JN-JAR-236x300.jpg 236w, https:\/\/biblioteca.blanes.cat\/salajove\/wp-content\/uploads\/sites\/3\/2024\/08\/JARRELL-Randall.-La-familia-animal-JN-JAR.jpg 700w\" sizes=\"(max-width: 236px) 100vw, 236px\" \/><\/a>\n\t\t\t<\/div><\/figure><figure class='gallery-item'>\n\t\t\t<div class='gallery-icon portrait'>\n\t\t\t\t<a href='https:\/\/biblioteca.blanes.cat\/salajove\/2024\/08\/01\/novetats-agost-2024\/macdonald-george-la-princesa-y-los-trasgos-la-princesa-y-curdie\/'><img loading=\"lazy\" decoding=\"async\" width=\"194\" height=\"300\" src=\"https:\/\/biblioteca.blanes.cat\/salajove\/wp-content\/uploads\/sites\/3\/2024\/08\/MaCDONALD-George.-La-princesa-y-los-trasgos-La-princesa-y-Curdie-194x300.jpg\" class=\"attachment-medium size-medium\" alt=\"\" srcset=\"https:\/\/biblioteca.blanes.cat\/salajove\/wp-content\/uploads\/sites\/3\/2024\/08\/MaCDONALD-George.-La-princesa-y-los-trasgos-La-princesa-y-Curdie-194x300.jpg 194w, https:\/\/biblioteca.blanes.cat\/salajove\/wp-content\/uploads\/sites\/3\/2024\/08\/MaCDONALD-George.-La-princesa-y-los-trasgos-La-princesa-y-Curdie.jpg 645w\" sizes=\"(max-width: 194px) 100vw, 194px\" \/><\/a>\n\t\t\t<\/div><\/figure><figure class='gallery-item'>\n\t\t\t<div class='gallery-icon portrait'>\n\t\t\t\t<a href='https:\/\/biblioteca.blanes.cat\/salajove\/2024\/08\/01\/novetats-agost-2024\/padilla-arturo-extranos-en-un-aeropuerto\/'><img loading=\"lazy\" decoding=\"async\" width=\"199\" height=\"300\" src=\"https:\/\/biblioteca.blanes.cat\/salajove\/wp-content\/uploads\/sites\/3\/2024\/08\/PADILLA-Arturo.-Extranos-en-un-aeropuerto-199x300.jpg\" class=\"attachment-medium size-medium\" alt=\"\" srcset=\"https:\/\/biblioteca.blanes.cat\/salajove\/wp-content\/uploads\/sites\/3\/2024\/08\/PADILLA-Arturo.-Extranos-en-un-aeropuerto-199x300.jpg 199w, https:\/\/biblioteca.blanes.cat\/salajove\/wp-content\/uploads\/sites\/3\/2024\/08\/PADILLA-Arturo.-Extranos-en-un-aeropuerto.jpg 662w\" sizes=\"(max-width: 199px) 100vw, 199px\" \/><\/a>\n\t\t\t<\/div><\/figure><figure class='gallery-item'>\n\t\t\t<div class='gallery-icon portrait'>\n\t\t\t\t<a href='https:\/\/biblioteca.blanes.cat\/salajove\/2024\/08\/01\/novetats-agost-2024\/whitten-hannah-para-el-lobo-jn-whi\/'><img loading=\"lazy\" decoding=\"async\" width=\"199\" height=\"300\" src=\"https:\/\/biblioteca.blanes.cat\/salajove\/wp-content\/uploads\/sites\/3\/2024\/08\/WHITTEN-Hannah.-Para-el-lobo-JN-WHI-199x300.jpg\" class=\"attachment-medium size-medium\" alt=\"\" srcset=\"https:\/\/biblioteca.blanes.cat\/salajove\/wp-content\/uploads\/sites\/3\/2024\/08\/WHITTEN-Hannah.-Para-el-lobo-JN-WHI-199x300.jpg 199w, https:\/\/biblioteca.blanes.cat\/salajove\/wp-content\/uploads\/sites\/3\/2024\/08\/WHITTEN-Hannah.-Para-el-lobo-JN-WHI.jpg 663w\" sizes=\"(max-width: 199px) 100vw, 199px\" \/><\/a>\n\t\t\t<\/div><\/figure><figure class='gallery-item'>\n\t\t\t<div class='gallery-icon portrait'>\n\t\t\t\t<a href='https:\/\/biblioteca.blanes.cat\/salajove\/2024\/08\/01\/novetats-agost-2024\/zappia-francesca-los-monstruos-de-eliza\/'><img loading=\"lazy\" decoding=\"async\" width=\"207\" height=\"300\" src=\"https:\/\/biblioteca.blanes.cat\/salajove\/wp-content\/uploads\/sites\/3\/2024\/08\/ZAPPIA-Francesca.-Los-monstruos-de-Eliza-207x300.jpg\" class=\"attachment-medium size-medium\" alt=\"\" srcset=\"https:\/\/biblioteca.blanes.cat\/salajove\/wp-content\/uploads\/sites\/3\/2024\/08\/ZAPPIA-Francesca.-Los-monstruos-de-Eliza-207x300.jpg 207w, https:\/\/biblioteca.blanes.cat\/salajove\/wp-content\/uploads\/sites\/3\/2024\/08\/ZAPPIA-Francesca.-Los-monstruos-de-Eliza.jpg 691w\" sizes=\"(max-width: 207px) 100vw, 207px\" \/><\/a>\n\t\t\t<\/div><\/figure>\n\t\t<\/div>\n\n<h1><strong>C\u00d2MICS<\/strong><\/h1>\n<div id='gallery-14' class='gallery galleryid-8802 gallery-columns-3 gallery-size-medium'><figure class='gallery-item'>\n\t\t\t<div class='gallery-icon portrait'>\n\t\t\t\t<a href='https:\/\/biblioteca.blanes.cat\/salajove\/2024\/08\/01\/novetats-agost-2024\/bryon-lucie-ladrona\/'><img loading=\"lazy\" decoding=\"async\" width=\"241\" height=\"300\" src=\"https:\/\/biblioteca.blanes.cat\/salajove\/wp-content\/uploads\/sites\/3\/2024\/08\/BRYON-Lucie.-Ladrona-241x300.jpg\" class=\"attachment-medium size-medium\" alt=\"\" srcset=\"https:\/\/biblioteca.blanes.cat\/salajove\/wp-content\/uploads\/sites\/3\/2024\/08\/BRYON-Lucie.-Ladrona-241x300.jpg 241w, https:\/\/biblioteca.blanes.cat\/salajove\/wp-content\/uploads\/sites\/3\/2024\/08\/BRYON-Lucie.-Ladrona-768x956.jpg 768w, https:\/\/biblioteca.blanes.cat\/salajove\/wp-content\/uploads\/sites\/3\/2024\/08\/BRYON-Lucie.-Ladrona.jpg 803w\" sizes=\"(max-width: 241px) 100vw, 241px\" \/><\/a>\n\t\t\t<\/div><\/figure><figure class='gallery-item'>\n\t\t\t<div class='gallery-icon portrait'>\n\t\t\t\t<a href='https:\/\/biblioteca.blanes.cat\/salajove\/2024\/08\/01\/novetats-agost-2024\/shiina-karuho-llegando-a-ti-jc-japones-shi-vol-12\/'><img loading=\"lazy\" decoding=\"async\" width=\"184\" height=\"300\" src=\"https:\/\/biblioteca.blanes.cat\/salajove\/wp-content\/uploads\/sites\/3\/2024\/08\/SHIINA-Karuho.-Llegando-a-ti-JC-JAPONES-SHI-vol.12-184x300.jpg\" class=\"attachment-medium size-medium\" alt=\"\" srcset=\"https:\/\/biblioteca.blanes.cat\/salajove\/wp-content\/uploads\/sites\/3\/2024\/08\/SHIINA-Karuho.-Llegando-a-ti-JC-JAPONES-SHI-vol.12-184x300.jpg 184w, https:\/\/biblioteca.blanes.cat\/salajove\/wp-content\/uploads\/sites\/3\/2024\/08\/SHIINA-Karuho.-Llegando-a-ti-JC-JAPONES-SHI-vol.12-630x1024.jpg 630w, https:\/\/biblioteca.blanes.cat\/salajove\/wp-content\/uploads\/sites\/3\/2024\/08\/SHIINA-Karuho.-Llegando-a-ti-JC-JAPONES-SHI-vol.12-768x1249.jpg 768w, https:\/\/biblioteca.blanes.cat\/salajove\/wp-content\/uploads\/sites\/3\/2024\/08\/SHIINA-Karuho.-Llegando-a-ti-JC-JAPONES-SHI-vol.12-944x1536.jpg 944w, https:\/\/biblioteca.blanes.cat\/salajove\/wp-content\/uploads\/sites\/3\/2024\/08\/SHIINA-Karuho.-Llegando-a-ti-JC-JAPONES-SHI-vol.12-1259x2048.jpg 1259w, https:\/\/biblioteca.blanes.cat\/salajove\/wp-content\/uploads\/sites\/3\/2024\/08\/SHIINA-Karuho.-Llegando-a-ti-JC-JAPONES-SHI-vol.12-scaled.jpg 1574w\" sizes=\"(max-width: 184px) 100vw, 184px\" \/><\/a>\n\t\t\t<\/div><\/figure><figure class='gallery-item'>\n\t\t\t<div class='gallery-icon portrait'>\n\t\t\t\t<a href='https:\/\/biblioteca.blanes.cat\/salajove\/2024\/08\/01\/novetats-agost-2024\/shiina-karuho-llegando-a-ti-jc-japones-shi-vol-13\/'><img loading=\"lazy\" decoding=\"async\" width=\"187\" height=\"300\" src=\"https:\/\/biblioteca.blanes.cat\/salajove\/wp-content\/uploads\/sites\/3\/2024\/08\/SHIINA-Karuho.-Llegando-a-ti-JC-JAPONES-SHI-vol.13-187x300.jpg\" class=\"attachment-medium size-medium\" alt=\"\" srcset=\"https:\/\/biblioteca.blanes.cat\/salajove\/wp-content\/uploads\/sites\/3\/2024\/08\/SHIINA-Karuho.-Llegando-a-ti-JC-JAPONES-SHI-vol.13-187x300.jpg 187w, https:\/\/biblioteca.blanes.cat\/salajove\/wp-content\/uploads\/sites\/3\/2024\/08\/SHIINA-Karuho.-Llegando-a-ti-JC-JAPONES-SHI-vol.13-640x1024.jpg 640w, https:\/\/biblioteca.blanes.cat\/salajove\/wp-content\/uploads\/sites\/3\/2024\/08\/SHIINA-Karuho.-Llegando-a-ti-JC-JAPONES-SHI-vol.13-768x1230.jpg 768w, https:\/\/biblioteca.blanes.cat\/salajove\/wp-content\/uploads\/sites\/3\/2024\/08\/SHIINA-Karuho.-Llegando-a-ti-JC-JAPONES-SHI-vol.13-959x1536.jpg 959w, https:\/\/biblioteca.blanes.cat\/salajove\/wp-content\/uploads\/sites\/3\/2024\/08\/SHIINA-Karuho.-Llegando-a-ti-JC-JAPONES-SHI-vol.13-1279x2048.jpg 1279w, https:\/\/biblioteca.blanes.cat\/salajove\/wp-content\/uploads\/sites\/3\/2024\/08\/SHIINA-Karuho.-Llegando-a-ti-JC-JAPONES-SHI-vol.13-scaled.jpg 1599w\" sizes=\"(max-width: 187px) 100vw, 187px\" \/><\/a>\n\t\t\t<\/div><\/figure><figure class='gallery-item'>\n\t\t\t<div class='gallery-icon portrait'>\n\t\t\t\t<a href='https:\/\/biblioteca.blanes.cat\/salajove\/2024\/08\/01\/novetats-agost-2024\/shiina-karuho-llegando-a-ti-jc-japones-shi-vol-14\/'><img loading=\"lazy\" decoding=\"async\" width=\"232\" height=\"300\" src=\"https:\/\/biblioteca.blanes.cat\/salajove\/wp-content\/uploads\/sites\/3\/2024\/08\/SHIINA-Karuho.-Llegando-a-ti-JC-JAPONES-SHI-vol.14-232x300.jpg\" class=\"attachment-medium size-medium\" alt=\"\" srcset=\"https:\/\/biblioteca.blanes.cat\/salajove\/wp-content\/uploads\/sites\/3\/2024\/08\/SHIINA-Karuho.-Llegando-a-ti-JC-JAPONES-SHI-vol.14-232x300.jpg 232w, https:\/\/biblioteca.blanes.cat\/salajove\/wp-content\/uploads\/sites\/3\/2024\/08\/SHIINA-Karuho.-Llegando-a-ti-JC-JAPONES-SHI-vol.14-792x1024.jpg 792w, https:\/\/biblioteca.blanes.cat\/salajove\/wp-content\/uploads\/sites\/3\/2024\/08\/SHIINA-Karuho.-Llegando-a-ti-JC-JAPONES-SHI-vol.14-768x993.jpg 768w, https:\/\/biblioteca.blanes.cat\/salajove\/wp-content\/uploads\/sites\/3\/2024\/08\/SHIINA-Karuho.-Llegando-a-ti-JC-JAPONES-SHI-vol.14.jpg 1100w\" sizes=\"(max-width: 232px) 100vw, 232px\" \/><\/a>\n\t\t\t<\/div><\/figure><figure class='gallery-item'>\n\t\t\t<div class='gallery-icon portrait'>\n\t\t\t\t<a href='https:\/\/biblioteca.blanes.cat\/salajove\/2024\/08\/01\/novetats-agost-2024\/yamada-kanehito-frieren-jc-japones-fri-vol-5\/'><img loading=\"lazy\" decoding=\"async\" width=\"197\" height=\"300\" src=\"https:\/\/biblioteca.blanes.cat\/salajove\/wp-content\/uploads\/sites\/3\/2024\/08\/YAMADA-Kanehito.-Frieren-JC-JAPONES-FRI-vol.-5-197x300.jpg\" class=\"attachment-medium size-medium\" alt=\"\" srcset=\"https:\/\/biblioteca.blanes.cat\/salajove\/wp-content\/uploads\/sites\/3\/2024\/08\/YAMADA-Kanehito.-Frieren-JC-JAPONES-FRI-vol.-5-197x300.jpg 197w, https:\/\/biblioteca.blanes.cat\/salajove\/wp-content\/uploads\/sites\/3\/2024\/08\/YAMADA-Kanehito.-Frieren-JC-JAPONES-FRI-vol.-5.jpg 657w\" sizes=\"(max-width: 197px) 100vw, 197px\" \/><\/a>\n\t\t\t<\/div><\/figure><figure class='gallery-item'>\n\t\t\t<div class='gallery-icon portrait'>\n\t\t\t\t<a href='https:\/\/biblioteca.blanes.cat\/salajove\/2024\/08\/01\/novetats-agost-2024\/yamada-kanehito-frieren-jc-japones-fri-vol-6\/'><img loading=\"lazy\" decoding=\"async\" width=\"197\" height=\"300\" src=\"https:\/\/biblioteca.blanes.cat\/salajove\/wp-content\/uploads\/sites\/3\/2024\/08\/YAMADA-Kanehito.-Frieren-JC-JAPONES-FRI-vol.-6-197x300.jpg\" class=\"attachment-medium size-medium\" alt=\"\" srcset=\"https:\/\/biblioteca.blanes.cat\/salajove\/wp-content\/uploads\/sites\/3\/2024\/08\/YAMADA-Kanehito.-Frieren-JC-JAPONES-FRI-vol.-6-197x300.jpg 197w, https:\/\/biblioteca.blanes.cat\/salajove\/wp-content\/uploads\/sites\/3\/2024\/08\/YAMADA-Kanehito.-Frieren-JC-JAPONES-FRI-vol.-6.jpg 657w\" sizes=\"(max-width: 197px) 100vw, 197px\" \/><\/a>\n\t\t\t<\/div><\/figure><figure class='gallery-item'>\n\t\t\t<div class='gallery-icon portrait'>\n\t\t\t\t<a href='https:\/\/biblioteca.blanes.cat\/salajove\/2024\/08\/01\/novetats-agost-2024\/llegando-a-ti\/'><img loading=\"lazy\" decoding=\"async\" width=\"190\" height=\"300\" src=\"https:\/\/biblioteca.blanes.cat\/salajove\/wp-content\/uploads\/sites\/3\/2024\/08\/llegando-a-ti-190x300.jpg\" class=\"attachment-medium size-medium\" alt=\"\" srcset=\"https:\/\/biblioteca.blanes.cat\/salajove\/wp-content\/uploads\/sites\/3\/2024\/08\/llegando-a-ti-190x300.jpg 190w, https:\/\/biblioteca.blanes.cat\/salajove\/wp-content\/uploads\/sites\/3\/2024\/08\/llegando-a-ti.jpg 360w\" sizes=\"(max-width: 190px) 100vw, 190px\" \/><\/a>\n\t\t\t<\/div><\/figure>\n\t\t<\/div>\n\n<h1><strong>CENTRES D&#8217;INTER\u00c8S<\/strong><\/h1>\n<div id='gallery-15' class='gallery galleryid-8802 gallery-columns-3 gallery-size-medium'><figure class='gallery-item'>\n\t\t\t<div class='gallery-icon portrait'>\n\t\t\t\t<a href='https:\/\/biblioteca.blanes.cat\/salajove\/2024\/08\/01\/novetats-agost-2024\/hammonds-jas-we-deserve-monuments\/'><img loading=\"lazy\" decoding=\"async\" width=\"200\" height=\"300\" src=\"https:\/\/biblioteca.blanes.cat\/salajove\/wp-content\/uploads\/sites\/3\/2024\/08\/HAMMONDS-Jas.-We-deserve-monuments-200x300.jpg\" class=\"attachment-medium size-medium\" alt=\"\" srcset=\"https:\/\/biblioteca.blanes.cat\/salajove\/wp-content\/uploads\/sites\/3\/2024\/08\/HAMMONDS-Jas.-We-deserve-monuments-200x300.jpg 200w, https:\/\/biblioteca.blanes.cat\/salajove\/wp-content\/uploads\/sites\/3\/2024\/08\/HAMMONDS-Jas.-We-deserve-monuments.jpg 667w\" sizes=\"(max-width: 200px) 100vw, 200px\" \/><\/a>\n\t\t\t<\/div><\/figure><figure class='gallery-item'>\n\t\t\t<div class='gallery-icon portrait'>\n\t\t\t\t<a href='https:\/\/biblioteca.blanes.cat\/salajove\/2024\/08\/01\/novetats-agost-2024\/lopez-nando-por-que-tiene-que-ser-todo-tan-dificil\/'><img loading=\"lazy\" decoding=\"async\" width=\"184\" height=\"273\" src=\"https:\/\/biblioteca.blanes.cat\/salajove\/wp-content\/uploads\/sites\/3\/2024\/08\/LOPEZ-Nando.-Por-que-tiene-que-ser-todo-tan-dificil.jpg\" class=\"attachment-medium size-medium\" alt=\"\" \/><\/a>\n\t\t\t<\/div><\/figure>\n\t\t<\/div>\n\n<h1><strong>AUDIOVISUALS<\/strong><\/h1>\n<div id='gallery-16' class='gallery galleryid-8802 gallery-columns-3 gallery-size-medium'><figure class='gallery-item'>\n\t\t\t<div class='gallery-icon portrait'>\n\t\t\t\t<a href='https:\/\/biblioteca.blanes.cat\/salajove\/2024\/08\/01\/novetats-agost-2024\/aquaman-y-el-reino-perdido-james-wan\/'><img loading=\"lazy\" decoding=\"async\" width=\"180\" height=\"267\" src=\"https:\/\/biblioteca.blanes.cat\/salajove\/wp-content\/uploads\/sites\/3\/2024\/08\/Aquaman-y-el-reino-perdido-James-Wan.jpg\" class=\"attachment-medium size-medium\" alt=\"\" \/><\/a>\n\t\t\t<\/div><\/figure><figure class='gallery-item'>\n\t\t\t<div class='gallery-icon portrait'>\n\t\t\t\t<a href='https:\/\/biblioteca.blanes.cat\/salajove\/2024\/08\/01\/novetats-agost-2024\/los-juegos-del-hambre-balada-de-pajaros-cantores-y-serpientes-francis-lawrence\/'><img loading=\"lazy\" decoding=\"async\" width=\"239\" height=\"300\" src=\"https:\/\/biblioteca.blanes.cat\/salajove\/wp-content\/uploads\/sites\/3\/2024\/08\/Los-juegos-del-hambre-balada-de-pajaros-cantores-y-serpientes-Francis-Lawrence-239x300.jpg\" class=\"attachment-medium size-medium\" alt=\"\" srcset=\"https:\/\/biblioteca.blanes.cat\/salajove\/wp-content\/uploads\/sites\/3\/2024\/08\/Los-juegos-del-hambre-balada-de-pajaros-cantores-y-serpientes-Francis-Lawrence-239x300.jpg 239w, https:\/\/biblioteca.blanes.cat\/salajove\/wp-content\/uploads\/sites\/3\/2024\/08\/Los-juegos-del-hambre-balada-de-pajaros-cantores-y-serpientes-Francis-Lawrence.jpg 372w\" sizes=\"(max-width: 239px) 100vw, 239px\" \/><\/a>\n\t\t\t<\/div><\/figure>\n\t\t<\/div>\n\n<h1>\u00a0<\/h1>\n<h1>\u00a0<\/h1>\n<!-- \/wp:tadv\/classic-paragraph -->\n<!-- \/wp:tadv\/classic-paragraph -->\n\n<p>\n\n<!-- wp:tadv\/classic-paragraph -->\n<\/p>\n<h1><strong data-rich-text-format-boundary=\"true\">Biblioteca Jove Blanes \u2013 Novetats agost<\/strong><\/h1>\n<p><!-- wp:tadv\/classic-paragraph --><\/p>\n<p><!-- wp:tadv\/classic-paragraph --><\/p>\n<p>Ja tenim aqu\u00ed les novetats juvenils del juliol de 2024! Aquest mes hi trobareu especialment novel\u00b7les i c\u00f2mics, per\u00f2 tamb\u00e9 un parell de centres d\u2019inter\u00e8s i dues pel\u00b7l\u00edcules.<\/p>\n<h1><strong>NOVEL\u00b7LES<\/strong><\/h1>\n<div id='gallery-17' class='gallery galleryid-8802 gallery-columns-3 gallery-size-medium'><figure class='gallery-item'>\n\t\t\t<div class='gallery-icon portrait'>\n\t\t\t\t<a href='https:\/\/biblioteca.blanes.cat\/salajove\/2024\/08\/01\/novetats-agost-2024\/barnes-jennifer-lynn-the-naturals-para-cazar-a-un-asesino-tienes-que-ser-su-tipo\/'><img fetchpriority=\"high\" decoding=\"async\" width=\"200\" height=\"300\" src=\"https:\/\/biblioteca.blanes.cat\/salajove\/wp-content\/uploads\/sites\/3\/2024\/08\/BARNES-Jennifer-Lynn.-The-Naturals-para-cazar-a-un-asesino-tienes-que-ser-su-tipo-200x300.jpg\" class=\"attachment-medium size-medium\" alt=\"\" srcset=\"https:\/\/biblioteca.blanes.cat\/salajove\/wp-content\/uploads\/sites\/3\/2024\/08\/BARNES-Jennifer-Lynn.-The-Naturals-para-cazar-a-un-asesino-tienes-que-ser-su-tipo-200x300.jpg 200w, https:\/\/biblioteca.blanes.cat\/salajove\/wp-content\/uploads\/sites\/3\/2024\/08\/BARNES-Jennifer-Lynn.-The-Naturals-para-cazar-a-un-asesino-tienes-que-ser-su-tipo.jpg 667w\" sizes=\"(max-width: 200px) 100vw, 200px\" \/><\/a>\n\t\t\t<\/div><\/figure><figure class='gallery-item'>\n\t\t\t<div class='gallery-icon portrait'>\n\t\t\t\t<a href='https:\/\/biblioteca.blanes.cat\/salajove\/2024\/08\/01\/novetats-agost-2024\/blanco-daniel-el-tiempo-de-la-verdad\/'><img decoding=\"async\" width=\"196\" height=\"300\" src=\"https:\/\/biblioteca.blanes.cat\/salajove\/wp-content\/uploads\/sites\/3\/2024\/08\/BLANCO-Daniel.-El-tiempo-de-la-verdad-196x300.jpg\" class=\"attachment-medium size-medium\" alt=\"\" srcset=\"https:\/\/biblioteca.blanes.cat\/salajove\/wp-content\/uploads\/sites\/3\/2024\/08\/BLANCO-Daniel.-El-tiempo-de-la-verdad-196x300.jpg 196w, https:\/\/biblioteca.blanes.cat\/salajove\/wp-content\/uploads\/sites\/3\/2024\/08\/BLANCO-Daniel.-El-tiempo-de-la-verdad.jpg 654w\" sizes=\"(max-width: 196px) 100vw, 196px\" \/><\/a>\n\t\t\t<\/div><\/figure><figure class='gallery-item'>\n\t\t\t<div class='gallery-icon portrait'>\n\t\t\t\t<a href='https:\/\/biblioteca.blanes.cat\/salajove\/2024\/08\/01\/novetats-agost-2024\/bosch-oliveras-mar-sibilla-i-lespasa-de-la-fi-del-mon\/'><img decoding=\"async\" width=\"270\" height=\"300\" src=\"https:\/\/biblioteca.blanes.cat\/salajove\/wp-content\/uploads\/sites\/3\/2024\/08\/BOSCH-OLIVERAS-Mar.-Sibilla-i-lespasa-de-la-fi-del-mon-270x300.jpg\" class=\"attachment-medium size-medium\" alt=\"\" srcset=\"https:\/\/biblioteca.blanes.cat\/salajove\/wp-content\/uploads\/sites\/3\/2024\/08\/BOSCH-OLIVERAS-Mar.-Sibilla-i-lespasa-de-la-fi-del-mon-270x300.jpg 270w, https:\/\/biblioteca.blanes.cat\/salajove\/wp-content\/uploads\/sites\/3\/2024\/08\/BOSCH-OLIVERAS-Mar.-Sibilla-i-lespasa-de-la-fi-del-mon.jpg 550w\" sizes=\"(max-width: 270px) 100vw, 270px\" \/><\/a>\n\t\t\t<\/div><\/figure><figure class='gallery-item'>\n\t\t\t<div class='gallery-icon portrait'>\n\t\t\t\t<a href='https:\/\/biblioteca.blanes.cat\/salajove\/2024\/08\/01\/novetats-agost-2024\/castillon-motta-jesus-predestinats\/'><img loading=\"lazy\" decoding=\"async\" width=\"197\" height=\"300\" src=\"https:\/\/biblioteca.blanes.cat\/salajove\/wp-content\/uploads\/sites\/3\/2024\/08\/CASTILLON-MOTTA-Jesus.-Predestinats-197x300.jpg\" class=\"attachment-medium size-medium\" alt=\"\" srcset=\"https:\/\/biblioteca.blanes.cat\/salajove\/wp-content\/uploads\/sites\/3\/2024\/08\/CASTILLON-MOTTA-Jesus.-Predestinats-197x300.jpg 197w, https:\/\/biblioteca.blanes.cat\/salajove\/wp-content\/uploads\/sites\/3\/2024\/08\/CASTILLON-MOTTA-Jesus.-Predestinats.jpg 400w\" sizes=\"(max-width: 197px) 100vw, 197px\" \/><\/a>\n\t\t\t<\/div><\/figure><figure class='gallery-item'>\n\t\t\t<div class='gallery-icon portrait'>\n\t\t\t\t<a href='https:\/\/biblioteca.blanes.cat\/salajove\/2024\/08\/01\/novetats-agost-2024\/doom-erin-fabricante-de-llagrimes\/'><img loading=\"lazy\" decoding=\"async\" width=\"197\" height=\"300\" src=\"https:\/\/biblioteca.blanes.cat\/salajove\/wp-content\/uploads\/sites\/3\/2024\/08\/DOOM-Erin.-Fabricante-de-llagrimes-197x300.jpg\" class=\"attachment-medium size-medium\" alt=\"\" srcset=\"https:\/\/biblioteca.blanes.cat\/salajove\/wp-content\/uploads\/sites\/3\/2024\/08\/DOOM-Erin.-Fabricante-de-llagrimes-197x300.jpg 197w, https:\/\/biblioteca.blanes.cat\/salajove\/wp-content\/uploads\/sites\/3\/2024\/08\/DOOM-Erin.-Fabricante-de-llagrimes.jpg 658w\" sizes=\"(max-width: 197px) 100vw, 197px\" \/><\/a>\n\t\t\t<\/div><\/figure><figure class='gallery-item'>\n\t\t\t<div class='gallery-icon portrait'>\n\t\t\t\t<a href='https:\/\/biblioteca.blanes.cat\/salajove\/2024\/08\/01\/novetats-agost-2024\/fombelle-timothee-de-alma-la-fetillera\/'><img loading=\"lazy\" decoding=\"async\" width=\"193\" height=\"300\" src=\"https:\/\/biblioteca.blanes.cat\/salajove\/wp-content\/uploads\/sites\/3\/2024\/08\/FOMBELLE-Timothee-de.-Alma-la-fetillera-193x300.jpg\" class=\"attachment-medium size-medium\" alt=\"\" srcset=\"https:\/\/biblioteca.blanes.cat\/salajove\/wp-content\/uploads\/sites\/3\/2024\/08\/FOMBELLE-Timothee-de.-Alma-la-fetillera-193x300.jpg 193w, https:\/\/biblioteca.blanes.cat\/salajove\/wp-content\/uploads\/sites\/3\/2024\/08\/FOMBELLE-Timothee-de.-Alma-la-fetillera.jpg 514w\" sizes=\"(max-width: 193px) 100vw, 193px\" \/><\/a>\n\t\t\t<\/div><\/figure><figure class='gallery-item'>\n\t\t\t<div class='gallery-icon portrait'>\n\t\t\t\t<a href='https:\/\/biblioteca.blanes.cat\/salajove\/2024\/08\/01\/novetats-agost-2024\/garcia-monica-destin-escucha-mi-voz\/'><img loading=\"lazy\" decoding=\"async\" width=\"211\" height=\"300\" src=\"https:\/\/biblioteca.blanes.cat\/salajove\/wp-content\/uploads\/sites\/3\/2024\/08\/GARCIA-Monica.-Destin-escucha-mi-voz-211x300.jpg\" class=\"attachment-medium size-medium\" alt=\"\" srcset=\"https:\/\/biblioteca.blanes.cat\/salajove\/wp-content\/uploads\/sites\/3\/2024\/08\/GARCIA-Monica.-Destin-escucha-mi-voz-211x300.jpg 211w, https:\/\/biblioteca.blanes.cat\/salajove\/wp-content\/uploads\/sites\/3\/2024\/08\/GARCIA-Monica.-Destin-escucha-mi-voz.jpg 352w\" sizes=\"(max-width: 211px) 100vw, 211px\" \/><\/a>\n\t\t\t<\/div><\/figure><figure class='gallery-item'>\n\t\t\t<div class='gallery-icon portrait'>\n\t\t\t\t<a href='https:\/\/biblioteca.blanes.cat\/salajove\/2024\/08\/01\/novetats-agost-2024\/guillen-colomer-sonia-cicatrius-el-temps-no-ho-cura-tot-pero-passa\/'><img loading=\"lazy\" decoding=\"async\" width=\"195\" height=\"300\" src=\"https:\/\/biblioteca.blanes.cat\/salajove\/wp-content\/uploads\/sites\/3\/2024\/08\/GUILLEN-COLOMER-Sonia.-Cicatrius-el-temps-no-ho-cura-tot-pero-passa-195x300.jpg\" class=\"attachment-medium size-medium\" alt=\"\" srcset=\"https:\/\/biblioteca.blanes.cat\/salajove\/wp-content\/uploads\/sites\/3\/2024\/08\/GUILLEN-COLOMER-Sonia.-Cicatrius-el-temps-no-ho-cura-tot-pero-passa-195x300.jpg 195w, https:\/\/biblioteca.blanes.cat\/salajove\/wp-content\/uploads\/sites\/3\/2024\/08\/GUILLEN-COLOMER-Sonia.-Cicatrius-el-temps-no-ho-cura-tot-pero-passa.jpg 300w\" sizes=\"(max-width: 195px) 100vw, 195px\" \/><\/a>\n\t\t\t<\/div><\/figure><figure class='gallery-item'>\n\t\t\t<div class='gallery-icon portrait'>\n\t\t\t\t<a href='https:\/\/biblioteca.blanes.cat\/salajove\/2024\/08\/01\/novetats-agost-2024\/jacobs-jaco-nunca-es-tarde-para-subirse-a-un-arbol\/'><img loading=\"lazy\" decoding=\"async\" width=\"199\" height=\"300\" src=\"https:\/\/biblioteca.blanes.cat\/salajove\/wp-content\/uploads\/sites\/3\/2024\/08\/JACOBS-Jaco.-Nunca-es-tarde-para-subirse-a-un-arbol-199x300.jpg\" class=\"attachment-medium size-medium\" alt=\"\" srcset=\"https:\/\/biblioteca.blanes.cat\/salajove\/wp-content\/uploads\/sites\/3\/2024\/08\/JACOBS-Jaco.-Nunca-es-tarde-para-subirse-a-un-arbol-199x300.jpg 199w, https:\/\/biblioteca.blanes.cat\/salajove\/wp-content\/uploads\/sites\/3\/2024\/08\/JACOBS-Jaco.-Nunca-es-tarde-para-subirse-a-un-arbol.jpg 663w\" sizes=\"(max-width: 199px) 100vw, 199px\" \/><\/a>\n\t\t\t<\/div><\/figure><figure class='gallery-item'>\n\t\t\t<div class='gallery-icon portrait'>\n\t\t\t\t<a href='https:\/\/biblioteca.blanes.cat\/salajove\/2024\/08\/01\/novetats-agost-2024\/jarrell-randall-la-familia-animal-jn-jar\/'><img loading=\"lazy\" decoding=\"async\" width=\"236\" height=\"300\" src=\"https:\/\/biblioteca.blanes.cat\/salajove\/wp-content\/uploads\/sites\/3\/2024\/08\/JARRELL-Randall.-La-familia-animal-JN-JAR-236x300.jpg\" class=\"attachment-medium size-medium\" alt=\"\" srcset=\"https:\/\/biblioteca.blanes.cat\/salajove\/wp-content\/uploads\/sites\/3\/2024\/08\/JARRELL-Randall.-La-familia-animal-JN-JAR-236x300.jpg 236w, https:\/\/biblioteca.blanes.cat\/salajove\/wp-content\/uploads\/sites\/3\/2024\/08\/JARRELL-Randall.-La-familia-animal-JN-JAR.jpg 700w\" sizes=\"(max-width: 236px) 100vw, 236px\" \/><\/a>\n\t\t\t<\/div><\/figure><figure class='gallery-item'>\n\t\t\t<div class='gallery-icon portrait'>\n\t\t\t\t<a href='https:\/\/biblioteca.blanes.cat\/salajove\/2024\/08\/01\/novetats-agost-2024\/macdonald-george-la-princesa-y-los-trasgos-la-princesa-y-curdie\/'><img loading=\"lazy\" decoding=\"async\" width=\"194\" height=\"300\" src=\"https:\/\/biblioteca.blanes.cat\/salajove\/wp-content\/uploads\/sites\/3\/2024\/08\/MaCDONALD-George.-La-princesa-y-los-trasgos-La-princesa-y-Curdie-194x300.jpg\" class=\"attachment-medium size-medium\" alt=\"\" srcset=\"https:\/\/biblioteca.blanes.cat\/salajove\/wp-content\/uploads\/sites\/3\/2024\/08\/MaCDONALD-George.-La-princesa-y-los-trasgos-La-princesa-y-Curdie-194x300.jpg 194w, https:\/\/biblioteca.blanes.cat\/salajove\/wp-content\/uploads\/sites\/3\/2024\/08\/MaCDONALD-George.-La-princesa-y-los-trasgos-La-princesa-y-Curdie.jpg 645w\" sizes=\"(max-width: 194px) 100vw, 194px\" \/><\/a>\n\t\t\t<\/div><\/figure><figure class='gallery-item'>\n\t\t\t<div class='gallery-icon portrait'>\n\t\t\t\t<a href='https:\/\/biblioteca.blanes.cat\/salajove\/2024\/08\/01\/novetats-agost-2024\/padilla-arturo-extranos-en-un-aeropuerto\/'><img loading=\"lazy\" decoding=\"async\" width=\"199\" height=\"300\" src=\"https:\/\/biblioteca.blanes.cat\/salajove\/wp-content\/uploads\/sites\/3\/2024\/08\/PADILLA-Arturo.-Extranos-en-un-aeropuerto-199x300.jpg\" class=\"attachment-medium size-medium\" alt=\"\" srcset=\"https:\/\/biblioteca.blanes.cat\/salajove\/wp-content\/uploads\/sites\/3\/2024\/08\/PADILLA-Arturo.-Extranos-en-un-aeropuerto-199x300.jpg 199w, https:\/\/biblioteca.blanes.cat\/salajove\/wp-content\/uploads\/sites\/3\/2024\/08\/PADILLA-Arturo.-Extranos-en-un-aeropuerto.jpg 662w\" sizes=\"(max-width: 199px) 100vw, 199px\" \/><\/a>\n\t\t\t<\/div><\/figure><figure class='gallery-item'>\n\t\t\t<div class='gallery-icon portrait'>\n\t\t\t\t<a href='https:\/\/biblioteca.blanes.cat\/salajove\/2024\/08\/01\/novetats-agost-2024\/whitten-hannah-para-el-lobo-jn-whi\/'><img loading=\"lazy\" decoding=\"async\" width=\"199\" height=\"300\" src=\"https:\/\/biblioteca.blanes.cat\/salajove\/wp-content\/uploads\/sites\/3\/2024\/08\/WHITTEN-Hannah.-Para-el-lobo-JN-WHI-199x300.jpg\" class=\"attachment-medium size-medium\" alt=\"\" srcset=\"https:\/\/biblioteca.blanes.cat\/salajove\/wp-content\/uploads\/sites\/3\/2024\/08\/WHITTEN-Hannah.-Para-el-lobo-JN-WHI-199x300.jpg 199w, https:\/\/biblioteca.blanes.cat\/salajove\/wp-content\/uploads\/sites\/3\/2024\/08\/WHITTEN-Hannah.-Para-el-lobo-JN-WHI.jpg 663w\" sizes=\"(max-width: 199px) 100vw, 199px\" \/><\/a>\n\t\t\t<\/div><\/figure><figure class='gallery-item'>\n\t\t\t<div class='gallery-icon portrait'>\n\t\t\t\t<a href='https:\/\/biblioteca.blanes.cat\/salajove\/2024\/08\/01\/novetats-agost-2024\/zappia-francesca-los-monstruos-de-eliza\/'><img loading=\"lazy\" decoding=\"async\" width=\"207\" height=\"300\" src=\"https:\/\/biblioteca.blanes.cat\/salajove\/wp-content\/uploads\/sites\/3\/2024\/08\/ZAPPIA-Francesca.-Los-monstruos-de-Eliza-207x300.jpg\" class=\"attachment-medium size-medium\" alt=\"\" srcset=\"https:\/\/biblioteca.blanes.cat\/salajove\/wp-content\/uploads\/sites\/3\/2024\/08\/ZAPPIA-Francesca.-Los-monstruos-de-Eliza-207x300.jpg 207w, https:\/\/biblioteca.blanes.cat\/salajove\/wp-content\/uploads\/sites\/3\/2024\/08\/ZAPPIA-Francesca.-Los-monstruos-de-Eliza.jpg 691w\" sizes=\"(max-width: 207px) 100vw, 207px\" \/><\/a>\n\t\t\t<\/div><\/figure>\n\t\t<\/div>\n\n<h1><strong>C\u00d2MICS<\/strong><\/h1>\n<div id='gallery-18' class='gallery galleryid-8802 gallery-columns-3 gallery-size-medium'><figure class='gallery-item'>\n\t\t\t<div class='gallery-icon portrait'>\n\t\t\t\t<a href='https:\/\/biblioteca.blanes.cat\/salajove\/2024\/08\/01\/novetats-agost-2024\/bryon-lucie-ladrona\/'><img loading=\"lazy\" decoding=\"async\" width=\"241\" height=\"300\" src=\"https:\/\/biblioteca.blanes.cat\/salajove\/wp-content\/uploads\/sites\/3\/2024\/08\/BRYON-Lucie.-Ladrona-241x300.jpg\" class=\"attachment-medium size-medium\" alt=\"\" srcset=\"https:\/\/biblioteca.blanes.cat\/salajove\/wp-content\/uploads\/sites\/3\/2024\/08\/BRYON-Lucie.-Ladrona-241x300.jpg 241w, https:\/\/biblioteca.blanes.cat\/salajove\/wp-content\/uploads\/sites\/3\/2024\/08\/BRYON-Lucie.-Ladrona-768x956.jpg 768w, https:\/\/biblioteca.blanes.cat\/salajove\/wp-content\/uploads\/sites\/3\/2024\/08\/BRYON-Lucie.-Ladrona.jpg 803w\" sizes=\"(max-width: 241px) 100vw, 241px\" \/><\/a>\n\t\t\t<\/div><\/figure><figure class='gallery-item'>\n\t\t\t<div class='gallery-icon portrait'>\n\t\t\t\t<a href='https:\/\/biblioteca.blanes.cat\/salajove\/2024\/08\/01\/novetats-agost-2024\/shiina-karuho-llegando-a-ti-jc-japones-shi-vol-12\/'><img loading=\"lazy\" decoding=\"async\" width=\"184\" height=\"300\" src=\"https:\/\/biblioteca.blanes.cat\/salajove\/wp-content\/uploads\/sites\/3\/2024\/08\/SHIINA-Karuho.-Llegando-a-ti-JC-JAPONES-SHI-vol.12-184x300.jpg\" class=\"attachment-medium size-medium\" alt=\"\" srcset=\"https:\/\/biblioteca.blanes.cat\/salajove\/wp-content\/uploads\/sites\/3\/2024\/08\/SHIINA-Karuho.-Llegando-a-ti-JC-JAPONES-SHI-vol.12-184x300.jpg 184w, https:\/\/biblioteca.blanes.cat\/salajove\/wp-content\/uploads\/sites\/3\/2024\/08\/SHIINA-Karuho.-Llegando-a-ti-JC-JAPONES-SHI-vol.12-630x1024.jpg 630w, https:\/\/biblioteca.blanes.cat\/salajove\/wp-content\/uploads\/sites\/3\/2024\/08\/SHIINA-Karuho.-Llegando-a-ti-JC-JAPONES-SHI-vol.12-768x1249.jpg 768w, https:\/\/biblioteca.blanes.cat\/salajove\/wp-content\/uploads\/sites\/3\/2024\/08\/SHIINA-Karuho.-Llegando-a-ti-JC-JAPONES-SHI-vol.12-944x1536.jpg 944w, https:\/\/biblioteca.blanes.cat\/salajove\/wp-content\/uploads\/sites\/3\/2024\/08\/SHIINA-Karuho.-Llegando-a-ti-JC-JAPONES-SHI-vol.12-1259x2048.jpg 1259w, https:\/\/biblioteca.blanes.cat\/salajove\/wp-content\/uploads\/sites\/3\/2024\/08\/SHIINA-Karuho.-Llegando-a-ti-JC-JAPONES-SHI-vol.12-scaled.jpg 1574w\" sizes=\"(max-width: 184px) 100vw, 184px\" \/><\/a>\n\t\t\t<\/div><\/figure><figure class='gallery-item'>\n\t\t\t<div class='gallery-icon portrait'>\n\t\t\t\t<a href='https:\/\/biblioteca.blanes.cat\/salajove\/2024\/08\/01\/novetats-agost-2024\/shiina-karuho-llegando-a-ti-jc-japones-shi-vol-13\/'><img loading=\"lazy\" decoding=\"async\" width=\"187\" height=\"300\" src=\"https:\/\/biblioteca.blanes.cat\/salajove\/wp-content\/uploads\/sites\/3\/2024\/08\/SHIINA-Karuho.-Llegando-a-ti-JC-JAPONES-SHI-vol.13-187x300.jpg\" class=\"attachment-medium size-medium\" alt=\"\" srcset=\"https:\/\/biblioteca.blanes.cat\/salajove\/wp-content\/uploads\/sites\/3\/2024\/08\/SHIINA-Karuho.-Llegando-a-ti-JC-JAPONES-SHI-vol.13-187x300.jpg 187w, https:\/\/biblioteca.blanes.cat\/salajove\/wp-content\/uploads\/sites\/3\/2024\/08\/SHIINA-Karuho.-Llegando-a-ti-JC-JAPONES-SHI-vol.13-640x1024.jpg 640w, https:\/\/biblioteca.blanes.cat\/salajove\/wp-content\/uploads\/sites\/3\/2024\/08\/SHIINA-Karuho.-Llegando-a-ti-JC-JAPONES-SHI-vol.13-768x1230.jpg 768w, https:\/\/biblioteca.blanes.cat\/salajove\/wp-content\/uploads\/sites\/3\/2024\/08\/SHIINA-Karuho.-Llegando-a-ti-JC-JAPONES-SHI-vol.13-959x1536.jpg 959w, https:\/\/biblioteca.blanes.cat\/salajove\/wp-content\/uploads\/sites\/3\/2024\/08\/SHIINA-Karuho.-Llegando-a-ti-JC-JAPONES-SHI-vol.13-1279x2048.jpg 1279w, https:\/\/biblioteca.blanes.cat\/salajove\/wp-content\/uploads\/sites\/3\/2024\/08\/SHIINA-Karuho.-Llegando-a-ti-JC-JAPONES-SHI-vol.13-scaled.jpg 1599w\" sizes=\"(max-width: 187px) 100vw, 187px\" \/><\/a>\n\t\t\t<\/div><\/figure><figure class='gallery-item'>\n\t\t\t<div class='gallery-icon portrait'>\n\t\t\t\t<a href='https:\/\/biblioteca.blanes.cat\/salajove\/2024\/08\/01\/novetats-agost-2024\/shiina-karuho-llegando-a-ti-jc-japones-shi-vol-14\/'><img loading=\"lazy\" decoding=\"async\" width=\"232\" height=\"300\" src=\"https:\/\/biblioteca.blanes.cat\/salajove\/wp-content\/uploads\/sites\/3\/2024\/08\/SHIINA-Karuho.-Llegando-a-ti-JC-JAPONES-SHI-vol.14-232x300.jpg\" class=\"attachment-medium size-medium\" alt=\"\" srcset=\"https:\/\/biblioteca.blanes.cat\/salajove\/wp-content\/uploads\/sites\/3\/2024\/08\/SHIINA-Karuho.-Llegando-a-ti-JC-JAPONES-SHI-vol.14-232x300.jpg 232w, https:\/\/biblioteca.blanes.cat\/salajove\/wp-content\/uploads\/sites\/3\/2024\/08\/SHIINA-Karuho.-Llegando-a-ti-JC-JAPONES-SHI-vol.14-792x1024.jpg 792w, https:\/\/biblioteca.blanes.cat\/salajove\/wp-content\/uploads\/sites\/3\/2024\/08\/SHIINA-Karuho.-Llegando-a-ti-JC-JAPONES-SHI-vol.14-768x993.jpg 768w, https:\/\/biblioteca.blanes.cat\/salajove\/wp-content\/uploads\/sites\/3\/2024\/08\/SHIINA-Karuho.-Llegando-a-ti-JC-JAPONES-SHI-vol.14.jpg 1100w\" sizes=\"(max-width: 232px) 100vw, 232px\" \/><\/a>\n\t\t\t<\/div><\/figure><figure class='gallery-item'>\n\t\t\t<div class='gallery-icon portrait'>\n\t\t\t\t<a href='https:\/\/biblioteca.blanes.cat\/salajove\/2024\/08\/01\/novetats-agost-2024\/yamada-kanehito-frieren-jc-japones-fri-vol-5\/'><img loading=\"lazy\" decoding=\"async\" width=\"197\" height=\"300\" src=\"https:\/\/biblioteca.blanes.cat\/salajove\/wp-content\/uploads\/sites\/3\/2024\/08\/YAMADA-Kanehito.-Frieren-JC-JAPONES-FRI-vol.-5-197x300.jpg\" class=\"attachment-medium size-medium\" alt=\"\" srcset=\"https:\/\/biblioteca.blanes.cat\/salajove\/wp-content\/uploads\/sites\/3\/2024\/08\/YAMADA-Kanehito.-Frieren-JC-JAPONES-FRI-vol.-5-197x300.jpg 197w, https:\/\/biblioteca.blanes.cat\/salajove\/wp-content\/uploads\/sites\/3\/2024\/08\/YAMADA-Kanehito.-Frieren-JC-JAPONES-FRI-vol.-5.jpg 657w\" sizes=\"(max-width: 197px) 100vw, 197px\" \/><\/a>\n\t\t\t<\/div><\/figure><figure class='gallery-item'>\n\t\t\t<div class='gallery-icon portrait'>\n\t\t\t\t<a href='https:\/\/biblioteca.blanes.cat\/salajove\/2024\/08\/01\/novetats-agost-2024\/yamada-kanehito-frieren-jc-japones-fri-vol-6\/'><img loading=\"lazy\" decoding=\"async\" width=\"197\" height=\"300\" src=\"https:\/\/biblioteca.blanes.cat\/salajove\/wp-content\/uploads\/sites\/3\/2024\/08\/YAMADA-Kanehito.-Frieren-JC-JAPONES-FRI-vol.-6-197x300.jpg\" class=\"attachment-medium size-medium\" alt=\"\" srcset=\"https:\/\/biblioteca.blanes.cat\/salajove\/wp-content\/uploads\/sites\/3\/2024\/08\/YAMADA-Kanehito.-Frieren-JC-JAPONES-FRI-vol.-6-197x300.jpg 197w, https:\/\/biblioteca.blanes.cat\/salajove\/wp-content\/uploads\/sites\/3\/2024\/08\/YAMADA-Kanehito.-Frieren-JC-JAPONES-FRI-vol.-6.jpg 657w\" sizes=\"(max-width: 197px) 100vw, 197px\" \/><\/a>\n\t\t\t<\/div><\/figure><figure class='gallery-item'>\n\t\t\t<div class='gallery-icon portrait'>\n\t\t\t\t<a href='https:\/\/biblioteca.blanes.cat\/salajove\/2024\/08\/01\/novetats-agost-2024\/llegando-a-ti\/'><img loading=\"lazy\" decoding=\"async\" width=\"190\" height=\"300\" src=\"https:\/\/biblioteca.blanes.cat\/salajove\/wp-content\/uploads\/sites\/3\/2024\/08\/llegando-a-ti-190x300.jpg\" class=\"attachment-medium size-medium\" alt=\"\" srcset=\"https:\/\/biblioteca.blanes.cat\/salajove\/wp-content\/uploads\/sites\/3\/2024\/08\/llegando-a-ti-190x300.jpg 190w, https:\/\/biblioteca.blanes.cat\/salajove\/wp-content\/uploads\/sites\/3\/2024\/08\/llegando-a-ti.jpg 360w\" sizes=\"(max-width: 190px) 100vw, 190px\" \/><\/a>\n\t\t\t<\/div><\/figure>\n\t\t<\/div>\n\n<h1><strong>CENTRES D&#8217;INTER\u00c8S<\/strong><\/h1>\n<div id='gallery-19' class='gallery galleryid-8802 gallery-columns-3 gallery-size-medium'><figure class='gallery-item'>\n\t\t\t<div class='gallery-icon portrait'>\n\t\t\t\t<a href='https:\/\/biblioteca.blanes.cat\/salajove\/2024\/08\/01\/novetats-agost-2024\/hammonds-jas-we-deserve-monuments\/'><img loading=\"lazy\" decoding=\"async\" width=\"200\" height=\"300\" src=\"https:\/\/biblioteca.blanes.cat\/salajove\/wp-content\/uploads\/sites\/3\/2024\/08\/HAMMONDS-Jas.-We-deserve-monuments-200x300.jpg\" class=\"attachment-medium size-medium\" alt=\"\" srcset=\"https:\/\/biblioteca.blanes.cat\/salajove\/wp-content\/uploads\/sites\/3\/2024\/08\/HAMMONDS-Jas.-We-deserve-monuments-200x300.jpg 200w, https:\/\/biblioteca.blanes.cat\/salajove\/wp-content\/uploads\/sites\/3\/2024\/08\/HAMMONDS-Jas.-We-deserve-monuments.jpg 667w\" sizes=\"(max-width: 200px) 100vw, 200px\" \/><\/a>\n\t\t\t<\/div><\/figure><figure class='gallery-item'>\n\t\t\t<div class='gallery-icon portrait'>\n\t\t\t\t<a href='https:\/\/biblioteca.blanes.cat\/salajove\/2024\/08\/01\/novetats-agost-2024\/lopez-nando-por-que-tiene-que-ser-todo-tan-dificil\/'><img loading=\"lazy\" decoding=\"async\" width=\"184\" height=\"273\" src=\"https:\/\/biblioteca.blanes.cat\/salajove\/wp-content\/uploads\/sites\/3\/2024\/08\/LOPEZ-Nando.-Por-que-tiene-que-ser-todo-tan-dificil.jpg\" class=\"attachment-medium size-medium\" alt=\"\" \/><\/a>\n\t\t\t<\/div><\/figure>\n\t\t<\/div>\n\n<h1><strong>AUDIOVISUALS<\/strong><\/h1>\n<div id='gallery-20' class='gallery galleryid-8802 gallery-columns-3 gallery-size-medium'><figure class='gallery-item'>\n\t\t\t<div class='gallery-icon portrait'>\n\t\t\t\t<a href='https:\/\/biblioteca.blanes.cat\/salajove\/2024\/08\/01\/novetats-agost-2024\/aquaman-y-el-reino-perdido-james-wan\/'><img loading=\"lazy\" decoding=\"async\" width=\"180\" height=\"267\" src=\"https:\/\/biblioteca.blanes.cat\/salajove\/wp-content\/uploads\/sites\/3\/2024\/08\/Aquaman-y-el-reino-perdido-James-Wan.jpg\" class=\"attachment-medium size-medium\" alt=\"\" \/><\/a>\n\t\t\t<\/div><\/figure><figure class='gallery-item'>\n\t\t\t<div class='gallery-icon portrait'>\n\t\t\t\t<a href='https:\/\/biblioteca.blanes.cat\/salajove\/2024\/08\/01\/novetats-agost-2024\/los-juegos-del-hambre-balada-de-pajaros-cantores-y-serpientes-francis-lawrence\/'><img loading=\"lazy\" decoding=\"async\" width=\"239\" height=\"300\" src=\"https:\/\/biblioteca.blanes.cat\/salajove\/wp-content\/uploads\/sites\/3\/2024\/08\/Los-juegos-del-hambre-balada-de-pajaros-cantores-y-serpientes-Francis-Lawrence-239x300.jpg\" class=\"attachment-medium size-medium\" alt=\"\" srcset=\"https:\/\/biblioteca.blanes.cat\/salajove\/wp-content\/uploads\/sites\/3\/2024\/08\/Los-juegos-del-hambre-balada-de-pajaros-cantores-y-serpientes-Francis-Lawrence-239x300.jpg 239w, https:\/\/biblioteca.blanes.cat\/salajove\/wp-content\/uploads\/sites\/3\/2024\/08\/Los-juegos-del-hambre-balada-de-pajaros-cantores-y-serpientes-Francis-Lawrence.jpg 372w\" sizes=\"(max-width: 239px) 100vw, 239px\" \/><\/a>\n\t\t\t<\/div><\/figure>\n\t\t<\/div>\n\n<h1>\u00a0<\/h1>\n<h1>\u00a0<\/h1>\n<!-- \/wp:tadv\/classic-paragraph -->\n<!-- \/wp:tadv\/classic-paragraph -->\n\n<!-- wp:tadv\/classic-paragraph -->\n<p><!-- wp:tadv\/classic-paragraph --><\/p>\n<h1><strong data-rich-text-format-boundary=\"true\">Biblioteca Jove Blanes \u2013 Novetats agost<\/strong><\/h1>\n<p><!-- wp:tadv\/classic-paragraph --><\/p>\n<p><!-- wp:tadv\/classic-paragraph --><\/p>\n<p>Ja tenim aqu\u00ed les novetats juvenils de l&#8217;agost de 2024! Aquest mes hi trobareu especialment novel\u00b7les i c\u00f2mics, per\u00f2 tamb\u00e9 un parell de centres d\u2019inter\u00e8s i dues pel\u00b7l\u00edcules.<\/p>\n<h1><strong>NOVEL\u00b7LES<\/strong><\/h1>\n<div id='gallery-21' class='gallery galleryid-8802 gallery-columns-3 gallery-size-medium'><figure class='gallery-item'>\n\t\t\t<div class='gallery-icon portrait'>\n\t\t\t\t<a href='https:\/\/biblioteca.blanes.cat\/salajove\/2024\/08\/01\/novetats-agost-2024\/barnes-jennifer-lynn-the-naturals-para-cazar-a-un-asesino-tienes-que-ser-su-tipo\/'><img fetchpriority=\"high\" decoding=\"async\" width=\"200\" height=\"300\" src=\"https:\/\/biblioteca.blanes.cat\/salajove\/wp-content\/uploads\/sites\/3\/2024\/08\/BARNES-Jennifer-Lynn.-The-Naturals-para-cazar-a-un-asesino-tienes-que-ser-su-tipo-200x300.jpg\" class=\"attachment-medium size-medium\" alt=\"\" srcset=\"https:\/\/biblioteca.blanes.cat\/salajove\/wp-content\/uploads\/sites\/3\/2024\/08\/BARNES-Jennifer-Lynn.-The-Naturals-para-cazar-a-un-asesino-tienes-que-ser-su-tipo-200x300.jpg 200w, https:\/\/biblioteca.blanes.cat\/salajove\/wp-content\/uploads\/sites\/3\/2024\/08\/BARNES-Jennifer-Lynn.-The-Naturals-para-cazar-a-un-asesino-tienes-que-ser-su-tipo.jpg 667w\" sizes=\"(max-width: 200px) 100vw, 200px\" \/><\/a>\n\t\t\t<\/div><\/figure><figure class='gallery-item'>\n\t\t\t<div class='gallery-icon portrait'>\n\t\t\t\t<a href='https:\/\/biblioteca.blanes.cat\/salajove\/2024\/08\/01\/novetats-agost-2024\/blanco-daniel-el-tiempo-de-la-verdad\/'><img decoding=\"async\" width=\"196\" height=\"300\" src=\"https:\/\/biblioteca.blanes.cat\/salajove\/wp-content\/uploads\/sites\/3\/2024\/08\/BLANCO-Daniel.-El-tiempo-de-la-verdad-196x300.jpg\" class=\"attachment-medium size-medium\" alt=\"\" srcset=\"https:\/\/biblioteca.blanes.cat\/salajove\/wp-content\/uploads\/sites\/3\/2024\/08\/BLANCO-Daniel.-El-tiempo-de-la-verdad-196x300.jpg 196w, https:\/\/biblioteca.blanes.cat\/salajove\/wp-content\/uploads\/sites\/3\/2024\/08\/BLANCO-Daniel.-El-tiempo-de-la-verdad.jpg 654w\" sizes=\"(max-width: 196px) 100vw, 196px\" \/><\/a>\n\t\t\t<\/div><\/figure><figure class='gallery-item'>\n\t\t\t<div class='gallery-icon portrait'>\n\t\t\t\t<a href='https:\/\/biblioteca.blanes.cat\/salajove\/2024\/08\/01\/novetats-agost-2024\/bosch-oliveras-mar-sibilla-i-lespasa-de-la-fi-del-mon\/'><img decoding=\"async\" width=\"270\" height=\"300\" src=\"https:\/\/biblioteca.blanes.cat\/salajove\/wp-content\/uploads\/sites\/3\/2024\/08\/BOSCH-OLIVERAS-Mar.-Sibilla-i-lespasa-de-la-fi-del-mon-270x300.jpg\" class=\"attachment-medium size-medium\" alt=\"\" srcset=\"https:\/\/biblioteca.blanes.cat\/salajove\/wp-content\/uploads\/sites\/3\/2024\/08\/BOSCH-OLIVERAS-Mar.-Sibilla-i-lespasa-de-la-fi-del-mon-270x300.jpg 270w, https:\/\/biblioteca.blanes.cat\/salajove\/wp-content\/uploads\/sites\/3\/2024\/08\/BOSCH-OLIVERAS-Mar.-Sibilla-i-lespasa-de-la-fi-del-mon.jpg 550w\" sizes=\"(max-width: 270px) 100vw, 270px\" \/><\/a>\n\t\t\t<\/div><\/figure><figure class='gallery-item'>\n\t\t\t<div class='gallery-icon portrait'>\n\t\t\t\t<a href='https:\/\/biblioteca.blanes.cat\/salajove\/2024\/08\/01\/novetats-agost-2024\/castillon-motta-jesus-predestinats\/'><img loading=\"lazy\" decoding=\"async\" width=\"197\" height=\"300\" src=\"https:\/\/biblioteca.blanes.cat\/salajove\/wp-content\/uploads\/sites\/3\/2024\/08\/CASTILLON-MOTTA-Jesus.-Predestinats-197x300.jpg\" class=\"attachment-medium size-medium\" alt=\"\" srcset=\"https:\/\/biblioteca.blanes.cat\/salajove\/wp-content\/uploads\/sites\/3\/2024\/08\/CASTILLON-MOTTA-Jesus.-Predestinats-197x300.jpg 197w, https:\/\/biblioteca.blanes.cat\/salajove\/wp-content\/uploads\/sites\/3\/2024\/08\/CASTILLON-MOTTA-Jesus.-Predestinats.jpg 400w\" sizes=\"(max-width: 197px) 100vw, 197px\" \/><\/a>\n\t\t\t<\/div><\/figure><figure class='gallery-item'>\n\t\t\t<div class='gallery-icon portrait'>\n\t\t\t\t<a href='https:\/\/biblioteca.blanes.cat\/salajove\/2024\/08\/01\/novetats-agost-2024\/doom-erin-fabricante-de-llagrimes\/'><img loading=\"lazy\" decoding=\"async\" width=\"197\" height=\"300\" src=\"https:\/\/biblioteca.blanes.cat\/salajove\/wp-content\/uploads\/sites\/3\/2024\/08\/DOOM-Erin.-Fabricante-de-llagrimes-197x300.jpg\" class=\"attachment-medium size-medium\" alt=\"\" srcset=\"https:\/\/biblioteca.blanes.cat\/salajove\/wp-content\/uploads\/sites\/3\/2024\/08\/DOOM-Erin.-Fabricante-de-llagrimes-197x300.jpg 197w, https:\/\/biblioteca.blanes.cat\/salajove\/wp-content\/uploads\/sites\/3\/2024\/08\/DOOM-Erin.-Fabricante-de-llagrimes.jpg 658w\" sizes=\"(max-width: 197px) 100vw, 197px\" \/><\/a>\n\t\t\t<\/div><\/figure><figure class='gallery-item'>\n\t\t\t<div class='gallery-icon portrait'>\n\t\t\t\t<a href='https:\/\/biblioteca.blanes.cat\/salajove\/2024\/08\/01\/novetats-agost-2024\/fombelle-timothee-de-alma-la-fetillera\/'><img loading=\"lazy\" decoding=\"async\" width=\"193\" height=\"300\" src=\"https:\/\/biblioteca.blanes.cat\/salajove\/wp-content\/uploads\/sites\/3\/2024\/08\/FOMBELLE-Timothee-de.-Alma-la-fetillera-193x300.jpg\" class=\"attachment-medium size-medium\" alt=\"\" srcset=\"https:\/\/biblioteca.blanes.cat\/salajove\/wp-content\/uploads\/sites\/3\/2024\/08\/FOMBELLE-Timothee-de.-Alma-la-fetillera-193x300.jpg 193w, https:\/\/biblioteca.blanes.cat\/salajove\/wp-content\/uploads\/sites\/3\/2024\/08\/FOMBELLE-Timothee-de.-Alma-la-fetillera.jpg 514w\" sizes=\"(max-width: 193px) 100vw, 193px\" \/><\/a>\n\t\t\t<\/div><\/figure><figure class='gallery-item'>\n\t\t\t<div class='gallery-icon portrait'>\n\t\t\t\t<a href='https:\/\/biblioteca.blanes.cat\/salajove\/2024\/08\/01\/novetats-agost-2024\/garcia-monica-destin-escucha-mi-voz\/'><img loading=\"lazy\" decoding=\"async\" width=\"211\" height=\"300\" src=\"https:\/\/biblioteca.blanes.cat\/salajove\/wp-content\/uploads\/sites\/3\/2024\/08\/GARCIA-Monica.-Destin-escucha-mi-voz-211x300.jpg\" class=\"attachment-medium size-medium\" alt=\"\" srcset=\"https:\/\/biblioteca.blanes.cat\/salajove\/wp-content\/uploads\/sites\/3\/2024\/08\/GARCIA-Monica.-Destin-escucha-mi-voz-211x300.jpg 211w, https:\/\/biblioteca.blanes.cat\/salajove\/wp-content\/uploads\/sites\/3\/2024\/08\/GARCIA-Monica.-Destin-escucha-mi-voz.jpg 352w\" sizes=\"(max-width: 211px) 100vw, 211px\" \/><\/a>\n\t\t\t<\/div><\/figure><figure class='gallery-item'>\n\t\t\t<div class='gallery-icon portrait'>\n\t\t\t\t<a href='https:\/\/biblioteca.blanes.cat\/salajove\/2024\/08\/01\/novetats-agost-2024\/guillen-colomer-sonia-cicatrius-el-temps-no-ho-cura-tot-pero-passa\/'><img loading=\"lazy\" decoding=\"async\" width=\"195\" height=\"300\" src=\"https:\/\/biblioteca.blanes.cat\/salajove\/wp-content\/uploads\/sites\/3\/2024\/08\/GUILLEN-COLOMER-Sonia.-Cicatrius-el-temps-no-ho-cura-tot-pero-passa-195x300.jpg\" class=\"attachment-medium size-medium\" alt=\"\" srcset=\"https:\/\/biblioteca.blanes.cat\/salajove\/wp-content\/uploads\/sites\/3\/2024\/08\/GUILLEN-COLOMER-Sonia.-Cicatrius-el-temps-no-ho-cura-tot-pero-passa-195x300.jpg 195w, https:\/\/biblioteca.blanes.cat\/salajove\/wp-content\/uploads\/sites\/3\/2024\/08\/GUILLEN-COLOMER-Sonia.-Cicatrius-el-temps-no-ho-cura-tot-pero-passa.jpg 300w\" sizes=\"(max-width: 195px) 100vw, 195px\" \/><\/a>\n\t\t\t<\/div><\/figure><figure class='gallery-item'>\n\t\t\t<div class='gallery-icon portrait'>\n\t\t\t\t<a href='https:\/\/biblioteca.blanes.cat\/salajove\/2024\/08\/01\/novetats-agost-2024\/jacobs-jaco-nunca-es-tarde-para-subirse-a-un-arbol\/'><img loading=\"lazy\" decoding=\"async\" width=\"199\" height=\"300\" src=\"https:\/\/biblioteca.blanes.cat\/salajove\/wp-content\/uploads\/sites\/3\/2024\/08\/JACOBS-Jaco.-Nunca-es-tarde-para-subirse-a-un-arbol-199x300.jpg\" class=\"attachment-medium size-medium\" alt=\"\" srcset=\"https:\/\/biblioteca.blanes.cat\/salajove\/wp-content\/uploads\/sites\/3\/2024\/08\/JACOBS-Jaco.-Nunca-es-tarde-para-subirse-a-un-arbol-199x300.jpg 199w, https:\/\/biblioteca.blanes.cat\/salajove\/wp-content\/uploads\/sites\/3\/2024\/08\/JACOBS-Jaco.-Nunca-es-tarde-para-subirse-a-un-arbol.jpg 663w\" sizes=\"(max-width: 199px) 100vw, 199px\" \/><\/a>\n\t\t\t<\/div><\/figure><figure class='gallery-item'>\n\t\t\t<div class='gallery-icon portrait'>\n\t\t\t\t<a href='https:\/\/biblioteca.blanes.cat\/salajove\/2024\/08\/01\/novetats-agost-2024\/jarrell-randall-la-familia-animal-jn-jar\/'><img loading=\"lazy\" decoding=\"async\" width=\"236\" height=\"300\" src=\"https:\/\/biblioteca.blanes.cat\/salajove\/wp-content\/uploads\/sites\/3\/2024\/08\/JARRELL-Randall.-La-familia-animal-JN-JAR-236x300.jpg\" class=\"attachment-medium size-medium\" alt=\"\" srcset=\"https:\/\/biblioteca.blanes.cat\/salajove\/wp-content\/uploads\/sites\/3\/2024\/08\/JARRELL-Randall.-La-familia-animal-JN-JAR-236x300.jpg 236w, https:\/\/biblioteca.blanes.cat\/salajove\/wp-content\/uploads\/sites\/3\/2024\/08\/JARRELL-Randall.-La-familia-animal-JN-JAR.jpg 700w\" sizes=\"(max-width: 236px) 100vw, 236px\" \/><\/a>\n\t\t\t<\/div><\/figure><figure class='gallery-item'>\n\t\t\t<div class='gallery-icon portrait'>\n\t\t\t\t<a href='https:\/\/biblioteca.blanes.cat\/salajove\/2024\/08\/01\/novetats-agost-2024\/macdonald-george-la-princesa-y-los-trasgos-la-princesa-y-curdie\/'><img loading=\"lazy\" decoding=\"async\" width=\"194\" height=\"300\" src=\"https:\/\/biblioteca.blanes.cat\/salajove\/wp-content\/uploads\/sites\/3\/2024\/08\/MaCDONALD-George.-La-princesa-y-los-trasgos-La-princesa-y-Curdie-194x300.jpg\" class=\"attachment-medium size-medium\" alt=\"\" srcset=\"https:\/\/biblioteca.blanes.cat\/salajove\/wp-content\/uploads\/sites\/3\/2024\/08\/MaCDONALD-George.-La-princesa-y-los-trasgos-La-princesa-y-Curdie-194x300.jpg 194w, https:\/\/biblioteca.blanes.cat\/salajove\/wp-content\/uploads\/sites\/3\/2024\/08\/MaCDONALD-George.-La-princesa-y-los-trasgos-La-princesa-y-Curdie.jpg 645w\" sizes=\"(max-width: 194px) 100vw, 194px\" \/><\/a>\n\t\t\t<\/div><\/figure><figure class='gallery-item'>\n\t\t\t<div class='gallery-icon portrait'>\n\t\t\t\t<a href='https:\/\/biblioteca.blanes.cat\/salajove\/2024\/08\/01\/novetats-agost-2024\/padilla-arturo-extranos-en-un-aeropuerto\/'><img loading=\"lazy\" decoding=\"async\" width=\"199\" height=\"300\" src=\"https:\/\/biblioteca.blanes.cat\/salajove\/wp-content\/uploads\/sites\/3\/2024\/08\/PADILLA-Arturo.-Extranos-en-un-aeropuerto-199x300.jpg\" class=\"attachment-medium size-medium\" alt=\"\" srcset=\"https:\/\/biblioteca.blanes.cat\/salajove\/wp-content\/uploads\/sites\/3\/2024\/08\/PADILLA-Arturo.-Extranos-en-un-aeropuerto-199x300.jpg 199w, https:\/\/biblioteca.blanes.cat\/salajove\/wp-content\/uploads\/sites\/3\/2024\/08\/PADILLA-Arturo.-Extranos-en-un-aeropuerto.jpg 662w\" sizes=\"(max-width: 199px) 100vw, 199px\" \/><\/a>\n\t\t\t<\/div><\/figure><figure class='gallery-item'>\n\t\t\t<div class='gallery-icon portrait'>\n\t\t\t\t<a href='https:\/\/biblioteca.blanes.cat\/salajove\/2024\/08\/01\/novetats-agost-2024\/whitten-hannah-para-el-lobo-jn-whi\/'><img loading=\"lazy\" decoding=\"async\" width=\"199\" height=\"300\" src=\"https:\/\/biblioteca.blanes.cat\/salajove\/wp-content\/uploads\/sites\/3\/2024\/08\/WHITTEN-Hannah.-Para-el-lobo-JN-WHI-199x300.jpg\" class=\"attachment-medium size-medium\" alt=\"\" srcset=\"https:\/\/biblioteca.blanes.cat\/salajove\/wp-content\/uploads\/sites\/3\/2024\/08\/WHITTEN-Hannah.-Para-el-lobo-JN-WHI-199x300.jpg 199w, https:\/\/biblioteca.blanes.cat\/salajove\/wp-content\/uploads\/sites\/3\/2024\/08\/WHITTEN-Hannah.-Para-el-lobo-JN-WHI.jpg 663w\" sizes=\"(max-width: 199px) 100vw, 199px\" \/><\/a>\n\t\t\t<\/div><\/figure><figure class='gallery-item'>\n\t\t\t<div class='gallery-icon portrait'>\n\t\t\t\t<a href='https:\/\/biblioteca.blanes.cat\/salajove\/2024\/08\/01\/novetats-agost-2024\/zappia-francesca-los-monstruos-de-eliza\/'><img loading=\"lazy\" decoding=\"async\" width=\"207\" height=\"300\" src=\"https:\/\/biblioteca.blanes.cat\/salajove\/wp-content\/uploads\/sites\/3\/2024\/08\/ZAPPIA-Francesca.-Los-monstruos-de-Eliza-207x300.jpg\" class=\"attachment-medium size-medium\" alt=\"\" srcset=\"https:\/\/biblioteca.blanes.cat\/salajove\/wp-content\/uploads\/sites\/3\/2024\/08\/ZAPPIA-Francesca.-Los-monstruos-de-Eliza-207x300.jpg 207w, https:\/\/biblioteca.blanes.cat\/salajove\/wp-content\/uploads\/sites\/3\/2024\/08\/ZAPPIA-Francesca.-Los-monstruos-de-Eliza.jpg 691w\" sizes=\"(max-width: 207px) 100vw, 207px\" \/><\/a>\n\t\t\t<\/div><\/figure>\n\t\t<\/div>\n\n<h1><strong>C\u00d2MICS<\/strong><\/h1>\n<div id='gallery-22' class='gallery galleryid-8802 gallery-columns-3 gallery-size-medium'><figure class='gallery-item'>\n\t\t\t<div class='gallery-icon portrait'>\n\t\t\t\t<a href='https:\/\/biblioteca.blanes.cat\/salajove\/2024\/08\/01\/novetats-agost-2024\/bryon-lucie-ladrona\/'><img loading=\"lazy\" decoding=\"async\" width=\"241\" height=\"300\" src=\"https:\/\/biblioteca.blanes.cat\/salajove\/wp-content\/uploads\/sites\/3\/2024\/08\/BRYON-Lucie.-Ladrona-241x300.jpg\" class=\"attachment-medium size-medium\" alt=\"\" srcset=\"https:\/\/biblioteca.blanes.cat\/salajove\/wp-content\/uploads\/sites\/3\/2024\/08\/BRYON-Lucie.-Ladrona-241x300.jpg 241w, https:\/\/biblioteca.blanes.cat\/salajove\/wp-content\/uploads\/sites\/3\/2024\/08\/BRYON-Lucie.-Ladrona-768x956.jpg 768w, https:\/\/biblioteca.blanes.cat\/salajove\/wp-content\/uploads\/sites\/3\/2024\/08\/BRYON-Lucie.-Ladrona.jpg 803w\" sizes=\"(max-width: 241px) 100vw, 241px\" \/><\/a>\n\t\t\t<\/div><\/figure><figure class='gallery-item'>\n\t\t\t<div class='gallery-icon portrait'>\n\t\t\t\t<a href='https:\/\/biblioteca.blanes.cat\/salajove\/2024\/08\/01\/novetats-agost-2024\/shiina-karuho-llegando-a-ti-jc-japones-shi-vol-12\/'><img loading=\"lazy\" decoding=\"async\" width=\"184\" height=\"300\" src=\"https:\/\/biblioteca.blanes.cat\/salajove\/wp-content\/uploads\/sites\/3\/2024\/08\/SHIINA-Karuho.-Llegando-a-ti-JC-JAPONES-SHI-vol.12-184x300.jpg\" class=\"attachment-medium size-medium\" alt=\"\" srcset=\"https:\/\/biblioteca.blanes.cat\/salajove\/wp-content\/uploads\/sites\/3\/2024\/08\/SHIINA-Karuho.-Llegando-a-ti-JC-JAPONES-SHI-vol.12-184x300.jpg 184w, https:\/\/biblioteca.blanes.cat\/salajove\/wp-content\/uploads\/sites\/3\/2024\/08\/SHIINA-Karuho.-Llegando-a-ti-JC-JAPONES-SHI-vol.12-630x1024.jpg 630w, https:\/\/biblioteca.blanes.cat\/salajove\/wp-content\/uploads\/sites\/3\/2024\/08\/SHIINA-Karuho.-Llegando-a-ti-JC-JAPONES-SHI-vol.12-768x1249.jpg 768w, https:\/\/biblioteca.blanes.cat\/salajove\/wp-content\/uploads\/sites\/3\/2024\/08\/SHIINA-Karuho.-Llegando-a-ti-JC-JAPONES-SHI-vol.12-944x1536.jpg 944w, https:\/\/biblioteca.blanes.cat\/salajove\/wp-content\/uploads\/sites\/3\/2024\/08\/SHIINA-Karuho.-Llegando-a-ti-JC-JAPONES-SHI-vol.12-1259x2048.jpg 1259w, https:\/\/biblioteca.blanes.cat\/salajove\/wp-content\/uploads\/sites\/3\/2024\/08\/SHIINA-Karuho.-Llegando-a-ti-JC-JAPONES-SHI-vol.12-scaled.jpg 1574w\" sizes=\"(max-width: 184px) 100vw, 184px\" \/><\/a>\n\t\t\t<\/div><\/figure><figure class='gallery-item'>\n\t\t\t<div class='gallery-icon portrait'>\n\t\t\t\t<a href='https:\/\/biblioteca.blanes.cat\/salajove\/2024\/08\/01\/novetats-agost-2024\/shiina-karuho-llegando-a-ti-jc-japones-shi-vol-13\/'><img loading=\"lazy\" decoding=\"async\" width=\"187\" height=\"300\" src=\"https:\/\/biblioteca.blanes.cat\/salajove\/wp-content\/uploads\/sites\/3\/2024\/08\/SHIINA-Karuho.-Llegando-a-ti-JC-JAPONES-SHI-vol.13-187x300.jpg\" class=\"attachment-medium size-medium\" alt=\"\" srcset=\"https:\/\/biblioteca.blanes.cat\/salajove\/wp-content\/uploads\/sites\/3\/2024\/08\/SHIINA-Karuho.-Llegando-a-ti-JC-JAPONES-SHI-vol.13-187x300.jpg 187w, https:\/\/biblioteca.blanes.cat\/salajove\/wp-content\/uploads\/sites\/3\/2024\/08\/SHIINA-Karuho.-Llegando-a-ti-JC-JAPONES-SHI-vol.13-640x1024.jpg 640w, https:\/\/biblioteca.blanes.cat\/salajove\/wp-content\/uploads\/sites\/3\/2024\/08\/SHIINA-Karuho.-Llegando-a-ti-JC-JAPONES-SHI-vol.13-768x1230.jpg 768w, https:\/\/biblioteca.blanes.cat\/salajove\/wp-content\/uploads\/sites\/3\/2024\/08\/SHIINA-Karuho.-Llegando-a-ti-JC-JAPONES-SHI-vol.13-959x1536.jpg 959w, https:\/\/biblioteca.blanes.cat\/salajove\/wp-content\/uploads\/sites\/3\/2024\/08\/SHIINA-Karuho.-Llegando-a-ti-JC-JAPONES-SHI-vol.13-1279x2048.jpg 1279w, https:\/\/biblioteca.blanes.cat\/salajove\/wp-content\/uploads\/sites\/3\/2024\/08\/SHIINA-Karuho.-Llegando-a-ti-JC-JAPONES-SHI-vol.13-scaled.jpg 1599w\" sizes=\"(max-width: 187px) 100vw, 187px\" \/><\/a>\n\t\t\t<\/div><\/figure><figure class='gallery-item'>\n\t\t\t<div class='gallery-icon portrait'>\n\t\t\t\t<a href='https:\/\/biblioteca.blanes.cat\/salajove\/2024\/08\/01\/novetats-agost-2024\/shiina-karuho-llegando-a-ti-jc-japones-shi-vol-14\/'><img loading=\"lazy\" decoding=\"async\" width=\"232\" height=\"300\" src=\"https:\/\/biblioteca.blanes.cat\/salajove\/wp-content\/uploads\/sites\/3\/2024\/08\/SHIINA-Karuho.-Llegando-a-ti-JC-JAPONES-SHI-vol.14-232x300.jpg\" class=\"attachment-medium size-medium\" alt=\"\" srcset=\"https:\/\/biblioteca.blanes.cat\/salajove\/wp-content\/uploads\/sites\/3\/2024\/08\/SHIINA-Karuho.-Llegando-a-ti-JC-JAPONES-SHI-vol.14-232x300.jpg 232w, https:\/\/biblioteca.blanes.cat\/salajove\/wp-content\/uploads\/sites\/3\/2024\/08\/SHIINA-Karuho.-Llegando-a-ti-JC-JAPONES-SHI-vol.14-792x1024.jpg 792w, https:\/\/biblioteca.blanes.cat\/salajove\/wp-content\/uploads\/sites\/3\/2024\/08\/SHIINA-Karuho.-Llegando-a-ti-JC-JAPONES-SHI-vol.14-768x993.jpg 768w, https:\/\/biblioteca.blanes.cat\/salajove\/wp-content\/uploads\/sites\/3\/2024\/08\/SHIINA-Karuho.-Llegando-a-ti-JC-JAPONES-SHI-vol.14.jpg 1100w\" sizes=\"(max-width: 232px) 100vw, 232px\" \/><\/a>\n\t\t\t<\/div><\/figure><figure class='gallery-item'>\n\t\t\t<div class='gallery-icon portrait'>\n\t\t\t\t<a href='https:\/\/biblioteca.blanes.cat\/salajove\/2024\/08\/01\/novetats-agost-2024\/yamada-kanehito-frieren-jc-japones-fri-vol-5\/'><img loading=\"lazy\" decoding=\"async\" width=\"197\" height=\"300\" src=\"https:\/\/biblioteca.blanes.cat\/salajove\/wp-content\/uploads\/sites\/3\/2024\/08\/YAMADA-Kanehito.-Frieren-JC-JAPONES-FRI-vol.-5-197x300.jpg\" class=\"attachment-medium size-medium\" alt=\"\" srcset=\"https:\/\/biblioteca.blanes.cat\/salajove\/wp-content\/uploads\/sites\/3\/2024\/08\/YAMADA-Kanehito.-Frieren-JC-JAPONES-FRI-vol.-5-197x300.jpg 197w, https:\/\/biblioteca.blanes.cat\/salajove\/wp-content\/uploads\/sites\/3\/2024\/08\/YAMADA-Kanehito.-Frieren-JC-JAPONES-FRI-vol.-5.jpg 657w\" sizes=\"(max-width: 197px) 100vw, 197px\" \/><\/a>\n\t\t\t<\/div><\/figure><figure class='gallery-item'>\n\t\t\t<div class='gallery-icon portrait'>\n\t\t\t\t<a href='https:\/\/biblioteca.blanes.cat\/salajove\/2024\/08\/01\/novetats-agost-2024\/yamada-kanehito-frieren-jc-japones-fri-vol-6\/'><img loading=\"lazy\" decoding=\"async\" width=\"197\" height=\"300\" src=\"https:\/\/biblioteca.blanes.cat\/salajove\/wp-content\/uploads\/sites\/3\/2024\/08\/YAMADA-Kanehito.-Frieren-JC-JAPONES-FRI-vol.-6-197x300.jpg\" class=\"attachment-medium size-medium\" alt=\"\" srcset=\"https:\/\/biblioteca.blanes.cat\/salajove\/wp-content\/uploads\/sites\/3\/2024\/08\/YAMADA-Kanehito.-Frieren-JC-JAPONES-FRI-vol.-6-197x300.jpg 197w, https:\/\/biblioteca.blanes.cat\/salajove\/wp-content\/uploads\/sites\/3\/2024\/08\/YAMADA-Kanehito.-Frieren-JC-JAPONES-FRI-vol.-6.jpg 657w\" sizes=\"(max-width: 197px) 100vw, 197px\" \/><\/a>\n\t\t\t<\/div><\/figure><figure class='gallery-item'>\n\t\t\t<div class='gallery-icon portrait'>\n\t\t\t\t<a href='https:\/\/biblioteca.blanes.cat\/salajove\/2024\/08\/01\/novetats-agost-2024\/llegando-a-ti\/'><img loading=\"lazy\" decoding=\"async\" width=\"190\" height=\"300\" src=\"https:\/\/biblioteca.blanes.cat\/salajove\/wp-content\/uploads\/sites\/3\/2024\/08\/llegando-a-ti-190x300.jpg\" class=\"attachment-medium size-medium\" alt=\"\" srcset=\"https:\/\/biblioteca.blanes.cat\/salajove\/wp-content\/uploads\/sites\/3\/2024\/08\/llegando-a-ti-190x300.jpg 190w, https:\/\/biblioteca.blanes.cat\/salajove\/wp-content\/uploads\/sites\/3\/2024\/08\/llegando-a-ti.jpg 360w\" sizes=\"(max-width: 190px) 100vw, 190px\" \/><\/a>\n\t\t\t<\/div><\/figure>\n\t\t<\/div>\n\n<h1><strong>CENTRES D&#8217;INTER\u00c8S<\/strong><\/h1>\n<div id='gallery-23' class='gallery galleryid-8802 gallery-columns-3 gallery-size-medium'><figure class='gallery-item'>\n\t\t\t<div class='gallery-icon portrait'>\n\t\t\t\t<a href='https:\/\/biblioteca.blanes.cat\/salajove\/2024\/08\/01\/novetats-agost-2024\/hammonds-jas-we-deserve-monuments\/'><img loading=\"lazy\" decoding=\"async\" width=\"200\" height=\"300\" src=\"https:\/\/biblioteca.blanes.cat\/salajove\/wp-content\/uploads\/sites\/3\/2024\/08\/HAMMONDS-Jas.-We-deserve-monuments-200x300.jpg\" class=\"attachment-medium size-medium\" alt=\"\" srcset=\"https:\/\/biblioteca.blanes.cat\/salajove\/wp-content\/uploads\/sites\/3\/2024\/08\/HAMMONDS-Jas.-We-deserve-monuments-200x300.jpg 200w, https:\/\/biblioteca.blanes.cat\/salajove\/wp-content\/uploads\/sites\/3\/2024\/08\/HAMMONDS-Jas.-We-deserve-monuments.jpg 667w\" sizes=\"(max-width: 200px) 100vw, 200px\" \/><\/a>\n\t\t\t<\/div><\/figure><figure class='gallery-item'>\n\t\t\t<div class='gallery-icon portrait'>\n\t\t\t\t<a href='https:\/\/biblioteca.blanes.cat\/salajove\/2024\/08\/01\/novetats-agost-2024\/lopez-nando-por-que-tiene-que-ser-todo-tan-dificil\/'><img loading=\"lazy\" decoding=\"async\" width=\"184\" height=\"273\" src=\"https:\/\/biblioteca.blanes.cat\/salajove\/wp-content\/uploads\/sites\/3\/2024\/08\/LOPEZ-Nando.-Por-que-tiene-que-ser-todo-tan-dificil.jpg\" class=\"attachment-medium size-medium\" alt=\"\" \/><\/a>\n\t\t\t<\/div><\/figure>\n\t\t<\/div>\n\n<h1><strong>AUDIOVISUALS<\/strong><\/h1>\n<div id='gallery-24' class='gallery galleryid-8802 gallery-columns-3 gallery-size-medium'><figure class='gallery-item'>\n\t\t\t<div class='gallery-icon portrait'>\n\t\t\t\t<a href='https:\/\/biblioteca.blanes.cat\/salajove\/2024\/08\/01\/novetats-agost-2024\/aquaman-y-el-reino-perdido-james-wan\/'><img loading=\"lazy\" decoding=\"async\" width=\"180\" height=\"267\" src=\"https:\/\/biblioteca.blanes.cat\/salajove\/wp-content\/uploads\/sites\/3\/2024\/08\/Aquaman-y-el-reino-perdido-James-Wan.jpg\" class=\"attachment-medium size-medium\" alt=\"\" \/><\/a>\n\t\t\t<\/div><\/figure><figure class='gallery-item'>\n\t\t\t<div class='gallery-icon portrait'>\n\t\t\t\t<a href='https:\/\/biblioteca.blanes.cat\/salajove\/2024\/08\/01\/novetats-agost-2024\/los-juegos-del-hambre-balada-de-pajaros-cantores-y-serpientes-francis-lawrence\/'><img loading=\"lazy\" decoding=\"async\" width=\"239\" height=\"300\" src=\"https:\/\/biblioteca.blanes.cat\/salajove\/wp-content\/uploads\/sites\/3\/2024\/08\/Los-juegos-del-hambre-balada-de-pajaros-cantores-y-serpientes-Francis-Lawrence-239x300.jpg\" class=\"attachment-medium size-medium\" alt=\"\" srcset=\"https:\/\/biblioteca.blanes.cat\/salajove\/wp-content\/uploads\/sites\/3\/2024\/08\/Los-juegos-del-hambre-balada-de-pajaros-cantores-y-serpientes-Francis-Lawrence-239x300.jpg 239w, https:\/\/biblioteca.blanes.cat\/salajove\/wp-content\/uploads\/sites\/3\/2024\/08\/Los-juegos-del-hambre-balada-de-pajaros-cantores-y-serpientes-Francis-Lawrence.jpg 372w\" sizes=\"(max-width: 239px) 100vw, 239px\" \/><\/a>\n\t\t\t<\/div><\/figure>\n\t\t<\/div>\n\n<h1>\u00a0<\/h1>\n<h1>\u00a0<\/h1>\n<!-- \/wp:tadv\/classic-paragraph -->\n<!-- \/wp:tadv\/classic-paragraph --><!-- \/wp:post-content -->","protected":false},"excerpt":{"rendered":"<p>Biblioteca Jove Blanes \u2013 Novetats agost Biblioteca Jove Blanes \u2013 Novetats agost Ja tenim aqu\u00ed les novetats juvenils de l&#8217;agost de 2024! Aquest mes hi trobareu especialment novel\u00b7les i c\u00f2mics, per\u00f2 tamb\u00e9 un parell de centres d\u2019inter\u00e8s i dues pel\u00b7l\u00edcules.<\/p>\n","protected":false},"author":4,"featured_media":8742,"comment_status":"open","ping_status":"open","sticky":false,"template":"","format":"standard","meta":{"sfsi_plus_gutenberg_text_before_share":"","sfsi_plus_gutenberg_show_text_before_share":"","sfsi_plus_gutenberg_icon_type":"","sfsi_plus_gutenberg_icon_alignemt":"","sfsi_plus_gutenburg_max_per_row":"","footnotes":""},"categories":[7],"tags":[97,49,98,52,26,19,21],"class_list":["post-8802","post","type-post","status-publish","format-standard","has-post-thumbnail","hentry","category-novetats","tag-activitats-actualitat-joves","tag-actualitat","tag-guia-lectura-literatura-llibres","tag-joves","tag-lectura","tag-literatura","tag-llibres"],"yoast_head":"<!-- This site is optimized with the Yoast SEO plugin v27.5 - https:\/\/yoast.com\/product\/yoast-seo-wordpress\/ -->\n<title>NOVETATS: agost 2024 - Sala Jove<\/title>\n<meta name=\"robots\" content=\"index, follow, max-snippet:-1, max-image-preview:large, max-video-preview:-1\" \/>\n<link rel=\"canonical\" href=\"https:\/\/biblioteca.blanes.cat\/salajove\/2024\/08\/01\/novetats-agost-2024\/\" \/>\n<meta property=\"og:locale\" content=\"ca_ES\" \/>\n<meta property=\"og:type\" content=\"article\" \/>\n<meta property=\"og:title\" content=\"NOVETATS: agost 2024 - Sala Jove\" \/>\n<meta property=\"og:description\" content=\"Biblioteca Jove Blanes \u2013 Novetats agost Biblioteca Jove Blanes \u2013 Novetats agost Ja tenim aqu\u00ed les novetats juvenils de l&#8217;agost de 2024! Aquest mes hi trobareu especialment novel\u00b7les i c\u00f2mics, per\u00f2 tamb\u00e9 un parell de centres d\u2019inter\u00e8s i dues pel\u00b7l\u00edcules.\" \/>\n<meta property=\"og:url\" content=\"https:\/\/biblioteca.blanes.cat\/salajove\/2024\/08\/01\/novetats-agost-2024\/\" \/>\n<meta property=\"og:site_name\" content=\"Sala Jove\" \/>\n<meta property=\"article:publisher\" content=\"https:\/\/www.facebook.com\/BilbiotecaComarcaldeBlanes\/\" \/>\n<meta property=\"article:published_time\" content=\"2024-08-01T10:25:40+00:00\" \/>\n<meta property=\"article:modified_time\" content=\"2024-08-28T10:18:14+00:00\" \/>\n<meta property=\"og:image\" content=\"https:\/\/biblioteca.blanes.cat\/salajove\/wp-content\/uploads\/sites\/3\/2024\/07\/novetats-estiu-1-1.jpg\" \/>\n\t<meta property=\"og:image:width\" content=\"1748\" \/>\n\t<meta property=\"og:image:height\" content=\"1240\" \/>\n\t<meta property=\"og:image:type\" content=\"image\/jpeg\" \/>\n<meta name=\"author\" content=\"biblioblanes\" \/>\n<meta name=\"twitter:card\" content=\"summary_large_image\" \/>\n<meta name=\"twitter:creator\" content=\"@biblioblanes\" \/>\n<meta name=\"twitter:site\" content=\"@BiblioBlanes\" \/>\n<meta name=\"twitter:label1\" content=\"Escrit per\" \/>\n\t<meta name=\"twitter:data1\" content=\"biblioblanes\" \/>\n\t<meta name=\"twitter:label2\" content=\"Temps estimat de lectura\" \/>\n\t<meta name=\"twitter:data2\" content=\"1 minut\" \/>\n<script type=\"application\/ld+json\" class=\"yoast-schema-graph\">{\"@context\":\"https:\\\/\\\/schema.org\",\"@graph\":[{\"@type\":\"Article\",\"@id\":\"https:\\\/\\\/biblioteca.blanes.cat\\\/salajove\\\/2024\\\/08\\\/01\\\/novetats-agost-2024\\\/#article\",\"isPartOf\":{\"@id\":\"https:\\\/\\\/biblioteca.blanes.cat\\\/salajove\\\/2024\\\/08\\\/01\\\/novetats-agost-2024\\\/\"},\"author\":{\"name\":\"biblioblanes\",\"@id\":\"https:\\\/\\\/biblioteca.blanes.cat\\\/salajove\\\/#\\\/schema\\\/person\\\/5a7b46760d9dd611d098bbf571a341dc\"},\"headline\":\"NOVETATS: agost 2024\",\"datePublished\":\"2024-08-01T10:25:40+00:00\",\"dateModified\":\"2024-08-28T10:18:14+00:00\",\"mainEntityOfPage\":{\"@id\":\"https:\\\/\\\/biblioteca.blanes.cat\\\/salajove\\\/2024\\\/08\\\/01\\\/novetats-agost-2024\\\/\"},\"wordCount\":168,\"commentCount\":0,\"publisher\":{\"@id\":\"https:\\\/\\\/biblioteca.blanes.cat\\\/salajove\\\/#organization\"},\"image\":{\"@id\":\"https:\\\/\\\/biblioteca.blanes.cat\\\/salajove\\\/2024\\\/08\\\/01\\\/novetats-agost-2024\\\/#primaryimage\"},\"thumbnailUrl\":\"https:\\\/\\\/biblioteca.blanes.cat\\\/salajove\\\/wp-content\\\/uploads\\\/sites\\\/3\\\/2024\\\/07\\\/novetats-estiu-1-1.jpg\",\"keywords\":[\"#Activitats #Actualitat #Joves\",\"#Actualitat\",\"#Guia #Lectura #Literatura #Llibres\",\"#Joves\",\"#Lectura\",\"#Literatura\",\"#Llibres\"],\"articleSection\":[\"Novetats\"],\"inLanguage\":\"ca\",\"potentialAction\":[{\"@type\":\"CommentAction\",\"name\":\"Comment\",\"target\":[\"https:\\\/\\\/biblioteca.blanes.cat\\\/salajove\\\/2024\\\/08\\\/01\\\/novetats-agost-2024\\\/#respond\"]}]},{\"@type\":\"WebPage\",\"@id\":\"https:\\\/\\\/biblioteca.blanes.cat\\\/salajove\\\/2024\\\/08\\\/01\\\/novetats-agost-2024\\\/\",\"url\":\"https:\\\/\\\/biblioteca.blanes.cat\\\/salajove\\\/2024\\\/08\\\/01\\\/novetats-agost-2024\\\/\",\"name\":\"NOVETATS: agost 2024 - Sala Jove\",\"isPartOf\":{\"@id\":\"https:\\\/\\\/biblioteca.blanes.cat\\\/salajove\\\/#website\"},\"primaryImageOfPage\":{\"@id\":\"https:\\\/\\\/biblioteca.blanes.cat\\\/salajove\\\/2024\\\/08\\\/01\\\/novetats-agost-2024\\\/#primaryimage\"},\"image\":{\"@id\":\"https:\\\/\\\/biblioteca.blanes.cat\\\/salajove\\\/2024\\\/08\\\/01\\\/novetats-agost-2024\\\/#primaryimage\"},\"thumbnailUrl\":\"https:\\\/\\\/biblioteca.blanes.cat\\\/salajove\\\/wp-content\\\/uploads\\\/sites\\\/3\\\/2024\\\/07\\\/novetats-estiu-1-1.jpg\",\"datePublished\":\"2024-08-01T10:25:40+00:00\",\"dateModified\":\"2024-08-28T10:18:14+00:00\",\"breadcrumb\":{\"@id\":\"https:\\\/\\\/biblioteca.blanes.cat\\\/salajove\\\/2024\\\/08\\\/01\\\/novetats-agost-2024\\\/#breadcrumb\"},\"inLanguage\":\"ca\",\"potentialAction\":[{\"@type\":\"ReadAction\",\"target\":[\"https:\\\/\\\/biblioteca.blanes.cat\\\/salajove\\\/2024\\\/08\\\/01\\\/novetats-agost-2024\\\/\"]}]},{\"@type\":\"ImageObject\",\"inLanguage\":\"ca\",\"@id\":\"https:\\\/\\\/biblioteca.blanes.cat\\\/salajove\\\/2024\\\/08\\\/01\\\/novetats-agost-2024\\\/#primaryimage\",\"url\":\"https:\\\/\\\/biblioteca.blanes.cat\\\/salajove\\\/wp-content\\\/uploads\\\/sites\\\/3\\\/2024\\\/07\\\/novetats-estiu-1-1.jpg\",\"contentUrl\":\"https:\\\/\\\/biblioteca.blanes.cat\\\/salajove\\\/wp-content\\\/uploads\\\/sites\\\/3\\\/2024\\\/07\\\/novetats-estiu-1-1.jpg\",\"width\":1748,\"height\":1240},{\"@type\":\"BreadcrumbList\",\"@id\":\"https:\\\/\\\/biblioteca.blanes.cat\\\/salajove\\\/2024\\\/08\\\/01\\\/novetats-agost-2024\\\/#breadcrumb\",\"itemListElement\":[{\"@type\":\"ListItem\",\"position\":1,\"name\":\"Inici\",\"item\":\"https:\\\/\\\/biblioteca.blanes.cat\\\/salajove\\\/\"},{\"@type\":\"ListItem\",\"position\":2,\"name\":\"NOVETATS: agost 2024\"}]},{\"@type\":\"WebSite\",\"@id\":\"https:\\\/\\\/biblioteca.blanes.cat\\\/salajove\\\/#website\",\"url\":\"https:\\\/\\\/biblioteca.blanes.cat\\\/salajove\\\/\",\"name\":\"Sala Jove\",\"description\":\"Biblioteca Comarcal de Blanes\",\"publisher\":{\"@id\":\"https:\\\/\\\/biblioteca.blanes.cat\\\/salajove\\\/#organization\"},\"potentialAction\":[{\"@type\":\"SearchAction\",\"target\":{\"@type\":\"EntryPoint\",\"urlTemplate\":\"https:\\\/\\\/biblioteca.blanes.cat\\\/salajove\\\/?s={search_term_string}\"},\"query-input\":{\"@type\":\"PropertyValueSpecification\",\"valueRequired\":true,\"valueName\":\"search_term_string\"}}],\"inLanguage\":\"ca\"},{\"@type\":\"Organization\",\"@id\":\"https:\\\/\\\/biblioteca.blanes.cat\\\/salajove\\\/#organization\",\"name\":\"Biblioteca Comarcal de Blanes\",\"url\":\"https:\\\/\\\/biblioteca.blanes.cat\\\/salajove\\\/\",\"logo\":{\"@type\":\"ImageObject\",\"inLanguage\":\"ca\",\"@id\":\"https:\\\/\\\/biblioteca.blanes.cat\\\/salajove\\\/#\\\/schema\\\/logo\\\/image\\\/\",\"url\":\"https:\\\/\\\/biblioteca.blanes.cat\\\/salajove\\\/wp-content\\\/uploads\\\/sites\\\/3\\\/2017\\\/09\\\/cropped-Bib-blau-e1518869380535.png\",\"contentUrl\":\"https:\\\/\\\/biblioteca.blanes.cat\\\/salajove\\\/wp-content\\\/uploads\\\/sites\\\/3\\\/2017\\\/09\\\/cropped-Bib-blau-e1518869380535.png\",\"width\":166,\"height\":166,\"caption\":\"Biblioteca Comarcal de Blanes\"},\"image\":{\"@id\":\"https:\\\/\\\/biblioteca.blanes.cat\\\/salajove\\\/#\\\/schema\\\/logo\\\/image\\\/\"},\"sameAs\":[\"https:\\\/\\\/www.facebook.com\\\/BilbiotecaComarcaldeBlanes\\\/\",\"https:\\\/\\\/x.com\\\/BiblioBlanes\",\"https:\\\/\\\/www.instagram.com\\\/biblioblanes\\\/\",\"https:\\\/\\\/www.pinterest.es\\\/bblanes\\\/\",\"https:\\\/\\\/www.youtube.com\\\/c\\\/BibliotecaComarcalBlanes\"]},{\"@type\":\"Person\",\"@id\":\"https:\\\/\\\/biblioteca.blanes.cat\\\/salajove\\\/#\\\/schema\\\/person\\\/5a7b46760d9dd611d098bbf571a341dc\",\"name\":\"biblioblanes\",\"image\":{\"@type\":\"ImageObject\",\"inLanguage\":\"ca\",\"@id\":\"https:\\\/\\\/secure.gravatar.com\\\/avatar\\\/6593ca6cc90e5a70939f51c95e8315483b9c281bafba597292bee47992030f99?s=96&d=mm&r=g\",\"url\":\"https:\\\/\\\/secure.gravatar.com\\\/avatar\\\/6593ca6cc90e5a70939f51c95e8315483b9c281bafba597292bee47992030f99?s=96&d=mm&r=g\",\"contentUrl\":\"https:\\\/\\\/secure.gravatar.com\\\/avatar\\\/6593ca6cc90e5a70939f51c95e8315483b9c281bafba597292bee47992030f99?s=96&d=mm&r=g\",\"caption\":\"biblioblanes\"},\"sameAs\":[\"http:\\\/\\\/www.bibgirona.cat\\\/biblioteca\\\/blanes\",\"https:\\\/\\\/x.com\\\/biblioblanes\"],\"url\":\"https:\\\/\\\/biblioteca.blanes.cat\\\/salajove\\\/author\\\/biblioblanes\\\/\"}]}<\/script>\n<!-- \/ Yoast SEO plugin. -->","yoast_head_json":{"title":"NOVETATS: agost 2024 - Sala Jove","robots":{"index":"index","follow":"follow","max-snippet":"max-snippet:-1","max-image-preview":"max-image-preview:large","max-video-preview":"max-video-preview:-1"},"canonical":"https:\/\/biblioteca.blanes.cat\/salajove\/2024\/08\/01\/novetats-agost-2024\/","og_locale":"ca_ES","og_type":"article","og_title":"NOVETATS: agost 2024 - Sala Jove","og_description":"Biblioteca Jove Blanes \u2013 Novetats agost Biblioteca Jove Blanes \u2013 Novetats agost Ja tenim aqu\u00ed les novetats juvenils de l&#8217;agost de 2024! Aquest mes hi trobareu especialment novel\u00b7les i c\u00f2mics, per\u00f2 tamb\u00e9 un parell de centres d\u2019inter\u00e8s i dues pel\u00b7l\u00edcules.","og_url":"https:\/\/biblioteca.blanes.cat\/salajove\/2024\/08\/01\/novetats-agost-2024\/","og_site_name":"Sala Jove","article_publisher":"https:\/\/www.facebook.com\/BilbiotecaComarcaldeBlanes\/","article_published_time":"2024-08-01T10:25:40+00:00","article_modified_time":"2024-08-28T10:18:14+00:00","og_image":[{"width":1748,"height":1240,"url":"https:\/\/biblioteca.blanes.cat\/salajove\/wp-content\/uploads\/sites\/3\/2024\/07\/novetats-estiu-1-1.jpg","type":"image\/jpeg"}],"author":"biblioblanes","twitter_card":"summary_large_image","twitter_creator":"@biblioblanes","twitter_site":"@BiblioBlanes","twitter_misc":{"Escrit per":"biblioblanes","Temps estimat de lectura":"1 minut"},"schema":{"@context":"https:\/\/schema.org","@graph":[{"@type":"Article","@id":"https:\/\/biblioteca.blanes.cat\/salajove\/2024\/08\/01\/novetats-agost-2024\/#article","isPartOf":{"@id":"https:\/\/biblioteca.blanes.cat\/salajove\/2024\/08\/01\/novetats-agost-2024\/"},"author":{"name":"biblioblanes","@id":"https:\/\/biblioteca.blanes.cat\/salajove\/#\/schema\/person\/5a7b46760d9dd611d098bbf571a341dc"},"headline":"NOVETATS: agost 2024","datePublished":"2024-08-01T10:25:40+00:00","dateModified":"2024-08-28T10:18:14+00:00","mainEntityOfPage":{"@id":"https:\/\/biblioteca.blanes.cat\/salajove\/2024\/08\/01\/novetats-agost-2024\/"},"wordCount":168,"commentCount":0,"publisher":{"@id":"https:\/\/biblioteca.blanes.cat\/salajove\/#organization"},"image":{"@id":"https:\/\/biblioteca.blanes.cat\/salajove\/2024\/08\/01\/novetats-agost-2024\/#primaryimage"},"thumbnailUrl":"https:\/\/biblioteca.blanes.cat\/salajove\/wp-content\/uploads\/sites\/3\/2024\/07\/novetats-estiu-1-1.jpg","keywords":["#Activitats #Actualitat #Joves","#Actualitat","#Guia #Lectura #Literatura #Llibres","#Joves","#Lectura","#Literatura","#Llibres"],"articleSection":["Novetats"],"inLanguage":"ca","potentialAction":[{"@type":"CommentAction","name":"Comment","target":["https:\/\/biblioteca.blanes.cat\/salajove\/2024\/08\/01\/novetats-agost-2024\/#respond"]}]},{"@type":"WebPage","@id":"https:\/\/biblioteca.blanes.cat\/salajove\/2024\/08\/01\/novetats-agost-2024\/","url":"https:\/\/biblioteca.blanes.cat\/salajove\/2024\/08\/01\/novetats-agost-2024\/","name":"NOVETATS: agost 2024 - Sala Jove","isPartOf":{"@id":"https:\/\/biblioteca.blanes.cat\/salajove\/#website"},"primaryImageOfPage":{"@id":"https:\/\/biblioteca.blanes.cat\/salajove\/2024\/08\/01\/novetats-agost-2024\/#primaryimage"},"image":{"@id":"https:\/\/biblioteca.blanes.cat\/salajove\/2024\/08\/01\/novetats-agost-2024\/#primaryimage"},"thumbnailUrl":"https:\/\/biblioteca.blanes.cat\/salajove\/wp-content\/uploads\/sites\/3\/2024\/07\/novetats-estiu-1-1.jpg","datePublished":"2024-08-01T10:25:40+00:00","dateModified":"2024-08-28T10:18:14+00:00","breadcrumb":{"@id":"https:\/\/biblioteca.blanes.cat\/salajove\/2024\/08\/01\/novetats-agost-2024\/#breadcrumb"},"inLanguage":"ca","potentialAction":[{"@type":"ReadAction","target":["https:\/\/biblioteca.blanes.cat\/salajove\/2024\/08\/01\/novetats-agost-2024\/"]}]},{"@type":"ImageObject","inLanguage":"ca","@id":"https:\/\/biblioteca.blanes.cat\/salajove\/2024\/08\/01\/novetats-agost-2024\/#primaryimage","url":"https:\/\/biblioteca.blanes.cat\/salajove\/wp-content\/uploads\/sites\/3\/2024\/07\/novetats-estiu-1-1.jpg","contentUrl":"https:\/\/biblioteca.blanes.cat\/salajove\/wp-content\/uploads\/sites\/3\/2024\/07\/novetats-estiu-1-1.jpg","width":1748,"height":1240},{"@type":"BreadcrumbList","@id":"https:\/\/biblioteca.blanes.cat\/salajove\/2024\/08\/01\/novetats-agost-2024\/#breadcrumb","itemListElement":[{"@type":"ListItem","position":1,"name":"Inici","item":"https:\/\/biblioteca.blanes.cat\/salajove\/"},{"@type":"ListItem","position":2,"name":"NOVETATS: agost 2024"}]},{"@type":"WebSite","@id":"https:\/\/biblioteca.blanes.cat\/salajove\/#website","url":"https:\/\/biblioteca.blanes.cat\/salajove\/","name":"Sala Jove","description":"Biblioteca Comarcal de Blanes","publisher":{"@id":"https:\/\/biblioteca.blanes.cat\/salajove\/#organization"},"potentialAction":[{"@type":"SearchAction","target":{"@type":"EntryPoint","urlTemplate":"https:\/\/biblioteca.blanes.cat\/salajove\/?s={search_term_string}"},"query-input":{"@type":"PropertyValueSpecification","valueRequired":true,"valueName":"search_term_string"}}],"inLanguage":"ca"},{"@type":"Organization","@id":"https:\/\/biblioteca.blanes.cat\/salajove\/#organization","name":"Biblioteca Comarcal de Blanes","url":"https:\/\/biblioteca.blanes.cat\/salajove\/","logo":{"@type":"ImageObject","inLanguage":"ca","@id":"https:\/\/biblioteca.blanes.cat\/salajove\/#\/schema\/logo\/image\/","url":"https:\/\/biblioteca.blanes.cat\/salajove\/wp-content\/uploads\/sites\/3\/2017\/09\/cropped-Bib-blau-e1518869380535.png","contentUrl":"https:\/\/biblioteca.blanes.cat\/salajove\/wp-content\/uploads\/sites\/3\/2017\/09\/cropped-Bib-blau-e1518869380535.png","width":166,"height":166,"caption":"Biblioteca Comarcal de Blanes"},"image":{"@id":"https:\/\/biblioteca.blanes.cat\/salajove\/#\/schema\/logo\/image\/"},"sameAs":["https:\/\/www.facebook.com\/BilbiotecaComarcaldeBlanes\/","https:\/\/x.com\/BiblioBlanes","https:\/\/www.instagram.com\/biblioblanes\/","https:\/\/www.pinterest.es\/bblanes\/","https:\/\/www.youtube.com\/c\/BibliotecaComarcalBlanes"]},{"@type":"Person","@id":"https:\/\/biblioteca.blanes.cat\/salajove\/#\/schema\/person\/5a7b46760d9dd611d098bbf571a341dc","name":"biblioblanes","image":{"@type":"ImageObject","inLanguage":"ca","@id":"https:\/\/secure.gravatar.com\/avatar\/6593ca6cc90e5a70939f51c95e8315483b9c281bafba597292bee47992030f99?s=96&d=mm&r=g","url":"https:\/\/secure.gravatar.com\/avatar\/6593ca6cc90e5a70939f51c95e8315483b9c281bafba597292bee47992030f99?s=96&d=mm&r=g","contentUrl":"https:\/\/secure.gravatar.com\/avatar\/6593ca6cc90e5a70939f51c95e8315483b9c281bafba597292bee47992030f99?s=96&d=mm&r=g","caption":"biblioblanes"},"sameAs":["http:\/\/www.bibgirona.cat\/biblioteca\/blanes","https:\/\/x.com\/biblioblanes"],"url":"https:\/\/biblioteca.blanes.cat\/salajove\/author\/biblioblanes\/"}]}},"_links":{"self":[{"href":"https:\/\/biblioteca.blanes.cat\/salajove\/wp-json\/wp\/v2\/posts\/8802","targetHints":{"allow":["GET"]}}],"collection":[{"href":"https:\/\/biblioteca.blanes.cat\/salajove\/wp-json\/wp\/v2\/posts"}],"about":[{"href":"https:\/\/biblioteca.blanes.cat\/salajove\/wp-json\/wp\/v2\/types\/post"}],"author":[{"embeddable":true,"href":"https:\/\/biblioteca.blanes.cat\/salajove\/wp-json\/wp\/v2\/users\/4"}],"replies":[{"embeddable":true,"href":"https:\/\/biblioteca.blanes.cat\/salajove\/wp-json\/wp\/v2\/comments?post=8802"}],"version-history":[{"count":5,"href":"https:\/\/biblioteca.blanes.cat\/salajove\/wp-json\/wp\/v2\/posts\/8802\/revisions"}],"predecessor-version":[{"id":8868,"href":"https:\/\/biblioteca.blanes.cat\/salajove\/wp-json\/wp\/v2\/posts\/8802\/revisions\/8868"}],"wp:featuredmedia":[{"embeddable":true,"href":"https:\/\/biblioteca.blanes.cat\/salajove\/wp-json\/wp\/v2\/media\/8742"}],"wp:attachment":[{"href":"https:\/\/biblioteca.blanes.cat\/salajove\/wp-json\/wp\/v2\/media?parent=8802"}],"wp:term":[{"taxonomy":"category","embeddable":true,"href":"https:\/\/biblioteca.blanes.cat\/salajove\/wp-json\/wp\/v2\/categories?post=8802"},{"taxonomy":"post_tag","embeddable":true,"href":"https:\/\/biblioteca.blanes.cat\/salajove\/wp-json\/wp\/v2\/tags?post=8802"}],"curies":[{"name":"wp","href":"https:\/\/api.w.org\/{rel}","templated":true}]}}