{"id":853,"date":"2018-01-21T19:55:57","date_gmt":"2018-01-21T18:55:57","guid":{"rendered":"https:\/\/biblioteca.blanes.cat\/salajove\/?p=853"},"modified":"2018-01-21T19:55:57","modified_gmt":"2018-01-21T18:55:57","slug":"aloma-merce-rodoreda","status":"publish","type":"post","link":"https:\/\/biblioteca.blanes.cat\/salajove\/2018\/01\/21\/aloma-merce-rodoreda\/","title":{"rendered":"ALOMA de Merc\u00e8 Rodoreda"},"content":{"rendered":"<p><img fetchpriority=\"high\" decoding=\"async\" class=\" alignright\" src=\"https:\/\/static.fnac-static.com\/multimedia\/ES\/images_produits\/ES\/ZoomPE\/1\/7\/2\/9788492672271\/tsp20101115191002\/Aloma.jpg\" width=\"290\" height=\"431\" \/>Fa temps que tenia ganes de llegir un llibre de la Merc\u00e8 Rodoreda. Era l\u2019escriptora preferida de la meva \u00e0via. L\u2019\u00e0via Pilar va morir quan jo tenia 4 anys i no tinc gaires records d\u2019ella, nom\u00e9s petits moments que es confonen amb fotografies. Per\u00f2 s\u00ed que tinc dos petits tresors de la meva \u00e0via. S\u00f3n dos edicions molts especials amb dibuixos de dos llibres molt coneguts de Merc\u00e8 Rodoreda, que algun dia segur que llegir\u00e9: La Pla\u00e7a del Diamant i Mirall Trencat.<\/p>\n<p style=\"text-align: left\">Merc\u00e8 Rodoreda i Gurgu\u00ed va n\u00e9ixer a Barcelona el 1908 i va ser una escriptora catalana molt reconeguda. Obres seves s\u00f3n : El carrer de les Cam\u00e8lies, Mirall trencat, La pla\u00e7a del diamant, Quanta, quanta guerra&#8230;, Jard\u00ed vora el mar i el llibre d\u2019avui Aloma. Molts dels seus llibres estan ambientats en temps dif\u00edcils, de guerra i postguerra.<\/p>\n<p>S\u2019acaba l\u2019estiu, miro per la finestra i fa un dia trist. Asseguda davant l\u2019ordinador, amb el llibre entre les mans i fullejant la meva llibreteta, em quedo en silenci absolut. Al moment ja tinc un gran somriure als llavis .<\/p>\n<p>Per dins del meu cap comencen a passar diapositives de tots els moments viscuts amb l\u2019Aloma. L\u2019Aloma \u00e9s una jove de 18 anys, solit\u00e0ria, ing\u00e8nua, sensible, gelosa. Que viu a la Barcelona de 1934 amb el seu germ\u00e0 i la seva cunyada, l\u2019arribada d\u2019en Robert des d\u2019Am\u00e8rica ho far\u00e0 trontollar tot. La novel\u00b7la \u00e9s un viatge que ens porta de la Aloma nena a la Aloma adulta, per fer aquest cam\u00ed passarem per la trag\u00e8dia de la mort, la felicitat de l\u2019amor, la pena de l\u2019engany i al final &#8230;(l\u2019haureu de llegir.)<\/p>\n<p>Rellegeixo p\u00e0gines del llibre, amb delicadesa, poc a poc, buscant no s\u00e9 ben be qu\u00e8 per\u00f2 trobant: l\u2019olor de llessam\u00ed, el llarg i dolor\u00f3s primer pet\u00f3, els carrers de Gr\u00e0cia, el record d\u2019en Daniel sempre dins del cor de l\u2019Aloma, el jard\u00ed de casa dels seus pares envoltant sempre a l\u2019Aloma&#8230;<\/p>\n<p>Un cop m\u00e9s he trobat frases d\u2019aquelles que m\u2019agraden;<\/p>\n<h2 style=\"text-align: center\"><em>\u201cLa vida pot canviar, qui sap si tindr\u00e9 sort\u201d<\/em><\/h2>\n<h2 style=\"text-align: center\"><em>\u201dLes coses eren boniques, la vida no gaire\u201d<\/em><\/h2>\n<h2 style=\"text-align: center\"><em>\u201cLa tristesa que mai enganya, m\u2019havia enganyat\u201d<\/em><\/h2>\n<p>I ara unes an\u00e8cdotes:<\/p>\n<p>*Quan va acabar la Guerra Civil espanyola a l\u2019any 1939 Merc\u00e8 Rodoreda va marxar a viure a Par\u00eds. Ella no es ficava en pol\u00edtica per\u00f2 com que havia treballat com a correctora del catal\u00e0 per a la Generalitat i havia col\u00b7laborat en revistes catalanes d\u2019esquerres tenia por que la perseguissin. Es va pensar que seria una q\u00fcesti\u00f3 de mesos per\u00f2 hi va estar 40 anys. No va tornar a Catalunya fins al 1972. Durant aquests anys va escriure obres de tots generes, novel\u00b7les, poesia, teatre i sempre, sempre en catal\u00e0 .<\/p>\n<p>*La seva obra ha estat tradu\u00efda a m\u00e9s de 30 lleng\u00fces.<\/p>\n<p>*He llegit que el llibre d\u2019Aloma \u00e9s una mica autobiografia de Merc\u00e8 Rodoreda. Es veu que t\u00e9 certes semblances amb la seva vida.<\/p>\n<p>*A Aloma he llegit coses que m\u2019han sorpr\u00e8s sobre aquella \u00e8poca, les dones solteres no podien comprar segons quins llibres, les dones casades que eren enganyades pels marits callaven perqu\u00e8 ning\u00fa ho sab\u00e9s com si fossin elles les culpables&#8230;<\/p>\n<p>*Al llarg de la seva vida li varen donar molts premis per la seva gran obra, entre ells el Premi d\u2019Honor de les Lletres Catalanes.<\/p>\n<p>*En el centenari del naixement de la Merc\u00e8 Rodoreda, el 2008, Dagoll Dagom van estrenar l\u2019obra Aloma en versi\u00f3 musical. Va tenir molt \u00e8xit.<\/p>\n<p>La meva mare entra a la meva habitaci\u00f3 i obre la porta del balc\u00f3, alguna cosa m\u2019ha tret dels meus pensaments, aixeco el cap, no s\u00e9 el que \u00e9s, dubto desorientada i de sobte hi caic &#8230; L\u2019olor de llessam\u00ed &#8230; del meu pati.<\/p>\n","protected":false},"excerpt":{"rendered":"<p>Fa temps que tenia ganes de llegir un llibre de la Merc\u00e8 Rodoreda. Era l\u2019escriptora preferida de la meva \u00e0via. L\u2019\u00e0via Pilar va morir quan jo tenia 4 anys i no tinc gaires records d\u2019ella, nom\u00e9s petits moments que es<\/p>\n","protected":false},"author":6,"featured_media":154,"comment_status":"open","ping_status":"open","sticky":false,"template":"","format":"standard","meta":{"sfsi_plus_gutenberg_text_before_share":"","sfsi_plus_gutenberg_show_text_before_share":"","sfsi_plus_gutenberg_icon_type":"","sfsi_plus_gutenberg_icon_alignemt":"","sfsi_plus_gutenburg_max_per_row":"","footnotes":""},"categories":[9,11],"tags":[33,19,21,22,23],"class_list":["post-853","post","type-post","status-publish","format-standard","has-post-thumbnail","hentry","category-raco-de-la-paula","category-classic","tag-el-raco-de-la-paula","tag-literatura","tag-llibres","tag-ressenya","tag-sinopsi"],"yoast_head":"<!-- This site is optimized with the Yoast SEO plugin v27.5 - https:\/\/yoast.com\/product\/yoast-seo-wordpress\/ -->\n<title>ALOMA de Merc\u00e8 Rodoreda - Sala Jove<\/title>\n<meta name=\"robots\" content=\"index, follow, max-snippet:-1, max-image-preview:large, max-video-preview:-1\" \/>\n<link rel=\"canonical\" href=\"https:\/\/biblioteca.blanes.cat\/salajove\/2018\/01\/21\/aloma-merce-rodoreda\/\" \/>\n<meta property=\"og:locale\" content=\"ca_ES\" \/>\n<meta property=\"og:type\" content=\"article\" \/>\n<meta property=\"og:title\" content=\"ALOMA de Merc\u00e8 Rodoreda - Sala Jove\" \/>\n<meta property=\"og:description\" content=\"Fa temps que tenia ganes de llegir un llibre de la Merc\u00e8 Rodoreda. Era l\u2019escriptora preferida de la meva \u00e0via. L\u2019\u00e0via Pilar va morir quan jo tenia 4 anys i no tinc gaires records d\u2019ella, nom\u00e9s petits moments que es\" \/>\n<meta property=\"og:url\" content=\"https:\/\/biblioteca.blanes.cat\/salajove\/2018\/01\/21\/aloma-merce-rodoreda\/\" \/>\n<meta property=\"og:site_name\" content=\"Sala Jove\" \/>\n<meta property=\"article:publisher\" content=\"https:\/\/www.facebook.com\/BilbiotecaComarcaldeBlanes\/\" \/>\n<meta property=\"article:published_time\" content=\"2018-01-21T18:55:57+00:00\" \/>\n<meta property=\"og:image\" content=\"https:\/\/biblioteca.blanes.cat\/salajove\/wp-content\/uploads\/sites\/3\/2017\/10\/Destacat_rac\u00f3_Paula.png\" \/>\n\t<meta property=\"og:image:width\" content=\"3719\" \/>\n\t<meta property=\"og:image:height\" content=\"2265\" \/>\n\t<meta property=\"og:image:type\" content=\"image\/png\" \/>\n<meta name=\"author\" content=\"paula\" \/>\n<meta name=\"twitter:card\" content=\"summary_large_image\" \/>\n<meta name=\"twitter:creator\" content=\"@BiblioBlanes\" \/>\n<meta name=\"twitter:site\" content=\"@BiblioBlanes\" \/>\n<meta name=\"twitter:label1\" content=\"Escrit per\" \/>\n\t<meta name=\"twitter:data1\" content=\"paula\" \/>\n\t<meta name=\"twitter:label2\" content=\"Temps estimat de lectura\" \/>\n\t<meta name=\"twitter:data2\" content=\"3 minuts\" \/>\n<script type=\"application\/ld+json\" class=\"yoast-schema-graph\">{\"@context\":\"https:\\\/\\\/schema.org\",\"@graph\":[{\"@type\":\"Article\",\"@id\":\"https:\\\/\\\/biblioteca.blanes.cat\\\/salajove\\\/2018\\\/01\\\/21\\\/aloma-merce-rodoreda\\\/#article\",\"isPartOf\":{\"@id\":\"https:\\\/\\\/biblioteca.blanes.cat\\\/salajove\\\/2018\\\/01\\\/21\\\/aloma-merce-rodoreda\\\/\"},\"author\":{\"name\":\"paula\",\"@id\":\"https:\\\/\\\/biblioteca.blanes.cat\\\/salajove\\\/#\\\/schema\\\/person\\\/8dbc45cdf5d1c7e2d100d147517ba7f3\"},\"headline\":\"ALOMA de Merc\u00e8 Rodoreda\",\"datePublished\":\"2018-01-21T18:55:57+00:00\",\"mainEntityOfPage\":{\"@id\":\"https:\\\/\\\/biblioteca.blanes.cat\\\/salajove\\\/2018\\\/01\\\/21\\\/aloma-merce-rodoreda\\\/\"},\"wordCount\":665,\"commentCount\":0,\"publisher\":{\"@id\":\"https:\\\/\\\/biblioteca.blanes.cat\\\/salajove\\\/#organization\"},\"image\":{\"@id\":\"https:\\\/\\\/biblioteca.blanes.cat\\\/salajove\\\/2018\\\/01\\\/21\\\/aloma-merce-rodoreda\\\/#primaryimage\"},\"thumbnailUrl\":\"https:\\\/\\\/biblioteca.blanes.cat\\\/salajove\\\/wp-content\\\/uploads\\\/sites\\\/3\\\/2017\\\/10\\\/Destacat_rac\u00f3_Paula.png\",\"keywords\":[\"#ElRac\u00f3delaPaula\",\"#Literatura\",\"#Llibres\",\"#Ressenya\",\"#Sinopsi\"],\"articleSection\":[\"Rac\u00f3 de la Paula\",\"RP_Cl\u00e0ssic\"],\"inLanguage\":\"ca\",\"potentialAction\":[{\"@type\":\"CommentAction\",\"name\":\"Comment\",\"target\":[\"https:\\\/\\\/biblioteca.blanes.cat\\\/salajove\\\/2018\\\/01\\\/21\\\/aloma-merce-rodoreda\\\/#respond\"]}]},{\"@type\":\"WebPage\",\"@id\":\"https:\\\/\\\/biblioteca.blanes.cat\\\/salajove\\\/2018\\\/01\\\/21\\\/aloma-merce-rodoreda\\\/\",\"url\":\"https:\\\/\\\/biblioteca.blanes.cat\\\/salajove\\\/2018\\\/01\\\/21\\\/aloma-merce-rodoreda\\\/\",\"name\":\"ALOMA de Merc\u00e8 Rodoreda - Sala Jove\",\"isPartOf\":{\"@id\":\"https:\\\/\\\/biblioteca.blanes.cat\\\/salajove\\\/#website\"},\"primaryImageOfPage\":{\"@id\":\"https:\\\/\\\/biblioteca.blanes.cat\\\/salajove\\\/2018\\\/01\\\/21\\\/aloma-merce-rodoreda\\\/#primaryimage\"},\"image\":{\"@id\":\"https:\\\/\\\/biblioteca.blanes.cat\\\/salajove\\\/2018\\\/01\\\/21\\\/aloma-merce-rodoreda\\\/#primaryimage\"},\"thumbnailUrl\":\"https:\\\/\\\/biblioteca.blanes.cat\\\/salajove\\\/wp-content\\\/uploads\\\/sites\\\/3\\\/2017\\\/10\\\/Destacat_rac\u00f3_Paula.png\",\"datePublished\":\"2018-01-21T18:55:57+00:00\",\"breadcrumb\":{\"@id\":\"https:\\\/\\\/biblioteca.blanes.cat\\\/salajove\\\/2018\\\/01\\\/21\\\/aloma-merce-rodoreda\\\/#breadcrumb\"},\"inLanguage\":\"ca\",\"potentialAction\":[{\"@type\":\"ReadAction\",\"target\":[\"https:\\\/\\\/biblioteca.blanes.cat\\\/salajove\\\/2018\\\/01\\\/21\\\/aloma-merce-rodoreda\\\/\"]}]},{\"@type\":\"ImageObject\",\"inLanguage\":\"ca\",\"@id\":\"https:\\\/\\\/biblioteca.blanes.cat\\\/salajove\\\/2018\\\/01\\\/21\\\/aloma-merce-rodoreda\\\/#primaryimage\",\"url\":\"https:\\\/\\\/biblioteca.blanes.cat\\\/salajove\\\/wp-content\\\/uploads\\\/sites\\\/3\\\/2017\\\/10\\\/Destacat_rac\u00f3_Paula.png\",\"contentUrl\":\"https:\\\/\\\/biblioteca.blanes.cat\\\/salajove\\\/wp-content\\\/uploads\\\/sites\\\/3\\\/2017\\\/10\\\/Destacat_rac\u00f3_Paula.png\",\"width\":3719,\"height\":2265,\"caption\":\"Rac\u00f3 de la Paula\"},{\"@type\":\"BreadcrumbList\",\"@id\":\"https:\\\/\\\/biblioteca.blanes.cat\\\/salajove\\\/2018\\\/01\\\/21\\\/aloma-merce-rodoreda\\\/#breadcrumb\",\"itemListElement\":[{\"@type\":\"ListItem\",\"position\":1,\"name\":\"Inici\",\"item\":\"https:\\\/\\\/biblioteca.blanes.cat\\\/salajove\\\/\"},{\"@type\":\"ListItem\",\"position\":2,\"name\":\"ALOMA de Merc\u00e8 Rodoreda\"}]},{\"@type\":\"WebSite\",\"@id\":\"https:\\\/\\\/biblioteca.blanes.cat\\\/salajove\\\/#website\",\"url\":\"https:\\\/\\\/biblioteca.blanes.cat\\\/salajove\\\/\",\"name\":\"Sala Jove\",\"description\":\"Biblioteca Comarcal de Blanes\",\"publisher\":{\"@id\":\"https:\\\/\\\/biblioteca.blanes.cat\\\/salajove\\\/#organization\"},\"potentialAction\":[{\"@type\":\"SearchAction\",\"target\":{\"@type\":\"EntryPoint\",\"urlTemplate\":\"https:\\\/\\\/biblioteca.blanes.cat\\\/salajove\\\/?s={search_term_string}\"},\"query-input\":{\"@type\":\"PropertyValueSpecification\",\"valueRequired\":true,\"valueName\":\"search_term_string\"}}],\"inLanguage\":\"ca\"},{\"@type\":\"Organization\",\"@id\":\"https:\\\/\\\/biblioteca.blanes.cat\\\/salajove\\\/#organization\",\"name\":\"Biblioteca Comarcal de Blanes\",\"url\":\"https:\\\/\\\/biblioteca.blanes.cat\\\/salajove\\\/\",\"logo\":{\"@type\":\"ImageObject\",\"inLanguage\":\"ca\",\"@id\":\"https:\\\/\\\/biblioteca.blanes.cat\\\/salajove\\\/#\\\/schema\\\/logo\\\/image\\\/\",\"url\":\"https:\\\/\\\/biblioteca.blanes.cat\\\/salajove\\\/wp-content\\\/uploads\\\/sites\\\/3\\\/2017\\\/09\\\/cropped-Bib-blau-e1518869380535.png\",\"contentUrl\":\"https:\\\/\\\/biblioteca.blanes.cat\\\/salajove\\\/wp-content\\\/uploads\\\/sites\\\/3\\\/2017\\\/09\\\/cropped-Bib-blau-e1518869380535.png\",\"width\":166,\"height\":166,\"caption\":\"Biblioteca Comarcal de Blanes\"},\"image\":{\"@id\":\"https:\\\/\\\/biblioteca.blanes.cat\\\/salajove\\\/#\\\/schema\\\/logo\\\/image\\\/\"},\"sameAs\":[\"https:\\\/\\\/www.facebook.com\\\/BilbiotecaComarcaldeBlanes\\\/\",\"https:\\\/\\\/x.com\\\/BiblioBlanes\",\"https:\\\/\\\/www.instagram.com\\\/biblioblanes\\\/\",\"https:\\\/\\\/www.pinterest.es\\\/bblanes\\\/\",\"https:\\\/\\\/www.youtube.com\\\/c\\\/BibliotecaComarcalBlanes\"]},{\"@type\":\"Person\",\"@id\":\"https:\\\/\\\/biblioteca.blanes.cat\\\/salajove\\\/#\\\/schema\\\/person\\\/8dbc45cdf5d1c7e2d100d147517ba7f3\",\"name\":\"paula\",\"image\":{\"@type\":\"ImageObject\",\"inLanguage\":\"ca\",\"@id\":\"https:\\\/\\\/secure.gravatar.com\\\/avatar\\\/7dc0a9399589f36ddc6864e8335b73854871aa22921ee390cb50776e7ddfc136?s=96&d=mm&r=g\",\"url\":\"https:\\\/\\\/secure.gravatar.com\\\/avatar\\\/7dc0a9399589f36ddc6864e8335b73854871aa22921ee390cb50776e7ddfc136?s=96&d=mm&r=g\",\"contentUrl\":\"https:\\\/\\\/secure.gravatar.com\\\/avatar\\\/7dc0a9399589f36ddc6864e8335b73854871aa22921ee390cb50776e7ddfc136?s=96&d=mm&r=g\",\"caption\":\"paula\"},\"url\":\"https:\\\/\\\/biblioteca.blanes.cat\\\/salajove\\\/author\\\/paula\\\/\"}]}<\/script>\n<!-- \/ Yoast SEO plugin. -->","yoast_head_json":{"title":"ALOMA de Merc\u00e8 Rodoreda - Sala Jove","robots":{"index":"index","follow":"follow","max-snippet":"max-snippet:-1","max-image-preview":"max-image-preview:large","max-video-preview":"max-video-preview:-1"},"canonical":"https:\/\/biblioteca.blanes.cat\/salajove\/2018\/01\/21\/aloma-merce-rodoreda\/","og_locale":"ca_ES","og_type":"article","og_title":"ALOMA de Merc\u00e8 Rodoreda - Sala Jove","og_description":"Fa temps que tenia ganes de llegir un llibre de la Merc\u00e8 Rodoreda. Era l\u2019escriptora preferida de la meva \u00e0via. L\u2019\u00e0via Pilar va morir quan jo tenia 4 anys i no tinc gaires records d\u2019ella, nom\u00e9s petits moments que es","og_url":"https:\/\/biblioteca.blanes.cat\/salajove\/2018\/01\/21\/aloma-merce-rodoreda\/","og_site_name":"Sala Jove","article_publisher":"https:\/\/www.facebook.com\/BilbiotecaComarcaldeBlanes\/","article_published_time":"2018-01-21T18:55:57+00:00","og_image":[{"width":3719,"height":2265,"url":"https:\/\/biblioteca.blanes.cat\/salajove\/wp-content\/uploads\/sites\/3\/2017\/10\/Destacat_rac\u00f3_Paula.png","type":"image\/png"}],"author":"paula","twitter_card":"summary_large_image","twitter_creator":"@BiblioBlanes","twitter_site":"@BiblioBlanes","twitter_misc":{"Escrit per":"paula","Temps estimat de lectura":"3 minuts"},"schema":{"@context":"https:\/\/schema.org","@graph":[{"@type":"Article","@id":"https:\/\/biblioteca.blanes.cat\/salajove\/2018\/01\/21\/aloma-merce-rodoreda\/#article","isPartOf":{"@id":"https:\/\/biblioteca.blanes.cat\/salajove\/2018\/01\/21\/aloma-merce-rodoreda\/"},"author":{"name":"paula","@id":"https:\/\/biblioteca.blanes.cat\/salajove\/#\/schema\/person\/8dbc45cdf5d1c7e2d100d147517ba7f3"},"headline":"ALOMA de Merc\u00e8 Rodoreda","datePublished":"2018-01-21T18:55:57+00:00","mainEntityOfPage":{"@id":"https:\/\/biblioteca.blanes.cat\/salajove\/2018\/01\/21\/aloma-merce-rodoreda\/"},"wordCount":665,"commentCount":0,"publisher":{"@id":"https:\/\/biblioteca.blanes.cat\/salajove\/#organization"},"image":{"@id":"https:\/\/biblioteca.blanes.cat\/salajove\/2018\/01\/21\/aloma-merce-rodoreda\/#primaryimage"},"thumbnailUrl":"https:\/\/biblioteca.blanes.cat\/salajove\/wp-content\/uploads\/sites\/3\/2017\/10\/Destacat_rac\u00f3_Paula.png","keywords":["#ElRac\u00f3delaPaula","#Literatura","#Llibres","#Ressenya","#Sinopsi"],"articleSection":["Rac\u00f3 de la Paula","RP_Cl\u00e0ssic"],"inLanguage":"ca","potentialAction":[{"@type":"CommentAction","name":"Comment","target":["https:\/\/biblioteca.blanes.cat\/salajove\/2018\/01\/21\/aloma-merce-rodoreda\/#respond"]}]},{"@type":"WebPage","@id":"https:\/\/biblioteca.blanes.cat\/salajove\/2018\/01\/21\/aloma-merce-rodoreda\/","url":"https:\/\/biblioteca.blanes.cat\/salajove\/2018\/01\/21\/aloma-merce-rodoreda\/","name":"ALOMA de Merc\u00e8 Rodoreda - Sala Jove","isPartOf":{"@id":"https:\/\/biblioteca.blanes.cat\/salajove\/#website"},"primaryImageOfPage":{"@id":"https:\/\/biblioteca.blanes.cat\/salajove\/2018\/01\/21\/aloma-merce-rodoreda\/#primaryimage"},"image":{"@id":"https:\/\/biblioteca.blanes.cat\/salajove\/2018\/01\/21\/aloma-merce-rodoreda\/#primaryimage"},"thumbnailUrl":"https:\/\/biblioteca.blanes.cat\/salajove\/wp-content\/uploads\/sites\/3\/2017\/10\/Destacat_rac\u00f3_Paula.png","datePublished":"2018-01-21T18:55:57+00:00","breadcrumb":{"@id":"https:\/\/biblioteca.blanes.cat\/salajove\/2018\/01\/21\/aloma-merce-rodoreda\/#breadcrumb"},"inLanguage":"ca","potentialAction":[{"@type":"ReadAction","target":["https:\/\/biblioteca.blanes.cat\/salajove\/2018\/01\/21\/aloma-merce-rodoreda\/"]}]},{"@type":"ImageObject","inLanguage":"ca","@id":"https:\/\/biblioteca.blanes.cat\/salajove\/2018\/01\/21\/aloma-merce-rodoreda\/#primaryimage","url":"https:\/\/biblioteca.blanes.cat\/salajove\/wp-content\/uploads\/sites\/3\/2017\/10\/Destacat_rac\u00f3_Paula.png","contentUrl":"https:\/\/biblioteca.blanes.cat\/salajove\/wp-content\/uploads\/sites\/3\/2017\/10\/Destacat_rac\u00f3_Paula.png","width":3719,"height":2265,"caption":"Rac\u00f3 de la Paula"},{"@type":"BreadcrumbList","@id":"https:\/\/biblioteca.blanes.cat\/salajove\/2018\/01\/21\/aloma-merce-rodoreda\/#breadcrumb","itemListElement":[{"@type":"ListItem","position":1,"name":"Inici","item":"https:\/\/biblioteca.blanes.cat\/salajove\/"},{"@type":"ListItem","position":2,"name":"ALOMA de Merc\u00e8 Rodoreda"}]},{"@type":"WebSite","@id":"https:\/\/biblioteca.blanes.cat\/salajove\/#website","url":"https:\/\/biblioteca.blanes.cat\/salajove\/","name":"Sala Jove","description":"Biblioteca Comarcal de Blanes","publisher":{"@id":"https:\/\/biblioteca.blanes.cat\/salajove\/#organization"},"potentialAction":[{"@type":"SearchAction","target":{"@type":"EntryPoint","urlTemplate":"https:\/\/biblioteca.blanes.cat\/salajove\/?s={search_term_string}"},"query-input":{"@type":"PropertyValueSpecification","valueRequired":true,"valueName":"search_term_string"}}],"inLanguage":"ca"},{"@type":"Organization","@id":"https:\/\/biblioteca.blanes.cat\/salajove\/#organization","name":"Biblioteca Comarcal de Blanes","url":"https:\/\/biblioteca.blanes.cat\/salajove\/","logo":{"@type":"ImageObject","inLanguage":"ca","@id":"https:\/\/biblioteca.blanes.cat\/salajove\/#\/schema\/logo\/image\/","url":"https:\/\/biblioteca.blanes.cat\/salajove\/wp-content\/uploads\/sites\/3\/2017\/09\/cropped-Bib-blau-e1518869380535.png","contentUrl":"https:\/\/biblioteca.blanes.cat\/salajove\/wp-content\/uploads\/sites\/3\/2017\/09\/cropped-Bib-blau-e1518869380535.png","width":166,"height":166,"caption":"Biblioteca Comarcal de Blanes"},"image":{"@id":"https:\/\/biblioteca.blanes.cat\/salajove\/#\/schema\/logo\/image\/"},"sameAs":["https:\/\/www.facebook.com\/BilbiotecaComarcaldeBlanes\/","https:\/\/x.com\/BiblioBlanes","https:\/\/www.instagram.com\/biblioblanes\/","https:\/\/www.pinterest.es\/bblanes\/","https:\/\/www.youtube.com\/c\/BibliotecaComarcalBlanes"]},{"@type":"Person","@id":"https:\/\/biblioteca.blanes.cat\/salajove\/#\/schema\/person\/8dbc45cdf5d1c7e2d100d147517ba7f3","name":"paula","image":{"@type":"ImageObject","inLanguage":"ca","@id":"https:\/\/secure.gravatar.com\/avatar\/7dc0a9399589f36ddc6864e8335b73854871aa22921ee390cb50776e7ddfc136?s=96&d=mm&r=g","url":"https:\/\/secure.gravatar.com\/avatar\/7dc0a9399589f36ddc6864e8335b73854871aa22921ee390cb50776e7ddfc136?s=96&d=mm&r=g","contentUrl":"https:\/\/secure.gravatar.com\/avatar\/7dc0a9399589f36ddc6864e8335b73854871aa22921ee390cb50776e7ddfc136?s=96&d=mm&r=g","caption":"paula"},"url":"https:\/\/biblioteca.blanes.cat\/salajove\/author\/paula\/"}]}},"_links":{"self":[{"href":"https:\/\/biblioteca.blanes.cat\/salajove\/wp-json\/wp\/v2\/posts\/853","targetHints":{"allow":["GET"]}}],"collection":[{"href":"https:\/\/biblioteca.blanes.cat\/salajove\/wp-json\/wp\/v2\/posts"}],"about":[{"href":"https:\/\/biblioteca.blanes.cat\/salajove\/wp-json\/wp\/v2\/types\/post"}],"author":[{"embeddable":true,"href":"https:\/\/biblioteca.blanes.cat\/salajove\/wp-json\/wp\/v2\/users\/6"}],"replies":[{"embeddable":true,"href":"https:\/\/biblioteca.blanes.cat\/salajove\/wp-json\/wp\/v2\/comments?post=853"}],"version-history":[{"count":8,"href":"https:\/\/biblioteca.blanes.cat\/salajove\/wp-json\/wp\/v2\/posts\/853\/revisions"}],"predecessor-version":[{"id":861,"href":"https:\/\/biblioteca.blanes.cat\/salajove\/wp-json\/wp\/v2\/posts\/853\/revisions\/861"}],"wp:featuredmedia":[{"embeddable":true,"href":"https:\/\/biblioteca.blanes.cat\/salajove\/wp-json\/wp\/v2\/media\/154"}],"wp:attachment":[{"href":"https:\/\/biblioteca.blanes.cat\/salajove\/wp-json\/wp\/v2\/media?parent=853"}],"wp:term":[{"taxonomy":"category","embeddable":true,"href":"https:\/\/biblioteca.blanes.cat\/salajove\/wp-json\/wp\/v2\/categories?post=853"},{"taxonomy":"post_tag","embeddable":true,"href":"https:\/\/biblioteca.blanes.cat\/salajove\/wp-json\/wp\/v2\/tags?post=853"}],"curies":[{"name":"wp","href":"https:\/\/api.w.org\/{rel}","templated":true}]}}