{"id":8528,"date":"2024-03-20T18:15:19","date_gmt":"2024-03-20T17:15:19","guid":{"rendered":"https:\/\/biblioteca.blanes.cat\/salajove\/?p=8528"},"modified":"2024-06-13T16:28:22","modified_gmt":"2024-06-13T15:28:22","slug":"club-de-lectura-emblanats-marc","status":"publish","type":"post","link":"https:\/\/biblioteca.blanes.cat\/salajove\/2024\/03\/20\/club-de-lectura-emblanats-marc\/","title":{"rendered":"Club de lectura #emblanats mar\u00e7"},"content":{"rendered":"\n\n\n<p>Aquest mes de mar\u00e7 els membres del Club de Lectura Juvenil #emblanats vam comentar una obra de misteri titulada <a href=\"https:\/\/www.grup62.cat\/llibre-la-ratera\/347054\"><span style=\"color: #008080;\"><em><strong>La ratera<\/strong><\/em><\/span><\/a>, d&#8217;una de les grans escriptores de tots els temps, <span style=\"color: #008080;\"><strong>Agatha Christie<\/strong><\/span>, l&#8217;obra de teatre n\u00e9s representada al llarg de la hist\u00f2ria.<\/p>\n<p><img fetchpriority=\"high\" decoding=\"async\" class=\"aligncenter size-medium wp-image-8532\" src=\"https:\/\/biblioteca.blanes.cat\/salajove\/wp-content\/uploads\/sites\/3\/2024\/03\/la-ratera-3-224x300.jpg\" alt=\"\" width=\"224\" height=\"300\" srcset=\"https:\/\/biblioteca.blanes.cat\/salajove\/wp-content\/uploads\/sites\/3\/2024\/03\/la-ratera-3-224x300.jpg 224w, https:\/\/biblioteca.blanes.cat\/salajove\/wp-content\/uploads\/sites\/3\/2024\/03\/la-ratera-3-766x1024.jpg 766w, https:\/\/biblioteca.blanes.cat\/salajove\/wp-content\/uploads\/sites\/3\/2024\/03\/la-ratera-3-768x1027.jpg 768w, https:\/\/biblioteca.blanes.cat\/salajove\/wp-content\/uploads\/sites\/3\/2024\/03\/la-ratera-3-1149x1536.jpg 1149w, https:\/\/biblioteca.blanes.cat\/salajove\/wp-content\/uploads\/sites\/3\/2024\/03\/la-ratera-3-1532x2048.jpg 1532w, https:\/\/biblioteca.blanes.cat\/salajove\/wp-content\/uploads\/sites\/3\/2024\/03\/la-ratera-3-scaled.jpg 1915w\" sizes=\"(max-width: 224px) 100vw, 224px\" \/><\/p>\n<p>Agatha Christie \u00e9s l\u2019<span style=\"color: #008080;\"><strong>escriptora de novel\u00b7la detectivesca m\u00e9s coneguda del m\u00f3n<\/strong><\/span> i l\u2019autora m\u00e9s venuda de qualsevol g\u00e8nere, a excepci\u00f3 de William Shakespeare. Dels seus llibres, se n\u2019han venut al voltant de dos mil milions d\u2019exemplars en angl\u00e8s i mil milions m\u00e9s en traduccions a unes tres-centes tres lleng\u00fces. Christie va publicar m\u00e9s de vuitanta llibres, principalment del tipus d\u2019habitaci\u00f3 tancada i de problema, en la majoria de les quals intervenia algun dels seus personatges principals, Hercule Poirot i Miss Marple. Encara que li agradava variar en la forma establerta de les hist\u00f2ries detectivesques, era escrupolosa a l\u2019hora de jugar net amb el lector i no amagar-li cap tipus d\u2019informaci\u00f3 perqu\u00e8 pogu\u00e9s resoldre el misteri. Tot i que \u00e9s coneguda, sobretot per les seves novel\u00b7les de misteri, en aquesta ocasi\u00f3 vam llegir-ne una <span style=\"color: #008080;\"><strong>obra de teatre amb motiu del Dia Mundial del Teatre, que \u00e9s el 27 de mar\u00e7<\/strong><\/span>.<\/p>\n<p>La trama de <em>La ratera<\/em> se situa a la <span style=\"color: #008080;\"><strong>mansi\u00f3 Monkswell<\/strong><\/span>, una pensi\u00f3 al mig del no-res, a prop de Londres. En Giles i la Mollie Ralston van de b\u00f2lit procurant tenir-ho tot a punt per als primers hostes. Acaben d\u2019obrir la pensi\u00f3 i nom\u00e9s volen que les primeres persones que acullen tinguin una estada pl\u00e0cida. Per\u00f2 una nevada intensa deixa la mansi\u00f3 Monkswell incomunicada i la not\u00edcia que els dona el sergent Trotter no \u00e9s gaire tranquil\u00b7litzadora: els hostes de la pensi\u00f3 es troben sota l\u2019<span style=\"color: #008080;\"><strong>amena\u00e7a d\u2019un assass\u00ed<\/strong><\/span>.<\/p>\n<p>La primera part de la sessi\u00f3 la vam dedicar a parlar sobre la trama, els personatges i les sospites que ten\u00edem de cada un dels protagonistes a l&#8217;entorn de l&#8217;assassinat. Tamb\u00e9 vam dedicar una estona a comentar els<span style=\"color: #000000;\">\u00a0<\/span><strong><span style=\"color: #008080;\">elements propis del teatre<\/span><\/strong>: els <span style=\"color: #008080;\"><strong>actes<\/strong><\/span>, les <span style=\"color: #008080;\"><strong>escenes<\/strong><\/span>, les <strong><span style=\"color: #008080;\">acotacions<\/span><\/strong>, els <span style=\"color: #008080;\"><strong>di\u00e0legs<\/strong><\/span>&#8230; Una de les particularitats del teatre \u00e9s que no hi ha una veu de narrador, sin\u00f3 acotacions entre par\u00e8ntesis i en cursiva que ens serveixen per situar l&#8217;acci\u00f3 en el moment de ser interpretada. Cada detall i cada gest \u00e9s descrit amb precisi\u00f3 per facilitar-ne la representaci\u00f3 sobre l&#8217;escenari.<\/p>\n<p>En el cas de <em>La ratera<\/em>, durant el primer acte se&#8217;ns van presentant els personatges i la situaci\u00f3: un assassinat. Al segon acte, l&#8217;acci\u00f3 s&#8217;alenteix fins a arribar a la resoluci\u00f3 del conflicte. Aquest acte gira al voltant de l&#8217;evid\u00e8ncia que l&#8217;assass\u00ed \u00e9s dins la casa, ja que s&#8217;acaba de cometre un assassinat i hi ha la possibilitat que se&#8217;n produeixi un altre.<\/p>\n<p>Un cop vam tenir clares les caracter\u00edstiques del teatre i vam comentar el misteri de l&#8217;assassinat a la mansi\u00f3 Monkswell, vam passar a l&#8217;acci\u00f3 i vam participar en un <span style=\"color: #008080;\"><strong>c\u00e0sting d&#8217;actors i actrius<\/strong><\/span>. Representa que la companyia de teatre #emblanats fa una crida per trobar int\u00e8rprets per representar <em>La ratera. <\/em>Per fer-ho, va convocar un c\u00e0sting a Blanes on es podien presentar joves d\u2019entre 12 i 16 anys. Per dur a terme l&#8217;activitat, a un dels lectors se li va assignar el paper de director\/jurat amb l&#8217;objectiu d&#8217;avaluar les interpretacions dels candidats. El c\u00e0sting consistia en dues fases:\u00a0<\/p>\n<ul style=\"list-style-type: disc;\">\n<li><span style=\"color: #008080;\"><strong>Interpretar<\/strong><\/span> una frase que a cada aspirant se li va assignar d&#8217;un personatge de l&#8217;obra. L&#8217;important era que la interpret\u00e9s amb el to i l&#8217;emoci\u00f3 indicades (sorpresa, por, alegria, burla&#8230;).<\/li>\n<li><strong><span style=\"color: #008080;\">M\u00edmica<\/span><\/strong>: cada concursant va treure un paper del sobre de m\u00edmica i va interpretar un dels elements o situaci\u00f3 que apareixen a l&#8217;obra de <em>La ratera<\/em> (piano, esqu\u00eds, cuina, hoste&#8230;).<\/li>\n<\/ul>\n<p><img decoding=\"async\" class=\"aligncenter size-medium wp-image-8533\" src=\"https:\/\/biblioteca.blanes.cat\/salajove\/wp-content\/uploads\/sites\/3\/2024\/03\/la-ratera-4-196x300.jpg\" alt=\"\" width=\"196\" height=\"300\" srcset=\"https:\/\/biblioteca.blanes.cat\/salajove\/wp-content\/uploads\/sites\/3\/2024\/03\/la-ratera-4-196x300.jpg 196w, https:\/\/biblioteca.blanes.cat\/salajove\/wp-content\/uploads\/sites\/3\/2024\/03\/la-ratera-4-670x1024.jpg 670w, https:\/\/biblioteca.blanes.cat\/salajove\/wp-content\/uploads\/sites\/3\/2024\/03\/la-ratera-4-768x1174.jpg 768w, https:\/\/biblioteca.blanes.cat\/salajove\/wp-content\/uploads\/sites\/3\/2024\/03\/la-ratera-4-1005x1536.jpg 1005w, https:\/\/biblioteca.blanes.cat\/salajove\/wp-content\/uploads\/sites\/3\/2024\/03\/la-ratera-4.jpg 1080w\" sizes=\"(max-width: 196px) 100vw, 196px\" \/><\/p>\n<p>La directora tenia la tasca de valorar cada interpretaci\u00f3 amb un apte\/a, no apte\/a i en dubte. Com que en aquesta sessi\u00f3 vam ser pocs, no vam poder interpretar tots els papers, per\u00f2 l&#8217;experi\u00e8ncia va ser molt divertida perqu\u00e8 ens va permetre posar-nos en el paper d&#8217;un actor\/actriu!<\/p>\n<p><img decoding=\"async\" class=\"size-medium wp-image-8531 alignleft\" src=\"https:\/\/biblioteca.blanes.cat\/salajove\/wp-content\/uploads\/sites\/3\/2024\/03\/la-ratera-2-224x300.jpg\" alt=\"\" width=\"224\" height=\"300\" srcset=\"https:\/\/biblioteca.blanes.cat\/salajove\/wp-content\/uploads\/sites\/3\/2024\/03\/la-ratera-2-224x300.jpg 224w, https:\/\/biblioteca.blanes.cat\/salajove\/wp-content\/uploads\/sites\/3\/2024\/03\/la-ratera-2-766x1024.jpg 766w, https:\/\/biblioteca.blanes.cat\/salajove\/wp-content\/uploads\/sites\/3\/2024\/03\/la-ratera-2-768x1027.jpg 768w, https:\/\/biblioteca.blanes.cat\/salajove\/wp-content\/uploads\/sites\/3\/2024\/03\/la-ratera-2-1149x1536.jpg 1149w, https:\/\/biblioteca.blanes.cat\/salajove\/wp-content\/uploads\/sites\/3\/2024\/03\/la-ratera-2-1532x2048.jpg 1532w, https:\/\/biblioteca.blanes.cat\/salajove\/wp-content\/uploads\/sites\/3\/2024\/03\/la-ratera-2-scaled.jpg 1915w\" sizes=\"(max-width: 224px) 100vw, 224px\" \/><img loading=\"lazy\" decoding=\"async\" class=\"size-medium wp-image-8530 alignleft\" src=\"https:\/\/biblioteca.blanes.cat\/salajove\/wp-content\/uploads\/sites\/3\/2024\/03\/la-ratera-1-224x300.jpg\" alt=\"\" width=\"224\" height=\"300\" srcset=\"https:\/\/biblioteca.blanes.cat\/salajove\/wp-content\/uploads\/sites\/3\/2024\/03\/la-ratera-1-224x300.jpg 224w, https:\/\/biblioteca.blanes.cat\/salajove\/wp-content\/uploads\/sites\/3\/2024\/03\/la-ratera-1-766x1024.jpg 766w, https:\/\/biblioteca.blanes.cat\/salajove\/wp-content\/uploads\/sites\/3\/2024\/03\/la-ratera-1-768x1027.jpg 768w, https:\/\/biblioteca.blanes.cat\/salajove\/wp-content\/uploads\/sites\/3\/2024\/03\/la-ratera-1-1149x1536.jpg 1149w, https:\/\/biblioteca.blanes.cat\/salajove\/wp-content\/uploads\/sites\/3\/2024\/03\/la-ratera-1-1532x2048.jpg 1532w, https:\/\/biblioteca.blanes.cat\/salajove\/wp-content\/uploads\/sites\/3\/2024\/03\/la-ratera-1-scaled.jpg 1915w\" sizes=\"(max-width: 224px) 100vw, 224px\" \/><\/p>\n<p>\u00a0<\/p>\n<p>\u00a0<\/p>\n<p>\u00a0<\/p>\n<p>\u00a0<\/p>\n<p>\u00a0<\/p>\n<p>\u00a0<\/p>\n<p>\u00a0<\/p>\n<p>\u00a0<\/p>\n<p>\u00a0<\/p>\n<p>Al final de tot, vam presentar el llibre que llegirem i comentarem a l&#8217;abril:<span style=\"color: #ff99cc;\"> <em><strong>Al\u00edcia al pa\u00eds de les meravelles<\/strong><\/em><\/span>, de <span style=\"color: #ff99cc;\"><strong>Lewis Carrol<\/strong><\/span>, un cl\u00e0ssic llegit i conegut arreu del m\u00f3n!<\/p>\n<ul>\n<li>\u00a0<\/li>\n<\/ul>\n","protected":false},"excerpt":{"rendered":"<p>Aquest mes de mar\u00e7 els membres del Club de Lectura Juvenil #emblanats vam comentar una obra de misteri titulada La ratera, d&#8217;una de les grans escriptores de tots els temps, Agatha Christie, l&#8217;obra de teatre n\u00e9s representada al llarg de<\/p>\n","protected":false},"author":4,"featured_media":8535,"comment_status":"open","ping_status":"open","sticky":false,"template":"","format":"standard","meta":{"sfsi_plus_gutenberg_text_before_share":"","sfsi_plus_gutenberg_show_text_before_share":"","sfsi_plus_gutenberg_icon_type":"","sfsi_plus_gutenberg_icon_alignemt":"","sfsi_plus_gutenburg_max_per_row":"","footnotes":""},"categories":[5,1],"tags":[],"class_list":["post-8528","post","type-post","status-publish","format-standard","has-post-thumbnail","hentry","category-club-de-lectura","category-general"],"yoast_head":"<!-- This site is optimized with the Yoast SEO plugin v27.5 - https:\/\/yoast.com\/product\/yoast-seo-wordpress\/ -->\n<title>Club de lectura #emblanats mar\u00e7 - Sala Jove<\/title>\n<meta name=\"robots\" content=\"index, follow, max-snippet:-1, max-image-preview:large, max-video-preview:-1\" \/>\n<link rel=\"canonical\" href=\"https:\/\/biblioteca.blanes.cat\/salajove\/2024\/03\/20\/club-de-lectura-emblanats-marc\/\" \/>\n<meta property=\"og:locale\" content=\"ca_ES\" \/>\n<meta property=\"og:type\" content=\"article\" \/>\n<meta property=\"og:title\" content=\"Club de lectura #emblanats mar\u00e7 - Sala Jove\" \/>\n<meta property=\"og:description\" content=\"Aquest mes de mar\u00e7 els membres del Club de Lectura Juvenil #emblanats vam comentar una obra de misteri titulada La ratera, d&#8217;una de les grans escriptores de tots els temps, Agatha Christie, l&#8217;obra de teatre n\u00e9s representada al llarg de\" \/>\n<meta property=\"og:url\" content=\"https:\/\/biblioteca.blanes.cat\/salajove\/2024\/03\/20\/club-de-lectura-emblanats-marc\/\" \/>\n<meta property=\"og:site_name\" content=\"Sala Jove\" \/>\n<meta property=\"article:publisher\" content=\"https:\/\/www.facebook.com\/BilbiotecaComarcaldeBlanes\/\" \/>\n<meta property=\"article:published_time\" content=\"2024-03-20T17:15:19+00:00\" \/>\n<meta property=\"article:modified_time\" content=\"2024-06-13T15:28:22+00:00\" \/>\n<meta property=\"og:image\" content=\"https:\/\/biblioteca.blanes.cat\/salajove\/wp-content\/uploads\/sites\/3\/2024\/03\/la-ratera.jpg\" \/>\n\t<meta property=\"og:image:width\" content=\"290\" \/>\n\t<meta property=\"og:image:height\" content=\"445\" \/>\n\t<meta property=\"og:image:type\" content=\"image\/jpeg\" \/>\n<meta name=\"author\" content=\"biblioblanes\" \/>\n<meta name=\"twitter:card\" content=\"summary_large_image\" \/>\n<meta name=\"twitter:creator\" content=\"@biblioblanes\" \/>\n<meta name=\"twitter:site\" content=\"@BiblioBlanes\" \/>\n<meta name=\"twitter:label1\" content=\"Escrit per\" \/>\n\t<meta name=\"twitter:data1\" content=\"biblioblanes\" \/>\n\t<meta name=\"twitter:label2\" content=\"Temps estimat de lectura\" \/>\n\t<meta name=\"twitter:data2\" content=\"5 minuts\" \/>\n<script type=\"application\/ld+json\" class=\"yoast-schema-graph\">{\"@context\":\"https:\\\/\\\/schema.org\",\"@graph\":[{\"@type\":\"Article\",\"@id\":\"https:\\\/\\\/biblioteca.blanes.cat\\\/salajove\\\/2024\\\/03\\\/20\\\/club-de-lectura-emblanats-marc\\\/#article\",\"isPartOf\":{\"@id\":\"https:\\\/\\\/biblioteca.blanes.cat\\\/salajove\\\/2024\\\/03\\\/20\\\/club-de-lectura-emblanats-marc\\\/\"},\"author\":{\"name\":\"biblioblanes\",\"@id\":\"https:\\\/\\\/biblioteca.blanes.cat\\\/salajove\\\/#\\\/schema\\\/person\\\/5a7b46760d9dd611d098bbf571a341dc\"},\"headline\":\"Club de lectura #emblanats mar\u00e7\",\"datePublished\":\"2024-03-20T17:15:19+00:00\",\"dateModified\":\"2024-06-13T15:28:22+00:00\",\"mainEntityOfPage\":{\"@id\":\"https:\\\/\\\/biblioteca.blanes.cat\\\/salajove\\\/2024\\\/03\\\/20\\\/club-de-lectura-emblanats-marc\\\/\"},\"wordCount\":761,\"commentCount\":0,\"publisher\":{\"@id\":\"https:\\\/\\\/biblioteca.blanes.cat\\\/salajove\\\/#organization\"},\"image\":{\"@id\":\"https:\\\/\\\/biblioteca.blanes.cat\\\/salajove\\\/2024\\\/03\\\/20\\\/club-de-lectura-emblanats-marc\\\/#primaryimage\"},\"thumbnailUrl\":\"https:\\\/\\\/biblioteca.blanes.cat\\\/salajove\\\/wp-content\\\/uploads\\\/sites\\\/3\\\/2024\\\/03\\\/la-ratera.jpg\",\"articleSection\":[\"Club de Lectura\",\"Not\u00edcies\"],\"inLanguage\":\"ca\",\"potentialAction\":[{\"@type\":\"CommentAction\",\"name\":\"Comment\",\"target\":[\"https:\\\/\\\/biblioteca.blanes.cat\\\/salajove\\\/2024\\\/03\\\/20\\\/club-de-lectura-emblanats-marc\\\/#respond\"]}]},{\"@type\":\"WebPage\",\"@id\":\"https:\\\/\\\/biblioteca.blanes.cat\\\/salajove\\\/2024\\\/03\\\/20\\\/club-de-lectura-emblanats-marc\\\/\",\"url\":\"https:\\\/\\\/biblioteca.blanes.cat\\\/salajove\\\/2024\\\/03\\\/20\\\/club-de-lectura-emblanats-marc\\\/\",\"name\":\"Club de lectura #emblanats mar\u00e7 - Sala Jove\",\"isPartOf\":{\"@id\":\"https:\\\/\\\/biblioteca.blanes.cat\\\/salajove\\\/#website\"},\"primaryImageOfPage\":{\"@id\":\"https:\\\/\\\/biblioteca.blanes.cat\\\/salajove\\\/2024\\\/03\\\/20\\\/club-de-lectura-emblanats-marc\\\/#primaryimage\"},\"image\":{\"@id\":\"https:\\\/\\\/biblioteca.blanes.cat\\\/salajove\\\/2024\\\/03\\\/20\\\/club-de-lectura-emblanats-marc\\\/#primaryimage\"},\"thumbnailUrl\":\"https:\\\/\\\/biblioteca.blanes.cat\\\/salajove\\\/wp-content\\\/uploads\\\/sites\\\/3\\\/2024\\\/03\\\/la-ratera.jpg\",\"datePublished\":\"2024-03-20T17:15:19+00:00\",\"dateModified\":\"2024-06-13T15:28:22+00:00\",\"breadcrumb\":{\"@id\":\"https:\\\/\\\/biblioteca.blanes.cat\\\/salajove\\\/2024\\\/03\\\/20\\\/club-de-lectura-emblanats-marc\\\/#breadcrumb\"},\"inLanguage\":\"ca\",\"potentialAction\":[{\"@type\":\"ReadAction\",\"target\":[\"https:\\\/\\\/biblioteca.blanes.cat\\\/salajove\\\/2024\\\/03\\\/20\\\/club-de-lectura-emblanats-marc\\\/\"]}]},{\"@type\":\"ImageObject\",\"inLanguage\":\"ca\",\"@id\":\"https:\\\/\\\/biblioteca.blanes.cat\\\/salajove\\\/2024\\\/03\\\/20\\\/club-de-lectura-emblanats-marc\\\/#primaryimage\",\"url\":\"https:\\\/\\\/biblioteca.blanes.cat\\\/salajove\\\/wp-content\\\/uploads\\\/sites\\\/3\\\/2024\\\/03\\\/la-ratera.jpg\",\"contentUrl\":\"https:\\\/\\\/biblioteca.blanes.cat\\\/salajove\\\/wp-content\\\/uploads\\\/sites\\\/3\\\/2024\\\/03\\\/la-ratera.jpg\",\"width\":290,\"height\":445},{\"@type\":\"BreadcrumbList\",\"@id\":\"https:\\\/\\\/biblioteca.blanes.cat\\\/salajove\\\/2024\\\/03\\\/20\\\/club-de-lectura-emblanats-marc\\\/#breadcrumb\",\"itemListElement\":[{\"@type\":\"ListItem\",\"position\":1,\"name\":\"Inici\",\"item\":\"https:\\\/\\\/biblioteca.blanes.cat\\\/salajove\\\/\"},{\"@type\":\"ListItem\",\"position\":2,\"name\":\"Club de lectura #emblanats mar\u00e7\"}]},{\"@type\":\"WebSite\",\"@id\":\"https:\\\/\\\/biblioteca.blanes.cat\\\/salajove\\\/#website\",\"url\":\"https:\\\/\\\/biblioteca.blanes.cat\\\/salajove\\\/\",\"name\":\"Sala Jove\",\"description\":\"Biblioteca Comarcal de Blanes\",\"publisher\":{\"@id\":\"https:\\\/\\\/biblioteca.blanes.cat\\\/salajove\\\/#organization\"},\"potentialAction\":[{\"@type\":\"SearchAction\",\"target\":{\"@type\":\"EntryPoint\",\"urlTemplate\":\"https:\\\/\\\/biblioteca.blanes.cat\\\/salajove\\\/?s={search_term_string}\"},\"query-input\":{\"@type\":\"PropertyValueSpecification\",\"valueRequired\":true,\"valueName\":\"search_term_string\"}}],\"inLanguage\":\"ca\"},{\"@type\":\"Organization\",\"@id\":\"https:\\\/\\\/biblioteca.blanes.cat\\\/salajove\\\/#organization\",\"name\":\"Biblioteca Comarcal de Blanes\",\"url\":\"https:\\\/\\\/biblioteca.blanes.cat\\\/salajove\\\/\",\"logo\":{\"@type\":\"ImageObject\",\"inLanguage\":\"ca\",\"@id\":\"https:\\\/\\\/biblioteca.blanes.cat\\\/salajove\\\/#\\\/schema\\\/logo\\\/image\\\/\",\"url\":\"https:\\\/\\\/biblioteca.blanes.cat\\\/salajove\\\/wp-content\\\/uploads\\\/sites\\\/3\\\/2017\\\/09\\\/cropped-Bib-blau-e1518869380535.png\",\"contentUrl\":\"https:\\\/\\\/biblioteca.blanes.cat\\\/salajove\\\/wp-content\\\/uploads\\\/sites\\\/3\\\/2017\\\/09\\\/cropped-Bib-blau-e1518869380535.png\",\"width\":166,\"height\":166,\"caption\":\"Biblioteca Comarcal de Blanes\"},\"image\":{\"@id\":\"https:\\\/\\\/biblioteca.blanes.cat\\\/salajove\\\/#\\\/schema\\\/logo\\\/image\\\/\"},\"sameAs\":[\"https:\\\/\\\/www.facebook.com\\\/BilbiotecaComarcaldeBlanes\\\/\",\"https:\\\/\\\/x.com\\\/BiblioBlanes\",\"https:\\\/\\\/www.instagram.com\\\/biblioblanes\\\/\",\"https:\\\/\\\/www.pinterest.es\\\/bblanes\\\/\",\"https:\\\/\\\/www.youtube.com\\\/c\\\/BibliotecaComarcalBlanes\"]},{\"@type\":\"Person\",\"@id\":\"https:\\\/\\\/biblioteca.blanes.cat\\\/salajove\\\/#\\\/schema\\\/person\\\/5a7b46760d9dd611d098bbf571a341dc\",\"name\":\"biblioblanes\",\"image\":{\"@type\":\"ImageObject\",\"inLanguage\":\"ca\",\"@id\":\"https:\\\/\\\/secure.gravatar.com\\\/avatar\\\/6593ca6cc90e5a70939f51c95e8315483b9c281bafba597292bee47992030f99?s=96&d=mm&r=g\",\"url\":\"https:\\\/\\\/secure.gravatar.com\\\/avatar\\\/6593ca6cc90e5a70939f51c95e8315483b9c281bafba597292bee47992030f99?s=96&d=mm&r=g\",\"contentUrl\":\"https:\\\/\\\/secure.gravatar.com\\\/avatar\\\/6593ca6cc90e5a70939f51c95e8315483b9c281bafba597292bee47992030f99?s=96&d=mm&r=g\",\"caption\":\"biblioblanes\"},\"sameAs\":[\"http:\\\/\\\/www.bibgirona.cat\\\/biblioteca\\\/blanes\",\"https:\\\/\\\/x.com\\\/biblioblanes\"],\"url\":\"https:\\\/\\\/biblioteca.blanes.cat\\\/salajove\\\/author\\\/biblioblanes\\\/\"}]}<\/script>\n<!-- \/ Yoast SEO plugin. -->","yoast_head_json":{"title":"Club de lectura #emblanats mar\u00e7 - Sala Jove","robots":{"index":"index","follow":"follow","max-snippet":"max-snippet:-1","max-image-preview":"max-image-preview:large","max-video-preview":"max-video-preview:-1"},"canonical":"https:\/\/biblioteca.blanes.cat\/salajove\/2024\/03\/20\/club-de-lectura-emblanats-marc\/","og_locale":"ca_ES","og_type":"article","og_title":"Club de lectura #emblanats mar\u00e7 - Sala Jove","og_description":"Aquest mes de mar\u00e7 els membres del Club de Lectura Juvenil #emblanats vam comentar una obra de misteri titulada La ratera, d&#8217;una de les grans escriptores de tots els temps, Agatha Christie, l&#8217;obra de teatre n\u00e9s representada al llarg de","og_url":"https:\/\/biblioteca.blanes.cat\/salajove\/2024\/03\/20\/club-de-lectura-emblanats-marc\/","og_site_name":"Sala Jove","article_publisher":"https:\/\/www.facebook.com\/BilbiotecaComarcaldeBlanes\/","article_published_time":"2024-03-20T17:15:19+00:00","article_modified_time":"2024-06-13T15:28:22+00:00","og_image":[{"width":290,"height":445,"url":"https:\/\/biblioteca.blanes.cat\/salajove\/wp-content\/uploads\/sites\/3\/2024\/03\/la-ratera.jpg","type":"image\/jpeg"}],"author":"biblioblanes","twitter_card":"summary_large_image","twitter_creator":"@biblioblanes","twitter_site":"@BiblioBlanes","twitter_misc":{"Escrit per":"biblioblanes","Temps estimat de lectura":"5 minuts"},"schema":{"@context":"https:\/\/schema.org","@graph":[{"@type":"Article","@id":"https:\/\/biblioteca.blanes.cat\/salajove\/2024\/03\/20\/club-de-lectura-emblanats-marc\/#article","isPartOf":{"@id":"https:\/\/biblioteca.blanes.cat\/salajove\/2024\/03\/20\/club-de-lectura-emblanats-marc\/"},"author":{"name":"biblioblanes","@id":"https:\/\/biblioteca.blanes.cat\/salajove\/#\/schema\/person\/5a7b46760d9dd611d098bbf571a341dc"},"headline":"Club de lectura #emblanats mar\u00e7","datePublished":"2024-03-20T17:15:19+00:00","dateModified":"2024-06-13T15:28:22+00:00","mainEntityOfPage":{"@id":"https:\/\/biblioteca.blanes.cat\/salajove\/2024\/03\/20\/club-de-lectura-emblanats-marc\/"},"wordCount":761,"commentCount":0,"publisher":{"@id":"https:\/\/biblioteca.blanes.cat\/salajove\/#organization"},"image":{"@id":"https:\/\/biblioteca.blanes.cat\/salajove\/2024\/03\/20\/club-de-lectura-emblanats-marc\/#primaryimage"},"thumbnailUrl":"https:\/\/biblioteca.blanes.cat\/salajove\/wp-content\/uploads\/sites\/3\/2024\/03\/la-ratera.jpg","articleSection":["Club de Lectura","Not\u00edcies"],"inLanguage":"ca","potentialAction":[{"@type":"CommentAction","name":"Comment","target":["https:\/\/biblioteca.blanes.cat\/salajove\/2024\/03\/20\/club-de-lectura-emblanats-marc\/#respond"]}]},{"@type":"WebPage","@id":"https:\/\/biblioteca.blanes.cat\/salajove\/2024\/03\/20\/club-de-lectura-emblanats-marc\/","url":"https:\/\/biblioteca.blanes.cat\/salajove\/2024\/03\/20\/club-de-lectura-emblanats-marc\/","name":"Club de lectura #emblanats mar\u00e7 - Sala Jove","isPartOf":{"@id":"https:\/\/biblioteca.blanes.cat\/salajove\/#website"},"primaryImageOfPage":{"@id":"https:\/\/biblioteca.blanes.cat\/salajove\/2024\/03\/20\/club-de-lectura-emblanats-marc\/#primaryimage"},"image":{"@id":"https:\/\/biblioteca.blanes.cat\/salajove\/2024\/03\/20\/club-de-lectura-emblanats-marc\/#primaryimage"},"thumbnailUrl":"https:\/\/biblioteca.blanes.cat\/salajove\/wp-content\/uploads\/sites\/3\/2024\/03\/la-ratera.jpg","datePublished":"2024-03-20T17:15:19+00:00","dateModified":"2024-06-13T15:28:22+00:00","breadcrumb":{"@id":"https:\/\/biblioteca.blanes.cat\/salajove\/2024\/03\/20\/club-de-lectura-emblanats-marc\/#breadcrumb"},"inLanguage":"ca","potentialAction":[{"@type":"ReadAction","target":["https:\/\/biblioteca.blanes.cat\/salajove\/2024\/03\/20\/club-de-lectura-emblanats-marc\/"]}]},{"@type":"ImageObject","inLanguage":"ca","@id":"https:\/\/biblioteca.blanes.cat\/salajove\/2024\/03\/20\/club-de-lectura-emblanats-marc\/#primaryimage","url":"https:\/\/biblioteca.blanes.cat\/salajove\/wp-content\/uploads\/sites\/3\/2024\/03\/la-ratera.jpg","contentUrl":"https:\/\/biblioteca.blanes.cat\/salajove\/wp-content\/uploads\/sites\/3\/2024\/03\/la-ratera.jpg","width":290,"height":445},{"@type":"BreadcrumbList","@id":"https:\/\/biblioteca.blanes.cat\/salajove\/2024\/03\/20\/club-de-lectura-emblanats-marc\/#breadcrumb","itemListElement":[{"@type":"ListItem","position":1,"name":"Inici","item":"https:\/\/biblioteca.blanes.cat\/salajove\/"},{"@type":"ListItem","position":2,"name":"Club de lectura #emblanats mar\u00e7"}]},{"@type":"WebSite","@id":"https:\/\/biblioteca.blanes.cat\/salajove\/#website","url":"https:\/\/biblioteca.blanes.cat\/salajove\/","name":"Sala Jove","description":"Biblioteca Comarcal de Blanes","publisher":{"@id":"https:\/\/biblioteca.blanes.cat\/salajove\/#organization"},"potentialAction":[{"@type":"SearchAction","target":{"@type":"EntryPoint","urlTemplate":"https:\/\/biblioteca.blanes.cat\/salajove\/?s={search_term_string}"},"query-input":{"@type":"PropertyValueSpecification","valueRequired":true,"valueName":"search_term_string"}}],"inLanguage":"ca"},{"@type":"Organization","@id":"https:\/\/biblioteca.blanes.cat\/salajove\/#organization","name":"Biblioteca Comarcal de Blanes","url":"https:\/\/biblioteca.blanes.cat\/salajove\/","logo":{"@type":"ImageObject","inLanguage":"ca","@id":"https:\/\/biblioteca.blanes.cat\/salajove\/#\/schema\/logo\/image\/","url":"https:\/\/biblioteca.blanes.cat\/salajove\/wp-content\/uploads\/sites\/3\/2017\/09\/cropped-Bib-blau-e1518869380535.png","contentUrl":"https:\/\/biblioteca.blanes.cat\/salajove\/wp-content\/uploads\/sites\/3\/2017\/09\/cropped-Bib-blau-e1518869380535.png","width":166,"height":166,"caption":"Biblioteca Comarcal de Blanes"},"image":{"@id":"https:\/\/biblioteca.blanes.cat\/salajove\/#\/schema\/logo\/image\/"},"sameAs":["https:\/\/www.facebook.com\/BilbiotecaComarcaldeBlanes\/","https:\/\/x.com\/BiblioBlanes","https:\/\/www.instagram.com\/biblioblanes\/","https:\/\/www.pinterest.es\/bblanes\/","https:\/\/www.youtube.com\/c\/BibliotecaComarcalBlanes"]},{"@type":"Person","@id":"https:\/\/biblioteca.blanes.cat\/salajove\/#\/schema\/person\/5a7b46760d9dd611d098bbf571a341dc","name":"biblioblanes","image":{"@type":"ImageObject","inLanguage":"ca","@id":"https:\/\/secure.gravatar.com\/avatar\/6593ca6cc90e5a70939f51c95e8315483b9c281bafba597292bee47992030f99?s=96&d=mm&r=g","url":"https:\/\/secure.gravatar.com\/avatar\/6593ca6cc90e5a70939f51c95e8315483b9c281bafba597292bee47992030f99?s=96&d=mm&r=g","contentUrl":"https:\/\/secure.gravatar.com\/avatar\/6593ca6cc90e5a70939f51c95e8315483b9c281bafba597292bee47992030f99?s=96&d=mm&r=g","caption":"biblioblanes"},"sameAs":["http:\/\/www.bibgirona.cat\/biblioteca\/blanes","https:\/\/x.com\/biblioblanes"],"url":"https:\/\/biblioteca.blanes.cat\/salajove\/author\/biblioblanes\/"}]}},"_links":{"self":[{"href":"https:\/\/biblioteca.blanes.cat\/salajove\/wp-json\/wp\/v2\/posts\/8528","targetHints":{"allow":["GET"]}}],"collection":[{"href":"https:\/\/biblioteca.blanes.cat\/salajove\/wp-json\/wp\/v2\/posts"}],"about":[{"href":"https:\/\/biblioteca.blanes.cat\/salajove\/wp-json\/wp\/v2\/types\/post"}],"author":[{"embeddable":true,"href":"https:\/\/biblioteca.blanes.cat\/salajove\/wp-json\/wp\/v2\/users\/4"}],"replies":[{"embeddable":true,"href":"https:\/\/biblioteca.blanes.cat\/salajove\/wp-json\/wp\/v2\/comments?post=8528"}],"version-history":[{"count":3,"href":"https:\/\/biblioteca.blanes.cat\/salajove\/wp-json\/wp\/v2\/posts\/8528\/revisions"}],"predecessor-version":[{"id":8537,"href":"https:\/\/biblioteca.blanes.cat\/salajove\/wp-json\/wp\/v2\/posts\/8528\/revisions\/8537"}],"wp:featuredmedia":[{"embeddable":true,"href":"https:\/\/biblioteca.blanes.cat\/salajove\/wp-json\/wp\/v2\/media\/8535"}],"wp:attachment":[{"href":"https:\/\/biblioteca.blanes.cat\/salajove\/wp-json\/wp\/v2\/media?parent=8528"}],"wp:term":[{"taxonomy":"category","embeddable":true,"href":"https:\/\/biblioteca.blanes.cat\/salajove\/wp-json\/wp\/v2\/categories?post=8528"},{"taxonomy":"post_tag","embeddable":true,"href":"https:\/\/biblioteca.blanes.cat\/salajove\/wp-json\/wp\/v2\/tags?post=8528"}],"curies":[{"name":"wp","href":"https:\/\/api.w.org\/{rel}","templated":true}]}}