{"id":8510,"date":"2024-02-19T17:49:00","date_gmt":"2024-02-19T16:49:00","guid":{"rendered":"https:\/\/biblioteca.blanes.cat\/salajove\/?p=8510"},"modified":"2024-06-13T16:25:09","modified_gmt":"2024-06-13T15:25:09","slug":"club-de-lectura-juvenil-emblanats-febrer","status":"publish","type":"post","link":"https:\/\/biblioteca.blanes.cat\/salajove\/2024\/02\/19\/club-de-lectura-juvenil-emblanats-febrer\/","title":{"rendered":"Club de lectura #emblanats febrer"},"content":{"rendered":"\n<p>Els #emblanats divendres passat vam comentar <a href=\"https:\/\/hablamosdelibros.es\/producto\/como-una-chispa-2\/\"><span style=\"color: #ff9900;\"><strong><em>Como una chispa<\/em><\/strong><\/span><\/a>, d&#8217;<span style=\"color: #ff9900;\"><strong>Elle McNicoll<\/strong><\/span>, guanyadora del Blue Peter Book Award 2021 i del Waterstones Children&#8217;s Book Prize 2021.<\/p>\n<p><img fetchpriority=\"high\" decoding=\"async\" class=\"aligncenter size-medium wp-image-8518\" src=\"https:\/\/biblioteca.blanes.cat\/salajove\/wp-content\/uploads\/sites\/3\/2024\/02\/como-una-chispa-1-1-300x225.jpg\" alt=\"\" width=\"300\" height=\"225\" srcset=\"https:\/\/biblioteca.blanes.cat\/salajove\/wp-content\/uploads\/sites\/3\/2024\/02\/como-una-chispa-1-1-300x225.jpg 300w, https:\/\/biblioteca.blanes.cat\/salajove\/wp-content\/uploads\/sites\/3\/2024\/02\/como-una-chispa-1-1-1024x768.jpg 1024w, https:\/\/biblioteca.blanes.cat\/salajove\/wp-content\/uploads\/sites\/3\/2024\/02\/como-una-chispa-1-1-768x576.jpg 768w, https:\/\/biblioteca.blanes.cat\/salajove\/wp-content\/uploads\/sites\/3\/2024\/02\/como-una-chispa-1-1.jpg 1080w\" sizes=\"(max-width: 300px) 100vw, 300px\" \/><\/p>\n<p><em>Como una chispa<\/em> \u00e9s una novel\u00b7la que gira a l&#8217;entorn de l&#8217;<strong><span style=\"color: #ff9900;\">Addie<\/span><\/strong>, <span style=\"color: #ff9900;\"><strong>una nena d&#8217;onze anys autista<\/strong><\/span>. El seu dia a dia no \u00e9s senzill perqu\u00e8 ha d\u2019aprendre a fer-se un lloc a l\u2019escola, al poble i a la societat en general. \u00c9s sensible, intel\u00b7ligent i amb molt de potencial, per\u00f2 algunes de les seves caracter\u00edstiques la fan sentir exclosa i diferent de la resta. Per sort, t\u00e9 el suport i la companyia de la seva germana gran, la Keedie, que tamb\u00e9 \u00e9s autista, la Nina (l\u2019altra germana), l&#8217;Audrey (la seva nova amiga), el senyor Allison (el bibliotecari) i els seus pares. Per a ella fer amics no \u00e9s f\u00e0cil, ja que la majoria de gent no ent\u00e9n qu\u00e8 \u00e9s l\u2019autisme i com s\u2019ha d\u2019adre\u00e7ar a persones autistes i tractar-hi. A m\u00e9s, es troba que la seva mestra, la senyoreta Murphy, i la seva amiga, la Jenna, tenen una actitud de rebuig cap a ella, no l\u2019ajuden ni la comprenen, sembla que li fan el buit, i aix\u00f2 encara fa m\u00e9s dif\u00edcil la seva integraci\u00f3 amb la resta de companys. \u00a0<\/p>\n<p><img decoding=\"async\" class=\"size-medium wp-image-8517 alignright\" src=\"https:\/\/biblioteca.blanes.cat\/salajove\/wp-content\/uploads\/sites\/3\/2024\/02\/1708361188807-1-300x224.jpg\" alt=\"\" width=\"300\" height=\"224\" srcset=\"https:\/\/biblioteca.blanes.cat\/salajove\/wp-content\/uploads\/sites\/3\/2024\/02\/1708361188807-1-300x224.jpg 300w, https:\/\/biblioteca.blanes.cat\/salajove\/wp-content\/uploads\/sites\/3\/2024\/02\/1708361188807-1-1024x766.jpg 1024w, https:\/\/biblioteca.blanes.cat\/salajove\/wp-content\/uploads\/sites\/3\/2024\/02\/1708361188807-1-768x574.jpg 768w, https:\/\/biblioteca.blanes.cat\/salajove\/wp-content\/uploads\/sites\/3\/2024\/02\/1708361188807-1-1536x1149.jpg 1536w, https:\/\/biblioteca.blanes.cat\/salajove\/wp-content\/uploads\/sites\/3\/2024\/02\/1708361188807-1-2048x1532.jpg 2048w\" sizes=\"(max-width: 300px) 100vw, 300px\" \/>Un bon dia, s\u2019assabenta que antigament al seu poble, Juniper, van sacrificar moltes <span style=\"color: #ff9900;\"><strong>dones acusades de bruixeria<\/strong><\/span>. L\u2019Addie es comen\u00e7a a interessar per aquesta hist\u00f2ria i s\u2019adona que possiblement totes aquestes dones van ser condemnades injustament simplement per ser diferents. Com que s\u2019hi sent identificada, comen\u00e7ar\u00e0 una lluita perqu\u00e8 l\u2019Ajuntament del seu poble homenatgi totes aquestes dones amb un monument.<\/p>\n<p>Tot i que alguns dels lectors no havien acabat el llibre perqu\u00e8 no hi acabaven de connectar, en general vam coincidir que <em>Como una chispa<\/em> va ser una lectura especial perqu\u00e8 ens va permetre <span style=\"color: #ff9900;\"><strong>reflexionar sobre l&#8217;autisme i altres trastorns de la personalitat<\/strong><\/span>. Vam aprendre conceptes com <em>neurot\u00edpic<\/em> o <em>neurodivergent<\/em> i vam parlar de situacions d&#8217;inclusi\u00f3 i exclusi\u00f3 social i de toler\u00e0ncia. Despr\u00e9s d&#8217;aquesta lectura podem dir que ara ja coneixem l&#8217;autisme de m\u00e9s a prop i aix\u00f2 ens permet empatitzar m\u00e9s amb autistes o neurodivergents en general. Per exemple, ara ja sabem que una persona autista sol ser sensible, emp\u00e0tica i intel\u00b7ligent. No tolera els sorolls forts ni tampoc llums massa intenses (brillen massa i els provoquen mal de cap) i tampoc se senten c\u00f2modes entre la multitud.\u00a0<\/p>\n<p>Malgrat que la hist\u00f2ria de <em>Como una chispa<\/em> t\u00e9 punts previsibles (\u00e9s f\u00e0cil deduir com acabar\u00e0), s\u00ed que \u00e9s cert que t\u00e9 bons girs de gui\u00f3 i una bona definici\u00f3 dels personatges. ja que alguns d&#8217;ells evolucionen molt b\u00e9, com la Nina o l&#8217;Audrey.\u00a0<\/p>\n<p>Aquesta sessi\u00f3 dedicada a les persones neurodivergents i a la inclusi\u00f3 social ens va permetre con\u00e8ixer altres llibres que tenim en pr\u00e9stec a la biblioteca que tracten sobre aquests temes. Tots plegats, doncs, vam voltar per la Biblioteca Jove i ens vam dedicar a buscar <span style=\"color: #ff9900;\"><strong>llibres<\/strong><\/span> que tinguessin el <span style=\"color: #ff9900;\"><strong>pictograma<\/strong><\/span> de <span style=\"color: #ff9900;\"><strong>biblioteques inclusives<\/strong><\/span>. Un cop reunits, vam observar com en tenim un parell en alfabet Braille per a persones cegues, d&#8217;altres sobre persones amb s\u00edndrome de Down o tamb\u00e9 sobre la sordesa. A m\u00e9s, vam descobrir que a la biblioteca hi tenim els llibres de Lectura F\u00e0cil, \u00e9s a dir, textos adaptats per a persones amb problemes de comprensi\u00f3 lectora o que estan aprenent catal\u00e0.\u00a0<\/p>\n<p><img decoding=\"async\" class=\"size-medium wp-image-8512 alignleft\" src=\"https:\/\/biblioteca.blanes.cat\/salajove\/wp-content\/uploads\/sites\/3\/2024\/02\/logo-biblioteques-inclusives-300x168.png\" alt=\"\" width=\"300\" height=\"168\" srcset=\"https:\/\/biblioteca.blanes.cat\/salajove\/wp-content\/uploads\/sites\/3\/2024\/02\/logo-biblioteques-inclusives-300x168.png 300w, https:\/\/biblioteca.blanes.cat\/salajove\/wp-content\/uploads\/sites\/3\/2024\/02\/logo-biblioteques-inclusives.png 364w\" sizes=\"(max-width: 300px) 100vw, 300px\" \/><\/p>\n<p><img loading=\"lazy\" decoding=\"async\" class=\"size-medium wp-image-8513 alignleft\" src=\"https:\/\/biblioteca.blanes.cat\/salajove\/wp-content\/uploads\/sites\/3\/2024\/02\/como-una-chispa-3-300x224.jpg\" alt=\"\" width=\"300\" height=\"224\" srcset=\"https:\/\/biblioteca.blanes.cat\/salajove\/wp-content\/uploads\/sites\/3\/2024\/02\/como-una-chispa-3-300x224.jpg 300w, https:\/\/biblioteca.blanes.cat\/salajove\/wp-content\/uploads\/sites\/3\/2024\/02\/como-una-chispa-3-1024x766.jpg 1024w, https:\/\/biblioteca.blanes.cat\/salajove\/wp-content\/uploads\/sites\/3\/2024\/02\/como-una-chispa-3-768x574.jpg 768w, https:\/\/biblioteca.blanes.cat\/salajove\/wp-content\/uploads\/sites\/3\/2024\/02\/como-una-chispa-3-1536x1149.jpg 1536w, https:\/\/biblioteca.blanes.cat\/salajove\/wp-content\/uploads\/sites\/3\/2024\/02\/como-una-chispa-3-2048x1532.jpg 2048w\" sizes=\"(max-width: 300px) 100vw, 300px\" \/><\/p>\n<p>\u00a0<\/p>\n<p>\u00a0<\/p>\n<p>\u00a0<\/p>\n<p>\u00a0<\/p>\n<p>\u00a0<\/p>\n<p>\u00a0<\/p>\n<p>\u00a0<\/p>\n<p>Per finalitzar el club, vam <span style=\"color: #ff9900;\"><strong>explorar la nostra creativitat<\/strong><\/span>: com l&#8217;Addie, que \u00e9s una nena molt imaginativa i creativa que al llibre constantment se sent identificada amb les bruixes i els taurons (l&#8217;autora fa servir el recurs ret\u00f2ric de la met\u00e0fora), vam fer volar la imaginaci\u00f3 i cada un de nosaltres es va posar al lloc d&#8217;un personatges real o imaginari amb el qual se sent\u00eds identificat. L&#8217;objectiu de la din\u00e0mica era <span style=\"color: #ff9900;\"><strong>crear una met\u00e0fora<\/strong><\/span>. Van sortir propostes ben interessants i originals per exemple: &#8220;M&#8217;identifico amb un lleopard perqu\u00e8 quan persegueixo un objectiu o un somni mai deixo d&#8217;intentar-ho i no em rendeixo&#8221;.<\/p>\n<p><img loading=\"lazy\" decoding=\"async\" class=\"size-medium wp-image-8516 alignleft\" src=\"https:\/\/biblioteca.blanes.cat\/salajove\/wp-content\/uploads\/sites\/3\/2024\/02\/como-una-chispa-6-300x225.jpg\" alt=\"\" width=\"300\" height=\"225\" srcset=\"https:\/\/biblioteca.blanes.cat\/salajove\/wp-content\/uploads\/sites\/3\/2024\/02\/como-una-chispa-6-300x225.jpg 300w, https:\/\/biblioteca.blanes.cat\/salajove\/wp-content\/uploads\/sites\/3\/2024\/02\/como-una-chispa-6-1024x768.jpg 1024w, https:\/\/biblioteca.blanes.cat\/salajove\/wp-content\/uploads\/sites\/3\/2024\/02\/como-una-chispa-6-768x576.jpg 768w, https:\/\/biblioteca.blanes.cat\/salajove\/wp-content\/uploads\/sites\/3\/2024\/02\/como-una-chispa-6.jpg 1080w\" sizes=\"(max-width: 300px) 100vw, 300px\" \/> <img loading=\"lazy\" decoding=\"async\" class=\"size-medium wp-image-8515 alignleft\" src=\"https:\/\/biblioteca.blanes.cat\/salajove\/wp-content\/uploads\/sites\/3\/2024\/02\/como-una-chispa-5-300x225.jpg\" alt=\"\" width=\"300\" height=\"225\" srcset=\"https:\/\/biblioteca.blanes.cat\/salajove\/wp-content\/uploads\/sites\/3\/2024\/02\/como-una-chispa-5-300x225.jpg 300w, https:\/\/biblioteca.blanes.cat\/salajove\/wp-content\/uploads\/sites\/3\/2024\/02\/como-una-chispa-5-1024x768.jpg 1024w, https:\/\/biblioteca.blanes.cat\/salajove\/wp-content\/uploads\/sites\/3\/2024\/02\/como-una-chispa-5-768x576.jpg 768w, https:\/\/biblioteca.blanes.cat\/salajove\/wp-content\/uploads\/sites\/3\/2024\/02\/como-una-chispa-5.jpg 1080w\" sizes=\"(max-width: 300px) 100vw, 300px\" \/><\/p>\n<p>\u00a0<\/p>\n<p>\u00a0<\/p>\n<p>\u00a0<\/p>\n<p>\u00a0<\/p>\n<p>\u00a0<\/p>\n<p>\u00a0<\/p>\n<p>\u00a0<\/p>\n<p>Per a la sessi\u00f3 del mes vinent toca canviar totalment el xip i llegir una <span style=\"color: #666699;\"><strong>obra de teatre <\/strong><span style=\"color: #000000;\">d&#8217;<\/span><strong>Agatha Christie<\/strong><span style=\"color: #000000;\">, <\/span><strong><a style=\"color: #666699;\" href=\"https:\/\/www.grup62.cat\/llibre-la-ratera\/347054\"><em>La ratera<\/em><\/a><\/strong><\/span>. S&#8217;atrevir\u00e0 algun dels #emblanats a interpretar algun dels personatges de l&#8217;obra?<\/p>\n<p>Ho descobrirem el <span style=\"color: #666699;\"><strong>15 de mar\u00e7<\/strong><\/span>!<\/p>\n","protected":false},"excerpt":{"rendered":"<p>Els #emblanats divendres passat vam comentar Como una chispa, d&#8217;Elle McNicoll, guanyadora del Blue Peter Book Award 2021 i del Waterstones Children&#8217;s Book Prize 2021. Como una chispa \u00e9s una novel\u00b7la que gira a l&#8217;entorn de l&#8217;Addie, una nena d&#8217;onze<\/p>\n","protected":false},"author":4,"featured_media":8520,"comment_status":"open","ping_status":"open","sticky":false,"template":"","format":"standard","meta":{"sfsi_plus_gutenberg_text_before_share":"","sfsi_plus_gutenberg_show_text_before_share":"","sfsi_plus_gutenberg_icon_type":"","sfsi_plus_gutenberg_icon_alignemt":"","sfsi_plus_gutenburg_max_per_row":"","footnotes":""},"categories":[5,1],"tags":[],"class_list":["post-8510","post","type-post","status-publish","format-standard","has-post-thumbnail","hentry","category-club-de-lectura","category-general"],"yoast_head":"<!-- This site is optimized with the Yoast SEO plugin v27.5 - https:\/\/yoast.com\/product\/yoast-seo-wordpress\/ -->\n<title>Club de lectura #emblanats febrer - Sala Jove<\/title>\n<meta name=\"robots\" content=\"index, follow, max-snippet:-1, max-image-preview:large, max-video-preview:-1\" \/>\n<link rel=\"canonical\" href=\"https:\/\/biblioteca.blanes.cat\/salajove\/2024\/02\/19\/club-de-lectura-juvenil-emblanats-febrer\/\" \/>\n<meta property=\"og:locale\" content=\"ca_ES\" \/>\n<meta property=\"og:type\" content=\"article\" \/>\n<meta property=\"og:title\" content=\"Club de lectura #emblanats febrer - Sala Jove\" \/>\n<meta property=\"og:description\" content=\"Els #emblanats divendres passat vam comentar Como una chispa, d&#8217;Elle McNicoll, guanyadora del Blue Peter Book Award 2021 i del Waterstones Children&#8217;s Book Prize 2021. Como una chispa \u00e9s una novel\u00b7la que gira a l&#8217;entorn de l&#8217;Addie, una nena d&#8217;onze\" \/>\n<meta property=\"og:url\" content=\"https:\/\/biblioteca.blanes.cat\/salajove\/2024\/02\/19\/club-de-lectura-juvenil-emblanats-febrer\/\" \/>\n<meta property=\"og:site_name\" content=\"Sala Jove\" \/>\n<meta property=\"article:publisher\" content=\"https:\/\/www.facebook.com\/BilbiotecaComarcaldeBlanes\/\" \/>\n<meta property=\"article:published_time\" content=\"2024-02-19T16:49:00+00:00\" \/>\n<meta property=\"article:modified_time\" content=\"2024-06-13T15:25:09+00:00\" \/>\n<meta property=\"og:image\" content=\"https:\/\/biblioteca.blanes.cat\/salajove\/wp-content\/uploads\/sites\/3\/2024\/02\/como-una-chispa.jpg\" \/>\n\t<meta property=\"og:image:width\" content=\"297\" \/>\n\t<meta property=\"og:image:height\" content=\"445\" \/>\n\t<meta property=\"og:image:type\" content=\"image\/jpeg\" \/>\n<meta name=\"author\" content=\"biblioblanes\" \/>\n<meta name=\"twitter:card\" content=\"summary_large_image\" \/>\n<meta name=\"twitter:creator\" content=\"@biblioblanes\" \/>\n<meta name=\"twitter:site\" content=\"@BiblioBlanes\" \/>\n<meta name=\"twitter:label1\" content=\"Escrit per\" \/>\n\t<meta name=\"twitter:data1\" content=\"biblioblanes\" \/>\n\t<meta name=\"twitter:label2\" content=\"Temps estimat de lectura\" \/>\n\t<meta name=\"twitter:data2\" content=\"6 minuts\" \/>\n<script type=\"application\/ld+json\" class=\"yoast-schema-graph\">{\"@context\":\"https:\\\/\\\/schema.org\",\"@graph\":[{\"@type\":\"Article\",\"@id\":\"https:\\\/\\\/biblioteca.blanes.cat\\\/salajove\\\/2024\\\/02\\\/19\\\/club-de-lectura-juvenil-emblanats-febrer\\\/#article\",\"isPartOf\":{\"@id\":\"https:\\\/\\\/biblioteca.blanes.cat\\\/salajove\\\/2024\\\/02\\\/19\\\/club-de-lectura-juvenil-emblanats-febrer\\\/\"},\"author\":{\"name\":\"biblioblanes\",\"@id\":\"https:\\\/\\\/biblioteca.blanes.cat\\\/salajove\\\/#\\\/schema\\\/person\\\/5a7b46760d9dd611d098bbf571a341dc\"},\"headline\":\"Club de lectura #emblanats febrer\",\"datePublished\":\"2024-02-19T16:49:00+00:00\",\"dateModified\":\"2024-06-13T15:25:09+00:00\",\"mainEntityOfPage\":{\"@id\":\"https:\\\/\\\/biblioteca.blanes.cat\\\/salajove\\\/2024\\\/02\\\/19\\\/club-de-lectura-juvenil-emblanats-febrer\\\/\"},\"wordCount\":763,\"commentCount\":0,\"publisher\":{\"@id\":\"https:\\\/\\\/biblioteca.blanes.cat\\\/salajove\\\/#organization\"},\"image\":{\"@id\":\"https:\\\/\\\/biblioteca.blanes.cat\\\/salajove\\\/2024\\\/02\\\/19\\\/club-de-lectura-juvenil-emblanats-febrer\\\/#primaryimage\"},\"thumbnailUrl\":\"https:\\\/\\\/biblioteca.blanes.cat\\\/salajove\\\/wp-content\\\/uploads\\\/sites\\\/3\\\/2024\\\/02\\\/como-una-chispa.jpg\",\"articleSection\":[\"Club de Lectura\",\"Not\u00edcies\"],\"inLanguage\":\"ca\",\"potentialAction\":[{\"@type\":\"CommentAction\",\"name\":\"Comment\",\"target\":[\"https:\\\/\\\/biblioteca.blanes.cat\\\/salajove\\\/2024\\\/02\\\/19\\\/club-de-lectura-juvenil-emblanats-febrer\\\/#respond\"]}]},{\"@type\":\"WebPage\",\"@id\":\"https:\\\/\\\/biblioteca.blanes.cat\\\/salajove\\\/2024\\\/02\\\/19\\\/club-de-lectura-juvenil-emblanats-febrer\\\/\",\"url\":\"https:\\\/\\\/biblioteca.blanes.cat\\\/salajove\\\/2024\\\/02\\\/19\\\/club-de-lectura-juvenil-emblanats-febrer\\\/\",\"name\":\"Club de lectura #emblanats febrer - Sala Jove\",\"isPartOf\":{\"@id\":\"https:\\\/\\\/biblioteca.blanes.cat\\\/salajove\\\/#website\"},\"primaryImageOfPage\":{\"@id\":\"https:\\\/\\\/biblioteca.blanes.cat\\\/salajove\\\/2024\\\/02\\\/19\\\/club-de-lectura-juvenil-emblanats-febrer\\\/#primaryimage\"},\"image\":{\"@id\":\"https:\\\/\\\/biblioteca.blanes.cat\\\/salajove\\\/2024\\\/02\\\/19\\\/club-de-lectura-juvenil-emblanats-febrer\\\/#primaryimage\"},\"thumbnailUrl\":\"https:\\\/\\\/biblioteca.blanes.cat\\\/salajove\\\/wp-content\\\/uploads\\\/sites\\\/3\\\/2024\\\/02\\\/como-una-chispa.jpg\",\"datePublished\":\"2024-02-19T16:49:00+00:00\",\"dateModified\":\"2024-06-13T15:25:09+00:00\",\"breadcrumb\":{\"@id\":\"https:\\\/\\\/biblioteca.blanes.cat\\\/salajove\\\/2024\\\/02\\\/19\\\/club-de-lectura-juvenil-emblanats-febrer\\\/#breadcrumb\"},\"inLanguage\":\"ca\",\"potentialAction\":[{\"@type\":\"ReadAction\",\"target\":[\"https:\\\/\\\/biblioteca.blanes.cat\\\/salajove\\\/2024\\\/02\\\/19\\\/club-de-lectura-juvenil-emblanats-febrer\\\/\"]}]},{\"@type\":\"ImageObject\",\"inLanguage\":\"ca\",\"@id\":\"https:\\\/\\\/biblioteca.blanes.cat\\\/salajove\\\/2024\\\/02\\\/19\\\/club-de-lectura-juvenil-emblanats-febrer\\\/#primaryimage\",\"url\":\"https:\\\/\\\/biblioteca.blanes.cat\\\/salajove\\\/wp-content\\\/uploads\\\/sites\\\/3\\\/2024\\\/02\\\/como-una-chispa.jpg\",\"contentUrl\":\"https:\\\/\\\/biblioteca.blanes.cat\\\/salajove\\\/wp-content\\\/uploads\\\/sites\\\/3\\\/2024\\\/02\\\/como-una-chispa.jpg\",\"width\":297,\"height\":445},{\"@type\":\"BreadcrumbList\",\"@id\":\"https:\\\/\\\/biblioteca.blanes.cat\\\/salajove\\\/2024\\\/02\\\/19\\\/club-de-lectura-juvenil-emblanats-febrer\\\/#breadcrumb\",\"itemListElement\":[{\"@type\":\"ListItem\",\"position\":1,\"name\":\"Inici\",\"item\":\"https:\\\/\\\/biblioteca.blanes.cat\\\/salajove\\\/\"},{\"@type\":\"ListItem\",\"position\":2,\"name\":\"Club de lectura #emblanats febrer\"}]},{\"@type\":\"WebSite\",\"@id\":\"https:\\\/\\\/biblioteca.blanes.cat\\\/salajove\\\/#website\",\"url\":\"https:\\\/\\\/biblioteca.blanes.cat\\\/salajove\\\/\",\"name\":\"Sala Jove\",\"description\":\"Biblioteca Comarcal de Blanes\",\"publisher\":{\"@id\":\"https:\\\/\\\/biblioteca.blanes.cat\\\/salajove\\\/#organization\"},\"potentialAction\":[{\"@type\":\"SearchAction\",\"target\":{\"@type\":\"EntryPoint\",\"urlTemplate\":\"https:\\\/\\\/biblioteca.blanes.cat\\\/salajove\\\/?s={search_term_string}\"},\"query-input\":{\"@type\":\"PropertyValueSpecification\",\"valueRequired\":true,\"valueName\":\"search_term_string\"}}],\"inLanguage\":\"ca\"},{\"@type\":\"Organization\",\"@id\":\"https:\\\/\\\/biblioteca.blanes.cat\\\/salajove\\\/#organization\",\"name\":\"Biblioteca Comarcal de Blanes\",\"url\":\"https:\\\/\\\/biblioteca.blanes.cat\\\/salajove\\\/\",\"logo\":{\"@type\":\"ImageObject\",\"inLanguage\":\"ca\",\"@id\":\"https:\\\/\\\/biblioteca.blanes.cat\\\/salajove\\\/#\\\/schema\\\/logo\\\/image\\\/\",\"url\":\"https:\\\/\\\/biblioteca.blanes.cat\\\/salajove\\\/wp-content\\\/uploads\\\/sites\\\/3\\\/2017\\\/09\\\/cropped-Bib-blau-e1518869380535.png\",\"contentUrl\":\"https:\\\/\\\/biblioteca.blanes.cat\\\/salajove\\\/wp-content\\\/uploads\\\/sites\\\/3\\\/2017\\\/09\\\/cropped-Bib-blau-e1518869380535.png\",\"width\":166,\"height\":166,\"caption\":\"Biblioteca Comarcal de Blanes\"},\"image\":{\"@id\":\"https:\\\/\\\/biblioteca.blanes.cat\\\/salajove\\\/#\\\/schema\\\/logo\\\/image\\\/\"},\"sameAs\":[\"https:\\\/\\\/www.facebook.com\\\/BilbiotecaComarcaldeBlanes\\\/\",\"https:\\\/\\\/x.com\\\/BiblioBlanes\",\"https:\\\/\\\/www.instagram.com\\\/biblioblanes\\\/\",\"https:\\\/\\\/www.pinterest.es\\\/bblanes\\\/\",\"https:\\\/\\\/www.youtube.com\\\/c\\\/BibliotecaComarcalBlanes\"]},{\"@type\":\"Person\",\"@id\":\"https:\\\/\\\/biblioteca.blanes.cat\\\/salajove\\\/#\\\/schema\\\/person\\\/5a7b46760d9dd611d098bbf571a341dc\",\"name\":\"biblioblanes\",\"image\":{\"@type\":\"ImageObject\",\"inLanguage\":\"ca\",\"@id\":\"https:\\\/\\\/secure.gravatar.com\\\/avatar\\\/6593ca6cc90e5a70939f51c95e8315483b9c281bafba597292bee47992030f99?s=96&d=mm&r=g\",\"url\":\"https:\\\/\\\/secure.gravatar.com\\\/avatar\\\/6593ca6cc90e5a70939f51c95e8315483b9c281bafba597292bee47992030f99?s=96&d=mm&r=g\",\"contentUrl\":\"https:\\\/\\\/secure.gravatar.com\\\/avatar\\\/6593ca6cc90e5a70939f51c95e8315483b9c281bafba597292bee47992030f99?s=96&d=mm&r=g\",\"caption\":\"biblioblanes\"},\"sameAs\":[\"http:\\\/\\\/www.bibgirona.cat\\\/biblioteca\\\/blanes\",\"https:\\\/\\\/x.com\\\/biblioblanes\"],\"url\":\"https:\\\/\\\/biblioteca.blanes.cat\\\/salajove\\\/author\\\/biblioblanes\\\/\"}]}<\/script>\n<!-- \/ Yoast SEO plugin. -->","yoast_head_json":{"title":"Club de lectura #emblanats febrer - Sala Jove","robots":{"index":"index","follow":"follow","max-snippet":"max-snippet:-1","max-image-preview":"max-image-preview:large","max-video-preview":"max-video-preview:-1"},"canonical":"https:\/\/biblioteca.blanes.cat\/salajove\/2024\/02\/19\/club-de-lectura-juvenil-emblanats-febrer\/","og_locale":"ca_ES","og_type":"article","og_title":"Club de lectura #emblanats febrer - Sala Jove","og_description":"Els #emblanats divendres passat vam comentar Como una chispa, d&#8217;Elle McNicoll, guanyadora del Blue Peter Book Award 2021 i del Waterstones Children&#8217;s Book Prize 2021. Como una chispa \u00e9s una novel\u00b7la que gira a l&#8217;entorn de l&#8217;Addie, una nena d&#8217;onze","og_url":"https:\/\/biblioteca.blanes.cat\/salajove\/2024\/02\/19\/club-de-lectura-juvenil-emblanats-febrer\/","og_site_name":"Sala Jove","article_publisher":"https:\/\/www.facebook.com\/BilbiotecaComarcaldeBlanes\/","article_published_time":"2024-02-19T16:49:00+00:00","article_modified_time":"2024-06-13T15:25:09+00:00","og_image":[{"width":297,"height":445,"url":"https:\/\/biblioteca.blanes.cat\/salajove\/wp-content\/uploads\/sites\/3\/2024\/02\/como-una-chispa.jpg","type":"image\/jpeg"}],"author":"biblioblanes","twitter_card":"summary_large_image","twitter_creator":"@biblioblanes","twitter_site":"@BiblioBlanes","twitter_misc":{"Escrit per":"biblioblanes","Temps estimat de lectura":"6 minuts"},"schema":{"@context":"https:\/\/schema.org","@graph":[{"@type":"Article","@id":"https:\/\/biblioteca.blanes.cat\/salajove\/2024\/02\/19\/club-de-lectura-juvenil-emblanats-febrer\/#article","isPartOf":{"@id":"https:\/\/biblioteca.blanes.cat\/salajove\/2024\/02\/19\/club-de-lectura-juvenil-emblanats-febrer\/"},"author":{"name":"biblioblanes","@id":"https:\/\/biblioteca.blanes.cat\/salajove\/#\/schema\/person\/5a7b46760d9dd611d098bbf571a341dc"},"headline":"Club de lectura #emblanats febrer","datePublished":"2024-02-19T16:49:00+00:00","dateModified":"2024-06-13T15:25:09+00:00","mainEntityOfPage":{"@id":"https:\/\/biblioteca.blanes.cat\/salajove\/2024\/02\/19\/club-de-lectura-juvenil-emblanats-febrer\/"},"wordCount":763,"commentCount":0,"publisher":{"@id":"https:\/\/biblioteca.blanes.cat\/salajove\/#organization"},"image":{"@id":"https:\/\/biblioteca.blanes.cat\/salajove\/2024\/02\/19\/club-de-lectura-juvenil-emblanats-febrer\/#primaryimage"},"thumbnailUrl":"https:\/\/biblioteca.blanes.cat\/salajove\/wp-content\/uploads\/sites\/3\/2024\/02\/como-una-chispa.jpg","articleSection":["Club de Lectura","Not\u00edcies"],"inLanguage":"ca","potentialAction":[{"@type":"CommentAction","name":"Comment","target":["https:\/\/biblioteca.blanes.cat\/salajove\/2024\/02\/19\/club-de-lectura-juvenil-emblanats-febrer\/#respond"]}]},{"@type":"WebPage","@id":"https:\/\/biblioteca.blanes.cat\/salajove\/2024\/02\/19\/club-de-lectura-juvenil-emblanats-febrer\/","url":"https:\/\/biblioteca.blanes.cat\/salajove\/2024\/02\/19\/club-de-lectura-juvenil-emblanats-febrer\/","name":"Club de lectura #emblanats febrer - Sala Jove","isPartOf":{"@id":"https:\/\/biblioteca.blanes.cat\/salajove\/#website"},"primaryImageOfPage":{"@id":"https:\/\/biblioteca.blanes.cat\/salajove\/2024\/02\/19\/club-de-lectura-juvenil-emblanats-febrer\/#primaryimage"},"image":{"@id":"https:\/\/biblioteca.blanes.cat\/salajove\/2024\/02\/19\/club-de-lectura-juvenil-emblanats-febrer\/#primaryimage"},"thumbnailUrl":"https:\/\/biblioteca.blanes.cat\/salajove\/wp-content\/uploads\/sites\/3\/2024\/02\/como-una-chispa.jpg","datePublished":"2024-02-19T16:49:00+00:00","dateModified":"2024-06-13T15:25:09+00:00","breadcrumb":{"@id":"https:\/\/biblioteca.blanes.cat\/salajove\/2024\/02\/19\/club-de-lectura-juvenil-emblanats-febrer\/#breadcrumb"},"inLanguage":"ca","potentialAction":[{"@type":"ReadAction","target":["https:\/\/biblioteca.blanes.cat\/salajove\/2024\/02\/19\/club-de-lectura-juvenil-emblanats-febrer\/"]}]},{"@type":"ImageObject","inLanguage":"ca","@id":"https:\/\/biblioteca.blanes.cat\/salajove\/2024\/02\/19\/club-de-lectura-juvenil-emblanats-febrer\/#primaryimage","url":"https:\/\/biblioteca.blanes.cat\/salajove\/wp-content\/uploads\/sites\/3\/2024\/02\/como-una-chispa.jpg","contentUrl":"https:\/\/biblioteca.blanes.cat\/salajove\/wp-content\/uploads\/sites\/3\/2024\/02\/como-una-chispa.jpg","width":297,"height":445},{"@type":"BreadcrumbList","@id":"https:\/\/biblioteca.blanes.cat\/salajove\/2024\/02\/19\/club-de-lectura-juvenil-emblanats-febrer\/#breadcrumb","itemListElement":[{"@type":"ListItem","position":1,"name":"Inici","item":"https:\/\/biblioteca.blanes.cat\/salajove\/"},{"@type":"ListItem","position":2,"name":"Club de lectura #emblanats febrer"}]},{"@type":"WebSite","@id":"https:\/\/biblioteca.blanes.cat\/salajove\/#website","url":"https:\/\/biblioteca.blanes.cat\/salajove\/","name":"Sala Jove","description":"Biblioteca Comarcal de Blanes","publisher":{"@id":"https:\/\/biblioteca.blanes.cat\/salajove\/#organization"},"potentialAction":[{"@type":"SearchAction","target":{"@type":"EntryPoint","urlTemplate":"https:\/\/biblioteca.blanes.cat\/salajove\/?s={search_term_string}"},"query-input":{"@type":"PropertyValueSpecification","valueRequired":true,"valueName":"search_term_string"}}],"inLanguage":"ca"},{"@type":"Organization","@id":"https:\/\/biblioteca.blanes.cat\/salajove\/#organization","name":"Biblioteca Comarcal de Blanes","url":"https:\/\/biblioteca.blanes.cat\/salajove\/","logo":{"@type":"ImageObject","inLanguage":"ca","@id":"https:\/\/biblioteca.blanes.cat\/salajove\/#\/schema\/logo\/image\/","url":"https:\/\/biblioteca.blanes.cat\/salajove\/wp-content\/uploads\/sites\/3\/2017\/09\/cropped-Bib-blau-e1518869380535.png","contentUrl":"https:\/\/biblioteca.blanes.cat\/salajove\/wp-content\/uploads\/sites\/3\/2017\/09\/cropped-Bib-blau-e1518869380535.png","width":166,"height":166,"caption":"Biblioteca Comarcal de Blanes"},"image":{"@id":"https:\/\/biblioteca.blanes.cat\/salajove\/#\/schema\/logo\/image\/"},"sameAs":["https:\/\/www.facebook.com\/BilbiotecaComarcaldeBlanes\/","https:\/\/x.com\/BiblioBlanes","https:\/\/www.instagram.com\/biblioblanes\/","https:\/\/www.pinterest.es\/bblanes\/","https:\/\/www.youtube.com\/c\/BibliotecaComarcalBlanes"]},{"@type":"Person","@id":"https:\/\/biblioteca.blanes.cat\/salajove\/#\/schema\/person\/5a7b46760d9dd611d098bbf571a341dc","name":"biblioblanes","image":{"@type":"ImageObject","inLanguage":"ca","@id":"https:\/\/secure.gravatar.com\/avatar\/6593ca6cc90e5a70939f51c95e8315483b9c281bafba597292bee47992030f99?s=96&d=mm&r=g","url":"https:\/\/secure.gravatar.com\/avatar\/6593ca6cc90e5a70939f51c95e8315483b9c281bafba597292bee47992030f99?s=96&d=mm&r=g","contentUrl":"https:\/\/secure.gravatar.com\/avatar\/6593ca6cc90e5a70939f51c95e8315483b9c281bafba597292bee47992030f99?s=96&d=mm&r=g","caption":"biblioblanes"},"sameAs":["http:\/\/www.bibgirona.cat\/biblioteca\/blanes","https:\/\/x.com\/biblioblanes"],"url":"https:\/\/biblioteca.blanes.cat\/salajove\/author\/biblioblanes\/"}]}},"_links":{"self":[{"href":"https:\/\/biblioteca.blanes.cat\/salajove\/wp-json\/wp\/v2\/posts\/8510","targetHints":{"allow":["GET"]}}],"collection":[{"href":"https:\/\/biblioteca.blanes.cat\/salajove\/wp-json\/wp\/v2\/posts"}],"about":[{"href":"https:\/\/biblioteca.blanes.cat\/salajove\/wp-json\/wp\/v2\/types\/post"}],"author":[{"embeddable":true,"href":"https:\/\/biblioteca.blanes.cat\/salajove\/wp-json\/wp\/v2\/users\/4"}],"replies":[{"embeddable":true,"href":"https:\/\/biblioteca.blanes.cat\/salajove\/wp-json\/wp\/v2\/comments?post=8510"}],"version-history":[{"count":8,"href":"https:\/\/biblioteca.blanes.cat\/salajove\/wp-json\/wp\/v2\/posts\/8510\/revisions"}],"predecessor-version":[{"id":8570,"href":"https:\/\/biblioteca.blanes.cat\/salajove\/wp-json\/wp\/v2\/posts\/8510\/revisions\/8570"}],"wp:featuredmedia":[{"embeddable":true,"href":"https:\/\/biblioteca.blanes.cat\/salajove\/wp-json\/wp\/v2\/media\/8520"}],"wp:attachment":[{"href":"https:\/\/biblioteca.blanes.cat\/salajove\/wp-json\/wp\/v2\/media?parent=8510"}],"wp:term":[{"taxonomy":"category","embeddable":true,"href":"https:\/\/biblioteca.blanes.cat\/salajove\/wp-json\/wp\/v2\/categories?post=8510"},{"taxonomy":"post_tag","embeddable":true,"href":"https:\/\/biblioteca.blanes.cat\/salajove\/wp-json\/wp\/v2\/tags?post=8510"}],"curies":[{"name":"wp","href":"https:\/\/api.w.org\/{rel}","templated":true}]}}