{"id":849,"date":"2017-09-21T19:46:38","date_gmt":"2017-09-21T18:46:38","guid":{"rendered":"https:\/\/biblioteca.blanes.cat\/salajove\/?p=849"},"modified":"2018-01-22T11:36:41","modified_gmt":"2018-01-22T10:36:41","slug":"849","status":"publish","type":"post","link":"https:\/\/biblioteca.blanes.cat\/salajove\/2017\/09\/21\/849\/","title":{"rendered":"PERILL INMINENT de Agatha Christie"},"content":{"rendered":"<h5 style=\"text-align: left\">El cant espontani de la pluja em desperta. Sento una g\u00e8lida car\u00edcia que m\u2019esgarrifa. En la freda foscor s\u2019amaga un fil de llum intentant entrar per les petits escletxes de la finestra. I de cop, una frescor inunda l\u2019estan\u00e7a, intento fer-me una idea d\u2019on provenen aquests intrusos i en la penombra visualitzo la cortina dansant al ritme de la pluja. El suport de la finestra no deu haver aguantat la empenta salvatge del vent i la finestra rendida s\u2019ha obert. I al obrir-se ha deixat anar el fort xiuxiueig del vent, la dansa ferotge de les fulles, la estrident bat\u00e8ria de les gotes de pluja contra el terra i la poderosa llum de la Lluna que inunda la estan\u00e7a&#8230; Uf! Quin ensurt m\u2019he endut! Crec que aix\u00f2 de llegir novel\u00b7les de misteri, m\u2019afecta massa!! Sobretot, de l\u2019Agatha Christie!! I aix\u00f2 em fa venir a la mem\u00f2ria que&#8230;<\/h5>\n<p>Les novel\u00b7les m\u00e9s conegudes de la Agatha Christie van ser: \u201cDiez Negritos\u201d, \u201cAsesinato en el Orient Express\u201d, \u201cUn cad\u00e0ver en la biblioteca\u201d, \u201cEl asesinato de Roger Ackroyd\u201d, \u201cMatar es f\u00e0cil\u201d y el llibre d\u2019avui \u201cPeligro Inminente\u201d.<\/p>\n<p>Agatha Christie \u00e9s d\u2019aquelles escriptores que vulguis o no les recordar\u00e0s sempre. Recordar\u00e0s les seves trames misterioses, els seus m\u00f2bils inquietants, els seus personatges sospitosos<\/p>\n<p><img fetchpriority=\"high\" decoding=\"async\" class=\" alignright\" src=\"https:\/\/encrypted-tbn0.gstatic.com\/images?q=tbn:ANd9GcTgaogbDJtiVt8ZM9HknQ1qddRLudD6O5i_XezCGa0xouywWho9\" width=\"310\" height=\"433\" \/><\/p>\n<p>\u00a0i sobretot els seus finals inesperats!! Ah, i \u00e9s clar, mai oblidar\u00e0s el seu fam\u00f3s detectiu inigualable, intel\u00b7ligent, presumptu\u00f3s i intolerant&#8230; HERCULES POIROT!!!<\/p>\n<p>B\u00e9 no m\u2019enrotllo m\u00e9s, i comen\u00e7o ja a descriure la novel\u00b7la m\u00e9s intrigant, misteriosa, terror\u00edfica (en alguns moments) i inesperada, que hagueu vist mai!!<\/p>\n<p>En aquest novel\u00b7la coneixerem al nostre estimat detectiu Hercules Poirot, que ens ajudar\u00e0 a descobrir el fosc secret que amaga el llibre. Ah! i l\u2019escriptora, \u00e9s clar! Poirot i en Hastings (el seu acompanyant) coneixen durant les seves vacances a la senyoreta Buckley. \u00c9s una bella jove que viu atemorida perqu\u00e8 segons explica alg\u00fa l\u2019amena\u00e7a de mort. La senyoreta Buckley espantada recorre a Poirot, perqu\u00e8 ho investigui. Al principi en Poirot no se la creu, per\u00f2 al veure un forat de bala en el barret de la senyoreta Buckley comen\u00e7a a canviar d\u2019opini\u00f3. I re<\/p>\n<p>&nbsp;<\/p>\n<p>cordeu que els finals de l\u2019Agatha Christie s\u00f3n sempre inesperats!!!!<\/p>\n<p>I ara unes frases, d\u2019aquelles que ca\u00e7o al vol dels llibres:<\/p>\n<p>\u201cEl mal mai queda sense c\u00e0stig, senyor. Per\u00f2 el c\u00e0stig a vegades \u00e9s secret\u201d.<\/p>\n<p>\u201cSempre penso que la lleialtat \u00e9s una virtut tant tediosa\u201d.<\/p>\n<p>Aquest fragment l\u2019he robat d\u2019aquesta novel\u00b7la, perqu\u00e8 penso que aquesta \u00e9s l\u2019estrat\u00e8gia que sempre utilitza l\u2019Agatha Christie. Quan llegim sovint pensem que el menys sospit\u00f3s \u00e9s l\u2019assass\u00ed, per\u00f2 a vegades \u00e9s molt menys complicat i alhora molt m\u00e9s enrevessat.<\/p>\n<h2 style=\"text-align: center\"><em>\u201cI vost\u00e8, estimat Hastings, proposa sempre a sospitar del menys indicat. Aix\u00f2 es deu a que vost\u00e8 llegeix masses novel\u00b7les polic\u00edaques; per\u00f2 en la vida real, de cada deu casos, en nou el verdader autor del delicte \u00e9s tamb\u00e9 el m\u00e9s justament sospit\u00f3s.&#8221;<\/em><\/h2>\n<p>I ara unes an\u00e8cdotes:<\/p>\n<p>* L\u2019Agatha Christie era la filla menor d\u2019un matrimoni brit\u00e0nic. De petita tenia un car\u00e0cter t\u00edmid i rebutjava a les seves nines per jugar amb els seus amics imaginaris. Aix\u00f2 la va ajudar molt a la seva feina com a escriptora. En la Primera Guerra Mundial ella treballava com a volunt\u00e0ria en un hospital i un dia va decidir escriure una hist\u00f2ria polic\u00edaca. Aquesta hist\u00f2ria rebria el nom de \u201cEl misteri\u00f3s cas de Styles\u201d, com a protagonista, es clar, el fam\u00f3s detectiu Hercules Poirot i al principi ning\u00fa la va voler publicar.<\/p>\n<p>*D\u2019aquesta novel\u00b7la s\u2019ha fet una pel\u00b7l\u00edcula que es va estrenar l\u2019any 1980, i va tenir molt d\u2019\u00e8xit!! La meva intriga ha pogut amb mi i aquest fi de setmana he mirat tota la pel\u00b7l\u00edcula sencera, us la recomano, segur que us agradar\u00e0!!<\/p>\n<p>Us torno a repetir com a altres ressenyes us he confessat, que aquest llibre o altres de l\u2019Agatha Christie, segur que els vostres avis i pares s\u2019ha l\u2019han llegit o el coneixen, i el podeu compartir amb ells!!<\/p>\n<p>Una freda car\u00edcia em treu dels meus pensaments. Una poderosa llum m\u2019il\u00b7lumina des del firmament, li confesso els meus foscos secrets i les meves g\u00e8lides pors. Amb una \u00faltima mirada em diu ad\u00e9u i s\u2019amaga entre les estrelles, recordant-me els \u00faltims moments del llibre que acabem de viure, dels quals hem estat testimonis la freda mirada de la Lluna i jo.<\/p>\n","protected":false},"excerpt":{"rendered":"<p>El cant espontani de la pluja em desperta. Sento una g\u00e8lida car\u00edcia que m\u2019esgarrifa. En la freda foscor s\u2019amaga un fil de llum intentant entrar per les petits escletxes de la finestra. I de cop, una frescor inunda l\u2019estan\u00e7a, intento<\/p>\n","protected":false},"author":6,"featured_media":154,"comment_status":"open","ping_status":"open","sticky":false,"template":"","format":"standard","meta":{"sfsi_plus_gutenberg_text_before_share":"","sfsi_plus_gutenberg_show_text_before_share":"","sfsi_plus_gutenberg_icon_type":"","sfsi_plus_gutenberg_icon_alignemt":"","sfsi_plus_gutenburg_max_per_row":"","footnotes":""},"categories":[9,11],"tags":[34,21,22,23],"class_list":["post-849","post","type-post","status-publish","format-standard","has-post-thumbnail","hentry","category-raco-de-la-paula","category-classic","tag-blog-de-lectura","tag-llibres","tag-ressenya","tag-sinopsi"],"yoast_head":"<!-- This site is optimized with the Yoast SEO plugin v27.5 - https:\/\/yoast.com\/product\/yoast-seo-wordpress\/ -->\n<title>PERILL INMINENT de Agatha Christie - Sala Jove<\/title>\n<meta name=\"description\" content=\"Agatha Christie \u00e9s d\u2019aquelles escriptores que vulguis o no les recordar\u00e0s sempre. Recordar\u00e0s les seves trames misterioses, els seus m\u00f2bils inquietants.....\" \/>\n<meta name=\"robots\" content=\"index, follow, max-snippet:-1, max-image-preview:large, max-video-preview:-1\" \/>\n<link rel=\"canonical\" href=\"https:\/\/biblioteca.blanes.cat\/salajove\/2017\/09\/21\/849\/\" \/>\n<meta property=\"og:locale\" content=\"ca_ES\" \/>\n<meta property=\"og:type\" content=\"article\" \/>\n<meta property=\"og:title\" content=\"PERILL INMINENT de Agatha Christie - Sala Jove\" \/>\n<meta property=\"og:description\" content=\"Agatha Christie \u00e9s d\u2019aquelles escriptores que vulguis o no les recordar\u00e0s sempre. Recordar\u00e0s les seves trames misterioses, els seus m\u00f2bils inquietants.....\" \/>\n<meta property=\"og:url\" content=\"https:\/\/biblioteca.blanes.cat\/salajove\/2017\/09\/21\/849\/\" \/>\n<meta property=\"og:site_name\" content=\"Sala Jove\" \/>\n<meta property=\"article:publisher\" content=\"https:\/\/www.facebook.com\/BilbiotecaComarcaldeBlanes\/\" \/>\n<meta property=\"article:published_time\" content=\"2017-09-21T18:46:38+00:00\" \/>\n<meta property=\"article:modified_time\" content=\"2018-01-22T10:36:41+00:00\" \/>\n<meta property=\"og:image\" content=\"https:\/\/biblioteca.blanes.cat\/salajove\/wp-content\/uploads\/sites\/3\/2017\/10\/Destacat_rac\u00f3_Paula.png\" \/>\n\t<meta property=\"og:image:width\" content=\"3719\" \/>\n\t<meta property=\"og:image:height\" content=\"2265\" \/>\n\t<meta property=\"og:image:type\" content=\"image\/png\" \/>\n<meta name=\"author\" content=\"paula\" \/>\n<meta name=\"twitter:card\" content=\"summary_large_image\" \/>\n<meta name=\"twitter:creator\" content=\"@BiblioBlanes\" \/>\n<meta name=\"twitter:site\" content=\"@BiblioBlanes\" \/>\n<meta name=\"twitter:label1\" content=\"Escrit per\" \/>\n\t<meta name=\"twitter:data1\" content=\"paula\" \/>\n\t<meta name=\"twitter:label2\" content=\"Temps estimat de lectura\" \/>\n\t<meta name=\"twitter:data2\" content=\"4 minuts\" \/>\n<script type=\"application\/ld+json\" class=\"yoast-schema-graph\">{\"@context\":\"https:\\\/\\\/schema.org\",\"@graph\":[{\"@type\":\"Article\",\"@id\":\"https:\\\/\\\/biblioteca.blanes.cat\\\/salajove\\\/2017\\\/09\\\/21\\\/849\\\/#article\",\"isPartOf\":{\"@id\":\"https:\\\/\\\/biblioteca.blanes.cat\\\/salajove\\\/2017\\\/09\\\/21\\\/849\\\/\"},\"author\":{\"name\":\"paula\",\"@id\":\"https:\\\/\\\/biblioteca.blanes.cat\\\/salajove\\\/#\\\/schema\\\/person\\\/8dbc45cdf5d1c7e2d100d147517ba7f3\"},\"headline\":\"PERILL INMINENT de Agatha Christie\",\"datePublished\":\"2017-09-21T18:46:38+00:00\",\"dateModified\":\"2018-01-22T10:36:41+00:00\",\"mainEntityOfPage\":{\"@id\":\"https:\\\/\\\/biblioteca.blanes.cat\\\/salajove\\\/2017\\\/09\\\/21\\\/849\\\/\"},\"wordCount\":807,\"commentCount\":0,\"publisher\":{\"@id\":\"https:\\\/\\\/biblioteca.blanes.cat\\\/salajove\\\/#organization\"},\"image\":{\"@id\":\"https:\\\/\\\/biblioteca.blanes.cat\\\/salajove\\\/2017\\\/09\\\/21\\\/849\\\/#primaryimage\"},\"thumbnailUrl\":\"https:\\\/\\\/biblioteca.blanes.cat\\\/salajove\\\/wp-content\\\/uploads\\\/sites\\\/3\\\/2017\\\/10\\\/Destacat_rac\u00f3_Paula.png\",\"keywords\":[\"#BlogdeLectura\",\"#Llibres\",\"#Ressenya\",\"#Sinopsi\"],\"articleSection\":[\"Rac\u00f3 de la Paula\",\"RP_Cl\u00e0ssic\"],\"inLanguage\":\"ca\",\"potentialAction\":[{\"@type\":\"CommentAction\",\"name\":\"Comment\",\"target\":[\"https:\\\/\\\/biblioteca.blanes.cat\\\/salajove\\\/2017\\\/09\\\/21\\\/849\\\/#respond\"]}]},{\"@type\":\"WebPage\",\"@id\":\"https:\\\/\\\/biblioteca.blanes.cat\\\/salajove\\\/2017\\\/09\\\/21\\\/849\\\/\",\"url\":\"https:\\\/\\\/biblioteca.blanes.cat\\\/salajove\\\/2017\\\/09\\\/21\\\/849\\\/\",\"name\":\"PERILL INMINENT de Agatha Christie - Sala Jove\",\"isPartOf\":{\"@id\":\"https:\\\/\\\/biblioteca.blanes.cat\\\/salajove\\\/#website\"},\"primaryImageOfPage\":{\"@id\":\"https:\\\/\\\/biblioteca.blanes.cat\\\/salajove\\\/2017\\\/09\\\/21\\\/849\\\/#primaryimage\"},\"image\":{\"@id\":\"https:\\\/\\\/biblioteca.blanes.cat\\\/salajove\\\/2017\\\/09\\\/21\\\/849\\\/#primaryimage\"},\"thumbnailUrl\":\"https:\\\/\\\/biblioteca.blanes.cat\\\/salajove\\\/wp-content\\\/uploads\\\/sites\\\/3\\\/2017\\\/10\\\/Destacat_rac\u00f3_Paula.png\",\"datePublished\":\"2017-09-21T18:46:38+00:00\",\"dateModified\":\"2018-01-22T10:36:41+00:00\",\"description\":\"Agatha Christie \u00e9s d\u2019aquelles escriptores que vulguis o no les recordar\u00e0s sempre. Recordar\u00e0s les seves trames misterioses, els seus m\u00f2bils inquietants.....\",\"breadcrumb\":{\"@id\":\"https:\\\/\\\/biblioteca.blanes.cat\\\/salajove\\\/2017\\\/09\\\/21\\\/849\\\/#breadcrumb\"},\"inLanguage\":\"ca\",\"potentialAction\":[{\"@type\":\"ReadAction\",\"target\":[\"https:\\\/\\\/biblioteca.blanes.cat\\\/salajove\\\/2017\\\/09\\\/21\\\/849\\\/\"]}]},{\"@type\":\"ImageObject\",\"inLanguage\":\"ca\",\"@id\":\"https:\\\/\\\/biblioteca.blanes.cat\\\/salajove\\\/2017\\\/09\\\/21\\\/849\\\/#primaryimage\",\"url\":\"https:\\\/\\\/biblioteca.blanes.cat\\\/salajove\\\/wp-content\\\/uploads\\\/sites\\\/3\\\/2017\\\/10\\\/Destacat_rac\u00f3_Paula.png\",\"contentUrl\":\"https:\\\/\\\/biblioteca.blanes.cat\\\/salajove\\\/wp-content\\\/uploads\\\/sites\\\/3\\\/2017\\\/10\\\/Destacat_rac\u00f3_Paula.png\",\"width\":3719,\"height\":2265,\"caption\":\"Rac\u00f3 de la Paula\"},{\"@type\":\"BreadcrumbList\",\"@id\":\"https:\\\/\\\/biblioteca.blanes.cat\\\/salajove\\\/2017\\\/09\\\/21\\\/849\\\/#breadcrumb\",\"itemListElement\":[{\"@type\":\"ListItem\",\"position\":1,\"name\":\"Inici\",\"item\":\"https:\\\/\\\/biblioteca.blanes.cat\\\/salajove\\\/\"},{\"@type\":\"ListItem\",\"position\":2,\"name\":\"PERILL INMINENT de Agatha Christie\"}]},{\"@type\":\"WebSite\",\"@id\":\"https:\\\/\\\/biblioteca.blanes.cat\\\/salajove\\\/#website\",\"url\":\"https:\\\/\\\/biblioteca.blanes.cat\\\/salajove\\\/\",\"name\":\"Sala Jove\",\"description\":\"Biblioteca Comarcal de Blanes\",\"publisher\":{\"@id\":\"https:\\\/\\\/biblioteca.blanes.cat\\\/salajove\\\/#organization\"},\"potentialAction\":[{\"@type\":\"SearchAction\",\"target\":{\"@type\":\"EntryPoint\",\"urlTemplate\":\"https:\\\/\\\/biblioteca.blanes.cat\\\/salajove\\\/?s={search_term_string}\"},\"query-input\":{\"@type\":\"PropertyValueSpecification\",\"valueRequired\":true,\"valueName\":\"search_term_string\"}}],\"inLanguage\":\"ca\"},{\"@type\":\"Organization\",\"@id\":\"https:\\\/\\\/biblioteca.blanes.cat\\\/salajove\\\/#organization\",\"name\":\"Biblioteca Comarcal de Blanes\",\"url\":\"https:\\\/\\\/biblioteca.blanes.cat\\\/salajove\\\/\",\"logo\":{\"@type\":\"ImageObject\",\"inLanguage\":\"ca\",\"@id\":\"https:\\\/\\\/biblioteca.blanes.cat\\\/salajove\\\/#\\\/schema\\\/logo\\\/image\\\/\",\"url\":\"https:\\\/\\\/biblioteca.blanes.cat\\\/salajove\\\/wp-content\\\/uploads\\\/sites\\\/3\\\/2017\\\/09\\\/cropped-Bib-blau-e1518869380535.png\",\"contentUrl\":\"https:\\\/\\\/biblioteca.blanes.cat\\\/salajove\\\/wp-content\\\/uploads\\\/sites\\\/3\\\/2017\\\/09\\\/cropped-Bib-blau-e1518869380535.png\",\"width\":166,\"height\":166,\"caption\":\"Biblioteca Comarcal de Blanes\"},\"image\":{\"@id\":\"https:\\\/\\\/biblioteca.blanes.cat\\\/salajove\\\/#\\\/schema\\\/logo\\\/image\\\/\"},\"sameAs\":[\"https:\\\/\\\/www.facebook.com\\\/BilbiotecaComarcaldeBlanes\\\/\",\"https:\\\/\\\/x.com\\\/BiblioBlanes\",\"https:\\\/\\\/www.instagram.com\\\/biblioblanes\\\/\",\"https:\\\/\\\/www.pinterest.es\\\/bblanes\\\/\",\"https:\\\/\\\/www.youtube.com\\\/c\\\/BibliotecaComarcalBlanes\"]},{\"@type\":\"Person\",\"@id\":\"https:\\\/\\\/biblioteca.blanes.cat\\\/salajove\\\/#\\\/schema\\\/person\\\/8dbc45cdf5d1c7e2d100d147517ba7f3\",\"name\":\"paula\",\"image\":{\"@type\":\"ImageObject\",\"inLanguage\":\"ca\",\"@id\":\"https:\\\/\\\/secure.gravatar.com\\\/avatar\\\/7dc0a9399589f36ddc6864e8335b73854871aa22921ee390cb50776e7ddfc136?s=96&d=mm&r=g\",\"url\":\"https:\\\/\\\/secure.gravatar.com\\\/avatar\\\/7dc0a9399589f36ddc6864e8335b73854871aa22921ee390cb50776e7ddfc136?s=96&d=mm&r=g\",\"contentUrl\":\"https:\\\/\\\/secure.gravatar.com\\\/avatar\\\/7dc0a9399589f36ddc6864e8335b73854871aa22921ee390cb50776e7ddfc136?s=96&d=mm&r=g\",\"caption\":\"paula\"},\"url\":\"https:\\\/\\\/biblioteca.blanes.cat\\\/salajove\\\/author\\\/paula\\\/\"}]}<\/script>\n<!-- \/ Yoast SEO plugin. -->","yoast_head_json":{"title":"PERILL INMINENT de Agatha Christie - Sala Jove","description":"Agatha Christie \u00e9s d\u2019aquelles escriptores que vulguis o no les recordar\u00e0s sempre. Recordar\u00e0s les seves trames misterioses, els seus m\u00f2bils inquietants.....","robots":{"index":"index","follow":"follow","max-snippet":"max-snippet:-1","max-image-preview":"max-image-preview:large","max-video-preview":"max-video-preview:-1"},"canonical":"https:\/\/biblioteca.blanes.cat\/salajove\/2017\/09\/21\/849\/","og_locale":"ca_ES","og_type":"article","og_title":"PERILL INMINENT de Agatha Christie - Sala Jove","og_description":"Agatha Christie \u00e9s d\u2019aquelles escriptores que vulguis o no les recordar\u00e0s sempre. Recordar\u00e0s les seves trames misterioses, els seus m\u00f2bils inquietants.....","og_url":"https:\/\/biblioteca.blanes.cat\/salajove\/2017\/09\/21\/849\/","og_site_name":"Sala Jove","article_publisher":"https:\/\/www.facebook.com\/BilbiotecaComarcaldeBlanes\/","article_published_time":"2017-09-21T18:46:38+00:00","article_modified_time":"2018-01-22T10:36:41+00:00","og_image":[{"width":3719,"height":2265,"url":"https:\/\/biblioteca.blanes.cat\/salajove\/wp-content\/uploads\/sites\/3\/2017\/10\/Destacat_rac\u00f3_Paula.png","type":"image\/png"}],"author":"paula","twitter_card":"summary_large_image","twitter_creator":"@BiblioBlanes","twitter_site":"@BiblioBlanes","twitter_misc":{"Escrit per":"paula","Temps estimat de lectura":"4 minuts"},"schema":{"@context":"https:\/\/schema.org","@graph":[{"@type":"Article","@id":"https:\/\/biblioteca.blanes.cat\/salajove\/2017\/09\/21\/849\/#article","isPartOf":{"@id":"https:\/\/biblioteca.blanes.cat\/salajove\/2017\/09\/21\/849\/"},"author":{"name":"paula","@id":"https:\/\/biblioteca.blanes.cat\/salajove\/#\/schema\/person\/8dbc45cdf5d1c7e2d100d147517ba7f3"},"headline":"PERILL INMINENT de Agatha Christie","datePublished":"2017-09-21T18:46:38+00:00","dateModified":"2018-01-22T10:36:41+00:00","mainEntityOfPage":{"@id":"https:\/\/biblioteca.blanes.cat\/salajove\/2017\/09\/21\/849\/"},"wordCount":807,"commentCount":0,"publisher":{"@id":"https:\/\/biblioteca.blanes.cat\/salajove\/#organization"},"image":{"@id":"https:\/\/biblioteca.blanes.cat\/salajove\/2017\/09\/21\/849\/#primaryimage"},"thumbnailUrl":"https:\/\/biblioteca.blanes.cat\/salajove\/wp-content\/uploads\/sites\/3\/2017\/10\/Destacat_rac\u00f3_Paula.png","keywords":["#BlogdeLectura","#Llibres","#Ressenya","#Sinopsi"],"articleSection":["Rac\u00f3 de la Paula","RP_Cl\u00e0ssic"],"inLanguage":"ca","potentialAction":[{"@type":"CommentAction","name":"Comment","target":["https:\/\/biblioteca.blanes.cat\/salajove\/2017\/09\/21\/849\/#respond"]}]},{"@type":"WebPage","@id":"https:\/\/biblioteca.blanes.cat\/salajove\/2017\/09\/21\/849\/","url":"https:\/\/biblioteca.blanes.cat\/salajove\/2017\/09\/21\/849\/","name":"PERILL INMINENT de Agatha Christie - Sala Jove","isPartOf":{"@id":"https:\/\/biblioteca.blanes.cat\/salajove\/#website"},"primaryImageOfPage":{"@id":"https:\/\/biblioteca.blanes.cat\/salajove\/2017\/09\/21\/849\/#primaryimage"},"image":{"@id":"https:\/\/biblioteca.blanes.cat\/salajove\/2017\/09\/21\/849\/#primaryimage"},"thumbnailUrl":"https:\/\/biblioteca.blanes.cat\/salajove\/wp-content\/uploads\/sites\/3\/2017\/10\/Destacat_rac\u00f3_Paula.png","datePublished":"2017-09-21T18:46:38+00:00","dateModified":"2018-01-22T10:36:41+00:00","description":"Agatha Christie \u00e9s d\u2019aquelles escriptores que vulguis o no les recordar\u00e0s sempre. Recordar\u00e0s les seves trames misterioses, els seus m\u00f2bils inquietants.....","breadcrumb":{"@id":"https:\/\/biblioteca.blanes.cat\/salajove\/2017\/09\/21\/849\/#breadcrumb"},"inLanguage":"ca","potentialAction":[{"@type":"ReadAction","target":["https:\/\/biblioteca.blanes.cat\/salajove\/2017\/09\/21\/849\/"]}]},{"@type":"ImageObject","inLanguage":"ca","@id":"https:\/\/biblioteca.blanes.cat\/salajove\/2017\/09\/21\/849\/#primaryimage","url":"https:\/\/biblioteca.blanes.cat\/salajove\/wp-content\/uploads\/sites\/3\/2017\/10\/Destacat_rac\u00f3_Paula.png","contentUrl":"https:\/\/biblioteca.blanes.cat\/salajove\/wp-content\/uploads\/sites\/3\/2017\/10\/Destacat_rac\u00f3_Paula.png","width":3719,"height":2265,"caption":"Rac\u00f3 de la Paula"},{"@type":"BreadcrumbList","@id":"https:\/\/biblioteca.blanes.cat\/salajove\/2017\/09\/21\/849\/#breadcrumb","itemListElement":[{"@type":"ListItem","position":1,"name":"Inici","item":"https:\/\/biblioteca.blanes.cat\/salajove\/"},{"@type":"ListItem","position":2,"name":"PERILL INMINENT de Agatha Christie"}]},{"@type":"WebSite","@id":"https:\/\/biblioteca.blanes.cat\/salajove\/#website","url":"https:\/\/biblioteca.blanes.cat\/salajove\/","name":"Sala Jove","description":"Biblioteca Comarcal de Blanes","publisher":{"@id":"https:\/\/biblioteca.blanes.cat\/salajove\/#organization"},"potentialAction":[{"@type":"SearchAction","target":{"@type":"EntryPoint","urlTemplate":"https:\/\/biblioteca.blanes.cat\/salajove\/?s={search_term_string}"},"query-input":{"@type":"PropertyValueSpecification","valueRequired":true,"valueName":"search_term_string"}}],"inLanguage":"ca"},{"@type":"Organization","@id":"https:\/\/biblioteca.blanes.cat\/salajove\/#organization","name":"Biblioteca Comarcal de Blanes","url":"https:\/\/biblioteca.blanes.cat\/salajove\/","logo":{"@type":"ImageObject","inLanguage":"ca","@id":"https:\/\/biblioteca.blanes.cat\/salajove\/#\/schema\/logo\/image\/","url":"https:\/\/biblioteca.blanes.cat\/salajove\/wp-content\/uploads\/sites\/3\/2017\/09\/cropped-Bib-blau-e1518869380535.png","contentUrl":"https:\/\/biblioteca.blanes.cat\/salajove\/wp-content\/uploads\/sites\/3\/2017\/09\/cropped-Bib-blau-e1518869380535.png","width":166,"height":166,"caption":"Biblioteca Comarcal de Blanes"},"image":{"@id":"https:\/\/biblioteca.blanes.cat\/salajove\/#\/schema\/logo\/image\/"},"sameAs":["https:\/\/www.facebook.com\/BilbiotecaComarcaldeBlanes\/","https:\/\/x.com\/BiblioBlanes","https:\/\/www.instagram.com\/biblioblanes\/","https:\/\/www.pinterest.es\/bblanes\/","https:\/\/www.youtube.com\/c\/BibliotecaComarcalBlanes"]},{"@type":"Person","@id":"https:\/\/biblioteca.blanes.cat\/salajove\/#\/schema\/person\/8dbc45cdf5d1c7e2d100d147517ba7f3","name":"paula","image":{"@type":"ImageObject","inLanguage":"ca","@id":"https:\/\/secure.gravatar.com\/avatar\/7dc0a9399589f36ddc6864e8335b73854871aa22921ee390cb50776e7ddfc136?s=96&d=mm&r=g","url":"https:\/\/secure.gravatar.com\/avatar\/7dc0a9399589f36ddc6864e8335b73854871aa22921ee390cb50776e7ddfc136?s=96&d=mm&r=g","contentUrl":"https:\/\/secure.gravatar.com\/avatar\/7dc0a9399589f36ddc6864e8335b73854871aa22921ee390cb50776e7ddfc136?s=96&d=mm&r=g","caption":"paula"},"url":"https:\/\/biblioteca.blanes.cat\/salajove\/author\/paula\/"}]}},"_links":{"self":[{"href":"https:\/\/biblioteca.blanes.cat\/salajove\/wp-json\/wp\/v2\/posts\/849","targetHints":{"allow":["GET"]}}],"collection":[{"href":"https:\/\/biblioteca.blanes.cat\/salajove\/wp-json\/wp\/v2\/posts"}],"about":[{"href":"https:\/\/biblioteca.blanes.cat\/salajove\/wp-json\/wp\/v2\/types\/post"}],"author":[{"embeddable":true,"href":"https:\/\/biblioteca.blanes.cat\/salajove\/wp-json\/wp\/v2\/users\/6"}],"replies":[{"embeddable":true,"href":"https:\/\/biblioteca.blanes.cat\/salajove\/wp-json\/wp\/v2\/comments?post=849"}],"version-history":[{"count":3,"href":"https:\/\/biblioteca.blanes.cat\/salajove\/wp-json\/wp\/v2\/posts\/849\/revisions"}],"predecessor-version":[{"id":852,"href":"https:\/\/biblioteca.blanes.cat\/salajove\/wp-json\/wp\/v2\/posts\/849\/revisions\/852"}],"wp:featuredmedia":[{"embeddable":true,"href":"https:\/\/biblioteca.blanes.cat\/salajove\/wp-json\/wp\/v2\/media\/154"}],"wp:attachment":[{"href":"https:\/\/biblioteca.blanes.cat\/salajove\/wp-json\/wp\/v2\/media?parent=849"}],"wp:term":[{"taxonomy":"category","embeddable":true,"href":"https:\/\/biblioteca.blanes.cat\/salajove\/wp-json\/wp\/v2\/categories?post=849"},{"taxonomy":"post_tag","embeddable":true,"href":"https:\/\/biblioteca.blanes.cat\/salajove\/wp-json\/wp\/v2\/tags?post=849"}],"curies":[{"name":"wp","href":"https:\/\/api.w.org\/{rel}","templated":true}]}}