{"id":843,"date":"2017-09-20T17:37:55","date_gmt":"2017-09-20T16:37:55","guid":{"rendered":"https:\/\/biblioteca.blanes.cat\/salajove\/?p=843"},"modified":"2018-01-22T11:37:10","modified_gmt":"2018-01-22T10:37:10","slug":"larbre-de-les-mentides","status":"publish","type":"post","link":"https:\/\/biblioteca.blanes.cat\/salajove\/2017\/09\/20\/larbre-de-les-mentides\/","title":{"rendered":"L&#8217;ARBRE DE LES MENTIDES de Frances Hardinge"},"content":{"rendered":"<h3 style=\"text-align: justify\"><em>El vaixell es movia amb un ritme implacable i nauseabund, com alg\u00fa que mastegu\u00e9s amb una dent podrida. Les illes, que tot just s\u2019albiraven a trav\u00e9s de la boira, tamb\u00e9 semblaven dents, va pensar la Faith. Per\u00f2 no pas dents boniques i blanques com els penya-segats de Dover, sin\u00f3 dents corcades i esquerdades que sobresortien tortes enmig de l\u2019onatge del mar gris i encrespat. El vaixell correu esbufegava amb determinaci\u00f3 mentre s\u2019obria pas entre les onades, untant el cel de fum.<\/em><\/h3>\n<p>L\u2019arbre de les mentides \u00e9s la setena novel\u00b7la de l\u2019autora Frances Hardinge.<\/p>\n<p>La hist\u00f2ria est\u00e0 narrada des del punt de vista de la Faith, la nostra protagonista. L\u2019\u00e8poca en qu\u00e8 es desenvolupa l\u2019argument est\u00e0 situada al voltant dels anys posteriors a la publicaci\u00f3 de El Origen de las especies d\u2019en Charles Darwin, \u00e9s a dir, poc despr\u00e9s de l\u2019any 1859.<\/p>\n<p>La Faith \u00e9s una jove de catorze anys que s\u2019ha de mudar amb la seva fam\u00edlia a un petit poble anomenat Vane. Per culpa de uns rumors dirigits al seu pare, un c\u00e8lebre naturalista. Que l\u2019acusen d\u2019haver falsificat f\u00f2ssils i de mentir sobre descobriments cient\u00edfics. Aquest fet ha perjudicat la reputaci\u00f3 del seu pare i la de la resta de la seva fam\u00edlia.<\/p>\n<p>Per\u00f2 la Faith sent una gran admiraci\u00f3 pel seu pare i no creu que aquest rumor sigui cert. Aix\u00ed doncs decideix recolzar al seu pare i proporcionar-li tota la seva ajuda. Malgrat que el seu pare la rebutgi constantment.<\/p>\n<h3>La Faith \u00e9s una noia molt intel\u00b7ligent que li encanta tot el relacionat amb la ci\u00e8ncia. Per\u00f2 l\u2019\u00e8poca en la qu\u00e8 viu no li permet estudiar-la ja que \u00e9s una dona i aix\u00f2 nom\u00e9s est\u00e0 reservat als homes. M\u2019ha agradat molt el car\u00e0cter de la Faith. \u00c9s una noia molt lluitadora, amb for\u00e7a i car\u00e0cter. Que fa tot el possible per fer-se valer i per aconseguir deixar enrere la norma de que l\u2019home es millor que la dona.<\/h3>\n<p>Al poc temps d\u2019arribar a Vane i de guanyar-se l\u2019antipatia de molts dels seus habitants el pare de la Faith apareix mort. Tots donen per fet que es va su\u00efcidar, per\u00f2 la Faith troba suficients pistes i raons per pensar que alg\u00fa l\u2019ha assassinat. Per aix\u00f2 decideix descobrir tots els secrets que amagava el seu pare, descobrint d\u2019aquesta forma un esp\u00e8cimen realment extraordinari:\u00a0<\/p>\n<p><img fetchpriority=\"high\" decoding=\"async\" class=\"alignright\" src=\"https:\/\/imagessl5.casadellibro.com\/a\/l\/t0\/45\/9788483435045.jpg\" width=\"306\" height=\"438\" \/><\/p>\n<p>l\u2019Arbre de les mentides. Un arbre que s\u2019alimenta de mentides, \u00e9s a dir, tu li dius una mentida i l\u2019arbre origina un fruit que et revela un secret amagat.<\/p>\n<p>Estem davant d\u2019una novel\u00b7la plena d\u2019intriga, aventures i misteri que no us deixar\u00e0 indiferents. Coneixerem les tend\u00e8ncies cient\u00edfiques de l\u2019\u00e8poca, molt relacionades amb les teorie<\/p>\n<p>I una de les coses que tamb\u00e9 m\u2019ha agradat molt ha estat les il\u00b7lustracions realitzades per Chris Riddell, que adornen cada cap\u00edtol de la novel\u00b7la.<\/p>\n<p>I ara unes quantes frases:<\/p>\n<p>El seu pare no estava precisament en el seu element: era com un lle\u00f3 en una barraca de la fira assotada per la pluja.<\/p>\n<h3 style=\"text-align: center\"><em>*La honestedat \u00e9s una qualitat admirable en un home, per\u00f2 en una dona es fonamental si tracte de valer-se. Escolta\u2019m Faith. Una noia mai pot ser valenta, intel\u00b7ligent o h\u00e0bil com un noi. Aix\u00ed que si no \u00e9s bona persona, no \u00e9s res. Entens?<\/em><\/h3>\n<h3 style=\"text-align: center\"><em>*\u00c9s clar que la ment femenina \u00e9s una cosa totalment diferent&#8230; I que te el seu propi encant! Per\u00f2 un exc\u00e9s intel\u00b7lectual la faria malb\u00e9, l\u2019aplanaria&#8230; Seria&#8230; Com una pedra en un souffl\u00e9.<\/em><\/h3>\n<p>I ara unes an\u00e8cdotes:<\/p>\n<p>* Aquesta novel\u00b7la va guanyar el Premi Costa 2015 al millor llibre de l\u2019any.<\/p>\n<p>*Patrick Ness, l\u2019autor de Un monstruo viene a verme, ha fet un comentari sobre aquest llibre dient. \u201cL\u2019arbre de les mentides \u00e9s una novel\u00b7la magistral: intrigant, emocionant i absolutament original. Tothom hauria de llegir Frances Hardinge.\u201d<\/p>\n<p>*Un dels diaris m\u00e9s coneguts del Regne Unit ha comentat \u201cHardinge t\u00e9 un talent immens i escriu amb un enginy i una prosa inesgotables.\u201d<\/p>\n<p>Aquesta novel\u00b7la la recomano a les persones que els hi agradin les hist\u00f2ries d\u2019\u00e8poca amb una trama de misteri i intriga i, sobretot, que en certs moments et fan sentir por. \u00c9s un llibre preci\u00f3s, hi trobareu moments molt bonics que de ben segur us emocionaran&#8230;<\/p>\n<p><em>Malgrat tot, la idea que la seva mentida origin\u00e9s tremolors de terra per tot Vane, destarot\u00e9s els seus prepotents enemics i els incit\u00e9s a barallar-se com gats li proporcionava un plaer ben palpable. Se sentia plena d\u2019orgull i d\u2019una sensaci\u00f3 de poder. Hi tenia tra\u00e7a, en aquelles coses, i cada vegada n&#8217;era millor.<\/em><\/p>\n","protected":false},"excerpt":{"rendered":"<p>El vaixell es movia amb un ritme implacable i nauseabund, com alg\u00fa que mastegu\u00e9s amb una dent podrida. Les illes, que tot just s\u2019albiraven a trav\u00e9s de la boira, tamb\u00e9 semblaven dents, va pensar la Faith. Per\u00f2 no pas dents<\/p>\n","protected":false},"author":6,"featured_media":154,"comment_status":"open","ping_status":"open","sticky":false,"template":"","format":"standard","meta":{"sfsi_plus_gutenberg_text_before_share":"","sfsi_plus_gutenberg_show_text_before_share":"","sfsi_plus_gutenberg_icon_type":"","sfsi_plus_gutenberg_icon_alignemt":"","sfsi_plus_gutenburg_max_per_row":"","footnotes":""},"categories":[9,10],"tags":[33,26,21,23],"class_list":["post-843","post","type-post","status-publish","format-standard","has-post-thumbnail","hentry","category-raco-de-la-paula","category-novetat","tag-el-raco-de-la-paula","tag-lectura","tag-llibres","tag-sinopsi"],"yoast_head":"<!-- This site is optimized with the Yoast SEO plugin v27.5 - https:\/\/yoast.com\/product\/yoast-seo-wordpress\/ -->\n<title>L&#039;ARBRE DE LES MENTIDES de Frances Hardinge - Sala Jove<\/title>\n<meta name=\"description\" content=\"L\u2019arbre de les mentides \u00e9s la setena novel\u00b7la de l\u2019autora Frances Hardinge. La Faith \u00e9s una noia molt intel\u00b7ligent que li encanta la ci\u00e8ncia.\" \/>\n<meta name=\"robots\" content=\"index, follow, max-snippet:-1, max-image-preview:large, max-video-preview:-1\" \/>\n<link rel=\"canonical\" href=\"https:\/\/biblioteca.blanes.cat\/salajove\/2017\/09\/20\/larbre-de-les-mentides\/\" \/>\n<meta property=\"og:locale\" content=\"ca_ES\" \/>\n<meta property=\"og:type\" content=\"article\" \/>\n<meta property=\"og:title\" content=\"L&#039;ARBRE DE LES MENTIDES de Frances Hardinge - Sala Jove\" \/>\n<meta property=\"og:description\" content=\"L\u2019arbre de les mentides \u00e9s la setena novel\u00b7la de l\u2019autora Frances Hardinge. La Faith \u00e9s una noia molt intel\u00b7ligent que li encanta la ci\u00e8ncia.\" \/>\n<meta property=\"og:url\" content=\"https:\/\/biblioteca.blanes.cat\/salajove\/2017\/09\/20\/larbre-de-les-mentides\/\" \/>\n<meta property=\"og:site_name\" content=\"Sala Jove\" \/>\n<meta property=\"article:publisher\" content=\"https:\/\/www.facebook.com\/BilbiotecaComarcaldeBlanes\/\" \/>\n<meta property=\"article:published_time\" content=\"2017-09-20T16:37:55+00:00\" \/>\n<meta property=\"article:modified_time\" content=\"2018-01-22T10:37:10+00:00\" \/>\n<meta property=\"og:image\" content=\"https:\/\/biblioteca.blanes.cat\/salajove\/wp-content\/uploads\/sites\/3\/2017\/10\/Destacat_rac\u00f3_Paula.png\" \/>\n\t<meta property=\"og:image:width\" content=\"3719\" \/>\n\t<meta property=\"og:image:height\" content=\"2265\" \/>\n\t<meta property=\"og:image:type\" content=\"image\/png\" \/>\n<meta name=\"author\" content=\"paula\" \/>\n<meta name=\"twitter:card\" content=\"summary_large_image\" \/>\n<meta name=\"twitter:creator\" content=\"@BiblioBlanes\" \/>\n<meta name=\"twitter:site\" content=\"@BiblioBlanes\" \/>\n<meta name=\"twitter:label1\" content=\"Escrit per\" \/>\n\t<meta name=\"twitter:data1\" content=\"paula\" \/>\n\t<meta name=\"twitter:label2\" content=\"Temps estimat de lectura\" \/>\n\t<meta name=\"twitter:data2\" content=\"4 minuts\" \/>\n<script type=\"application\/ld+json\" class=\"yoast-schema-graph\">{\"@context\":\"https:\\\/\\\/schema.org\",\"@graph\":[{\"@type\":\"Article\",\"@id\":\"https:\\\/\\\/biblioteca.blanes.cat\\\/salajove\\\/2017\\\/09\\\/20\\\/larbre-de-les-mentides\\\/#article\",\"isPartOf\":{\"@id\":\"https:\\\/\\\/biblioteca.blanes.cat\\\/salajove\\\/2017\\\/09\\\/20\\\/larbre-de-les-mentides\\\/\"},\"author\":{\"name\":\"paula\",\"@id\":\"https:\\\/\\\/biblioteca.blanes.cat\\\/salajove\\\/#\\\/schema\\\/person\\\/8dbc45cdf5d1c7e2d100d147517ba7f3\"},\"headline\":\"L&#8217;ARBRE DE LES MENTIDES de Frances Hardinge\",\"datePublished\":\"2017-09-20T16:37:55+00:00\",\"dateModified\":\"2018-01-22T10:37:10+00:00\",\"mainEntityOfPage\":{\"@id\":\"https:\\\/\\\/biblioteca.blanes.cat\\\/salajove\\\/2017\\\/09\\\/20\\\/larbre-de-les-mentides\\\/\"},\"wordCount\":825,\"commentCount\":0,\"publisher\":{\"@id\":\"https:\\\/\\\/biblioteca.blanes.cat\\\/salajove\\\/#organization\"},\"image\":{\"@id\":\"https:\\\/\\\/biblioteca.blanes.cat\\\/salajove\\\/2017\\\/09\\\/20\\\/larbre-de-les-mentides\\\/#primaryimage\"},\"thumbnailUrl\":\"https:\\\/\\\/biblioteca.blanes.cat\\\/salajove\\\/wp-content\\\/uploads\\\/sites\\\/3\\\/2017\\\/10\\\/Destacat_rac\u00f3_Paula.png\",\"keywords\":[\"#ElRac\u00f3delaPaula\",\"#Lectura\",\"#Llibres\",\"#Sinopsi\"],\"articleSection\":[\"Rac\u00f3 de la Paula\",\"RP_Novetat\"],\"inLanguage\":\"ca\",\"potentialAction\":[{\"@type\":\"CommentAction\",\"name\":\"Comment\",\"target\":[\"https:\\\/\\\/biblioteca.blanes.cat\\\/salajove\\\/2017\\\/09\\\/20\\\/larbre-de-les-mentides\\\/#respond\"]}]},{\"@type\":\"WebPage\",\"@id\":\"https:\\\/\\\/biblioteca.blanes.cat\\\/salajove\\\/2017\\\/09\\\/20\\\/larbre-de-les-mentides\\\/\",\"url\":\"https:\\\/\\\/biblioteca.blanes.cat\\\/salajove\\\/2017\\\/09\\\/20\\\/larbre-de-les-mentides\\\/\",\"name\":\"L'ARBRE DE LES MENTIDES de Frances Hardinge - Sala Jove\",\"isPartOf\":{\"@id\":\"https:\\\/\\\/biblioteca.blanes.cat\\\/salajove\\\/#website\"},\"primaryImageOfPage\":{\"@id\":\"https:\\\/\\\/biblioteca.blanes.cat\\\/salajove\\\/2017\\\/09\\\/20\\\/larbre-de-les-mentides\\\/#primaryimage\"},\"image\":{\"@id\":\"https:\\\/\\\/biblioteca.blanes.cat\\\/salajove\\\/2017\\\/09\\\/20\\\/larbre-de-les-mentides\\\/#primaryimage\"},\"thumbnailUrl\":\"https:\\\/\\\/biblioteca.blanes.cat\\\/salajove\\\/wp-content\\\/uploads\\\/sites\\\/3\\\/2017\\\/10\\\/Destacat_rac\u00f3_Paula.png\",\"datePublished\":\"2017-09-20T16:37:55+00:00\",\"dateModified\":\"2018-01-22T10:37:10+00:00\",\"description\":\"L\u2019arbre de les mentides \u00e9s la setena novel\u00b7la de l\u2019autora Frances Hardinge. La Faith \u00e9s una noia molt intel\u00b7ligent que li encanta la ci\u00e8ncia.\",\"breadcrumb\":{\"@id\":\"https:\\\/\\\/biblioteca.blanes.cat\\\/salajove\\\/2017\\\/09\\\/20\\\/larbre-de-les-mentides\\\/#breadcrumb\"},\"inLanguage\":\"ca\",\"potentialAction\":[{\"@type\":\"ReadAction\",\"target\":[\"https:\\\/\\\/biblioteca.blanes.cat\\\/salajove\\\/2017\\\/09\\\/20\\\/larbre-de-les-mentides\\\/\"]}]},{\"@type\":\"ImageObject\",\"inLanguage\":\"ca\",\"@id\":\"https:\\\/\\\/biblioteca.blanes.cat\\\/salajove\\\/2017\\\/09\\\/20\\\/larbre-de-les-mentides\\\/#primaryimage\",\"url\":\"https:\\\/\\\/biblioteca.blanes.cat\\\/salajove\\\/wp-content\\\/uploads\\\/sites\\\/3\\\/2017\\\/10\\\/Destacat_rac\u00f3_Paula.png\",\"contentUrl\":\"https:\\\/\\\/biblioteca.blanes.cat\\\/salajove\\\/wp-content\\\/uploads\\\/sites\\\/3\\\/2017\\\/10\\\/Destacat_rac\u00f3_Paula.png\",\"width\":3719,\"height\":2265,\"caption\":\"Rac\u00f3 de la Paula\"},{\"@type\":\"BreadcrumbList\",\"@id\":\"https:\\\/\\\/biblioteca.blanes.cat\\\/salajove\\\/2017\\\/09\\\/20\\\/larbre-de-les-mentides\\\/#breadcrumb\",\"itemListElement\":[{\"@type\":\"ListItem\",\"position\":1,\"name\":\"Inici\",\"item\":\"https:\\\/\\\/biblioteca.blanes.cat\\\/salajove\\\/\"},{\"@type\":\"ListItem\",\"position\":2,\"name\":\"L&#8217;ARBRE DE LES MENTIDES de Frances Hardinge\"}]},{\"@type\":\"WebSite\",\"@id\":\"https:\\\/\\\/biblioteca.blanes.cat\\\/salajove\\\/#website\",\"url\":\"https:\\\/\\\/biblioteca.blanes.cat\\\/salajove\\\/\",\"name\":\"Sala Jove\",\"description\":\"Biblioteca Comarcal de Blanes\",\"publisher\":{\"@id\":\"https:\\\/\\\/biblioteca.blanes.cat\\\/salajove\\\/#organization\"},\"potentialAction\":[{\"@type\":\"SearchAction\",\"target\":{\"@type\":\"EntryPoint\",\"urlTemplate\":\"https:\\\/\\\/biblioteca.blanes.cat\\\/salajove\\\/?s={search_term_string}\"},\"query-input\":{\"@type\":\"PropertyValueSpecification\",\"valueRequired\":true,\"valueName\":\"search_term_string\"}}],\"inLanguage\":\"ca\"},{\"@type\":\"Organization\",\"@id\":\"https:\\\/\\\/biblioteca.blanes.cat\\\/salajove\\\/#organization\",\"name\":\"Biblioteca Comarcal de Blanes\",\"url\":\"https:\\\/\\\/biblioteca.blanes.cat\\\/salajove\\\/\",\"logo\":{\"@type\":\"ImageObject\",\"inLanguage\":\"ca\",\"@id\":\"https:\\\/\\\/biblioteca.blanes.cat\\\/salajove\\\/#\\\/schema\\\/logo\\\/image\\\/\",\"url\":\"https:\\\/\\\/biblioteca.blanes.cat\\\/salajove\\\/wp-content\\\/uploads\\\/sites\\\/3\\\/2017\\\/09\\\/cropped-Bib-blau-e1518869380535.png\",\"contentUrl\":\"https:\\\/\\\/biblioteca.blanes.cat\\\/salajove\\\/wp-content\\\/uploads\\\/sites\\\/3\\\/2017\\\/09\\\/cropped-Bib-blau-e1518869380535.png\",\"width\":166,\"height\":166,\"caption\":\"Biblioteca Comarcal de Blanes\"},\"image\":{\"@id\":\"https:\\\/\\\/biblioteca.blanes.cat\\\/salajove\\\/#\\\/schema\\\/logo\\\/image\\\/\"},\"sameAs\":[\"https:\\\/\\\/www.facebook.com\\\/BilbiotecaComarcaldeBlanes\\\/\",\"https:\\\/\\\/x.com\\\/BiblioBlanes\",\"https:\\\/\\\/www.instagram.com\\\/biblioblanes\\\/\",\"https:\\\/\\\/www.pinterest.es\\\/bblanes\\\/\",\"https:\\\/\\\/www.youtube.com\\\/c\\\/BibliotecaComarcalBlanes\"]},{\"@type\":\"Person\",\"@id\":\"https:\\\/\\\/biblioteca.blanes.cat\\\/salajove\\\/#\\\/schema\\\/person\\\/8dbc45cdf5d1c7e2d100d147517ba7f3\",\"name\":\"paula\",\"image\":{\"@type\":\"ImageObject\",\"inLanguage\":\"ca\",\"@id\":\"https:\\\/\\\/secure.gravatar.com\\\/avatar\\\/7dc0a9399589f36ddc6864e8335b73854871aa22921ee390cb50776e7ddfc136?s=96&d=mm&r=g\",\"url\":\"https:\\\/\\\/secure.gravatar.com\\\/avatar\\\/7dc0a9399589f36ddc6864e8335b73854871aa22921ee390cb50776e7ddfc136?s=96&d=mm&r=g\",\"contentUrl\":\"https:\\\/\\\/secure.gravatar.com\\\/avatar\\\/7dc0a9399589f36ddc6864e8335b73854871aa22921ee390cb50776e7ddfc136?s=96&d=mm&r=g\",\"caption\":\"paula\"},\"url\":\"https:\\\/\\\/biblioteca.blanes.cat\\\/salajove\\\/author\\\/paula\\\/\"}]}<\/script>\n<!-- \/ Yoast SEO plugin. -->","yoast_head_json":{"title":"L'ARBRE DE LES MENTIDES de Frances Hardinge - Sala Jove","description":"L\u2019arbre de les mentides \u00e9s la setena novel\u00b7la de l\u2019autora Frances Hardinge. La Faith \u00e9s una noia molt intel\u00b7ligent que li encanta la ci\u00e8ncia.","robots":{"index":"index","follow":"follow","max-snippet":"max-snippet:-1","max-image-preview":"max-image-preview:large","max-video-preview":"max-video-preview:-1"},"canonical":"https:\/\/biblioteca.blanes.cat\/salajove\/2017\/09\/20\/larbre-de-les-mentides\/","og_locale":"ca_ES","og_type":"article","og_title":"L'ARBRE DE LES MENTIDES de Frances Hardinge - Sala Jove","og_description":"L\u2019arbre de les mentides \u00e9s la setena novel\u00b7la de l\u2019autora Frances Hardinge. La Faith \u00e9s una noia molt intel\u00b7ligent que li encanta la ci\u00e8ncia.","og_url":"https:\/\/biblioteca.blanes.cat\/salajove\/2017\/09\/20\/larbre-de-les-mentides\/","og_site_name":"Sala Jove","article_publisher":"https:\/\/www.facebook.com\/BilbiotecaComarcaldeBlanes\/","article_published_time":"2017-09-20T16:37:55+00:00","article_modified_time":"2018-01-22T10:37:10+00:00","og_image":[{"width":3719,"height":2265,"url":"https:\/\/biblioteca.blanes.cat\/salajove\/wp-content\/uploads\/sites\/3\/2017\/10\/Destacat_rac\u00f3_Paula.png","type":"image\/png"}],"author":"paula","twitter_card":"summary_large_image","twitter_creator":"@BiblioBlanes","twitter_site":"@BiblioBlanes","twitter_misc":{"Escrit per":"paula","Temps estimat de lectura":"4 minuts"},"schema":{"@context":"https:\/\/schema.org","@graph":[{"@type":"Article","@id":"https:\/\/biblioteca.blanes.cat\/salajove\/2017\/09\/20\/larbre-de-les-mentides\/#article","isPartOf":{"@id":"https:\/\/biblioteca.blanes.cat\/salajove\/2017\/09\/20\/larbre-de-les-mentides\/"},"author":{"name":"paula","@id":"https:\/\/biblioteca.blanes.cat\/salajove\/#\/schema\/person\/8dbc45cdf5d1c7e2d100d147517ba7f3"},"headline":"L&#8217;ARBRE DE LES MENTIDES de Frances Hardinge","datePublished":"2017-09-20T16:37:55+00:00","dateModified":"2018-01-22T10:37:10+00:00","mainEntityOfPage":{"@id":"https:\/\/biblioteca.blanes.cat\/salajove\/2017\/09\/20\/larbre-de-les-mentides\/"},"wordCount":825,"commentCount":0,"publisher":{"@id":"https:\/\/biblioteca.blanes.cat\/salajove\/#organization"},"image":{"@id":"https:\/\/biblioteca.blanes.cat\/salajove\/2017\/09\/20\/larbre-de-les-mentides\/#primaryimage"},"thumbnailUrl":"https:\/\/biblioteca.blanes.cat\/salajove\/wp-content\/uploads\/sites\/3\/2017\/10\/Destacat_rac\u00f3_Paula.png","keywords":["#ElRac\u00f3delaPaula","#Lectura","#Llibres","#Sinopsi"],"articleSection":["Rac\u00f3 de la Paula","RP_Novetat"],"inLanguage":"ca","potentialAction":[{"@type":"CommentAction","name":"Comment","target":["https:\/\/biblioteca.blanes.cat\/salajove\/2017\/09\/20\/larbre-de-les-mentides\/#respond"]}]},{"@type":"WebPage","@id":"https:\/\/biblioteca.blanes.cat\/salajove\/2017\/09\/20\/larbre-de-les-mentides\/","url":"https:\/\/biblioteca.blanes.cat\/salajove\/2017\/09\/20\/larbre-de-les-mentides\/","name":"L'ARBRE DE LES MENTIDES de Frances Hardinge - Sala Jove","isPartOf":{"@id":"https:\/\/biblioteca.blanes.cat\/salajove\/#website"},"primaryImageOfPage":{"@id":"https:\/\/biblioteca.blanes.cat\/salajove\/2017\/09\/20\/larbre-de-les-mentides\/#primaryimage"},"image":{"@id":"https:\/\/biblioteca.blanes.cat\/salajove\/2017\/09\/20\/larbre-de-les-mentides\/#primaryimage"},"thumbnailUrl":"https:\/\/biblioteca.blanes.cat\/salajove\/wp-content\/uploads\/sites\/3\/2017\/10\/Destacat_rac\u00f3_Paula.png","datePublished":"2017-09-20T16:37:55+00:00","dateModified":"2018-01-22T10:37:10+00:00","description":"L\u2019arbre de les mentides \u00e9s la setena novel\u00b7la de l\u2019autora Frances Hardinge. La Faith \u00e9s una noia molt intel\u00b7ligent que li encanta la ci\u00e8ncia.","breadcrumb":{"@id":"https:\/\/biblioteca.blanes.cat\/salajove\/2017\/09\/20\/larbre-de-les-mentides\/#breadcrumb"},"inLanguage":"ca","potentialAction":[{"@type":"ReadAction","target":["https:\/\/biblioteca.blanes.cat\/salajove\/2017\/09\/20\/larbre-de-les-mentides\/"]}]},{"@type":"ImageObject","inLanguage":"ca","@id":"https:\/\/biblioteca.blanes.cat\/salajove\/2017\/09\/20\/larbre-de-les-mentides\/#primaryimage","url":"https:\/\/biblioteca.blanes.cat\/salajove\/wp-content\/uploads\/sites\/3\/2017\/10\/Destacat_rac\u00f3_Paula.png","contentUrl":"https:\/\/biblioteca.blanes.cat\/salajove\/wp-content\/uploads\/sites\/3\/2017\/10\/Destacat_rac\u00f3_Paula.png","width":3719,"height":2265,"caption":"Rac\u00f3 de la Paula"},{"@type":"BreadcrumbList","@id":"https:\/\/biblioteca.blanes.cat\/salajove\/2017\/09\/20\/larbre-de-les-mentides\/#breadcrumb","itemListElement":[{"@type":"ListItem","position":1,"name":"Inici","item":"https:\/\/biblioteca.blanes.cat\/salajove\/"},{"@type":"ListItem","position":2,"name":"L&#8217;ARBRE DE LES MENTIDES de Frances Hardinge"}]},{"@type":"WebSite","@id":"https:\/\/biblioteca.blanes.cat\/salajove\/#website","url":"https:\/\/biblioteca.blanes.cat\/salajove\/","name":"Sala Jove","description":"Biblioteca Comarcal de Blanes","publisher":{"@id":"https:\/\/biblioteca.blanes.cat\/salajove\/#organization"},"potentialAction":[{"@type":"SearchAction","target":{"@type":"EntryPoint","urlTemplate":"https:\/\/biblioteca.blanes.cat\/salajove\/?s={search_term_string}"},"query-input":{"@type":"PropertyValueSpecification","valueRequired":true,"valueName":"search_term_string"}}],"inLanguage":"ca"},{"@type":"Organization","@id":"https:\/\/biblioteca.blanes.cat\/salajove\/#organization","name":"Biblioteca Comarcal de Blanes","url":"https:\/\/biblioteca.blanes.cat\/salajove\/","logo":{"@type":"ImageObject","inLanguage":"ca","@id":"https:\/\/biblioteca.blanes.cat\/salajove\/#\/schema\/logo\/image\/","url":"https:\/\/biblioteca.blanes.cat\/salajove\/wp-content\/uploads\/sites\/3\/2017\/09\/cropped-Bib-blau-e1518869380535.png","contentUrl":"https:\/\/biblioteca.blanes.cat\/salajove\/wp-content\/uploads\/sites\/3\/2017\/09\/cropped-Bib-blau-e1518869380535.png","width":166,"height":166,"caption":"Biblioteca Comarcal de Blanes"},"image":{"@id":"https:\/\/biblioteca.blanes.cat\/salajove\/#\/schema\/logo\/image\/"},"sameAs":["https:\/\/www.facebook.com\/BilbiotecaComarcaldeBlanes\/","https:\/\/x.com\/BiblioBlanes","https:\/\/www.instagram.com\/biblioblanes\/","https:\/\/www.pinterest.es\/bblanes\/","https:\/\/www.youtube.com\/c\/BibliotecaComarcalBlanes"]},{"@type":"Person","@id":"https:\/\/biblioteca.blanes.cat\/salajove\/#\/schema\/person\/8dbc45cdf5d1c7e2d100d147517ba7f3","name":"paula","image":{"@type":"ImageObject","inLanguage":"ca","@id":"https:\/\/secure.gravatar.com\/avatar\/7dc0a9399589f36ddc6864e8335b73854871aa22921ee390cb50776e7ddfc136?s=96&d=mm&r=g","url":"https:\/\/secure.gravatar.com\/avatar\/7dc0a9399589f36ddc6864e8335b73854871aa22921ee390cb50776e7ddfc136?s=96&d=mm&r=g","contentUrl":"https:\/\/secure.gravatar.com\/avatar\/7dc0a9399589f36ddc6864e8335b73854871aa22921ee390cb50776e7ddfc136?s=96&d=mm&r=g","caption":"paula"},"url":"https:\/\/biblioteca.blanes.cat\/salajove\/author\/paula\/"}]}},"_links":{"self":[{"href":"https:\/\/biblioteca.blanes.cat\/salajove\/wp-json\/wp\/v2\/posts\/843","targetHints":{"allow":["GET"]}}],"collection":[{"href":"https:\/\/biblioteca.blanes.cat\/salajove\/wp-json\/wp\/v2\/posts"}],"about":[{"href":"https:\/\/biblioteca.blanes.cat\/salajove\/wp-json\/wp\/v2\/types\/post"}],"author":[{"embeddable":true,"href":"https:\/\/biblioteca.blanes.cat\/salajove\/wp-json\/wp\/v2\/users\/6"}],"replies":[{"embeddable":true,"href":"https:\/\/biblioteca.blanes.cat\/salajove\/wp-json\/wp\/v2\/comments?post=843"}],"version-history":[{"count":4,"href":"https:\/\/biblioteca.blanes.cat\/salajove\/wp-json\/wp\/v2\/posts\/843\/revisions"}],"predecessor-version":[{"id":847,"href":"https:\/\/biblioteca.blanes.cat\/salajove\/wp-json\/wp\/v2\/posts\/843\/revisions\/847"}],"wp:featuredmedia":[{"embeddable":true,"href":"https:\/\/biblioteca.blanes.cat\/salajove\/wp-json\/wp\/v2\/media\/154"}],"wp:attachment":[{"href":"https:\/\/biblioteca.blanes.cat\/salajove\/wp-json\/wp\/v2\/media?parent=843"}],"wp:term":[{"taxonomy":"category","embeddable":true,"href":"https:\/\/biblioteca.blanes.cat\/salajove\/wp-json\/wp\/v2\/categories?post=843"},{"taxonomy":"post_tag","embeddable":true,"href":"https:\/\/biblioteca.blanes.cat\/salajove\/wp-json\/wp\/v2\/tags?post=843"}],"curies":[{"name":"wp","href":"https:\/\/api.w.org\/{rel}","templated":true}]}}