{"id":838,"date":"2017-09-20T17:25:00","date_gmt":"2017-09-20T16:25:00","guid":{"rendered":"https:\/\/biblioteca.blanes.cat\/salajove\/?p=838"},"modified":"2018-01-22T11:37:29","modified_gmt":"2018-01-22T10:37:29","slug":"838","status":"publish","type":"post","link":"https:\/\/biblioteca.blanes.cat\/salajove\/2017\/09\/20\/838\/","title":{"rendered":"ESTRANYS  de Kimberly McCreight"},"content":{"rendered":"<h4 style=\"text-align: center\"><img fetchpriority=\"high\" decoding=\"async\" class=\"alignright\" src=\"https:\/\/imagessl4.casadellibro.com\/a\/l\/t0\/94\/9788490437094.jpg\" width=\"233\" height=\"336\" \/>El foc espetega, gemega de tant en tant. M\u2019agrada mirar-lo i escoltar-lo. El seu xiuxiueig mentre va cremant poc a poc em tranquil\u00b7litza. M&#8217;agrada seure a la vora de la llar de foc, sentir les seves c\u00e0lides car\u00edcies mentre escric petits relats, petits bocinets de vides paral\u00b7leles. S\u00f3n petits plaers de les nits d&#8217;hivern que ja s&#8217;oloren. De sobte m&#8217;arriba la flaire de les castanyes ben torrades i em recorda que \u00e9s la nit de Halloween. \u00c9s la nit dels fantasmes amb cadenes gastades, d&#8217;essers malignes disfressats de pallassos, dimonis maquillats, de zombies despentinats. I tota mena de personatges perversos que passegen pels nostres carrers. Jo prefereixo ser aqu\u00ed, llegint novel\u00b7les de misteri i menjant castanyes vora el foc.<\/h4>\n<p>Tot just avui he acabat el llibre de Estranys de la Kimberly McCreight.<\/p>\n<p>He llegit que la Kimberly McCreight \u00e9s una autora nord-americana. Durant molt de temps es va intentar conv\u00e8ncer ella mateixa per a no dedicar-se a l&#8217;escriptura pensant que no era prou bona per fer-ho. Va estudiar dret i va comen\u00e7ar a treballar com advocada. A les nits es dedicava a all\u00f2 que a ella l&#8217;omplia m\u00e9s, escriure relats. Quan de sobte el seu marit t\u00e9 que marxar a treballar a Londres durant un any, ella decideix acompanyar-lo, apartar la feina d&#8217;advocada i es fa la promesa a ella mateixa que si durant aquest any aconsegueix escriure un llibre i vendre&#8217;l dedicaria la resta de la seva vida a escriure. Va anar a classes per a escriure i es va submergir en el m\u00f3n literari i al cap de 6 meses ja tenia la novel\u00b7la acabada.<\/p>\n<p>La realitat i el misteri, la superviv\u00e8ncia, la por i el p\u00e0nic es barregen amb la fantasia i la ci\u00e8ncia ficci\u00f3 en un hist\u00f2ria diferent. \u00c9s un thriller, ideal per llegir en una freda nit vora la llar de foc.<\/p>\n<p>\u00c9s un llibre de misteri amb molts secrets per part de tots els personatges.<br \/>\n La hist\u00f2ria comen\u00e7a quan la Cassie desapareix deixant una s\u00e8rie de missatges. La seva millor amiga Wylie acompanyada d&#8217;en Jasper, el xicot de la Cassie, s\u2019endinsaran en els frondosos boscos de Maine per trobar-la, seguint les pistes que la Cassie va deixant.<br \/>\n La primera pista \u00e9s un whatsapp \u201cCondueix cap al nord\u201d. \u201cDe pressa\u201d<\/p>\n<h3 style=\"text-align: center\">La Wyle \u00e9s el personatge que m\u00e9s m\u2019ha agradat. Sap deixar en darrera les seves pors i inseguretats per salvar a la seva amiga. Per\u00f2 el que no sap la Wylie \u00e9s el secret de la seva amiga. Un secret que ens conduir\u00e0 de manera trepidant fins al final del llibre, deixant portes obertes que es tancaran en la segona entrega de la saga, suposo.<\/h3>\n<p>Frases:<\/p>\n<p>\u201cEn el bosc hi ha perills que no coneixes. I a vegades, encara que pensis que tens ajuda, pots estar sola\u201d<\/p>\n<p>\u201cQuan no pots confiar en ning\u00fa, nom\u00e9s et queda la instint\u201d<\/p>\n<p>I ara unes an\u00e8cdotes:<\/p>\n<p>*He llegit als bloggers de lectura amb m\u00e9s seguidors del m\u00f3n l\u2019editorial quan va publicar el llibre aquest passat setembre els hi va enviar una misteriosa capsa, a dins hi havia: un mapa EEUU, una br\u00faixola, mistos i un missatge que deia \u201cCondueix cap al nord\u201d. \u201cDe pressa\u201d.<\/p>\n<p>No sabem segur quan es publicar\u00e0 la segona entrega, ni tant sols sabem si l\u2019autora ja l\u2019ha escrit, nom\u00e9s espero que no tardi gaire.<\/p>\n<p>La nit de Halloween s\u2019acaba, i els carrers van quedant muts.<\/p>\n<p>Els \u00e9ssers malignes marxen de Blanes i es tornen amagar en els abismes m\u00e9s profunds i foscos de les nostres ments\u2026<\/p>\n","protected":false},"excerpt":{"rendered":"<p>El foc espetega, gemega de tant en tant. M\u2019agrada mirar-lo i escoltar-lo. El seu xiuxiueig mentre va cremant poc a poc em tranquil\u00b7litza. M&#8217;agrada seure a la vora de la llar de foc, sentir les seves c\u00e0lides car\u00edcies mentre escric<\/p>\n","protected":false},"author":6,"featured_media":154,"comment_status":"open","ping_status":"open","sticky":false,"template":"","format":"standard","meta":{"sfsi_plus_gutenberg_text_before_share":"","sfsi_plus_gutenberg_show_text_before_share":"","sfsi_plus_gutenberg_icon_type":"","sfsi_plus_gutenberg_icon_alignemt":"","sfsi_plus_gutenburg_max_per_row":"","footnotes":""},"categories":[9,10],"tags":[33,26,19,21,23],"class_list":["post-838","post","type-post","status-publish","format-standard","has-post-thumbnail","hentry","category-raco-de-la-paula","category-novetat","tag-el-raco-de-la-paula","tag-lectura","tag-literatura","tag-llibres","tag-sinopsi"],"yoast_head":"<!-- This site is optimized with the Yoast SEO plugin v27.5 - https:\/\/yoast.com\/product\/yoast-seo-wordpress\/ -->\n<title>El Rac\u00f3 de la Paula: ESTRANYS de Kimberly McCreight - Sala Jove<\/title>\n<meta name=\"description\" content=\"El misteri, la superviv\u00e8ncia, la por i el p\u00e0nic es barregen amb la fantasia i la ci\u00e8ncia ficci\u00f3 en un hist\u00f2ria diferent de la Kimberly McCreight.\" \/>\n<meta name=\"robots\" content=\"index, follow, max-snippet:-1, max-image-preview:large, max-video-preview:-1\" \/>\n<link rel=\"canonical\" href=\"https:\/\/biblioteca.blanes.cat\/salajove\/2017\/09\/20\/838\/\" \/>\n<meta property=\"og:locale\" content=\"ca_ES\" \/>\n<meta property=\"og:type\" content=\"article\" \/>\n<meta property=\"og:title\" content=\"El Rac\u00f3 de la Paula: ESTRANYS de Kimberly McCreight - Sala Jove\" \/>\n<meta property=\"og:description\" content=\"El misteri, la superviv\u00e8ncia, la por i el p\u00e0nic es barregen amb la fantasia i la ci\u00e8ncia ficci\u00f3 en un hist\u00f2ria diferent de la Kimberly McCreight.\" \/>\n<meta property=\"og:url\" content=\"https:\/\/biblioteca.blanes.cat\/salajove\/2017\/09\/20\/838\/\" \/>\n<meta property=\"og:site_name\" content=\"Sala Jove\" \/>\n<meta property=\"article:publisher\" content=\"https:\/\/www.facebook.com\/BilbiotecaComarcaldeBlanes\/\" \/>\n<meta property=\"article:published_time\" content=\"2017-09-20T16:25:00+00:00\" \/>\n<meta property=\"article:modified_time\" content=\"2018-01-22T10:37:29+00:00\" \/>\n<meta property=\"og:image\" content=\"https:\/\/biblioteca.blanes.cat\/salajove\/wp-content\/uploads\/sites\/3\/2017\/10\/Destacat_rac\u00f3_Paula.png\" \/>\n\t<meta property=\"og:image:width\" content=\"3719\" \/>\n\t<meta property=\"og:image:height\" content=\"2265\" \/>\n\t<meta property=\"og:image:type\" content=\"image\/png\" \/>\n<meta name=\"author\" content=\"paula\" \/>\n<meta name=\"twitter:card\" content=\"summary_large_image\" \/>\n<meta name=\"twitter:creator\" content=\"@BiblioBlanes\" \/>\n<meta name=\"twitter:site\" content=\"@BiblioBlanes\" \/>\n<meta name=\"twitter:label1\" content=\"Escrit per\" \/>\n\t<meta name=\"twitter:data1\" content=\"paula\" \/>\n\t<meta name=\"twitter:label2\" content=\"Temps estimat de lectura\" \/>\n\t<meta name=\"twitter:data2\" content=\"3 minuts\" \/>\n<script type=\"application\/ld+json\" class=\"yoast-schema-graph\">{\"@context\":\"https:\\\/\\\/schema.org\",\"@graph\":[{\"@type\":\"Article\",\"@id\":\"https:\\\/\\\/biblioteca.blanes.cat\\\/salajove\\\/2017\\\/09\\\/20\\\/838\\\/#article\",\"isPartOf\":{\"@id\":\"https:\\\/\\\/biblioteca.blanes.cat\\\/salajove\\\/2017\\\/09\\\/20\\\/838\\\/\"},\"author\":{\"name\":\"paula\",\"@id\":\"https:\\\/\\\/biblioteca.blanes.cat\\\/salajove\\\/#\\\/schema\\\/person\\\/8dbc45cdf5d1c7e2d100d147517ba7f3\"},\"headline\":\"ESTRANYS de Kimberly McCreight\",\"datePublished\":\"2017-09-20T16:25:00+00:00\",\"dateModified\":\"2018-01-22T10:37:29+00:00\",\"mainEntityOfPage\":{\"@id\":\"https:\\\/\\\/biblioteca.blanes.cat\\\/salajove\\\/2017\\\/09\\\/20\\\/838\\\/\"},\"wordCount\":627,\"commentCount\":0,\"publisher\":{\"@id\":\"https:\\\/\\\/biblioteca.blanes.cat\\\/salajove\\\/#organization\"},\"image\":{\"@id\":\"https:\\\/\\\/biblioteca.blanes.cat\\\/salajove\\\/2017\\\/09\\\/20\\\/838\\\/#primaryimage\"},\"thumbnailUrl\":\"https:\\\/\\\/biblioteca.blanes.cat\\\/salajove\\\/wp-content\\\/uploads\\\/sites\\\/3\\\/2017\\\/10\\\/Destacat_rac\u00f3_Paula.png\",\"keywords\":[\"#ElRac\u00f3delaPaula\",\"#Lectura\",\"#Literatura\",\"#Llibres\",\"#Sinopsi\"],\"articleSection\":[\"Rac\u00f3 de la Paula\",\"RP_Novetat\"],\"inLanguage\":\"ca\",\"potentialAction\":[{\"@type\":\"CommentAction\",\"name\":\"Comment\",\"target\":[\"https:\\\/\\\/biblioteca.blanes.cat\\\/salajove\\\/2017\\\/09\\\/20\\\/838\\\/#respond\"]}]},{\"@type\":\"WebPage\",\"@id\":\"https:\\\/\\\/biblioteca.blanes.cat\\\/salajove\\\/2017\\\/09\\\/20\\\/838\\\/\",\"url\":\"https:\\\/\\\/biblioteca.blanes.cat\\\/salajove\\\/2017\\\/09\\\/20\\\/838\\\/\",\"name\":\"El Rac\u00f3 de la Paula: ESTRANYS de Kimberly McCreight - Sala Jove\",\"isPartOf\":{\"@id\":\"https:\\\/\\\/biblioteca.blanes.cat\\\/salajove\\\/#website\"},\"primaryImageOfPage\":{\"@id\":\"https:\\\/\\\/biblioteca.blanes.cat\\\/salajove\\\/2017\\\/09\\\/20\\\/838\\\/#primaryimage\"},\"image\":{\"@id\":\"https:\\\/\\\/biblioteca.blanes.cat\\\/salajove\\\/2017\\\/09\\\/20\\\/838\\\/#primaryimage\"},\"thumbnailUrl\":\"https:\\\/\\\/biblioteca.blanes.cat\\\/salajove\\\/wp-content\\\/uploads\\\/sites\\\/3\\\/2017\\\/10\\\/Destacat_rac\u00f3_Paula.png\",\"datePublished\":\"2017-09-20T16:25:00+00:00\",\"dateModified\":\"2018-01-22T10:37:29+00:00\",\"description\":\"El misteri, la superviv\u00e8ncia, la por i el p\u00e0nic es barregen amb la fantasia i la ci\u00e8ncia ficci\u00f3 en un hist\u00f2ria diferent de la Kimberly McCreight.\",\"breadcrumb\":{\"@id\":\"https:\\\/\\\/biblioteca.blanes.cat\\\/salajove\\\/2017\\\/09\\\/20\\\/838\\\/#breadcrumb\"},\"inLanguage\":\"ca\",\"potentialAction\":[{\"@type\":\"ReadAction\",\"target\":[\"https:\\\/\\\/biblioteca.blanes.cat\\\/salajove\\\/2017\\\/09\\\/20\\\/838\\\/\"]}]},{\"@type\":\"ImageObject\",\"inLanguage\":\"ca\",\"@id\":\"https:\\\/\\\/biblioteca.blanes.cat\\\/salajove\\\/2017\\\/09\\\/20\\\/838\\\/#primaryimage\",\"url\":\"https:\\\/\\\/biblioteca.blanes.cat\\\/salajove\\\/wp-content\\\/uploads\\\/sites\\\/3\\\/2017\\\/10\\\/Destacat_rac\u00f3_Paula.png\",\"contentUrl\":\"https:\\\/\\\/biblioteca.blanes.cat\\\/salajove\\\/wp-content\\\/uploads\\\/sites\\\/3\\\/2017\\\/10\\\/Destacat_rac\u00f3_Paula.png\",\"width\":3719,\"height\":2265,\"caption\":\"Rac\u00f3 de la Paula\"},{\"@type\":\"BreadcrumbList\",\"@id\":\"https:\\\/\\\/biblioteca.blanes.cat\\\/salajove\\\/2017\\\/09\\\/20\\\/838\\\/#breadcrumb\",\"itemListElement\":[{\"@type\":\"ListItem\",\"position\":1,\"name\":\"Inici\",\"item\":\"https:\\\/\\\/biblioteca.blanes.cat\\\/salajove\\\/\"},{\"@type\":\"ListItem\",\"position\":2,\"name\":\"ESTRANYS de Kimberly McCreight\"}]},{\"@type\":\"WebSite\",\"@id\":\"https:\\\/\\\/biblioteca.blanes.cat\\\/salajove\\\/#website\",\"url\":\"https:\\\/\\\/biblioteca.blanes.cat\\\/salajove\\\/\",\"name\":\"Sala Jove\",\"description\":\"Biblioteca Comarcal de Blanes\",\"publisher\":{\"@id\":\"https:\\\/\\\/biblioteca.blanes.cat\\\/salajove\\\/#organization\"},\"potentialAction\":[{\"@type\":\"SearchAction\",\"target\":{\"@type\":\"EntryPoint\",\"urlTemplate\":\"https:\\\/\\\/biblioteca.blanes.cat\\\/salajove\\\/?s={search_term_string}\"},\"query-input\":{\"@type\":\"PropertyValueSpecification\",\"valueRequired\":true,\"valueName\":\"search_term_string\"}}],\"inLanguage\":\"ca\"},{\"@type\":\"Organization\",\"@id\":\"https:\\\/\\\/biblioteca.blanes.cat\\\/salajove\\\/#organization\",\"name\":\"Biblioteca Comarcal de Blanes\",\"url\":\"https:\\\/\\\/biblioteca.blanes.cat\\\/salajove\\\/\",\"logo\":{\"@type\":\"ImageObject\",\"inLanguage\":\"ca\",\"@id\":\"https:\\\/\\\/biblioteca.blanes.cat\\\/salajove\\\/#\\\/schema\\\/logo\\\/image\\\/\",\"url\":\"https:\\\/\\\/biblioteca.blanes.cat\\\/salajove\\\/wp-content\\\/uploads\\\/sites\\\/3\\\/2017\\\/09\\\/cropped-Bib-blau-e1518869380535.png\",\"contentUrl\":\"https:\\\/\\\/biblioteca.blanes.cat\\\/salajove\\\/wp-content\\\/uploads\\\/sites\\\/3\\\/2017\\\/09\\\/cropped-Bib-blau-e1518869380535.png\",\"width\":166,\"height\":166,\"caption\":\"Biblioteca Comarcal de Blanes\"},\"image\":{\"@id\":\"https:\\\/\\\/biblioteca.blanes.cat\\\/salajove\\\/#\\\/schema\\\/logo\\\/image\\\/\"},\"sameAs\":[\"https:\\\/\\\/www.facebook.com\\\/BilbiotecaComarcaldeBlanes\\\/\",\"https:\\\/\\\/x.com\\\/BiblioBlanes\",\"https:\\\/\\\/www.instagram.com\\\/biblioblanes\\\/\",\"https:\\\/\\\/www.pinterest.es\\\/bblanes\\\/\",\"https:\\\/\\\/www.youtube.com\\\/c\\\/BibliotecaComarcalBlanes\"]},{\"@type\":\"Person\",\"@id\":\"https:\\\/\\\/biblioteca.blanes.cat\\\/salajove\\\/#\\\/schema\\\/person\\\/8dbc45cdf5d1c7e2d100d147517ba7f3\",\"name\":\"paula\",\"image\":{\"@type\":\"ImageObject\",\"inLanguage\":\"ca\",\"@id\":\"https:\\\/\\\/secure.gravatar.com\\\/avatar\\\/7dc0a9399589f36ddc6864e8335b73854871aa22921ee390cb50776e7ddfc136?s=96&d=mm&r=g\",\"url\":\"https:\\\/\\\/secure.gravatar.com\\\/avatar\\\/7dc0a9399589f36ddc6864e8335b73854871aa22921ee390cb50776e7ddfc136?s=96&d=mm&r=g\",\"contentUrl\":\"https:\\\/\\\/secure.gravatar.com\\\/avatar\\\/7dc0a9399589f36ddc6864e8335b73854871aa22921ee390cb50776e7ddfc136?s=96&d=mm&r=g\",\"caption\":\"paula\"},\"url\":\"https:\\\/\\\/biblioteca.blanes.cat\\\/salajove\\\/author\\\/paula\\\/\"}]}<\/script>\n<!-- \/ Yoast SEO plugin. -->","yoast_head_json":{"title":"El Rac\u00f3 de la Paula: ESTRANYS de Kimberly McCreight - Sala Jove","description":"El misteri, la superviv\u00e8ncia, la por i el p\u00e0nic es barregen amb la fantasia i la ci\u00e8ncia ficci\u00f3 en un hist\u00f2ria diferent de la Kimberly McCreight.","robots":{"index":"index","follow":"follow","max-snippet":"max-snippet:-1","max-image-preview":"max-image-preview:large","max-video-preview":"max-video-preview:-1"},"canonical":"https:\/\/biblioteca.blanes.cat\/salajove\/2017\/09\/20\/838\/","og_locale":"ca_ES","og_type":"article","og_title":"El Rac\u00f3 de la Paula: ESTRANYS de Kimberly McCreight - Sala Jove","og_description":"El misteri, la superviv\u00e8ncia, la por i el p\u00e0nic es barregen amb la fantasia i la ci\u00e8ncia ficci\u00f3 en un hist\u00f2ria diferent de la Kimberly McCreight.","og_url":"https:\/\/biblioteca.blanes.cat\/salajove\/2017\/09\/20\/838\/","og_site_name":"Sala Jove","article_publisher":"https:\/\/www.facebook.com\/BilbiotecaComarcaldeBlanes\/","article_published_time":"2017-09-20T16:25:00+00:00","article_modified_time":"2018-01-22T10:37:29+00:00","og_image":[{"width":3719,"height":2265,"url":"https:\/\/biblioteca.blanes.cat\/salajove\/wp-content\/uploads\/sites\/3\/2017\/10\/Destacat_rac\u00f3_Paula.png","type":"image\/png"}],"author":"paula","twitter_card":"summary_large_image","twitter_creator":"@BiblioBlanes","twitter_site":"@BiblioBlanes","twitter_misc":{"Escrit per":"paula","Temps estimat de lectura":"3 minuts"},"schema":{"@context":"https:\/\/schema.org","@graph":[{"@type":"Article","@id":"https:\/\/biblioteca.blanes.cat\/salajove\/2017\/09\/20\/838\/#article","isPartOf":{"@id":"https:\/\/biblioteca.blanes.cat\/salajove\/2017\/09\/20\/838\/"},"author":{"name":"paula","@id":"https:\/\/biblioteca.blanes.cat\/salajove\/#\/schema\/person\/8dbc45cdf5d1c7e2d100d147517ba7f3"},"headline":"ESTRANYS de Kimberly McCreight","datePublished":"2017-09-20T16:25:00+00:00","dateModified":"2018-01-22T10:37:29+00:00","mainEntityOfPage":{"@id":"https:\/\/biblioteca.blanes.cat\/salajove\/2017\/09\/20\/838\/"},"wordCount":627,"commentCount":0,"publisher":{"@id":"https:\/\/biblioteca.blanes.cat\/salajove\/#organization"},"image":{"@id":"https:\/\/biblioteca.blanes.cat\/salajove\/2017\/09\/20\/838\/#primaryimage"},"thumbnailUrl":"https:\/\/biblioteca.blanes.cat\/salajove\/wp-content\/uploads\/sites\/3\/2017\/10\/Destacat_rac\u00f3_Paula.png","keywords":["#ElRac\u00f3delaPaula","#Lectura","#Literatura","#Llibres","#Sinopsi"],"articleSection":["Rac\u00f3 de la Paula","RP_Novetat"],"inLanguage":"ca","potentialAction":[{"@type":"CommentAction","name":"Comment","target":["https:\/\/biblioteca.blanes.cat\/salajove\/2017\/09\/20\/838\/#respond"]}]},{"@type":"WebPage","@id":"https:\/\/biblioteca.blanes.cat\/salajove\/2017\/09\/20\/838\/","url":"https:\/\/biblioteca.blanes.cat\/salajove\/2017\/09\/20\/838\/","name":"El Rac\u00f3 de la Paula: ESTRANYS de Kimberly McCreight - Sala Jove","isPartOf":{"@id":"https:\/\/biblioteca.blanes.cat\/salajove\/#website"},"primaryImageOfPage":{"@id":"https:\/\/biblioteca.blanes.cat\/salajove\/2017\/09\/20\/838\/#primaryimage"},"image":{"@id":"https:\/\/biblioteca.blanes.cat\/salajove\/2017\/09\/20\/838\/#primaryimage"},"thumbnailUrl":"https:\/\/biblioteca.blanes.cat\/salajove\/wp-content\/uploads\/sites\/3\/2017\/10\/Destacat_rac\u00f3_Paula.png","datePublished":"2017-09-20T16:25:00+00:00","dateModified":"2018-01-22T10:37:29+00:00","description":"El misteri, la superviv\u00e8ncia, la por i el p\u00e0nic es barregen amb la fantasia i la ci\u00e8ncia ficci\u00f3 en un hist\u00f2ria diferent de la Kimberly McCreight.","breadcrumb":{"@id":"https:\/\/biblioteca.blanes.cat\/salajove\/2017\/09\/20\/838\/#breadcrumb"},"inLanguage":"ca","potentialAction":[{"@type":"ReadAction","target":["https:\/\/biblioteca.blanes.cat\/salajove\/2017\/09\/20\/838\/"]}]},{"@type":"ImageObject","inLanguage":"ca","@id":"https:\/\/biblioteca.blanes.cat\/salajove\/2017\/09\/20\/838\/#primaryimage","url":"https:\/\/biblioteca.blanes.cat\/salajove\/wp-content\/uploads\/sites\/3\/2017\/10\/Destacat_rac\u00f3_Paula.png","contentUrl":"https:\/\/biblioteca.blanes.cat\/salajove\/wp-content\/uploads\/sites\/3\/2017\/10\/Destacat_rac\u00f3_Paula.png","width":3719,"height":2265,"caption":"Rac\u00f3 de la Paula"},{"@type":"BreadcrumbList","@id":"https:\/\/biblioteca.blanes.cat\/salajove\/2017\/09\/20\/838\/#breadcrumb","itemListElement":[{"@type":"ListItem","position":1,"name":"Inici","item":"https:\/\/biblioteca.blanes.cat\/salajove\/"},{"@type":"ListItem","position":2,"name":"ESTRANYS de Kimberly McCreight"}]},{"@type":"WebSite","@id":"https:\/\/biblioteca.blanes.cat\/salajove\/#website","url":"https:\/\/biblioteca.blanes.cat\/salajove\/","name":"Sala Jove","description":"Biblioteca Comarcal de Blanes","publisher":{"@id":"https:\/\/biblioteca.blanes.cat\/salajove\/#organization"},"potentialAction":[{"@type":"SearchAction","target":{"@type":"EntryPoint","urlTemplate":"https:\/\/biblioteca.blanes.cat\/salajove\/?s={search_term_string}"},"query-input":{"@type":"PropertyValueSpecification","valueRequired":true,"valueName":"search_term_string"}}],"inLanguage":"ca"},{"@type":"Organization","@id":"https:\/\/biblioteca.blanes.cat\/salajove\/#organization","name":"Biblioteca Comarcal de Blanes","url":"https:\/\/biblioteca.blanes.cat\/salajove\/","logo":{"@type":"ImageObject","inLanguage":"ca","@id":"https:\/\/biblioteca.blanes.cat\/salajove\/#\/schema\/logo\/image\/","url":"https:\/\/biblioteca.blanes.cat\/salajove\/wp-content\/uploads\/sites\/3\/2017\/09\/cropped-Bib-blau-e1518869380535.png","contentUrl":"https:\/\/biblioteca.blanes.cat\/salajove\/wp-content\/uploads\/sites\/3\/2017\/09\/cropped-Bib-blau-e1518869380535.png","width":166,"height":166,"caption":"Biblioteca Comarcal de Blanes"},"image":{"@id":"https:\/\/biblioteca.blanes.cat\/salajove\/#\/schema\/logo\/image\/"},"sameAs":["https:\/\/www.facebook.com\/BilbiotecaComarcaldeBlanes\/","https:\/\/x.com\/BiblioBlanes","https:\/\/www.instagram.com\/biblioblanes\/","https:\/\/www.pinterest.es\/bblanes\/","https:\/\/www.youtube.com\/c\/BibliotecaComarcalBlanes"]},{"@type":"Person","@id":"https:\/\/biblioteca.blanes.cat\/salajove\/#\/schema\/person\/8dbc45cdf5d1c7e2d100d147517ba7f3","name":"paula","image":{"@type":"ImageObject","inLanguage":"ca","@id":"https:\/\/secure.gravatar.com\/avatar\/7dc0a9399589f36ddc6864e8335b73854871aa22921ee390cb50776e7ddfc136?s=96&d=mm&r=g","url":"https:\/\/secure.gravatar.com\/avatar\/7dc0a9399589f36ddc6864e8335b73854871aa22921ee390cb50776e7ddfc136?s=96&d=mm&r=g","contentUrl":"https:\/\/secure.gravatar.com\/avatar\/7dc0a9399589f36ddc6864e8335b73854871aa22921ee390cb50776e7ddfc136?s=96&d=mm&r=g","caption":"paula"},"url":"https:\/\/biblioteca.blanes.cat\/salajove\/author\/paula\/"}]}},"_links":{"self":[{"href":"https:\/\/biblioteca.blanes.cat\/salajove\/wp-json\/wp\/v2\/posts\/838","targetHints":{"allow":["GET"]}}],"collection":[{"href":"https:\/\/biblioteca.blanes.cat\/salajove\/wp-json\/wp\/v2\/posts"}],"about":[{"href":"https:\/\/biblioteca.blanes.cat\/salajove\/wp-json\/wp\/v2\/types\/post"}],"author":[{"embeddable":true,"href":"https:\/\/biblioteca.blanes.cat\/salajove\/wp-json\/wp\/v2\/users\/6"}],"replies":[{"embeddable":true,"href":"https:\/\/biblioteca.blanes.cat\/salajove\/wp-json\/wp\/v2\/comments?post=838"}],"version-history":[{"count":4,"href":"https:\/\/biblioteca.blanes.cat\/salajove\/wp-json\/wp\/v2\/posts\/838\/revisions"}],"predecessor-version":[{"id":842,"href":"https:\/\/biblioteca.blanes.cat\/salajove\/wp-json\/wp\/v2\/posts\/838\/revisions\/842"}],"wp:featuredmedia":[{"embeddable":true,"href":"https:\/\/biblioteca.blanes.cat\/salajove\/wp-json\/wp\/v2\/media\/154"}],"wp:attachment":[{"href":"https:\/\/biblioteca.blanes.cat\/salajove\/wp-json\/wp\/v2\/media?parent=838"}],"wp:term":[{"taxonomy":"category","embeddable":true,"href":"https:\/\/biblioteca.blanes.cat\/salajove\/wp-json\/wp\/v2\/categories?post=838"},{"taxonomy":"post_tag","embeddable":true,"href":"https:\/\/biblioteca.blanes.cat\/salajove\/wp-json\/wp\/v2\/tags?post=838"}],"curies":[{"name":"wp","href":"https:\/\/api.w.org\/{rel}","templated":true}]}}