{"id":8306,"date":"2024-01-26T16:18:00","date_gmt":"2024-01-26T15:18:00","guid":{"rendered":"https:\/\/biblioteca.blanes.cat\/salajove\/?p=8306"},"modified":"2024-06-13T16:19:54","modified_gmt":"2024-06-13T15:19:54","slug":"club-de-lectura-emblanats-gener","status":"publish","type":"post","link":"https:\/\/biblioteca.blanes.cat\/salajove\/2024\/01\/26\/club-de-lectura-emblanats-gener\/","title":{"rendered":"Club de lectura #emblanats gener"},"content":{"rendered":"\n<p>El primer club de lectura juvenil del 2024 el vam dedicar a un llibre que tracta sobre els trastorns alimentaris. Es titula <strong><span style=\"color: #3366ff;\"><a style=\"color: #3366ff;\" href=\"https:\/\/www.editorialastronave.com\/libro\/menjant-amb-por\"><em>Menjant amb por<\/em><\/a><\/span><\/strong>, d\u2019<span style=\"color: #3366ff;\"><strong>Elisabeth Karin Pav\u00f3n Rymer-Ryth\u00e9n<\/strong><\/span>, un c\u00f2mic que t\u00e9 com a protagonista l\u2019Elisabeth, una adolescent amb inseguretats, pors i culpes que desenvolupa un <span style=\"color: #3366ff;\"><strong>trastorn en la conducta aliment\u00e0ria (TCA)<\/strong><\/span>, i la Nore, el monstre imaginari que l\u2019abdueix i la porta per aquest cam\u00ed.<\/p>\n<p><img fetchpriority=\"high\" decoding=\"async\" class=\"size-medium wp-image-8308 alignleft\" src=\"https:\/\/biblioteca.blanes.cat\/salajove\/wp-content\/uploads\/sites\/3\/2024\/01\/1705692218719-300x224.jpg\" alt=\"\" width=\"300\" height=\"224\" srcset=\"https:\/\/biblioteca.blanes.cat\/salajove\/wp-content\/uploads\/sites\/3\/2024\/01\/1705692218719-300x224.jpg 300w, https:\/\/biblioteca.blanes.cat\/salajove\/wp-content\/uploads\/sites\/3\/2024\/01\/1705692218719-1024x766.jpg 1024w, https:\/\/biblioteca.blanes.cat\/salajove\/wp-content\/uploads\/sites\/3\/2024\/01\/1705692218719-768x574.jpg 768w, https:\/\/biblioteca.blanes.cat\/salajove\/wp-content\/uploads\/sites\/3\/2024\/01\/1705692218719-1536x1149.jpg 1536w, https:\/\/biblioteca.blanes.cat\/salajove\/wp-content\/uploads\/sites\/3\/2024\/01\/1705692218719-2048x1532.jpg 2048w\" sizes=\"(max-width: 300px) 100vw, 300px\" \/><\/p>\n<p><img decoding=\"async\" class=\"size-medium wp-image-8309 alignleft\" src=\"https:\/\/biblioteca.blanes.cat\/salajove\/wp-content\/uploads\/sites\/3\/2024\/01\/1705692218746-300x225.jpg\" alt=\"\" width=\"300\" height=\"225\" srcset=\"https:\/\/biblioteca.blanes.cat\/salajove\/wp-content\/uploads\/sites\/3\/2024\/01\/1705692218746-300x225.jpg 300w, https:\/\/biblioteca.blanes.cat\/salajove\/wp-content\/uploads\/sites\/3\/2024\/01\/1705692218746-1024x768.jpg 1024w, https:\/\/biblioteca.blanes.cat\/salajove\/wp-content\/uploads\/sites\/3\/2024\/01\/1705692218746-768x576.jpg 768w, https:\/\/biblioteca.blanes.cat\/salajove\/wp-content\/uploads\/sites\/3\/2024\/01\/1705692218746-1536x1152.jpg 1536w, https:\/\/biblioteca.blanes.cat\/salajove\/wp-content\/uploads\/sites\/3\/2024\/01\/1705692218746-2048x1536.jpg 2048w\" sizes=\"(max-width: 300px) 100vw, 300px\" \/><\/p>\n<p>\u00a0<\/p>\n<p>\u00a0<\/p>\n<p>\u00a0<\/p>\n<p>\u00a0<\/p>\n<p>\u00a0<\/p>\n<p>\u00a0<\/p>\n<p>\u00a0<\/p>\n<p>Al llarg de la sessi\u00f3, vam parlar sobre el proc\u00e9s que segueix una persona que pateix un TCA, des que comen\u00e7a a presentar els primers s\u00edmptomes i en pateix les conseq\u00fc\u00e8ncies f\u00edsiques, de salut i psicol\u00f2giques fins a l\u2019ingr\u00e9s en un centre de rehabilitaci\u00f3 i, finalment, la cura. Per fer-ho, vam seguir el cam\u00ed de l\u2019Elisabet, la protagonista del llibre, i vam parlar dels diferents personatges que hi apareixen: la Nore \u2014el monstre\u2014, la mare \u2014que encarna la figura afectiva\u2014, els metges que l\u2019ajuden a recuperar-se, la terapeuta que l\u2019ajuda a treballar l\u2019autoestima, la por\u2026<\/p>\n<p>Per completar tots els aprenentatges emocionals que ens aporta el llibre, vam dur a terme dues din\u00e0miques per entendre qu\u00e8 \u00e9s l\u2019<span style=\"color: #3366ff;\"><strong>autoestima<\/strong><\/span> i, a la vegada, la mirada que tenim sobre el f\u00edsic dels altres.<\/p>\n<p><img decoding=\"async\" class=\"size-medium wp-image-8311 alignright\" src=\"https:\/\/biblioteca.blanes.cat\/salajove\/wp-content\/uploads\/sites\/3\/2024\/01\/1706113029119-224x300.jpg\" alt=\"\" width=\"224\" height=\"300\" srcset=\"https:\/\/biblioteca.blanes.cat\/salajove\/wp-content\/uploads\/sites\/3\/2024\/01\/1706113029119-224x300.jpg 224w, https:\/\/biblioteca.blanes.cat\/salajove\/wp-content\/uploads\/sites\/3\/2024\/01\/1706113029119-766x1024.jpg 766w, https:\/\/biblioteca.blanes.cat\/salajove\/wp-content\/uploads\/sites\/3\/2024\/01\/1706113029119-768x1027.jpg 768w, https:\/\/biblioteca.blanes.cat\/salajove\/wp-content\/uploads\/sites\/3\/2024\/01\/1706113029119-1149x1536.jpg 1149w, https:\/\/biblioteca.blanes.cat\/salajove\/wp-content\/uploads\/sites\/3\/2024\/01\/1706113029119-1532x2048.jpg 1532w, https:\/\/biblioteca.blanes.cat\/salajove\/wp-content\/uploads\/sites\/3\/2024\/01\/1706113029119-scaled.jpg 1915w\" sizes=\"(max-width: 224px) 100vw, 224px\" \/>La primera activitat es titula <span style=\"color: #3366ff;\"><strong>La regla dels cinc segons<\/strong><\/span> i ens va servir per treballar els comentaris que lliurament fem a altres persones sobre el seu f\u00edsic o aparen\u00e7a. No podem opinar sobre el cos o l\u2019aparen\u00e7a de les altres persones que ens n\u2019hagin demanat l\u2019opini\u00f3, ja que aix\u00f2 pot afectar la seva autoestima. Quan parlem de la regla dels cinc segons ens referim al fet que nom\u00e9s podem comentar sobre el cos o l\u2019aparen\u00e7a d\u2019alg\u00fa altre quan cinc segons s\u00f3n suficients per poder canviar aquella caracter\u00edstica. \u00c9s a dir, podem dir a alg\u00fa que t\u00e9 menjar a la dent perqu\u00e8 f\u00e0cilment ho podr\u00e0 canviar en aquell mateix moment. En canvi, no podem dir que alg\u00fa est\u00e0 gras perqu\u00e8 no es pot canviar de seguida. Per treballar aquesta din\u00e0mica, vam repartir un paperet a cada participant. A cada paper hi havia un gomet, verd o vermell, i cada lector hi havia d\u2019escriure una frase relacionada amb el f\u00edsic o aparen\u00e7a d\u2019alg\u00fa. Si el gomet era verd, la frase havia de ser una caracter\u00edstica que es pot canviar en cinc segons \u2014van sortir exemples com \u201ctens un moc al nas\u201d o \u201cportes la cremallera dels pantalons abaixada\u201d\u2014, si era vermell, havia de ser un tret que no es pot canviar en cinc segons \u2014per exemple, \u201cels pantalons que portes et queden malament\u201d. Un cop reunides totes les frases, les vam llegir i valorar entre tots.<\/p>\n<p><img loading=\"lazy\" decoding=\"async\" class=\"size-medium wp-image-8312 alignleft\" src=\"https:\/\/biblioteca.blanes.cat\/salajove\/wp-content\/uploads\/sites\/3\/2024\/01\/1706112763778-224x300.jpg\" alt=\"\" width=\"224\" height=\"300\" srcset=\"https:\/\/biblioteca.blanes.cat\/salajove\/wp-content\/uploads\/sites\/3\/2024\/01\/1706112763778-224x300.jpg 224w, https:\/\/biblioteca.blanes.cat\/salajove\/wp-content\/uploads\/sites\/3\/2024\/01\/1706112763778-766x1024.jpg 766w, https:\/\/biblioteca.blanes.cat\/salajove\/wp-content\/uploads\/sites\/3\/2024\/01\/1706112763778-768x1027.jpg 768w, https:\/\/biblioteca.blanes.cat\/salajove\/wp-content\/uploads\/sites\/3\/2024\/01\/1706112763778-1149x1536.jpg 1149w, https:\/\/biblioteca.blanes.cat\/salajove\/wp-content\/uploads\/sites\/3\/2024\/01\/1706112763778-1532x2048.jpg 1532w, https:\/\/biblioteca.blanes.cat\/salajove\/wp-content\/uploads\/sites\/3\/2024\/01\/1706112763778-scaled.jpg 1915w\" sizes=\"(max-width: 224px) 100vw, 224px\" \/>Tot seguit, vam posar en marxa la seg\u00fcent din\u00e0mica. A la hist\u00f2ria de l\u2019Elisabeth hi ha un iceberg que il\u00b7lustra molt b\u00e9 el rerefons dels TCA, \u00e9s a dir, el que es veu des de fora, que \u00e9s el trastorn en si, i tot el que hi ha a sota: ansietat, por, inseguretat, traumes, autoexig\u00e8ncia\u2026 conceptes que vam comentar un per un. Aix\u00ed doncs, vam crear<span style=\"color: #3366ff;\"><strong> l&#8217;iceberg de les virtuts<\/strong><\/span> per il\u00b7lustrar les qualitats positives de cadascun de nosaltres. A la cresta, cada participant hi va escriure una part del cos que li agrada. Al cos de l\u2019iceberg que queda sota l\u2019aigua del mar, els lectors hi van enganxar virtuts i qualitats positives que defineixen el seu car\u00e0cter i manera de ser. La idea era il\u00b7lustrar que a simple vista nom\u00e9s veiem l\u2019aparen\u00e7a d\u2019una persona, el seu aspecte f\u00edsic (cresta) per\u00f2 que <span style=\"color: #3366ff;\"><strong>dins seu hi ha un munt de qualitats positives<\/strong><\/span>.<\/p>\n<p>Al final de la sessi\u00f3, vam repartir una guia de lectura de c\u00f2mics i vam fer el pr\u00e9stec de la propera lectura, que comentarem el 16 de febrer. Aquesta vegada ens haurem d\u2019enfrontar amb una novel\u00b7la titulada <a href=\"https:\/\/hablamosdelibros.es\/producto\/como-una-chispa-2\/\" target=\"_blank\" rel=\"noopener\"><span style=\"color: #ff9900;\"><strong><em>Como una chispa<\/em><\/strong><\/span><\/a>, d\u2019<span style=\"color: #ff9900;\"><strong>Elle McNicoll<\/strong><\/span>, una hist\u00f2ria sobre l\u2019amistat, el coratge i la confian\u00e7a en un mateix.<\/p>\n<p><span style=\"color: #3366ff;\"><strong>Fins aviat, #emblanats!<\/strong><\/span><\/p>\n\n\n","protected":false},"excerpt":{"rendered":"<p>El primer club de lectura juvenil del 2024 el vam dedicar a un llibre que tracta sobre els trastorns alimentaris. Es titula Menjant amb por, d\u2019Elisabeth Karin Pav\u00f3n Rymer-Ryth\u00e9n, un c\u00f2mic que t\u00e9 com a protagonista l\u2019Elisabeth, una adolescent amb<\/p>\n","protected":false},"author":4,"featured_media":8319,"comment_status":"open","ping_status":"open","sticky":false,"template":"","format":"standard","meta":{"sfsi_plus_gutenberg_text_before_share":"","sfsi_plus_gutenberg_show_text_before_share":"","sfsi_plus_gutenberg_icon_type":"","sfsi_plus_gutenberg_icon_alignemt":"","sfsi_plus_gutenburg_max_per_row":"","footnotes":""},"categories":[5,1],"tags":[],"class_list":["post-8306","post","type-post","status-publish","format-standard","has-post-thumbnail","hentry","category-club-de-lectura","category-general"],"yoast_head":"<!-- This site is optimized with the Yoast SEO plugin v27.5 - https:\/\/yoast.com\/product\/yoast-seo-wordpress\/ -->\n<title>Club de lectura #emblanats gener - Sala Jove<\/title>\n<meta name=\"robots\" content=\"index, follow, max-snippet:-1, max-image-preview:large, max-video-preview:-1\" \/>\n<link rel=\"canonical\" href=\"https:\/\/biblioteca.blanes.cat\/salajove\/2024\/01\/26\/club-de-lectura-emblanats-gener\/\" \/>\n<meta property=\"og:locale\" content=\"ca_ES\" \/>\n<meta property=\"og:type\" content=\"article\" \/>\n<meta property=\"og:title\" content=\"Club de lectura #emblanats gener - Sala Jove\" \/>\n<meta property=\"og:description\" content=\"El primer club de lectura juvenil del 2024 el vam dedicar a un llibre que tracta sobre els trastorns alimentaris. Es titula Menjant amb por, d\u2019Elisabeth Karin Pav\u00f3n Rymer-Ryth\u00e9n, un c\u00f2mic que t\u00e9 com a protagonista l\u2019Elisabeth, una adolescent amb\" \/>\n<meta property=\"og:url\" content=\"https:\/\/biblioteca.blanes.cat\/salajove\/2024\/01\/26\/club-de-lectura-emblanats-gener\/\" \/>\n<meta property=\"og:site_name\" content=\"Sala Jove\" \/>\n<meta property=\"article:publisher\" content=\"https:\/\/www.facebook.com\/BilbiotecaComarcaldeBlanes\/\" \/>\n<meta property=\"article:published_time\" content=\"2024-01-26T15:18:00+00:00\" \/>\n<meta property=\"article:modified_time\" content=\"2024-06-13T15:19:54+00:00\" \/>\n<meta property=\"og:image\" content=\"https:\/\/biblioteca.blanes.cat\/salajove\/wp-content\/uploads\/sites\/3\/2024\/01\/menjant-amb-por-e1706116910279.jpg\" \/>\n\t<meta property=\"og:image:width\" content=\"324\" \/>\n\t<meta property=\"og:image:height\" content=\"342\" \/>\n\t<meta property=\"og:image:type\" content=\"image\/jpeg\" \/>\n<meta name=\"author\" content=\"biblioblanes\" \/>\n<meta name=\"twitter:card\" content=\"summary_large_image\" \/>\n<meta name=\"twitter:creator\" content=\"@biblioblanes\" \/>\n<meta name=\"twitter:site\" content=\"@BiblioBlanes\" \/>\n<meta name=\"twitter:label1\" content=\"Escrit per\" \/>\n\t<meta name=\"twitter:data1\" content=\"biblioblanes\" \/>\n\t<meta name=\"twitter:label2\" content=\"Temps estimat de lectura\" \/>\n\t<meta name=\"twitter:data2\" content=\"5 minuts\" \/>\n<script type=\"application\/ld+json\" class=\"yoast-schema-graph\">{\"@context\":\"https:\\\/\\\/schema.org\",\"@graph\":[{\"@type\":\"Article\",\"@id\":\"https:\\\/\\\/biblioteca.blanes.cat\\\/salajove\\\/2024\\\/01\\\/26\\\/club-de-lectura-emblanats-gener\\\/#article\",\"isPartOf\":{\"@id\":\"https:\\\/\\\/biblioteca.blanes.cat\\\/salajove\\\/2024\\\/01\\\/26\\\/club-de-lectura-emblanats-gener\\\/\"},\"author\":{\"name\":\"biblioblanes\",\"@id\":\"https:\\\/\\\/biblioteca.blanes.cat\\\/salajove\\\/#\\\/schema\\\/person\\\/5a7b46760d9dd611d098bbf571a341dc\"},\"headline\":\"Club de lectura #emblanats gener\",\"datePublished\":\"2024-01-26T15:18:00+00:00\",\"dateModified\":\"2024-06-13T15:19:54+00:00\",\"mainEntityOfPage\":{\"@id\":\"https:\\\/\\\/biblioteca.blanes.cat\\\/salajove\\\/2024\\\/01\\\/26\\\/club-de-lectura-emblanats-gener\\\/\"},\"wordCount\":709,\"commentCount\":0,\"publisher\":{\"@id\":\"https:\\\/\\\/biblioteca.blanes.cat\\\/salajove\\\/#organization\"},\"image\":{\"@id\":\"https:\\\/\\\/biblioteca.blanes.cat\\\/salajove\\\/2024\\\/01\\\/26\\\/club-de-lectura-emblanats-gener\\\/#primaryimage\"},\"thumbnailUrl\":\"https:\\\/\\\/biblioteca.blanes.cat\\\/salajove\\\/wp-content\\\/uploads\\\/sites\\\/3\\\/2024\\\/01\\\/menjant-amb-por-e1706116910279.jpg\",\"articleSection\":[\"Club de Lectura\",\"Not\u00edcies\"],\"inLanguage\":\"ca\",\"potentialAction\":[{\"@type\":\"CommentAction\",\"name\":\"Comment\",\"target\":[\"https:\\\/\\\/biblioteca.blanes.cat\\\/salajove\\\/2024\\\/01\\\/26\\\/club-de-lectura-emblanats-gener\\\/#respond\"]}]},{\"@type\":\"WebPage\",\"@id\":\"https:\\\/\\\/biblioteca.blanes.cat\\\/salajove\\\/2024\\\/01\\\/26\\\/club-de-lectura-emblanats-gener\\\/\",\"url\":\"https:\\\/\\\/biblioteca.blanes.cat\\\/salajove\\\/2024\\\/01\\\/26\\\/club-de-lectura-emblanats-gener\\\/\",\"name\":\"Club de lectura #emblanats gener - Sala Jove\",\"isPartOf\":{\"@id\":\"https:\\\/\\\/biblioteca.blanes.cat\\\/salajove\\\/#website\"},\"primaryImageOfPage\":{\"@id\":\"https:\\\/\\\/biblioteca.blanes.cat\\\/salajove\\\/2024\\\/01\\\/26\\\/club-de-lectura-emblanats-gener\\\/#primaryimage\"},\"image\":{\"@id\":\"https:\\\/\\\/biblioteca.blanes.cat\\\/salajove\\\/2024\\\/01\\\/26\\\/club-de-lectura-emblanats-gener\\\/#primaryimage\"},\"thumbnailUrl\":\"https:\\\/\\\/biblioteca.blanes.cat\\\/salajove\\\/wp-content\\\/uploads\\\/sites\\\/3\\\/2024\\\/01\\\/menjant-amb-por-e1706116910279.jpg\",\"datePublished\":\"2024-01-26T15:18:00+00:00\",\"dateModified\":\"2024-06-13T15:19:54+00:00\",\"breadcrumb\":{\"@id\":\"https:\\\/\\\/biblioteca.blanes.cat\\\/salajove\\\/2024\\\/01\\\/26\\\/club-de-lectura-emblanats-gener\\\/#breadcrumb\"},\"inLanguage\":\"ca\",\"potentialAction\":[{\"@type\":\"ReadAction\",\"target\":[\"https:\\\/\\\/biblioteca.blanes.cat\\\/salajove\\\/2024\\\/01\\\/26\\\/club-de-lectura-emblanats-gener\\\/\"]}]},{\"@type\":\"ImageObject\",\"inLanguage\":\"ca\",\"@id\":\"https:\\\/\\\/biblioteca.blanes.cat\\\/salajove\\\/2024\\\/01\\\/26\\\/club-de-lectura-emblanats-gener\\\/#primaryimage\",\"url\":\"https:\\\/\\\/biblioteca.blanes.cat\\\/salajove\\\/wp-content\\\/uploads\\\/sites\\\/3\\\/2024\\\/01\\\/menjant-amb-por-e1706116910279.jpg\",\"contentUrl\":\"https:\\\/\\\/biblioteca.blanes.cat\\\/salajove\\\/wp-content\\\/uploads\\\/sites\\\/3\\\/2024\\\/01\\\/menjant-amb-por-e1706116910279.jpg\",\"width\":324,\"height\":342},{\"@type\":\"BreadcrumbList\",\"@id\":\"https:\\\/\\\/biblioteca.blanes.cat\\\/salajove\\\/2024\\\/01\\\/26\\\/club-de-lectura-emblanats-gener\\\/#breadcrumb\",\"itemListElement\":[{\"@type\":\"ListItem\",\"position\":1,\"name\":\"Inici\",\"item\":\"https:\\\/\\\/biblioteca.blanes.cat\\\/salajove\\\/\"},{\"@type\":\"ListItem\",\"position\":2,\"name\":\"Club de lectura #emblanats gener\"}]},{\"@type\":\"WebSite\",\"@id\":\"https:\\\/\\\/biblioteca.blanes.cat\\\/salajove\\\/#website\",\"url\":\"https:\\\/\\\/biblioteca.blanes.cat\\\/salajove\\\/\",\"name\":\"Sala Jove\",\"description\":\"Biblioteca Comarcal de Blanes\",\"publisher\":{\"@id\":\"https:\\\/\\\/biblioteca.blanes.cat\\\/salajove\\\/#organization\"},\"potentialAction\":[{\"@type\":\"SearchAction\",\"target\":{\"@type\":\"EntryPoint\",\"urlTemplate\":\"https:\\\/\\\/biblioteca.blanes.cat\\\/salajove\\\/?s={search_term_string}\"},\"query-input\":{\"@type\":\"PropertyValueSpecification\",\"valueRequired\":true,\"valueName\":\"search_term_string\"}}],\"inLanguage\":\"ca\"},{\"@type\":\"Organization\",\"@id\":\"https:\\\/\\\/biblioteca.blanes.cat\\\/salajove\\\/#organization\",\"name\":\"Biblioteca Comarcal de Blanes\",\"url\":\"https:\\\/\\\/biblioteca.blanes.cat\\\/salajove\\\/\",\"logo\":{\"@type\":\"ImageObject\",\"inLanguage\":\"ca\",\"@id\":\"https:\\\/\\\/biblioteca.blanes.cat\\\/salajove\\\/#\\\/schema\\\/logo\\\/image\\\/\",\"url\":\"https:\\\/\\\/biblioteca.blanes.cat\\\/salajove\\\/wp-content\\\/uploads\\\/sites\\\/3\\\/2017\\\/09\\\/cropped-Bib-blau-e1518869380535.png\",\"contentUrl\":\"https:\\\/\\\/biblioteca.blanes.cat\\\/salajove\\\/wp-content\\\/uploads\\\/sites\\\/3\\\/2017\\\/09\\\/cropped-Bib-blau-e1518869380535.png\",\"width\":166,\"height\":166,\"caption\":\"Biblioteca Comarcal de Blanes\"},\"image\":{\"@id\":\"https:\\\/\\\/biblioteca.blanes.cat\\\/salajove\\\/#\\\/schema\\\/logo\\\/image\\\/\"},\"sameAs\":[\"https:\\\/\\\/www.facebook.com\\\/BilbiotecaComarcaldeBlanes\\\/\",\"https:\\\/\\\/x.com\\\/BiblioBlanes\",\"https:\\\/\\\/www.instagram.com\\\/biblioblanes\\\/\",\"https:\\\/\\\/www.pinterest.es\\\/bblanes\\\/\",\"https:\\\/\\\/www.youtube.com\\\/c\\\/BibliotecaComarcalBlanes\"]},{\"@type\":\"Person\",\"@id\":\"https:\\\/\\\/biblioteca.blanes.cat\\\/salajove\\\/#\\\/schema\\\/person\\\/5a7b46760d9dd611d098bbf571a341dc\",\"name\":\"biblioblanes\",\"image\":{\"@type\":\"ImageObject\",\"inLanguage\":\"ca\",\"@id\":\"https:\\\/\\\/secure.gravatar.com\\\/avatar\\\/6593ca6cc90e5a70939f51c95e8315483b9c281bafba597292bee47992030f99?s=96&d=mm&r=g\",\"url\":\"https:\\\/\\\/secure.gravatar.com\\\/avatar\\\/6593ca6cc90e5a70939f51c95e8315483b9c281bafba597292bee47992030f99?s=96&d=mm&r=g\",\"contentUrl\":\"https:\\\/\\\/secure.gravatar.com\\\/avatar\\\/6593ca6cc90e5a70939f51c95e8315483b9c281bafba597292bee47992030f99?s=96&d=mm&r=g\",\"caption\":\"biblioblanes\"},\"sameAs\":[\"http:\\\/\\\/www.bibgirona.cat\\\/biblioteca\\\/blanes\",\"https:\\\/\\\/x.com\\\/biblioblanes\"],\"url\":\"https:\\\/\\\/biblioteca.blanes.cat\\\/salajove\\\/author\\\/biblioblanes\\\/\"}]}<\/script>\n<!-- \/ Yoast SEO plugin. -->","yoast_head_json":{"title":"Club de lectura #emblanats gener - Sala Jove","robots":{"index":"index","follow":"follow","max-snippet":"max-snippet:-1","max-image-preview":"max-image-preview:large","max-video-preview":"max-video-preview:-1"},"canonical":"https:\/\/biblioteca.blanes.cat\/salajove\/2024\/01\/26\/club-de-lectura-emblanats-gener\/","og_locale":"ca_ES","og_type":"article","og_title":"Club de lectura #emblanats gener - Sala Jove","og_description":"El primer club de lectura juvenil del 2024 el vam dedicar a un llibre que tracta sobre els trastorns alimentaris. Es titula Menjant amb por, d\u2019Elisabeth Karin Pav\u00f3n Rymer-Ryth\u00e9n, un c\u00f2mic que t\u00e9 com a protagonista l\u2019Elisabeth, una adolescent amb","og_url":"https:\/\/biblioteca.blanes.cat\/salajove\/2024\/01\/26\/club-de-lectura-emblanats-gener\/","og_site_name":"Sala Jove","article_publisher":"https:\/\/www.facebook.com\/BilbiotecaComarcaldeBlanes\/","article_published_time":"2024-01-26T15:18:00+00:00","article_modified_time":"2024-06-13T15:19:54+00:00","og_image":[{"width":324,"height":342,"url":"https:\/\/biblioteca.blanes.cat\/salajove\/wp-content\/uploads\/sites\/3\/2024\/01\/menjant-amb-por-e1706116910279.jpg","type":"image\/jpeg"}],"author":"biblioblanes","twitter_card":"summary_large_image","twitter_creator":"@biblioblanes","twitter_site":"@BiblioBlanes","twitter_misc":{"Escrit per":"biblioblanes","Temps estimat de lectura":"5 minuts"},"schema":{"@context":"https:\/\/schema.org","@graph":[{"@type":"Article","@id":"https:\/\/biblioteca.blanes.cat\/salajove\/2024\/01\/26\/club-de-lectura-emblanats-gener\/#article","isPartOf":{"@id":"https:\/\/biblioteca.blanes.cat\/salajove\/2024\/01\/26\/club-de-lectura-emblanats-gener\/"},"author":{"name":"biblioblanes","@id":"https:\/\/biblioteca.blanes.cat\/salajove\/#\/schema\/person\/5a7b46760d9dd611d098bbf571a341dc"},"headline":"Club de lectura #emblanats gener","datePublished":"2024-01-26T15:18:00+00:00","dateModified":"2024-06-13T15:19:54+00:00","mainEntityOfPage":{"@id":"https:\/\/biblioteca.blanes.cat\/salajove\/2024\/01\/26\/club-de-lectura-emblanats-gener\/"},"wordCount":709,"commentCount":0,"publisher":{"@id":"https:\/\/biblioteca.blanes.cat\/salajove\/#organization"},"image":{"@id":"https:\/\/biblioteca.blanes.cat\/salajove\/2024\/01\/26\/club-de-lectura-emblanats-gener\/#primaryimage"},"thumbnailUrl":"https:\/\/biblioteca.blanes.cat\/salajove\/wp-content\/uploads\/sites\/3\/2024\/01\/menjant-amb-por-e1706116910279.jpg","articleSection":["Club de Lectura","Not\u00edcies"],"inLanguage":"ca","potentialAction":[{"@type":"CommentAction","name":"Comment","target":["https:\/\/biblioteca.blanes.cat\/salajove\/2024\/01\/26\/club-de-lectura-emblanats-gener\/#respond"]}]},{"@type":"WebPage","@id":"https:\/\/biblioteca.blanes.cat\/salajove\/2024\/01\/26\/club-de-lectura-emblanats-gener\/","url":"https:\/\/biblioteca.blanes.cat\/salajove\/2024\/01\/26\/club-de-lectura-emblanats-gener\/","name":"Club de lectura #emblanats gener - Sala Jove","isPartOf":{"@id":"https:\/\/biblioteca.blanes.cat\/salajove\/#website"},"primaryImageOfPage":{"@id":"https:\/\/biblioteca.blanes.cat\/salajove\/2024\/01\/26\/club-de-lectura-emblanats-gener\/#primaryimage"},"image":{"@id":"https:\/\/biblioteca.blanes.cat\/salajove\/2024\/01\/26\/club-de-lectura-emblanats-gener\/#primaryimage"},"thumbnailUrl":"https:\/\/biblioteca.blanes.cat\/salajove\/wp-content\/uploads\/sites\/3\/2024\/01\/menjant-amb-por-e1706116910279.jpg","datePublished":"2024-01-26T15:18:00+00:00","dateModified":"2024-06-13T15:19:54+00:00","breadcrumb":{"@id":"https:\/\/biblioteca.blanes.cat\/salajove\/2024\/01\/26\/club-de-lectura-emblanats-gener\/#breadcrumb"},"inLanguage":"ca","potentialAction":[{"@type":"ReadAction","target":["https:\/\/biblioteca.blanes.cat\/salajove\/2024\/01\/26\/club-de-lectura-emblanats-gener\/"]}]},{"@type":"ImageObject","inLanguage":"ca","@id":"https:\/\/biblioteca.blanes.cat\/salajove\/2024\/01\/26\/club-de-lectura-emblanats-gener\/#primaryimage","url":"https:\/\/biblioteca.blanes.cat\/salajove\/wp-content\/uploads\/sites\/3\/2024\/01\/menjant-amb-por-e1706116910279.jpg","contentUrl":"https:\/\/biblioteca.blanes.cat\/salajove\/wp-content\/uploads\/sites\/3\/2024\/01\/menjant-amb-por-e1706116910279.jpg","width":324,"height":342},{"@type":"BreadcrumbList","@id":"https:\/\/biblioteca.blanes.cat\/salajove\/2024\/01\/26\/club-de-lectura-emblanats-gener\/#breadcrumb","itemListElement":[{"@type":"ListItem","position":1,"name":"Inici","item":"https:\/\/biblioteca.blanes.cat\/salajove\/"},{"@type":"ListItem","position":2,"name":"Club de lectura #emblanats gener"}]},{"@type":"WebSite","@id":"https:\/\/biblioteca.blanes.cat\/salajove\/#website","url":"https:\/\/biblioteca.blanes.cat\/salajove\/","name":"Sala Jove","description":"Biblioteca Comarcal de Blanes","publisher":{"@id":"https:\/\/biblioteca.blanes.cat\/salajove\/#organization"},"potentialAction":[{"@type":"SearchAction","target":{"@type":"EntryPoint","urlTemplate":"https:\/\/biblioteca.blanes.cat\/salajove\/?s={search_term_string}"},"query-input":{"@type":"PropertyValueSpecification","valueRequired":true,"valueName":"search_term_string"}}],"inLanguage":"ca"},{"@type":"Organization","@id":"https:\/\/biblioteca.blanes.cat\/salajove\/#organization","name":"Biblioteca Comarcal de Blanes","url":"https:\/\/biblioteca.blanes.cat\/salajove\/","logo":{"@type":"ImageObject","inLanguage":"ca","@id":"https:\/\/biblioteca.blanes.cat\/salajove\/#\/schema\/logo\/image\/","url":"https:\/\/biblioteca.blanes.cat\/salajove\/wp-content\/uploads\/sites\/3\/2017\/09\/cropped-Bib-blau-e1518869380535.png","contentUrl":"https:\/\/biblioteca.blanes.cat\/salajove\/wp-content\/uploads\/sites\/3\/2017\/09\/cropped-Bib-blau-e1518869380535.png","width":166,"height":166,"caption":"Biblioteca Comarcal de Blanes"},"image":{"@id":"https:\/\/biblioteca.blanes.cat\/salajove\/#\/schema\/logo\/image\/"},"sameAs":["https:\/\/www.facebook.com\/BilbiotecaComarcaldeBlanes\/","https:\/\/x.com\/BiblioBlanes","https:\/\/www.instagram.com\/biblioblanes\/","https:\/\/www.pinterest.es\/bblanes\/","https:\/\/www.youtube.com\/c\/BibliotecaComarcalBlanes"]},{"@type":"Person","@id":"https:\/\/biblioteca.blanes.cat\/salajove\/#\/schema\/person\/5a7b46760d9dd611d098bbf571a341dc","name":"biblioblanes","image":{"@type":"ImageObject","inLanguage":"ca","@id":"https:\/\/secure.gravatar.com\/avatar\/6593ca6cc90e5a70939f51c95e8315483b9c281bafba597292bee47992030f99?s=96&d=mm&r=g","url":"https:\/\/secure.gravatar.com\/avatar\/6593ca6cc90e5a70939f51c95e8315483b9c281bafba597292bee47992030f99?s=96&d=mm&r=g","contentUrl":"https:\/\/secure.gravatar.com\/avatar\/6593ca6cc90e5a70939f51c95e8315483b9c281bafba597292bee47992030f99?s=96&d=mm&r=g","caption":"biblioblanes"},"sameAs":["http:\/\/www.bibgirona.cat\/biblioteca\/blanes","https:\/\/x.com\/biblioblanes"],"url":"https:\/\/biblioteca.blanes.cat\/salajove\/author\/biblioblanes\/"}]}},"_links":{"self":[{"href":"https:\/\/biblioteca.blanes.cat\/salajove\/wp-json\/wp\/v2\/posts\/8306","targetHints":{"allow":["GET"]}}],"collection":[{"href":"https:\/\/biblioteca.blanes.cat\/salajove\/wp-json\/wp\/v2\/posts"}],"about":[{"href":"https:\/\/biblioteca.blanes.cat\/salajove\/wp-json\/wp\/v2\/types\/post"}],"author":[{"embeddable":true,"href":"https:\/\/biblioteca.blanes.cat\/salajove\/wp-json\/wp\/v2\/users\/4"}],"replies":[{"embeddable":true,"href":"https:\/\/biblioteca.blanes.cat\/salajove\/wp-json\/wp\/v2\/comments?post=8306"}],"version-history":[{"count":7,"href":"https:\/\/biblioteca.blanes.cat\/salajove\/wp-json\/wp\/v2\/posts\/8306\/revisions"}],"predecessor-version":[{"id":8318,"href":"https:\/\/biblioteca.blanes.cat\/salajove\/wp-json\/wp\/v2\/posts\/8306\/revisions\/8318"}],"wp:featuredmedia":[{"embeddable":true,"href":"https:\/\/biblioteca.blanes.cat\/salajove\/wp-json\/wp\/v2\/media\/8319"}],"wp:attachment":[{"href":"https:\/\/biblioteca.blanes.cat\/salajove\/wp-json\/wp\/v2\/media?parent=8306"}],"wp:term":[{"taxonomy":"category","embeddable":true,"href":"https:\/\/biblioteca.blanes.cat\/salajove\/wp-json\/wp\/v2\/categories?post=8306"},{"taxonomy":"post_tag","embeddable":true,"href":"https:\/\/biblioteca.blanes.cat\/salajove\/wp-json\/wp\/v2\/tags?post=8306"}],"curies":[{"name":"wp","href":"https:\/\/api.w.org\/{rel}","templated":true}]}}