{"id":829,"date":"2017-09-15T19:59:34","date_gmt":"2017-09-15T18:59:34","guid":{"rendered":"https:\/\/biblioteca.blanes.cat\/salajove\/?p=829"},"modified":"2018-01-22T11:38:07","modified_gmt":"2018-01-22T10:38:07","slug":"829","status":"publish","type":"post","link":"https:\/\/biblioteca.blanes.cat\/salajove\/2017\/09\/15\/829\/","title":{"rendered":"UNA PROMESA EN EL FIN DEL MUNDO de Sarah Lark"},"content":{"rendered":"<h3 style=\"text-align: center;\"><img fetchpriority=\"high\" decoding=\"async\" class=\"alignright\" src=\"https:\/\/2.bp.blogspot.com\/-apwt4RBQzLA\/WPNm0HIIyFI\/AAAAAAAALZU\/JJTrWXuBEDk4w1J3DKFAwpl12ZRXdEh9QCLcB\/s1600\/24704g.JPG\" width=\"278\" height=\"424\" \/>Ja es comencen a sentir els primers vents tardorencs. Ja es comencen a veure aquells n\u00favols grans i grisos, que amenacen amb fer guerra. Ja es comencen a percebre els bells colors de la tardor, amagats entre les escletxes de l\u2019estiu. Ja sento les rialles i els crits de guerra dels primers dies de curs. Veig els nervis i la decepci\u00f3 en els ulls dels nens i els professors. D\u2019aqu\u00ed poc ja veurem els arbres ben despentinats ,i els carrers plens de fulles seques. I \u00e9s que encara que costi de creure, l\u2019estiu ja se\u2019n va i ara toca donar la benvinguda a l\u2019estaci\u00f3 dels vents del nord. La tardor.<\/h3>\n<p>Sarah Lark \u00e9s l\u2019autora de Una promesa en el fin del mundo. La esperada continuaci\u00f3 de la trilogia del N\u00favol Blanc (En el pa\u00eds de la nube blanca, La canci\u00f3n de los maor\u00edes i El grito de la tierra). Tamb\u00e9 ha escrit la Trilogia del Kauri (Hac\u00eda los mares de la libertad, A la sombra del \u00e1rbol kauri i Las l\u00e1grimas de la diosa maor\u00ed)), la Trilogia del Foc (La estaci\u00f3n de las flores en llamas, El rumor de la caracola i La leyenda de la monta\u00f1a de fuego). Tamb\u00e9 ha escrit una saga que es diu La Saga del Caribe (La isla de las mil fuentes i Las olas del destino).<\/p>\n<h3>Una promesa en el fin del mundo comen\u00e7a un any abans de que acab\u00e9s la Segona Guerra Mundial. Est\u00e0 dividida en quatre grans blocs m\u00e9s un ep\u00edleg. La trama es desenvolupa al llarg d\u2019un per\u00edode de dos anys . El moment hist\u00f2ric \u00e9s el de la conquesta de Pol\u00f2nia per part dels nazis.<\/h3>\n<p>Mentre els alemanys s\u2019apropiaven de Pol\u00f2nia Occidental, quasi tota la poblaci\u00f3 va ser deportada als camps de treball for\u00e7at de Sib\u00e8ria. All\u00e0 gran part d\u2019ells van morir. Helena i Luzyna s\u00f3n dos germanes poloneses que van tenir la sort de sobreviure en aquell g\u00e8lid infern, on les temperatures i les pen\u00faries no donaven treva. A Siberia ho van perdre tot i van tenir que enfrontar-se al m\u00f3n completament soles. Despr\u00e9s per\u00f2 van tenir la sort de ser acollides posteriorment pel govern irani\u00e0 i traslladades a un camp de refugiats a Teher\u00e1n. El camp era ple de persones abatudes i desarrelades. All\u00e0 van millorar la seva qualitat de vida alimentant-se a diari i assistint a l\u2019escola.<\/p>\n<h3>Les dues germanes s\u00f3n totalment diferents. La petita, Luzyna, \u00e9s irresponsable, guapa, amb aires de grandesa i conven\u00e7uda que algun dia el m\u00f3n es rendir\u00e0 als seus peus. Helena, en canvi, \u00e9s una jove d\u00f2cil i conformista, amb molt inter\u00e8s per la literatura i les lleng\u00fces.<\/h3>\n<p>En el campament de Teheran s\u00f3n informades de que el govern de Nova Zelanda est\u00e0 disposat a acollir 700 nens i joves refugiats polonesos. Els volen acollir en un camp constru\u00eft especialment per ells a Pahiatua, una petita localitat de l\u2019Illa del Nord. Per\u00f2 abans tenen que complir una s\u00e8rie de condicions i respectar una limitaci\u00f3 d\u2019edat. Helena sobrepassa l\u2019edat, per\u00f2 en canvi la seva germana no. Aix\u00ed doncs nom\u00e9s Luzyna podr\u00e0 anar-hi.<\/p>\n<p>El dia de la partida Luzyna no fa acte de pres\u00e8ncia i Helena decideix suplantar-la i buscar un futur millor. Una nova oportunitat en un nou pa\u00eds on les dones poden assistir a la universitat i tenen dret a votar. Les il\u00b7lusions de la noia es frustraran perqu\u00e8 el seu viatge es converteix en un infern. A l&#8217;embarcaci\u00f3 hi ha una persona que coneix la seva veritable identitat i l\u2019amena\u00e7a amb denunciar-la a les autoritats. El sentiment de culpa enterboleix la felicitat , perqu\u00e8 tot i que ha assolit el seu objectiu, mai es perdonar\u00e0 haver tra\u00eft a la seva germana.<\/p>\n<h3>Per una altre banda tenim a James McKenzie. \u00c9s un excel\u00b7lent pilot, que es troba en plena lluita contra els alemanys, fins que la seva fam\u00edlia el reclama per intermediaci\u00f3 del primer ministre de Nova Zelanda. Els camins dels dos protagonistes es trobaran i donaran un salt inesperat.<\/h3>\n<p>M\u2019ha sorpr\u00e8s molt l\u2019edici\u00f3 d\u2019aquesta novel\u00b7la. Una promesa en el fin del mundo ha estat publicada en tapes dures. A l&#8217;edici\u00f3 meva les lletres\u00a0 s\u00f3n de gran dimensi\u00f3, te menys p\u00e0gines de l&#8217;habitual i te alguna\u00a0 il\u00b7lustraci\u00f3 a l&#8217; interior. Per aquest motiu Sarah Lark no profunditza gaire en les descripcions dels paisatges i dels personatges com en alguns dels seus altres llibres. Com en els seus anteriors llibres Sarah Lark li dona un protagonisme absolut a les dones de caire valent. S\u00f3n dones capaces de enfrontar-se a qualsevol situaci\u00f3. Prenen decisions que mai havien imaginat per aconseguir sortir endavant.<\/p>\n<p>Una promesa en el fin del mundo \u00e9s una novel\u00b7la on es combina ,a la perfecci\u00f3, la realitat amb la ficci\u00f3. En ella s\u2019uneixen les hist\u00f2ries d\u2019amor i d\u2019aventures. Tamb\u00e9 hi trobem l\u2019adaptaci\u00f3 a una cultura diferent, l\u2019assoliment d\u2019un somni, la recerca de l\u2019amor. Un c\u00f2ctel que la converteix en una recomanable lectura. Aquesta novel\u00b7la pertany al g\u00e8nere del landscape, caracteritzat per hist\u00f2ries en llocs ex\u00f2tics i per ser una mescla de novel\u00b7la rom\u00e0ntica i hist\u00f2rica.<\/p>\n<h3>Sarah Lark hi introdueix pinzellades d\u2019alguns esdeveniments que es van desenvolupar en els anteriors llibres,\u00a0 llibres de la Trilogia del N\u00favol Blanc.<\/h3>\n<p>I ara unes an\u00e8cdotes:<\/p>\n<p>\u2022 Sarah Lark \u00e9s el pseud\u00f2nim de Christiane Gohl (Alemania, 1958),. \u00c9s una escriptora que en els \u00faltims anys ha aconseguit un gran \u00e8xit en el seu pa\u00eds d\u2019origen.<\/p>\n<p>\u2022 Va estudiar Educaci\u00f3 i va treballar com a periodista i redactora publicit\u00e0ria. A m\u00e9s, durant molts anys va ser guia tur\u00edstica. Amb aquesta feina enseguida va sentir una gran admiraci\u00f3 per Nova Zelanda. A Nova Zelanda \u00e9s on es desenvolupen totes les seves novel\u00b7les.<\/p>\n<p>\u2022 Tamb\u00e9 ha escrit sota els noms de Ricarda Jordan i Elisabeth Rotenberg La popularitat li ha arribat amb les trilogies i sagues que firma amb el nom de Sarah Lark.<\/p>\n<p>\u2022 En l\u2019actualitat viu a Espanya, on dirigeix una petita granja de cavalls.<\/p>\n<p>En resum, Una promesa en el fin del mundo es l\u2019hist\u00f2ria d\u2019una jove valenta que va sobreviure a la Segona Guerra Mundial, aconseguint aix\u00ed emigrar a Nova Zelanda. \u00c9s una novel\u00b7la on una tra\u00efci\u00f3 en el passat , va determinar i marcar profundament el futur de la protagonista principal. La lectura s\u2019ha m\u2019ha fet curta, ja que m\u2019hauria agradat que la seva autor hagu\u00e9s profunditzat m\u00e9s en els personatges i en les relacions entre ells com en els seus llibre anteriors.<\/p>\n","protected":false},"excerpt":{"rendered":"<p>Ja es comencen a sentir els primers vents tardorencs. Ja es comencen a veure aquells n\u00favols grans i grisos, que amenacen amb fer guerra. Ja es comencen a percebre els bells colors de la tardor, amagats entre les escletxes de<\/p>\n","protected":false},"author":6,"featured_media":154,"comment_status":"open","ping_status":"open","sticky":false,"template":"","format":"standard","meta":{"sfsi_plus_gutenberg_text_before_share":"","sfsi_plus_gutenberg_show_text_before_share":"","sfsi_plus_gutenberg_icon_type":"","sfsi_plus_gutenberg_icon_alignemt":"","sfsi_plus_gutenburg_max_per_row":"","footnotes":""},"categories":[9,10],"tags":[34,33,19,21,23],"class_list":["post-829","post","type-post","status-publish","format-standard","has-post-thumbnail","hentry","category-raco-de-la-paula","category-novetat","tag-blog-de-lectura","tag-el-raco-de-la-paula","tag-literatura","tag-llibres","tag-sinopsi"],"yoast_head":"<!-- This site is optimized with the Yoast SEO plugin v27.5 - https:\/\/yoast.com\/product\/yoast-seo-wordpress\/ -->\n<title>UNA PROMESA EN EL FIN DEL MUNDO de Sarah Lark - Sala Jove<\/title>\n<meta name=\"description\" content=\"Una promesa en el fin del mundo comen\u00e7a un any abans de que acab\u00e9s la Segona Guerra Mundial. La Sarah Lark la divideix en quatre blocs m\u00e9s un epileg.\" \/>\n<meta name=\"robots\" content=\"index, follow, max-snippet:-1, max-image-preview:large, max-video-preview:-1\" \/>\n<link rel=\"canonical\" href=\"https:\/\/biblioteca.blanes.cat\/salajove\/2017\/09\/15\/829\/\" \/>\n<meta property=\"og:locale\" content=\"ca_ES\" \/>\n<meta property=\"og:type\" content=\"article\" \/>\n<meta property=\"og:title\" content=\"UNA PROMESA EN EL FIN DEL MUNDO de Sarah Lark - Sala Jove\" \/>\n<meta property=\"og:description\" content=\"Una promesa en el fin del mundo comen\u00e7a un any abans de que acab\u00e9s la Segona Guerra Mundial. La Sarah Lark la divideix en quatre blocs m\u00e9s un epileg.\" \/>\n<meta property=\"og:url\" content=\"https:\/\/biblioteca.blanes.cat\/salajove\/2017\/09\/15\/829\/\" \/>\n<meta property=\"og:site_name\" content=\"Sala Jove\" \/>\n<meta property=\"article:publisher\" content=\"https:\/\/www.facebook.com\/BilbiotecaComarcaldeBlanes\/\" \/>\n<meta property=\"article:published_time\" content=\"2017-09-15T18:59:34+00:00\" \/>\n<meta property=\"article:modified_time\" content=\"2018-01-22T10:38:07+00:00\" \/>\n<meta property=\"og:image\" content=\"https:\/\/biblioteca.blanes.cat\/salajove\/wp-content\/uploads\/sites\/3\/2017\/10\/Destacat_rac\u00f3_Paula.png\" \/>\n\t<meta property=\"og:image:width\" content=\"3719\" \/>\n\t<meta property=\"og:image:height\" content=\"2265\" \/>\n\t<meta property=\"og:image:type\" content=\"image\/png\" \/>\n<meta name=\"author\" content=\"paula\" \/>\n<meta name=\"twitter:card\" content=\"summary_large_image\" \/>\n<meta name=\"twitter:creator\" content=\"@BiblioBlanes\" \/>\n<meta name=\"twitter:site\" content=\"@BiblioBlanes\" \/>\n<meta name=\"twitter:label1\" content=\"Escrit per\" \/>\n\t<meta name=\"twitter:data1\" content=\"paula\" \/>\n\t<meta name=\"twitter:label2\" content=\"Temps estimat de lectura\" \/>\n\t<meta name=\"twitter:data2\" content=\"6 minuts\" \/>\n<script type=\"application\/ld+json\" class=\"yoast-schema-graph\">{\"@context\":\"https:\\\/\\\/schema.org\",\"@graph\":[{\"@type\":\"Article\",\"@id\":\"https:\\\/\\\/biblioteca.blanes.cat\\\/salajove\\\/2017\\\/09\\\/15\\\/829\\\/#article\",\"isPartOf\":{\"@id\":\"https:\\\/\\\/biblioteca.blanes.cat\\\/salajove\\\/2017\\\/09\\\/15\\\/829\\\/\"},\"author\":{\"name\":\"paula\",\"@id\":\"https:\\\/\\\/biblioteca.blanes.cat\\\/salajove\\\/#\\\/schema\\\/person\\\/8dbc45cdf5d1c7e2d100d147517ba7f3\"},\"headline\":\"UNA PROMESA EN EL FIN DEL MUNDO de Sarah Lark\",\"datePublished\":\"2017-09-15T18:59:34+00:00\",\"dateModified\":\"2018-01-22T10:38:07+00:00\",\"mainEntityOfPage\":{\"@id\":\"https:\\\/\\\/biblioteca.blanes.cat\\\/salajove\\\/2017\\\/09\\\/15\\\/829\\\/\"},\"wordCount\":1166,\"commentCount\":0,\"publisher\":{\"@id\":\"https:\\\/\\\/biblioteca.blanes.cat\\\/salajove\\\/#organization\"},\"image\":{\"@id\":\"https:\\\/\\\/biblioteca.blanes.cat\\\/salajove\\\/2017\\\/09\\\/15\\\/829\\\/#primaryimage\"},\"thumbnailUrl\":\"https:\\\/\\\/biblioteca.blanes.cat\\\/salajove\\\/wp-content\\\/uploads\\\/sites\\\/3\\\/2017\\\/10\\\/Destacat_rac\u00f3_Paula.png\",\"keywords\":[\"#BlogdeLectura\",\"#ElRac\u00f3delaPaula\",\"#Literatura\",\"#Llibres\",\"#Sinopsi\"],\"articleSection\":[\"Rac\u00f3 de la Paula\",\"RP_Novetat\"],\"inLanguage\":\"ca\",\"potentialAction\":[{\"@type\":\"CommentAction\",\"name\":\"Comment\",\"target\":[\"https:\\\/\\\/biblioteca.blanes.cat\\\/salajove\\\/2017\\\/09\\\/15\\\/829\\\/#respond\"]}]},{\"@type\":\"WebPage\",\"@id\":\"https:\\\/\\\/biblioteca.blanes.cat\\\/salajove\\\/2017\\\/09\\\/15\\\/829\\\/\",\"url\":\"https:\\\/\\\/biblioteca.blanes.cat\\\/salajove\\\/2017\\\/09\\\/15\\\/829\\\/\",\"name\":\"UNA PROMESA EN EL FIN DEL MUNDO de Sarah Lark - Sala Jove\",\"isPartOf\":{\"@id\":\"https:\\\/\\\/biblioteca.blanes.cat\\\/salajove\\\/#website\"},\"primaryImageOfPage\":{\"@id\":\"https:\\\/\\\/biblioteca.blanes.cat\\\/salajove\\\/2017\\\/09\\\/15\\\/829\\\/#primaryimage\"},\"image\":{\"@id\":\"https:\\\/\\\/biblioteca.blanes.cat\\\/salajove\\\/2017\\\/09\\\/15\\\/829\\\/#primaryimage\"},\"thumbnailUrl\":\"https:\\\/\\\/biblioteca.blanes.cat\\\/salajove\\\/wp-content\\\/uploads\\\/sites\\\/3\\\/2017\\\/10\\\/Destacat_rac\u00f3_Paula.png\",\"datePublished\":\"2017-09-15T18:59:34+00:00\",\"dateModified\":\"2018-01-22T10:38:07+00:00\",\"description\":\"Una promesa en el fin del mundo comen\u00e7a un any abans de que acab\u00e9s la Segona Guerra Mundial. La Sarah Lark la divideix en quatre blocs m\u00e9s un epileg.\",\"breadcrumb\":{\"@id\":\"https:\\\/\\\/biblioteca.blanes.cat\\\/salajove\\\/2017\\\/09\\\/15\\\/829\\\/#breadcrumb\"},\"inLanguage\":\"ca\",\"potentialAction\":[{\"@type\":\"ReadAction\",\"target\":[\"https:\\\/\\\/biblioteca.blanes.cat\\\/salajove\\\/2017\\\/09\\\/15\\\/829\\\/\"]}]},{\"@type\":\"ImageObject\",\"inLanguage\":\"ca\",\"@id\":\"https:\\\/\\\/biblioteca.blanes.cat\\\/salajove\\\/2017\\\/09\\\/15\\\/829\\\/#primaryimage\",\"url\":\"https:\\\/\\\/biblioteca.blanes.cat\\\/salajove\\\/wp-content\\\/uploads\\\/sites\\\/3\\\/2017\\\/10\\\/Destacat_rac\u00f3_Paula.png\",\"contentUrl\":\"https:\\\/\\\/biblioteca.blanes.cat\\\/salajove\\\/wp-content\\\/uploads\\\/sites\\\/3\\\/2017\\\/10\\\/Destacat_rac\u00f3_Paula.png\",\"width\":3719,\"height\":2265,\"caption\":\"Rac\u00f3 de la Paula\"},{\"@type\":\"BreadcrumbList\",\"@id\":\"https:\\\/\\\/biblioteca.blanes.cat\\\/salajove\\\/2017\\\/09\\\/15\\\/829\\\/#breadcrumb\",\"itemListElement\":[{\"@type\":\"ListItem\",\"position\":1,\"name\":\"Inici\",\"item\":\"https:\\\/\\\/biblioteca.blanes.cat\\\/salajove\\\/\"},{\"@type\":\"ListItem\",\"position\":2,\"name\":\"UNA PROMESA EN EL FIN DEL MUNDO de Sarah Lark\"}]},{\"@type\":\"WebSite\",\"@id\":\"https:\\\/\\\/biblioteca.blanes.cat\\\/salajove\\\/#website\",\"url\":\"https:\\\/\\\/biblioteca.blanes.cat\\\/salajove\\\/\",\"name\":\"Sala Jove\",\"description\":\"Biblioteca Comarcal de Blanes\",\"publisher\":{\"@id\":\"https:\\\/\\\/biblioteca.blanes.cat\\\/salajove\\\/#organization\"},\"potentialAction\":[{\"@type\":\"SearchAction\",\"target\":{\"@type\":\"EntryPoint\",\"urlTemplate\":\"https:\\\/\\\/biblioteca.blanes.cat\\\/salajove\\\/?s={search_term_string}\"},\"query-input\":{\"@type\":\"PropertyValueSpecification\",\"valueRequired\":true,\"valueName\":\"search_term_string\"}}],\"inLanguage\":\"ca\"},{\"@type\":\"Organization\",\"@id\":\"https:\\\/\\\/biblioteca.blanes.cat\\\/salajove\\\/#organization\",\"name\":\"Biblioteca Comarcal de Blanes\",\"url\":\"https:\\\/\\\/biblioteca.blanes.cat\\\/salajove\\\/\",\"logo\":{\"@type\":\"ImageObject\",\"inLanguage\":\"ca\",\"@id\":\"https:\\\/\\\/biblioteca.blanes.cat\\\/salajove\\\/#\\\/schema\\\/logo\\\/image\\\/\",\"url\":\"https:\\\/\\\/biblioteca.blanes.cat\\\/salajove\\\/wp-content\\\/uploads\\\/sites\\\/3\\\/2017\\\/09\\\/cropped-Bib-blau-e1518869380535.png\",\"contentUrl\":\"https:\\\/\\\/biblioteca.blanes.cat\\\/salajove\\\/wp-content\\\/uploads\\\/sites\\\/3\\\/2017\\\/09\\\/cropped-Bib-blau-e1518869380535.png\",\"width\":166,\"height\":166,\"caption\":\"Biblioteca Comarcal de Blanes\"},\"image\":{\"@id\":\"https:\\\/\\\/biblioteca.blanes.cat\\\/salajove\\\/#\\\/schema\\\/logo\\\/image\\\/\"},\"sameAs\":[\"https:\\\/\\\/www.facebook.com\\\/BilbiotecaComarcaldeBlanes\\\/\",\"https:\\\/\\\/x.com\\\/BiblioBlanes\",\"https:\\\/\\\/www.instagram.com\\\/biblioblanes\\\/\",\"https:\\\/\\\/www.pinterest.es\\\/bblanes\\\/\",\"https:\\\/\\\/www.youtube.com\\\/c\\\/BibliotecaComarcalBlanes\"]},{\"@type\":\"Person\",\"@id\":\"https:\\\/\\\/biblioteca.blanes.cat\\\/salajove\\\/#\\\/schema\\\/person\\\/8dbc45cdf5d1c7e2d100d147517ba7f3\",\"name\":\"paula\",\"image\":{\"@type\":\"ImageObject\",\"inLanguage\":\"ca\",\"@id\":\"https:\\\/\\\/secure.gravatar.com\\\/avatar\\\/7dc0a9399589f36ddc6864e8335b73854871aa22921ee390cb50776e7ddfc136?s=96&d=mm&r=g\",\"url\":\"https:\\\/\\\/secure.gravatar.com\\\/avatar\\\/7dc0a9399589f36ddc6864e8335b73854871aa22921ee390cb50776e7ddfc136?s=96&d=mm&r=g\",\"contentUrl\":\"https:\\\/\\\/secure.gravatar.com\\\/avatar\\\/7dc0a9399589f36ddc6864e8335b73854871aa22921ee390cb50776e7ddfc136?s=96&d=mm&r=g\",\"caption\":\"paula\"},\"url\":\"https:\\\/\\\/biblioteca.blanes.cat\\\/salajove\\\/author\\\/paula\\\/\"}]}<\/script>\n<!-- \/ Yoast SEO plugin. -->","yoast_head_json":{"title":"UNA PROMESA EN EL FIN DEL MUNDO de Sarah Lark - Sala Jove","description":"Una promesa en el fin del mundo comen\u00e7a un any abans de que acab\u00e9s la Segona Guerra Mundial. La Sarah Lark la divideix en quatre blocs m\u00e9s un epileg.","robots":{"index":"index","follow":"follow","max-snippet":"max-snippet:-1","max-image-preview":"max-image-preview:large","max-video-preview":"max-video-preview:-1"},"canonical":"https:\/\/biblioteca.blanes.cat\/salajove\/2017\/09\/15\/829\/","og_locale":"ca_ES","og_type":"article","og_title":"UNA PROMESA EN EL FIN DEL MUNDO de Sarah Lark - Sala Jove","og_description":"Una promesa en el fin del mundo comen\u00e7a un any abans de que acab\u00e9s la Segona Guerra Mundial. La Sarah Lark la divideix en quatre blocs m\u00e9s un epileg.","og_url":"https:\/\/biblioteca.blanes.cat\/salajove\/2017\/09\/15\/829\/","og_site_name":"Sala Jove","article_publisher":"https:\/\/www.facebook.com\/BilbiotecaComarcaldeBlanes\/","article_published_time":"2017-09-15T18:59:34+00:00","article_modified_time":"2018-01-22T10:38:07+00:00","og_image":[{"width":3719,"height":2265,"url":"https:\/\/biblioteca.blanes.cat\/salajove\/wp-content\/uploads\/sites\/3\/2017\/10\/Destacat_rac\u00f3_Paula.png","type":"image\/png"}],"author":"paula","twitter_card":"summary_large_image","twitter_creator":"@BiblioBlanes","twitter_site":"@BiblioBlanes","twitter_misc":{"Escrit per":"paula","Temps estimat de lectura":"6 minuts"},"schema":{"@context":"https:\/\/schema.org","@graph":[{"@type":"Article","@id":"https:\/\/biblioteca.blanes.cat\/salajove\/2017\/09\/15\/829\/#article","isPartOf":{"@id":"https:\/\/biblioteca.blanes.cat\/salajove\/2017\/09\/15\/829\/"},"author":{"name":"paula","@id":"https:\/\/biblioteca.blanes.cat\/salajove\/#\/schema\/person\/8dbc45cdf5d1c7e2d100d147517ba7f3"},"headline":"UNA PROMESA EN EL FIN DEL MUNDO de Sarah Lark","datePublished":"2017-09-15T18:59:34+00:00","dateModified":"2018-01-22T10:38:07+00:00","mainEntityOfPage":{"@id":"https:\/\/biblioteca.blanes.cat\/salajove\/2017\/09\/15\/829\/"},"wordCount":1166,"commentCount":0,"publisher":{"@id":"https:\/\/biblioteca.blanes.cat\/salajove\/#organization"},"image":{"@id":"https:\/\/biblioteca.blanes.cat\/salajove\/2017\/09\/15\/829\/#primaryimage"},"thumbnailUrl":"https:\/\/biblioteca.blanes.cat\/salajove\/wp-content\/uploads\/sites\/3\/2017\/10\/Destacat_rac\u00f3_Paula.png","keywords":["#BlogdeLectura","#ElRac\u00f3delaPaula","#Literatura","#Llibres","#Sinopsi"],"articleSection":["Rac\u00f3 de la Paula","RP_Novetat"],"inLanguage":"ca","potentialAction":[{"@type":"CommentAction","name":"Comment","target":["https:\/\/biblioteca.blanes.cat\/salajove\/2017\/09\/15\/829\/#respond"]}]},{"@type":"WebPage","@id":"https:\/\/biblioteca.blanes.cat\/salajove\/2017\/09\/15\/829\/","url":"https:\/\/biblioteca.blanes.cat\/salajove\/2017\/09\/15\/829\/","name":"UNA PROMESA EN EL FIN DEL MUNDO de Sarah Lark - Sala Jove","isPartOf":{"@id":"https:\/\/biblioteca.blanes.cat\/salajove\/#website"},"primaryImageOfPage":{"@id":"https:\/\/biblioteca.blanes.cat\/salajove\/2017\/09\/15\/829\/#primaryimage"},"image":{"@id":"https:\/\/biblioteca.blanes.cat\/salajove\/2017\/09\/15\/829\/#primaryimage"},"thumbnailUrl":"https:\/\/biblioteca.blanes.cat\/salajove\/wp-content\/uploads\/sites\/3\/2017\/10\/Destacat_rac\u00f3_Paula.png","datePublished":"2017-09-15T18:59:34+00:00","dateModified":"2018-01-22T10:38:07+00:00","description":"Una promesa en el fin del mundo comen\u00e7a un any abans de que acab\u00e9s la Segona Guerra Mundial. La Sarah Lark la divideix en quatre blocs m\u00e9s un epileg.","breadcrumb":{"@id":"https:\/\/biblioteca.blanes.cat\/salajove\/2017\/09\/15\/829\/#breadcrumb"},"inLanguage":"ca","potentialAction":[{"@type":"ReadAction","target":["https:\/\/biblioteca.blanes.cat\/salajove\/2017\/09\/15\/829\/"]}]},{"@type":"ImageObject","inLanguage":"ca","@id":"https:\/\/biblioteca.blanes.cat\/salajove\/2017\/09\/15\/829\/#primaryimage","url":"https:\/\/biblioteca.blanes.cat\/salajove\/wp-content\/uploads\/sites\/3\/2017\/10\/Destacat_rac\u00f3_Paula.png","contentUrl":"https:\/\/biblioteca.blanes.cat\/salajove\/wp-content\/uploads\/sites\/3\/2017\/10\/Destacat_rac\u00f3_Paula.png","width":3719,"height":2265,"caption":"Rac\u00f3 de la Paula"},{"@type":"BreadcrumbList","@id":"https:\/\/biblioteca.blanes.cat\/salajove\/2017\/09\/15\/829\/#breadcrumb","itemListElement":[{"@type":"ListItem","position":1,"name":"Inici","item":"https:\/\/biblioteca.blanes.cat\/salajove\/"},{"@type":"ListItem","position":2,"name":"UNA PROMESA EN EL FIN DEL MUNDO de Sarah Lark"}]},{"@type":"WebSite","@id":"https:\/\/biblioteca.blanes.cat\/salajove\/#website","url":"https:\/\/biblioteca.blanes.cat\/salajove\/","name":"Sala Jove","description":"Biblioteca Comarcal de Blanes","publisher":{"@id":"https:\/\/biblioteca.blanes.cat\/salajove\/#organization"},"potentialAction":[{"@type":"SearchAction","target":{"@type":"EntryPoint","urlTemplate":"https:\/\/biblioteca.blanes.cat\/salajove\/?s={search_term_string}"},"query-input":{"@type":"PropertyValueSpecification","valueRequired":true,"valueName":"search_term_string"}}],"inLanguage":"ca"},{"@type":"Organization","@id":"https:\/\/biblioteca.blanes.cat\/salajove\/#organization","name":"Biblioteca Comarcal de Blanes","url":"https:\/\/biblioteca.blanes.cat\/salajove\/","logo":{"@type":"ImageObject","inLanguage":"ca","@id":"https:\/\/biblioteca.blanes.cat\/salajove\/#\/schema\/logo\/image\/","url":"https:\/\/biblioteca.blanes.cat\/salajove\/wp-content\/uploads\/sites\/3\/2017\/09\/cropped-Bib-blau-e1518869380535.png","contentUrl":"https:\/\/biblioteca.blanes.cat\/salajove\/wp-content\/uploads\/sites\/3\/2017\/09\/cropped-Bib-blau-e1518869380535.png","width":166,"height":166,"caption":"Biblioteca Comarcal de Blanes"},"image":{"@id":"https:\/\/biblioteca.blanes.cat\/salajove\/#\/schema\/logo\/image\/"},"sameAs":["https:\/\/www.facebook.com\/BilbiotecaComarcaldeBlanes\/","https:\/\/x.com\/BiblioBlanes","https:\/\/www.instagram.com\/biblioblanes\/","https:\/\/www.pinterest.es\/bblanes\/","https:\/\/www.youtube.com\/c\/BibliotecaComarcalBlanes"]},{"@type":"Person","@id":"https:\/\/biblioteca.blanes.cat\/salajove\/#\/schema\/person\/8dbc45cdf5d1c7e2d100d147517ba7f3","name":"paula","image":{"@type":"ImageObject","inLanguage":"ca","@id":"https:\/\/secure.gravatar.com\/avatar\/7dc0a9399589f36ddc6864e8335b73854871aa22921ee390cb50776e7ddfc136?s=96&d=mm&r=g","url":"https:\/\/secure.gravatar.com\/avatar\/7dc0a9399589f36ddc6864e8335b73854871aa22921ee390cb50776e7ddfc136?s=96&d=mm&r=g","contentUrl":"https:\/\/secure.gravatar.com\/avatar\/7dc0a9399589f36ddc6864e8335b73854871aa22921ee390cb50776e7ddfc136?s=96&d=mm&r=g","caption":"paula"},"url":"https:\/\/biblioteca.blanes.cat\/salajove\/author\/paula\/"}]}},"_links":{"self":[{"href":"https:\/\/biblioteca.blanes.cat\/salajove\/wp-json\/wp\/v2\/posts\/829","targetHints":{"allow":["GET"]}}],"collection":[{"href":"https:\/\/biblioteca.blanes.cat\/salajove\/wp-json\/wp\/v2\/posts"}],"about":[{"href":"https:\/\/biblioteca.blanes.cat\/salajove\/wp-json\/wp\/v2\/types\/post"}],"author":[{"embeddable":true,"href":"https:\/\/biblioteca.blanes.cat\/salajove\/wp-json\/wp\/v2\/users\/6"}],"replies":[{"embeddable":true,"href":"https:\/\/biblioteca.blanes.cat\/salajove\/wp-json\/wp\/v2\/comments?post=829"}],"version-history":[{"count":8,"href":"https:\/\/biblioteca.blanes.cat\/salajove\/wp-json\/wp\/v2\/posts\/829\/revisions"}],"predecessor-version":[{"id":863,"href":"https:\/\/biblioteca.blanes.cat\/salajove\/wp-json\/wp\/v2\/posts\/829\/revisions\/863"}],"wp:featuredmedia":[{"embeddable":true,"href":"https:\/\/biblioteca.blanes.cat\/salajove\/wp-json\/wp\/v2\/media\/154"}],"wp:attachment":[{"href":"https:\/\/biblioteca.blanes.cat\/salajove\/wp-json\/wp\/v2\/media?parent=829"}],"wp:term":[{"taxonomy":"category","embeddable":true,"href":"https:\/\/biblioteca.blanes.cat\/salajove\/wp-json\/wp\/v2\/categories?post=829"},{"taxonomy":"post_tag","embeddable":true,"href":"https:\/\/biblioteca.blanes.cat\/salajove\/wp-json\/wp\/v2\/tags?post=829"}],"curies":[{"name":"wp","href":"https:\/\/api.w.org\/{rel}","templated":true}]}}