{"id":8269,"date":"2023-12-27T19:10:37","date_gmt":"2023-12-27T18:10:37","guid":{"rendered":"https:\/\/biblioteca.blanes.cat\/salajove\/?p=8269"},"modified":"2024-06-13T16:19:40","modified_gmt":"2024-06-13T15:19:40","slug":"club-de-lectura-emblanats-desembre","status":"publish","type":"post","link":"https:\/\/biblioteca.blanes.cat\/salajove\/2023\/12\/27\/club-de-lectura-emblanats-desembre\/","title":{"rendered":"Club de Lectura #emblanats desembre"},"content":{"rendered":"\n<p>El 22 de desembre, just abans de Nadal, el Club de Lectura Juvenil #emblanats ens vam reunir a la Sala Jove per comentar <a href=\"https:\/\/thuleediciones.com\/catalogo\/enigmes\/\"><span style=\"color: #993300;\"><strong><em>Enigmes<\/em><\/strong><\/span><\/a>, de <span style=\"color: #993300;\"><strong>Beatriz Mart\u00edn Vidal<\/strong><\/span>. <em>Enigmes<\/em> \u00e9s un <span style=\"color: #993300;\"><strong>\u00e0lbum il\u00b7lustrat<\/strong><\/span> que planteja diferents preguntes sobre alguns dels protagonistes dels <span style=\"color: #800000;\"><strong>contes infantils m\u00e9s c\u00e8lebres<\/strong><\/span>. Molta gent no sap que hi ha una Caputxeta Blanca, ni una Caputxeta Negra, a qui fins i tot temen els llops. Tampoc no saben que la Blancaneu t\u00e9 una germana, la Rosa Vermella. Hi ha tantes i tantes preguntes\u2026 Qu\u00e8 va somiar la Bella Dorment durant cent anys? Per qu\u00e8 van tornar amb els seus pares en Hansel i la Gretel? Per qu\u00e8 no es van quedar a la casa de caramel? La Madrastra va n\u00e9ixer malvada o s\u2019hi va tornar? Va sentir pena en Polzet per les set filles de l\u2019Ogre? Els pr\u00ednceps van perdonar la germana de la Sireneta? Quan la Rapunzel va perdre la trena, va sentir alleujament?<\/p>\n<p><img fetchpriority=\"high\" decoding=\"async\" class=\"aligncenter size-medium wp-image-8274\" src=\"https:\/\/biblioteca.blanes.cat\/salajove\/wp-content\/uploads\/sites\/3\/2023\/12\/coberta-214x300.jpg\" alt=\"\" width=\"214\" height=\"300\" srcset=\"https:\/\/biblioteca.blanes.cat\/salajove\/wp-content\/uploads\/sites\/3\/2023\/12\/coberta-214x300.jpg 214w, https:\/\/biblioteca.blanes.cat\/salajove\/wp-content\/uploads\/sites\/3\/2023\/12\/coberta.jpg 318w\" sizes=\"(max-width: 214px) 100vw, 214px\" \/><\/p>\n<p>La veritat \u00e9s que no estem acostumats a enfrontar-nos a aquest tipus d\u2019hist\u00f2ries en qu\u00e8<span style=\"color: #800000;\"> <strong>la imatge pren m\u00e9s protagonisme que el text<\/strong> <\/span>i la hist\u00f2ria en si, \u00e9s per aix\u00f2 que la sessi\u00f3 tenia per objectiu <span style=\"color: #800000;\"><strong>treballar la relaci\u00f3 de la imatge amb el text<\/strong><\/span> per, d\u2019aquesta manera, entrar m\u00e9s en la hist\u00f2ria. Per treballar aquesta relaci\u00f3 vam comentar, un per un, els enigmes proposats. Cada pregunta est\u00e0 relacionada amb dues imatges: la primera \u00e9s un element que complementa el text i la segona la trobem a la doble p\u00e0gina seg\u00fcent i la seva intenci\u00f3 \u00e9s il\u00b7lustrar el dubte. Qu\u00e8 representa l\u2019element de cada hist\u00f2ria? Com \u00e9s la il\u00b7lustraci\u00f3? Quins colors predominen i qu\u00e8 ens volen dir? <strong><span style=\"color: #800000;\">Qu\u00e8 ens transmet tot el conjunt?<\/span><\/strong><\/p>\n<p><img decoding=\"async\" class=\"aligncenter size-medium wp-image-8276\" src=\"https:\/\/biblioteca.blanes.cat\/salajove\/wp-content\/uploads\/sites\/3\/2023\/12\/enigmes-18-300x212.jpg\" alt=\"\" width=\"300\" height=\"212\" srcset=\"https:\/\/biblioteca.blanes.cat\/salajove\/wp-content\/uploads\/sites\/3\/2023\/12\/enigmes-18-300x212.jpg 300w, https:\/\/biblioteca.blanes.cat\/salajove\/wp-content\/uploads\/sites\/3\/2023\/12\/enigmes-18-1024x724.jpg 1024w, https:\/\/biblioteca.blanes.cat\/salajove\/wp-content\/uploads\/sites\/3\/2023\/12\/enigmes-18-768x543.jpg 768w, https:\/\/biblioteca.blanes.cat\/salajove\/wp-content\/uploads\/sites\/3\/2023\/12\/enigmes-18-1536x1087.jpg 1536w, https:\/\/biblioteca.blanes.cat\/salajove\/wp-content\/uploads\/sites\/3\/2023\/12\/enigmes-18-2048x1449.jpg 2048w\" sizes=\"(max-width: 300px) 100vw, 300px\" \/><\/p>\n<p><img decoding=\"async\" class=\"aligncenter size-medium wp-image-8277\" src=\"https:\/\/biblioteca.blanes.cat\/salajove\/wp-content\/uploads\/sites\/3\/2023\/12\/enigmes-19-300x212.jpg\" alt=\"\" width=\"300\" height=\"212\" srcset=\"https:\/\/biblioteca.blanes.cat\/salajove\/wp-content\/uploads\/sites\/3\/2023\/12\/enigmes-19-300x212.jpg 300w, https:\/\/biblioteca.blanes.cat\/salajove\/wp-content\/uploads\/sites\/3\/2023\/12\/enigmes-19-1024x724.jpg 1024w, https:\/\/biblioteca.blanes.cat\/salajove\/wp-content\/uploads\/sites\/3\/2023\/12\/enigmes-19-768x543.jpg 768w, https:\/\/biblioteca.blanes.cat\/salajove\/wp-content\/uploads\/sites\/3\/2023\/12\/enigmes-19-1536x1087.jpg 1536w, https:\/\/biblioteca.blanes.cat\/salajove\/wp-content\/uploads\/sites\/3\/2023\/12\/enigmes-19-2048x1449.jpg 2048w\" sizes=\"(max-width: 300px) 100vw, 300px\" \/><\/p>\n<p>La majoria de lectors vam coincidir que es tractava d\u2019unes il\u00b7lustracions molt ben fetes pel que fa a la t\u00e8cnica i el treball de la forma i els colors. Ara b\u00e9, aix\u00f2 no significa que necess\u00e0riament hagin d\u2019agradar. Aquest enfocament va ser molt positiu perqu\u00e8 aix\u00f2 ens va permetre separar la qualitat de l\u2019obra (des d\u2019un punt de vista objectiu) del gust (que sempre \u00e9s subjectiu). Vam arribar a la conclusi\u00f3 que es tracta d\u2019unes <span style=\"color: #993300;\"><strong>imatges sinistres, que provoquen \u201cmal rotllo\u201d, inquietants<\/strong> i, mai m\u00e9s ben dit, <strong>enigm\u00e0tiques<\/strong><\/span>. Fins i tot vam fer broma i vam trobar que una de les noies dibuixades tenia una certa semblan\u00e7a amb una de les participants!<\/p>\n<p>En aquesta ocasi\u00f3, a m\u00e9s, a causa del format de la hist\u00f2ria, no va ser del tot f\u00e0cil utilitzar els punts de llibre que vam repartir a la primera sessi\u00f3. Esperem poder-los estrenar amb la seg\u00fcent lectura!<\/p>\n<p>Per acabar de completar la sessi\u00f3, vam jugar en una <span style=\"color: #993300;\"><strong>versi\u00f3 personalitzada del Dixit<\/strong><\/span>. L\u2019Helena, la conductora del club, va preparar unes cartes amb les il\u00b7lustracions de l\u2019\u00e0lbum il\u00b7lustrat que vam comentar i d\u2019altres \u00e0lbums de la mateixa autora. El Dixit ens permet <strong><span style=\"color: #800000;\">treballar la imaginaci\u00f3 i la creativitat<\/span><\/strong> a partir de les imatges i gr\u00e0cies a aix\u00f2 <span style=\"color: #800000;\"><strong>vam poder aprofundir molt m\u00e9s en les emocions que ens va despertar la lectura<\/strong><\/span>.<\/p>\n<p><img loading=\"lazy\" decoding=\"async\" class=\"aligncenter size-medium wp-image-8272\" src=\"https:\/\/biblioteca.blanes.cat\/salajove\/wp-content\/uploads\/sites\/3\/2023\/12\/engimes-3-224x300.jpg\" alt=\"\" width=\"224\" height=\"300\" srcset=\"https:\/\/biblioteca.blanes.cat\/salajove\/wp-content\/uploads\/sites\/3\/2023\/12\/engimes-3-224x300.jpg 224w, https:\/\/biblioteca.blanes.cat\/salajove\/wp-content\/uploads\/sites\/3\/2023\/12\/engimes-3-766x1024.jpg 766w, https:\/\/biblioteca.blanes.cat\/salajove\/wp-content\/uploads\/sites\/3\/2023\/12\/engimes-3-768x1027.jpg 768w, https:\/\/biblioteca.blanes.cat\/salajove\/wp-content\/uploads\/sites\/3\/2023\/12\/engimes-3-1149x1536.jpg 1149w, https:\/\/biblioteca.blanes.cat\/salajove\/wp-content\/uploads\/sites\/3\/2023\/12\/engimes-3-1532x2048.jpg 1532w, https:\/\/biblioteca.blanes.cat\/salajove\/wp-content\/uploads\/sites\/3\/2023\/12\/engimes-3-scaled.jpg 1915w\" sizes=\"(max-width: 224px) 100vw, 224px\" \/><\/p>\n<p><img loading=\"lazy\" decoding=\"async\" class=\"aligncenter size-medium wp-image-8273\" src=\"https:\/\/biblioteca.blanes.cat\/salajove\/wp-content\/uploads\/sites\/3\/2023\/12\/engimes-2-300x224.jpg\" alt=\"\" width=\"300\" height=\"224\" srcset=\"https:\/\/biblioteca.blanes.cat\/salajove\/wp-content\/uploads\/sites\/3\/2023\/12\/engimes-2-300x224.jpg 300w, https:\/\/biblioteca.blanes.cat\/salajove\/wp-content\/uploads\/sites\/3\/2023\/12\/engimes-2-1024x766.jpg 1024w, https:\/\/biblioteca.blanes.cat\/salajove\/wp-content\/uploads\/sites\/3\/2023\/12\/engimes-2-768x574.jpg 768w, https:\/\/biblioteca.blanes.cat\/salajove\/wp-content\/uploads\/sites\/3\/2023\/12\/engimes-2-1536x1149.jpg 1536w, https:\/\/biblioteca.blanes.cat\/salajove\/wp-content\/uploads\/sites\/3\/2023\/12\/engimes-2-2048x1532.jpg 2048w\" sizes=\"(max-width: 300px) 100vw, 300px\" \/><\/p>\n<p>Mireu si ens ho vam passar b\u00e9 jugant que ens va passar el temps volant i ni tan sols vam fer-nos la foto conjunta! Queda pendent per a la propera trobada! \u00a0<\/p>\n<p>Al final de la sessi\u00f3, vam repartir una <span style=\"color: #993300;\"><strong>guia de lectura d\u2019\u00e0lbums il\u00b7lustrats<\/strong> <\/span>i vam fer el pr\u00e9stec de la propera lectura, que comentarem el 19 de gener. Aquesta vegada ens haurem d\u2019enfrontar amb una novel\u00b7la gr\u00e0fica titulada <a href=\"https:\/\/www.editorialastronave.com\/libro\/menjant-amb-por\"><span style=\"color: #000080;\"><strong><em>Menjant amb por<\/em><\/strong><\/span>, d\u2019<span style=\"color: #000080;\"><strong>Elisabeth Karin Pav\u00f3n Rymer-Ryth\u00e9n<\/strong><\/span><\/a>, que reflexiona sobre els trastorns alimentaris.<\/p>\n<p><img loading=\"lazy\" decoding=\"async\" class=\"aligncenter size-medium wp-image-8278\" src=\"https:\/\/biblioteca.blanes.cat\/salajove\/wp-content\/uploads\/sites\/3\/2023\/12\/engimes-6-224x300.jpg\" alt=\"\" width=\"224\" height=\"300\" srcset=\"https:\/\/biblioteca.blanes.cat\/salajove\/wp-content\/uploads\/sites\/3\/2023\/12\/engimes-6-224x300.jpg 224w, https:\/\/biblioteca.blanes.cat\/salajove\/wp-content\/uploads\/sites\/3\/2023\/12\/engimes-6-766x1024.jpg 766w, https:\/\/biblioteca.blanes.cat\/salajove\/wp-content\/uploads\/sites\/3\/2023\/12\/engimes-6-768x1027.jpg 768w, https:\/\/biblioteca.blanes.cat\/salajove\/wp-content\/uploads\/sites\/3\/2023\/12\/engimes-6-1149x1536.jpg 1149w, https:\/\/biblioteca.blanes.cat\/salajove\/wp-content\/uploads\/sites\/3\/2023\/12\/engimes-6-1532x2048.jpg 1532w, https:\/\/biblioteca.blanes.cat\/salajove\/wp-content\/uploads\/sites\/3\/2023\/12\/engimes-6-scaled.jpg 1915w\" sizes=\"(max-width: 224px) 100vw, 224px\" \/><\/p>\n<p>Esteu a punt per a la propera aventura, #emblanats?<\/p>\n<p><span style=\"color: #800000;\"><strong>Fins ben aviat i bona entrada al 2024!<\/strong><\/span><\/p>\n<p>\u00a0<\/p>\n<p>\u00a0<\/p>\n","protected":false},"excerpt":{"rendered":"<p>El 22 de desembre, just abans de Nadal, el Club de Lectura Juvenil #emblanats ens vam reunir a la Sala Jove per comentar Enigmes, de Beatriz Mart\u00edn Vidal. Enigmes \u00e9s un \u00e0lbum il\u00b7lustrat que planteja diferents preguntes sobre alguns dels<\/p>\n","protected":false},"author":4,"featured_media":8274,"comment_status":"open","ping_status":"open","sticky":false,"template":"","format":"standard","meta":{"sfsi_plus_gutenberg_text_before_share":"","sfsi_plus_gutenberg_show_text_before_share":"","sfsi_plus_gutenberg_icon_type":"","sfsi_plus_gutenberg_icon_alignemt":"","sfsi_plus_gutenburg_max_per_row":"","footnotes":""},"categories":[5,1],"tags":[],"class_list":["post-8269","post","type-post","status-publish","format-standard","has-post-thumbnail","hentry","category-club-de-lectura","category-general"],"yoast_head":"<!-- This site is optimized with the Yoast SEO plugin v27.5 - https:\/\/yoast.com\/product\/yoast-seo-wordpress\/ -->\n<title>Club de Lectura #emblanats desembre - Sala Jove<\/title>\n<meta name=\"robots\" content=\"index, follow, max-snippet:-1, max-image-preview:large, max-video-preview:-1\" \/>\n<link rel=\"canonical\" href=\"https:\/\/biblioteca.blanes.cat\/salajove\/2023\/12\/27\/club-de-lectura-emblanats-desembre\/\" \/>\n<meta property=\"og:locale\" content=\"ca_ES\" \/>\n<meta property=\"og:type\" content=\"article\" \/>\n<meta property=\"og:title\" content=\"Club de Lectura #emblanats desembre - Sala Jove\" \/>\n<meta property=\"og:description\" content=\"El 22 de desembre, just abans de Nadal, el Club de Lectura Juvenil #emblanats ens vam reunir a la Sala Jove per comentar Enigmes, de Beatriz Mart\u00edn Vidal. Enigmes \u00e9s un \u00e0lbum il\u00b7lustrat que planteja diferents preguntes sobre alguns dels\" \/>\n<meta property=\"og:url\" content=\"https:\/\/biblioteca.blanes.cat\/salajove\/2023\/12\/27\/club-de-lectura-emblanats-desembre\/\" \/>\n<meta property=\"og:site_name\" content=\"Sala Jove\" \/>\n<meta property=\"article:publisher\" content=\"https:\/\/www.facebook.com\/BilbiotecaComarcaldeBlanes\/\" \/>\n<meta property=\"article:published_time\" content=\"2023-12-27T18:10:37+00:00\" \/>\n<meta property=\"article:modified_time\" content=\"2024-06-13T15:19:40+00:00\" \/>\n<meta property=\"og:image\" content=\"https:\/\/biblioteca.blanes.cat\/salajove\/wp-content\/uploads\/sites\/3\/2023\/12\/coberta.jpg\" \/>\n\t<meta property=\"og:image:width\" content=\"318\" \/>\n\t<meta property=\"og:image:height\" content=\"445\" \/>\n\t<meta property=\"og:image:type\" content=\"image\/jpeg\" \/>\n<meta name=\"author\" content=\"biblioblanes\" \/>\n<meta name=\"twitter:card\" content=\"summary_large_image\" \/>\n<meta name=\"twitter:creator\" content=\"@biblioblanes\" \/>\n<meta name=\"twitter:site\" content=\"@BiblioBlanes\" \/>\n<meta name=\"twitter:label1\" content=\"Escrit per\" \/>\n\t<meta name=\"twitter:data1\" content=\"biblioblanes\" \/>\n\t<meta name=\"twitter:label2\" content=\"Temps estimat de lectura\" \/>\n\t<meta name=\"twitter:data2\" content=\"5 minuts\" \/>\n<script type=\"application\/ld+json\" class=\"yoast-schema-graph\">{\"@context\":\"https:\\\/\\\/schema.org\",\"@graph\":[{\"@type\":\"Article\",\"@id\":\"https:\\\/\\\/biblioteca.blanes.cat\\\/salajove\\\/2023\\\/12\\\/27\\\/club-de-lectura-emblanats-desembre\\\/#article\",\"isPartOf\":{\"@id\":\"https:\\\/\\\/biblioteca.blanes.cat\\\/salajove\\\/2023\\\/12\\\/27\\\/club-de-lectura-emblanats-desembre\\\/\"},\"author\":{\"name\":\"biblioblanes\",\"@id\":\"https:\\\/\\\/biblioteca.blanes.cat\\\/salajove\\\/#\\\/schema\\\/person\\\/5a7b46760d9dd611d098bbf571a341dc\"},\"headline\":\"Club de Lectura #emblanats desembre\",\"datePublished\":\"2023-12-27T18:10:37+00:00\",\"dateModified\":\"2024-06-13T15:19:40+00:00\",\"mainEntityOfPage\":{\"@id\":\"https:\\\/\\\/biblioteca.blanes.cat\\\/salajove\\\/2023\\\/12\\\/27\\\/club-de-lectura-emblanats-desembre\\\/\"},\"wordCount\":656,\"commentCount\":0,\"publisher\":{\"@id\":\"https:\\\/\\\/biblioteca.blanes.cat\\\/salajove\\\/#organization\"},\"image\":{\"@id\":\"https:\\\/\\\/biblioteca.blanes.cat\\\/salajove\\\/2023\\\/12\\\/27\\\/club-de-lectura-emblanats-desembre\\\/#primaryimage\"},\"thumbnailUrl\":\"https:\\\/\\\/biblioteca.blanes.cat\\\/salajove\\\/wp-content\\\/uploads\\\/sites\\\/3\\\/2023\\\/12\\\/coberta.jpg\",\"articleSection\":[\"Club de Lectura\",\"Not\u00edcies\"],\"inLanguage\":\"ca\",\"potentialAction\":[{\"@type\":\"CommentAction\",\"name\":\"Comment\",\"target\":[\"https:\\\/\\\/biblioteca.blanes.cat\\\/salajove\\\/2023\\\/12\\\/27\\\/club-de-lectura-emblanats-desembre\\\/#respond\"]}]},{\"@type\":\"WebPage\",\"@id\":\"https:\\\/\\\/biblioteca.blanes.cat\\\/salajove\\\/2023\\\/12\\\/27\\\/club-de-lectura-emblanats-desembre\\\/\",\"url\":\"https:\\\/\\\/biblioteca.blanes.cat\\\/salajove\\\/2023\\\/12\\\/27\\\/club-de-lectura-emblanats-desembre\\\/\",\"name\":\"Club de Lectura #emblanats desembre - Sala Jove\",\"isPartOf\":{\"@id\":\"https:\\\/\\\/biblioteca.blanes.cat\\\/salajove\\\/#website\"},\"primaryImageOfPage\":{\"@id\":\"https:\\\/\\\/biblioteca.blanes.cat\\\/salajove\\\/2023\\\/12\\\/27\\\/club-de-lectura-emblanats-desembre\\\/#primaryimage\"},\"image\":{\"@id\":\"https:\\\/\\\/biblioteca.blanes.cat\\\/salajove\\\/2023\\\/12\\\/27\\\/club-de-lectura-emblanats-desembre\\\/#primaryimage\"},\"thumbnailUrl\":\"https:\\\/\\\/biblioteca.blanes.cat\\\/salajove\\\/wp-content\\\/uploads\\\/sites\\\/3\\\/2023\\\/12\\\/coberta.jpg\",\"datePublished\":\"2023-12-27T18:10:37+00:00\",\"dateModified\":\"2024-06-13T15:19:40+00:00\",\"breadcrumb\":{\"@id\":\"https:\\\/\\\/biblioteca.blanes.cat\\\/salajove\\\/2023\\\/12\\\/27\\\/club-de-lectura-emblanats-desembre\\\/#breadcrumb\"},\"inLanguage\":\"ca\",\"potentialAction\":[{\"@type\":\"ReadAction\",\"target\":[\"https:\\\/\\\/biblioteca.blanes.cat\\\/salajove\\\/2023\\\/12\\\/27\\\/club-de-lectura-emblanats-desembre\\\/\"]}]},{\"@type\":\"ImageObject\",\"inLanguage\":\"ca\",\"@id\":\"https:\\\/\\\/biblioteca.blanes.cat\\\/salajove\\\/2023\\\/12\\\/27\\\/club-de-lectura-emblanats-desembre\\\/#primaryimage\",\"url\":\"https:\\\/\\\/biblioteca.blanes.cat\\\/salajove\\\/wp-content\\\/uploads\\\/sites\\\/3\\\/2023\\\/12\\\/coberta.jpg\",\"contentUrl\":\"https:\\\/\\\/biblioteca.blanes.cat\\\/salajove\\\/wp-content\\\/uploads\\\/sites\\\/3\\\/2023\\\/12\\\/coberta.jpg\",\"width\":318,\"height\":445},{\"@type\":\"BreadcrumbList\",\"@id\":\"https:\\\/\\\/biblioteca.blanes.cat\\\/salajove\\\/2023\\\/12\\\/27\\\/club-de-lectura-emblanats-desembre\\\/#breadcrumb\",\"itemListElement\":[{\"@type\":\"ListItem\",\"position\":1,\"name\":\"Inici\",\"item\":\"https:\\\/\\\/biblioteca.blanes.cat\\\/salajove\\\/\"},{\"@type\":\"ListItem\",\"position\":2,\"name\":\"Club de Lectura #emblanats desembre\"}]},{\"@type\":\"WebSite\",\"@id\":\"https:\\\/\\\/biblioteca.blanes.cat\\\/salajove\\\/#website\",\"url\":\"https:\\\/\\\/biblioteca.blanes.cat\\\/salajove\\\/\",\"name\":\"Sala Jove\",\"description\":\"Biblioteca Comarcal de Blanes\",\"publisher\":{\"@id\":\"https:\\\/\\\/biblioteca.blanes.cat\\\/salajove\\\/#organization\"},\"potentialAction\":[{\"@type\":\"SearchAction\",\"target\":{\"@type\":\"EntryPoint\",\"urlTemplate\":\"https:\\\/\\\/biblioteca.blanes.cat\\\/salajove\\\/?s={search_term_string}\"},\"query-input\":{\"@type\":\"PropertyValueSpecification\",\"valueRequired\":true,\"valueName\":\"search_term_string\"}}],\"inLanguage\":\"ca\"},{\"@type\":\"Organization\",\"@id\":\"https:\\\/\\\/biblioteca.blanes.cat\\\/salajove\\\/#organization\",\"name\":\"Biblioteca Comarcal de Blanes\",\"url\":\"https:\\\/\\\/biblioteca.blanes.cat\\\/salajove\\\/\",\"logo\":{\"@type\":\"ImageObject\",\"inLanguage\":\"ca\",\"@id\":\"https:\\\/\\\/biblioteca.blanes.cat\\\/salajove\\\/#\\\/schema\\\/logo\\\/image\\\/\",\"url\":\"https:\\\/\\\/biblioteca.blanes.cat\\\/salajove\\\/wp-content\\\/uploads\\\/sites\\\/3\\\/2017\\\/09\\\/cropped-Bib-blau-e1518869380535.png\",\"contentUrl\":\"https:\\\/\\\/biblioteca.blanes.cat\\\/salajove\\\/wp-content\\\/uploads\\\/sites\\\/3\\\/2017\\\/09\\\/cropped-Bib-blau-e1518869380535.png\",\"width\":166,\"height\":166,\"caption\":\"Biblioteca Comarcal de Blanes\"},\"image\":{\"@id\":\"https:\\\/\\\/biblioteca.blanes.cat\\\/salajove\\\/#\\\/schema\\\/logo\\\/image\\\/\"},\"sameAs\":[\"https:\\\/\\\/www.facebook.com\\\/BilbiotecaComarcaldeBlanes\\\/\",\"https:\\\/\\\/x.com\\\/BiblioBlanes\",\"https:\\\/\\\/www.instagram.com\\\/biblioblanes\\\/\",\"https:\\\/\\\/www.pinterest.es\\\/bblanes\\\/\",\"https:\\\/\\\/www.youtube.com\\\/c\\\/BibliotecaComarcalBlanes\"]},{\"@type\":\"Person\",\"@id\":\"https:\\\/\\\/biblioteca.blanes.cat\\\/salajove\\\/#\\\/schema\\\/person\\\/5a7b46760d9dd611d098bbf571a341dc\",\"name\":\"biblioblanes\",\"image\":{\"@type\":\"ImageObject\",\"inLanguage\":\"ca\",\"@id\":\"https:\\\/\\\/secure.gravatar.com\\\/avatar\\\/6593ca6cc90e5a70939f51c95e8315483b9c281bafba597292bee47992030f99?s=96&d=mm&r=g\",\"url\":\"https:\\\/\\\/secure.gravatar.com\\\/avatar\\\/6593ca6cc90e5a70939f51c95e8315483b9c281bafba597292bee47992030f99?s=96&d=mm&r=g\",\"contentUrl\":\"https:\\\/\\\/secure.gravatar.com\\\/avatar\\\/6593ca6cc90e5a70939f51c95e8315483b9c281bafba597292bee47992030f99?s=96&d=mm&r=g\",\"caption\":\"biblioblanes\"},\"sameAs\":[\"http:\\\/\\\/www.bibgirona.cat\\\/biblioteca\\\/blanes\",\"https:\\\/\\\/x.com\\\/biblioblanes\"],\"url\":\"https:\\\/\\\/biblioteca.blanes.cat\\\/salajove\\\/author\\\/biblioblanes\\\/\"}]}<\/script>\n<!-- \/ Yoast SEO plugin. -->","yoast_head_json":{"title":"Club de Lectura #emblanats desembre - Sala Jove","robots":{"index":"index","follow":"follow","max-snippet":"max-snippet:-1","max-image-preview":"max-image-preview:large","max-video-preview":"max-video-preview:-1"},"canonical":"https:\/\/biblioteca.blanes.cat\/salajove\/2023\/12\/27\/club-de-lectura-emblanats-desembre\/","og_locale":"ca_ES","og_type":"article","og_title":"Club de Lectura #emblanats desembre - Sala Jove","og_description":"El 22 de desembre, just abans de Nadal, el Club de Lectura Juvenil #emblanats ens vam reunir a la Sala Jove per comentar Enigmes, de Beatriz Mart\u00edn Vidal. Enigmes \u00e9s un \u00e0lbum il\u00b7lustrat que planteja diferents preguntes sobre alguns dels","og_url":"https:\/\/biblioteca.blanes.cat\/salajove\/2023\/12\/27\/club-de-lectura-emblanats-desembre\/","og_site_name":"Sala Jove","article_publisher":"https:\/\/www.facebook.com\/BilbiotecaComarcaldeBlanes\/","article_published_time":"2023-12-27T18:10:37+00:00","article_modified_time":"2024-06-13T15:19:40+00:00","og_image":[{"width":318,"height":445,"url":"https:\/\/biblioteca.blanes.cat\/salajove\/wp-content\/uploads\/sites\/3\/2023\/12\/coberta.jpg","type":"image\/jpeg"}],"author":"biblioblanes","twitter_card":"summary_large_image","twitter_creator":"@biblioblanes","twitter_site":"@BiblioBlanes","twitter_misc":{"Escrit per":"biblioblanes","Temps estimat de lectura":"5 minuts"},"schema":{"@context":"https:\/\/schema.org","@graph":[{"@type":"Article","@id":"https:\/\/biblioteca.blanes.cat\/salajove\/2023\/12\/27\/club-de-lectura-emblanats-desembre\/#article","isPartOf":{"@id":"https:\/\/biblioteca.blanes.cat\/salajove\/2023\/12\/27\/club-de-lectura-emblanats-desembre\/"},"author":{"name":"biblioblanes","@id":"https:\/\/biblioteca.blanes.cat\/salajove\/#\/schema\/person\/5a7b46760d9dd611d098bbf571a341dc"},"headline":"Club de Lectura #emblanats desembre","datePublished":"2023-12-27T18:10:37+00:00","dateModified":"2024-06-13T15:19:40+00:00","mainEntityOfPage":{"@id":"https:\/\/biblioteca.blanes.cat\/salajove\/2023\/12\/27\/club-de-lectura-emblanats-desembre\/"},"wordCount":656,"commentCount":0,"publisher":{"@id":"https:\/\/biblioteca.blanes.cat\/salajove\/#organization"},"image":{"@id":"https:\/\/biblioteca.blanes.cat\/salajove\/2023\/12\/27\/club-de-lectura-emblanats-desembre\/#primaryimage"},"thumbnailUrl":"https:\/\/biblioteca.blanes.cat\/salajove\/wp-content\/uploads\/sites\/3\/2023\/12\/coberta.jpg","articleSection":["Club de Lectura","Not\u00edcies"],"inLanguage":"ca","potentialAction":[{"@type":"CommentAction","name":"Comment","target":["https:\/\/biblioteca.blanes.cat\/salajove\/2023\/12\/27\/club-de-lectura-emblanats-desembre\/#respond"]}]},{"@type":"WebPage","@id":"https:\/\/biblioteca.blanes.cat\/salajove\/2023\/12\/27\/club-de-lectura-emblanats-desembre\/","url":"https:\/\/biblioteca.blanes.cat\/salajove\/2023\/12\/27\/club-de-lectura-emblanats-desembre\/","name":"Club de Lectura #emblanats desembre - Sala Jove","isPartOf":{"@id":"https:\/\/biblioteca.blanes.cat\/salajove\/#website"},"primaryImageOfPage":{"@id":"https:\/\/biblioteca.blanes.cat\/salajove\/2023\/12\/27\/club-de-lectura-emblanats-desembre\/#primaryimage"},"image":{"@id":"https:\/\/biblioteca.blanes.cat\/salajove\/2023\/12\/27\/club-de-lectura-emblanats-desembre\/#primaryimage"},"thumbnailUrl":"https:\/\/biblioteca.blanes.cat\/salajove\/wp-content\/uploads\/sites\/3\/2023\/12\/coberta.jpg","datePublished":"2023-12-27T18:10:37+00:00","dateModified":"2024-06-13T15:19:40+00:00","breadcrumb":{"@id":"https:\/\/biblioteca.blanes.cat\/salajove\/2023\/12\/27\/club-de-lectura-emblanats-desembre\/#breadcrumb"},"inLanguage":"ca","potentialAction":[{"@type":"ReadAction","target":["https:\/\/biblioteca.blanes.cat\/salajove\/2023\/12\/27\/club-de-lectura-emblanats-desembre\/"]}]},{"@type":"ImageObject","inLanguage":"ca","@id":"https:\/\/biblioteca.blanes.cat\/salajove\/2023\/12\/27\/club-de-lectura-emblanats-desembre\/#primaryimage","url":"https:\/\/biblioteca.blanes.cat\/salajove\/wp-content\/uploads\/sites\/3\/2023\/12\/coberta.jpg","contentUrl":"https:\/\/biblioteca.blanes.cat\/salajove\/wp-content\/uploads\/sites\/3\/2023\/12\/coberta.jpg","width":318,"height":445},{"@type":"BreadcrumbList","@id":"https:\/\/biblioteca.blanes.cat\/salajove\/2023\/12\/27\/club-de-lectura-emblanats-desembre\/#breadcrumb","itemListElement":[{"@type":"ListItem","position":1,"name":"Inici","item":"https:\/\/biblioteca.blanes.cat\/salajove\/"},{"@type":"ListItem","position":2,"name":"Club de Lectura #emblanats desembre"}]},{"@type":"WebSite","@id":"https:\/\/biblioteca.blanes.cat\/salajove\/#website","url":"https:\/\/biblioteca.blanes.cat\/salajove\/","name":"Sala Jove","description":"Biblioteca Comarcal de Blanes","publisher":{"@id":"https:\/\/biblioteca.blanes.cat\/salajove\/#organization"},"potentialAction":[{"@type":"SearchAction","target":{"@type":"EntryPoint","urlTemplate":"https:\/\/biblioteca.blanes.cat\/salajove\/?s={search_term_string}"},"query-input":{"@type":"PropertyValueSpecification","valueRequired":true,"valueName":"search_term_string"}}],"inLanguage":"ca"},{"@type":"Organization","@id":"https:\/\/biblioteca.blanes.cat\/salajove\/#organization","name":"Biblioteca Comarcal de Blanes","url":"https:\/\/biblioteca.blanes.cat\/salajove\/","logo":{"@type":"ImageObject","inLanguage":"ca","@id":"https:\/\/biblioteca.blanes.cat\/salajove\/#\/schema\/logo\/image\/","url":"https:\/\/biblioteca.blanes.cat\/salajove\/wp-content\/uploads\/sites\/3\/2017\/09\/cropped-Bib-blau-e1518869380535.png","contentUrl":"https:\/\/biblioteca.blanes.cat\/salajove\/wp-content\/uploads\/sites\/3\/2017\/09\/cropped-Bib-blau-e1518869380535.png","width":166,"height":166,"caption":"Biblioteca Comarcal de Blanes"},"image":{"@id":"https:\/\/biblioteca.blanes.cat\/salajove\/#\/schema\/logo\/image\/"},"sameAs":["https:\/\/www.facebook.com\/BilbiotecaComarcaldeBlanes\/","https:\/\/x.com\/BiblioBlanes","https:\/\/www.instagram.com\/biblioblanes\/","https:\/\/www.pinterest.es\/bblanes\/","https:\/\/www.youtube.com\/c\/BibliotecaComarcalBlanes"]},{"@type":"Person","@id":"https:\/\/biblioteca.blanes.cat\/salajove\/#\/schema\/person\/5a7b46760d9dd611d098bbf571a341dc","name":"biblioblanes","image":{"@type":"ImageObject","inLanguage":"ca","@id":"https:\/\/secure.gravatar.com\/avatar\/6593ca6cc90e5a70939f51c95e8315483b9c281bafba597292bee47992030f99?s=96&d=mm&r=g","url":"https:\/\/secure.gravatar.com\/avatar\/6593ca6cc90e5a70939f51c95e8315483b9c281bafba597292bee47992030f99?s=96&d=mm&r=g","contentUrl":"https:\/\/secure.gravatar.com\/avatar\/6593ca6cc90e5a70939f51c95e8315483b9c281bafba597292bee47992030f99?s=96&d=mm&r=g","caption":"biblioblanes"},"sameAs":["http:\/\/www.bibgirona.cat\/biblioteca\/blanes","https:\/\/x.com\/biblioblanes"],"url":"https:\/\/biblioteca.blanes.cat\/salajove\/author\/biblioblanes\/"}]}},"_links":{"self":[{"href":"https:\/\/biblioteca.blanes.cat\/salajove\/wp-json\/wp\/v2\/posts\/8269","targetHints":{"allow":["GET"]}}],"collection":[{"href":"https:\/\/biblioteca.blanes.cat\/salajove\/wp-json\/wp\/v2\/posts"}],"about":[{"href":"https:\/\/biblioteca.blanes.cat\/salajove\/wp-json\/wp\/v2\/types\/post"}],"author":[{"embeddable":true,"href":"https:\/\/biblioteca.blanes.cat\/salajove\/wp-json\/wp\/v2\/users\/4"}],"replies":[{"embeddable":true,"href":"https:\/\/biblioteca.blanes.cat\/salajove\/wp-json\/wp\/v2\/comments?post=8269"}],"version-history":[{"count":3,"href":"https:\/\/biblioteca.blanes.cat\/salajove\/wp-json\/wp\/v2\/posts\/8269\/revisions"}],"predecessor-version":[{"id":8281,"href":"https:\/\/biblioteca.blanes.cat\/salajove\/wp-json\/wp\/v2\/posts\/8269\/revisions\/8281"}],"wp:featuredmedia":[{"embeddable":true,"href":"https:\/\/biblioteca.blanes.cat\/salajove\/wp-json\/wp\/v2\/media\/8274"}],"wp:attachment":[{"href":"https:\/\/biblioteca.blanes.cat\/salajove\/wp-json\/wp\/v2\/media?parent=8269"}],"wp:term":[{"taxonomy":"category","embeddable":true,"href":"https:\/\/biblioteca.blanes.cat\/salajove\/wp-json\/wp\/v2\/categories?post=8269"},{"taxonomy":"post_tag","embeddable":true,"href":"https:\/\/biblioteca.blanes.cat\/salajove\/wp-json\/wp\/v2\/tags?post=8269"}],"curies":[{"name":"wp","href":"https:\/\/api.w.org\/{rel}","templated":true}]}}