{"id":8233,"date":"2023-11-27T15:20:14","date_gmt":"2023-11-27T14:20:14","guid":{"rendered":"https:\/\/biblioteca.blanes.cat\/salajove\/?p=8233"},"modified":"2024-06-13T16:19:27","modified_gmt":"2024-06-13T15:19:27","slug":"club-de-lectura-emblanats-novembre","status":"publish","type":"post","link":"https:\/\/biblioteca.blanes.cat\/salajove\/2023\/11\/27\/club-de-lectura-emblanats-novembre\/","title":{"rendered":"Club de Lectura #emblanats novembre"},"content":{"rendered":"\n<p>El 24 de novembre, a la primera sessi\u00f3 del Club de Lectura Jove del curs 2023-2024, vam comentar <a href=\"https:\/\/quadernsdestiu.cat\/libro_complementario\/ready-nora_978-84-489-5391-1\/\" target=\"_blank\" rel=\"noopener\"><strong><span style=\"color: #339966;\"><em>Ready. Nora, l&#8217;\u00fanica sortida ets tu<\/em><\/span><\/strong><\/a>, de <span style=\"color: #339966;\"><strong>Madeleine F\u00e9ret-Fleury i Marushka Hullot-Guiot<\/strong><\/span>, la primera novel\u00b7la de la s\u00e8rie <em>Ready<\/em>, formada per quatre hist\u00f2ries i quatre personatges diferents: la Nora, en Jules, la Cassandra i l\u2019Elijah.<\/p>\n<p><img fetchpriority=\"high\" decoding=\"async\" class=\"aligncenter  wp-image-8234\" src=\"https:\/\/biblioteca.blanes.cat\/salajove\/wp-content\/uploads\/sites\/3\/2023\/11\/ready-189x300.jpg\" alt=\"\" width=\"195\" height=\"310\" srcset=\"https:\/\/biblioteca.blanes.cat\/salajove\/wp-content\/uploads\/sites\/3\/2023\/11\/ready-189x300.jpg 189w, https:\/\/biblioteca.blanes.cat\/salajove\/wp-content\/uploads\/sites\/3\/2023\/11\/ready.jpg 293w\" sizes=\"(max-width: 195px) 100vw, 195px\" \/><\/p>\n<p>Entre tots la vam etiquetar d&#8217;una novel\u00b7la de <span style=\"color: #339966;\"><strong>ci\u00e8ncia-ficci\u00f3<\/strong><\/span>, <span style=\"color: #339966;\"><strong>aventures<\/strong><\/span> i <span style=\"color: #339966;\"><strong>fantasia<\/strong><\/span>. A m\u00e9s, gr\u00e0cies a alguns elements i referents de s\u00e8ries i personatges de la ficci\u00f3, com ara <em>Stranger Things<\/em>, <em>Joc de trons<\/em>, <em>Men in Black<\/em> o Netflix, vam poder situar la hist\u00f2ria en l&#8217;actualitat. El llibre t\u00e9 la particularitat que <span style=\"color: #339966;\"><strong>el lector \u00e9s qui tria com continuar\u00e0 la hist\u00f2ria<\/strong><\/span>: al final de cada cap\u00edtol, les autores ens proposen dues alternatives per seguir la trama i nosaltres decidim cap a on volem anar, de manera que podem arribar a construir un total de 47 hist\u00f2ries!\u00a0<\/p>\n<p>Al llarg de l&#8217;estona que vam passar junts, van sortir <span style=\"color: #339966;\"><strong>un munt de temes interessants<\/strong><\/span> que ens van fer pensar i reflexionar: la import\u00e0ncia de <span style=\"color: #339966;\">prendre decisions<\/span> (n&#8217;hi ha de bones i dolentes?), \u00e9s cert que <span style=\"color: #339966;\">els bons s\u00f3n tan bons i els dolents tan dolents?<\/span>, els <span style=\"color: #339966;\">referents<\/span> (com ara els nostres pares) i la <span style=\"color: #339966;\">decepci\u00f3<\/span> que a vegades ens provoquen algunes de les accions de la gent que estimem&#8230; Vam parlar, tamb\u00e9, del concepte de la <span style=\"color: #339966;\"><strong>intel\u00b7lig\u00e8ncia artificial<\/strong><\/span> i del poder que t\u00e9 sobre les nostres vides, juntament amb les xarxes socials i els algoritmes.<\/p>\n<p><img decoding=\"async\" class=\"aligncenter size-medium wp-image-8235\" src=\"https:\/\/biblioteca.blanes.cat\/salajove\/wp-content\/uploads\/sites\/3\/2023\/11\/1700850116788-1-300x224.jpg\" alt=\"\" width=\"300\" height=\"224\" srcset=\"https:\/\/biblioteca.blanes.cat\/salajove\/wp-content\/uploads\/sites\/3\/2023\/11\/1700850116788-1-300x224.jpg 300w, https:\/\/biblioteca.blanes.cat\/salajove\/wp-content\/uploads\/sites\/3\/2023\/11\/1700850116788-1-1024x766.jpg 1024w, https:\/\/biblioteca.blanes.cat\/salajove\/wp-content\/uploads\/sites\/3\/2023\/11\/1700850116788-1-768x574.jpg 768w, https:\/\/biblioteca.blanes.cat\/salajove\/wp-content\/uploads\/sites\/3\/2023\/11\/1700850116788-1-1536x1149.jpg 1536w, https:\/\/biblioteca.blanes.cat\/salajove\/wp-content\/uploads\/sites\/3\/2023\/11\/1700850116788-1-2048x1532.jpg 2048w\" sizes=\"(max-width: 300px) 100vw, 300px\" \/><\/p>\n<p>M\u00e9s tard vam debatre sobre els <span style=\"color: #339966;\"><strong>personatges<\/strong><\/span> i vam aprendre que a la ficci\u00f3 n&#8217;hi ha de <span style=\"color: #339966;\"><strong>rodons<\/strong><\/span>, aquells din\u00e0mics que evolucionen, modifiquen la seva conducta al llarg de la trama i sorprenen el lector, i d&#8217;altres de <span style=\"color: #339966;\"><strong>plans<\/strong><\/span>, els que s\u00f3n est\u00e0tics i no tenen canvis en la conducta, s\u00f3n previsibles i no sorprenen. Hi ha qui va opinar que la majoria de personatges s\u00f3n rodons, ja que la novel\u00b7la no aprofundeix prou en la psicologia dels personatges.<\/p>\n<p>La conclusi\u00f3 i impressi\u00f3 finals \u00e9s que no \u00e9s un llibre amb prou aprofundiment pel que fa a la trama i els personatges, i que l&#8217;estructura \u00e9s una mica ca\u00f2tica i poc clara. Tot i aix\u00ed, ens n&#8217;emportem un bon record perqu\u00e8, malgrat aix\u00f2, el llibre ens va permetre debatre sobre moltes q\u00fcestions.<\/p>\n<p>Abans d&#8217;acabar la sessi\u00f3, vam iniciar la <span style=\"color: #339966;\"><strong>xarxa de lectures<\/strong><\/span> que vam acordar el primer dia: el vidre de la Sala Jove ja comen\u00e7a a omplir-se de les cobertes de les sessions d&#8217;enguany i de les fotos que representen els lectors. Al final del curs, cada un d&#8217;ells haur\u00e0 d&#8217;escollir tres dels llibres llegits i relacionar-s&#8217;hi amb una fletxa:\u00a0<\/p>\n<ol>\n<li><span style=\"color: #800080;\">Un llibre que salvaria d&#8217;un incendi.<\/span><\/li>\n<li><span style=\"color: #800080;\">Un llibre que m&#8217;ha aportat valors.<\/span><\/li>\n<li><span style=\"color: #800080;\">Un llibre que m&#8217;ha sorpr\u00e8s gratament.<\/span><\/li>\n<\/ol>\n<p>Seguidament, vam repartir una<span style=\"color: #339966;\"><strong> guia de lectura<\/strong><\/span> amb algunes propostes m\u00e9s de llibres sobre ci\u00e8ncia-ficci\u00f3, aventures i\/o fantasia, i cinc <span style=\"color: #339966;\"><strong>punts de llibre<\/strong><\/span> que ens serviran per dinamitzar les lectures seg\u00fcents: &#8220;Aquesta frase em va agradar molt&#8221;, &#8220;Aquest personatge \u00e9s el meu preferit&#8221;, &#8220;Aqu\u00ed \u00e9s on em vaig avorrir&#8221;, &#8220;Aqu\u00ed \u00e9s on vaig enganxar-me&#8221;, &#8220;Aqu\u00ed \u00e9s on vaig deixar el llibre&#8221;. Per petici\u00f3 popular, vam acordar afegir un nou punt de llibre: &#8220;Aquest personatge \u00e9s el m\u00e9s odi\u00f3s&#8221;. Els desitjos dels lectors s\u00f3n ordres!<\/p>\n<p><img decoding=\"async\" class=\"aligncenter size-medium wp-image-8236\" src=\"https:\/\/biblioteca.blanes.cat\/salajove\/wp-content\/uploads\/sites\/3\/2023\/11\/1700855179135-1-300x224.jpg\" alt=\"\" width=\"300\" height=\"224\" srcset=\"https:\/\/biblioteca.blanes.cat\/salajove\/wp-content\/uploads\/sites\/3\/2023\/11\/1700855179135-1-300x224.jpg 300w, https:\/\/biblioteca.blanes.cat\/salajove\/wp-content\/uploads\/sites\/3\/2023\/11\/1700855179135-1-1024x766.jpg 1024w, https:\/\/biblioteca.blanes.cat\/salajove\/wp-content\/uploads\/sites\/3\/2023\/11\/1700855179135-1-768x574.jpg 768w, https:\/\/biblioteca.blanes.cat\/salajove\/wp-content\/uploads\/sites\/3\/2023\/11\/1700855179135-1-1536x1149.jpg 1536w, https:\/\/biblioteca.blanes.cat\/salajove\/wp-content\/uploads\/sites\/3\/2023\/11\/1700855179135-1-2048x1532.jpg 2048w\" sizes=\"(max-width: 300px) 100vw, 300px\" \/><\/p>\n<p>Finalment, vam deixar en pr\u00e9stec el llibre de la propera sessi\u00f3: <a href=\"https:\/\/thuleediciones.com\/catalogo\/enigmes\/\" target=\"_blank\" rel=\"noopener\"><span style=\"color: #800000;\"><em><strong>Enigmes<\/strong><\/em><\/span><span style=\"color: #993366;\">, de<\/span> <strong><span style=\"color: #800000;\">Beatriz Mart\u00edn Vidal<\/span><\/strong><\/a>, un \u00e0lbum il\u00b7lustrat. Qu\u00e8 en sabem de l&#8217;\u00e0lbum il\u00b7lustrat? Com es llegeix? Quin poder tenen les il\u00b7lustracions? Ho descobrirem el 20 de desembre!<\/p>\n<p><span style=\"color: #339966;\"><strong>Som-hi, #emblanats!<\/strong><\/span><\/p>\n","protected":false},"excerpt":{"rendered":"<p>El 24 de novembre, a la primera sessi\u00f3 del Club de Lectura Jove del curs 2023-2024, vam comentar Ready. Nora, l&#8217;\u00fanica sortida ets tu, de Madeleine F\u00e9ret-Fleury i Marushka Hullot-Guiot, la primera novel\u00b7la de la s\u00e8rie Ready, formada per quatre<\/p>\n","protected":false},"author":4,"featured_media":8239,"comment_status":"open","ping_status":"open","sticky":false,"template":"","format":"standard","meta":{"sfsi_plus_gutenberg_text_before_share":"","sfsi_plus_gutenberg_show_text_before_share":"","sfsi_plus_gutenberg_icon_type":"","sfsi_plus_gutenberg_icon_alignemt":"","sfsi_plus_gutenburg_max_per_row":"","footnotes":""},"categories":[5,1],"tags":[],"class_list":["post-8233","post","type-post","status-publish","format-standard","has-post-thumbnail","hentry","category-club-de-lectura","category-general"],"yoast_head":"<!-- This site is optimized with the Yoast SEO plugin v27.5 - https:\/\/yoast.com\/product\/yoast-seo-wordpress\/ -->\n<title>Club de Lectura #emblanats novembre - Sala Jove<\/title>\n<meta name=\"robots\" content=\"index, follow, max-snippet:-1, max-image-preview:large, max-video-preview:-1\" \/>\n<link rel=\"canonical\" href=\"https:\/\/biblioteca.blanes.cat\/salajove\/2023\/11\/27\/club-de-lectura-emblanats-novembre\/\" \/>\n<meta property=\"og:locale\" content=\"ca_ES\" \/>\n<meta property=\"og:type\" content=\"article\" \/>\n<meta property=\"og:title\" content=\"Club de Lectura #emblanats novembre - Sala Jove\" \/>\n<meta property=\"og:description\" content=\"El 24 de novembre, a la primera sessi\u00f3 del Club de Lectura Jove del curs 2023-2024, vam comentar Ready. Nora, l&#8217;\u00fanica sortida ets tu, de Madeleine F\u00e9ret-Fleury i Marushka Hullot-Guiot, la primera novel\u00b7la de la s\u00e8rie Ready, formada per quatre\" \/>\n<meta property=\"og:url\" content=\"https:\/\/biblioteca.blanes.cat\/salajove\/2023\/11\/27\/club-de-lectura-emblanats-novembre\/\" \/>\n<meta property=\"og:site_name\" content=\"Sala Jove\" \/>\n<meta property=\"article:publisher\" content=\"https:\/\/www.facebook.com\/BilbiotecaComarcaldeBlanes\/\" \/>\n<meta property=\"article:published_time\" content=\"2023-11-27T14:20:14+00:00\" \/>\n<meta property=\"article:modified_time\" content=\"2024-06-13T15:19:27+00:00\" \/>\n<meta property=\"og:image\" content=\"https:\/\/biblioteca.blanes.cat\/salajove\/wp-content\/uploads\/sites\/3\/2023\/11\/ready_01.jpg\" \/>\n\t<meta property=\"og:image:width\" content=\"293\" \/>\n\t<meta property=\"og:image:height\" content=\"352\" \/>\n\t<meta property=\"og:image:type\" content=\"image\/jpeg\" \/>\n<meta name=\"author\" content=\"biblioblanes\" \/>\n<meta name=\"twitter:card\" content=\"summary_large_image\" \/>\n<meta name=\"twitter:creator\" content=\"@biblioblanes\" \/>\n<meta name=\"twitter:site\" content=\"@BiblioBlanes\" \/>\n<meta name=\"twitter:label1\" content=\"Escrit per\" \/>\n\t<meta name=\"twitter:data1\" content=\"biblioblanes\" \/>\n\t<meta name=\"twitter:label2\" content=\"Temps estimat de lectura\" \/>\n\t<meta name=\"twitter:data2\" content=\"4 minuts\" \/>\n<script type=\"application\/ld+json\" class=\"yoast-schema-graph\">{\"@context\":\"https:\\\/\\\/schema.org\",\"@graph\":[{\"@type\":\"Article\",\"@id\":\"https:\\\/\\\/biblioteca.blanes.cat\\\/salajove\\\/2023\\\/11\\\/27\\\/club-de-lectura-emblanats-novembre\\\/#article\",\"isPartOf\":{\"@id\":\"https:\\\/\\\/biblioteca.blanes.cat\\\/salajove\\\/2023\\\/11\\\/27\\\/club-de-lectura-emblanats-novembre\\\/\"},\"author\":{\"name\":\"biblioblanes\",\"@id\":\"https:\\\/\\\/biblioteca.blanes.cat\\\/salajove\\\/#\\\/schema\\\/person\\\/5a7b46760d9dd611d098bbf571a341dc\"},\"headline\":\"Club de Lectura #emblanats novembre\",\"datePublished\":\"2023-11-27T14:20:14+00:00\",\"dateModified\":\"2024-06-13T15:19:27+00:00\",\"mainEntityOfPage\":{\"@id\":\"https:\\\/\\\/biblioteca.blanes.cat\\\/salajove\\\/2023\\\/11\\\/27\\\/club-de-lectura-emblanats-novembre\\\/\"},\"wordCount\":640,\"commentCount\":0,\"publisher\":{\"@id\":\"https:\\\/\\\/biblioteca.blanes.cat\\\/salajove\\\/#organization\"},\"image\":{\"@id\":\"https:\\\/\\\/biblioteca.blanes.cat\\\/salajove\\\/2023\\\/11\\\/27\\\/club-de-lectura-emblanats-novembre\\\/#primaryimage\"},\"thumbnailUrl\":\"https:\\\/\\\/biblioteca.blanes.cat\\\/salajove\\\/wp-content\\\/uploads\\\/sites\\\/3\\\/2023\\\/11\\\/ready_01.jpg\",\"articleSection\":[\"Club de Lectura\",\"Not\u00edcies\"],\"inLanguage\":\"ca\",\"potentialAction\":[{\"@type\":\"CommentAction\",\"name\":\"Comment\",\"target\":[\"https:\\\/\\\/biblioteca.blanes.cat\\\/salajove\\\/2023\\\/11\\\/27\\\/club-de-lectura-emblanats-novembre\\\/#respond\"]}]},{\"@type\":\"WebPage\",\"@id\":\"https:\\\/\\\/biblioteca.blanes.cat\\\/salajove\\\/2023\\\/11\\\/27\\\/club-de-lectura-emblanats-novembre\\\/\",\"url\":\"https:\\\/\\\/biblioteca.blanes.cat\\\/salajove\\\/2023\\\/11\\\/27\\\/club-de-lectura-emblanats-novembre\\\/\",\"name\":\"Club de Lectura #emblanats novembre - Sala Jove\",\"isPartOf\":{\"@id\":\"https:\\\/\\\/biblioteca.blanes.cat\\\/salajove\\\/#website\"},\"primaryImageOfPage\":{\"@id\":\"https:\\\/\\\/biblioteca.blanes.cat\\\/salajove\\\/2023\\\/11\\\/27\\\/club-de-lectura-emblanats-novembre\\\/#primaryimage\"},\"image\":{\"@id\":\"https:\\\/\\\/biblioteca.blanes.cat\\\/salajove\\\/2023\\\/11\\\/27\\\/club-de-lectura-emblanats-novembre\\\/#primaryimage\"},\"thumbnailUrl\":\"https:\\\/\\\/biblioteca.blanes.cat\\\/salajove\\\/wp-content\\\/uploads\\\/sites\\\/3\\\/2023\\\/11\\\/ready_01.jpg\",\"datePublished\":\"2023-11-27T14:20:14+00:00\",\"dateModified\":\"2024-06-13T15:19:27+00:00\",\"breadcrumb\":{\"@id\":\"https:\\\/\\\/biblioteca.blanes.cat\\\/salajove\\\/2023\\\/11\\\/27\\\/club-de-lectura-emblanats-novembre\\\/#breadcrumb\"},\"inLanguage\":\"ca\",\"potentialAction\":[{\"@type\":\"ReadAction\",\"target\":[\"https:\\\/\\\/biblioteca.blanes.cat\\\/salajove\\\/2023\\\/11\\\/27\\\/club-de-lectura-emblanats-novembre\\\/\"]}]},{\"@type\":\"ImageObject\",\"inLanguage\":\"ca\",\"@id\":\"https:\\\/\\\/biblioteca.blanes.cat\\\/salajove\\\/2023\\\/11\\\/27\\\/club-de-lectura-emblanats-novembre\\\/#primaryimage\",\"url\":\"https:\\\/\\\/biblioteca.blanes.cat\\\/salajove\\\/wp-content\\\/uploads\\\/sites\\\/3\\\/2023\\\/11\\\/ready_01.jpg\",\"contentUrl\":\"https:\\\/\\\/biblioteca.blanes.cat\\\/salajove\\\/wp-content\\\/uploads\\\/sites\\\/3\\\/2023\\\/11\\\/ready_01.jpg\",\"width\":293,\"height\":352},{\"@type\":\"BreadcrumbList\",\"@id\":\"https:\\\/\\\/biblioteca.blanes.cat\\\/salajove\\\/2023\\\/11\\\/27\\\/club-de-lectura-emblanats-novembre\\\/#breadcrumb\",\"itemListElement\":[{\"@type\":\"ListItem\",\"position\":1,\"name\":\"Inici\",\"item\":\"https:\\\/\\\/biblioteca.blanes.cat\\\/salajove\\\/\"},{\"@type\":\"ListItem\",\"position\":2,\"name\":\"Club de Lectura #emblanats novembre\"}]},{\"@type\":\"WebSite\",\"@id\":\"https:\\\/\\\/biblioteca.blanes.cat\\\/salajove\\\/#website\",\"url\":\"https:\\\/\\\/biblioteca.blanes.cat\\\/salajove\\\/\",\"name\":\"Sala Jove\",\"description\":\"Biblioteca Comarcal de Blanes\",\"publisher\":{\"@id\":\"https:\\\/\\\/biblioteca.blanes.cat\\\/salajove\\\/#organization\"},\"potentialAction\":[{\"@type\":\"SearchAction\",\"target\":{\"@type\":\"EntryPoint\",\"urlTemplate\":\"https:\\\/\\\/biblioteca.blanes.cat\\\/salajove\\\/?s={search_term_string}\"},\"query-input\":{\"@type\":\"PropertyValueSpecification\",\"valueRequired\":true,\"valueName\":\"search_term_string\"}}],\"inLanguage\":\"ca\"},{\"@type\":\"Organization\",\"@id\":\"https:\\\/\\\/biblioteca.blanes.cat\\\/salajove\\\/#organization\",\"name\":\"Biblioteca Comarcal de Blanes\",\"url\":\"https:\\\/\\\/biblioteca.blanes.cat\\\/salajove\\\/\",\"logo\":{\"@type\":\"ImageObject\",\"inLanguage\":\"ca\",\"@id\":\"https:\\\/\\\/biblioteca.blanes.cat\\\/salajove\\\/#\\\/schema\\\/logo\\\/image\\\/\",\"url\":\"https:\\\/\\\/biblioteca.blanes.cat\\\/salajove\\\/wp-content\\\/uploads\\\/sites\\\/3\\\/2017\\\/09\\\/cropped-Bib-blau-e1518869380535.png\",\"contentUrl\":\"https:\\\/\\\/biblioteca.blanes.cat\\\/salajove\\\/wp-content\\\/uploads\\\/sites\\\/3\\\/2017\\\/09\\\/cropped-Bib-blau-e1518869380535.png\",\"width\":166,\"height\":166,\"caption\":\"Biblioteca Comarcal de Blanes\"},\"image\":{\"@id\":\"https:\\\/\\\/biblioteca.blanes.cat\\\/salajove\\\/#\\\/schema\\\/logo\\\/image\\\/\"},\"sameAs\":[\"https:\\\/\\\/www.facebook.com\\\/BilbiotecaComarcaldeBlanes\\\/\",\"https:\\\/\\\/x.com\\\/BiblioBlanes\",\"https:\\\/\\\/www.instagram.com\\\/biblioblanes\\\/\",\"https:\\\/\\\/www.pinterest.es\\\/bblanes\\\/\",\"https:\\\/\\\/www.youtube.com\\\/c\\\/BibliotecaComarcalBlanes\"]},{\"@type\":\"Person\",\"@id\":\"https:\\\/\\\/biblioteca.blanes.cat\\\/salajove\\\/#\\\/schema\\\/person\\\/5a7b46760d9dd611d098bbf571a341dc\",\"name\":\"biblioblanes\",\"image\":{\"@type\":\"ImageObject\",\"inLanguage\":\"ca\",\"@id\":\"https:\\\/\\\/secure.gravatar.com\\\/avatar\\\/6593ca6cc90e5a70939f51c95e8315483b9c281bafba597292bee47992030f99?s=96&d=mm&r=g\",\"url\":\"https:\\\/\\\/secure.gravatar.com\\\/avatar\\\/6593ca6cc90e5a70939f51c95e8315483b9c281bafba597292bee47992030f99?s=96&d=mm&r=g\",\"contentUrl\":\"https:\\\/\\\/secure.gravatar.com\\\/avatar\\\/6593ca6cc90e5a70939f51c95e8315483b9c281bafba597292bee47992030f99?s=96&d=mm&r=g\",\"caption\":\"biblioblanes\"},\"sameAs\":[\"http:\\\/\\\/www.bibgirona.cat\\\/biblioteca\\\/blanes\",\"https:\\\/\\\/x.com\\\/biblioblanes\"],\"url\":\"https:\\\/\\\/biblioteca.blanes.cat\\\/salajove\\\/author\\\/biblioblanes\\\/\"}]}<\/script>\n<!-- \/ Yoast SEO plugin. -->","yoast_head_json":{"title":"Club de Lectura #emblanats novembre - Sala Jove","robots":{"index":"index","follow":"follow","max-snippet":"max-snippet:-1","max-image-preview":"max-image-preview:large","max-video-preview":"max-video-preview:-1"},"canonical":"https:\/\/biblioteca.blanes.cat\/salajove\/2023\/11\/27\/club-de-lectura-emblanats-novembre\/","og_locale":"ca_ES","og_type":"article","og_title":"Club de Lectura #emblanats novembre - Sala Jove","og_description":"El 24 de novembre, a la primera sessi\u00f3 del Club de Lectura Jove del curs 2023-2024, vam comentar Ready. Nora, l&#8217;\u00fanica sortida ets tu, de Madeleine F\u00e9ret-Fleury i Marushka Hullot-Guiot, la primera novel\u00b7la de la s\u00e8rie Ready, formada per quatre","og_url":"https:\/\/biblioteca.blanes.cat\/salajove\/2023\/11\/27\/club-de-lectura-emblanats-novembre\/","og_site_name":"Sala Jove","article_publisher":"https:\/\/www.facebook.com\/BilbiotecaComarcaldeBlanes\/","article_published_time":"2023-11-27T14:20:14+00:00","article_modified_time":"2024-06-13T15:19:27+00:00","og_image":[{"width":293,"height":352,"url":"https:\/\/biblioteca.blanes.cat\/salajove\/wp-content\/uploads\/sites\/3\/2023\/11\/ready_01.jpg","type":"image\/jpeg"}],"author":"biblioblanes","twitter_card":"summary_large_image","twitter_creator":"@biblioblanes","twitter_site":"@BiblioBlanes","twitter_misc":{"Escrit per":"biblioblanes","Temps estimat de lectura":"4 minuts"},"schema":{"@context":"https:\/\/schema.org","@graph":[{"@type":"Article","@id":"https:\/\/biblioteca.blanes.cat\/salajove\/2023\/11\/27\/club-de-lectura-emblanats-novembre\/#article","isPartOf":{"@id":"https:\/\/biblioteca.blanes.cat\/salajove\/2023\/11\/27\/club-de-lectura-emblanats-novembre\/"},"author":{"name":"biblioblanes","@id":"https:\/\/biblioteca.blanes.cat\/salajove\/#\/schema\/person\/5a7b46760d9dd611d098bbf571a341dc"},"headline":"Club de Lectura #emblanats novembre","datePublished":"2023-11-27T14:20:14+00:00","dateModified":"2024-06-13T15:19:27+00:00","mainEntityOfPage":{"@id":"https:\/\/biblioteca.blanes.cat\/salajove\/2023\/11\/27\/club-de-lectura-emblanats-novembre\/"},"wordCount":640,"commentCount":0,"publisher":{"@id":"https:\/\/biblioteca.blanes.cat\/salajove\/#organization"},"image":{"@id":"https:\/\/biblioteca.blanes.cat\/salajove\/2023\/11\/27\/club-de-lectura-emblanats-novembre\/#primaryimage"},"thumbnailUrl":"https:\/\/biblioteca.blanes.cat\/salajove\/wp-content\/uploads\/sites\/3\/2023\/11\/ready_01.jpg","articleSection":["Club de Lectura","Not\u00edcies"],"inLanguage":"ca","potentialAction":[{"@type":"CommentAction","name":"Comment","target":["https:\/\/biblioteca.blanes.cat\/salajove\/2023\/11\/27\/club-de-lectura-emblanats-novembre\/#respond"]}]},{"@type":"WebPage","@id":"https:\/\/biblioteca.blanes.cat\/salajove\/2023\/11\/27\/club-de-lectura-emblanats-novembre\/","url":"https:\/\/biblioteca.blanes.cat\/salajove\/2023\/11\/27\/club-de-lectura-emblanats-novembre\/","name":"Club de Lectura #emblanats novembre - Sala Jove","isPartOf":{"@id":"https:\/\/biblioteca.blanes.cat\/salajove\/#website"},"primaryImageOfPage":{"@id":"https:\/\/biblioteca.blanes.cat\/salajove\/2023\/11\/27\/club-de-lectura-emblanats-novembre\/#primaryimage"},"image":{"@id":"https:\/\/biblioteca.blanes.cat\/salajove\/2023\/11\/27\/club-de-lectura-emblanats-novembre\/#primaryimage"},"thumbnailUrl":"https:\/\/biblioteca.blanes.cat\/salajove\/wp-content\/uploads\/sites\/3\/2023\/11\/ready_01.jpg","datePublished":"2023-11-27T14:20:14+00:00","dateModified":"2024-06-13T15:19:27+00:00","breadcrumb":{"@id":"https:\/\/biblioteca.blanes.cat\/salajove\/2023\/11\/27\/club-de-lectura-emblanats-novembre\/#breadcrumb"},"inLanguage":"ca","potentialAction":[{"@type":"ReadAction","target":["https:\/\/biblioteca.blanes.cat\/salajove\/2023\/11\/27\/club-de-lectura-emblanats-novembre\/"]}]},{"@type":"ImageObject","inLanguage":"ca","@id":"https:\/\/biblioteca.blanes.cat\/salajove\/2023\/11\/27\/club-de-lectura-emblanats-novembre\/#primaryimage","url":"https:\/\/biblioteca.blanes.cat\/salajove\/wp-content\/uploads\/sites\/3\/2023\/11\/ready_01.jpg","contentUrl":"https:\/\/biblioteca.blanes.cat\/salajove\/wp-content\/uploads\/sites\/3\/2023\/11\/ready_01.jpg","width":293,"height":352},{"@type":"BreadcrumbList","@id":"https:\/\/biblioteca.blanes.cat\/salajove\/2023\/11\/27\/club-de-lectura-emblanats-novembre\/#breadcrumb","itemListElement":[{"@type":"ListItem","position":1,"name":"Inici","item":"https:\/\/biblioteca.blanes.cat\/salajove\/"},{"@type":"ListItem","position":2,"name":"Club de Lectura #emblanats novembre"}]},{"@type":"WebSite","@id":"https:\/\/biblioteca.blanes.cat\/salajove\/#website","url":"https:\/\/biblioteca.blanes.cat\/salajove\/","name":"Sala Jove","description":"Biblioteca Comarcal de Blanes","publisher":{"@id":"https:\/\/biblioteca.blanes.cat\/salajove\/#organization"},"potentialAction":[{"@type":"SearchAction","target":{"@type":"EntryPoint","urlTemplate":"https:\/\/biblioteca.blanes.cat\/salajove\/?s={search_term_string}"},"query-input":{"@type":"PropertyValueSpecification","valueRequired":true,"valueName":"search_term_string"}}],"inLanguage":"ca"},{"@type":"Organization","@id":"https:\/\/biblioteca.blanes.cat\/salajove\/#organization","name":"Biblioteca Comarcal de Blanes","url":"https:\/\/biblioteca.blanes.cat\/salajove\/","logo":{"@type":"ImageObject","inLanguage":"ca","@id":"https:\/\/biblioteca.blanes.cat\/salajove\/#\/schema\/logo\/image\/","url":"https:\/\/biblioteca.blanes.cat\/salajove\/wp-content\/uploads\/sites\/3\/2017\/09\/cropped-Bib-blau-e1518869380535.png","contentUrl":"https:\/\/biblioteca.blanes.cat\/salajove\/wp-content\/uploads\/sites\/3\/2017\/09\/cropped-Bib-blau-e1518869380535.png","width":166,"height":166,"caption":"Biblioteca Comarcal de Blanes"},"image":{"@id":"https:\/\/biblioteca.blanes.cat\/salajove\/#\/schema\/logo\/image\/"},"sameAs":["https:\/\/www.facebook.com\/BilbiotecaComarcaldeBlanes\/","https:\/\/x.com\/BiblioBlanes","https:\/\/www.instagram.com\/biblioblanes\/","https:\/\/www.pinterest.es\/bblanes\/","https:\/\/www.youtube.com\/c\/BibliotecaComarcalBlanes"]},{"@type":"Person","@id":"https:\/\/biblioteca.blanes.cat\/salajove\/#\/schema\/person\/5a7b46760d9dd611d098bbf571a341dc","name":"biblioblanes","image":{"@type":"ImageObject","inLanguage":"ca","@id":"https:\/\/secure.gravatar.com\/avatar\/6593ca6cc90e5a70939f51c95e8315483b9c281bafba597292bee47992030f99?s=96&d=mm&r=g","url":"https:\/\/secure.gravatar.com\/avatar\/6593ca6cc90e5a70939f51c95e8315483b9c281bafba597292bee47992030f99?s=96&d=mm&r=g","contentUrl":"https:\/\/secure.gravatar.com\/avatar\/6593ca6cc90e5a70939f51c95e8315483b9c281bafba597292bee47992030f99?s=96&d=mm&r=g","caption":"biblioblanes"},"sameAs":["http:\/\/www.bibgirona.cat\/biblioteca\/blanes","https:\/\/x.com\/biblioblanes"],"url":"https:\/\/biblioteca.blanes.cat\/salajove\/author\/biblioblanes\/"}]}},"_links":{"self":[{"href":"https:\/\/biblioteca.blanes.cat\/salajove\/wp-json\/wp\/v2\/posts\/8233","targetHints":{"allow":["GET"]}}],"collection":[{"href":"https:\/\/biblioteca.blanes.cat\/salajove\/wp-json\/wp\/v2\/posts"}],"about":[{"href":"https:\/\/biblioteca.blanes.cat\/salajove\/wp-json\/wp\/v2\/types\/post"}],"author":[{"embeddable":true,"href":"https:\/\/biblioteca.blanes.cat\/salajove\/wp-json\/wp\/v2\/users\/4"}],"replies":[{"embeddable":true,"href":"https:\/\/biblioteca.blanes.cat\/salajove\/wp-json\/wp\/v2\/comments?post=8233"}],"version-history":[{"count":7,"href":"https:\/\/biblioteca.blanes.cat\/salajove\/wp-json\/wp\/v2\/posts\/8233\/revisions"}],"predecessor-version":[{"id":8247,"href":"https:\/\/biblioteca.blanes.cat\/salajove\/wp-json\/wp\/v2\/posts\/8233\/revisions\/8247"}],"wp:featuredmedia":[{"embeddable":true,"href":"https:\/\/biblioteca.blanes.cat\/salajove\/wp-json\/wp\/v2\/media\/8239"}],"wp:attachment":[{"href":"https:\/\/biblioteca.blanes.cat\/salajove\/wp-json\/wp\/v2\/media?parent=8233"}],"wp:term":[{"taxonomy":"category","embeddable":true,"href":"https:\/\/biblioteca.blanes.cat\/salajove\/wp-json\/wp\/v2\/categories?post=8233"},{"taxonomy":"post_tag","embeddable":true,"href":"https:\/\/biblioteca.blanes.cat\/salajove\/wp-json\/wp\/v2\/tags?post=8233"}],"curies":[{"name":"wp","href":"https:\/\/api.w.org\/{rel}","templated":true}]}}