{"id":8218,"date":"2023-11-24T11:26:58","date_gmt":"2023-11-24T10:26:58","guid":{"rendered":"https:\/\/biblioteca.blanes.cat\/salajove\/?p=8218"},"modified":"2023-11-30T12:11:39","modified_gmt":"2023-11-30T11:11:39","slug":"fes-me-pensar-concurs-de-fotografia-filosofica-2","status":"publish","type":"post","link":"https:\/\/biblioteca.blanes.cat\/salajove\/2023\/11\/24\/fes-me-pensar-concurs-de-fotografia-filosofica-2\/","title":{"rendered":"Fes-me pensar!, concurs de fotografia filos\u00f2fica"},"content":{"rendered":"\n<p><img fetchpriority=\"high\" decoding=\"async\" class=\"size-medium wp-image-8216 alignleft\" src=\"https:\/\/biblioteca.blanes.cat\/salajove\/wp-content\/uploads\/sites\/3\/2023\/11\/Fes-me-pensar2023-212x300.jpg\" alt=\"\" width=\"212\" height=\"300\" srcset=\"https:\/\/biblioteca.blanes.cat\/salajove\/wp-content\/uploads\/sites\/3\/2023\/11\/Fes-me-pensar2023-212x300.jpg 212w, https:\/\/biblioteca.blanes.cat\/salajove\/wp-content\/uploads\/sites\/3\/2023\/11\/Fes-me-pensar2023-724x1024.jpg 724w, https:\/\/biblioteca.blanes.cat\/salajove\/wp-content\/uploads\/sites\/3\/2023\/11\/Fes-me-pensar2023-768x1086.jpg 768w, https:\/\/biblioteca.blanes.cat\/salajove\/wp-content\/uploads\/sites\/3\/2023\/11\/Fes-me-pensar2023-1086x1536.jpg 1086w, https:\/\/biblioteca.blanes.cat\/salajove\/wp-content\/uploads\/sites\/3\/2023\/11\/Fes-me-pensar2023-1448x2048.jpg 1448w, https:\/\/biblioteca.blanes.cat\/salajove\/wp-content\/uploads\/sites\/3\/2023\/11\/Fes-me-pensar2023.jpg 1587w\" sizes=\"(max-width: 212px) 100vw, 212px\" \/><strong>Hem donat el tret de sortida a una nova edici\u00f3 del Fes-me pensar!<\/strong>, el concurs de fotografia filos\u00f2fica.<\/p>\n<p>\u00c9s una iniciativa dels tres instituts de Blanes que, inspirats en l&#8217;Olimp\u00edada de Filosofia de Catalunya, proposa a l&#8217;alumnat un repte filos\u00f2fic de caire fotogr\u00e0fic. L&#8217;objectiu del projecte \u00e9s fomentar el desenvolupament del pensament aut\u00f2nom, cr\u00edtic i creatiu a partir d&#8217;una q\u00fcesti\u00f3 filos\u00f2fica amb un enfocament contemporani.<\/p>\n<p>La proposta va dirigida a l&#8217;alumnat de 4t d&#8217;ESO i Batxillerat i consisteix a presentar una fotografia que ha d\u2019incloure una pregunta de car\u00e0cter filos\u00f2fic que estigui relacionada i interactu\u00ef amb la imatge. El repte \u00e9s de tem\u00e0tica oberta i vinculada al curr\u00edculum de cada etapa educativa. No obstant aix\u00f2, hi ha un \u00fanic condicionant pels treballs: la fotografia ha de connectar inequ\u00edvocament amb Blanes, ja sigui a trav\u00e9s de la imatge, de la pregunta o d\u2019ambdues.<\/p>\n<p>Un jurat determinar\u00e0 les deu fotografies seleccionades finalistes per a l&#8217;exposici\u00f3 p\u00fablica a la Biblioteca Comarcal de Blanes. Finalment, el concurs clour\u00e0 el 24 de gener de 2024, amb un esdeveniment on els autors i les autores de les diferents composicions faran una defensa oral del seu treball. Posteriorment, s&#8217;escollir\u00e0 la fotografia filos\u00f2fica guanyadora.<\/p>\n<p>La inauguraci\u00f3 de l\u2019edici\u00f3 d\u2019enguany, la 2a del concurs, ha estat el dimarts 21 de novembre a la Biblioteca Comarcal de Blanes, amb motiu del Dia Mundial de la Filosofia, instaurat per la UNESCO l\u2019any 2002 amb la finalitat d\u2019impulsar la consci\u00e8ncia sobre la import\u00e0ncia de l\u2019educaci\u00f3 filos\u00f2fica en les persones.<\/p>\n<p>S\u2019Agulla, Serrallarga i Sa Palomera; bon treball i sort!<\/p>\n<p>\u00a0<\/p>\n<p>\u00a0<\/p>\n<h1><strong>Bases<\/strong><\/h1>\n<p><strong>Fes-me pensar<\/strong> \u00e9s una iniciativa dels 3 instituts de secund\u00e0ria del municipi de Blanes que, inspirats en l\u2019Olimp\u00edada de Filosofia de Catalunya, proposa per a l\u2019alumnat un repte filos\u00f2fic de caire fotogr\u00e0fic.<\/p>\n<p><strong>21 de novembre de 2023<\/strong>: acte d\u2019obertura del concurs edici\u00f3 23-24<\/p>\n<p><strong>Del 21 de novembre al 20 de desembre de 2023<\/strong>: per\u00edode d\u2019entrega de les fotografies per part dels participants al concurs a <a href=\"https:\/\/forms.gle\/YaSsoCWsDANHaFnQ7\">l\u2019enlla\u00e7 del concurs<\/a>.<\/p>\n<p><strong>24 de gener de 2024<\/strong>: acte de defensa de les fotografies seleccionades i votaci\u00f3 del guanyador de l\u2019edici\u00f3 23-24.<\/p>\n<p>\u00a0<\/p>\n<p>Les bases de la fotografia filos\u00f2fica:<\/p>\n<ul style=\"list-style-type: circle;\">\n<li>\n<p>Est\u00e0 adre\u00e7ada a l\u2019alumnat de <strong>4t d<\/strong><strong>\u2019ESO <\/strong>i<strong> 1r de BATX.<\/strong><\/p>\n<\/li>\n<li>\n<p>Les imatges s\u00f3n d\u2019<strong>autoria individual<\/strong>.<\/p>\n<\/li>\n<li>\n<p>El <strong>tema<\/strong> \u00e9s obert per\u00f2 la fotografia filos\u00f2fica <strong>ha de connectar inequ\u00edvocament amb Blanes<\/strong>, ja sigui a trav\u00e9s de la imatge, de la pregunta o d&#8217;ambdues.<\/p>\n<\/li>\n<li>\n<p>Les fotografies han d\u2019incloure de forma visible una <strong>PREGUNTA<\/strong> de car\u00e0cter filos\u00f2fic que estigui relacionada i interactu\u00ef amb la imatge.<\/p>\n<\/li>\n<li>\n<p>La pregunta formar\u00e0 part de la composici\u00f3 i estar\u00e0 impresa en la fotografia. Aquesta pregunta ser\u00e0 l\u2019\u00fanic text escrit que es pot afegir a la imatge. Aquesta restricci\u00f3 no afecta a textos que pertanyin als objectes fotografiats.<\/p>\n<\/li>\n<li>\n<p>Es permet realitzar composicions i\/o modificacions d\u2019una o m\u00e9s fotografies originals.<\/p>\n<\/li>\n<li>\n<p>Les fotografies han de ser originals. El\/la participant manifesta i garanteix que \u00e9s l\u2019\u00fanic\/a titular de tots els drets d\u2019autor sobre la fotografia que presenta al concurs i es responsabilitza totalment de que no existeixin drets de tercers en les obres presentades, aix\u00ed com de tota reclamaci\u00f3 de tercers per drets d\u2019imatge.<\/p>\n<\/li>\n<li>\n<p>Les fotografies en qu\u00e8 apareguin persones que es poden recon\u00e8ixer hauran d\u2019anar acompanyades d\u2019una carta signada per aquestes persones o pels seus tutors legals per autoritzar l\u2019\u00fas de la seva imatge.<\/p>\n<\/li>\n<li>\n<p>Les fotografies seran enviades dins del termini establert.<\/p>\n<\/li>\n<li>\n<p>Totes les fotografies seran publicades a un perfil d\u2019Instagram espec\u00edfic.<\/p>\n<\/li>\n<li>\n<p>El jurat seleccionar\u00e0 10 fotografies d\u2019entre totes les participants.<\/p>\n<\/li>\n<li>\n<p>Els estudiants finalistes defensaran p\u00fablicament les seves fotografies explicant tant la seva intenci\u00f3 expressiva com la composici\u00f3 i la t\u00e8cnica utilitzada. El <strong>temps m\u00e0xim<\/strong> d\u2019exposici\u00f3 per a cada finalista ser\u00e0 de <strong>3 minuts<\/strong>.<\/p>\n<\/li>\n<li>\n<p>La proposta guanyadora tindr\u00e0 <strong>el premi<\/strong> d\u2019estar en exposici\u00f3 a la Biblioteca Comarcal de Blanes.<\/p>\n<\/li>\n<li>\n<p>En aquest <a href=\"https:\/\/blocs.xtec.cat\/filolimp\/fotografia-filosofica\/\">enlla\u00e7<\/a> hi ha uns exemples per a inspirar-se.<\/p>\n<\/li>\n<\/ul>\n\n\n","protected":false},"excerpt":{"rendered":"<p>Hem donat el tret de sortida a una nova edici\u00f3 del Fes-me pensar!, el concurs de fotografia filos\u00f2fica. \u00c9s una iniciativa dels tres instituts de Blanes que, inspirats en l&#8217;Olimp\u00edada de Filosofia de Catalunya, proposa a l&#8217;alumnat un repte filos\u00f2fic<\/p>\n","protected":false},"author":4,"featured_media":8228,"comment_status":"open","ping_status":"open","sticky":false,"template":"","format":"standard","meta":{"sfsi_plus_gutenberg_text_before_share":"","sfsi_plus_gutenberg_show_text_before_share":"","sfsi_plus_gutenberg_icon_type":"","sfsi_plus_gutenberg_icon_alignemt":"","sfsi_plus_gutenburg_max_per_row":"","footnotes":""},"categories":[1],"tags":[],"class_list":["post-8218","post","type-post","status-publish","format-standard","has-post-thumbnail","hentry","category-general"],"yoast_head":"<!-- This site is optimized with the Yoast SEO plugin v27.5 - https:\/\/yoast.com\/product\/yoast-seo-wordpress\/ -->\n<title>Fes-me pensar!, concurs de fotografia filos\u00f2fica - Sala Jove<\/title>\n<meta name=\"robots\" content=\"index, follow, max-snippet:-1, max-image-preview:large, max-video-preview:-1\" \/>\n<link rel=\"canonical\" href=\"https:\/\/biblioteca.blanes.cat\/salajove\/2023\/11\/24\/fes-me-pensar-concurs-de-fotografia-filosofica-2\/\" \/>\n<meta property=\"og:locale\" content=\"ca_ES\" \/>\n<meta property=\"og:type\" content=\"article\" \/>\n<meta property=\"og:title\" content=\"Fes-me pensar!, concurs de fotografia filos\u00f2fica - Sala Jove\" \/>\n<meta property=\"og:description\" content=\"Hem donat el tret de sortida a una nova edici\u00f3 del Fes-me pensar!, el concurs de fotografia filos\u00f2fica. \u00c9s una iniciativa dels tres instituts de Blanes que, inspirats en l&#8217;Olimp\u00edada de Filosofia de Catalunya, proposa a l&#8217;alumnat un repte filos\u00f2fic\" \/>\n<meta property=\"og:url\" content=\"https:\/\/biblioteca.blanes.cat\/salajove\/2023\/11\/24\/fes-me-pensar-concurs-de-fotografia-filosofica-2\/\" \/>\n<meta property=\"og:site_name\" content=\"Sala Jove\" \/>\n<meta property=\"article:publisher\" content=\"https:\/\/www.facebook.com\/BilbiotecaComarcaldeBlanes\/\" \/>\n<meta property=\"article:published_time\" content=\"2023-11-24T10:26:58+00:00\" \/>\n<meta property=\"article:modified_time\" content=\"2023-11-30T11:11:39+00:00\" \/>\n<meta property=\"og:image\" content=\"https:\/\/biblioteca.blanes.cat\/salajove\/wp-content\/uploads\/sites\/3\/2023\/11\/Fes-me-pensar2023_g.jpg\" \/>\n\t<meta property=\"og:image:width\" content=\"1587\" \/>\n\t<meta property=\"og:image:height\" content=\"2245\" \/>\n\t<meta property=\"og:image:type\" content=\"image\/jpeg\" \/>\n<meta name=\"author\" content=\"biblioblanes\" \/>\n<meta name=\"twitter:card\" content=\"summary_large_image\" \/>\n<meta name=\"twitter:creator\" content=\"@biblioblanes\" \/>\n<meta name=\"twitter:site\" content=\"@BiblioBlanes\" \/>\n<meta name=\"twitter:label1\" content=\"Escrit per\" \/>\n\t<meta name=\"twitter:data1\" content=\"biblioblanes\" \/>\n\t<meta name=\"twitter:label2\" content=\"Temps estimat de lectura\" \/>\n\t<meta name=\"twitter:data2\" content=\"4 minuts\" \/>\n<script type=\"application\/ld+json\" class=\"yoast-schema-graph\">{\"@context\":\"https:\\\/\\\/schema.org\",\"@graph\":[{\"@type\":\"Article\",\"@id\":\"https:\\\/\\\/biblioteca.blanes.cat\\\/salajove\\\/2023\\\/11\\\/24\\\/fes-me-pensar-concurs-de-fotografia-filosofica-2\\\/#article\",\"isPartOf\":{\"@id\":\"https:\\\/\\\/biblioteca.blanes.cat\\\/salajove\\\/2023\\\/11\\\/24\\\/fes-me-pensar-concurs-de-fotografia-filosofica-2\\\/\"},\"author\":{\"name\":\"biblioblanes\",\"@id\":\"https:\\\/\\\/biblioteca.blanes.cat\\\/salajove\\\/#\\\/schema\\\/person\\\/5a7b46760d9dd611d098bbf571a341dc\"},\"headline\":\"Fes-me pensar!, concurs de fotografia filos\u00f2fica\",\"datePublished\":\"2023-11-24T10:26:58+00:00\",\"dateModified\":\"2023-11-30T11:11:39+00:00\",\"mainEntityOfPage\":{\"@id\":\"https:\\\/\\\/biblioteca.blanes.cat\\\/salajove\\\/2023\\\/11\\\/24\\\/fes-me-pensar-concurs-de-fotografia-filosofica-2\\\/\"},\"wordCount\":701,\"commentCount\":0,\"publisher\":{\"@id\":\"https:\\\/\\\/biblioteca.blanes.cat\\\/salajove\\\/#organization\"},\"image\":{\"@id\":\"https:\\\/\\\/biblioteca.blanes.cat\\\/salajove\\\/2023\\\/11\\\/24\\\/fes-me-pensar-concurs-de-fotografia-filosofica-2\\\/#primaryimage\"},\"thumbnailUrl\":\"https:\\\/\\\/biblioteca.blanes.cat\\\/salajove\\\/wp-content\\\/uploads\\\/sites\\\/3\\\/2023\\\/11\\\/Fes-me-pensar2023_g.jpg\",\"articleSection\":[\"Not\u00edcies\"],\"inLanguage\":\"ca\",\"potentialAction\":[{\"@type\":\"CommentAction\",\"name\":\"Comment\",\"target\":[\"https:\\\/\\\/biblioteca.blanes.cat\\\/salajove\\\/2023\\\/11\\\/24\\\/fes-me-pensar-concurs-de-fotografia-filosofica-2\\\/#respond\"]}]},{\"@type\":\"WebPage\",\"@id\":\"https:\\\/\\\/biblioteca.blanes.cat\\\/salajove\\\/2023\\\/11\\\/24\\\/fes-me-pensar-concurs-de-fotografia-filosofica-2\\\/\",\"url\":\"https:\\\/\\\/biblioteca.blanes.cat\\\/salajove\\\/2023\\\/11\\\/24\\\/fes-me-pensar-concurs-de-fotografia-filosofica-2\\\/\",\"name\":\"Fes-me pensar!, concurs de fotografia filos\u00f2fica - Sala Jove\",\"isPartOf\":{\"@id\":\"https:\\\/\\\/biblioteca.blanes.cat\\\/salajove\\\/#website\"},\"primaryImageOfPage\":{\"@id\":\"https:\\\/\\\/biblioteca.blanes.cat\\\/salajove\\\/2023\\\/11\\\/24\\\/fes-me-pensar-concurs-de-fotografia-filosofica-2\\\/#primaryimage\"},\"image\":{\"@id\":\"https:\\\/\\\/biblioteca.blanes.cat\\\/salajove\\\/2023\\\/11\\\/24\\\/fes-me-pensar-concurs-de-fotografia-filosofica-2\\\/#primaryimage\"},\"thumbnailUrl\":\"https:\\\/\\\/biblioteca.blanes.cat\\\/salajove\\\/wp-content\\\/uploads\\\/sites\\\/3\\\/2023\\\/11\\\/Fes-me-pensar2023_g.jpg\",\"datePublished\":\"2023-11-24T10:26:58+00:00\",\"dateModified\":\"2023-11-30T11:11:39+00:00\",\"breadcrumb\":{\"@id\":\"https:\\\/\\\/biblioteca.blanes.cat\\\/salajove\\\/2023\\\/11\\\/24\\\/fes-me-pensar-concurs-de-fotografia-filosofica-2\\\/#breadcrumb\"},\"inLanguage\":\"ca\",\"potentialAction\":[{\"@type\":\"ReadAction\",\"target\":[\"https:\\\/\\\/biblioteca.blanes.cat\\\/salajove\\\/2023\\\/11\\\/24\\\/fes-me-pensar-concurs-de-fotografia-filosofica-2\\\/\"]}]},{\"@type\":\"ImageObject\",\"inLanguage\":\"ca\",\"@id\":\"https:\\\/\\\/biblioteca.blanes.cat\\\/salajove\\\/2023\\\/11\\\/24\\\/fes-me-pensar-concurs-de-fotografia-filosofica-2\\\/#primaryimage\",\"url\":\"https:\\\/\\\/biblioteca.blanes.cat\\\/salajove\\\/wp-content\\\/uploads\\\/sites\\\/3\\\/2023\\\/11\\\/Fes-me-pensar2023_g.jpg\",\"contentUrl\":\"https:\\\/\\\/biblioteca.blanes.cat\\\/salajove\\\/wp-content\\\/uploads\\\/sites\\\/3\\\/2023\\\/11\\\/Fes-me-pensar2023_g.jpg\",\"width\":1587,\"height\":2245},{\"@type\":\"BreadcrumbList\",\"@id\":\"https:\\\/\\\/biblioteca.blanes.cat\\\/salajove\\\/2023\\\/11\\\/24\\\/fes-me-pensar-concurs-de-fotografia-filosofica-2\\\/#breadcrumb\",\"itemListElement\":[{\"@type\":\"ListItem\",\"position\":1,\"name\":\"Inici\",\"item\":\"https:\\\/\\\/biblioteca.blanes.cat\\\/salajove\\\/\"},{\"@type\":\"ListItem\",\"position\":2,\"name\":\"Fes-me pensar!, concurs de fotografia filos\u00f2fica\"}]},{\"@type\":\"WebSite\",\"@id\":\"https:\\\/\\\/biblioteca.blanes.cat\\\/salajove\\\/#website\",\"url\":\"https:\\\/\\\/biblioteca.blanes.cat\\\/salajove\\\/\",\"name\":\"Sala Jove\",\"description\":\"Biblioteca Comarcal de Blanes\",\"publisher\":{\"@id\":\"https:\\\/\\\/biblioteca.blanes.cat\\\/salajove\\\/#organization\"},\"potentialAction\":[{\"@type\":\"SearchAction\",\"target\":{\"@type\":\"EntryPoint\",\"urlTemplate\":\"https:\\\/\\\/biblioteca.blanes.cat\\\/salajove\\\/?s={search_term_string}\"},\"query-input\":{\"@type\":\"PropertyValueSpecification\",\"valueRequired\":true,\"valueName\":\"search_term_string\"}}],\"inLanguage\":\"ca\"},{\"@type\":\"Organization\",\"@id\":\"https:\\\/\\\/biblioteca.blanes.cat\\\/salajove\\\/#organization\",\"name\":\"Biblioteca Comarcal de Blanes\",\"url\":\"https:\\\/\\\/biblioteca.blanes.cat\\\/salajove\\\/\",\"logo\":{\"@type\":\"ImageObject\",\"inLanguage\":\"ca\",\"@id\":\"https:\\\/\\\/biblioteca.blanes.cat\\\/salajove\\\/#\\\/schema\\\/logo\\\/image\\\/\",\"url\":\"https:\\\/\\\/biblioteca.blanes.cat\\\/salajove\\\/wp-content\\\/uploads\\\/sites\\\/3\\\/2017\\\/09\\\/cropped-Bib-blau-e1518869380535.png\",\"contentUrl\":\"https:\\\/\\\/biblioteca.blanes.cat\\\/salajove\\\/wp-content\\\/uploads\\\/sites\\\/3\\\/2017\\\/09\\\/cropped-Bib-blau-e1518869380535.png\",\"width\":166,\"height\":166,\"caption\":\"Biblioteca Comarcal de Blanes\"},\"image\":{\"@id\":\"https:\\\/\\\/biblioteca.blanes.cat\\\/salajove\\\/#\\\/schema\\\/logo\\\/image\\\/\"},\"sameAs\":[\"https:\\\/\\\/www.facebook.com\\\/BilbiotecaComarcaldeBlanes\\\/\",\"https:\\\/\\\/x.com\\\/BiblioBlanes\",\"https:\\\/\\\/www.instagram.com\\\/biblioblanes\\\/\",\"https:\\\/\\\/www.pinterest.es\\\/bblanes\\\/\",\"https:\\\/\\\/www.youtube.com\\\/c\\\/BibliotecaComarcalBlanes\"]},{\"@type\":\"Person\",\"@id\":\"https:\\\/\\\/biblioteca.blanes.cat\\\/salajove\\\/#\\\/schema\\\/person\\\/5a7b46760d9dd611d098bbf571a341dc\",\"name\":\"biblioblanes\",\"image\":{\"@type\":\"ImageObject\",\"inLanguage\":\"ca\",\"@id\":\"https:\\\/\\\/secure.gravatar.com\\\/avatar\\\/6593ca6cc90e5a70939f51c95e8315483b9c281bafba597292bee47992030f99?s=96&d=mm&r=g\",\"url\":\"https:\\\/\\\/secure.gravatar.com\\\/avatar\\\/6593ca6cc90e5a70939f51c95e8315483b9c281bafba597292bee47992030f99?s=96&d=mm&r=g\",\"contentUrl\":\"https:\\\/\\\/secure.gravatar.com\\\/avatar\\\/6593ca6cc90e5a70939f51c95e8315483b9c281bafba597292bee47992030f99?s=96&d=mm&r=g\",\"caption\":\"biblioblanes\"},\"sameAs\":[\"http:\\\/\\\/www.bibgirona.cat\\\/biblioteca\\\/blanes\",\"https:\\\/\\\/x.com\\\/biblioblanes\"],\"url\":\"https:\\\/\\\/biblioteca.blanes.cat\\\/salajove\\\/author\\\/biblioblanes\\\/\"}]}<\/script>\n<!-- \/ Yoast SEO plugin. -->","yoast_head_json":{"title":"Fes-me pensar!, concurs de fotografia filos\u00f2fica - Sala Jove","robots":{"index":"index","follow":"follow","max-snippet":"max-snippet:-1","max-image-preview":"max-image-preview:large","max-video-preview":"max-video-preview:-1"},"canonical":"https:\/\/biblioteca.blanes.cat\/salajove\/2023\/11\/24\/fes-me-pensar-concurs-de-fotografia-filosofica-2\/","og_locale":"ca_ES","og_type":"article","og_title":"Fes-me pensar!, concurs de fotografia filos\u00f2fica - Sala Jove","og_description":"Hem donat el tret de sortida a una nova edici\u00f3 del Fes-me pensar!, el concurs de fotografia filos\u00f2fica. \u00c9s una iniciativa dels tres instituts de Blanes que, inspirats en l&#8217;Olimp\u00edada de Filosofia de Catalunya, proposa a l&#8217;alumnat un repte filos\u00f2fic","og_url":"https:\/\/biblioteca.blanes.cat\/salajove\/2023\/11\/24\/fes-me-pensar-concurs-de-fotografia-filosofica-2\/","og_site_name":"Sala Jove","article_publisher":"https:\/\/www.facebook.com\/BilbiotecaComarcaldeBlanes\/","article_published_time":"2023-11-24T10:26:58+00:00","article_modified_time":"2023-11-30T11:11:39+00:00","og_image":[{"width":1587,"height":2245,"url":"https:\/\/biblioteca.blanes.cat\/salajove\/wp-content\/uploads\/sites\/3\/2023\/11\/Fes-me-pensar2023_g.jpg","type":"image\/jpeg"}],"author":"biblioblanes","twitter_card":"summary_large_image","twitter_creator":"@biblioblanes","twitter_site":"@BiblioBlanes","twitter_misc":{"Escrit per":"biblioblanes","Temps estimat de lectura":"4 minuts"},"schema":{"@context":"https:\/\/schema.org","@graph":[{"@type":"Article","@id":"https:\/\/biblioteca.blanes.cat\/salajove\/2023\/11\/24\/fes-me-pensar-concurs-de-fotografia-filosofica-2\/#article","isPartOf":{"@id":"https:\/\/biblioteca.blanes.cat\/salajove\/2023\/11\/24\/fes-me-pensar-concurs-de-fotografia-filosofica-2\/"},"author":{"name":"biblioblanes","@id":"https:\/\/biblioteca.blanes.cat\/salajove\/#\/schema\/person\/5a7b46760d9dd611d098bbf571a341dc"},"headline":"Fes-me pensar!, concurs de fotografia filos\u00f2fica","datePublished":"2023-11-24T10:26:58+00:00","dateModified":"2023-11-30T11:11:39+00:00","mainEntityOfPage":{"@id":"https:\/\/biblioteca.blanes.cat\/salajove\/2023\/11\/24\/fes-me-pensar-concurs-de-fotografia-filosofica-2\/"},"wordCount":701,"commentCount":0,"publisher":{"@id":"https:\/\/biblioteca.blanes.cat\/salajove\/#organization"},"image":{"@id":"https:\/\/biblioteca.blanes.cat\/salajove\/2023\/11\/24\/fes-me-pensar-concurs-de-fotografia-filosofica-2\/#primaryimage"},"thumbnailUrl":"https:\/\/biblioteca.blanes.cat\/salajove\/wp-content\/uploads\/sites\/3\/2023\/11\/Fes-me-pensar2023_g.jpg","articleSection":["Not\u00edcies"],"inLanguage":"ca","potentialAction":[{"@type":"CommentAction","name":"Comment","target":["https:\/\/biblioteca.blanes.cat\/salajove\/2023\/11\/24\/fes-me-pensar-concurs-de-fotografia-filosofica-2\/#respond"]}]},{"@type":"WebPage","@id":"https:\/\/biblioteca.blanes.cat\/salajove\/2023\/11\/24\/fes-me-pensar-concurs-de-fotografia-filosofica-2\/","url":"https:\/\/biblioteca.blanes.cat\/salajove\/2023\/11\/24\/fes-me-pensar-concurs-de-fotografia-filosofica-2\/","name":"Fes-me pensar!, concurs de fotografia filos\u00f2fica - Sala Jove","isPartOf":{"@id":"https:\/\/biblioteca.blanes.cat\/salajove\/#website"},"primaryImageOfPage":{"@id":"https:\/\/biblioteca.blanes.cat\/salajove\/2023\/11\/24\/fes-me-pensar-concurs-de-fotografia-filosofica-2\/#primaryimage"},"image":{"@id":"https:\/\/biblioteca.blanes.cat\/salajove\/2023\/11\/24\/fes-me-pensar-concurs-de-fotografia-filosofica-2\/#primaryimage"},"thumbnailUrl":"https:\/\/biblioteca.blanes.cat\/salajove\/wp-content\/uploads\/sites\/3\/2023\/11\/Fes-me-pensar2023_g.jpg","datePublished":"2023-11-24T10:26:58+00:00","dateModified":"2023-11-30T11:11:39+00:00","breadcrumb":{"@id":"https:\/\/biblioteca.blanes.cat\/salajove\/2023\/11\/24\/fes-me-pensar-concurs-de-fotografia-filosofica-2\/#breadcrumb"},"inLanguage":"ca","potentialAction":[{"@type":"ReadAction","target":["https:\/\/biblioteca.blanes.cat\/salajove\/2023\/11\/24\/fes-me-pensar-concurs-de-fotografia-filosofica-2\/"]}]},{"@type":"ImageObject","inLanguage":"ca","@id":"https:\/\/biblioteca.blanes.cat\/salajove\/2023\/11\/24\/fes-me-pensar-concurs-de-fotografia-filosofica-2\/#primaryimage","url":"https:\/\/biblioteca.blanes.cat\/salajove\/wp-content\/uploads\/sites\/3\/2023\/11\/Fes-me-pensar2023_g.jpg","contentUrl":"https:\/\/biblioteca.blanes.cat\/salajove\/wp-content\/uploads\/sites\/3\/2023\/11\/Fes-me-pensar2023_g.jpg","width":1587,"height":2245},{"@type":"BreadcrumbList","@id":"https:\/\/biblioteca.blanes.cat\/salajove\/2023\/11\/24\/fes-me-pensar-concurs-de-fotografia-filosofica-2\/#breadcrumb","itemListElement":[{"@type":"ListItem","position":1,"name":"Inici","item":"https:\/\/biblioteca.blanes.cat\/salajove\/"},{"@type":"ListItem","position":2,"name":"Fes-me pensar!, concurs de fotografia filos\u00f2fica"}]},{"@type":"WebSite","@id":"https:\/\/biblioteca.blanes.cat\/salajove\/#website","url":"https:\/\/biblioteca.blanes.cat\/salajove\/","name":"Sala Jove","description":"Biblioteca Comarcal de Blanes","publisher":{"@id":"https:\/\/biblioteca.blanes.cat\/salajove\/#organization"},"potentialAction":[{"@type":"SearchAction","target":{"@type":"EntryPoint","urlTemplate":"https:\/\/biblioteca.blanes.cat\/salajove\/?s={search_term_string}"},"query-input":{"@type":"PropertyValueSpecification","valueRequired":true,"valueName":"search_term_string"}}],"inLanguage":"ca"},{"@type":"Organization","@id":"https:\/\/biblioteca.blanes.cat\/salajove\/#organization","name":"Biblioteca Comarcal de Blanes","url":"https:\/\/biblioteca.blanes.cat\/salajove\/","logo":{"@type":"ImageObject","inLanguage":"ca","@id":"https:\/\/biblioteca.blanes.cat\/salajove\/#\/schema\/logo\/image\/","url":"https:\/\/biblioteca.blanes.cat\/salajove\/wp-content\/uploads\/sites\/3\/2017\/09\/cropped-Bib-blau-e1518869380535.png","contentUrl":"https:\/\/biblioteca.blanes.cat\/salajove\/wp-content\/uploads\/sites\/3\/2017\/09\/cropped-Bib-blau-e1518869380535.png","width":166,"height":166,"caption":"Biblioteca Comarcal de Blanes"},"image":{"@id":"https:\/\/biblioteca.blanes.cat\/salajove\/#\/schema\/logo\/image\/"},"sameAs":["https:\/\/www.facebook.com\/BilbiotecaComarcaldeBlanes\/","https:\/\/x.com\/BiblioBlanes","https:\/\/www.instagram.com\/biblioblanes\/","https:\/\/www.pinterest.es\/bblanes\/","https:\/\/www.youtube.com\/c\/BibliotecaComarcalBlanes"]},{"@type":"Person","@id":"https:\/\/biblioteca.blanes.cat\/salajove\/#\/schema\/person\/5a7b46760d9dd611d098bbf571a341dc","name":"biblioblanes","image":{"@type":"ImageObject","inLanguage":"ca","@id":"https:\/\/secure.gravatar.com\/avatar\/6593ca6cc90e5a70939f51c95e8315483b9c281bafba597292bee47992030f99?s=96&d=mm&r=g","url":"https:\/\/secure.gravatar.com\/avatar\/6593ca6cc90e5a70939f51c95e8315483b9c281bafba597292bee47992030f99?s=96&d=mm&r=g","contentUrl":"https:\/\/secure.gravatar.com\/avatar\/6593ca6cc90e5a70939f51c95e8315483b9c281bafba597292bee47992030f99?s=96&d=mm&r=g","caption":"biblioblanes"},"sameAs":["http:\/\/www.bibgirona.cat\/biblioteca\/blanes","https:\/\/x.com\/biblioblanes"],"url":"https:\/\/biblioteca.blanes.cat\/salajove\/author\/biblioblanes\/"}]}},"_links":{"self":[{"href":"https:\/\/biblioteca.blanes.cat\/salajove\/wp-json\/wp\/v2\/posts\/8218","targetHints":{"allow":["GET"]}}],"collection":[{"href":"https:\/\/biblioteca.blanes.cat\/salajove\/wp-json\/wp\/v2\/posts"}],"about":[{"href":"https:\/\/biblioteca.blanes.cat\/salajove\/wp-json\/wp\/v2\/types\/post"}],"author":[{"embeddable":true,"href":"https:\/\/biblioteca.blanes.cat\/salajove\/wp-json\/wp\/v2\/users\/4"}],"replies":[{"embeddable":true,"href":"https:\/\/biblioteca.blanes.cat\/salajove\/wp-json\/wp\/v2\/comments?post=8218"}],"version-history":[{"count":8,"href":"https:\/\/biblioteca.blanes.cat\/salajove\/wp-json\/wp\/v2\/posts\/8218\/revisions"}],"predecessor-version":[{"id":8267,"href":"https:\/\/biblioteca.blanes.cat\/salajove\/wp-json\/wp\/v2\/posts\/8218\/revisions\/8267"}],"wp:featuredmedia":[{"embeddable":true,"href":"https:\/\/biblioteca.blanes.cat\/salajove\/wp-json\/wp\/v2\/media\/8228"}],"wp:attachment":[{"href":"https:\/\/biblioteca.blanes.cat\/salajove\/wp-json\/wp\/v2\/media?parent=8218"}],"wp:term":[{"taxonomy":"category","embeddable":true,"href":"https:\/\/biblioteca.blanes.cat\/salajove\/wp-json\/wp\/v2\/categories?post=8218"},{"taxonomy":"post_tag","embeddable":true,"href":"https:\/\/biblioteca.blanes.cat\/salajove\/wp-json\/wp\/v2\/tags?post=8218"}],"curies":[{"name":"wp","href":"https:\/\/api.w.org\/{rel}","templated":true}]}}