{"id":8104,"date":"2023-08-29T13:19:21","date_gmt":"2023-08-29T12:19:21","guid":{"rendered":"https:\/\/biblioteca.blanes.cat\/salajove\/?p=8104"},"modified":"2023-10-14T10:17:32","modified_gmt":"2023-10-14T09:17:32","slug":"bollere-2023-ja-ho-tenim-tot-a-punt","status":"publish","type":"post","link":"https:\/\/biblioteca.blanes.cat\/salajove\/2023\/08\/29\/bollere-2023-ja-ho-tenim-tot-a-punt\/","title":{"rendered":"Boller\u00e9 2023&#8230; ja ho tenim tot a punt!"},"content":{"rendered":"\n<h1 style=\"font-weight: 400; text-align: center;\"><span style=\"color: #9af065;\"><strong>Atenci\u00f3!<\/strong><\/span><\/h1>\n<p style=\"font-weight: 400;\">Ja s\u2019han publicat les bases per participar als <span style=\"color: #9af065;\"><strong>premis Boller\u00e9<\/strong><\/span>, el concurs literari que organitza l&#8217;Ajuntament de <strong>Blanes<\/strong> per <strong>promoure la creaci\u00f3 liter\u00e0ria<\/strong> <strong>juvenil<\/strong>.<\/p>\n<p style=\"font-weight: 400;\">Hi podeu participar en dues categories segons l\u2019edat:<\/p>\n<ul style=\"list-style-type: square;\">\n<li><strong>Categoria A<\/strong>: per a joves de 17 a 25 anys<\/li>\n<li><strong>Categoria B<\/strong>: per a joves de 12 a 16 anys<\/li>\n<\/ul>\n<p style=\"font-weight: 400;\">Optareu a uns premis la mar d&#8217;interessants:<\/p>\n<ul style=\"list-style-type: square;\">\n<li><strong>Categoria A<\/strong>: 500 \u20ac per al relat guanyador i 150 \u20ac per al relat finalista<\/li>\n<li><strong>Categoria B<\/strong>: 200 \u20ac per al relat guanyador i 50 \u20ac per al relat finalista<\/li>\n<\/ul>\n<p style=\"font-weight: 400;\">Anoteu-vos els terminis de presentaci\u00f3 per aquesta edici\u00f3 2023: <strong>del dilluns 6 de novembre fins al divendres 24 de novembre del 2023<\/strong>\u00a0(ambd\u00f3s inclosos).<\/p>\n<p>En <a href=\"https:\/\/www.blanes.cat\/docweb\/bollere\" target=\"_blank\" rel=\"noopener\">aquest enlla\u00e7<\/a> trobareu tota la informaci\u00f3 per participar-hi, les <a href=\"https:\/\/www.blanes.cat\/oiapdocs.nsf\/14fbe7c612d4ef45c12579b1003dd6db\/bd4dcae14468996ec1258a160024131d\/$FILE\/BasesBoller%C3%A9_2023_Cat.pdf\" target=\"_blank\" rel=\"noopener\">bases<\/a> del premi i el <a href=\"https:\/\/www.blanes.cat\/oiapdocs.nsf\/14fbe7c612d4ef45c12579b1003dd6db\/bd4dcae14468996ec1258a160024131d\/$FILE\/Sol%C2%B7licitud_Bollere_cat%202023.pdf\" target=\"_blank\" rel=\"noopener\">formulari<\/a> que heu d&#8217;emplenar.<\/p>\n<p><strong>No deixeu passar l\u2019oportunitat de mostrar el que sou capa\u00e7os d\u2019escriure!<\/strong><\/p>\n","protected":false},"excerpt":{"rendered":"<p>Atenci\u00f3! Ja s\u2019han publicat les bases per participar als premis Boller\u00e9, el concurs literari que organitza l&#8217;Ajuntament de Blanes per promoure la creaci\u00f3 liter\u00e0ria juvenil. Hi podeu participar en dues categories segons l\u2019edat: Categoria A: per a joves de 17<\/p>\n","protected":false},"author":4,"featured_media":8102,"comment_status":"open","ping_status":"open","sticky":false,"template":"","format":"standard","meta":{"sfsi_plus_gutenberg_text_before_share":"","sfsi_plus_gutenberg_show_text_before_share":"","sfsi_plus_gutenberg_icon_type":"","sfsi_plus_gutenberg_icon_alignemt":"","sfsi_plus_gutenburg_max_per_row":"","footnotes":""},"categories":[15,1],"tags":[],"class_list":["post-8104","post","type-post","status-publish","format-standard","has-post-thumbnail","hentry","category-bollere","category-general"],"yoast_head":"<!-- This site is optimized with the Yoast SEO plugin v27.5 - https:\/\/yoast.com\/product\/yoast-seo-wordpress\/ -->\n<title>Boller\u00e9 2023... ja ho tenim tot a punt! - Sala Jove<\/title>\n<meta name=\"robots\" content=\"index, follow, max-snippet:-1, max-image-preview:large, max-video-preview:-1\" \/>\n<link rel=\"canonical\" href=\"https:\/\/biblioteca.blanes.cat\/salajove\/2023\/08\/29\/bollere-2023-ja-ho-tenim-tot-a-punt\/\" \/>\n<meta property=\"og:locale\" content=\"ca_ES\" \/>\n<meta property=\"og:type\" content=\"article\" \/>\n<meta property=\"og:title\" content=\"Boller\u00e9 2023... ja ho tenim tot a punt! - Sala Jove\" \/>\n<meta property=\"og:description\" content=\"Atenci\u00f3! Ja s\u2019han publicat les bases per participar als premis Boller\u00e9, el concurs literari que organitza l&#8217;Ajuntament de Blanes per promoure la creaci\u00f3 liter\u00e0ria juvenil. Hi podeu participar en dues categories segons l\u2019edat: Categoria A: per a joves de 17\" \/>\n<meta property=\"og:url\" content=\"https:\/\/biblioteca.blanes.cat\/salajove\/2023\/08\/29\/bollere-2023-ja-ho-tenim-tot-a-punt\/\" \/>\n<meta property=\"og:site_name\" content=\"Sala Jove\" \/>\n<meta property=\"article:publisher\" content=\"https:\/\/www.facebook.com\/BilbiotecaComarcaldeBlanes\/\" \/>\n<meta property=\"article:published_time\" content=\"2023-08-29T12:19:21+00:00\" \/>\n<meta property=\"article:modified_time\" content=\"2023-10-14T09:17:32+00:00\" \/>\n<meta property=\"og:image\" content=\"https:\/\/biblioteca.blanes.cat\/salajove\/wp-content\/uploads\/sites\/3\/2023\/08\/Bases_15eBollere_2023_.jpg\" \/>\n\t<meta property=\"og:image:width\" content=\"825\" \/>\n\t<meta property=\"og:image:height\" content=\"1001\" \/>\n\t<meta property=\"og:image:type\" content=\"image\/jpeg\" \/>\n<meta name=\"author\" content=\"biblioblanes\" \/>\n<meta name=\"twitter:card\" content=\"summary_large_image\" \/>\n<meta name=\"twitter:creator\" content=\"@biblioblanes\" \/>\n<meta name=\"twitter:site\" content=\"@BiblioBlanes\" \/>\n<meta name=\"twitter:label1\" content=\"Escrit per\" \/>\n\t<meta name=\"twitter:data1\" content=\"biblioblanes\" \/>\n\t<meta name=\"twitter:label2\" content=\"Temps estimat de lectura\" \/>\n\t<meta name=\"twitter:data2\" content=\"1 minut\" \/>\n<script type=\"application\/ld+json\" class=\"yoast-schema-graph\">{\"@context\":\"https:\\\/\\\/schema.org\",\"@graph\":[{\"@type\":\"Article\",\"@id\":\"https:\\\/\\\/biblioteca.blanes.cat\\\/salajove\\\/2023\\\/08\\\/29\\\/bollere-2023-ja-ho-tenim-tot-a-punt\\\/#article\",\"isPartOf\":{\"@id\":\"https:\\\/\\\/biblioteca.blanes.cat\\\/salajove\\\/2023\\\/08\\\/29\\\/bollere-2023-ja-ho-tenim-tot-a-punt\\\/\"},\"author\":{\"name\":\"biblioblanes\",\"@id\":\"https:\\\/\\\/biblioteca.blanes.cat\\\/salajove\\\/#\\\/schema\\\/person\\\/5a7b46760d9dd611d098bbf571a341dc\"},\"headline\":\"Boller\u00e9 2023&#8230; ja ho tenim tot a punt!\",\"datePublished\":\"2023-08-29T12:19:21+00:00\",\"dateModified\":\"2023-10-14T09:17:32+00:00\",\"mainEntityOfPage\":{\"@id\":\"https:\\\/\\\/biblioteca.blanes.cat\\\/salajove\\\/2023\\\/08\\\/29\\\/bollere-2023-ja-ho-tenim-tot-a-punt\\\/\"},\"wordCount\":145,\"commentCount\":0,\"publisher\":{\"@id\":\"https:\\\/\\\/biblioteca.blanes.cat\\\/salajove\\\/#organization\"},\"image\":{\"@id\":\"https:\\\/\\\/biblioteca.blanes.cat\\\/salajove\\\/2023\\\/08\\\/29\\\/bollere-2023-ja-ho-tenim-tot-a-punt\\\/#primaryimage\"},\"thumbnailUrl\":\"https:\\\/\\\/biblioteca.blanes.cat\\\/salajove\\\/wp-content\\\/uploads\\\/sites\\\/3\\\/2023\\\/08\\\/Bases_15eBollere_2023_.jpg\",\"articleSection\":[\"Boller\u00e9\",\"Not\u00edcies\"],\"inLanguage\":\"ca\",\"potentialAction\":[{\"@type\":\"CommentAction\",\"name\":\"Comment\",\"target\":[\"https:\\\/\\\/biblioteca.blanes.cat\\\/salajove\\\/2023\\\/08\\\/29\\\/bollere-2023-ja-ho-tenim-tot-a-punt\\\/#respond\"]}]},{\"@type\":\"WebPage\",\"@id\":\"https:\\\/\\\/biblioteca.blanes.cat\\\/salajove\\\/2023\\\/08\\\/29\\\/bollere-2023-ja-ho-tenim-tot-a-punt\\\/\",\"url\":\"https:\\\/\\\/biblioteca.blanes.cat\\\/salajove\\\/2023\\\/08\\\/29\\\/bollere-2023-ja-ho-tenim-tot-a-punt\\\/\",\"name\":\"Boller\u00e9 2023... ja ho tenim tot a punt! - Sala Jove\",\"isPartOf\":{\"@id\":\"https:\\\/\\\/biblioteca.blanes.cat\\\/salajove\\\/#website\"},\"primaryImageOfPage\":{\"@id\":\"https:\\\/\\\/biblioteca.blanes.cat\\\/salajove\\\/2023\\\/08\\\/29\\\/bollere-2023-ja-ho-tenim-tot-a-punt\\\/#primaryimage\"},\"image\":{\"@id\":\"https:\\\/\\\/biblioteca.blanes.cat\\\/salajove\\\/2023\\\/08\\\/29\\\/bollere-2023-ja-ho-tenim-tot-a-punt\\\/#primaryimage\"},\"thumbnailUrl\":\"https:\\\/\\\/biblioteca.blanes.cat\\\/salajove\\\/wp-content\\\/uploads\\\/sites\\\/3\\\/2023\\\/08\\\/Bases_15eBollere_2023_.jpg\",\"datePublished\":\"2023-08-29T12:19:21+00:00\",\"dateModified\":\"2023-10-14T09:17:32+00:00\",\"breadcrumb\":{\"@id\":\"https:\\\/\\\/biblioteca.blanes.cat\\\/salajove\\\/2023\\\/08\\\/29\\\/bollere-2023-ja-ho-tenim-tot-a-punt\\\/#breadcrumb\"},\"inLanguage\":\"ca\",\"potentialAction\":[{\"@type\":\"ReadAction\",\"target\":[\"https:\\\/\\\/biblioteca.blanes.cat\\\/salajove\\\/2023\\\/08\\\/29\\\/bollere-2023-ja-ho-tenim-tot-a-punt\\\/\"]}]},{\"@type\":\"ImageObject\",\"inLanguage\":\"ca\",\"@id\":\"https:\\\/\\\/biblioteca.blanes.cat\\\/salajove\\\/2023\\\/08\\\/29\\\/bollere-2023-ja-ho-tenim-tot-a-punt\\\/#primaryimage\",\"url\":\"https:\\\/\\\/biblioteca.blanes.cat\\\/salajove\\\/wp-content\\\/uploads\\\/sites\\\/3\\\/2023\\\/08\\\/Bases_15eBollere_2023_.jpg\",\"contentUrl\":\"https:\\\/\\\/biblioteca.blanes.cat\\\/salajove\\\/wp-content\\\/uploads\\\/sites\\\/3\\\/2023\\\/08\\\/Bases_15eBollere_2023_.jpg\",\"width\":825,\"height\":1001},{\"@type\":\"BreadcrumbList\",\"@id\":\"https:\\\/\\\/biblioteca.blanes.cat\\\/salajove\\\/2023\\\/08\\\/29\\\/bollere-2023-ja-ho-tenim-tot-a-punt\\\/#breadcrumb\",\"itemListElement\":[{\"@type\":\"ListItem\",\"position\":1,\"name\":\"Inici\",\"item\":\"https:\\\/\\\/biblioteca.blanes.cat\\\/salajove\\\/\"},{\"@type\":\"ListItem\",\"position\":2,\"name\":\"Boller\u00e9 2023&#8230; ja ho tenim tot a punt!\"}]},{\"@type\":\"WebSite\",\"@id\":\"https:\\\/\\\/biblioteca.blanes.cat\\\/salajove\\\/#website\",\"url\":\"https:\\\/\\\/biblioteca.blanes.cat\\\/salajove\\\/\",\"name\":\"Sala Jove\",\"description\":\"Biblioteca Comarcal de Blanes\",\"publisher\":{\"@id\":\"https:\\\/\\\/biblioteca.blanes.cat\\\/salajove\\\/#organization\"},\"potentialAction\":[{\"@type\":\"SearchAction\",\"target\":{\"@type\":\"EntryPoint\",\"urlTemplate\":\"https:\\\/\\\/biblioteca.blanes.cat\\\/salajove\\\/?s={search_term_string}\"},\"query-input\":{\"@type\":\"PropertyValueSpecification\",\"valueRequired\":true,\"valueName\":\"search_term_string\"}}],\"inLanguage\":\"ca\"},{\"@type\":\"Organization\",\"@id\":\"https:\\\/\\\/biblioteca.blanes.cat\\\/salajove\\\/#organization\",\"name\":\"Biblioteca Comarcal de Blanes\",\"url\":\"https:\\\/\\\/biblioteca.blanes.cat\\\/salajove\\\/\",\"logo\":{\"@type\":\"ImageObject\",\"inLanguage\":\"ca\",\"@id\":\"https:\\\/\\\/biblioteca.blanes.cat\\\/salajove\\\/#\\\/schema\\\/logo\\\/image\\\/\",\"url\":\"https:\\\/\\\/biblioteca.blanes.cat\\\/salajove\\\/wp-content\\\/uploads\\\/sites\\\/3\\\/2017\\\/09\\\/cropped-Bib-blau-e1518869380535.png\",\"contentUrl\":\"https:\\\/\\\/biblioteca.blanes.cat\\\/salajove\\\/wp-content\\\/uploads\\\/sites\\\/3\\\/2017\\\/09\\\/cropped-Bib-blau-e1518869380535.png\",\"width\":166,\"height\":166,\"caption\":\"Biblioteca Comarcal de Blanes\"},\"image\":{\"@id\":\"https:\\\/\\\/biblioteca.blanes.cat\\\/salajove\\\/#\\\/schema\\\/logo\\\/image\\\/\"},\"sameAs\":[\"https:\\\/\\\/www.facebook.com\\\/BilbiotecaComarcaldeBlanes\\\/\",\"https:\\\/\\\/x.com\\\/BiblioBlanes\",\"https:\\\/\\\/www.instagram.com\\\/biblioblanes\\\/\",\"https:\\\/\\\/www.pinterest.es\\\/bblanes\\\/\",\"https:\\\/\\\/www.youtube.com\\\/c\\\/BibliotecaComarcalBlanes\"]},{\"@type\":\"Person\",\"@id\":\"https:\\\/\\\/biblioteca.blanes.cat\\\/salajove\\\/#\\\/schema\\\/person\\\/5a7b46760d9dd611d098bbf571a341dc\",\"name\":\"biblioblanes\",\"image\":{\"@type\":\"ImageObject\",\"inLanguage\":\"ca\",\"@id\":\"https:\\\/\\\/secure.gravatar.com\\\/avatar\\\/6593ca6cc90e5a70939f51c95e8315483b9c281bafba597292bee47992030f99?s=96&d=mm&r=g\",\"url\":\"https:\\\/\\\/secure.gravatar.com\\\/avatar\\\/6593ca6cc90e5a70939f51c95e8315483b9c281bafba597292bee47992030f99?s=96&d=mm&r=g\",\"contentUrl\":\"https:\\\/\\\/secure.gravatar.com\\\/avatar\\\/6593ca6cc90e5a70939f51c95e8315483b9c281bafba597292bee47992030f99?s=96&d=mm&r=g\",\"caption\":\"biblioblanes\"},\"sameAs\":[\"http:\\\/\\\/www.bibgirona.cat\\\/biblioteca\\\/blanes\",\"https:\\\/\\\/x.com\\\/biblioblanes\"],\"url\":\"https:\\\/\\\/biblioteca.blanes.cat\\\/salajove\\\/author\\\/biblioblanes\\\/\"}]}<\/script>\n<!-- \/ Yoast SEO plugin. -->","yoast_head_json":{"title":"Boller\u00e9 2023... ja ho tenim tot a punt! - Sala Jove","robots":{"index":"index","follow":"follow","max-snippet":"max-snippet:-1","max-image-preview":"max-image-preview:large","max-video-preview":"max-video-preview:-1"},"canonical":"https:\/\/biblioteca.blanes.cat\/salajove\/2023\/08\/29\/bollere-2023-ja-ho-tenim-tot-a-punt\/","og_locale":"ca_ES","og_type":"article","og_title":"Boller\u00e9 2023... ja ho tenim tot a punt! - Sala Jove","og_description":"Atenci\u00f3! Ja s\u2019han publicat les bases per participar als premis Boller\u00e9, el concurs literari que organitza l&#8217;Ajuntament de Blanes per promoure la creaci\u00f3 liter\u00e0ria juvenil. Hi podeu participar en dues categories segons l\u2019edat: Categoria A: per a joves de 17","og_url":"https:\/\/biblioteca.blanes.cat\/salajove\/2023\/08\/29\/bollere-2023-ja-ho-tenim-tot-a-punt\/","og_site_name":"Sala Jove","article_publisher":"https:\/\/www.facebook.com\/BilbiotecaComarcaldeBlanes\/","article_published_time":"2023-08-29T12:19:21+00:00","article_modified_time":"2023-10-14T09:17:32+00:00","og_image":[{"width":825,"height":1001,"url":"https:\/\/biblioteca.blanes.cat\/salajove\/wp-content\/uploads\/sites\/3\/2023\/08\/Bases_15eBollere_2023_.jpg","type":"image\/jpeg"}],"author":"biblioblanes","twitter_card":"summary_large_image","twitter_creator":"@biblioblanes","twitter_site":"@BiblioBlanes","twitter_misc":{"Escrit per":"biblioblanes","Temps estimat de lectura":"1 minut"},"schema":{"@context":"https:\/\/schema.org","@graph":[{"@type":"Article","@id":"https:\/\/biblioteca.blanes.cat\/salajove\/2023\/08\/29\/bollere-2023-ja-ho-tenim-tot-a-punt\/#article","isPartOf":{"@id":"https:\/\/biblioteca.blanes.cat\/salajove\/2023\/08\/29\/bollere-2023-ja-ho-tenim-tot-a-punt\/"},"author":{"name":"biblioblanes","@id":"https:\/\/biblioteca.blanes.cat\/salajove\/#\/schema\/person\/5a7b46760d9dd611d098bbf571a341dc"},"headline":"Boller\u00e9 2023&#8230; ja ho tenim tot a punt!","datePublished":"2023-08-29T12:19:21+00:00","dateModified":"2023-10-14T09:17:32+00:00","mainEntityOfPage":{"@id":"https:\/\/biblioteca.blanes.cat\/salajove\/2023\/08\/29\/bollere-2023-ja-ho-tenim-tot-a-punt\/"},"wordCount":145,"commentCount":0,"publisher":{"@id":"https:\/\/biblioteca.blanes.cat\/salajove\/#organization"},"image":{"@id":"https:\/\/biblioteca.blanes.cat\/salajove\/2023\/08\/29\/bollere-2023-ja-ho-tenim-tot-a-punt\/#primaryimage"},"thumbnailUrl":"https:\/\/biblioteca.blanes.cat\/salajove\/wp-content\/uploads\/sites\/3\/2023\/08\/Bases_15eBollere_2023_.jpg","articleSection":["Boller\u00e9","Not\u00edcies"],"inLanguage":"ca","potentialAction":[{"@type":"CommentAction","name":"Comment","target":["https:\/\/biblioteca.blanes.cat\/salajove\/2023\/08\/29\/bollere-2023-ja-ho-tenim-tot-a-punt\/#respond"]}]},{"@type":"WebPage","@id":"https:\/\/biblioteca.blanes.cat\/salajove\/2023\/08\/29\/bollere-2023-ja-ho-tenim-tot-a-punt\/","url":"https:\/\/biblioteca.blanes.cat\/salajove\/2023\/08\/29\/bollere-2023-ja-ho-tenim-tot-a-punt\/","name":"Boller\u00e9 2023... ja ho tenim tot a punt! - Sala Jove","isPartOf":{"@id":"https:\/\/biblioteca.blanes.cat\/salajove\/#website"},"primaryImageOfPage":{"@id":"https:\/\/biblioteca.blanes.cat\/salajove\/2023\/08\/29\/bollere-2023-ja-ho-tenim-tot-a-punt\/#primaryimage"},"image":{"@id":"https:\/\/biblioteca.blanes.cat\/salajove\/2023\/08\/29\/bollere-2023-ja-ho-tenim-tot-a-punt\/#primaryimage"},"thumbnailUrl":"https:\/\/biblioteca.blanes.cat\/salajove\/wp-content\/uploads\/sites\/3\/2023\/08\/Bases_15eBollere_2023_.jpg","datePublished":"2023-08-29T12:19:21+00:00","dateModified":"2023-10-14T09:17:32+00:00","breadcrumb":{"@id":"https:\/\/biblioteca.blanes.cat\/salajove\/2023\/08\/29\/bollere-2023-ja-ho-tenim-tot-a-punt\/#breadcrumb"},"inLanguage":"ca","potentialAction":[{"@type":"ReadAction","target":["https:\/\/biblioteca.blanes.cat\/salajove\/2023\/08\/29\/bollere-2023-ja-ho-tenim-tot-a-punt\/"]}]},{"@type":"ImageObject","inLanguage":"ca","@id":"https:\/\/biblioteca.blanes.cat\/salajove\/2023\/08\/29\/bollere-2023-ja-ho-tenim-tot-a-punt\/#primaryimage","url":"https:\/\/biblioteca.blanes.cat\/salajove\/wp-content\/uploads\/sites\/3\/2023\/08\/Bases_15eBollere_2023_.jpg","contentUrl":"https:\/\/biblioteca.blanes.cat\/salajove\/wp-content\/uploads\/sites\/3\/2023\/08\/Bases_15eBollere_2023_.jpg","width":825,"height":1001},{"@type":"BreadcrumbList","@id":"https:\/\/biblioteca.blanes.cat\/salajove\/2023\/08\/29\/bollere-2023-ja-ho-tenim-tot-a-punt\/#breadcrumb","itemListElement":[{"@type":"ListItem","position":1,"name":"Inici","item":"https:\/\/biblioteca.blanes.cat\/salajove\/"},{"@type":"ListItem","position":2,"name":"Boller\u00e9 2023&#8230; ja ho tenim tot a punt!"}]},{"@type":"WebSite","@id":"https:\/\/biblioteca.blanes.cat\/salajove\/#website","url":"https:\/\/biblioteca.blanes.cat\/salajove\/","name":"Sala Jove","description":"Biblioteca Comarcal de Blanes","publisher":{"@id":"https:\/\/biblioteca.blanes.cat\/salajove\/#organization"},"potentialAction":[{"@type":"SearchAction","target":{"@type":"EntryPoint","urlTemplate":"https:\/\/biblioteca.blanes.cat\/salajove\/?s={search_term_string}"},"query-input":{"@type":"PropertyValueSpecification","valueRequired":true,"valueName":"search_term_string"}}],"inLanguage":"ca"},{"@type":"Organization","@id":"https:\/\/biblioteca.blanes.cat\/salajove\/#organization","name":"Biblioteca Comarcal de Blanes","url":"https:\/\/biblioteca.blanes.cat\/salajove\/","logo":{"@type":"ImageObject","inLanguage":"ca","@id":"https:\/\/biblioteca.blanes.cat\/salajove\/#\/schema\/logo\/image\/","url":"https:\/\/biblioteca.blanes.cat\/salajove\/wp-content\/uploads\/sites\/3\/2017\/09\/cropped-Bib-blau-e1518869380535.png","contentUrl":"https:\/\/biblioteca.blanes.cat\/salajove\/wp-content\/uploads\/sites\/3\/2017\/09\/cropped-Bib-blau-e1518869380535.png","width":166,"height":166,"caption":"Biblioteca Comarcal de Blanes"},"image":{"@id":"https:\/\/biblioteca.blanes.cat\/salajove\/#\/schema\/logo\/image\/"},"sameAs":["https:\/\/www.facebook.com\/BilbiotecaComarcaldeBlanes\/","https:\/\/x.com\/BiblioBlanes","https:\/\/www.instagram.com\/biblioblanes\/","https:\/\/www.pinterest.es\/bblanes\/","https:\/\/www.youtube.com\/c\/BibliotecaComarcalBlanes"]},{"@type":"Person","@id":"https:\/\/biblioteca.blanes.cat\/salajove\/#\/schema\/person\/5a7b46760d9dd611d098bbf571a341dc","name":"biblioblanes","image":{"@type":"ImageObject","inLanguage":"ca","@id":"https:\/\/secure.gravatar.com\/avatar\/6593ca6cc90e5a70939f51c95e8315483b9c281bafba597292bee47992030f99?s=96&d=mm&r=g","url":"https:\/\/secure.gravatar.com\/avatar\/6593ca6cc90e5a70939f51c95e8315483b9c281bafba597292bee47992030f99?s=96&d=mm&r=g","contentUrl":"https:\/\/secure.gravatar.com\/avatar\/6593ca6cc90e5a70939f51c95e8315483b9c281bafba597292bee47992030f99?s=96&d=mm&r=g","caption":"biblioblanes"},"sameAs":["http:\/\/www.bibgirona.cat\/biblioteca\/blanes","https:\/\/x.com\/biblioblanes"],"url":"https:\/\/biblioteca.blanes.cat\/salajove\/author\/biblioblanes\/"}]}},"_links":{"self":[{"href":"https:\/\/biblioteca.blanes.cat\/salajove\/wp-json\/wp\/v2\/posts\/8104","targetHints":{"allow":["GET"]}}],"collection":[{"href":"https:\/\/biblioteca.blanes.cat\/salajove\/wp-json\/wp\/v2\/posts"}],"about":[{"href":"https:\/\/biblioteca.blanes.cat\/salajove\/wp-json\/wp\/v2\/types\/post"}],"author":[{"embeddable":true,"href":"https:\/\/biblioteca.blanes.cat\/salajove\/wp-json\/wp\/v2\/users\/4"}],"replies":[{"embeddable":true,"href":"https:\/\/biblioteca.blanes.cat\/salajove\/wp-json\/wp\/v2\/comments?post=8104"}],"version-history":[{"count":7,"href":"https:\/\/biblioteca.blanes.cat\/salajove\/wp-json\/wp\/v2\/posts\/8104\/revisions"}],"predecessor-version":[{"id":8191,"href":"https:\/\/biblioteca.blanes.cat\/salajove\/wp-json\/wp\/v2\/posts\/8104\/revisions\/8191"}],"wp:featuredmedia":[{"embeddable":true,"href":"https:\/\/biblioteca.blanes.cat\/salajove\/wp-json\/wp\/v2\/media\/8102"}],"wp:attachment":[{"href":"https:\/\/biblioteca.blanes.cat\/salajove\/wp-json\/wp\/v2\/media?parent=8104"}],"wp:term":[{"taxonomy":"category","embeddable":true,"href":"https:\/\/biblioteca.blanes.cat\/salajove\/wp-json\/wp\/v2\/categories?post=8104"},{"taxonomy":"post_tag","embeddable":true,"href":"https:\/\/biblioteca.blanes.cat\/salajove\/wp-json\/wp\/v2\/tags?post=8104"}],"curies":[{"name":"wp","href":"https:\/\/api.w.org\/{rel}","templated":true}]}}