{"id":809,"date":"2018-01-11T18:57:06","date_gmt":"2018-01-11T17:57:06","guid":{"rendered":"https:\/\/biblioteca.blanes.cat\/salajove\/?p=809"},"modified":"2018-01-15T15:20:08","modified_gmt":"2018-01-15T14:20:08","slug":"809","status":"publish","type":"post","link":"https:\/\/biblioteca.blanes.cat\/salajove\/2018\/01\/11\/809\/","title":{"rendered":"LA CINQUENA ONADA de Rick Yancey"},"content":{"rendered":"<h3 style=\"text-align: center;\">\u00c9s de nit. Estirada sota el cel estrellat, contemplant el mar infinit, espero la cinquena onada. \u00c9s estrany per\u00f2 no tinc por. S\u00e9 que no estem sols. \u00c9s impossible, \u00e9s impossible que nom\u00e9s hi hagi un port en aquest mar infinit. \u00c9s impossible que nosaltres siguem l\u2019\u00faltima estrella en aquest cel estrellat. \u00c9s completament impossible que nom\u00e9s hi hagi un vaixell en aquest mar infinit.<\/h3>\n<p>A vegades penso que ja estan entre nosaltres, fins i tot m\u00e9s a prop del que ens pensem&#8230; No tenen forma coneguda, o potser s\u00ed&#8230; el ve\u00ed, el nostre millor amic, o potser els nostres pares, o potser dins nosaltres mateixos, perqu\u00e8 potser ja ens han robat l\u2019\u00e0nima &#8230;<\/p>\n<p>Buf! Estic llegint massa ci\u00e8ncia-ficci\u00f3 alien\u00edgena.<\/p>\n<p>La cinquena onada \u00e9s un llibre de ci\u00e8ncia-ficci\u00f3 escrit per Rick Yancey. \u00c9s el primer llibre d\u2019una trilogia formada per : La cinquena onada, El mar infinit i L\u2019\u00faltima estrella.<\/p>\n<p>Rick Yancey va comen\u00e7ar el seu cam\u00ed com a escriptor amb la novel\u00b7la \u201cLes extraordin\u00e0ries aventures de A. Kropp\u201d.<img fetchpriority=\"high\" decoding=\"async\" class=\" alignright\" src=\"https:\/\/imagessl6.casadellibro.com\/a\/l\/t0\/36\/9788427208636.jpg\" width=\"293\" height=\"450\" \/> I va seguir amb aquesta enigm\u00e0tica trilogia. Tenim entre les mans una novel\u00b7la d\u2019extraterrestres, o com l\u2019autor els anomena \u201cEls Altres.\u201d<\/p>\n<h2 style=\"text-align: center;\"><em>\u201cDespr\u00e9s de la primera onada la Terra es queda a les fosques, despr\u00e9s de la segona onada nom\u00e9s fugen els afortunats, despr\u00e9s de la tercera onada nom\u00e9s sobreviuen els desafortunats, despr\u00e9s de la quarta onada ja no es pot confiar en ning\u00fa i despr\u00e9s de la cinquena onada&#8230;\u201d<\/em><\/h2>\n<p style=\"text-align: left;\">Cassie \u00e9s la protagonista d\u2019aquesta novel\u00b7la. Ella \u00e9s la nostra hero\u00efna. Ella fuig dels \u201caltres\u201d. Busca al seu germ\u00e0. \u00c9s una supervivent i nom\u00e9s t\u00e9 dos regles; moure\u2019s sola i no confiar en ning\u00fa fins que es troba amb l\u2019Evan. Llavors la Cassie haur\u00e0 de prendre una decisi\u00f3: confiar o perdre la esperan\u00e7a, desafiar o rendir-se, viure o morir, abandonar o aixecar-se i lluitar.<\/p>\n<p style=\"text-align: left;\">I ara unes an\u00e8cdotes:<\/p>\n<p style=\"text-align: left;\">*S\u2019ha fet una pel\u00b7l\u00edcula d\u2019aquest llibre, es va estrenar el gener 2016. La protagonista es interpretada per Chl\u00f6e Grace Moretz, molts la coneixereu perqu\u00e8 va protagonitzar la pel\u00b7l\u00edcula \u201cSi decido quedarme\u201d.<\/p>\n<p style=\"text-align: left;\">*La can\u00e7\u00f3 final de la pel\u00b7l\u00edcula esta feta per les cantants Sia i Adele, i es titula \u201cAlive\u201d<\/p>\n<p style=\"text-align: left;\">*Cr\u00edtics literaris han establert una connexi\u00f3 entre \u201cCrepuscle \u201c i \u201cLa cinquena onada\u201d. \u00c9s a dir el que \u201cCrepuscle\u201d va fer amb els vampirs, \u201cLa cinquena onada \u201cho fa amb els alien\u00edgenes\u201d<\/p>\n<p style=\"text-align: left;\">*A l\u2019any 2013 Rick Yancey va comen\u00e7ar la trilogia de \u201cLa cinquena onada\u201d i un cop acabada va comen\u00e7ar a fer novel\u00b7les de misteri, terror i tamb\u00e9 d\u2019 humor.<\/p>\n<p>I ara unes quantes frases d\u2019aquelles que prenc dels llibres&#8230;<\/p>\n<p style=\"text-align: left;\"><em>\u201cEls humans pensen. Planifiquen. Somien i despr\u00e9s fan realitat els seus somnis.\u201d<\/em><\/p>\n<p style=\"text-align: left;\"><em>\u201cHi ha coses que \u00e9s impossible deixar enrere; no pertanyen al passat, et pertanyen a tu.\u201d<\/em><\/p>\n<p style=\"text-align: left;\"><em>\u201cLes mentires s\u00f3n complicades, la veritat \u00e9s simple.\u201d<\/em><\/p>\n<p style=\"text-align: left;\"><em>\u201cAlgunes coses no fa falta prometre-les. Simplement, les fas.\u201d<\/em><\/p>\n<p style=\"text-align: left;\"><em>\u201cLa crueltat no \u00e9s una personalitat. La crueltat \u00e9s un h\u00e0bit.\u201d<\/em><\/p>\n<p style=\"text-align: left;\"><em>\u201cQualsevol de nosaltres, per petit, d\u00e8bil i insignificant que sigui, importa.\u201d<\/em><\/p>\n<p>\u00c9s un llibre de superviv\u00e8ncia, mentre llegeixes est\u00e0s en tensi\u00f3. La Cassie est\u00e0 sola, espantada, enmig del bosc, sent sorolls&#8230;<br \/>\n I tu?<br \/>\n Sol, perdut enmig del bosc, sentint sorolls, podries sobreviure a la cinquena onada?<\/p>\n","protected":false},"excerpt":{"rendered":"<p>\u00c9s de nit. Estirada sota el cel estrellat, contemplant el mar infinit, espero la cinquena onada. \u00c9s estrany per\u00f2 no tinc por. S\u00e9 que no estem sols. \u00c9s impossible, \u00e9s impossible que nom\u00e9s hi hagi un port en aquest mar<\/p>\n","protected":false},"author":6,"featured_media":154,"comment_status":"open","ping_status":"open","sticky":false,"template":"","format":"standard","meta":{"sfsi_plus_gutenberg_text_before_share":"","sfsi_plus_gutenberg_show_text_before_share":"","sfsi_plus_gutenberg_icon_type":"","sfsi_plus_gutenberg_icon_alignemt":"","sfsi_plus_gutenburg_max_per_row":"","footnotes":""},"categories":[9,12],"tags":[34,33,26,23],"class_list":["post-809","post","type-post","status-publish","format-standard","has-post-thumbnail","hentry","category-raco-de-la-paula","category-popular","tag-blog-de-lectura","tag-el-raco-de-la-paula","tag-lectura","tag-sinopsi"],"yoast_head":"<!-- This site is optimized with the Yoast SEO plugin v27.5 - https:\/\/yoast.com\/product\/yoast-seo-wordpress\/ -->\n<title>LA CINQUENA ONADA de Rick Yancey - Sala Jove<\/title>\n<meta name=\"description\" content=\"Rick Yancey va comen\u00e7ar el seu cam\u00ed com a escriptor amb la novel\u00b7la \u201cLes extraordin\u00e0ries aventures de A. Kropp\u201d. I va seguir amb aquesta enigm\u00e0tica trilogia\" \/>\n<meta name=\"robots\" content=\"index, follow, max-snippet:-1, max-image-preview:large, max-video-preview:-1\" \/>\n<link rel=\"canonical\" href=\"https:\/\/biblioteca.blanes.cat\/salajove\/2018\/01\/11\/809\/\" \/>\n<meta property=\"og:locale\" content=\"ca_ES\" \/>\n<meta property=\"og:type\" content=\"article\" \/>\n<meta property=\"og:title\" content=\"LA CINQUENA ONADA de Rick Yancey - Sala Jove\" \/>\n<meta property=\"og:description\" content=\"Rick Yancey va comen\u00e7ar el seu cam\u00ed com a escriptor amb la novel\u00b7la \u201cLes extraordin\u00e0ries aventures de A. Kropp\u201d. I va seguir amb aquesta enigm\u00e0tica trilogia\" \/>\n<meta property=\"og:url\" content=\"https:\/\/biblioteca.blanes.cat\/salajove\/2018\/01\/11\/809\/\" \/>\n<meta property=\"og:site_name\" content=\"Sala Jove\" \/>\n<meta property=\"article:publisher\" content=\"https:\/\/www.facebook.com\/BilbiotecaComarcaldeBlanes\/\" \/>\n<meta property=\"article:published_time\" content=\"2018-01-11T17:57:06+00:00\" \/>\n<meta property=\"article:modified_time\" content=\"2018-01-15T14:20:08+00:00\" \/>\n<meta property=\"og:image\" content=\"https:\/\/biblioteca.blanes.cat\/salajove\/wp-content\/uploads\/sites\/3\/2017\/10\/Destacat_rac\u00f3_Paula.png\" \/>\n\t<meta property=\"og:image:width\" content=\"3719\" \/>\n\t<meta property=\"og:image:height\" content=\"2265\" \/>\n\t<meta property=\"og:image:type\" content=\"image\/png\" \/>\n<meta name=\"author\" content=\"paula\" \/>\n<meta name=\"twitter:card\" content=\"summary_large_image\" \/>\n<meta name=\"twitter:creator\" content=\"@BiblioBlanes\" \/>\n<meta name=\"twitter:site\" content=\"@BiblioBlanes\" \/>\n<meta name=\"twitter:label1\" content=\"Escrit per\" \/>\n\t<meta name=\"twitter:data1\" content=\"paula\" \/>\n\t<meta name=\"twitter:label2\" content=\"Temps estimat de lectura\" \/>\n\t<meta name=\"twitter:data2\" content=\"3 minuts\" \/>\n<script type=\"application\/ld+json\" class=\"yoast-schema-graph\">{\"@context\":\"https:\\\/\\\/schema.org\",\"@graph\":[{\"@type\":\"Article\",\"@id\":\"https:\\\/\\\/biblioteca.blanes.cat\\\/salajove\\\/2018\\\/01\\\/11\\\/809\\\/#article\",\"isPartOf\":{\"@id\":\"https:\\\/\\\/biblioteca.blanes.cat\\\/salajove\\\/2018\\\/01\\\/11\\\/809\\\/\"},\"author\":{\"name\":\"paula\",\"@id\":\"https:\\\/\\\/biblioteca.blanes.cat\\\/salajove\\\/#\\\/schema\\\/person\\\/8dbc45cdf5d1c7e2d100d147517ba7f3\"},\"headline\":\"LA CINQUENA ONADA de Rick Yancey\",\"datePublished\":\"2018-01-11T17:57:06+00:00\",\"dateModified\":\"2018-01-15T14:20:08+00:00\",\"mainEntityOfPage\":{\"@id\":\"https:\\\/\\\/biblioteca.blanes.cat\\\/salajove\\\/2018\\\/01\\\/11\\\/809\\\/\"},\"wordCount\":583,\"commentCount\":0,\"publisher\":{\"@id\":\"https:\\\/\\\/biblioteca.blanes.cat\\\/salajove\\\/#organization\"},\"image\":{\"@id\":\"https:\\\/\\\/biblioteca.blanes.cat\\\/salajove\\\/2018\\\/01\\\/11\\\/809\\\/#primaryimage\"},\"thumbnailUrl\":\"https:\\\/\\\/biblioteca.blanes.cat\\\/salajove\\\/wp-content\\\/uploads\\\/sites\\\/3\\\/2017\\\/10\\\/Destacat_rac\u00f3_Paula.png\",\"keywords\":[\"#BlogdeLectura\",\"#ElRac\u00f3delaPaula\",\"#Lectura\",\"#Sinopsi\"],\"articleSection\":[\"Rac\u00f3 de la Paula\",\"RP_Popular\"],\"inLanguage\":\"ca\",\"potentialAction\":[{\"@type\":\"CommentAction\",\"name\":\"Comment\",\"target\":[\"https:\\\/\\\/biblioteca.blanes.cat\\\/salajove\\\/2018\\\/01\\\/11\\\/809\\\/#respond\"]}]},{\"@type\":\"WebPage\",\"@id\":\"https:\\\/\\\/biblioteca.blanes.cat\\\/salajove\\\/2018\\\/01\\\/11\\\/809\\\/\",\"url\":\"https:\\\/\\\/biblioteca.blanes.cat\\\/salajove\\\/2018\\\/01\\\/11\\\/809\\\/\",\"name\":\"LA CINQUENA ONADA de Rick Yancey - Sala Jove\",\"isPartOf\":{\"@id\":\"https:\\\/\\\/biblioteca.blanes.cat\\\/salajove\\\/#website\"},\"primaryImageOfPage\":{\"@id\":\"https:\\\/\\\/biblioteca.blanes.cat\\\/salajove\\\/2018\\\/01\\\/11\\\/809\\\/#primaryimage\"},\"image\":{\"@id\":\"https:\\\/\\\/biblioteca.blanes.cat\\\/salajove\\\/2018\\\/01\\\/11\\\/809\\\/#primaryimage\"},\"thumbnailUrl\":\"https:\\\/\\\/biblioteca.blanes.cat\\\/salajove\\\/wp-content\\\/uploads\\\/sites\\\/3\\\/2017\\\/10\\\/Destacat_rac\u00f3_Paula.png\",\"datePublished\":\"2018-01-11T17:57:06+00:00\",\"dateModified\":\"2018-01-15T14:20:08+00:00\",\"description\":\"Rick Yancey va comen\u00e7ar el seu cam\u00ed com a escriptor amb la novel\u00b7la \u201cLes extraordin\u00e0ries aventures de A. Kropp\u201d. I va seguir amb aquesta enigm\u00e0tica trilogia\",\"breadcrumb\":{\"@id\":\"https:\\\/\\\/biblioteca.blanes.cat\\\/salajove\\\/2018\\\/01\\\/11\\\/809\\\/#breadcrumb\"},\"inLanguage\":\"ca\",\"potentialAction\":[{\"@type\":\"ReadAction\",\"target\":[\"https:\\\/\\\/biblioteca.blanes.cat\\\/salajove\\\/2018\\\/01\\\/11\\\/809\\\/\"]}]},{\"@type\":\"ImageObject\",\"inLanguage\":\"ca\",\"@id\":\"https:\\\/\\\/biblioteca.blanes.cat\\\/salajove\\\/2018\\\/01\\\/11\\\/809\\\/#primaryimage\",\"url\":\"https:\\\/\\\/biblioteca.blanes.cat\\\/salajove\\\/wp-content\\\/uploads\\\/sites\\\/3\\\/2017\\\/10\\\/Destacat_rac\u00f3_Paula.png\",\"contentUrl\":\"https:\\\/\\\/biblioteca.blanes.cat\\\/salajove\\\/wp-content\\\/uploads\\\/sites\\\/3\\\/2017\\\/10\\\/Destacat_rac\u00f3_Paula.png\",\"width\":3719,\"height\":2265,\"caption\":\"Rac\u00f3 de la Paula\"},{\"@type\":\"BreadcrumbList\",\"@id\":\"https:\\\/\\\/biblioteca.blanes.cat\\\/salajove\\\/2018\\\/01\\\/11\\\/809\\\/#breadcrumb\",\"itemListElement\":[{\"@type\":\"ListItem\",\"position\":1,\"name\":\"Inici\",\"item\":\"https:\\\/\\\/biblioteca.blanes.cat\\\/salajove\\\/\"},{\"@type\":\"ListItem\",\"position\":2,\"name\":\"LA CINQUENA ONADA de Rick Yancey\"}]},{\"@type\":\"WebSite\",\"@id\":\"https:\\\/\\\/biblioteca.blanes.cat\\\/salajove\\\/#website\",\"url\":\"https:\\\/\\\/biblioteca.blanes.cat\\\/salajove\\\/\",\"name\":\"Sala Jove\",\"description\":\"Biblioteca Comarcal de Blanes\",\"publisher\":{\"@id\":\"https:\\\/\\\/biblioteca.blanes.cat\\\/salajove\\\/#organization\"},\"potentialAction\":[{\"@type\":\"SearchAction\",\"target\":{\"@type\":\"EntryPoint\",\"urlTemplate\":\"https:\\\/\\\/biblioteca.blanes.cat\\\/salajove\\\/?s={search_term_string}\"},\"query-input\":{\"@type\":\"PropertyValueSpecification\",\"valueRequired\":true,\"valueName\":\"search_term_string\"}}],\"inLanguage\":\"ca\"},{\"@type\":\"Organization\",\"@id\":\"https:\\\/\\\/biblioteca.blanes.cat\\\/salajove\\\/#organization\",\"name\":\"Biblioteca Comarcal de Blanes\",\"url\":\"https:\\\/\\\/biblioteca.blanes.cat\\\/salajove\\\/\",\"logo\":{\"@type\":\"ImageObject\",\"inLanguage\":\"ca\",\"@id\":\"https:\\\/\\\/biblioteca.blanes.cat\\\/salajove\\\/#\\\/schema\\\/logo\\\/image\\\/\",\"url\":\"https:\\\/\\\/biblioteca.blanes.cat\\\/salajove\\\/wp-content\\\/uploads\\\/sites\\\/3\\\/2017\\\/09\\\/cropped-Bib-blau-e1518869380535.png\",\"contentUrl\":\"https:\\\/\\\/biblioteca.blanes.cat\\\/salajove\\\/wp-content\\\/uploads\\\/sites\\\/3\\\/2017\\\/09\\\/cropped-Bib-blau-e1518869380535.png\",\"width\":166,\"height\":166,\"caption\":\"Biblioteca Comarcal de Blanes\"},\"image\":{\"@id\":\"https:\\\/\\\/biblioteca.blanes.cat\\\/salajove\\\/#\\\/schema\\\/logo\\\/image\\\/\"},\"sameAs\":[\"https:\\\/\\\/www.facebook.com\\\/BilbiotecaComarcaldeBlanes\\\/\",\"https:\\\/\\\/x.com\\\/BiblioBlanes\",\"https:\\\/\\\/www.instagram.com\\\/biblioblanes\\\/\",\"https:\\\/\\\/www.pinterest.es\\\/bblanes\\\/\",\"https:\\\/\\\/www.youtube.com\\\/c\\\/BibliotecaComarcalBlanes\"]},{\"@type\":\"Person\",\"@id\":\"https:\\\/\\\/biblioteca.blanes.cat\\\/salajove\\\/#\\\/schema\\\/person\\\/8dbc45cdf5d1c7e2d100d147517ba7f3\",\"name\":\"paula\",\"image\":{\"@type\":\"ImageObject\",\"inLanguage\":\"ca\",\"@id\":\"https:\\\/\\\/secure.gravatar.com\\\/avatar\\\/7dc0a9399589f36ddc6864e8335b73854871aa22921ee390cb50776e7ddfc136?s=96&d=mm&r=g\",\"url\":\"https:\\\/\\\/secure.gravatar.com\\\/avatar\\\/7dc0a9399589f36ddc6864e8335b73854871aa22921ee390cb50776e7ddfc136?s=96&d=mm&r=g\",\"contentUrl\":\"https:\\\/\\\/secure.gravatar.com\\\/avatar\\\/7dc0a9399589f36ddc6864e8335b73854871aa22921ee390cb50776e7ddfc136?s=96&d=mm&r=g\",\"caption\":\"paula\"},\"url\":\"https:\\\/\\\/biblioteca.blanes.cat\\\/salajove\\\/author\\\/paula\\\/\"}]}<\/script>\n<!-- \/ Yoast SEO plugin. -->","yoast_head_json":{"title":"LA CINQUENA ONADA de Rick Yancey - Sala Jove","description":"Rick Yancey va comen\u00e7ar el seu cam\u00ed com a escriptor amb la novel\u00b7la \u201cLes extraordin\u00e0ries aventures de A. Kropp\u201d. I va seguir amb aquesta enigm\u00e0tica trilogia","robots":{"index":"index","follow":"follow","max-snippet":"max-snippet:-1","max-image-preview":"max-image-preview:large","max-video-preview":"max-video-preview:-1"},"canonical":"https:\/\/biblioteca.blanes.cat\/salajove\/2018\/01\/11\/809\/","og_locale":"ca_ES","og_type":"article","og_title":"LA CINQUENA ONADA de Rick Yancey - Sala Jove","og_description":"Rick Yancey va comen\u00e7ar el seu cam\u00ed com a escriptor amb la novel\u00b7la \u201cLes extraordin\u00e0ries aventures de A. Kropp\u201d. I va seguir amb aquesta enigm\u00e0tica trilogia","og_url":"https:\/\/biblioteca.blanes.cat\/salajove\/2018\/01\/11\/809\/","og_site_name":"Sala Jove","article_publisher":"https:\/\/www.facebook.com\/BilbiotecaComarcaldeBlanes\/","article_published_time":"2018-01-11T17:57:06+00:00","article_modified_time":"2018-01-15T14:20:08+00:00","og_image":[{"width":3719,"height":2265,"url":"https:\/\/biblioteca.blanes.cat\/salajove\/wp-content\/uploads\/sites\/3\/2017\/10\/Destacat_rac\u00f3_Paula.png","type":"image\/png"}],"author":"paula","twitter_card":"summary_large_image","twitter_creator":"@BiblioBlanes","twitter_site":"@BiblioBlanes","twitter_misc":{"Escrit per":"paula","Temps estimat de lectura":"3 minuts"},"schema":{"@context":"https:\/\/schema.org","@graph":[{"@type":"Article","@id":"https:\/\/biblioteca.blanes.cat\/salajove\/2018\/01\/11\/809\/#article","isPartOf":{"@id":"https:\/\/biblioteca.blanes.cat\/salajove\/2018\/01\/11\/809\/"},"author":{"name":"paula","@id":"https:\/\/biblioteca.blanes.cat\/salajove\/#\/schema\/person\/8dbc45cdf5d1c7e2d100d147517ba7f3"},"headline":"LA CINQUENA ONADA de Rick Yancey","datePublished":"2018-01-11T17:57:06+00:00","dateModified":"2018-01-15T14:20:08+00:00","mainEntityOfPage":{"@id":"https:\/\/biblioteca.blanes.cat\/salajove\/2018\/01\/11\/809\/"},"wordCount":583,"commentCount":0,"publisher":{"@id":"https:\/\/biblioteca.blanes.cat\/salajove\/#organization"},"image":{"@id":"https:\/\/biblioteca.blanes.cat\/salajove\/2018\/01\/11\/809\/#primaryimage"},"thumbnailUrl":"https:\/\/biblioteca.blanes.cat\/salajove\/wp-content\/uploads\/sites\/3\/2017\/10\/Destacat_rac\u00f3_Paula.png","keywords":["#BlogdeLectura","#ElRac\u00f3delaPaula","#Lectura","#Sinopsi"],"articleSection":["Rac\u00f3 de la Paula","RP_Popular"],"inLanguage":"ca","potentialAction":[{"@type":"CommentAction","name":"Comment","target":["https:\/\/biblioteca.blanes.cat\/salajove\/2018\/01\/11\/809\/#respond"]}]},{"@type":"WebPage","@id":"https:\/\/biblioteca.blanes.cat\/salajove\/2018\/01\/11\/809\/","url":"https:\/\/biblioteca.blanes.cat\/salajove\/2018\/01\/11\/809\/","name":"LA CINQUENA ONADA de Rick Yancey - Sala Jove","isPartOf":{"@id":"https:\/\/biblioteca.blanes.cat\/salajove\/#website"},"primaryImageOfPage":{"@id":"https:\/\/biblioteca.blanes.cat\/salajove\/2018\/01\/11\/809\/#primaryimage"},"image":{"@id":"https:\/\/biblioteca.blanes.cat\/salajove\/2018\/01\/11\/809\/#primaryimage"},"thumbnailUrl":"https:\/\/biblioteca.blanes.cat\/salajove\/wp-content\/uploads\/sites\/3\/2017\/10\/Destacat_rac\u00f3_Paula.png","datePublished":"2018-01-11T17:57:06+00:00","dateModified":"2018-01-15T14:20:08+00:00","description":"Rick Yancey va comen\u00e7ar el seu cam\u00ed com a escriptor amb la novel\u00b7la \u201cLes extraordin\u00e0ries aventures de A. Kropp\u201d. I va seguir amb aquesta enigm\u00e0tica trilogia","breadcrumb":{"@id":"https:\/\/biblioteca.blanes.cat\/salajove\/2018\/01\/11\/809\/#breadcrumb"},"inLanguage":"ca","potentialAction":[{"@type":"ReadAction","target":["https:\/\/biblioteca.blanes.cat\/salajove\/2018\/01\/11\/809\/"]}]},{"@type":"ImageObject","inLanguage":"ca","@id":"https:\/\/biblioteca.blanes.cat\/salajove\/2018\/01\/11\/809\/#primaryimage","url":"https:\/\/biblioteca.blanes.cat\/salajove\/wp-content\/uploads\/sites\/3\/2017\/10\/Destacat_rac\u00f3_Paula.png","contentUrl":"https:\/\/biblioteca.blanes.cat\/salajove\/wp-content\/uploads\/sites\/3\/2017\/10\/Destacat_rac\u00f3_Paula.png","width":3719,"height":2265,"caption":"Rac\u00f3 de la Paula"},{"@type":"BreadcrumbList","@id":"https:\/\/biblioteca.blanes.cat\/salajove\/2018\/01\/11\/809\/#breadcrumb","itemListElement":[{"@type":"ListItem","position":1,"name":"Inici","item":"https:\/\/biblioteca.blanes.cat\/salajove\/"},{"@type":"ListItem","position":2,"name":"LA CINQUENA ONADA de Rick Yancey"}]},{"@type":"WebSite","@id":"https:\/\/biblioteca.blanes.cat\/salajove\/#website","url":"https:\/\/biblioteca.blanes.cat\/salajove\/","name":"Sala Jove","description":"Biblioteca Comarcal de Blanes","publisher":{"@id":"https:\/\/biblioteca.blanes.cat\/salajove\/#organization"},"potentialAction":[{"@type":"SearchAction","target":{"@type":"EntryPoint","urlTemplate":"https:\/\/biblioteca.blanes.cat\/salajove\/?s={search_term_string}"},"query-input":{"@type":"PropertyValueSpecification","valueRequired":true,"valueName":"search_term_string"}}],"inLanguage":"ca"},{"@type":"Organization","@id":"https:\/\/biblioteca.blanes.cat\/salajove\/#organization","name":"Biblioteca Comarcal de Blanes","url":"https:\/\/biblioteca.blanes.cat\/salajove\/","logo":{"@type":"ImageObject","inLanguage":"ca","@id":"https:\/\/biblioteca.blanes.cat\/salajove\/#\/schema\/logo\/image\/","url":"https:\/\/biblioteca.blanes.cat\/salajove\/wp-content\/uploads\/sites\/3\/2017\/09\/cropped-Bib-blau-e1518869380535.png","contentUrl":"https:\/\/biblioteca.blanes.cat\/salajove\/wp-content\/uploads\/sites\/3\/2017\/09\/cropped-Bib-blau-e1518869380535.png","width":166,"height":166,"caption":"Biblioteca Comarcal de Blanes"},"image":{"@id":"https:\/\/biblioteca.blanes.cat\/salajove\/#\/schema\/logo\/image\/"},"sameAs":["https:\/\/www.facebook.com\/BilbiotecaComarcaldeBlanes\/","https:\/\/x.com\/BiblioBlanes","https:\/\/www.instagram.com\/biblioblanes\/","https:\/\/www.pinterest.es\/bblanes\/","https:\/\/www.youtube.com\/c\/BibliotecaComarcalBlanes"]},{"@type":"Person","@id":"https:\/\/biblioteca.blanes.cat\/salajove\/#\/schema\/person\/8dbc45cdf5d1c7e2d100d147517ba7f3","name":"paula","image":{"@type":"ImageObject","inLanguage":"ca","@id":"https:\/\/secure.gravatar.com\/avatar\/7dc0a9399589f36ddc6864e8335b73854871aa22921ee390cb50776e7ddfc136?s=96&d=mm&r=g","url":"https:\/\/secure.gravatar.com\/avatar\/7dc0a9399589f36ddc6864e8335b73854871aa22921ee390cb50776e7ddfc136?s=96&d=mm&r=g","contentUrl":"https:\/\/secure.gravatar.com\/avatar\/7dc0a9399589f36ddc6864e8335b73854871aa22921ee390cb50776e7ddfc136?s=96&d=mm&r=g","caption":"paula"},"url":"https:\/\/biblioteca.blanes.cat\/salajove\/author\/paula\/"}]}},"_links":{"self":[{"href":"https:\/\/biblioteca.blanes.cat\/salajove\/wp-json\/wp\/v2\/posts\/809","targetHints":{"allow":["GET"]}}],"collection":[{"href":"https:\/\/biblioteca.blanes.cat\/salajove\/wp-json\/wp\/v2\/posts"}],"about":[{"href":"https:\/\/biblioteca.blanes.cat\/salajove\/wp-json\/wp\/v2\/types\/post"}],"author":[{"embeddable":true,"href":"https:\/\/biblioteca.blanes.cat\/salajove\/wp-json\/wp\/v2\/users\/6"}],"replies":[{"embeddable":true,"href":"https:\/\/biblioteca.blanes.cat\/salajove\/wp-json\/wp\/v2\/comments?post=809"}],"version-history":[{"count":5,"href":"https:\/\/biblioteca.blanes.cat\/salajove\/wp-json\/wp\/v2\/posts\/809\/revisions"}],"predecessor-version":[{"id":828,"href":"https:\/\/biblioteca.blanes.cat\/salajove\/wp-json\/wp\/v2\/posts\/809\/revisions\/828"}],"wp:featuredmedia":[{"embeddable":true,"href":"https:\/\/biblioteca.blanes.cat\/salajove\/wp-json\/wp\/v2\/media\/154"}],"wp:attachment":[{"href":"https:\/\/biblioteca.blanes.cat\/salajove\/wp-json\/wp\/v2\/media?parent=809"}],"wp:term":[{"taxonomy":"category","embeddable":true,"href":"https:\/\/biblioteca.blanes.cat\/salajove\/wp-json\/wp\/v2\/categories?post=809"},{"taxonomy":"post_tag","embeddable":true,"href":"https:\/\/biblioteca.blanes.cat\/salajove\/wp-json\/wp\/v2\/tags?post=809"}],"curies":[{"name":"wp","href":"https:\/\/api.w.org\/{rel}","templated":true}]}}