{"id":803,"date":"2018-01-11T18:46:02","date_gmt":"2018-01-11T17:46:02","guid":{"rendered":"https:\/\/biblioteca.blanes.cat\/salajove\/?p=803"},"modified":"2018-01-15T15:19:27","modified_gmt":"2018-01-15T14:19:27","slug":"after-anna-todd","status":"publish","type":"post","link":"https:\/\/biblioteca.blanes.cat\/salajove\/2018\/01\/11\/after-anna-todd\/","title":{"rendered":"AFTER de Anna Todd"},"content":{"rendered":"<p>Anna Todd \u00e9s una jove escriptora nordamericana, que ha triomfat mundialment a trav\u00e9s d\u2019una plataforma digital gratu\u00efta de lectura, Wattpad. \u00c9s una app que et permet llegir el llibre i comentar-lo a trav\u00e9s de les xarxes socials.<\/p>\n<p>Milions d\u2019usuaris van llegir el seu primer llibre, \u201cOn tot comen\u00e7a\u201d, en aquesta plataforma.<\/p>\n<p>Us confesso que a mi m\u2019agrada m\u00e9s poder tocar el llibre, passar les fulles.\u00a0 Enamorar-me de la portada, portar-lo sempre al damunt com si fos una segona pell. Amagar-me da<img fetchpriority=\"high\" decoding=\"async\" class=\"alignright\" src=\"https:\/\/imagessl3.casadellibro.com\/a\/l\/t0\/23\/9788466419123.jpg\" width=\"218\" height=\"334\" \/>rrera d\u2019ell si cal, i fins i tot m\u2019agrada olorar-lo. No s\u00e9 per qu\u00e8. Coses meves.<\/p>\n<p>\u201cAfter\u201d \u00e9s una saga de 5 llibres, \u201cOn tot comen\u00e7a\u201d \u00e9s el primer. \u00c9s una bona amanida de misteri, humor, drama, romanticisme i conflictes familiars tot ben barrejat i servit de la m\u00e0 de la Tessa, la nostra protagonista.<\/p>\n<p>La Tessa \u00e9s una universit\u00e0ria molt calculadora, controladora i encaparrada en no decebre a la seva exigent mare (com totes les mares que conec&#8230;) Tots els seus esquemes es trenquen quan coneix a en Hardin, i viu una hist\u00f2ria plena d\u2019amor i felicitat&#8230; Fins que tots els secrets surten a la llum.<\/p>\n<p>No em puc aguantar dir-vos que el final m\u2019ha sorpr\u00e8s molt\u00edssim!! Quan arribes al final d\u2019un llibre i et quedes amb la boca oberta, res \u00e9s el que pensaves, i et llegeixes mil vegades el final perqu\u00e8 no vols que s\u2019acabi, \u00e9s una sensaci\u00f3 al\u00b7lucinant que tothom hauria de viure!!<\/p>\n<h2 style=\"text-align: center;\">Us vull destacar l\u2019humor que hi ha en aquest llibre. La barreja de una persona sensible, senzilla i educada (Tessa) amb una persona mal educada, espont\u00e0nia i visceral (Hardin), formen situacions molt divertides que em van fer pixar de riure.<\/h2>\n<p>M\u2019ha agradat molt el detall, que als dos protagonistes els hi agrada llegir novel\u00b7les angleses&#8230; Com a mi!!! Fins i tot la seva hist\u00f2ria d\u2019amor es compara amb les hist\u00f2ries de \u201cCims Borrascosos\u201d (Catherine i en Heathcliff), \u201cOrgull i Prejudici\u201d (Elisabeth i Mr.Darcy) i \u201cJane Eyre\u201d (Jane i Mr. Rochester)!!!<\/p>\n<p>Els altres quatre llibres estan tamb\u00e9 relacionats amb la hist\u00f2ria d\u2019amor de la Tessa i en Hardin ( 1. \u201cOn tot comen\u00e7a\u201d, 2. \u201cEn mil bocins\u201d, 3. \u201c\u00c0nimes perdudes\u201d, 4. \u201cCamins creuats\u201d, 5. \u201cBefore\u201d)<\/p>\n<p>I ara unes an\u00e8cdotes:<\/p>\n<p>*Anna Todd \u00e9s una jove escriptora que viu a Austin amb el seu marit, amb qui es va casar un mes despr\u00e9s de graduar-se.<\/p>\n<p>*El seu marit \u00e9s un soldat nord-americ\u00e0 que va estar lluitant a la Guerra d\u2019Iraq tres cops.<\/p>\n<p>*Durant tot el temps que el seu marit estava a Irak l\u2019Anna Todd feia feines diverses, vendre maquillatge, treballar a oficines&#8230; Li agrada la lectura i les hist\u00f2ries d\u2019amor, i combinant les dos coses l\u2019Anna ha trobat el que l\u2019apassiona: escriure novel\u00b7les rom\u00e0ntiques.<\/p>\n<p>*Segur que ja sabeu que el personatge d\u2019en Hardin est\u00e0 inspirat en Harry Styles que \u00e9s un dels cantants del grup One Direction (cabells llargs, tatuatges&#8230;) tots hem escoltat les seves can\u00e7ons i a alguns ens han agradat i molt&#8230;<\/p>\n<p>*Despr\u00e9s de l\u2019\u00e8xit que ha tingut la saga \u201cAfter\u201d, la Paramount est\u00e0 preparant la pel\u00b7l\u00edcula del primer llibre, \u201cOn tot comen\u00e7a\u201d.<\/p>\n<p>*\u00c9s possible que en Harry Styles faci el paper d\u2019en Hardin a la pel\u00b7l\u00edcula (ja m\u2019agradaria&#8230;)<\/p>\n<p>Ens trobarem a la cua del cine per veure la&#8230;. (per\u00f2 llegiu-vos el llibre abans&#8230;)<\/p>\n","protected":false},"excerpt":{"rendered":"<p>Anna Todd \u00e9s una jove escriptora nordamericana, que ha triomfat mundialment a trav\u00e9s d\u2019una plataforma digital gratu\u00efta de lectura, Wattpad. \u00c9s una app que et permet llegir el llibre i comentar-lo a trav\u00e9s de les xarxes socials. Milions d\u2019usuaris van<\/p>\n","protected":false},"author":6,"featured_media":154,"comment_status":"open","ping_status":"open","sticky":false,"template":"","format":"standard","meta":{"sfsi_plus_gutenberg_text_before_share":"","sfsi_plus_gutenberg_show_text_before_share":"","sfsi_plus_gutenberg_icon_type":"","sfsi_plus_gutenberg_icon_alignemt":"","sfsi_plus_gutenburg_max_per_row":"","footnotes":""},"categories":[9,12],"tags":[34,33,21,23],"class_list":["post-803","post","type-post","status-publish","format-standard","has-post-thumbnail","hentry","category-raco-de-la-paula","category-popular","tag-blog-de-lectura","tag-el-raco-de-la-paula","tag-llibres","tag-sinopsi"],"yoast_head":"<!-- This site is optimized with the Yoast SEO plugin v27.5 - https:\/\/yoast.com\/product\/yoast-seo-wordpress\/ -->\n<title>El Rac\u00f3 de la Paula: AFTER de Anna Todd - Sala Jove<\/title>\n<meta name=\"description\" content=\"Anna Todd ens ofereix una bona amanida de misteri, humor, drama, romanticisme i conflictes familiars tot ben barrejat i servit de la m\u00e0 de la Tessa.\" \/>\n<meta name=\"robots\" content=\"index, follow, max-snippet:-1, max-image-preview:large, max-video-preview:-1\" \/>\n<link rel=\"canonical\" href=\"https:\/\/biblioteca.blanes.cat\/salajove\/2018\/01\/11\/after-anna-todd\/\" \/>\n<meta property=\"og:locale\" content=\"ca_ES\" \/>\n<meta property=\"og:type\" content=\"article\" \/>\n<meta property=\"og:title\" content=\"El Rac\u00f3 de la Paula: AFTER de Anna Todd - Sala Jove\" \/>\n<meta property=\"og:description\" content=\"Anna Todd ens ofereix una bona amanida de misteri, humor, drama, romanticisme i conflictes familiars tot ben barrejat i servit de la m\u00e0 de la Tessa.\" \/>\n<meta property=\"og:url\" content=\"https:\/\/biblioteca.blanes.cat\/salajove\/2018\/01\/11\/after-anna-todd\/\" \/>\n<meta property=\"og:site_name\" content=\"Sala Jove\" \/>\n<meta property=\"article:publisher\" content=\"https:\/\/www.facebook.com\/BilbiotecaComarcaldeBlanes\/\" \/>\n<meta property=\"article:published_time\" content=\"2018-01-11T17:46:02+00:00\" \/>\n<meta property=\"article:modified_time\" content=\"2018-01-15T14:19:27+00:00\" \/>\n<meta property=\"og:image\" content=\"https:\/\/biblioteca.blanes.cat\/salajove\/wp-content\/uploads\/sites\/3\/2017\/10\/Destacat_rac\u00f3_Paula.png\" \/>\n\t<meta property=\"og:image:width\" content=\"3719\" \/>\n\t<meta property=\"og:image:height\" content=\"2265\" \/>\n\t<meta property=\"og:image:type\" content=\"image\/png\" \/>\n<meta name=\"author\" content=\"paula\" \/>\n<meta name=\"twitter:card\" content=\"summary_large_image\" \/>\n<meta name=\"twitter:creator\" content=\"@BiblioBlanes\" \/>\n<meta name=\"twitter:site\" content=\"@BiblioBlanes\" \/>\n<meta name=\"twitter:label1\" content=\"Escrit per\" \/>\n\t<meta name=\"twitter:data1\" content=\"paula\" \/>\n\t<meta name=\"twitter:label2\" content=\"Temps estimat de lectura\" \/>\n\t<meta name=\"twitter:data2\" content=\"3 minuts\" \/>\n<script type=\"application\/ld+json\" class=\"yoast-schema-graph\">{\"@context\":\"https:\\\/\\\/schema.org\",\"@graph\":[{\"@type\":\"Article\",\"@id\":\"https:\\\/\\\/biblioteca.blanes.cat\\\/salajove\\\/2018\\\/01\\\/11\\\/after-anna-todd\\\/#article\",\"isPartOf\":{\"@id\":\"https:\\\/\\\/biblioteca.blanes.cat\\\/salajove\\\/2018\\\/01\\\/11\\\/after-anna-todd\\\/\"},\"author\":{\"name\":\"paula\",\"@id\":\"https:\\\/\\\/biblioteca.blanes.cat\\\/salajove\\\/#\\\/schema\\\/person\\\/8dbc45cdf5d1c7e2d100d147517ba7f3\"},\"headline\":\"AFTER de Anna Todd\",\"datePublished\":\"2018-01-11T17:46:02+00:00\",\"dateModified\":\"2018-01-15T14:19:27+00:00\",\"mainEntityOfPage\":{\"@id\":\"https:\\\/\\\/biblioteca.blanes.cat\\\/salajove\\\/2018\\\/01\\\/11\\\/after-anna-todd\\\/\"},\"wordCount\":590,\"commentCount\":0,\"publisher\":{\"@id\":\"https:\\\/\\\/biblioteca.blanes.cat\\\/salajove\\\/#organization\"},\"image\":{\"@id\":\"https:\\\/\\\/biblioteca.blanes.cat\\\/salajove\\\/2018\\\/01\\\/11\\\/after-anna-todd\\\/#primaryimage\"},\"thumbnailUrl\":\"https:\\\/\\\/biblioteca.blanes.cat\\\/salajove\\\/wp-content\\\/uploads\\\/sites\\\/3\\\/2017\\\/10\\\/Destacat_rac\u00f3_Paula.png\",\"keywords\":[\"#BlogdeLectura\",\"#ElRac\u00f3delaPaula\",\"#Llibres\",\"#Sinopsi\"],\"articleSection\":[\"Rac\u00f3 de la Paula\",\"RP_Popular\"],\"inLanguage\":\"ca\",\"potentialAction\":[{\"@type\":\"CommentAction\",\"name\":\"Comment\",\"target\":[\"https:\\\/\\\/biblioteca.blanes.cat\\\/salajove\\\/2018\\\/01\\\/11\\\/after-anna-todd\\\/#respond\"]}]},{\"@type\":\"WebPage\",\"@id\":\"https:\\\/\\\/biblioteca.blanes.cat\\\/salajove\\\/2018\\\/01\\\/11\\\/after-anna-todd\\\/\",\"url\":\"https:\\\/\\\/biblioteca.blanes.cat\\\/salajove\\\/2018\\\/01\\\/11\\\/after-anna-todd\\\/\",\"name\":\"El Rac\u00f3 de la Paula: AFTER de Anna Todd - Sala Jove\",\"isPartOf\":{\"@id\":\"https:\\\/\\\/biblioteca.blanes.cat\\\/salajove\\\/#website\"},\"primaryImageOfPage\":{\"@id\":\"https:\\\/\\\/biblioteca.blanes.cat\\\/salajove\\\/2018\\\/01\\\/11\\\/after-anna-todd\\\/#primaryimage\"},\"image\":{\"@id\":\"https:\\\/\\\/biblioteca.blanes.cat\\\/salajove\\\/2018\\\/01\\\/11\\\/after-anna-todd\\\/#primaryimage\"},\"thumbnailUrl\":\"https:\\\/\\\/biblioteca.blanes.cat\\\/salajove\\\/wp-content\\\/uploads\\\/sites\\\/3\\\/2017\\\/10\\\/Destacat_rac\u00f3_Paula.png\",\"datePublished\":\"2018-01-11T17:46:02+00:00\",\"dateModified\":\"2018-01-15T14:19:27+00:00\",\"description\":\"Anna Todd ens ofereix una bona amanida de misteri, humor, drama, romanticisme i conflictes familiars tot ben barrejat i servit de la m\u00e0 de la Tessa.\",\"breadcrumb\":{\"@id\":\"https:\\\/\\\/biblioteca.blanes.cat\\\/salajove\\\/2018\\\/01\\\/11\\\/after-anna-todd\\\/#breadcrumb\"},\"inLanguage\":\"ca\",\"potentialAction\":[{\"@type\":\"ReadAction\",\"target\":[\"https:\\\/\\\/biblioteca.blanes.cat\\\/salajove\\\/2018\\\/01\\\/11\\\/after-anna-todd\\\/\"]}]},{\"@type\":\"ImageObject\",\"inLanguage\":\"ca\",\"@id\":\"https:\\\/\\\/biblioteca.blanes.cat\\\/salajove\\\/2018\\\/01\\\/11\\\/after-anna-todd\\\/#primaryimage\",\"url\":\"https:\\\/\\\/biblioteca.blanes.cat\\\/salajove\\\/wp-content\\\/uploads\\\/sites\\\/3\\\/2017\\\/10\\\/Destacat_rac\u00f3_Paula.png\",\"contentUrl\":\"https:\\\/\\\/biblioteca.blanes.cat\\\/salajove\\\/wp-content\\\/uploads\\\/sites\\\/3\\\/2017\\\/10\\\/Destacat_rac\u00f3_Paula.png\",\"width\":3719,\"height\":2265,\"caption\":\"Rac\u00f3 de la Paula\"},{\"@type\":\"BreadcrumbList\",\"@id\":\"https:\\\/\\\/biblioteca.blanes.cat\\\/salajove\\\/2018\\\/01\\\/11\\\/after-anna-todd\\\/#breadcrumb\",\"itemListElement\":[{\"@type\":\"ListItem\",\"position\":1,\"name\":\"Inici\",\"item\":\"https:\\\/\\\/biblioteca.blanes.cat\\\/salajove\\\/\"},{\"@type\":\"ListItem\",\"position\":2,\"name\":\"AFTER de Anna Todd\"}]},{\"@type\":\"WebSite\",\"@id\":\"https:\\\/\\\/biblioteca.blanes.cat\\\/salajove\\\/#website\",\"url\":\"https:\\\/\\\/biblioteca.blanes.cat\\\/salajove\\\/\",\"name\":\"Sala Jove\",\"description\":\"Biblioteca Comarcal de Blanes\",\"publisher\":{\"@id\":\"https:\\\/\\\/biblioteca.blanes.cat\\\/salajove\\\/#organization\"},\"potentialAction\":[{\"@type\":\"SearchAction\",\"target\":{\"@type\":\"EntryPoint\",\"urlTemplate\":\"https:\\\/\\\/biblioteca.blanes.cat\\\/salajove\\\/?s={search_term_string}\"},\"query-input\":{\"@type\":\"PropertyValueSpecification\",\"valueRequired\":true,\"valueName\":\"search_term_string\"}}],\"inLanguage\":\"ca\"},{\"@type\":\"Organization\",\"@id\":\"https:\\\/\\\/biblioteca.blanes.cat\\\/salajove\\\/#organization\",\"name\":\"Biblioteca Comarcal de Blanes\",\"url\":\"https:\\\/\\\/biblioteca.blanes.cat\\\/salajove\\\/\",\"logo\":{\"@type\":\"ImageObject\",\"inLanguage\":\"ca\",\"@id\":\"https:\\\/\\\/biblioteca.blanes.cat\\\/salajove\\\/#\\\/schema\\\/logo\\\/image\\\/\",\"url\":\"https:\\\/\\\/biblioteca.blanes.cat\\\/salajove\\\/wp-content\\\/uploads\\\/sites\\\/3\\\/2017\\\/09\\\/cropped-Bib-blau-e1518869380535.png\",\"contentUrl\":\"https:\\\/\\\/biblioteca.blanes.cat\\\/salajove\\\/wp-content\\\/uploads\\\/sites\\\/3\\\/2017\\\/09\\\/cropped-Bib-blau-e1518869380535.png\",\"width\":166,\"height\":166,\"caption\":\"Biblioteca Comarcal de Blanes\"},\"image\":{\"@id\":\"https:\\\/\\\/biblioteca.blanes.cat\\\/salajove\\\/#\\\/schema\\\/logo\\\/image\\\/\"},\"sameAs\":[\"https:\\\/\\\/www.facebook.com\\\/BilbiotecaComarcaldeBlanes\\\/\",\"https:\\\/\\\/x.com\\\/BiblioBlanes\",\"https:\\\/\\\/www.instagram.com\\\/biblioblanes\\\/\",\"https:\\\/\\\/www.pinterest.es\\\/bblanes\\\/\",\"https:\\\/\\\/www.youtube.com\\\/c\\\/BibliotecaComarcalBlanes\"]},{\"@type\":\"Person\",\"@id\":\"https:\\\/\\\/biblioteca.blanes.cat\\\/salajove\\\/#\\\/schema\\\/person\\\/8dbc45cdf5d1c7e2d100d147517ba7f3\",\"name\":\"paula\",\"image\":{\"@type\":\"ImageObject\",\"inLanguage\":\"ca\",\"@id\":\"https:\\\/\\\/secure.gravatar.com\\\/avatar\\\/7dc0a9399589f36ddc6864e8335b73854871aa22921ee390cb50776e7ddfc136?s=96&d=mm&r=g\",\"url\":\"https:\\\/\\\/secure.gravatar.com\\\/avatar\\\/7dc0a9399589f36ddc6864e8335b73854871aa22921ee390cb50776e7ddfc136?s=96&d=mm&r=g\",\"contentUrl\":\"https:\\\/\\\/secure.gravatar.com\\\/avatar\\\/7dc0a9399589f36ddc6864e8335b73854871aa22921ee390cb50776e7ddfc136?s=96&d=mm&r=g\",\"caption\":\"paula\"},\"url\":\"https:\\\/\\\/biblioteca.blanes.cat\\\/salajove\\\/author\\\/paula\\\/\"}]}<\/script>\n<!-- \/ Yoast SEO plugin. -->","yoast_head_json":{"title":"El Rac\u00f3 de la Paula: AFTER de Anna Todd - Sala Jove","description":"Anna Todd ens ofereix una bona amanida de misteri, humor, drama, romanticisme i conflictes familiars tot ben barrejat i servit de la m\u00e0 de la Tessa.","robots":{"index":"index","follow":"follow","max-snippet":"max-snippet:-1","max-image-preview":"max-image-preview:large","max-video-preview":"max-video-preview:-1"},"canonical":"https:\/\/biblioteca.blanes.cat\/salajove\/2018\/01\/11\/after-anna-todd\/","og_locale":"ca_ES","og_type":"article","og_title":"El Rac\u00f3 de la Paula: AFTER de Anna Todd - Sala Jove","og_description":"Anna Todd ens ofereix una bona amanida de misteri, humor, drama, romanticisme i conflictes familiars tot ben barrejat i servit de la m\u00e0 de la Tessa.","og_url":"https:\/\/biblioteca.blanes.cat\/salajove\/2018\/01\/11\/after-anna-todd\/","og_site_name":"Sala Jove","article_publisher":"https:\/\/www.facebook.com\/BilbiotecaComarcaldeBlanes\/","article_published_time":"2018-01-11T17:46:02+00:00","article_modified_time":"2018-01-15T14:19:27+00:00","og_image":[{"width":3719,"height":2265,"url":"https:\/\/biblioteca.blanes.cat\/salajove\/wp-content\/uploads\/sites\/3\/2017\/10\/Destacat_rac\u00f3_Paula.png","type":"image\/png"}],"author":"paula","twitter_card":"summary_large_image","twitter_creator":"@BiblioBlanes","twitter_site":"@BiblioBlanes","twitter_misc":{"Escrit per":"paula","Temps estimat de lectura":"3 minuts"},"schema":{"@context":"https:\/\/schema.org","@graph":[{"@type":"Article","@id":"https:\/\/biblioteca.blanes.cat\/salajove\/2018\/01\/11\/after-anna-todd\/#article","isPartOf":{"@id":"https:\/\/biblioteca.blanes.cat\/salajove\/2018\/01\/11\/after-anna-todd\/"},"author":{"name":"paula","@id":"https:\/\/biblioteca.blanes.cat\/salajove\/#\/schema\/person\/8dbc45cdf5d1c7e2d100d147517ba7f3"},"headline":"AFTER de Anna Todd","datePublished":"2018-01-11T17:46:02+00:00","dateModified":"2018-01-15T14:19:27+00:00","mainEntityOfPage":{"@id":"https:\/\/biblioteca.blanes.cat\/salajove\/2018\/01\/11\/after-anna-todd\/"},"wordCount":590,"commentCount":0,"publisher":{"@id":"https:\/\/biblioteca.blanes.cat\/salajove\/#organization"},"image":{"@id":"https:\/\/biblioteca.blanes.cat\/salajove\/2018\/01\/11\/after-anna-todd\/#primaryimage"},"thumbnailUrl":"https:\/\/biblioteca.blanes.cat\/salajove\/wp-content\/uploads\/sites\/3\/2017\/10\/Destacat_rac\u00f3_Paula.png","keywords":["#BlogdeLectura","#ElRac\u00f3delaPaula","#Llibres","#Sinopsi"],"articleSection":["Rac\u00f3 de la Paula","RP_Popular"],"inLanguage":"ca","potentialAction":[{"@type":"CommentAction","name":"Comment","target":["https:\/\/biblioteca.blanes.cat\/salajove\/2018\/01\/11\/after-anna-todd\/#respond"]}]},{"@type":"WebPage","@id":"https:\/\/biblioteca.blanes.cat\/salajove\/2018\/01\/11\/after-anna-todd\/","url":"https:\/\/biblioteca.blanes.cat\/salajove\/2018\/01\/11\/after-anna-todd\/","name":"El Rac\u00f3 de la Paula: AFTER de Anna Todd - Sala Jove","isPartOf":{"@id":"https:\/\/biblioteca.blanes.cat\/salajove\/#website"},"primaryImageOfPage":{"@id":"https:\/\/biblioteca.blanes.cat\/salajove\/2018\/01\/11\/after-anna-todd\/#primaryimage"},"image":{"@id":"https:\/\/biblioteca.blanes.cat\/salajove\/2018\/01\/11\/after-anna-todd\/#primaryimage"},"thumbnailUrl":"https:\/\/biblioteca.blanes.cat\/salajove\/wp-content\/uploads\/sites\/3\/2017\/10\/Destacat_rac\u00f3_Paula.png","datePublished":"2018-01-11T17:46:02+00:00","dateModified":"2018-01-15T14:19:27+00:00","description":"Anna Todd ens ofereix una bona amanida de misteri, humor, drama, romanticisme i conflictes familiars tot ben barrejat i servit de la m\u00e0 de la Tessa.","breadcrumb":{"@id":"https:\/\/biblioteca.blanes.cat\/salajove\/2018\/01\/11\/after-anna-todd\/#breadcrumb"},"inLanguage":"ca","potentialAction":[{"@type":"ReadAction","target":["https:\/\/biblioteca.blanes.cat\/salajove\/2018\/01\/11\/after-anna-todd\/"]}]},{"@type":"ImageObject","inLanguage":"ca","@id":"https:\/\/biblioteca.blanes.cat\/salajove\/2018\/01\/11\/after-anna-todd\/#primaryimage","url":"https:\/\/biblioteca.blanes.cat\/salajove\/wp-content\/uploads\/sites\/3\/2017\/10\/Destacat_rac\u00f3_Paula.png","contentUrl":"https:\/\/biblioteca.blanes.cat\/salajove\/wp-content\/uploads\/sites\/3\/2017\/10\/Destacat_rac\u00f3_Paula.png","width":3719,"height":2265,"caption":"Rac\u00f3 de la Paula"},{"@type":"BreadcrumbList","@id":"https:\/\/biblioteca.blanes.cat\/salajove\/2018\/01\/11\/after-anna-todd\/#breadcrumb","itemListElement":[{"@type":"ListItem","position":1,"name":"Inici","item":"https:\/\/biblioteca.blanes.cat\/salajove\/"},{"@type":"ListItem","position":2,"name":"AFTER de Anna Todd"}]},{"@type":"WebSite","@id":"https:\/\/biblioteca.blanes.cat\/salajove\/#website","url":"https:\/\/biblioteca.blanes.cat\/salajove\/","name":"Sala Jove","description":"Biblioteca Comarcal de Blanes","publisher":{"@id":"https:\/\/biblioteca.blanes.cat\/salajove\/#organization"},"potentialAction":[{"@type":"SearchAction","target":{"@type":"EntryPoint","urlTemplate":"https:\/\/biblioteca.blanes.cat\/salajove\/?s={search_term_string}"},"query-input":{"@type":"PropertyValueSpecification","valueRequired":true,"valueName":"search_term_string"}}],"inLanguage":"ca"},{"@type":"Organization","@id":"https:\/\/biblioteca.blanes.cat\/salajove\/#organization","name":"Biblioteca Comarcal de Blanes","url":"https:\/\/biblioteca.blanes.cat\/salajove\/","logo":{"@type":"ImageObject","inLanguage":"ca","@id":"https:\/\/biblioteca.blanes.cat\/salajove\/#\/schema\/logo\/image\/","url":"https:\/\/biblioteca.blanes.cat\/salajove\/wp-content\/uploads\/sites\/3\/2017\/09\/cropped-Bib-blau-e1518869380535.png","contentUrl":"https:\/\/biblioteca.blanes.cat\/salajove\/wp-content\/uploads\/sites\/3\/2017\/09\/cropped-Bib-blau-e1518869380535.png","width":166,"height":166,"caption":"Biblioteca Comarcal de Blanes"},"image":{"@id":"https:\/\/biblioteca.blanes.cat\/salajove\/#\/schema\/logo\/image\/"},"sameAs":["https:\/\/www.facebook.com\/BilbiotecaComarcaldeBlanes\/","https:\/\/x.com\/BiblioBlanes","https:\/\/www.instagram.com\/biblioblanes\/","https:\/\/www.pinterest.es\/bblanes\/","https:\/\/www.youtube.com\/c\/BibliotecaComarcalBlanes"]},{"@type":"Person","@id":"https:\/\/biblioteca.blanes.cat\/salajove\/#\/schema\/person\/8dbc45cdf5d1c7e2d100d147517ba7f3","name":"paula","image":{"@type":"ImageObject","inLanguage":"ca","@id":"https:\/\/secure.gravatar.com\/avatar\/7dc0a9399589f36ddc6864e8335b73854871aa22921ee390cb50776e7ddfc136?s=96&d=mm&r=g","url":"https:\/\/secure.gravatar.com\/avatar\/7dc0a9399589f36ddc6864e8335b73854871aa22921ee390cb50776e7ddfc136?s=96&d=mm&r=g","contentUrl":"https:\/\/secure.gravatar.com\/avatar\/7dc0a9399589f36ddc6864e8335b73854871aa22921ee390cb50776e7ddfc136?s=96&d=mm&r=g","caption":"paula"},"url":"https:\/\/biblioteca.blanes.cat\/salajove\/author\/paula\/"}]}},"_links":{"self":[{"href":"https:\/\/biblioteca.blanes.cat\/salajove\/wp-json\/wp\/v2\/posts\/803","targetHints":{"allow":["GET"]}}],"collection":[{"href":"https:\/\/biblioteca.blanes.cat\/salajove\/wp-json\/wp\/v2\/posts"}],"about":[{"href":"https:\/\/biblioteca.blanes.cat\/salajove\/wp-json\/wp\/v2\/types\/post"}],"author":[{"embeddable":true,"href":"https:\/\/biblioteca.blanes.cat\/salajove\/wp-json\/wp\/v2\/users\/6"}],"replies":[{"embeddable":true,"href":"https:\/\/biblioteca.blanes.cat\/salajove\/wp-json\/wp\/v2\/comments?post=803"}],"version-history":[{"count":3,"href":"https:\/\/biblioteca.blanes.cat\/salajove\/wp-json\/wp\/v2\/posts\/803\/revisions"}],"predecessor-version":[{"id":827,"href":"https:\/\/biblioteca.blanes.cat\/salajove\/wp-json\/wp\/v2\/posts\/803\/revisions\/827"}],"wp:featuredmedia":[{"embeddable":true,"href":"https:\/\/biblioteca.blanes.cat\/salajove\/wp-json\/wp\/v2\/media\/154"}],"wp:attachment":[{"href":"https:\/\/biblioteca.blanes.cat\/salajove\/wp-json\/wp\/v2\/media?parent=803"}],"wp:term":[{"taxonomy":"category","embeddable":true,"href":"https:\/\/biblioteca.blanes.cat\/salajove\/wp-json\/wp\/v2\/categories?post=803"},{"taxonomy":"post_tag","embeddable":true,"href":"https:\/\/biblioteca.blanes.cat\/salajove\/wp-json\/wp\/v2\/tags?post=803"}],"curies":[{"name":"wp","href":"https:\/\/api.w.org\/{rel}","templated":true}]}}