{"id":8027,"date":"2023-06-19T19:38:33","date_gmt":"2023-06-19T18:38:33","guid":{"rendered":"https:\/\/biblioteca.blanes.cat\/salajove\/?p=8027"},"modified":"2023-06-19T19:38:33","modified_gmt":"2023-06-19T18:38:33","slug":"clj-comiat-i-taller-denigmes","status":"publish","type":"post","link":"https:\/\/biblioteca.blanes.cat\/salajove\/2023\/06\/19\/clj-comiat-i-taller-denigmes\/","title":{"rendered":"CLJ: Comiat i Taller d&#8217;Enigmes"},"content":{"rendered":"\n<p style=\"text-align: center;\">Avui al <strong>Club de Lectura Juvenil <\/strong><\/p>\n<p style=\"text-align: center;\"><strong>Ens acomiadem:<\/strong><\/p>\n<h1 id=\"title\" class=\"a-spacing-none a-text-normal\" style=\"text-align: center;\"><span id=\"productTitle\" class=\"a-size-extra-large\">L&#8217;enigma del vaixell Mary Celeste, <\/span>Colla del Segon Soterrani<\/h1>\n<p style=\"text-align: center;\">Amb el Taller d&#8217;Enigmes de l&#8217;escriptor <strong>Josep Maria Ibarra<\/strong><\/p>\n<p>\u00a0<\/p>\n<p>\u00a0<\/p>\n<p style=\"text-align: center;\">A la Biblioteca de Blanes estem molt orgullosos de tenir un Club de Lectura Juvenil amb joves tan motivats com els nostres.<\/p>\n<p>\u00a0<\/p>\n<p><img fetchpriority=\"high\" decoding=\"async\" class=\"aligncenter wp-image-8032 size-full\" src=\"https:\/\/biblioteca.blanes.cat\/salajove\/wp-content\/uploads\/sites\/3\/2023\/06\/Club-de-lectura-juvenil_Comiat_BiblioBlanes.jpg\" alt=\"\" width=\"600\" height=\"452\" srcset=\"https:\/\/biblioteca.blanes.cat\/salajove\/wp-content\/uploads\/sites\/3\/2023\/06\/Club-de-lectura-juvenil_Comiat_BiblioBlanes.jpg 600w, https:\/\/biblioteca.blanes.cat\/salajove\/wp-content\/uploads\/sites\/3\/2023\/06\/Club-de-lectura-juvenil_Comiat_BiblioBlanes-300x226.jpg 300w\" sizes=\"(max-width: 600px) 100vw, 600px\" \/><\/p>\n<p>\u00a0<\/p>\n<p>Celebrem la Setmana del Mar i la lectura proposada aquesta vegada \u00e9s<strong> L&#8217;Enigma del vaixell Mary Celeste de la Colla del Segon Soterrani.<\/strong><\/p>\n<p><em>Els protagonistes d&#8217;aquesta hist\u00f2ria s\u00f3n quatre nois i dues noies. Tots ells veuran com una avorrida classe de refor\u00e7 es converteix en un seguit d&#8217;aventures a trav\u00e9s del temps, cada vegada m\u00e9s intr\u00e8pides i desafiants. Aix\u00ed, tindran l&#8217;oportunitat de sentir-se protagonistes de la resoluci\u00f3 de grans misteris de la nostra hist\u00f2ria.<\/em><\/p>\n<p>\u00a0<\/p>\n<p>Quina millor companyia podr\u00edem tenir que la visita de l&#8217;autor <strong>Josep Maria <span class=\"hiddenSpellError\">Ibarra<\/span> <\/strong>que ens ha preparat un <strong>Taller d&#8217;Enigmes<\/strong> on els joves han apr\u00e8s a descodificar, a cercar codis secrets dins de petxines repartides per tota la planta baixa de la biblioteca i ens ha deixat bocabadats amb unes il\u00b7lusions \u00f2ptiques molt boniques.<\/p>\n<p>\u00a0<\/p>\n<p><img decoding=\"async\" class=\"aligncenter wp-image-8036 size-large\" src=\"https:\/\/biblioteca.blanes.cat\/salajove\/wp-content\/uploads\/sites\/3\/2023\/06\/Club-de-lectura-juvenil_Comiat_BiblioBlanes2-1024x771.jpg\" alt=\"\" width=\"750\" height=\"565\" srcset=\"https:\/\/biblioteca.blanes.cat\/salajove\/wp-content\/uploads\/sites\/3\/2023\/06\/Club-de-lectura-juvenil_Comiat_BiblioBlanes2-1024x771.jpg 1024w, https:\/\/biblioteca.blanes.cat\/salajove\/wp-content\/uploads\/sites\/3\/2023\/06\/Club-de-lectura-juvenil_Comiat_BiblioBlanes2-300x226.jpg 300w, https:\/\/biblioteca.blanes.cat\/salajove\/wp-content\/uploads\/sites\/3\/2023\/06\/Club-de-lectura-juvenil_Comiat_BiblioBlanes2-768x578.jpg 768w, https:\/\/biblioteca.blanes.cat\/salajove\/wp-content\/uploads\/sites\/3\/2023\/06\/Club-de-lectura-juvenil_Comiat_BiblioBlanes2.jpg 1080w\" sizes=\"(max-width: 750px) 100vw, 750px\" \/> <img decoding=\"async\" class=\"aligncenter wp-image-8037 size-large\" src=\"https:\/\/biblioteca.blanes.cat\/salajove\/wp-content\/uploads\/sites\/3\/2023\/06\/Club-de-lectura-juvenil_Comiat_BiblioBlanes3-1024x771.jpg\" alt=\"\" width=\"750\" height=\"565\" srcset=\"https:\/\/biblioteca.blanes.cat\/salajove\/wp-content\/uploads\/sites\/3\/2023\/06\/Club-de-lectura-juvenil_Comiat_BiblioBlanes3-1024x771.jpg 1024w, https:\/\/biblioteca.blanes.cat\/salajove\/wp-content\/uploads\/sites\/3\/2023\/06\/Club-de-lectura-juvenil_Comiat_BiblioBlanes3-300x226.jpg 300w, https:\/\/biblioteca.blanes.cat\/salajove\/wp-content\/uploads\/sites\/3\/2023\/06\/Club-de-lectura-juvenil_Comiat_BiblioBlanes3-768x578.jpg 768w, https:\/\/biblioteca.blanes.cat\/salajove\/wp-content\/uploads\/sites\/3\/2023\/06\/Club-de-lectura-juvenil_Comiat_BiblioBlanes3.jpg 1080w\" sizes=\"(max-width: 750px) 100vw, 750px\" \/> <img loading=\"lazy\" decoding=\"async\" class=\"aligncenter wp-image-8038 size-large\" src=\"https:\/\/biblioteca.blanes.cat\/salajove\/wp-content\/uploads\/sites\/3\/2023\/06\/Club-de-lectura-juvenil_Comiat_BiblioBlanes4-1024x771.jpg\" alt=\"\" width=\"750\" height=\"565\" srcset=\"https:\/\/biblioteca.blanes.cat\/salajove\/wp-content\/uploads\/sites\/3\/2023\/06\/Club-de-lectura-juvenil_Comiat_BiblioBlanes4-1024x771.jpg 1024w, https:\/\/biblioteca.blanes.cat\/salajove\/wp-content\/uploads\/sites\/3\/2023\/06\/Club-de-lectura-juvenil_Comiat_BiblioBlanes4-300x226.jpg 300w, https:\/\/biblioteca.blanes.cat\/salajove\/wp-content\/uploads\/sites\/3\/2023\/06\/Club-de-lectura-juvenil_Comiat_BiblioBlanes4-768x578.jpg 768w, https:\/\/biblioteca.blanes.cat\/salajove\/wp-content\/uploads\/sites\/3\/2023\/06\/Club-de-lectura-juvenil_Comiat_BiblioBlanes4.jpg 1080w\" sizes=\"(max-width: 750px) 100vw, 750px\" \/><\/p>\n<p>\u00a0<\/p>\n<p style=\"text-align: center;\">Bon estiu Joves!<\/p>\n<p style=\"text-align: center;\">Al setembre tornarem amb les piles carregades i moltes lectures xules per gaudir!<\/p>\n<p>\u00a0<\/p>\n<p>\u00a0<\/p>\n<p>\u00a0<\/p>\n<p>\u00a0<\/p>\n<p>\u00a0<\/p>\n<h1><strong>\u00a0<\/strong><\/h1>\n","protected":false},"excerpt":{"rendered":"<p>Avui al Club de Lectura Juvenil Ens acomiadem: L&#8217;enigma del vaixell Mary Celeste, Colla del Segon Soterrani Amb el Taller d&#8217;Enigmes de l&#8217;escriptor Josep Maria Ibarra \u00a0 \u00a0 A la Biblioteca de Blanes estem molt orgullosos de tenir un Club<\/p>\n","protected":false},"author":4,"featured_media":4270,"comment_status":"open","ping_status":"open","sticky":false,"template":"","format":"standard","meta":{"sfsi_plus_gutenberg_text_before_share":"","sfsi_plus_gutenberg_show_text_before_share":"","sfsi_plus_gutenberg_icon_type":"","sfsi_plus_gutenberg_icon_alignemt":"","sfsi_plus_gutenburg_max_per_row":"","footnotes":""},"categories":[5],"tags":[102],"class_list":["post-8027","post","type-post","status-publish","format-standard","has-post-thumbnail","hentry","category-club-de-lectura","tag-activitats-clubdelectura-gamificacio-jocs-joves-lectura-literatura-llibres-activitats-clubdelectura-gamificacio-jocs-joves-lectura-literatura-llibres"],"yoast_head":"<!-- This site is optimized with the Yoast SEO plugin v27.5 - https:\/\/yoast.com\/product\/yoast-seo-wordpress\/ -->\n<title>CLJ: Comiat i Taller d&#039;Enigmes - Sala Jove<\/title>\n<meta name=\"robots\" content=\"index, follow, max-snippet:-1, max-image-preview:large, max-video-preview:-1\" \/>\n<link rel=\"canonical\" href=\"https:\/\/biblioteca.blanes.cat\/salajove\/2023\/06\/19\/clj-comiat-i-taller-denigmes\/\" \/>\n<meta property=\"og:locale\" content=\"ca_ES\" \/>\n<meta property=\"og:type\" content=\"article\" \/>\n<meta property=\"og:title\" content=\"CLJ: Comiat i Taller d&#039;Enigmes - Sala Jove\" \/>\n<meta property=\"og:description\" content=\"Avui al Club de Lectura Juvenil Ens acomiadem: L&#8217;enigma del vaixell Mary Celeste, Colla del Segon Soterrani Amb el Taller d&#8217;Enigmes de l&#8217;escriptor Josep Maria Ibarra \u00a0 \u00a0 A la Biblioteca de Blanes estem molt orgullosos de tenir un Club\" \/>\n<meta property=\"og:url\" content=\"https:\/\/biblioteca.blanes.cat\/salajove\/2023\/06\/19\/clj-comiat-i-taller-denigmes\/\" \/>\n<meta property=\"og:site_name\" content=\"Sala Jove\" \/>\n<meta property=\"article:publisher\" content=\"https:\/\/www.facebook.com\/BilbiotecaComarcaldeBlanes\/\" \/>\n<meta property=\"article:published_time\" content=\"2023-06-19T18:38:33+00:00\" \/>\n<meta property=\"og:image\" content=\"https:\/\/biblioteca.blanes.cat\/salajove\/wp-content\/uploads\/sites\/3\/2020\/07\/logo-club-de-lectura-2020-bloc-3.jpg\" \/>\n\t<meta property=\"og:image:width\" content=\"200\" \/>\n\t<meta property=\"og:image:height\" content=\"246\" \/>\n\t<meta property=\"og:image:type\" content=\"image\/jpeg\" \/>\n<meta name=\"author\" content=\"biblioblanes\" \/>\n<meta name=\"twitter:card\" content=\"summary_large_image\" \/>\n<meta name=\"twitter:creator\" content=\"@biblioblanes\" \/>\n<meta name=\"twitter:site\" content=\"@BiblioBlanes\" \/>\n<meta name=\"twitter:label1\" content=\"Escrit per\" \/>\n\t<meta name=\"twitter:data1\" content=\"biblioblanes\" \/>\n\t<meta name=\"twitter:label2\" content=\"Temps estimat de lectura\" \/>\n\t<meta name=\"twitter:data2\" content=\"2 minuts\" \/>\n<script type=\"application\/ld+json\" class=\"yoast-schema-graph\">{\"@context\":\"https:\\\/\\\/schema.org\",\"@graph\":[{\"@type\":\"Article\",\"@id\":\"https:\\\/\\\/biblioteca.blanes.cat\\\/salajove\\\/2023\\\/06\\\/19\\\/clj-comiat-i-taller-denigmes\\\/#article\",\"isPartOf\":{\"@id\":\"https:\\\/\\\/biblioteca.blanes.cat\\\/salajove\\\/2023\\\/06\\\/19\\\/clj-comiat-i-taller-denigmes\\\/\"},\"author\":{\"name\":\"biblioblanes\",\"@id\":\"https:\\\/\\\/biblioteca.blanes.cat\\\/salajove\\\/#\\\/schema\\\/person\\\/5a7b46760d9dd611d098bbf571a341dc\"},\"headline\":\"CLJ: Comiat i Taller d&#8217;Enigmes\",\"datePublished\":\"2023-06-19T18:38:33+00:00\",\"mainEntityOfPage\":{\"@id\":\"https:\\\/\\\/biblioteca.blanes.cat\\\/salajove\\\/2023\\\/06\\\/19\\\/clj-comiat-i-taller-denigmes\\\/\"},\"wordCount\":216,\"commentCount\":0,\"publisher\":{\"@id\":\"https:\\\/\\\/biblioteca.blanes.cat\\\/salajove\\\/#organization\"},\"image\":{\"@id\":\"https:\\\/\\\/biblioteca.blanes.cat\\\/salajove\\\/2023\\\/06\\\/19\\\/clj-comiat-i-taller-denigmes\\\/#primaryimage\"},\"thumbnailUrl\":\"https:\\\/\\\/biblioteca.blanes.cat\\\/salajove\\\/wp-content\\\/uploads\\\/sites\\\/3\\\/2020\\\/07\\\/logo-club-de-lectura-2020-bloc-3.jpg\",\"keywords\":[\"#Activitats #ClubdeLectura #Gamificaci\u00f3 #jocs #Joves #Lectura #Literatura #Llibres #Activitats #ClubdeLectura #Gamificaci\u00f3 #jocs #Joves #Lectura #Literatura #Llibres\"],\"articleSection\":[\"Club de Lectura\"],\"inLanguage\":\"ca\",\"potentialAction\":[{\"@type\":\"CommentAction\",\"name\":\"Comment\",\"target\":[\"https:\\\/\\\/biblioteca.blanes.cat\\\/salajove\\\/2023\\\/06\\\/19\\\/clj-comiat-i-taller-denigmes\\\/#respond\"]}]},{\"@type\":\"WebPage\",\"@id\":\"https:\\\/\\\/biblioteca.blanes.cat\\\/salajove\\\/2023\\\/06\\\/19\\\/clj-comiat-i-taller-denigmes\\\/\",\"url\":\"https:\\\/\\\/biblioteca.blanes.cat\\\/salajove\\\/2023\\\/06\\\/19\\\/clj-comiat-i-taller-denigmes\\\/\",\"name\":\"CLJ: Comiat i Taller d'Enigmes - Sala Jove\",\"isPartOf\":{\"@id\":\"https:\\\/\\\/biblioteca.blanes.cat\\\/salajove\\\/#website\"},\"primaryImageOfPage\":{\"@id\":\"https:\\\/\\\/biblioteca.blanes.cat\\\/salajove\\\/2023\\\/06\\\/19\\\/clj-comiat-i-taller-denigmes\\\/#primaryimage\"},\"image\":{\"@id\":\"https:\\\/\\\/biblioteca.blanes.cat\\\/salajove\\\/2023\\\/06\\\/19\\\/clj-comiat-i-taller-denigmes\\\/#primaryimage\"},\"thumbnailUrl\":\"https:\\\/\\\/biblioteca.blanes.cat\\\/salajove\\\/wp-content\\\/uploads\\\/sites\\\/3\\\/2020\\\/07\\\/logo-club-de-lectura-2020-bloc-3.jpg\",\"datePublished\":\"2023-06-19T18:38:33+00:00\",\"breadcrumb\":{\"@id\":\"https:\\\/\\\/biblioteca.blanes.cat\\\/salajove\\\/2023\\\/06\\\/19\\\/clj-comiat-i-taller-denigmes\\\/#breadcrumb\"},\"inLanguage\":\"ca\",\"potentialAction\":[{\"@type\":\"ReadAction\",\"target\":[\"https:\\\/\\\/biblioteca.blanes.cat\\\/salajove\\\/2023\\\/06\\\/19\\\/clj-comiat-i-taller-denigmes\\\/\"]}]},{\"@type\":\"ImageObject\",\"inLanguage\":\"ca\",\"@id\":\"https:\\\/\\\/biblioteca.blanes.cat\\\/salajove\\\/2023\\\/06\\\/19\\\/clj-comiat-i-taller-denigmes\\\/#primaryimage\",\"url\":\"https:\\\/\\\/biblioteca.blanes.cat\\\/salajove\\\/wp-content\\\/uploads\\\/sites\\\/3\\\/2020\\\/07\\\/logo-club-de-lectura-2020-bloc-3.jpg\",\"contentUrl\":\"https:\\\/\\\/biblioteca.blanes.cat\\\/salajove\\\/wp-content\\\/uploads\\\/sites\\\/3\\\/2020\\\/07\\\/logo-club-de-lectura-2020-bloc-3.jpg\",\"width\":200,\"height\":246},{\"@type\":\"BreadcrumbList\",\"@id\":\"https:\\\/\\\/biblioteca.blanes.cat\\\/salajove\\\/2023\\\/06\\\/19\\\/clj-comiat-i-taller-denigmes\\\/#breadcrumb\",\"itemListElement\":[{\"@type\":\"ListItem\",\"position\":1,\"name\":\"Inici\",\"item\":\"https:\\\/\\\/biblioteca.blanes.cat\\\/salajove\\\/\"},{\"@type\":\"ListItem\",\"position\":2,\"name\":\"CLJ: Comiat i Taller d&#8217;Enigmes\"}]},{\"@type\":\"WebSite\",\"@id\":\"https:\\\/\\\/biblioteca.blanes.cat\\\/salajove\\\/#website\",\"url\":\"https:\\\/\\\/biblioteca.blanes.cat\\\/salajove\\\/\",\"name\":\"Sala Jove\",\"description\":\"Biblioteca Comarcal de Blanes\",\"publisher\":{\"@id\":\"https:\\\/\\\/biblioteca.blanes.cat\\\/salajove\\\/#organization\"},\"potentialAction\":[{\"@type\":\"SearchAction\",\"target\":{\"@type\":\"EntryPoint\",\"urlTemplate\":\"https:\\\/\\\/biblioteca.blanes.cat\\\/salajove\\\/?s={search_term_string}\"},\"query-input\":{\"@type\":\"PropertyValueSpecification\",\"valueRequired\":true,\"valueName\":\"search_term_string\"}}],\"inLanguage\":\"ca\"},{\"@type\":\"Organization\",\"@id\":\"https:\\\/\\\/biblioteca.blanes.cat\\\/salajove\\\/#organization\",\"name\":\"Biblioteca Comarcal de Blanes\",\"url\":\"https:\\\/\\\/biblioteca.blanes.cat\\\/salajove\\\/\",\"logo\":{\"@type\":\"ImageObject\",\"inLanguage\":\"ca\",\"@id\":\"https:\\\/\\\/biblioteca.blanes.cat\\\/salajove\\\/#\\\/schema\\\/logo\\\/image\\\/\",\"url\":\"https:\\\/\\\/biblioteca.blanes.cat\\\/salajove\\\/wp-content\\\/uploads\\\/sites\\\/3\\\/2017\\\/09\\\/cropped-Bib-blau-e1518869380535.png\",\"contentUrl\":\"https:\\\/\\\/biblioteca.blanes.cat\\\/salajove\\\/wp-content\\\/uploads\\\/sites\\\/3\\\/2017\\\/09\\\/cropped-Bib-blau-e1518869380535.png\",\"width\":166,\"height\":166,\"caption\":\"Biblioteca Comarcal de Blanes\"},\"image\":{\"@id\":\"https:\\\/\\\/biblioteca.blanes.cat\\\/salajove\\\/#\\\/schema\\\/logo\\\/image\\\/\"},\"sameAs\":[\"https:\\\/\\\/www.facebook.com\\\/BilbiotecaComarcaldeBlanes\\\/\",\"https:\\\/\\\/x.com\\\/BiblioBlanes\",\"https:\\\/\\\/www.instagram.com\\\/biblioblanes\\\/\",\"https:\\\/\\\/www.pinterest.es\\\/bblanes\\\/\",\"https:\\\/\\\/www.youtube.com\\\/c\\\/BibliotecaComarcalBlanes\"]},{\"@type\":\"Person\",\"@id\":\"https:\\\/\\\/biblioteca.blanes.cat\\\/salajove\\\/#\\\/schema\\\/person\\\/5a7b46760d9dd611d098bbf571a341dc\",\"name\":\"biblioblanes\",\"image\":{\"@type\":\"ImageObject\",\"inLanguage\":\"ca\",\"@id\":\"https:\\\/\\\/secure.gravatar.com\\\/avatar\\\/6593ca6cc90e5a70939f51c95e8315483b9c281bafba597292bee47992030f99?s=96&d=mm&r=g\",\"url\":\"https:\\\/\\\/secure.gravatar.com\\\/avatar\\\/6593ca6cc90e5a70939f51c95e8315483b9c281bafba597292bee47992030f99?s=96&d=mm&r=g\",\"contentUrl\":\"https:\\\/\\\/secure.gravatar.com\\\/avatar\\\/6593ca6cc90e5a70939f51c95e8315483b9c281bafba597292bee47992030f99?s=96&d=mm&r=g\",\"caption\":\"biblioblanes\"},\"sameAs\":[\"http:\\\/\\\/www.bibgirona.cat\\\/biblioteca\\\/blanes\",\"https:\\\/\\\/x.com\\\/biblioblanes\"],\"url\":\"https:\\\/\\\/biblioteca.blanes.cat\\\/salajove\\\/author\\\/biblioblanes\\\/\"}]}<\/script>\n<!-- \/ Yoast SEO plugin. -->","yoast_head_json":{"title":"CLJ: Comiat i Taller d'Enigmes - Sala Jove","robots":{"index":"index","follow":"follow","max-snippet":"max-snippet:-1","max-image-preview":"max-image-preview:large","max-video-preview":"max-video-preview:-1"},"canonical":"https:\/\/biblioteca.blanes.cat\/salajove\/2023\/06\/19\/clj-comiat-i-taller-denigmes\/","og_locale":"ca_ES","og_type":"article","og_title":"CLJ: Comiat i Taller d'Enigmes - Sala Jove","og_description":"Avui al Club de Lectura Juvenil Ens acomiadem: L&#8217;enigma del vaixell Mary Celeste, Colla del Segon Soterrani Amb el Taller d&#8217;Enigmes de l&#8217;escriptor Josep Maria Ibarra \u00a0 \u00a0 A la Biblioteca de Blanes estem molt orgullosos de tenir un Club","og_url":"https:\/\/biblioteca.blanes.cat\/salajove\/2023\/06\/19\/clj-comiat-i-taller-denigmes\/","og_site_name":"Sala Jove","article_publisher":"https:\/\/www.facebook.com\/BilbiotecaComarcaldeBlanes\/","article_published_time":"2023-06-19T18:38:33+00:00","og_image":[{"width":200,"height":246,"url":"https:\/\/biblioteca.blanes.cat\/salajove\/wp-content\/uploads\/sites\/3\/2020\/07\/logo-club-de-lectura-2020-bloc-3.jpg","type":"image\/jpeg"}],"author":"biblioblanes","twitter_card":"summary_large_image","twitter_creator":"@biblioblanes","twitter_site":"@BiblioBlanes","twitter_misc":{"Escrit per":"biblioblanes","Temps estimat de lectura":"2 minuts"},"schema":{"@context":"https:\/\/schema.org","@graph":[{"@type":"Article","@id":"https:\/\/biblioteca.blanes.cat\/salajove\/2023\/06\/19\/clj-comiat-i-taller-denigmes\/#article","isPartOf":{"@id":"https:\/\/biblioteca.blanes.cat\/salajove\/2023\/06\/19\/clj-comiat-i-taller-denigmes\/"},"author":{"name":"biblioblanes","@id":"https:\/\/biblioteca.blanes.cat\/salajove\/#\/schema\/person\/5a7b46760d9dd611d098bbf571a341dc"},"headline":"CLJ: Comiat i Taller d&#8217;Enigmes","datePublished":"2023-06-19T18:38:33+00:00","mainEntityOfPage":{"@id":"https:\/\/biblioteca.blanes.cat\/salajove\/2023\/06\/19\/clj-comiat-i-taller-denigmes\/"},"wordCount":216,"commentCount":0,"publisher":{"@id":"https:\/\/biblioteca.blanes.cat\/salajove\/#organization"},"image":{"@id":"https:\/\/biblioteca.blanes.cat\/salajove\/2023\/06\/19\/clj-comiat-i-taller-denigmes\/#primaryimage"},"thumbnailUrl":"https:\/\/biblioteca.blanes.cat\/salajove\/wp-content\/uploads\/sites\/3\/2020\/07\/logo-club-de-lectura-2020-bloc-3.jpg","keywords":["#Activitats #ClubdeLectura #Gamificaci\u00f3 #jocs #Joves #Lectura #Literatura #Llibres #Activitats #ClubdeLectura #Gamificaci\u00f3 #jocs #Joves #Lectura #Literatura #Llibres"],"articleSection":["Club de Lectura"],"inLanguage":"ca","potentialAction":[{"@type":"CommentAction","name":"Comment","target":["https:\/\/biblioteca.blanes.cat\/salajove\/2023\/06\/19\/clj-comiat-i-taller-denigmes\/#respond"]}]},{"@type":"WebPage","@id":"https:\/\/biblioteca.blanes.cat\/salajove\/2023\/06\/19\/clj-comiat-i-taller-denigmes\/","url":"https:\/\/biblioteca.blanes.cat\/salajove\/2023\/06\/19\/clj-comiat-i-taller-denigmes\/","name":"CLJ: Comiat i Taller d'Enigmes - Sala Jove","isPartOf":{"@id":"https:\/\/biblioteca.blanes.cat\/salajove\/#website"},"primaryImageOfPage":{"@id":"https:\/\/biblioteca.blanes.cat\/salajove\/2023\/06\/19\/clj-comiat-i-taller-denigmes\/#primaryimage"},"image":{"@id":"https:\/\/biblioteca.blanes.cat\/salajove\/2023\/06\/19\/clj-comiat-i-taller-denigmes\/#primaryimage"},"thumbnailUrl":"https:\/\/biblioteca.blanes.cat\/salajove\/wp-content\/uploads\/sites\/3\/2020\/07\/logo-club-de-lectura-2020-bloc-3.jpg","datePublished":"2023-06-19T18:38:33+00:00","breadcrumb":{"@id":"https:\/\/biblioteca.blanes.cat\/salajove\/2023\/06\/19\/clj-comiat-i-taller-denigmes\/#breadcrumb"},"inLanguage":"ca","potentialAction":[{"@type":"ReadAction","target":["https:\/\/biblioteca.blanes.cat\/salajove\/2023\/06\/19\/clj-comiat-i-taller-denigmes\/"]}]},{"@type":"ImageObject","inLanguage":"ca","@id":"https:\/\/biblioteca.blanes.cat\/salajove\/2023\/06\/19\/clj-comiat-i-taller-denigmes\/#primaryimage","url":"https:\/\/biblioteca.blanes.cat\/salajove\/wp-content\/uploads\/sites\/3\/2020\/07\/logo-club-de-lectura-2020-bloc-3.jpg","contentUrl":"https:\/\/biblioteca.blanes.cat\/salajove\/wp-content\/uploads\/sites\/3\/2020\/07\/logo-club-de-lectura-2020-bloc-3.jpg","width":200,"height":246},{"@type":"BreadcrumbList","@id":"https:\/\/biblioteca.blanes.cat\/salajove\/2023\/06\/19\/clj-comiat-i-taller-denigmes\/#breadcrumb","itemListElement":[{"@type":"ListItem","position":1,"name":"Inici","item":"https:\/\/biblioteca.blanes.cat\/salajove\/"},{"@type":"ListItem","position":2,"name":"CLJ: Comiat i Taller d&#8217;Enigmes"}]},{"@type":"WebSite","@id":"https:\/\/biblioteca.blanes.cat\/salajove\/#website","url":"https:\/\/biblioteca.blanes.cat\/salajove\/","name":"Sala Jove","description":"Biblioteca Comarcal de Blanes","publisher":{"@id":"https:\/\/biblioteca.blanes.cat\/salajove\/#organization"},"potentialAction":[{"@type":"SearchAction","target":{"@type":"EntryPoint","urlTemplate":"https:\/\/biblioteca.blanes.cat\/salajove\/?s={search_term_string}"},"query-input":{"@type":"PropertyValueSpecification","valueRequired":true,"valueName":"search_term_string"}}],"inLanguage":"ca"},{"@type":"Organization","@id":"https:\/\/biblioteca.blanes.cat\/salajove\/#organization","name":"Biblioteca Comarcal de Blanes","url":"https:\/\/biblioteca.blanes.cat\/salajove\/","logo":{"@type":"ImageObject","inLanguage":"ca","@id":"https:\/\/biblioteca.blanes.cat\/salajove\/#\/schema\/logo\/image\/","url":"https:\/\/biblioteca.blanes.cat\/salajove\/wp-content\/uploads\/sites\/3\/2017\/09\/cropped-Bib-blau-e1518869380535.png","contentUrl":"https:\/\/biblioteca.blanes.cat\/salajove\/wp-content\/uploads\/sites\/3\/2017\/09\/cropped-Bib-blau-e1518869380535.png","width":166,"height":166,"caption":"Biblioteca Comarcal de Blanes"},"image":{"@id":"https:\/\/biblioteca.blanes.cat\/salajove\/#\/schema\/logo\/image\/"},"sameAs":["https:\/\/www.facebook.com\/BilbiotecaComarcaldeBlanes\/","https:\/\/x.com\/BiblioBlanes","https:\/\/www.instagram.com\/biblioblanes\/","https:\/\/www.pinterest.es\/bblanes\/","https:\/\/www.youtube.com\/c\/BibliotecaComarcalBlanes"]},{"@type":"Person","@id":"https:\/\/biblioteca.blanes.cat\/salajove\/#\/schema\/person\/5a7b46760d9dd611d098bbf571a341dc","name":"biblioblanes","image":{"@type":"ImageObject","inLanguage":"ca","@id":"https:\/\/secure.gravatar.com\/avatar\/6593ca6cc90e5a70939f51c95e8315483b9c281bafba597292bee47992030f99?s=96&d=mm&r=g","url":"https:\/\/secure.gravatar.com\/avatar\/6593ca6cc90e5a70939f51c95e8315483b9c281bafba597292bee47992030f99?s=96&d=mm&r=g","contentUrl":"https:\/\/secure.gravatar.com\/avatar\/6593ca6cc90e5a70939f51c95e8315483b9c281bafba597292bee47992030f99?s=96&d=mm&r=g","caption":"biblioblanes"},"sameAs":["http:\/\/www.bibgirona.cat\/biblioteca\/blanes","https:\/\/x.com\/biblioblanes"],"url":"https:\/\/biblioteca.blanes.cat\/salajove\/author\/biblioblanes\/"}]}},"_links":{"self":[{"href":"https:\/\/biblioteca.blanes.cat\/salajove\/wp-json\/wp\/v2\/posts\/8027","targetHints":{"allow":["GET"]}}],"collection":[{"href":"https:\/\/biblioteca.blanes.cat\/salajove\/wp-json\/wp\/v2\/posts"}],"about":[{"href":"https:\/\/biblioteca.blanes.cat\/salajove\/wp-json\/wp\/v2\/types\/post"}],"author":[{"embeddable":true,"href":"https:\/\/biblioteca.blanes.cat\/salajove\/wp-json\/wp\/v2\/users\/4"}],"replies":[{"embeddable":true,"href":"https:\/\/biblioteca.blanes.cat\/salajove\/wp-json\/wp\/v2\/comments?post=8027"}],"version-history":[{"count":7,"href":"https:\/\/biblioteca.blanes.cat\/salajove\/wp-json\/wp\/v2\/posts\/8027\/revisions"}],"predecessor-version":[{"id":8039,"href":"https:\/\/biblioteca.blanes.cat\/salajove\/wp-json\/wp\/v2\/posts\/8027\/revisions\/8039"}],"wp:featuredmedia":[{"embeddable":true,"href":"https:\/\/biblioteca.blanes.cat\/salajove\/wp-json\/wp\/v2\/media\/4270"}],"wp:attachment":[{"href":"https:\/\/biblioteca.blanes.cat\/salajove\/wp-json\/wp\/v2\/media?parent=8027"}],"wp:term":[{"taxonomy":"category","embeddable":true,"href":"https:\/\/biblioteca.blanes.cat\/salajove\/wp-json\/wp\/v2\/categories?post=8027"},{"taxonomy":"post_tag","embeddable":true,"href":"https:\/\/biblioteca.blanes.cat\/salajove\/wp-json\/wp\/v2\/tags?post=8027"}],"curies":[{"name":"wp","href":"https:\/\/api.w.org\/{rel}","templated":true}]}}