{"id":801,"date":"2017-10-13T20:04:57","date_gmt":"2017-10-13T19:04:57","guid":{"rendered":"https:\/\/biblioteca.blanes.cat\/salajove\/?p=801"},"modified":"2018-01-15T15:17:32","modified_gmt":"2018-01-15T14:17:32","slug":"801","status":"publish","type":"post","link":"https:\/\/biblioteca.blanes.cat\/salajove\/2017\/10\/13\/801\/","title":{"rendered":"Pan de limon con semillas de amapolas &#8211; Cristina Campos"},"content":{"rendered":"<p>Em pentino el cabell amb els dits. Me\u2019l separo en tres parts i l\u2019humitejo amb gotes de mar. El treno poc a poc. Entretenint-me en cada moviment, cada vegada que entrecreuo el cabell. Deixo que les gotes de mar es passegin entre els nusos de la trena. Em distrec al final de la melena, acariciant suaument les puntes. Jugo amb les salades gotes de mar que rellisquen entre els estrets camins de la meva trena fins arribar a les puntes. I quan arriben all\u00e0, al final del seu cam\u00ed les gotes cauen al terra esmicolant-se en mil bocins.<\/p>\n<p>No s\u00e9 per qu\u00e8 per\u00f2 tot plegat \u00e9s un ritual que m\u2019agrada. Em recorda a quan era petita i la meva \u00e0via em trenava els cabells, sempre poc a poc, cada cabell al seu lloc, amb paci\u00e8ncia em desenredava els nusos i suaument em feia la trena fins al final. Amb quina facilitat petits gestos em fan viatjar a temps passats, moments entendridors bressolats per la mem\u00f2ria, que no vull oblidar mai.<\/p>\n<p>Tot plegat em fa pensar amb la novel\u00b7la de la Cristina Campos, <img fetchpriority=\"high\" decoding=\"async\" class=\"alignright\" src=\"https:\/\/imagessl8.casadellibro.com\/a\/l\/t0\/38\/9788408149538.jpg\" width=\"237\" height=\"360\" \/>que us vull parlar avui.<\/p>\n<h2 style=\"text-align: left;\">Pan de lim\u00f3n con semillas de Amapola \u00e9s la primera obra de Cristina Campos.<\/h2>\n<p>Durant l\u2019hivern del 2010, Anna i Marina s\u00f3n dos germanes, que es retroben, despr\u00e9s de quinze anys sense veure\u2019s, per vendre un mol\u00ed i una pastisseria que han heretat d\u2019una desconeguda.<\/p>\n<p>S\u00f3n dos germanes molt diferents nom\u00e9s hi ha una cosa que tenen en com\u00fa, l\u2019amor que sentien cap a la seva \u00e0via, ja morta.<\/p>\n<p>Anna \u00e9s un dona ing\u00e8nua, molt sensible i dol\u00e7a, quasi no ha sortit de la illa, on viu amb un marit. Marit que no estima i amb el que conviu resignada a la vida que li ha tocat. No \u00e9s feli\u00e7 per\u00f2 s\u2019ho vol creure.<\/p>\n<p>La Marina treballa com a metge per a una ONG, s\u2019ha passat la meitat de la vida viatjant pel m\u00f3n, anant als pa\u00efsos m\u00e9s pobres i ajudant a qui m\u00e9s ho necessita.<\/p>\n<p>Juntes haurem de desvetllar el secret de l\u2019her\u00e8ncia. Juntes tornaran als seus or\u00edgens, perqu\u00e8 all\u00e0 \u00e9s on est\u00e0 la porta que les portar\u00e0 al seu futur.<\/p>\n<p>Els or\u00edgens s\u00f3n a Mallorca, surten personatges que encara salen el llenguatge i aix\u00f2 m\u2019ha fet molta gr\u00e0cia. \u00c9s la Mallorca interior, a Valldemossa.<\/p>\n<p style=\"text-align: center;\">I ara unes quantes frases d\u2019aquelles que m\u2019agraden tant dels llibres:<\/p>\n<h2 style=\"text-align: center;\"><em>\u201cAl abrir el antiguo horno de le\u00f1a, el olor a pan reci\u00e9n hecho acaricio el alma de Marina. Cerr\u00f3 los ojos, inspiro lentamente. Olor a infancia. Olor a hogar.\u201d<\/em><\/h2>\n<h2 style=\"text-align: center;\"><em>\u201cAbri\u00f3 los postigos de la ventana dejando que entrara la brisa de la ma\u00f1ana. El mar se ve\u00eda a lo lejos detr\u00e1s de las monta\u00f1as. Sin cerrar los postigos de la ventana, volvi\u00f3 hacia la cama de la difunta panadera y se sent\u00f3 en ella. Regresaron a su mente, otra vez, esos dos paises: Etiop\u00eda, Hait\u00ed. Instintivamente, buscando calmar sus pensamientos, se tumb\u00f3 sin apartar la mirada de la sierra y del pedacito de mar que se ve\u00eda a lo lejos. Apoy\u00f3 las palmas de la manos bajo su cabeza. De pronto, un t\u00edmido rayo de sol se col\u00f3 por entre las nubes, entrando por la ventana del dormitorio y llegando hasta su cuerpo, que sentia m\u00e1s d\u00e9bil que nunca. Y as\u00ed Marina dej\u00f3 que el sol, la tramontana y el aroma de los almendros en flor mezclados con el Mediterraneo le hicieran de arrullo.\u201d<\/em><\/h2>\n<p>I ara unes an\u00e8cdotes:<\/p>\n<p>*Cristina, despr\u00e9s d\u2019acabar d\u2019estudiar Humanitats a la Universitat Aut\u00f2noma de Barcelona, va tornar al seu pa\u00eds natal. All\u00e0 va comen\u00e7ar la seva carrera laboral en el sector cinematogr\u00e0fic.<\/p>\n<p>*Des de fa deu anys, Cristina, treballa a direcci\u00f3 de c\u00e0stings llargmetratges i s\u00e8ries de televisi\u00f3<\/p>\n<p>*Actualment combina el seu treball en el sector audiovisual amb la seva passi\u00f3, l\u2019escriptura<\/p>\n<p>*Aquesta novel\u00b7la va quedar finalista en les deu novel\u00b7les del Festival de Cine de Berlin, amb el prop\u00f2sit de realitzar una adaptaci\u00f3 cinematogr\u00e0fica. He llegit que actualment hi ha diverses productores cinematogr\u00e0fiques que estan interessades en portar el llibre al cinema.<\/p>\n<p>*Aquesta novel\u00b7la va ser una fenomen internacional abans de la seva publicaci\u00f3.<\/p>\n<p>\u00c9s un llibre d\u2019amistat entre dones, secrets guardats, receptes de pa oblidades, sentiments retrobats, paisatges de infantesa, records que fan riure per\u00f2 tamb\u00e9 plorar, i en definitiva emocions i sentiments de vida que val la pena sentir o llegir com a m\u00ednim un cop a la vida. No us en penedireu!!!!<\/p>\n<p>Trobareu m\u00e9s ressenyes de llibres clicant en els botons d&#8217; aqu\u00ed sota:<\/p>\n<p><a href=\"https:\/\/biblioteca.blanes.cat\/salajove\/category\/raco-de-la-paula\/novetat\/\" target=\"_blank\" rel=\"noopener\"><img decoding=\"async\" class=\"alignnone wp-image-159\" src=\"https:\/\/biblioteca.blanes.cat\/salajove\/wp-content\/uploads\/sites\/3\/2017\/10\/Novetats-1-300x94.png\" alt=\"\" width=\"200\" height=\"63\" srcset=\"https:\/\/biblioteca.blanes.cat\/salajove\/wp-content\/uploads\/sites\/3\/2017\/10\/Novetats-1-300x94.png 300w, https:\/\/biblioteca.blanes.cat\/salajove\/wp-content\/uploads\/sites\/3\/2017\/10\/Novetats-1-768x240.png 768w, https:\/\/biblioteca.blanes.cat\/salajove\/wp-content\/uploads\/sites\/3\/2017\/10\/Novetats-1-1024x320.png 1024w, https:\/\/biblioteca.blanes.cat\/salajove\/wp-content\/uploads\/sites\/3\/2017\/10\/Novetats-1.png 1282w\" sizes=\"(max-width: 200px) 100vw, 200px\" \/><\/a><a href=\"https:\/\/biblioteca.blanes.cat\/salajove\/category\/raco-de-la-paula\/classic\/\"><img decoding=\"async\" class=\"alignnone wp-image-158\" src=\"https:\/\/biblioteca.blanes.cat\/salajove\/wp-content\/uploads\/sites\/3\/2017\/10\/Classics-300x94.png\" alt=\"\" width=\"200\" height=\"63\" srcset=\"https:\/\/biblioteca.blanes.cat\/salajove\/wp-content\/uploads\/sites\/3\/2017\/10\/Classics-300x94.png 300w, https:\/\/biblioteca.blanes.cat\/salajove\/wp-content\/uploads\/sites\/3\/2017\/10\/Classics-768x240.png 768w, https:\/\/biblioteca.blanes.cat\/salajove\/wp-content\/uploads\/sites\/3\/2017\/10\/Classics-1024x320.png 1024w, https:\/\/biblioteca.blanes.cat\/salajove\/wp-content\/uploads\/sites\/3\/2017\/10\/Classics.png 1282w\" sizes=\"(max-width: 200px) 100vw, 200px\" \/><\/a><a href=\"https:\/\/biblioteca.blanes.cat\/salajove\/category\/raco-de-la-paula\/popular\/\"><img loading=\"lazy\" decoding=\"async\" class=\"alignnone wp-image-157\" src=\"https:\/\/biblioteca.blanes.cat\/salajove\/wp-content\/uploads\/sites\/3\/2017\/10\/Populars-300x94.png\" alt=\"\" width=\"200\" height=\"63\" srcset=\"https:\/\/biblioteca.blanes.cat\/salajove\/wp-content\/uploads\/sites\/3\/2017\/10\/Populars-300x94.png 300w, https:\/\/biblioteca.blanes.cat\/salajove\/wp-content\/uploads\/sites\/3\/2017\/10\/Populars-768x240.png 768w, https:\/\/biblioteca.blanes.cat\/salajove\/wp-content\/uploads\/sites\/3\/2017\/10\/Populars-1024x320.png 1024w, https:\/\/biblioteca.blanes.cat\/salajove\/wp-content\/uploads\/sites\/3\/2017\/10\/Populars.png 1282w\" sizes=\"(max-width: 200px) 100vw, 200px\" \/><\/a><\/p>\n","protected":false},"excerpt":{"rendered":"<p>Em pentino el cabell amb els dits. Me\u2019l separo en tres parts i l\u2019humitejo amb gotes de mar. El treno poc a poc. Entretenint-me en cada moviment, cada vegada que entrecreuo el cabell. Deixo que les gotes de mar es<\/p>\n","protected":false},"author":6,"featured_media":154,"comment_status":"open","ping_status":"open","sticky":false,"template":"","format":"standard","meta":{"sfsi_plus_gutenberg_text_before_share":"","sfsi_plus_gutenberg_show_text_before_share":"","sfsi_plus_gutenberg_icon_type":"","sfsi_plus_gutenberg_icon_alignemt":"","sfsi_plus_gutenburg_max_per_row":"","footnotes":""},"categories":[9,10],"tags":[33,21,23],"class_list":["post-801","post","type-post","status-publish","format-standard","has-post-thumbnail","hentry","category-raco-de-la-paula","category-novetat","tag-el-raco-de-la-paula","tag-llibres","tag-sinopsi"],"yoast_head":"<!-- This site is optimized with the Yoast SEO plugin v27.5 - https:\/\/yoast.com\/product\/yoast-seo-wordpress\/ -->\n<title>Pan de limon con semillas de amapola - Cristina Campos- Sala Jove<\/title>\n<meta name=\"description\" content=\"Durant l\u2019hivern del 2010, Cristina Campos ens presenta a l&#039;Anna i la Marina. S\u00f3n dos germanes, que es retroben, despr\u00e9s de quinze anys sense veure\u2019s.\" \/>\n<meta name=\"robots\" content=\"index, follow, max-snippet:-1, max-image-preview:large, max-video-preview:-1\" \/>\n<link rel=\"canonical\" href=\"https:\/\/biblioteca.blanes.cat\/salajove\/2017\/10\/13\/801\/\" \/>\n<meta property=\"og:locale\" content=\"ca_ES\" \/>\n<meta property=\"og:type\" content=\"article\" \/>\n<meta property=\"og:title\" content=\"Pan de limon con semillas de amapola - Cristina Campos- Sala Jove\" \/>\n<meta property=\"og:description\" content=\"Durant l\u2019hivern del 2010, Cristina Campos ens presenta a l&#039;Anna i la Marina. S\u00f3n dos germanes, que es retroben, despr\u00e9s de quinze anys sense veure\u2019s.\" \/>\n<meta property=\"og:url\" content=\"https:\/\/biblioteca.blanes.cat\/salajove\/2017\/10\/13\/801\/\" \/>\n<meta property=\"og:site_name\" content=\"Sala Jove\" \/>\n<meta property=\"article:publisher\" content=\"https:\/\/www.facebook.com\/BilbiotecaComarcaldeBlanes\/\" \/>\n<meta property=\"article:published_time\" content=\"2017-10-13T19:04:57+00:00\" \/>\n<meta property=\"article:modified_time\" content=\"2018-01-15T14:17:32+00:00\" \/>\n<meta property=\"og:image\" content=\"https:\/\/biblioteca.blanes.cat\/salajove\/wp-content\/uploads\/sites\/3\/2017\/10\/Destacat_rac\u00f3_Paula.png\" \/>\n\t<meta property=\"og:image:width\" content=\"3719\" \/>\n\t<meta property=\"og:image:height\" content=\"2265\" \/>\n\t<meta property=\"og:image:type\" content=\"image\/png\" \/>\n<meta name=\"author\" content=\"paula\" \/>\n<meta name=\"twitter:card\" content=\"summary_large_image\" \/>\n<meta name=\"twitter:creator\" content=\"@BiblioBlanes\" \/>\n<meta name=\"twitter:site\" content=\"@BiblioBlanes\" \/>\n<meta name=\"twitter:label1\" content=\"Escrit per\" \/>\n\t<meta name=\"twitter:data1\" content=\"paula\" \/>\n\t<meta name=\"twitter:label2\" content=\"Temps estimat de lectura\" \/>\n\t<meta name=\"twitter:data2\" content=\"4 minuts\" \/>\n<script type=\"application\/ld+json\" class=\"yoast-schema-graph\">{\"@context\":\"https:\\\/\\\/schema.org\",\"@graph\":[{\"@type\":\"Article\",\"@id\":\"https:\\\/\\\/biblioteca.blanes.cat\\\/salajove\\\/2017\\\/10\\\/13\\\/801\\\/#article\",\"isPartOf\":{\"@id\":\"https:\\\/\\\/biblioteca.blanes.cat\\\/salajove\\\/2017\\\/10\\\/13\\\/801\\\/\"},\"author\":{\"name\":\"paula\",\"@id\":\"https:\\\/\\\/biblioteca.blanes.cat\\\/salajove\\\/#\\\/schema\\\/person\\\/8dbc45cdf5d1c7e2d100d147517ba7f3\"},\"headline\":\"Pan de limon con semillas de amapolas &#8211; Cristina Campos\",\"datePublished\":\"2017-10-13T19:04:57+00:00\",\"dateModified\":\"2018-01-15T14:17:32+00:00\",\"mainEntityOfPage\":{\"@id\":\"https:\\\/\\\/biblioteca.blanes.cat\\\/salajove\\\/2017\\\/10\\\/13\\\/801\\\/\"},\"wordCount\":818,\"commentCount\":0,\"publisher\":{\"@id\":\"https:\\\/\\\/biblioteca.blanes.cat\\\/salajove\\\/#organization\"},\"image\":{\"@id\":\"https:\\\/\\\/biblioteca.blanes.cat\\\/salajove\\\/2017\\\/10\\\/13\\\/801\\\/#primaryimage\"},\"thumbnailUrl\":\"https:\\\/\\\/biblioteca.blanes.cat\\\/salajove\\\/wp-content\\\/uploads\\\/sites\\\/3\\\/2017\\\/10\\\/Destacat_rac\u00f3_Paula.png\",\"keywords\":[\"#ElRac\u00f3delaPaula\",\"#Llibres\",\"#Sinopsi\"],\"articleSection\":[\"Rac\u00f3 de la Paula\",\"RP_Novetat\"],\"inLanguage\":\"ca\",\"potentialAction\":[{\"@type\":\"CommentAction\",\"name\":\"Comment\",\"target\":[\"https:\\\/\\\/biblioteca.blanes.cat\\\/salajove\\\/2017\\\/10\\\/13\\\/801\\\/#respond\"]}]},{\"@type\":\"WebPage\",\"@id\":\"https:\\\/\\\/biblioteca.blanes.cat\\\/salajove\\\/2017\\\/10\\\/13\\\/801\\\/\",\"url\":\"https:\\\/\\\/biblioteca.blanes.cat\\\/salajove\\\/2017\\\/10\\\/13\\\/801\\\/\",\"name\":\"Pan de limon con semillas de amapola - Cristina Campos- Sala Jove\",\"isPartOf\":{\"@id\":\"https:\\\/\\\/biblioteca.blanes.cat\\\/salajove\\\/#website\"},\"primaryImageOfPage\":{\"@id\":\"https:\\\/\\\/biblioteca.blanes.cat\\\/salajove\\\/2017\\\/10\\\/13\\\/801\\\/#primaryimage\"},\"image\":{\"@id\":\"https:\\\/\\\/biblioteca.blanes.cat\\\/salajove\\\/2017\\\/10\\\/13\\\/801\\\/#primaryimage\"},\"thumbnailUrl\":\"https:\\\/\\\/biblioteca.blanes.cat\\\/salajove\\\/wp-content\\\/uploads\\\/sites\\\/3\\\/2017\\\/10\\\/Destacat_rac\u00f3_Paula.png\",\"datePublished\":\"2017-10-13T19:04:57+00:00\",\"dateModified\":\"2018-01-15T14:17:32+00:00\",\"description\":\"Durant l\u2019hivern del 2010, Cristina Campos ens presenta a l'Anna i la Marina. S\u00f3n dos germanes, que es retroben, despr\u00e9s de quinze anys sense veure\u2019s.\",\"breadcrumb\":{\"@id\":\"https:\\\/\\\/biblioteca.blanes.cat\\\/salajove\\\/2017\\\/10\\\/13\\\/801\\\/#breadcrumb\"},\"inLanguage\":\"ca\",\"potentialAction\":[{\"@type\":\"ReadAction\",\"target\":[\"https:\\\/\\\/biblioteca.blanes.cat\\\/salajove\\\/2017\\\/10\\\/13\\\/801\\\/\"]}]},{\"@type\":\"ImageObject\",\"inLanguage\":\"ca\",\"@id\":\"https:\\\/\\\/biblioteca.blanes.cat\\\/salajove\\\/2017\\\/10\\\/13\\\/801\\\/#primaryimage\",\"url\":\"https:\\\/\\\/biblioteca.blanes.cat\\\/salajove\\\/wp-content\\\/uploads\\\/sites\\\/3\\\/2017\\\/10\\\/Destacat_rac\u00f3_Paula.png\",\"contentUrl\":\"https:\\\/\\\/biblioteca.blanes.cat\\\/salajove\\\/wp-content\\\/uploads\\\/sites\\\/3\\\/2017\\\/10\\\/Destacat_rac\u00f3_Paula.png\",\"width\":3719,\"height\":2265,\"caption\":\"Rac\u00f3 de la Paula\"},{\"@type\":\"BreadcrumbList\",\"@id\":\"https:\\\/\\\/biblioteca.blanes.cat\\\/salajove\\\/2017\\\/10\\\/13\\\/801\\\/#breadcrumb\",\"itemListElement\":[{\"@type\":\"ListItem\",\"position\":1,\"name\":\"Inici\",\"item\":\"https:\\\/\\\/biblioteca.blanes.cat\\\/salajove\\\/\"},{\"@type\":\"ListItem\",\"position\":2,\"name\":\"Pan de limon con semillas de amapolas &#8211; Cristina Campos\"}]},{\"@type\":\"WebSite\",\"@id\":\"https:\\\/\\\/biblioteca.blanes.cat\\\/salajove\\\/#website\",\"url\":\"https:\\\/\\\/biblioteca.blanes.cat\\\/salajove\\\/\",\"name\":\"Sala Jove\",\"description\":\"Biblioteca Comarcal de Blanes\",\"publisher\":{\"@id\":\"https:\\\/\\\/biblioteca.blanes.cat\\\/salajove\\\/#organization\"},\"potentialAction\":[{\"@type\":\"SearchAction\",\"target\":{\"@type\":\"EntryPoint\",\"urlTemplate\":\"https:\\\/\\\/biblioteca.blanes.cat\\\/salajove\\\/?s={search_term_string}\"},\"query-input\":{\"@type\":\"PropertyValueSpecification\",\"valueRequired\":true,\"valueName\":\"search_term_string\"}}],\"inLanguage\":\"ca\"},{\"@type\":\"Organization\",\"@id\":\"https:\\\/\\\/biblioteca.blanes.cat\\\/salajove\\\/#organization\",\"name\":\"Biblioteca Comarcal de Blanes\",\"url\":\"https:\\\/\\\/biblioteca.blanes.cat\\\/salajove\\\/\",\"logo\":{\"@type\":\"ImageObject\",\"inLanguage\":\"ca\",\"@id\":\"https:\\\/\\\/biblioteca.blanes.cat\\\/salajove\\\/#\\\/schema\\\/logo\\\/image\\\/\",\"url\":\"https:\\\/\\\/biblioteca.blanes.cat\\\/salajove\\\/wp-content\\\/uploads\\\/sites\\\/3\\\/2017\\\/09\\\/cropped-Bib-blau-e1518869380535.png\",\"contentUrl\":\"https:\\\/\\\/biblioteca.blanes.cat\\\/salajove\\\/wp-content\\\/uploads\\\/sites\\\/3\\\/2017\\\/09\\\/cropped-Bib-blau-e1518869380535.png\",\"width\":166,\"height\":166,\"caption\":\"Biblioteca Comarcal de Blanes\"},\"image\":{\"@id\":\"https:\\\/\\\/biblioteca.blanes.cat\\\/salajove\\\/#\\\/schema\\\/logo\\\/image\\\/\"},\"sameAs\":[\"https:\\\/\\\/www.facebook.com\\\/BilbiotecaComarcaldeBlanes\\\/\",\"https:\\\/\\\/x.com\\\/BiblioBlanes\",\"https:\\\/\\\/www.instagram.com\\\/biblioblanes\\\/\",\"https:\\\/\\\/www.pinterest.es\\\/bblanes\\\/\",\"https:\\\/\\\/www.youtube.com\\\/c\\\/BibliotecaComarcalBlanes\"]},{\"@type\":\"Person\",\"@id\":\"https:\\\/\\\/biblioteca.blanes.cat\\\/salajove\\\/#\\\/schema\\\/person\\\/8dbc45cdf5d1c7e2d100d147517ba7f3\",\"name\":\"paula\",\"image\":{\"@type\":\"ImageObject\",\"inLanguage\":\"ca\",\"@id\":\"https:\\\/\\\/secure.gravatar.com\\\/avatar\\\/7dc0a9399589f36ddc6864e8335b73854871aa22921ee390cb50776e7ddfc136?s=96&d=mm&r=g\",\"url\":\"https:\\\/\\\/secure.gravatar.com\\\/avatar\\\/7dc0a9399589f36ddc6864e8335b73854871aa22921ee390cb50776e7ddfc136?s=96&d=mm&r=g\",\"contentUrl\":\"https:\\\/\\\/secure.gravatar.com\\\/avatar\\\/7dc0a9399589f36ddc6864e8335b73854871aa22921ee390cb50776e7ddfc136?s=96&d=mm&r=g\",\"caption\":\"paula\"},\"url\":\"https:\\\/\\\/biblioteca.blanes.cat\\\/salajove\\\/author\\\/paula\\\/\"}]}<\/script>\n<!-- \/ Yoast SEO plugin. -->","yoast_head_json":{"title":"Pan de limon con semillas de amapola - Cristina Campos- Sala Jove","description":"Durant l\u2019hivern del 2010, Cristina Campos ens presenta a l'Anna i la Marina. S\u00f3n dos germanes, que es retroben, despr\u00e9s de quinze anys sense veure\u2019s.","robots":{"index":"index","follow":"follow","max-snippet":"max-snippet:-1","max-image-preview":"max-image-preview:large","max-video-preview":"max-video-preview:-1"},"canonical":"https:\/\/biblioteca.blanes.cat\/salajove\/2017\/10\/13\/801\/","og_locale":"ca_ES","og_type":"article","og_title":"Pan de limon con semillas de amapola - Cristina Campos- Sala Jove","og_description":"Durant l\u2019hivern del 2010, Cristina Campos ens presenta a l'Anna i la Marina. S\u00f3n dos germanes, que es retroben, despr\u00e9s de quinze anys sense veure\u2019s.","og_url":"https:\/\/biblioteca.blanes.cat\/salajove\/2017\/10\/13\/801\/","og_site_name":"Sala Jove","article_publisher":"https:\/\/www.facebook.com\/BilbiotecaComarcaldeBlanes\/","article_published_time":"2017-10-13T19:04:57+00:00","article_modified_time":"2018-01-15T14:17:32+00:00","og_image":[{"width":3719,"height":2265,"url":"https:\/\/biblioteca.blanes.cat\/salajove\/wp-content\/uploads\/sites\/3\/2017\/10\/Destacat_rac\u00f3_Paula.png","type":"image\/png"}],"author":"paula","twitter_card":"summary_large_image","twitter_creator":"@BiblioBlanes","twitter_site":"@BiblioBlanes","twitter_misc":{"Escrit per":"paula","Temps estimat de lectura":"4 minuts"},"schema":{"@context":"https:\/\/schema.org","@graph":[{"@type":"Article","@id":"https:\/\/biblioteca.blanes.cat\/salajove\/2017\/10\/13\/801\/#article","isPartOf":{"@id":"https:\/\/biblioteca.blanes.cat\/salajove\/2017\/10\/13\/801\/"},"author":{"name":"paula","@id":"https:\/\/biblioteca.blanes.cat\/salajove\/#\/schema\/person\/8dbc45cdf5d1c7e2d100d147517ba7f3"},"headline":"Pan de limon con semillas de amapolas &#8211; Cristina Campos","datePublished":"2017-10-13T19:04:57+00:00","dateModified":"2018-01-15T14:17:32+00:00","mainEntityOfPage":{"@id":"https:\/\/biblioteca.blanes.cat\/salajove\/2017\/10\/13\/801\/"},"wordCount":818,"commentCount":0,"publisher":{"@id":"https:\/\/biblioteca.blanes.cat\/salajove\/#organization"},"image":{"@id":"https:\/\/biblioteca.blanes.cat\/salajove\/2017\/10\/13\/801\/#primaryimage"},"thumbnailUrl":"https:\/\/biblioteca.blanes.cat\/salajove\/wp-content\/uploads\/sites\/3\/2017\/10\/Destacat_rac\u00f3_Paula.png","keywords":["#ElRac\u00f3delaPaula","#Llibres","#Sinopsi"],"articleSection":["Rac\u00f3 de la Paula","RP_Novetat"],"inLanguage":"ca","potentialAction":[{"@type":"CommentAction","name":"Comment","target":["https:\/\/biblioteca.blanes.cat\/salajove\/2017\/10\/13\/801\/#respond"]}]},{"@type":"WebPage","@id":"https:\/\/biblioteca.blanes.cat\/salajove\/2017\/10\/13\/801\/","url":"https:\/\/biblioteca.blanes.cat\/salajove\/2017\/10\/13\/801\/","name":"Pan de limon con semillas de amapola - Cristina Campos- Sala Jove","isPartOf":{"@id":"https:\/\/biblioteca.blanes.cat\/salajove\/#website"},"primaryImageOfPage":{"@id":"https:\/\/biblioteca.blanes.cat\/salajove\/2017\/10\/13\/801\/#primaryimage"},"image":{"@id":"https:\/\/biblioteca.blanes.cat\/salajove\/2017\/10\/13\/801\/#primaryimage"},"thumbnailUrl":"https:\/\/biblioteca.blanes.cat\/salajove\/wp-content\/uploads\/sites\/3\/2017\/10\/Destacat_rac\u00f3_Paula.png","datePublished":"2017-10-13T19:04:57+00:00","dateModified":"2018-01-15T14:17:32+00:00","description":"Durant l\u2019hivern del 2010, Cristina Campos ens presenta a l'Anna i la Marina. S\u00f3n dos germanes, que es retroben, despr\u00e9s de quinze anys sense veure\u2019s.","breadcrumb":{"@id":"https:\/\/biblioteca.blanes.cat\/salajove\/2017\/10\/13\/801\/#breadcrumb"},"inLanguage":"ca","potentialAction":[{"@type":"ReadAction","target":["https:\/\/biblioteca.blanes.cat\/salajove\/2017\/10\/13\/801\/"]}]},{"@type":"ImageObject","inLanguage":"ca","@id":"https:\/\/biblioteca.blanes.cat\/salajove\/2017\/10\/13\/801\/#primaryimage","url":"https:\/\/biblioteca.blanes.cat\/salajove\/wp-content\/uploads\/sites\/3\/2017\/10\/Destacat_rac\u00f3_Paula.png","contentUrl":"https:\/\/biblioteca.blanes.cat\/salajove\/wp-content\/uploads\/sites\/3\/2017\/10\/Destacat_rac\u00f3_Paula.png","width":3719,"height":2265,"caption":"Rac\u00f3 de la Paula"},{"@type":"BreadcrumbList","@id":"https:\/\/biblioteca.blanes.cat\/salajove\/2017\/10\/13\/801\/#breadcrumb","itemListElement":[{"@type":"ListItem","position":1,"name":"Inici","item":"https:\/\/biblioteca.blanes.cat\/salajove\/"},{"@type":"ListItem","position":2,"name":"Pan de limon con semillas de amapolas &#8211; Cristina Campos"}]},{"@type":"WebSite","@id":"https:\/\/biblioteca.blanes.cat\/salajove\/#website","url":"https:\/\/biblioteca.blanes.cat\/salajove\/","name":"Sala Jove","description":"Biblioteca Comarcal de Blanes","publisher":{"@id":"https:\/\/biblioteca.blanes.cat\/salajove\/#organization"},"potentialAction":[{"@type":"SearchAction","target":{"@type":"EntryPoint","urlTemplate":"https:\/\/biblioteca.blanes.cat\/salajove\/?s={search_term_string}"},"query-input":{"@type":"PropertyValueSpecification","valueRequired":true,"valueName":"search_term_string"}}],"inLanguage":"ca"},{"@type":"Organization","@id":"https:\/\/biblioteca.blanes.cat\/salajove\/#organization","name":"Biblioteca Comarcal de Blanes","url":"https:\/\/biblioteca.blanes.cat\/salajove\/","logo":{"@type":"ImageObject","inLanguage":"ca","@id":"https:\/\/biblioteca.blanes.cat\/salajove\/#\/schema\/logo\/image\/","url":"https:\/\/biblioteca.blanes.cat\/salajove\/wp-content\/uploads\/sites\/3\/2017\/09\/cropped-Bib-blau-e1518869380535.png","contentUrl":"https:\/\/biblioteca.blanes.cat\/salajove\/wp-content\/uploads\/sites\/3\/2017\/09\/cropped-Bib-blau-e1518869380535.png","width":166,"height":166,"caption":"Biblioteca Comarcal de Blanes"},"image":{"@id":"https:\/\/biblioteca.blanes.cat\/salajove\/#\/schema\/logo\/image\/"},"sameAs":["https:\/\/www.facebook.com\/BilbiotecaComarcaldeBlanes\/","https:\/\/x.com\/BiblioBlanes","https:\/\/www.instagram.com\/biblioblanes\/","https:\/\/www.pinterest.es\/bblanes\/","https:\/\/www.youtube.com\/c\/BibliotecaComarcalBlanes"]},{"@type":"Person","@id":"https:\/\/biblioteca.blanes.cat\/salajove\/#\/schema\/person\/8dbc45cdf5d1c7e2d100d147517ba7f3","name":"paula","image":{"@type":"ImageObject","inLanguage":"ca","@id":"https:\/\/secure.gravatar.com\/avatar\/7dc0a9399589f36ddc6864e8335b73854871aa22921ee390cb50776e7ddfc136?s=96&d=mm&r=g","url":"https:\/\/secure.gravatar.com\/avatar\/7dc0a9399589f36ddc6864e8335b73854871aa22921ee390cb50776e7ddfc136?s=96&d=mm&r=g","contentUrl":"https:\/\/secure.gravatar.com\/avatar\/7dc0a9399589f36ddc6864e8335b73854871aa22921ee390cb50776e7ddfc136?s=96&d=mm&r=g","caption":"paula"},"url":"https:\/\/biblioteca.blanes.cat\/salajove\/author\/paula\/"}]}},"_links":{"self":[{"href":"https:\/\/biblioteca.blanes.cat\/salajove\/wp-json\/wp\/v2\/posts\/801","targetHints":{"allow":["GET"]}}],"collection":[{"href":"https:\/\/biblioteca.blanes.cat\/salajove\/wp-json\/wp\/v2\/posts"}],"about":[{"href":"https:\/\/biblioteca.blanes.cat\/salajove\/wp-json\/wp\/v2\/types\/post"}],"author":[{"embeddable":true,"href":"https:\/\/biblioteca.blanes.cat\/salajove\/wp-json\/wp\/v2\/users\/6"}],"replies":[{"embeddable":true,"href":"https:\/\/biblioteca.blanes.cat\/salajove\/wp-json\/wp\/v2\/comments?post=801"}],"version-history":[{"count":3,"href":"https:\/\/biblioteca.blanes.cat\/salajove\/wp-json\/wp\/v2\/posts\/801\/revisions"}],"predecessor-version":[{"id":826,"href":"https:\/\/biblioteca.blanes.cat\/salajove\/wp-json\/wp\/v2\/posts\/801\/revisions\/826"}],"wp:featuredmedia":[{"embeddable":true,"href":"https:\/\/biblioteca.blanes.cat\/salajove\/wp-json\/wp\/v2\/media\/154"}],"wp:attachment":[{"href":"https:\/\/biblioteca.blanes.cat\/salajove\/wp-json\/wp\/v2\/media?parent=801"}],"wp:term":[{"taxonomy":"category","embeddable":true,"href":"https:\/\/biblioteca.blanes.cat\/salajove\/wp-json\/wp\/v2\/categories?post=801"},{"taxonomy":"post_tag","embeddable":true,"href":"https:\/\/biblioteca.blanes.cat\/salajove\/wp-json\/wp\/v2\/tags?post=801"}],"curies":[{"name":"wp","href":"https:\/\/api.w.org\/{rel}","templated":true}]}}