{"id":7971,"date":"2023-05-22T15:37:41","date_gmt":"2023-05-22T14:37:41","guid":{"rendered":"https:\/\/biblioteca.blanes.cat\/salajove\/?p=7971"},"modified":"2023-05-22T15:37:42","modified_gmt":"2023-05-22T14:37:42","slug":"guanyadora-del-concurs-de-fotografia-filosofica-fes-me-pensar","status":"publish","type":"post","link":"https:\/\/biblioteca.blanes.cat\/salajove\/2023\/05\/22\/guanyadora-del-concurs-de-fotografia-filosofica-fes-me-pensar\/","title":{"rendered":"Guanyadora del concurs de fotografia filos\u00f2fica &#8220;Fes-me pensar&#8221;"},"content":{"rendered":"\n<p style=\"text-align: center;\"><span class=\"hiddenSpellError\">Eiiii<\/span> joves!!<br \/><br \/>Ja tenim guanyadora del concurs <strong>Fes<span class=\"hiddenGrammarError\">-me<\/span> <\/strong><span class=\"hiddenGrammarError\"><strong>pensar<\/strong> !<\/span>!<br \/><br \/><strong>Concurs de fotografia filos\u00f2fica<\/strong> que va sorgir de la iniciativa dels 3 instituts de secund\u00e0ria del municipi de Blanes que, inspirats en l&#8217;Olimp\u00edada de Filosofia de Catalunya, proposa per a l&#8217;alumnat un repte filos\u00f2fic de car\u00e0cter fotogr\u00e0fic amb l&#8217;objectiu de fomentar el desenvolupament del pensament propi i la creativitat de l&#8217;alumnat a partir d&#8217;un tema o q\u00fcesti\u00f3 filos\u00f2fica amb un enfocament contemporani.<\/p>\n<p>\u00a0<\/p>\n<p><img fetchpriority=\"high\" decoding=\"async\" class=\"aligncenter wp-image-7881 size-full\" src=\"https:\/\/biblioteca.blanes.cat\/salajove\/wp-content\/uploads\/sites\/3\/2023\/04\/Fes-me-pensar_-1.jpg\" alt=\"\" width=\"477\" height=\"674\" srcset=\"https:\/\/biblioteca.blanes.cat\/salajove\/wp-content\/uploads\/sites\/3\/2023\/04\/Fes-me-pensar_-1.jpg 477w, https:\/\/biblioteca.blanes.cat\/salajove\/wp-content\/uploads\/sites\/3\/2023\/04\/Fes-me-pensar_-1-212x300.jpg 212w\" sizes=\"(max-width: 477px) 100vw, 477px\" \/><\/p>\n<p><\/p>\n<p>\u00a0<\/p>\n\n\n\n<p style=\"text-align: center;\">I la nostra Guanyadora \u00e9s la:<\/p>\n<h1 style=\"text-align: center;\">Emma Aguilera<\/h1>\n<p>\u00a0<\/p>\n<p><img decoding=\"async\" class=\"aligncenter wp-image-7973 size-full\" src=\"https:\/\/biblioteca.blanes.cat\/salajove\/wp-content\/uploads\/sites\/3\/2023\/05\/IMG-20230330-WA0004-emma-aguilera-1.jpg\" alt=\"\" width=\"1598\" height=\"898\" srcset=\"https:\/\/biblioteca.blanes.cat\/salajove\/wp-content\/uploads\/sites\/3\/2023\/05\/IMG-20230330-WA0004-emma-aguilera-1.jpg 1598w, https:\/\/biblioteca.blanes.cat\/salajove\/wp-content\/uploads\/sites\/3\/2023\/05\/IMG-20230330-WA0004-emma-aguilera-1-300x169.jpg 300w, https:\/\/biblioteca.blanes.cat\/salajove\/wp-content\/uploads\/sites\/3\/2023\/05\/IMG-20230330-WA0004-emma-aguilera-1-1024x575.jpg 1024w, https:\/\/biblioteca.blanes.cat\/salajove\/wp-content\/uploads\/sites\/3\/2023\/05\/IMG-20230330-WA0004-emma-aguilera-1-768x432.jpg 768w, https:\/\/biblioteca.blanes.cat\/salajove\/wp-content\/uploads\/sites\/3\/2023\/05\/IMG-20230330-WA0004-emma-aguilera-1-1536x863.jpg 1536w\" sizes=\"(max-width: 1598px) 100vw, 1598px\" \/><\/p>\n\n\n\n<p style=\"text-align: center;\">A continuaci\u00f3 podeu llegir com va defensar la seva obra davant del jurat<\/p>\n<p>\u00a0<\/p>\n<h3 style=\"text-align: center;\"><span style=\"background-color: #ffffff; color: #000080;\"><strong>EXPOSICI\u00d3 FOTOGRAFIA FILOS\u00d2FICA<\/strong><\/span><\/h3>\n<p>\u00a0<\/p>\n<p style=\"text-align: center;\">La meva motivaci\u00f3 per participar en aquest concurs va ser el fet que el meu professor de<br \/>filosofia ens va animar a fer-ho com a part de la participaci\u00f3 activa a classe. A m\u00e9s, ens va<br \/>dir que, com ja est\u00e0vem a 2n de Batxillerat i hav\u00edem estudiat els pensaments de diferents<br \/>autors de la filosofia occidental, pod\u00edem aprofitar els nostres coneixements per donar m\u00e9s<br \/>qualitat a les nostres preguntes.<\/p>\n<p style=\"text-align: center;\"><br \/>Amb aix\u00f2 present, vaig comen\u00e7ar a buscar, d&#8217;entre les meves fotografies de Blanes, quina<br \/>podia ajustar-se a una q\u00fcesti\u00f3 filos\u00f2fica relacionada amb el que havia apr\u00e8s, i em va cridar<br \/>l&#8217;atenci\u00f3 la fotografia d&#8217;una posta de Sol en el port. Veient-la, se&#8217;m va venir a la ment Hume i<br \/>un exemple que hav\u00edem comentat a classe.<\/p>\n<p style=\"text-align: center;\"><br \/>En aquest exemple, Hume es q\u00fcestionava:<br \/>Realment podem saber que el Sol sortir\u00e0 dem\u00e0 o nom\u00e9s ho creiem perqu\u00e8 sempre ha estat<br \/>aix\u00ed? O, dit d&#8217;una altra forma, podem saber que el futur ser\u00e0 igual que el passat o nom\u00e9s ho<br \/>podem creure?<\/p>\n<p style=\"text-align: center;\"><br \/>Com sabeu, Hume era empirista i creia que el coneixement est\u00e0 basat en les impressions<br \/>que tenim de la vida. Per tant, si una idea no prov\u00e9 d&#8217;una impressi\u00f3, segons ell, no \u00e9s certa,<br \/>nom\u00e9s \u00e9s una associaci\u00f3 que fa la nostra ment basant-se en experi\u00e8ncies del passat, \u00e9s a<br \/>dir, en un h\u00e0bit. Tanmateix, com no \u00e9s possible tenir impressions d&#8217;un futur que encara no<br \/>ha arribat, tampoc \u00e9s possible assegurar que aquest ser\u00e0 igual que el passat. Aquest \u00e9s, en<br \/>ess\u00e8ncia el pensament de Hume i la idea darrere de la meva fotografia. Per tant, la branca<br \/>de la filosofia amb qu\u00e8 es podria relacionar la meva pregunta \u00e9s la epistemologia.<br \/>Personalment, crec que \u00e9s raonable pensar que el futur ser\u00e0 com el passat en situacions<br \/>similars a la plantejada a la pregunta. Per exemple, porto 17 anys veient que el Sol surt<br \/>cada dia i, per aix\u00f2, s\u00e9 que dem\u00e0 no ser\u00e0 l&#8217;excepci\u00f3. A m\u00e9s, la meva certesa est\u00e0 basada<br \/>en el coneixement cient\u00edfic que la Terra gira al voltant del Sol i que cada 24 hores torna al<br \/>mateix punt, segons el nostre punt de vista.<\/p>\n<p style=\"text-align: center;\">No obstant, tamb\u00e9 soc conscient que el futur no \u00e9s tan simple com aix\u00f2 i hi ha un munt de<br \/>variables que no podem controlar, que no depenen de nosaltres i, per tant, no podem saber<br \/>amb certesa si passaran o no, ja que sempre pot haver un succ\u00e9s imprevist que canvi\u00ef les<br \/>nostres expectatives.<br \/>Per aquest motiu, crec que haur\u00edem de ser m\u00e9s conscients del que tenim ara, en comptes<br \/>d&#8217;amo\u00efnar-nos per coses que no podem controlar. Haur\u00edem de gaudir m\u00e9s el moment,<br \/>perqu\u00e8, al final, com diu la coneguda frase, &#8220;el cam\u00ed \u00e9s la meta&#8221;.<\/p>\n<p style=\"text-align: center;\">Quant a l&#8217;est\u00e8tica, considero que \u00e9s interessant el fet que hi hagi un contrast tan notori entre<br \/>llum i foscor. Perqu\u00e8, no \u00e9s el coneixement com una llum que ens guia des de lluny entre la<br \/>foscor d&#8217;aquest m\u00f3n i que, malgrat que no sempre la veiem, mai deixa d&#8217;existir? No \u00e9s all\u00f2<br \/>que ens incita a q\u00fcestionar-nos les coses i a assegurar-nos del que creiem?<\/p>\n<p>\u00a0<\/p>\n","protected":false},"excerpt":{"rendered":"","protected":false},"author":4,"featured_media":7881,"comment_status":"open","ping_status":"open","sticky":false,"template":"","format":"standard","meta":{"sfsi_plus_gutenberg_text_before_share":"","sfsi_plus_gutenberg_show_text_before_share":"","sfsi_plus_gutenberg_icon_type":"","sfsi_plus_gutenberg_icon_alignemt":"","sfsi_plus_gutenburg_max_per_row":"","footnotes":""},"categories":[1],"tags":[97],"class_list":["post-7971","post","type-post","status-publish","format-standard","has-post-thumbnail","hentry","category-general","tag-activitats-actualitat-joves"],"yoast_head":"<!-- This site is optimized with the Yoast SEO plugin v27.5 - https:\/\/yoast.com\/product\/yoast-seo-wordpress\/ -->\n<title>Guanyadora del concurs de fotografia filos\u00f2fica &quot;Fes-me pensar&quot; - Sala Jove<\/title>\n<meta name=\"robots\" content=\"index, follow, max-snippet:-1, max-image-preview:large, max-video-preview:-1\" \/>\n<link rel=\"canonical\" href=\"https:\/\/biblioteca.blanes.cat\/salajove\/2023\/05\/22\/guanyadora-del-concurs-de-fotografia-filosofica-fes-me-pensar\/\" \/>\n<meta property=\"og:locale\" content=\"ca_ES\" \/>\n<meta property=\"og:type\" content=\"article\" \/>\n<meta property=\"og:title\" content=\"Guanyadora del concurs de fotografia filos\u00f2fica &quot;Fes-me pensar&quot; - Sala Jove\" \/>\n<meta property=\"og:url\" content=\"https:\/\/biblioteca.blanes.cat\/salajove\/2023\/05\/22\/guanyadora-del-concurs-de-fotografia-filosofica-fes-me-pensar\/\" \/>\n<meta property=\"og:site_name\" content=\"Sala Jove\" \/>\n<meta property=\"article:publisher\" content=\"https:\/\/www.facebook.com\/BilbiotecaComarcaldeBlanes\/\" \/>\n<meta property=\"article:published_time\" content=\"2023-05-22T14:37:41+00:00\" \/>\n<meta property=\"article:modified_time\" content=\"2023-05-22T14:37:42+00:00\" \/>\n<meta property=\"og:image\" content=\"https:\/\/biblioteca.blanes.cat\/salajove\/wp-content\/uploads\/sites\/3\/2023\/04\/Fes-me-pensar_-1.jpg\" \/>\n\t<meta property=\"og:image:width\" content=\"477\" \/>\n\t<meta property=\"og:image:height\" content=\"674\" \/>\n\t<meta property=\"og:image:type\" content=\"image\/jpeg\" \/>\n<meta name=\"author\" content=\"biblioblanes\" \/>\n<meta name=\"twitter:card\" content=\"summary_large_image\" \/>\n<meta name=\"twitter:creator\" content=\"@biblioblanes\" \/>\n<meta name=\"twitter:site\" content=\"@BiblioBlanes\" \/>\n<meta name=\"twitter:label1\" content=\"Escrit per\" \/>\n\t<meta name=\"twitter:data1\" content=\"biblioblanes\" \/>\n\t<meta name=\"twitter:label2\" content=\"Temps estimat de lectura\" \/>\n\t<meta name=\"twitter:data2\" content=\"4 minuts\" \/>\n<script type=\"application\/ld+json\" class=\"yoast-schema-graph\">{\"@context\":\"https:\\\/\\\/schema.org\",\"@graph\":[{\"@type\":\"Article\",\"@id\":\"https:\\\/\\\/biblioteca.blanes.cat\\\/salajove\\\/2023\\\/05\\\/22\\\/guanyadora-del-concurs-de-fotografia-filosofica-fes-me-pensar\\\/#article\",\"isPartOf\":{\"@id\":\"https:\\\/\\\/biblioteca.blanes.cat\\\/salajove\\\/2023\\\/05\\\/22\\\/guanyadora-del-concurs-de-fotografia-filosofica-fes-me-pensar\\\/\"},\"author\":{\"name\":\"biblioblanes\",\"@id\":\"https:\\\/\\\/biblioteca.blanes.cat\\\/salajove\\\/#\\\/schema\\\/person\\\/5a7b46760d9dd611d098bbf571a341dc\"},\"headline\":\"Guanyadora del concurs de fotografia filos\u00f2fica &#8220;Fes-me pensar&#8221;\",\"datePublished\":\"2023-05-22T14:37:41+00:00\",\"dateModified\":\"2023-05-22T14:37:42+00:00\",\"mainEntityOfPage\":{\"@id\":\"https:\\\/\\\/biblioteca.blanes.cat\\\/salajove\\\/2023\\\/05\\\/22\\\/guanyadora-del-concurs-de-fotografia-filosofica-fes-me-pensar\\\/\"},\"wordCount\":653,\"commentCount\":0,\"publisher\":{\"@id\":\"https:\\\/\\\/biblioteca.blanes.cat\\\/salajove\\\/#organization\"},\"image\":{\"@id\":\"https:\\\/\\\/biblioteca.blanes.cat\\\/salajove\\\/2023\\\/05\\\/22\\\/guanyadora-del-concurs-de-fotografia-filosofica-fes-me-pensar\\\/#primaryimage\"},\"thumbnailUrl\":\"https:\\\/\\\/biblioteca.blanes.cat\\\/salajove\\\/wp-content\\\/uploads\\\/sites\\\/3\\\/2023\\\/04\\\/Fes-me-pensar_-1.jpg\",\"keywords\":[\"#Activitats #Actualitat #Joves\"],\"articleSection\":[\"Not\u00edcies\"],\"inLanguage\":\"ca\",\"potentialAction\":[{\"@type\":\"CommentAction\",\"name\":\"Comment\",\"target\":[\"https:\\\/\\\/biblioteca.blanes.cat\\\/salajove\\\/2023\\\/05\\\/22\\\/guanyadora-del-concurs-de-fotografia-filosofica-fes-me-pensar\\\/#respond\"]}]},{\"@type\":\"WebPage\",\"@id\":\"https:\\\/\\\/biblioteca.blanes.cat\\\/salajove\\\/2023\\\/05\\\/22\\\/guanyadora-del-concurs-de-fotografia-filosofica-fes-me-pensar\\\/\",\"url\":\"https:\\\/\\\/biblioteca.blanes.cat\\\/salajove\\\/2023\\\/05\\\/22\\\/guanyadora-del-concurs-de-fotografia-filosofica-fes-me-pensar\\\/\",\"name\":\"Guanyadora del concurs de fotografia filos\u00f2fica \\\"Fes-me pensar\\\" - Sala Jove\",\"isPartOf\":{\"@id\":\"https:\\\/\\\/biblioteca.blanes.cat\\\/salajove\\\/#website\"},\"primaryImageOfPage\":{\"@id\":\"https:\\\/\\\/biblioteca.blanes.cat\\\/salajove\\\/2023\\\/05\\\/22\\\/guanyadora-del-concurs-de-fotografia-filosofica-fes-me-pensar\\\/#primaryimage\"},\"image\":{\"@id\":\"https:\\\/\\\/biblioteca.blanes.cat\\\/salajove\\\/2023\\\/05\\\/22\\\/guanyadora-del-concurs-de-fotografia-filosofica-fes-me-pensar\\\/#primaryimage\"},\"thumbnailUrl\":\"https:\\\/\\\/biblioteca.blanes.cat\\\/salajove\\\/wp-content\\\/uploads\\\/sites\\\/3\\\/2023\\\/04\\\/Fes-me-pensar_-1.jpg\",\"datePublished\":\"2023-05-22T14:37:41+00:00\",\"dateModified\":\"2023-05-22T14:37:42+00:00\",\"breadcrumb\":{\"@id\":\"https:\\\/\\\/biblioteca.blanes.cat\\\/salajove\\\/2023\\\/05\\\/22\\\/guanyadora-del-concurs-de-fotografia-filosofica-fes-me-pensar\\\/#breadcrumb\"},\"inLanguage\":\"ca\",\"potentialAction\":[{\"@type\":\"ReadAction\",\"target\":[\"https:\\\/\\\/biblioteca.blanes.cat\\\/salajove\\\/2023\\\/05\\\/22\\\/guanyadora-del-concurs-de-fotografia-filosofica-fes-me-pensar\\\/\"]}]},{\"@type\":\"ImageObject\",\"inLanguage\":\"ca\",\"@id\":\"https:\\\/\\\/biblioteca.blanes.cat\\\/salajove\\\/2023\\\/05\\\/22\\\/guanyadora-del-concurs-de-fotografia-filosofica-fes-me-pensar\\\/#primaryimage\",\"url\":\"https:\\\/\\\/biblioteca.blanes.cat\\\/salajove\\\/wp-content\\\/uploads\\\/sites\\\/3\\\/2023\\\/04\\\/Fes-me-pensar_-1.jpg\",\"contentUrl\":\"https:\\\/\\\/biblioteca.blanes.cat\\\/salajove\\\/wp-content\\\/uploads\\\/sites\\\/3\\\/2023\\\/04\\\/Fes-me-pensar_-1.jpg\",\"width\":477,\"height\":674},{\"@type\":\"BreadcrumbList\",\"@id\":\"https:\\\/\\\/biblioteca.blanes.cat\\\/salajove\\\/2023\\\/05\\\/22\\\/guanyadora-del-concurs-de-fotografia-filosofica-fes-me-pensar\\\/#breadcrumb\",\"itemListElement\":[{\"@type\":\"ListItem\",\"position\":1,\"name\":\"Inici\",\"item\":\"https:\\\/\\\/biblioteca.blanes.cat\\\/salajove\\\/\"},{\"@type\":\"ListItem\",\"position\":2,\"name\":\"Guanyadora del concurs de fotografia filos\u00f2fica &#8220;Fes-me pensar&#8221;\"}]},{\"@type\":\"WebSite\",\"@id\":\"https:\\\/\\\/biblioteca.blanes.cat\\\/salajove\\\/#website\",\"url\":\"https:\\\/\\\/biblioteca.blanes.cat\\\/salajove\\\/\",\"name\":\"Sala Jove\",\"description\":\"Biblioteca Comarcal de Blanes\",\"publisher\":{\"@id\":\"https:\\\/\\\/biblioteca.blanes.cat\\\/salajove\\\/#organization\"},\"potentialAction\":[{\"@type\":\"SearchAction\",\"target\":{\"@type\":\"EntryPoint\",\"urlTemplate\":\"https:\\\/\\\/biblioteca.blanes.cat\\\/salajove\\\/?s={search_term_string}\"},\"query-input\":{\"@type\":\"PropertyValueSpecification\",\"valueRequired\":true,\"valueName\":\"search_term_string\"}}],\"inLanguage\":\"ca\"},{\"@type\":\"Organization\",\"@id\":\"https:\\\/\\\/biblioteca.blanes.cat\\\/salajove\\\/#organization\",\"name\":\"Biblioteca Comarcal de Blanes\",\"url\":\"https:\\\/\\\/biblioteca.blanes.cat\\\/salajove\\\/\",\"logo\":{\"@type\":\"ImageObject\",\"inLanguage\":\"ca\",\"@id\":\"https:\\\/\\\/biblioteca.blanes.cat\\\/salajove\\\/#\\\/schema\\\/logo\\\/image\\\/\",\"url\":\"https:\\\/\\\/biblioteca.blanes.cat\\\/salajove\\\/wp-content\\\/uploads\\\/sites\\\/3\\\/2017\\\/09\\\/cropped-Bib-blau-e1518869380535.png\",\"contentUrl\":\"https:\\\/\\\/biblioteca.blanes.cat\\\/salajove\\\/wp-content\\\/uploads\\\/sites\\\/3\\\/2017\\\/09\\\/cropped-Bib-blau-e1518869380535.png\",\"width\":166,\"height\":166,\"caption\":\"Biblioteca Comarcal de Blanes\"},\"image\":{\"@id\":\"https:\\\/\\\/biblioteca.blanes.cat\\\/salajove\\\/#\\\/schema\\\/logo\\\/image\\\/\"},\"sameAs\":[\"https:\\\/\\\/www.facebook.com\\\/BilbiotecaComarcaldeBlanes\\\/\",\"https:\\\/\\\/x.com\\\/BiblioBlanes\",\"https:\\\/\\\/www.instagram.com\\\/biblioblanes\\\/\",\"https:\\\/\\\/www.pinterest.es\\\/bblanes\\\/\",\"https:\\\/\\\/www.youtube.com\\\/c\\\/BibliotecaComarcalBlanes\"]},{\"@type\":\"Person\",\"@id\":\"https:\\\/\\\/biblioteca.blanes.cat\\\/salajove\\\/#\\\/schema\\\/person\\\/5a7b46760d9dd611d098bbf571a341dc\",\"name\":\"biblioblanes\",\"image\":{\"@type\":\"ImageObject\",\"inLanguage\":\"ca\",\"@id\":\"https:\\\/\\\/secure.gravatar.com\\\/avatar\\\/6593ca6cc90e5a70939f51c95e8315483b9c281bafba597292bee47992030f99?s=96&d=mm&r=g\",\"url\":\"https:\\\/\\\/secure.gravatar.com\\\/avatar\\\/6593ca6cc90e5a70939f51c95e8315483b9c281bafba597292bee47992030f99?s=96&d=mm&r=g\",\"contentUrl\":\"https:\\\/\\\/secure.gravatar.com\\\/avatar\\\/6593ca6cc90e5a70939f51c95e8315483b9c281bafba597292bee47992030f99?s=96&d=mm&r=g\",\"caption\":\"biblioblanes\"},\"sameAs\":[\"http:\\\/\\\/www.bibgirona.cat\\\/biblioteca\\\/blanes\",\"https:\\\/\\\/x.com\\\/biblioblanes\"],\"url\":\"https:\\\/\\\/biblioteca.blanes.cat\\\/salajove\\\/author\\\/biblioblanes\\\/\"}]}<\/script>\n<!-- \/ Yoast SEO plugin. -->","yoast_head_json":{"title":"Guanyadora del concurs de fotografia filos\u00f2fica \"Fes-me pensar\" - Sala Jove","robots":{"index":"index","follow":"follow","max-snippet":"max-snippet:-1","max-image-preview":"max-image-preview:large","max-video-preview":"max-video-preview:-1"},"canonical":"https:\/\/biblioteca.blanes.cat\/salajove\/2023\/05\/22\/guanyadora-del-concurs-de-fotografia-filosofica-fes-me-pensar\/","og_locale":"ca_ES","og_type":"article","og_title":"Guanyadora del concurs de fotografia filos\u00f2fica \"Fes-me pensar\" - Sala Jove","og_url":"https:\/\/biblioteca.blanes.cat\/salajove\/2023\/05\/22\/guanyadora-del-concurs-de-fotografia-filosofica-fes-me-pensar\/","og_site_name":"Sala Jove","article_publisher":"https:\/\/www.facebook.com\/BilbiotecaComarcaldeBlanes\/","article_published_time":"2023-05-22T14:37:41+00:00","article_modified_time":"2023-05-22T14:37:42+00:00","og_image":[{"width":477,"height":674,"url":"https:\/\/biblioteca.blanes.cat\/salajove\/wp-content\/uploads\/sites\/3\/2023\/04\/Fes-me-pensar_-1.jpg","type":"image\/jpeg"}],"author":"biblioblanes","twitter_card":"summary_large_image","twitter_creator":"@biblioblanes","twitter_site":"@BiblioBlanes","twitter_misc":{"Escrit per":"biblioblanes","Temps estimat de lectura":"4 minuts"},"schema":{"@context":"https:\/\/schema.org","@graph":[{"@type":"Article","@id":"https:\/\/biblioteca.blanes.cat\/salajove\/2023\/05\/22\/guanyadora-del-concurs-de-fotografia-filosofica-fes-me-pensar\/#article","isPartOf":{"@id":"https:\/\/biblioteca.blanes.cat\/salajove\/2023\/05\/22\/guanyadora-del-concurs-de-fotografia-filosofica-fes-me-pensar\/"},"author":{"name":"biblioblanes","@id":"https:\/\/biblioteca.blanes.cat\/salajove\/#\/schema\/person\/5a7b46760d9dd611d098bbf571a341dc"},"headline":"Guanyadora del concurs de fotografia filos\u00f2fica &#8220;Fes-me pensar&#8221;","datePublished":"2023-05-22T14:37:41+00:00","dateModified":"2023-05-22T14:37:42+00:00","mainEntityOfPage":{"@id":"https:\/\/biblioteca.blanes.cat\/salajove\/2023\/05\/22\/guanyadora-del-concurs-de-fotografia-filosofica-fes-me-pensar\/"},"wordCount":653,"commentCount":0,"publisher":{"@id":"https:\/\/biblioteca.blanes.cat\/salajove\/#organization"},"image":{"@id":"https:\/\/biblioteca.blanes.cat\/salajove\/2023\/05\/22\/guanyadora-del-concurs-de-fotografia-filosofica-fes-me-pensar\/#primaryimage"},"thumbnailUrl":"https:\/\/biblioteca.blanes.cat\/salajove\/wp-content\/uploads\/sites\/3\/2023\/04\/Fes-me-pensar_-1.jpg","keywords":["#Activitats #Actualitat #Joves"],"articleSection":["Not\u00edcies"],"inLanguage":"ca","potentialAction":[{"@type":"CommentAction","name":"Comment","target":["https:\/\/biblioteca.blanes.cat\/salajove\/2023\/05\/22\/guanyadora-del-concurs-de-fotografia-filosofica-fes-me-pensar\/#respond"]}]},{"@type":"WebPage","@id":"https:\/\/biblioteca.blanes.cat\/salajove\/2023\/05\/22\/guanyadora-del-concurs-de-fotografia-filosofica-fes-me-pensar\/","url":"https:\/\/biblioteca.blanes.cat\/salajove\/2023\/05\/22\/guanyadora-del-concurs-de-fotografia-filosofica-fes-me-pensar\/","name":"Guanyadora del concurs de fotografia filos\u00f2fica \"Fes-me pensar\" - Sala Jove","isPartOf":{"@id":"https:\/\/biblioteca.blanes.cat\/salajove\/#website"},"primaryImageOfPage":{"@id":"https:\/\/biblioteca.blanes.cat\/salajove\/2023\/05\/22\/guanyadora-del-concurs-de-fotografia-filosofica-fes-me-pensar\/#primaryimage"},"image":{"@id":"https:\/\/biblioteca.blanes.cat\/salajove\/2023\/05\/22\/guanyadora-del-concurs-de-fotografia-filosofica-fes-me-pensar\/#primaryimage"},"thumbnailUrl":"https:\/\/biblioteca.blanes.cat\/salajove\/wp-content\/uploads\/sites\/3\/2023\/04\/Fes-me-pensar_-1.jpg","datePublished":"2023-05-22T14:37:41+00:00","dateModified":"2023-05-22T14:37:42+00:00","breadcrumb":{"@id":"https:\/\/biblioteca.blanes.cat\/salajove\/2023\/05\/22\/guanyadora-del-concurs-de-fotografia-filosofica-fes-me-pensar\/#breadcrumb"},"inLanguage":"ca","potentialAction":[{"@type":"ReadAction","target":["https:\/\/biblioteca.blanes.cat\/salajove\/2023\/05\/22\/guanyadora-del-concurs-de-fotografia-filosofica-fes-me-pensar\/"]}]},{"@type":"ImageObject","inLanguage":"ca","@id":"https:\/\/biblioteca.blanes.cat\/salajove\/2023\/05\/22\/guanyadora-del-concurs-de-fotografia-filosofica-fes-me-pensar\/#primaryimage","url":"https:\/\/biblioteca.blanes.cat\/salajove\/wp-content\/uploads\/sites\/3\/2023\/04\/Fes-me-pensar_-1.jpg","contentUrl":"https:\/\/biblioteca.blanes.cat\/salajove\/wp-content\/uploads\/sites\/3\/2023\/04\/Fes-me-pensar_-1.jpg","width":477,"height":674},{"@type":"BreadcrumbList","@id":"https:\/\/biblioteca.blanes.cat\/salajove\/2023\/05\/22\/guanyadora-del-concurs-de-fotografia-filosofica-fes-me-pensar\/#breadcrumb","itemListElement":[{"@type":"ListItem","position":1,"name":"Inici","item":"https:\/\/biblioteca.blanes.cat\/salajove\/"},{"@type":"ListItem","position":2,"name":"Guanyadora del concurs de fotografia filos\u00f2fica &#8220;Fes-me pensar&#8221;"}]},{"@type":"WebSite","@id":"https:\/\/biblioteca.blanes.cat\/salajove\/#website","url":"https:\/\/biblioteca.blanes.cat\/salajove\/","name":"Sala Jove","description":"Biblioteca Comarcal de Blanes","publisher":{"@id":"https:\/\/biblioteca.blanes.cat\/salajove\/#organization"},"potentialAction":[{"@type":"SearchAction","target":{"@type":"EntryPoint","urlTemplate":"https:\/\/biblioteca.blanes.cat\/salajove\/?s={search_term_string}"},"query-input":{"@type":"PropertyValueSpecification","valueRequired":true,"valueName":"search_term_string"}}],"inLanguage":"ca"},{"@type":"Organization","@id":"https:\/\/biblioteca.blanes.cat\/salajove\/#organization","name":"Biblioteca Comarcal de Blanes","url":"https:\/\/biblioteca.blanes.cat\/salajove\/","logo":{"@type":"ImageObject","inLanguage":"ca","@id":"https:\/\/biblioteca.blanes.cat\/salajove\/#\/schema\/logo\/image\/","url":"https:\/\/biblioteca.blanes.cat\/salajove\/wp-content\/uploads\/sites\/3\/2017\/09\/cropped-Bib-blau-e1518869380535.png","contentUrl":"https:\/\/biblioteca.blanes.cat\/salajove\/wp-content\/uploads\/sites\/3\/2017\/09\/cropped-Bib-blau-e1518869380535.png","width":166,"height":166,"caption":"Biblioteca Comarcal de Blanes"},"image":{"@id":"https:\/\/biblioteca.blanes.cat\/salajove\/#\/schema\/logo\/image\/"},"sameAs":["https:\/\/www.facebook.com\/BilbiotecaComarcaldeBlanes\/","https:\/\/x.com\/BiblioBlanes","https:\/\/www.instagram.com\/biblioblanes\/","https:\/\/www.pinterest.es\/bblanes\/","https:\/\/www.youtube.com\/c\/BibliotecaComarcalBlanes"]},{"@type":"Person","@id":"https:\/\/biblioteca.blanes.cat\/salajove\/#\/schema\/person\/5a7b46760d9dd611d098bbf571a341dc","name":"biblioblanes","image":{"@type":"ImageObject","inLanguage":"ca","@id":"https:\/\/secure.gravatar.com\/avatar\/6593ca6cc90e5a70939f51c95e8315483b9c281bafba597292bee47992030f99?s=96&d=mm&r=g","url":"https:\/\/secure.gravatar.com\/avatar\/6593ca6cc90e5a70939f51c95e8315483b9c281bafba597292bee47992030f99?s=96&d=mm&r=g","contentUrl":"https:\/\/secure.gravatar.com\/avatar\/6593ca6cc90e5a70939f51c95e8315483b9c281bafba597292bee47992030f99?s=96&d=mm&r=g","caption":"biblioblanes"},"sameAs":["http:\/\/www.bibgirona.cat\/biblioteca\/blanes","https:\/\/x.com\/biblioblanes"],"url":"https:\/\/biblioteca.blanes.cat\/salajove\/author\/biblioblanes\/"}]}},"_links":{"self":[{"href":"https:\/\/biblioteca.blanes.cat\/salajove\/wp-json\/wp\/v2\/posts\/7971","targetHints":{"allow":["GET"]}}],"collection":[{"href":"https:\/\/biblioteca.blanes.cat\/salajove\/wp-json\/wp\/v2\/posts"}],"about":[{"href":"https:\/\/biblioteca.blanes.cat\/salajove\/wp-json\/wp\/v2\/types\/post"}],"author":[{"embeddable":true,"href":"https:\/\/biblioteca.blanes.cat\/salajove\/wp-json\/wp\/v2\/users\/4"}],"replies":[{"embeddable":true,"href":"https:\/\/biblioteca.blanes.cat\/salajove\/wp-json\/wp\/v2\/comments?post=7971"}],"version-history":[{"count":3,"href":"https:\/\/biblioteca.blanes.cat\/salajove\/wp-json\/wp\/v2\/posts\/7971\/revisions"}],"predecessor-version":[{"id":7976,"href":"https:\/\/biblioteca.blanes.cat\/salajove\/wp-json\/wp\/v2\/posts\/7971\/revisions\/7976"}],"wp:featuredmedia":[{"embeddable":true,"href":"https:\/\/biblioteca.blanes.cat\/salajove\/wp-json\/wp\/v2\/media\/7881"}],"wp:attachment":[{"href":"https:\/\/biblioteca.blanes.cat\/salajove\/wp-json\/wp\/v2\/media?parent=7971"}],"wp:term":[{"taxonomy":"category","embeddable":true,"href":"https:\/\/biblioteca.blanes.cat\/salajove\/wp-json\/wp\/v2\/categories?post=7971"},{"taxonomy":"post_tag","embeddable":true,"href":"https:\/\/biblioteca.blanes.cat\/salajove\/wp-json\/wp\/v2\/tags?post=7971"}],"curies":[{"name":"wp","href":"https:\/\/api.w.org\/{rel}","templated":true}]}}