{"id":793,"date":"2017-09-13T19:39:01","date_gmt":"2017-09-13T18:39:01","guid":{"rendered":"https:\/\/biblioteca.blanes.cat\/salajove\/?p=793"},"modified":"2018-01-15T15:13:14","modified_gmt":"2018-01-15T14:13:14","slug":"793","status":"publish","type":"post","link":"https:\/\/biblioteca.blanes.cat\/salajove\/2017\/09\/13\/793\/","title":{"rendered":"MARINA de Carlos Ruiz Zaf\u00f3n"},"content":{"rendered":"<h3 style=\"text-align: center;\">Plou i vaig sola. \u00c9s de nit i passejo, vaig sola.<br \/>\n Nom\u00e9s el ress\u00f2 de les meves passes trenca el silenci. De sobte el cruixit d\u2019una fusta gastada de la passarel\u00b7la del port desperta les pors, vaig sola. Em paro i miro com les onades bressolen les barques ja dormides, vaig sola. \u00c9s un suau balanceig. De lluny una campana m\u2019avisa que es tard, molt tard.<\/h3>\n<h3 style=\"text-align: center;\">Un crit lluny\u00e0, aterrador, extingeix els somnis i desvetlla els mes malsons&#8230; Vaig sola, no hi ha ning\u00fa o potser si&#8230;<br \/>\n El despertador sona m\u00e9s fort que mai, no s\u00e9 per qu\u00e8, el meu cap explota en mil bocins com un mirall trencat. Ja \u00e9s de dia. Obro un ull i el torno a tancar, em pesa. Vull seguir aqu\u00ed, mirant el sostre sense pensar en res, per\u00f2 de sobte un flash del malson de cada nit em ve el cap.<\/h3>\n<p>Estic cansada, crec que llegeixo masses novel\u00b7les de misteri, sobretot d\u2019en Carlos Ruiz Zaf\u00f3n. Agafo la llibreteta de notes i fullejo les \u00faltimes p\u00e0gines per comen\u00e7ar la ressenya d\u2019avui.<\/p>\n<p>Carlos Ruiz Zaf\u00f3n \u00e9s un autor catal\u00e0 de novel\u00b7les de misteri. Escriu obres tant per adolescents com per adults . El seu primer llibre va ser publicat en el 1993 \u201cEl pr\u00edncep de la boira\u201d, que junt amb \u201cEl palau de mitjanit\u201d i \u201cLes llums de setembre\u201d, formen la trilogia de la Boira (que per cert ja he comen\u00e7at). Despr\u00e9s va venir \u201cMarina\u201d i en el 2001 va publicar la seva primera obra<\/p>\n<p><img fetchpriority=\"high\" decoding=\"async\" class=\"alignright\" src=\"https:\/\/imagessl9.casadellibro.com\/a\/l\/t0\/49\/9788408004349.jpg\" width=\"195\" height=\"297\" \/><\/p>\n<p>\u00a0per a adults \u201cL\u2019ombra del vent\u201d . Els seus llibres han estat llegits per milions de persones arreu del m\u00f3n.<\/p>\n<p>Per a mi \u201cMarina\u201d \u00e9s un llibre indispensable. No \u00e9s massa llarg i es llegeix r\u00e0pid. El misteri us atrapar\u00e0 des del primer moment i el final us emocionar\u00e0. Quan arr<span style=\"font-size: 16px;\">ib<\/span>eu al final\u00a0d<span style=\"font-size: 16px;\">e ben segur el llibre se us haur\u00e0 fet curt.<\/span><\/p>\n<p>L\u2019Oscar Drai es el protagonista de la novel\u00b7la i viu en un internat a la Barcelona de 1980. Despr\u00e9s de les classes l\u2019Oscar s\u2019escapa pels carrers de Barcelona i en una\u00a0d\u2019aquestes escapades coneix a Marina. Junts compartiran l\u2019aventura d\u2019endinsar-se en el misteri m\u00e9s ben amagat de la ciutat de Barcelona.<\/p>\n<p>Hi ha altres personatges, com en Germ\u00e1n que tamb\u00e9 us enamoraran.<br \/>\n No us vull explicar gaire m\u00e9s de l\u2019argument perqu\u00e8 vull que us sorprengui, atrapi, sacsegi i rebregui sense miraments com m\u2019ha fet a mi.<\/p>\n<h3 style=\"text-align: center;\">L\u2019autor m\u2019ha fet passar por, nervis, m\u2019ha sorpr\u00e8s amb girs inesperats, m\u2019ha emocionat. M\u2019ha passejat per Barcelona de tal manera que la propera vegada que hi vagi em vull endur el llibre per descobrir els llocs que hi surten.<\/h3>\n<p>Dir-vos tamb\u00e9 que en un dels moments de m\u00e9s intriga del llibre he tingut que tancar-lo, perqu\u00e8 l\u2019autor t\u00e9 la gran capacitat de posar-te tant dins de l\u2019historia que estava ben espantada, per\u00f2 a la vegada no podia deixar de tenir el llibre entre les meves mans com si fos un tresor a dins del qual hi havia milions de secrets a punt de\u00a0descobrir-se.<\/p>\n<p>I ara unes quantes frases d\u2019aquelles que robo dels llibres:<\/p>\n<h3 style=\"text-align: center;\"><em>\u201dNom\u00e9s recordem all\u00f2 que mai va succeir\u201d, <\/em><\/h3>\n<h3 style=\"text-align: center;\">aquesta frase es repeteix v\u00e0ries vegades en el llibre.<\/h3>\n<p style=\"text-align: center;\"><em>\u201cTots tenim secrets tancats amb pany i clau en l\u2019\u00e0tic de l\u2019\u00e0nima&#8230;\u201d<\/em><\/p>\n<p style=\"text-align: center;\"><em>\u201cNo es pot entendre res de la vida, fins que un no ent\u00e9n la mort\u201d<\/em><\/p>\n<p style=\"text-align: center;\"><em>\u201cNo creiem massa en els avan\u00e7aments de la ci\u00e8ncia. Al cap i a la fi quina classe de ci\u00e8ncia es capa\u00e7 de posar un home a la Lluna per\u00f2 incapa\u00e7 de posar un tros de pa sobre la taula de cada esser hum\u00e0?\u201d<\/em><\/p>\n<p style=\"text-align: center;\"><em>\u201cCadascun dels seus llibres era una porta a nous mons i a noves idees.\u201d<\/em><\/p>\n<p style=\"text-align: center;\"><em>\u201cEl temps fa amb al cos lo que l\u2019estupidesa fa amb l\u2019\u00e0nima. El podreix.\u201d<\/em><\/p>\n<p style=\"text-align: center;\"><em>\u201cLa naturalesa \u00e9s com un nen que juga amb les nostres vides. Quan es cansa dels seus jocs espatllats, els abandona i els substitueix per altres. \u00c9s la nostre responsabilitat recollir les peces i reconstruir-les\u201d<\/em><\/p>\n<p style=\"text-align: center;\"><em>\u201cEl nostre cos comen\u00e7a a destruir-se des de que neix. Som fr\u00e0gils. Criatures passatgeres. Quant queda de nosaltres, son les nostres accions, el b\u00e9 i el mal que fem a els nostres semblants.\u201d<\/em><\/p>\n<p style=\"text-align: center;\"><em>\u201cEls problemes s\u00f3n com escarabats, si es treuen a la llum, s\u2019espanten i se\u2019n van.\u201d<\/em><\/p>\n<h2 style=\"text-align: center;\">I ara unes an\u00e8cdotes:<\/h2>\n<p>*Carlos Ruiz Zaf\u00f3n \u00e9s l\u2019escriptor espanyol m\u00e9s llegit arreu del m\u00f3n despr\u00e9s de Cervantes. Els seus llibres ha estat tradu\u00efts en m\u00e9s de 50 lleng\u00fces.<\/p>\n<p>*De petit ajudava al seu pare a vendre assegurances per les cases de Barcelona. Aix\u00f2 ha fet que ell es conegui molt b\u00e9 Barcelona i no nom\u00e9s els carrers sin\u00f3 tamb\u00e9 la gent. Barcelona sovint \u00e9s molt present als seus llibres<\/p>\n<p>*Aquest proper 17 de novembre de 2016 es publicar\u00e0 l\u2019\u00faltim llibre que ha escrit \u201cEl Laberint dels Esperits\u201d. Correspon a l\u2019\u00faltim llibre de la saga \u201cel Cementiri dels Llibres Oblidats\u201d . Sovint penso quin garbuix de sensacions, nervis, angoixa, por i felicitat infinita, deu tenir un autor quan est\u00e0 a punt de sortir el seu \u00faltim llibre i milions de persones arreu el m\u00f3n l\u2019estan esperant com un infant espera la nit de reis&#8230;<\/p>\n<p>*Les seves obres ha rebut molts premis per tot el m\u00f3n.<\/p>\n<p>*\u00c9s un gran aficionat al cinema i fins i tot durant uns anys ha viscut a Hollywood, on ha treballat com a guionista de cinema.<\/p>\n<p>Us animo a llegir l\u2019obra de Carlos Ruiz Zaf\u00f3n, potser us agradar\u00e0 o potser no, per\u00f2 us ben asseguro que la seva m\u00e0gia alhora d\u2019escriure no us deixar\u00e0 indiferents . A vegades val la pena arriscar i tastar altres coses. He pujat al tren del misteri, us animo a pujar-hi si no us agrada podeu baixar a la propera estaci\u00f3, per\u00f2 ja haurem compartit l\u2019\u00e0tic de l\u2019\u00e0nima&#8230; : )<\/p>\n<p>Trobareu m\u00e9s ressenyes de llibres clicant en els botons d&#8217; aqu\u00ed sota:<\/p>\n<p><a href=\"https:\/\/biblioteca.blanes.cat\/salajove\/category\/raco-de-la-paula\/novetat\/\" target=\"_blank\" rel=\"noopener\"><img decoding=\"async\" class=\"alignnone wp-image-159\" src=\"https:\/\/biblioteca.blanes.cat\/salajove\/wp-content\/uploads\/sites\/3\/2017\/10\/Novetats-1-300x94.png\" alt=\"\" width=\"200\" height=\"63\" srcset=\"https:\/\/biblioteca.blanes.cat\/salajove\/wp-content\/uploads\/sites\/3\/2017\/10\/Novetats-1-300x94.png 300w, https:\/\/biblioteca.blanes.cat\/salajove\/wp-content\/uploads\/sites\/3\/2017\/10\/Novetats-1-768x240.png 768w, https:\/\/biblioteca.blanes.cat\/salajove\/wp-content\/uploads\/sites\/3\/2017\/10\/Novetats-1-1024x320.png 1024w, https:\/\/biblioteca.blanes.cat\/salajove\/wp-content\/uploads\/sites\/3\/2017\/10\/Novetats-1.png 1282w\" sizes=\"(max-width: 200px) 100vw, 200px\" \/><\/a><a href=\"https:\/\/biblioteca.blanes.cat\/salajove\/category\/raco-de-la-paula\/classic\/\"><img decoding=\"async\" class=\"alignnone wp-image-158\" src=\"https:\/\/biblioteca.blanes.cat\/salajove\/wp-content\/uploads\/sites\/3\/2017\/10\/Classics-300x94.png\" alt=\"\" width=\"200\" height=\"63\" srcset=\"https:\/\/biblioteca.blanes.cat\/salajove\/wp-content\/uploads\/sites\/3\/2017\/10\/Classics-300x94.png 300w, https:\/\/biblioteca.blanes.cat\/salajove\/wp-content\/uploads\/sites\/3\/2017\/10\/Classics-768x240.png 768w, https:\/\/biblioteca.blanes.cat\/salajove\/wp-content\/uploads\/sites\/3\/2017\/10\/Classics-1024x320.png 1024w, https:\/\/biblioteca.blanes.cat\/salajove\/wp-content\/uploads\/sites\/3\/2017\/10\/Classics.png 1282w\" sizes=\"(max-width: 200px) 100vw, 200px\" \/><\/a><a href=\"https:\/\/biblioteca.blanes.cat\/salajove\/category\/raco-de-la-paula\/popular\/\"><img loading=\"lazy\" decoding=\"async\" class=\"alignnone wp-image-157\" src=\"https:\/\/biblioteca.blanes.cat\/salajove\/wp-content\/uploads\/sites\/3\/2017\/10\/Populars-300x94.png\" alt=\"\" width=\"200\" height=\"63\" srcset=\"https:\/\/biblioteca.blanes.cat\/salajove\/wp-content\/uploads\/sites\/3\/2017\/10\/Populars-300x94.png 300w, https:\/\/biblioteca.blanes.cat\/salajove\/wp-content\/uploads\/sites\/3\/2017\/10\/Populars-768x240.png 768w, https:\/\/biblioteca.blanes.cat\/salajove\/wp-content\/uploads\/sites\/3\/2017\/10\/Populars-1024x320.png 1024w, https:\/\/biblioteca.blanes.cat\/salajove\/wp-content\/uploads\/sites\/3\/2017\/10\/Populars.png 1282w\" sizes=\"(max-width: 200px) 100vw, 200px\" \/><\/a><\/p>\n","protected":false},"excerpt":{"rendered":"<p>Plou i vaig sola. \u00c9s de nit i passejo, vaig sola. Nom\u00e9s el ress\u00f2 de les meves passes trenca el silenci. De sobte el cruixit d\u2019una fusta gastada de la passarel\u00b7la del port desperta les pors, vaig sola. Em paro<\/p>\n","protected":false},"author":6,"featured_media":154,"comment_status":"open","ping_status":"open","sticky":false,"template":"","format":"standard","meta":{"sfsi_plus_gutenberg_text_before_share":"","sfsi_plus_gutenberg_show_text_before_share":"","sfsi_plus_gutenberg_icon_type":"","sfsi_plus_gutenberg_icon_alignemt":"","sfsi_plus_gutenburg_max_per_row":"","footnotes":""},"categories":[9,12],"tags":[33,26,21,23],"class_list":["post-793","post","type-post","status-publish","format-standard","has-post-thumbnail","hentry","category-raco-de-la-paula","category-popular","tag-el-raco-de-la-paula","tag-lectura","tag-llibres","tag-sinopsi"],"yoast_head":"<!-- This site is optimized with the Yoast SEO plugin v27.5 - https:\/\/yoast.com\/product\/yoast-seo-wordpress\/ -->\n<title>El Rac\u00f3 de la Paula: MARINA de Carlos Ruiz Zaf\u00f3n - Sala Jove<\/title>\n<meta name=\"description\" content=\"En Carlos Ruiz Zaf\u00f3n m\u2019ha fet passar por, nervis, m\u2019ha sorpr\u00e8s amb girs inesperats, m\u2019ha emocionat. M&#039;ha passejat per Barcelona de tal manera que...\" \/>\n<meta name=\"robots\" content=\"index, follow, max-snippet:-1, max-image-preview:large, max-video-preview:-1\" \/>\n<link rel=\"canonical\" href=\"https:\/\/biblioteca.blanes.cat\/salajove\/2017\/09\/13\/793\/\" \/>\n<meta property=\"og:locale\" content=\"ca_ES\" \/>\n<meta property=\"og:type\" content=\"article\" \/>\n<meta property=\"og:title\" content=\"El Rac\u00f3 de la Paula: MARINA de Carlos Ruiz Zaf\u00f3n - Sala Jove\" \/>\n<meta property=\"og:description\" content=\"En Carlos Ruiz Zaf\u00f3n m\u2019ha fet passar por, nervis, m\u2019ha sorpr\u00e8s amb girs inesperats, m\u2019ha emocionat. M&#039;ha passejat per Barcelona de tal manera que...\" \/>\n<meta property=\"og:url\" content=\"https:\/\/biblioteca.blanes.cat\/salajove\/2017\/09\/13\/793\/\" \/>\n<meta property=\"og:site_name\" content=\"Sala Jove\" \/>\n<meta property=\"article:publisher\" content=\"https:\/\/www.facebook.com\/BilbiotecaComarcaldeBlanes\/\" \/>\n<meta property=\"article:published_time\" content=\"2017-09-13T18:39:01+00:00\" \/>\n<meta property=\"article:modified_time\" content=\"2018-01-15T14:13:14+00:00\" \/>\n<meta property=\"og:image\" content=\"https:\/\/biblioteca.blanes.cat\/salajove\/wp-content\/uploads\/sites\/3\/2017\/10\/Destacat_rac\u00f3_Paula.png\" \/>\n\t<meta property=\"og:image:width\" content=\"3719\" \/>\n\t<meta property=\"og:image:height\" content=\"2265\" \/>\n\t<meta property=\"og:image:type\" content=\"image\/png\" \/>\n<meta name=\"author\" content=\"paula\" \/>\n<meta name=\"twitter:card\" content=\"summary_large_image\" \/>\n<meta name=\"twitter:creator\" content=\"@BiblioBlanes\" \/>\n<meta name=\"twitter:site\" content=\"@BiblioBlanes\" \/>\n<meta name=\"twitter:label1\" content=\"Escrit per\" \/>\n\t<meta name=\"twitter:data1\" content=\"paula\" \/>\n\t<meta name=\"twitter:label2\" content=\"Temps estimat de lectura\" \/>\n\t<meta name=\"twitter:data2\" content=\"5 minuts\" \/>\n<script type=\"application\/ld+json\" class=\"yoast-schema-graph\">{\"@context\":\"https:\\\/\\\/schema.org\",\"@graph\":[{\"@type\":\"Article\",\"@id\":\"https:\\\/\\\/biblioteca.blanes.cat\\\/salajove\\\/2017\\\/09\\\/13\\\/793\\\/#article\",\"isPartOf\":{\"@id\":\"https:\\\/\\\/biblioteca.blanes.cat\\\/salajove\\\/2017\\\/09\\\/13\\\/793\\\/\"},\"author\":{\"name\":\"paula\",\"@id\":\"https:\\\/\\\/biblioteca.blanes.cat\\\/salajove\\\/#\\\/schema\\\/person\\\/8dbc45cdf5d1c7e2d100d147517ba7f3\"},\"headline\":\"MARINA de Carlos Ruiz Zaf\u00f3n\",\"datePublished\":\"2017-09-13T18:39:01+00:00\",\"dateModified\":\"2018-01-15T14:13:14+00:00\",\"mainEntityOfPage\":{\"@id\":\"https:\\\/\\\/biblioteca.blanes.cat\\\/salajove\\\/2017\\\/09\\\/13\\\/793\\\/\"},\"wordCount\":1043,\"commentCount\":0,\"publisher\":{\"@id\":\"https:\\\/\\\/biblioteca.blanes.cat\\\/salajove\\\/#organization\"},\"image\":{\"@id\":\"https:\\\/\\\/biblioteca.blanes.cat\\\/salajove\\\/2017\\\/09\\\/13\\\/793\\\/#primaryimage\"},\"thumbnailUrl\":\"https:\\\/\\\/biblioteca.blanes.cat\\\/salajove\\\/wp-content\\\/uploads\\\/sites\\\/3\\\/2017\\\/10\\\/Destacat_rac\u00f3_Paula.png\",\"keywords\":[\"#ElRac\u00f3delaPaula\",\"#Lectura\",\"#Llibres\",\"#Sinopsi\"],\"articleSection\":[\"Rac\u00f3 de la Paula\",\"RP_Popular\"],\"inLanguage\":\"ca\",\"potentialAction\":[{\"@type\":\"CommentAction\",\"name\":\"Comment\",\"target\":[\"https:\\\/\\\/biblioteca.blanes.cat\\\/salajove\\\/2017\\\/09\\\/13\\\/793\\\/#respond\"]}]},{\"@type\":\"WebPage\",\"@id\":\"https:\\\/\\\/biblioteca.blanes.cat\\\/salajove\\\/2017\\\/09\\\/13\\\/793\\\/\",\"url\":\"https:\\\/\\\/biblioteca.blanes.cat\\\/salajove\\\/2017\\\/09\\\/13\\\/793\\\/\",\"name\":\"El Rac\u00f3 de la Paula: MARINA de Carlos Ruiz Zaf\u00f3n - Sala Jove\",\"isPartOf\":{\"@id\":\"https:\\\/\\\/biblioteca.blanes.cat\\\/salajove\\\/#website\"},\"primaryImageOfPage\":{\"@id\":\"https:\\\/\\\/biblioteca.blanes.cat\\\/salajove\\\/2017\\\/09\\\/13\\\/793\\\/#primaryimage\"},\"image\":{\"@id\":\"https:\\\/\\\/biblioteca.blanes.cat\\\/salajove\\\/2017\\\/09\\\/13\\\/793\\\/#primaryimage\"},\"thumbnailUrl\":\"https:\\\/\\\/biblioteca.blanes.cat\\\/salajove\\\/wp-content\\\/uploads\\\/sites\\\/3\\\/2017\\\/10\\\/Destacat_rac\u00f3_Paula.png\",\"datePublished\":\"2017-09-13T18:39:01+00:00\",\"dateModified\":\"2018-01-15T14:13:14+00:00\",\"description\":\"En Carlos Ruiz Zaf\u00f3n m\u2019ha fet passar por, nervis, m\u2019ha sorpr\u00e8s amb girs inesperats, m\u2019ha emocionat. M'ha passejat per Barcelona de tal manera que...\",\"breadcrumb\":{\"@id\":\"https:\\\/\\\/biblioteca.blanes.cat\\\/salajove\\\/2017\\\/09\\\/13\\\/793\\\/#breadcrumb\"},\"inLanguage\":\"ca\",\"potentialAction\":[{\"@type\":\"ReadAction\",\"target\":[\"https:\\\/\\\/biblioteca.blanes.cat\\\/salajove\\\/2017\\\/09\\\/13\\\/793\\\/\"]}]},{\"@type\":\"ImageObject\",\"inLanguage\":\"ca\",\"@id\":\"https:\\\/\\\/biblioteca.blanes.cat\\\/salajove\\\/2017\\\/09\\\/13\\\/793\\\/#primaryimage\",\"url\":\"https:\\\/\\\/biblioteca.blanes.cat\\\/salajove\\\/wp-content\\\/uploads\\\/sites\\\/3\\\/2017\\\/10\\\/Destacat_rac\u00f3_Paula.png\",\"contentUrl\":\"https:\\\/\\\/biblioteca.blanes.cat\\\/salajove\\\/wp-content\\\/uploads\\\/sites\\\/3\\\/2017\\\/10\\\/Destacat_rac\u00f3_Paula.png\",\"width\":3719,\"height\":2265,\"caption\":\"Rac\u00f3 de la Paula\"},{\"@type\":\"BreadcrumbList\",\"@id\":\"https:\\\/\\\/biblioteca.blanes.cat\\\/salajove\\\/2017\\\/09\\\/13\\\/793\\\/#breadcrumb\",\"itemListElement\":[{\"@type\":\"ListItem\",\"position\":1,\"name\":\"Inici\",\"item\":\"https:\\\/\\\/biblioteca.blanes.cat\\\/salajove\\\/\"},{\"@type\":\"ListItem\",\"position\":2,\"name\":\"MARINA de Carlos Ruiz Zaf\u00f3n\"}]},{\"@type\":\"WebSite\",\"@id\":\"https:\\\/\\\/biblioteca.blanes.cat\\\/salajove\\\/#website\",\"url\":\"https:\\\/\\\/biblioteca.blanes.cat\\\/salajove\\\/\",\"name\":\"Sala Jove\",\"description\":\"Biblioteca Comarcal de Blanes\",\"publisher\":{\"@id\":\"https:\\\/\\\/biblioteca.blanes.cat\\\/salajove\\\/#organization\"},\"potentialAction\":[{\"@type\":\"SearchAction\",\"target\":{\"@type\":\"EntryPoint\",\"urlTemplate\":\"https:\\\/\\\/biblioteca.blanes.cat\\\/salajove\\\/?s={search_term_string}\"},\"query-input\":{\"@type\":\"PropertyValueSpecification\",\"valueRequired\":true,\"valueName\":\"search_term_string\"}}],\"inLanguage\":\"ca\"},{\"@type\":\"Organization\",\"@id\":\"https:\\\/\\\/biblioteca.blanes.cat\\\/salajove\\\/#organization\",\"name\":\"Biblioteca Comarcal de Blanes\",\"url\":\"https:\\\/\\\/biblioteca.blanes.cat\\\/salajove\\\/\",\"logo\":{\"@type\":\"ImageObject\",\"inLanguage\":\"ca\",\"@id\":\"https:\\\/\\\/biblioteca.blanes.cat\\\/salajove\\\/#\\\/schema\\\/logo\\\/image\\\/\",\"url\":\"https:\\\/\\\/biblioteca.blanes.cat\\\/salajove\\\/wp-content\\\/uploads\\\/sites\\\/3\\\/2017\\\/09\\\/cropped-Bib-blau-e1518869380535.png\",\"contentUrl\":\"https:\\\/\\\/biblioteca.blanes.cat\\\/salajove\\\/wp-content\\\/uploads\\\/sites\\\/3\\\/2017\\\/09\\\/cropped-Bib-blau-e1518869380535.png\",\"width\":166,\"height\":166,\"caption\":\"Biblioteca Comarcal de Blanes\"},\"image\":{\"@id\":\"https:\\\/\\\/biblioteca.blanes.cat\\\/salajove\\\/#\\\/schema\\\/logo\\\/image\\\/\"},\"sameAs\":[\"https:\\\/\\\/www.facebook.com\\\/BilbiotecaComarcaldeBlanes\\\/\",\"https:\\\/\\\/x.com\\\/BiblioBlanes\",\"https:\\\/\\\/www.instagram.com\\\/biblioblanes\\\/\",\"https:\\\/\\\/www.pinterest.es\\\/bblanes\\\/\",\"https:\\\/\\\/www.youtube.com\\\/c\\\/BibliotecaComarcalBlanes\"]},{\"@type\":\"Person\",\"@id\":\"https:\\\/\\\/biblioteca.blanes.cat\\\/salajove\\\/#\\\/schema\\\/person\\\/8dbc45cdf5d1c7e2d100d147517ba7f3\",\"name\":\"paula\",\"image\":{\"@type\":\"ImageObject\",\"inLanguage\":\"ca\",\"@id\":\"https:\\\/\\\/secure.gravatar.com\\\/avatar\\\/7dc0a9399589f36ddc6864e8335b73854871aa22921ee390cb50776e7ddfc136?s=96&d=mm&r=g\",\"url\":\"https:\\\/\\\/secure.gravatar.com\\\/avatar\\\/7dc0a9399589f36ddc6864e8335b73854871aa22921ee390cb50776e7ddfc136?s=96&d=mm&r=g\",\"contentUrl\":\"https:\\\/\\\/secure.gravatar.com\\\/avatar\\\/7dc0a9399589f36ddc6864e8335b73854871aa22921ee390cb50776e7ddfc136?s=96&d=mm&r=g\",\"caption\":\"paula\"},\"url\":\"https:\\\/\\\/biblioteca.blanes.cat\\\/salajove\\\/author\\\/paula\\\/\"}]}<\/script>\n<!-- \/ Yoast SEO plugin. -->","yoast_head_json":{"title":"El Rac\u00f3 de la Paula: MARINA de Carlos Ruiz Zaf\u00f3n - Sala Jove","description":"En Carlos Ruiz Zaf\u00f3n m\u2019ha fet passar por, nervis, m\u2019ha sorpr\u00e8s amb girs inesperats, m\u2019ha emocionat. M'ha passejat per Barcelona de tal manera que...","robots":{"index":"index","follow":"follow","max-snippet":"max-snippet:-1","max-image-preview":"max-image-preview:large","max-video-preview":"max-video-preview:-1"},"canonical":"https:\/\/biblioteca.blanes.cat\/salajove\/2017\/09\/13\/793\/","og_locale":"ca_ES","og_type":"article","og_title":"El Rac\u00f3 de la Paula: MARINA de Carlos Ruiz Zaf\u00f3n - Sala Jove","og_description":"En Carlos Ruiz Zaf\u00f3n m\u2019ha fet passar por, nervis, m\u2019ha sorpr\u00e8s amb girs inesperats, m\u2019ha emocionat. M'ha passejat per Barcelona de tal manera que...","og_url":"https:\/\/biblioteca.blanes.cat\/salajove\/2017\/09\/13\/793\/","og_site_name":"Sala Jove","article_publisher":"https:\/\/www.facebook.com\/BilbiotecaComarcaldeBlanes\/","article_published_time":"2017-09-13T18:39:01+00:00","article_modified_time":"2018-01-15T14:13:14+00:00","og_image":[{"width":3719,"height":2265,"url":"https:\/\/biblioteca.blanes.cat\/salajove\/wp-content\/uploads\/sites\/3\/2017\/10\/Destacat_rac\u00f3_Paula.png","type":"image\/png"}],"author":"paula","twitter_card":"summary_large_image","twitter_creator":"@BiblioBlanes","twitter_site":"@BiblioBlanes","twitter_misc":{"Escrit per":"paula","Temps estimat de lectura":"5 minuts"},"schema":{"@context":"https:\/\/schema.org","@graph":[{"@type":"Article","@id":"https:\/\/biblioteca.blanes.cat\/salajove\/2017\/09\/13\/793\/#article","isPartOf":{"@id":"https:\/\/biblioteca.blanes.cat\/salajove\/2017\/09\/13\/793\/"},"author":{"name":"paula","@id":"https:\/\/biblioteca.blanes.cat\/salajove\/#\/schema\/person\/8dbc45cdf5d1c7e2d100d147517ba7f3"},"headline":"MARINA de Carlos Ruiz Zaf\u00f3n","datePublished":"2017-09-13T18:39:01+00:00","dateModified":"2018-01-15T14:13:14+00:00","mainEntityOfPage":{"@id":"https:\/\/biblioteca.blanes.cat\/salajove\/2017\/09\/13\/793\/"},"wordCount":1043,"commentCount":0,"publisher":{"@id":"https:\/\/biblioteca.blanes.cat\/salajove\/#organization"},"image":{"@id":"https:\/\/biblioteca.blanes.cat\/salajove\/2017\/09\/13\/793\/#primaryimage"},"thumbnailUrl":"https:\/\/biblioteca.blanes.cat\/salajove\/wp-content\/uploads\/sites\/3\/2017\/10\/Destacat_rac\u00f3_Paula.png","keywords":["#ElRac\u00f3delaPaula","#Lectura","#Llibres","#Sinopsi"],"articleSection":["Rac\u00f3 de la Paula","RP_Popular"],"inLanguage":"ca","potentialAction":[{"@type":"CommentAction","name":"Comment","target":["https:\/\/biblioteca.blanes.cat\/salajove\/2017\/09\/13\/793\/#respond"]}]},{"@type":"WebPage","@id":"https:\/\/biblioteca.blanes.cat\/salajove\/2017\/09\/13\/793\/","url":"https:\/\/biblioteca.blanes.cat\/salajove\/2017\/09\/13\/793\/","name":"El Rac\u00f3 de la Paula: MARINA de Carlos Ruiz Zaf\u00f3n - Sala Jove","isPartOf":{"@id":"https:\/\/biblioteca.blanes.cat\/salajove\/#website"},"primaryImageOfPage":{"@id":"https:\/\/biblioteca.blanes.cat\/salajove\/2017\/09\/13\/793\/#primaryimage"},"image":{"@id":"https:\/\/biblioteca.blanes.cat\/salajove\/2017\/09\/13\/793\/#primaryimage"},"thumbnailUrl":"https:\/\/biblioteca.blanes.cat\/salajove\/wp-content\/uploads\/sites\/3\/2017\/10\/Destacat_rac\u00f3_Paula.png","datePublished":"2017-09-13T18:39:01+00:00","dateModified":"2018-01-15T14:13:14+00:00","description":"En Carlos Ruiz Zaf\u00f3n m\u2019ha fet passar por, nervis, m\u2019ha sorpr\u00e8s amb girs inesperats, m\u2019ha emocionat. M'ha passejat per Barcelona de tal manera que...","breadcrumb":{"@id":"https:\/\/biblioteca.blanes.cat\/salajove\/2017\/09\/13\/793\/#breadcrumb"},"inLanguage":"ca","potentialAction":[{"@type":"ReadAction","target":["https:\/\/biblioteca.blanes.cat\/salajove\/2017\/09\/13\/793\/"]}]},{"@type":"ImageObject","inLanguage":"ca","@id":"https:\/\/biblioteca.blanes.cat\/salajove\/2017\/09\/13\/793\/#primaryimage","url":"https:\/\/biblioteca.blanes.cat\/salajove\/wp-content\/uploads\/sites\/3\/2017\/10\/Destacat_rac\u00f3_Paula.png","contentUrl":"https:\/\/biblioteca.blanes.cat\/salajove\/wp-content\/uploads\/sites\/3\/2017\/10\/Destacat_rac\u00f3_Paula.png","width":3719,"height":2265,"caption":"Rac\u00f3 de la Paula"},{"@type":"BreadcrumbList","@id":"https:\/\/biblioteca.blanes.cat\/salajove\/2017\/09\/13\/793\/#breadcrumb","itemListElement":[{"@type":"ListItem","position":1,"name":"Inici","item":"https:\/\/biblioteca.blanes.cat\/salajove\/"},{"@type":"ListItem","position":2,"name":"MARINA de Carlos Ruiz Zaf\u00f3n"}]},{"@type":"WebSite","@id":"https:\/\/biblioteca.blanes.cat\/salajove\/#website","url":"https:\/\/biblioteca.blanes.cat\/salajove\/","name":"Sala Jove","description":"Biblioteca Comarcal de Blanes","publisher":{"@id":"https:\/\/biblioteca.blanes.cat\/salajove\/#organization"},"potentialAction":[{"@type":"SearchAction","target":{"@type":"EntryPoint","urlTemplate":"https:\/\/biblioteca.blanes.cat\/salajove\/?s={search_term_string}"},"query-input":{"@type":"PropertyValueSpecification","valueRequired":true,"valueName":"search_term_string"}}],"inLanguage":"ca"},{"@type":"Organization","@id":"https:\/\/biblioteca.blanes.cat\/salajove\/#organization","name":"Biblioteca Comarcal de Blanes","url":"https:\/\/biblioteca.blanes.cat\/salajove\/","logo":{"@type":"ImageObject","inLanguage":"ca","@id":"https:\/\/biblioteca.blanes.cat\/salajove\/#\/schema\/logo\/image\/","url":"https:\/\/biblioteca.blanes.cat\/salajove\/wp-content\/uploads\/sites\/3\/2017\/09\/cropped-Bib-blau-e1518869380535.png","contentUrl":"https:\/\/biblioteca.blanes.cat\/salajove\/wp-content\/uploads\/sites\/3\/2017\/09\/cropped-Bib-blau-e1518869380535.png","width":166,"height":166,"caption":"Biblioteca Comarcal de Blanes"},"image":{"@id":"https:\/\/biblioteca.blanes.cat\/salajove\/#\/schema\/logo\/image\/"},"sameAs":["https:\/\/www.facebook.com\/BilbiotecaComarcaldeBlanes\/","https:\/\/x.com\/BiblioBlanes","https:\/\/www.instagram.com\/biblioblanes\/","https:\/\/www.pinterest.es\/bblanes\/","https:\/\/www.youtube.com\/c\/BibliotecaComarcalBlanes"]},{"@type":"Person","@id":"https:\/\/biblioteca.blanes.cat\/salajove\/#\/schema\/person\/8dbc45cdf5d1c7e2d100d147517ba7f3","name":"paula","image":{"@type":"ImageObject","inLanguage":"ca","@id":"https:\/\/secure.gravatar.com\/avatar\/7dc0a9399589f36ddc6864e8335b73854871aa22921ee390cb50776e7ddfc136?s=96&d=mm&r=g","url":"https:\/\/secure.gravatar.com\/avatar\/7dc0a9399589f36ddc6864e8335b73854871aa22921ee390cb50776e7ddfc136?s=96&d=mm&r=g","contentUrl":"https:\/\/secure.gravatar.com\/avatar\/7dc0a9399589f36ddc6864e8335b73854871aa22921ee390cb50776e7ddfc136?s=96&d=mm&r=g","caption":"paula"},"url":"https:\/\/biblioteca.blanes.cat\/salajove\/author\/paula\/"}]}},"_links":{"self":[{"href":"https:\/\/biblioteca.blanes.cat\/salajove\/wp-json\/wp\/v2\/posts\/793","targetHints":{"allow":["GET"]}}],"collection":[{"href":"https:\/\/biblioteca.blanes.cat\/salajove\/wp-json\/wp\/v2\/posts"}],"about":[{"href":"https:\/\/biblioteca.blanes.cat\/salajove\/wp-json\/wp\/v2\/types\/post"}],"author":[{"embeddable":true,"href":"https:\/\/biblioteca.blanes.cat\/salajove\/wp-json\/wp\/v2\/users\/6"}],"replies":[{"embeddable":true,"href":"https:\/\/biblioteca.blanes.cat\/salajove\/wp-json\/wp\/v2\/comments?post=793"}],"version-history":[{"count":8,"href":"https:\/\/biblioteca.blanes.cat\/salajove\/wp-json\/wp\/v2\/posts\/793\/revisions"}],"predecessor-version":[{"id":824,"href":"https:\/\/biblioteca.blanes.cat\/salajove\/wp-json\/wp\/v2\/posts\/793\/revisions\/824"}],"wp:featuredmedia":[{"embeddable":true,"href":"https:\/\/biblioteca.blanes.cat\/salajove\/wp-json\/wp\/v2\/media\/154"}],"wp:attachment":[{"href":"https:\/\/biblioteca.blanes.cat\/salajove\/wp-json\/wp\/v2\/media?parent=793"}],"wp:term":[{"taxonomy":"category","embeddable":true,"href":"https:\/\/biblioteca.blanes.cat\/salajove\/wp-json\/wp\/v2\/categories?post=793"},{"taxonomy":"post_tag","embeddable":true,"href":"https:\/\/biblioteca.blanes.cat\/salajove\/wp-json\/wp\/v2\/tags?post=793"}],"curies":[{"name":"wp","href":"https:\/\/api.w.org\/{rel}","templated":true}]}}