{"id":789,"date":"2017-08-12T20:51:54","date_gmt":"2017-08-12T19:51:54","guid":{"rendered":"https:\/\/biblioteca.blanes.cat\/salajove\/?p=789"},"modified":"2018-01-15T15:12:08","modified_gmt":"2018-01-15T14:12:08","slug":"789","status":"publish","type":"post","link":"https:\/\/biblioteca.blanes.cat\/salajove\/2017\/08\/12\/789\/","title":{"rendered":"UN MONSTRE VE A VEUREM de Patrick Ness"},"content":{"rendered":"<h3 style=\"text-align: center;\">El rellotge de la tauleta no calla. Fa estona que el sento, harmoni\u00f3s, compassat i gaireb\u00e9 mel\u00f2dic. Balla dins el meu cap, amb cada \u201ctic\u201d, amb cada \u201ctac\u201d. Passen 7 minuts de la mitjanit. Espero en silenci, nerviosa per\u00f2 tranquil\u00b7la, poruga per\u00f2 valenta i de sobte davant meu apareix la Veritat. Comen\u00e7o a escriure. \u201cSet minuts despr\u00e9s de la mitjana nit, Conor es desperta i es troba un monstre a la finestra. Per\u00f2 no \u00e9s el monstre que ell esperava, el del malson que t\u00e9 quasi totes les nits des de que la seva mare va comen\u00e7ar l\u2019inacabable tractament. No, aquest monstre \u00e9s alguna cosa diferent, antic. I vol lo m\u00e9s perill\u00f3s de tot: la veritat\u201d<\/h3>\n<p><span style=\"text-align: justify;\">Ma mare i jo v\u00e0rem compartir aquest llibre d&#8217;en Patrick Ness durant un cap de setmana , confesso que ens barall\u00e0vem i l\u2019amag\u00e0vem per poder llegir-lo. \u00c9s un conte per\u00f2 no \u00e9s un conte, hi ha monstres per\u00f2 no fan por, sovint et sents perdut com en Conor, saps el que passar\u00e0, saps que far\u00e0 mal, per\u00f2 us ben asseguro que no pots parar de llegir-lo. No <\/span><span style=\"text-align: justify;\">pots.<\/span><\/p>\n<p>En Patrick Ness \u00e9s l\u2019escriptor d\u2019aquest llibre a partir d\u2019una idea original de la Siobhan Dowd, autora anglo-irlandesa que va morir de c\u00e0ncer abans de poder acabar el llibre. Ella va deixar la idea i els personatges i amb aix\u00f2 en Patrick confecciona un teixit d\u2019emoci\u00f3, por, valentia, imaginaci\u00f3, contradicci\u00f3 i d\u2019amor a la vida.<\/p>\n<p>El llibre tamb\u00e9 recull l\u2019art de contar contes, a trav\u00e9s de els hist\u00f2ries que explica el monstre, \u201cperqu\u00e8 les hist\u00f2ries son criatures salvatges, molt salvatges. Quan les deixes anar qui sap els desastres que poden provocar.\u201d<\/p>\n<p>En Conor un nen de tretze anys s\u2019enfronta a un canvi que li fa molta por. Terriblement sol, sense amics, amb un pare egoista, invisible per a tothom i amb una \u00e0via que no li agrada, malgrat que els dos hauran d\u2019aprendre que tenen una cosa en com\u00fa: l\u2019amor per a la mateixa persona. Per superar-ho, en Conor necessita l\u2019ajuda d\u2019alg\u00fa&#8230; Alg\u00fa que l\u2019ajudi a dir la Veritat, a perdonar-se i acceptar-ho&#8230;<\/p>\n<p><img fetchpriority=\"high\" decoding=\"async\" class=\"alignright\" src=\"https:\/\/imagessl7.casadellibro.com\/a\/l\/t0\/57\/9788494373657.jpg\" width=\"308\" height=\"324\" \/><\/p>\n<p>I ara un munt de frases!! N\u2019hi ha tantes que m\u2019ha costat triar-les:<\/p>\n<p style=\"text-align: center;\"><em>*\u201dLa teva vida no l\u2019escrius amb paraules. L\u2019escrius amb accions. El que penses no \u00e9s important. L\u2019\u00fanic important \u00e9s el que fas\u201d<\/em><\/p>\n<p style=\"text-align: center;\"><em>*\u201dSi dius sempre la veritat podr\u00e0s enfrontar-te a tot el que vingui\u201d.<\/em><\/p>\n<h2 style=\"text-align: center;\"><em>*Hi ha coses pitjors que ser invisible, Conor ja no \u00e9s invisible, ara tots el veuen. Per\u00f2 estava m\u00e9s lluny que mai\u201d<\/em><\/h2>\n<p style=\"text-align: center;\"><em>*\u201cNo sempre hi ha un bo. No sempre hi ha un dolent. Quasi tot el m\u00f3n est\u00e0 en un punt intermedi.\u201d<\/em><\/p>\n<p style=\"text-align: center;\"><em>*La creen\u00e7a \u00e9s la meitat de tota curaci\u00f3. La creen\u00e7a en la cura, la creen\u00e7a en el futur que ens espera.\u201d<\/em><\/p>\n<p style=\"text-align: center;\"><em>*\u201dLa teva ment crea mentides pietoses, per\u00f2 tamb\u00e9 coneix les veritats que fan mal, i que fan que les mentides siguin necess\u00e0ries. I la teva ment et castigar\u00e0 per creure en les dues coses.\u201d<\/em><\/p>\n<p>He trobat varies an\u00e8cdotes:<\/p>\n<p>*Aquest octubre s\u2019estrena la pel\u00b7l\u00edcula que ha fet el director J.A.Bayona (director tamb\u00e9 de \u201cLo imposible\u201d) sobre aquest llibre.<\/p>\n<p>*El llibre ha emocionat a milions de persones arreu del m\u00f3n i es preveu que amb la pel\u00b7l\u00edcula encara arribi m\u00e9s lluny.<\/p>\n<p>*EL llibre ha guanyat diversos premis des que va ser publicat i ha estat tradu\u00eft en m\u00e9s de 20 lleng\u00fces.<\/p>\n<h2 style=\"text-align: center;\"><em>\u201c-&#8230;I per qu\u00e8 ens costa tant acceptar i dir la veritat? <\/em><\/h2>\n<h2 style=\"text-align: center;\"><em>-Perqu\u00e8 ens costa deixar marxar a la persona que estimes, perqu\u00e8 ens arrapem sempre a l\u2019esperan\u00e7a, perqu\u00e8 aix\u00f2 ens d\u00f3na forces i ens ajuda a seguir. Ens enganyem a nosaltres mateixos, ho sabem, per\u00f2 tant se val, hem d\u2019aprendre que el final \u00e9s el que menys importa. L\u2019important \u00e9s el cam\u00ed compartit i quan arribi aquell moment acceptar-ho, perdonar-nos per deixar-la marxar, i seguir perqu\u00e8 aquella persona ja forma part de nosaltres&#8230;<\/em><\/h2>\n<h2 style=\"text-align: center;\"><em>-Per tant, si acceptem la veritat, malgrat faci mal, farem f\u00f3ra als monstres dolents, serem m\u00e9s forts i podrem afrontar tot el que vingui.\u201d<\/em><\/h2>\n<p>&nbsp;<\/p>\n<p>Aix\u00f2 \u00e9s el final de la conversa amb ma mare quan totes dues hem acabat el llibre i ens hem abra\u00e7at. Lli\u00e7\u00f3 de vida parlant de mort.<\/p>\n<p>&nbsp;<\/p>\n<p>Trobareu m\u00e9s ressenyes de\u00a0 llibres clicant en els botons d&#8217; aqu\u00ed sota:<\/p>\n<p><a href=\"https:\/\/biblioteca.blanes.cat\/salajove\/category\/raco-de-la-paula\/novetat\/\" target=\"_blank\" rel=\"noopener\"><img decoding=\"async\" class=\"alignnone wp-image-159\" src=\"https:\/\/biblioteca.blanes.cat\/salajove\/wp-content\/uploads\/sites\/3\/2017\/10\/Novetats-1-300x94.png\" alt=\"\" width=\"200\" height=\"63\" srcset=\"https:\/\/biblioteca.blanes.cat\/salajove\/wp-content\/uploads\/sites\/3\/2017\/10\/Novetats-1-300x94.png 300w, https:\/\/biblioteca.blanes.cat\/salajove\/wp-content\/uploads\/sites\/3\/2017\/10\/Novetats-1-768x240.png 768w, https:\/\/biblioteca.blanes.cat\/salajove\/wp-content\/uploads\/sites\/3\/2017\/10\/Novetats-1-1024x320.png 1024w, https:\/\/biblioteca.blanes.cat\/salajove\/wp-content\/uploads\/sites\/3\/2017\/10\/Novetats-1.png 1282w\" sizes=\"(max-width: 200px) 100vw, 200px\" \/><\/a><a href=\"https:\/\/biblioteca.blanes.cat\/salajove\/category\/raco-de-la-paula\/classic\/\"><img decoding=\"async\" class=\"alignnone wp-image-158\" src=\"https:\/\/biblioteca.blanes.cat\/salajove\/wp-content\/uploads\/sites\/3\/2017\/10\/Classics-300x94.png\" alt=\"\" width=\"200\" height=\"63\" srcset=\"https:\/\/biblioteca.blanes.cat\/salajove\/wp-content\/uploads\/sites\/3\/2017\/10\/Classics-300x94.png 300w, https:\/\/biblioteca.blanes.cat\/salajove\/wp-content\/uploads\/sites\/3\/2017\/10\/Classics-768x240.png 768w, https:\/\/biblioteca.blanes.cat\/salajove\/wp-content\/uploads\/sites\/3\/2017\/10\/Classics-1024x320.png 1024w, https:\/\/biblioteca.blanes.cat\/salajove\/wp-content\/uploads\/sites\/3\/2017\/10\/Classics.png 1282w\" sizes=\"(max-width: 200px) 100vw, 200px\" \/><\/a><a href=\"https:\/\/biblioteca.blanes.cat\/salajove\/category\/raco-de-la-paula\/popular\/\"><img loading=\"lazy\" decoding=\"async\" class=\"alignnone wp-image-157\" src=\"https:\/\/biblioteca.blanes.cat\/salajove\/wp-content\/uploads\/sites\/3\/2017\/10\/Populars-300x94.png\" alt=\"\" width=\"200\" height=\"63\" srcset=\"https:\/\/biblioteca.blanes.cat\/salajove\/wp-content\/uploads\/sites\/3\/2017\/10\/Populars-300x94.png 300w, https:\/\/biblioteca.blanes.cat\/salajove\/wp-content\/uploads\/sites\/3\/2017\/10\/Populars-768x240.png 768w, https:\/\/biblioteca.blanes.cat\/salajove\/wp-content\/uploads\/sites\/3\/2017\/10\/Populars-1024x320.png 1024w, https:\/\/biblioteca.blanes.cat\/salajove\/wp-content\/uploads\/sites\/3\/2017\/10\/Populars.png 1282w\" sizes=\"(max-width: 200px) 100vw, 200px\" \/><\/a><\/p>\n","protected":false},"excerpt":{"rendered":"<p>El rellotge de la tauleta no calla. Fa estona que el sento, harmoni\u00f3s, compassat i gaireb\u00e9 mel\u00f2dic. Balla dins el meu cap, amb cada \u201ctic\u201d, amb cada \u201ctac\u201d. Passen 7 minuts de la mitjanit. Espero en silenci, nerviosa per\u00f2 tranquil\u00b7la,<\/p>\n","protected":false},"author":6,"featured_media":154,"comment_status":"open","ping_status":"open","sticky":false,"template":"","format":"standard","meta":{"sfsi_plus_gutenberg_text_before_share":"","sfsi_plus_gutenberg_show_text_before_share":"","sfsi_plus_gutenberg_icon_type":"","sfsi_plus_gutenberg_icon_alignemt":"","sfsi_plus_gutenburg_max_per_row":"","footnotes":""},"categories":[9,10],"tags":[33,26,19,21,23],"class_list":["post-789","post","type-post","status-publish","format-standard","has-post-thumbnail","hentry","category-raco-de-la-paula","category-novetat","tag-el-raco-de-la-paula","tag-lectura","tag-literatura","tag-llibres","tag-sinopsi"],"yoast_head":"<!-- This site is optimized with the Yoast SEO plugin v27.5 - https:\/\/yoast.com\/product\/yoast-seo-wordpress\/ -->\n<title>UN MONSTRE VE A VEUREM de Patrick Ness - Sala Jove<\/title>\n<meta name=\"description\" content=\"En Patrick Ness \u00e9s l\u2019escriptor d\u2019aquest llibre a partir d\u2019una idea original de la Siobhan Dowd, autora que va morir de c\u00e0ncer abans de acabar el llibre.\" \/>\n<meta name=\"robots\" content=\"index, follow, max-snippet:-1, max-image-preview:large, max-video-preview:-1\" \/>\n<link rel=\"canonical\" href=\"https:\/\/biblioteca.blanes.cat\/salajove\/2017\/08\/12\/789\/\" \/>\n<meta property=\"og:locale\" content=\"ca_ES\" \/>\n<meta property=\"og:type\" content=\"article\" \/>\n<meta property=\"og:title\" content=\"UN MONSTRE VE A VEUREM de Patrick Ness - Sala Jove\" \/>\n<meta property=\"og:description\" content=\"En Patrick Ness \u00e9s l\u2019escriptor d\u2019aquest llibre a partir d\u2019una idea original de la Siobhan Dowd, autora que va morir de c\u00e0ncer abans de acabar el llibre.\" \/>\n<meta property=\"og:url\" content=\"https:\/\/biblioteca.blanes.cat\/salajove\/2017\/08\/12\/789\/\" \/>\n<meta property=\"og:site_name\" content=\"Sala Jove\" \/>\n<meta property=\"article:publisher\" content=\"https:\/\/www.facebook.com\/BilbiotecaComarcaldeBlanes\/\" \/>\n<meta property=\"article:published_time\" content=\"2017-08-12T19:51:54+00:00\" \/>\n<meta property=\"article:modified_time\" content=\"2018-01-15T14:12:08+00:00\" \/>\n<meta property=\"og:image\" content=\"https:\/\/biblioteca.blanes.cat\/salajove\/wp-content\/uploads\/sites\/3\/2017\/10\/Destacat_rac\u00f3_Paula.png\" \/>\n\t<meta property=\"og:image:width\" content=\"3719\" \/>\n\t<meta property=\"og:image:height\" content=\"2265\" \/>\n\t<meta property=\"og:image:type\" content=\"image\/png\" \/>\n<meta name=\"author\" content=\"paula\" \/>\n<meta name=\"twitter:card\" content=\"summary_large_image\" \/>\n<meta name=\"twitter:creator\" content=\"@BiblioBlanes\" \/>\n<meta name=\"twitter:site\" content=\"@BiblioBlanes\" \/>\n<meta name=\"twitter:label1\" content=\"Escrit per\" \/>\n\t<meta name=\"twitter:data1\" content=\"paula\" \/>\n\t<meta name=\"twitter:label2\" content=\"Temps estimat de lectura\" \/>\n\t<meta name=\"twitter:data2\" content=\"4 minuts\" \/>\n<script type=\"application\/ld+json\" class=\"yoast-schema-graph\">{\"@context\":\"https:\\\/\\\/schema.org\",\"@graph\":[{\"@type\":\"Article\",\"@id\":\"https:\\\/\\\/biblioteca.blanes.cat\\\/salajove\\\/2017\\\/08\\\/12\\\/789\\\/#article\",\"isPartOf\":{\"@id\":\"https:\\\/\\\/biblioteca.blanes.cat\\\/salajove\\\/2017\\\/08\\\/12\\\/789\\\/\"},\"author\":{\"name\":\"paula\",\"@id\":\"https:\\\/\\\/biblioteca.blanes.cat\\\/salajove\\\/#\\\/schema\\\/person\\\/8dbc45cdf5d1c7e2d100d147517ba7f3\"},\"headline\":\"UN MONSTRE VE A VEUREM de Patrick Ness\",\"datePublished\":\"2017-08-12T19:51:54+00:00\",\"dateModified\":\"2018-01-15T14:12:08+00:00\",\"mainEntityOfPage\":{\"@id\":\"https:\\\/\\\/biblioteca.blanes.cat\\\/salajove\\\/2017\\\/08\\\/12\\\/789\\\/\"},\"wordCount\":775,\"commentCount\":0,\"publisher\":{\"@id\":\"https:\\\/\\\/biblioteca.blanes.cat\\\/salajove\\\/#organization\"},\"image\":{\"@id\":\"https:\\\/\\\/biblioteca.blanes.cat\\\/salajove\\\/2017\\\/08\\\/12\\\/789\\\/#primaryimage\"},\"thumbnailUrl\":\"https:\\\/\\\/biblioteca.blanes.cat\\\/salajove\\\/wp-content\\\/uploads\\\/sites\\\/3\\\/2017\\\/10\\\/Destacat_rac\u00f3_Paula.png\",\"keywords\":[\"#ElRac\u00f3delaPaula\",\"#Lectura\",\"#Literatura\",\"#Llibres\",\"#Sinopsi\"],\"articleSection\":[\"Rac\u00f3 de la Paula\",\"RP_Novetat\"],\"inLanguage\":\"ca\",\"potentialAction\":[{\"@type\":\"CommentAction\",\"name\":\"Comment\",\"target\":[\"https:\\\/\\\/biblioteca.blanes.cat\\\/salajove\\\/2017\\\/08\\\/12\\\/789\\\/#respond\"]}]},{\"@type\":\"WebPage\",\"@id\":\"https:\\\/\\\/biblioteca.blanes.cat\\\/salajove\\\/2017\\\/08\\\/12\\\/789\\\/\",\"url\":\"https:\\\/\\\/biblioteca.blanes.cat\\\/salajove\\\/2017\\\/08\\\/12\\\/789\\\/\",\"name\":\"UN MONSTRE VE A VEUREM de Patrick Ness - Sala Jove\",\"isPartOf\":{\"@id\":\"https:\\\/\\\/biblioteca.blanes.cat\\\/salajove\\\/#website\"},\"primaryImageOfPage\":{\"@id\":\"https:\\\/\\\/biblioteca.blanes.cat\\\/salajove\\\/2017\\\/08\\\/12\\\/789\\\/#primaryimage\"},\"image\":{\"@id\":\"https:\\\/\\\/biblioteca.blanes.cat\\\/salajove\\\/2017\\\/08\\\/12\\\/789\\\/#primaryimage\"},\"thumbnailUrl\":\"https:\\\/\\\/biblioteca.blanes.cat\\\/salajove\\\/wp-content\\\/uploads\\\/sites\\\/3\\\/2017\\\/10\\\/Destacat_rac\u00f3_Paula.png\",\"datePublished\":\"2017-08-12T19:51:54+00:00\",\"dateModified\":\"2018-01-15T14:12:08+00:00\",\"description\":\"En Patrick Ness \u00e9s l\u2019escriptor d\u2019aquest llibre a partir d\u2019una idea original de la Siobhan Dowd, autora que va morir de c\u00e0ncer abans de acabar el llibre.\",\"breadcrumb\":{\"@id\":\"https:\\\/\\\/biblioteca.blanes.cat\\\/salajove\\\/2017\\\/08\\\/12\\\/789\\\/#breadcrumb\"},\"inLanguage\":\"ca\",\"potentialAction\":[{\"@type\":\"ReadAction\",\"target\":[\"https:\\\/\\\/biblioteca.blanes.cat\\\/salajove\\\/2017\\\/08\\\/12\\\/789\\\/\"]}]},{\"@type\":\"ImageObject\",\"inLanguage\":\"ca\",\"@id\":\"https:\\\/\\\/biblioteca.blanes.cat\\\/salajove\\\/2017\\\/08\\\/12\\\/789\\\/#primaryimage\",\"url\":\"https:\\\/\\\/biblioteca.blanes.cat\\\/salajove\\\/wp-content\\\/uploads\\\/sites\\\/3\\\/2017\\\/10\\\/Destacat_rac\u00f3_Paula.png\",\"contentUrl\":\"https:\\\/\\\/biblioteca.blanes.cat\\\/salajove\\\/wp-content\\\/uploads\\\/sites\\\/3\\\/2017\\\/10\\\/Destacat_rac\u00f3_Paula.png\",\"width\":3719,\"height\":2265,\"caption\":\"Rac\u00f3 de la Paula\"},{\"@type\":\"BreadcrumbList\",\"@id\":\"https:\\\/\\\/biblioteca.blanes.cat\\\/salajove\\\/2017\\\/08\\\/12\\\/789\\\/#breadcrumb\",\"itemListElement\":[{\"@type\":\"ListItem\",\"position\":1,\"name\":\"Inici\",\"item\":\"https:\\\/\\\/biblioteca.blanes.cat\\\/salajove\\\/\"},{\"@type\":\"ListItem\",\"position\":2,\"name\":\"UN MONSTRE VE A VEUREM de Patrick Ness\"}]},{\"@type\":\"WebSite\",\"@id\":\"https:\\\/\\\/biblioteca.blanes.cat\\\/salajove\\\/#website\",\"url\":\"https:\\\/\\\/biblioteca.blanes.cat\\\/salajove\\\/\",\"name\":\"Sala Jove\",\"description\":\"Biblioteca Comarcal de Blanes\",\"publisher\":{\"@id\":\"https:\\\/\\\/biblioteca.blanes.cat\\\/salajove\\\/#organization\"},\"potentialAction\":[{\"@type\":\"SearchAction\",\"target\":{\"@type\":\"EntryPoint\",\"urlTemplate\":\"https:\\\/\\\/biblioteca.blanes.cat\\\/salajove\\\/?s={search_term_string}\"},\"query-input\":{\"@type\":\"PropertyValueSpecification\",\"valueRequired\":true,\"valueName\":\"search_term_string\"}}],\"inLanguage\":\"ca\"},{\"@type\":\"Organization\",\"@id\":\"https:\\\/\\\/biblioteca.blanes.cat\\\/salajove\\\/#organization\",\"name\":\"Biblioteca Comarcal de Blanes\",\"url\":\"https:\\\/\\\/biblioteca.blanes.cat\\\/salajove\\\/\",\"logo\":{\"@type\":\"ImageObject\",\"inLanguage\":\"ca\",\"@id\":\"https:\\\/\\\/biblioteca.blanes.cat\\\/salajove\\\/#\\\/schema\\\/logo\\\/image\\\/\",\"url\":\"https:\\\/\\\/biblioteca.blanes.cat\\\/salajove\\\/wp-content\\\/uploads\\\/sites\\\/3\\\/2017\\\/09\\\/cropped-Bib-blau-e1518869380535.png\",\"contentUrl\":\"https:\\\/\\\/biblioteca.blanes.cat\\\/salajove\\\/wp-content\\\/uploads\\\/sites\\\/3\\\/2017\\\/09\\\/cropped-Bib-blau-e1518869380535.png\",\"width\":166,\"height\":166,\"caption\":\"Biblioteca Comarcal de Blanes\"},\"image\":{\"@id\":\"https:\\\/\\\/biblioteca.blanes.cat\\\/salajove\\\/#\\\/schema\\\/logo\\\/image\\\/\"},\"sameAs\":[\"https:\\\/\\\/www.facebook.com\\\/BilbiotecaComarcaldeBlanes\\\/\",\"https:\\\/\\\/x.com\\\/BiblioBlanes\",\"https:\\\/\\\/www.instagram.com\\\/biblioblanes\\\/\",\"https:\\\/\\\/www.pinterest.es\\\/bblanes\\\/\",\"https:\\\/\\\/www.youtube.com\\\/c\\\/BibliotecaComarcalBlanes\"]},{\"@type\":\"Person\",\"@id\":\"https:\\\/\\\/biblioteca.blanes.cat\\\/salajove\\\/#\\\/schema\\\/person\\\/8dbc45cdf5d1c7e2d100d147517ba7f3\",\"name\":\"paula\",\"image\":{\"@type\":\"ImageObject\",\"inLanguage\":\"ca\",\"@id\":\"https:\\\/\\\/secure.gravatar.com\\\/avatar\\\/7dc0a9399589f36ddc6864e8335b73854871aa22921ee390cb50776e7ddfc136?s=96&d=mm&r=g\",\"url\":\"https:\\\/\\\/secure.gravatar.com\\\/avatar\\\/7dc0a9399589f36ddc6864e8335b73854871aa22921ee390cb50776e7ddfc136?s=96&d=mm&r=g\",\"contentUrl\":\"https:\\\/\\\/secure.gravatar.com\\\/avatar\\\/7dc0a9399589f36ddc6864e8335b73854871aa22921ee390cb50776e7ddfc136?s=96&d=mm&r=g\",\"caption\":\"paula\"},\"url\":\"https:\\\/\\\/biblioteca.blanes.cat\\\/salajove\\\/author\\\/paula\\\/\"}]}<\/script>\n<!-- \/ Yoast SEO plugin. -->","yoast_head_json":{"title":"UN MONSTRE VE A VEUREM de Patrick Ness - Sala Jove","description":"En Patrick Ness \u00e9s l\u2019escriptor d\u2019aquest llibre a partir d\u2019una idea original de la Siobhan Dowd, autora que va morir de c\u00e0ncer abans de acabar el llibre.","robots":{"index":"index","follow":"follow","max-snippet":"max-snippet:-1","max-image-preview":"max-image-preview:large","max-video-preview":"max-video-preview:-1"},"canonical":"https:\/\/biblioteca.blanes.cat\/salajove\/2017\/08\/12\/789\/","og_locale":"ca_ES","og_type":"article","og_title":"UN MONSTRE VE A VEUREM de Patrick Ness - Sala Jove","og_description":"En Patrick Ness \u00e9s l\u2019escriptor d\u2019aquest llibre a partir d\u2019una idea original de la Siobhan Dowd, autora que va morir de c\u00e0ncer abans de acabar el llibre.","og_url":"https:\/\/biblioteca.blanes.cat\/salajove\/2017\/08\/12\/789\/","og_site_name":"Sala Jove","article_publisher":"https:\/\/www.facebook.com\/BilbiotecaComarcaldeBlanes\/","article_published_time":"2017-08-12T19:51:54+00:00","article_modified_time":"2018-01-15T14:12:08+00:00","og_image":[{"width":3719,"height":2265,"url":"https:\/\/biblioteca.blanes.cat\/salajove\/wp-content\/uploads\/sites\/3\/2017\/10\/Destacat_rac\u00f3_Paula.png","type":"image\/png"}],"author":"paula","twitter_card":"summary_large_image","twitter_creator":"@BiblioBlanes","twitter_site":"@BiblioBlanes","twitter_misc":{"Escrit per":"paula","Temps estimat de lectura":"4 minuts"},"schema":{"@context":"https:\/\/schema.org","@graph":[{"@type":"Article","@id":"https:\/\/biblioteca.blanes.cat\/salajove\/2017\/08\/12\/789\/#article","isPartOf":{"@id":"https:\/\/biblioteca.blanes.cat\/salajove\/2017\/08\/12\/789\/"},"author":{"name":"paula","@id":"https:\/\/biblioteca.blanes.cat\/salajove\/#\/schema\/person\/8dbc45cdf5d1c7e2d100d147517ba7f3"},"headline":"UN MONSTRE VE A VEUREM de Patrick Ness","datePublished":"2017-08-12T19:51:54+00:00","dateModified":"2018-01-15T14:12:08+00:00","mainEntityOfPage":{"@id":"https:\/\/biblioteca.blanes.cat\/salajove\/2017\/08\/12\/789\/"},"wordCount":775,"commentCount":0,"publisher":{"@id":"https:\/\/biblioteca.blanes.cat\/salajove\/#organization"},"image":{"@id":"https:\/\/biblioteca.blanes.cat\/salajove\/2017\/08\/12\/789\/#primaryimage"},"thumbnailUrl":"https:\/\/biblioteca.blanes.cat\/salajove\/wp-content\/uploads\/sites\/3\/2017\/10\/Destacat_rac\u00f3_Paula.png","keywords":["#ElRac\u00f3delaPaula","#Lectura","#Literatura","#Llibres","#Sinopsi"],"articleSection":["Rac\u00f3 de la Paula","RP_Novetat"],"inLanguage":"ca","potentialAction":[{"@type":"CommentAction","name":"Comment","target":["https:\/\/biblioteca.blanes.cat\/salajove\/2017\/08\/12\/789\/#respond"]}]},{"@type":"WebPage","@id":"https:\/\/biblioteca.blanes.cat\/salajove\/2017\/08\/12\/789\/","url":"https:\/\/biblioteca.blanes.cat\/salajove\/2017\/08\/12\/789\/","name":"UN MONSTRE VE A VEUREM de Patrick Ness - Sala Jove","isPartOf":{"@id":"https:\/\/biblioteca.blanes.cat\/salajove\/#website"},"primaryImageOfPage":{"@id":"https:\/\/biblioteca.blanes.cat\/salajove\/2017\/08\/12\/789\/#primaryimage"},"image":{"@id":"https:\/\/biblioteca.blanes.cat\/salajove\/2017\/08\/12\/789\/#primaryimage"},"thumbnailUrl":"https:\/\/biblioteca.blanes.cat\/salajove\/wp-content\/uploads\/sites\/3\/2017\/10\/Destacat_rac\u00f3_Paula.png","datePublished":"2017-08-12T19:51:54+00:00","dateModified":"2018-01-15T14:12:08+00:00","description":"En Patrick Ness \u00e9s l\u2019escriptor d\u2019aquest llibre a partir d\u2019una idea original de la Siobhan Dowd, autora que va morir de c\u00e0ncer abans de acabar el llibre.","breadcrumb":{"@id":"https:\/\/biblioteca.blanes.cat\/salajove\/2017\/08\/12\/789\/#breadcrumb"},"inLanguage":"ca","potentialAction":[{"@type":"ReadAction","target":["https:\/\/biblioteca.blanes.cat\/salajove\/2017\/08\/12\/789\/"]}]},{"@type":"ImageObject","inLanguage":"ca","@id":"https:\/\/biblioteca.blanes.cat\/salajove\/2017\/08\/12\/789\/#primaryimage","url":"https:\/\/biblioteca.blanes.cat\/salajove\/wp-content\/uploads\/sites\/3\/2017\/10\/Destacat_rac\u00f3_Paula.png","contentUrl":"https:\/\/biblioteca.blanes.cat\/salajove\/wp-content\/uploads\/sites\/3\/2017\/10\/Destacat_rac\u00f3_Paula.png","width":3719,"height":2265,"caption":"Rac\u00f3 de la Paula"},{"@type":"BreadcrumbList","@id":"https:\/\/biblioteca.blanes.cat\/salajove\/2017\/08\/12\/789\/#breadcrumb","itemListElement":[{"@type":"ListItem","position":1,"name":"Inici","item":"https:\/\/biblioteca.blanes.cat\/salajove\/"},{"@type":"ListItem","position":2,"name":"UN MONSTRE VE A VEUREM de Patrick Ness"}]},{"@type":"WebSite","@id":"https:\/\/biblioteca.blanes.cat\/salajove\/#website","url":"https:\/\/biblioteca.blanes.cat\/salajove\/","name":"Sala Jove","description":"Biblioteca Comarcal de Blanes","publisher":{"@id":"https:\/\/biblioteca.blanes.cat\/salajove\/#organization"},"potentialAction":[{"@type":"SearchAction","target":{"@type":"EntryPoint","urlTemplate":"https:\/\/biblioteca.blanes.cat\/salajove\/?s={search_term_string}"},"query-input":{"@type":"PropertyValueSpecification","valueRequired":true,"valueName":"search_term_string"}}],"inLanguage":"ca"},{"@type":"Organization","@id":"https:\/\/biblioteca.blanes.cat\/salajove\/#organization","name":"Biblioteca Comarcal de Blanes","url":"https:\/\/biblioteca.blanes.cat\/salajove\/","logo":{"@type":"ImageObject","inLanguage":"ca","@id":"https:\/\/biblioteca.blanes.cat\/salajove\/#\/schema\/logo\/image\/","url":"https:\/\/biblioteca.blanes.cat\/salajove\/wp-content\/uploads\/sites\/3\/2017\/09\/cropped-Bib-blau-e1518869380535.png","contentUrl":"https:\/\/biblioteca.blanes.cat\/salajove\/wp-content\/uploads\/sites\/3\/2017\/09\/cropped-Bib-blau-e1518869380535.png","width":166,"height":166,"caption":"Biblioteca Comarcal de Blanes"},"image":{"@id":"https:\/\/biblioteca.blanes.cat\/salajove\/#\/schema\/logo\/image\/"},"sameAs":["https:\/\/www.facebook.com\/BilbiotecaComarcaldeBlanes\/","https:\/\/x.com\/BiblioBlanes","https:\/\/www.instagram.com\/biblioblanes\/","https:\/\/www.pinterest.es\/bblanes\/","https:\/\/www.youtube.com\/c\/BibliotecaComarcalBlanes"]},{"@type":"Person","@id":"https:\/\/biblioteca.blanes.cat\/salajove\/#\/schema\/person\/8dbc45cdf5d1c7e2d100d147517ba7f3","name":"paula","image":{"@type":"ImageObject","inLanguage":"ca","@id":"https:\/\/secure.gravatar.com\/avatar\/7dc0a9399589f36ddc6864e8335b73854871aa22921ee390cb50776e7ddfc136?s=96&d=mm&r=g","url":"https:\/\/secure.gravatar.com\/avatar\/7dc0a9399589f36ddc6864e8335b73854871aa22921ee390cb50776e7ddfc136?s=96&d=mm&r=g","contentUrl":"https:\/\/secure.gravatar.com\/avatar\/7dc0a9399589f36ddc6864e8335b73854871aa22921ee390cb50776e7ddfc136?s=96&d=mm&r=g","caption":"paula"},"url":"https:\/\/biblioteca.blanes.cat\/salajove\/author\/paula\/"}]}},"_links":{"self":[{"href":"https:\/\/biblioteca.blanes.cat\/salajove\/wp-json\/wp\/v2\/posts\/789","targetHints":{"allow":["GET"]}}],"collection":[{"href":"https:\/\/biblioteca.blanes.cat\/salajove\/wp-json\/wp\/v2\/posts"}],"about":[{"href":"https:\/\/biblioteca.blanes.cat\/salajove\/wp-json\/wp\/v2\/types\/post"}],"author":[{"embeddable":true,"href":"https:\/\/biblioteca.blanes.cat\/salajove\/wp-json\/wp\/v2\/users\/6"}],"replies":[{"embeddable":true,"href":"https:\/\/biblioteca.blanes.cat\/salajove\/wp-json\/wp\/v2\/comments?post=789"}],"version-history":[{"count":4,"href":"https:\/\/biblioteca.blanes.cat\/salajove\/wp-json\/wp\/v2\/posts\/789\/revisions"}],"predecessor-version":[{"id":823,"href":"https:\/\/biblioteca.blanes.cat\/salajove\/wp-json\/wp\/v2\/posts\/789\/revisions\/823"}],"wp:featuredmedia":[{"embeddable":true,"href":"https:\/\/biblioteca.blanes.cat\/salajove\/wp-json\/wp\/v2\/media\/154"}],"wp:attachment":[{"href":"https:\/\/biblioteca.blanes.cat\/salajove\/wp-json\/wp\/v2\/media?parent=789"}],"wp:term":[{"taxonomy":"category","embeddable":true,"href":"https:\/\/biblioteca.blanes.cat\/salajove\/wp-json\/wp\/v2\/categories?post=789"},{"taxonomy":"post_tag","embeddable":true,"href":"https:\/\/biblioteca.blanes.cat\/salajove\/wp-json\/wp\/v2\/tags?post=789"}],"curies":[{"name":"wp","href":"https:\/\/api.w.org\/{rel}","templated":true}]}}