{"id":7877,"date":"2023-04-18T12:40:30","date_gmt":"2023-04-18T11:40:30","guid":{"rendered":"https:\/\/biblioteca.blanes.cat\/salajove\/?p=7877"},"modified":"2023-04-19T15:24:08","modified_gmt":"2023-04-19T14:24:08","slug":"fes-me-pensar-concurs-de-fotografia-filosofica","status":"publish","type":"post","link":"https:\/\/biblioteca.blanes.cat\/salajove\/2023\/04\/18\/fes-me-pensar-concurs-de-fotografia-filosofica\/","title":{"rendered":"Fes-me pensar: Concurs de fotografia filos\u00f2fica"},"content":{"rendered":"\n<p>\u00a0<\/p>\n<p style=\"text-align: center;\"><strong>Fes-me pensar<\/strong> \u00e9s una iniciativa dels 3 instituts de secund\u00e0ria del municipi de Blanes que, inspirats en l\u2019Olimp\u00edada de Filosofia de Catalunya, proposa per a l\u2019alumnat un repte filos\u00f2fic de caire fotogr\u00e0fic amb l\u2019objectiu de fomentar el desenvolupament del pensament propi i la creativitat de l\u2019alumnat a partir d\u2019un tema o q\u00fcesti\u00f3 filos\u00f2fica amb un enfocament contemporani.<\/p>\n<hr \/>\n<p><img fetchpriority=\"high\" decoding=\"async\" class=\"aligncenter wp-image-7879 size-full\" src=\"https:\/\/biblioteca.blanes.cat\/salajove\/wp-content\/uploads\/sites\/3\/2023\/04\/Fes-me-pensar_.jpg\" alt=\"\" width=\"477\" height=\"674\" srcset=\"https:\/\/biblioteca.blanes.cat\/salajove\/wp-content\/uploads\/sites\/3\/2023\/04\/Fes-me-pensar_.jpg 477w, https:\/\/biblioteca.blanes.cat\/salajove\/wp-content\/uploads\/sites\/3\/2023\/04\/Fes-me-pensar_-212x300.jpg 212w\" sizes=\"(max-width: 477px) 100vw, 477px\" \/><\/p>\n<p>\u00a0<\/p>\n<p>\u00a0<\/p>\n<h6><span style=\"background-color: #ffffff; color: #800000;\"><strong>Les bases de la fotografia filos\u00f2fica:<\/strong><\/span><\/h6>\n<ul>\n<li>Est\u00e0 adre\u00e7ada a l\u2019alumnat de 4t d\u2019ESO i Batxillerat.<\/li>\n<li>Les imatges s\u00f3n d\u2019autoria individual.<\/li>\n<li>El tema \u00e9s obert per\u00f2 la fotografia filos\u00f2fica ha de connectar inequ\u00edvocament amb Blanes, ja sigui a trav\u00e9s de la imatge, de la pregunta o d&#8217;ambdues.<\/li>\n<li>Les fotografies han d\u2019incloure de forma visible una PREGUNTA de car\u00e0cter filos\u00f2fic que estigui relacionada i interactu\u00ef amb la imatge.<\/li>\n<li>La pregunta formar\u00e0 part de la composici\u00f3 i estar\u00e0 impresa en la fotografia. Aquesta pregunta ser\u00e0 l\u2019\u00fanic text escrit que es pot afegir a la imatge. Aquesta restricci\u00f3 no afecta a textos que pertanyin als objectes fotografiats.<\/li>\n<li>Es permet realitzar composicions i\/o modificacions d\u2019una o m\u00e9s fotografies originals.<\/li>\n<li>Les fotografies han de ser originals. El\/la participant manifesta i garanteix que \u00e9s l\u2019\u00fanic titular de tots els drets d\u2019autor sobre la fotografia que presenta al concurs i es responsabilitza totalment de que no existeixin drets de tercers en les obres presentades, aix\u00ed com de tota reclamaci\u00f3 de tercers per drets d\u2019imatge.<\/li>\n<li>Les fotografies en qu\u00e8 apareguin persones que es poden recon\u00e8ixer, hauran d\u2019anar acompanyades d\u2019una carta signada per aquestes persones o pels seus tutors legals autoritzant l\u2019\u00fas de la seva imatge.<\/li>\n<li>Les fotografies seran enviades dins del termini establert.<\/li>\n<li>Totes les fotografies seran publicades a un perfil d\u2019Instagram espec\u00edfic.<\/li>\n<li>El jurat seleccionar\u00e0 10 fotografies d\u2019entre totes les participants.<\/li>\n<li>Els estudiants finalistes defensaran p\u00fablicament les seves fotografies explicant tant la seva intenci\u00f3 expressiva com la composici\u00f3 i la t\u00e8cnica utilitzada. El temps m\u00e0xim d\u2019exposici\u00f3 per a cada finalista ser\u00e0 de 3 minuts.<\/li>\n<li>La proposta guanyadora tindr\u00e0 el premi d\u2019estar en exposici\u00f3 a la Biblioteca Comarcal de Blanes.<\/li>\n<li>En aquest <a href=\"https:\/\/blocs.xtec.cat\/filolimp\/fotografia-filosofica\/\">enlla\u00e7<\/a> hi ha uns exemples per a inspirar.<\/li>\n<\/ul>\n<p>\u00a0<\/p>\n<p><strong><span style=\"color: #800000;\">Incripcions:<\/span><\/strong><\/p>\n<p>Des de l\u2019<strong>17 al 28 d\u2019abril<\/strong> de 2023<\/p>\n<p>\u00a0<\/p>\n<p><strong><span style=\"color: #800000;\">Formulari<\/span><\/strong><\/p>\n<p>Enviament de les fotografies a <a href=\"https:\/\/forms.gle\/GwHZwDx6sMnXW2T5A\" target=\"_blank\" rel=\"noopener\">Clica aqu\u00ed<\/a><\/p>\n<p>\u00a0<\/p>\n\n\n","protected":false},"excerpt":{"rendered":"<p>\u00a0 Fes-me pensar \u00e9s una iniciativa dels 3 instituts de secund\u00e0ria del municipi de Blanes que, inspirats en l\u2019Olimp\u00edada de Filosofia de Catalunya, proposa per a l\u2019alumnat un repte filos\u00f2fic de caire fotogr\u00e0fic amb l\u2019objectiu de fomentar el desenvolupament del<\/p>\n","protected":false},"author":4,"featured_media":7881,"comment_status":"open","ping_status":"open","sticky":false,"template":"","format":"standard","meta":{"sfsi_plus_gutenberg_text_before_share":"","sfsi_plus_gutenberg_show_text_before_share":"","sfsi_plus_gutenberg_icon_type":"","sfsi_plus_gutenberg_icon_alignemt":"","sfsi_plus_gutenburg_max_per_row":"","footnotes":""},"categories":[1],"tags":[101],"class_list":["post-7877","post","type-post","status-publish","format-standard","has-post-thumbnail","hentry","category-general","tag-activitats-joves"],"yoast_head":"<!-- This site is optimized with the Yoast SEO plugin v27.5 - https:\/\/yoast.com\/product\/yoast-seo-wordpress\/ -->\n<title>Fes-me pensar: Concurs de fotografia filos\u00f2fica - Sala Jove<\/title>\n<meta name=\"robots\" content=\"index, follow, max-snippet:-1, max-image-preview:large, max-video-preview:-1\" \/>\n<link rel=\"canonical\" href=\"https:\/\/biblioteca.blanes.cat\/salajove\/2023\/04\/18\/fes-me-pensar-concurs-de-fotografia-filosofica\/\" \/>\n<meta property=\"og:locale\" content=\"ca_ES\" \/>\n<meta property=\"og:type\" content=\"article\" \/>\n<meta property=\"og:title\" content=\"Fes-me pensar: Concurs de fotografia filos\u00f2fica - Sala Jove\" \/>\n<meta property=\"og:description\" content=\"\u00a0 Fes-me pensar \u00e9s una iniciativa dels 3 instituts de secund\u00e0ria del municipi de Blanes que, inspirats en l\u2019Olimp\u00edada de Filosofia de Catalunya, proposa per a l\u2019alumnat un repte filos\u00f2fic de caire fotogr\u00e0fic amb l\u2019objectiu de fomentar el desenvolupament del\" \/>\n<meta property=\"og:url\" content=\"https:\/\/biblioteca.blanes.cat\/salajove\/2023\/04\/18\/fes-me-pensar-concurs-de-fotografia-filosofica\/\" \/>\n<meta property=\"og:site_name\" content=\"Sala Jove\" \/>\n<meta property=\"article:publisher\" content=\"https:\/\/www.facebook.com\/BilbiotecaComarcaldeBlanes\/\" \/>\n<meta property=\"article:published_time\" content=\"2023-04-18T11:40:30+00:00\" \/>\n<meta property=\"article:modified_time\" content=\"2023-04-19T14:24:08+00:00\" \/>\n<meta property=\"og:image\" content=\"https:\/\/biblioteca.blanes.cat\/salajove\/wp-content\/uploads\/sites\/3\/2023\/04\/Fes-me-pensar_-1.jpg\" \/>\n\t<meta property=\"og:image:width\" content=\"477\" \/>\n\t<meta property=\"og:image:height\" content=\"674\" \/>\n\t<meta property=\"og:image:type\" content=\"image\/jpeg\" \/>\n<meta name=\"author\" content=\"biblioblanes\" \/>\n<meta name=\"twitter:card\" content=\"summary_large_image\" \/>\n<meta name=\"twitter:creator\" content=\"@biblioblanes\" \/>\n<meta name=\"twitter:site\" content=\"@BiblioBlanes\" \/>\n<meta name=\"twitter:label1\" content=\"Escrit per\" \/>\n\t<meta name=\"twitter:data1\" content=\"biblioblanes\" \/>\n\t<meta name=\"twitter:label2\" content=\"Temps estimat de lectura\" \/>\n\t<meta name=\"twitter:data2\" content=\"2 minuts\" \/>\n<script type=\"application\/ld+json\" class=\"yoast-schema-graph\">{\"@context\":\"https:\\\/\\\/schema.org\",\"@graph\":[{\"@type\":\"Article\",\"@id\":\"https:\\\/\\\/biblioteca.blanes.cat\\\/salajove\\\/2023\\\/04\\\/18\\\/fes-me-pensar-concurs-de-fotografia-filosofica\\\/#article\",\"isPartOf\":{\"@id\":\"https:\\\/\\\/biblioteca.blanes.cat\\\/salajove\\\/2023\\\/04\\\/18\\\/fes-me-pensar-concurs-de-fotografia-filosofica\\\/\"},\"author\":{\"name\":\"biblioblanes\",\"@id\":\"https:\\\/\\\/biblioteca.blanes.cat\\\/salajove\\\/#\\\/schema\\\/person\\\/5a7b46760d9dd611d098bbf571a341dc\"},\"headline\":\"Fes-me pensar: Concurs de fotografia filos\u00f2fica\",\"datePublished\":\"2023-04-18T11:40:30+00:00\",\"dateModified\":\"2023-04-19T14:24:08+00:00\",\"mainEntityOfPage\":{\"@id\":\"https:\\\/\\\/biblioteca.blanes.cat\\\/salajove\\\/2023\\\/04\\\/18\\\/fes-me-pensar-concurs-de-fotografia-filosofica\\\/\"},\"wordCount\":402,\"commentCount\":0,\"publisher\":{\"@id\":\"https:\\\/\\\/biblioteca.blanes.cat\\\/salajove\\\/#organization\"},\"image\":{\"@id\":\"https:\\\/\\\/biblioteca.blanes.cat\\\/salajove\\\/2023\\\/04\\\/18\\\/fes-me-pensar-concurs-de-fotografia-filosofica\\\/#primaryimage\"},\"thumbnailUrl\":\"https:\\\/\\\/biblioteca.blanes.cat\\\/salajove\\\/wp-content\\\/uploads\\\/sites\\\/3\\\/2023\\\/04\\\/Fes-me-pensar_-1.jpg\",\"keywords\":[\"#Activitats #Joves\"],\"articleSection\":[\"Not\u00edcies\"],\"inLanguage\":\"ca\",\"potentialAction\":[{\"@type\":\"CommentAction\",\"name\":\"Comment\",\"target\":[\"https:\\\/\\\/biblioteca.blanes.cat\\\/salajove\\\/2023\\\/04\\\/18\\\/fes-me-pensar-concurs-de-fotografia-filosofica\\\/#respond\"]}]},{\"@type\":\"WebPage\",\"@id\":\"https:\\\/\\\/biblioteca.blanes.cat\\\/salajove\\\/2023\\\/04\\\/18\\\/fes-me-pensar-concurs-de-fotografia-filosofica\\\/\",\"url\":\"https:\\\/\\\/biblioteca.blanes.cat\\\/salajove\\\/2023\\\/04\\\/18\\\/fes-me-pensar-concurs-de-fotografia-filosofica\\\/\",\"name\":\"Fes-me pensar: Concurs de fotografia filos\u00f2fica - Sala Jove\",\"isPartOf\":{\"@id\":\"https:\\\/\\\/biblioteca.blanes.cat\\\/salajove\\\/#website\"},\"primaryImageOfPage\":{\"@id\":\"https:\\\/\\\/biblioteca.blanes.cat\\\/salajove\\\/2023\\\/04\\\/18\\\/fes-me-pensar-concurs-de-fotografia-filosofica\\\/#primaryimage\"},\"image\":{\"@id\":\"https:\\\/\\\/biblioteca.blanes.cat\\\/salajove\\\/2023\\\/04\\\/18\\\/fes-me-pensar-concurs-de-fotografia-filosofica\\\/#primaryimage\"},\"thumbnailUrl\":\"https:\\\/\\\/biblioteca.blanes.cat\\\/salajove\\\/wp-content\\\/uploads\\\/sites\\\/3\\\/2023\\\/04\\\/Fes-me-pensar_-1.jpg\",\"datePublished\":\"2023-04-18T11:40:30+00:00\",\"dateModified\":\"2023-04-19T14:24:08+00:00\",\"breadcrumb\":{\"@id\":\"https:\\\/\\\/biblioteca.blanes.cat\\\/salajove\\\/2023\\\/04\\\/18\\\/fes-me-pensar-concurs-de-fotografia-filosofica\\\/#breadcrumb\"},\"inLanguage\":\"ca\",\"potentialAction\":[{\"@type\":\"ReadAction\",\"target\":[\"https:\\\/\\\/biblioteca.blanes.cat\\\/salajove\\\/2023\\\/04\\\/18\\\/fes-me-pensar-concurs-de-fotografia-filosofica\\\/\"]}]},{\"@type\":\"ImageObject\",\"inLanguage\":\"ca\",\"@id\":\"https:\\\/\\\/biblioteca.blanes.cat\\\/salajove\\\/2023\\\/04\\\/18\\\/fes-me-pensar-concurs-de-fotografia-filosofica\\\/#primaryimage\",\"url\":\"https:\\\/\\\/biblioteca.blanes.cat\\\/salajove\\\/wp-content\\\/uploads\\\/sites\\\/3\\\/2023\\\/04\\\/Fes-me-pensar_-1.jpg\",\"contentUrl\":\"https:\\\/\\\/biblioteca.blanes.cat\\\/salajove\\\/wp-content\\\/uploads\\\/sites\\\/3\\\/2023\\\/04\\\/Fes-me-pensar_-1.jpg\",\"width\":477,\"height\":674},{\"@type\":\"BreadcrumbList\",\"@id\":\"https:\\\/\\\/biblioteca.blanes.cat\\\/salajove\\\/2023\\\/04\\\/18\\\/fes-me-pensar-concurs-de-fotografia-filosofica\\\/#breadcrumb\",\"itemListElement\":[{\"@type\":\"ListItem\",\"position\":1,\"name\":\"Inici\",\"item\":\"https:\\\/\\\/biblioteca.blanes.cat\\\/salajove\\\/\"},{\"@type\":\"ListItem\",\"position\":2,\"name\":\"Fes-me pensar: Concurs de fotografia filos\u00f2fica\"}]},{\"@type\":\"WebSite\",\"@id\":\"https:\\\/\\\/biblioteca.blanes.cat\\\/salajove\\\/#website\",\"url\":\"https:\\\/\\\/biblioteca.blanes.cat\\\/salajove\\\/\",\"name\":\"Sala Jove\",\"description\":\"Biblioteca Comarcal de Blanes\",\"publisher\":{\"@id\":\"https:\\\/\\\/biblioteca.blanes.cat\\\/salajove\\\/#organization\"},\"potentialAction\":[{\"@type\":\"SearchAction\",\"target\":{\"@type\":\"EntryPoint\",\"urlTemplate\":\"https:\\\/\\\/biblioteca.blanes.cat\\\/salajove\\\/?s={search_term_string}\"},\"query-input\":{\"@type\":\"PropertyValueSpecification\",\"valueRequired\":true,\"valueName\":\"search_term_string\"}}],\"inLanguage\":\"ca\"},{\"@type\":\"Organization\",\"@id\":\"https:\\\/\\\/biblioteca.blanes.cat\\\/salajove\\\/#organization\",\"name\":\"Biblioteca Comarcal de Blanes\",\"url\":\"https:\\\/\\\/biblioteca.blanes.cat\\\/salajove\\\/\",\"logo\":{\"@type\":\"ImageObject\",\"inLanguage\":\"ca\",\"@id\":\"https:\\\/\\\/biblioteca.blanes.cat\\\/salajove\\\/#\\\/schema\\\/logo\\\/image\\\/\",\"url\":\"https:\\\/\\\/biblioteca.blanes.cat\\\/salajove\\\/wp-content\\\/uploads\\\/sites\\\/3\\\/2017\\\/09\\\/cropped-Bib-blau-e1518869380535.png\",\"contentUrl\":\"https:\\\/\\\/biblioteca.blanes.cat\\\/salajove\\\/wp-content\\\/uploads\\\/sites\\\/3\\\/2017\\\/09\\\/cropped-Bib-blau-e1518869380535.png\",\"width\":166,\"height\":166,\"caption\":\"Biblioteca Comarcal de Blanes\"},\"image\":{\"@id\":\"https:\\\/\\\/biblioteca.blanes.cat\\\/salajove\\\/#\\\/schema\\\/logo\\\/image\\\/\"},\"sameAs\":[\"https:\\\/\\\/www.facebook.com\\\/BilbiotecaComarcaldeBlanes\\\/\",\"https:\\\/\\\/x.com\\\/BiblioBlanes\",\"https:\\\/\\\/www.instagram.com\\\/biblioblanes\\\/\",\"https:\\\/\\\/www.pinterest.es\\\/bblanes\\\/\",\"https:\\\/\\\/www.youtube.com\\\/c\\\/BibliotecaComarcalBlanes\"]},{\"@type\":\"Person\",\"@id\":\"https:\\\/\\\/biblioteca.blanes.cat\\\/salajove\\\/#\\\/schema\\\/person\\\/5a7b46760d9dd611d098bbf571a341dc\",\"name\":\"biblioblanes\",\"image\":{\"@type\":\"ImageObject\",\"inLanguage\":\"ca\",\"@id\":\"https:\\\/\\\/secure.gravatar.com\\\/avatar\\\/6593ca6cc90e5a70939f51c95e8315483b9c281bafba597292bee47992030f99?s=96&d=mm&r=g\",\"url\":\"https:\\\/\\\/secure.gravatar.com\\\/avatar\\\/6593ca6cc90e5a70939f51c95e8315483b9c281bafba597292bee47992030f99?s=96&d=mm&r=g\",\"contentUrl\":\"https:\\\/\\\/secure.gravatar.com\\\/avatar\\\/6593ca6cc90e5a70939f51c95e8315483b9c281bafba597292bee47992030f99?s=96&d=mm&r=g\",\"caption\":\"biblioblanes\"},\"sameAs\":[\"http:\\\/\\\/www.bibgirona.cat\\\/biblioteca\\\/blanes\",\"https:\\\/\\\/x.com\\\/biblioblanes\"],\"url\":\"https:\\\/\\\/biblioteca.blanes.cat\\\/salajove\\\/author\\\/biblioblanes\\\/\"}]}<\/script>\n<!-- \/ Yoast SEO plugin. -->","yoast_head_json":{"title":"Fes-me pensar: Concurs de fotografia filos\u00f2fica - Sala Jove","robots":{"index":"index","follow":"follow","max-snippet":"max-snippet:-1","max-image-preview":"max-image-preview:large","max-video-preview":"max-video-preview:-1"},"canonical":"https:\/\/biblioteca.blanes.cat\/salajove\/2023\/04\/18\/fes-me-pensar-concurs-de-fotografia-filosofica\/","og_locale":"ca_ES","og_type":"article","og_title":"Fes-me pensar: Concurs de fotografia filos\u00f2fica - Sala Jove","og_description":"\u00a0 Fes-me pensar \u00e9s una iniciativa dels 3 instituts de secund\u00e0ria del municipi de Blanes que, inspirats en l\u2019Olimp\u00edada de Filosofia de Catalunya, proposa per a l\u2019alumnat un repte filos\u00f2fic de caire fotogr\u00e0fic amb l\u2019objectiu de fomentar el desenvolupament del","og_url":"https:\/\/biblioteca.blanes.cat\/salajove\/2023\/04\/18\/fes-me-pensar-concurs-de-fotografia-filosofica\/","og_site_name":"Sala Jove","article_publisher":"https:\/\/www.facebook.com\/BilbiotecaComarcaldeBlanes\/","article_published_time":"2023-04-18T11:40:30+00:00","article_modified_time":"2023-04-19T14:24:08+00:00","og_image":[{"width":477,"height":674,"url":"https:\/\/biblioteca.blanes.cat\/salajove\/wp-content\/uploads\/sites\/3\/2023\/04\/Fes-me-pensar_-1.jpg","type":"image\/jpeg"}],"author":"biblioblanes","twitter_card":"summary_large_image","twitter_creator":"@biblioblanes","twitter_site":"@BiblioBlanes","twitter_misc":{"Escrit per":"biblioblanes","Temps estimat de lectura":"2 minuts"},"schema":{"@context":"https:\/\/schema.org","@graph":[{"@type":"Article","@id":"https:\/\/biblioteca.blanes.cat\/salajove\/2023\/04\/18\/fes-me-pensar-concurs-de-fotografia-filosofica\/#article","isPartOf":{"@id":"https:\/\/biblioteca.blanes.cat\/salajove\/2023\/04\/18\/fes-me-pensar-concurs-de-fotografia-filosofica\/"},"author":{"name":"biblioblanes","@id":"https:\/\/biblioteca.blanes.cat\/salajove\/#\/schema\/person\/5a7b46760d9dd611d098bbf571a341dc"},"headline":"Fes-me pensar: Concurs de fotografia filos\u00f2fica","datePublished":"2023-04-18T11:40:30+00:00","dateModified":"2023-04-19T14:24:08+00:00","mainEntityOfPage":{"@id":"https:\/\/biblioteca.blanes.cat\/salajove\/2023\/04\/18\/fes-me-pensar-concurs-de-fotografia-filosofica\/"},"wordCount":402,"commentCount":0,"publisher":{"@id":"https:\/\/biblioteca.blanes.cat\/salajove\/#organization"},"image":{"@id":"https:\/\/biblioteca.blanes.cat\/salajove\/2023\/04\/18\/fes-me-pensar-concurs-de-fotografia-filosofica\/#primaryimage"},"thumbnailUrl":"https:\/\/biblioteca.blanes.cat\/salajove\/wp-content\/uploads\/sites\/3\/2023\/04\/Fes-me-pensar_-1.jpg","keywords":["#Activitats #Joves"],"articleSection":["Not\u00edcies"],"inLanguage":"ca","potentialAction":[{"@type":"CommentAction","name":"Comment","target":["https:\/\/biblioteca.blanes.cat\/salajove\/2023\/04\/18\/fes-me-pensar-concurs-de-fotografia-filosofica\/#respond"]}]},{"@type":"WebPage","@id":"https:\/\/biblioteca.blanes.cat\/salajove\/2023\/04\/18\/fes-me-pensar-concurs-de-fotografia-filosofica\/","url":"https:\/\/biblioteca.blanes.cat\/salajove\/2023\/04\/18\/fes-me-pensar-concurs-de-fotografia-filosofica\/","name":"Fes-me pensar: Concurs de fotografia filos\u00f2fica - Sala Jove","isPartOf":{"@id":"https:\/\/biblioteca.blanes.cat\/salajove\/#website"},"primaryImageOfPage":{"@id":"https:\/\/biblioteca.blanes.cat\/salajove\/2023\/04\/18\/fes-me-pensar-concurs-de-fotografia-filosofica\/#primaryimage"},"image":{"@id":"https:\/\/biblioteca.blanes.cat\/salajove\/2023\/04\/18\/fes-me-pensar-concurs-de-fotografia-filosofica\/#primaryimage"},"thumbnailUrl":"https:\/\/biblioteca.blanes.cat\/salajove\/wp-content\/uploads\/sites\/3\/2023\/04\/Fes-me-pensar_-1.jpg","datePublished":"2023-04-18T11:40:30+00:00","dateModified":"2023-04-19T14:24:08+00:00","breadcrumb":{"@id":"https:\/\/biblioteca.blanes.cat\/salajove\/2023\/04\/18\/fes-me-pensar-concurs-de-fotografia-filosofica\/#breadcrumb"},"inLanguage":"ca","potentialAction":[{"@type":"ReadAction","target":["https:\/\/biblioteca.blanes.cat\/salajove\/2023\/04\/18\/fes-me-pensar-concurs-de-fotografia-filosofica\/"]}]},{"@type":"ImageObject","inLanguage":"ca","@id":"https:\/\/biblioteca.blanes.cat\/salajove\/2023\/04\/18\/fes-me-pensar-concurs-de-fotografia-filosofica\/#primaryimage","url":"https:\/\/biblioteca.blanes.cat\/salajove\/wp-content\/uploads\/sites\/3\/2023\/04\/Fes-me-pensar_-1.jpg","contentUrl":"https:\/\/biblioteca.blanes.cat\/salajove\/wp-content\/uploads\/sites\/3\/2023\/04\/Fes-me-pensar_-1.jpg","width":477,"height":674},{"@type":"BreadcrumbList","@id":"https:\/\/biblioteca.blanes.cat\/salajove\/2023\/04\/18\/fes-me-pensar-concurs-de-fotografia-filosofica\/#breadcrumb","itemListElement":[{"@type":"ListItem","position":1,"name":"Inici","item":"https:\/\/biblioteca.blanes.cat\/salajove\/"},{"@type":"ListItem","position":2,"name":"Fes-me pensar: Concurs de fotografia filos\u00f2fica"}]},{"@type":"WebSite","@id":"https:\/\/biblioteca.blanes.cat\/salajove\/#website","url":"https:\/\/biblioteca.blanes.cat\/salajove\/","name":"Sala Jove","description":"Biblioteca Comarcal de Blanes","publisher":{"@id":"https:\/\/biblioteca.blanes.cat\/salajove\/#organization"},"potentialAction":[{"@type":"SearchAction","target":{"@type":"EntryPoint","urlTemplate":"https:\/\/biblioteca.blanes.cat\/salajove\/?s={search_term_string}"},"query-input":{"@type":"PropertyValueSpecification","valueRequired":true,"valueName":"search_term_string"}}],"inLanguage":"ca"},{"@type":"Organization","@id":"https:\/\/biblioteca.blanes.cat\/salajove\/#organization","name":"Biblioteca Comarcal de Blanes","url":"https:\/\/biblioteca.blanes.cat\/salajove\/","logo":{"@type":"ImageObject","inLanguage":"ca","@id":"https:\/\/biblioteca.blanes.cat\/salajove\/#\/schema\/logo\/image\/","url":"https:\/\/biblioteca.blanes.cat\/salajove\/wp-content\/uploads\/sites\/3\/2017\/09\/cropped-Bib-blau-e1518869380535.png","contentUrl":"https:\/\/biblioteca.blanes.cat\/salajove\/wp-content\/uploads\/sites\/3\/2017\/09\/cropped-Bib-blau-e1518869380535.png","width":166,"height":166,"caption":"Biblioteca Comarcal de Blanes"},"image":{"@id":"https:\/\/biblioteca.blanes.cat\/salajove\/#\/schema\/logo\/image\/"},"sameAs":["https:\/\/www.facebook.com\/BilbiotecaComarcaldeBlanes\/","https:\/\/x.com\/BiblioBlanes","https:\/\/www.instagram.com\/biblioblanes\/","https:\/\/www.pinterest.es\/bblanes\/","https:\/\/www.youtube.com\/c\/BibliotecaComarcalBlanes"]},{"@type":"Person","@id":"https:\/\/biblioteca.blanes.cat\/salajove\/#\/schema\/person\/5a7b46760d9dd611d098bbf571a341dc","name":"biblioblanes","image":{"@type":"ImageObject","inLanguage":"ca","@id":"https:\/\/secure.gravatar.com\/avatar\/6593ca6cc90e5a70939f51c95e8315483b9c281bafba597292bee47992030f99?s=96&d=mm&r=g","url":"https:\/\/secure.gravatar.com\/avatar\/6593ca6cc90e5a70939f51c95e8315483b9c281bafba597292bee47992030f99?s=96&d=mm&r=g","contentUrl":"https:\/\/secure.gravatar.com\/avatar\/6593ca6cc90e5a70939f51c95e8315483b9c281bafba597292bee47992030f99?s=96&d=mm&r=g","caption":"biblioblanes"},"sameAs":["http:\/\/www.bibgirona.cat\/biblioteca\/blanes","https:\/\/x.com\/biblioblanes"],"url":"https:\/\/biblioteca.blanes.cat\/salajove\/author\/biblioblanes\/"}]}},"_links":{"self":[{"href":"https:\/\/biblioteca.blanes.cat\/salajove\/wp-json\/wp\/v2\/posts\/7877","targetHints":{"allow":["GET"]}}],"collection":[{"href":"https:\/\/biblioteca.blanes.cat\/salajove\/wp-json\/wp\/v2\/posts"}],"about":[{"href":"https:\/\/biblioteca.blanes.cat\/salajove\/wp-json\/wp\/v2\/types\/post"}],"author":[{"embeddable":true,"href":"https:\/\/biblioteca.blanes.cat\/salajove\/wp-json\/wp\/v2\/users\/4"}],"replies":[{"embeddable":true,"href":"https:\/\/biblioteca.blanes.cat\/salajove\/wp-json\/wp\/v2\/comments?post=7877"}],"version-history":[{"count":5,"href":"https:\/\/biblioteca.blanes.cat\/salajove\/wp-json\/wp\/v2\/posts\/7877\/revisions"}],"predecessor-version":[{"id":7972,"href":"https:\/\/biblioteca.blanes.cat\/salajove\/wp-json\/wp\/v2\/posts\/7877\/revisions\/7972"}],"wp:featuredmedia":[{"embeddable":true,"href":"https:\/\/biblioteca.blanes.cat\/salajove\/wp-json\/wp\/v2\/media\/7881"}],"wp:attachment":[{"href":"https:\/\/biblioteca.blanes.cat\/salajove\/wp-json\/wp\/v2\/media?parent=7877"}],"wp:term":[{"taxonomy":"category","embeddable":true,"href":"https:\/\/biblioteca.blanes.cat\/salajove\/wp-json\/wp\/v2\/categories?post=7877"},{"taxonomy":"post_tag","embeddable":true,"href":"https:\/\/biblioteca.blanes.cat\/salajove\/wp-json\/wp\/v2\/tags?post=7877"}],"curies":[{"name":"wp","href":"https:\/\/api.w.org\/{rel}","templated":true}]}}