{"id":7757,"date":"2023-02-20T20:40:43","date_gmt":"2023-02-20T19:40:43","guid":{"rendered":"https:\/\/biblioteca.blanes.cat\/salajove\/?p=7757"},"modified":"2023-02-20T20:40:44","modified_gmt":"2023-02-20T19:40:44","slug":"clj-lectura-lliure","status":"publish","type":"post","link":"https:\/\/biblioteca.blanes.cat\/salajove\/2023\/02\/20\/clj-lectura-lliure\/","title":{"rendered":"CLJ: Lectura lliure"},"content":{"rendered":"\n<h4 style=\"text-align: center;\">Avui al <strong>Club de Lectura Juvenil<\/strong><\/h4>\n<h1 style=\"text-align: center;\">RECOMANEM LECTURES<\/h1>\n<p>\u00a0<\/p>\n<p style=\"text-align: center;\">A la trobada d&#8217;aquest mes no hem llegit cap llibre en concret sin\u00f3 que <strong>els hem llegit tots!<\/strong><\/p>\n<p style=\"text-align: center;\">Qu\u00e8 com ho hem fet?<\/p>\n<p style=\"text-align: center;\">Doncs la trobada anterior els nostres joves van triar una lectura interessant de la sala jove de la Biblioteca. Se la van endur a casa i avui l&#8217;han recomanat als seus companys. Tot aix\u00f2 amb una din\u00e0mica molt divertida.<\/p>\n<p>\u00a0<\/p>\n<p><img fetchpriority=\"high\" decoding=\"async\" class=\"aligncenter wp-image-7761 size-large\" src=\"https:\/\/biblioteca.blanes.cat\/salajove\/wp-content\/uploads\/sites\/3\/2023\/02\/Club-de-lectura-juvenil_-BiblioBlanes_febrer-3-1024x766.jpg\" alt=\"\" width=\"750\" height=\"561\" srcset=\"https:\/\/biblioteca.blanes.cat\/salajove\/wp-content\/uploads\/sites\/3\/2023\/02\/Club-de-lectura-juvenil_-BiblioBlanes_febrer-3-1024x766.jpg 1024w, https:\/\/biblioteca.blanes.cat\/salajove\/wp-content\/uploads\/sites\/3\/2023\/02\/Club-de-lectura-juvenil_-BiblioBlanes_febrer-3-300x224.jpg 300w, https:\/\/biblioteca.blanes.cat\/salajove\/wp-content\/uploads\/sites\/3\/2023\/02\/Club-de-lectura-juvenil_-BiblioBlanes_febrer-3-768x574.jpg 768w, https:\/\/biblioteca.blanes.cat\/salajove\/wp-content\/uploads\/sites\/3\/2023\/02\/Club-de-lectura-juvenil_-BiblioBlanes_febrer-3-1536x1149.jpg 1536w, https:\/\/biblioteca.blanes.cat\/salajove\/wp-content\/uploads\/sites\/3\/2023\/02\/Club-de-lectura-juvenil_-BiblioBlanes_febrer-3.jpg 2000w\" sizes=\"(max-width: 750px) 100vw, 750px\" \/><\/p>\n<p>\u00a0<\/p>\n<p style=\"text-align: center;\">A continuaci\u00f3 podeu veure les <strong>Recomanacions<\/strong> que ens han fet arribar des del club.<\/p>\n<p style=\"text-align: center;\">Per si alg\u00fa s&#8217;anima a llegir-ne alguna.<\/p>\n<p>\u00a0<\/p>\n<p style=\"text-align: center;\">&#8211; Impyrium. La mentira dels tres herois de Henry H. Neff<\/p>\n<p style=\"text-align: center;\">&#8211; T\u00edteres de la magia (iris g. Parente i Selene M.Pascual)<\/p>\n<p style=\"text-align: center;\">&#8211; Blood Magic. Tessa Graton<\/p>\n<p style=\"text-align: center;\">&#8211; Skandar i el lladre de l&#8217;unicorn. A.F. Steadman<\/p>\n<p style=\"text-align: center;\">&#8211; Cicle de l&#8217;etern emperador. Laura Gallego<\/p>\n<p style=\"text-align: center;\">-Destructora de reinos. Victoria Aveuard<\/p>\n<p style=\"text-align: center;\">-M\u00e1scaras (Amy Harmon)<\/p>\n<p style=\"text-align: center;\">-Los \u00faltimos a\u00f1os de la magia. Jos\u00e9 Antonio Fideu<\/p>\n<p>\u00a0<\/p>\n<div id='gallery-1' class='gallery galleryid-7757 gallery-columns-3 gallery-size-medium'><figure class='gallery-item'>\n\t\t\t<div class='gallery-icon landscape'>\n\t\t\t\t<a href='https:\/\/biblioteca.blanes.cat\/salajove\/2023\/02\/20\/clj-lectura-lliure\/club-de-lectura-juvenil_-biblioblanes_febrer-1\/'><img decoding=\"async\" width=\"300\" height=\"224\" src=\"https:\/\/biblioteca.blanes.cat\/salajove\/wp-content\/uploads\/sites\/3\/2023\/02\/Club-de-lectura-juvenil_-BiblioBlanes_febrer-1-300x224.jpg\" class=\"attachment-medium size-medium\" alt=\"\" srcset=\"https:\/\/biblioteca.blanes.cat\/salajove\/wp-content\/uploads\/sites\/3\/2023\/02\/Club-de-lectura-juvenil_-BiblioBlanes_febrer-1-300x224.jpg 300w, https:\/\/biblioteca.blanes.cat\/salajove\/wp-content\/uploads\/sites\/3\/2023\/02\/Club-de-lectura-juvenil_-BiblioBlanes_febrer-1-1024x766.jpg 1024w, https:\/\/biblioteca.blanes.cat\/salajove\/wp-content\/uploads\/sites\/3\/2023\/02\/Club-de-lectura-juvenil_-BiblioBlanes_febrer-1-768x574.jpg 768w, https:\/\/biblioteca.blanes.cat\/salajove\/wp-content\/uploads\/sites\/3\/2023\/02\/Club-de-lectura-juvenil_-BiblioBlanes_febrer-1-1536x1149.jpg 1536w, https:\/\/biblioteca.blanes.cat\/salajove\/wp-content\/uploads\/sites\/3\/2023\/02\/Club-de-lectura-juvenil_-BiblioBlanes_febrer-1.jpg 2000w\" sizes=\"(max-width: 300px) 100vw, 300px\" \/><\/a>\n\t\t\t<\/div><\/figure><figure class='gallery-item'>\n\t\t\t<div class='gallery-icon landscape'>\n\t\t\t\t<a href='https:\/\/biblioteca.blanes.cat\/salajove\/2023\/02\/20\/clj-lectura-lliure\/club-de-lectura-juvenil_-biblioblanes_febrer-2\/'><img decoding=\"async\" width=\"300\" height=\"224\" src=\"https:\/\/biblioteca.blanes.cat\/salajove\/wp-content\/uploads\/sites\/3\/2023\/02\/Club-de-lectura-juvenil_-BiblioBlanes_febrer-2-300x224.jpg\" class=\"attachment-medium size-medium\" alt=\"\" srcset=\"https:\/\/biblioteca.blanes.cat\/salajove\/wp-content\/uploads\/sites\/3\/2023\/02\/Club-de-lectura-juvenil_-BiblioBlanes_febrer-2-300x224.jpg 300w, https:\/\/biblioteca.blanes.cat\/salajove\/wp-content\/uploads\/sites\/3\/2023\/02\/Club-de-lectura-juvenil_-BiblioBlanes_febrer-2-1024x766.jpg 1024w, https:\/\/biblioteca.blanes.cat\/salajove\/wp-content\/uploads\/sites\/3\/2023\/02\/Club-de-lectura-juvenil_-BiblioBlanes_febrer-2-768x574.jpg 768w, https:\/\/biblioteca.blanes.cat\/salajove\/wp-content\/uploads\/sites\/3\/2023\/02\/Club-de-lectura-juvenil_-BiblioBlanes_febrer-2-1536x1149.jpg 1536w, https:\/\/biblioteca.blanes.cat\/salajove\/wp-content\/uploads\/sites\/3\/2023\/02\/Club-de-lectura-juvenil_-BiblioBlanes_febrer-2.jpg 2000w\" sizes=\"(max-width: 300px) 100vw, 300px\" \/><\/a>\n\t\t\t<\/div><\/figure><figure class='gallery-item'>\n\t\t\t<div class='gallery-icon landscape'>\n\t\t\t\t<a href='https:\/\/biblioteca.blanes.cat\/salajove\/2023\/02\/20\/clj-lectura-lliure\/club-de-lectura-juvenil_-biblioblanes_febrer-4\/'><img loading=\"lazy\" decoding=\"async\" width=\"300\" height=\"224\" src=\"https:\/\/biblioteca.blanes.cat\/salajove\/wp-content\/uploads\/sites\/3\/2023\/02\/Club-de-lectura-juvenil_-BiblioBlanes_febrer-4-300x224.jpg\" class=\"attachment-medium size-medium\" alt=\"\" srcset=\"https:\/\/biblioteca.blanes.cat\/salajove\/wp-content\/uploads\/sites\/3\/2023\/02\/Club-de-lectura-juvenil_-BiblioBlanes_febrer-4-300x224.jpg 300w, https:\/\/biblioteca.blanes.cat\/salajove\/wp-content\/uploads\/sites\/3\/2023\/02\/Club-de-lectura-juvenil_-BiblioBlanes_febrer-4-1024x766.jpg 1024w, https:\/\/biblioteca.blanes.cat\/salajove\/wp-content\/uploads\/sites\/3\/2023\/02\/Club-de-lectura-juvenil_-BiblioBlanes_febrer-4-768x574.jpg 768w, https:\/\/biblioteca.blanes.cat\/salajove\/wp-content\/uploads\/sites\/3\/2023\/02\/Club-de-lectura-juvenil_-BiblioBlanes_febrer-4-1536x1149.jpg 1536w, https:\/\/biblioteca.blanes.cat\/salajove\/wp-content\/uploads\/sites\/3\/2023\/02\/Club-de-lectura-juvenil_-BiblioBlanes_febrer-4.jpg 2000w\" sizes=\"(max-width: 300px) 100vw, 300px\" \/><\/a>\n\t\t\t<\/div><\/figure>\n\t\t<\/div>\n\n","protected":false},"excerpt":{"rendered":"<p>Avui al Club de Lectura Juvenil RECOMANEM LECTURES \u00a0 A la trobada d&#8217;aquest mes no hem llegit cap llibre en concret sin\u00f3 que els hem llegit tots! Qu\u00e8 com ho hem fet? Doncs la trobada anterior els nostres joves van<\/p>\n","protected":false},"author":4,"featured_media":4270,"comment_status":"open","ping_status":"open","sticky":false,"template":"","format":"standard","meta":{"sfsi_plus_gutenberg_text_before_share":"","sfsi_plus_gutenberg_show_text_before_share":"","sfsi_plus_gutenberg_icon_type":"","sfsi_plus_gutenberg_icon_alignemt":"","sfsi_plus_gutenburg_max_per_row":"","footnotes":""},"categories":[5],"tags":[102,29],"class_list":["post-7757","post","type-post","status-publish","format-standard","has-post-thumbnail","hentry","category-club-de-lectura","tag-activitats-clubdelectura-gamificacio-jocs-joves-lectura-literatura-llibres-activitats-clubdelectura-gamificacio-jocs-joves-lectura-literatura-llibres","tag-club-de-lectura"],"yoast_head":"<!-- This site is optimized with the Yoast SEO plugin v27.5 - https:\/\/yoast.com\/product\/yoast-seo-wordpress\/ -->\n<title>CLJ: Lectura lliure - Sala Jove<\/title>\n<meta name=\"robots\" content=\"index, follow, max-snippet:-1, max-image-preview:large, max-video-preview:-1\" \/>\n<link rel=\"canonical\" href=\"https:\/\/biblioteca.blanes.cat\/salajove\/2023\/02\/20\/clj-lectura-lliure\/\" \/>\n<meta property=\"og:locale\" content=\"ca_ES\" \/>\n<meta property=\"og:type\" content=\"article\" \/>\n<meta property=\"og:title\" content=\"CLJ: Lectura lliure - Sala Jove\" \/>\n<meta property=\"og:description\" content=\"Avui al Club de Lectura Juvenil RECOMANEM LECTURES \u00a0 A la trobada d&#8217;aquest mes no hem llegit cap llibre en concret sin\u00f3 que els hem llegit tots! Qu\u00e8 com ho hem fet? Doncs la trobada anterior els nostres joves van\" \/>\n<meta property=\"og:url\" content=\"https:\/\/biblioteca.blanes.cat\/salajove\/2023\/02\/20\/clj-lectura-lliure\/\" \/>\n<meta property=\"og:site_name\" content=\"Sala Jove\" \/>\n<meta property=\"article:publisher\" content=\"https:\/\/www.facebook.com\/BilbiotecaComarcaldeBlanes\/\" \/>\n<meta property=\"article:published_time\" content=\"2023-02-20T19:40:43+00:00\" \/>\n<meta property=\"article:modified_time\" content=\"2023-02-20T19:40:44+00:00\" \/>\n<meta property=\"og:image\" content=\"https:\/\/biblioteca.blanes.cat\/salajove\/wp-content\/uploads\/sites\/3\/2020\/07\/logo-club-de-lectura-2020-bloc-3.jpg\" \/>\n\t<meta property=\"og:image:width\" content=\"200\" \/>\n\t<meta property=\"og:image:height\" content=\"246\" \/>\n\t<meta property=\"og:image:type\" content=\"image\/jpeg\" \/>\n<meta name=\"author\" content=\"biblioblanes\" \/>\n<meta name=\"twitter:card\" content=\"summary_large_image\" \/>\n<meta name=\"twitter:creator\" content=\"@biblioblanes\" \/>\n<meta name=\"twitter:site\" content=\"@BiblioBlanes\" \/>\n<meta name=\"twitter:label1\" content=\"Escrit per\" \/>\n\t<meta name=\"twitter:data1\" content=\"biblioblanes\" \/>\n\t<meta name=\"twitter:label2\" content=\"Temps estimat de lectura\" \/>\n\t<meta name=\"twitter:data2\" content=\"1 minut\" \/>\n<script type=\"application\/ld+json\" class=\"yoast-schema-graph\">{\"@context\":\"https:\\\/\\\/schema.org\",\"@graph\":[{\"@type\":\"Article\",\"@id\":\"https:\\\/\\\/biblioteca.blanes.cat\\\/salajove\\\/2023\\\/02\\\/20\\\/clj-lectura-lliure\\\/#article\",\"isPartOf\":{\"@id\":\"https:\\\/\\\/biblioteca.blanes.cat\\\/salajove\\\/2023\\\/02\\\/20\\\/clj-lectura-lliure\\\/\"},\"author\":{\"name\":\"biblioblanes\",\"@id\":\"https:\\\/\\\/biblioteca.blanes.cat\\\/salajove\\\/#\\\/schema\\\/person\\\/5a7b46760d9dd611d098bbf571a341dc\"},\"headline\":\"CLJ: Lectura lliure\",\"datePublished\":\"2023-02-20T19:40:43+00:00\",\"dateModified\":\"2023-02-20T19:40:44+00:00\",\"mainEntityOfPage\":{\"@id\":\"https:\\\/\\\/biblioteca.blanes.cat\\\/salajove\\\/2023\\\/02\\\/20\\\/clj-lectura-lliure\\\/\"},\"wordCount\":169,\"commentCount\":0,\"publisher\":{\"@id\":\"https:\\\/\\\/biblioteca.blanes.cat\\\/salajove\\\/#organization\"},\"image\":{\"@id\":\"https:\\\/\\\/biblioteca.blanes.cat\\\/salajove\\\/2023\\\/02\\\/20\\\/clj-lectura-lliure\\\/#primaryimage\"},\"thumbnailUrl\":\"https:\\\/\\\/biblioteca.blanes.cat\\\/salajove\\\/wp-content\\\/uploads\\\/sites\\\/3\\\/2020\\\/07\\\/logo-club-de-lectura-2020-bloc-3.jpg\",\"keywords\":[\"#Activitats #ClubdeLectura #Gamificaci\u00f3 #jocs #Joves #Lectura #Literatura #Llibres #Activitats #ClubdeLectura #Gamificaci\u00f3 #jocs #Joves #Lectura #Literatura #Llibres\",\"#ClubdeLectura\"],\"articleSection\":[\"Club de Lectura\"],\"inLanguage\":\"ca\",\"potentialAction\":[{\"@type\":\"CommentAction\",\"name\":\"Comment\",\"target\":[\"https:\\\/\\\/biblioteca.blanes.cat\\\/salajove\\\/2023\\\/02\\\/20\\\/clj-lectura-lliure\\\/#respond\"]}]},{\"@type\":\"WebPage\",\"@id\":\"https:\\\/\\\/biblioteca.blanes.cat\\\/salajove\\\/2023\\\/02\\\/20\\\/clj-lectura-lliure\\\/\",\"url\":\"https:\\\/\\\/biblioteca.blanes.cat\\\/salajove\\\/2023\\\/02\\\/20\\\/clj-lectura-lliure\\\/\",\"name\":\"CLJ: Lectura lliure - Sala Jove\",\"isPartOf\":{\"@id\":\"https:\\\/\\\/biblioteca.blanes.cat\\\/salajove\\\/#website\"},\"primaryImageOfPage\":{\"@id\":\"https:\\\/\\\/biblioteca.blanes.cat\\\/salajove\\\/2023\\\/02\\\/20\\\/clj-lectura-lliure\\\/#primaryimage\"},\"image\":{\"@id\":\"https:\\\/\\\/biblioteca.blanes.cat\\\/salajove\\\/2023\\\/02\\\/20\\\/clj-lectura-lliure\\\/#primaryimage\"},\"thumbnailUrl\":\"https:\\\/\\\/biblioteca.blanes.cat\\\/salajove\\\/wp-content\\\/uploads\\\/sites\\\/3\\\/2020\\\/07\\\/logo-club-de-lectura-2020-bloc-3.jpg\",\"datePublished\":\"2023-02-20T19:40:43+00:00\",\"dateModified\":\"2023-02-20T19:40:44+00:00\",\"breadcrumb\":{\"@id\":\"https:\\\/\\\/biblioteca.blanes.cat\\\/salajove\\\/2023\\\/02\\\/20\\\/clj-lectura-lliure\\\/#breadcrumb\"},\"inLanguage\":\"ca\",\"potentialAction\":[{\"@type\":\"ReadAction\",\"target\":[\"https:\\\/\\\/biblioteca.blanes.cat\\\/salajove\\\/2023\\\/02\\\/20\\\/clj-lectura-lliure\\\/\"]}]},{\"@type\":\"ImageObject\",\"inLanguage\":\"ca\",\"@id\":\"https:\\\/\\\/biblioteca.blanes.cat\\\/salajove\\\/2023\\\/02\\\/20\\\/clj-lectura-lliure\\\/#primaryimage\",\"url\":\"https:\\\/\\\/biblioteca.blanes.cat\\\/salajove\\\/wp-content\\\/uploads\\\/sites\\\/3\\\/2020\\\/07\\\/logo-club-de-lectura-2020-bloc-3.jpg\",\"contentUrl\":\"https:\\\/\\\/biblioteca.blanes.cat\\\/salajove\\\/wp-content\\\/uploads\\\/sites\\\/3\\\/2020\\\/07\\\/logo-club-de-lectura-2020-bloc-3.jpg\",\"width\":200,\"height\":246},{\"@type\":\"BreadcrumbList\",\"@id\":\"https:\\\/\\\/biblioteca.blanes.cat\\\/salajove\\\/2023\\\/02\\\/20\\\/clj-lectura-lliure\\\/#breadcrumb\",\"itemListElement\":[{\"@type\":\"ListItem\",\"position\":1,\"name\":\"Inici\",\"item\":\"https:\\\/\\\/biblioteca.blanes.cat\\\/salajove\\\/\"},{\"@type\":\"ListItem\",\"position\":2,\"name\":\"CLJ: Lectura lliure\"}]},{\"@type\":\"WebSite\",\"@id\":\"https:\\\/\\\/biblioteca.blanes.cat\\\/salajove\\\/#website\",\"url\":\"https:\\\/\\\/biblioteca.blanes.cat\\\/salajove\\\/\",\"name\":\"Sala Jove\",\"description\":\"Biblioteca Comarcal de Blanes\",\"publisher\":{\"@id\":\"https:\\\/\\\/biblioteca.blanes.cat\\\/salajove\\\/#organization\"},\"potentialAction\":[{\"@type\":\"SearchAction\",\"target\":{\"@type\":\"EntryPoint\",\"urlTemplate\":\"https:\\\/\\\/biblioteca.blanes.cat\\\/salajove\\\/?s={search_term_string}\"},\"query-input\":{\"@type\":\"PropertyValueSpecification\",\"valueRequired\":true,\"valueName\":\"search_term_string\"}}],\"inLanguage\":\"ca\"},{\"@type\":\"Organization\",\"@id\":\"https:\\\/\\\/biblioteca.blanes.cat\\\/salajove\\\/#organization\",\"name\":\"Biblioteca Comarcal de Blanes\",\"url\":\"https:\\\/\\\/biblioteca.blanes.cat\\\/salajove\\\/\",\"logo\":{\"@type\":\"ImageObject\",\"inLanguage\":\"ca\",\"@id\":\"https:\\\/\\\/biblioteca.blanes.cat\\\/salajove\\\/#\\\/schema\\\/logo\\\/image\\\/\",\"url\":\"https:\\\/\\\/biblioteca.blanes.cat\\\/salajove\\\/wp-content\\\/uploads\\\/sites\\\/3\\\/2017\\\/09\\\/cropped-Bib-blau-e1518869380535.png\",\"contentUrl\":\"https:\\\/\\\/biblioteca.blanes.cat\\\/salajove\\\/wp-content\\\/uploads\\\/sites\\\/3\\\/2017\\\/09\\\/cropped-Bib-blau-e1518869380535.png\",\"width\":166,\"height\":166,\"caption\":\"Biblioteca Comarcal de Blanes\"},\"image\":{\"@id\":\"https:\\\/\\\/biblioteca.blanes.cat\\\/salajove\\\/#\\\/schema\\\/logo\\\/image\\\/\"},\"sameAs\":[\"https:\\\/\\\/www.facebook.com\\\/BilbiotecaComarcaldeBlanes\\\/\",\"https:\\\/\\\/x.com\\\/BiblioBlanes\",\"https:\\\/\\\/www.instagram.com\\\/biblioblanes\\\/\",\"https:\\\/\\\/www.pinterest.es\\\/bblanes\\\/\",\"https:\\\/\\\/www.youtube.com\\\/c\\\/BibliotecaComarcalBlanes\"]},{\"@type\":\"Person\",\"@id\":\"https:\\\/\\\/biblioteca.blanes.cat\\\/salajove\\\/#\\\/schema\\\/person\\\/5a7b46760d9dd611d098bbf571a341dc\",\"name\":\"biblioblanes\",\"image\":{\"@type\":\"ImageObject\",\"inLanguage\":\"ca\",\"@id\":\"https:\\\/\\\/secure.gravatar.com\\\/avatar\\\/6593ca6cc90e5a70939f51c95e8315483b9c281bafba597292bee47992030f99?s=96&d=mm&r=g\",\"url\":\"https:\\\/\\\/secure.gravatar.com\\\/avatar\\\/6593ca6cc90e5a70939f51c95e8315483b9c281bafba597292bee47992030f99?s=96&d=mm&r=g\",\"contentUrl\":\"https:\\\/\\\/secure.gravatar.com\\\/avatar\\\/6593ca6cc90e5a70939f51c95e8315483b9c281bafba597292bee47992030f99?s=96&d=mm&r=g\",\"caption\":\"biblioblanes\"},\"sameAs\":[\"http:\\\/\\\/www.bibgirona.cat\\\/biblioteca\\\/blanes\",\"https:\\\/\\\/x.com\\\/biblioblanes\"],\"url\":\"https:\\\/\\\/biblioteca.blanes.cat\\\/salajove\\\/author\\\/biblioblanes\\\/\"}]}<\/script>\n<!-- \/ Yoast SEO plugin. -->","yoast_head_json":{"title":"CLJ: Lectura lliure - Sala Jove","robots":{"index":"index","follow":"follow","max-snippet":"max-snippet:-1","max-image-preview":"max-image-preview:large","max-video-preview":"max-video-preview:-1"},"canonical":"https:\/\/biblioteca.blanes.cat\/salajove\/2023\/02\/20\/clj-lectura-lliure\/","og_locale":"ca_ES","og_type":"article","og_title":"CLJ: Lectura lliure - Sala Jove","og_description":"Avui al Club de Lectura Juvenil RECOMANEM LECTURES \u00a0 A la trobada d&#8217;aquest mes no hem llegit cap llibre en concret sin\u00f3 que els hem llegit tots! Qu\u00e8 com ho hem fet? Doncs la trobada anterior els nostres joves van","og_url":"https:\/\/biblioteca.blanes.cat\/salajove\/2023\/02\/20\/clj-lectura-lliure\/","og_site_name":"Sala Jove","article_publisher":"https:\/\/www.facebook.com\/BilbiotecaComarcaldeBlanes\/","article_published_time":"2023-02-20T19:40:43+00:00","article_modified_time":"2023-02-20T19:40:44+00:00","og_image":[{"width":200,"height":246,"url":"https:\/\/biblioteca.blanes.cat\/salajove\/wp-content\/uploads\/sites\/3\/2020\/07\/logo-club-de-lectura-2020-bloc-3.jpg","type":"image\/jpeg"}],"author":"biblioblanes","twitter_card":"summary_large_image","twitter_creator":"@biblioblanes","twitter_site":"@BiblioBlanes","twitter_misc":{"Escrit per":"biblioblanes","Temps estimat de lectura":"1 minut"},"schema":{"@context":"https:\/\/schema.org","@graph":[{"@type":"Article","@id":"https:\/\/biblioteca.blanes.cat\/salajove\/2023\/02\/20\/clj-lectura-lliure\/#article","isPartOf":{"@id":"https:\/\/biblioteca.blanes.cat\/salajove\/2023\/02\/20\/clj-lectura-lliure\/"},"author":{"name":"biblioblanes","@id":"https:\/\/biblioteca.blanes.cat\/salajove\/#\/schema\/person\/5a7b46760d9dd611d098bbf571a341dc"},"headline":"CLJ: Lectura lliure","datePublished":"2023-02-20T19:40:43+00:00","dateModified":"2023-02-20T19:40:44+00:00","mainEntityOfPage":{"@id":"https:\/\/biblioteca.blanes.cat\/salajove\/2023\/02\/20\/clj-lectura-lliure\/"},"wordCount":169,"commentCount":0,"publisher":{"@id":"https:\/\/biblioteca.blanes.cat\/salajove\/#organization"},"image":{"@id":"https:\/\/biblioteca.blanes.cat\/salajove\/2023\/02\/20\/clj-lectura-lliure\/#primaryimage"},"thumbnailUrl":"https:\/\/biblioteca.blanes.cat\/salajove\/wp-content\/uploads\/sites\/3\/2020\/07\/logo-club-de-lectura-2020-bloc-3.jpg","keywords":["#Activitats #ClubdeLectura #Gamificaci\u00f3 #jocs #Joves #Lectura #Literatura #Llibres #Activitats #ClubdeLectura #Gamificaci\u00f3 #jocs #Joves #Lectura #Literatura #Llibres","#ClubdeLectura"],"articleSection":["Club de Lectura"],"inLanguage":"ca","potentialAction":[{"@type":"CommentAction","name":"Comment","target":["https:\/\/biblioteca.blanes.cat\/salajove\/2023\/02\/20\/clj-lectura-lliure\/#respond"]}]},{"@type":"WebPage","@id":"https:\/\/biblioteca.blanes.cat\/salajove\/2023\/02\/20\/clj-lectura-lliure\/","url":"https:\/\/biblioteca.blanes.cat\/salajove\/2023\/02\/20\/clj-lectura-lliure\/","name":"CLJ: Lectura lliure - Sala Jove","isPartOf":{"@id":"https:\/\/biblioteca.blanes.cat\/salajove\/#website"},"primaryImageOfPage":{"@id":"https:\/\/biblioteca.blanes.cat\/salajove\/2023\/02\/20\/clj-lectura-lliure\/#primaryimage"},"image":{"@id":"https:\/\/biblioteca.blanes.cat\/salajove\/2023\/02\/20\/clj-lectura-lliure\/#primaryimage"},"thumbnailUrl":"https:\/\/biblioteca.blanes.cat\/salajove\/wp-content\/uploads\/sites\/3\/2020\/07\/logo-club-de-lectura-2020-bloc-3.jpg","datePublished":"2023-02-20T19:40:43+00:00","dateModified":"2023-02-20T19:40:44+00:00","breadcrumb":{"@id":"https:\/\/biblioteca.blanes.cat\/salajove\/2023\/02\/20\/clj-lectura-lliure\/#breadcrumb"},"inLanguage":"ca","potentialAction":[{"@type":"ReadAction","target":["https:\/\/biblioteca.blanes.cat\/salajove\/2023\/02\/20\/clj-lectura-lliure\/"]}]},{"@type":"ImageObject","inLanguage":"ca","@id":"https:\/\/biblioteca.blanes.cat\/salajove\/2023\/02\/20\/clj-lectura-lliure\/#primaryimage","url":"https:\/\/biblioteca.blanes.cat\/salajove\/wp-content\/uploads\/sites\/3\/2020\/07\/logo-club-de-lectura-2020-bloc-3.jpg","contentUrl":"https:\/\/biblioteca.blanes.cat\/salajove\/wp-content\/uploads\/sites\/3\/2020\/07\/logo-club-de-lectura-2020-bloc-3.jpg","width":200,"height":246},{"@type":"BreadcrumbList","@id":"https:\/\/biblioteca.blanes.cat\/salajove\/2023\/02\/20\/clj-lectura-lliure\/#breadcrumb","itemListElement":[{"@type":"ListItem","position":1,"name":"Inici","item":"https:\/\/biblioteca.blanes.cat\/salajove\/"},{"@type":"ListItem","position":2,"name":"CLJ: Lectura lliure"}]},{"@type":"WebSite","@id":"https:\/\/biblioteca.blanes.cat\/salajove\/#website","url":"https:\/\/biblioteca.blanes.cat\/salajove\/","name":"Sala Jove","description":"Biblioteca Comarcal de Blanes","publisher":{"@id":"https:\/\/biblioteca.blanes.cat\/salajove\/#organization"},"potentialAction":[{"@type":"SearchAction","target":{"@type":"EntryPoint","urlTemplate":"https:\/\/biblioteca.blanes.cat\/salajove\/?s={search_term_string}"},"query-input":{"@type":"PropertyValueSpecification","valueRequired":true,"valueName":"search_term_string"}}],"inLanguage":"ca"},{"@type":"Organization","@id":"https:\/\/biblioteca.blanes.cat\/salajove\/#organization","name":"Biblioteca Comarcal de Blanes","url":"https:\/\/biblioteca.blanes.cat\/salajove\/","logo":{"@type":"ImageObject","inLanguage":"ca","@id":"https:\/\/biblioteca.blanes.cat\/salajove\/#\/schema\/logo\/image\/","url":"https:\/\/biblioteca.blanes.cat\/salajove\/wp-content\/uploads\/sites\/3\/2017\/09\/cropped-Bib-blau-e1518869380535.png","contentUrl":"https:\/\/biblioteca.blanes.cat\/salajove\/wp-content\/uploads\/sites\/3\/2017\/09\/cropped-Bib-blau-e1518869380535.png","width":166,"height":166,"caption":"Biblioteca Comarcal de Blanes"},"image":{"@id":"https:\/\/biblioteca.blanes.cat\/salajove\/#\/schema\/logo\/image\/"},"sameAs":["https:\/\/www.facebook.com\/BilbiotecaComarcaldeBlanes\/","https:\/\/x.com\/BiblioBlanes","https:\/\/www.instagram.com\/biblioblanes\/","https:\/\/www.pinterest.es\/bblanes\/","https:\/\/www.youtube.com\/c\/BibliotecaComarcalBlanes"]},{"@type":"Person","@id":"https:\/\/biblioteca.blanes.cat\/salajove\/#\/schema\/person\/5a7b46760d9dd611d098bbf571a341dc","name":"biblioblanes","image":{"@type":"ImageObject","inLanguage":"ca","@id":"https:\/\/secure.gravatar.com\/avatar\/6593ca6cc90e5a70939f51c95e8315483b9c281bafba597292bee47992030f99?s=96&d=mm&r=g","url":"https:\/\/secure.gravatar.com\/avatar\/6593ca6cc90e5a70939f51c95e8315483b9c281bafba597292bee47992030f99?s=96&d=mm&r=g","contentUrl":"https:\/\/secure.gravatar.com\/avatar\/6593ca6cc90e5a70939f51c95e8315483b9c281bafba597292bee47992030f99?s=96&d=mm&r=g","caption":"biblioblanes"},"sameAs":["http:\/\/www.bibgirona.cat\/biblioteca\/blanes","https:\/\/x.com\/biblioblanes"],"url":"https:\/\/biblioteca.blanes.cat\/salajove\/author\/biblioblanes\/"}]}},"_links":{"self":[{"href":"https:\/\/biblioteca.blanes.cat\/salajove\/wp-json\/wp\/v2\/posts\/7757","targetHints":{"allow":["GET"]}}],"collection":[{"href":"https:\/\/biblioteca.blanes.cat\/salajove\/wp-json\/wp\/v2\/posts"}],"about":[{"href":"https:\/\/biblioteca.blanes.cat\/salajove\/wp-json\/wp\/v2\/types\/post"}],"author":[{"embeddable":true,"href":"https:\/\/biblioteca.blanes.cat\/salajove\/wp-json\/wp\/v2\/users\/4"}],"replies":[{"embeddable":true,"href":"https:\/\/biblioteca.blanes.cat\/salajove\/wp-json\/wp\/v2\/comments?post=7757"}],"version-history":[{"count":4,"href":"https:\/\/biblioteca.blanes.cat\/salajove\/wp-json\/wp\/v2\/posts\/7757\/revisions"}],"predecessor-version":[{"id":7815,"href":"https:\/\/biblioteca.blanes.cat\/salajove\/wp-json\/wp\/v2\/posts\/7757\/revisions\/7815"}],"wp:featuredmedia":[{"embeddable":true,"href":"https:\/\/biblioteca.blanes.cat\/salajove\/wp-json\/wp\/v2\/media\/4270"}],"wp:attachment":[{"href":"https:\/\/biblioteca.blanes.cat\/salajove\/wp-json\/wp\/v2\/media?parent=7757"}],"wp:term":[{"taxonomy":"category","embeddable":true,"href":"https:\/\/biblioteca.blanes.cat\/salajove\/wp-json\/wp\/v2\/categories?post=7757"},{"taxonomy":"post_tag","embeddable":true,"href":"https:\/\/biblioteca.blanes.cat\/salajove\/wp-json\/wp\/v2\/tags?post=7757"}],"curies":[{"name":"wp","href":"https:\/\/api.w.org\/{rel}","templated":true}]}}