{"id":770,"date":"2018-01-12T10:28:43","date_gmt":"2018-01-12T09:28:43","guid":{"rendered":"https:\/\/biblioteca.blanes.cat\/salajove\/?p=770"},"modified":"2018-06-29T11:31:40","modified_gmt":"2018-06-29T10:31:40","slug":"clj-hachiko-gos-que-esperava","status":"publish","type":"post","link":"https:\/\/biblioteca.blanes.cat\/salajove\/2018\/01\/12\/clj-hachiko-gos-que-esperava\/","title":{"rendered":"CLJ: Hachiko. El gos que esperava"},"content":{"rendered":"<div class=\"block\">\n<h2>Aquest mes estem llegint\u00a0<em><strong>Hachiko. El gos que esperava<\/strong><\/em>, de <strong>Lluis Prats,<\/strong> i que comentarem el proper divendres 19 de gener a les 5h de la tarda.<\/h2>\n<p style=\"text-align: justify;\"><strong><a href=\"https:\/\/biblioteca.blanes.cat\/salajove\/club-lectura-jove\/\" target=\"_blank\" rel=\"noopener\"><img fetchpriority=\"high\" decoding=\"async\" class=\"alignright wp-image-303 size-medium\" src=\"https:\/\/biblioteca.blanes.cat\/salajove\/wp-content\/uploads\/sites\/3\/2017\/10\/Hachiko-El-gos-que-esperava-194x300.jpg\" alt=\"CLJ: Hachiko\" width=\"194\" height=\"300\" srcset=\"https:\/\/biblioteca.blanes.cat\/salajove\/wp-content\/uploads\/sites\/3\/2017\/10\/Hachiko-El-gos-que-esperava-194x300.jpg 194w, https:\/\/biblioteca.blanes.cat\/salajove\/wp-content\/uploads\/sites\/3\/2017\/10\/Hachiko-El-gos-que-esperava.jpg 310w\" sizes=\"(max-width: 194px) 100vw, 194px\" \/><\/a>Sinopsi:<\/strong><\/p>\n<p style=\"text-align: justify;\">El professor Ueno, de la Universitat de T\u00f2kio, \u00e9s un home \u00edntegre, d&#8217;horaris i costums inflexibles. Fins que coneix l&#8217;Hachiko, un cadell que recull per a la seva filla i que far\u00e0 molt m\u00e9s que trencar-li l&#8217;ordre i la disciplina. Aviat, la relaci\u00f3 entre el professor i l&#8217;Hachiko, el gos, esdev\u00e9 especial. Cada mat\u00ed l&#8217;acompanya a l&#8217;estaci\u00f3 i, cada tarda, espera el seu retorn a dos quarts de sis. Cada dia laborable. Cada mes. Cada any. S&#8217;ha forjat una relaci\u00f3 basada en l&#8217;amistat i la fidelitat. I res no la pot trencar&#8230;<\/p>\n<p style=\"text-align: justify;\">Una novel\u00b7la emotiva basada en una hist\u00f2ria real que va captivar el m\u00f3n.<\/p>\n<\/div>\n<p>&nbsp;<\/p>\n<p style=\"text-align: justify;\"><strong>Sobre l&#8217;autor:<\/strong><\/p>\n<p style=\"text-align: justify;\"><strong>Llu\u00eds Prats<\/strong> (Terrassa 1966). Va estudiar Hist\u00f2ria de l&#8217;Art i Arqueologia a la UAB i a la UdG, i durant uns anys es va dedicar a la investigaci\u00f3 i a la doc\u00e8ncia. Ha treballat com a mestre de prim\u00e0ria i secund\u00e0ria, com a editor de libres d&#8217;art i com a productor de cinema a Los Angeles (Calif\u00f2rnia). Ha escrit assaig (<i>Cine para educar<\/i>, Ed. Belacqua), llibres d&#8217;art, novel\u00b7la hist\u00f2rica (<i>Aretes de Esparta<\/i>, Ed. Pamies), i m\u00e9s d&#8217;una dotzena de novel\u00b7les infantils i juvenils tradu\u00efdes a varis idiomes (<i>Concurs enverinat<\/i>, Ed. Baula; <i>La petita coral de la senyoreta Collignon<\/i>, <i>Shackleton. Expedici\u00f3 a l&#8217;Ant\u00e0rtida<\/i>, Ed. Bamb\u00fa).\u00a0<\/p>\n<p style=\"text-align: right; font-size: 10px;\">font: <a href=\"http:\/\/www.lagaleraeditorial.com\/ca\/hachiko-el-gos-que-esperava-978-84-246-5539-6#.Wlh5UVfZLxU\" target=\"_blank\" rel=\"noopener\">Editorial La Galera<\/a><\/p>\n<div class=\"block\">\u00a0<a href=\"https:\/\/biblioteca.blanes.cat\/salajove\/2018\/01\/02\/activitats-gener-2018\/\" target=\"_blank\" rel=\"noopener\"><img decoding=\"async\" class=\"aligncenter wp-image-646\" src=\"https:\/\/biblioteca.blanes.cat\/salajove\/wp-content\/uploads\/sites\/3\/2018\/01\/CLJ_Hachiko-el-gos-que-esperava-212x300.jpg\" alt=\"CLJ: Hachiko\" width=\"354\" height=\"500\" srcset=\"https:\/\/biblioteca.blanes.cat\/salajove\/wp-content\/uploads\/sites\/3\/2018\/01\/CLJ_Hachiko-el-gos-que-esperava-212x300.jpg 212w, https:\/\/biblioteca.blanes.cat\/salajove\/wp-content\/uploads\/sites\/3\/2018\/01\/CLJ_Hachiko-el-gos-que-esperava-768x1086.jpg 768w, https:\/\/biblioteca.blanes.cat\/salajove\/wp-content\/uploads\/sites\/3\/2018\/01\/CLJ_Hachiko-el-gos-que-esperava-724x1024.jpg 724w, https:\/\/biblioteca.blanes.cat\/salajove\/wp-content\/uploads\/sites\/3\/2018\/01\/CLJ_Hachiko-el-gos-que-esperava.jpg 1754w\" sizes=\"(max-width: 354px) 100vw, 354px\" \/><\/a><\/div>\n","protected":false},"excerpt":{"rendered":"<p>Aquest mes estem llegint\u00a0Hachiko. El gos que esperava, de Lluis Prats, i que comentarem el proper divendres 19 de gener a les 5h de la tarda. Sinopsi: El professor Ueno, de la Universitat de T\u00f2kio, \u00e9s un home \u00edntegre, d&#8217;horaris<\/p>\n","protected":false},"author":4,"featured_media":303,"comment_status":"open","ping_status":"open","sticky":false,"template":"","format":"standard","meta":{"sfsi_plus_gutenberg_text_before_share":"","sfsi_plus_gutenberg_show_text_before_share":"","sfsi_plus_gutenberg_icon_type":"","sfsi_plus_gutenberg_icon_alignemt":"","sfsi_plus_gutenburg_max_per_row":"","footnotes":""},"categories":[5],"tags":[24,26,19,21,23],"class_list":["post-770","post","type-post","status-publish","format-standard","has-post-thumbnail","hentry","category-club-de-lectura","tag-activitats","tag-lectura","tag-literatura","tag-llibres","tag-sinopsi"],"yoast_head":"<!-- This site is optimized with the Yoast SEO plugin v27.5 - https:\/\/yoast.com\/product\/yoast-seo-wordpress\/ -->\n<title>Aquest mes al CLJ: Hachiko. El gos que esperava, de Lluis Prats<\/title>\n<meta name=\"description\" content=\"CLJ: Hachiko. El gos que esperava, \u00e9s el llibre de Lluis Prats que comentarem el proper divendres 19 de gener a les 5h a la Sala Jove #Biblioblanes.\" \/>\n<meta name=\"robots\" content=\"index, follow, max-snippet:-1, max-image-preview:large, max-video-preview:-1\" \/>\n<link rel=\"canonical\" href=\"https:\/\/biblioteca.blanes.cat\/salajove\/2018\/01\/12\/clj-hachiko-gos-que-esperava\/\" \/>\n<meta property=\"og:locale\" content=\"ca_ES\" \/>\n<meta property=\"og:type\" content=\"article\" \/>\n<meta property=\"og:title\" content=\"Aquest mes al CLJ: Hachiko. El gos que esperava, de Lluis Prats\" \/>\n<meta property=\"og:description\" content=\"CLJ: Hachiko. El gos que esperava, \u00e9s el llibre de Lluis Prats que comentarem el proper divendres 19 de gener a les 5h a la Sala Jove #Biblioblanes.\" \/>\n<meta property=\"og:url\" content=\"https:\/\/biblioteca.blanes.cat\/salajove\/2018\/01\/12\/clj-hachiko-gos-que-esperava\/\" \/>\n<meta property=\"og:site_name\" content=\"Sala Jove\" \/>\n<meta property=\"article:publisher\" content=\"https:\/\/www.facebook.com\/BilbiotecaComarcaldeBlanes\/\" \/>\n<meta property=\"article:published_time\" content=\"2018-01-12T09:28:43+00:00\" \/>\n<meta property=\"article:modified_time\" content=\"2018-06-29T10:31:40+00:00\" \/>\n<meta property=\"og:image\" content=\"https:\/\/biblioteca.blanes.cat\/salajove\/wp-content\/uploads\/sites\/3\/2017\/10\/Hachiko-El-gos-que-esperava.jpg\" \/>\n\t<meta property=\"og:image:width\" content=\"310\" \/>\n\t<meta property=\"og:image:height\" content=\"479\" \/>\n\t<meta property=\"og:image:type\" content=\"image\/jpeg\" \/>\n<meta name=\"author\" content=\"biblioblanes\" \/>\n<meta name=\"twitter:card\" content=\"summary_large_image\" \/>\n<meta name=\"twitter:creator\" content=\"@biblioblanes\" \/>\n<meta name=\"twitter:site\" content=\"@BiblioBlanes\" \/>\n<meta name=\"twitter:label1\" content=\"Escrit per\" \/>\n\t<meta name=\"twitter:data1\" content=\"biblioblanes\" \/>\n\t<meta name=\"twitter:label2\" content=\"Temps estimat de lectura\" \/>\n\t<meta name=\"twitter:data2\" content=\"1 minut\" \/>\n<script type=\"application\/ld+json\" class=\"yoast-schema-graph\">{\"@context\":\"https:\\\/\\\/schema.org\",\"@graph\":[{\"@type\":\"Article\",\"@id\":\"https:\\\/\\\/biblioteca.blanes.cat\\\/salajove\\\/2018\\\/01\\\/12\\\/clj-hachiko-gos-que-esperava\\\/#article\",\"isPartOf\":{\"@id\":\"https:\\\/\\\/biblioteca.blanes.cat\\\/salajove\\\/2018\\\/01\\\/12\\\/clj-hachiko-gos-que-esperava\\\/\"},\"author\":{\"name\":\"biblioblanes\",\"@id\":\"https:\\\/\\\/biblioteca.blanes.cat\\\/salajove\\\/#\\\/schema\\\/person\\\/5a7b46760d9dd611d098bbf571a341dc\"},\"headline\":\"CLJ: Hachiko. El gos que esperava\",\"datePublished\":\"2018-01-12T09:28:43+00:00\",\"dateModified\":\"2018-06-29T10:31:40+00:00\",\"mainEntityOfPage\":{\"@id\":\"https:\\\/\\\/biblioteca.blanes.cat\\\/salajove\\\/2018\\\/01\\\/12\\\/clj-hachiko-gos-que-esperava\\\/\"},\"wordCount\":279,\"commentCount\":0,\"publisher\":{\"@id\":\"https:\\\/\\\/biblioteca.blanes.cat\\\/salajove\\\/#organization\"},\"image\":{\"@id\":\"https:\\\/\\\/biblioteca.blanes.cat\\\/salajove\\\/2018\\\/01\\\/12\\\/clj-hachiko-gos-que-esperava\\\/#primaryimage\"},\"thumbnailUrl\":\"https:\\\/\\\/biblioteca.blanes.cat\\\/salajove\\\/wp-content\\\/uploads\\\/sites\\\/3\\\/2017\\\/10\\\/Hachiko-El-gos-que-esperava.jpg\",\"keywords\":[\"#Activitats\",\"#Lectura\",\"#Literatura\",\"#Llibres\",\"#Sinopsi\"],\"articleSection\":[\"Club de Lectura\"],\"inLanguage\":\"ca\",\"potentialAction\":[{\"@type\":\"CommentAction\",\"name\":\"Comment\",\"target\":[\"https:\\\/\\\/biblioteca.blanes.cat\\\/salajove\\\/2018\\\/01\\\/12\\\/clj-hachiko-gos-que-esperava\\\/#respond\"]}]},{\"@type\":\"WebPage\",\"@id\":\"https:\\\/\\\/biblioteca.blanes.cat\\\/salajove\\\/2018\\\/01\\\/12\\\/clj-hachiko-gos-que-esperava\\\/\",\"url\":\"https:\\\/\\\/biblioteca.blanes.cat\\\/salajove\\\/2018\\\/01\\\/12\\\/clj-hachiko-gos-que-esperava\\\/\",\"name\":\"Aquest mes al CLJ: Hachiko. El gos que esperava, de Lluis Prats\",\"isPartOf\":{\"@id\":\"https:\\\/\\\/biblioteca.blanes.cat\\\/salajove\\\/#website\"},\"primaryImageOfPage\":{\"@id\":\"https:\\\/\\\/biblioteca.blanes.cat\\\/salajove\\\/2018\\\/01\\\/12\\\/clj-hachiko-gos-que-esperava\\\/#primaryimage\"},\"image\":{\"@id\":\"https:\\\/\\\/biblioteca.blanes.cat\\\/salajove\\\/2018\\\/01\\\/12\\\/clj-hachiko-gos-que-esperava\\\/#primaryimage\"},\"thumbnailUrl\":\"https:\\\/\\\/biblioteca.blanes.cat\\\/salajove\\\/wp-content\\\/uploads\\\/sites\\\/3\\\/2017\\\/10\\\/Hachiko-El-gos-que-esperava.jpg\",\"datePublished\":\"2018-01-12T09:28:43+00:00\",\"dateModified\":\"2018-06-29T10:31:40+00:00\",\"description\":\"CLJ: Hachiko. El gos que esperava, \u00e9s el llibre de Lluis Prats que comentarem el proper divendres 19 de gener a les 5h a la Sala Jove #Biblioblanes.\",\"breadcrumb\":{\"@id\":\"https:\\\/\\\/biblioteca.blanes.cat\\\/salajove\\\/2018\\\/01\\\/12\\\/clj-hachiko-gos-que-esperava\\\/#breadcrumb\"},\"inLanguage\":\"ca\",\"potentialAction\":[{\"@type\":\"ReadAction\",\"target\":[\"https:\\\/\\\/biblioteca.blanes.cat\\\/salajove\\\/2018\\\/01\\\/12\\\/clj-hachiko-gos-que-esperava\\\/\"]}]},{\"@type\":\"ImageObject\",\"inLanguage\":\"ca\",\"@id\":\"https:\\\/\\\/biblioteca.blanes.cat\\\/salajove\\\/2018\\\/01\\\/12\\\/clj-hachiko-gos-que-esperava\\\/#primaryimage\",\"url\":\"https:\\\/\\\/biblioteca.blanes.cat\\\/salajove\\\/wp-content\\\/uploads\\\/sites\\\/3\\\/2017\\\/10\\\/Hachiko-El-gos-que-esperava.jpg\",\"contentUrl\":\"https:\\\/\\\/biblioteca.blanes.cat\\\/salajove\\\/wp-content\\\/uploads\\\/sites\\\/3\\\/2017\\\/10\\\/Hachiko-El-gos-que-esperava.jpg\",\"width\":310,\"height\":479},{\"@type\":\"BreadcrumbList\",\"@id\":\"https:\\\/\\\/biblioteca.blanes.cat\\\/salajove\\\/2018\\\/01\\\/12\\\/clj-hachiko-gos-que-esperava\\\/#breadcrumb\",\"itemListElement\":[{\"@type\":\"ListItem\",\"position\":1,\"name\":\"Inici\",\"item\":\"https:\\\/\\\/biblioteca.blanes.cat\\\/salajove\\\/\"},{\"@type\":\"ListItem\",\"position\":2,\"name\":\"CLJ: Hachiko. El gos que esperava\"}]},{\"@type\":\"WebSite\",\"@id\":\"https:\\\/\\\/biblioteca.blanes.cat\\\/salajove\\\/#website\",\"url\":\"https:\\\/\\\/biblioteca.blanes.cat\\\/salajove\\\/\",\"name\":\"Sala Jove\",\"description\":\"Biblioteca Comarcal de Blanes\",\"publisher\":{\"@id\":\"https:\\\/\\\/biblioteca.blanes.cat\\\/salajove\\\/#organization\"},\"potentialAction\":[{\"@type\":\"SearchAction\",\"target\":{\"@type\":\"EntryPoint\",\"urlTemplate\":\"https:\\\/\\\/biblioteca.blanes.cat\\\/salajove\\\/?s={search_term_string}\"},\"query-input\":{\"@type\":\"PropertyValueSpecification\",\"valueRequired\":true,\"valueName\":\"search_term_string\"}}],\"inLanguage\":\"ca\"},{\"@type\":\"Organization\",\"@id\":\"https:\\\/\\\/biblioteca.blanes.cat\\\/salajove\\\/#organization\",\"name\":\"Biblioteca Comarcal de Blanes\",\"url\":\"https:\\\/\\\/biblioteca.blanes.cat\\\/salajove\\\/\",\"logo\":{\"@type\":\"ImageObject\",\"inLanguage\":\"ca\",\"@id\":\"https:\\\/\\\/biblioteca.blanes.cat\\\/salajove\\\/#\\\/schema\\\/logo\\\/image\\\/\",\"url\":\"https:\\\/\\\/biblioteca.blanes.cat\\\/salajove\\\/wp-content\\\/uploads\\\/sites\\\/3\\\/2017\\\/09\\\/cropped-Bib-blau-e1518869380535.png\",\"contentUrl\":\"https:\\\/\\\/biblioteca.blanes.cat\\\/salajove\\\/wp-content\\\/uploads\\\/sites\\\/3\\\/2017\\\/09\\\/cropped-Bib-blau-e1518869380535.png\",\"width\":166,\"height\":166,\"caption\":\"Biblioteca Comarcal de Blanes\"},\"image\":{\"@id\":\"https:\\\/\\\/biblioteca.blanes.cat\\\/salajove\\\/#\\\/schema\\\/logo\\\/image\\\/\"},\"sameAs\":[\"https:\\\/\\\/www.facebook.com\\\/BilbiotecaComarcaldeBlanes\\\/\",\"https:\\\/\\\/x.com\\\/BiblioBlanes\",\"https:\\\/\\\/www.instagram.com\\\/biblioblanes\\\/\",\"https:\\\/\\\/www.pinterest.es\\\/bblanes\\\/\",\"https:\\\/\\\/www.youtube.com\\\/c\\\/BibliotecaComarcalBlanes\"]},{\"@type\":\"Person\",\"@id\":\"https:\\\/\\\/biblioteca.blanes.cat\\\/salajove\\\/#\\\/schema\\\/person\\\/5a7b46760d9dd611d098bbf571a341dc\",\"name\":\"biblioblanes\",\"image\":{\"@type\":\"ImageObject\",\"inLanguage\":\"ca\",\"@id\":\"https:\\\/\\\/secure.gravatar.com\\\/avatar\\\/6593ca6cc90e5a70939f51c95e8315483b9c281bafba597292bee47992030f99?s=96&d=mm&r=g\",\"url\":\"https:\\\/\\\/secure.gravatar.com\\\/avatar\\\/6593ca6cc90e5a70939f51c95e8315483b9c281bafba597292bee47992030f99?s=96&d=mm&r=g\",\"contentUrl\":\"https:\\\/\\\/secure.gravatar.com\\\/avatar\\\/6593ca6cc90e5a70939f51c95e8315483b9c281bafba597292bee47992030f99?s=96&d=mm&r=g\",\"caption\":\"biblioblanes\"},\"sameAs\":[\"http:\\\/\\\/www.bibgirona.cat\\\/biblioteca\\\/blanes\",\"https:\\\/\\\/x.com\\\/biblioblanes\"],\"url\":\"https:\\\/\\\/biblioteca.blanes.cat\\\/salajove\\\/author\\\/biblioblanes\\\/\"}]}<\/script>\n<!-- \/ Yoast SEO plugin. -->","yoast_head_json":{"title":"Aquest mes al CLJ: Hachiko. El gos que esperava, de Lluis Prats","description":"CLJ: Hachiko. El gos que esperava, \u00e9s el llibre de Lluis Prats que comentarem el proper divendres 19 de gener a les 5h a la Sala Jove #Biblioblanes.","robots":{"index":"index","follow":"follow","max-snippet":"max-snippet:-1","max-image-preview":"max-image-preview:large","max-video-preview":"max-video-preview:-1"},"canonical":"https:\/\/biblioteca.blanes.cat\/salajove\/2018\/01\/12\/clj-hachiko-gos-que-esperava\/","og_locale":"ca_ES","og_type":"article","og_title":"Aquest mes al CLJ: Hachiko. El gos que esperava, de Lluis Prats","og_description":"CLJ: Hachiko. El gos que esperava, \u00e9s el llibre de Lluis Prats que comentarem el proper divendres 19 de gener a les 5h a la Sala Jove #Biblioblanes.","og_url":"https:\/\/biblioteca.blanes.cat\/salajove\/2018\/01\/12\/clj-hachiko-gos-que-esperava\/","og_site_name":"Sala Jove","article_publisher":"https:\/\/www.facebook.com\/BilbiotecaComarcaldeBlanes\/","article_published_time":"2018-01-12T09:28:43+00:00","article_modified_time":"2018-06-29T10:31:40+00:00","og_image":[{"width":310,"height":479,"url":"https:\/\/biblioteca.blanes.cat\/salajove\/wp-content\/uploads\/sites\/3\/2017\/10\/Hachiko-El-gos-que-esperava.jpg","type":"image\/jpeg"}],"author":"biblioblanes","twitter_card":"summary_large_image","twitter_creator":"@biblioblanes","twitter_site":"@BiblioBlanes","twitter_misc":{"Escrit per":"biblioblanes","Temps estimat de lectura":"1 minut"},"schema":{"@context":"https:\/\/schema.org","@graph":[{"@type":"Article","@id":"https:\/\/biblioteca.blanes.cat\/salajove\/2018\/01\/12\/clj-hachiko-gos-que-esperava\/#article","isPartOf":{"@id":"https:\/\/biblioteca.blanes.cat\/salajove\/2018\/01\/12\/clj-hachiko-gos-que-esperava\/"},"author":{"name":"biblioblanes","@id":"https:\/\/biblioteca.blanes.cat\/salajove\/#\/schema\/person\/5a7b46760d9dd611d098bbf571a341dc"},"headline":"CLJ: Hachiko. El gos que esperava","datePublished":"2018-01-12T09:28:43+00:00","dateModified":"2018-06-29T10:31:40+00:00","mainEntityOfPage":{"@id":"https:\/\/biblioteca.blanes.cat\/salajove\/2018\/01\/12\/clj-hachiko-gos-que-esperava\/"},"wordCount":279,"commentCount":0,"publisher":{"@id":"https:\/\/biblioteca.blanes.cat\/salajove\/#organization"},"image":{"@id":"https:\/\/biblioteca.blanes.cat\/salajove\/2018\/01\/12\/clj-hachiko-gos-que-esperava\/#primaryimage"},"thumbnailUrl":"https:\/\/biblioteca.blanes.cat\/salajove\/wp-content\/uploads\/sites\/3\/2017\/10\/Hachiko-El-gos-que-esperava.jpg","keywords":["#Activitats","#Lectura","#Literatura","#Llibres","#Sinopsi"],"articleSection":["Club de Lectura"],"inLanguage":"ca","potentialAction":[{"@type":"CommentAction","name":"Comment","target":["https:\/\/biblioteca.blanes.cat\/salajove\/2018\/01\/12\/clj-hachiko-gos-que-esperava\/#respond"]}]},{"@type":"WebPage","@id":"https:\/\/biblioteca.blanes.cat\/salajove\/2018\/01\/12\/clj-hachiko-gos-que-esperava\/","url":"https:\/\/biblioteca.blanes.cat\/salajove\/2018\/01\/12\/clj-hachiko-gos-que-esperava\/","name":"Aquest mes al CLJ: Hachiko. El gos que esperava, de Lluis Prats","isPartOf":{"@id":"https:\/\/biblioteca.blanes.cat\/salajove\/#website"},"primaryImageOfPage":{"@id":"https:\/\/biblioteca.blanes.cat\/salajove\/2018\/01\/12\/clj-hachiko-gos-que-esperava\/#primaryimage"},"image":{"@id":"https:\/\/biblioteca.blanes.cat\/salajove\/2018\/01\/12\/clj-hachiko-gos-que-esperava\/#primaryimage"},"thumbnailUrl":"https:\/\/biblioteca.blanes.cat\/salajove\/wp-content\/uploads\/sites\/3\/2017\/10\/Hachiko-El-gos-que-esperava.jpg","datePublished":"2018-01-12T09:28:43+00:00","dateModified":"2018-06-29T10:31:40+00:00","description":"CLJ: Hachiko. El gos que esperava, \u00e9s el llibre de Lluis Prats que comentarem el proper divendres 19 de gener a les 5h a la Sala Jove #Biblioblanes.","breadcrumb":{"@id":"https:\/\/biblioteca.blanes.cat\/salajove\/2018\/01\/12\/clj-hachiko-gos-que-esperava\/#breadcrumb"},"inLanguage":"ca","potentialAction":[{"@type":"ReadAction","target":["https:\/\/biblioteca.blanes.cat\/salajove\/2018\/01\/12\/clj-hachiko-gos-que-esperava\/"]}]},{"@type":"ImageObject","inLanguage":"ca","@id":"https:\/\/biblioteca.blanes.cat\/salajove\/2018\/01\/12\/clj-hachiko-gos-que-esperava\/#primaryimage","url":"https:\/\/biblioteca.blanes.cat\/salajove\/wp-content\/uploads\/sites\/3\/2017\/10\/Hachiko-El-gos-que-esperava.jpg","contentUrl":"https:\/\/biblioteca.blanes.cat\/salajove\/wp-content\/uploads\/sites\/3\/2017\/10\/Hachiko-El-gos-que-esperava.jpg","width":310,"height":479},{"@type":"BreadcrumbList","@id":"https:\/\/biblioteca.blanes.cat\/salajove\/2018\/01\/12\/clj-hachiko-gos-que-esperava\/#breadcrumb","itemListElement":[{"@type":"ListItem","position":1,"name":"Inici","item":"https:\/\/biblioteca.blanes.cat\/salajove\/"},{"@type":"ListItem","position":2,"name":"CLJ: Hachiko. El gos que esperava"}]},{"@type":"WebSite","@id":"https:\/\/biblioteca.blanes.cat\/salajove\/#website","url":"https:\/\/biblioteca.blanes.cat\/salajove\/","name":"Sala Jove","description":"Biblioteca Comarcal de Blanes","publisher":{"@id":"https:\/\/biblioteca.blanes.cat\/salajove\/#organization"},"potentialAction":[{"@type":"SearchAction","target":{"@type":"EntryPoint","urlTemplate":"https:\/\/biblioteca.blanes.cat\/salajove\/?s={search_term_string}"},"query-input":{"@type":"PropertyValueSpecification","valueRequired":true,"valueName":"search_term_string"}}],"inLanguage":"ca"},{"@type":"Organization","@id":"https:\/\/biblioteca.blanes.cat\/salajove\/#organization","name":"Biblioteca Comarcal de Blanes","url":"https:\/\/biblioteca.blanes.cat\/salajove\/","logo":{"@type":"ImageObject","inLanguage":"ca","@id":"https:\/\/biblioteca.blanes.cat\/salajove\/#\/schema\/logo\/image\/","url":"https:\/\/biblioteca.blanes.cat\/salajove\/wp-content\/uploads\/sites\/3\/2017\/09\/cropped-Bib-blau-e1518869380535.png","contentUrl":"https:\/\/biblioteca.blanes.cat\/salajove\/wp-content\/uploads\/sites\/3\/2017\/09\/cropped-Bib-blau-e1518869380535.png","width":166,"height":166,"caption":"Biblioteca Comarcal de Blanes"},"image":{"@id":"https:\/\/biblioteca.blanes.cat\/salajove\/#\/schema\/logo\/image\/"},"sameAs":["https:\/\/www.facebook.com\/BilbiotecaComarcaldeBlanes\/","https:\/\/x.com\/BiblioBlanes","https:\/\/www.instagram.com\/biblioblanes\/","https:\/\/www.pinterest.es\/bblanes\/","https:\/\/www.youtube.com\/c\/BibliotecaComarcalBlanes"]},{"@type":"Person","@id":"https:\/\/biblioteca.blanes.cat\/salajove\/#\/schema\/person\/5a7b46760d9dd611d098bbf571a341dc","name":"biblioblanes","image":{"@type":"ImageObject","inLanguage":"ca","@id":"https:\/\/secure.gravatar.com\/avatar\/6593ca6cc90e5a70939f51c95e8315483b9c281bafba597292bee47992030f99?s=96&d=mm&r=g","url":"https:\/\/secure.gravatar.com\/avatar\/6593ca6cc90e5a70939f51c95e8315483b9c281bafba597292bee47992030f99?s=96&d=mm&r=g","contentUrl":"https:\/\/secure.gravatar.com\/avatar\/6593ca6cc90e5a70939f51c95e8315483b9c281bafba597292bee47992030f99?s=96&d=mm&r=g","caption":"biblioblanes"},"sameAs":["http:\/\/www.bibgirona.cat\/biblioteca\/blanes","https:\/\/x.com\/biblioblanes"],"url":"https:\/\/biblioteca.blanes.cat\/salajove\/author\/biblioblanes\/"}]}},"_links":{"self":[{"href":"https:\/\/biblioteca.blanes.cat\/salajove\/wp-json\/wp\/v2\/posts\/770","targetHints":{"allow":["GET"]}}],"collection":[{"href":"https:\/\/biblioteca.blanes.cat\/salajove\/wp-json\/wp\/v2\/posts"}],"about":[{"href":"https:\/\/biblioteca.blanes.cat\/salajove\/wp-json\/wp\/v2\/types\/post"}],"author":[{"embeddable":true,"href":"https:\/\/biblioteca.blanes.cat\/salajove\/wp-json\/wp\/v2\/users\/4"}],"replies":[{"embeddable":true,"href":"https:\/\/biblioteca.blanes.cat\/salajove\/wp-json\/wp\/v2\/comments?post=770"}],"version-history":[{"count":2,"href":"https:\/\/biblioteca.blanes.cat\/salajove\/wp-json\/wp\/v2\/posts\/770\/revisions"}],"predecessor-version":[{"id":772,"href":"https:\/\/biblioteca.blanes.cat\/salajove\/wp-json\/wp\/v2\/posts\/770\/revisions\/772"}],"wp:featuredmedia":[{"embeddable":true,"href":"https:\/\/biblioteca.blanes.cat\/salajove\/wp-json\/wp\/v2\/media\/303"}],"wp:attachment":[{"href":"https:\/\/biblioteca.blanes.cat\/salajove\/wp-json\/wp\/v2\/media?parent=770"}],"wp:term":[{"taxonomy":"category","embeddable":true,"href":"https:\/\/biblioteca.blanes.cat\/salajove\/wp-json\/wp\/v2\/categories?post=770"},{"taxonomy":"post_tag","embeddable":true,"href":"https:\/\/biblioteca.blanes.cat\/salajove\/wp-json\/wp\/v2\/tags?post=770"}],"curies":[{"name":"wp","href":"https:\/\/api.w.org\/{rel}","templated":true}]}}