{"id":7690,"date":"2023-01-25T19:38:52","date_gmt":"2023-01-25T18:38:52","guid":{"rendered":"https:\/\/biblioteca.blanes.cat\/salajove\/?p=7690"},"modified":"2023-01-25T19:53:01","modified_gmt":"2023-01-25T18:53:01","slug":"9e-aniversari-de-la-biblioteca-jove","status":"publish","type":"post","link":"https:\/\/biblioteca.blanes.cat\/salajove\/2023\/01\/25\/9e-aniversari-de-la-biblioteca-jove\/","title":{"rendered":"9\u00e8 Aniversari de la Biblioteca Jove"},"content":{"rendered":"\n<p>\u00a0<\/p>\n<p style=\"text-align: center;\">Bona tarda, joves!<br \/><br \/>La <strong>Biblioteca Jove<\/strong> \u00e9s un espai pensat per a joves d&#8217;entre 12 i 18 anys. Es va inaugurar el 24 de gener de 2014, fa exactament <span class=\"hiddenGreenError\">9<\/span> anys.<br \/><br \/>Estem molt contents de poder tenir un espai adequat a les necessitats dels nostres joves. Per aquest motiu cada any celebrem l&#8217;aniversari amb una estimaci\u00f3 molt especial.<br \/><br \/>A m\u00e9s cada any, coincidint amb l&#8217;aniversari es fa entrega dels <strong>Premis <span class=\"hiddenSpellError\">Boller\u00e9<\/span><\/strong>, concurs de relats breus per a joves. Concretament<br \/><br \/>No us perdeu detall de com va anar la celebraci\u00f3. Us ho expliquem a continuaci\u00f3.<\/p>\n<p>\u00a0<\/p>\n<p><img fetchpriority=\"high\" decoding=\"async\" class=\"aligncenter size-medium wp-image-7694\" src=\"https:\/\/biblioteca.blanes.cat\/salajove\/wp-content\/uploads\/sites\/3\/2023\/01\/BiblioBlanes_9anysBiblioJove_Bollere24012023-50-225x300.jpeg\" alt=\"\" width=\"225\" height=\"300\" srcset=\"https:\/\/biblioteca.blanes.cat\/salajove\/wp-content\/uploads\/sites\/3\/2023\/01\/BiblioBlanes_9anysBiblioJove_Bollere24012023-50-225x300.jpeg 225w, https:\/\/biblioteca.blanes.cat\/salajove\/wp-content\/uploads\/sites\/3\/2023\/01\/BiblioBlanes_9anysBiblioJove_Bollere24012023-50-768x1024.jpeg 768w, https:\/\/biblioteca.blanes.cat\/salajove\/wp-content\/uploads\/sites\/3\/2023\/01\/BiblioBlanes_9anysBiblioJove_Bollere24012023-50-1152x1536.jpeg 1152w, https:\/\/biblioteca.blanes.cat\/salajove\/wp-content\/uploads\/sites\/3\/2023\/01\/BiblioBlanes_9anysBiblioJove_Bollere24012023-50-1536x2048.jpeg 1536w, https:\/\/biblioteca.blanes.cat\/salajove\/wp-content\/uploads\/sites\/3\/2023\/01\/BiblioBlanes_9anysBiblioJove_Bollere24012023-50-scaled.jpeg 1920w\" sizes=\"(max-width: 225px) 100vw, 225px\" \/><\/p>\n<p>\u00a0<\/p>\n<p style=\"text-align: center;\"><span style=\"background-color: #ccffcc;\"><strong>LA ECOESPERAN\u00c7A \u00c9S LA \u00daNICA OPCI\u00d3 <\/strong>a c\u00e0rrec de Francisco Vera Manzanares<\/span><\/p>\n<p>Quina millor manera per comen\u00e7ar que amb una xerrada sobre medi ambient i canvi clim\u00e0tic? En Francisco \u00e9s un jove activista clim\u00e0tic de <span class=\"hiddenGreenError\">13<\/span> anys. Fa <span class=\"hiddenGreenError\">3<\/span> anys va fundar el moviment &#8220;Guardianes <span class=\"hiddenGrammarError\">por<\/span> la vida&#8221;, una plataforma de m\u00e9s de 500 nens i nenes que lluiten per promoure la consci\u00e8ncia ambiental.<br \/><br \/>Durant la confer\u00e8ncia ens va parlar sobre les emissions de <span class=\"hiddenGrammarError\">CO2<\/span>, el canvi clim\u00e0tic, la import\u00e0ncia de l&#8217;educaci\u00f3 ambiental des de petits, l&#8217;empatia vers els altres.<br \/><br \/>Tamb\u00e9 ens va presentar el seu llibre,<span class=\"hiddenGrammarError\"> &#8221; <\/span>Que es el <span class=\"hiddenSpellError\">cambio<\/span> <span class=\"hiddenSpellError\">clim\u00e1tico<\/span>?&#8221; escrit per ell. Una guia amb conceptes sobre ecologia i medi ambient adre\u00e7ada a qualsevol edat. I ens va ensenyar la import\u00e0ncia d&#8217;una paraula molt bonica com \u00e9s l&#8217;<span class=\"hiddenSpellError\">ECOESPERAN\u00c7A<\/span>. Perqu\u00e8 com ell mateix diu, si prenem el cam\u00ed adequat i fem el que hem de fer, podem aconseguir un planeta millor.<\/p>\n<p>\u00a0<\/p>\n<p>\u00a0<\/p>\n<div id='gallery-1' class='gallery galleryid-7690 gallery-columns-4 gallery-size-large'><figure class='gallery-item'>\n\t\t\t<div class='gallery-icon landscape'>\n\t\t\t\t<a href='https:\/\/biblioteca.blanes.cat\/salajove\/2023\/01\/25\/9e-aniversari-de-la-biblioteca-jove\/biblioblanes_9anysbibliojove_24012023-3\/'><img decoding=\"async\" width=\"750\" height=\"563\" src=\"https:\/\/biblioteca.blanes.cat\/salajove\/wp-content\/uploads\/sites\/3\/2023\/01\/BiblioBlanes_9anysBiblioJove_24012023-3-1024x768.jpeg\" class=\"attachment-large size-large\" alt=\"\" srcset=\"https:\/\/biblioteca.blanes.cat\/salajove\/wp-content\/uploads\/sites\/3\/2023\/01\/BiblioBlanes_9anysBiblioJove_24012023-3-1024x768.jpeg 1024w, https:\/\/biblioteca.blanes.cat\/salajove\/wp-content\/uploads\/sites\/3\/2023\/01\/BiblioBlanes_9anysBiblioJove_24012023-3-300x225.jpeg 300w, https:\/\/biblioteca.blanes.cat\/salajove\/wp-content\/uploads\/sites\/3\/2023\/01\/BiblioBlanes_9anysBiblioJove_24012023-3-768x576.jpeg 768w, https:\/\/biblioteca.blanes.cat\/salajove\/wp-content\/uploads\/sites\/3\/2023\/01\/BiblioBlanes_9anysBiblioJove_24012023-3-1536x1152.jpeg 1536w, https:\/\/biblioteca.blanes.cat\/salajove\/wp-content\/uploads\/sites\/3\/2023\/01\/BiblioBlanes_9anysBiblioJove_24012023-3.jpeg 2048w\" sizes=\"(max-width: 750px) 100vw, 750px\" \/><\/a>\n\t\t\t<\/div><\/figure><figure class='gallery-item'>\n\t\t\t<div class='gallery-icon landscape'>\n\t\t\t\t<a href='https:\/\/biblioteca.blanes.cat\/salajove\/2023\/01\/25\/9e-aniversari-de-la-biblioteca-jove\/biblioblanes_9anysbibliojove_24012023-7\/'><img decoding=\"async\" width=\"750\" height=\"563\" src=\"https:\/\/biblioteca.blanes.cat\/salajove\/wp-content\/uploads\/sites\/3\/2023\/01\/BiblioBlanes_9anysBiblioJove_24012023-7-1024x768.jpeg\" class=\"attachment-large size-large\" alt=\"\" srcset=\"https:\/\/biblioteca.blanes.cat\/salajove\/wp-content\/uploads\/sites\/3\/2023\/01\/BiblioBlanes_9anysBiblioJove_24012023-7-1024x768.jpeg 1024w, https:\/\/biblioteca.blanes.cat\/salajove\/wp-content\/uploads\/sites\/3\/2023\/01\/BiblioBlanes_9anysBiblioJove_24012023-7-300x225.jpeg 300w, https:\/\/biblioteca.blanes.cat\/salajove\/wp-content\/uploads\/sites\/3\/2023\/01\/BiblioBlanes_9anysBiblioJove_24012023-7-768x576.jpeg 768w, https:\/\/biblioteca.blanes.cat\/salajove\/wp-content\/uploads\/sites\/3\/2023\/01\/BiblioBlanes_9anysBiblioJove_24012023-7-1536x1152.jpeg 1536w, https:\/\/biblioteca.blanes.cat\/salajove\/wp-content\/uploads\/sites\/3\/2023\/01\/BiblioBlanes_9anysBiblioJove_24012023-7.jpeg 2048w\" sizes=\"(max-width: 750px) 100vw, 750px\" \/><\/a>\n\t\t\t<\/div><\/figure><figure class='gallery-item'>\n\t\t\t<div class='gallery-icon landscape'>\n\t\t\t\t<a href='https:\/\/biblioteca.blanes.cat\/salajove\/2023\/01\/25\/9e-aniversari-de-la-biblioteca-jove\/biblioblanes_9anysbibliojove_24012023-25\/'><img loading=\"lazy\" decoding=\"async\" width=\"750\" height=\"563\" src=\"https:\/\/biblioteca.blanes.cat\/salajove\/wp-content\/uploads\/sites\/3\/2023\/01\/BiblioBlanes_9anysBiblioJove_24012023-25-1024x768.jpeg\" class=\"attachment-large size-large\" alt=\"\" srcset=\"https:\/\/biblioteca.blanes.cat\/salajove\/wp-content\/uploads\/sites\/3\/2023\/01\/BiblioBlanes_9anysBiblioJove_24012023-25-1024x768.jpeg 1024w, https:\/\/biblioteca.blanes.cat\/salajove\/wp-content\/uploads\/sites\/3\/2023\/01\/BiblioBlanes_9anysBiblioJove_24012023-25-300x225.jpeg 300w, https:\/\/biblioteca.blanes.cat\/salajove\/wp-content\/uploads\/sites\/3\/2023\/01\/BiblioBlanes_9anysBiblioJove_24012023-25-768x576.jpeg 768w, https:\/\/biblioteca.blanes.cat\/salajove\/wp-content\/uploads\/sites\/3\/2023\/01\/BiblioBlanes_9anysBiblioJove_24012023-25-1536x1152.jpeg 1536w, https:\/\/biblioteca.blanes.cat\/salajove\/wp-content\/uploads\/sites\/3\/2023\/01\/BiblioBlanes_9anysBiblioJove_24012023-25.jpeg 2048w\" sizes=\"(max-width: 750px) 100vw, 750px\" \/><\/a>\n\t\t\t<\/div><\/figure><figure class='gallery-item'>\n\t\t\t<div class='gallery-icon landscape'>\n\t\t\t\t<a href='https:\/\/biblioteca.blanes.cat\/salajove\/2023\/01\/25\/9e-aniversari-de-la-biblioteca-jove\/biblioblanes_9anysbibliojove_24012023-27\/'><img loading=\"lazy\" decoding=\"async\" width=\"750\" height=\"563\" src=\"https:\/\/biblioteca.blanes.cat\/salajove\/wp-content\/uploads\/sites\/3\/2023\/01\/BiblioBlanes_9anysBiblioJove_24012023-27-1024x768.jpeg\" class=\"attachment-large size-large\" alt=\"\" srcset=\"https:\/\/biblioteca.blanes.cat\/salajove\/wp-content\/uploads\/sites\/3\/2023\/01\/BiblioBlanes_9anysBiblioJove_24012023-27-1024x768.jpeg 1024w, https:\/\/biblioteca.blanes.cat\/salajove\/wp-content\/uploads\/sites\/3\/2023\/01\/BiblioBlanes_9anysBiblioJove_24012023-27-300x225.jpeg 300w, https:\/\/biblioteca.blanes.cat\/salajove\/wp-content\/uploads\/sites\/3\/2023\/01\/BiblioBlanes_9anysBiblioJove_24012023-27-768x576.jpeg 768w, https:\/\/biblioteca.blanes.cat\/salajove\/wp-content\/uploads\/sites\/3\/2023\/01\/BiblioBlanes_9anysBiblioJove_24012023-27-1536x1152.jpeg 1536w, https:\/\/biblioteca.blanes.cat\/salajove\/wp-content\/uploads\/sites\/3\/2023\/01\/BiblioBlanes_9anysBiblioJove_24012023-27.jpeg 2048w\" sizes=\"(max-width: 750px) 100vw, 750px\" \/><\/a>\n\t\t\t<\/div><\/figure>\n\t\t<\/div>\n\n<p>\u00a0<\/p>\n<p style=\"text-align: center;\">Si voleu saber m\u00e9s sobre Guardianes por la vida <a href=\"https:\/\/franciscoactivista.com\/guardianes\/\" target=\"_blank\" rel=\"noopener\">:<img loading=\"lazy\" decoding=\"async\" class=\"attachment-large wp-image-451 size-large aligncenter\" src=\"https:\/\/franciscoactivista.com\/wp-content\/uploads\/2022\/10\/LogoGuardianesV3.png\" sizes=\"(max-width: 443px) 100vw, 443px\" srcset=\"https:\/\/franciscoactivista.com\/wp-content\/uploads\/2022\/10\/LogoGuardianesV3.png 443w, https:\/\/franciscoactivista.com\/wp-content\/uploads\/2022\/10\/LogoGuardianesV3-300x300.png 300w, https:\/\/franciscoactivista.com\/wp-content\/uploads\/2022\/10\/LogoGuardianesV3-150x150.png 150w, https:\/\/franciscoactivista.com\/wp-content\/uploads\/2022\/10\/LogoGuardianesV3-200x199.png 200w\" alt=\"\" width=\"443\" height=\"441\" \/><\/a><\/p>\n<p>\u00a0<\/p>\n<p style=\"text-align: center;\"><span style=\"background-color: #ccffcc;\"><strong>14a ENTREGA DELS PREMIS BOLLER\u00c9\u00a0<\/strong><\/span><\/p>\n<p>Els premis Boller\u00e9 \u00e9s un concurs de relats breus per a joves. L&#8217;objectiu \u00e9s promoure la creaci\u00f3 liter\u00e0ria en els joves entre 12 i 25 anys.<\/p>\n<p>Un any m\u00e9s rebem a la Biblioteca molts participants que ens envien els seus relats. Aquest any han estat 30 els treballs presentats (7 de la categoriaA i 23 de la categoriaB)<\/p>\n<p>\u00a0<\/p>\n<p style=\"text-align: center;\"><strong>Els guanyadors del Boller\u00e9 2022:<\/strong><\/p>\n<p>\u00a0<\/p>\n<p><strong>CATEGORIA B per a joves de 12 a 16 anys: <\/strong><\/p>\n<p>200\u20ac al guanyador: <strong>Una \u00faltima pedra<\/strong> presentat amb el pseud\u00f2nim <strong>Silenci<\/strong>. (Autora: Laia Bulach Masgrau) <em>de Sant Cugat del Vall\u00e9s (Barcelona)<\/em> 14 anys<\/p>\n<p>\u00a050\u20ac al finalista: <strong>Marianne<\/strong> presentat amb el pseud\u00f2nim <strong>Necessito no ser jo. <\/strong>(Autora: Laura Sorolla Alsina) <em>de Sabadell (Barcelona)<\/em> 16 anys<\/p>\n<p>\u00a0El Jurat acorda fer una menci\u00f3 especial destacant el valor i l\u2019originalitat del treball presentat de l\u2019obra: <strong>El Jurado<\/strong> presentada amb el pseud\u00f2nim <strong>Lara Earhart. <\/strong>(Autora: Roc\u00edo Fern\u00e1ndez Lara) <em>de Barcelona <\/em>12 anys<\/p>\n<p><em>\u00a0<\/em><br \/>\u00a0<\/p>\n<p><strong>CATEGORIA A per a joves de 17 a 25 anys: <\/strong><\/p>\n<p>500\u20ac al guanyador: <strong>36 segons<\/strong> presentat amb el pseud\u00f2nim <strong>G\u00e8nova. <\/strong>(autora: Carla Maria Clua Alc\u00f3n de <em>Reus (Tarragona) 25 anys (ara 26)<\/em><\/p>\n<p>150\u20ac al finalista: <strong>Frisan\u00e7a <\/strong>presentat amb el pseud\u00f2nim <strong>Rosita. <\/strong><u>(<\/u><u>autor: Marc Collado Gurillo<\/u><em>) de Begur (Girona) 25 anys. <\/em><\/p>\n<p>\u00a0<\/p>\n<div id='gallery-2' class='gallery galleryid-7690 gallery-columns-4 gallery-size-large'><figure class='gallery-item'>\n\t\t\t<div class='gallery-icon portrait'>\n\t\t\t\t<a href='https:\/\/biblioteca.blanes.cat\/salajove\/2023\/01\/25\/9e-aniversari-de-la-biblioteca-jove\/biblioblanes_9anysbibliojove_24012023-16\/'><img loading=\"lazy\" decoding=\"async\" width=\"750\" height=\"1000\" src=\"https:\/\/biblioteca.blanes.cat\/salajove\/wp-content\/uploads\/sites\/3\/2023\/01\/BiblioBlanes_9anysBiblioJove_24012023-16-768x1024.jpeg\" class=\"attachment-large size-large\" alt=\"\" srcset=\"https:\/\/biblioteca.blanes.cat\/salajove\/wp-content\/uploads\/sites\/3\/2023\/01\/BiblioBlanes_9anysBiblioJove_24012023-16-768x1024.jpeg 768w, https:\/\/biblioteca.blanes.cat\/salajove\/wp-content\/uploads\/sites\/3\/2023\/01\/BiblioBlanes_9anysBiblioJove_24012023-16-225x300.jpeg 225w, https:\/\/biblioteca.blanes.cat\/salajove\/wp-content\/uploads\/sites\/3\/2023\/01\/BiblioBlanes_9anysBiblioJove_24012023-16-1152x1536.jpeg 1152w, https:\/\/biblioteca.blanes.cat\/salajove\/wp-content\/uploads\/sites\/3\/2023\/01\/BiblioBlanes_9anysBiblioJove_24012023-16.jpeg 1536w\" sizes=\"(max-width: 750px) 100vw, 750px\" \/><\/a>\n\t\t\t<\/div><\/figure><figure class='gallery-item'>\n\t\t\t<div class='gallery-icon landscape'>\n\t\t\t\t<a href='https:\/\/biblioteca.blanes.cat\/salajove\/2023\/01\/25\/9e-aniversari-de-la-biblioteca-jove\/biblioblanes_9anysbibliojove_bollere24012023-34\/'><img loading=\"lazy\" decoding=\"async\" width=\"750\" height=\"563\" src=\"https:\/\/biblioteca.blanes.cat\/salajove\/wp-content\/uploads\/sites\/3\/2023\/01\/BiblioBlanes_9anysBiblioJove_Bollere24012023-34-1024x768.jpeg\" class=\"attachment-large size-large\" alt=\"\" srcset=\"https:\/\/biblioteca.blanes.cat\/salajove\/wp-content\/uploads\/sites\/3\/2023\/01\/BiblioBlanes_9anysBiblioJove_Bollere24012023-34-1024x768.jpeg 1024w, https:\/\/biblioteca.blanes.cat\/salajove\/wp-content\/uploads\/sites\/3\/2023\/01\/BiblioBlanes_9anysBiblioJove_Bollere24012023-34-300x225.jpeg 300w, https:\/\/biblioteca.blanes.cat\/salajove\/wp-content\/uploads\/sites\/3\/2023\/01\/BiblioBlanes_9anysBiblioJove_Bollere24012023-34-768x576.jpeg 768w, https:\/\/biblioteca.blanes.cat\/salajove\/wp-content\/uploads\/sites\/3\/2023\/01\/BiblioBlanes_9anysBiblioJove_Bollere24012023-34-1536x1152.jpeg 1536w, https:\/\/biblioteca.blanes.cat\/salajove\/wp-content\/uploads\/sites\/3\/2023\/01\/BiblioBlanes_9anysBiblioJove_Bollere24012023-34.jpeg 2048w\" sizes=\"(max-width: 750px) 100vw, 750px\" \/><\/a>\n\t\t\t<\/div><\/figure><figure class='gallery-item'>\n\t\t\t<div class='gallery-icon landscape'>\n\t\t\t\t<a href='https:\/\/biblioteca.blanes.cat\/salajove\/2023\/01\/25\/9e-aniversari-de-la-biblioteca-jove\/biblioblanes_9anysbibliojove_bollere24012023-35\/'><img loading=\"lazy\" decoding=\"async\" width=\"750\" height=\"563\" src=\"https:\/\/biblioteca.blanes.cat\/salajove\/wp-content\/uploads\/sites\/3\/2023\/01\/BiblioBlanes_9anysBiblioJove_Bollere24012023-35-1024x768.jpeg\" class=\"attachment-large size-large\" alt=\"\" srcset=\"https:\/\/biblioteca.blanes.cat\/salajove\/wp-content\/uploads\/sites\/3\/2023\/01\/BiblioBlanes_9anysBiblioJove_Bollere24012023-35-1024x768.jpeg 1024w, https:\/\/biblioteca.blanes.cat\/salajove\/wp-content\/uploads\/sites\/3\/2023\/01\/BiblioBlanes_9anysBiblioJove_Bollere24012023-35-300x225.jpeg 300w, https:\/\/biblioteca.blanes.cat\/salajove\/wp-content\/uploads\/sites\/3\/2023\/01\/BiblioBlanes_9anysBiblioJove_Bollere24012023-35-768x576.jpeg 768w, https:\/\/biblioteca.blanes.cat\/salajove\/wp-content\/uploads\/sites\/3\/2023\/01\/BiblioBlanes_9anysBiblioJove_Bollere24012023-35-1536x1152.jpeg 1536w, https:\/\/biblioteca.blanes.cat\/salajove\/wp-content\/uploads\/sites\/3\/2023\/01\/BiblioBlanes_9anysBiblioJove_Bollere24012023-35.jpeg 2048w\" sizes=\"(max-width: 750px) 100vw, 750px\" \/><\/a>\n\t\t\t<\/div><\/figure><figure class='gallery-item'>\n\t\t\t<div class='gallery-icon landscape'>\n\t\t\t\t<a href='https:\/\/biblioteca.blanes.cat\/salajove\/2023\/01\/25\/9e-aniversari-de-la-biblioteca-jove\/biblioblanes_9anysbibliojove_bollere24012023-37\/'><img loading=\"lazy\" decoding=\"async\" width=\"750\" height=\"563\" src=\"https:\/\/biblioteca.blanes.cat\/salajove\/wp-content\/uploads\/sites\/3\/2023\/01\/BiblioBlanes_9anysBiblioJove_Bollere24012023-37-1024x768.jpeg\" class=\"attachment-large size-large\" alt=\"\" srcset=\"https:\/\/biblioteca.blanes.cat\/salajove\/wp-content\/uploads\/sites\/3\/2023\/01\/BiblioBlanes_9anysBiblioJove_Bollere24012023-37-1024x768.jpeg 1024w, https:\/\/biblioteca.blanes.cat\/salajove\/wp-content\/uploads\/sites\/3\/2023\/01\/BiblioBlanes_9anysBiblioJove_Bollere24012023-37-300x225.jpeg 300w, https:\/\/biblioteca.blanes.cat\/salajove\/wp-content\/uploads\/sites\/3\/2023\/01\/BiblioBlanes_9anysBiblioJove_Bollere24012023-37-768x576.jpeg 768w, https:\/\/biblioteca.blanes.cat\/salajove\/wp-content\/uploads\/sites\/3\/2023\/01\/BiblioBlanes_9anysBiblioJove_Bollere24012023-37-1536x1152.jpeg 1536w, https:\/\/biblioteca.blanes.cat\/salajove\/wp-content\/uploads\/sites\/3\/2023\/01\/BiblioBlanes_9anysBiblioJove_Bollere24012023-37.jpeg 2048w\" sizes=\"(max-width: 750px) 100vw, 750px\" \/><\/a>\n\t\t\t<\/div><\/figure><figure class='gallery-item'>\n\t\t\t<div class='gallery-icon landscape'>\n\t\t\t\t<a href='https:\/\/biblioteca.blanes.cat\/salajove\/2023\/01\/25\/9e-aniversari-de-la-biblioteca-jove\/biblioblanes_9anysbibliojove_bollere24012023-39\/'><img loading=\"lazy\" decoding=\"async\" width=\"750\" height=\"563\" src=\"https:\/\/biblioteca.blanes.cat\/salajove\/wp-content\/uploads\/sites\/3\/2023\/01\/BiblioBlanes_9anysBiblioJove_Bollere24012023-39-1024x768.jpeg\" class=\"attachment-large size-large\" alt=\"\" srcset=\"https:\/\/biblioteca.blanes.cat\/salajove\/wp-content\/uploads\/sites\/3\/2023\/01\/BiblioBlanes_9anysBiblioJove_Bollere24012023-39-1024x768.jpeg 1024w, https:\/\/biblioteca.blanes.cat\/salajove\/wp-content\/uploads\/sites\/3\/2023\/01\/BiblioBlanes_9anysBiblioJove_Bollere24012023-39-300x225.jpeg 300w, https:\/\/biblioteca.blanes.cat\/salajove\/wp-content\/uploads\/sites\/3\/2023\/01\/BiblioBlanes_9anysBiblioJove_Bollere24012023-39-768x576.jpeg 768w, https:\/\/biblioteca.blanes.cat\/salajove\/wp-content\/uploads\/sites\/3\/2023\/01\/BiblioBlanes_9anysBiblioJove_Bollere24012023-39-1536x1152.jpeg 1536w, https:\/\/biblioteca.blanes.cat\/salajove\/wp-content\/uploads\/sites\/3\/2023\/01\/BiblioBlanes_9anysBiblioJove_Bollere24012023-39.jpeg 2048w\" sizes=\"(max-width: 750px) 100vw, 750px\" \/><\/a>\n\t\t\t<\/div><\/figure><figure class='gallery-item'>\n\t\t\t<div class='gallery-icon landscape'>\n\t\t\t\t<a href='https:\/\/biblioteca.blanes.cat\/salajove\/2023\/01\/25\/9e-aniversari-de-la-biblioteca-jove\/biblioblanes_9anysbibliojove_bollere24012023-42\/'><img loading=\"lazy\" decoding=\"async\" width=\"750\" height=\"563\" src=\"https:\/\/biblioteca.blanes.cat\/salajove\/wp-content\/uploads\/sites\/3\/2023\/01\/BiblioBlanes_9anysBiblioJove_Bollere24012023-42-1024x768.jpeg\" class=\"attachment-large size-large\" alt=\"\" srcset=\"https:\/\/biblioteca.blanes.cat\/salajove\/wp-content\/uploads\/sites\/3\/2023\/01\/BiblioBlanes_9anysBiblioJove_Bollere24012023-42-1024x768.jpeg 1024w, https:\/\/biblioteca.blanes.cat\/salajove\/wp-content\/uploads\/sites\/3\/2023\/01\/BiblioBlanes_9anysBiblioJove_Bollere24012023-42-300x225.jpeg 300w, https:\/\/biblioteca.blanes.cat\/salajove\/wp-content\/uploads\/sites\/3\/2023\/01\/BiblioBlanes_9anysBiblioJove_Bollere24012023-42-768x576.jpeg 768w, https:\/\/biblioteca.blanes.cat\/salajove\/wp-content\/uploads\/sites\/3\/2023\/01\/BiblioBlanes_9anysBiblioJove_Bollere24012023-42-1536x1152.jpeg 1536w, https:\/\/biblioteca.blanes.cat\/salajove\/wp-content\/uploads\/sites\/3\/2023\/01\/BiblioBlanes_9anysBiblioJove_Bollere24012023-42.jpeg 2048w\" sizes=\"(max-width: 750px) 100vw, 750px\" \/><\/a>\n\t\t\t<\/div><\/figure><figure class='gallery-item'>\n\t\t\t<div class='gallery-icon landscape'>\n\t\t\t\t<a href='https:\/\/biblioteca.blanes.cat\/salajove\/2023\/01\/25\/9e-aniversari-de-la-biblioteca-jove\/biblioblanes_9anysbibliojove_bollere24012023-47\/'><img loading=\"lazy\" decoding=\"async\" width=\"750\" height=\"563\" src=\"https:\/\/biblioteca.blanes.cat\/salajove\/wp-content\/uploads\/sites\/3\/2023\/01\/BiblioBlanes_9anysBiblioJove_Bollere24012023-47-1024x768.jpeg\" class=\"attachment-large size-large\" alt=\"\" srcset=\"https:\/\/biblioteca.blanes.cat\/salajove\/wp-content\/uploads\/sites\/3\/2023\/01\/BiblioBlanes_9anysBiblioJove_Bollere24012023-47-1024x768.jpeg 1024w, https:\/\/biblioteca.blanes.cat\/salajove\/wp-content\/uploads\/sites\/3\/2023\/01\/BiblioBlanes_9anysBiblioJove_Bollere24012023-47-300x225.jpeg 300w, https:\/\/biblioteca.blanes.cat\/salajove\/wp-content\/uploads\/sites\/3\/2023\/01\/BiblioBlanes_9anysBiblioJove_Bollere24012023-47-768x576.jpeg 768w, https:\/\/biblioteca.blanes.cat\/salajove\/wp-content\/uploads\/sites\/3\/2023\/01\/BiblioBlanes_9anysBiblioJove_Bollere24012023-47-1536x1152.jpeg 1536w, https:\/\/biblioteca.blanes.cat\/salajove\/wp-content\/uploads\/sites\/3\/2023\/01\/BiblioBlanes_9anysBiblioJove_Bollere24012023-47.jpeg 2048w\" sizes=\"(max-width: 750px) 100vw, 750px\" \/><\/a>\n\t\t\t<\/div><\/figure><figure class='gallery-item'>\n\t\t\t<div class='gallery-icon landscape'>\n\t\t\t\t<a href='https:\/\/biblioteca.blanes.cat\/salajove\/2023\/01\/25\/9e-aniversari-de-la-biblioteca-jove\/biblioblanes_9anysbibliojove_bollere24012023-49\/'><img loading=\"lazy\" decoding=\"async\" width=\"750\" height=\"563\" src=\"https:\/\/biblioteca.blanes.cat\/salajove\/wp-content\/uploads\/sites\/3\/2023\/01\/BiblioBlanes_9anysBiblioJove_Bollere24012023-49-1024x768.jpeg\" class=\"attachment-large size-large\" alt=\"\" srcset=\"https:\/\/biblioteca.blanes.cat\/salajove\/wp-content\/uploads\/sites\/3\/2023\/01\/BiblioBlanes_9anysBiblioJove_Bollere24012023-49-1024x768.jpeg 1024w, https:\/\/biblioteca.blanes.cat\/salajove\/wp-content\/uploads\/sites\/3\/2023\/01\/BiblioBlanes_9anysBiblioJove_Bollere24012023-49-300x225.jpeg 300w, https:\/\/biblioteca.blanes.cat\/salajove\/wp-content\/uploads\/sites\/3\/2023\/01\/BiblioBlanes_9anysBiblioJove_Bollere24012023-49-768x576.jpeg 768w, https:\/\/biblioteca.blanes.cat\/salajove\/wp-content\/uploads\/sites\/3\/2023\/01\/BiblioBlanes_9anysBiblioJove_Bollere24012023-49-1536x1152.jpeg 1536w, https:\/\/biblioteca.blanes.cat\/salajove\/wp-content\/uploads\/sites\/3\/2023\/01\/BiblioBlanes_9anysBiblioJove_Bollere24012023-49.jpeg 2048w\" sizes=\"(max-width: 750px) 100vw, 750px\" \/><\/a>\n\t\t\t<\/div><\/figure>\n\t\t<\/div>\n\n<p>\u00a0<\/p>\n<p style=\"text-align: center;\">Podeu consultar els Relats premiats d&#8217;aquest 2022 i dels anys anteriors<\/p>\n<p><a href=\"https:\/\/biblioteca.blanes.cat\/salajove\/bollere-historic\/\" target=\"_blank\" rel=\"noopener\"><img loading=\"lazy\" decoding=\"async\" class=\"aligncenter wp-image-7380\" src=\"https:\/\/biblioteca.blanes.cat\/salajove\/wp-content\/uploads\/sites\/3\/2022\/08\/BiblioBlanes_Bollere2022_historic-1024x1024.png\" sizes=\"(max-width: 329px) 100vw, 329px\" srcset=\"https:\/\/biblioteca.blanes.cat\/salajove\/wp-content\/uploads\/sites\/3\/2022\/08\/BiblioBlanes_Bollere2022_historic-1024x1024.png 1024w, https:\/\/biblioteca.blanes.cat\/salajove\/wp-content\/uploads\/sites\/3\/2022\/08\/BiblioBlanes_Bollere2022_historic-300x300.png 300w, https:\/\/biblioteca.blanes.cat\/salajove\/wp-content\/uploads\/sites\/3\/2022\/08\/BiblioBlanes_Bollere2022_historic-150x150.png 150w, https:\/\/biblioteca.blanes.cat\/salajove\/wp-content\/uploads\/sites\/3\/2022\/08\/BiblioBlanes_Bollere2022_historic-768x768.png 768w, https:\/\/biblioteca.blanes.cat\/salajove\/wp-content\/uploads\/sites\/3\/2022\/08\/BiblioBlanes_Bollere2022_historic-270x270.png 270w, https:\/\/biblioteca.blanes.cat\/salajove\/wp-content\/uploads\/sites\/3\/2022\/08\/BiblioBlanes_Bollere2022_historic-230x230.png 230w, https:\/\/biblioteca.blanes.cat\/salajove\/wp-content\/uploads\/sites\/3\/2022\/08\/BiblioBlanes_Bollere2022_historic.png 1080w\" alt=\"\" width=\"329\" height=\"329\" \/><\/a><\/p>\n<p>\u00a0<\/p>\n<p>\u00a0<\/p>\n<p style=\"text-align: center;\">Podeu veure la Not\u00edcia completa a la web<\/p>\n<p><a href=\"https:\/\/www.blanes.cat\/catala\" target=\"_blank\" rel=\"noopener\"><img loading=\"lazy\" decoding=\"async\" class=\"aligncenter wp-image-7726 size-medium\" src=\"https:\/\/biblioteca.blanes.cat\/salajove\/wp-content\/uploads\/sites\/3\/2023\/01\/ajuntament_transparent-300x138.png\" alt=\"\" width=\"300\" height=\"138\" srcset=\"https:\/\/biblioteca.blanes.cat\/salajove\/wp-content\/uploads\/sites\/3\/2023\/01\/ajuntament_transparent-300x138.png 300w, https:\/\/biblioteca.blanes.cat\/salajove\/wp-content\/uploads\/sites\/3\/2023\/01\/ajuntament_transparent.png 346w\" sizes=\"(max-width: 300px) 100vw, 300px\" \/><\/a><\/p>\n<p>\u00a0<\/p>\n","protected":false},"excerpt":{"rendered":"<p>\u00a0 Bona tarda, joves! La Biblioteca Jove \u00e9s un espai pensat per a joves d&#8217;entre 12 i 18 anys. Es va inaugurar el 24 de gener de 2014, fa exactament 9 anys. Estem molt contents de poder tenir un espai<\/p>\n","protected":false},"author":4,"featured_media":7377,"comment_status":"open","ping_status":"open","sticky":false,"template":"","format":"standard","meta":{"sfsi_plus_gutenberg_text_before_share":"","sfsi_plus_gutenberg_show_text_before_share":"","sfsi_plus_gutenberg_icon_type":"","sfsi_plus_gutenberg_icon_alignemt":"","sfsi_plus_gutenburg_max_per_row":"","footnotes":""},"categories":[1],"tags":[95],"class_list":["post-7690","post","type-post","status-publish","format-standard","has-post-thumbnail","hentry","category-general","tag-bollere-certamen-escriptura-joves-literatura-narracio-premis"],"yoast_head":"<!-- This site is optimized with the Yoast SEO plugin v27.5 - https:\/\/yoast.com\/product\/yoast-seo-wordpress\/ -->\n<title>9\u00e8 Aniversari de la Biblioteca Jove - Sala Jove<\/title>\n<meta name=\"robots\" content=\"index, follow, max-snippet:-1, max-image-preview:large, max-video-preview:-1\" \/>\n<link rel=\"canonical\" href=\"https:\/\/biblioteca.blanes.cat\/salajove\/2023\/01\/25\/9e-aniversari-de-la-biblioteca-jove\/\" \/>\n<meta property=\"og:locale\" content=\"ca_ES\" \/>\n<meta property=\"og:type\" content=\"article\" \/>\n<meta property=\"og:title\" content=\"9\u00e8 Aniversari de la Biblioteca Jove - Sala Jove\" \/>\n<meta property=\"og:description\" content=\"\u00a0 Bona tarda, joves! La Biblioteca Jove \u00e9s un espai pensat per a joves d&#8217;entre 12 i 18 anys. Es va inaugurar el 24 de gener de 2014, fa exactament 9 anys. Estem molt contents de poder tenir un espai\" \/>\n<meta property=\"og:url\" content=\"https:\/\/biblioteca.blanes.cat\/salajove\/2023\/01\/25\/9e-aniversari-de-la-biblioteca-jove\/\" \/>\n<meta property=\"og:site_name\" content=\"Sala Jove\" \/>\n<meta property=\"article:publisher\" content=\"https:\/\/www.facebook.com\/BilbiotecaComarcaldeBlanes\/\" \/>\n<meta property=\"article:published_time\" content=\"2023-01-25T18:38:52+00:00\" \/>\n<meta property=\"article:modified_time\" content=\"2023-01-25T18:53:01+00:00\" \/>\n<meta property=\"og:image\" content=\"https:\/\/biblioteca.blanes.cat\/salajove\/wp-content\/uploads\/sites\/3\/2022\/08\/BiblioBlanes_Bollere2022_14ConcursLiterariRelatsBreusJoves-2.png\" \/>\n\t<meta property=\"og:image:width\" content=\"1080\" \/>\n\t<meta property=\"og:image:height\" content=\"1080\" \/>\n\t<meta property=\"og:image:type\" content=\"image\/png\" \/>\n<meta name=\"author\" content=\"biblioblanes\" \/>\n<meta name=\"twitter:card\" content=\"summary_large_image\" \/>\n<meta name=\"twitter:creator\" content=\"@biblioblanes\" \/>\n<meta name=\"twitter:site\" content=\"@BiblioBlanes\" \/>\n<meta name=\"twitter:label1\" content=\"Escrit per\" \/>\n\t<meta name=\"twitter:data1\" content=\"biblioblanes\" \/>\n\t<meta name=\"twitter:label2\" content=\"Temps estimat de lectura\" \/>\n\t<meta name=\"twitter:data2\" content=\"3 minuts\" \/>\n<script type=\"application\/ld+json\" class=\"yoast-schema-graph\">{\"@context\":\"https:\\\/\\\/schema.org\",\"@graph\":[{\"@type\":\"Article\",\"@id\":\"https:\\\/\\\/biblioteca.blanes.cat\\\/salajove\\\/2023\\\/01\\\/25\\\/9e-aniversari-de-la-biblioteca-jove\\\/#article\",\"isPartOf\":{\"@id\":\"https:\\\/\\\/biblioteca.blanes.cat\\\/salajove\\\/2023\\\/01\\\/25\\\/9e-aniversari-de-la-biblioteca-jove\\\/\"},\"author\":{\"name\":\"biblioblanes\",\"@id\":\"https:\\\/\\\/biblioteca.blanes.cat\\\/salajove\\\/#\\\/schema\\\/person\\\/5a7b46760d9dd611d098bbf571a341dc\"},\"headline\":\"9\u00e8 Aniversari de la Biblioteca Jove\",\"datePublished\":\"2023-01-25T18:38:52+00:00\",\"dateModified\":\"2023-01-25T18:53:01+00:00\",\"mainEntityOfPage\":{\"@id\":\"https:\\\/\\\/biblioteca.blanes.cat\\\/salajove\\\/2023\\\/01\\\/25\\\/9e-aniversari-de-la-biblioteca-jove\\\/\"},\"wordCount\":506,\"commentCount\":0,\"publisher\":{\"@id\":\"https:\\\/\\\/biblioteca.blanes.cat\\\/salajove\\\/#organization\"},\"image\":{\"@id\":\"https:\\\/\\\/biblioteca.blanes.cat\\\/salajove\\\/2023\\\/01\\\/25\\\/9e-aniversari-de-la-biblioteca-jove\\\/#primaryimage\"},\"thumbnailUrl\":\"https:\\\/\\\/biblioteca.blanes.cat\\\/salajove\\\/wp-content\\\/uploads\\\/sites\\\/3\\\/2022\\\/08\\\/BiblioBlanes_Bollere2022_14ConcursLiterariRelatsBreusJoves-2.png\",\"keywords\":[\"#Boller\u00e9 #Cert\u00e0men #Escriptura #Joves #Literatura #Narraci\u00f3 #Premis\"],\"articleSection\":[\"Not\u00edcies\"],\"inLanguage\":\"ca\",\"potentialAction\":[{\"@type\":\"CommentAction\",\"name\":\"Comment\",\"target\":[\"https:\\\/\\\/biblioteca.blanes.cat\\\/salajove\\\/2023\\\/01\\\/25\\\/9e-aniversari-de-la-biblioteca-jove\\\/#respond\"]}]},{\"@type\":\"WebPage\",\"@id\":\"https:\\\/\\\/biblioteca.blanes.cat\\\/salajove\\\/2023\\\/01\\\/25\\\/9e-aniversari-de-la-biblioteca-jove\\\/\",\"url\":\"https:\\\/\\\/biblioteca.blanes.cat\\\/salajove\\\/2023\\\/01\\\/25\\\/9e-aniversari-de-la-biblioteca-jove\\\/\",\"name\":\"9\u00e8 Aniversari de la Biblioteca Jove - Sala Jove\",\"isPartOf\":{\"@id\":\"https:\\\/\\\/biblioteca.blanes.cat\\\/salajove\\\/#website\"},\"primaryImageOfPage\":{\"@id\":\"https:\\\/\\\/biblioteca.blanes.cat\\\/salajove\\\/2023\\\/01\\\/25\\\/9e-aniversari-de-la-biblioteca-jove\\\/#primaryimage\"},\"image\":{\"@id\":\"https:\\\/\\\/biblioteca.blanes.cat\\\/salajove\\\/2023\\\/01\\\/25\\\/9e-aniversari-de-la-biblioteca-jove\\\/#primaryimage\"},\"thumbnailUrl\":\"https:\\\/\\\/biblioteca.blanes.cat\\\/salajove\\\/wp-content\\\/uploads\\\/sites\\\/3\\\/2022\\\/08\\\/BiblioBlanes_Bollere2022_14ConcursLiterariRelatsBreusJoves-2.png\",\"datePublished\":\"2023-01-25T18:38:52+00:00\",\"dateModified\":\"2023-01-25T18:53:01+00:00\",\"breadcrumb\":{\"@id\":\"https:\\\/\\\/biblioteca.blanes.cat\\\/salajove\\\/2023\\\/01\\\/25\\\/9e-aniversari-de-la-biblioteca-jove\\\/#breadcrumb\"},\"inLanguage\":\"ca\",\"potentialAction\":[{\"@type\":\"ReadAction\",\"target\":[\"https:\\\/\\\/biblioteca.blanes.cat\\\/salajove\\\/2023\\\/01\\\/25\\\/9e-aniversari-de-la-biblioteca-jove\\\/\"]}]},{\"@type\":\"ImageObject\",\"inLanguage\":\"ca\",\"@id\":\"https:\\\/\\\/biblioteca.blanes.cat\\\/salajove\\\/2023\\\/01\\\/25\\\/9e-aniversari-de-la-biblioteca-jove\\\/#primaryimage\",\"url\":\"https:\\\/\\\/biblioteca.blanes.cat\\\/salajove\\\/wp-content\\\/uploads\\\/sites\\\/3\\\/2022\\\/08\\\/BiblioBlanes_Bollere2022_14ConcursLiterariRelatsBreusJoves-2.png\",\"contentUrl\":\"https:\\\/\\\/biblioteca.blanes.cat\\\/salajove\\\/wp-content\\\/uploads\\\/sites\\\/3\\\/2022\\\/08\\\/BiblioBlanes_Bollere2022_14ConcursLiterariRelatsBreusJoves-2.png\",\"width\":1080,\"height\":1080},{\"@type\":\"BreadcrumbList\",\"@id\":\"https:\\\/\\\/biblioteca.blanes.cat\\\/salajove\\\/2023\\\/01\\\/25\\\/9e-aniversari-de-la-biblioteca-jove\\\/#breadcrumb\",\"itemListElement\":[{\"@type\":\"ListItem\",\"position\":1,\"name\":\"Inici\",\"item\":\"https:\\\/\\\/biblioteca.blanes.cat\\\/salajove\\\/\"},{\"@type\":\"ListItem\",\"position\":2,\"name\":\"9\u00e8 Aniversari de la Biblioteca Jove\"}]},{\"@type\":\"WebSite\",\"@id\":\"https:\\\/\\\/biblioteca.blanes.cat\\\/salajove\\\/#website\",\"url\":\"https:\\\/\\\/biblioteca.blanes.cat\\\/salajove\\\/\",\"name\":\"Sala Jove\",\"description\":\"Biblioteca Comarcal de Blanes\",\"publisher\":{\"@id\":\"https:\\\/\\\/biblioteca.blanes.cat\\\/salajove\\\/#organization\"},\"potentialAction\":[{\"@type\":\"SearchAction\",\"target\":{\"@type\":\"EntryPoint\",\"urlTemplate\":\"https:\\\/\\\/biblioteca.blanes.cat\\\/salajove\\\/?s={search_term_string}\"},\"query-input\":{\"@type\":\"PropertyValueSpecification\",\"valueRequired\":true,\"valueName\":\"search_term_string\"}}],\"inLanguage\":\"ca\"},{\"@type\":\"Organization\",\"@id\":\"https:\\\/\\\/biblioteca.blanes.cat\\\/salajove\\\/#organization\",\"name\":\"Biblioteca Comarcal de Blanes\",\"url\":\"https:\\\/\\\/biblioteca.blanes.cat\\\/salajove\\\/\",\"logo\":{\"@type\":\"ImageObject\",\"inLanguage\":\"ca\",\"@id\":\"https:\\\/\\\/biblioteca.blanes.cat\\\/salajove\\\/#\\\/schema\\\/logo\\\/image\\\/\",\"url\":\"https:\\\/\\\/biblioteca.blanes.cat\\\/salajove\\\/wp-content\\\/uploads\\\/sites\\\/3\\\/2017\\\/09\\\/cropped-Bib-blau-e1518869380535.png\",\"contentUrl\":\"https:\\\/\\\/biblioteca.blanes.cat\\\/salajove\\\/wp-content\\\/uploads\\\/sites\\\/3\\\/2017\\\/09\\\/cropped-Bib-blau-e1518869380535.png\",\"width\":166,\"height\":166,\"caption\":\"Biblioteca Comarcal de Blanes\"},\"image\":{\"@id\":\"https:\\\/\\\/biblioteca.blanes.cat\\\/salajove\\\/#\\\/schema\\\/logo\\\/image\\\/\"},\"sameAs\":[\"https:\\\/\\\/www.facebook.com\\\/BilbiotecaComarcaldeBlanes\\\/\",\"https:\\\/\\\/x.com\\\/BiblioBlanes\",\"https:\\\/\\\/www.instagram.com\\\/biblioblanes\\\/\",\"https:\\\/\\\/www.pinterest.es\\\/bblanes\\\/\",\"https:\\\/\\\/www.youtube.com\\\/c\\\/BibliotecaComarcalBlanes\"]},{\"@type\":\"Person\",\"@id\":\"https:\\\/\\\/biblioteca.blanes.cat\\\/salajove\\\/#\\\/schema\\\/person\\\/5a7b46760d9dd611d098bbf571a341dc\",\"name\":\"biblioblanes\",\"image\":{\"@type\":\"ImageObject\",\"inLanguage\":\"ca\",\"@id\":\"https:\\\/\\\/secure.gravatar.com\\\/avatar\\\/6593ca6cc90e5a70939f51c95e8315483b9c281bafba597292bee47992030f99?s=96&d=mm&r=g\",\"url\":\"https:\\\/\\\/secure.gravatar.com\\\/avatar\\\/6593ca6cc90e5a70939f51c95e8315483b9c281bafba597292bee47992030f99?s=96&d=mm&r=g\",\"contentUrl\":\"https:\\\/\\\/secure.gravatar.com\\\/avatar\\\/6593ca6cc90e5a70939f51c95e8315483b9c281bafba597292bee47992030f99?s=96&d=mm&r=g\",\"caption\":\"biblioblanes\"},\"sameAs\":[\"http:\\\/\\\/www.bibgirona.cat\\\/biblioteca\\\/blanes\",\"https:\\\/\\\/x.com\\\/biblioblanes\"],\"url\":\"https:\\\/\\\/biblioteca.blanes.cat\\\/salajove\\\/author\\\/biblioblanes\\\/\"}]}<\/script>\n<!-- \/ Yoast SEO plugin. -->","yoast_head_json":{"title":"9\u00e8 Aniversari de la Biblioteca Jove - Sala Jove","robots":{"index":"index","follow":"follow","max-snippet":"max-snippet:-1","max-image-preview":"max-image-preview:large","max-video-preview":"max-video-preview:-1"},"canonical":"https:\/\/biblioteca.blanes.cat\/salajove\/2023\/01\/25\/9e-aniversari-de-la-biblioteca-jove\/","og_locale":"ca_ES","og_type":"article","og_title":"9\u00e8 Aniversari de la Biblioteca Jove - Sala Jove","og_description":"\u00a0 Bona tarda, joves! La Biblioteca Jove \u00e9s un espai pensat per a joves d&#8217;entre 12 i 18 anys. Es va inaugurar el 24 de gener de 2014, fa exactament 9 anys. Estem molt contents de poder tenir un espai","og_url":"https:\/\/biblioteca.blanes.cat\/salajove\/2023\/01\/25\/9e-aniversari-de-la-biblioteca-jove\/","og_site_name":"Sala Jove","article_publisher":"https:\/\/www.facebook.com\/BilbiotecaComarcaldeBlanes\/","article_published_time":"2023-01-25T18:38:52+00:00","article_modified_time":"2023-01-25T18:53:01+00:00","og_image":[{"width":1080,"height":1080,"url":"https:\/\/biblioteca.blanes.cat\/salajove\/wp-content\/uploads\/sites\/3\/2022\/08\/BiblioBlanes_Bollere2022_14ConcursLiterariRelatsBreusJoves-2.png","type":"image\/png"}],"author":"biblioblanes","twitter_card":"summary_large_image","twitter_creator":"@biblioblanes","twitter_site":"@BiblioBlanes","twitter_misc":{"Escrit per":"biblioblanes","Temps estimat de lectura":"3 minuts"},"schema":{"@context":"https:\/\/schema.org","@graph":[{"@type":"Article","@id":"https:\/\/biblioteca.blanes.cat\/salajove\/2023\/01\/25\/9e-aniversari-de-la-biblioteca-jove\/#article","isPartOf":{"@id":"https:\/\/biblioteca.blanes.cat\/salajove\/2023\/01\/25\/9e-aniversari-de-la-biblioteca-jove\/"},"author":{"name":"biblioblanes","@id":"https:\/\/biblioteca.blanes.cat\/salajove\/#\/schema\/person\/5a7b46760d9dd611d098bbf571a341dc"},"headline":"9\u00e8 Aniversari de la Biblioteca Jove","datePublished":"2023-01-25T18:38:52+00:00","dateModified":"2023-01-25T18:53:01+00:00","mainEntityOfPage":{"@id":"https:\/\/biblioteca.blanes.cat\/salajove\/2023\/01\/25\/9e-aniversari-de-la-biblioteca-jove\/"},"wordCount":506,"commentCount":0,"publisher":{"@id":"https:\/\/biblioteca.blanes.cat\/salajove\/#organization"},"image":{"@id":"https:\/\/biblioteca.blanes.cat\/salajove\/2023\/01\/25\/9e-aniversari-de-la-biblioteca-jove\/#primaryimage"},"thumbnailUrl":"https:\/\/biblioteca.blanes.cat\/salajove\/wp-content\/uploads\/sites\/3\/2022\/08\/BiblioBlanes_Bollere2022_14ConcursLiterariRelatsBreusJoves-2.png","keywords":["#Boller\u00e9 #Cert\u00e0men #Escriptura #Joves #Literatura #Narraci\u00f3 #Premis"],"articleSection":["Not\u00edcies"],"inLanguage":"ca","potentialAction":[{"@type":"CommentAction","name":"Comment","target":["https:\/\/biblioteca.blanes.cat\/salajove\/2023\/01\/25\/9e-aniversari-de-la-biblioteca-jove\/#respond"]}]},{"@type":"WebPage","@id":"https:\/\/biblioteca.blanes.cat\/salajove\/2023\/01\/25\/9e-aniversari-de-la-biblioteca-jove\/","url":"https:\/\/biblioteca.blanes.cat\/salajove\/2023\/01\/25\/9e-aniversari-de-la-biblioteca-jove\/","name":"9\u00e8 Aniversari de la Biblioteca Jove - Sala Jove","isPartOf":{"@id":"https:\/\/biblioteca.blanes.cat\/salajove\/#website"},"primaryImageOfPage":{"@id":"https:\/\/biblioteca.blanes.cat\/salajove\/2023\/01\/25\/9e-aniversari-de-la-biblioteca-jove\/#primaryimage"},"image":{"@id":"https:\/\/biblioteca.blanes.cat\/salajove\/2023\/01\/25\/9e-aniversari-de-la-biblioteca-jove\/#primaryimage"},"thumbnailUrl":"https:\/\/biblioteca.blanes.cat\/salajove\/wp-content\/uploads\/sites\/3\/2022\/08\/BiblioBlanes_Bollere2022_14ConcursLiterariRelatsBreusJoves-2.png","datePublished":"2023-01-25T18:38:52+00:00","dateModified":"2023-01-25T18:53:01+00:00","breadcrumb":{"@id":"https:\/\/biblioteca.blanes.cat\/salajove\/2023\/01\/25\/9e-aniversari-de-la-biblioteca-jove\/#breadcrumb"},"inLanguage":"ca","potentialAction":[{"@type":"ReadAction","target":["https:\/\/biblioteca.blanes.cat\/salajove\/2023\/01\/25\/9e-aniversari-de-la-biblioteca-jove\/"]}]},{"@type":"ImageObject","inLanguage":"ca","@id":"https:\/\/biblioteca.blanes.cat\/salajove\/2023\/01\/25\/9e-aniversari-de-la-biblioteca-jove\/#primaryimage","url":"https:\/\/biblioteca.blanes.cat\/salajove\/wp-content\/uploads\/sites\/3\/2022\/08\/BiblioBlanes_Bollere2022_14ConcursLiterariRelatsBreusJoves-2.png","contentUrl":"https:\/\/biblioteca.blanes.cat\/salajove\/wp-content\/uploads\/sites\/3\/2022\/08\/BiblioBlanes_Bollere2022_14ConcursLiterariRelatsBreusJoves-2.png","width":1080,"height":1080},{"@type":"BreadcrumbList","@id":"https:\/\/biblioteca.blanes.cat\/salajove\/2023\/01\/25\/9e-aniversari-de-la-biblioteca-jove\/#breadcrumb","itemListElement":[{"@type":"ListItem","position":1,"name":"Inici","item":"https:\/\/biblioteca.blanes.cat\/salajove\/"},{"@type":"ListItem","position":2,"name":"9\u00e8 Aniversari de la Biblioteca Jove"}]},{"@type":"WebSite","@id":"https:\/\/biblioteca.blanes.cat\/salajove\/#website","url":"https:\/\/biblioteca.blanes.cat\/salajove\/","name":"Sala Jove","description":"Biblioteca Comarcal de Blanes","publisher":{"@id":"https:\/\/biblioteca.blanes.cat\/salajove\/#organization"},"potentialAction":[{"@type":"SearchAction","target":{"@type":"EntryPoint","urlTemplate":"https:\/\/biblioteca.blanes.cat\/salajove\/?s={search_term_string}"},"query-input":{"@type":"PropertyValueSpecification","valueRequired":true,"valueName":"search_term_string"}}],"inLanguage":"ca"},{"@type":"Organization","@id":"https:\/\/biblioteca.blanes.cat\/salajove\/#organization","name":"Biblioteca Comarcal de Blanes","url":"https:\/\/biblioteca.blanes.cat\/salajove\/","logo":{"@type":"ImageObject","inLanguage":"ca","@id":"https:\/\/biblioteca.blanes.cat\/salajove\/#\/schema\/logo\/image\/","url":"https:\/\/biblioteca.blanes.cat\/salajove\/wp-content\/uploads\/sites\/3\/2017\/09\/cropped-Bib-blau-e1518869380535.png","contentUrl":"https:\/\/biblioteca.blanes.cat\/salajove\/wp-content\/uploads\/sites\/3\/2017\/09\/cropped-Bib-blau-e1518869380535.png","width":166,"height":166,"caption":"Biblioteca Comarcal de Blanes"},"image":{"@id":"https:\/\/biblioteca.blanes.cat\/salajove\/#\/schema\/logo\/image\/"},"sameAs":["https:\/\/www.facebook.com\/BilbiotecaComarcaldeBlanes\/","https:\/\/x.com\/BiblioBlanes","https:\/\/www.instagram.com\/biblioblanes\/","https:\/\/www.pinterest.es\/bblanes\/","https:\/\/www.youtube.com\/c\/BibliotecaComarcalBlanes"]},{"@type":"Person","@id":"https:\/\/biblioteca.blanes.cat\/salajove\/#\/schema\/person\/5a7b46760d9dd611d098bbf571a341dc","name":"biblioblanes","image":{"@type":"ImageObject","inLanguage":"ca","@id":"https:\/\/secure.gravatar.com\/avatar\/6593ca6cc90e5a70939f51c95e8315483b9c281bafba597292bee47992030f99?s=96&d=mm&r=g","url":"https:\/\/secure.gravatar.com\/avatar\/6593ca6cc90e5a70939f51c95e8315483b9c281bafba597292bee47992030f99?s=96&d=mm&r=g","contentUrl":"https:\/\/secure.gravatar.com\/avatar\/6593ca6cc90e5a70939f51c95e8315483b9c281bafba597292bee47992030f99?s=96&d=mm&r=g","caption":"biblioblanes"},"sameAs":["http:\/\/www.bibgirona.cat\/biblioteca\/blanes","https:\/\/x.com\/biblioblanes"],"url":"https:\/\/biblioteca.blanes.cat\/salajove\/author\/biblioblanes\/"}]}},"_links":{"self":[{"href":"https:\/\/biblioteca.blanes.cat\/salajove\/wp-json\/wp\/v2\/posts\/7690","targetHints":{"allow":["GET"]}}],"collection":[{"href":"https:\/\/biblioteca.blanes.cat\/salajove\/wp-json\/wp\/v2\/posts"}],"about":[{"href":"https:\/\/biblioteca.blanes.cat\/salajove\/wp-json\/wp\/v2\/types\/post"}],"author":[{"embeddable":true,"href":"https:\/\/biblioteca.blanes.cat\/salajove\/wp-json\/wp\/v2\/users\/4"}],"replies":[{"embeddable":true,"href":"https:\/\/biblioteca.blanes.cat\/salajove\/wp-json\/wp\/v2\/comments?post=7690"}],"version-history":[{"count":16,"href":"https:\/\/biblioteca.blanes.cat\/salajove\/wp-json\/wp\/v2\/posts\/7690\/revisions"}],"predecessor-version":[{"id":7727,"href":"https:\/\/biblioteca.blanes.cat\/salajove\/wp-json\/wp\/v2\/posts\/7690\/revisions\/7727"}],"wp:featuredmedia":[{"embeddable":true,"href":"https:\/\/biblioteca.blanes.cat\/salajove\/wp-json\/wp\/v2\/media\/7377"}],"wp:attachment":[{"href":"https:\/\/biblioteca.blanes.cat\/salajove\/wp-json\/wp\/v2\/media?parent=7690"}],"wp:term":[{"taxonomy":"category","embeddable":true,"href":"https:\/\/biblioteca.blanes.cat\/salajove\/wp-json\/wp\/v2\/categories?post=7690"},{"taxonomy":"post_tag","embeddable":true,"href":"https:\/\/biblioteca.blanes.cat\/salajove\/wp-json\/wp\/v2\/tags?post=7690"}],"curies":[{"name":"wp","href":"https:\/\/api.w.org\/{rel}","templated":true}]}}