{"id":7566,"date":"2022-11-26T11:10:48","date_gmt":"2022-11-26T10:10:48","guid":{"rendered":"https:\/\/biblioteca.blanes.cat\/salajove\/?p=7566"},"modified":"2022-11-26T11:13:01","modified_gmt":"2022-11-26T10:13:01","slug":"clj-destronada-de-patricia-lorenzo-navarro-25n","status":"publish","type":"post","link":"https:\/\/biblioteca.blanes.cat\/salajove\/2022\/11\/26\/clj-destronada-de-patricia-lorenzo-navarro-25n\/","title":{"rendered":"CLJ: Destronada de Patricia Lorenzo Navarro (25N)"},"content":{"rendered":"\n<p style=\"text-align: center;\">Avui al <strong>Club de Lectura Juvenil<\/strong> hem comentat<\/p>\n<h1 style=\"text-align: center;\">&#8220;Destronada&#8221; de Patricia Lorenzo Navarro<\/h1>\n<blockquote>\n<h4 style=\"text-align: center;\">Celebraci\u00f3 del 25N &#8220;Dia Internacional per a l&#8217;eliminaci\u00f3 de la viol\u00e8ncia vers les dones&#8221;<\/h4>\n<\/blockquote>\n<p>\u00a0<\/p>\n<p style=\"text-align: center;\">Ahir, 25 de novembre, al Club jove de la Biblioteca vam voler afegir-nos a la <strong>Celebraci\u00f3 del Dia Internacional per a l&#8217;eliminaci\u00f3 de la viol\u00e8ncia vers les dones<\/strong> amb una lectura juvenil molt especial.<\/p>\n<p>\u00a0<\/p>\n<p><img fetchpriority=\"high\" decoding=\"async\" class=\"size-medium wp-image-7567 alignleft\" src=\"https:\/\/biblioteca.blanes.cat\/salajove\/wp-content\/uploads\/sites\/3\/2022\/11\/Destronada-185x300.jpg\" alt=\"\" width=\"185\" height=\"300\" srcset=\"https:\/\/biblioteca.blanes.cat\/salajove\/wp-content\/uploads\/sites\/3\/2022\/11\/Destronada-185x300.jpg 185w, https:\/\/biblioteca.blanes.cat\/salajove\/wp-content\/uploads\/sites\/3\/2022\/11\/Destronada-631x1024.jpg 631w, https:\/\/biblioteca.blanes.cat\/salajove\/wp-content\/uploads\/sites\/3\/2022\/11\/Destronada-768x1247.jpg 768w, https:\/\/biblioteca.blanes.cat\/salajove\/wp-content\/uploads\/sites\/3\/2022\/11\/Destronada-946x1536.jpg 946w, https:\/\/biblioteca.blanes.cat\/salajove\/wp-content\/uploads\/sites\/3\/2022\/11\/Destronada-1261x2048.jpg 1261w, https:\/\/biblioteca.blanes.cat\/salajove\/wp-content\/uploads\/sites\/3\/2022\/11\/Destronada.jpg 1525w\" sizes=\"(max-width: 185px) 100vw, 185px\" \/><\/p>\n<p><strong>Destronada<\/strong> \u00e9s una novel\u00b7la que defineix perfectament els tipus de maltractament. <span class=\"hiddenSpellError\">Mackenzie<\/span>, la nostra protagonista, \u00e9s guapa i popular a l&#8217;institut, arribant a ser cruel amb els companys de l&#8217;escola. Per\u00f2 coneix a <span class=\"hiddenSpellError\">Hugo<\/span>, un noi m\u00e9s gran que ella, i la seva vida comen\u00e7a a canviar. Comen\u00e7a a ser v\u00edctima dels seus abusos i cada vegada es va fent m\u00e9s i m\u00e9s petita. <strong><span class=\"hiddenSpellError\">Patricia<\/span> <span class=\"hiddenSpellError\">Lorenzo<\/span><\/strong>, tot i ser una autora molt jove, descriu molt b\u00e9 el tipus de relaci\u00f3 entre els dos protagonistes (maltractador i v\u00edctima), les emocions i sentiments que es desperten despr\u00e9s de patir cada acte de viol\u00e8ncia.<br \/><br \/>Una lectura, guanyadora del <strong>premi Jordi <span class=\"hiddenSpellError\">Sierra<\/span> i Fabra del 2017<\/strong>, que no ens ha deixat indiferents i que ha arribat al cor dels nostres joves del club.<\/p>\n<p>\u00a0<\/p>\n<p>\u00a0<\/p>\n<p>\u00a0<\/p>\n<p><img decoding=\"async\" class=\"aligncenter wp-image-7574 \" src=\"https:\/\/biblioteca.blanes.cat\/salajove\/wp-content\/uploads\/sites\/3\/2022\/11\/Club-de-lectura-juvenil_BiblioBlanes_-Novembre-10-1024x768.jpg\" alt=\"\" width=\"567\" height=\"426\" srcset=\"https:\/\/biblioteca.blanes.cat\/salajove\/wp-content\/uploads\/sites\/3\/2022\/11\/Club-de-lectura-juvenil_BiblioBlanes_-Novembre-10-1024x768.jpg 1024w, https:\/\/biblioteca.blanes.cat\/salajove\/wp-content\/uploads\/sites\/3\/2022\/11\/Club-de-lectura-juvenil_BiblioBlanes_-Novembre-10-300x225.jpg 300w, https:\/\/biblioteca.blanes.cat\/salajove\/wp-content\/uploads\/sites\/3\/2022\/11\/Club-de-lectura-juvenil_BiblioBlanes_-Novembre-10-768x576.jpg 768w, https:\/\/biblioteca.blanes.cat\/salajove\/wp-content\/uploads\/sites\/3\/2022\/11\/Club-de-lectura-juvenil_BiblioBlanes_-Novembre-10-1536x1152.jpg 1536w, https:\/\/biblioteca.blanes.cat\/salajove\/wp-content\/uploads\/sites\/3\/2022\/11\/Club-de-lectura-juvenil_BiblioBlanes_-Novembre-10.jpg 2000w\" sizes=\"(max-width: 567px) 100vw, 567px\" \/><\/p>\n<p>\u00a0<\/p>\n<p style=\"text-align: center;\">Els nostres joves van decorar el vidre de la Sala Jove amb un mural de l&#8217;<strong>ESCALA DE LA VIOL\u00c8NCIA DE G\u00c8NERE A L&#8217;ADOLESC\u00c8NCIA<\/strong>.<\/p>\n<p>\u00a0<\/p>\n<div id='gallery-1' class='gallery galleryid-7566 gallery-columns-3 gallery-size-medium'><figure class='gallery-item'>\n\t\t\t<div class='gallery-icon landscape'>\n\t\t\t\t<a href='https:\/\/biblioteca.blanes.cat\/salajove\/2022\/11\/26\/clj-destronada-de-patricia-lorenzo-navarro-25n\/club-de-lectura-juvenil_biblioblanes_-novembre-2\/'><img decoding=\"async\" width=\"300\" height=\"224\" src=\"https:\/\/biblioteca.blanes.cat\/salajove\/wp-content\/uploads\/sites\/3\/2022\/11\/Club-de-lectura-juvenil_BiblioBlanes_-Novembre-2-300x224.jpg\" class=\"attachment-medium size-medium\" alt=\"\" srcset=\"https:\/\/biblioteca.blanes.cat\/salajove\/wp-content\/uploads\/sites\/3\/2022\/11\/Club-de-lectura-juvenil_BiblioBlanes_-Novembre-2-300x224.jpg 300w, https:\/\/biblioteca.blanes.cat\/salajove\/wp-content\/uploads\/sites\/3\/2022\/11\/Club-de-lectura-juvenil_BiblioBlanes_-Novembre-2-1024x766.jpg 1024w, https:\/\/biblioteca.blanes.cat\/salajove\/wp-content\/uploads\/sites\/3\/2022\/11\/Club-de-lectura-juvenil_BiblioBlanes_-Novembre-2-768x574.jpg 768w, https:\/\/biblioteca.blanes.cat\/salajove\/wp-content\/uploads\/sites\/3\/2022\/11\/Club-de-lectura-juvenil_BiblioBlanes_-Novembre-2-1536x1149.jpg 1536w, https:\/\/biblioteca.blanes.cat\/salajove\/wp-content\/uploads\/sites\/3\/2022\/11\/Club-de-lectura-juvenil_BiblioBlanes_-Novembre-2.jpg 2000w\" sizes=\"(max-width: 300px) 100vw, 300px\" \/><\/a>\n\t\t\t<\/div><\/figure><figure class='gallery-item'>\n\t\t\t<div class='gallery-icon portrait'>\n\t\t\t\t<a href='https:\/\/biblioteca.blanes.cat\/salajove\/2022\/11\/26\/clj-destronada-de-patricia-lorenzo-navarro-25n\/club-de-lectura-juvenil_biblioblanes_-novembre-3\/'><img loading=\"lazy\" decoding=\"async\" width=\"225\" height=\"300\" src=\"https:\/\/biblioteca.blanes.cat\/salajove\/wp-content\/uploads\/sites\/3\/2022\/11\/Club-de-lectura-juvenil_BiblioBlanes_-Novembre-3-225x300.jpg\" class=\"attachment-medium size-medium\" alt=\"\" srcset=\"https:\/\/biblioteca.blanes.cat\/salajove\/wp-content\/uploads\/sites\/3\/2022\/11\/Club-de-lectura-juvenil_BiblioBlanes_-Novembre-3-225x300.jpg 225w, https:\/\/biblioteca.blanes.cat\/salajove\/wp-content\/uploads\/sites\/3\/2022\/11\/Club-de-lectura-juvenil_BiblioBlanes_-Novembre-3-768x1024.jpg 768w, https:\/\/biblioteca.blanes.cat\/salajove\/wp-content\/uploads\/sites\/3\/2022\/11\/Club-de-lectura-juvenil_BiblioBlanes_-Novembre-3-1152x1536.jpg 1152w, https:\/\/biblioteca.blanes.cat\/salajove\/wp-content\/uploads\/sites\/3\/2022\/11\/Club-de-lectura-juvenil_BiblioBlanes_-Novembre-3.jpg 1500w\" sizes=\"(max-width: 225px) 100vw, 225px\" \/><\/a>\n\t\t\t<\/div><\/figure><figure class='gallery-item'>\n\t\t\t<div class='gallery-icon portrait'>\n\t\t\t\t<a href='https:\/\/biblioteca.blanes.cat\/salajove\/2022\/11\/26\/clj-destronada-de-patricia-lorenzo-navarro-25n\/club-de-lectura-juvenil_biblioblanes_-novembre-4\/'><img loading=\"lazy\" decoding=\"async\" width=\"225\" height=\"300\" src=\"https:\/\/biblioteca.blanes.cat\/salajove\/wp-content\/uploads\/sites\/3\/2022\/11\/Club-de-lectura-juvenil_BiblioBlanes_-Novembre-4-225x300.jpg\" class=\"attachment-medium size-medium\" alt=\"\" srcset=\"https:\/\/biblioteca.blanes.cat\/salajove\/wp-content\/uploads\/sites\/3\/2022\/11\/Club-de-lectura-juvenil_BiblioBlanes_-Novembre-4-225x300.jpg 225w, https:\/\/biblioteca.blanes.cat\/salajove\/wp-content\/uploads\/sites\/3\/2022\/11\/Club-de-lectura-juvenil_BiblioBlanes_-Novembre-4-768x1024.jpg 768w, https:\/\/biblioteca.blanes.cat\/salajove\/wp-content\/uploads\/sites\/3\/2022\/11\/Club-de-lectura-juvenil_BiblioBlanes_-Novembre-4-1152x1536.jpg 1152w, https:\/\/biblioteca.blanes.cat\/salajove\/wp-content\/uploads\/sites\/3\/2022\/11\/Club-de-lectura-juvenil_BiblioBlanes_-Novembre-4.jpg 1500w\" sizes=\"(max-width: 225px) 100vw, 225px\" \/><\/a>\n\t\t\t<\/div><\/figure><figure class='gallery-item'>\n\t\t\t<div class='gallery-icon landscape'>\n\t\t\t\t<a href='https:\/\/biblioteca.blanes.cat\/salajove\/2022\/11\/26\/clj-destronada-de-patricia-lorenzo-navarro-25n\/club-de-lectura-juvenil_biblioblanes_-novembre-5\/'><img loading=\"lazy\" decoding=\"async\" width=\"300\" height=\"225\" src=\"https:\/\/biblioteca.blanes.cat\/salajove\/wp-content\/uploads\/sites\/3\/2022\/11\/Club-de-lectura-juvenil_BiblioBlanes_-Novembre-5-300x225.jpg\" class=\"attachment-medium size-medium\" alt=\"\" srcset=\"https:\/\/biblioteca.blanes.cat\/salajove\/wp-content\/uploads\/sites\/3\/2022\/11\/Club-de-lectura-juvenil_BiblioBlanes_-Novembre-5-300x225.jpg 300w, https:\/\/biblioteca.blanes.cat\/salajove\/wp-content\/uploads\/sites\/3\/2022\/11\/Club-de-lectura-juvenil_BiblioBlanes_-Novembre-5-1024x768.jpg 1024w, https:\/\/biblioteca.blanes.cat\/salajove\/wp-content\/uploads\/sites\/3\/2022\/11\/Club-de-lectura-juvenil_BiblioBlanes_-Novembre-5-768x576.jpg 768w, https:\/\/biblioteca.blanes.cat\/salajove\/wp-content\/uploads\/sites\/3\/2022\/11\/Club-de-lectura-juvenil_BiblioBlanes_-Novembre-5-1536x1152.jpg 1536w, https:\/\/biblioteca.blanes.cat\/salajove\/wp-content\/uploads\/sites\/3\/2022\/11\/Club-de-lectura-juvenil_BiblioBlanes_-Novembre-5.jpg 2000w\" sizes=\"(max-width: 300px) 100vw, 300px\" \/><\/a>\n\t\t\t<\/div><\/figure><figure class='gallery-item'>\n\t\t\t<div class='gallery-icon landscape'>\n\t\t\t\t<a href='https:\/\/biblioteca.blanes.cat\/salajove\/2022\/11\/26\/clj-destronada-de-patricia-lorenzo-navarro-25n\/club-de-lectura-juvenil_biblioblanes_-novembre-6\/'><img loading=\"lazy\" decoding=\"async\" width=\"300\" height=\"225\" src=\"https:\/\/biblioteca.blanes.cat\/salajove\/wp-content\/uploads\/sites\/3\/2022\/11\/Club-de-lectura-juvenil_BiblioBlanes_-Novembre-6-300x225.jpg\" class=\"attachment-medium size-medium\" alt=\"\" srcset=\"https:\/\/biblioteca.blanes.cat\/salajove\/wp-content\/uploads\/sites\/3\/2022\/11\/Club-de-lectura-juvenil_BiblioBlanes_-Novembre-6-300x225.jpg 300w, https:\/\/biblioteca.blanes.cat\/salajove\/wp-content\/uploads\/sites\/3\/2022\/11\/Club-de-lectura-juvenil_BiblioBlanes_-Novembre-6-1024x768.jpg 1024w, https:\/\/biblioteca.blanes.cat\/salajove\/wp-content\/uploads\/sites\/3\/2022\/11\/Club-de-lectura-juvenil_BiblioBlanes_-Novembre-6-768x576.jpg 768w, https:\/\/biblioteca.blanes.cat\/salajove\/wp-content\/uploads\/sites\/3\/2022\/11\/Club-de-lectura-juvenil_BiblioBlanes_-Novembre-6-1536x1152.jpg 1536w, https:\/\/biblioteca.blanes.cat\/salajove\/wp-content\/uploads\/sites\/3\/2022\/11\/Club-de-lectura-juvenil_BiblioBlanes_-Novembre-6.jpg 2000w\" sizes=\"(max-width: 300px) 100vw, 300px\" \/><\/a>\n\t\t\t<\/div><\/figure><figure class='gallery-item'>\n\t\t\t<div class='gallery-icon landscape'>\n\t\t\t\t<a href='https:\/\/biblioteca.blanes.cat\/salajove\/2022\/11\/26\/clj-destronada-de-patricia-lorenzo-navarro-25n\/club-de-lectura-juvenil_biblioblanes_-novembre-7\/'><img loading=\"lazy\" decoding=\"async\" width=\"300\" height=\"225\" src=\"https:\/\/biblioteca.blanes.cat\/salajove\/wp-content\/uploads\/sites\/3\/2022\/11\/Club-de-lectura-juvenil_BiblioBlanes_-Novembre-7-300x225.jpg\" class=\"attachment-medium size-medium\" alt=\"\" srcset=\"https:\/\/biblioteca.blanes.cat\/salajove\/wp-content\/uploads\/sites\/3\/2022\/11\/Club-de-lectura-juvenil_BiblioBlanes_-Novembre-7-300x225.jpg 300w, https:\/\/biblioteca.blanes.cat\/salajove\/wp-content\/uploads\/sites\/3\/2022\/11\/Club-de-lectura-juvenil_BiblioBlanes_-Novembre-7-1024x768.jpg 1024w, https:\/\/biblioteca.blanes.cat\/salajove\/wp-content\/uploads\/sites\/3\/2022\/11\/Club-de-lectura-juvenil_BiblioBlanes_-Novembre-7-768x576.jpg 768w, https:\/\/biblioteca.blanes.cat\/salajove\/wp-content\/uploads\/sites\/3\/2022\/11\/Club-de-lectura-juvenil_BiblioBlanes_-Novembre-7-1536x1152.jpg 1536w, https:\/\/biblioteca.blanes.cat\/salajove\/wp-content\/uploads\/sites\/3\/2022\/11\/Club-de-lectura-juvenil_BiblioBlanes_-Novembre-7.jpg 2000w\" sizes=\"(max-width: 300px) 100vw, 300px\" \/><\/a>\n\t\t\t<\/div><\/figure>\n\t\t<\/div>\n\n<p>\u00a0<\/p>\n<p style=\"text-align: center;\">Aquesta setmana hem tingut el plaer de compartir espai amb el Siad, servei d&#8217;atenci\u00f3 a les dones de Blanes, on l&#8217;\u00c0ngels Roure ha impartit uns tallers sobre viol\u00e8ncia de g\u00e8nere. I \u00e9s que aquest divendres va dedicar l&#8217;\u00faltima sessi\u00f3 als adolescents. Els joves del Club de Lectura juvenil de Blanes,\u00a0 juntament amb alumnes de l&#8217;institut S&#8217;Agulla, han gaudit del <strong>Taller sobre relacions sanes.<\/strong><\/p>\n<p style=\"text-align: center;\"><strong>\u00a0<\/strong><\/p>\n<p>\u00a0<\/p>\n<div id='gallery-2' class='gallery galleryid-7566 gallery-columns-3 gallery-size-medium'><figure class='gallery-item'>\n\t\t\t<div class='gallery-icon landscape'>\n\t\t\t\t<a href='https:\/\/biblioteca.blanes.cat\/salajove\/2022\/11\/26\/clj-destronada-de-patricia-lorenzo-navarro-25n\/club-de-lectura-juvenil_biblioblanes_-novembre-9\/'><img loading=\"lazy\" decoding=\"async\" width=\"300\" height=\"224\" src=\"https:\/\/biblioteca.blanes.cat\/salajove\/wp-content\/uploads\/sites\/3\/2022\/11\/Club-de-lectura-juvenil_BiblioBlanes_-Novembre-9-300x224.jpg\" class=\"attachment-medium size-medium\" alt=\"\" srcset=\"https:\/\/biblioteca.blanes.cat\/salajove\/wp-content\/uploads\/sites\/3\/2022\/11\/Club-de-lectura-juvenil_BiblioBlanes_-Novembre-9-300x224.jpg 300w, https:\/\/biblioteca.blanes.cat\/salajove\/wp-content\/uploads\/sites\/3\/2022\/11\/Club-de-lectura-juvenil_BiblioBlanes_-Novembre-9-1024x766.jpg 1024w, https:\/\/biblioteca.blanes.cat\/salajove\/wp-content\/uploads\/sites\/3\/2022\/11\/Club-de-lectura-juvenil_BiblioBlanes_-Novembre-9-768x574.jpg 768w, https:\/\/biblioteca.blanes.cat\/salajove\/wp-content\/uploads\/sites\/3\/2022\/11\/Club-de-lectura-juvenil_BiblioBlanes_-Novembre-9-1536x1149.jpg 1536w, https:\/\/biblioteca.blanes.cat\/salajove\/wp-content\/uploads\/sites\/3\/2022\/11\/Club-de-lectura-juvenil_BiblioBlanes_-Novembre-9.jpg 2000w\" sizes=\"(max-width: 300px) 100vw, 300px\" \/><\/a>\n\t\t\t<\/div><\/figure><figure class='gallery-item'>\n\t\t\t<div class='gallery-icon landscape'>\n\t\t\t\t<a href='https:\/\/biblioteca.blanes.cat\/salajove\/2022\/11\/26\/clj-destronada-de-patricia-lorenzo-navarro-25n\/club-de-lectura-juvenil_biblioblanes_-novembre-1\/'><img loading=\"lazy\" decoding=\"async\" width=\"300\" height=\"224\" src=\"https:\/\/biblioteca.blanes.cat\/salajove\/wp-content\/uploads\/sites\/3\/2022\/11\/Club-de-lectura-juvenil_BiblioBlanes_-Novembre-1-300x224.jpg\" class=\"attachment-medium size-medium\" alt=\"\" srcset=\"https:\/\/biblioteca.blanes.cat\/salajove\/wp-content\/uploads\/sites\/3\/2022\/11\/Club-de-lectura-juvenil_BiblioBlanes_-Novembre-1-300x224.jpg 300w, https:\/\/biblioteca.blanes.cat\/salajove\/wp-content\/uploads\/sites\/3\/2022\/11\/Club-de-lectura-juvenil_BiblioBlanes_-Novembre-1-1024x766.jpg 1024w, https:\/\/biblioteca.blanes.cat\/salajove\/wp-content\/uploads\/sites\/3\/2022\/11\/Club-de-lectura-juvenil_BiblioBlanes_-Novembre-1-768x574.jpg 768w, https:\/\/biblioteca.blanes.cat\/salajove\/wp-content\/uploads\/sites\/3\/2022\/11\/Club-de-lectura-juvenil_BiblioBlanes_-Novembre-1-1536x1149.jpg 1536w, https:\/\/biblioteca.blanes.cat\/salajove\/wp-content\/uploads\/sites\/3\/2022\/11\/Club-de-lectura-juvenil_BiblioBlanes_-Novembre-1.jpg 2000w\" sizes=\"(max-width: 300px) 100vw, 300px\" \/><\/a>\n\t\t\t<\/div><\/figure><figure class='gallery-item'>\n\t\t\t<div class='gallery-icon landscape'>\n\t\t\t\t<a href='https:\/\/biblioteca.blanes.cat\/salajove\/2022\/11\/26\/clj-destronada-de-patricia-lorenzo-navarro-25n\/club-de-lectura-juvenil_biblioblanes_-novembre-8\/'><img loading=\"lazy\" decoding=\"async\" width=\"300\" height=\"225\" src=\"https:\/\/biblioteca.blanes.cat\/salajove\/wp-content\/uploads\/sites\/3\/2022\/11\/Club-de-lectura-juvenil_BiblioBlanes_-Novembre-8-300x225.jpg\" class=\"attachment-medium size-medium\" alt=\"\" srcset=\"https:\/\/biblioteca.blanes.cat\/salajove\/wp-content\/uploads\/sites\/3\/2022\/11\/Club-de-lectura-juvenil_BiblioBlanes_-Novembre-8-300x225.jpg 300w, https:\/\/biblioteca.blanes.cat\/salajove\/wp-content\/uploads\/sites\/3\/2022\/11\/Club-de-lectura-juvenil_BiblioBlanes_-Novembre-8-1024x768.jpg 1024w, https:\/\/biblioteca.blanes.cat\/salajove\/wp-content\/uploads\/sites\/3\/2022\/11\/Club-de-lectura-juvenil_BiblioBlanes_-Novembre-8-768x576.jpg 768w, https:\/\/biblioteca.blanes.cat\/salajove\/wp-content\/uploads\/sites\/3\/2022\/11\/Club-de-lectura-juvenil_BiblioBlanes_-Novembre-8-1536x1152.jpg 1536w, https:\/\/biblioteca.blanes.cat\/salajove\/wp-content\/uploads\/sites\/3\/2022\/11\/Club-de-lectura-juvenil_BiblioBlanes_-Novembre-8.jpg 2000w\" sizes=\"(max-width: 300px) 100vw, 300px\" \/><\/a>\n\t\t\t<\/div><\/figure><figure class='gallery-item'>\n\t\t\t<div class='gallery-icon landscape'>\n\t\t\t\t<a href='https:\/\/biblioteca.blanes.cat\/salajove\/2022\/11\/26\/clj-destronada-de-patricia-lorenzo-navarro-25n\/club-de-lectura-juvenil_biblioblanes_-novembre-11\/'><img loading=\"lazy\" decoding=\"async\" width=\"300\" height=\"225\" src=\"https:\/\/biblioteca.blanes.cat\/salajove\/wp-content\/uploads\/sites\/3\/2022\/11\/Club-de-lectura-juvenil_BiblioBlanes_-Novembre-11-300x225.jpg\" class=\"attachment-medium size-medium\" alt=\"\" srcset=\"https:\/\/biblioteca.blanes.cat\/salajove\/wp-content\/uploads\/sites\/3\/2022\/11\/Club-de-lectura-juvenil_BiblioBlanes_-Novembre-11-300x225.jpg 300w, https:\/\/biblioteca.blanes.cat\/salajove\/wp-content\/uploads\/sites\/3\/2022\/11\/Club-de-lectura-juvenil_BiblioBlanes_-Novembre-11-1024x768.jpg 1024w, https:\/\/biblioteca.blanes.cat\/salajove\/wp-content\/uploads\/sites\/3\/2022\/11\/Club-de-lectura-juvenil_BiblioBlanes_-Novembre-11-768x576.jpg 768w, https:\/\/biblioteca.blanes.cat\/salajove\/wp-content\/uploads\/sites\/3\/2022\/11\/Club-de-lectura-juvenil_BiblioBlanes_-Novembre-11-1536x1152.jpg 1536w, https:\/\/biblioteca.blanes.cat\/salajove\/wp-content\/uploads\/sites\/3\/2022\/11\/Club-de-lectura-juvenil_BiblioBlanes_-Novembre-11.jpg 2000w\" sizes=\"(max-width: 300px) 100vw, 300px\" \/><\/a>\n\t\t\t<\/div><\/figure><figure class='gallery-item'>\n\t\t\t<div class='gallery-icon landscape'>\n\t\t\t\t<a href='https:\/\/biblioteca.blanes.cat\/salajove\/2022\/11\/26\/clj-destronada-de-patricia-lorenzo-navarro-25n\/club-de-lectura-juvenil_biblioblanes_-novembre-12\/'><img loading=\"lazy\" decoding=\"async\" width=\"300\" height=\"225\" src=\"https:\/\/biblioteca.blanes.cat\/salajove\/wp-content\/uploads\/sites\/3\/2022\/11\/Club-de-lectura-juvenil_BiblioBlanes_-Novembre-12-300x225.jpg\" class=\"attachment-medium size-medium\" alt=\"\" srcset=\"https:\/\/biblioteca.blanes.cat\/salajove\/wp-content\/uploads\/sites\/3\/2022\/11\/Club-de-lectura-juvenil_BiblioBlanes_-Novembre-12-300x225.jpg 300w, https:\/\/biblioteca.blanes.cat\/salajove\/wp-content\/uploads\/sites\/3\/2022\/11\/Club-de-lectura-juvenil_BiblioBlanes_-Novembre-12-1024x768.jpg 1024w, https:\/\/biblioteca.blanes.cat\/salajove\/wp-content\/uploads\/sites\/3\/2022\/11\/Club-de-lectura-juvenil_BiblioBlanes_-Novembre-12-768x576.jpg 768w, https:\/\/biblioteca.blanes.cat\/salajove\/wp-content\/uploads\/sites\/3\/2022\/11\/Club-de-lectura-juvenil_BiblioBlanes_-Novembre-12-1536x1152.jpg 1536w, https:\/\/biblioteca.blanes.cat\/salajove\/wp-content\/uploads\/sites\/3\/2022\/11\/Club-de-lectura-juvenil_BiblioBlanes_-Novembre-12.jpg 2000w\" sizes=\"(max-width: 300px) 100vw, 300px\" \/><\/a>\n\t\t\t<\/div><\/figure>\n\t\t<\/div>\n\n<p>\u00a0<\/p>\n<p style=\"text-align: center;\">I com diu l&#8217;\u00c0ngels <strong>&#8220;No hem d&#8217;oblidar mai que tots som 3 a la vida d&#8217;alg\u00fa&#8221;<\/strong><\/p>\n<p>\u00a0<\/p>\n<p>\u00a0<\/p>\n<p>\u00a0<\/p>\n<p>\u00a0<\/p>\n","protected":false},"excerpt":{"rendered":"<p>Avui al Club de Lectura Juvenil hem comentat &#8220;Destronada&#8221; de Patricia Lorenzo Navarro Celebraci\u00f3 del 25N &#8220;Dia Internacional per a l&#8217;eliminaci\u00f3 de la viol\u00e8ncia vers les dones&#8221; \u00a0 Ahir, 25 de novembre, al Club jove de la Biblioteca vam voler<\/p>\n","protected":false},"author":4,"featured_media":4270,"comment_status":"open","ping_status":"open","sticky":false,"template":"","format":"standard","meta":{"sfsi_plus_gutenberg_text_before_share":"","sfsi_plus_gutenberg_show_text_before_share":"","sfsi_plus_gutenberg_icon_type":"","sfsi_plus_gutenberg_icon_alignemt":"","sfsi_plus_gutenburg_max_per_row":"","footnotes":""},"categories":[5],"tags":[91],"class_list":["post-7566","post","type-post","status-publish","format-standard","has-post-thumbnail","hentry","category-club-de-lectura","tag-activitats-clubdelectura-gamificacio-jocs-joves-lectura-literatura-llibres"],"yoast_head":"<!-- This site is optimized with the Yoast SEO plugin v27.5 - https:\/\/yoast.com\/product\/yoast-seo-wordpress\/ -->\n<title>CLJ: Destronada de Patricia Lorenzo Navarro (25N) - Sala Jove<\/title>\n<meta name=\"robots\" content=\"index, follow, max-snippet:-1, max-image-preview:large, max-video-preview:-1\" \/>\n<link rel=\"canonical\" href=\"https:\/\/biblioteca.blanes.cat\/salajove\/2022\/11\/26\/clj-destronada-de-patricia-lorenzo-navarro-25n\/\" \/>\n<meta property=\"og:locale\" content=\"ca_ES\" \/>\n<meta property=\"og:type\" content=\"article\" \/>\n<meta property=\"og:title\" content=\"CLJ: Destronada de Patricia Lorenzo Navarro (25N) - Sala Jove\" \/>\n<meta property=\"og:description\" content=\"Avui al Club de Lectura Juvenil hem comentat &#8220;Destronada&#8221; de Patricia Lorenzo Navarro Celebraci\u00f3 del 25N &#8220;Dia Internacional per a l&#8217;eliminaci\u00f3 de la viol\u00e8ncia vers les dones&#8221; \u00a0 Ahir, 25 de novembre, al Club jove de la Biblioteca vam voler\" \/>\n<meta property=\"og:url\" content=\"https:\/\/biblioteca.blanes.cat\/salajove\/2022\/11\/26\/clj-destronada-de-patricia-lorenzo-navarro-25n\/\" \/>\n<meta property=\"og:site_name\" content=\"Sala Jove\" \/>\n<meta property=\"article:publisher\" content=\"https:\/\/www.facebook.com\/BilbiotecaComarcaldeBlanes\/\" \/>\n<meta property=\"article:published_time\" content=\"2022-11-26T10:10:48+00:00\" \/>\n<meta property=\"article:modified_time\" content=\"2022-11-26T10:13:01+00:00\" \/>\n<meta property=\"og:image\" content=\"https:\/\/biblioteca.blanes.cat\/salajove\/wp-content\/uploads\/sites\/3\/2020\/07\/logo-club-de-lectura-2020-bloc-3.jpg\" \/>\n\t<meta property=\"og:image:width\" content=\"200\" \/>\n\t<meta property=\"og:image:height\" content=\"246\" \/>\n\t<meta property=\"og:image:type\" content=\"image\/jpeg\" \/>\n<meta name=\"author\" content=\"biblioblanes\" \/>\n<meta name=\"twitter:card\" content=\"summary_large_image\" \/>\n<meta name=\"twitter:creator\" content=\"@biblioblanes\" \/>\n<meta name=\"twitter:site\" content=\"@BiblioBlanes\" \/>\n<meta name=\"twitter:label1\" content=\"Escrit per\" \/>\n\t<meta name=\"twitter:data1\" content=\"biblioblanes\" \/>\n\t<meta name=\"twitter:label2\" content=\"Temps estimat de lectura\" \/>\n\t<meta name=\"twitter:data2\" content=\"2 minuts\" \/>\n<script type=\"application\/ld+json\" class=\"yoast-schema-graph\">{\"@context\":\"https:\\\/\\\/schema.org\",\"@graph\":[{\"@type\":\"Article\",\"@id\":\"https:\\\/\\\/biblioteca.blanes.cat\\\/salajove\\\/2022\\\/11\\\/26\\\/clj-destronada-de-patricia-lorenzo-navarro-25n\\\/#article\",\"isPartOf\":{\"@id\":\"https:\\\/\\\/biblioteca.blanes.cat\\\/salajove\\\/2022\\\/11\\\/26\\\/clj-destronada-de-patricia-lorenzo-navarro-25n\\\/\"},\"author\":{\"name\":\"biblioblanes\",\"@id\":\"https:\\\/\\\/biblioteca.blanes.cat\\\/salajove\\\/#\\\/schema\\\/person\\\/5a7b46760d9dd611d098bbf571a341dc\"},\"headline\":\"CLJ: Destronada de Patricia Lorenzo Navarro (25N)\",\"datePublished\":\"2022-11-26T10:10:48+00:00\",\"dateModified\":\"2022-11-26T10:13:01+00:00\",\"mainEntityOfPage\":{\"@id\":\"https:\\\/\\\/biblioteca.blanes.cat\\\/salajove\\\/2022\\\/11\\\/26\\\/clj-destronada-de-patricia-lorenzo-navarro-25n\\\/\"},\"wordCount\":335,\"commentCount\":0,\"publisher\":{\"@id\":\"https:\\\/\\\/biblioteca.blanes.cat\\\/salajove\\\/#organization\"},\"image\":{\"@id\":\"https:\\\/\\\/biblioteca.blanes.cat\\\/salajove\\\/2022\\\/11\\\/26\\\/clj-destronada-de-patricia-lorenzo-navarro-25n\\\/#primaryimage\"},\"thumbnailUrl\":\"https:\\\/\\\/biblioteca.blanes.cat\\\/salajove\\\/wp-content\\\/uploads\\\/sites\\\/3\\\/2020\\\/07\\\/logo-club-de-lectura-2020-bloc-3.jpg\",\"keywords\":[\"#Activitats #ClubdeLectura #Gamificaci\u00f3 #jocs #Joves #Lectura #Literatura #Llibres\"],\"articleSection\":[\"Club de Lectura\"],\"inLanguage\":\"ca\",\"potentialAction\":[{\"@type\":\"CommentAction\",\"name\":\"Comment\",\"target\":[\"https:\\\/\\\/biblioteca.blanes.cat\\\/salajove\\\/2022\\\/11\\\/26\\\/clj-destronada-de-patricia-lorenzo-navarro-25n\\\/#respond\"]}]},{\"@type\":\"WebPage\",\"@id\":\"https:\\\/\\\/biblioteca.blanes.cat\\\/salajove\\\/2022\\\/11\\\/26\\\/clj-destronada-de-patricia-lorenzo-navarro-25n\\\/\",\"url\":\"https:\\\/\\\/biblioteca.blanes.cat\\\/salajove\\\/2022\\\/11\\\/26\\\/clj-destronada-de-patricia-lorenzo-navarro-25n\\\/\",\"name\":\"CLJ: Destronada de Patricia Lorenzo Navarro (25N) - Sala Jove\",\"isPartOf\":{\"@id\":\"https:\\\/\\\/biblioteca.blanes.cat\\\/salajove\\\/#website\"},\"primaryImageOfPage\":{\"@id\":\"https:\\\/\\\/biblioteca.blanes.cat\\\/salajove\\\/2022\\\/11\\\/26\\\/clj-destronada-de-patricia-lorenzo-navarro-25n\\\/#primaryimage\"},\"image\":{\"@id\":\"https:\\\/\\\/biblioteca.blanes.cat\\\/salajove\\\/2022\\\/11\\\/26\\\/clj-destronada-de-patricia-lorenzo-navarro-25n\\\/#primaryimage\"},\"thumbnailUrl\":\"https:\\\/\\\/biblioteca.blanes.cat\\\/salajove\\\/wp-content\\\/uploads\\\/sites\\\/3\\\/2020\\\/07\\\/logo-club-de-lectura-2020-bloc-3.jpg\",\"datePublished\":\"2022-11-26T10:10:48+00:00\",\"dateModified\":\"2022-11-26T10:13:01+00:00\",\"breadcrumb\":{\"@id\":\"https:\\\/\\\/biblioteca.blanes.cat\\\/salajove\\\/2022\\\/11\\\/26\\\/clj-destronada-de-patricia-lorenzo-navarro-25n\\\/#breadcrumb\"},\"inLanguage\":\"ca\",\"potentialAction\":[{\"@type\":\"ReadAction\",\"target\":[\"https:\\\/\\\/biblioteca.blanes.cat\\\/salajove\\\/2022\\\/11\\\/26\\\/clj-destronada-de-patricia-lorenzo-navarro-25n\\\/\"]}]},{\"@type\":\"ImageObject\",\"inLanguage\":\"ca\",\"@id\":\"https:\\\/\\\/biblioteca.blanes.cat\\\/salajove\\\/2022\\\/11\\\/26\\\/clj-destronada-de-patricia-lorenzo-navarro-25n\\\/#primaryimage\",\"url\":\"https:\\\/\\\/biblioteca.blanes.cat\\\/salajove\\\/wp-content\\\/uploads\\\/sites\\\/3\\\/2020\\\/07\\\/logo-club-de-lectura-2020-bloc-3.jpg\",\"contentUrl\":\"https:\\\/\\\/biblioteca.blanes.cat\\\/salajove\\\/wp-content\\\/uploads\\\/sites\\\/3\\\/2020\\\/07\\\/logo-club-de-lectura-2020-bloc-3.jpg\",\"width\":200,\"height\":246},{\"@type\":\"BreadcrumbList\",\"@id\":\"https:\\\/\\\/biblioteca.blanes.cat\\\/salajove\\\/2022\\\/11\\\/26\\\/clj-destronada-de-patricia-lorenzo-navarro-25n\\\/#breadcrumb\",\"itemListElement\":[{\"@type\":\"ListItem\",\"position\":1,\"name\":\"Inici\",\"item\":\"https:\\\/\\\/biblioteca.blanes.cat\\\/salajove\\\/\"},{\"@type\":\"ListItem\",\"position\":2,\"name\":\"CLJ: Destronada de Patricia Lorenzo Navarro (25N)\"}]},{\"@type\":\"WebSite\",\"@id\":\"https:\\\/\\\/biblioteca.blanes.cat\\\/salajove\\\/#website\",\"url\":\"https:\\\/\\\/biblioteca.blanes.cat\\\/salajove\\\/\",\"name\":\"Sala Jove\",\"description\":\"Biblioteca Comarcal de Blanes\",\"publisher\":{\"@id\":\"https:\\\/\\\/biblioteca.blanes.cat\\\/salajove\\\/#organization\"},\"potentialAction\":[{\"@type\":\"SearchAction\",\"target\":{\"@type\":\"EntryPoint\",\"urlTemplate\":\"https:\\\/\\\/biblioteca.blanes.cat\\\/salajove\\\/?s={search_term_string}\"},\"query-input\":{\"@type\":\"PropertyValueSpecification\",\"valueRequired\":true,\"valueName\":\"search_term_string\"}}],\"inLanguage\":\"ca\"},{\"@type\":\"Organization\",\"@id\":\"https:\\\/\\\/biblioteca.blanes.cat\\\/salajove\\\/#organization\",\"name\":\"Biblioteca Comarcal de Blanes\",\"url\":\"https:\\\/\\\/biblioteca.blanes.cat\\\/salajove\\\/\",\"logo\":{\"@type\":\"ImageObject\",\"inLanguage\":\"ca\",\"@id\":\"https:\\\/\\\/biblioteca.blanes.cat\\\/salajove\\\/#\\\/schema\\\/logo\\\/image\\\/\",\"url\":\"https:\\\/\\\/biblioteca.blanes.cat\\\/salajove\\\/wp-content\\\/uploads\\\/sites\\\/3\\\/2017\\\/09\\\/cropped-Bib-blau-e1518869380535.png\",\"contentUrl\":\"https:\\\/\\\/biblioteca.blanes.cat\\\/salajove\\\/wp-content\\\/uploads\\\/sites\\\/3\\\/2017\\\/09\\\/cropped-Bib-blau-e1518869380535.png\",\"width\":166,\"height\":166,\"caption\":\"Biblioteca Comarcal de Blanes\"},\"image\":{\"@id\":\"https:\\\/\\\/biblioteca.blanes.cat\\\/salajove\\\/#\\\/schema\\\/logo\\\/image\\\/\"},\"sameAs\":[\"https:\\\/\\\/www.facebook.com\\\/BilbiotecaComarcaldeBlanes\\\/\",\"https:\\\/\\\/x.com\\\/BiblioBlanes\",\"https:\\\/\\\/www.instagram.com\\\/biblioblanes\\\/\",\"https:\\\/\\\/www.pinterest.es\\\/bblanes\\\/\",\"https:\\\/\\\/www.youtube.com\\\/c\\\/BibliotecaComarcalBlanes\"]},{\"@type\":\"Person\",\"@id\":\"https:\\\/\\\/biblioteca.blanes.cat\\\/salajove\\\/#\\\/schema\\\/person\\\/5a7b46760d9dd611d098bbf571a341dc\",\"name\":\"biblioblanes\",\"image\":{\"@type\":\"ImageObject\",\"inLanguage\":\"ca\",\"@id\":\"https:\\\/\\\/secure.gravatar.com\\\/avatar\\\/6593ca6cc90e5a70939f51c95e8315483b9c281bafba597292bee47992030f99?s=96&d=mm&r=g\",\"url\":\"https:\\\/\\\/secure.gravatar.com\\\/avatar\\\/6593ca6cc90e5a70939f51c95e8315483b9c281bafba597292bee47992030f99?s=96&d=mm&r=g\",\"contentUrl\":\"https:\\\/\\\/secure.gravatar.com\\\/avatar\\\/6593ca6cc90e5a70939f51c95e8315483b9c281bafba597292bee47992030f99?s=96&d=mm&r=g\",\"caption\":\"biblioblanes\"},\"sameAs\":[\"http:\\\/\\\/www.bibgirona.cat\\\/biblioteca\\\/blanes\",\"https:\\\/\\\/x.com\\\/biblioblanes\"],\"url\":\"https:\\\/\\\/biblioteca.blanes.cat\\\/salajove\\\/author\\\/biblioblanes\\\/\"}]}<\/script>\n<!-- \/ Yoast SEO plugin. -->","yoast_head_json":{"title":"CLJ: Destronada de Patricia Lorenzo Navarro (25N) - Sala Jove","robots":{"index":"index","follow":"follow","max-snippet":"max-snippet:-1","max-image-preview":"max-image-preview:large","max-video-preview":"max-video-preview:-1"},"canonical":"https:\/\/biblioteca.blanes.cat\/salajove\/2022\/11\/26\/clj-destronada-de-patricia-lorenzo-navarro-25n\/","og_locale":"ca_ES","og_type":"article","og_title":"CLJ: Destronada de Patricia Lorenzo Navarro (25N) - Sala Jove","og_description":"Avui al Club de Lectura Juvenil hem comentat &#8220;Destronada&#8221; de Patricia Lorenzo Navarro Celebraci\u00f3 del 25N &#8220;Dia Internacional per a l&#8217;eliminaci\u00f3 de la viol\u00e8ncia vers les dones&#8221; \u00a0 Ahir, 25 de novembre, al Club jove de la Biblioteca vam voler","og_url":"https:\/\/biblioteca.blanes.cat\/salajove\/2022\/11\/26\/clj-destronada-de-patricia-lorenzo-navarro-25n\/","og_site_name":"Sala Jove","article_publisher":"https:\/\/www.facebook.com\/BilbiotecaComarcaldeBlanes\/","article_published_time":"2022-11-26T10:10:48+00:00","article_modified_time":"2022-11-26T10:13:01+00:00","og_image":[{"width":200,"height":246,"url":"https:\/\/biblioteca.blanes.cat\/salajove\/wp-content\/uploads\/sites\/3\/2020\/07\/logo-club-de-lectura-2020-bloc-3.jpg","type":"image\/jpeg"}],"author":"biblioblanes","twitter_card":"summary_large_image","twitter_creator":"@biblioblanes","twitter_site":"@BiblioBlanes","twitter_misc":{"Escrit per":"biblioblanes","Temps estimat de lectura":"2 minuts"},"schema":{"@context":"https:\/\/schema.org","@graph":[{"@type":"Article","@id":"https:\/\/biblioteca.blanes.cat\/salajove\/2022\/11\/26\/clj-destronada-de-patricia-lorenzo-navarro-25n\/#article","isPartOf":{"@id":"https:\/\/biblioteca.blanes.cat\/salajove\/2022\/11\/26\/clj-destronada-de-patricia-lorenzo-navarro-25n\/"},"author":{"name":"biblioblanes","@id":"https:\/\/biblioteca.blanes.cat\/salajove\/#\/schema\/person\/5a7b46760d9dd611d098bbf571a341dc"},"headline":"CLJ: Destronada de Patricia Lorenzo Navarro (25N)","datePublished":"2022-11-26T10:10:48+00:00","dateModified":"2022-11-26T10:13:01+00:00","mainEntityOfPage":{"@id":"https:\/\/biblioteca.blanes.cat\/salajove\/2022\/11\/26\/clj-destronada-de-patricia-lorenzo-navarro-25n\/"},"wordCount":335,"commentCount":0,"publisher":{"@id":"https:\/\/biblioteca.blanes.cat\/salajove\/#organization"},"image":{"@id":"https:\/\/biblioteca.blanes.cat\/salajove\/2022\/11\/26\/clj-destronada-de-patricia-lorenzo-navarro-25n\/#primaryimage"},"thumbnailUrl":"https:\/\/biblioteca.blanes.cat\/salajove\/wp-content\/uploads\/sites\/3\/2020\/07\/logo-club-de-lectura-2020-bloc-3.jpg","keywords":["#Activitats #ClubdeLectura #Gamificaci\u00f3 #jocs #Joves #Lectura #Literatura #Llibres"],"articleSection":["Club de Lectura"],"inLanguage":"ca","potentialAction":[{"@type":"CommentAction","name":"Comment","target":["https:\/\/biblioteca.blanes.cat\/salajove\/2022\/11\/26\/clj-destronada-de-patricia-lorenzo-navarro-25n\/#respond"]}]},{"@type":"WebPage","@id":"https:\/\/biblioteca.blanes.cat\/salajove\/2022\/11\/26\/clj-destronada-de-patricia-lorenzo-navarro-25n\/","url":"https:\/\/biblioteca.blanes.cat\/salajove\/2022\/11\/26\/clj-destronada-de-patricia-lorenzo-navarro-25n\/","name":"CLJ: Destronada de Patricia Lorenzo Navarro (25N) - Sala Jove","isPartOf":{"@id":"https:\/\/biblioteca.blanes.cat\/salajove\/#website"},"primaryImageOfPage":{"@id":"https:\/\/biblioteca.blanes.cat\/salajove\/2022\/11\/26\/clj-destronada-de-patricia-lorenzo-navarro-25n\/#primaryimage"},"image":{"@id":"https:\/\/biblioteca.blanes.cat\/salajove\/2022\/11\/26\/clj-destronada-de-patricia-lorenzo-navarro-25n\/#primaryimage"},"thumbnailUrl":"https:\/\/biblioteca.blanes.cat\/salajove\/wp-content\/uploads\/sites\/3\/2020\/07\/logo-club-de-lectura-2020-bloc-3.jpg","datePublished":"2022-11-26T10:10:48+00:00","dateModified":"2022-11-26T10:13:01+00:00","breadcrumb":{"@id":"https:\/\/biblioteca.blanes.cat\/salajove\/2022\/11\/26\/clj-destronada-de-patricia-lorenzo-navarro-25n\/#breadcrumb"},"inLanguage":"ca","potentialAction":[{"@type":"ReadAction","target":["https:\/\/biblioteca.blanes.cat\/salajove\/2022\/11\/26\/clj-destronada-de-patricia-lorenzo-navarro-25n\/"]}]},{"@type":"ImageObject","inLanguage":"ca","@id":"https:\/\/biblioteca.blanes.cat\/salajove\/2022\/11\/26\/clj-destronada-de-patricia-lorenzo-navarro-25n\/#primaryimage","url":"https:\/\/biblioteca.blanes.cat\/salajove\/wp-content\/uploads\/sites\/3\/2020\/07\/logo-club-de-lectura-2020-bloc-3.jpg","contentUrl":"https:\/\/biblioteca.blanes.cat\/salajove\/wp-content\/uploads\/sites\/3\/2020\/07\/logo-club-de-lectura-2020-bloc-3.jpg","width":200,"height":246},{"@type":"BreadcrumbList","@id":"https:\/\/biblioteca.blanes.cat\/salajove\/2022\/11\/26\/clj-destronada-de-patricia-lorenzo-navarro-25n\/#breadcrumb","itemListElement":[{"@type":"ListItem","position":1,"name":"Inici","item":"https:\/\/biblioteca.blanes.cat\/salajove\/"},{"@type":"ListItem","position":2,"name":"CLJ: Destronada de Patricia Lorenzo Navarro (25N)"}]},{"@type":"WebSite","@id":"https:\/\/biblioteca.blanes.cat\/salajove\/#website","url":"https:\/\/biblioteca.blanes.cat\/salajove\/","name":"Sala Jove","description":"Biblioteca Comarcal de Blanes","publisher":{"@id":"https:\/\/biblioteca.blanes.cat\/salajove\/#organization"},"potentialAction":[{"@type":"SearchAction","target":{"@type":"EntryPoint","urlTemplate":"https:\/\/biblioteca.blanes.cat\/salajove\/?s={search_term_string}"},"query-input":{"@type":"PropertyValueSpecification","valueRequired":true,"valueName":"search_term_string"}}],"inLanguage":"ca"},{"@type":"Organization","@id":"https:\/\/biblioteca.blanes.cat\/salajove\/#organization","name":"Biblioteca Comarcal de Blanes","url":"https:\/\/biblioteca.blanes.cat\/salajove\/","logo":{"@type":"ImageObject","inLanguage":"ca","@id":"https:\/\/biblioteca.blanes.cat\/salajove\/#\/schema\/logo\/image\/","url":"https:\/\/biblioteca.blanes.cat\/salajove\/wp-content\/uploads\/sites\/3\/2017\/09\/cropped-Bib-blau-e1518869380535.png","contentUrl":"https:\/\/biblioteca.blanes.cat\/salajove\/wp-content\/uploads\/sites\/3\/2017\/09\/cropped-Bib-blau-e1518869380535.png","width":166,"height":166,"caption":"Biblioteca Comarcal de Blanes"},"image":{"@id":"https:\/\/biblioteca.blanes.cat\/salajove\/#\/schema\/logo\/image\/"},"sameAs":["https:\/\/www.facebook.com\/BilbiotecaComarcaldeBlanes\/","https:\/\/x.com\/BiblioBlanes","https:\/\/www.instagram.com\/biblioblanes\/","https:\/\/www.pinterest.es\/bblanes\/","https:\/\/www.youtube.com\/c\/BibliotecaComarcalBlanes"]},{"@type":"Person","@id":"https:\/\/biblioteca.blanes.cat\/salajove\/#\/schema\/person\/5a7b46760d9dd611d098bbf571a341dc","name":"biblioblanes","image":{"@type":"ImageObject","inLanguage":"ca","@id":"https:\/\/secure.gravatar.com\/avatar\/6593ca6cc90e5a70939f51c95e8315483b9c281bafba597292bee47992030f99?s=96&d=mm&r=g","url":"https:\/\/secure.gravatar.com\/avatar\/6593ca6cc90e5a70939f51c95e8315483b9c281bafba597292bee47992030f99?s=96&d=mm&r=g","contentUrl":"https:\/\/secure.gravatar.com\/avatar\/6593ca6cc90e5a70939f51c95e8315483b9c281bafba597292bee47992030f99?s=96&d=mm&r=g","caption":"biblioblanes"},"sameAs":["http:\/\/www.bibgirona.cat\/biblioteca\/blanes","https:\/\/x.com\/biblioblanes"],"url":"https:\/\/biblioteca.blanes.cat\/salajove\/author\/biblioblanes\/"}]}},"_links":{"self":[{"href":"https:\/\/biblioteca.blanes.cat\/salajove\/wp-json\/wp\/v2\/posts\/7566","targetHints":{"allow":["GET"]}}],"collection":[{"href":"https:\/\/biblioteca.blanes.cat\/salajove\/wp-json\/wp\/v2\/posts"}],"about":[{"href":"https:\/\/biblioteca.blanes.cat\/salajove\/wp-json\/wp\/v2\/types\/post"}],"author":[{"embeddable":true,"href":"https:\/\/biblioteca.blanes.cat\/salajove\/wp-json\/wp\/v2\/users\/4"}],"replies":[{"embeddable":true,"href":"https:\/\/biblioteca.blanes.cat\/salajove\/wp-json\/wp\/v2\/comments?post=7566"}],"version-history":[{"count":4,"href":"https:\/\/biblioteca.blanes.cat\/salajove\/wp-json\/wp\/v2\/posts\/7566\/revisions"}],"predecessor-version":[{"id":7650,"href":"https:\/\/biblioteca.blanes.cat\/salajove\/wp-json\/wp\/v2\/posts\/7566\/revisions\/7650"}],"wp:featuredmedia":[{"embeddable":true,"href":"https:\/\/biblioteca.blanes.cat\/salajove\/wp-json\/wp\/v2\/media\/4270"}],"wp:attachment":[{"href":"https:\/\/biblioteca.blanes.cat\/salajove\/wp-json\/wp\/v2\/media?parent=7566"}],"wp:term":[{"taxonomy":"category","embeddable":true,"href":"https:\/\/biblioteca.blanes.cat\/salajove\/wp-json\/wp\/v2\/categories?post=7566"},{"taxonomy":"post_tag","embeddable":true,"href":"https:\/\/biblioteca.blanes.cat\/salajove\/wp-json\/wp\/v2\/tags?post=7566"}],"curies":[{"name":"wp","href":"https:\/\/api.w.org\/{rel}","templated":true}]}}