{"id":7394,"date":"2022-08-19T10:30:18","date_gmt":"2022-08-19T09:30:18","guid":{"rendered":"https:\/\/biblioteca.blanes.cat\/salajove\/?p=7394"},"modified":"2022-08-19T10:56:49","modified_gmt":"2022-08-19T09:56:49","slug":"bollere-2022-en-marxa-esteu-a-punt","status":"publish","type":"post","link":"https:\/\/biblioteca.blanes.cat\/salajove\/2022\/08\/19\/bollere-2022-en-marxa-esteu-a-punt\/","title":{"rendered":"Bollere 2022 en marxa, esteu a punt?"},"content":{"rendered":"\n<div class=\"wp-block-image is-style-default\"><figure class=\"alignleft is-resized\"><img decoding=\"async\" src=\"https:\/\/biblioteca.blanes.cat\/salajove\/wp-content\/uploads\/sites\/3\/2022\/08\/BiblioBlanes_Bollere2022_14ConcursLiterariRelatsBreusJoves-2.png\" alt=\"\" class=\"wp-image-7377\" width=\"217\" height=\"217\" srcset=\"https:\/\/biblioteca.blanes.cat\/salajove\/wp-content\/uploads\/sites\/3\/2022\/08\/BiblioBlanes_Bollere2022_14ConcursLiterariRelatsBreusJoves-2.png 1080w, https:\/\/biblioteca.blanes.cat\/salajove\/wp-content\/uploads\/sites\/3\/2022\/08\/BiblioBlanes_Bollere2022_14ConcursLiterariRelatsBreusJoves-2-300x300.png 300w, https:\/\/biblioteca.blanes.cat\/salajove\/wp-content\/uploads\/sites\/3\/2022\/08\/BiblioBlanes_Bollere2022_14ConcursLiterariRelatsBreusJoves-2-1024x1024.png 1024w, https:\/\/biblioteca.blanes.cat\/salajove\/wp-content\/uploads\/sites\/3\/2022\/08\/BiblioBlanes_Bollere2022_14ConcursLiterariRelatsBreusJoves-2-150x150.png 150w, https:\/\/biblioteca.blanes.cat\/salajove\/wp-content\/uploads\/sites\/3\/2022\/08\/BiblioBlanes_Bollere2022_14ConcursLiterariRelatsBreusJoves-2-768x768.png 768w, https:\/\/biblioteca.blanes.cat\/salajove\/wp-content\/uploads\/sites\/3\/2022\/08\/BiblioBlanes_Bollere2022_14ConcursLiterariRelatsBreusJoves-2-270x270.png 270w, https:\/\/biblioteca.blanes.cat\/salajove\/wp-content\/uploads\/sites\/3\/2022\/08\/BiblioBlanes_Bollere2022_14ConcursLiterariRelatsBreusJoves-2-230x230.png 230w\" sizes=\"(max-width: 217px) 100vw, 217px\" \/><\/figure><\/div>\n\n\n\n<p>S&#8217;han publicat les Bases per a participar al concurs literari que convoca l&#8217;Ajuntament de <strong>Blanes<\/strong>. Els premis <strong>Boller\u00e9<\/strong> s\u00f3n una iniciativa que promou la creaci\u00f3 liter\u00e0ria juvenil. Hi podeu participar en aquestes dos categories segons l&#8217;edat:&nbsp; <\/p>\n\n\n\n<p><strong>Categoria A:<\/strong> per als joves de 17 a 25 anys i la<\/p>\n\n\n\n<p><strong>Categoria B<\/strong> per als joves de 12 a 16 anys i optareu a uns Premis la mar d&#8217;interessants!!!!<\/p>\n\n\n\n<p>Anoteu-vos els terminis de presentaci\u00f3 per aquesta edici\u00f3 2022: <strong>del dilluns 7 de novembre fins al divendres 25 de novembre del 2022<\/strong> (ambd\u00f3s inclosos).<\/p>\n\n\n\n<p><strong>I com ho heu de fer per presentar els treballs?<\/strong> utilitzant el formulari espec\u00edfic que trobareu adjunt a aquestes bases i, que per garantir l\u2019anonimat dels treball,&nbsp; nom\u00e9s es podran presentar a trav\u00e9s dels mitjans seg\u00fcents:&nbsp;<\/p>\n\n\n\n<p><strong>a) Presencial: <\/strong>Sol\u00b7licitant cita pr\u00e8via&nbsp;&nbsp;d\u2019atenci\u00f3 ciutadana&nbsp;&nbsp;<a href=\"http:\/\/www.blanes.cat\/citaprevia\">www.blanes.cat\/citaprevia<\/a>, i&nbsp; presentar-lo en el <strong>Registre General de l\u2019Ajuntament<\/strong>, situat al Passeig de Dintre, 29,&nbsp;&nbsp;dedilluns a divendres de 08.30 a 14.30h.<\/p>\n\n\n\n<p><strong>b) Correu postal certificat: <\/strong>Compta com a data de lliurament la que figuri en el mata-segells.<\/p>\n\n\n\n<p>(Atenci\u00f3 a les dates, que els treballs segellats amb posterioritat al 25 de novembre de 2022 quedaran exclosos.)<\/p>\n\n\n\n<p><strong>En les dues opcions cal que adjunteu: <\/strong>El formulari de sol\u00b7licitud per a participar al Concurs degudament complimentat i un&nbsp;&nbsp;sobre gran TANCAT que inclour\u00e0 el treball (<strong>1 <\/strong>c\u00f2pia de cada relat); a l\u2019exterior d\u2019aquest&nbsp;&nbsp;sobre hi ha de figurar:&nbsp;<strong>\u201c14\u00e8 Concurs Literari Boller\u00e9\u201d, <\/strong>el pseud\u00f2nim de l\u2019autor, el t\u00edtol del treball i la categoria. Salvaguardant l\u2019anonimat dels participants i dels relats presentats, l\u2019acc\u00e9s a aquesta informaci\u00f3 estar\u00e0 limitada al funcionari\/a que Registri la participaci\u00f3 i a la Secret\u00e0ria del Jurat.<\/p>\n\n\n\n<p>Aqu\u00ed trobareu les <a href=\"https:\/\/www.blanes.cat\/docweb\/bollere\">Bases i el formulari<\/a><\/p>\n\n\n\n<p><strong>Esteu inspirats? som-hiiiiiiiiiiiiiiiii!!!!<\/strong><\/p>\n\n\n","protected":false},"excerpt":{"rendered":"<p>S&#8217;han publicat les Bases per a participar al concurs literari que convoca l&#8217;Ajuntament de Blanes. Els premis Boller\u00e9 s\u00f3n una iniciativa que promou la creaci\u00f3 liter\u00e0ria juvenil. Hi podeu participar en aquestes dos categories segons l&#8217;edat:&nbsp; Categoria A: per als<\/p>\n","protected":false},"author":4,"featured_media":7377,"comment_status":"open","ping_status":"open","sticky":false,"template":"","format":"standard","meta":{"sfsi_plus_gutenberg_text_before_share":"","sfsi_plus_gutenberg_show_text_before_share":"","sfsi_plus_gutenberg_icon_type":"","sfsi_plus_gutenberg_icon_alignemt":"","sfsi_plus_gutenburg_max_per_row":"","footnotes":""},"categories":[15,1],"tags":[122,116,121],"class_list":["post-7394","post","type-post","status-publish","format-standard","has-post-thumbnail","hentry","category-bollere","category-general","tag-certamen-literari","tag-joves-2","tag-premi-literari"],"yoast_head":"<!-- This site is optimized with the Yoast SEO plugin v27.5 - https:\/\/yoast.com\/product\/yoast-seo-wordpress\/ -->\n<title>Bollere 2022 en marxa, esteu a punt? - Sala Jove<\/title>\n<meta name=\"robots\" content=\"index, follow, max-snippet:-1, max-image-preview:large, max-video-preview:-1\" \/>\n<link rel=\"canonical\" href=\"https:\/\/biblioteca.blanes.cat\/salajove\/2022\/08\/19\/bollere-2022-en-marxa-esteu-a-punt\/\" \/>\n<meta property=\"og:locale\" content=\"ca_ES\" \/>\n<meta property=\"og:type\" content=\"article\" \/>\n<meta property=\"og:title\" content=\"Bollere 2022 en marxa, esteu a punt? - Sala Jove\" \/>\n<meta property=\"og:description\" content=\"S&#8217;han publicat les Bases per a participar al concurs literari que convoca l&#8217;Ajuntament de Blanes. Els premis Boller\u00e9 s\u00f3n una iniciativa que promou la creaci\u00f3 liter\u00e0ria juvenil. Hi podeu participar en aquestes dos categories segons l&#8217;edat:&nbsp; Categoria A: per als\" \/>\n<meta property=\"og:url\" content=\"https:\/\/biblioteca.blanes.cat\/salajove\/2022\/08\/19\/bollere-2022-en-marxa-esteu-a-punt\/\" \/>\n<meta property=\"og:site_name\" content=\"Sala Jove\" \/>\n<meta property=\"article:publisher\" content=\"https:\/\/www.facebook.com\/BilbiotecaComarcaldeBlanes\/\" \/>\n<meta property=\"article:published_time\" content=\"2022-08-19T09:30:18+00:00\" \/>\n<meta property=\"article:modified_time\" content=\"2022-08-19T09:56:49+00:00\" \/>\n<meta property=\"og:image\" content=\"https:\/\/biblioteca.blanes.cat\/salajove\/wp-content\/uploads\/sites\/3\/2022\/08\/BiblioBlanes_Bollere2022_14ConcursLiterariRelatsBreusJoves-2.png\" \/>\n\t<meta property=\"og:image:width\" content=\"1080\" \/>\n\t<meta property=\"og:image:height\" content=\"1080\" \/>\n\t<meta property=\"og:image:type\" content=\"image\/png\" \/>\n<meta name=\"author\" content=\"biblioblanes\" \/>\n<meta name=\"twitter:card\" content=\"summary_large_image\" \/>\n<meta name=\"twitter:creator\" content=\"@biblioblanes\" \/>\n<meta name=\"twitter:site\" content=\"@BiblioBlanes\" \/>\n<meta name=\"twitter:label1\" content=\"Escrit per\" \/>\n\t<meta name=\"twitter:data1\" content=\"biblioblanes\" \/>\n\t<meta name=\"twitter:label2\" content=\"Temps estimat de lectura\" \/>\n\t<meta name=\"twitter:data2\" content=\"2 minuts\" \/>\n<script type=\"application\/ld+json\" class=\"yoast-schema-graph\">{\"@context\":\"https:\\\/\\\/schema.org\",\"@graph\":[{\"@type\":\"Article\",\"@id\":\"https:\\\/\\\/biblioteca.blanes.cat\\\/salajove\\\/2022\\\/08\\\/19\\\/bollere-2022-en-marxa-esteu-a-punt\\\/#article\",\"isPartOf\":{\"@id\":\"https:\\\/\\\/biblioteca.blanes.cat\\\/salajove\\\/2022\\\/08\\\/19\\\/bollere-2022-en-marxa-esteu-a-punt\\\/\"},\"author\":{\"name\":\"biblioblanes\",\"@id\":\"https:\\\/\\\/biblioteca.blanes.cat\\\/salajove\\\/#\\\/schema\\\/person\\\/5a7b46760d9dd611d098bbf571a341dc\"},\"headline\":\"Bollere 2022 en marxa, esteu a punt?\",\"datePublished\":\"2022-08-19T09:30:18+00:00\",\"dateModified\":\"2022-08-19T09:56:49+00:00\",\"mainEntityOfPage\":{\"@id\":\"https:\\\/\\\/biblioteca.blanes.cat\\\/salajove\\\/2022\\\/08\\\/19\\\/bollere-2022-en-marxa-esteu-a-punt\\\/\"},\"wordCount\":318,\"commentCount\":0,\"publisher\":{\"@id\":\"https:\\\/\\\/biblioteca.blanes.cat\\\/salajove\\\/#organization\"},\"image\":{\"@id\":\"https:\\\/\\\/biblioteca.blanes.cat\\\/salajove\\\/2022\\\/08\\\/19\\\/bollere-2022-en-marxa-esteu-a-punt\\\/#primaryimage\"},\"thumbnailUrl\":\"https:\\\/\\\/biblioteca.blanes.cat\\\/salajove\\\/wp-content\\\/uploads\\\/sites\\\/3\\\/2022\\\/08\\\/BiblioBlanes_Bollere2022_14ConcursLiterariRelatsBreusJoves-2.png\",\"keywords\":[\"certamen literari\",\"joves\",\"premi literari\"],\"articleSection\":[\"Boller\u00e9\",\"Not\u00edcies\"],\"inLanguage\":\"ca\",\"potentialAction\":[{\"@type\":\"CommentAction\",\"name\":\"Comment\",\"target\":[\"https:\\\/\\\/biblioteca.blanes.cat\\\/salajove\\\/2022\\\/08\\\/19\\\/bollere-2022-en-marxa-esteu-a-punt\\\/#respond\"]}]},{\"@type\":\"WebPage\",\"@id\":\"https:\\\/\\\/biblioteca.blanes.cat\\\/salajove\\\/2022\\\/08\\\/19\\\/bollere-2022-en-marxa-esteu-a-punt\\\/\",\"url\":\"https:\\\/\\\/biblioteca.blanes.cat\\\/salajove\\\/2022\\\/08\\\/19\\\/bollere-2022-en-marxa-esteu-a-punt\\\/\",\"name\":\"Bollere 2022 en marxa, esteu a punt? - Sala Jove\",\"isPartOf\":{\"@id\":\"https:\\\/\\\/biblioteca.blanes.cat\\\/salajove\\\/#website\"},\"primaryImageOfPage\":{\"@id\":\"https:\\\/\\\/biblioteca.blanes.cat\\\/salajove\\\/2022\\\/08\\\/19\\\/bollere-2022-en-marxa-esteu-a-punt\\\/#primaryimage\"},\"image\":{\"@id\":\"https:\\\/\\\/biblioteca.blanes.cat\\\/salajove\\\/2022\\\/08\\\/19\\\/bollere-2022-en-marxa-esteu-a-punt\\\/#primaryimage\"},\"thumbnailUrl\":\"https:\\\/\\\/biblioteca.blanes.cat\\\/salajove\\\/wp-content\\\/uploads\\\/sites\\\/3\\\/2022\\\/08\\\/BiblioBlanes_Bollere2022_14ConcursLiterariRelatsBreusJoves-2.png\",\"datePublished\":\"2022-08-19T09:30:18+00:00\",\"dateModified\":\"2022-08-19T09:56:49+00:00\",\"breadcrumb\":{\"@id\":\"https:\\\/\\\/biblioteca.blanes.cat\\\/salajove\\\/2022\\\/08\\\/19\\\/bollere-2022-en-marxa-esteu-a-punt\\\/#breadcrumb\"},\"inLanguage\":\"ca\",\"potentialAction\":[{\"@type\":\"ReadAction\",\"target\":[\"https:\\\/\\\/biblioteca.blanes.cat\\\/salajove\\\/2022\\\/08\\\/19\\\/bollere-2022-en-marxa-esteu-a-punt\\\/\"]}]},{\"@type\":\"ImageObject\",\"inLanguage\":\"ca\",\"@id\":\"https:\\\/\\\/biblioteca.blanes.cat\\\/salajove\\\/2022\\\/08\\\/19\\\/bollere-2022-en-marxa-esteu-a-punt\\\/#primaryimage\",\"url\":\"https:\\\/\\\/biblioteca.blanes.cat\\\/salajove\\\/wp-content\\\/uploads\\\/sites\\\/3\\\/2022\\\/08\\\/BiblioBlanes_Bollere2022_14ConcursLiterariRelatsBreusJoves-2.png\",\"contentUrl\":\"https:\\\/\\\/biblioteca.blanes.cat\\\/salajove\\\/wp-content\\\/uploads\\\/sites\\\/3\\\/2022\\\/08\\\/BiblioBlanes_Bollere2022_14ConcursLiterariRelatsBreusJoves-2.png\",\"width\":1080,\"height\":1080},{\"@type\":\"BreadcrumbList\",\"@id\":\"https:\\\/\\\/biblioteca.blanes.cat\\\/salajove\\\/2022\\\/08\\\/19\\\/bollere-2022-en-marxa-esteu-a-punt\\\/#breadcrumb\",\"itemListElement\":[{\"@type\":\"ListItem\",\"position\":1,\"name\":\"Inici\",\"item\":\"https:\\\/\\\/biblioteca.blanes.cat\\\/salajove\\\/\"},{\"@type\":\"ListItem\",\"position\":2,\"name\":\"Bollere 2022 en marxa, esteu a punt?\"}]},{\"@type\":\"WebSite\",\"@id\":\"https:\\\/\\\/biblioteca.blanes.cat\\\/salajove\\\/#website\",\"url\":\"https:\\\/\\\/biblioteca.blanes.cat\\\/salajove\\\/\",\"name\":\"Sala Jove\",\"description\":\"Biblioteca Comarcal de Blanes\",\"publisher\":{\"@id\":\"https:\\\/\\\/biblioteca.blanes.cat\\\/salajove\\\/#organization\"},\"potentialAction\":[{\"@type\":\"SearchAction\",\"target\":{\"@type\":\"EntryPoint\",\"urlTemplate\":\"https:\\\/\\\/biblioteca.blanes.cat\\\/salajove\\\/?s={search_term_string}\"},\"query-input\":{\"@type\":\"PropertyValueSpecification\",\"valueRequired\":true,\"valueName\":\"search_term_string\"}}],\"inLanguage\":\"ca\"},{\"@type\":\"Organization\",\"@id\":\"https:\\\/\\\/biblioteca.blanes.cat\\\/salajove\\\/#organization\",\"name\":\"Biblioteca Comarcal de Blanes\",\"url\":\"https:\\\/\\\/biblioteca.blanes.cat\\\/salajove\\\/\",\"logo\":{\"@type\":\"ImageObject\",\"inLanguage\":\"ca\",\"@id\":\"https:\\\/\\\/biblioteca.blanes.cat\\\/salajove\\\/#\\\/schema\\\/logo\\\/image\\\/\",\"url\":\"https:\\\/\\\/biblioteca.blanes.cat\\\/salajove\\\/wp-content\\\/uploads\\\/sites\\\/3\\\/2017\\\/09\\\/cropped-Bib-blau-e1518869380535.png\",\"contentUrl\":\"https:\\\/\\\/biblioteca.blanes.cat\\\/salajove\\\/wp-content\\\/uploads\\\/sites\\\/3\\\/2017\\\/09\\\/cropped-Bib-blau-e1518869380535.png\",\"width\":166,\"height\":166,\"caption\":\"Biblioteca Comarcal de Blanes\"},\"image\":{\"@id\":\"https:\\\/\\\/biblioteca.blanes.cat\\\/salajove\\\/#\\\/schema\\\/logo\\\/image\\\/\"},\"sameAs\":[\"https:\\\/\\\/www.facebook.com\\\/BilbiotecaComarcaldeBlanes\\\/\",\"https:\\\/\\\/x.com\\\/BiblioBlanes\",\"https:\\\/\\\/www.instagram.com\\\/biblioblanes\\\/\",\"https:\\\/\\\/www.pinterest.es\\\/bblanes\\\/\",\"https:\\\/\\\/www.youtube.com\\\/c\\\/BibliotecaComarcalBlanes\"]},{\"@type\":\"Person\",\"@id\":\"https:\\\/\\\/biblioteca.blanes.cat\\\/salajove\\\/#\\\/schema\\\/person\\\/5a7b46760d9dd611d098bbf571a341dc\",\"name\":\"biblioblanes\",\"image\":{\"@type\":\"ImageObject\",\"inLanguage\":\"ca\",\"@id\":\"https:\\\/\\\/secure.gravatar.com\\\/avatar\\\/6593ca6cc90e5a70939f51c95e8315483b9c281bafba597292bee47992030f99?s=96&d=mm&r=g\",\"url\":\"https:\\\/\\\/secure.gravatar.com\\\/avatar\\\/6593ca6cc90e5a70939f51c95e8315483b9c281bafba597292bee47992030f99?s=96&d=mm&r=g\",\"contentUrl\":\"https:\\\/\\\/secure.gravatar.com\\\/avatar\\\/6593ca6cc90e5a70939f51c95e8315483b9c281bafba597292bee47992030f99?s=96&d=mm&r=g\",\"caption\":\"biblioblanes\"},\"sameAs\":[\"http:\\\/\\\/www.bibgirona.cat\\\/biblioteca\\\/blanes\",\"https:\\\/\\\/x.com\\\/biblioblanes\"],\"url\":\"https:\\\/\\\/biblioteca.blanes.cat\\\/salajove\\\/author\\\/biblioblanes\\\/\"}]}<\/script>\n<!-- \/ Yoast SEO plugin. -->","yoast_head_json":{"title":"Bollere 2022 en marxa, esteu a punt? - Sala Jove","robots":{"index":"index","follow":"follow","max-snippet":"max-snippet:-1","max-image-preview":"max-image-preview:large","max-video-preview":"max-video-preview:-1"},"canonical":"https:\/\/biblioteca.blanes.cat\/salajove\/2022\/08\/19\/bollere-2022-en-marxa-esteu-a-punt\/","og_locale":"ca_ES","og_type":"article","og_title":"Bollere 2022 en marxa, esteu a punt? - Sala Jove","og_description":"S&#8217;han publicat les Bases per a participar al concurs literari que convoca l&#8217;Ajuntament de Blanes. Els premis Boller\u00e9 s\u00f3n una iniciativa que promou la creaci\u00f3 liter\u00e0ria juvenil. Hi podeu participar en aquestes dos categories segons l&#8217;edat:&nbsp; Categoria A: per als","og_url":"https:\/\/biblioteca.blanes.cat\/salajove\/2022\/08\/19\/bollere-2022-en-marxa-esteu-a-punt\/","og_site_name":"Sala Jove","article_publisher":"https:\/\/www.facebook.com\/BilbiotecaComarcaldeBlanes\/","article_published_time":"2022-08-19T09:30:18+00:00","article_modified_time":"2022-08-19T09:56:49+00:00","og_image":[{"width":1080,"height":1080,"url":"https:\/\/biblioteca.blanes.cat\/salajove\/wp-content\/uploads\/sites\/3\/2022\/08\/BiblioBlanes_Bollere2022_14ConcursLiterariRelatsBreusJoves-2.png","type":"image\/png"}],"author":"biblioblanes","twitter_card":"summary_large_image","twitter_creator":"@biblioblanes","twitter_site":"@BiblioBlanes","twitter_misc":{"Escrit per":"biblioblanes","Temps estimat de lectura":"2 minuts"},"schema":{"@context":"https:\/\/schema.org","@graph":[{"@type":"Article","@id":"https:\/\/biblioteca.blanes.cat\/salajove\/2022\/08\/19\/bollere-2022-en-marxa-esteu-a-punt\/#article","isPartOf":{"@id":"https:\/\/biblioteca.blanes.cat\/salajove\/2022\/08\/19\/bollere-2022-en-marxa-esteu-a-punt\/"},"author":{"name":"biblioblanes","@id":"https:\/\/biblioteca.blanes.cat\/salajove\/#\/schema\/person\/5a7b46760d9dd611d098bbf571a341dc"},"headline":"Bollere 2022 en marxa, esteu a punt?","datePublished":"2022-08-19T09:30:18+00:00","dateModified":"2022-08-19T09:56:49+00:00","mainEntityOfPage":{"@id":"https:\/\/biblioteca.blanes.cat\/salajove\/2022\/08\/19\/bollere-2022-en-marxa-esteu-a-punt\/"},"wordCount":318,"commentCount":0,"publisher":{"@id":"https:\/\/biblioteca.blanes.cat\/salajove\/#organization"},"image":{"@id":"https:\/\/biblioteca.blanes.cat\/salajove\/2022\/08\/19\/bollere-2022-en-marxa-esteu-a-punt\/#primaryimage"},"thumbnailUrl":"https:\/\/biblioteca.blanes.cat\/salajove\/wp-content\/uploads\/sites\/3\/2022\/08\/BiblioBlanes_Bollere2022_14ConcursLiterariRelatsBreusJoves-2.png","keywords":["certamen literari","joves","premi literari"],"articleSection":["Boller\u00e9","Not\u00edcies"],"inLanguage":"ca","potentialAction":[{"@type":"CommentAction","name":"Comment","target":["https:\/\/biblioteca.blanes.cat\/salajove\/2022\/08\/19\/bollere-2022-en-marxa-esteu-a-punt\/#respond"]}]},{"@type":"WebPage","@id":"https:\/\/biblioteca.blanes.cat\/salajove\/2022\/08\/19\/bollere-2022-en-marxa-esteu-a-punt\/","url":"https:\/\/biblioteca.blanes.cat\/salajove\/2022\/08\/19\/bollere-2022-en-marxa-esteu-a-punt\/","name":"Bollere 2022 en marxa, esteu a punt? - Sala Jove","isPartOf":{"@id":"https:\/\/biblioteca.blanes.cat\/salajove\/#website"},"primaryImageOfPage":{"@id":"https:\/\/biblioteca.blanes.cat\/salajove\/2022\/08\/19\/bollere-2022-en-marxa-esteu-a-punt\/#primaryimage"},"image":{"@id":"https:\/\/biblioteca.blanes.cat\/salajove\/2022\/08\/19\/bollere-2022-en-marxa-esteu-a-punt\/#primaryimage"},"thumbnailUrl":"https:\/\/biblioteca.blanes.cat\/salajove\/wp-content\/uploads\/sites\/3\/2022\/08\/BiblioBlanes_Bollere2022_14ConcursLiterariRelatsBreusJoves-2.png","datePublished":"2022-08-19T09:30:18+00:00","dateModified":"2022-08-19T09:56:49+00:00","breadcrumb":{"@id":"https:\/\/biblioteca.blanes.cat\/salajove\/2022\/08\/19\/bollere-2022-en-marxa-esteu-a-punt\/#breadcrumb"},"inLanguage":"ca","potentialAction":[{"@type":"ReadAction","target":["https:\/\/biblioteca.blanes.cat\/salajove\/2022\/08\/19\/bollere-2022-en-marxa-esteu-a-punt\/"]}]},{"@type":"ImageObject","inLanguage":"ca","@id":"https:\/\/biblioteca.blanes.cat\/salajove\/2022\/08\/19\/bollere-2022-en-marxa-esteu-a-punt\/#primaryimage","url":"https:\/\/biblioteca.blanes.cat\/salajove\/wp-content\/uploads\/sites\/3\/2022\/08\/BiblioBlanes_Bollere2022_14ConcursLiterariRelatsBreusJoves-2.png","contentUrl":"https:\/\/biblioteca.blanes.cat\/salajove\/wp-content\/uploads\/sites\/3\/2022\/08\/BiblioBlanes_Bollere2022_14ConcursLiterariRelatsBreusJoves-2.png","width":1080,"height":1080},{"@type":"BreadcrumbList","@id":"https:\/\/biblioteca.blanes.cat\/salajove\/2022\/08\/19\/bollere-2022-en-marxa-esteu-a-punt\/#breadcrumb","itemListElement":[{"@type":"ListItem","position":1,"name":"Inici","item":"https:\/\/biblioteca.blanes.cat\/salajove\/"},{"@type":"ListItem","position":2,"name":"Bollere 2022 en marxa, esteu a punt?"}]},{"@type":"WebSite","@id":"https:\/\/biblioteca.blanes.cat\/salajove\/#website","url":"https:\/\/biblioteca.blanes.cat\/salajove\/","name":"Sala Jove","description":"Biblioteca Comarcal de Blanes","publisher":{"@id":"https:\/\/biblioteca.blanes.cat\/salajove\/#organization"},"potentialAction":[{"@type":"SearchAction","target":{"@type":"EntryPoint","urlTemplate":"https:\/\/biblioteca.blanes.cat\/salajove\/?s={search_term_string}"},"query-input":{"@type":"PropertyValueSpecification","valueRequired":true,"valueName":"search_term_string"}}],"inLanguage":"ca"},{"@type":"Organization","@id":"https:\/\/biblioteca.blanes.cat\/salajove\/#organization","name":"Biblioteca Comarcal de Blanes","url":"https:\/\/biblioteca.blanes.cat\/salajove\/","logo":{"@type":"ImageObject","inLanguage":"ca","@id":"https:\/\/biblioteca.blanes.cat\/salajove\/#\/schema\/logo\/image\/","url":"https:\/\/biblioteca.blanes.cat\/salajove\/wp-content\/uploads\/sites\/3\/2017\/09\/cropped-Bib-blau-e1518869380535.png","contentUrl":"https:\/\/biblioteca.blanes.cat\/salajove\/wp-content\/uploads\/sites\/3\/2017\/09\/cropped-Bib-blau-e1518869380535.png","width":166,"height":166,"caption":"Biblioteca Comarcal de Blanes"},"image":{"@id":"https:\/\/biblioteca.blanes.cat\/salajove\/#\/schema\/logo\/image\/"},"sameAs":["https:\/\/www.facebook.com\/BilbiotecaComarcaldeBlanes\/","https:\/\/x.com\/BiblioBlanes","https:\/\/www.instagram.com\/biblioblanes\/","https:\/\/www.pinterest.es\/bblanes\/","https:\/\/www.youtube.com\/c\/BibliotecaComarcalBlanes"]},{"@type":"Person","@id":"https:\/\/biblioteca.blanes.cat\/salajove\/#\/schema\/person\/5a7b46760d9dd611d098bbf571a341dc","name":"biblioblanes","image":{"@type":"ImageObject","inLanguage":"ca","@id":"https:\/\/secure.gravatar.com\/avatar\/6593ca6cc90e5a70939f51c95e8315483b9c281bafba597292bee47992030f99?s=96&d=mm&r=g","url":"https:\/\/secure.gravatar.com\/avatar\/6593ca6cc90e5a70939f51c95e8315483b9c281bafba597292bee47992030f99?s=96&d=mm&r=g","contentUrl":"https:\/\/secure.gravatar.com\/avatar\/6593ca6cc90e5a70939f51c95e8315483b9c281bafba597292bee47992030f99?s=96&d=mm&r=g","caption":"biblioblanes"},"sameAs":["http:\/\/www.bibgirona.cat\/biblioteca\/blanes","https:\/\/x.com\/biblioblanes"],"url":"https:\/\/biblioteca.blanes.cat\/salajove\/author\/biblioblanes\/"}]}},"_links":{"self":[{"href":"https:\/\/biblioteca.blanes.cat\/salajove\/wp-json\/wp\/v2\/posts\/7394","targetHints":{"allow":["GET"]}}],"collection":[{"href":"https:\/\/biblioteca.blanes.cat\/salajove\/wp-json\/wp\/v2\/posts"}],"about":[{"href":"https:\/\/biblioteca.blanes.cat\/salajove\/wp-json\/wp\/v2\/types\/post"}],"author":[{"embeddable":true,"href":"https:\/\/biblioteca.blanes.cat\/salajove\/wp-json\/wp\/v2\/users\/4"}],"replies":[{"embeddable":true,"href":"https:\/\/biblioteca.blanes.cat\/salajove\/wp-json\/wp\/v2\/comments?post=7394"}],"version-history":[{"count":7,"href":"https:\/\/biblioteca.blanes.cat\/salajove\/wp-json\/wp\/v2\/posts\/7394\/revisions"}],"predecessor-version":[{"id":7403,"href":"https:\/\/biblioteca.blanes.cat\/salajove\/wp-json\/wp\/v2\/posts\/7394\/revisions\/7403"}],"wp:featuredmedia":[{"embeddable":true,"href":"https:\/\/biblioteca.blanes.cat\/salajove\/wp-json\/wp\/v2\/media\/7377"}],"wp:attachment":[{"href":"https:\/\/biblioteca.blanes.cat\/salajove\/wp-json\/wp\/v2\/media?parent=7394"}],"wp:term":[{"taxonomy":"category","embeddable":true,"href":"https:\/\/biblioteca.blanes.cat\/salajove\/wp-json\/wp\/v2\/categories?post=7394"},{"taxonomy":"post_tag","embeddable":true,"href":"https:\/\/biblioteca.blanes.cat\/salajove\/wp-json\/wp\/v2\/tags?post=7394"}],"curies":[{"name":"wp","href":"https:\/\/api.w.org\/{rel}","templated":true}]}}