{"id":7121,"date":"2022-05-30T17:43:11","date_gmt":"2022-05-30T16:43:11","guid":{"rendered":"https:\/\/biblioteca.blanes.cat\/salajove\/?p=7121"},"modified":"2022-05-30T17:44:31","modified_gmt":"2022-05-30T16:44:31","slug":"raco-den-jaume-van-gogh","status":"publish","type":"post","link":"https:\/\/biblioteca.blanes.cat\/salajove\/2022\/05\/30\/raco-den-jaume-van-gogh\/","title":{"rendered":"Rac\u00f3 d&#8217;en Jaume: Van Gogh"},"content":{"rendered":"\n<p style=\"text-align: center;\">Vincent <span class=\"hiddenGrammarError\">Van Gogh<\/span>, pintor neerland\u00e8s del postimpressionisme.<br \/><br \/>Aquest ha estat el tema escollit aquest mes per en Jaume Pont. Fa uns mesos que va tenir l&#8217;oportunitat de visitar l&#8217;exposici\u00f3 que feien sobre el pintor a Barcelona i des de llavors, en Jaume s&#8217;ha declarat fan incondicional de les seves obres.<\/p>\n<p>\u00a0<\/p>\n<p><img fetchpriority=\"high\" decoding=\"async\" class=\"aligncenter wp-image-7124 size-large\" src=\"https:\/\/biblioteca.blanes.cat\/salajove\/wp-content\/uploads\/sites\/3\/2022\/05\/Cartell-715x1024.jpg\" alt=\"\" width=\"715\" height=\"1024\" srcset=\"https:\/\/biblioteca.blanes.cat\/salajove\/wp-content\/uploads\/sites\/3\/2022\/05\/Cartell-715x1024.jpg 715w, https:\/\/biblioteca.blanes.cat\/salajove\/wp-content\/uploads\/sites\/3\/2022\/05\/Cartell-210x300.jpg 210w, https:\/\/biblioteca.blanes.cat\/salajove\/wp-content\/uploads\/sites\/3\/2022\/05\/Cartell-768x1099.jpg 768w, https:\/\/biblioteca.blanes.cat\/salajove\/wp-content\/uploads\/sites\/3\/2022\/05\/Cartell-1073x1536.jpg 1073w, https:\/\/biblioteca.blanes.cat\/salajove\/wp-content\/uploads\/sites\/3\/2022\/05\/Cartell.jpg 1231w\" sizes=\"(max-width: 715px) 100vw, 715px\" \/><\/p>\n<p>\u00a0<\/p>\n<p style=\"text-align: center;\">Per aquest motiu ens ha preparat una <strong>Guia de Recomanacions de <span class=\"hiddenGrammarError\">Van Gogh<\/span><\/strong> amb tota mena de documents sobre l&#8217;autor: des de biografies, pel\u00b7l\u00edcules, llibres sobre les seves obres per adults i tamb\u00e9 per als m\u00e9s petits. <span class=\"hiddenGrammarError\">Feu<\/span> una ullada a continuaci\u00f3:<\/p>\n<p>\u00a0<\/p>\n<p><img decoding=\"async\" class=\"aligncenter wp-image-7126 size-large\" src=\"https:\/\/biblioteca.blanes.cat\/salajove\/wp-content\/uploads\/sites\/3\/2022\/05\/guia-1-724x1024.jpg\" alt=\"\" width=\"724\" height=\"1024\" srcset=\"https:\/\/biblioteca.blanes.cat\/salajove\/wp-content\/uploads\/sites\/3\/2022\/05\/guia-1-724x1024.jpg 724w, https:\/\/biblioteca.blanes.cat\/salajove\/wp-content\/uploads\/sites\/3\/2022\/05\/guia-1-212x300.jpg 212w, https:\/\/biblioteca.blanes.cat\/salajove\/wp-content\/uploads\/sites\/3\/2022\/05\/guia-1-768x1086.jpg 768w, https:\/\/biblioteca.blanes.cat\/salajove\/wp-content\/uploads\/sites\/3\/2022\/05\/guia-1.jpg 877w\" sizes=\"(max-width: 724px) 100vw, 724px\" \/> <img decoding=\"async\" class=\"aligncenter wp-image-7127 size-large\" src=\"https:\/\/biblioteca.blanes.cat\/salajove\/wp-content\/uploads\/sites\/3\/2022\/05\/guia-2-1024x724.jpg\" alt=\"\" width=\"750\" height=\"530\" srcset=\"https:\/\/biblioteca.blanes.cat\/salajove\/wp-content\/uploads\/sites\/3\/2022\/05\/guia-2-1024x724.jpg 1024w, https:\/\/biblioteca.blanes.cat\/salajove\/wp-content\/uploads\/sites\/3\/2022\/05\/guia-2-300x212.jpg 300w, https:\/\/biblioteca.blanes.cat\/salajove\/wp-content\/uploads\/sites\/3\/2022\/05\/guia-2-768x543.jpg 768w, https:\/\/biblioteca.blanes.cat\/salajove\/wp-content\/uploads\/sites\/3\/2022\/05\/guia-2-1536x1086.jpg 1536w, https:\/\/biblioteca.blanes.cat\/salajove\/wp-content\/uploads\/sites\/3\/2022\/05\/guia-2.jpg 1754w\" sizes=\"(max-width: 750px) 100vw, 750px\" \/> <img loading=\"lazy\" decoding=\"async\" class=\"aligncenter wp-image-7128 size-large\" src=\"https:\/\/biblioteca.blanes.cat\/salajove\/wp-content\/uploads\/sites\/3\/2022\/05\/guia-3-1024x724.jpg\" alt=\"\" width=\"750\" height=\"530\" srcset=\"https:\/\/biblioteca.blanes.cat\/salajove\/wp-content\/uploads\/sites\/3\/2022\/05\/guia-3-1024x724.jpg 1024w, https:\/\/biblioteca.blanes.cat\/salajove\/wp-content\/uploads\/sites\/3\/2022\/05\/guia-3-300x212.jpg 300w, https:\/\/biblioteca.blanes.cat\/salajove\/wp-content\/uploads\/sites\/3\/2022\/05\/guia-3-768x543.jpg 768w, https:\/\/biblioteca.blanes.cat\/salajove\/wp-content\/uploads\/sites\/3\/2022\/05\/guia-3-1536x1086.jpg 1536w, https:\/\/biblioteca.blanes.cat\/salajove\/wp-content\/uploads\/sites\/3\/2022\/05\/guia-3.jpg 1754w\" sizes=\"(max-width: 750px) 100vw, 750px\" \/> <img loading=\"lazy\" decoding=\"async\" class=\"aligncenter wp-image-7129 size-large\" src=\"https:\/\/biblioteca.blanes.cat\/salajove\/wp-content\/uploads\/sites\/3\/2022\/05\/guia-4-1024x724.jpg\" alt=\"\" width=\"750\" height=\"530\" srcset=\"https:\/\/biblioteca.blanes.cat\/salajove\/wp-content\/uploads\/sites\/3\/2022\/05\/guia-4-1024x724.jpg 1024w, https:\/\/biblioteca.blanes.cat\/salajove\/wp-content\/uploads\/sites\/3\/2022\/05\/guia-4-300x212.jpg 300w, https:\/\/biblioteca.blanes.cat\/salajove\/wp-content\/uploads\/sites\/3\/2022\/05\/guia-4-768x543.jpg 768w, https:\/\/biblioteca.blanes.cat\/salajove\/wp-content\/uploads\/sites\/3\/2022\/05\/guia-4-1536x1086.jpg 1536w, https:\/\/biblioteca.blanes.cat\/salajove\/wp-content\/uploads\/sites\/3\/2022\/05\/guia-4.jpg 1754w\" sizes=\"(max-width: 750px) 100vw, 750px\" \/> <img loading=\"lazy\" decoding=\"async\" class=\"aligncenter wp-image-7130 size-large\" src=\"https:\/\/biblioteca.blanes.cat\/salajove\/wp-content\/uploads\/sites\/3\/2022\/05\/guia-5-1024x724.jpg\" alt=\"\" width=\"750\" height=\"530\" srcset=\"https:\/\/biblioteca.blanes.cat\/salajove\/wp-content\/uploads\/sites\/3\/2022\/05\/guia-5-1024x724.jpg 1024w, https:\/\/biblioteca.blanes.cat\/salajove\/wp-content\/uploads\/sites\/3\/2022\/05\/guia-5-300x212.jpg 300w, https:\/\/biblioteca.blanes.cat\/salajove\/wp-content\/uploads\/sites\/3\/2022\/05\/guia-5-768x543.jpg 768w, https:\/\/biblioteca.blanes.cat\/salajove\/wp-content\/uploads\/sites\/3\/2022\/05\/guia-5-1536x1086.jpg 1536w, https:\/\/biblioteca.blanes.cat\/salajove\/wp-content\/uploads\/sites\/3\/2022\/05\/guia-5.jpg 1754w\" sizes=\"(max-width: 750px) 100vw, 750px\" \/> <img loading=\"lazy\" decoding=\"async\" class=\"aligncenter wp-image-7131 size-large\" src=\"https:\/\/biblioteca.blanes.cat\/salajove\/wp-content\/uploads\/sites\/3\/2022\/05\/guia-6-1024x724.jpg\" alt=\"\" width=\"750\" height=\"530\" srcset=\"https:\/\/biblioteca.blanes.cat\/salajove\/wp-content\/uploads\/sites\/3\/2022\/05\/guia-6-1024x724.jpg 1024w, https:\/\/biblioteca.blanes.cat\/salajove\/wp-content\/uploads\/sites\/3\/2022\/05\/guia-6-300x212.jpg 300w, https:\/\/biblioteca.blanes.cat\/salajove\/wp-content\/uploads\/sites\/3\/2022\/05\/guia-6-768x543.jpg 768w, https:\/\/biblioteca.blanes.cat\/salajove\/wp-content\/uploads\/sites\/3\/2022\/05\/guia-6-1536x1086.jpg 1536w, https:\/\/biblioteca.blanes.cat\/salajove\/wp-content\/uploads\/sites\/3\/2022\/05\/guia-6.jpg 1754w\" sizes=\"(max-width: 750px) 100vw, 750px\" \/> <img loading=\"lazy\" decoding=\"async\" class=\"aligncenter wp-image-7132 size-large\" src=\"https:\/\/biblioteca.blanes.cat\/salajove\/wp-content\/uploads\/sites\/3\/2022\/05\/guia-7-1024x724.jpg\" alt=\"\" width=\"750\" height=\"530\" srcset=\"https:\/\/biblioteca.blanes.cat\/salajove\/wp-content\/uploads\/sites\/3\/2022\/05\/guia-7-1024x724.jpg 1024w, https:\/\/biblioteca.blanes.cat\/salajove\/wp-content\/uploads\/sites\/3\/2022\/05\/guia-7-300x212.jpg 300w, https:\/\/biblioteca.blanes.cat\/salajove\/wp-content\/uploads\/sites\/3\/2022\/05\/guia-7-768x543.jpg 768w, https:\/\/biblioteca.blanes.cat\/salajove\/wp-content\/uploads\/sites\/3\/2022\/05\/guia-7-1536x1086.jpg 1536w, https:\/\/biblioteca.blanes.cat\/salajove\/wp-content\/uploads\/sites\/3\/2022\/05\/guia-7.jpg 1754w\" sizes=\"(max-width: 750px) 100vw, 750px\" \/> <img loading=\"lazy\" decoding=\"async\" class=\"aligncenter wp-image-7133 size-large\" src=\"https:\/\/biblioteca.blanes.cat\/salajove\/wp-content\/uploads\/sites\/3\/2022\/05\/guia-8-1024x724.jpg\" alt=\"\" width=\"750\" height=\"530\" srcset=\"https:\/\/biblioteca.blanes.cat\/salajove\/wp-content\/uploads\/sites\/3\/2022\/05\/guia-8-1024x724.jpg 1024w, https:\/\/biblioteca.blanes.cat\/salajove\/wp-content\/uploads\/sites\/3\/2022\/05\/guia-8-300x212.jpg 300w, https:\/\/biblioteca.blanes.cat\/salajove\/wp-content\/uploads\/sites\/3\/2022\/05\/guia-8-768x543.jpg 768w, https:\/\/biblioteca.blanes.cat\/salajove\/wp-content\/uploads\/sites\/3\/2022\/05\/guia-8-1536x1086.jpg 1536w, https:\/\/biblioteca.blanes.cat\/salajove\/wp-content\/uploads\/sites\/3\/2022\/05\/guia-8.jpg 1754w\" sizes=\"(max-width: 750px) 100vw, 750px\" \/> <img loading=\"lazy\" decoding=\"async\" class=\"aligncenter wp-image-7134 size-large\" src=\"https:\/\/biblioteca.blanes.cat\/salajove\/wp-content\/uploads\/sites\/3\/2022\/05\/guia-9-1024x724.jpg\" alt=\"\" width=\"750\" height=\"530\" srcset=\"https:\/\/biblioteca.blanes.cat\/salajove\/wp-content\/uploads\/sites\/3\/2022\/05\/guia-9-1024x724.jpg 1024w, https:\/\/biblioteca.blanes.cat\/salajove\/wp-content\/uploads\/sites\/3\/2022\/05\/guia-9-300x212.jpg 300w, https:\/\/biblioteca.blanes.cat\/salajove\/wp-content\/uploads\/sites\/3\/2022\/05\/guia-9-768x543.jpg 768w, https:\/\/biblioteca.blanes.cat\/salajove\/wp-content\/uploads\/sites\/3\/2022\/05\/guia-9-1536x1086.jpg 1536w, https:\/\/biblioteca.blanes.cat\/salajove\/wp-content\/uploads\/sites\/3\/2022\/05\/guia-9.jpg 1754w\" sizes=\"(max-width: 750px) 100vw, 750px\" \/> <img loading=\"lazy\" decoding=\"async\" class=\"aligncenter wp-image-7135 size-large\" src=\"https:\/\/biblioteca.blanes.cat\/salajove\/wp-content\/uploads\/sites\/3\/2022\/05\/guia-10-1024x724.jpg\" alt=\"\" width=\"750\" height=\"530\" srcset=\"https:\/\/biblioteca.blanes.cat\/salajove\/wp-content\/uploads\/sites\/3\/2022\/05\/guia-10-1024x724.jpg 1024w, https:\/\/biblioteca.blanes.cat\/salajove\/wp-content\/uploads\/sites\/3\/2022\/05\/guia-10-300x212.jpg 300w, https:\/\/biblioteca.blanes.cat\/salajove\/wp-content\/uploads\/sites\/3\/2022\/05\/guia-10-768x543.jpg 768w, https:\/\/biblioteca.blanes.cat\/salajove\/wp-content\/uploads\/sites\/3\/2022\/05\/guia-10-1536x1086.jpg 1536w, https:\/\/biblioteca.blanes.cat\/salajove\/wp-content\/uploads\/sites\/3\/2022\/05\/guia-10.jpg 1754w\" sizes=\"(max-width: 750px) 100vw, 750px\" \/> <img loading=\"lazy\" decoding=\"async\" class=\"aligncenter wp-image-7136 size-large\" src=\"https:\/\/biblioteca.blanes.cat\/salajove\/wp-content\/uploads\/sites\/3\/2022\/05\/guia-11-1024x724.jpg\" alt=\"\" width=\"750\" height=\"530\" srcset=\"https:\/\/biblioteca.blanes.cat\/salajove\/wp-content\/uploads\/sites\/3\/2022\/05\/guia-11-1024x724.jpg 1024w, https:\/\/biblioteca.blanes.cat\/salajove\/wp-content\/uploads\/sites\/3\/2022\/05\/guia-11-300x212.jpg 300w, https:\/\/biblioteca.blanes.cat\/salajove\/wp-content\/uploads\/sites\/3\/2022\/05\/guia-11-768x543.jpg 768w, https:\/\/biblioteca.blanes.cat\/salajove\/wp-content\/uploads\/sites\/3\/2022\/05\/guia-11-1536x1086.jpg 1536w, https:\/\/biblioteca.blanes.cat\/salajove\/wp-content\/uploads\/sites\/3\/2022\/05\/guia-11.jpg 1754w\" sizes=\"(max-width: 750px) 100vw, 750px\" \/> <img loading=\"lazy\" decoding=\"async\" class=\"aligncenter wp-image-7137 size-large\" src=\"https:\/\/biblioteca.blanes.cat\/salajove\/wp-content\/uploads\/sites\/3\/2022\/05\/guia-12-1024x724.jpg\" alt=\"\" width=\"750\" height=\"530\" srcset=\"https:\/\/biblioteca.blanes.cat\/salajove\/wp-content\/uploads\/sites\/3\/2022\/05\/guia-12-1024x724.jpg 1024w, https:\/\/biblioteca.blanes.cat\/salajove\/wp-content\/uploads\/sites\/3\/2022\/05\/guia-12-300x212.jpg 300w, https:\/\/biblioteca.blanes.cat\/salajove\/wp-content\/uploads\/sites\/3\/2022\/05\/guia-12-768x543.jpg 768w, https:\/\/biblioteca.blanes.cat\/salajove\/wp-content\/uploads\/sites\/3\/2022\/05\/guia-12-1536x1086.jpg 1536w, https:\/\/biblioteca.blanes.cat\/salajove\/wp-content\/uploads\/sites\/3\/2022\/05\/guia-12.jpg 1754w\" sizes=\"(max-width: 750px) 100vw, 750px\" \/> <img loading=\"lazy\" decoding=\"async\" class=\"aligncenter wp-image-7138 size-large\" src=\"https:\/\/biblioteca.blanes.cat\/salajove\/wp-content\/uploads\/sites\/3\/2022\/05\/guia-13-724x1024.jpg\" alt=\"\" width=\"724\" height=\"1024\" srcset=\"https:\/\/biblioteca.blanes.cat\/salajove\/wp-content\/uploads\/sites\/3\/2022\/05\/guia-13-724x1024.jpg 724w, https:\/\/biblioteca.blanes.cat\/salajove\/wp-content\/uploads\/sites\/3\/2022\/05\/guia-13-212x300.jpg 212w, https:\/\/biblioteca.blanes.cat\/salajove\/wp-content\/uploads\/sites\/3\/2022\/05\/guia-13-768x1086.jpg 768w, https:\/\/biblioteca.blanes.cat\/salajove\/wp-content\/uploads\/sites\/3\/2022\/05\/guia-13.jpg 877w\" sizes=\"(max-width: 724px) 100vw, 724px\" \/><\/p>\n<p>\u00a0<\/p>\n<p><strong>Objectiu principal aconseguit:<\/strong> En Jaume s&#8217;ha documentat sobre el tema i ha descobert curiositats sobre la vida i obres del pintor:<br \/><br \/>Va pintar m\u00e9s de 900 obres en una d\u00e8cada<br \/>En els seus inicis <span class=\"hiddenGrammarError\">pintava<\/span> models que posaven per a ell, per\u00f2 per problemes econ\u00f2mics va haver de continuar la seva carrera fent autoretrats i dibuixant paisatges<br \/><span class=\"hiddenGrammarError\">Van Gogh<\/span> nom\u00e9s va aconseguir vendre un dels seus quadres en vida, va ser despr\u00e9s de morir que es va fer fam\u00f3s<br \/>Va pintar el primer quadre al cap de 27 anys, una mica tard comparat amb la resta de genis de l&#8217;\u00e8poca<br \/>Els seus pares li van posar el nom de Vincent en honor al seu germ\u00e0 que va morir un any abans que ell<br \/>La seva obra m\u00e9s coneguda &#8220;La nit estrellada&#8221; la va pintar estant en una resid\u00e8ncia de persones amb problemes mentals a Fran\u00e7a<br \/>Va perdre la seva orella i el motiu encara \u00e9s un misteri. Tot apunta que ell mateix se la va tallar accidentalment durant una baralla amb el seu amic Paul Gauguin<br \/>Creuen que es va su\u00efcidar als <span class=\"hiddenGreenError\">37<\/span> <span class=\"hiddenGrammarError\">anys<\/span><br \/>A les seves obres el pintor solia representar el complex concepte matem\u00e0tic de la turbul\u00e8ncia, encara sense resoldre<\/p>\n<h4>___________________________________________________________________________<\/h4>\n<p>\u00a0<\/p>\n<p style=\"text-align: center;\"><span class=\"hiddenGrammarError\">&#8220;Los<\/span><strong> <span class=\"hiddenSpellError\">girasoles<\/span> <span class=\"hiddenGrammarError\">de Arl\u00e9s&#8221;<\/span> <\/strong>s\u00f3n les 7 obres m\u00e9s conegudes del pintor. Aquests quadres pertanyen al g\u00e8nere de la natura morta i entre els anys 1888 i 1889 eren molt comuns. Si us agraden les treballs manuals, en Jaume Pont ens explica, pas a pas i de manera molt senzilla, com crear un quadre postimpressionista.<\/p>\n<p>\u00a0<\/p>\n<div id='gallery-1' class='gallery galleryid-7121 gallery-columns-4 gallery-size-medium'><figure class='gallery-item'>\n\t\t\t<div class='gallery-icon portrait'>\n\t\t\t\t<a href='https:\/\/biblioteca.blanes.cat\/salajove\/2022\/05\/30\/raco-den-jaume-van-gogh\/girasol-1\/'><img loading=\"lazy\" decoding=\"async\" width=\"211\" height=\"300\" src=\"https:\/\/biblioteca.blanes.cat\/salajove\/wp-content\/uploads\/sites\/3\/2022\/05\/girasol-1-211x300.jpg\" class=\"attachment-medium size-medium\" alt=\"\" srcset=\"https:\/\/biblioteca.blanes.cat\/salajove\/wp-content\/uploads\/sites\/3\/2022\/05\/girasol-1-211x300.jpg 211w, https:\/\/biblioteca.blanes.cat\/salajove\/wp-content\/uploads\/sites\/3\/2022\/05\/girasol-1-719x1024.jpg 719w, https:\/\/biblioteca.blanes.cat\/salajove\/wp-content\/uploads\/sites\/3\/2022\/05\/girasol-1-768x1094.jpg 768w, https:\/\/biblioteca.blanes.cat\/salajove\/wp-content\/uploads\/sites\/3\/2022\/05\/girasol-1-1078x1536.jpg 1078w, https:\/\/biblioteca.blanes.cat\/salajove\/wp-content\/uploads\/sites\/3\/2022\/05\/girasol-1.jpg 1237w\" sizes=\"(max-width: 211px) 100vw, 211px\" \/><\/a>\n\t\t\t<\/div><\/figure><figure class='gallery-item'>\n\t\t\t<div class='gallery-icon portrait'>\n\t\t\t\t<a href='https:\/\/biblioteca.blanes.cat\/salajove\/2022\/05\/30\/raco-den-jaume-van-gogh\/girasol-2\/'><img loading=\"lazy\" decoding=\"async\" width=\"211\" height=\"300\" src=\"https:\/\/biblioteca.blanes.cat\/salajove\/wp-content\/uploads\/sites\/3\/2022\/05\/girasol-2-211x300.jpg\" class=\"attachment-medium size-medium\" alt=\"\" srcset=\"https:\/\/biblioteca.blanes.cat\/salajove\/wp-content\/uploads\/sites\/3\/2022\/05\/girasol-2-211x300.jpg 211w, https:\/\/biblioteca.blanes.cat\/salajove\/wp-content\/uploads\/sites\/3\/2022\/05\/girasol-2-719x1024.jpg 719w, https:\/\/biblioteca.blanes.cat\/salajove\/wp-content\/uploads\/sites\/3\/2022\/05\/girasol-2-768x1094.jpg 768w, https:\/\/biblioteca.blanes.cat\/salajove\/wp-content\/uploads\/sites\/3\/2022\/05\/girasol-2-1078x1536.jpg 1078w, https:\/\/biblioteca.blanes.cat\/salajove\/wp-content\/uploads\/sites\/3\/2022\/05\/girasol-2.jpg 1237w\" sizes=\"(max-width: 211px) 100vw, 211px\" \/><\/a>\n\t\t\t<\/div><\/figure><figure class='gallery-item'>\n\t\t\t<div class='gallery-icon portrait'>\n\t\t\t\t<a href='https:\/\/biblioteca.blanes.cat\/salajove\/2022\/05\/30\/raco-den-jaume-van-gogh\/girasol-3\/'><img loading=\"lazy\" decoding=\"async\" width=\"227\" height=\"300\" src=\"https:\/\/biblioteca.blanes.cat\/salajove\/wp-content\/uploads\/sites\/3\/2022\/05\/girasol-3-227x300.jpg\" class=\"attachment-medium size-medium\" alt=\"\" srcset=\"https:\/\/biblioteca.blanes.cat\/salajove\/wp-content\/uploads\/sites\/3\/2022\/05\/girasol-3-227x300.jpg 227w, https:\/\/biblioteca.blanes.cat\/salajove\/wp-content\/uploads\/sites\/3\/2022\/05\/girasol-3.jpg 584w\" sizes=\"(max-width: 227px) 100vw, 227px\" \/><\/a>\n\t\t\t<\/div><\/figure><figure class='gallery-item'>\n\t\t\t<div class='gallery-icon portrait'>\n\t\t\t\t<a href='https:\/\/biblioteca.blanes.cat\/salajove\/2022\/05\/30\/raco-den-jaume-van-gogh\/girasol-4\/'><img loading=\"lazy\" decoding=\"async\" width=\"211\" height=\"300\" src=\"https:\/\/biblioteca.blanes.cat\/salajove\/wp-content\/uploads\/sites\/3\/2022\/05\/girasol-4-211x300.jpg\" class=\"attachment-medium size-medium\" alt=\"\" srcset=\"https:\/\/biblioteca.blanes.cat\/salajove\/wp-content\/uploads\/sites\/3\/2022\/05\/girasol-4-211x300.jpg 211w, https:\/\/biblioteca.blanes.cat\/salajove\/wp-content\/uploads\/sites\/3\/2022\/05\/girasol-4-719x1024.jpg 719w, https:\/\/biblioteca.blanes.cat\/salajove\/wp-content\/uploads\/sites\/3\/2022\/05\/girasol-4-768x1094.jpg 768w, https:\/\/biblioteca.blanes.cat\/salajove\/wp-content\/uploads\/sites\/3\/2022\/05\/girasol-4-1078x1536.jpg 1078w, https:\/\/biblioteca.blanes.cat\/salajove\/wp-content\/uploads\/sites\/3\/2022\/05\/girasol-4.jpg 1237w\" sizes=\"(max-width: 211px) 100vw, 211px\" \/><\/a>\n\t\t\t<\/div><\/figure><figure class='gallery-item'>\n\t\t\t<div class='gallery-icon portrait'>\n\t\t\t\t<a href='https:\/\/biblioteca.blanes.cat\/salajove\/2022\/05\/30\/raco-den-jaume-van-gogh\/girasol-5\/'><img loading=\"lazy\" decoding=\"async\" width=\"211\" height=\"300\" src=\"https:\/\/biblioteca.blanes.cat\/salajove\/wp-content\/uploads\/sites\/3\/2022\/05\/girasol-5-211x300.jpg\" class=\"attachment-medium size-medium\" alt=\"\" srcset=\"https:\/\/biblioteca.blanes.cat\/salajove\/wp-content\/uploads\/sites\/3\/2022\/05\/girasol-5-211x300.jpg 211w, https:\/\/biblioteca.blanes.cat\/salajove\/wp-content\/uploads\/sites\/3\/2022\/05\/girasol-5-719x1024.jpg 719w, https:\/\/biblioteca.blanes.cat\/salajove\/wp-content\/uploads\/sites\/3\/2022\/05\/girasol-5-768x1094.jpg 768w, https:\/\/biblioteca.blanes.cat\/salajove\/wp-content\/uploads\/sites\/3\/2022\/05\/girasol-5-1078x1536.jpg 1078w, https:\/\/biblioteca.blanes.cat\/salajove\/wp-content\/uploads\/sites\/3\/2022\/05\/girasol-5.jpg 1237w\" sizes=\"(max-width: 211px) 100vw, 211px\" \/><\/a>\n\t\t\t<\/div><\/figure><figure class='gallery-item'>\n\t\t\t<div class='gallery-icon portrait'>\n\t\t\t\t<a href='https:\/\/biblioteca.blanes.cat\/salajove\/2022\/05\/30\/raco-den-jaume-van-gogh\/girasol-6\/'><img loading=\"lazy\" decoding=\"async\" width=\"211\" height=\"300\" src=\"https:\/\/biblioteca.blanes.cat\/salajove\/wp-content\/uploads\/sites\/3\/2022\/05\/girasol-6-211x300.jpg\" class=\"attachment-medium size-medium\" alt=\"\" srcset=\"https:\/\/biblioteca.blanes.cat\/salajove\/wp-content\/uploads\/sites\/3\/2022\/05\/girasol-6-211x300.jpg 211w, https:\/\/biblioteca.blanes.cat\/salajove\/wp-content\/uploads\/sites\/3\/2022\/05\/girasol-6-719x1024.jpg 719w, https:\/\/biblioteca.blanes.cat\/salajove\/wp-content\/uploads\/sites\/3\/2022\/05\/girasol-6-768x1094.jpg 768w, https:\/\/biblioteca.blanes.cat\/salajove\/wp-content\/uploads\/sites\/3\/2022\/05\/girasol-6-1078x1536.jpg 1078w, https:\/\/biblioteca.blanes.cat\/salajove\/wp-content\/uploads\/sites\/3\/2022\/05\/girasol-6.jpg 1237w\" sizes=\"(max-width: 211px) 100vw, 211px\" \/><\/a>\n\t\t\t<\/div><\/figure><figure class='gallery-item'>\n\t\t\t<div class='gallery-icon portrait'>\n\t\t\t\t<a href='https:\/\/biblioteca.blanes.cat\/salajove\/2022\/05\/30\/raco-den-jaume-van-gogh\/girasol-7\/'><img loading=\"lazy\" decoding=\"async\" width=\"211\" height=\"300\" src=\"https:\/\/biblioteca.blanes.cat\/salajove\/wp-content\/uploads\/sites\/3\/2022\/05\/girasol-7-211x300.jpg\" class=\"attachment-medium size-medium\" alt=\"\" srcset=\"https:\/\/biblioteca.blanes.cat\/salajove\/wp-content\/uploads\/sites\/3\/2022\/05\/girasol-7-211x300.jpg 211w, https:\/\/biblioteca.blanes.cat\/salajove\/wp-content\/uploads\/sites\/3\/2022\/05\/girasol-7-719x1024.jpg 719w, https:\/\/biblioteca.blanes.cat\/salajove\/wp-content\/uploads\/sites\/3\/2022\/05\/girasol-7-768x1094.jpg 768w, https:\/\/biblioteca.blanes.cat\/salajove\/wp-content\/uploads\/sites\/3\/2022\/05\/girasol-7-1078x1536.jpg 1078w, https:\/\/biblioteca.blanes.cat\/salajove\/wp-content\/uploads\/sites\/3\/2022\/05\/girasol-7.jpg 1237w\" sizes=\"(max-width: 211px) 100vw, 211px\" \/><\/a>\n\t\t\t<\/div><\/figure><figure class='gallery-item'>\n\t\t\t<div class='gallery-icon portrait'>\n\t\t\t\t<a href='https:\/\/biblioteca.blanes.cat\/salajove\/2022\/05\/30\/raco-den-jaume-van-gogh\/girasol-8\/'><img loading=\"lazy\" decoding=\"async\" width=\"211\" height=\"300\" src=\"https:\/\/biblioteca.blanes.cat\/salajove\/wp-content\/uploads\/sites\/3\/2022\/05\/girasol-8-211x300.jpg\" class=\"attachment-medium size-medium\" alt=\"\" srcset=\"https:\/\/biblioteca.blanes.cat\/salajove\/wp-content\/uploads\/sites\/3\/2022\/05\/girasol-8-211x300.jpg 211w, https:\/\/biblioteca.blanes.cat\/salajove\/wp-content\/uploads\/sites\/3\/2022\/05\/girasol-8-719x1024.jpg 719w, https:\/\/biblioteca.blanes.cat\/salajove\/wp-content\/uploads\/sites\/3\/2022\/05\/girasol-8-768x1094.jpg 768w, https:\/\/biblioteca.blanes.cat\/salajove\/wp-content\/uploads\/sites\/3\/2022\/05\/girasol-8-1078x1536.jpg 1078w, https:\/\/biblioteca.blanes.cat\/salajove\/wp-content\/uploads\/sites\/3\/2022\/05\/girasol-8.jpg 1237w\" sizes=\"(max-width: 211px) 100vw, 211px\" \/><\/a>\n\t\t\t<\/div><\/figure>\n\t\t<\/div>\n\n<p>\u00a0<\/p>\n<p>\u00a0<\/p>\n<p style=\"text-align: center;\">I pels col\u00b7leccionistes, el <strong>Punt de Llibre de <span class=\"hiddenGrammarError\">Van Gogh<\/span><\/strong> per descarregar.<\/p>\n<p>\u00a0<\/p>\n<p><img loading=\"lazy\" decoding=\"async\" class=\"aligncenter wp-image-7160 size-large\" src=\"https:\/\/biblioteca.blanes.cat\/salajove\/wp-content\/uploads\/sites\/3\/2022\/05\/Punt-de-llibre-289x1024.jpg\" alt=\"\" width=\"289\" height=\"1024\" srcset=\"https:\/\/biblioteca.blanes.cat\/salajove\/wp-content\/uploads\/sites\/3\/2022\/05\/Punt-de-llibre-289x1024.jpg 289w, https:\/\/biblioteca.blanes.cat\/salajove\/wp-content\/uploads\/sites\/3\/2022\/05\/Punt-de-llibre-85x300.jpg 85w, https:\/\/biblioteca.blanes.cat\/salajove\/wp-content\/uploads\/sites\/3\/2022\/05\/Punt-de-llibre.jpg 333w\" sizes=\"(max-width: 289px) 100vw, 289px\" \/><\/p>\n<p>\u00a0<\/p>\n<p>\u00a0<\/p>\n<p style=\"text-align: center;\">Si us han agradat aquestes Recomanacions feu una ullada<\/p>\n<p><a href=\"https:\/\/biblioteca.blanes.cat\/salajove\/raco-den-jaume\/\" target=\"_blank\" rel=\"noopener\"><img loading=\"lazy\" decoding=\"async\" class=\"aligncenter wp-image-4676 size-medium\" src=\"https:\/\/biblioteca.blanes.cat\/salajove\/wp-content\/uploads\/sites\/3\/2020\/12\/boina-raco-den-jaume-2-300x256.jpg\" alt=\"\" width=\"300\" height=\"256\" srcset=\"https:\/\/biblioteca.blanes.cat\/salajove\/wp-content\/uploads\/sites\/3\/2020\/12\/boina-raco-den-jaume-2-300x256.jpg 300w, https:\/\/biblioteca.blanes.cat\/salajove\/wp-content\/uploads\/sites\/3\/2020\/12\/boina-raco-den-jaume-2.jpg 340w\" sizes=\"(max-width: 300px) 100vw, 300px\" \/><\/a><\/p>\n<p>\u00a0<\/p>\n\n\n\n\n","protected":false},"excerpt":{"rendered":"<p>Vincent Van Gogh, pintor neerland\u00e8s del postimpressionisme. Aquest ha estat el tema escollit aquest mes per en Jaume Pont. Fa uns mesos que va tenir l&#8217;oportunitat de visitar l&#8217;exposici\u00f3 que feien sobre el pintor a Barcelona i des de llavors,<\/p>\n","protected":false},"author":4,"featured_media":4675,"comment_status":"open","ping_status":"open","sticky":false,"template":"","format":"standard","meta":{"sfsi_plus_gutenberg_text_before_share":"","sfsi_plus_gutenberg_show_text_before_share":"","sfsi_plus_gutenberg_icon_type":"","sfsi_plus_gutenberg_icon_alignemt":"","sfsi_plus_gutenburg_max_per_row":"","footnotes":""},"categories":[108],"tags":[98],"class_list":["post-7121","post","type-post","status-publish","format-standard","has-post-thumbnail","hentry","category-raco-den-jaume","tag-guia-lectura-literatura-llibres"],"yoast_head":"<!-- This site is optimized with the Yoast SEO plugin v27.5 - https:\/\/yoast.com\/product\/yoast-seo-wordpress\/ -->\n<title>Rac\u00f3 d&#039;en Jaume: Van Gogh - Sala Jove<\/title>\n<meta name=\"robots\" content=\"index, follow, max-snippet:-1, max-image-preview:large, max-video-preview:-1\" \/>\n<link rel=\"canonical\" href=\"https:\/\/biblioteca.blanes.cat\/salajove\/2022\/05\/30\/raco-den-jaume-van-gogh\/\" \/>\n<meta property=\"og:locale\" content=\"ca_ES\" \/>\n<meta property=\"og:type\" content=\"article\" \/>\n<meta property=\"og:title\" content=\"Rac\u00f3 d&#039;en Jaume: Van Gogh - Sala Jove\" \/>\n<meta property=\"og:description\" content=\"Vincent Van Gogh, pintor neerland\u00e8s del postimpressionisme. Aquest ha estat el tema escollit aquest mes per en Jaume Pont. Fa uns mesos que va tenir l&#8217;oportunitat de visitar l&#8217;exposici\u00f3 que feien sobre el pintor a Barcelona i des de llavors,\" \/>\n<meta property=\"og:url\" content=\"https:\/\/biblioteca.blanes.cat\/salajove\/2022\/05\/30\/raco-den-jaume-van-gogh\/\" \/>\n<meta property=\"og:site_name\" content=\"Sala Jove\" \/>\n<meta property=\"article:publisher\" content=\"https:\/\/www.facebook.com\/BilbiotecaComarcaldeBlanes\/\" \/>\n<meta property=\"article:published_time\" content=\"2022-05-30T16:43:11+00:00\" \/>\n<meta property=\"article:modified_time\" content=\"2022-05-30T16:44:31+00:00\" \/>\n<meta property=\"og:image\" content=\"https:\/\/biblioteca.blanes.cat\/salajove\/wp-content\/uploads\/sites\/3\/2020\/12\/boina-raco-den-jaume.jpg\" \/>\n\t<meta property=\"og:image:width\" content=\"679\" \/>\n\t<meta property=\"og:image:height\" content=\"579\" \/>\n\t<meta property=\"og:image:type\" content=\"image\/jpeg\" \/>\n<meta name=\"author\" content=\"biblioblanes\" \/>\n<meta name=\"twitter:card\" content=\"summary_large_image\" \/>\n<meta name=\"twitter:creator\" content=\"@biblioblanes\" \/>\n<meta name=\"twitter:site\" content=\"@BiblioBlanes\" \/>\n<meta name=\"twitter:label1\" content=\"Escrit per\" \/>\n\t<meta name=\"twitter:data1\" content=\"biblioblanes\" \/>\n\t<meta name=\"twitter:label2\" content=\"Temps estimat de lectura\" \/>\n\t<meta name=\"twitter:data2\" content=\"5 minuts\" \/>\n<script type=\"application\/ld+json\" class=\"yoast-schema-graph\">{\"@context\":\"https:\\\/\\\/schema.org\",\"@graph\":[{\"@type\":\"Article\",\"@id\":\"https:\\\/\\\/biblioteca.blanes.cat\\\/salajove\\\/2022\\\/05\\\/30\\\/raco-den-jaume-van-gogh\\\/#article\",\"isPartOf\":{\"@id\":\"https:\\\/\\\/biblioteca.blanes.cat\\\/salajove\\\/2022\\\/05\\\/30\\\/raco-den-jaume-van-gogh\\\/\"},\"author\":{\"name\":\"biblioblanes\",\"@id\":\"https:\\\/\\\/biblioteca.blanes.cat\\\/salajove\\\/#\\\/schema\\\/person\\\/5a7b46760d9dd611d098bbf571a341dc\"},\"headline\":\"Rac\u00f3 d&#8217;en Jaume: Van Gogh\",\"datePublished\":\"2022-05-30T16:43:11+00:00\",\"dateModified\":\"2022-05-30T16:44:31+00:00\",\"mainEntityOfPage\":{\"@id\":\"https:\\\/\\\/biblioteca.blanes.cat\\\/salajove\\\/2022\\\/05\\\/30\\\/raco-den-jaume-van-gogh\\\/\"},\"wordCount\":396,\"commentCount\":0,\"publisher\":{\"@id\":\"https:\\\/\\\/biblioteca.blanes.cat\\\/salajove\\\/#organization\"},\"image\":{\"@id\":\"https:\\\/\\\/biblioteca.blanes.cat\\\/salajove\\\/2022\\\/05\\\/30\\\/raco-den-jaume-van-gogh\\\/#primaryimage\"},\"thumbnailUrl\":\"https:\\\/\\\/biblioteca.blanes.cat\\\/salajove\\\/wp-content\\\/uploads\\\/sites\\\/3\\\/2020\\\/12\\\/boina-raco-den-jaume.jpg\",\"keywords\":[\"#Guia #Lectura #Literatura #Llibres\"],\"articleSection\":[\"Rac\u00f3 d'en Jaume\"],\"inLanguage\":\"ca\",\"potentialAction\":[{\"@type\":\"CommentAction\",\"name\":\"Comment\",\"target\":[\"https:\\\/\\\/biblioteca.blanes.cat\\\/salajove\\\/2022\\\/05\\\/30\\\/raco-den-jaume-van-gogh\\\/#respond\"]}]},{\"@type\":\"WebPage\",\"@id\":\"https:\\\/\\\/biblioteca.blanes.cat\\\/salajove\\\/2022\\\/05\\\/30\\\/raco-den-jaume-van-gogh\\\/\",\"url\":\"https:\\\/\\\/biblioteca.blanes.cat\\\/salajove\\\/2022\\\/05\\\/30\\\/raco-den-jaume-van-gogh\\\/\",\"name\":\"Rac\u00f3 d'en Jaume: Van Gogh - Sala Jove\",\"isPartOf\":{\"@id\":\"https:\\\/\\\/biblioteca.blanes.cat\\\/salajove\\\/#website\"},\"primaryImageOfPage\":{\"@id\":\"https:\\\/\\\/biblioteca.blanes.cat\\\/salajove\\\/2022\\\/05\\\/30\\\/raco-den-jaume-van-gogh\\\/#primaryimage\"},\"image\":{\"@id\":\"https:\\\/\\\/biblioteca.blanes.cat\\\/salajove\\\/2022\\\/05\\\/30\\\/raco-den-jaume-van-gogh\\\/#primaryimage\"},\"thumbnailUrl\":\"https:\\\/\\\/biblioteca.blanes.cat\\\/salajove\\\/wp-content\\\/uploads\\\/sites\\\/3\\\/2020\\\/12\\\/boina-raco-den-jaume.jpg\",\"datePublished\":\"2022-05-30T16:43:11+00:00\",\"dateModified\":\"2022-05-30T16:44:31+00:00\",\"breadcrumb\":{\"@id\":\"https:\\\/\\\/biblioteca.blanes.cat\\\/salajove\\\/2022\\\/05\\\/30\\\/raco-den-jaume-van-gogh\\\/#breadcrumb\"},\"inLanguage\":\"ca\",\"potentialAction\":[{\"@type\":\"ReadAction\",\"target\":[\"https:\\\/\\\/biblioteca.blanes.cat\\\/salajove\\\/2022\\\/05\\\/30\\\/raco-den-jaume-van-gogh\\\/\"]}]},{\"@type\":\"ImageObject\",\"inLanguage\":\"ca\",\"@id\":\"https:\\\/\\\/biblioteca.blanes.cat\\\/salajove\\\/2022\\\/05\\\/30\\\/raco-den-jaume-van-gogh\\\/#primaryimage\",\"url\":\"https:\\\/\\\/biblioteca.blanes.cat\\\/salajove\\\/wp-content\\\/uploads\\\/sites\\\/3\\\/2020\\\/12\\\/boina-raco-den-jaume.jpg\",\"contentUrl\":\"https:\\\/\\\/biblioteca.blanes.cat\\\/salajove\\\/wp-content\\\/uploads\\\/sites\\\/3\\\/2020\\\/12\\\/boina-raco-den-jaume.jpg\",\"width\":679,\"height\":579},{\"@type\":\"BreadcrumbList\",\"@id\":\"https:\\\/\\\/biblioteca.blanes.cat\\\/salajove\\\/2022\\\/05\\\/30\\\/raco-den-jaume-van-gogh\\\/#breadcrumb\",\"itemListElement\":[{\"@type\":\"ListItem\",\"position\":1,\"name\":\"Inici\",\"item\":\"https:\\\/\\\/biblioteca.blanes.cat\\\/salajove\\\/\"},{\"@type\":\"ListItem\",\"position\":2,\"name\":\"Rac\u00f3 d&#8217;en Jaume: Van Gogh\"}]},{\"@type\":\"WebSite\",\"@id\":\"https:\\\/\\\/biblioteca.blanes.cat\\\/salajove\\\/#website\",\"url\":\"https:\\\/\\\/biblioteca.blanes.cat\\\/salajove\\\/\",\"name\":\"Sala Jove\",\"description\":\"Biblioteca Comarcal de Blanes\",\"publisher\":{\"@id\":\"https:\\\/\\\/biblioteca.blanes.cat\\\/salajove\\\/#organization\"},\"potentialAction\":[{\"@type\":\"SearchAction\",\"target\":{\"@type\":\"EntryPoint\",\"urlTemplate\":\"https:\\\/\\\/biblioteca.blanes.cat\\\/salajove\\\/?s={search_term_string}\"},\"query-input\":{\"@type\":\"PropertyValueSpecification\",\"valueRequired\":true,\"valueName\":\"search_term_string\"}}],\"inLanguage\":\"ca\"},{\"@type\":\"Organization\",\"@id\":\"https:\\\/\\\/biblioteca.blanes.cat\\\/salajove\\\/#organization\",\"name\":\"Biblioteca Comarcal de Blanes\",\"url\":\"https:\\\/\\\/biblioteca.blanes.cat\\\/salajove\\\/\",\"logo\":{\"@type\":\"ImageObject\",\"inLanguage\":\"ca\",\"@id\":\"https:\\\/\\\/biblioteca.blanes.cat\\\/salajove\\\/#\\\/schema\\\/logo\\\/image\\\/\",\"url\":\"https:\\\/\\\/biblioteca.blanes.cat\\\/salajove\\\/wp-content\\\/uploads\\\/sites\\\/3\\\/2017\\\/09\\\/cropped-Bib-blau-e1518869380535.png\",\"contentUrl\":\"https:\\\/\\\/biblioteca.blanes.cat\\\/salajove\\\/wp-content\\\/uploads\\\/sites\\\/3\\\/2017\\\/09\\\/cropped-Bib-blau-e1518869380535.png\",\"width\":166,\"height\":166,\"caption\":\"Biblioteca Comarcal de Blanes\"},\"image\":{\"@id\":\"https:\\\/\\\/biblioteca.blanes.cat\\\/salajove\\\/#\\\/schema\\\/logo\\\/image\\\/\"},\"sameAs\":[\"https:\\\/\\\/www.facebook.com\\\/BilbiotecaComarcaldeBlanes\\\/\",\"https:\\\/\\\/x.com\\\/BiblioBlanes\",\"https:\\\/\\\/www.instagram.com\\\/biblioblanes\\\/\",\"https:\\\/\\\/www.pinterest.es\\\/bblanes\\\/\",\"https:\\\/\\\/www.youtube.com\\\/c\\\/BibliotecaComarcalBlanes\"]},{\"@type\":\"Person\",\"@id\":\"https:\\\/\\\/biblioteca.blanes.cat\\\/salajove\\\/#\\\/schema\\\/person\\\/5a7b46760d9dd611d098bbf571a341dc\",\"name\":\"biblioblanes\",\"image\":{\"@type\":\"ImageObject\",\"inLanguage\":\"ca\",\"@id\":\"https:\\\/\\\/secure.gravatar.com\\\/avatar\\\/6593ca6cc90e5a70939f51c95e8315483b9c281bafba597292bee47992030f99?s=96&d=mm&r=g\",\"url\":\"https:\\\/\\\/secure.gravatar.com\\\/avatar\\\/6593ca6cc90e5a70939f51c95e8315483b9c281bafba597292bee47992030f99?s=96&d=mm&r=g\",\"contentUrl\":\"https:\\\/\\\/secure.gravatar.com\\\/avatar\\\/6593ca6cc90e5a70939f51c95e8315483b9c281bafba597292bee47992030f99?s=96&d=mm&r=g\",\"caption\":\"biblioblanes\"},\"sameAs\":[\"http:\\\/\\\/www.bibgirona.cat\\\/biblioteca\\\/blanes\",\"https:\\\/\\\/x.com\\\/biblioblanes\"],\"url\":\"https:\\\/\\\/biblioteca.blanes.cat\\\/salajove\\\/author\\\/biblioblanes\\\/\"}]}<\/script>\n<!-- \/ Yoast SEO plugin. -->","yoast_head_json":{"title":"Rac\u00f3 d'en Jaume: Van Gogh - Sala Jove","robots":{"index":"index","follow":"follow","max-snippet":"max-snippet:-1","max-image-preview":"max-image-preview:large","max-video-preview":"max-video-preview:-1"},"canonical":"https:\/\/biblioteca.blanes.cat\/salajove\/2022\/05\/30\/raco-den-jaume-van-gogh\/","og_locale":"ca_ES","og_type":"article","og_title":"Rac\u00f3 d'en Jaume: Van Gogh - Sala Jove","og_description":"Vincent Van Gogh, pintor neerland\u00e8s del postimpressionisme. Aquest ha estat el tema escollit aquest mes per en Jaume Pont. Fa uns mesos que va tenir l&#8217;oportunitat de visitar l&#8217;exposici\u00f3 que feien sobre el pintor a Barcelona i des de llavors,","og_url":"https:\/\/biblioteca.blanes.cat\/salajove\/2022\/05\/30\/raco-den-jaume-van-gogh\/","og_site_name":"Sala Jove","article_publisher":"https:\/\/www.facebook.com\/BilbiotecaComarcaldeBlanes\/","article_published_time":"2022-05-30T16:43:11+00:00","article_modified_time":"2022-05-30T16:44:31+00:00","og_image":[{"width":679,"height":579,"url":"https:\/\/biblioteca.blanes.cat\/salajove\/wp-content\/uploads\/sites\/3\/2020\/12\/boina-raco-den-jaume.jpg","type":"image\/jpeg"}],"author":"biblioblanes","twitter_card":"summary_large_image","twitter_creator":"@biblioblanes","twitter_site":"@BiblioBlanes","twitter_misc":{"Escrit per":"biblioblanes","Temps estimat de lectura":"5 minuts"},"schema":{"@context":"https:\/\/schema.org","@graph":[{"@type":"Article","@id":"https:\/\/biblioteca.blanes.cat\/salajove\/2022\/05\/30\/raco-den-jaume-van-gogh\/#article","isPartOf":{"@id":"https:\/\/biblioteca.blanes.cat\/salajove\/2022\/05\/30\/raco-den-jaume-van-gogh\/"},"author":{"name":"biblioblanes","@id":"https:\/\/biblioteca.blanes.cat\/salajove\/#\/schema\/person\/5a7b46760d9dd611d098bbf571a341dc"},"headline":"Rac\u00f3 d&#8217;en Jaume: Van Gogh","datePublished":"2022-05-30T16:43:11+00:00","dateModified":"2022-05-30T16:44:31+00:00","mainEntityOfPage":{"@id":"https:\/\/biblioteca.blanes.cat\/salajove\/2022\/05\/30\/raco-den-jaume-van-gogh\/"},"wordCount":396,"commentCount":0,"publisher":{"@id":"https:\/\/biblioteca.blanes.cat\/salajove\/#organization"},"image":{"@id":"https:\/\/biblioteca.blanes.cat\/salajove\/2022\/05\/30\/raco-den-jaume-van-gogh\/#primaryimage"},"thumbnailUrl":"https:\/\/biblioteca.blanes.cat\/salajove\/wp-content\/uploads\/sites\/3\/2020\/12\/boina-raco-den-jaume.jpg","keywords":["#Guia #Lectura #Literatura #Llibres"],"articleSection":["Rac\u00f3 d'en Jaume"],"inLanguage":"ca","potentialAction":[{"@type":"CommentAction","name":"Comment","target":["https:\/\/biblioteca.blanes.cat\/salajove\/2022\/05\/30\/raco-den-jaume-van-gogh\/#respond"]}]},{"@type":"WebPage","@id":"https:\/\/biblioteca.blanes.cat\/salajove\/2022\/05\/30\/raco-den-jaume-van-gogh\/","url":"https:\/\/biblioteca.blanes.cat\/salajove\/2022\/05\/30\/raco-den-jaume-van-gogh\/","name":"Rac\u00f3 d'en Jaume: Van Gogh - Sala Jove","isPartOf":{"@id":"https:\/\/biblioteca.blanes.cat\/salajove\/#website"},"primaryImageOfPage":{"@id":"https:\/\/biblioteca.blanes.cat\/salajove\/2022\/05\/30\/raco-den-jaume-van-gogh\/#primaryimage"},"image":{"@id":"https:\/\/biblioteca.blanes.cat\/salajove\/2022\/05\/30\/raco-den-jaume-van-gogh\/#primaryimage"},"thumbnailUrl":"https:\/\/biblioteca.blanes.cat\/salajove\/wp-content\/uploads\/sites\/3\/2020\/12\/boina-raco-den-jaume.jpg","datePublished":"2022-05-30T16:43:11+00:00","dateModified":"2022-05-30T16:44:31+00:00","breadcrumb":{"@id":"https:\/\/biblioteca.blanes.cat\/salajove\/2022\/05\/30\/raco-den-jaume-van-gogh\/#breadcrumb"},"inLanguage":"ca","potentialAction":[{"@type":"ReadAction","target":["https:\/\/biblioteca.blanes.cat\/salajove\/2022\/05\/30\/raco-den-jaume-van-gogh\/"]}]},{"@type":"ImageObject","inLanguage":"ca","@id":"https:\/\/biblioteca.blanes.cat\/salajove\/2022\/05\/30\/raco-den-jaume-van-gogh\/#primaryimage","url":"https:\/\/biblioteca.blanes.cat\/salajove\/wp-content\/uploads\/sites\/3\/2020\/12\/boina-raco-den-jaume.jpg","contentUrl":"https:\/\/biblioteca.blanes.cat\/salajove\/wp-content\/uploads\/sites\/3\/2020\/12\/boina-raco-den-jaume.jpg","width":679,"height":579},{"@type":"BreadcrumbList","@id":"https:\/\/biblioteca.blanes.cat\/salajove\/2022\/05\/30\/raco-den-jaume-van-gogh\/#breadcrumb","itemListElement":[{"@type":"ListItem","position":1,"name":"Inici","item":"https:\/\/biblioteca.blanes.cat\/salajove\/"},{"@type":"ListItem","position":2,"name":"Rac\u00f3 d&#8217;en Jaume: Van Gogh"}]},{"@type":"WebSite","@id":"https:\/\/biblioteca.blanes.cat\/salajove\/#website","url":"https:\/\/biblioteca.blanes.cat\/salajove\/","name":"Sala Jove","description":"Biblioteca Comarcal de Blanes","publisher":{"@id":"https:\/\/biblioteca.blanes.cat\/salajove\/#organization"},"potentialAction":[{"@type":"SearchAction","target":{"@type":"EntryPoint","urlTemplate":"https:\/\/biblioteca.blanes.cat\/salajove\/?s={search_term_string}"},"query-input":{"@type":"PropertyValueSpecification","valueRequired":true,"valueName":"search_term_string"}}],"inLanguage":"ca"},{"@type":"Organization","@id":"https:\/\/biblioteca.blanes.cat\/salajove\/#organization","name":"Biblioteca Comarcal de Blanes","url":"https:\/\/biblioteca.blanes.cat\/salajove\/","logo":{"@type":"ImageObject","inLanguage":"ca","@id":"https:\/\/biblioteca.blanes.cat\/salajove\/#\/schema\/logo\/image\/","url":"https:\/\/biblioteca.blanes.cat\/salajove\/wp-content\/uploads\/sites\/3\/2017\/09\/cropped-Bib-blau-e1518869380535.png","contentUrl":"https:\/\/biblioteca.blanes.cat\/salajove\/wp-content\/uploads\/sites\/3\/2017\/09\/cropped-Bib-blau-e1518869380535.png","width":166,"height":166,"caption":"Biblioteca Comarcal de Blanes"},"image":{"@id":"https:\/\/biblioteca.blanes.cat\/salajove\/#\/schema\/logo\/image\/"},"sameAs":["https:\/\/www.facebook.com\/BilbiotecaComarcaldeBlanes\/","https:\/\/x.com\/BiblioBlanes","https:\/\/www.instagram.com\/biblioblanes\/","https:\/\/www.pinterest.es\/bblanes\/","https:\/\/www.youtube.com\/c\/BibliotecaComarcalBlanes"]},{"@type":"Person","@id":"https:\/\/biblioteca.blanes.cat\/salajove\/#\/schema\/person\/5a7b46760d9dd611d098bbf571a341dc","name":"biblioblanes","image":{"@type":"ImageObject","inLanguage":"ca","@id":"https:\/\/secure.gravatar.com\/avatar\/6593ca6cc90e5a70939f51c95e8315483b9c281bafba597292bee47992030f99?s=96&d=mm&r=g","url":"https:\/\/secure.gravatar.com\/avatar\/6593ca6cc90e5a70939f51c95e8315483b9c281bafba597292bee47992030f99?s=96&d=mm&r=g","contentUrl":"https:\/\/secure.gravatar.com\/avatar\/6593ca6cc90e5a70939f51c95e8315483b9c281bafba597292bee47992030f99?s=96&d=mm&r=g","caption":"biblioblanes"},"sameAs":["http:\/\/www.bibgirona.cat\/biblioteca\/blanes","https:\/\/x.com\/biblioblanes"],"url":"https:\/\/biblioteca.blanes.cat\/salajove\/author\/biblioblanes\/"}]}},"_links":{"self":[{"href":"https:\/\/biblioteca.blanes.cat\/salajove\/wp-json\/wp\/v2\/posts\/7121","targetHints":{"allow":["GET"]}}],"collection":[{"href":"https:\/\/biblioteca.blanes.cat\/salajove\/wp-json\/wp\/v2\/posts"}],"about":[{"href":"https:\/\/biblioteca.blanes.cat\/salajove\/wp-json\/wp\/v2\/types\/post"}],"author":[{"embeddable":true,"href":"https:\/\/biblioteca.blanes.cat\/salajove\/wp-json\/wp\/v2\/users\/4"}],"replies":[{"embeddable":true,"href":"https:\/\/biblioteca.blanes.cat\/salajove\/wp-json\/wp\/v2\/comments?post=7121"}],"version-history":[{"count":10,"href":"https:\/\/biblioteca.blanes.cat\/salajove\/wp-json\/wp\/v2\/posts\/7121\/revisions"}],"predecessor-version":[{"id":7183,"href":"https:\/\/biblioteca.blanes.cat\/salajove\/wp-json\/wp\/v2\/posts\/7121\/revisions\/7183"}],"wp:featuredmedia":[{"embeddable":true,"href":"https:\/\/biblioteca.blanes.cat\/salajove\/wp-json\/wp\/v2\/media\/4675"}],"wp:attachment":[{"href":"https:\/\/biblioteca.blanes.cat\/salajove\/wp-json\/wp\/v2\/media?parent=7121"}],"wp:term":[{"taxonomy":"category","embeddable":true,"href":"https:\/\/biblioteca.blanes.cat\/salajove\/wp-json\/wp\/v2\/categories?post=7121"},{"taxonomy":"post_tag","embeddable":true,"href":"https:\/\/biblioteca.blanes.cat\/salajove\/wp-json\/wp\/v2\/tags?post=7121"}],"curies":[{"name":"wp","href":"https:\/\/api.w.org\/{rel}","templated":true}]}}