{"id":7063,"date":"2022-05-24T11:28:37","date_gmt":"2022-05-24T10:28:37","guid":{"rendered":"https:\/\/biblioteca.blanes.cat\/salajove\/?p=7063"},"modified":"2022-05-24T11:28:39","modified_gmt":"2022-05-24T10:28:39","slug":"nau4-noves-sessions-dinscripcio-al-servei-local-docupacio-jove","status":"publish","type":"post","link":"https:\/\/biblioteca.blanes.cat\/salajove\/2022\/05\/24\/nau4-noves-sessions-dinscripcio-al-servei-local-docupacio-jove\/","title":{"rendered":"Nau4: Noves sessions d&#8217;inscripci\u00f3 al Servei Local d&#8217;Ocupaci\u00f3 Jove"},"content":{"rendered":"\n<p style=\"text-align: center;\">Joves de Blanes, si esteu cercant feina, aix\u00f2 us interessa i molt!<\/p>\n<p style=\"text-align: center;\">Des de Nau 4 s&#8217;oferiran <strong>dues noves sessions per inscriure&#8217;s al SLO Jove.<\/strong><\/p>\n<p style=\"text-align: center;\">Es tracta d&#8217;una col.laboraci\u00f3 amb el conegut Club de la feina. L&#8217;objectiu \u00e9s assessorar i ajudar els joves en aquest proc\u00e9s per accedir al m\u00f3n laboral.<\/p>\n<p style=\"text-align: center;\">Avui dia 24 de maig i dem\u00e0 25 de 2\/4 de 6h a 7h del vespre. Podeu participar-hi clicant el seg\u00fcent enlla\u00e7 <a href=\"https:\/\/enquestes.blanes.cat\/index.php\/853245?newtest=Y&amp;lang=ca\" target=\"_blank\" rel=\"noopener\">Enquesta<\/a><\/p>\n<p>\u00a0<\/p>\n<p><img fetchpriority=\"high\" decoding=\"async\" class=\"aligncenter\" src=\"https:\/\/www.blanes.cat\/oiapdocs.nsf\/14fbe7c612d4ef45c12579b1003dd6db\/43c1f4f812017d70c125884c0027f372\/EventoDescripcion\/29.2B1C!OpenElement&amp;FieldElemFormat=jpg\" width=\"447\" height=\"252\" \/><\/p>\n<p>\u00a0<\/p>\n<p style=\"text-align: center;\">Podeu veure la not\u00edcia completa a la <a href=\"https:\/\/www.blanes.cat\/docweb\/2022-05-24-SLO\">Web de l&#8217;Ajuntament de Blanes<\/a>\u00a0<\/p>\n\n\n\n\n","protected":false},"excerpt":{"rendered":"<p>Joves de Blanes, si esteu cercant feina, aix\u00f2 us interessa i molt! Des de Nau 4 s&#8217;oferiran dues noves sessions per inscriure&#8217;s al SLO Jove. Es tracta d&#8217;una col.laboraci\u00f3 amb el conegut Club de la feina. L&#8217;objectiu \u00e9s assessorar i<\/p>\n","protected":false},"author":4,"featured_media":5238,"comment_status":"open","ping_status":"open","sticky":false,"template":"","format":"standard","meta":{"sfsi_plus_gutenberg_text_before_share":"","sfsi_plus_gutenberg_show_text_before_share":"","sfsi_plus_gutenberg_icon_type":"","sfsi_plus_gutenberg_icon_alignemt":"","sfsi_plus_gutenburg_max_per_row":"","footnotes":""},"categories":[115],"tags":[97],"class_list":["post-7063","post","type-post","status-publish","format-standard","has-post-thumbnail","hentry","category-nau4","tag-activitats-actualitat-joves"],"yoast_head":"<!-- This site is optimized with the Yoast SEO plugin v27.5 - https:\/\/yoast.com\/product\/yoast-seo-wordpress\/ -->\n<title>Nau4: Noves sessions d&#039;inscripci\u00f3 al Servei Local d&#039;Ocupaci\u00f3 Jove - Sala Jove<\/title>\n<meta name=\"robots\" content=\"index, follow, max-snippet:-1, max-image-preview:large, max-video-preview:-1\" \/>\n<link rel=\"canonical\" href=\"https:\/\/biblioteca.blanes.cat\/salajove\/2022\/05\/24\/nau4-noves-sessions-dinscripcio-al-servei-local-docupacio-jove\/\" \/>\n<meta property=\"og:locale\" content=\"ca_ES\" \/>\n<meta property=\"og:type\" content=\"article\" \/>\n<meta property=\"og:title\" content=\"Nau4: Noves sessions d&#039;inscripci\u00f3 al Servei Local d&#039;Ocupaci\u00f3 Jove - Sala Jove\" \/>\n<meta property=\"og:description\" content=\"Joves de Blanes, si esteu cercant feina, aix\u00f2 us interessa i molt! Des de Nau 4 s&#8217;oferiran dues noves sessions per inscriure&#8217;s al SLO Jove. Es tracta d&#8217;una col.laboraci\u00f3 amb el conegut Club de la feina. L&#8217;objectiu \u00e9s assessorar i\" \/>\n<meta property=\"og:url\" content=\"https:\/\/biblioteca.blanes.cat\/salajove\/2022\/05\/24\/nau4-noves-sessions-dinscripcio-al-servei-local-docupacio-jove\/\" \/>\n<meta property=\"og:site_name\" content=\"Sala Jove\" \/>\n<meta property=\"article:publisher\" content=\"https:\/\/www.facebook.com\/BilbiotecaComarcaldeBlanes\/\" \/>\n<meta property=\"article:published_time\" content=\"2022-05-24T10:28:37+00:00\" \/>\n<meta property=\"article:modified_time\" content=\"2022-05-24T10:28:39+00:00\" \/>\n<meta property=\"og:image\" content=\"https:\/\/biblioteca.blanes.cat\/salajove\/wp-content\/uploads\/sites\/3\/2021\/02\/143192465_3042223396004972_8866439181331173833_o-1.png\" \/>\n\t<meta property=\"og:image:width\" content=\"1080\" \/>\n\t<meta property=\"og:image:height\" content=\"1079\" \/>\n\t<meta property=\"og:image:type\" content=\"image\/png\" \/>\n<meta name=\"author\" content=\"biblioblanes\" \/>\n<meta name=\"twitter:card\" content=\"summary_large_image\" \/>\n<meta name=\"twitter:creator\" content=\"@biblioblanes\" \/>\n<meta name=\"twitter:site\" content=\"@BiblioBlanes\" \/>\n<meta name=\"twitter:label1\" content=\"Escrit per\" \/>\n\t<meta name=\"twitter:data1\" content=\"biblioblanes\" \/>\n\t<meta name=\"twitter:label2\" content=\"Temps estimat de lectura\" \/>\n\t<meta name=\"twitter:data2\" content=\"1 minut\" \/>\n<script type=\"application\/ld+json\" class=\"yoast-schema-graph\">{\"@context\":\"https:\\\/\\\/schema.org\",\"@graph\":[{\"@type\":\"Article\",\"@id\":\"https:\\\/\\\/biblioteca.blanes.cat\\\/salajove\\\/2022\\\/05\\\/24\\\/nau4-noves-sessions-dinscripcio-al-servei-local-docupacio-jove\\\/#article\",\"isPartOf\":{\"@id\":\"https:\\\/\\\/biblioteca.blanes.cat\\\/salajove\\\/2022\\\/05\\\/24\\\/nau4-noves-sessions-dinscripcio-al-servei-local-docupacio-jove\\\/\"},\"author\":{\"name\":\"biblioblanes\",\"@id\":\"https:\\\/\\\/biblioteca.blanes.cat\\\/salajove\\\/#\\\/schema\\\/person\\\/5a7b46760d9dd611d098bbf571a341dc\"},\"headline\":\"Nau4: Noves sessions d&#8217;inscripci\u00f3 al Servei Local d&#8217;Ocupaci\u00f3 Jove\",\"datePublished\":\"2022-05-24T10:28:37+00:00\",\"dateModified\":\"2022-05-24T10:28:39+00:00\",\"mainEntityOfPage\":{\"@id\":\"https:\\\/\\\/biblioteca.blanes.cat\\\/salajove\\\/2022\\\/05\\\/24\\\/nau4-noves-sessions-dinscripcio-al-servei-local-docupacio-jove\\\/\"},\"wordCount\":103,\"commentCount\":0,\"publisher\":{\"@id\":\"https:\\\/\\\/biblioteca.blanes.cat\\\/salajove\\\/#organization\"},\"image\":{\"@id\":\"https:\\\/\\\/biblioteca.blanes.cat\\\/salajove\\\/2022\\\/05\\\/24\\\/nau4-noves-sessions-dinscripcio-al-servei-local-docupacio-jove\\\/#primaryimage\"},\"thumbnailUrl\":\"https:\\\/\\\/biblioteca.blanes.cat\\\/salajove\\\/wp-content\\\/uploads\\\/sites\\\/3\\\/2021\\\/02\\\/143192465_3042223396004972_8866439181331173833_o-1.png\",\"keywords\":[\"#Activitats #Actualitat #Joves\"],\"articleSection\":[\"Nau4\"],\"inLanguage\":\"ca\",\"potentialAction\":[{\"@type\":\"CommentAction\",\"name\":\"Comment\",\"target\":[\"https:\\\/\\\/biblioteca.blanes.cat\\\/salajove\\\/2022\\\/05\\\/24\\\/nau4-noves-sessions-dinscripcio-al-servei-local-docupacio-jove\\\/#respond\"]}]},{\"@type\":\"WebPage\",\"@id\":\"https:\\\/\\\/biblioteca.blanes.cat\\\/salajove\\\/2022\\\/05\\\/24\\\/nau4-noves-sessions-dinscripcio-al-servei-local-docupacio-jove\\\/\",\"url\":\"https:\\\/\\\/biblioteca.blanes.cat\\\/salajove\\\/2022\\\/05\\\/24\\\/nau4-noves-sessions-dinscripcio-al-servei-local-docupacio-jove\\\/\",\"name\":\"Nau4: Noves sessions d'inscripci\u00f3 al Servei Local d'Ocupaci\u00f3 Jove - Sala Jove\",\"isPartOf\":{\"@id\":\"https:\\\/\\\/biblioteca.blanes.cat\\\/salajove\\\/#website\"},\"primaryImageOfPage\":{\"@id\":\"https:\\\/\\\/biblioteca.blanes.cat\\\/salajove\\\/2022\\\/05\\\/24\\\/nau4-noves-sessions-dinscripcio-al-servei-local-docupacio-jove\\\/#primaryimage\"},\"image\":{\"@id\":\"https:\\\/\\\/biblioteca.blanes.cat\\\/salajove\\\/2022\\\/05\\\/24\\\/nau4-noves-sessions-dinscripcio-al-servei-local-docupacio-jove\\\/#primaryimage\"},\"thumbnailUrl\":\"https:\\\/\\\/biblioteca.blanes.cat\\\/salajove\\\/wp-content\\\/uploads\\\/sites\\\/3\\\/2021\\\/02\\\/143192465_3042223396004972_8866439181331173833_o-1.png\",\"datePublished\":\"2022-05-24T10:28:37+00:00\",\"dateModified\":\"2022-05-24T10:28:39+00:00\",\"breadcrumb\":{\"@id\":\"https:\\\/\\\/biblioteca.blanes.cat\\\/salajove\\\/2022\\\/05\\\/24\\\/nau4-noves-sessions-dinscripcio-al-servei-local-docupacio-jove\\\/#breadcrumb\"},\"inLanguage\":\"ca\",\"potentialAction\":[{\"@type\":\"ReadAction\",\"target\":[\"https:\\\/\\\/biblioteca.blanes.cat\\\/salajove\\\/2022\\\/05\\\/24\\\/nau4-noves-sessions-dinscripcio-al-servei-local-docupacio-jove\\\/\"]}]},{\"@type\":\"ImageObject\",\"inLanguage\":\"ca\",\"@id\":\"https:\\\/\\\/biblioteca.blanes.cat\\\/salajove\\\/2022\\\/05\\\/24\\\/nau4-noves-sessions-dinscripcio-al-servei-local-docupacio-jove\\\/#primaryimage\",\"url\":\"https:\\\/\\\/biblioteca.blanes.cat\\\/salajove\\\/wp-content\\\/uploads\\\/sites\\\/3\\\/2021\\\/02\\\/143192465_3042223396004972_8866439181331173833_o-1.png\",\"contentUrl\":\"https:\\\/\\\/biblioteca.blanes.cat\\\/salajove\\\/wp-content\\\/uploads\\\/sites\\\/3\\\/2021\\\/02\\\/143192465_3042223396004972_8866439181331173833_o-1.png\",\"width\":1080,\"height\":1079},{\"@type\":\"BreadcrumbList\",\"@id\":\"https:\\\/\\\/biblioteca.blanes.cat\\\/salajove\\\/2022\\\/05\\\/24\\\/nau4-noves-sessions-dinscripcio-al-servei-local-docupacio-jove\\\/#breadcrumb\",\"itemListElement\":[{\"@type\":\"ListItem\",\"position\":1,\"name\":\"Inici\",\"item\":\"https:\\\/\\\/biblioteca.blanes.cat\\\/salajove\\\/\"},{\"@type\":\"ListItem\",\"position\":2,\"name\":\"Nau4: Noves sessions d&#8217;inscripci\u00f3 al Servei Local d&#8217;Ocupaci\u00f3 Jove\"}]},{\"@type\":\"WebSite\",\"@id\":\"https:\\\/\\\/biblioteca.blanes.cat\\\/salajove\\\/#website\",\"url\":\"https:\\\/\\\/biblioteca.blanes.cat\\\/salajove\\\/\",\"name\":\"Sala Jove\",\"description\":\"Biblioteca Comarcal de Blanes\",\"publisher\":{\"@id\":\"https:\\\/\\\/biblioteca.blanes.cat\\\/salajove\\\/#organization\"},\"potentialAction\":[{\"@type\":\"SearchAction\",\"target\":{\"@type\":\"EntryPoint\",\"urlTemplate\":\"https:\\\/\\\/biblioteca.blanes.cat\\\/salajove\\\/?s={search_term_string}\"},\"query-input\":{\"@type\":\"PropertyValueSpecification\",\"valueRequired\":true,\"valueName\":\"search_term_string\"}}],\"inLanguage\":\"ca\"},{\"@type\":\"Organization\",\"@id\":\"https:\\\/\\\/biblioteca.blanes.cat\\\/salajove\\\/#organization\",\"name\":\"Biblioteca Comarcal de Blanes\",\"url\":\"https:\\\/\\\/biblioteca.blanes.cat\\\/salajove\\\/\",\"logo\":{\"@type\":\"ImageObject\",\"inLanguage\":\"ca\",\"@id\":\"https:\\\/\\\/biblioteca.blanes.cat\\\/salajove\\\/#\\\/schema\\\/logo\\\/image\\\/\",\"url\":\"https:\\\/\\\/biblioteca.blanes.cat\\\/salajove\\\/wp-content\\\/uploads\\\/sites\\\/3\\\/2017\\\/09\\\/cropped-Bib-blau-e1518869380535.png\",\"contentUrl\":\"https:\\\/\\\/biblioteca.blanes.cat\\\/salajove\\\/wp-content\\\/uploads\\\/sites\\\/3\\\/2017\\\/09\\\/cropped-Bib-blau-e1518869380535.png\",\"width\":166,\"height\":166,\"caption\":\"Biblioteca Comarcal de Blanes\"},\"image\":{\"@id\":\"https:\\\/\\\/biblioteca.blanes.cat\\\/salajove\\\/#\\\/schema\\\/logo\\\/image\\\/\"},\"sameAs\":[\"https:\\\/\\\/www.facebook.com\\\/BilbiotecaComarcaldeBlanes\\\/\",\"https:\\\/\\\/x.com\\\/BiblioBlanes\",\"https:\\\/\\\/www.instagram.com\\\/biblioblanes\\\/\",\"https:\\\/\\\/www.pinterest.es\\\/bblanes\\\/\",\"https:\\\/\\\/www.youtube.com\\\/c\\\/BibliotecaComarcalBlanes\"]},{\"@type\":\"Person\",\"@id\":\"https:\\\/\\\/biblioteca.blanes.cat\\\/salajove\\\/#\\\/schema\\\/person\\\/5a7b46760d9dd611d098bbf571a341dc\",\"name\":\"biblioblanes\",\"image\":{\"@type\":\"ImageObject\",\"inLanguage\":\"ca\",\"@id\":\"https:\\\/\\\/secure.gravatar.com\\\/avatar\\\/6593ca6cc90e5a70939f51c95e8315483b9c281bafba597292bee47992030f99?s=96&d=mm&r=g\",\"url\":\"https:\\\/\\\/secure.gravatar.com\\\/avatar\\\/6593ca6cc90e5a70939f51c95e8315483b9c281bafba597292bee47992030f99?s=96&d=mm&r=g\",\"contentUrl\":\"https:\\\/\\\/secure.gravatar.com\\\/avatar\\\/6593ca6cc90e5a70939f51c95e8315483b9c281bafba597292bee47992030f99?s=96&d=mm&r=g\",\"caption\":\"biblioblanes\"},\"sameAs\":[\"http:\\\/\\\/www.bibgirona.cat\\\/biblioteca\\\/blanes\",\"https:\\\/\\\/x.com\\\/biblioblanes\"],\"url\":\"https:\\\/\\\/biblioteca.blanes.cat\\\/salajove\\\/author\\\/biblioblanes\\\/\"}]}<\/script>\n<!-- \/ Yoast SEO plugin. -->","yoast_head_json":{"title":"Nau4: Noves sessions d'inscripci\u00f3 al Servei Local d'Ocupaci\u00f3 Jove - Sala Jove","robots":{"index":"index","follow":"follow","max-snippet":"max-snippet:-1","max-image-preview":"max-image-preview:large","max-video-preview":"max-video-preview:-1"},"canonical":"https:\/\/biblioteca.blanes.cat\/salajove\/2022\/05\/24\/nau4-noves-sessions-dinscripcio-al-servei-local-docupacio-jove\/","og_locale":"ca_ES","og_type":"article","og_title":"Nau4: Noves sessions d'inscripci\u00f3 al Servei Local d'Ocupaci\u00f3 Jove - Sala Jove","og_description":"Joves de Blanes, si esteu cercant feina, aix\u00f2 us interessa i molt! Des de Nau 4 s&#8217;oferiran dues noves sessions per inscriure&#8217;s al SLO Jove. Es tracta d&#8217;una col.laboraci\u00f3 amb el conegut Club de la feina. L&#8217;objectiu \u00e9s assessorar i","og_url":"https:\/\/biblioteca.blanes.cat\/salajove\/2022\/05\/24\/nau4-noves-sessions-dinscripcio-al-servei-local-docupacio-jove\/","og_site_name":"Sala Jove","article_publisher":"https:\/\/www.facebook.com\/BilbiotecaComarcaldeBlanes\/","article_published_time":"2022-05-24T10:28:37+00:00","article_modified_time":"2022-05-24T10:28:39+00:00","og_image":[{"width":1080,"height":1079,"url":"https:\/\/biblioteca.blanes.cat\/salajove\/wp-content\/uploads\/sites\/3\/2021\/02\/143192465_3042223396004972_8866439181331173833_o-1.png","type":"image\/png"}],"author":"biblioblanes","twitter_card":"summary_large_image","twitter_creator":"@biblioblanes","twitter_site":"@BiblioBlanes","twitter_misc":{"Escrit per":"biblioblanes","Temps estimat de lectura":"1 minut"},"schema":{"@context":"https:\/\/schema.org","@graph":[{"@type":"Article","@id":"https:\/\/biblioteca.blanes.cat\/salajove\/2022\/05\/24\/nau4-noves-sessions-dinscripcio-al-servei-local-docupacio-jove\/#article","isPartOf":{"@id":"https:\/\/biblioteca.blanes.cat\/salajove\/2022\/05\/24\/nau4-noves-sessions-dinscripcio-al-servei-local-docupacio-jove\/"},"author":{"name":"biblioblanes","@id":"https:\/\/biblioteca.blanes.cat\/salajove\/#\/schema\/person\/5a7b46760d9dd611d098bbf571a341dc"},"headline":"Nau4: Noves sessions d&#8217;inscripci\u00f3 al Servei Local d&#8217;Ocupaci\u00f3 Jove","datePublished":"2022-05-24T10:28:37+00:00","dateModified":"2022-05-24T10:28:39+00:00","mainEntityOfPage":{"@id":"https:\/\/biblioteca.blanes.cat\/salajove\/2022\/05\/24\/nau4-noves-sessions-dinscripcio-al-servei-local-docupacio-jove\/"},"wordCount":103,"commentCount":0,"publisher":{"@id":"https:\/\/biblioteca.blanes.cat\/salajove\/#organization"},"image":{"@id":"https:\/\/biblioteca.blanes.cat\/salajove\/2022\/05\/24\/nau4-noves-sessions-dinscripcio-al-servei-local-docupacio-jove\/#primaryimage"},"thumbnailUrl":"https:\/\/biblioteca.blanes.cat\/salajove\/wp-content\/uploads\/sites\/3\/2021\/02\/143192465_3042223396004972_8866439181331173833_o-1.png","keywords":["#Activitats #Actualitat #Joves"],"articleSection":["Nau4"],"inLanguage":"ca","potentialAction":[{"@type":"CommentAction","name":"Comment","target":["https:\/\/biblioteca.blanes.cat\/salajove\/2022\/05\/24\/nau4-noves-sessions-dinscripcio-al-servei-local-docupacio-jove\/#respond"]}]},{"@type":"WebPage","@id":"https:\/\/biblioteca.blanes.cat\/salajove\/2022\/05\/24\/nau4-noves-sessions-dinscripcio-al-servei-local-docupacio-jove\/","url":"https:\/\/biblioteca.blanes.cat\/salajove\/2022\/05\/24\/nau4-noves-sessions-dinscripcio-al-servei-local-docupacio-jove\/","name":"Nau4: Noves sessions d'inscripci\u00f3 al Servei Local d'Ocupaci\u00f3 Jove - Sala Jove","isPartOf":{"@id":"https:\/\/biblioteca.blanes.cat\/salajove\/#website"},"primaryImageOfPage":{"@id":"https:\/\/biblioteca.blanes.cat\/salajove\/2022\/05\/24\/nau4-noves-sessions-dinscripcio-al-servei-local-docupacio-jove\/#primaryimage"},"image":{"@id":"https:\/\/biblioteca.blanes.cat\/salajove\/2022\/05\/24\/nau4-noves-sessions-dinscripcio-al-servei-local-docupacio-jove\/#primaryimage"},"thumbnailUrl":"https:\/\/biblioteca.blanes.cat\/salajove\/wp-content\/uploads\/sites\/3\/2021\/02\/143192465_3042223396004972_8866439181331173833_o-1.png","datePublished":"2022-05-24T10:28:37+00:00","dateModified":"2022-05-24T10:28:39+00:00","breadcrumb":{"@id":"https:\/\/biblioteca.blanes.cat\/salajove\/2022\/05\/24\/nau4-noves-sessions-dinscripcio-al-servei-local-docupacio-jove\/#breadcrumb"},"inLanguage":"ca","potentialAction":[{"@type":"ReadAction","target":["https:\/\/biblioteca.blanes.cat\/salajove\/2022\/05\/24\/nau4-noves-sessions-dinscripcio-al-servei-local-docupacio-jove\/"]}]},{"@type":"ImageObject","inLanguage":"ca","@id":"https:\/\/biblioteca.blanes.cat\/salajove\/2022\/05\/24\/nau4-noves-sessions-dinscripcio-al-servei-local-docupacio-jove\/#primaryimage","url":"https:\/\/biblioteca.blanes.cat\/salajove\/wp-content\/uploads\/sites\/3\/2021\/02\/143192465_3042223396004972_8866439181331173833_o-1.png","contentUrl":"https:\/\/biblioteca.blanes.cat\/salajove\/wp-content\/uploads\/sites\/3\/2021\/02\/143192465_3042223396004972_8866439181331173833_o-1.png","width":1080,"height":1079},{"@type":"BreadcrumbList","@id":"https:\/\/biblioteca.blanes.cat\/salajove\/2022\/05\/24\/nau4-noves-sessions-dinscripcio-al-servei-local-docupacio-jove\/#breadcrumb","itemListElement":[{"@type":"ListItem","position":1,"name":"Inici","item":"https:\/\/biblioteca.blanes.cat\/salajove\/"},{"@type":"ListItem","position":2,"name":"Nau4: Noves sessions d&#8217;inscripci\u00f3 al Servei Local d&#8217;Ocupaci\u00f3 Jove"}]},{"@type":"WebSite","@id":"https:\/\/biblioteca.blanes.cat\/salajove\/#website","url":"https:\/\/biblioteca.blanes.cat\/salajove\/","name":"Sala Jove","description":"Biblioteca Comarcal de Blanes","publisher":{"@id":"https:\/\/biblioteca.blanes.cat\/salajove\/#organization"},"potentialAction":[{"@type":"SearchAction","target":{"@type":"EntryPoint","urlTemplate":"https:\/\/biblioteca.blanes.cat\/salajove\/?s={search_term_string}"},"query-input":{"@type":"PropertyValueSpecification","valueRequired":true,"valueName":"search_term_string"}}],"inLanguage":"ca"},{"@type":"Organization","@id":"https:\/\/biblioteca.blanes.cat\/salajove\/#organization","name":"Biblioteca Comarcal de Blanes","url":"https:\/\/biblioteca.blanes.cat\/salajove\/","logo":{"@type":"ImageObject","inLanguage":"ca","@id":"https:\/\/biblioteca.blanes.cat\/salajove\/#\/schema\/logo\/image\/","url":"https:\/\/biblioteca.blanes.cat\/salajove\/wp-content\/uploads\/sites\/3\/2017\/09\/cropped-Bib-blau-e1518869380535.png","contentUrl":"https:\/\/biblioteca.blanes.cat\/salajove\/wp-content\/uploads\/sites\/3\/2017\/09\/cropped-Bib-blau-e1518869380535.png","width":166,"height":166,"caption":"Biblioteca Comarcal de Blanes"},"image":{"@id":"https:\/\/biblioteca.blanes.cat\/salajove\/#\/schema\/logo\/image\/"},"sameAs":["https:\/\/www.facebook.com\/BilbiotecaComarcaldeBlanes\/","https:\/\/x.com\/BiblioBlanes","https:\/\/www.instagram.com\/biblioblanes\/","https:\/\/www.pinterest.es\/bblanes\/","https:\/\/www.youtube.com\/c\/BibliotecaComarcalBlanes"]},{"@type":"Person","@id":"https:\/\/biblioteca.blanes.cat\/salajove\/#\/schema\/person\/5a7b46760d9dd611d098bbf571a341dc","name":"biblioblanes","image":{"@type":"ImageObject","inLanguage":"ca","@id":"https:\/\/secure.gravatar.com\/avatar\/6593ca6cc90e5a70939f51c95e8315483b9c281bafba597292bee47992030f99?s=96&d=mm&r=g","url":"https:\/\/secure.gravatar.com\/avatar\/6593ca6cc90e5a70939f51c95e8315483b9c281bafba597292bee47992030f99?s=96&d=mm&r=g","contentUrl":"https:\/\/secure.gravatar.com\/avatar\/6593ca6cc90e5a70939f51c95e8315483b9c281bafba597292bee47992030f99?s=96&d=mm&r=g","caption":"biblioblanes"},"sameAs":["http:\/\/www.bibgirona.cat\/biblioteca\/blanes","https:\/\/x.com\/biblioblanes"],"url":"https:\/\/biblioteca.blanes.cat\/salajove\/author\/biblioblanes\/"}]}},"_links":{"self":[{"href":"https:\/\/biblioteca.blanes.cat\/salajove\/wp-json\/wp\/v2\/posts\/7063","targetHints":{"allow":["GET"]}}],"collection":[{"href":"https:\/\/biblioteca.blanes.cat\/salajove\/wp-json\/wp\/v2\/posts"}],"about":[{"href":"https:\/\/biblioteca.blanes.cat\/salajove\/wp-json\/wp\/v2\/types\/post"}],"author":[{"embeddable":true,"href":"https:\/\/biblioteca.blanes.cat\/salajove\/wp-json\/wp\/v2\/users\/4"}],"replies":[{"embeddable":true,"href":"https:\/\/biblioteca.blanes.cat\/salajove\/wp-json\/wp\/v2\/comments?post=7063"}],"version-history":[{"count":1,"href":"https:\/\/biblioteca.blanes.cat\/salajove\/wp-json\/wp\/v2\/posts\/7063\/revisions"}],"predecessor-version":[{"id":7064,"href":"https:\/\/biblioteca.blanes.cat\/salajove\/wp-json\/wp\/v2\/posts\/7063\/revisions\/7064"}],"wp:featuredmedia":[{"embeddable":true,"href":"https:\/\/biblioteca.blanes.cat\/salajove\/wp-json\/wp\/v2\/media\/5238"}],"wp:attachment":[{"href":"https:\/\/biblioteca.blanes.cat\/salajove\/wp-json\/wp\/v2\/media?parent=7063"}],"wp:term":[{"taxonomy":"category","embeddable":true,"href":"https:\/\/biblioteca.blanes.cat\/salajove\/wp-json\/wp\/v2\/categories?post=7063"},{"taxonomy":"post_tag","embeddable":true,"href":"https:\/\/biblioteca.blanes.cat\/salajove\/wp-json\/wp\/v2\/tags?post=7063"}],"curies":[{"name":"wp","href":"https:\/\/api.w.org\/{rel}","templated":true}]}}